{"id":12402,"date":"2022-03-06T11:56:45","date_gmt":"2022-03-06T10:56:45","guid":{"rendered":"https:\/\/www.freidenker.org\/?p=12402"},"modified":"2022-04-11T00:01:17","modified_gmt":"2022-04-10T22:01:17","slug":"der-harvard-influencer-lauterbach-karriere-aktivitaeten-folgen-2-2","status":"publish","type":"post","link":"https:\/\/www.freidenker.org\/?p=12402","title":{"rendered":"Der Harvard-Influencer. Lauterbach: Karriere, Aktivit\u00e4ten, Folgen (2\/2)"},"content":{"rendered":"<p><a href=\"https:\/\/www.freidenker.org\/?p=12399\"><strong>Im ersten Teil<\/strong><\/a><strong> wurde Lauterbachs an der US-Elite-Universit\u00e4t Harvard gelernte \u201eGesundheits\u201c-\u00d6konomie geschildert, als Element der Agenda 2010: Die gewinnbringende wirtschaftliche Gesundheit der privaten Eigent\u00fcmer, auch bei der privaten Riester-Rente, steht an erster Stelle. Als Mitglied im Aufsichtsrat der Rh\u00f6n-Klinikum AG zog er das Programm auch konkret vor Ort durch, eine Folge war die f\u00fcr den Staat bis heute endlos teure Privatisierung des Universit\u00e4ts-Klinikums Marburg\/Gie\u00dfen (UKGM).<\/strong><\/p>\n<p><em>von<strong> Werner R\u00fcgemer<\/strong><\/em><\/p>\n<p><span style=\"font-size: 10pt;\">Erstver\u00f6ffentlichung am 01.03.2022 auf <a href=\"https:\/\/www.nachdenkseiten.de\/?p=81332\" target=\"_blank\" rel=\"noopener\">nachdenkseiten.de<\/a><\/span><\/p>\n<p><em>Dieser Beitrag ist auch als Audio-Podcast verf\u00fcgbar.<\/em><\/p>\n<audio class=\"wp-audio-shortcode\" id=\"audio-12402-1\" preload=\"none\" style=\"width: 100%;\" controls=\"controls\"><source type=\"audio\/mpeg\" src=\"https:\/\/www.nachdenkseiten.de\/upload\/podcast\/220301_Harvard_Influenzer_Lauterbach_2_2_NDS.mp3?_=1\" \/><a href=\"https:\/\/www.nachdenkseiten.de\/upload\/podcast\/220301_Harvard_Influenzer_Lauterbach_2_2_NDS.mp3\">https:\/\/www.nachdenkseiten.de\/upload\/podcast\/220301_Harvard_Influenzer_Lauterbach_2_2_NDS.mp3<\/a><\/audio>\n<p class=\"powerpress_links powerpress_links_mp3\"><span style=\"font-size: 10pt;\">Podcast: <a href=\"https:\/\/www.nachdenkseiten.de\/upload\/podcast\/220301_Harvard_Influenzer_Lauterbach_2_2_NDS.mp3\" target=\"_blank\" rel=\"noopener\">In neuem Fenster abspielen<\/a>\u00a0|\u00a0<a href=\"https:\/\/www.nachdenkseiten.de\/upload\/podcast\/220301_Harvard_Influenzer_Lauterbach_2_2_NDS.mp3\" target=\"_blank\" rel=\"noopener\">Download (Rechtsklick, \u201eZiel speichern unter\u2026\u201c w\u00e4hlen)<\/a><\/span><\/p>\n<p>&nbsp;<\/p>\n<h5>Lauterbach: MEGA-Fusion von Charit\u00e9 und Pflegekonzern Vivantes<\/h5>\n<p>Lauterbach trug die f\u00fcr Staat und Personal desastr\u00f6se Entwicklung des privatisierten UKGM mit. Der Krankenhaus-Konzern Asklepios konnte dadurch weiter aufsteigen \u2013 was will ein Harvard-Influenzer mehr?<\/p>\n<p>Nat\u00fcrlich will er mehr, noch mehr. Nach Lauterbach soll die gewinntr\u00e4chtige Zerst\u00f6rung des Gesundheits- und Pflegesystems auf Staatskosten weitergehen, und zwar in noch gr\u00f6\u00dferem Stil, und auch mit einem noch viel gr\u00f6\u00dferen und wichtigeren Universit\u00e4ts-Klinikum.<\/p>\n<p>Im M\u00e4rz 2019 lieferte der Doppel-Doktor als Vorsitzender der Zukunftskommission \u201eGesundheitsstadt Berlin 2030\u201c ein Gutachten ab. Es war vom Parteifreund, dem Regierenden B\u00fcrgermeister M\u00fcller (SPD) in Auftrag gegeben worden. Darin wird, auf Wunsch des Auftraggebers, die Fusion des gr\u00f6\u00dften Klinikums Deutschlands, Charit\u00e9, mit dem gr\u00f6\u00dften kommunalen Krankenhaus- und Pflegekonzern, Vivantes, vorgeschlagen. Charit\u00e9 wie Vivantes geh\u00f6ren dem Land Berlin.[<a href=\"#foot_1\" name=\"note_1\">1<\/a>]<\/p>\n<p>Vivantes betreibt bisher mit 17.000 Besch\u00e4ftigten 10 Krankenh\u00e4user, 12 Pflegeheime, zwei Seniorenwohnh\u00e4user, mehrere medizinische Versorgungseinrichtungen, ambulante Pflege. Obwohl (oder weil) in Regie der Stadt Berlin, wurde Personal abgebaut und in private Tochterfirmen wie f\u00fcr Reinigung, W\u00e4sche, K\u00fcche ausgelagert. Investitionen wurden zur\u00fcckgefahren. W\u00e4hrend der erh\u00f6hten Anforderungen durch die Pandemie k\u00fcndigte die Gesch\u00e4ftsf\u00fchrung 2021 die Schlie\u00dfung der Wenckebach-Klinik an.[<a href=\"#foot_2\" name=\"note_2\">2<\/a>]<\/p>\n<h5>Charit\u00e9: Schon bisher privat zugerichtet, aber noch nicht genug<\/h5>\n<p>Die Charit\u00e9 war im Kaiserreich auch mit ber\u00fchmten Professoren wie Robert Koch zur renommiertesten Klinik Deutschlands ausgebaut worden. Am Renomm\u00e9 wurde auch in der DDR festgehalten. Deshalb war gerade die Charit\u00e9 ab 2001, befl\u00fcgelt durch die Agenda 2010 der Bundesregierung, das Zielobjekt der Top-Privatisierer.<\/p>\n<p>Der SPD-gef\u00fchrte Berliner Senat mit dem Finanzsenator Thilo Sarrazin und assistiert von der d\u00fcmmlichen Gysi-Linken, holte die Beratungskonzerne McKinsey, Roland Berger und Deloitte. Sie ermittelten \u201eEffizienzpotentiale\u201c. So wurden \u00fcber ein Dutzend Billiglohnfirmen in die private Tochter-Holding Charit\u00e9 Facility Management (CFM) ausgelagert, auch hier bei hygiene-relevanten T\u00e4tigkeiten wie Reinigung, Essenszubereitung und -verteilung, Reparaturen und innerh\u00e4usige Krankentransporte. Sowohl bei Vivantes und Charit\u00e9 griffen auch die Hartz-Gesetze mit Leiharbeit, befristeter und Teilzeitarbeit.<\/p>\n<p>Unter den 17.500 Besch\u00e4ftigten der Charit\u00e9 sind 232 Professoren und 3.952 \u00c4rzte\/Wissenschaftler. Unterrichtet werden 7.200 Studierende. Gleichzeitig wurde an der Charit\u00e9 f\u00fcr die Forschung eine internationale Spitzenposition angestrebt, d.h. man glotzte bewundernd in die USA.[<a href=\"#foot_3\" name=\"note_3\">3<\/a>] Schon vor dem Lauterbach-Gutachten wurde eine Partnerschaft mit der Johns Hopkins University eingerichtet und das <em>Berlin Institute of Health<\/em> (BIH) gegr\u00fcndet. Die Bill-and-Melinda-Gates-Stiftung geh\u00f6rt zu den Sponsoren. Die Multimilliard\u00e4rin Johanna Quandt, Gro\u00dfaktion\u00e4rin bei BMW, zu Lebzeiten die gr\u00f6\u00dfte weibliche Bespenderin der Unternehmerparteien CDU, CSU und FDP, gr\u00fcndete 2005 die <em>Stiftung Charit\u00e9<\/em>: Sie f\u00f6rdert das unternehmerische Denken der Wissenschaft, vergibt j\u00e4hrlich Stipendien, die mit jeweils 75.000 Euro dotiert sind. Zu den Gef\u00f6rderten z\u00e4hlte u.a. der Charit\u00e9-Virologe Prof. Christian Drosten. Ziel ist, dass die Gef\u00f6rderten in die 1-Prozent-Elite der am h\u00e4ufigsten zitierten Medizinwissenschaftler der Welt (<em>Highly Cited Researchers<\/em>) aufsteigen.[<a href=\"#foot_4\" name=\"note_4\">4<\/a>] Im Vorstand der Stiftung residieren u.a. Stefan Quandt, Multimilliard\u00e4r, weil Sohn der Stifterin, BMW-Gro\u00dfaktion\u00e4r und im Aufsichtsrat der Unternehmer-Postille FAZ, sowie Dr. Brigitte Oetker, Industriellen-Ehefrau und Ex-Gesch\u00e4ftsf\u00fchrerin der Kulturstiftung des Bundesverbandes der Deutschen Industrie (BDI).<\/p>\n<h5>Lauterbach: Private Investoren! digital health!<\/h5>\n<p>Aber nach Lauterbach soll das noch viel weiter gehen. In die Holding von Charit\u00e9-Vivantes sollen m\u00f6glichst auch alle weiteren medizinischen Einrichtungen in Berlin und Umfeld einbezogen werden, so die Max-Planck-Institute f\u00fcr Infektionsbiologie und Molekulare Genetik, das Deutsche Herzzentrum Berlin, das Unfallkrankenhaus der Berufsgenossenschaften, Einrichtungen des Deutschen Roten Kreuzes, 14 private Krankenh\u00e4user und auch das anthroposophische Krankenhaus Havelh\u00f6he.<\/p>\n<p>Der vom Staat nicht mehr einholbare \u201eInvestitions-Stau\u201c bei den Geb\u00e4uden und der technischen Infrastruktur soll durch Private aufgel\u00f6st werden. Bei der Charit\u00e9 lobt Lauterbach deshalb die bereits laufend erh\u00f6hte \u201eDrittmitteleinwerbung\u201c. Zudem das Zauberwort \u201edigitale Transformation\u201c, digital health, Telemedizin: So empfiehlt die Lauterbach-Kommission den Einsatz von \u201eApps zum Selbstmanagement\u201c der Patienten. So kann noch mehr Personal eingespart werden.<\/p>\n<p>Die Charit\u00e9 soll in die von Harvard, Yale und Johns Hopkins angef\u00fchrte Gruppe der \u201e30 erfolgreichsten medizinischen Hochschulen der Welt aufschlie\u00dfen\u201c. Die Forschung mit hochbezahlten und medial allgegenw\u00e4rtigen Wissenschaftlern wie dem Virologen Drosten soll Teil der Weltspitze sein \u2013 w\u00e4hrend Vivantes \u201edie \u00fcbrige Versorgung \u00fcbernimmt\u201c, also vor allem die prognostizierte, erheblich ansteigende Zahl alter Menschen kosteng\u00fcnstig f\u00fcr die Betreiber irgendwie unterbringen soll, mit billigem, knappem Personal, das unscheinbar und lautlos au\u00dferhalb der \u00d6ffentlichkeit seine Dienste verrichtet.<\/p>\n<h5>Die Mehrheit der Besch\u00e4ftigten im Gesundheitssystem: L\u00e4stiger Kostenfaktor<\/h5>\n<p>Als Influenzer der Agenda 2010, als Aufsichtsrat in der Rh\u00f6n-Klinikum AG, als Gutachter f\u00fcr \u201eGesundheitsstadt Berlin 2030\u201c und in der Pandemie-Politik hat Lauterbach gezeigt: Das untere Volk des direkt angestellten Personals wie besonders das ausgelagerte sonstige Dienstpersonal sind ein l\u00e4stiger Kostenfaktor: Er muss m\u00f6glichst niedrig gehalten werden. Wie es den Patienten und Alten dabei geht, ist sekund\u00e4r.<\/p>\n<p>Die mehrheitlichen Forderungen der Besch\u00e4ftigten selbst, von Gewerkschaften und aus der Bev\u00f6lkerung, ignoriert der Krankheits-Minister. Auch die \u00dcberlastung des Personals durch die Pandemie-Politik f\u00fchrte nicht dazu, dass der Minister die Erh\u00f6hung der Einkommen, die ohnehin schon vor der Pandemie notwendige Aufstockung der Personalstellen und die Verbesserung der Arbeitsbedingungen unterst\u00fctzt. Der Gesundheitsminister k\u00fcmmert sich auch nicht um die Gesundheit und die Gesundheitsbedingungen des Personals \u2013 von unmittelbaren Pandemie-Schutzma\u00dfnahmen abgesehen.<\/p>\n<p>Das vom Agenda-2010-Berater Lauterbach mit \u201ereformierte\u201c System der Krankenversicherung f\u00fchrt dazu, dass Millionen Krankheiten gar nicht erfasst und nie behandelt werden. Arbeits- und Rentenarmut breiten sich aus. Die von Lauterbach empfohlene Riester-Rente ist gescheitert. Dies gilt insbesondere f\u00fcr das Milieu, aus dem das Arbeiterkind Lauterbach selbst kommt: f\u00fcr die abh\u00e4ngig Besch\u00e4ftigten und da wiederum f\u00fcr die mit den niedrigeren Einkommen, Arbeitslose eingeschlossen. Sie k\u00f6nnen vielfach die Zuzahlungen f\u00fcr Medikamente, Vorsorgeuntersuchungen und Krankenhausaufenthalte und f\u00fcr Zusatzversicherungen etwa f\u00fcr Z\u00e4hne nicht bezahlen: Du bist arm, du brauchst nicht alle Z\u00e4hne, du kannst fr\u00fcher sterben.<\/p>\n<p>Das geh\u00f6rt zur Harvard-\u00d6konomie \u2013 nat\u00fcrlich w\u00fcrde der Harvard-\u00d6konom abstreiten, dass er das gewollt habe. Aber es geh\u00f6rt ja zur Qualifikation solcher hochgebildeter Akademiker, wortreich die Folgen dessen zu bestreiten, was sie anrichten.<\/p>\n<h5>Gesundheit am Arbeitsplatz: Kein Thema!<\/h5>\n<p>Die verschiedensten Krankheiten am Arbeitsplatz haben auch wegen der Agenda 2010 und ihrer Erweiterungen w\u00e4hrend der vier Merkel\/CDU-Regierungen zugenommen:<\/p>\n<ul>\n<li>Abbau der Aufsicht \u00fcber die Berufskrankheiten und die daf\u00fcr allein von den Unternehmen finanzierten Berufsgenossenschaften; dieser Abbau ging insbesondere unter den beiden Bundesarbeitsministern Ursula von der Leyen und Olaf Scholz weiter, mit Zustimmung des \u201eGesundheits\u201cpolitikers und Abgeordneten Lauterbach.<\/li>\n<li>Die Bundesl\u00e4nder haben ebenfalls die Gewerbeaufsicht abgebaut. In der Pandemie war das bei den T\u00f6nnies-Fleischzerlegern kurz aufgeblitzt \u2013 danach wurde die Gewerbeaufsicht nicht aufgestockt. Auch Lauterbach blieb stumm.<\/li>\n<li>Die auch \u00fcber die EU organisierte, st\u00e4ndig vermehrte Besch\u00e4ftigung von Arbeitsmigranten, die nicht nur billig, sondern auch willig sind, ihre Rechte kaum kennen, ihre Arbeitsvertr\u00e4ge nicht verstehen und oft nur befristet in Deutschland t\u00e4tig sind, Angst vor Entlassung haben und ihre Krankheiten in ihre Herkunftsl\u00e4nder mitnehmen.[<a href=\"#foot_5\" name=\"note_5\">5<\/a>]<\/li>\n<li>Zunahme auch der psychischen Erkrankungen durch versch\u00e4rfte Arbeitsintensit\u00e4t, schnell und gesetzwidrig wechselnde Schichten, Verachtung und Mobbing durch Vorgesetzte, Union Busting, \u00dcberwachung.<\/li>\n<\/ul>\n<p>Dagegen k\u00f6nnte argumentiert werden: Die Gesundheit am Arbeitsplatz liegt doch gar nicht in der Zust\u00e4ndigkeit des Gesundheits-, sondern des Arbeitsministers. Formalrechtlich trifft das zu.<\/p>\n<ul>\n<li>Aber die allermeisten beruflich bedingten Erkrankungen landen nicht bei den zust\u00e4ndigen Berufsgenossenschaften, sondern fallen den allgemeinen Krankenkassen zur Last und vermindern deren Leistungsf\u00e4higkeit.<\/li>\n<li>Und zweitens greift die Gesundheitspolitik in der Pandemie in die Unternehmen und die Arbeitspl\u00e4tze ein \u2013 da geht es pl\u00f6tzlich doch!<\/li>\n<li>Und vor allem drittens: Wer die Gesundheit der Bev\u00f6lkerung sch\u00fctzen und f\u00f6rdern will, muss die Arbeitsbedingungen einbeziehen! Aber die Arbeitsbedingungen sind f\u00fcr die Gesundheits-\u00d6konomie \u00e0 la Harvard tabu.<\/li>\n<\/ul>\n<h5>Pflege-Bonus mit Willk\u00fcr-Faktor<\/h5>\n<p>Jetzt nach zwei Jahren Pandemie kommt Minister Lauterbach mit einem Pflege-Bonus. Das erweist sich aber als ein einmaliges Almosen, zudem sozial und statusm\u00e4\u00dfig hochdifferenziert, wie es dem elit\u00e4ren Harvard-Gesellschaftsbild entspricht. F\u00fcr die einfachen Kranken- und Altenpfleger betr\u00e4gt der H\u00f6chstbetrag 550 Euro, wenn sie eine \u201eherausragende Leistung erbracht haben\u201c und alle Kriterien mit Hygieneaufwand, Infektionsrisiko, Covid-19-Patienten-Betreuung usw. erf\u00fcllt haben. Intensivpflegern wird ein H\u00f6chstbetrag von immerhin 3.000 Euro in Aussicht gestellt. Und die H\u00f6chstbetr\u00e4ge gelten nur f\u00fcr Vollzeitkr\u00e4fte.<\/p>\n<p>Das erfordert f\u00fcr die mehreren hunderttausend Einzelfallpr\u00fcfungen viel B\u00fcrokratie zulasten der ohnehin \u00fcberlasteten \u00c4rzte und Manager. Aber f\u00fcr das Feilschen um Kleinbetr\u00e4ge f\u00fcr abh\u00e4ngig Besch\u00e4ftigte ist B\u00fcrokratie-Ausbau h\u00f6chst notwendig, wie bei den Hartz-IV-Empf\u00e4ngern, im Gegensatz zum ansonsten so gelobten B\u00fcrokratie-Abbau zugunsten privater Investoren. Zudem handelt es sich noch um ein nettes kleines Herrschaftsinstrument, mit dem die Vorgesetzten ihre Untergebenen nach Wohlverhalten ein bisschen belohnen oder auch bestrafen k\u00f6nnen. Das ist eine Einladung zur Willk\u00fcr. Au\u00dferdem soll das b\u00fcrokratisierte Almosen nur an diejenigen gezahlt werden, die am 30.6.2022 noch im Arbeitsverh\u00e4ltnis sind. Die Wertsch\u00e4tzung eines zudem systemrelevanten Berufsstandes sieht anders aus.<\/p>\n<h5>Noch billigerer Nachschub aus Indien und Vietnam<\/h5>\n<p>In der Zwischenzeit haben zehntausende Besch\u00e4ftigte im Gesundheits- und Pflegesystem entnervt und \u00fcberstresst aufgegeben, haben gek\u00fcndigt, sind in Teilzeit gegangen oder haben zu Leiharbeit gewechselt. Aber die \u201eGesundheits\u201c-\u00d6konomen haben l\u00e4ngst schon eine noch \u201ebessere\u201c L\u00f6sung gefunden.<\/p>\n<p>In Absprache mit dem Gesundheitsminister schlie\u00dft die Bundesagentur f\u00fcr Arbeit seit Ende 2021 \u201ePartnerschaften\u201c mit armen Staaten, die noch \u00e4rmer sind als die verarmten EU-Staaten Osteuropas. Aus denen lie\u00df der vorherige Krankheitsminister Spahn billige und willige Pfleger und \u00c4rzte nach Deutschland abwerben: Aber mit Lauterbach sollen die neuen \u201eFachkr\u00e4fte\u201c aus dem indischen Bundesstaat Kerala, aus Vietnam, Kolumbien, Indonesien, den Philippinen, Moldawien und Georgien kommen.[<a href=\"#foot_6\" name=\"note_6\">6<\/a>]<\/p>\n<p>So sieht globale \u201eGesundheits\u201c-\u00d6konomie \u00e0 la Lauterbach aus: Auf der einen Seite das hochbezahlte, medial strahlende und von Milliard\u00e4rsstiftungen \u00e0 la Quandt &amp; Gates zus\u00e4tzlich subventionierte Spitzenpersonal nach Harvard-Standards \u2013 auf der anderen Seite die lautlosen, mit ein paar Begriffen und Handgriffen schnellgebleichten Billig- und Willigkr\u00e4fte aus den verarmtesten Regionen der westlichen Welt. Sie brauchen ja nicht einmal gut die deutsche Sprache zu lernen: Mithilfe K\u00fcnstlicher Intelligenz k\u00f6nnen sie in ihrer Heimatsprache ihr Problem ins Smartphone eingeben \u2013 und in ihrer Heimatsprache mit Bildunterst\u00fctzung werden sie angeleitet, wie sie im deutschen Pflegeheim die Windel wechseln. Den armen Pflege-Bonus kann man hier auch noch einsparen.<\/p>\n<h5>Der Wissenschafts-Leugner in Aktion<\/h5>\n<p>Auch dieser \u201eGesundheits\u201cminister tr\u00e4gt seinen Titel zu Unrecht. Er hat zwar die \u00e4rztliche Approbation mal nachgeholt. Aber seine Standards werden durch die private Gewinnwirtschaft gesetzt. Lauterbach hat kein \u00e4rztliches Ethos. Er verletzt systematisch medizinische Standards:<\/p>\n<ul>\n<li>Er labert von \u201eCorona-Toten\u201c, leugnet aber die Tatsache, dass zu den vom RKI so bezeichneten Toten auch solche geh\u00f6ren, die gar nicht an der Infektion gestorben sind, sondern aus anderen Gr\u00fcnden oder wo der Virus eine sekund\u00e4re oder terti\u00e4re Ursache war. Dem k\u00f6nnte durch wissenschaftlich bew\u00e4hrte Methoden abgeholfen werden, etwa durch die systematische Einschaltung der Rechtsmedizin: Das hatte das RKI sofort mit Beginn der Pandemie abgelehnt. Dem folgt auch der Harvard-Doktor.<\/li>\n<li>Durch systematische rechtsmedizinische Untersuchungen k\u00f6nnten auch die medizinischen Behandlungsmethoden f\u00fcr die am Virus Erkrankten differenziert weiterentwickelt werden, ohne sofort die oft t\u00f6dliche Zwangsbeatmung einzusetzen \u2013 der Minister verweigert das;<\/li>\n<li>Bei jeder neuen Virusvariante, auch wenn noch gar nichts \u00fcber sie bekannt ist, spekuliert er ohne Faktengrundlage von zuk\u00fcnftigen Gro\u00dfgefahren; so fantasierte er bei Omikron \u201e400 bis 500 m\u00f6gliche Corona-Tote t\u00e4glich\u201c. Statt medizinischer Aufkl\u00e4rung organisiert der Harvard-Influenzer Massen-Panik.<\/li>\n<li>Er suggeriert in seiner aufgeregten \u00f6ffentlichen Kommunikation f\u00e4lschlich, dass eine Virus-Infektion gleich einer Erkrankung sei.<\/li>\n<li>Er m\u00fcsste entsprechend den bew\u00e4hrten medizinischen Standards \u00f6ffentlich sagen: Die bisherigen Impfstoffe sind nicht klinisch erprobt, wir kennen ihre Kurz- und Langzeitnebenwirkungen nicht.<\/li>\n<li>Er verweigert die Erfassung und Auswertung der Impf-Nebenwirkungen. Eigentlich w\u00e4re das ganz einfach. So ermittelten Anfang 2022 die Betriebskrankenkassen in eigener Regie: Nach den Abrechnungen der \u00c4rzte im Jahre 2021 wurden 216.695 BKK-Versicherte wegen Impf-Nebenwirkungen \u00e4rztlich behandelt. Hochgerechnet auf alle Versicherten in Deutschland sind das 2,5 bis 3 Millionen Geimpfte, die wegen Impf-Nebenwirkungen \u00e4rztlich behandelt wurden. Das sind zehnmal mehr Meldungen, als beim zust\u00e4ndigen Paul-Ehrlich-Institut registriert wurden, das dem \u201eGesundheits\u201cminister untersteht.[<a href=\"#foot_7\" name=\"note_7\">7<\/a>] Aber der Harvard-Influenzer verleugnet das Ausma\u00df der Nebenwirkungen. Und f\u00fcr deren bessere Behandlung und etwa auch f\u00fcr die Auswahl und Verbesserung der Impfstoffe m\u00fcssten sie ausgewertet werden \u2013 nix davon. Eine Meldepflicht m\u00fcsste eingerichtet werden \u2013 nix davon. \u00c4rzte bekommen f\u00fcr jede Impfung Geld, aber f\u00fcr die zeitlich viel aufwendigere Meldung zu Nebenwirkungen \u2013 kein Cent.<\/li>\n<\/ul>\n<h5>M\u00fcnchner Sicherheitskonferenz: Foto mit William Gates<\/h5>\n<p>Gesundheitsminister sind bekanntlich auch f\u00fcr die milit\u00e4rische Sicherheit zust\u00e4ndig. Deshalb geh\u00f6rte Lauterbach zu den streng ausgesuchten Teilnehmern der M\u00fcnchener Sicherheitskonferenz (MSC) im Februar 2022. Das lag ja nahe: Im Bundestag hatte er der Verl\u00e4ngerung des t\u00f6dlichen, US-gef\u00fchrten Milit\u00e4reinsatzes in Afghanistan zugestimmt. So verl\u00e4ngerte auch der Doppeldoktor die jahrzehntelange medizinische Unterversorgung der Bev\u00f6lkerung und das Verhungern von Kindern.<\/p>\n<p>Aber dar\u00fcber sprach bei der Konferenz auch der Arzt Lauterbach nicht. Es ging ja um \u201eSicherheit\u201c, definiert von der blind angebeteten Supermacht. Die war unter anderem vertreten von einem anderen \u201eGesundheits\u201c-Fanatiker, Menschheitsretter und Harvard-Sponsor namens William Gates, auch ein Unterst\u00fctzer des zwanzigj\u00e4hrigen Krieges in Afghanistan wie aller anderen US-Kriege.<\/p>\n<p>So erbettelte Lauterbach bei Meister Gates ein paar Sekunden, um f\u00fcr ein Foto neben ihm stehen zu d\u00fcrfen: Foto machen und schnell per Twitter verschicken, mit der Nachricht, man habe \u00fcber Impfstoffe f\u00fcr \u00e4rmere L\u00e4nder \u201egesprochen\u201c. Medienpr\u00e4senz ist alles, Inhalte sind egal.<\/p>\n<h5>Der routinierte Opportunist<\/h5>\n<p>Der vorgebliche Arzt ist zugleich ein routinierter Opportunist: Seine Behauptungen m\u00fcssen in die jeweilige Stimmung passen oder sie verst\u00e4rken \u2013 und da behauptet er sp\u00e4ter auch mal das genaue Gegenteil. Erst war er jahrelang Mitglied der CDU, dann beim Stimmungsumschwung nach der Wahl 1998 war er sofort Mitglied der SPD.<\/p>\n<p>Ein paar weitere Beispiele f\u00fcr den gnadenlosen Opportunisten:<\/p>\n<ul>\n<li>Seit 20 Jahren tritt er f\u00fcr die Schlie\u00dfung von m\u00f6glichst vielen Krankenh\u00e4usern ein. 2019 bekr\u00e4ftigte er erneut: \u201eJeder wei\u00df, dass wir in Deutschland mindestens jede dritte, eigentliche jede zweite Klinik schlie\u00dfen sollten.\u201c[<a href=\"#foot_8\" name=\"note_8\">8<\/a>] Aber als der Gesundheitsminister noch Jens Spahn hie\u00df und von der CDU war und wegen Krankenhausschlie\u00dfungen in die Kritik kam \u2013 da unterzeichnete Lauterbach im Mai 2021 als Abgeordneter die Petition \u201eBundesweite Krankenhausschlie\u00dfungen jetzt stoppen!\u201c Aber als die Organisatoren der Petition, <em>Gemeingut in B\u00fcrgerInnenhand (gib)<\/em>, den nunmehrigen Gesundheitsminister Lauterbach im Januar 2022 aufforderten, sich wie in der Petition gegen die weitere Schlie\u00dfung von Krankenh\u00e4usern zu erkl\u00e4ren \u2013 das Plappermaul blieb stumm.[<a href=\"#foot_9\" name=\"note_9\">9<\/a>]<\/li>\n<li>Er wies das RKI an, zahlreichen Menschen den Genesenen-Status abzuerkennen. Als die \u00f6ffentliche Entr\u00fcstung zunahm, lie\u00df er die Anweisung ersatzlos streichen.[<a href=\"#foot_10\" name=\"note_10\">10<\/a>]<\/li>\n<li>Im Dezember 2021 sagte er voraus: Die Omikron-Variante kann \u201e\u00e4hnlich schwer\u201c verlaufen wie die Delta-Variante! Ein paar Wochen sp\u00e4ter erkl\u00e4rte er: Ich habe schon \u201esehr fr\u00fch gesagt\u201c, dass Omikron harmloser verlaufen werde als Delta.<\/li>\n<li>Am 16.2.2022 schrieb BILD auf der Titelseite: Lauterbach hat lange mit der \u00dcberlastung der Intensivbetten gewarnt, aber jetzt behaupte er: \u201eIntensivstationen waren nie \u00fcberlastet!\u201c Nachher sagte Lauterbach, das habe er nie gesagt. Aber er war nat\u00fcrlich gar nicht b\u00f6se, dass BILD ihn falsch zitiert hatte. Seelenverwandte Panikmacher d\u00fcrfen sich gegenseitig falsch zitieren. Wichtig ist die Medien-Pr\u00e4senz und die kurze \u00f6ffentliche Aufregung, mal in diese und mal in die andere Richtung. \u201eAngst-Minister\u201c hatte BILD gegen Lauterbach mehrfach gep\u00f6belt. Da freute er sich, der Lauterbach. Deshalb darf jetzt niemand anders als BILD exklusiv das erste Kapitel aus Lauterbachs selbstgef\u00e4lliger Biografie vor-abdrucken. Das Gossenblatt k\u00fcndigte das Buch und den Vorabdruck seines \u201eAngst-Ministers\u201c lobend an: \u201eEr ist Deutschlands beliebtester und umstrittenster Politiker.\u201c[<a href=\"#foot_11\" name=\"note_11\">11<\/a>]<\/li>\n<\/ul>\n<h5><strong>\u201eOhne Harvard w\u00e4re ich nie Mitglied der globalen Elite geworden\u201c<\/strong><\/h5>\n<p>Aber die staatlichen wie privaten und \u201esozialen\u201c Leitmedien \u2013 das ist nur die eine Seite, die Seite f\u00fcr das Volk, f\u00fcr die populistische Medienmeute. Gleichzeitig organisieren diejenigen, die st\u00e4ndig nach medialer Pr\u00e4senz gieren und pr\u00e4sent gemacht werden, sich auch au\u00dferhalb dieser \u00d6ffentlichkeit.<\/p>\n<p>Die Harvard University organisiert ein globales Netzwerk von Absolventen, Dozenten, Ex-Dozenten und Freunden. In Deutschland finden sie in f\u00fcnf Harvard Clubs zusammen: Berlin, Hamburg, Rhein-Main, M\u00fcnchen und Rhein-Ruhr. Der f\u00fcr Lauterbach zust\u00e4ndige Harvard Club Rhein-Ruhr, mit Sitz in D\u00fcsseldorf, wird gegenw\u00e4rtig geleitet von Peter Graf von Hochberg, Absolvent der Harvard Kennedy School of Government. Bis vor kurzem war er Chef von Booz Allen &amp; Hamilton in Deutschland, vorher war er bei McKinsey.<\/p>\n<p>Obwohl schon von Wirtschaftsminister Ludwig Erhard Ende der 1960er Jahre mitgegr\u00fcndet, ist der Harvard Club Rhein-Ruhr der \u00d6ffentlichkeit unbekannt geblieben. Das k\u00f6nnte erstaunen, denn der Club hat ein intensives Leben. Aber die Liste der Mitglieder wird geheimgehalten, die hochrangig besetzten Veranstaltungen werden nur diskret durchgef\u00fchrt. Neben gem\u00fctlichem Beisammensein wie beim Thanksgiving Day werden Prominente als Plauderg\u00e4ste eingeladen. Beim Club Rhein-Ruhr waren das zuletzt Mathias Corman\/Generalsekret\u00e4r der OECD, dann auch der Lauterbach-Parteifreund Sigmar Gabriel\/Ex-Vizekanzler und jetziger Vorsitzender der Atlantikbr\u00fccke, dann Prof. Kley\/Aufsichtsratschef von Lufthansa und Eon sowie Prof. Christiane Woopen, Vorsitzende des EU-Ethikrats.[<a href=\"#foot_12\" name=\"note_12\">12<\/a>]<\/p>\n<p>Die Absolventen im Club-Vorstand bekennen auf der Website ihre Transformations- und Elitenerfahrungen. So schreibt Christine Wallich, die nach Harvard bei der Weltbank war und jetzt Leiterin der American Academy in Berlin ist: \u201eHarvard transformierte mich als Denkerin, Praktikerin und als Mensch\u201c. Graf von Hochberg bekennt: \u201eOhne dort gewesen zu sein, w\u00e4re ich nicht Mitglied dieser globalen Elite geworden.\u201c[<a href=\"#foot_13\" name=\"note_13\">13<\/a>]<\/p>\n<p>Wenn man schrittweise in diesem lockeren, superfreundlichen, privilegierten Milieu einmal angekommen ist, wird man zwanglos weitergereicht. Der ehemalige US-Pr\u00e4sident Barack Obama, der an der Harvard Law School war, ist daf\u00fcr ein bekanntes Beispiel: Mit dem sympathischen Hintergrund des klugen Aufsteigerkindes konnte er dann seine rechtswidrigen T\u00f6tungen per Drohne ank\u00fcndigen, l\u00e4ssig, beredt, als gr\u00f6\u00dfte Selbstverst\u00e4ndlichkeit.<\/p>\n<p style=\"text-align: right;\"><em>Dr. Werner R\u00fcgemer ist Referent f\u00fcr den Beirat beim Verbandsvorstand des Deutschen Freidenker-Verbandes<\/em><\/p>\n<p>&nbsp;<\/p>\n<p><strong>Quellen<\/strong><\/p>\n<div class=\"footnote\">\n<p>[<a href=\"#note_1\" name=\"foot_1\">\u00ab1<\/a>] Gesundheitsstadt Berlin 2030. Ergebnisbericht der Zukunftskommission. Vorwort Prof. Dr. Karl Lauterbach. Berlin 25.3.2019<\/p>\n<p>[<a href=\"#note_2\" name=\"foot_2\">\u00ab2<\/a>] Kritisch aus Gewerkschaftssicht zum Fusionskonzept Charit\u00e9-Vivantes siehe: Politischer Arbeitskreis Gesundheit Berlin: Der Kampf bei Vivantes und Charit\u00e9 in Berlin, Berlin Januar 2022, S. 29ff.<\/p>\n<p>[<a href=\"#note_3\" name=\"foot_3\">\u00ab3<\/a>] Genauer zu Vivantes und Charit\u00e9 siehe Werner R\u00fcgemer\/Elmar Wigand: Die Fertigmacher. K\u00f6ln 3. Auflage 2017, Seite 211ff.<\/p>\n<p>[<a href=\"#note_4\" name=\"foot_4\">\u00ab4<\/a>] <a href=\"https:\/\/www.stiftung-charite.de\/foerderung\/private-exzellenzinitiative-johanna-quandt\/bih-clinical-fellows\">stiftung-charite.de\/foerderung\/private-exzellenzinitiative-johanna-quandt\/ih-clinical-fellows<\/a>, abgerufen 17.2.2022<\/p>\n<p>[<a href=\"#note_5\" name=\"foot_5\">\u00ab5<\/a>] Werner R\u00fcgemer: Imperium EU \u2013 ArbeitsUnrecht, Krise, neue Gegenwehr. K\u00f6ln 2020, S. 167ff.<\/p>\n<p>[<a href=\"#note_6\" name=\"foot_6\">\u00ab6<\/a>] Bundesagentur f\u00fcr Arbeit: Trotz Pandemie \u2013 Bundesagentur rekrutiert mehr Fachkr\u00e4fte aus dem Ausland, Presseinfo 20.1.2022<\/p>\n<p>[<a href=\"#note_7\" name=\"foot_7\">\u00ab7<\/a>] BKK Pro Vita: Heftiges Warnsignal bei codierten Impfnebenwirkungen nach Corona-Impfung, Mitteilung an das Paul-Ehrlich-Institut 21.2.2022<\/p>\n<p>[<a href=\"#note_8\" name=\"foot_8\">\u00ab8<\/a>] <a href=\"https:\/\/twitter.com\/Karl_Lauterbach\/status\/1135874165599285249\">twitter.com\/Karl_Lauterbach\/status\/1135874165599285249<\/a><\/p>\n<p>[<a href=\"#note_9\" name=\"foot_9\">\u00ab9<\/a>] <a href=\"https:\/\/www.gemeingut.org\/\">gemeingut.org<\/a> 22.2.2022<\/p>\n<p>[<a href=\"#note_10\" name=\"foot_10\">\u00ab10<\/a>] Eine Auflistung von Lauterbachs \u201ed\u00fcsteren Prognosen\u201c: Ein Mann macht Alarm, Welt am Sonntag 20.2.2022<\/p>\n<p>[<a href=\"#note_11\" name=\"foot_11\">\u00ab11<\/a>] BILD 24.2.2022<\/p>\n<p>[<a href=\"#note_12\" name=\"foot_12\">\u00ab12<\/a>] <a href=\"http:\/\/rhein-ruhr.harvard-club.de\/events\">rhein-ruhr.harvard-club.de\/events<\/a>, abgerufen 17.2.2022<\/p>\n<p>[<a href=\"#note_13\" name=\"foot_13\">\u00ab13<\/a>] <a href=\"http:\/\/scholarship.harvard-club.de\/de\/board\">Scholarship.harvard-club.de\/de\/board<\/a>, abgerufen 17.2.2022<\/p>\n<hr \/>\n<p><strong>Download<\/strong><\/p>\n<p><img data-recalc-dims=\"1\" loading=\"lazy\" decoding=\"async\" data-attachment-id=\"1076\" data-permalink=\"https:\/\/www.freidenker.org\/?attachment_id=1076\" data-orig-file=\"https:\/\/i0.wp.com\/www.freidenker.org\/fw17\/wp-content\/uploads\/2017\/10\/pdf_icon-2.png?fit=32%2C32&amp;ssl=1\" data-orig-size=\"32,32\" data-comments-opened=\"0\" data-image-meta=\"{&quot;aperture&quot;:&quot;0&quot;,&quot;credit&quot;:&quot;&quot;,&quot;camera&quot;:&quot;&quot;,&quot;caption&quot;:&quot;&quot;,&quot;created_timestamp&quot;:&quot;0&quot;,&quot;copyright&quot;:&quot;&quot;,&quot;focal_length&quot;:&quot;0&quot;,&quot;iso&quot;:&quot;0&quot;,&quot;shutter_speed&quot;:&quot;0&quot;,&quot;title&quot;:&quot;&quot;,&quot;orientation&quot;:&quot;0&quot;}\" data-image-title=\"pdf_icon\" data-image-description=\"\" data-image-caption=\"\" data-large-file=\"https:\/\/i0.wp.com\/www.freidenker.org\/fw17\/wp-content\/uploads\/2017\/10\/pdf_icon-2.png?fit=32%2C32&amp;ssl=1\" class=\"alignnone size-full wp-image-1076\" src=\"https:\/\/i0.wp.com\/www.freidenker.org\/fw17\/wp-content\/uploads\/2017\/10\/pdf_icon-2.png?resize=32%2C32&#038;ssl=1\" alt=\"\" width=\"32\" height=\"32\" \/> Den <a href=\"https:\/\/www.freidenker.org\/fw17\/wp-content\/uploads\/2022\/03\/HarvardInfluenzerLauterbach2.pdf\" target=\"_blank\" rel=\"noopener\">Beitrag als PDF-Dokument<\/a> ansehen oder herunterladen (PDF-Dokument 86 KB)<\/p>\n<hr \/>\n<p><span style=\"font-size: 10pt;\">Bild oben: Karl Lauterbach w\u00e4hrend der Unterzeichnung des Koalitionsvertrages 7. Dezember 2021<br \/>\nFoto: Sandro Halank, Wikimedia Commons, <a href=\"https:\/\/creativecommons.org\/licenses\/by-sa\/4.0\" target=\"_blank\" rel=\"noopener\">CC BY-SA 4.0<\/a><br \/>\nQuelle: <a href=\"https:\/\/commons.wikimedia.org\/w\/index.php?curid=113153324\" target=\"_blank\" rel=\"noopener\">https:\/\/commons.wikimedia.org\/w\/index.php?curid=113153324<\/a><br \/>\n<\/span><\/p>\n<\/div>\n","protected":false},"excerpt":{"rendered":"<p><b>Beitrag von Werner R\u00fcgemer<\/b><br \/>\nLauterbach trug die f\u00fcr Staat und Personal desastr\u00f6se Entwicklung des privatisierten Universit\u00e4ts-Klinikums Marburg\/Gie\u00dfen mit. Der Krankenhaus-Konzern Asklepios konnte dadurch weiter aufsteigen \u2013 was will ein Harvard-Influenzer mehr? Nat\u00fcrlich will er mehr, noch mehr. Nach Lauterbach soll die gewinntr\u00e4chtige Zerst\u00f6rung des Gesundheits- und Pflegesystems auf Staatskosten weitergehen, und zwar in noch gr\u00f6\u00dferem Stil, und auch mit einem noch viel gr\u00f6\u00dferen und wichtigeren Universit\u00e4ts-Klinikum.<\/p>\n","protected":false},"author":3,"featured_media":12407,"comment_status":"closed","ping_status":"closed","sticky":false,"template":"","format":"standard","meta":{"colormag_page_container_layout":"default_layout","colormag_page_sidebar_layout":"default_layout","advanced_seo_description":"","jetpack_seo_html_title":"","jetpack_seo_noindex":false,"jetpack_post_was_ever_published":false,"footnotes":""},"categories":[11],"tags":[577,391,1488,1505],"class_list":["post-12402","post","type-post","status-publish","format-standard","has-post-thumbnail","hentry","category-arbeit-soziales","tag-gesundheitspolitik","tag-gesundheitswesen","tag-lauterbach","tag-sozialabbau"],"jetpack_featured_media_url":"https:\/\/i0.wp.com\/www.freidenker.org\/fw17\/wp-content\/uploads\/2022\/03\/Lauterbach_2021-12-07_033_800x450.jpg?fit=800%2C450&ssl=1","jetpack_shortlink":"https:\/\/wp.me\/p9stpK-3e2","jetpack-related-posts":[{"id":12399,"url":"https:\/\/www.freidenker.org\/?p=12399","url_meta":{"origin":12402,"position":0},"title":"Der Harvard-Influencer. Lauterbach: Karriere, Aktivit\u00e4ten, Folgen (1\/2)","author":"Webredaktion","date":"6. M\u00e4rz 2022","format":false,"excerpt":"Beitrag von Werner R\u00fcgemer Als \u201eKarlchen \u00dcberall\u201c wurde Lauterbach schon fr\u00fch bekannt. Der hochgebildete Opportunist wechselte von der CDU zur SPD, ist seit der Schr\u00f6der\/Fischer-Regierung bei der Privatisierung von Krankenh\u00e4usern und Renten aktiv, dazu geh\u00f6rt die rechtliche und finanzielle Niederhaltung des Pflegepersonals. Systematisch verletzt er medizinische und \u00e4rztliche Standards. In\u2026","rel":"","context":"In &quot;Arbeit &amp; Soziales&quot;","block_context":{"text":"Arbeit &amp; Soziales","link":"https:\/\/www.freidenker.org\/?cat=11"},"img":{"alt_text":"","src":"https:\/\/i0.wp.com\/www.freidenker.org\/fw17\/wp-content\/uploads\/2022\/03\/Lauterbach_2021-12-07_030_800x450.jpg?fit=800%2C450&ssl=1&resize=350%2C200","width":350,"height":200,"srcset":"https:\/\/i0.wp.com\/www.freidenker.org\/fw17\/wp-content\/uploads\/2022\/03\/Lauterbach_2021-12-07_030_800x450.jpg?fit=800%2C450&ssl=1&resize=350%2C200 1x, https:\/\/i0.wp.com\/www.freidenker.org\/fw17\/wp-content\/uploads\/2022\/03\/Lauterbach_2021-12-07_030_800x450.jpg?fit=800%2C450&ssl=1&resize=525%2C300 1.5x, https:\/\/i0.wp.com\/www.freidenker.org\/fw17\/wp-content\/uploads\/2022\/03\/Lauterbach_2021-12-07_030_800x450.jpg?fit=800%2C450&ssl=1&resize=700%2C400 2x"},"classes":[]},{"id":12213,"url":"https:\/\/www.freidenker.org\/?p=12213","url_meta":{"origin":12402,"position":1},"title":"Teuer gescheitert","author":"Webredaktion","date":"18. Februar 2022","format":false,"excerpt":"Beitrag von Werner R\u00fcgemer 2006 wurde der Krankenhausbetrieb des Universit\u00e4tsklinikums Gie\u00dfen\/Marburg (UKGM) an die Rh\u00f6n-Klinikum AG verkauft. Seitdem: Personalabbau, Einsatz von Niedriglohn-Firmen, trockengelegte Forschung, st\u00e4ndige Staatszusch\u00fcsse \u2013 alle Versprechungen der Privatisierer wurden gebrochen, die Leistungen gesenkt, Gewinne wurden ausgezahlt. Gegen die drohende Insolvenz schie\u00dft das Land Hessen jetzt hunderte Millionen\u2026","rel":"","context":"In &quot;Arbeit &amp; Soziales&quot;","block_context":{"text":"Arbeit &amp; Soziales","link":"https:\/\/www.freidenker.org\/?cat=11"},"img":{"alt_text":"","src":"https:\/\/i0.wp.com\/www.freidenker.org\/fw17\/wp-content\/uploads\/2022\/02\/cost-4164541_800x450.jpg?fit=800%2C450&ssl=1&resize=350%2C200","width":350,"height":200,"srcset":"https:\/\/i0.wp.com\/www.freidenker.org\/fw17\/wp-content\/uploads\/2022\/02\/cost-4164541_800x450.jpg?fit=800%2C450&ssl=1&resize=350%2C200 1x, https:\/\/i0.wp.com\/www.freidenker.org\/fw17\/wp-content\/uploads\/2022\/02\/cost-4164541_800x450.jpg?fit=800%2C450&ssl=1&resize=525%2C300 1.5x, https:\/\/i0.wp.com\/www.freidenker.org\/fw17\/wp-content\/uploads\/2022\/02\/cost-4164541_800x450.jpg?fit=800%2C450&ssl=1&resize=700%2C400 2x"},"classes":[]},{"id":11017,"url":"https:\/\/www.freidenker.org\/?p=11017","url_meta":{"origin":12402,"position":2},"title":"Corona-Savonarola oder trojanisches Pferd des medizinisch-industriellen Komplexes?","author":"Webredaktion","date":"14. August 2021","format":false,"excerpt":"Beitrag von Dagmar Henn Karl Lauterbach scheint immer f\u00fcr einen Lacher gut. \u00dcbertreibungen und irrwitzige Vorschl\u00e4ge purzeln dem Ritter von der hageren Gestalt in jeder Talkshow von den Lippen, dass einem schwindlig wird, und die n\u00e4chste Ank\u00fcndigung eines Weltuntergangs ist nie weit entfernt. So hat er noch eins draufgelegt auf\u2026","rel":"","context":"In &quot;Arbeit &amp; Soziales&quot;","block_context":{"text":"Arbeit &amp; Soziales","link":"https:\/\/www.freidenker.org\/?cat=11"},"img":{"alt_text":"","src":"https:\/\/i0.wp.com\/www.freidenker.org\/fw17\/wp-content\/uploads\/2021\/08\/Lauterbach_Euro_Viren_800x450.jpg?fit=800%2C450&ssl=1&resize=350%2C200","width":350,"height":200,"srcset":"https:\/\/i0.wp.com\/www.freidenker.org\/fw17\/wp-content\/uploads\/2021\/08\/Lauterbach_Euro_Viren_800x450.jpg?fit=800%2C450&ssl=1&resize=350%2C200 1x, https:\/\/i0.wp.com\/www.freidenker.org\/fw17\/wp-content\/uploads\/2021\/08\/Lauterbach_Euro_Viren_800x450.jpg?fit=800%2C450&ssl=1&resize=525%2C300 1.5x, https:\/\/i0.wp.com\/www.freidenker.org\/fw17\/wp-content\/uploads\/2021\/08\/Lauterbach_Euro_Viren_800x450.jpg?fit=800%2C450&ssl=1&resize=700%2C400 2x"},"classes":[]},{"id":18510,"url":"https:\/\/www.freidenker.org\/?p=18510","url_meta":{"origin":12402,"position":3},"title":"Lauterbach und der Krieg oder: Wie man das Zerst\u00f6rte optimiert","author":"Webredaktion","date":"9. M\u00e4rz 2024","format":false,"excerpt":"Beitrag von Tom J. Wellbrock Neben Pandemien und Naturkatastrophen sei die Vorbereitung auf \"milit\u00e4rische Konflikte\" von gro\u00dfer Bedeutung, sagte Karl Lauterbach im Deutschlandfunk. Man k\u00f6nnte dieses Gerede als das eines verwirrten Mannes abtun, und man m\u00fcsste es auch, w\u00e4re die Situation nicht so, wie sie ist. Den Krieg nach Russland\u2026","rel":"","context":"In &quot;Demokratie \u2013 Medien \u2013 Aufkl\u00e4rung&quot;","block_context":{"text":"Demokratie \u2013 Medien \u2013 Aufkl\u00e4rung","link":"https:\/\/www.freidenker.org\/?cat=12"},"img":{"alt_text":"Karl Lauterbach","src":"https:\/\/i0.wp.com\/www.freidenker.org\/fw17\/wp-content\/uploads\/2024\/03\/Wahlkampf_Landtagswahl_NRW_2022_4092_800x450.jpg?fit=800%2C450&ssl=1&resize=350%2C200","width":350,"height":200,"srcset":"https:\/\/i0.wp.com\/www.freidenker.org\/fw17\/wp-content\/uploads\/2024\/03\/Wahlkampf_Landtagswahl_NRW_2022_4092_800x450.jpg?fit=800%2C450&ssl=1&resize=350%2C200 1x, https:\/\/i0.wp.com\/www.freidenker.org\/fw17\/wp-content\/uploads\/2024\/03\/Wahlkampf_Landtagswahl_NRW_2022_4092_800x450.jpg?fit=800%2C450&ssl=1&resize=525%2C300 1.5x, https:\/\/i0.wp.com\/www.freidenker.org\/fw17\/wp-content\/uploads\/2024\/03\/Wahlkampf_Landtagswahl_NRW_2022_4092_800x450.jpg?fit=800%2C450&ssl=1&resize=700%2C400 2x"},"classes":[]},{"id":17626,"url":"https:\/\/www.freidenker.org\/?p=17626","url_meta":{"origin":12402,"position":4},"title":"Lauterbachs Glaube: Risiko von &#8222;Post-Vac&#8220; gegen\u00fcber Long COVID um &#8222;Dimensionen geringer&#8220;","author":"Webredaktion","date":"9. Dezember 2023","format":false,"excerpt":"Beitrag von Bernhard Loyen Am 4. Dezember fand in Berlin die Veranstaltung \"2. Runder Tisch Long COVID\" statt. Anwesend waren \"30 Experten\", auch \"Betroffene\", die zu den Themen \"Forschung, Arzneimittel, Rehabilitation und Bedarfe in den Lebenswelten\" diskutierten. Ein \"zentraler Aspekt\" der Veranstaltung bestand nach Angaben des Bundesgesundheitsministeriums (BMG) darin, sich\u2026","rel":"","context":"In &quot;Arbeit &amp; Soziales&quot;","block_context":{"text":"Arbeit &amp; Soziales","link":"https:\/\/www.freidenker.org\/?cat=11"},"img":{"alt_text":"","src":"https:\/\/i0.wp.com\/www.freidenker.org\/fw17\/wp-content\/uploads\/2023\/12\/Lauterbach_2023.jpg?fit=800%2C450&ssl=1&resize=350%2C200","width":350,"height":200,"srcset":"https:\/\/i0.wp.com\/www.freidenker.org\/fw17\/wp-content\/uploads\/2023\/12\/Lauterbach_2023.jpg?fit=800%2C450&ssl=1&resize=350%2C200 1x, https:\/\/i0.wp.com\/www.freidenker.org\/fw17\/wp-content\/uploads\/2023\/12\/Lauterbach_2023.jpg?fit=800%2C450&ssl=1&resize=525%2C300 1.5x, https:\/\/i0.wp.com\/www.freidenker.org\/fw17\/wp-content\/uploads\/2023\/12\/Lauterbach_2023.jpg?fit=800%2C450&ssl=1&resize=700%2C400 2x"},"classes":[]},{"id":24721,"url":"https:\/\/www.freidenker.org\/?p=24721","url_meta":{"origin":12402,"position":5},"title":"&#8222;Segen der Impfungen&#8220;","author":"Webredaktion","date":"25. M\u00e4rz 2026","format":false,"excerpt":"Ex-Minister Lauterbach beklagt \"Fake-News\" in der Enquete-Kommission Beitrag von Bernhard Loyen Mit Spannung wurde der gestrige gemeinsame Auftritt zweier entscheidender Protagonisten in der \"Corona-Krise\" im Bundestag erwartet. So waren in der \"Enquete-Kommission Corona\" zum Thema \"Leistungsf\u00e4higkeit des Gesundheitswesens in der Pandemie\" der ehemalige Bundesgesundheitsminister Karl Lauterbach (SPD) sowie Ex-RKI-Chef Lothar\u2026","rel":"","context":"In &quot;Demokratie \u2013 Medien \u2013 Aufkl\u00e4rung&quot;","block_context":{"text":"Demokratie \u2013 Medien \u2013 Aufkl\u00e4rung","link":"https:\/\/www.freidenker.org\/?cat=12"},"img":{"alt_text":"","src":"https:\/\/i0.wp.com\/www.freidenker.org\/fw17\/wp-content\/uploads\/2026\/03\/neelam279-vaccine-5833550_800x450.jpg?fit=800%2C450&ssl=1&resize=350%2C200","width":350,"height":200,"srcset":"https:\/\/i0.wp.com\/www.freidenker.org\/fw17\/wp-content\/uploads\/2026\/03\/neelam279-vaccine-5833550_800x450.jpg?fit=800%2C450&ssl=1&resize=350%2C200 1x, https:\/\/i0.wp.com\/www.freidenker.org\/fw17\/wp-content\/uploads\/2026\/03\/neelam279-vaccine-5833550_800x450.jpg?fit=800%2C450&ssl=1&resize=525%2C300 1.5x, https:\/\/i0.wp.com\/www.freidenker.org\/fw17\/wp-content\/uploads\/2026\/03\/neelam279-vaccine-5833550_800x450.jpg?fit=800%2C450&ssl=1&resize=700%2C400 2x"},"classes":[]}],"_links":{"self":[{"href":"https:\/\/www.freidenker.org\/index.php?rest_route=\/wp\/v2\/posts\/12402","targetHints":{"allow":["GET"]}}],"collection":[{"href":"https:\/\/www.freidenker.org\/index.php?rest_route=\/wp\/v2\/posts"}],"about":[{"href":"https:\/\/www.freidenker.org\/index.php?rest_route=\/wp\/v2\/types\/post"}],"author":[{"embeddable":true,"href":"https:\/\/www.freidenker.org\/index.php?rest_route=\/wp\/v2\/users\/3"}],"replies":[{"embeddable":true,"href":"https:\/\/www.freidenker.org\/index.php?rest_route=%2Fwp%2Fv2%2Fcomments&post=12402"}],"version-history":[{"count":0,"href":"https:\/\/www.freidenker.org\/index.php?rest_route=\/wp\/v2\/posts\/12402\/revisions"}],"wp:featuredmedia":[{"embeddable":true,"href":"https:\/\/www.freidenker.org\/index.php?rest_route=\/wp\/v2\/media\/12407"}],"wp:attachment":[{"href":"https:\/\/www.freidenker.org\/index.php?rest_route=%2Fwp%2Fv2%2Fmedia&parent=12402"}],"wp:term":[{"taxonomy":"category","embeddable":true,"href":"https:\/\/www.freidenker.org\/index.php?rest_route=%2Fwp%2Fv2%2Fcategories&post=12402"},{"taxonomy":"post_tag","embeddable":true,"href":"https:\/\/www.freidenker.org\/index.php?rest_route=%2Fwp%2Fv2%2Ftags&post=12402"}],"curies":[{"name":"wp","href":"https:\/\/api.w.org\/{rel}","templated":true}]}}