{"id":12385,"date":"2022-03-05T01:11:19","date_gmt":"2022-03-05T00:11:19","guid":{"rendered":"https:\/\/www.freidenker.org\/?p=12385"},"modified":"2022-04-11T00:01:02","modified_gmt":"2022-04-10T22:01:02","slug":"krieg-in-der-ukraine-seit-wann","status":"publish","type":"post","link":"https:\/\/www.freidenker.org\/?p=12385","title":{"rendered":"Krieg in der Ukraine &#8211; seit wann?"},"content":{"rendered":"<p><strong>Ein Krieg, der l\u00e4ngst begonnen hat \u2013 Bericht einer Deutschen im Donbass<\/strong><\/p>\n<p><em>von <strong>Alina Lipp<\/strong><\/em><\/p>\n<p><span style=\"font-size: 10pt;\">Erstver\u00f6ffentlichung am <strong>14.02.2022<\/strong><\/span><\/p>\n<p><em>Alina Lipp ist freie Journalistin und lebt seit einigen Monaten im Donbass, von wo aus sie zur aktuellen Lage \u00fcber ihren\u00a0<\/em><a href=\"https:\/\/t.me\/neuesausrussland\" target=\"_blank\" rel=\"noopener\"><em>Telegram-Kanal<\/em><\/a><em>\u00a0\u201eNeues aus Russland\u201c berichtet. W\u00e4hrend ihres Studiums in Deutschland nutzte sie jede Gelegenheit, Russland n\u00e4her kennenzulernen, absolvierte Praktika und Freiwilligendienste und reiste mit der transsibirischen Eisenbahn nach Sibirien. Nachdem ihr Vater vor einigen Jahren aus Deutschland auf die Krim ausgewandert war, entschied sich Alina Anfang 2021 schlie\u00dflich auch f\u00fcr ein Leben in Russland, wo sie seitdem als Journalistin umherreist, an Filmprojekten teilnimmt und sich politisch f\u00fcr deutsch-russische Freundschaft einsetzt.<\/em><\/p>\n<p>Wumm. Irgendwo in nicht allzu weiter Entfernung knallt es. Ich schrecke zusammen, schaue mich um. Au\u00dfer mir h\u00e4lt niemand in meiner Umgebung inne, die Passanten tun so, als h\u00e4tten sie nichts geh\u00f6rt. Es ist Herbst 2021, ich stehe mitten im Zentrum von Donezk und es ist das erste Mal, dass ich etwas von den\u00a0<a href=\"https:\/\/snanews.de\/20220212\/-bestaetigung-berichte-maechtige-explosion-5334506.html\" target=\"_blank\" rel=\"noopener\">Kriegshandlungen an der Grenze zur Ukraine<\/a>\u00a0mitbekomme.<\/p>\n<p>Normalerweise ist im Zentrum davon nichts zu h\u00f6ren. Am Abend erfahre ich in den Nachrichten, dass die ukrainische Armee eine Drohne mit Sprengsatz im Donezker \u00d6llager hatte landen lassen und dieser bei der Entsch\u00e4rfung \u2013 in sicherer Entfernung von den \u00d6lf\u00e4ssern \u2013 detoniert war. W\u00e4re der Sprengsatz wie urspr\u00fcnglich geplant auf einem Fass hochgegangen, w\u00e4re ein Gro\u00dfteil der Stadt ausgel\u00f6scht worden.<\/p>\n<figure id=\"attachment_12386\" aria-describedby=\"caption-attachment-12386\" style=\"width: 800px\" class=\"wp-caption alignnone\"><img data-recalc-dims=\"1\" loading=\"lazy\" decoding=\"async\" data-attachment-id=\"12386\" data-permalink=\"https:\/\/www.freidenker.org\/?attachment_id=12386\" data-orig-file=\"https:\/\/i0.wp.com\/www.freidenker.org\/fw17\/wp-content\/uploads\/2022\/03\/lipp_02.jpg?fit=1452%2C818&amp;ssl=1\" data-orig-size=\"1452,818\" data-comments-opened=\"0\" data-image-meta=\"{&quot;aperture&quot;:&quot;0&quot;,&quot;credit&quot;:&quot;&quot;,&quot;camera&quot;:&quot;&quot;,&quot;caption&quot;:&quot;&quot;,&quot;created_timestamp&quot;:&quot;0&quot;,&quot;copyright&quot;:&quot;&quot;,&quot;focal_length&quot;:&quot;0&quot;,&quot;iso&quot;:&quot;0&quot;,&quot;shutter_speed&quot;:&quot;0&quot;,&quot;title&quot;:&quot;&quot;,&quot;orientation&quot;:&quot;0&quot;}\" data-image-title=\"lipp_02\" data-image-description=\"\" data-image-caption=\"\" data-large-file=\"https:\/\/i0.wp.com\/www.freidenker.org\/fw17\/wp-content\/uploads\/2022\/03\/lipp_02.jpg?fit=800%2C451&amp;ssl=1\" class=\"wp-image-12386 size-large\" src=\"https:\/\/i0.wp.com\/www.freidenker.org\/fw17\/wp-content\/uploads\/2022\/03\/lipp_02.jpg?resize=800%2C451&#038;ssl=1\" alt=\"\" width=\"800\" height=\"451\" srcset=\"https:\/\/i0.wp.com\/www.freidenker.org\/fw17\/wp-content\/uploads\/2022\/03\/lipp_02.jpg?resize=1024%2C577&amp;ssl=1 1024w, https:\/\/i0.wp.com\/www.freidenker.org\/fw17\/wp-content\/uploads\/2022\/03\/lipp_02.jpg?resize=300%2C169&amp;ssl=1 300w, https:\/\/i0.wp.com\/www.freidenker.org\/fw17\/wp-content\/uploads\/2022\/03\/lipp_02.jpg?resize=768%2C433&amp;ssl=1 768w, https:\/\/i0.wp.com\/www.freidenker.org\/fw17\/wp-content\/uploads\/2022\/03\/lipp_02.jpg?w=1452&amp;ssl=1 1452w\" sizes=\"auto, (max-width: 800px) 100vw, 800px\" \/><figcaption id=\"caption-attachment-12386\" class=\"wp-caption-text\"><span style=\"font-size: 10pt;\">\u00a9 Foto : Alina Lipp<\/span><\/figcaption><\/figure>\n<p>Trotz aller Gefahren bin ich mittlerweile drei Monate in Donezk \u2013 der Donbass und die Geschichten seiner Bewohner lassen mich einfach nicht los. Es ist ein faszinierender Ort mit umso faszinierenderen Menschen und es brennt mir unter den N\u00e4geln, deutschen Zuschauern und Lesern so gut es geht dar\u00fcber zu berichten. Denn \u00fcber das, was hier wirklich vor sich geht, herrscht in unseren Medien Schweigen im Walde. Die einzigen Berichte, die ich im deutschsprachigen Raum zum Thema Donbass finde, werden von au\u00dferhalb verfasst und stellen im Regelfall lediglich die Sichtweise der Ukraine dar. Mir ist kein Korrespondent eines westlichen, etablierten Medienhauses bekannt, der die Meinung der anderen Konfliktpartei einholt und hierf\u00fcr mit den Menschen der Donezker oder der Lugansker Volksrepublik spricht \u2013 was eigentlich die g\u00e4ngige journalistische Praxis w\u00e4re.<\/p>\n<p>In den letzten Monaten habe ich mich mit der lokalen Bev\u00f6lkerung unterhalten, mit Politikern gesprochen, die Frontgebiete bereist, humanit\u00e4re Hilfe geleistet und in deutsch-russisch-donezker Kooperation einen Film gedreht. Warum ich diesen Job freiwillig \u00fcbernommen habe, frage ich mich nicht selten selbst, da ich eigentlich einen Masterabschluss in Nachhaltigkeitswissenschaften besitze. Doch in Anbetracht dessen, dass meine Eltern (Mutter Deutsche, Vater Russe) sich bei einer deutsch-sowjetischen Friedensregatta kennenlernten, die international auf den kritischen \u00f6kologischen Zustand der Ostsee aufmerksam machen sollte, bekommt mein Lebensweg so etwas wie einen tieferen Sinn.<\/p>\n<figure id=\"attachment_12387\" aria-describedby=\"caption-attachment-12387\" style=\"width: 800px\" class=\"wp-caption alignnone\"><img data-recalc-dims=\"1\" loading=\"lazy\" decoding=\"async\" data-attachment-id=\"12387\" data-permalink=\"https:\/\/www.freidenker.org\/?attachment_id=12387\" data-orig-file=\"https:\/\/i0.wp.com\/www.freidenker.org\/fw17\/wp-content\/uploads\/2022\/03\/lipp_03.jpg?fit=1542%2C869&amp;ssl=1\" data-orig-size=\"1542,869\" data-comments-opened=\"0\" data-image-meta=\"{&quot;aperture&quot;:&quot;0&quot;,&quot;credit&quot;:&quot;&quot;,&quot;camera&quot;:&quot;&quot;,&quot;caption&quot;:&quot;&quot;,&quot;created_timestamp&quot;:&quot;0&quot;,&quot;copyright&quot;:&quot;&quot;,&quot;focal_length&quot;:&quot;0&quot;,&quot;iso&quot;:&quot;0&quot;,&quot;shutter_speed&quot;:&quot;0&quot;,&quot;title&quot;:&quot;&quot;,&quot;orientation&quot;:&quot;0&quot;}\" data-image-title=\"lipp_03\" data-image-description=\"\" data-image-caption=\"\" data-large-file=\"https:\/\/i0.wp.com\/www.freidenker.org\/fw17\/wp-content\/uploads\/2022\/03\/lipp_03.jpg?fit=800%2C451&amp;ssl=1\" class=\"wp-image-12387 size-large\" src=\"https:\/\/i0.wp.com\/www.freidenker.org\/fw17\/wp-content\/uploads\/2022\/03\/lipp_03.jpg?resize=800%2C451&#038;ssl=1\" alt=\"\" width=\"800\" height=\"451\" srcset=\"https:\/\/i0.wp.com\/www.freidenker.org\/fw17\/wp-content\/uploads\/2022\/03\/lipp_03.jpg?resize=1024%2C577&amp;ssl=1 1024w, https:\/\/i0.wp.com\/www.freidenker.org\/fw17\/wp-content\/uploads\/2022\/03\/lipp_03.jpg?resize=300%2C169&amp;ssl=1 300w, https:\/\/i0.wp.com\/www.freidenker.org\/fw17\/wp-content\/uploads\/2022\/03\/lipp_03.jpg?resize=768%2C433&amp;ssl=1 768w, https:\/\/i0.wp.com\/www.freidenker.org\/fw17\/wp-content\/uploads\/2022\/03\/lipp_03.jpg?resize=1536%2C866&amp;ssl=1 1536w, https:\/\/i0.wp.com\/www.freidenker.org\/fw17\/wp-content\/uploads\/2022\/03\/lipp_03.jpg?w=1542&amp;ssl=1 1542w\" sizes=\"auto, (max-width: 800px) 100vw, 800px\" \/><figcaption id=\"caption-attachment-12387\" class=\"wp-caption-text\"><span style=\"font-size: 10pt;\">\u00a9 Foto: Alina Lipp<\/span><\/figcaption><\/figure>\n<p>Die deutsch-russische Freundschaft zu f\u00f6rdern ist seit einigen Jahren zu meinem Lebensinhalt geworden. Da ich die gr\u00f6\u00dfte Ursache f\u00fcr die angespannten bilateralen Beziehungen in der einseitigen westlichen Medienberichterstattung sehe, die dem Leser gar keine andere Wahl l\u00e4sst, als eine Abneigung gegen Russland zu entwickeln, beleuchte ich in meinen\u00a0<a href=\"https:\/\/t.me\/neuesausrussland\">Kan\u00e4len<\/a>\u00a0und auf meiner\u00a0<a href=\"http:\/\/neuesausrussland.online\/\">Internetseite<\/a>\u00a0haupts\u00e4chlich die zentralen Konfliktthemen Krim und Donbass.<\/p>\n<p>Die Krim besuchte ich 2016 das erste Mal und gr\u00fcndete den\u00a0<a href=\"https:\/\/www.youtube.com\/c\/Gl%C3%BCcklichaufderKrim\">YouTube-Kanal<\/a>\u00a0\u201eGl\u00fccklich auf der Krim\u201c.<\/p>\n<p>Nun spitzt sich seit einigen Monaten die Lage im Donbass zu und ich verstand, dass zuerst dieser seit nunmehr acht Jahren andauernde Konflikt gel\u00f6st werden muss, um anschlie\u00dfend mit dem Wiederaufbau guter Beziehungen zwischen Russland und dem Westen beginnen zu k\u00f6nnen. Aber warum konnte der Konflikt \u00fcberhaupt seit acht Jahren nicht gel\u00f6st werden? 2021 beschloss ich nach Donezk zu fahren, um eine Antwort auf diese Frage zu finden und mehr dar\u00fcber zu erfahren.<\/p>\n<h5>Situation im Donbass<\/h5>\n<figure id=\"attachment_12388\" aria-describedby=\"caption-attachment-12388\" style=\"width: 800px\" class=\"wp-caption alignnone\"><img data-recalc-dims=\"1\" loading=\"lazy\" decoding=\"async\" data-attachment-id=\"12388\" data-permalink=\"https:\/\/www.freidenker.org\/?attachment_id=12388\" data-orig-file=\"https:\/\/i0.wp.com\/www.freidenker.org\/fw17\/wp-content\/uploads\/2022\/03\/lipp_04.jpg?fit=1477%2C832&amp;ssl=1\" data-orig-size=\"1477,832\" data-comments-opened=\"0\" data-image-meta=\"{&quot;aperture&quot;:&quot;0&quot;,&quot;credit&quot;:&quot;&quot;,&quot;camera&quot;:&quot;&quot;,&quot;caption&quot;:&quot;&quot;,&quot;created_timestamp&quot;:&quot;0&quot;,&quot;copyright&quot;:&quot;&quot;,&quot;focal_length&quot;:&quot;0&quot;,&quot;iso&quot;:&quot;0&quot;,&quot;shutter_speed&quot;:&quot;0&quot;,&quot;title&quot;:&quot;&quot;,&quot;orientation&quot;:&quot;0&quot;}\" data-image-title=\"lipp_04\" data-image-description=\"\" data-image-caption=\"\" data-large-file=\"https:\/\/i0.wp.com\/www.freidenker.org\/fw17\/wp-content\/uploads\/2022\/03\/lipp_04.jpg?fit=800%2C451&amp;ssl=1\" class=\"wp-image-12388 size-large\" src=\"https:\/\/i0.wp.com\/www.freidenker.org\/fw17\/wp-content\/uploads\/2022\/03\/lipp_04.jpg?resize=800%2C451&#038;ssl=1\" alt=\"\" width=\"800\" height=\"451\" srcset=\"https:\/\/i0.wp.com\/www.freidenker.org\/fw17\/wp-content\/uploads\/2022\/03\/lipp_04.jpg?resize=1024%2C577&amp;ssl=1 1024w, https:\/\/i0.wp.com\/www.freidenker.org\/fw17\/wp-content\/uploads\/2022\/03\/lipp_04.jpg?resize=300%2C169&amp;ssl=1 300w, https:\/\/i0.wp.com\/www.freidenker.org\/fw17\/wp-content\/uploads\/2022\/03\/lipp_04.jpg?resize=768%2C433&amp;ssl=1 768w, https:\/\/i0.wp.com\/www.freidenker.org\/fw17\/wp-content\/uploads\/2022\/03\/lipp_04.jpg?w=1477&amp;ssl=1 1477w\" sizes=\"auto, (max-width: 800px) 100vw, 800px\" \/><figcaption id=\"caption-attachment-12388\" class=\"wp-caption-text\"><span style=\"font-size: 10pt;\">\u00a9 Foto: Alina Lipp<\/span><\/figcaption><\/figure>\n<p>Nach Gespr\u00e4chen mit B\u00fcrgern und Politikern vor Ort sowie mit Vertretern der russischen Regierung kann ich Folgendes mit Sicherheit dazu sagen: Die Bev\u00f6lkerung des Donbass wird seit acht Jahren von ultra-nationalistisch gesinnten Landsleuten terrorisiert, die in den allermeisten F\u00e4llen als erstes das Feuer er\u00f6ffnen und nicht davor zur\u00fcckschrecken, auf Schulen und Kinder zu schie\u00dfen. Aus diesem Grund gibt es f\u00fcr die Menschen keinen Weg zur\u00fcck in die Ukraine und die meisten hoffen auf eine Aufnahme der Republiken durch Russland \u2013 so, wie es damals auch mit der Krim geschehen war. Doch wie mir erz\u00e4hlt wurde, wird Russland die Donbassrepubliken unter keinen Umst\u00e4nden aufnehmen, sonst w\u00e4re dies bereits getan worden.<\/p>\n<p>Die Krim besa\u00df zum Zeitpunkt der Aufnahme bereits den Status einer autonomen Republik \u2013 die Donezker und die Lugansker Volksrepublik nicht. Eine Aufnahme in die Russische F\u00f6deration w\u00e4re demnach rechtswidrig. Politexperten sehen aus der Situation daher nur zwei Wege: die internationale Anerkennung der Donbassrepubliken als eigenst\u00e4ndige Staaten; oder ihre Aufnahme in die Russische F\u00f6deration mitsamt der restlichen Ukraine \u2013 ein Szenario, dass von westlichen Medien heute in allem Ernst als ein ultima ratio des Kremls erachtet wird. Wobei das ja bedeuten w\u00fcrde, dass Russland sich abertausende gewaltbereite Nationalisten mit ins Land holen w\u00fcrde und dabei noch einen unvermeidlichen Krieg mit der ganzen Welt riskieren m\u00fcsste.<\/p>\n<figure id=\"attachment_12389\" aria-describedby=\"caption-attachment-12389\" style=\"width: 800px\" class=\"wp-caption alignnone\"><img data-recalc-dims=\"1\" loading=\"lazy\" decoding=\"async\" data-attachment-id=\"12389\" data-permalink=\"https:\/\/www.freidenker.org\/?attachment_id=12389\" data-orig-file=\"https:\/\/i0.wp.com\/www.freidenker.org\/fw17\/wp-content\/uploads\/2022\/03\/lipp_05.jpg?fit=1408%2C793&amp;ssl=1\" data-orig-size=\"1408,793\" data-comments-opened=\"0\" data-image-meta=\"{&quot;aperture&quot;:&quot;0&quot;,&quot;credit&quot;:&quot;&quot;,&quot;camera&quot;:&quot;&quot;,&quot;caption&quot;:&quot;&quot;,&quot;created_timestamp&quot;:&quot;0&quot;,&quot;copyright&quot;:&quot;&quot;,&quot;focal_length&quot;:&quot;0&quot;,&quot;iso&quot;:&quot;0&quot;,&quot;shutter_speed&quot;:&quot;0&quot;,&quot;title&quot;:&quot;&quot;,&quot;orientation&quot;:&quot;0&quot;}\" data-image-title=\"lipp_05\" data-image-description=\"\" data-image-caption=\"\" data-large-file=\"https:\/\/i0.wp.com\/www.freidenker.org\/fw17\/wp-content\/uploads\/2022\/03\/lipp_05.jpg?fit=800%2C451&amp;ssl=1\" class=\"wp-image-12389 size-large\" src=\"https:\/\/i0.wp.com\/www.freidenker.org\/fw17\/wp-content\/uploads\/2022\/03\/lipp_05.jpg?resize=800%2C451&#038;ssl=1\" alt=\"\" width=\"800\" height=\"451\" srcset=\"https:\/\/i0.wp.com\/www.freidenker.org\/fw17\/wp-content\/uploads\/2022\/03\/lipp_05.jpg?resize=1024%2C577&amp;ssl=1 1024w, https:\/\/i0.wp.com\/www.freidenker.org\/fw17\/wp-content\/uploads\/2022\/03\/lipp_05.jpg?resize=300%2C169&amp;ssl=1 300w, https:\/\/i0.wp.com\/www.freidenker.org\/fw17\/wp-content\/uploads\/2022\/03\/lipp_05.jpg?resize=768%2C433&amp;ssl=1 768w, https:\/\/i0.wp.com\/www.freidenker.org\/fw17\/wp-content\/uploads\/2022\/03\/lipp_05.jpg?w=1408&amp;ssl=1 1408w\" sizes=\"auto, (max-width: 800px) 100vw, 800px\" \/><figcaption id=\"caption-attachment-12389\" class=\"wp-caption-text\"><span style=\"font-size: 10pt;\">\u00a9 Foto: Alina Lipp<\/span><\/figcaption><\/figure>\n<p>Russlandpatriotismus ist in der Donezker Volksrepublik auf jeden Fall allgegenw\u00e4rtig. \u00dcberall wird russisch gesprochen, in Rubel gezahlt und sich im Gegensatz zur Ukraine an der Moskauer Zeit orientiert. Riesige Plakate mit Aufschriften wie \u201eRussischer Donbass\u201c, \u201eUnsere Wahl: Russland\u201c schm\u00fccken W\u00e4nde gro\u00dfer Geb\u00e4ude genauso wie russische Flaggen. Im Gegensatz dazu hat sich aufgrund des jahrelangen Beschusses eine starke Abneigung gegen\u00fcber der Ukraine entwickelt und ich habe bisher keinen einzigen Menschen getroffen, der anti-russisch gesinnt war. Die Bev\u00f6lkerung ist dankbar f\u00fcr die humanit\u00e4re und wirtschaftliche Unterst\u00fctzung durch Russland. Den durchschnittlichen B\u00fcrgern muss es hier an nichts mangeln: Die Superm\u00e4rkte sind gut gef\u00fcllt (haupts\u00e4chlich mit russischen Produkten), Caf\u00e9s und Restaurants ge\u00f6ffnet, genauso wie Theater, Kinos oder Fitnessstudios. Die erh\u00e4ltlichen Lebensmittel befriedigen \u00fcbrigens nicht nur die Grundbed\u00fcrfnisse, sondern bieten den K\u00e4ufern z. B. auch verschiedene Sorten italienischen Kaffees, deutsche Ritter Sport Schokolade und ausgefallenere Dinge wie Reis- oder Buchweizenmilch. Neueste technische Ger\u00e4te oder saisonale Markenklamotten stehen in den Einkaufsh\u00e4usern ebenfalls zur Verf\u00fcgung. Optisch sind die meisten Menschen durchschnittlich normal gekleidet und gepflegt. Als Frau ist mir zum Beispiel aufgefallen, dass sich der Gro\u00dfteil der Damenwelt die Fingern\u00e4gel im Nagelstudio machen l\u00e4sst.<\/p>\n<h5>Leben in der Gefechtszone des Donbass<\/h5>\n<figure id=\"attachment_12390\" aria-describedby=\"caption-attachment-12390\" style=\"width: 800px\" class=\"wp-caption alignnone\"><img data-recalc-dims=\"1\" loading=\"lazy\" decoding=\"async\" data-attachment-id=\"12390\" data-permalink=\"https:\/\/www.freidenker.org\/?attachment_id=12390\" data-orig-file=\"https:\/\/i0.wp.com\/www.freidenker.org\/fw17\/wp-content\/uploads\/2022\/03\/lipp_06.jpg?fit=1514%2C853&amp;ssl=1\" data-orig-size=\"1514,853\" data-comments-opened=\"0\" data-image-meta=\"{&quot;aperture&quot;:&quot;0&quot;,&quot;credit&quot;:&quot;&quot;,&quot;camera&quot;:&quot;&quot;,&quot;caption&quot;:&quot;&quot;,&quot;created_timestamp&quot;:&quot;0&quot;,&quot;copyright&quot;:&quot;&quot;,&quot;focal_length&quot;:&quot;0&quot;,&quot;iso&quot;:&quot;0&quot;,&quot;shutter_speed&quot;:&quot;0&quot;,&quot;title&quot;:&quot;&quot;,&quot;orientation&quot;:&quot;0&quot;}\" data-image-title=\"lipp_06\" data-image-description=\"\" data-image-caption=\"\" data-large-file=\"https:\/\/i0.wp.com\/www.freidenker.org\/fw17\/wp-content\/uploads\/2022\/03\/lipp_06.jpg?fit=800%2C451&amp;ssl=1\" class=\"wp-image-12390 size-large\" src=\"https:\/\/i0.wp.com\/www.freidenker.org\/fw17\/wp-content\/uploads\/2022\/03\/lipp_06.jpg?resize=800%2C451&#038;ssl=1\" alt=\"\" width=\"800\" height=\"451\" srcset=\"https:\/\/i0.wp.com\/www.freidenker.org\/fw17\/wp-content\/uploads\/2022\/03\/lipp_06.jpg?resize=1024%2C577&amp;ssl=1 1024w, https:\/\/i0.wp.com\/www.freidenker.org\/fw17\/wp-content\/uploads\/2022\/03\/lipp_06.jpg?resize=300%2C169&amp;ssl=1 300w, https:\/\/i0.wp.com\/www.freidenker.org\/fw17\/wp-content\/uploads\/2022\/03\/lipp_06.jpg?resize=768%2C433&amp;ssl=1 768w, https:\/\/i0.wp.com\/www.freidenker.org\/fw17\/wp-content\/uploads\/2022\/03\/lipp_06.jpg?w=1514&amp;ssl=1 1514w\" sizes=\"auto, (max-width: 800px) 100vw, 800px\" \/><figcaption id=\"caption-attachment-12390\" class=\"wp-caption-text\"><span style=\"font-size: 10pt;\">\u00a9 Foto: Alina Lipp<\/span><\/figcaption><\/figure>\n<p>Doch was teilweise sogar Einheimische verdr\u00e4ngen: Nur zehn Autominuten vom Zentrum entfernt befindet sich die graue Zone zwischen Donbass und der Ukraine, in der ein beachtlicher Teil der Bev\u00f6lkerung den Krieg tagt\u00e4glich am eigenen Leib erlebt. Hier leben normale, friedliche Menschen, Familien mit Kindern, die das Pech hatten, dass die ukrainischen Streitkr\u00e4fte im Zuge des Krieges ausgerechnet bis zu ihren H\u00e4usern vorr\u00fccken konnten und ihre Nachbarschaft damit in ein Gefechtsgebiet verwandelten. Ein st\u00e4rkerer Kontrast ist kaum vorstellbar \u2013 auf der einen Seite die Boutiquen und heilen Geb\u00e4ude des Zentrums von Donezk, auf der anderen die Grenzwohngebiete, in dem kein Haus unbesch\u00e4digt geblieben ist. Hier f\u00fchren die Menschen ein Leben in Armut und st\u00e4ndiger Angst.<\/p>\n<p>Ich beschloss, mir diese Stadtgebiete n\u00e4her anzusehen. Andrej Lisenko leistet dort seit Beginn des Krieges t\u00e4glich humanit\u00e4re Hilfe und nimmt mich mittlerweile regelm\u00e4\u00dfig mit auf seine Fahrten. Was ich hier sah, werde ich niemals wieder vergessen.<\/p>\n<figure id=\"attachment_12391\" aria-describedby=\"caption-attachment-12391\" style=\"width: 800px\" class=\"wp-caption alignnone\"><img data-recalc-dims=\"1\" loading=\"lazy\" decoding=\"async\" data-attachment-id=\"12391\" data-permalink=\"https:\/\/www.freidenker.org\/?attachment_id=12391\" data-orig-file=\"https:\/\/i0.wp.com\/www.freidenker.org\/fw17\/wp-content\/uploads\/2022\/03\/lipp_07.jpg?fit=1493%2C841&amp;ssl=1\" data-orig-size=\"1493,841\" data-comments-opened=\"0\" data-image-meta=\"{&quot;aperture&quot;:&quot;0&quot;,&quot;credit&quot;:&quot;&quot;,&quot;camera&quot;:&quot;&quot;,&quot;caption&quot;:&quot;&quot;,&quot;created_timestamp&quot;:&quot;0&quot;,&quot;copyright&quot;:&quot;&quot;,&quot;focal_length&quot;:&quot;0&quot;,&quot;iso&quot;:&quot;0&quot;,&quot;shutter_speed&quot;:&quot;0&quot;,&quot;title&quot;:&quot;&quot;,&quot;orientation&quot;:&quot;0&quot;}\" data-image-title=\"lipp_07\" data-image-description=\"\" data-image-caption=\"\" data-large-file=\"https:\/\/i0.wp.com\/www.freidenker.org\/fw17\/wp-content\/uploads\/2022\/03\/lipp_07.jpg?fit=800%2C451&amp;ssl=1\" class=\"wp-image-12391 size-large\" src=\"https:\/\/i0.wp.com\/www.freidenker.org\/fw17\/wp-content\/uploads\/2022\/03\/lipp_07.jpg?resize=800%2C451&#038;ssl=1\" alt=\"\" width=\"800\" height=\"451\" srcset=\"https:\/\/i0.wp.com\/www.freidenker.org\/fw17\/wp-content\/uploads\/2022\/03\/lipp_07.jpg?resize=1024%2C577&amp;ssl=1 1024w, https:\/\/i0.wp.com\/www.freidenker.org\/fw17\/wp-content\/uploads\/2022\/03\/lipp_07.jpg?resize=300%2C169&amp;ssl=1 300w, https:\/\/i0.wp.com\/www.freidenker.org\/fw17\/wp-content\/uploads\/2022\/03\/lipp_07.jpg?resize=768%2C433&amp;ssl=1 768w, https:\/\/i0.wp.com\/www.freidenker.org\/fw17\/wp-content\/uploads\/2022\/03\/lipp_07.jpg?w=1493&amp;ssl=1 1493w\" sizes=\"auto, (max-width: 800px) 100vw, 800px\" \/><figcaption id=\"caption-attachment-12391\" class=\"wp-caption-text\"><span style=\"font-size: 10pt;\">\u00a9 Foto: Alina Lipp<\/span><\/figcaption><\/figure>\n<p>Bei meiner ersten Fahrt in die graue Zone fuhren wir in verschiedene s\u00fcd-westlich gelegene Stadtviertel Donezks. Um in die Zone zu gelangen, mussten wir zwei schwer bewaffnete Kontrollposten, die sogenannten \u201eBlockposts\u201c passieren, die an jeder gen Westen (also Richtung Ukraine) f\u00fchrenden Stra\u00dfe eingerichtet wurden. Die Soldaten kontrollierten uns nicht \u2013 sie erkennen Andrejs Auto bereits von weitem und winkten uns einfach hindurch. Nach den zwei, einige hundert Meter voneinander entfernten Kontrollposten, folgte eine dritte Barriere, die jedoch komplett gesperrt ist: die Grenze zur Ukraine. Kurz vorher bogen wir scharf ab und fuhren durch ein Wohngebiet. Die meisten H\u00e4user waren in irgendeiner Weise besch\u00e4digt: Einschussl\u00f6cher, zerbrochene Fenster, Brandsch\u00e4den. Einige H\u00e4user waren komplett zerst\u00f6rt, andere verlassen.<\/p>\n<p>Wir besuchten einen \u00e4lteren, tauben Herrn ohne Beine, der in seinem eigenen Garten von einem ukrainischen Sniper angeschossen wurde, eine Mutter mit unterern\u00e4hrter sechsj\u00e4hriger Tochter, die seit 2014 in einer Hausruine mit komplett zerst\u00f6rtem Dach lebten und eine Familie mit zwei T\u00f6chtern, die im vergangenen Jahr 12 Monate im Schutzkeller gelebt hatte. Andrej verteilt aus Spenden finanzierte Essenspakete, Kleidungsspenden und Bargeld. Ansonsten hilft ihnen niemand, staatliche Hilfsprogramme existieren nicht.<\/p>\n<figure id=\"attachment_12392\" aria-describedby=\"caption-attachment-12392\" style=\"width: 800px\" class=\"wp-caption alignnone\"><img data-recalc-dims=\"1\" loading=\"lazy\" decoding=\"async\" data-attachment-id=\"12392\" data-permalink=\"https:\/\/www.freidenker.org\/?attachment_id=12392\" data-orig-file=\"https:\/\/i0.wp.com\/www.freidenker.org\/fw17\/wp-content\/uploads\/2022\/03\/lipp_08.jpg?fit=1498%2C844&amp;ssl=1\" data-orig-size=\"1498,844\" data-comments-opened=\"0\" data-image-meta=\"{&quot;aperture&quot;:&quot;0&quot;,&quot;credit&quot;:&quot;&quot;,&quot;camera&quot;:&quot;&quot;,&quot;caption&quot;:&quot;&quot;,&quot;created_timestamp&quot;:&quot;0&quot;,&quot;copyright&quot;:&quot;&quot;,&quot;focal_length&quot;:&quot;0&quot;,&quot;iso&quot;:&quot;0&quot;,&quot;shutter_speed&quot;:&quot;0&quot;,&quot;title&quot;:&quot;&quot;,&quot;orientation&quot;:&quot;0&quot;}\" data-image-title=\"lipp_08\" data-image-description=\"\" data-image-caption=\"\" data-large-file=\"https:\/\/i0.wp.com\/www.freidenker.org\/fw17\/wp-content\/uploads\/2022\/03\/lipp_08.jpg?fit=800%2C451&amp;ssl=1\" class=\"wp-image-12392 size-large\" src=\"https:\/\/i0.wp.com\/www.freidenker.org\/fw17\/wp-content\/uploads\/2022\/03\/lipp_08.jpg?resize=800%2C451&#038;ssl=1\" alt=\"\" width=\"800\" height=\"451\" srcset=\"https:\/\/i0.wp.com\/www.freidenker.org\/fw17\/wp-content\/uploads\/2022\/03\/lipp_08.jpg?resize=1024%2C577&amp;ssl=1 1024w, https:\/\/i0.wp.com\/www.freidenker.org\/fw17\/wp-content\/uploads\/2022\/03\/lipp_08.jpg?resize=300%2C169&amp;ssl=1 300w, https:\/\/i0.wp.com\/www.freidenker.org\/fw17\/wp-content\/uploads\/2022\/03\/lipp_08.jpg?resize=768%2C433&amp;ssl=1 768w, https:\/\/i0.wp.com\/www.freidenker.org\/fw17\/wp-content\/uploads\/2022\/03\/lipp_08.jpg?w=1498&amp;ssl=1 1498w\" sizes=\"auto, (max-width: 800px) 100vw, 800px\" \/><figcaption id=\"caption-attachment-12392\" class=\"wp-caption-text\"><span style=\"font-size: 10pt;\">\u00a9 Foto: Alina Lipp<\/span><\/figcaption><\/figure>\n<p>Auf dem Papier wird das Minsker Abkommen eingehalten, doch in Wirklichkeit schwelt der Konflikt weiter und droht jederzeit zu eskalieren.<\/p>\n<p>Mit dem Verstand ist nicht zu begreifen, was hier vor sich geht, warum die ukrainische Seite seit Jahren die Zivilbev\u00f6lkerung terrorisiert. Ich schreibe dies bewusst einseitig, da die Donezker Volksmiliz dies andersherum n\u00e4mlich nicht tut. Die \u201eb\u00f6sen Separatisten\u201c, wie sie in unseren Medien oft genannt werden, verteidigen sich lediglich gegen die t\u00e4glichen Provokationen der ukrainischen Streitkr\u00e4fte \u2013 das kann ich nach drei Monaten Aufenthalt, zahlreichen Gespr\u00e4chen und eigenen Beobachtungen best\u00e4tigen. F\u00fcr die Donezker Seite ist es unbegreiflich, wie die Ukrainer nicht einmal davor zur\u00fcckschrecken, auf Schulen zu schie\u00dfen. So wurden im November 2021 innerhalb von zehn Tagen gleich drei Schulen im Donbass beschossen.<\/p>\n<figure id=\"attachment_12393\" aria-describedby=\"caption-attachment-12393\" style=\"width: 800px\" class=\"wp-caption alignnone\"><img data-recalc-dims=\"1\" loading=\"lazy\" decoding=\"async\" data-attachment-id=\"12393\" data-permalink=\"https:\/\/www.freidenker.org\/?attachment_id=12393\" data-orig-file=\"https:\/\/i0.wp.com\/www.freidenker.org\/fw17\/wp-content\/uploads\/2022\/03\/lipp_09.jpg?fit=1509%2C850&amp;ssl=1\" data-orig-size=\"1509,850\" data-comments-opened=\"0\" data-image-meta=\"{&quot;aperture&quot;:&quot;0&quot;,&quot;credit&quot;:&quot;&quot;,&quot;camera&quot;:&quot;&quot;,&quot;caption&quot;:&quot;&quot;,&quot;created_timestamp&quot;:&quot;0&quot;,&quot;copyright&quot;:&quot;&quot;,&quot;focal_length&quot;:&quot;0&quot;,&quot;iso&quot;:&quot;0&quot;,&quot;shutter_speed&quot;:&quot;0&quot;,&quot;title&quot;:&quot;&quot;,&quot;orientation&quot;:&quot;0&quot;}\" data-image-title=\"lipp_09\" data-image-description=\"\" data-image-caption=\"\" data-large-file=\"https:\/\/i0.wp.com\/www.freidenker.org\/fw17\/wp-content\/uploads\/2022\/03\/lipp_09.jpg?fit=800%2C451&amp;ssl=1\" class=\"wp-image-12393 size-large\" src=\"https:\/\/i0.wp.com\/www.freidenker.org\/fw17\/wp-content\/uploads\/2022\/03\/lipp_09.jpg?resize=800%2C451&#038;ssl=1\" alt=\"\" width=\"800\" height=\"451\" srcset=\"https:\/\/i0.wp.com\/www.freidenker.org\/fw17\/wp-content\/uploads\/2022\/03\/lipp_09.jpg?resize=1024%2C577&amp;ssl=1 1024w, https:\/\/i0.wp.com\/www.freidenker.org\/fw17\/wp-content\/uploads\/2022\/03\/lipp_09.jpg?resize=300%2C169&amp;ssl=1 300w, https:\/\/i0.wp.com\/www.freidenker.org\/fw17\/wp-content\/uploads\/2022\/03\/lipp_09.jpg?resize=768%2C433&amp;ssl=1 768w, https:\/\/i0.wp.com\/www.freidenker.org\/fw17\/wp-content\/uploads\/2022\/03\/lipp_09.jpg?w=1509&amp;ssl=1 1509w\" sizes=\"auto, (max-width: 800px) 100vw, 800px\" \/><figcaption id=\"caption-attachment-12393\" class=\"wp-caption-text\"><span style=\"font-size: 10pt;\">\u00a9 Foto: Alina Lipp<\/span><\/figcaption><\/figure>\n<p>Ich bin bis ins Mark ersch\u00fcttert von der Ungerechtigkeit, dem Elend, den Verbrechen an der Menschheit, die mitten in Europa stattfinden. Wie auch immer dieser Konflikt enden wird \u2013 Hauptsache er findet endlich ein Ende.<\/p>\n<p>Aber wird das Ganze ein friedliches Ende finden k\u00f6nnen, wenn die n\u00e4her ger\u00fcckte und mit westlichen Waffen aufger\u00fcstete ukrainische Armee eine Provokation wagt?<\/p>\n<p style=\"text-align: right;\"><em>Alina Lipp ist freie Journalistin<\/em><\/p>\n<p>Wir danken der Autorin f\u00fcr die Genehmigung zur Ver\u00f6ffentlichung des Textes und der Bilder auf unserer Webseite.<\/p>\n<p><span style=\"font-size: 10pt;\">Weitere Erlebnisberichte von Alina Lipp finden Sie auf ihrer <a href=\"http:\/\/neuesausrussland.online\/\" target=\"_blank\" rel=\"noopener\">Internetseite<\/a>, und ihrem Liveticker zum Donbasskonflikt inkl. Fotos und Videos aus Donezk auf <a href=\"https:\/\/t.me\/neuesausrussland\" target=\"_blank\" rel=\"noopener\">Telegram<\/a>.<\/span><\/p>\n<hr \/>\n<p><span style=\"font-size: 10pt;\">Beitragsbild oben: \u00a9 Foto: Alina Lipp<\/span><\/p>\n","protected":false},"excerpt":{"rendered":"<p><b>Bericht von Alina Lipp<\/b><br \/>\nWumm. Irgendwo in nicht allzu weiter Entfernung knallt es. Ich schrecke zusammen, schaue mich um. Au\u00dfer mir h\u00e4lt niemand in meiner Umgebung inne, die Passanten tun so, als h\u00e4tten sie nichts geh\u00f6rt. Es ist Herbst 2021, ich stehe mitten im Zentrum von Donezk und es ist das erste Mal, dass ich etwas von den\u00a0Kriegshandlungen an der Grenze zur Ukraine\u00a0mitbekomme.<br \/>\nNormalerweise ist im Zentrum davon nichts zu h\u00f6ren. Am Abend erfahre ich in den Nachrichten, dass die ukrainische Armee eine Drohne mit Sprengsatz im Donezker \u00d6llager hatte landen lassen und dieser bei der Entsch\u00e4rfung \u2013 in sicherer Entfernung von den \u00d6lf\u00e4ssern \u2013 detoniert war. W\u00e4re der Sprengsatz wie urspr\u00fcnglich geplant auf einem Fass hochgegangen, w\u00e4re ein Gro\u00dfteil der Stadt ausgel\u00f6scht worden.<\/p>\n","protected":false},"author":3,"featured_media":12397,"comment_status":"closed","ping_status":"closed","sticky":false,"template":"","format":"standard","meta":{"colormag_page_container_layout":"default_layout","colormag_page_sidebar_layout":"default_layout","advanced_seo_description":"","jetpack_seo_html_title":"","jetpack_seo_noindex":false,"jetpack_post_was_ever_published":false,"footnotes":""},"categories":[13],"tags":[1405,1121,188,639],"class_list":["post-12385","post","type-post","status-publish","format-standard","has-post-thumbnail","hentry","category-frieden-antifaschismus-solidaritaet","tag-bericht","tag-donbass","tag-krieg","tag-ukraine-konflikt"],"jetpack_featured_media_url":"https:\/\/i0.wp.com\/www.freidenker.org\/fw17\/wp-content\/uploads\/2022\/03\/alina_lipp_800x450.jpg?fit=800%2C450&ssl=1","jetpack_shortlink":"https:\/\/wp.me\/p9stpK-3dL","jetpack-related-posts":[{"id":13789,"url":"https:\/\/www.freidenker.org\/?p=13789","url_meta":{"origin":12385,"position":0},"title":"Alina Lipp: &#8222;Ihr t\u00f6tet mit euren Waffenlieferungen Kinder im Donbass!&#8220;","author":"Webredaktion","date":"22. Juli 2022","format":false,"excerpt":"Ein Aufruf internationaler Journalist*innen Die junge Hamburger Journalistin Alina Lipp berichtet in ihren Bloggs vom Leben und Sterben unter dem Beschuss aus Donezk. In den letzten Tagen vor Aufnahme dieses Videos starben mindestens f\u00fcnf Kinder unter dem Beschuss ziviler Ziele durch die ukrainische Armee. \u00a0\"Jeden Tag schie\u00dft die ukrainische Armee\u2026","rel":"","context":"In &quot;Frieden - Antifaschismus - Solidarit\u00e4t&quot;","block_context":{"text":"Frieden - Antifaschismus - Solidarit\u00e4t","link":"https:\/\/www.freidenker.org\/?cat=13"},"img":{"alt_text":"","src":"https:\/\/i0.wp.com\/www.freidenker.org\/fw17\/wp-content\/uploads\/2022\/07\/alina_lipp_denkmal_v2_800x450.jpg?fit=800%2C450&ssl=1&resize=350%2C200","width":350,"height":200,"srcset":"https:\/\/i0.wp.com\/www.freidenker.org\/fw17\/wp-content\/uploads\/2022\/07\/alina_lipp_denkmal_v2_800x450.jpg?fit=800%2C450&ssl=1&resize=350%2C200 1x, https:\/\/i0.wp.com\/www.freidenker.org\/fw17\/wp-content\/uploads\/2022\/07\/alina_lipp_denkmal_v2_800x450.jpg?fit=800%2C450&ssl=1&resize=525%2C300 1.5x, https:\/\/i0.wp.com\/www.freidenker.org\/fw17\/wp-content\/uploads\/2022\/07\/alina_lipp_denkmal_v2_800x450.jpg?fit=800%2C450&ssl=1&resize=700%2C400 2x"},"classes":[]},{"id":15167,"url":"https:\/\/www.freidenker.org\/?p=15167","url_meta":{"origin":12385,"position":1},"title":"&#8222;Faktenfinder&#8220; der Tagesschau: Diffamierungskampagne gegen Alina Lipp geht weiter","author":"Webredaktion","date":"5. Februar 2023","format":false,"excerpt":"Beitrag von Gert Ewen Ungar Die Tagesschau behauptet von sich, das Flaggschiff des deutschen Journalismus zu sein und hohe Standards in der Berichterstattung zu befolgen. Mit dieser vollmundigen Selbstwahrnehmung korrespondiert die Realit\u00e4t immer weniger. Insbesondere in Krisenzeiten zeigt sich die Tagesschau wie viele andere deutsche Medien auch extrem anf\u00e4llig f\u00fcr\u2026","rel":"","context":"In &quot;Demokratie \u2013 Medien \u2013 Aufkl\u00e4rung&quot;","block_context":{"text":"Demokratie \u2013 Medien \u2013 Aufkl\u00e4rung","link":"https:\/\/www.freidenker.org\/?cat=12"},"img":{"alt_text":"","src":"https:\/\/i0.wp.com\/www.freidenker.org\/fw17\/wp-content\/uploads\/2023\/02\/alina_lipp_donbass_800x450.jpg?fit=800%2C450&ssl=1&resize=350%2C200","width":350,"height":200,"srcset":"https:\/\/i0.wp.com\/www.freidenker.org\/fw17\/wp-content\/uploads\/2023\/02\/alina_lipp_donbass_800x450.jpg?fit=800%2C450&ssl=1&resize=350%2C200 1x, https:\/\/i0.wp.com\/www.freidenker.org\/fw17\/wp-content\/uploads\/2023\/02\/alina_lipp_donbass_800x450.jpg?fit=800%2C450&ssl=1&resize=525%2C300 1.5x, https:\/\/i0.wp.com\/www.freidenker.org\/fw17\/wp-content\/uploads\/2023\/02\/alina_lipp_donbass_800x450.jpg?fit=800%2C450&ssl=1&resize=700%2C400 2x"},"classes":[]},{"id":21921,"url":"https:\/\/www.freidenker.org\/?p=21921","url_meta":{"origin":12385,"position":2},"title":"Juristische Ausl\u00f6schung ohne Urteil","author":"Webredaktion","date":"22. Mai 2025","format":false,"excerpt":"Zwischen Wahrheit und Willk\u00fcr \u2013 \u00fcber Alina Lipp, ihre Berichterstattung und die europ\u00e4ische Realit\u00e4t Standpunkt von Sabiene Jahn Am 20. Mai 2025 will die Europ\u00e4ische Union das 17. Sanktionspaket verabschieden. Es ist ein Vorgang von historischer Tragweite \u2013 nicht wegen seiner Gr\u00f6\u00dfe, sondern wegen seines Charakters. Denn diesmal betrifft es\u2026","rel":"","context":"In &quot;Demokratie \u2013 Medien \u2013 Aufkl\u00e4rung&quot;","block_context":{"text":"Demokratie \u2013 Medien \u2013 Aufkl\u00e4rung","link":"https:\/\/www.freidenker.org\/?cat=12"},"img":{"alt_text":"","src":"https:\/\/i0.wp.com\/www.freidenker.org\/fw17\/wp-content\/uploads\/2025\/05\/lipp_09_800x450.jpg?fit=800%2C450&ssl=1&resize=350%2C200","width":350,"height":200,"srcset":"https:\/\/i0.wp.com\/www.freidenker.org\/fw17\/wp-content\/uploads\/2025\/05\/lipp_09_800x450.jpg?fit=800%2C450&ssl=1&resize=350%2C200 1x, https:\/\/i0.wp.com\/www.freidenker.org\/fw17\/wp-content\/uploads\/2025\/05\/lipp_09_800x450.jpg?fit=800%2C450&ssl=1&resize=525%2C300 1.5x, https:\/\/i0.wp.com\/www.freidenker.org\/fw17\/wp-content\/uploads\/2025\/05\/lipp_09_800x450.jpg?fit=800%2C450&ssl=1&resize=700%2C400 2x"},"classes":[]},{"id":22709,"url":"https:\/\/www.freidenker.org\/?p=22709","url_meta":{"origin":12385,"position":3},"title":"Fast-Abschaffung der Pressefreiheit \u2013 R\u00f6per und Lipp klagen gegen EU-Sanktionen","author":"Webredaktion","date":"1. September 2025","format":false,"excerpt":"Beitrag von Felicitas Rabe\u00a0 Die Journalisten Alina Lipp und Thomas R\u00f6per wurden im Mai dieses Jahres als erste europ\u00e4ische B\u00fcrger im 17. EU-Sanktionspaket gegen die Russische F\u00f6deration namentlich in der Liste sanktionierter Personen aufgenommen. [...] Seitens der EU wird R\u00f6per und Lipp vorgeworfen, sie w\u00fcrden einen russischen Angriffskrieg unterst\u00fctzen. Als\u2026","rel":"","context":"In &quot;Demokratie \u2013 Medien \u2013 Aufkl\u00e4rung&quot;","block_context":{"text":"Demokratie \u2013 Medien \u2013 Aufkl\u00e4rung","link":"https:\/\/www.freidenker.org\/?cat=12"},"img":{"alt_text":"","src":"https:\/\/i0.wp.com\/www.freidenker.org\/fw17\/wp-content\/uploads\/2025\/09\/Tacheles_mit_Roeper_und_Stein_800x450.jpg?fit=800%2C450&ssl=1&resize=350%2C200","width":350,"height":200,"srcset":"https:\/\/i0.wp.com\/www.freidenker.org\/fw17\/wp-content\/uploads\/2025\/09\/Tacheles_mit_Roeper_und_Stein_800x450.jpg?fit=800%2C450&ssl=1&resize=350%2C200 1x, https:\/\/i0.wp.com\/www.freidenker.org\/fw17\/wp-content\/uploads\/2025\/09\/Tacheles_mit_Roeper_und_Stein_800x450.jpg?fit=800%2C450&ssl=1&resize=525%2C300 1.5x, https:\/\/i0.wp.com\/www.freidenker.org\/fw17\/wp-content\/uploads\/2025\/09\/Tacheles_mit_Roeper_und_Stein_800x450.jpg?fit=800%2C450&ssl=1&resize=700%2C400 2x"},"classes":[]},{"id":15080,"url":"https:\/\/www.freidenker.org\/?p=15080","url_meta":{"origin":12385,"position":4},"title":"Update zur Fressefreiheit","author":"Webredaktion","date":"27. Januar 2023","format":false,"excerpt":"Video einer Rede von Heiner B\u00fccker Wer noch irgendwelche Illusionen \u00fcber den Zustand der Meinungsfreiheit in Deutschland hat, der vergegenw\u00e4rtige sich, dass die im Video festgehaltene Rede des Berliner Friedensaktivisten und Antifaschisten Heiner B\u00fccker wegen \"Billigung von Straftaten\" von einem Berliner Amtsrichter mit einem Strafbefehl belegt wurde. \u00dcber den Fall\u2026","rel":"","context":"In &quot;Zeit der Verleumder - Freidenker f\u00fcr Klartext&quot;","block_context":{"text":"Zeit der Verleumder - Freidenker f\u00fcr Klartext","link":"https:\/\/www.freidenker.org\/?cat=937"},"img":{"alt_text":"","src":"https:\/\/i0.wp.com\/www.freidenker.org\/fw17\/wp-content\/uploads\/2023\/01\/klartext_heiner_buecker_800x450.jpg?fit=800%2C450&ssl=1&resize=350%2C200","width":350,"height":200,"srcset":"https:\/\/i0.wp.com\/www.freidenker.org\/fw17\/wp-content\/uploads\/2023\/01\/klartext_heiner_buecker_800x450.jpg?fit=800%2C450&ssl=1&resize=350%2C200 1x, https:\/\/i0.wp.com\/www.freidenker.org\/fw17\/wp-content\/uploads\/2023\/01\/klartext_heiner_buecker_800x450.jpg?fit=800%2C450&ssl=1&resize=525%2C300 1.5x, https:\/\/i0.wp.com\/www.freidenker.org\/fw17\/wp-content\/uploads\/2023\/01\/klartext_heiner_buecker_800x450.jpg?fit=800%2C450&ssl=1&resize=700%2C400 2x"},"classes":[]},{"id":14993,"url":"https:\/\/www.freidenker.org\/?p=14993","url_meta":{"origin":12385,"position":5},"title":"Was passiert wirklich im Donbass?","author":"Webredaktion","date":"11. Januar 2023","format":false,"excerpt":"Beitrag von Gert Ewen Ungar \"Wie geht es dir dort?\", schrieb ich und schickte die Nachricht an\u00a0Nikita. \"Hier ist es nat\u00fcrlich schrecklich. Man bombardiert uns st\u00e4ndig\", war die Antwort, die ich kurz darauf erhielt. Nikita war \u00fcber die Feiertage zur\u00fcck in seine Heimat gefahren, nach Donezk. Er hatte die Stadt\u2026","rel":"","context":"In &quot;Demokratie \u2013 Medien \u2013 Aufkl\u00e4rung&quot;","block_context":{"text":"Demokratie \u2013 Medien \u2013 Aufkl\u00e4rung","link":"https:\/\/www.freidenker.org\/?cat=12"},"img":{"alt_text":"","src":"https:\/\/i0.wp.com\/www.freidenker.org\/fw17\/wp-content\/uploads\/2023\/01\/HIMARS_DA-SD-07-43938_800x450.jpg?fit=800%2C450&ssl=1&resize=350%2C200","width":350,"height":200,"srcset":"https:\/\/i0.wp.com\/www.freidenker.org\/fw17\/wp-content\/uploads\/2023\/01\/HIMARS_DA-SD-07-43938_800x450.jpg?fit=800%2C450&ssl=1&resize=350%2C200 1x, https:\/\/i0.wp.com\/www.freidenker.org\/fw17\/wp-content\/uploads\/2023\/01\/HIMARS_DA-SD-07-43938_800x450.jpg?fit=800%2C450&ssl=1&resize=525%2C300 1.5x, https:\/\/i0.wp.com\/www.freidenker.org\/fw17\/wp-content\/uploads\/2023\/01\/HIMARS_DA-SD-07-43938_800x450.jpg?fit=800%2C450&ssl=1&resize=700%2C400 2x"},"classes":[]}],"_links":{"self":[{"href":"https:\/\/www.freidenker.org\/index.php?rest_route=\/wp\/v2\/posts\/12385","targetHints":{"allow":["GET"]}}],"collection":[{"href":"https:\/\/www.freidenker.org\/index.php?rest_route=\/wp\/v2\/posts"}],"about":[{"href":"https:\/\/www.freidenker.org\/index.php?rest_route=\/wp\/v2\/types\/post"}],"author":[{"embeddable":true,"href":"https:\/\/www.freidenker.org\/index.php?rest_route=\/wp\/v2\/users\/3"}],"replies":[{"embeddable":true,"href":"https:\/\/www.freidenker.org\/index.php?rest_route=%2Fwp%2Fv2%2Fcomments&post=12385"}],"version-history":[{"count":0,"href":"https:\/\/www.freidenker.org\/index.php?rest_route=\/wp\/v2\/posts\/12385\/revisions"}],"wp:featuredmedia":[{"embeddable":true,"href":"https:\/\/www.freidenker.org\/index.php?rest_route=\/wp\/v2\/media\/12397"}],"wp:attachment":[{"href":"https:\/\/www.freidenker.org\/index.php?rest_route=%2Fwp%2Fv2%2Fmedia&parent=12385"}],"wp:term":[{"taxonomy":"category","embeddable":true,"href":"https:\/\/www.freidenker.org\/index.php?rest_route=%2Fwp%2Fv2%2Fcategories&post=12385"},{"taxonomy":"post_tag","embeddable":true,"href":"https:\/\/www.freidenker.org\/index.php?rest_route=%2Fwp%2Fv2%2Ftags&post=12385"}],"curies":[{"name":"wp","href":"https:\/\/api.w.org\/{rel}","templated":true}]}}