{"id":12345,"date":"2022-02-27T21:26:17","date_gmt":"2022-02-27T20:26:17","guid":{"rendered":"https:\/\/www.freidenker.org\/?p=12345"},"modified":"2022-04-11T00:00:06","modified_gmt":"2022-04-10T22:00:06","slug":"es-begann-mit-geschichtsfaelschung","status":"publish","type":"post","link":"https:\/\/www.freidenker.org\/?p=12345","title":{"rendered":"Es begann mit Geschichtsf\u00e4lschung &#8230;"},"content":{"rendered":"<h5>&#8230;\u00a0<strong>und m\u00fcndete in ideologischen Krieg der Medien und Kriegshetzer<\/strong><\/h5>\n<p><em>von <strong>Bruno Mahlow<\/strong><\/em><\/p>\n<p><span style=\"font-size: 10pt;\">Geschrieben am 24.02.2022 &#8211; der Webredaktion per Mail am 27.02.2022 zugegangen.<\/span><\/p>\n<p>Wehret den Anf\u00e4ngen \u2013 hie\u00df es schon zu Beginn einer Kampagne verantwortungsloser F\u00e4lschung der Geschichte des II. Weltkrieges durch Medien und einzelne Politiker. Heute sind wir Zeitzeugen eines ideologischen Krieges, des massiven Einsatzes von Massenmedien zur Manipulierung von Bewusstsein und politischem Handeln.<\/p>\n<p>Hinter der Russophobie steht unter anderem die Negierung der Tatsache, dass f\u00fcr die USA \u2013 und in ihrem Gefolge die NATO-Verb\u00fcndeten \u2013 Russland als ihr geostrategischer Hauptfeind gilt.<\/p>\n<p>Auch die dabei angewandten Sanktionen dienen, wider jedes V\u00f6lkerrecht, als Mittel der \u201eBestrafung\u201c.<\/p>\n<p>So f\u00fchrte diese F\u00e4lschung auch zur Herausbildung von Staatsterrorismus, zu L\u00fcgen und Hetze als politischen Instrumenten einer US-regelbasierten Weltordnung.<\/p>\n<p>Es wird von ma\u00dfgeblichen westlichen Akteuren der Eindruck verbreitet, als sei die Anerkennung der Donezker und Lugansker Volksrepubliken \u00fcberraschend \u2013 wenn auch vorausgesagt \u2013 erfolgt. In Wirklichkeit erkl\u00e4rten beide nicht anerkannten Republiken ihre Unabh\u00e4ngigkeit von der Ukraine bereits 2014, w\u00e4hrend die Anerkennung durch Russland erst jetzt erfolgte, obwohl der Druck diesbez\u00fcglich in der russischen Gesellschaft und in den beiden Republiken schon von Anfang an stark vorhanden war.<\/p>\n<p>Aber nicht nur das. Auffallend sind die Ignoranz und Verf\u00e4lschung der Ereignisse, die mit dem Putsch im Februar 2014 einhergingen und begannen, der Maidanisierung unter F\u00f6rderung seitens der Ukraine, Frankreichs und Deutschlands.<\/p>\n<p>Die Minsker Vereinbarungen wurden kurz nach ihrer Verk\u00fcndung von ukrainischer Seite als ein \u201esinnloses Blatt Papier\u201c behandelt.<br \/>\nDies betraf insbesondere die Schl\u00fcsselfrage der Minsker Vereinbarung, die die F\u00fchrung des Dialoges der ukrainischen Regierung mit beiden Republiken enthielt. Sie waren die eigentlichen aktiven Seiten des internationalen Konfliktes. Russland geh\u00f6rte nicht dazu.<\/p>\n<p>So m\u00fcssen sich die westlichen Akteure vorwerfen lassen, dass f\u00fcr sie bei ihrem Geschrei das Schicksal der 4 Millionen Einwohner des Donbass keine Rolle spielt. F\u00fcr die an die Macht gelangten Kr\u00e4fte fiel die Entscheidung gegen die Minsker Vereinbarung und f\u00fcr das Blutvergie\u00dfen.<\/p>\n<p>Auffallend ist auch das Negieren des reaktion\u00e4ren Wesens der herrschenden Politik, der gef\u00e4hrlichen Faschisierungstendenzen, die sich in erster Linie gegen die B\u00fcrger der Ukraine richten! Selbst der Gebrauch der Muttersprache wird unter Strafe gestellt. Der Beschuss des bewohnten Territoriums, der Wirtschaftszentren geh\u00f6rte zur st\u00e4ndigen Bedrohung.<\/p>\n<p>Die Anerkennung der beiden Republiken durch Russland wird als Verletzung des Prinzips der Souver\u00e4nit\u00e4t und territorialen Integrit\u00e4t behauptet. Doch hier sei auf die Deklaration von 1970 \u00fcber Prinzipien des V\u00f6lkerrechts, die die freundschaftlichen Beziehungen zwischen den V\u00f6lkern betreffen, verwiesen. Sie bilden die Grundlage auch f\u00fcr die Interpretation der UN-Charta.<\/p>\n<p>In der Deklaration wird unterstrichen, dass das Prinzip der Souver\u00e4nit\u00e4t und territorialen Integrit\u00e4t unbedingt einzuhalten ist \u2013 in Bezug auf alle Staaten, die in ihren praktischen Handlungen das Prinzip der Gleichberechtigung und Selbstbestimmung der V\u00f6lker einhalten und entsprechend \u00fcber Regierungen verf\u00fcgen, die ohne Unterschied bez\u00fcglich Rasse, Glaubensbekenntnis oder Hautfarbe das ganze Volk auf den jeweiligen Territorien vertreten.<\/p>\n<p>Es kann wohl niemand behaupten, dass das in der Ukraine herrschende Regime seit dem Putsch 2014 die ganze Bev\u00f6lkerung, die auf dem Territorium des ukrainischen Staates lebt, vertritt. Diese Schl\u00fcsselposition zu negieren, gereicht den Kritikern des Vorgehens Putins nicht zur Ehre.<\/p>\n<p>Zu den negativen Handlungen in der Ukrainekrise geh\u00f6rt auch die Rolle der EU, die selbst f\u00fcr ihre Handlungen nicht verantwortlich zeichnet, obwohl die Au\u00dfenminister Deutschlands, Polens und Frankreichs zun\u00e4chst als Garanten der zwischen dem Pr\u00e4sidenten Janukowitsch und der Opposition getroffenen Vereinbarung galten.<\/p>\n<p>Auch bei Beachtung einiger strittiger Passagen in der Rede des Pr\u00e4sidenten Putin sei rechten wie auch einigen linken Kritikern Putins ins Tagebuch geschrieben, dass zu verantwortungsbewussten Entscheidungen in der Friedensfrage als vern\u00fcnftige Voraussetzung die Abkehr von Antisowjetismus, Antikommunismus und erst recht der Russophobie geh\u00f6rt. Das w\u00e4re auch einer Konsolidierung der Gesellschaft dienlich.<\/p>\n<p>Trotz der \u00e4u\u00dferst gef\u00e4hrlichen Lage setzt das derzeitige ukrainische Regime \u2013 und das kann es nur mit aktivem Wohlwollen westlicher Politiker \u2013 das Spiel mit dem Feuer fort. Allein am 23. Februar meldete die OSZE-Zentrale \u00fcber tausend Detonationen innerhalb 24 Stunden. Es w\u00e4chst weiter die Zahl der Toten und Verletzten. Statt Entmilitarisierung, Verzicht auf NATO-Mitgliedschaft der Ukraine und Reaktion auf Moskaus Aufforderung zu Garantien f\u00fcr Russlands Sicherheit eskalieren die ukrainische Regierung und die westliche Allianz unter aktiver Mitwirkung der EU und Deutschlands die Spannungen. Vom Ziel Moskaus, alles zu tun, um \u201eFrieden, die Stabilit\u00e4t in der Region und die St\u00e4rkung der Sicherheit\u201c zu erreichen, ist die derzeitige Situation weit entfernt.<\/p>\n<p>Selbst bei einem kurzen historischen R\u00fcckblick in die vergangenen 30 Jahre wird deutlich, dass Russland beharrlich und mit viel Geduld bem\u00fcht war, mit den f\u00fchrenden NATO-Staaten \u00fcber Prinzipien gleicher und ungeteilter Sicherheit in Europa zu einer \u00dcbereinkunft zu kommen. Im Widerspruch dazu wird ohne jeglichen Grund Russland als Feind, als Aggressor verleumdet. Die westliche Allianz geht so weit, dass sie versucht, unter US-F\u00fchrung ein \u201eAnti-Russland\u201c zu schaffen.<\/p>\n<p>Vergessen scheint f\u00fcr viele auch linke Kritiker Russlands die Verpflichtung zu sein: \u201eNie wieder Krieg, nie wieder Faschismus!\u201c Mehr noch: NATO-Politiker unterst\u00fctzen die extremen Nationalisten und Neonazis in der Ukraine. Unendlich lange, 8 Jahre lang, lehnen die seit 2014 durch einen Putsch an die Macht gelangten Kr\u00e4fte jede friedliche Regelung des Konfliktes ab. In \u00dcbereinstimmung mit Art. 51, Teil 7 der UN-Charta und mit Zustimmung durch den F\u00f6derationsrat der RF f\u00fchrt Russland entsprechend den mit beiden Republiken abgeschlossenen Vertr\u00e4gen, eine spezielle Milit\u00e4roperation durch. Dabei geht es um den Schutz von Menschenleben, um die Entmilitarisierung und Entnazifizierung der Ukraine. D. h., es handelt sich nicht um eine Besetzung ukrainischen Territoriums, auch nicht um eine Verletzung des Prinzips der Freiheit des Menschen als Wert. Aber f\u00fcr Russland ist auch der Verzicht des Selbstbestimmungsrechts der Nation unzul\u00e4ssig.<\/p>\n<p>Dar\u00fcber hinaus ist f\u00fcr Russland selbst die Selbstverteidigung vor der Gefahr, die durch die NATO-Osterweiterung und den Ausbau der NATO-Infrastruktur ausgeht, von schicksalhafter Bedeutung.<\/p>\n<p><strong>Russland kann eine Wiederholung des 22. Juni 1941 nicht widerspruchslos hinnehmen. Dies ist nicht nur eine Lehre f\u00fcr Russland, sondern zugleich eine Warnung f\u00fcr alle Kr\u00e4fte, die aus der Geschichte nichts gelernt haben.<\/strong><\/p>\n<p style=\"text-align: right;\"><em>Bruno Mahlow wurde als Emigrantenkind 1937 in Moskau geboren. Mit zehn Jahren nach Berlin \u00fcbergesiedelt, Studium am Institut f\u00fcr Internationale Beziehungen in Moskau und T\u00e4tigkeit im diplomatischen Dienst der DDR. Von 1973 bis 1989 Vize-Chef der Abteilung Internationale Beziehungen des ZK der SED, danach deren Leiter. Heute Mitglied des \u00c4ltestenrates der Partei Die Linke. Bruno ist dem Freidenkerverband freundschaftlich verbunden, und sprach auf einer Reihe seiner Konferenzen und Veranstaltungen.<\/em><\/p>\n<hr \/>\n<p><span style=\"font-size: 10pt;\">Bild oben: Russlandphobie. Historische Karikatur von 1901, gemeinfrei. <\/span><br \/>\n<span style=\"font-size: 10pt;\">Quelle: <a href=\"https:\/\/kritisches-netzwerk.de\/forum\/die-angebliche-destabilisierung-des-westens-ist-doppeldenk-reinkultur\" target=\"_blank\" rel=\"noopener\">https:\/\/kritisches-netzwerk.de\/forum\/die-angebliche-destabilisierung-des-westens-ist-doppeldenk-reinkultur<\/a><\/span><\/p>\n","protected":false},"excerpt":{"rendered":"<p><b>&#8230;\u00a0und m\u00fcndete in ideologischen Krieg der Medien und Kriegshetzer &#8211; Beitrag von Bruno Mahlow<\/b><br \/>\nWehret den Anf\u00e4ngen \u2013 hie\u00df es schon zu Beginn einer Kampagne verantwortungsloser F\u00e4lschung der Geschichte des II. Weltkrieges durch Medien und einzelne Politiker. Heute sind wir Zeitzeugen eines ideologischen Krieges, des massiven Einsatzes von Massenmedien zur Manipulierung von Bewusstsein und politischem Handeln.<br \/>\nHinter der Russophobie steht unter anderem die Negierung der Tatsache, dass f\u00fcr die USA \u2013 und in ihrem Gefolge die NATO-Verb\u00fcndeten \u2013 Russland als ihr geostrategischer Hauptfeind gilt. Auch die dabei angewandten Sanktionen dienen, wider jedes V\u00f6lkerrecht, als Mittel der \u201eBestrafung\u201c.<\/p>\n","protected":false},"author":3,"featured_media":12346,"comment_status":"closed","ping_status":"closed","sticky":false,"template":"","format":"standard","meta":{"colormag_page_container_layout":"default_layout","colormag_page_sidebar_layout":"default_layout","advanced_seo_description":"","jetpack_seo_html_title":"","jetpack_seo_noindex":false,"jetpack_post_was_ever_published":false,"footnotes":""},"categories":[13,1162],"tags":[491,56,222,1168,639,185],"class_list":["post-12345","post","type-post","status-publish","format-standard","has-post-thumbnail","hentry","category-frieden-antifaschismus-solidaritaet","category-geschichte","tag-geschichte","tag-nato","tag-russland","tag-russophobie","tag-ukraine-konflikt","tag-usa"],"jetpack_featured_media_url":"https:\/\/i0.wp.com\/www.freidenker.org\/fw17\/wp-content\/uploads\/2022\/02\/russian_bear_800x450.jpg?fit=800%2C450&ssl=1","jetpack_shortlink":"https:\/\/wp.me\/p9stpK-3d7","jetpack-related-posts":[{"id":13964,"url":"https:\/\/www.freidenker.org\/?p=13964","url_meta":{"origin":12345,"position":0},"title":"Sind die Nazis in Deutschland wieder an der Macht?","author":"Webredaktion","date":"17. August 2022","format":false,"excerpt":"Beitrag von Dr. Wolfgang Schacht Im Zusammenhang mit dem widerlichen und beleidigenden Auftritt des neuen Bundeskanzlers, Olaf Scholz, am 15. Februar 2022 in Moskau ... ; den offiziellen Reaktionen der USA und seiner Vasallen auf den Beginn der \u201eSpeziellen milit\u00e4rischen Operation\u201c Russlands in der Ukraine zu ihrer Demilitarisierung und Denazifizierung\u2026","rel":"","context":"In &quot;Frieden - Antifaschismus - Solidarit\u00e4t&quot;","block_context":{"text":"Frieden - Antifaschismus - Solidarit\u00e4t","link":"https:\/\/www.freidenker.org\/?cat=13"},"img":{"alt_text":"","src":"https:\/\/i0.wp.com\/www.freidenker.org\/fw17\/wp-content\/uploads\/2022\/08\/Nazis_Deutschland_Macht_v3_800x450.jpg?fit=800%2C450&ssl=1&resize=350%2C200","width":350,"height":200,"srcset":"https:\/\/i0.wp.com\/www.freidenker.org\/fw17\/wp-content\/uploads\/2022\/08\/Nazis_Deutschland_Macht_v3_800x450.jpg?fit=800%2C450&ssl=1&resize=350%2C200 1x, https:\/\/i0.wp.com\/www.freidenker.org\/fw17\/wp-content\/uploads\/2022\/08\/Nazis_Deutschland_Macht_v3_800x450.jpg?fit=800%2C450&ssl=1&resize=525%2C300 1.5x, https:\/\/i0.wp.com\/www.freidenker.org\/fw17\/wp-content\/uploads\/2022\/08\/Nazis_Deutschland_Macht_v3_800x450.jpg?fit=800%2C450&ssl=1&resize=700%2C400 2x"},"classes":[]},{"id":6760,"url":"https:\/\/www.freidenker.org\/?p=6760","url_meta":{"origin":12345,"position":1},"title":"Unsere Liebe zu Russland ist st\u00e4rker als jeder Hass","author":"Webredaktion","date":"23. Juli 2019","format":false,"excerpt":"Sie hat es schon wieder getan: Von der Kriegsministerin zur EU-Kommissionspr\u00e4sidentin bef\u00f6rdert, hat Frau von der Leyen sogleich ihren unfassbaren Satz auf die EU \u00fcbertragen: \u201eDer Kreml verzeiht keine Schw\u00e4che. Aus einer Position der St\u00e4rke heraus sollten wir an den Russland-Sanktionen festhalten\u201d Unser Autor Dr. Wolfgang Schachtzeichnet die Russophobie als\u2026","rel":"","context":"In &quot;Frieden - Antifaschismus - Solidarit\u00e4t&quot;","block_context":{"text":"Frieden - Antifaschismus - Solidarit\u00e4t","link":"https:\/\/www.freidenker.org\/?cat=13"},"img":{"alt_text":"","src":"https:\/\/i0.wp.com\/www.freidenker.org\/fw17\/wp-content\/uploads\/2019\/07\/russin_mit_gewehr_800x445_v2.jpg?fit=800%2C445&ssl=1&resize=350%2C200","width":350,"height":200,"srcset":"https:\/\/i0.wp.com\/www.freidenker.org\/fw17\/wp-content\/uploads\/2019\/07\/russin_mit_gewehr_800x445_v2.jpg?fit=800%2C445&ssl=1&resize=350%2C200 1x, https:\/\/i0.wp.com\/www.freidenker.org\/fw17\/wp-content\/uploads\/2019\/07\/russin_mit_gewehr_800x445_v2.jpg?fit=800%2C445&ssl=1&resize=525%2C300 1.5x, https:\/\/i0.wp.com\/www.freidenker.org\/fw17\/wp-content\/uploads\/2019\/07\/russin_mit_gewehr_800x445_v2.jpg?fit=800%2C445&ssl=1&resize=700%2C400 2x"},"classes":[]},{"id":14959,"url":"https:\/\/www.freidenker.org\/?p=14959","url_meta":{"origin":12345,"position":2},"title":"NATO z\u00fcndelt im Kosovo","author":"Webredaktion","date":"7. Januar 2023","format":false,"excerpt":"Beitrag von Klaus Hartmann Die regelm\u00e4\u00dfigen und j\u00fcngst wieder aufflammenden Konflikte zwischen Kosovo-Albanern und Serben rufen uns in Erinnerung, was aus dem Bewusstsein der Bev\u00f6lkerung im \u201eWesten\u201c verdr\u00e4ngt werden soll: Nicht der Konflikt in der Ukraine hat \u201eden Krieg nach Europa zur\u00fcckgebracht\u201c, sondern die NATO selbst mit ihrer v\u00f6lkerrechtswidrigen Aggression\u2026","rel":"","context":"In &quot;Demokratie \u2013 Medien \u2013 Aufkl\u00e4rung&quot;","block_context":{"text":"Demokratie \u2013 Medien \u2013 Aufkl\u00e4rung","link":"https:\/\/www.freidenker.org\/?cat=12"},"img":{"alt_text":"","src":"https:\/\/i0.wp.com\/www.freidenker.org\/fw17\/wp-content\/uploads\/2023\/01\/The_Killer_Bees_by_Harley_Copic_800x450.jpg?fit=800%2C450&ssl=1&resize=350%2C200","width":350,"height":200,"srcset":"https:\/\/i0.wp.com\/www.freidenker.org\/fw17\/wp-content\/uploads\/2023\/01\/The_Killer_Bees_by_Harley_Copic_800x450.jpg?fit=800%2C450&ssl=1&resize=350%2C200 1x, https:\/\/i0.wp.com\/www.freidenker.org\/fw17\/wp-content\/uploads\/2023\/01\/The_Killer_Bees_by_Harley_Copic_800x450.jpg?fit=800%2C450&ssl=1&resize=525%2C300 1.5x, https:\/\/i0.wp.com\/www.freidenker.org\/fw17\/wp-content\/uploads\/2023\/01\/The_Killer_Bees_by_Harley_Copic_800x450.jpg?fit=800%2C450&ssl=1&resize=700%2C400 2x"},"classes":[]},{"id":22503,"url":"https:\/\/www.freidenker.org\/?p=22503","url_meta":{"origin":12345,"position":3},"title":"\u201eHirntote\u201c f\u00fchren Europa in die Katastrophe","author":"Webredaktion","date":"1. August 2025","format":false,"excerpt":"Im US-Interesse: Kapitulation und Kriegskurs der EU Kommentar von Tilo Gr\u00e4ser Trumps Zoll-Dampfwalze hat die Europ\u00e4ische Union (EU) \u00fcberrollt \u2013 weil diese zuvor bereits kapituliert hat. So hat die Zeitung Financial Times die Vorg\u00e4nge um den \u201eDeal\u201c zu den Zollschranken beschrieben, den US-Pr\u00e4sident Donald Trump und EU-Kommissionspr\u00e4sidentin Ursula von der\u2026","rel":"","context":"In &quot;Demokratie \u2013 Medien \u2013 Aufkl\u00e4rung&quot;","block_context":{"text":"Demokratie \u2013 Medien \u2013 Aufkl\u00e4rung","link":"https:\/\/www.freidenker.org\/?cat=12"},"img":{"alt_text":"","src":"https:\/\/i0.wp.com\/www.freidenker.org\/fw17\/wp-content\/uploads\/2025\/08\/ki-Raketenwerfer_800x450.jpg?fit=800%2C450&ssl=1&resize=350%2C200","width":350,"height":200,"srcset":"https:\/\/i0.wp.com\/www.freidenker.org\/fw17\/wp-content\/uploads\/2025\/08\/ki-Raketenwerfer_800x450.jpg?fit=800%2C450&ssl=1&resize=350%2C200 1x, https:\/\/i0.wp.com\/www.freidenker.org\/fw17\/wp-content\/uploads\/2025\/08\/ki-Raketenwerfer_800x450.jpg?fit=800%2C450&ssl=1&resize=525%2C300 1.5x, https:\/\/i0.wp.com\/www.freidenker.org\/fw17\/wp-content\/uploads\/2025\/08\/ki-Raketenwerfer_800x450.jpg?fit=800%2C450&ssl=1&resize=700%2C400 2x"},"classes":[]},{"id":17171,"url":"https:\/\/www.freidenker.org\/?p=17171","url_meta":{"origin":12345,"position":4},"title":"Deutschland im Krieg gegen Russland","author":"Webredaktion","date":"5. Oktober 2023","format":false,"excerpt":"Beitrag von Doris und George Pumphrey Von deutschem Boden w\u00fcrde nur noch Frieden ausgehen, hatten die Regierungen der BRD und DDR im Zwei-plus-Vier-Vertrag vom 12.09.1990 erkl\u00e4rt. Mit dem Verschwinden des antifaschistischen Friedensstaates DDR am 3. Oktober 1990 und dem Ende des Warschauer Vertrages bzw. der Sowjetunion im folgenden Jahr konnte\u2026","rel":"","context":"In &quot;Demokratie \u2013 Medien \u2013 Aufkl\u00e4rung&quot;","block_context":{"text":"Demokratie \u2013 Medien \u2013 Aufkl\u00e4rung","link":"https:\/\/www.freidenker.org\/?cat=12"},"img":{"alt_text":"","src":"https:\/\/i0.wp.com\/www.freidenker.org\/fw17\/wp-content\/uploads\/2023\/10\/friko_deutsche_einheit_800x450.jpg?fit=800%2C450&ssl=1&resize=350%2C200","width":350,"height":200,"srcset":"https:\/\/i0.wp.com\/www.freidenker.org\/fw17\/wp-content\/uploads\/2023\/10\/friko_deutsche_einheit_800x450.jpg?fit=800%2C450&ssl=1&resize=350%2C200 1x, https:\/\/i0.wp.com\/www.freidenker.org\/fw17\/wp-content\/uploads\/2023\/10\/friko_deutsche_einheit_800x450.jpg?fit=800%2C450&ssl=1&resize=525%2C300 1.5x, https:\/\/i0.wp.com\/www.freidenker.org\/fw17\/wp-content\/uploads\/2023\/10\/friko_deutsche_einheit_800x450.jpg?fit=800%2C450&ssl=1&resize=700%2C400 2x"},"classes":[]},{"id":21489,"url":"https:\/\/www.freidenker.org\/?p=21489","url_meta":{"origin":12345,"position":5},"title":"Logik des Wahnsinns","author":"Webredaktion","date":"16. April 2025","format":false,"excerpt":"Ersatz-NATO unter deutscher F\u00fchrung Beitrag von Uli Gellermann Wer aufgeatmet hatte, als sich die USA aus der aktuellen F\u00fchrung der NATO zur\u00fcckzog, wer dachte, die NATO als Instrument des Krieges und der Unterdr\u00fcckung sei am Ende, der sieht sich heute get\u00e4uscht: Die alten Imperien, Gro\u00dfbritannien und Deutschland, haben das Kommando\u2026","rel":"","context":"In &quot;Demokratie \u2013 Medien \u2013 Aufkl\u00e4rung&quot;","block_context":{"text":"Demokratie \u2013 Medien \u2013 Aufkl\u00e4rung","link":"https:\/\/www.freidenker.org\/?cat=12"},"img":{"alt_text":"","src":"https:\/\/i0.wp.com\/www.freidenker.org\/fw17\/wp-content\/uploads\/2025\/04\/Pistorius_250212-D-PM193-1443_54323788015_800x450.jpg?fit=800%2C450&ssl=1&resize=350%2C200","width":350,"height":200,"srcset":"https:\/\/i0.wp.com\/www.freidenker.org\/fw17\/wp-content\/uploads\/2025\/04\/Pistorius_250212-D-PM193-1443_54323788015_800x450.jpg?fit=800%2C450&ssl=1&resize=350%2C200 1x, https:\/\/i0.wp.com\/www.freidenker.org\/fw17\/wp-content\/uploads\/2025\/04\/Pistorius_250212-D-PM193-1443_54323788015_800x450.jpg?fit=800%2C450&ssl=1&resize=525%2C300 1.5x, https:\/\/i0.wp.com\/www.freidenker.org\/fw17\/wp-content\/uploads\/2025\/04\/Pistorius_250212-D-PM193-1443_54323788015_800x450.jpg?fit=800%2C450&ssl=1&resize=700%2C400 2x"},"classes":[]}],"_links":{"self":[{"href":"https:\/\/www.freidenker.org\/index.php?rest_route=\/wp\/v2\/posts\/12345","targetHints":{"allow":["GET"]}}],"collection":[{"href":"https:\/\/www.freidenker.org\/index.php?rest_route=\/wp\/v2\/posts"}],"about":[{"href":"https:\/\/www.freidenker.org\/index.php?rest_route=\/wp\/v2\/types\/post"}],"author":[{"embeddable":true,"href":"https:\/\/www.freidenker.org\/index.php?rest_route=\/wp\/v2\/users\/3"}],"replies":[{"embeddable":true,"href":"https:\/\/www.freidenker.org\/index.php?rest_route=%2Fwp%2Fv2%2Fcomments&post=12345"}],"version-history":[{"count":0,"href":"https:\/\/www.freidenker.org\/index.php?rest_route=\/wp\/v2\/posts\/12345\/revisions"}],"wp:featuredmedia":[{"embeddable":true,"href":"https:\/\/www.freidenker.org\/index.php?rest_route=\/wp\/v2\/media\/12346"}],"wp:attachment":[{"href":"https:\/\/www.freidenker.org\/index.php?rest_route=%2Fwp%2Fv2%2Fmedia&parent=12345"}],"wp:term":[{"taxonomy":"category","embeddable":true,"href":"https:\/\/www.freidenker.org\/index.php?rest_route=%2Fwp%2Fv2%2Fcategories&post=12345"},{"taxonomy":"post_tag","embeddable":true,"href":"https:\/\/www.freidenker.org\/index.php?rest_route=%2Fwp%2Fv2%2Ftags&post=12345"}],"curies":[{"name":"wp","href":"https:\/\/api.w.org\/{rel}","templated":true}]}}