{"id":12305,"date":"2022-02-23T01:51:46","date_gmt":"2022-02-23T00:51:46","guid":{"rendered":"https:\/\/www.freidenker.org\/?p=12305"},"modified":"2022-04-10T23:58:51","modified_gmt":"2022-04-10T21:58:51","slug":"keine-impfpflicht-exit-aus-der-verfehlten-und-schaedlichen-pandemie-politik","status":"publish","type":"post","link":"https:\/\/www.freidenker.org\/?p=12305","title":{"rendered":"Keine Impfpflicht! Exit aus der verfehlten und sch\u00e4dlichen Pandemie-Politik!"},"content":{"rendered":"<header class=\"entry-header\">\n<p class=\"entry-title\"><em><span style=\"font-size: 12pt;\">Aufruf von <a href=\"https:\/\/invasiv.org\/keine-impfpflichtexit-aus-der-verfehlten-und-schaedlichen-pandemie-politik\/\" target=\"_blank\" rel=\"noopener\"><strong>invasiv.org <\/strong><\/a>vom 21.02.2022<\/span><\/em><\/p>\n<\/header>\n<div class=\"entry-content\">\n<p><span style=\"font-size: 14pt;\"><strong>Erfolgloses Impfen<\/strong><\/span><\/p>\n<p>Mehr als 74 Prozent der BRD Gesamtbev\u00f6lkerung sind doppelt geimpft, mehr als die H\u00e4lfte davon \u201egeboostert\u201c. Aber wer gegen Covid geimpft ist, kann weiter angesteckt werden, ist selbst weiter ansteckend und kann sogar erkranken. Au\u00dferdem werden die Impfstoffe nicht den neuen Varianten wie Omikron angepasst.<\/p>\n<p><span style=\"font-size: 14pt;\"><strong>Verleugnung der Impfsch\u00e4den<\/strong><\/span><\/p>\n<p>Gesundheitsbeh\u00f6rden und Bundesregierung vermeiden die Erfassung der Kurz- und Langfristfolgen. 1. Es gibt keine Meldepflicht, es wird nur ein Bruchteil erfasst. Schon die wenigen Impfsch\u00e4den, die z.B. bei der Europ\u00e4ischen Arzneimittelbeh\u00f6rde (EMA) gemeldet werden, m\u00fcssen alarmieren. EMA 17.1.2022: 1,387 Millionen gemeldete F\u00e4lle, 21.251 Todesf\u00e4lle. 2. Dies bleiben aber Verdachtsf\u00e4lle, es erfolgt keine Kl\u00e4rung.<\/p>\n<p>Die Impfstoffhersteller wie Biontech\/Pfizer sind von der Haftung f\u00fcr alle m\u00f6glichen Folgen vollst\u00e4ndig befreit. Alle Impfstoffe sind nicht nach den bew\u00e4hrten Methoden klinisch erprobt und haben immer noch nur eine \u201ebedingte Marktzulassung\u201c, also immer noch nur eine Notzulassung.<\/p>\n<p><span style=\"font-size: 14pt;\"><strong>Panikmache<\/strong><\/span><\/p>\n<p>Der Druck auf beschleunigtes, endlos wiederholtes Boostern ist nicht medizinisch begr\u00fcndet. Beruht er darauf, dass die EU 1,8 Milliarden Dosen der mRNA-Impfstoffe zur Lieferung bis Ende 2023 bestellt hat?<\/p>\n<p>Die Regierung macht Panik: Die Zahlen der Infektionen werden t\u00e4glich bekannt gegeben, aber ohne jegliche Angaben zu Erkrankungen. Und seit zwei Jahren werden auch alle Toten als \u201eCorona-Tote\u201c bezeichnet, die infiziert waren, aber nicht an der Infektion gestorben sind.<\/p>\n<p><span style=\"font-size: 14pt;\"><strong>Gesundheitliche und wirtschaftliche Sch\u00e4den nehmen zu<\/strong><\/span><\/p>\n<p>Zeitgleich steigt die Anf\u00e4lligkeit gegen andere Krankheiten, wegen fehlender sozialer Kontakte, Einsamkeit und weniger Bewegung, auch st\u00e4ndigem Maskentragen.<\/p>\n<p>Die Todesrate der Menschen steigt, die nicht behandelt werden k\u00f6nnen oder Angst vor einer Behandlung haben und weil noch weniger Vorsorgeuntersuchungen gemacht werden.<\/p>\n<p>F\u00fcr Kinder, Sch\u00fcler, Jugendliche, Familien ist das vielfach eine Katastrophe. Ganze Branchen wie Gastronomie, Einzelhandel, Freizeit, Kultur werden geschrumpft. Verdeckte Arbeitslosigkeit und Unterbesch\u00e4ftigung nehmen zu. Krankenh\u00e4user und Pflegeheime sind durch Personalflucht \u00fcberlastet.<\/p>\n<p><span style=\"font-size: 14pt;\"><strong>Grundrechtswidrig, medizinisch nicht verantwortbar<\/strong><\/span><\/p>\n<p>Die grundgesetzlich wie auch medizinisch gebotene Abw\u00e4gung der Verh\u00e4ltnism\u00e4\u00dfigkeit zwischen Vorteil und Nachteilen ist nicht gegeben.<\/p>\n<h5><strong>Deshalb fordern wir:<\/strong><\/h5>\n<p><strong>Impfungen<\/strong><\/p>\n<ul>\n<li>Keine Impfpflicht, weder allgemein noch berufsbezogen, schon gar nicht f\u00fcr Kinder<\/li>\n<li>freie Wahl des Impfstoffs<\/li>\n<li>Meldepflicht \u00fcber Impfsch\u00e4den<\/li>\n<li>keine Diskriminierung von Ungeimpften<\/li>\n<\/ul>\n<p><strong>Infektionsschutzma\u00dfnahmen<\/strong><\/p>\n<ul>\n<li>Konzentration der Ma\u00dfnahmen auf die Risikogruppen (Menschen mit chronischen Erkrankungen, nicht nur bei \u00c4lteren) und auf Risikoumst\u00e4nde (Arbeits- und Wohnbedingungen)<\/li>\n<li>Sport-, Freizeit- Kulturveranstaltungen, Covid Medikamente<\/li>\n<\/ul>\n<p><strong>Gesundheitswesen<\/strong><\/p>\n<ul>\n<li>Besserstellung des Personals in Krankenh\u00e4usern, Pflege- und Altenheimen sowie in der h\u00e4uslichen Pflege, Erweiterung der Personalstellen<\/li>\n<li>R\u00fccknahme der Auslagerung von hygienerelevanten Gesundheitsdiensten in private Niedriglohnfirmen (insbes. Verpflegung, Reinigung, Entsorgung)<\/li>\n<li>keine Schlie\u00dfungen von Krankenh\u00e4usern<\/li>\n<\/ul>\n<h5><strong>EXIT!<\/strong><\/h5>\n<p><span style=\"font-size: 14pt;\"><strong>Durch diese Ma\u00dfnahmen muss der Exit aus der verfehlten Pandemie-Politik eingeleitet werden!<\/strong><\/span><\/p>\n<p><strong>21. Februar 2022<\/strong><\/p>\n<p>Dr. Norbert Andersch \/ Neurologe\/Psychiater<br \/>\nAna Maria Bermejo<br \/>\nArmin Bernhard \/ Erziehungswissenschaftler<br \/>\nMichael Borchers \/ Beamter<br \/>\nUrsula Br\u00fcmann<br \/>\nProf. Dr. Klaus-J\u00fcrgen Bruder, Analytiker<br \/>\nDr. Almuth Bruder-Bezzel, Analytikerin<br \/>\nMatthias Burchardt \/ Philosoph\/Publizist<br \/>\nHelga Dinges \/ Erzieherin<br \/>\nBernd Duschner \/ Freundschaft mit Valjevo<br \/>\nSusanne Edelmann \/ Sozialp\u00e4dagogin i.R.<br \/>\nAndreas Erdmann \/ Bildhauer\/Fotograf<br \/>\nAnneliese Fikentscher und Andreas Neumann \/ <a href=\"http:\/\/www.nrhz.de\/\">www.nrhz.de<\/a><br \/>\nJoachim Guilliard \/ Publizist<br \/>\nKlaus Hartmann \/ Stellv. Vorsitzender Dt. Freidenker-Verband<br \/>\nRudolf Kalnicki \/ IT-Servicetechniker<br \/>\nDr. Heike Knops \/ Theologin<br \/>\nUte K\u00f6be \/ Schulsekret\u00e4rin<br \/>\nAxel K\u00f6hler-Schnura \/ Coordination gegen Bayer-Gefahren CGB<br \/>\nDr. Ulrike K\u00f6lver \/ Sprachwissenschaftlerin\/Berliner Wassertisch<br \/>\nHorsta Krum \/ Theologin<br \/>\nG\u00fcnter K\u00fcsters \/ Rat attac-D<br \/>\nHelga L\u00f6nze \/ Sozialarbeiterin i. R.<br \/>\nSabine Marx \/ Initiatorin Philosophischer Salon K\u00f6ln<br \/>\nBirgit Naujeck \/ IT-Projektmanagerin\/NDS Gespr\u00e4chskreis K\u00f6ln<br \/>\nWerner R\u00fcgemer \/ Initiative BlackRock&amp;Co enteignen!<br \/>\nAnja Schmidt \/ Dipl.-Biologin\/Pharmazeut.-techn. Assistentin<br \/>\nProf. Michael Schneider \/ Schriftsteller\/Dramaturg<br \/>\nThomas Sch\u00f6nberger \/ Bildungsreferent<br \/>\nRolf Sch\u00f6pke \/ Hydrochemiker<br \/>\nEberhard Schultz \/ Menschenrechtsanwalt, Berlin<br \/>\nRita T\u00f6pperwein \/ Rentnerin<br \/>\nGeorg Valerius \/ Fotograf<br \/>\nWalter \/ Heinrich<br \/>\nIngrid Wenzler \/ Schulleiterin i.R.<br \/>\nAxel Wondratschke \/ Industriekaufmann<\/p>\n<hr \/>\n<h4><strong>Kontakt und Unterschriften:<\/strong><\/h4>\n<\/div>\n<p><a href=\"http:\/\/www.invasiv.org\/\"><strong>www.invasiv.org<\/strong><\/a><\/p>\n<p>Auf dieser Webseite findet ihr auch eine ausf\u00fchrliche <a href=\"https:\/\/invasiv.org\/corona-erklaerung\/\" target=\"_blank\" rel=\"noopener\">&#8222;Corona-Erkl\u00e4rung&#8220;<\/a> vom Juni 2021<\/p>\n<div class=\"entry-content\">\n<hr \/>\n<p><span style=\"font-size: 10pt;\">Bild oben: Collage von Ralf Lux unter Verwendung von:<\/span><br \/>\n<span style=\"font-size: 10pt;\">Menschenmassen: <a href=\"https:\/\/pixabay.com\/de\/photos\/menschenmasse-menschen-gruppe-51204\/\" target=\"_blank\" rel=\"noopener\">pixabay.com<\/a> \/ <a class=\"hover_opacity\" href=\"https:\/\/pixabay.com\/de\/users\/loggawiggler-15\/\">LoggaWiggler<\/a> \/ <a href=\"https:\/\/pixabay.com\/de\/service\/license\/\">Pixabay License<\/a><\/span><br \/>\n<span style=\"font-size: 10pt;\">Spritzensymbol: <a href=\"https:\/\/pixabay.com\/de\/vectors\/spritze-impfung-medizin-impfstoff-6282940\/\" target=\"_blank\" rel=\"noopener\">pixabay.com<\/a> \/ <a class=\"hover_opacity\" href=\"https:\/\/pixabay.com\/de\/users\/mvezokaramchandhay-21170102\/\">mvezokaramchandhay<\/a> \/ <a href=\"https:\/\/pixabay.com\/de\/service\/license\/\">Pixabay License<\/a><\/span><\/p>\n<\/div>\n","protected":false},"excerpt":{"rendered":"<p><b>Aufruf von invasiv.org vom 21. Februar 2022<\/b><br \/>\nErfolgloses Impfen: Mehr als 74 Prozent der BRD Gesamtbev\u00f6lkerung sind doppelt geimpft, mehr als die H\u00e4lfte davon \u201egeboostert\u201c. Aber wer gegen Covid geimpft ist, kann weiter angesteckt werden, ist selbst weiter ansteckend und kann sogar erkranken. Au\u00dferdem werden die Impfstoffe nicht den neuen Varianten wie Omikron angepasst. &#8230;.<br \/>\n<b>Deshalb fordern wir:<\/b>Keine Impfpflicht, weder allgemein noch berufsbezogen, schon gar nicht f\u00fcr Kinder \/ freie Wahl des Impfstoffs \/ Meldepflicht \u00fcber Impfsch\u00e4den \/ keine Diskriminierung von Ungeimpften<\/p>\n","protected":false},"author":3,"featured_media":12307,"comment_status":"closed","ping_status":"closed","sticky":false,"template":"","format":"standard","meta":{"colormag_page_container_layout":"default_layout","colormag_page_sidebar_layout":"default_layout","advanced_seo_description":"","jetpack_seo_html_title":"","jetpack_seo_noindex":false,"jetpack_post_was_ever_published":false,"footnotes":""},"categories":[11],"tags":[1256,984,577,1357,1461,1257,1498],"class_list":["post-12305","post","type-post","status-publish","format-standard","has-post-thumbnail","hentry","category-arbeit-soziales","tag-corona-virus","tag-demokratische-rechte","tag-gesundheitspolitik","tag-impfpflicht","tag-impfzwang","tag-pandemie","tag-panikmache"],"jetpack_featured_media_url":"https:\/\/i0.wp.com\/www.freidenker.org\/fw17\/wp-content\/uploads\/2022\/02\/keine_impfpflicht.jpg?fit=800%2C450&ssl=1","jetpack_shortlink":"https:\/\/wp.me\/p9stpK-3ct","jetpack-related-posts":[{"id":9399,"url":"https:\/\/www.freidenker.org\/?p=9399","url_meta":{"origin":12305,"position":0},"title":"Keine Impfpflicht, nirgends?","author":"Webredaktion","date":"24. Januar 2021","format":false,"excerpt":"Beitrag der Webredaktion inkl. Leserbrief von Bernd Duschner an den Pfaffenhofener Kurier Die regelm\u00e4\u00dfige Meldung \u201eSpahn gegen Sonderrechte f\u00fcr Geimpfte\u201c wird wie eine Beruhigungspille verabreicht (zuletzt von ntv, 24.01.2021). Doch wer weiterliest, erkennt die Einschr\u00e4nkung: \u201e\u2026 bis jeder geimpft werden kann\u201c, hei\u00dft die vielsagende Bedingung, sie sagt n\u00e4mlich so viel\u2026","rel":"","context":"In &quot;Arbeit &amp; Soziales&quot;","block_context":{"text":"Arbeit &amp; Soziales","link":"https:\/\/www.freidenker.org\/?cat=11"},"img":{"alt_text":"","src":"https:\/\/i0.wp.com\/www.freidenker.org\/fw17\/wp-content\/uploads\/2021\/01\/spritze_menge_v2_800x450.jpg?fit=800%2C450&ssl=1&resize=350%2C200","width":350,"height":200,"srcset":"https:\/\/i0.wp.com\/www.freidenker.org\/fw17\/wp-content\/uploads\/2021\/01\/spritze_menge_v2_800x450.jpg?fit=800%2C450&ssl=1&resize=350%2C200 1x, https:\/\/i0.wp.com\/www.freidenker.org\/fw17\/wp-content\/uploads\/2021\/01\/spritze_menge_v2_800x450.jpg?fit=800%2C450&ssl=1&resize=525%2C300 1.5x, https:\/\/i0.wp.com\/www.freidenker.org\/fw17\/wp-content\/uploads\/2021\/01\/spritze_menge_v2_800x450.jpg?fit=800%2C450&ssl=1&resize=700%2C400 2x"},"classes":[]},{"id":12091,"url":"https:\/\/www.freidenker.org\/?p=12091","url_meta":{"origin":12305,"position":1},"title":"Freidenker-Brief an Bundestagsabgeordnete zur &#8222;Impfpflicht&#8220;","author":"Webredaktion","date":"28. Januar 2022","format":false,"excerpt":"Trotz \u00fcber 80% gegen CoVid 19 geimpfter Erwachsener erreichen die \u201eCorona-Zahlen\u201c (positiv PCR-Getestete) neue H\u00f6chstwerte, h\u00f6her als im Dezember 2020, als die Impfquote 0% betragen hat. Im krassen Gegensatz zu dieser Tatsache behaupten Politiker und Medien unentwegt, die Ungeimpften seien \u201edas Problem\u201c. Hoffnungslose F\u00e4lle kognitiver Dissonanz? Planm\u00e4\u00dfige Volksverdummung? Nach monatelanger\u2026","rel":"","context":"In &quot;Demokratie \u2013 Medien \u2013 Aufkl\u00e4rung&quot;","block_context":{"text":"Demokratie \u2013 Medien \u2013 Aufkl\u00e4rung","link":"https:\/\/www.freidenker.org\/?cat=12"},"img":{"alt_text":"","src":"https:\/\/i0.wp.com\/www.freidenker.org\/fw17\/wp-content\/uploads\/2022\/01\/man-6916646_800x450.jpg?fit=800%2C450&ssl=1&resize=350%2C200","width":350,"height":200,"srcset":"https:\/\/i0.wp.com\/www.freidenker.org\/fw17\/wp-content\/uploads\/2022\/01\/man-6916646_800x450.jpg?fit=800%2C450&ssl=1&resize=350%2C200 1x, https:\/\/i0.wp.com\/www.freidenker.org\/fw17\/wp-content\/uploads\/2022\/01\/man-6916646_800x450.jpg?fit=800%2C450&ssl=1&resize=525%2C300 1.5x, https:\/\/i0.wp.com\/www.freidenker.org\/fw17\/wp-content\/uploads\/2022\/01\/man-6916646_800x450.jpg?fit=800%2C450&ssl=1&resize=700%2C400 2x"},"classes":[]},{"id":12166,"url":"https:\/\/www.freidenker.org\/?p=12166","url_meta":{"origin":12305,"position":2},"title":"Nein zur COVID19-Impfpflicht \u2013 f\u00fcr freie Impfentscheidung!","author":"Webredaktion","date":"9. Februar 2022","format":false,"excerpt":"Erkl\u00e4rung des Kreisvorstands der DKP Hannover vom 6. Februar 2022 Nach Monaten repressiver und schikan\u00f6ser Ma\u00dfnahmen einer indirekten Impfpflicht (2G\/3G etc.), die sich am st\u00e4rksten gegen die arbeitende und lernende Bev\u00f6lkerung richten, beabsichtigen die herrschenden Kr\u00e4fte fast aller Parteien im Bundestag die Einf\u00fchrung einer COVID19-Impfpflicht. Diese Impfpflicht soll mit hohen\u2026","rel":"","context":"In &quot;Arbeit &amp; Soziales&quot;","block_context":{"text":"Arbeit &amp; Soziales","link":"https:\/\/www.freidenker.org\/?cat=11"},"img":{"alt_text":"","src":"https:\/\/i0.wp.com\/www.freidenker.org\/fw17\/wp-content\/uploads\/2022\/02\/impen_massen_800x450.jpg?fit=800%2C450&ssl=1&resize=350%2C200","width":350,"height":200,"srcset":"https:\/\/i0.wp.com\/www.freidenker.org\/fw17\/wp-content\/uploads\/2022\/02\/impen_massen_800x450.jpg?fit=800%2C450&ssl=1&resize=350%2C200 1x, https:\/\/i0.wp.com\/www.freidenker.org\/fw17\/wp-content\/uploads\/2022\/02\/impen_massen_800x450.jpg?fit=800%2C450&ssl=1&resize=525%2C300 1.5x, https:\/\/i0.wp.com\/www.freidenker.org\/fw17\/wp-content\/uploads\/2022\/02\/impen_massen_800x450.jpg?fit=800%2C450&ssl=1&resize=700%2C400 2x"},"classes":[]},{"id":11724,"url":"https:\/\/www.freidenker.org\/?p=11724","url_meta":{"origin":12305,"position":3},"title":"Impfpflicht und Impfzwang gegen Corona \u2013 \u00dcber Deutschlands Umgang mit der Kaste der &#8222;Unber\u00fchrbaren&#8220;","author":"Webredaktion","date":"28. November 2021","format":false,"excerpt":"Beitrag von Rainer Rupp International sto\u00dfen die strengen Ma\u00dfnahmen deutscher Politiker gegen COVID-19 nicht nur auf Zustimmung, sondern auch auf scharfe Kritik. So hat sich z. B. bis nach Indien herumgesprochen, dass Deutschland inzwischen zu einer Drei-Kasten-Gesellschaft geworden ist, in der \"die Ungeimpften stigmatisiert\" werden. So urteilte zumindest das in\u2026","rel":"","context":"In &quot;Demokratie \u2013 Medien \u2013 Aufkl\u00e4rung&quot;","block_context":{"text":"Demokratie \u2013 Medien \u2013 Aufkl\u00e4rung","link":"https:\/\/www.freidenker.org\/?cat=12"},"img":{"alt_text":"","src":"https:\/\/i0.wp.com\/www.freidenker.org\/fw17\/wp-content\/uploads\/2021\/11\/germany-5999331_800x450.jpg?fit=800%2C450&ssl=1&resize=350%2C200","width":350,"height":200,"srcset":"https:\/\/i0.wp.com\/www.freidenker.org\/fw17\/wp-content\/uploads\/2021\/11\/germany-5999331_800x450.jpg?fit=800%2C450&ssl=1&resize=350%2C200 1x, https:\/\/i0.wp.com\/www.freidenker.org\/fw17\/wp-content\/uploads\/2021\/11\/germany-5999331_800x450.jpg?fit=800%2C450&ssl=1&resize=525%2C300 1.5x, https:\/\/i0.wp.com\/www.freidenker.org\/fw17\/wp-content\/uploads\/2021\/11\/germany-5999331_800x450.jpg?fit=800%2C450&ssl=1&resize=700%2C400 2x"},"classes":[]},{"id":21026,"url":"https:\/\/www.freidenker.org\/?p=21026","url_meta":{"origin":12305,"position":4},"title":"Das Paul-Ehrlich-Institut und die Impfsch\u00e4den","author":"Webredaktion","date":"25. Februar 2025","format":false,"excerpt":"Beitrag von Andreas Keite Wer erinnert sich noch an die gro\u00dfmundigen Aussagen jener Zeit? Der Impfstoff ist sicher und wirksam! Die Impfung, so meinte Karl Lauterbach mehrfach, habe keine Nebenwirkungen. Nur auf dieser Basis konnten Millionen Menschen ge\u00e4chtet werden, da sie sich nicht impfen lie\u00dfen, obwohl es doch nur ein\u2026","rel":"","context":"In &quot;Demokratie \u2013 Medien \u2013 Aufkl\u00e4rung&quot;","block_context":{"text":"Demokratie \u2013 Medien \u2013 Aufkl\u00e4rung","link":"https:\/\/www.freidenker.org\/?cat=12"},"img":{"alt_text":"","src":"https:\/\/i0.wp.com\/www.freidenker.org\/fw17\/wp-content\/uploads\/2025\/02\/Impfschaeden_Thumbnail4-800x450-1.jpg?fit=800%2C450&ssl=1&resize=350%2C200","width":350,"height":200,"srcset":"https:\/\/i0.wp.com\/www.freidenker.org\/fw17\/wp-content\/uploads\/2025\/02\/Impfschaeden_Thumbnail4-800x450-1.jpg?fit=800%2C450&ssl=1&resize=350%2C200 1x, https:\/\/i0.wp.com\/www.freidenker.org\/fw17\/wp-content\/uploads\/2025\/02\/Impfschaeden_Thumbnail4-800x450-1.jpg?fit=800%2C450&ssl=1&resize=525%2C300 1.5x, https:\/\/i0.wp.com\/www.freidenker.org\/fw17\/wp-content\/uploads\/2025\/02\/Impfschaeden_Thumbnail4-800x450-1.jpg?fit=800%2C450&ssl=1&resize=700%2C400 2x"},"classes":[]},{"id":10991,"url":"https:\/\/www.freidenker.org\/?p=10991","url_meta":{"origin":12305,"position":5},"title":"\u201eImpfen macht frei!\u201c?","author":"Webredaktion","date":"8. August 2021","format":false,"excerpt":"Beitrag von Klaus Hartmann und Presseerkl\u00e4rung von Dr. Diether Dehm Die Parole, man kann sich\u2018s denken, wurde bei Demonstrationen gegen die \u201eCorona-Ma\u00dfnahmen\u201c gezeigt, meist \u201eAnti-Corona-Demos\u201c genannt, damit jedem klar wird: nur Deppen demonstrieren gegen ein Virus. Und die Parole f\u00fchrte nicht nur in den \u201eQualit\u00e4tsmedien\u201c zu anhaltenden Erregungszust\u00e4nden, sondern besch\u00e4ftigte\u2026","rel":"","context":"In &quot;Demokratie \u2013 Medien \u2013 Aufkl\u00e4rung&quot;","block_context":{"text":"Demokratie \u2013 Medien \u2013 Aufkl\u00e4rung","link":"https:\/\/www.freidenker.org\/?cat=12"},"img":{"alt_text":"","src":"https:\/\/i0.wp.com\/www.freidenker.org\/fw17\/wp-content\/uploads\/2021\/08\/germany-5876407_800x450.jpg?fit=800%2C450&ssl=1&resize=350%2C200","width":350,"height":200,"srcset":"https:\/\/i0.wp.com\/www.freidenker.org\/fw17\/wp-content\/uploads\/2021\/08\/germany-5876407_800x450.jpg?fit=800%2C450&ssl=1&resize=350%2C200 1x, https:\/\/i0.wp.com\/www.freidenker.org\/fw17\/wp-content\/uploads\/2021\/08\/germany-5876407_800x450.jpg?fit=800%2C450&ssl=1&resize=525%2C300 1.5x, https:\/\/i0.wp.com\/www.freidenker.org\/fw17\/wp-content\/uploads\/2021\/08\/germany-5876407_800x450.jpg?fit=800%2C450&ssl=1&resize=700%2C400 2x"},"classes":[]}],"_links":{"self":[{"href":"https:\/\/www.freidenker.org\/index.php?rest_route=\/wp\/v2\/posts\/12305","targetHints":{"allow":["GET"]}}],"collection":[{"href":"https:\/\/www.freidenker.org\/index.php?rest_route=\/wp\/v2\/posts"}],"about":[{"href":"https:\/\/www.freidenker.org\/index.php?rest_route=\/wp\/v2\/types\/post"}],"author":[{"embeddable":true,"href":"https:\/\/www.freidenker.org\/index.php?rest_route=\/wp\/v2\/users\/3"}],"replies":[{"embeddable":true,"href":"https:\/\/www.freidenker.org\/index.php?rest_route=%2Fwp%2Fv2%2Fcomments&post=12305"}],"version-history":[{"count":0,"href":"https:\/\/www.freidenker.org\/index.php?rest_route=\/wp\/v2\/posts\/12305\/revisions"}],"wp:featuredmedia":[{"embeddable":true,"href":"https:\/\/www.freidenker.org\/index.php?rest_route=\/wp\/v2\/media\/12307"}],"wp:attachment":[{"href":"https:\/\/www.freidenker.org\/index.php?rest_route=%2Fwp%2Fv2%2Fmedia&parent=12305"}],"wp:term":[{"taxonomy":"category","embeddable":true,"href":"https:\/\/www.freidenker.org\/index.php?rest_route=%2Fwp%2Fv2%2Fcategories&post=12305"},{"taxonomy":"post_tag","embeddable":true,"href":"https:\/\/www.freidenker.org\/index.php?rest_route=%2Fwp%2Fv2%2Ftags&post=12305"}],"curies":[{"name":"wp","href":"https:\/\/api.w.org\/{rel}","templated":true}]}}