{"id":12172,"date":"2022-02-10T02:52:17","date_gmt":"2022-02-10T01:52:17","guid":{"rendered":"https:\/\/www.freidenker.org\/?p=12172"},"modified":"2022-03-05T00:01:36","modified_gmt":"2022-03-04T23:01:36","slug":"beeintraechtigungen-der-inneren-und-aeusseren-sicherheit","status":"publish","type":"post","link":"https:\/\/www.freidenker.org\/?p=12172","title":{"rendered":"&#8222;Beeintr\u00e4chtigungen der inneren und \u00e4u\u00dferen Sicherheit&#8220;"},"content":{"rendered":"<h4>\u2013 die MABB und ihr Vorgehen gegen RT DE<\/h4>\n<p><em><strong>Mit der Unabh\u00e4ngigkeit der inzwischen bundesweit zu einiger Bekanntheit gelangten &#8222;Medienanstalt Berlin-Brandenburg&#8220; scheint es doch nicht ganz so weit her zu sein. Dies legen ausgerechnet offizielle Dokumente der Beh\u00f6rde selbst nahe, die vor Kurzem zug\u00e4nglich geworden sind.<\/strong><\/em><\/p>\n<p><em>Eine Analyse von <strong>Christian Harde<\/strong><\/em><\/p>\n<p><span style=\"font-size: 10pt;\">Erstver\u00f6ffentlichung am 07.02.2022 auf <a href=\"https:\/\/de.rt.com\/inland\/131088-keine-einmischung-seitens-bundesregierung-entscheidung\/\" target=\"_blank\" rel=\"noopener\">RT DE<\/a><\/span><\/p>\n<p>Nachdem die &#8222;Medienanstalt Berlin-Brandenburg&#8220; (MABB; die eigene Schreibweise der Anstalt lautet &#8222;mabb&#8220;) am 17. Dezember 2021 ein &#8222;f\u00f6rmliches Verfahren&#8220; gegen <em>RT DE Productions<\/em> eingeleitet hatte, teilte sie <em>RT DE<\/em> am 2. Februar 2022 ihre Entscheidung mit. Dieser Bescheid beruhte seinerseits auf einer Entscheidung der &#8222;Kommission f\u00fcr Zulassung und Aufsicht der Medienanstalten&#8220; (ZAK) vom Vortag, also dem 1. Februar.<\/p>\n<h5>Akteneinsicht \u2013 ja und nein<\/h5>\n<p>In der Zwischenzeit hatte sich \u2013 noch am 31. Dezember 2021 \u2013 ein Privatmann an die MABB mit einer Anfrage nach dem Akteneinsichts- und Informationszugangsgesetz Brandenburg (AIG) und dem Verbraucherinformationsgesetz (VIG) gewandt. Der Antragsteller wollte die Begr\u00fcndung f\u00fcr die Entscheidung der MABB erfahren, mit dem sie den Satellitendienst Eutelsat am 22. Dezember 2022 gezwungen habe, die Ausstrahlung des neuen deutschsprachigen TV-Senders <em>RT DE<\/em> \u00fcber die Plattform Eutelsat 9B einzustellen.<\/p>\n<p>Die Antwort der Medienanstalt ist nun \u00fcber das Portal <em>FragDenStaat<\/em>\u00a0<a href=\"https:\/\/fragdenstaat.de\/anfrage\/ausschluss-von-rt-de-von-der-liveausstrahlung-uber-eutelsat-9b\/\" target=\"_blank\" rel=\"noopener noreferrer\">zug\u00e4nglich<\/a> geworden. Darauf hatte auch das Portal <em>Anti-Spiegel<\/em> aufmerksam <a href=\"https:\/\/www.anti-spiegel.ru\/2022\/ganz-schoen-viele-zufaelle-ist-die-bundesregierung-gegen-rt-de-aktiv-geworden\/\" target=\"_blank\" rel=\"noopener noreferrer\">gemacht<\/a>.<\/p>\n<p>Ebenfalls am 2. Februar hatte die MABB dem Antragsteller geantwortet \u2013 und sein Auskunftsersuchen abgelehnt. Immerhin hat sie keine Geb\u00fchren und Auslagen daf\u00fcr erhoben.<\/p>\n<p>Die Gr\u00fcnde f\u00fcr die Ablehnung f\u00fchrt die Beh\u00f6rde auf zwei Seiten aus. Dabei hat sie, absichtlich oder nicht, aufschlussreiche Hinweise gegeben.<\/p>\n<h5>Inexistente Dokumente und reale Folgen<\/h5>\n<p>Erst einmal teilt die Beh\u00f6rde dem Antragsteller mit, dass er sich f\u00fcr sein Auskunftsersuchen nicht auf die von ihm angef\u00fchrten Gesetze, also das bereits erw\u00e4hnte AIG und VIG, berufen k\u00f6nne. Aber so hart wollte man bei der Anstalt dann doch nicht sein \u2013 und legte das Ersuchen zu Gunsten des Antragstellers nach dem \u2013 in diesem Falle offensichtlich anwendbaren \u2013 Berliner Informationsfreiheitsgesetz (IFG Bln) aus.<\/p>\n<p>Die MABB behauptet nun, das vom Antragsteller &#8222;begehrte Dokument&#8220;, also die Begr\u00fcndung der MABB f\u00fcr die Abschaltung des Satellitendienstes Eutelsat 9B f\u00fcr <em>RT DE<\/em>, existiere gar nicht.<\/p>\n<p>Sie habe den Satellitendienst Eutelsat &#8222;weder am 22. Dezember 2021 noch an einem anderen Tag&#8220; per Bescheid zum Abschalten der \u00dcbertragung von <em>RT DE<\/em> gezwungen. Dazu f\u00fchrte sie in sch\u00f6nem Amtsdeutsch und streng logisch, wenngleich an Kafka gemahnend, aus:<\/p>\n<blockquote><p><em>&#8222;Dokumente, die nicht existent sind, k\u00f6nnen nicht Gegenstand eines Informationszugangsanspruchs sein. Informationszugangsanspr\u00fcche k\u00f6nnen sich nur auf tats\u00e4chlich vorhandene Informationen beziehen.&#8220;<\/em><\/p><\/blockquote>\n<p>Trotzdem wurde <em>RT DE<\/em> am 22. Dezember von der Ausstrahlung \u00fcber Eutelsat <a href=\"https:\/\/de.rt.com\/europa\/128812-rt-de-von-liveausstrahlung-uber-eutelsat9b-ausgeschlossen\/\" target=\"_blank\" rel=\"noopener noreferrer\">ausgeschlossen<\/a>.<\/p>\n<p>Doch die Medienanstalt lie\u00df abermals Gro\u00dfz\u00fcgigkeit walten und legte den Antrag so aus, dass der Antragsteller &#8222;Zugang zu der Verfahrensakte begehren&#8220; w\u00fcrde \u2013 also des Verfahrens, das bei der MABB gegen <em>RT DE<\/em> l\u00e4uft.<\/p>\n<p>Und die Anstalt ging sogar soweit zu unterstellen, dass der Privatmann &#8222;Kenntnis von diesem Verfahren&#8220; haben m\u00fcsse und es ihm &#8220; \u2013 jedenfalls auch \u2013 um die Kenntnis dieser Verfahrensakte&#8220; ginge.<\/p>\n<p>Soweit \u2013 so gut, m\u00f6chte man annehmen.<\/p>\n<h5>Keine Akteneinsicht \u2013 und doch &#8230;<\/h5>\n<p>Doch nach dieser umst\u00e4ndlichen Herleitung l\u00e4sst die Medienanstalt Berlin-Brandenburg die Katze aus dem Sack und belohnt damit alle, die bis hierher durchgehalten haben.<\/p>\n<p>Denn an dieser Stelle lehnt die MABB die Akteneinsicht nach dem Berliner IFG ab. Die Begr\u00fcndung daf\u00fcr hat es in sich und klingt erstaunlich:<\/p>\n<blockquote><p><em>&#8222;Danach darf die Akteneinsicht versagt werden, wenn das Bekanntwerden des Akteninhalts dem Wohle des Bundes schwerwiegende Nachteile bereiten w\u00fcrde.&#8220;<\/em><\/p><\/blockquote>\n<p>Zwar regele das IFG Bln nicht, &#8222;welche Belange zum Wohl des Bundes&#8220; z\u00e4hlten, doch geh\u00f6rten dazu nach<\/p>\n<blockquote><p><em>&#8222;Auffassung des Verwaltungsgerichts Berlin &#8230; &#8218;Beeintr\u00e4chtigungen und Gef\u00e4hrdungen des Bestands und der Funktionsf\u00e4higkeit des Staates und seiner wesentlichen Einrichtungen, insbesondere Beeintr\u00e4chtigungen der inneren und \u00e4u\u00dferen Sicherheit&#8216;.&#8220;<\/em><\/p><\/blockquote>\n<h5>Au\u00dfenpolitische R\u00fccksichten der MABB<\/h5>\n<p>Zum Bestand und zur Funktionsf\u00e4higkeit des Staates geh\u00f6rten, was nicht verwundert, die internationalen Beziehungen der Bundesrepublik Deutschland. So sei es im IFG Bund geregelt (&#8222;\u00a7 3 Nr. 1 lit. a&#8220;). Selbstverst\u00e4ndlich geh\u00f6ren dazu auch die Beziehungen der BRD zu einem anderen, also ausl\u00e4ndischen Staat. Wenn also Akteneinsicht aus diesem Grund verweigert w\u00fcrde, dann nur, um<\/p>\n<blockquote><p><em>&#8222;die Beziehungen der Bundesrepublik Deutschland zu anderen V\u00f6lkerrechtssubjekten nicht zu belasten.&#8220;<\/em><\/p><\/blockquote>\n<p>Im Sinne des Berliner IFG sei ein &#8222;Nachteil&#8220; in diesen Beziehungen<\/p>\n<blockquote><p><em>&#8222;all das, was den au\u00dfenpolitischen Zielen und der zu ihrer Erreichung verfolgten au\u00dfenpolitischen Strategie abtr\u00e4glich ist.&#8220;<\/em><\/p><\/blockquote>\n<p>Wenn ein solche Herleitung aufgeboten wird, um ein einfaches Auskunftsersuchen zum Verfahren gegen <em>RT DE<\/em> abzulehnen, scheint ja einiges auf dem Spiel zu stehen. Gleichzeitig gibt die MABB damit zu erkennen, dass es sich eben nicht um ein gew\u00f6hnliches Verfahren handelt. Doch nach diesen \u00fcberaus grunds\u00e4tzlichen Erw\u00e4gungen kommt es noch deutlicher:<\/p>\n<blockquote><p><em>&#8222;Es ist wahrscheinlich, dass eine Ver\u00f6ffentlichung des Inhalts der Verfahrensakte zu gewichtigen diplomatischen Spannungen zwischen der Bundesrepublik Deutschland und Russland f\u00fchren w\u00fcrde. Hierf\u00fcr spricht, dass der Umgang mit dem Fernsehsender &#8218;RT DE&#8216; bereits ausf\u00fchrliches Thema bei der gemeinsamen Pressekonferenz von Au\u00dfenministerin Baerbock und ihrem Amtskollegen Lawrow im Rahmen des Antrittsbesuchs von Au\u00dfenministerin Baerbock in Russland war.&#8220;<\/em><\/p><\/blockquote>\n<p>Au\u00dfenminister Lawrow habe &#8222;das Vorgehen der Bundesrepublik Deutschland&#8220; (!) gegen <em>RT DE<\/em> bei dieser Gelegenheit kritisiert. Bei der MABB war man sich der in Aussicht gestellten Gegenma\u00dfnahmen der russischen Seite,<\/p>\n<blockquote><p><em>&#8222;sollte es zu einem Einschreiten gegen\u00fcber &#8218;RT DE&#8216; kommen&#8220;,<\/em><\/p><\/blockquote>\n<p>also durchaus bewusst. Dies zeigt sich im folgenden Eingest\u00e4ndnis:<\/p>\n<blockquote><p><em>&#8222;Dies zeigt das hohe Konfliktpotenzial dieser Thematik. Es liegt auf der Hand, dass eine Ver\u00f6ffentlichung der Verfahrensakte das Konfliktpotenzial noch verst\u00e4rken w\u00fcrde.&#8220;<\/em><\/p><\/blockquote>\n<h5>R\u00fccksichten auf Berliner Interessen in der Ukraine-Krise<\/h5>\n<p>Die MABB gibt sich weiter au\u00dfenpolitisch h\u00f6chst sensibel und verweist auf die aktuellen Spannungen zwischen den westlichen Staaten und Russland in der sogenannten Ukraine-Krise. Die Bundesrepublik betreibe &#8222;Vermittlungsversuche&#8220; in der angespannten Lage, und ein Bekanntwerden der MABB-Verfahrensakte k\u00f6nne diese Bem\u00fchungen beeintr\u00e4chtigen:<\/p>\n<blockquote><p><em>&#8222;Es liegt auf der Hand, dass die gegenw\u00e4rtigen deutsch-franz\u00f6sischen Vermittlungsbem\u00fchungen h\u00f6chste politische und diplomatische Sensibilit\u00e4t erfordern.&#8220;<\/em><\/p><\/blockquote>\n<p>Als letzte Barrieren gegen eine Ver\u00f6ffentlichung der Akte f\u00fchrt die MABB an, dass das Verwaltungsverfahren schlie\u00dflich noch nicht abgeschlossen sei und &#8222;Entscheidungsentw\u00fcrfe nicht \u00fcbermittelt&#8220; werden d\u00fcrften. Und sollte dieses Argument noch nicht gen\u00fcgen, schiebt die MABB den letzten internen Riegel vor, der in jedem Verfahren gelten d\u00fcrfte:<\/p>\n<blockquote><p><em>&#8222;Zudem l\u00e4sst der gesamte Akteninhalt tiefgehende R\u00fcckschl\u00fcsse auf den gesch\u00fctzten Willensbildungsprozess der Medienanstalt Berlin-Brandenburg zu.&#8220;<\/em><\/p><\/blockquote>\n<div class=\"EmbedBlock-root EmbedBlock-twitter\"><\/div>\n<blockquote class=\"twitter-tweet\" data-width=\"550\" data-dnt=\"true\">\n<p lang=\"de\" dir=\"ltr\">Die gesamte Anfrage + die Antwort der Medienanstalt Berlin Brandenburg <a href=\"https:\/\/twitter.com\/mabb_de?ref_src=twsrc%5Etfw\">@mabb_de<\/a> k\u00f6nnt Ihr hier einsehen. Die Antwort enth\u00e4lt noch mehr H\u00e4mmer &amp; wirft auch schwerwiegende Fragen nach der &quot;Unabh\u00e4ngigkeit&quot; der Medienanstalt auf. Aber macht Euch selbst 1 Bild:<a href=\"https:\/\/t.co\/2wEnHKBOzt\">https:\/\/t.co\/2wEnHKBOzt<\/a><\/p>\n<p>&mdash; Florian Warweg (@FWarweg) <a href=\"https:\/\/twitter.com\/FWarweg\/status\/1490249384730185731?ref_src=twsrc%5Etfw\">February 6, 2022<\/a><\/p><\/blockquote>\n<p><script async src=\"https:\/\/platform.twitter.com\/widgets.js\" charset=\"utf-8\"><\/script><\/p>\n<p>Wie sehr man sich bei der &#8222;Medienanstalt Berlin-Brandenburg&#8220; der internationalen Dimension und der politisch heiklen Seite des angeblich staats- und regierungsfernen Verfahrens gegen <em>RT DE<\/em> bewusst ist, k\u00f6nnte deutlicher wohl kaum demonstriert und eingestanden werden.<\/p>\n<p>Diese Eingest\u00e4ndnisse der R\u00fccksichtnahme auf die Bundespolitik seitens einer Landesmedienanstalt wirken angesichts der deutsch-russischen Auseinandersetzung um Sendelizenzen f\u00fcr die jeweiligen Auslandssender in weiterer Hinsicht pikant. Denn bei der &#8222;Bundeszentrale f\u00fcr politische Bildung&#8220; (bpb), einer nachgeordneten Bundesbeh\u00f6rde im Gesch\u00e4ftsbereich des Bundesinnenministeriums, l\u00e4sst sich der quasi offizi\u00f6se Standpunkt der Regierung zu Auslandssendern wie der staatlich finanzierten <em>Deutschen Welle<\/em>\u00a0<a href=\"https:\/\/www.bpb.de\/apuz\/31356\/auslandsmedien-im-21-jahrhundert?p=all\" target=\"_blank\" rel=\"noopener noreferrer\">nachlesen<\/a>:<\/p>\n<blockquote><p><em>&#8222;Die deutsche Teilungsgeschichte lehrt, dass allein die Existenz von Rundfunkanstalten wie der Deutschen Welle ein Signal nach innen und nach au\u00dfen ist \u2013 f\u00fcr den Anspruch, in der Welt pr\u00e4sent sein zu wollen, und f\u00fcr die \u00dcberzeugung, selbst den richtigen Weg zu kennen. Dieses Signal darf offenbar auch etwas kosten.&#8220;<\/em><\/p><\/blockquote>\n<p>Es sieht so aus, als habe Berlin nur die unmittelbar finanziellen, nicht aber die politischen Kosten dieses Anspruchs einkalkuliert.<\/p>\n<p style=\"text-align: right;\"><em>Christian Harde ist Mitglied des Deutschen Freidenker-Verbandes<\/em><\/p>\n<p><span style=\"font-size: 10pt;\">Link zur Erstver\u00f6ffentlichung: <a href=\"https:\/\/de.rt.com\/inland\/131088-keine-einmischung-seitens-bundesregierung-entscheidung\/\" target=\"_blank\" rel=\"noopener\">https:\/\/de.rt.com\/inland\/131088-keine-einmischung-seitens-bundesregierung-entscheidung\/<\/a><\/span><\/p>\n<hr \/>\n<p><span style=\"font-size: 10pt;\">Bild oben: Collage von Ralf Lux unter Verwendung von:<\/span><\/p>\n<p><span style=\"font-size: 10pt;\">\u00dcbertragungsfahrzeug von RT in Moskau<\/span><br \/>\n<span style=\"font-size: 10pt;\">Foto: J\u00fcrg Vollmer \/ Maiakinfo , <a href=\"https:\/\/creativecommons.org\/licenses\/by-sa\/3.0\" target=\"_blank\" rel=\"noopener\">CC BY-SA 3.0<\/a>, <\/span><br \/>\n<span style=\"font-size: 10pt;\">Quelle: <a href=\"https:\/\/commons.wikimedia.org\/w\/index.php?curid=9057557\" target=\"_blank\" rel=\"noopener\">https:\/\/commons.wikimedia.org\/w\/index.php?curid=9057557<\/a><\/span><\/p>\n<p>&nbsp;<\/p>\n","protected":false},"excerpt":{"rendered":"<p><b>\u2013 die MABB und ihr Vorgehen gegen RT DE \/ Eine Analyse von Christian Harde<\/b><br \/>\nNachdem die &#8222;Medienanstalt Berlin-Brandenburg&#8220; &#8230; am 17. Dezember 2021 ein &#8222;f\u00f6rmliches Verfahren&#8220; gegen RT DE Productions eingeleitet hatte, teilte sie RT DE am 2. Februar 2022 ihre Entscheidung mit. &#8230;<br \/>\nIn der Zwischenzeit hatte sich &#8230; ein Privatmann an die MABB mit einer Anfrage nach dem Akteneinsichts- und Informationszugangsgesetz Brandenburg (AIG) und dem Verbraucherinformationsgesetz (VIG) gewandt. Der Antragsteller wollte die Begr\u00fcndung f\u00fcr die Entscheidung der MABB erfahren, mit dem sie den Satellitendienst Eutelsat am 22. Dezember 2022 gezwungen habe, die Ausstrahlung des neuen deutschsprachigen TV-Senders RT DE \u00fcber die Plattform Eutelsat 9B einzustellen. &#8230; Die MABB behauptet nun, das vom Antragsteller &#8222;begehrte Dokument&#8220;, also die Begr\u00fcndung der MABB f\u00fcr die Abschaltung des Satellitendienstes Eutelsat 9B f\u00fcr RT DE, existiere gar nicht.<\/p>\n","protected":false},"author":3,"featured_media":12177,"comment_status":"closed","ping_status":"closed","sticky":false,"template":"","format":"standard","meta":{"colormag_page_container_layout":"default_layout","colormag_page_sidebar_layout":"default_layout","advanced_seo_description":"","jetpack_seo_html_title":"","jetpack_seo_noindex":false,"jetpack_post_was_ever_published":false,"footnotes":""},"categories":[12],"tags":[121,1430,395,596,1432,527],"class_list":["post-12172","post","type-post","status-publish","format-standard","has-post-thumbnail","hentry","category-demokratie-medien-aufklaerung","tag-medien","tag-medienloeschung","tag-meinungsfreiheit","tag-pressefreiheit","tag-russia-today","tag-zensur"],"jetpack_featured_media_url":"https:\/\/i0.wp.com\/www.freidenker.org\/fw17\/wp-content\/uploads\/2022\/02\/rt_de_censored.jpg?fit=800%2C450&ssl=1","jetpack_shortlink":"https:\/\/wp.me\/p9stpK-3ak","jetpack-related-posts":[{"id":12140,"url":"https:\/\/www.freidenker.org\/?p=12140","url_meta":{"origin":12172,"position":0},"title":"RT DE und das Brandenburger Landrecht","author":"Webredaktion","date":"4. Februar 2022","format":false,"excerpt":"Beitrag von Dagmar Henn Jedes Ding hat eine gute und eine schlechte Seite, und mit den fortgesetzten Man\u00f6vern, um den TV-Kanal\u00a0RT DE zum Schweigen zu bringen, ist es genauso. Deshalb sollte man diesen Punkt an allererster Stelle betonen \u2013 sie best\u00e4tigen, dass RT DE l\u00e4ngst ein wichtiges Medium in Deutschland\u2026","rel":"","context":"In &quot;Demokratie \u2013 Medien \u2013 Aufkl\u00e4rung&quot;","block_context":{"text":"Demokratie \u2013 Medien \u2013 Aufkl\u00e4rung","link":"https:\/\/www.freidenker.org\/?cat=12"},"img":{"alt_text":"","src":"https:\/\/i0.wp.com\/www.freidenker.org\/fw17\/wp-content\/uploads\/2022\/02\/rt_de_zensiert_800x450.jpg?fit=800%2C450&ssl=1&resize=350%2C200","width":350,"height":200,"srcset":"https:\/\/i0.wp.com\/www.freidenker.org\/fw17\/wp-content\/uploads\/2022\/02\/rt_de_zensiert_800x450.jpg?fit=800%2C450&ssl=1&resize=350%2C200 1x, https:\/\/i0.wp.com\/www.freidenker.org\/fw17\/wp-content\/uploads\/2022\/02\/rt_de_zensiert_800x450.jpg?fit=800%2C450&ssl=1&resize=525%2C300 1.5x, https:\/\/i0.wp.com\/www.freidenker.org\/fw17\/wp-content\/uploads\/2022\/02\/rt_de_zensiert_800x450.jpg?fit=800%2C450&ssl=1&resize=700%2C400 2x"},"classes":[]},{"id":11929,"url":"https:\/\/www.freidenker.org\/?p=11929","url_meta":{"origin":12172,"position":1},"title":"Ene mene muh und raus bist du: RT DE","author":"Webredaktion","date":"4. Januar 2022","format":false,"excerpt":"Beitrag von Friedhelm Klinkhammer und Volker Br\u00e4utigam Wie hochgesinnt es doch klingt, unser wunderbares Grundgesetz: \u201eDie Pressefreiheit und die Freiheit der Berichterstattung durch Rundfunk und Film werden gew\u00e4hrleistet. Eine Zensur findet nicht statt.\u201c (1) Selbstzensur ist hingegen nicht nur statthaft, sie ist den Regierenden auch hochwillkommen. \u00a0Die Schmocks der Redaktion\u2026","rel":"","context":"In &quot;Demokratie \u2013 Medien \u2013 Aufkl\u00e4rung&quot;","block_context":{"text":"Demokratie \u2013 Medien \u2013 Aufkl\u00e4rung","link":"https:\/\/www.freidenker.org\/?cat=12"},"img":{"alt_text":"","src":"https:\/\/i0.wp.com\/www.freidenker.org\/fw17\/wp-content\/uploads\/2022\/01\/rt_de_800x450_v2.jpg?fit=800%2C450&ssl=1&resize=350%2C200","width":350,"height":200,"srcset":"https:\/\/i0.wp.com\/www.freidenker.org\/fw17\/wp-content\/uploads\/2022\/01\/rt_de_800x450_v2.jpg?fit=800%2C450&ssl=1&resize=350%2C200 1x, https:\/\/i0.wp.com\/www.freidenker.org\/fw17\/wp-content\/uploads\/2022\/01\/rt_de_800x450_v2.jpg?fit=800%2C450&ssl=1&resize=525%2C300 1.5x, https:\/\/i0.wp.com\/www.freidenker.org\/fw17\/wp-content\/uploads\/2022\/01\/rt_de_800x450_v2.jpg?fit=800%2C450&ssl=1&resize=700%2C400 2x"},"classes":[]},{"id":14592,"url":"https:\/\/www.freidenker.org\/?p=14592","url_meta":{"origin":12172,"position":2},"title":"Protest gegen Angriffe auf diplomatische Vertretungen Russlands \u2013 Antwort? Fehlanzeige","author":"Webredaktion","date":"4. November 2022","format":false,"excerpt":"Beitrag von RT DE Nach den Angriffen auf russische diplomatische Einrichtungen in Berlin und Frankfurt am Main Anfang des Monats regt sich Protest\u00a0\u2013\u00a0von\u00a0Vereinen und gesellschaftlichen\u00a0Organisationen aus dem Osten der Republik. ... Was war geschehen? Am 10. Oktober hatten acht Unbekannte Flaschen mit Farbe auf die russische Botschaft in Berlin geworfen.\u2026","rel":"","context":"In &quot;Frieden - Antifaschismus - Solidarit\u00e4t&quot;","block_context":{"text":"Frieden - Antifaschismus - Solidarit\u00e4t","link":"https:\/\/www.freidenker.org\/?cat=13"},"img":{"alt_text":"","src":"https:\/\/i0.wp.com\/www.freidenker.org\/fw17\/wp-content\/uploads\/2022\/11\/Berlin_Russische_Botschaft_02a_800x450-1.jpg?fit=800%2C450&ssl=1&resize=350%2C200","width":350,"height":200,"srcset":"https:\/\/i0.wp.com\/www.freidenker.org\/fw17\/wp-content\/uploads\/2022\/11\/Berlin_Russische_Botschaft_02a_800x450-1.jpg?fit=800%2C450&ssl=1&resize=350%2C200 1x, https:\/\/i0.wp.com\/www.freidenker.org\/fw17\/wp-content\/uploads\/2022\/11\/Berlin_Russische_Botschaft_02a_800x450-1.jpg?fit=800%2C450&ssl=1&resize=525%2C300 1.5x, https:\/\/i0.wp.com\/www.freidenker.org\/fw17\/wp-content\/uploads\/2022\/11\/Berlin_Russische_Botschaft_02a_800x450-1.jpg?fit=800%2C450&ssl=1&resize=700%2C400 2x"},"classes":[]},{"id":12112,"url":"https:\/\/www.freidenker.org\/?p=12112","url_meta":{"origin":12172,"position":3},"title":"Sumpfblasen aus den Medienanstalten","author":"Webredaktion","date":"30. Januar 2022","format":false,"excerpt":"Beitrag von Friedhelm Klinkhammer und Volker Br\u00e4utigam Peinlich, peinlich: Au\u00dfenministerin Baerbock, Blamier-Gr\u00fcne, bewies bei ihrem Antrittsbesuch in Moskau einmal mehr, was sie nicht kann: rechtzeitig den Mund zu halten. Ihr Gastgeber, Au\u00dfenminister Sergei Lawrow, hatte in der gemeinsamen Pressekonferenz zuvor das Gezerre um die Erdgasleitung Nordstream 2 und die deutsche\u2026","rel":"","context":"In &quot;Demokratie \u2013 Medien \u2013 Aufkl\u00e4rung&quot;","block_context":{"text":"Demokratie \u2013 Medien \u2013 Aufkl\u00e4rung","link":"https:\/\/www.freidenker.org\/?cat=12"},"img":{"alt_text":"","src":"https:\/\/i0.wp.com\/www.freidenker.org\/fw17\/wp-content\/uploads\/2022\/01\/Blasen_ARD_ZDF_800x450.jpg?fit=800%2C450&ssl=1&resize=350%2C200","width":350,"height":200,"srcset":"https:\/\/i0.wp.com\/www.freidenker.org\/fw17\/wp-content\/uploads\/2022\/01\/Blasen_ARD_ZDF_800x450.jpg?fit=800%2C450&ssl=1&resize=350%2C200 1x, https:\/\/i0.wp.com\/www.freidenker.org\/fw17\/wp-content\/uploads\/2022\/01\/Blasen_ARD_ZDF_800x450.jpg?fit=800%2C450&ssl=1&resize=525%2C300 1.5x, https:\/\/i0.wp.com\/www.freidenker.org\/fw17\/wp-content\/uploads\/2022\/01\/Blasen_ARD_ZDF_800x450.jpg?fit=800%2C450&ssl=1&resize=700%2C400 2x"},"classes":[]},{"id":12187,"url":"https:\/\/www.freidenker.org\/?p=12187","url_meta":{"origin":12172,"position":4},"title":"Baerbock im deutsch-russischen Porzellanladen","author":"Webredaktion","date":"11. Februar 2022","format":false,"excerpt":"Von Friedhelm Klinkhammer und Volker Br\u00e4utigam Au\u00dfenministerin Baerbock gibt den Maas 2.0: Voll dabei, die letzten Reste von Sachlichkeit und Zur\u00fcckhaltung fallen zu lassen und sie mit NATO-typischer Aggressivit\u00e4t und Drohungen zu ersetzen. Den \u201edeutsch-russischen Medienkrieg\u201c \u2013 hie der Sender RT DE unter Verbot, dort die Moskauer Dependance der Deutsche\u2026","rel":"","context":"In &quot;Demokratie \u2013 Medien \u2013 Aufkl\u00e4rung&quot;","block_context":{"text":"Demokratie \u2013 Medien \u2013 Aufkl\u00e4rung","link":"https:\/\/www.freidenker.org\/?cat=12"},"img":{"alt_text":"","src":"https:\/\/i0.wp.com\/www.freidenker.org\/fw17\/wp-content\/uploads\/2022\/02\/baerbock_scherben.jpg?fit=800%2C450&ssl=1&resize=350%2C200","width":350,"height":200,"srcset":"https:\/\/i0.wp.com\/www.freidenker.org\/fw17\/wp-content\/uploads\/2022\/02\/baerbock_scherben.jpg?fit=800%2C450&ssl=1&resize=350%2C200 1x, https:\/\/i0.wp.com\/www.freidenker.org\/fw17\/wp-content\/uploads\/2022\/02\/baerbock_scherben.jpg?fit=800%2C450&ssl=1&resize=525%2C300 1.5x, https:\/\/i0.wp.com\/www.freidenker.org\/fw17\/wp-content\/uploads\/2022\/02\/baerbock_scherben.jpg?fit=800%2C450&ssl=1&resize=700%2C400 2x"},"classes":[]},{"id":19887,"url":"https:\/\/www.freidenker.org\/?p=19887","url_meta":{"origin":12172,"position":5},"title":"Zensur von RT: Ende der liberalen Demokratien","author":"Webredaktion","date":"23. September 2024","format":false,"excerpt":"Beitrag von Gert Ewen Ungar\u00a0 In einer konzertierten Aktion versetzt der kollektive Westen unter F\u00fchrung der USA der Presse- und Meinungsfreiheit einen weiteren Schlag. Im Zentrum der Attacke steht erneut\u00a0RT. Nachdem die USA neue Sanktionen gegen den russischen Sender verh\u00e4ngt haben, hat nun auch der eng mit der US-Administration verflochtene\u2026","rel":"","context":"In &quot;Demokratie \u2013 Medien \u2013 Aufkl\u00e4rung&quot;","block_context":{"text":"Demokratie \u2013 Medien \u2013 Aufkl\u00e4rung","link":"https:\/\/www.freidenker.org\/?cat=12"},"img":{"alt_text":"","src":"https:\/\/i0.wp.com\/www.freidenker.org\/fw17\/wp-content\/uploads\/2024\/09\/Secretary_Blinken_Delivers_Remarks_in_the_Press_Briefing_Room_53992799309_800x450.jpg?fit=800%2C450&ssl=1&resize=350%2C200","width":350,"height":200,"srcset":"https:\/\/i0.wp.com\/www.freidenker.org\/fw17\/wp-content\/uploads\/2024\/09\/Secretary_Blinken_Delivers_Remarks_in_the_Press_Briefing_Room_53992799309_800x450.jpg?fit=800%2C450&ssl=1&resize=350%2C200 1x, https:\/\/i0.wp.com\/www.freidenker.org\/fw17\/wp-content\/uploads\/2024\/09\/Secretary_Blinken_Delivers_Remarks_in_the_Press_Briefing_Room_53992799309_800x450.jpg?fit=800%2C450&ssl=1&resize=525%2C300 1.5x, https:\/\/i0.wp.com\/www.freidenker.org\/fw17\/wp-content\/uploads\/2024\/09\/Secretary_Blinken_Delivers_Remarks_in_the_Press_Briefing_Room_53992799309_800x450.jpg?fit=800%2C450&ssl=1&resize=700%2C400 2x"},"classes":[]}],"_links":{"self":[{"href":"https:\/\/www.freidenker.org\/index.php?rest_route=\/wp\/v2\/posts\/12172","targetHints":{"allow":["GET"]}}],"collection":[{"href":"https:\/\/www.freidenker.org\/index.php?rest_route=\/wp\/v2\/posts"}],"about":[{"href":"https:\/\/www.freidenker.org\/index.php?rest_route=\/wp\/v2\/types\/post"}],"author":[{"embeddable":true,"href":"https:\/\/www.freidenker.org\/index.php?rest_route=\/wp\/v2\/users\/3"}],"replies":[{"embeddable":true,"href":"https:\/\/www.freidenker.org\/index.php?rest_route=%2Fwp%2Fv2%2Fcomments&post=12172"}],"version-history":[{"count":0,"href":"https:\/\/www.freidenker.org\/index.php?rest_route=\/wp\/v2\/posts\/12172\/revisions"}],"wp:featuredmedia":[{"embeddable":true,"href":"https:\/\/www.freidenker.org\/index.php?rest_route=\/wp\/v2\/media\/12177"}],"wp:attachment":[{"href":"https:\/\/www.freidenker.org\/index.php?rest_route=%2Fwp%2Fv2%2Fmedia&parent=12172"}],"wp:term":[{"taxonomy":"category","embeddable":true,"href":"https:\/\/www.freidenker.org\/index.php?rest_route=%2Fwp%2Fv2%2Fcategories&post=12172"},{"taxonomy":"post_tag","embeddable":true,"href":"https:\/\/www.freidenker.org\/index.php?rest_route=%2Fwp%2Fv2%2Ftags&post=12172"}],"curies":[{"name":"wp","href":"https:\/\/api.w.org\/{rel}","templated":true}]}}