{"id":12162,"date":"2022-02-08T02:56:42","date_gmt":"2022-02-08T01:56:42","guid":{"rendered":"https:\/\/www.freidenker.org\/?p=12162"},"modified":"2022-03-05T00:01:23","modified_gmt":"2022-03-04T23:01:23","slug":"kriegskurs-wird-teuer","status":"publish","type":"post","link":"https:\/\/www.freidenker.org\/?p=12162","title":{"rendered":"Kriegskurs wird teuer"},"content":{"rendered":"<p><em>von <strong>Arnold Sch\u00f6lzel<\/strong><\/em><\/p>\n<p><span style=\"font-size: 10pt;\">Erstver\u00f6ffentlichung am 04.02.2022 in der UZ<\/span><\/p>\n<p>Auch wenn der Krieg gegen Russland vorerst ausbleiben sollte, die Kosten des westlichen S\u00e4belrasselns sollen auf die Bev\u00f6lkerung abgew\u00e4lzt werden. Das Instrument daf\u00fcr: Hohe Inflation, vor allem durch steigende Energiepreise. Dieses Planspiel breitete CDU-Au\u00dfenpolitiker Norbert R\u00f6ttgen am Montag im \u201eDeutschlandfunk\u201c aus. Gleichzeitig sind laut Presseberichten USA und EU-Kommisson dabei, mehr Fl\u00fcssiggas in EU-L\u00e4nder zu lenken.<\/p>\n<p>R\u00f6ttgen lehnte im Interview deutsche Waffenlieferungen an die Ukraine ab. Begr\u00fcndung: Kein anderes Land unterst\u00fctze die Ukraine \u201eauch finanziell so verl\u00e4sslich\u201c und mit \u201eenormen Mitteln\u201c wie die Bundesrepublik. Es werde keinen Krieg des Westens wegen der Ukraine geben, das sei ein \u201ezu hoher Preis\u201c. Klarer geworden sei aber auch, dass die BRD \u201eTeil der Abschreckung\u201c sei. Im Unterschied zu anderen L\u00e4ndern, die Kiew Waffen liefern, verf\u00fcge die Bundesrepublik aber \u00fcber \u201eGespr\u00e4chskan\u00e4le mit Moskau\u201c. Russland habe \u201ezwei Lebensadern \u2013 \u00d6l und Gas\u201c. Die Bundesrepublik m\u00fcsse \u201ean diesem Punkt ansetzen, um abzuschrecken\u201c. Es werde aber \u201ePreissteigerungen\u201c geben, \u201ewenn der Ernstfall eintritt\u201c.<\/p>\n<p>EU-Handelskommissar Valdis Dombrovskis erkl\u00e4rt bei einem Besuch in der Ukraine, dass die Nord-Stream-2-Pipeline von der EU-Kommission \u201eauf Eis gelegt\u201c worden sei, da die EU sie auf ihre Vereinbarkeit mit ihrer Energiepolitik \u00fcberpr\u00fcfe. Er f\u00fcgte hinzu, dass der Staatenblock alles in seiner Macht Stehende unternehme, um Moskau daran zu hindern, sein Gas als \u201eWaffe\u201c zu benutzen. Die Inflation wird aber durch die k\u00fcnstlich vom Westen herbeigef\u00fchrte Krise angeheizt.<\/p>\n<p>Vergangene Woche titelte die \u201eFAZ\u201c: \u201eInflation gr\u00f6\u00dferes Risiko als Ukraine-Konflikt\u201c und verwies auf \u201erosige Konjunkturaussichten in Zentral- und S\u00fcdosteuropa\u201c, die \u201eauch positiv auf Deutschland ausstrahlen d\u00fcrften\u201c. Denn das Bruttoinlandsprodukt zusammengenommen seien Polen, Tschechien, Slowakei und Ungarn die \u201ebedeutendsten deutschen Au\u00dfenhandelspartner\u201c mit einem f\u00fcr 2022 erwarteten Wachstum von 4,6 Prozent. Gefahren drohten aber dort wie hier von steigenden Energiepreisen, \u201eweil die Haushalte in den L\u00e4ndern einen hohen Teil ihres Einkommens f\u00fcr Energie und Nahrungsmittel\u201c ausgeben. Damit bleibe bei steigenden Kosten weniger f\u00fcr den Konsum anderer G\u00fcter, so dass L\u00e4nder wie Ungarn, Serbien und Nordmazedonien bei Lebensmitteln schon auf Preiskontrollen setzten, \u201enicht zuletzt aus Gr\u00fcnden der innenpolitischen Stabilit\u00e4t\u201c. Polen und Rum\u00e4nien diskutierten dar\u00fcber.<\/p>\n<p>Einen Inflationsschub durch neue Sanktionen gegen Russland k\u00f6nnen diese L\u00e4nder offenbar kaum verkraften. Solche Sch\u00e4den f\u00fcr BRD und EU scheinen aber in Washington und Br\u00fcssel keine Rolle zu spielen. Am Dienstag berichtete das \u201eHandelsblatt\u201c, die USA engagierten sich so stark f\u00fcr die Versorgungssicherheit der EU, weil sie deren Abh\u00e4ngigkeit von russischen Energieimporten als Hindernis f\u00fcr abschreckende Sanktionsdrohungen gegen Moskau ausgemacht h\u00e4tten. Ziel des US-Pr\u00e4sidenten Joseph Biden sei, zusammen mit Katar Fl\u00fcssiggaslieferungen in die EU umzulenken. Laut Eingeweihten gebe es deswegen \u201equasi eine Standleitung\u201c zwischen den engsten Mitarbeitern von Kommissionschefin Ursula von der Leyen und den au\u00dfenpolitischen Strategen der US-Regierung.<\/p>\n<p>Es verwundert nicht, dass der Chef des Ostausschusses der Deutschen Wirtschaft, Oliver Hermes, am Dienstag angesichts dieser Situation dagegenhielt und dazu aufrief, ein \u201eHelsinki 2.0\u201c mit Russland anzustreben: \u201eNeue Wirtschaftssanktionen, sei es gegen Nord Stream 2 oder gegen den russischen Finanzsektor, f\u00fchren dagegen zu hohen Kosten auf beiden Seiten.\u201c Nicht nur im Handel, im Energie- und Finanzsektor, sondern auch im Sicherheitsbereich sei \u201eeine gesamteurop\u00e4ische Sicherheitsarchitektur unter Einschluss Russlands und der Ukraine\u201c n\u00f6tig.<\/p>\n<p>Klar ist: Ob mit oder ohne Sanktionen \u2013 die Reall\u00f6hne sollen gesenkt werden. Die Arbeiterklasse soll die Zeche f\u00fcr preistreibende Konfrontation und Kriegskurs tragen.<\/p>\n<p style=\"text-align: right;\"><em>Dr. Arnold Sch\u00f6lzel ist Mitglied des Beirats des Deutschen Freidenker-Verbandes<\/em><\/p>\n<p><span style=\"font-size: 10pt;\">Link zur Erstver\u00f6ffentlichung in der UZ: <a href=\"https:\/\/www.unsere-zeit.de\/kriegskurs-wird-teuer-165426\/\" target=\"_blank\" rel=\"noopener\">https:\/\/www.unsere-zeit.de\/kriegskurs-wird-teuer-165426\/<\/a><\/span><\/p>\n<hr \/>\n<p><span style=\"font-size: 10pt;\">Bild: <a href=\"https:\/\/pixabay.com\/de\/photos\/energie-energiemessger%c3%a4t-167969\/\" target=\"_blank\" rel=\"noopener\">pixabay.com<\/a> \/ <a class=\"hover_opacity\" href=\"https:\/\/pixabay.com\/de\/users\/alexanderstein-45237\/\">AlexanderStein<\/a> \/ <a href=\"https:\/\/pixabay.com\/de\/service\/license\/\">Pixabay License<\/a><\/span><\/p>\n","protected":false},"excerpt":{"rendered":"<p><b>Beitrag von Arnold Sch\u00f6lzel<\/b><br \/>\nAuch wenn der Krieg gegen Russland vorerst ausbleiben sollte, die Kosten des westlichen S\u00e4belrasselns sollen auf die Bev\u00f6lkerung abgew\u00e4lzt werden. Das Instrument daf\u00fcr: Hohe Inflation, vor allem durch steigende Energiepreise. Dieses Planspiel breitete CDU-Au\u00dfenpolitiker Norbert R\u00f6ttgen am Montag im \u201eDeutschlandfunk\u201c aus. Gleichzeitig sind laut Presseberichten USA und EU-Kommisson dabei, mehr Fl\u00fcssiggas in EU-L\u00e4nder zu lenken. R\u00f6ttgen lehnte im Interview deutsche Waffenlieferungen an die Ukraine ab. Begr\u00fcndung: Kein anderes Land unterst\u00fctze die Ukraine \u201eauch finanziell so verl\u00e4sslich\u201c und mit \u201eenormen Mitteln\u201c wie die Bundesrepublik. <\/p>\n","protected":false},"author":3,"featured_media":12164,"comment_status":"closed","ping_status":"closed","sticky":false,"template":"","format":"standard","meta":{"colormag_page_container_layout":"default_layout","colormag_page_sidebar_layout":"default_layout","advanced_seo_description":"","jetpack_seo_html_title":"","jetpack_seo_noindex":false,"jetpack_post_was_ever_published":false,"footnotes":""},"categories":[11],"tags":[1283,1473,182,1494,180,1317,122],"class_list":["post-12162","post","type-post","status-publish","format-standard","has-post-thumbnail","hentry","category-arbeit-soziales","tag-energie","tag-erdgas","tag-eu","tag-handel","tag-krise","tag-nord-stream","tag-wirtschaft"],"jetpack_featured_media_url":"https:\/\/i0.wp.com\/www.freidenker.org\/fw17\/wp-content\/uploads\/2022\/02\/energy-167969_800x450.jpg?fit=800%2C450&ssl=1","jetpack_shortlink":"https:\/\/wp.me\/p9stpK-3aa","jetpack-related-posts":[{"id":20377,"url":"https:\/\/www.freidenker.org\/?p=20377","url_meta":{"origin":12162,"position":0},"title":"1000 Tage falsche Solidarit\u00e4t \u2013 die Ukraine geht zugrunde, die EU feiert sich selbst","author":"Webredaktion","date":"24. November 2024","format":false,"excerpt":"Beitrag von Gert Ewen Ungar In einer Sondersitzung mit einem zugeschalteten ukrainischen Pr\u00e4sidenten mit abgelaufenem Haltbarkeitsdatum, Wladimir Selenskij, erinnerte das EU-Parlament an \"1000 days of Russia's full-scale invasion of Ukraine\". 1000 Tage sind seit dem 24. Februar 2022 vergangen, als Russland der Bitte der Volksrepubliken Donezk und Lugansk folgte, und\u2026","rel":"","context":"In &quot;Demokratie \u2013 Medien \u2013 Aufkl\u00e4rung&quot;","block_context":{"text":"Demokratie \u2013 Medien \u2013 Aufkl\u00e4rung","link":"https:\/\/www.freidenker.org\/?cat=12"},"img":{"alt_text":"","src":"https:\/\/i0.wp.com\/www.freidenker.org\/fw17\/wp-content\/uploads\/2024\/11\/Zelenskyy_returned_to_the_European_Parliament_on_17_October_800x450.jpg?fit=800%2C450&ssl=1&resize=350%2C200","width":350,"height":200,"srcset":"https:\/\/i0.wp.com\/www.freidenker.org\/fw17\/wp-content\/uploads\/2024\/11\/Zelenskyy_returned_to_the_European_Parliament_on_17_October_800x450.jpg?fit=800%2C450&ssl=1&resize=350%2C200 1x, https:\/\/i0.wp.com\/www.freidenker.org\/fw17\/wp-content\/uploads\/2024\/11\/Zelenskyy_returned_to_the_European_Parliament_on_17_October_800x450.jpg?fit=800%2C450&ssl=1&resize=525%2C300 1.5x, https:\/\/i0.wp.com\/www.freidenker.org\/fw17\/wp-content\/uploads\/2024\/11\/Zelenskyy_returned_to_the_European_Parliament_on_17_October_800x450.jpg?fit=800%2C450&ssl=1&resize=700%2C400 2x"},"classes":[]},{"id":15818,"url":"https:\/\/www.freidenker.org\/?p=15818","url_meta":{"origin":12162,"position":1},"title":"Die mediale Hysterie und was die Medien dabei verschweigen","author":"Webredaktion","date":"21. April 2023","format":false,"excerpt":"Beitrag von Anti-Spiegel (d.i. Thomas R\u00f6per) Der franz\u00f6sische Pr\u00e4sident Macron hat auf dem R\u00fcckflug von der Chinareise, die er zusammen mit Ursula von der Leyen absolviert hat, die EU in Interviews davor gewarnt, den USA blind zu folgen und de facto eine eigene Chinapolitik der EU angemahnt. Die Forderung, eine\u2026","rel":"","context":"In &quot;Demokratie \u2013 Medien \u2013 Aufkl\u00e4rung&quot;","block_context":{"text":"Demokratie \u2013 Medien \u2013 Aufkl\u00e4rung","link":"https:\/\/www.freidenker.org\/?cat=12"},"img":{"alt_text":"","src":"https:\/\/i0.wp.com\/www.freidenker.org\/fw17\/wp-content\/uploads\/2023\/04\/newspaper-1595773_960_800x450.jpg?fit=800%2C450&ssl=1&resize=350%2C200","width":350,"height":200,"srcset":"https:\/\/i0.wp.com\/www.freidenker.org\/fw17\/wp-content\/uploads\/2023\/04\/newspaper-1595773_960_800x450.jpg?fit=800%2C450&ssl=1&resize=350%2C200 1x, https:\/\/i0.wp.com\/www.freidenker.org\/fw17\/wp-content\/uploads\/2023\/04\/newspaper-1595773_960_800x450.jpg?fit=800%2C450&ssl=1&resize=525%2C300 1.5x, https:\/\/i0.wp.com\/www.freidenker.org\/fw17\/wp-content\/uploads\/2023\/04\/newspaper-1595773_960_800x450.jpg?fit=800%2C450&ssl=1&resize=700%2C400 2x"},"classes":[]},{"id":23931,"url":"https:\/\/www.freidenker.org\/?p=23931","url_meta":{"origin":12162,"position":2},"title":"EU-Gipfel: Der Kanzler ist nackt","author":"Webredaktion","date":"22. Dezember 2025","format":false,"excerpt":"Beitrag von Gert Ewen Ungar Die EU ist mit ihrem Vorhaben, das eingefrorene russische Verm\u00f6gen zu stehlen, am Widerstand einiger ihrer Mitgliedstaaten gescheitert. Auch der Plan B, eine gemeinschaftliche Schuldenaufnahme der EU-Staaten zugunsten der Ukraine, ist aufgrund der Verweigerung dreier L\u00e4nder gescheitert. Das Risiko teilen sich die verbliebenen 24 Staaten\u2026","rel":"","context":"In &quot;Demokratie \u2013 Medien \u2013 Aufkl\u00e4rung&quot;","block_context":{"text":"Demokratie \u2013 Medien \u2013 Aufkl\u00e4rung","link":"https:\/\/www.freidenker.org\/?cat=12"},"img":{"alt_text":"","src":"https:\/\/i0.wp.com\/www.freidenker.org\/fw17\/wp-content\/uploads\/2025\/12\/Friedrich_Merz_to_the_European_Commission_-_2025_800x450.jpg?fit=800%2C450&ssl=1&resize=350%2C200","width":350,"height":200,"srcset":"https:\/\/i0.wp.com\/www.freidenker.org\/fw17\/wp-content\/uploads\/2025\/12\/Friedrich_Merz_to_the_European_Commission_-_2025_800x450.jpg?fit=800%2C450&ssl=1&resize=350%2C200 1x, https:\/\/i0.wp.com\/www.freidenker.org\/fw17\/wp-content\/uploads\/2025\/12\/Friedrich_Merz_to_the_European_Commission_-_2025_800x450.jpg?fit=800%2C450&ssl=1&resize=525%2C300 1.5x, https:\/\/i0.wp.com\/www.freidenker.org\/fw17\/wp-content\/uploads\/2025\/12\/Friedrich_Merz_to_the_European_Commission_-_2025_800x450.jpg?fit=800%2C450&ssl=1&resize=700%2C400 2x"},"classes":[]},{"id":23717,"url":"https:\/\/www.freidenker.org\/?p=23717","url_meta":{"origin":12162,"position":3},"title":"Warum der Diebstahl der russischen Verm\u00f6genswerte f\u00fcr die EU lebenswichtig ist","author":"Webredaktion","date":"5. Dezember 2025","format":false,"excerpt":"In die eigene Falle getappt von Anti-Spiegel (d.i. Thomas R\u00f6per) Der Streit um die Enteignung der in Belgien eingefrorenen russischen Verm\u00f6genswerte ist f\u00fcr die EU zu einer \u00dcberlebensfrage geworden. Da man die Gelder laut V\u00f6lkerrecht nicht einfach klauen kann und die EU als Finanzplatz dann wohl eine riesige Kapitalflucht mit\u2026","rel":"","context":"In &quot;Demokratie \u2013 Medien \u2013 Aufkl\u00e4rung&quot;","block_context":{"text":"Demokratie \u2013 Medien \u2013 Aufkl\u00e4rung","link":"https:\/\/www.freidenker.org\/?cat=12"},"img":{"alt_text":"","src":"https:\/\/i0.wp.com\/www.freidenker.org\/fw17\/wp-content\/uploads\/2025\/12\/Papierschiffchen-mit-EU-Fahne_v3_800x450.jpg?fit=800%2C450&ssl=1&resize=350%2C200","width":350,"height":200,"srcset":"https:\/\/i0.wp.com\/www.freidenker.org\/fw17\/wp-content\/uploads\/2025\/12\/Papierschiffchen-mit-EU-Fahne_v3_800x450.jpg?fit=800%2C450&ssl=1&resize=350%2C200 1x, https:\/\/i0.wp.com\/www.freidenker.org\/fw17\/wp-content\/uploads\/2025\/12\/Papierschiffchen-mit-EU-Fahne_v3_800x450.jpg?fit=800%2C450&ssl=1&resize=525%2C300 1.5x, https:\/\/i0.wp.com\/www.freidenker.org\/fw17\/wp-content\/uploads\/2025\/12\/Papierschiffchen-mit-EU-Fahne_v3_800x450.jpg?fit=800%2C450&ssl=1&resize=700%2C400 2x"},"classes":[]},{"id":21117,"url":"https:\/\/www.freidenker.org\/?p=21117","url_meta":{"origin":12162,"position":4},"title":"Das Recht des St\u00e4rkeren?","author":"Webredaktion","date":"8. M\u00e4rz 2025","format":false,"excerpt":"Gedanken zu einem Leserbrief Beitrag von\u00a0Thomas Loch Das Recht des St\u00e4rkeren? Ein Leserbrief in der Mitteldeutschen Zeitung gefunden, weil dort ver\u00f6ffentlicht am 04. M\u00e4rz 2025 auf Seite 8., wurde von einer Frau und einem Mann gleichem Nachnamens geschrieben. Im Leserbrief geht es um den \u201eRausschmiss\u201c des ukrainischen Pr\u00e4sidenten aus dem\u2026","rel":"","context":"In &quot;Demokratie \u2013 Medien \u2013 Aufkl\u00e4rung&quot;","block_context":{"text":"Demokratie \u2013 Medien \u2013 Aufkl\u00e4rung","link":"https:\/\/www.freidenker.org\/?cat=12"},"img":{"alt_text":"","src":"https:\/\/i0.wp.com\/www.freidenker.org\/fw17\/wp-content\/uploads\/2025\/03\/Loch_Zeitungen_20250306_800x450.jpg?fit=800%2C450&ssl=1&resize=350%2C200","width":350,"height":200,"srcset":"https:\/\/i0.wp.com\/www.freidenker.org\/fw17\/wp-content\/uploads\/2025\/03\/Loch_Zeitungen_20250306_800x450.jpg?fit=800%2C450&ssl=1&resize=350%2C200 1x, https:\/\/i0.wp.com\/www.freidenker.org\/fw17\/wp-content\/uploads\/2025\/03\/Loch_Zeitungen_20250306_800x450.jpg?fit=800%2C450&ssl=1&resize=525%2C300 1.5x, https:\/\/i0.wp.com\/www.freidenker.org\/fw17\/wp-content\/uploads\/2025\/03\/Loch_Zeitungen_20250306_800x450.jpg?fit=800%2C450&ssl=1&resize=700%2C400 2x"},"classes":[]},{"id":22768,"url":"https:\/\/www.freidenker.org\/?p=22768","url_meta":{"origin":12162,"position":5},"title":"Wahrheitsleugnerin Ursula von der Leyen auf gef\u00e4hrlichem Kurs","author":"Webredaktion","date":"7. September 2025","format":false,"excerpt":"Die EU-Kommissionspr\u00e4sidentin ignoriert Moskaus Warnungen vor einem Einsatz europ\u00e4ischer Nato-Truppen in der Ukraine Ein Kommentar von Tilo Gr\u00e4ser Die nicht durch eine demokratische Wahl ins Amt gekommene Pr\u00e4sidentin der EU-Kommission Ursula von der Leyen spielt anscheinend schon mal Oberkommandierende einer nichtexistierenden EU-Armee. So kann zumindest gedeutet werden, was sie am\u2026","rel":"","context":"In &quot;Demokratie \u2013 Medien \u2013 Aufkl\u00e4rung&quot;","block_context":{"text":"Demokratie \u2013 Medien \u2013 Aufkl\u00e4rung","link":"https:\/\/www.freidenker.org\/?cat=12"},"img":{"alt_text":"","src":"https:\/\/i0.wp.com\/www.freidenker.org\/fw17\/wp-content\/uploads\/2025\/09\/Press_conference__Zelensky_and_von_der_Leyen_at_the_EC_-_2025_800x450.jpg?fit=800%2C450&ssl=1&resize=350%2C200","width":350,"height":200,"srcset":"https:\/\/i0.wp.com\/www.freidenker.org\/fw17\/wp-content\/uploads\/2025\/09\/Press_conference__Zelensky_and_von_der_Leyen_at_the_EC_-_2025_800x450.jpg?fit=800%2C450&ssl=1&resize=350%2C200 1x, https:\/\/i0.wp.com\/www.freidenker.org\/fw17\/wp-content\/uploads\/2025\/09\/Press_conference__Zelensky_and_von_der_Leyen_at_the_EC_-_2025_800x450.jpg?fit=800%2C450&ssl=1&resize=525%2C300 1.5x, https:\/\/i0.wp.com\/www.freidenker.org\/fw17\/wp-content\/uploads\/2025\/09\/Press_conference__Zelensky_and_von_der_Leyen_at_the_EC_-_2025_800x450.jpg?fit=800%2C450&ssl=1&resize=700%2C400 2x"},"classes":[]}],"_links":{"self":[{"href":"https:\/\/www.freidenker.org\/index.php?rest_route=\/wp\/v2\/posts\/12162","targetHints":{"allow":["GET"]}}],"collection":[{"href":"https:\/\/www.freidenker.org\/index.php?rest_route=\/wp\/v2\/posts"}],"about":[{"href":"https:\/\/www.freidenker.org\/index.php?rest_route=\/wp\/v2\/types\/post"}],"author":[{"embeddable":true,"href":"https:\/\/www.freidenker.org\/index.php?rest_route=\/wp\/v2\/users\/3"}],"replies":[{"embeddable":true,"href":"https:\/\/www.freidenker.org\/index.php?rest_route=%2Fwp%2Fv2%2Fcomments&post=12162"}],"version-history":[{"count":0,"href":"https:\/\/www.freidenker.org\/index.php?rest_route=\/wp\/v2\/posts\/12162\/revisions"}],"wp:featuredmedia":[{"embeddable":true,"href":"https:\/\/www.freidenker.org\/index.php?rest_route=\/wp\/v2\/media\/12164"}],"wp:attachment":[{"href":"https:\/\/www.freidenker.org\/index.php?rest_route=%2Fwp%2Fv2%2Fmedia&parent=12162"}],"wp:term":[{"taxonomy":"category","embeddable":true,"href":"https:\/\/www.freidenker.org\/index.php?rest_route=%2Fwp%2Fv2%2Fcategories&post=12162"},{"taxonomy":"post_tag","embeddable":true,"href":"https:\/\/www.freidenker.org\/index.php?rest_route=%2Fwp%2Fv2%2Ftags&post=12162"}],"curies":[{"name":"wp","href":"https:\/\/api.w.org\/{rel}","templated":true}]}}