{"id":12076,"date":"2022-01-28T00:18:59","date_gmt":"2022-01-27T23:18:59","guid":{"rendered":"https:\/\/www.freidenker.org\/?p=12076"},"modified":"2022-02-19T01:41:16","modified_gmt":"2022-02-19T00:41:16","slug":"rundschreiben-der-initiative-frieden-mit-russland-zur-aktuellen-lage","status":"publish","type":"post","link":"https:\/\/www.freidenker.org\/?p=12076","title":{"rendered":"Rundschreiben der Initiative &#8218;Frieden mit Russland&#8216; zur aktuellen Lage"},"content":{"rendered":"<p>Verschiedene Landesverb\u00e4nde informieren \u00fcber den Rundbrief unserer Hannoveraner Freidenker-Genossen, die in der dortigen Initiative &#8222;Frieden mit Russland&#8220; aktiv sind, und haben vorgeschlagen, dass wir dies im Hinblick auf die bundesweite Friedensbewegung auch auf dieser Seite tun.<\/p>\n<p>Auch &#8222;auf der Stra\u00dfe&#8220; r\u00fchrt sich erfreulicherweise etwas, worauf RT DE mit der hoffnungsvollen Frage aufmerksam macht:\u00a0<a href=\"https:\/\/de.rt.com\/inland\/130568-erwacht-friedensbewegung-kundgebung-in-leipzig\/\" target=\"_blank\" rel=\"noopener\"><strong>Erwacht die Friedensbewegung? Kundgebung in Leipzig angek\u00fcndigt <\/strong><\/a>\u00a0(siehe unten).<\/p>\n<p>Der Freidenker-Landesverband Berlin schreibt z.B.: <em>&#8222;Wir Berliner Freidenker finden es begr\u00fc\u00dfenswert und notwendig, die grundlegenden Inhalte bekannt zu machen, die Teil der diplomatischen Initiative der Russischen F\u00f6deration f\u00fcr eine rechtsverbindliche Abr\u00fcstungsvereinbarung mit den USA \u00a0sind.<\/em><\/p>\n<p><em>Ohne Kenntnis der wesentlichen Punkte der Abr\u00fcstungsinitiative der nicht-imperialistischen Seite \u2013 hier der Russischen F\u00f6deration \u2013 w\u00fcrde auch die Sammlungsbewegung gegen die Kriegspolitik der BRD im imperialistischen Angriffsb\u00fcndnis (NATO, \u201etransatlantische Partnerschaft\u201c, EU) \u00fcber ein ungenaues und unwirksames \u201eFordern von\u201c und \u201eAppellieren an\u201c kaum hinauskommen. Die Konsequenz dieser Kenntnis kann unseres Erachtens nur eine eindeutige Unterst\u00fctzung der russischen Seite sein, da ihre Forderungen einleuchtend, der augenblicklichen Weltlage angemessen und realistisch sind. Ihre Erf\u00fcllung liegt im unmittelbaren Interesse der deutschen Bev\u00f6lkerung.<\/em><\/p>\n<p><em>Deshalb finden wir gut, dass die nieders\u00e4chsische Initiative \u201eFrieden mit Russland\u201c daf\u00fcr wirkt, unter allen Beteiligten den gleichen Kenntnisstand in der Sache herzustellen. Das ist auch ein Mittel gegen die \u00fcber alle Ufer tretende Russophobie und gegen die Hilflosigkeit angesichts der auf den Kopf gestellten Darstellung in der deutschen Politik und ihren Medien.&#8220;<\/em><\/p>\n<p style=\"text-align: right;\"><em>Webredaktion<\/em><\/p>\n<hr \/>\n<h4>Rundschreiben der Initiative &#8218;Frieden mit Russland&#8216; zur aktuellen Lage<\/h4>\n<p><span style=\"font-size: 10pt;\">(Mail vom 24.01.2022)<\/span><\/p>\n<p>Liebe Friedensfreunde, liebe Friedensfreundinnen, liebe Interessierte,<\/p>\n<p>die geballte Ladung an russophober Hetze und die allenthalben aufmarschierenden Kriegstrommler des &#8218;Wertewestens&#8216; lassen derzeit wohl niemanden \u00a0in Ruhe. Die USA und die EU heizen den ohnehin schon scharfen B\u00fcrgerkriegskonflikt in der Ukraine zu einem Konflikt um die Existenzberechtigung der NATO auf, tun aber schon lange nichts mehr etwa \u00a0f\u00fcr die Einhaltung der Minsker Vereinbarungen.<\/p>\n<p>Zur Erinnerung. Die Russ. F\u00f6deration (RF) hatte bereits im Herbst &#8217;21 laut und deutlich gewarnt: Sollte die NATO die Ukraine oder Georgien aufnehmen, sollten dort NATO-Truppen stationiert werden, oder sollten weitere Mittelstreckenraketen an ihrer Westgrenze stationiert werden, wird dies seitens der RF verhindert werden !<\/p>\n<p>Das macht den Ernst der Lage klar, v.a weil die USA und die Westeurop\u00e4er bis dato Tag f\u00fcr Tag weitere Provokationen (inklusive der Stationierung weiterer NATO-Truppen in der Ukraine) gegen die RF folgen lassen.<\/p>\n<p>Gleichwohl \u00a0k\u00fcndigte eben diese RF weitgehende Abr\u00fcstungsvereinbarungen an, die jedoch werden weder in den tollen Leitmedien des Westens noch in deren einschl\u00e4gigen politischen Kreisen kolportiert. Wir m\u00f6chten auch unser &#8218;Rundschreiben&#8216; hier nutzen, um auf die durchweg vern\u00fcnftigen Essentials des russischen Vorschlags hinzuweisen &#8211; aus unserer Sicht eine sehr geeignete Basis zumindest f\u00fcr ein Europa ohne Krieg:<\/p>\n<ul>\n<li>Keine NATO-Milit\u00e4rman\u00f6ver nahe der russischen Grenze, keine russischen Milit\u00e4rman\u00f6ver nahe der Grenze zu NATO-Staaten.<\/li>\n<li>Keine Stationierung von atomwaffenf\u00e4higen Mittelstreckenraketen in Europa, also auch im europ\u00e4ischen Teil Russlands.<\/li>\n<li>Keine Stationierung von Atomwaffen au\u00dferhalb des eigenen Landes (was auch einen Abzug der amerikanischen Atomwaffen aus Europa bedeuten w\u00fcrde).<\/li>\n<li>Keine Bomber so nahe an der Grenze des anderen patrouillieren lassen, dass ein Angriff m\u00f6glich w\u00e4re.<\/li>\n<li>Keine Kriegsschiffe so dicht an die Grenze des anderen bringen, dass sie ihn mit Raketen angreifen k\u00f6nnten.<\/li>\n<li>R\u00fcckkehr zur NATO-Russland-Grundakte, die eine dauerhafte Stationierung von NATO-Truppen in Osteuropa verbietet.<\/li>\n<\/ul>\n<p><span style=\"font-size: 10pt;\">(Vgl. dazu den Beitrag auf unserer Website unter <a href=\"https:\/\/frieden-mit-russland.com\/2022\/01\/16\/die-vorschlaege-russlands-sind-glatt-akzeptabel\/\">https:\/\/frieden-mit-russland.com\/2022\/01\/16\/die-vorschlaege-russlands-sind-glatt-akzeptabel\/<\/a> .)<\/span><\/p>\n<p>Wir wie andere aus der Friedensbewegung m\u00f6chten gerne, dass diese Vorschl\u00e4ge bekannt werden. Wir bitten also alle, zu deren Verbreitung beizutragen. Es muss doch auch trotz Pandemieregime gelingen, jedweden Verteiler, auch die pers\u00f6nlichen in den Familien- oder Bekanntenkreis, damit zu konfrontieren. Wir brauchen nicht mehr oder weniger, als dass die \u00f6ffentliche Meinung diese Friedensbotschaft zur Kenntnis nimmt.<\/p>\n<p>Wir gr\u00fc\u00dfen solidarisch und hoffen auf eure\/ihre Mitwirkung<\/p>\n<p>Frank Braun, f\u00fcr die Initiative &#8218;Frieden mit Russland&#8216;<\/p>\n<p><a href=\"http:\/\/www.frieden-mit-russland.com\">www.frieden-mit-russland.com<\/a><\/p>\n<hr \/>\n<h4>Aufruf zur Kundgebung in Leipzig am 28.01.2022<\/h4>\n<p><img data-recalc-dims=\"1\" loading=\"lazy\" decoding=\"async\" data-attachment-id=\"9632\" data-permalink=\"https:\/\/www.freidenker.org\/?attachment_id=9632\" data-orig-file=\"https:\/\/i0.wp.com\/www.freidenker.org\/fw17\/wp-content\/uploads\/2021\/02\/External_Link.png?fit=512%2C512&amp;ssl=1\" data-orig-size=\"512,512\" data-comments-opened=\"0\" data-image-meta=\"{&quot;aperture&quot;:&quot;0&quot;,&quot;credit&quot;:&quot;&quot;,&quot;camera&quot;:&quot;&quot;,&quot;caption&quot;:&quot;&quot;,&quot;created_timestamp&quot;:&quot;0&quot;,&quot;copyright&quot;:&quot;&quot;,&quot;focal_length&quot;:&quot;0&quot;,&quot;iso&quot;:&quot;0&quot;,&quot;shutter_speed&quot;:&quot;0&quot;,&quot;title&quot;:&quot;&quot;,&quot;orientation&quot;:&quot;0&quot;}\" data-image-title=\"External_Link icon\" data-image-description=\"\" data-image-caption=\"\" data-large-file=\"https:\/\/i0.wp.com\/www.freidenker.org\/fw17\/wp-content\/uploads\/2021\/02\/External_Link.png?fit=512%2C512&amp;ssl=1\" class=\"alignnone wp-image-9632\" src=\"https:\/\/i0.wp.com\/www.freidenker.org\/fw17\/wp-content\/uploads\/2021\/02\/External_Link.png?resize=24%2C24&#038;ssl=1\" alt=\"\" width=\"24\" height=\"24\" srcset=\"https:\/\/i0.wp.com\/www.freidenker.org\/fw17\/wp-content\/uploads\/2021\/02\/External_Link.png?resize=150%2C150&amp;ssl=1 150w, https:\/\/i0.wp.com\/www.freidenker.org\/fw17\/wp-content\/uploads\/2021\/02\/External_Link.png?resize=300%2C300&amp;ssl=1 300w, https:\/\/i0.wp.com\/www.freidenker.org\/fw17\/wp-content\/uploads\/2021\/02\/External_Link.png?w=512&amp;ssl=1 512w\" sizes=\"auto, (max-width: 24px) 100vw, 24px\" \/> Link zum oben erw\u00e4hnten Beitrag bei RT DE: <a href=\"https:\/\/de.rt.com\/inland\/130568-erwacht-friedensbewegung-kundgebung-in-leipzig\/\" target=\"_blank\" rel=\"noopener\">https:\/\/de.rt.com\/inland\/130568-erwacht-friedensbewegung-kundgebung-in-leipzig\/<\/a><\/p>\n<p><img data-recalc-dims=\"1\" loading=\"lazy\" decoding=\"async\" data-attachment-id=\"12083\" data-permalink=\"https:\/\/www.freidenker.org\/?attachment_id=12083\" data-orig-file=\"https:\/\/i0.wp.com\/www.freidenker.org\/fw17\/wp-content\/uploads\/2022\/01\/aufruf_demo_leipzig_61f16d6db480cc49774ac069.png?fit=853%2C785&amp;ssl=1\" data-orig-size=\"853,785\" data-comments-opened=\"0\" data-image-meta=\"{&quot;aperture&quot;:&quot;0&quot;,&quot;credit&quot;:&quot;&quot;,&quot;camera&quot;:&quot;&quot;,&quot;caption&quot;:&quot;&quot;,&quot;created_timestamp&quot;:&quot;0&quot;,&quot;copyright&quot;:&quot;&quot;,&quot;focal_length&quot;:&quot;0&quot;,&quot;iso&quot;:&quot;0&quot;,&quot;shutter_speed&quot;:&quot;0&quot;,&quot;title&quot;:&quot;&quot;,&quot;orientation&quot;:&quot;0&quot;}\" data-image-title=\"aufruf_demo_leipzig_61f16d6db480cc49774ac069\" data-image-description=\"\" data-image-caption=\"\" data-large-file=\"https:\/\/i0.wp.com\/www.freidenker.org\/fw17\/wp-content\/uploads\/2022\/01\/aufruf_demo_leipzig_61f16d6db480cc49774ac069.png?fit=800%2C736&amp;ssl=1\" class=\"alignnone wp-image-12083\" src=\"https:\/\/i0.wp.com\/www.freidenker.org\/fw17\/wp-content\/uploads\/2022\/01\/aufruf_demo_leipzig_61f16d6db480cc49774ac069.png?resize=600%2C552&#038;ssl=1\" alt=\"\" width=\"600\" height=\"552\" srcset=\"https:\/\/i0.wp.com\/www.freidenker.org\/fw17\/wp-content\/uploads\/2022\/01\/aufruf_demo_leipzig_61f16d6db480cc49774ac069.png?resize=300%2C276&amp;ssl=1 300w, https:\/\/i0.wp.com\/www.freidenker.org\/fw17\/wp-content\/uploads\/2022\/01\/aufruf_demo_leipzig_61f16d6db480cc49774ac069.png?resize=768%2C707&amp;ssl=1 768w, https:\/\/i0.wp.com\/www.freidenker.org\/fw17\/wp-content\/uploads\/2022\/01\/aufruf_demo_leipzig_61f16d6db480cc49774ac069.png?w=853&amp;ssl=1 853w\" sizes=\"auto, (max-width: 600px) 100vw, 600px\" \/><\/p>\n<hr \/>\n<p><span style=\"font-size: 10pt;\">Bild oben: Collage von Ralf Lux unter Verwendung von:<br \/>\n<\/span>Taube: <span style=\"font-size: 10pt;\"><a href=\"https:\/\/pixabay.com\/de\/photos\/taube-vogel-freiheit-fliegend-tier-2680487\/\" target=\"_blank\" rel=\"noopener\">pixabay.com<\/a> \/ User <a class=\"hover_opacity\" href=\"https:\/\/pixabay.com\/de\/users\/6248913-6248913\/\">6248913<\/a> \/ <a href=\"https:\/\/pixabay.com\/de\/service\/license\/\">Pixabay License<\/a><\/span><\/p>\n","protected":false},"excerpt":{"rendered":"<p>Die geballte Ladung an russophober Hetze und die allenthalben aufmarschierenden Kriegstrommler des &#8218;Wertewestens&#8216; lassen derzeit wohl niemanden \u00a0in Ruhe. Die USA und die EU heizen den ohnehin schon scharfen B\u00fcrgerkriegskonflikt in der Ukraine zu einem Konflikt um die Existenzberechtigung der NATO auf, tun aber schon lange nichts mehr etwa \u00a0f\u00fcr die Einhaltung der Minsker Vereinbarungen.<br \/>\nZur Erinnerung. Die Russische F\u00f6deration (RF) hatte bereits im Herbst &#8217;21 laut und deutlich gewarnt: Sollte die NATO die Ukraine oder Georgien aufnehmen, sollten dort NATO-Truppen stationiert werden, oder sollten weitere Mittelstreckenraketen an ihrer Westgrenze stationiert werden, wird dies seitens der RF verhindert werden !<br \/>\nIn diesem Beitrag auch enthalten: <b>Aufruf zu einer Kundgebung in Leipzig am 28.01.2022<\/b><\/p>\n","protected":false},"author":3,"featured_media":12079,"comment_status":"closed","ping_status":"closed","sticky":false,"template":"","format":"standard","meta":{"colormag_page_container_layout":"default_layout","colormag_page_sidebar_layout":"default_layout","advanced_seo_description":"","jetpack_seo_html_title":"","jetpack_seo_noindex":false,"jetpack_post_was_ever_published":false,"footnotes":""},"categories":[13],"tags":[961,699,1207,1252,56,222,639],"class_list":["post-12076","post","type-post","status-publish","format-standard","has-post-thumbnail","hentry","category-frieden-antifaschismus-solidaritaet","tag-abruestung","tag-aussenpolitik","tag-manoever","tag-militaerpolitik","tag-nato","tag-russland","tag-ukraine-konflikt"],"jetpack_featured_media_url":"https:\/\/i0.wp.com\/www.freidenker.org\/fw17\/wp-content\/uploads\/2022\/01\/brieftaube_800x450.jpg?fit=800%2C450&ssl=1","jetpack_shortlink":"https:\/\/wp.me\/p9stpK-38M","jetpack-related-posts":[{"id":10523,"url":"https:\/\/www.freidenker.org\/?p=10523","url_meta":{"origin":12076,"position":0},"title":"Deutsche Friedensbewegung zum \u00dcberfall auf die Sowjetunion","author":"Webredaktion","date":"8. Juni 2021","format":false,"excerpt":"Der Freidenkerverband begr\u00fc\u00dft es, wenn m\u00f6glichst viele gesellschaftliche Kr\u00e4fte den bevorstehenden 80. Jahrestags des \u00dcberfalls der deutschen Faschisten auf die Sowjetunion zum Anlass nehmen, ein Ende der Konfrontationspolitik gegen Russland und eine friedliche Zusammenarbeit zu fordern. Eine solche Initiative ist auch ein Projekt aus Friedensbewegung und dem politischen Raum, in\u2026","rel":"","context":"In &quot;Frieden - Antifaschismus - Solidarit\u00e4t&quot;","block_context":{"text":"Frieden - Antifaschismus - Solidarit\u00e4t","link":"https:\/\/www.freidenker.org\/?cat=13"},"img":{"alt_text":"","src":"https:\/\/i0.wp.com\/www.freidenker.org\/fw17\/wp-content\/uploads\/2021\/06\/Frieden_schliessen_Russland_800x450.jpg?fit=800%2C450&ssl=1&resize=350%2C200","width":350,"height":200,"srcset":"https:\/\/i0.wp.com\/www.freidenker.org\/fw17\/wp-content\/uploads\/2021\/06\/Frieden_schliessen_Russland_800x450.jpg?fit=800%2C450&ssl=1&resize=350%2C200 1x, https:\/\/i0.wp.com\/www.freidenker.org\/fw17\/wp-content\/uploads\/2021\/06\/Frieden_schliessen_Russland_800x450.jpg?fit=800%2C450&ssl=1&resize=525%2C300 1.5x, https:\/\/i0.wp.com\/www.freidenker.org\/fw17\/wp-content\/uploads\/2021\/06\/Frieden_schliessen_Russland_800x450.jpg?fit=800%2C450&ssl=1&resize=700%2C400 2x"},"classes":[]},{"id":11801,"url":"https:\/\/www.freidenker.org\/?p=11801","url_meta":{"origin":12076,"position":1},"title":"Lager\u00fcbergreifende Forderung an neue Bundesregierung: Entspannung in China- und Russlandpolitik","author":"Webredaktion","date":"8. Dezember 2021","format":false,"excerpt":"Beitrag von RT DE Gerade erst ist die neue Regierung Scholz im Amt, da wird sie schon mit konkreten Forderungen aus der deutschen Friedens- und Antikriegsbewegung konfrontiert. Eine Kampagne, die ebenfalls heute vom Deutschen Freidenker-Verband gestartet wurde und mitunterzeichnet werden kann, fordert von Berlin nicht nur eine neue, friedliche au\u00dfenpolitische\u2026","rel":"","context":"In &quot;Frieden - Antifaschismus - Solidarit\u00e4t&quot;","block_context":{"text":"Frieden - Antifaschismus - Solidarit\u00e4t","link":"https:\/\/www.freidenker.org\/?cat=13"},"img":{"alt_text":"","src":"https:\/\/i0.wp.com\/www.freidenker.org\/fw17\/wp-content\/uploads\/2021\/12\/NATO_Freidenker_Berlin_2016_800x450.jpg?fit=800%2C450&ssl=1&resize=350%2C200","width":350,"height":200,"srcset":"https:\/\/i0.wp.com\/www.freidenker.org\/fw17\/wp-content\/uploads\/2021\/12\/NATO_Freidenker_Berlin_2016_800x450.jpg?fit=800%2C450&ssl=1&resize=350%2C200 1x, https:\/\/i0.wp.com\/www.freidenker.org\/fw17\/wp-content\/uploads\/2021\/12\/NATO_Freidenker_Berlin_2016_800x450.jpg?fit=800%2C450&ssl=1&resize=525%2C300 1.5x, https:\/\/i0.wp.com\/www.freidenker.org\/fw17\/wp-content\/uploads\/2021\/12\/NATO_Freidenker_Berlin_2016_800x450.jpg?fit=800%2C450&ssl=1&resize=700%2C400 2x"},"classes":[]},{"id":8857,"url":"https:\/\/www.freidenker.org\/?p=8857","url_meta":{"origin":12076,"position":2},"title":"Aktions\u00adtag \u00a0f\u00fcr \u201eAb\u00adr\u00fc\u00adstung und neue Ent\u00adspan\u00adnungs\u00adpoli\u00adtik\u201c am 5. De\u00adzem\u00adber 2020","author":"Webredaktion","date":"26. Oktober 2020","format":false,"excerpt":"In der Woche beginnend mit dem 7.12.2020 soll der Bundeshaushalt f\u00fcr 2021 verabschiedet werden. Der \u201eVerteidigungshaushalt\u201c soll erneut um 2,6% steigen, 50 Milliarden Euro f\u00fcr R\u00fcstung drohen! Deshalb ruft\u00a0 die \u201eInitiative abr\u00fcsten statt aufr\u00fcsten\u201c zum bundes\u00adweiten de\u00adzen\u00adtra\u00adlen Aktions\u00adtag am 05.12.2020 auf. Der Deutsche Freidenker-Verband unterst\u00fctzt den Aufruf und ruft zur\u2026","rel":"","context":"In &quot;Frieden - Antifaschismus - Solidarit\u00e4t&quot;","block_context":{"text":"Frieden - Antifaschismus - Solidarit\u00e4t","link":"https:\/\/www.freidenker.org\/?cat=13"},"img":{"alt_text":"","src":"https:\/\/i0.wp.com\/www.freidenker.org\/fw17\/wp-content\/uploads\/2020\/10\/abruesten_statt_aufruesten_800x450.jpg?fit=800%2C450&ssl=1&resize=350%2C200","width":350,"height":200,"srcset":"https:\/\/i0.wp.com\/www.freidenker.org\/fw17\/wp-content\/uploads\/2020\/10\/abruesten_statt_aufruesten_800x450.jpg?fit=800%2C450&ssl=1&resize=350%2C200 1x, https:\/\/i0.wp.com\/www.freidenker.org\/fw17\/wp-content\/uploads\/2020\/10\/abruesten_statt_aufruesten_800x450.jpg?fit=800%2C450&ssl=1&resize=525%2C300 1.5x, https:\/\/i0.wp.com\/www.freidenker.org\/fw17\/wp-content\/uploads\/2020\/10\/abruesten_statt_aufruesten_800x450.jpg?fit=800%2C450&ssl=1&resize=700%2C400 2x"},"classes":[]},{"id":3020,"url":"https:\/\/www.freidenker.org\/?p=3020","url_meta":{"origin":12076,"position":3},"title":"Passend zur Kriegszeit: Breitseiten gegen die Friedensbewegung","author":"Webredaktion","date":"15. Februar 2015","format":false,"excerpt":"Beitrag von Klaus Hartmann, sp\u00e4ter ver\u00f6ffentlicht in FREIDENKER 1-15 Die Bedrohung des Weltfriedens ist mit der NATO-Aggression in der Ukraine und der psychologischen Kriegsf\u00fchrung gegen Russland erheblich gewachsen. Die Aktions- und Mobilisierungsf\u00e4higkeit der Friedensbewegung ist der Bedrohung v\u00f6llig unangemessen. Als mit den \u201eMontagsmahnwachen f\u00fcr den Frieden\u201c nach Beginn der Ukraine-Krise\u2026","rel":"","context":"In &quot;Frieden - Antifaschismus - Solidarit\u00e4t&quot;","block_context":{"text":"Frieden - Antifaschismus - Solidarit\u00e4t","link":"https:\/\/www.freidenker.org\/?cat=13"},"img":{"alt_text":"","src":"https:\/\/i0.wp.com\/www.freidenker.org\/fw17\/wp-content\/uploads\/2015\/02\/klartext_2014-12-13-rt-0042_800x445.jpg?fit=800%2C445&ssl=1&resize=350%2C200","width":350,"height":200,"srcset":"https:\/\/i0.wp.com\/www.freidenker.org\/fw17\/wp-content\/uploads\/2015\/02\/klartext_2014-12-13-rt-0042_800x445.jpg?fit=800%2C445&ssl=1&resize=350%2C200 1x, https:\/\/i0.wp.com\/www.freidenker.org\/fw17\/wp-content\/uploads\/2015\/02\/klartext_2014-12-13-rt-0042_800x445.jpg?fit=800%2C445&ssl=1&resize=525%2C300 1.5x, https:\/\/i0.wp.com\/www.freidenker.org\/fw17\/wp-content\/uploads\/2015\/02\/klartext_2014-12-13-rt-0042_800x445.jpg?fit=800%2C445&ssl=1&resize=700%2C400 2x"},"classes":[]},{"id":12595,"url":"https:\/\/www.freidenker.org\/?p=12595","url_meta":{"origin":12076,"position":4},"title":"Freidenker zu den Osterm\u00e4rschen 2022","author":"Webredaktion","date":"10. April 2022","format":false,"excerpt":"Anl\u00e4sslich der bevorstehenden Osterm\u00e4rsche hat der Deutsche Freidenker-Verband ein Faltblatt herausgegeben. Wir ver\u00f6ffentlichen hier den einleitenden Text und bieten das gesamte Faltblatt zum Download an. Ukraine: Nein zu Faschismus und Krieg Wann begann der Krieg in der Ukraine? Von \u201eQualit\u00e4tsmedien\u201c und NATO-Politikern, selbst aus der Friedensbewegung h\u00f6ren wir von einem\u2026","rel":"","context":"In &quot;Frieden - Antifaschismus - Solidarit\u00e4t&quot;","block_context":{"text":"Frieden - Antifaschismus - Solidarit\u00e4t","link":"https:\/\/www.freidenker.org\/?cat=13"},"img":{"alt_text":"","src":"https:\/\/i0.wp.com\/www.freidenker.org\/fw17\/wp-content\/uploads\/2022\/04\/Faltblatt_grafik_800x450.jpg?fit=800%2C450&ssl=1&resize=350%2C200","width":350,"height":200,"srcset":"https:\/\/i0.wp.com\/www.freidenker.org\/fw17\/wp-content\/uploads\/2022\/04\/Faltblatt_grafik_800x450.jpg?fit=800%2C450&ssl=1&resize=350%2C200 1x, https:\/\/i0.wp.com\/www.freidenker.org\/fw17\/wp-content\/uploads\/2022\/04\/Faltblatt_grafik_800x450.jpg?fit=800%2C450&ssl=1&resize=525%2C300 1.5x, https:\/\/i0.wp.com\/www.freidenker.org\/fw17\/wp-content\/uploads\/2022\/04\/Faltblatt_grafik_800x450.jpg?fit=800%2C450&ssl=1&resize=700%2C400 2x"},"classes":[]},{"id":12179,"url":"https:\/\/www.freidenker.org\/?p=12179","url_meta":{"origin":12076,"position":5},"title":"Sicherheit f\u00fcr Russland ist Sicherheit f\u00fcr unser Land!","author":"Webredaktion","date":"10. Februar 2022","format":false,"excerpt":"Der Deutsche Freidenker Verband begr\u00fc\u00dft, dass sich in Anbetracht des westlichen Propagandakriegs gegen Russland und fortgesetzter NATO-Truppenverlegung an die russische Grenze auch die Friedensbewegung in Deutschland wieder zu Wort meldet und der Kriegstreiberei Einhalt gebieten will. Wir unterst\u00fctzen wegen seiner inhaltlichen Klarheit insbesondere den Aufruf aus Berlin zu einer KUNDGEBUNG\u2026","rel":"","context":"In &quot;Frieden - Antifaschismus - Solidarit\u00e4t&quot;","block_context":{"text":"Frieden - Antifaschismus - Solidarit\u00e4t","link":"https:\/\/www.freidenker.org\/?cat=13"},"img":{"alt_text":"","src":"https:\/\/i0.wp.com\/www.freidenker.org\/fw17\/wp-content\/uploads\/2022\/02\/Frieden_Russland_Deutschland_800x450.jpg?fit=800%2C450&ssl=1&resize=350%2C200","width":350,"height":200,"srcset":"https:\/\/i0.wp.com\/www.freidenker.org\/fw17\/wp-content\/uploads\/2022\/02\/Frieden_Russland_Deutschland_800x450.jpg?fit=800%2C450&ssl=1&resize=350%2C200 1x, https:\/\/i0.wp.com\/www.freidenker.org\/fw17\/wp-content\/uploads\/2022\/02\/Frieden_Russland_Deutschland_800x450.jpg?fit=800%2C450&ssl=1&resize=525%2C300 1.5x, https:\/\/i0.wp.com\/www.freidenker.org\/fw17\/wp-content\/uploads\/2022\/02\/Frieden_Russland_Deutschland_800x450.jpg?fit=800%2C450&ssl=1&resize=700%2C400 2x"},"classes":[]}],"_links":{"self":[{"href":"https:\/\/www.freidenker.org\/index.php?rest_route=\/wp\/v2\/posts\/12076","targetHints":{"allow":["GET"]}}],"collection":[{"href":"https:\/\/www.freidenker.org\/index.php?rest_route=\/wp\/v2\/posts"}],"about":[{"href":"https:\/\/www.freidenker.org\/index.php?rest_route=\/wp\/v2\/types\/post"}],"author":[{"embeddable":true,"href":"https:\/\/www.freidenker.org\/index.php?rest_route=\/wp\/v2\/users\/3"}],"replies":[{"embeddable":true,"href":"https:\/\/www.freidenker.org\/index.php?rest_route=%2Fwp%2Fv2%2Fcomments&post=12076"}],"version-history":[{"count":0,"href":"https:\/\/www.freidenker.org\/index.php?rest_route=\/wp\/v2\/posts\/12076\/revisions"}],"wp:featuredmedia":[{"embeddable":true,"href":"https:\/\/www.freidenker.org\/index.php?rest_route=\/wp\/v2\/media\/12079"}],"wp:attachment":[{"href":"https:\/\/www.freidenker.org\/index.php?rest_route=%2Fwp%2Fv2%2Fmedia&parent=12076"}],"wp:term":[{"taxonomy":"category","embeddable":true,"href":"https:\/\/www.freidenker.org\/index.php?rest_route=%2Fwp%2Fv2%2Fcategories&post=12076"},{"taxonomy":"post_tag","embeddable":true,"href":"https:\/\/www.freidenker.org\/index.php?rest_route=%2Fwp%2Fv2%2Ftags&post=12076"}],"curies":[{"name":"wp","href":"https:\/\/api.w.org\/{rel}","templated":true}]}}