{"id":1206,"date":"2017-09-30T19:00:24","date_gmt":"2017-09-30T17:00:24","guid":{"rendered":"http:\/\/www.freidenker.org\/fw17\/?p=1206"},"modified":"2019-06-27T21:13:37","modified_gmt":"2019-06-27T19:13:37","slug":"freidenker-brief-3-2017-100-jahre-oktoberrevolution-100-jahre-dekret-ueber-den-frieden","status":"publish","type":"post","link":"https:\/\/www.freidenker.org\/?p=1206","title":{"rendered":"Freidenker-Brief 3-2017: 100 Jahre Oktoberrevolution"},"content":{"rendered":"<p>Freidenker-Brief Nr. 3-2017 vom 30. September 2017<\/p>\n<p>Der Deutsche Freidenker-Verband veranstaltete am 30. September 2017 in Berlin im Rathaussaal Pankow eine Konferenz unter dem Titel \u201e100 Jahre Oktoberrevolution \u2013 100 Jahre Dekret \u00fcber den Frieden\u201c.<\/p>\n<p>Reporterin Maria Janssen von RT Deutsch sprach vor Ort mit den Freidenkern \u00fcber die Auswirkungen der Oktoberrevolution auf die heutige Politik und Gesellschaft:<br \/>\n<a href=\"https:\/\/deutsch.rt.com\/inland\/58344-100-jahre-oktoberrevolution-russland-deutschland-freidenker\/\" target=\"_blank\" rel=\"noopener noreferrer\">https:\/\/deutsch.rt.com\/inland\/58344-100-jahre-oktoberrevolution-russland-deutschland-freidenker\/<\/a><\/p>\n<p>Das Referat von Andreas Wehr \u201e\u00dcber Fernwirkungen der Oktoberrevolution\u201c ist bereits hier nachzulesen:<br \/>\n<a href=\"http:\/\/www.andreas-wehr.eu\/ueber-fernwirkungen-der-oktoberrevolution.html\" target=\"_blank\" rel=\"noopener noreferrer\">http:\/\/www.andreas-wehr.eu\/ueber-fernwirkungen-der-oktoberrevolution.html<\/a><\/p>\n<p>Alle sieben Referate sollen als ein Heft des \u201eFreidenker\u201c (<em>Anmerk. d. Redaktion: Ausgabe 4-2017<\/em>) erscheinen.<\/p>\n<hr \/>\n<p><em>Bild: Sturm auf den Petersburger Winterpalast 1917. Nachstellung von 1920, Gemeinfrei, Quelle: https:\/\/commons.wikimedia.org\/w\/index.php?curid=1030309<\/em><\/p>\n","protected":false},"excerpt":{"rendered":"<p>Der Deutsche Freidenker-Verband veranstaltete am 30. September 2017 in Berlin im Rathaussaal Pankow eine Konferenz unter dem Titel \u201e100 Jahre Oktoberrevolution \u2013 100 Jahre Dekret \u00fcber den Frieden\u201c.<br \/>\nReporterin Maria Janssen von RT Deutsch sprach vor Ort mit den Freidenkern \u00fcber die Auswirkungen der Oktoberrevolution auf die heutige Politik und Gesellschaft.<br \/>\nDas Referat von Andreas Wehr \u201e\u00dcber Fernwirkungen der Oktoberrevolution\u201c ist bereits online nachzulesen. Alle sieben Referate sollen als Heft 4-2017 des Verbandsorgans \u201eFREIDENKER&#8220; erscheinen.<\/p>\n","protected":false},"author":3,"featured_media":1507,"comment_status":"closed","ping_status":"closed","sticky":false,"template":"","format":"standard","meta":{"colormag_page_container_layout":"default_layout","colormag_page_sidebar_layout":"default_layout","advanced_seo_description":"","jetpack_seo_html_title":"","jetpack_seo_noindex":false,"jetpack_post_was_ever_published":false,"footnotes":""},"categories":[341,13,1162],"tags":[26,338,335,188,415,135,222],"class_list":["post-1206","post","type-post","status-publish","format-standard","has-post-thumbnail","hentry","category-freidenker-brief","category-frieden-antifaschismus-solidaritaet","category-geschichte","tag-freidenker","tag-freidenker-brief","tag-frieden","tag-krieg","tag-lenin","tag-oktoberrevolution","tag-russland"],"jetpack_featured_media_url":"https:\/\/i0.wp.com\/www.freidenker.org\/fw17\/wp-content\/uploads\/2017\/09\/Stormningen_av_vinterpalatset.jpg?fit=800%2C445&ssl=1","jetpack_shortlink":"https:\/\/wp.me\/p9stpK-js","jetpack-related-posts":[{"id":1094,"url":"https:\/\/www.freidenker.org\/?p=1094","url_meta":{"origin":1206,"position":0},"title":"FREIDENKER 4-17 EXTRA &#8211; 100 Jahre Oktoberrevolution","author":"Webredaktion","date":"15. Dezember 2017","format":false,"excerpt":"Die EXTRA-Ausgabe 4-17 des Verbandsorgans FREIDENKER hat das Schwerpunkt-Thema \u201e100 Jahre Oktoberrevolution - 100 Jahre Dekret \u00fcber den Frieden\" und enth\u00e4lt die Reden der Wissenschaftlichen Konferenz des Deutschen Freidenker-Verbandes vom 30.09.2017 in Berlin. Darin: - Bruno Mahlow: Die Oktoberrevolution \u2013 Aufbruch in gesellschaftliches Neuland - Helga H\u00f6rz: Frauen als Gestalterinnen\u2026","rel":"","context":"In &quot;Geschichte&quot;","block_context":{"text":"Geschichte","link":"https:\/\/www.freidenker.org\/?cat=1162"},"img":{"alt_text":"","src":"https:\/\/i0.wp.com\/www.freidenker.org\/fw17\/wp-content\/uploads\/2017\/12\/FD_2017-04_Titel_mR.jpg?fit=800%2C445&ssl=1&resize=350%2C200","width":350,"height":200,"srcset":"https:\/\/i0.wp.com\/www.freidenker.org\/fw17\/wp-content\/uploads\/2017\/12\/FD_2017-04_Titel_mR.jpg?fit=800%2C445&ssl=1&resize=350%2C200 1x, https:\/\/i0.wp.com\/www.freidenker.org\/fw17\/wp-content\/uploads\/2017\/12\/FD_2017-04_Titel_mR.jpg?fit=800%2C445&ssl=1&resize=525%2C300 1.5x, https:\/\/i0.wp.com\/www.freidenker.org\/fw17\/wp-content\/uploads\/2017\/12\/FD_2017-04_Titel_mR.jpg?fit=800%2C445&ssl=1&resize=700%2C400 2x"},"classes":[]},{"id":1290,"url":"https:\/\/www.freidenker.org\/?p=1290","url_meta":{"origin":1206,"position":1},"title":"Konferenz: 100 Jahre Oktoberrevolution &#8211; 100 Jahre Dekret \u00fcber den Frieden","author":"Webredaktion","date":"21. August 2017","format":false,"excerpt":"Einladung zur Wissenschaftlichen Konferenz am 30. September 2017 in Berlin zum Thema \"100 Jahre Oktoberrevolution - 100 Jahre Dekret \u00fcber den Frieden - Lehren aus 100 Jahre geschichtlicher Erfahrung im Ringen f\u00fcr eine dauerhaft freie Gesellschaft und f\u00fcr Frieden statt Konfrontation mit Russland\". Geplante Vortr\u00e4ge: - Bruno Mahlow: Die Oktoberrevolution\u2026","rel":"","context":"In &quot;Geschichte&quot;","block_context":{"text":"Geschichte","link":"https:\/\/www.freidenker.org\/?cat=1162"},"img":{"alt_text":"","src":"https:\/\/i0.wp.com\/www.freidenker.org\/fw17\/wp-content\/uploads\/2017\/08\/Kustodiev_The_Bolshevik_800x445.jpg?fit=800%2C445&ssl=1&resize=350%2C200","width":350,"height":200,"srcset":"https:\/\/i0.wp.com\/www.freidenker.org\/fw17\/wp-content\/uploads\/2017\/08\/Kustodiev_The_Bolshevik_800x445.jpg?fit=800%2C445&ssl=1&resize=350%2C200 1x, https:\/\/i0.wp.com\/www.freidenker.org\/fw17\/wp-content\/uploads\/2017\/08\/Kustodiev_The_Bolshevik_800x445.jpg?fit=800%2C445&ssl=1&resize=525%2C300 1.5x, https:\/\/i0.wp.com\/www.freidenker.org\/fw17\/wp-content\/uploads\/2017\/08\/Kustodiev_The_Bolshevik_800x445.jpg?fit=800%2C445&ssl=1&resize=700%2C400 2x"},"classes":[]},{"id":1479,"url":"https:\/\/www.freidenker.org\/?p=1479","url_meta":{"origin":1206,"position":2},"title":"Die b\u00f6sen Befreier von Zarismus, Faschismus und Kolonialismus","author":"Webredaktion","date":"1. Dezember 2008","format":false,"excerpt":"Buchver\u00f6ffentlichung im Eigenverlag des Deutschen Freidenker-Verbandes e.V. Materialien der Wissenschaftlichen Konferenz aus Anlass des 90. Jahrestages der Oktoberrevolution 1917 in Russland am 20. Oktober 2007 in Berlin Mit Beitr\u00e4gen von Eberhard Schinck, Klaus Hartmann, Dr. Arnold Sch\u00f6lzel, Prof. Dr. Wolfgang Richter, RA Hans Bauer, Prof. Dr. Erich Hahn, Dr. Wolf-Dieter\u2026","rel":"","context":"In &quot;B\u00fccher des Verbandes&quot;","block_context":{"text":"B\u00fccher des Verbandes","link":"https:\/\/www.freidenker.org\/?cat=5"},"img":{"alt_text":"","src":"https:\/\/i0.wp.com\/www.freidenker.org\/fw17\/wp-content\/uploads\/2017\/12\/FD_Buch_2008_Boese-Befreier.jpg?fit=800%2C445&ssl=1&resize=350%2C200","width":350,"height":200,"srcset":"https:\/\/i0.wp.com\/www.freidenker.org\/fw17\/wp-content\/uploads\/2017\/12\/FD_Buch_2008_Boese-Befreier.jpg?fit=800%2C445&ssl=1&resize=350%2C200 1x, https:\/\/i0.wp.com\/www.freidenker.org\/fw17\/wp-content\/uploads\/2017\/12\/FD_Buch_2008_Boese-Befreier.jpg?fit=800%2C445&ssl=1&resize=525%2C300 1.5x, https:\/\/i0.wp.com\/www.freidenker.org\/fw17\/wp-content\/uploads\/2017\/12\/FD_Buch_2008_Boese-Befreier.jpg?fit=800%2C445&ssl=1&resize=700%2C400 2x"},"classes":[]},{"id":18042,"url":"https:\/\/www.freidenker.org\/?p=18042","url_meta":{"origin":1206,"position":3},"title":"Dritter Anlauf","author":"Webredaktion","date":"28. Januar 2024","format":false,"excerpt":"Beitrag von Arnold Sch\u00f6lzel Am 21. Januar vor 100 Jahren starb Wladimir Iljitsch Lenin. Er stand an der Spitze der Gro\u00dfen Sozialistischen Oktoberrevolution von 1917, die ein ganzes Kapitel der Geschichte der Menschheit beendete und ein neues er\u00f6ffnete. Bereits ihre ersten Ma\u00dfnahmen \u2013 das Dekret \u00fcber den Frieden, mit dem\u2026","rel":"","context":"In &quot;Geschichte&quot;","block_context":{"text":"Geschichte","link":"https:\/\/www.freidenker.org\/?cat=1162"},"img":{"alt_text":"","src":"https:\/\/i0.wp.com\/www.freidenker.org\/fw17\/wp-content\/uploads\/2024\/01\/Vladimir_Lenin_giving_a_speech_800x450.jpg?fit=800%2C450&ssl=1&resize=350%2C200","width":350,"height":200,"srcset":"https:\/\/i0.wp.com\/www.freidenker.org\/fw17\/wp-content\/uploads\/2024\/01\/Vladimir_Lenin_giving_a_speech_800x450.jpg?fit=800%2C450&ssl=1&resize=350%2C200 1x, https:\/\/i0.wp.com\/www.freidenker.org\/fw17\/wp-content\/uploads\/2024\/01\/Vladimir_Lenin_giving_a_speech_800x450.jpg?fit=800%2C450&ssl=1&resize=525%2C300 1.5x, https:\/\/i0.wp.com\/www.freidenker.org\/fw17\/wp-content\/uploads\/2024\/01\/Vladimir_Lenin_giving_a_speech_800x450.jpg?fit=800%2C450&ssl=1&resize=700%2C400 2x"},"classes":[]},{"id":2816,"url":"https:\/\/www.freidenker.org\/?p=2816","url_meta":{"origin":1206,"position":4},"title":"\u00dcber Fernwirkungen der Oktoberrevolution","author":"Webredaktion","date":"16. Dezember 2017","format":false,"excerpt":"Beitrag von Andreas Wehr aus: FREIDENKER 4-17 Wir m\u00fcssen begreifen, dass das Widerspr\u00fcchliche in den sozialistischen Gesellschaften, beginnend mit der Oktoberrevolution, selbst zu einer geschichtlichen Tatsache geworden ist. Die marxistische Theorie wurde zwar als Anleitung benutzt. Sie hatte sich zu bew\u00e4hren. Sie hatte ihren Praxistest zu bestehen. Und \u2013 und\u2026","rel":"","context":"In &quot;Geschichte&quot;","block_context":{"text":"Geschichte","link":"https:\/\/www.freidenker.org\/?cat=1162"},"img":{"alt_text":"Quelle: pixabay.com \/ User: TheDigitalArtist","src":"https:\/\/i0.wp.com\/www.freidenker.org\/fw17\/wp-content\/uploads\/2017\/12\/soviet-union-2704166_800x445.jpg?fit=800%2C445&ssl=1&resize=350%2C200","width":350,"height":200,"srcset":"https:\/\/i0.wp.com\/www.freidenker.org\/fw17\/wp-content\/uploads\/2017\/12\/soviet-union-2704166_800x445.jpg?fit=800%2C445&ssl=1&resize=350%2C200 1x, https:\/\/i0.wp.com\/www.freidenker.org\/fw17\/wp-content\/uploads\/2017\/12\/soviet-union-2704166_800x445.jpg?fit=800%2C445&ssl=1&resize=525%2C300 1.5x, https:\/\/i0.wp.com\/www.freidenker.org\/fw17\/wp-content\/uploads\/2017\/12\/soviet-union-2704166_800x445.jpg?fit=800%2C445&ssl=1&resize=700%2C400 2x"},"classes":[]},{"id":480,"url":"https:\/\/www.freidenker.org\/?p=480","url_meta":{"origin":1206,"position":5},"title":"FREIDENKER 2-07 &#8211; Russland &#8211; alter neuer Feind?","author":"Webmaster","date":"16. Juli 2007","format":false,"excerpt":"Die Ausgabe 2-07 des Verbandsorgans FREIDENKER hat das Schwerpunkt-Thema \u201eRussland - alter neuer Feind?\u201c und enth\u00e4lt u.a folgende Beitr\u00e4ge: - Eberhard Schinck: Von da ist etwas Neues in die Welt gekommen - Klaus Eichner: Zur Strategie der Einkreisung Russlands - Klaus Hartmann: Das Russlandbild der Medien - Gerd Hommel: Tradition\u2026","rel":"","context":"In &quot;Verbandsorgan FREIDENKER&quot;","block_context":{"text":"Verbandsorgan FREIDENKER","link":"https:\/\/www.freidenker.org\/?cat=8"},"img":{"alt_text":"","src":"https:\/\/i0.wp.com\/www.freidenker.org\/fw17\/wp-content\/uploads\/2017\/12\/FD_2007-02_Titel_mR.jpg?fit=800%2C445&ssl=1&resize=350%2C200","width":350,"height":200,"srcset":"https:\/\/i0.wp.com\/www.freidenker.org\/fw17\/wp-content\/uploads\/2017\/12\/FD_2007-02_Titel_mR.jpg?fit=800%2C445&ssl=1&resize=350%2C200 1x, https:\/\/i0.wp.com\/www.freidenker.org\/fw17\/wp-content\/uploads\/2017\/12\/FD_2007-02_Titel_mR.jpg?fit=800%2C445&ssl=1&resize=525%2C300 1.5x, https:\/\/i0.wp.com\/www.freidenker.org\/fw17\/wp-content\/uploads\/2017\/12\/FD_2007-02_Titel_mR.jpg?fit=800%2C445&ssl=1&resize=700%2C400 2x"},"classes":[]}],"_links":{"self":[{"href":"https:\/\/www.freidenker.org\/index.php?rest_route=\/wp\/v2\/posts\/1206","targetHints":{"allow":["GET"]}}],"collection":[{"href":"https:\/\/www.freidenker.org\/index.php?rest_route=\/wp\/v2\/posts"}],"about":[{"href":"https:\/\/www.freidenker.org\/index.php?rest_route=\/wp\/v2\/types\/post"}],"author":[{"embeddable":true,"href":"https:\/\/www.freidenker.org\/index.php?rest_route=\/wp\/v2\/users\/3"}],"replies":[{"embeddable":true,"href":"https:\/\/www.freidenker.org\/index.php?rest_route=%2Fwp%2Fv2%2Fcomments&post=1206"}],"version-history":[{"count":0,"href":"https:\/\/www.freidenker.org\/index.php?rest_route=\/wp\/v2\/posts\/1206\/revisions"}],"wp:featuredmedia":[{"embeddable":true,"href":"https:\/\/www.freidenker.org\/index.php?rest_route=\/wp\/v2\/media\/1507"}],"wp:attachment":[{"href":"https:\/\/www.freidenker.org\/index.php?rest_route=%2Fwp%2Fv2%2Fmedia&parent=1206"}],"wp:term":[{"taxonomy":"category","embeddable":true,"href":"https:\/\/www.freidenker.org\/index.php?rest_route=%2Fwp%2Fv2%2Fcategories&post=1206"},{"taxonomy":"post_tag","embeddable":true,"href":"https:\/\/www.freidenker.org\/index.php?rest_route=%2Fwp%2Fv2%2Ftags&post=1206"}],"curies":[{"name":"wp","href":"https:\/\/api.w.org\/{rel}","templated":true}]}}