{"id":12007,"date":"2022-01-15T22:01:08","date_gmt":"2022-01-15T21:01:08","guid":{"rendered":"https:\/\/www.freidenker.org\/?p=12007"},"modified":"2022-02-09T00:43:32","modified_gmt":"2022-02-08T23:43:32","slug":"fuehrte-pippi-langstrumpf-die-nato-verhandlungen-mit-den-russen","status":"publish","type":"post","link":"https:\/\/www.freidenker.org\/?p=12007","title":{"rendered":"F\u00fchrte Pippi Langstrumpf die NATO-Verhandlungen mit den Russen?"},"content":{"rendered":"<p><strong>Ist es \u00dcberheblichkeit oder Dummheit \u2013 oder beides? Sich die Welt so zu machen, wie sie einem gef\u00e4llt, hat in der internationalen Milit\u00e4rpolitik gef\u00e4hrliche Folgen. Sowohl die USA als auch die NATO-Europ\u00e4er verkennen bei Verhandlungen in Genf und Br\u00fcssel komplett den Ernst der Lage und die Gef\u00e4hrlichkeit f\u00fcr die europ\u00e4ische Sicherheit. <\/strong><\/p>\n<p><em>von <strong>Rainer Rupp<\/strong><\/em><\/p>\n<p><span style=\"font-size: 10pt;\">Erstver\u00f6ffentlichung am 14.01.2022 auf <a href=\"https:\/\/de.rt.com\/meinung\/129947-fuhrte-pippi-langstrumpf-usnato-verhandlungen\/\" target=\"_blank\" rel=\"noopener\">RT DE<\/a><\/span><\/p>\n<p>Wenn man die deutschen oder internationalen Medienberichte \u00fcber das Russland-NATO-Treffen in Br\u00fcssel vom Mittwoch dieser Woche liest, kommt der begr\u00fcndete Verdacht auf, dass bei so viel \u00dcbereinstimmung der Inhalte die selbsternannten Qualit\u00e4tsmedien es sich mal wieder nach altbew\u00e4hrter Methode leicht gemacht haben. Um keinem Politiker zu Hause mit einer eigenen Einsch\u00e4tzung der Dinge auf die F\u00fc\u00dfe zu treten, nimmt man dazu die <a href=\"https:\/\/www.nato.int\/cps\/en\/natohq\/opinions_190666.htm?selectedLocale=en\" target=\"_blank\" rel=\"noopener noreferrer\">offizielle Presseerkl\u00e4rung des NATO-Generalsekret\u00e4rs<\/a> als Schreibvorlage und pr\u00e4sentiert diese mit kleinen \u00c4nderungen unter Ber\u00fccksichtigung jeweils nationaler Aspekte als &#8222;exklusiven Bericht&#8220; des eigenen Korrespondenten vor Ort. Und wenn man sich die Presseerkl\u00e4rung der NATO selbst anschaut, dann erkennt man schnell, dass Washington hierbei die Feder gef\u00fchrt hat.<\/p>\n<p>Angesichts der Sorgen vor einem neuen Krieg in Osteuropa habe die NATO einen vorsichtigen Versuch der Wiederann\u00e4herung an Russland unternommen, hei\u00dft es landauf, landab, und das allein sei schon positiv, egal was dabei rauskommt. Aber von Quasseln und noch mehr Quasseln, ohne dass die NATO auf die berechtigten Sorgen Russlands auch nur um ein Jota eingeht, davon hat Russland genug. Die Russen sind nach Genf und Br\u00fcssel gekommen, um die bedrohliche Kette zu sprengen,\u00a0die US\/NATO mit ihrer milit\u00e4rischen Expansion an die russischen Grenzen mit sturer und uneinsichtiger Entschlossenheit unaufhaltsam immer enger ziehen. Damit wird ein f\u00fcr alle Mal Schluss sein, entweder durch Verhandlungen oder mit anderen Mitteln. Das ist die erkl\u00e4rte Position Moskaus.<\/p>\n<p>Das hatte am 6. Januar 2022 der stellvertretende Au\u00dfenminister Russlands Sergei Rjabkow im Vorfeld der Gespr\u00e4che in Genf und Br\u00fcssel in einem <a href=\"https:\/\/mid.ru\/en\/foreign_policy\/news\/1793236\/#sel=5:72:D32,5:175:3vv;5:209:Kj3,5:240:rry;10:38:Lj3,10:156:k2k;10:157:Ww6,10:284:3vn;11:10:lx2,11:13:22x;12:41:W3r,12:66:yxx;12:122:Wyl,12:124:lyW;12:178:Zmw,12:208:y6j;13:55:6o2,13:69:22x;14:96:Lm2,14:123:p2x;14:177:Wj2,14:194:3p2;14:196:vx,14:197:xv;14:222:Vx3,14:252:3kl;15:8:u3y,16:8:lwm;18:51:Zt6,18:74:y3v;21:34:QUF,21:36:FUQ;21:90:62o,21:99:5jp;21:242:XVo,21:265:qj2;22:1:G3m,22:76:wlx\" target=\"_blank\" rel=\"noopener noreferrer\">Interview mit der russischen Zeitung <em>Iswestija<\/em>\u00a0<\/a> in aller Deutlichkeit angesprochen und erkl\u00e4rt, dass Russland die perfide Hinhaltetaktik von US\/NATO nicht l\u00e4nger hinnehmen wird. Rjabkow, der wenige Tage sp\u00e4ter die russische Delegation bei den Gespr\u00e4chen mit den USA anf\u00fchrte, sagte in dem Interview:<\/p>\n<blockquote><p><em>&#8222;In dieser Phase ist es f\u00fcr uns am wichtigsten, die Denkweiser unserer Gegner zu verstehen. Bisher haben wir nur eher allgemeine und abstrakte Kommentare von den Vereinigten Staaten, der NATO und anderen L\u00e4ndern geh\u00f6rt, nach dem Motto, dass einige Dinge nicht akzeptabel sind, aber Gespr\u00e4che am wichtigsten, und dass es auch wichtig sei, dass Russland deeskaliert. Es gibt nur sehr wenige rationale Kerne in diesem Verhandlungsansatz, vor allem wenn man sie vor dem Hintergrund der kontinuierlichen und extrem intensiven milit\u00e4rischen und geopolitischen Entwicklungen in den Gebieten in der N\u00e4he der russischen Grenzen durch die NATO sieht, z. B. die Stationierung von Waffen dort, die Intensivierung von Milit\u00e4rman\u00f6vern, was wir mehrfach erw\u00e4hnt haben, und so weiter.<\/em><\/p>\n<p><em>Aufgrund drastischer Ver\u00e4nderungen in der Sicherheitslage Russlands mussten wir diesen Verhandlungsprozess dringend einleiten, wie vom Pr\u00e4sidenten (Putin) angewiesen. Wie der Pr\u00e4sident selbst wiederholt gesagt hat, erwarten wir ein recht schnelles Ergebnis. Nach den Ereignissen der n\u00e4chsten Woche wird sich zeigen, ob rasche Fortschritte m\u00f6glich sind und ob es eine Chance gibt, den Kurs fortzusetzen, der uns in erster Linie am Herzen liegt.&#8220;<\/em><\/p><\/blockquote>\n<p>Rjabkow gibt in dem Interview zu, dass der russische Verhandlungsansatz &#8222;ziemlich starr&#8220; ist und dass er es vorziehen w\u00fcrde, wenn er sagen k\u00f6nnte, dass Flexibilit\u00e4t und Verhandlungsspielraum der Schl\u00fcssel zum Erfolg darstellen. Warum das diesmal nicht so ist, erkl\u00e4rte er mit den folgenden Worten:<\/p>\n<blockquote><p><em>&#8222;Unsere Taktik ist v\u00f6llig anders und unser Ansatz ist ziemlich rigide, gerade weil wir uns zu viel Zeit genommen haben, um unsere Kollegen zu \u00fcberzeugen, und diese Bem\u00fchungen auf unserer Seite haben bisher nur dazu gef\u00fchrt, dass unsere Kollegen zuh\u00f6ren, aber weiterhin tun, was sie wollen, egal wie sehr wir versucht haben, den negativen Trend in der euro-atlantischen Sicherheit in den vorangegangenen Phasen der jeweiligen diplomatischen und politischen Bem\u00fchungen zu stoppen. \u00dcberall sind wird immer \u00fcber Aktionen gestolpert, die den uns gegebenen Versprechen und sogar Dokumenten zuwiderliefen, die politisch immer noch bindend sind.&#8220;<\/em><\/p>\n<p><em>&#8222;Deshalb unternehmen wir jetzt einen weiteren sehr ernsthaften Versuch, doch noch eine Einigung dar\u00fcber zu erzielen, welche Linien nicht \u00fcberschritten werden k\u00f6nnen und welche Ans\u00e4tze, die wir festgelegt haben, nicht ignoriert werden d\u00fcrfen. Wir sind hier besonders hart. Ich m\u00f6chte betonen, dass das Ende der NATO-Expansion in Richtung unserer Grenze, die Nichtaufnahme neuer Mitglieder, die Nichtstationierung von Waffen auf den jeweiligen Gebieten, einschlie\u00dflich nat\u00fcrlich der Ukraine, keine Durchf\u00fchrung provokativer Man\u00f6ver usw. \u2013 all diese Bedingungen sind absolut notwendig und ohne sie m\u00fcssen wir erkl\u00e4ren, dass die andere Partei nicht kooperiert.&#8220;<\/em><\/p>\n<p><em>&#8222;Ohne das werden wir nicht in der Lage sein, eine Einigung zu erzielen, weil es sonst nur eine Wiederholung dessen sein wird, was mit unseren vergangenen Versuchen passiert ist, aber unter Umst\u00e4nden, die f\u00fcr uns angespannter und zu einem gewissen Grad bedrohlicher sein werden.&#8220;<\/em><\/p><\/blockquote>\n<p>Aber in ihrer \u00dcberheblichkeit oder Dummheit erkennen weder die USA noch die NATO den Ernst der Lage und die Gef\u00e4hrlichkeit f\u00fcr die Sicherheit in Europa, auch in Deutschland. Die Antwort von NATO-Generalsekret\u00e4r Stoltenberg zu diesem Komplex in seiner Pressekonferenz nach dem Treffen am Mittwoch spricht f\u00fcr sich:<\/p>\n<blockquote><p><em>&#8222;Zu den russischen Forderungen geh\u00f6ren, keine neuen Mitglieder mehr in die NATO aufzunehmen und Milit\u00e4rkr\u00e4fte von den \u00f6stlichen Verb\u00fcndeten abzuziehen. Die Alliierten auf ihrer Seite bekr\u00e4ftigten die Politik der offenen T\u00fcr der NATO und das Recht f\u00fcr jede Nation, ihre eigenen Sicherheitsvorkehrungen zu treffen. Die Verb\u00fcndeten machten deutlich, dass sie nicht auf ihre F\u00e4higkeit verzichten werden, sich gegenseitig zu sch\u00fctzen und zu verteidigen, auch mit Truppenpr\u00e4senz im \u00f6stlichen Teil des B\u00fcndnisses.&#8220;<\/em><\/p><\/blockquote>\n<p>Im Klartext hat Stoltenberg gesagt: Wir scheren uns einen Dreck um Eure russischen Sicherheitsbed\u00fcrfnisse und wir werden auch weiterhin Eure Nachbarn in die NATO aufnehmen und dann auch in diesen L\u00e4ndern unsere Truppen an Eure Grenzen vorschieben.<\/p>\n<p>Schon im Vorfeld der Treffen in Genf und Br\u00fcssel haben US\/NATO ihr Verhalten gegen\u00fcber Russland damit gerechtfertigt, dass Moskau aufgrund seines &#8222;b\u00f6sartigen Verhaltens&#8220; gegen\u00fcber dem US\/NATO-Westen und gegen\u00fcber seinen Nachbarn ganz allein an dieser Eskalation der Spannungen schuld sei. Dies begr\u00fcndete US-Au\u00dfenminister Blinken vor wenigen Tagen in einer Pressekonferenz sogar damit, dass Russland eine Reihe seiner Nachbarn angegriffen und besetzt habe, zum Beispiel 2008 Georgien und 2014 die Ukraine. Blinken blieb unwidersprochen. Selbst angebliche europ\u00e4ische Qualit\u00e4tsmedien korrigierten den US-Au\u00dfenminister bei dieser plumpen L\u00fcge nicht, obwohl eine im Jahr 2009 von der Europ\u00e4ischen Union in Auftrag gegebene <a href=\"https:\/\/www.reuters.com\/article\/us-georgia-russia-report-idUSTRE58T4MO20090930\" target=\"_blank\" rel=\"noopener noreferrer\">unabh\u00e4ngige Untersuchung<\/a> des Georgienkrieges zu dem Schluss gekommen war, dass nicht Russland, sondern die georgische Regierung unter F\u00fchrung des US\/NATO-Ziehkindes Pr\u00e4sident Saakaschwili f\u00fcr das Verbrechen des Angriffskrieges schuldig war.<\/p>\n<p>Russlands angebliche Schuld am Georgienkrieg ist eine genauso faustdicke L\u00fcge wie die angebliche Aggression und Besetzung von Teilen der Ukraine. Was tats\u00e4chlich alles mit aktiver Planung und Hilfe des Westens 2014 in der Ukraine geschah, wird von US\/NATO komplett ausgeblendet. Aber Russlands angemessene Reaktion auf den von den USA und einigen EU-L\u00e4ndern politisch koordinierten, aber vor allem auch finanziell mit\u00a0f\u00fcnf Milliarden Dollar unterst\u00fctzten, blutigen Umsturz in der Ukraine wird als \u00e4u\u00dferst gef\u00e4hrliche Aggression gebrandmarkt, als Aggression gegen den angeblich &#8222;demokratischen und souver\u00e4nen&#8220; Staat Ukraine, der von einem von Washington eingesetzten Gewaltregime gelenkt wurde.<\/p>\n<p>Die Tatsache, dass damals schwer bewaffnete, nationalistische Gewaltextremisten und bekennende Faschisten die Deckung friedlicher Demonstranten nutzten, um die demokratisch gew\u00e4hlte Regierung zu st\u00fcrzen, wird einfach ausgeblendet, im Ged\u00e4chtnisloch entsorgt. Gleiches gilt f\u00fcr die Tatsache, dass das F\u00fchrungspersonal des neuen Putschregimes in Kiew sogar namentlich von Washington, genauer gesagt von Frau Victoria Nuland eingesetzt wurde. Die neuen Machthaber zeichneten sich vor allem durch extremen Russenhass aus, der mit willk\u00fcrlichen und zahllosen t\u00f6dlichen Gewaltakten gegen russischsprachige B\u00fcrger der Ukraine und gegen sogenannte &#8222;Russen-Sympathisanten&#8220; in der Zivilgesellschaft, in Medien, Kultur und Bildung seinen terroristischen Ausdruck fand. Die von US\/NATO geh\u00e4tschelten Machthaber in Kiew haben den vielen Millionen Menschen russischer Abstammung, die haupts\u00e4chlich im ostukrainischen Donbass und auf der Krim wohnen, sogar die Benutzung ihrer eigenen russischen Sprache verboten.<\/p>\n<p>Aber Druck erzeugt Gegendruck. Die Menschen im Donbass haben sich gewehrt. Daraus hat sich ein blutiger Krieg entwickelt, in dem sich die Verteidiger ihrer Donbass-Heimat hervorragend gegen die zahlenm\u00e4\u00dfig und waffentechnisch weit \u00fcberlegenen M\u00f6chtegern-Eroberer aus Kiew geschlagen haben. Als der Feldzug gegen den Donbass zu kippen und in einem Desaster f\u00fcr die Machthaber in Kiew zu enden drohte, sprangen US\/NATO schnell auf Seiten ihrer ukrainischen Sch\u00fctzlinge ein und verlangten einen Waffenstillstand. So kam es zu dem\u00a0Minsk-II-Abkommen f\u00fcr eine diplomatische L\u00f6sung des Konfliktes, das eine Verfassungsreform mit einem semi-autonomen Status f\u00fcr die Donbass-Republiken innerhalb einer Art Bundesrepublik Ukraine vorsieht. Aber die Machthaber in Kiew haben seither keinen Schritt in diese Richtung getan und werden trotzdem weiter von US\/NATO geh\u00e4tschelt.<\/p>\n<p>W\u00e4hrenddessen schwelt der Kleinkrieg entlang der Frontline im Donbass bis heute weiter. Im US\/NATO-Westen scheint es niemanden zu st\u00f6ren, dass gewisse Freiwilligen-Bataillone wie das faschistische ASOW immer wieder mal D\u00f6rfer im Donbass unter Beschuss nehmen, sogar mit schwerer Artillerie, nur um dort die russischsprachigen B\u00fcrger des eigenen Landes zu bestrafen und zu t\u00f6ten. Die sogenannten Freiwilligen-Bataillone sind mittlerweile auch als intakte Einheiten in die regul\u00e4re Armee der Ukraine integriert worden. All dies w\u00e4re nicht m\u00f6glich ohne den US\/NATO-Westen, der diese Verbrecher weiterhin gro\u00dfz\u00fcgig mit Geld, Ausbildern und neuen Waffen unterst\u00fctzt und sie weiterhin mit einer Mitgliedschaft in der NATO lockt.<\/p>\n<p>Von all dem fand man in den Medienberichten im Vorfeld der j\u00fcngsten Verhandlungen in Genf und Br\u00fcssel kein Wort, aber daf\u00fcr umso mehr \u00fcber russische Aggression, Besatzung, Annexion und b\u00f6sartiges Verhalten. Welcher Russe bei klarem Verstand\u00a0k\u00f6nnte vor dem Hintergrund dieser mit den US\/NATO-Imperialisten gemachten Erfahrungen, ganz zu schweigen von deren Verbrechen in den v\u00f6lkerrechtswidrigen Kriegen gegen Jugoslawien, Irak, Libyen etc., den hochheiligen Versicherungen von US\/NATO-Vertretern noch Glauben schenken, dass die Ostexpansion nicht gegen Russland gerichtet ist?<\/p>\n<p>Dennoch versuchten die US-NATO-Vertreter, das Treffen mit der russischen Seite der \u00d6ffentlichkeit als Erfolg zu verkaufen, denn man rede ja wieder miteinander. Zu gern w\u00fcrden US\/NATO auch erkannte russische St\u00e4rken des russischen Milit\u00e4rs wegverhandeln, wie zum Beispiel die geografisch bedingte \u00dcberlegenheit. Vor allem aber wollen sie die Fr\u00fcchte der erfolgreichen, milit\u00e4r-technischen Revolution in Russland mit Verhandlungen an die Kette legen, denn diese Revolution sichert Russland in einer ganzen Reihe von taktischen und strategischen Bereichen auf viele Jahre hin die Dominanz. Gegen\u00fcber Verhandlungen zu diesen Themen ist Moskau im Prinzip nicht abgeneigt, aber nicht, solange US\/NATO ihre Expansionspl\u00e4ne in Richtung Osten nicht aufgeben und ihre Milit\u00e4rpr\u00e4senz im Osten abbauen. Das aber lehnt der Westen nach dem Stand der Dinge am Abend nach den Verhandlungen in Br\u00fcssel weiterhin kategorisch ab.<\/p>\n<p>Vize-Au\u00dfenminister Alexander Gruschko, der als Leiter der Delegation aus <a href=\"https:\/\/web.de\/magazine\/reise\/thema\/moskau\" target=\"_blank\" rel=\"noopener noreferrer\">Moskau<\/a> in Br\u00fcssel die Verhandlungen f\u00fchrte, erkl\u00e4rte nach dem Treffen, dass die westliche Milit\u00e4rallianz weiterhin &#8222;keine Bereitschaft zeigt, die Sicherheitsinteressen Russlands zu ber\u00fccksichtigen&#8220;. Die NATO stelle sein Land als &#8222;Hauptgegner und Hauptgefahr&#8220; hin und betreibe eine Politik wie im Kalten Krieg, als es dem Westen darum gegangen sei, die Sowjetunion kleinzuhalten. Russland werde sich gegen die NATO-Erweiterung nach Osten wehren \u2013 notfalls auch milit\u00e4risch,\u00a0so\u00a0Gruschko.<\/p>\n<p>Jetzt m\u00fcssen wir sehen, wie n\u00e4chste Woche die endg\u00fcltige Entscheidung von USA und NATO auf die russischen Vorschl\u00e4ge f\u00fcr eine Sicherheitsgarantie aussieht. Laut dem russischen Au\u00dfenminister Sergei Lawrow stellen die Verhandlungen \u00fcber Sicherheitsgarantien mit Washington auf seiner Priorit\u00e4tenliste das &#8222;Hauptformat&#8220; dar. Er warte nun auf die versprochenen schriftlichen Antworten auf Moskaus Vorschl\u00e4ge. W\u00f6rtlich sagte Lawrow:<\/p>\n<blockquote><p><em>&#8222;Die Amerikaner haben uns versprochen, sich zu bem\u00fchen, aber wir haben ihnen gesagt, dass sie sich sehr bem\u00fchen und n\u00e4chste Woche ihre Gegenvorschl\u00e4ge machen m\u00fcssen. Stoltenberg, der Generalsekret\u00e4r der NATO, hat sich im Namen der Nordatlantischen Allianz ebenfalls bereit erkl\u00e4rt, seine Reaktion schriftlich zu geben.&#8220;<\/em><\/p><\/blockquote>\n<p>Die Aussichten f\u00fcr weitere Gespr\u00e4che seien davon abh\u00e4ngig, auf welchen Widerhall Russlands Vorschl\u00e4ge in Washington und Br\u00fcssel in den USA und der NATO treffen. Mit einer Ablehnung der Kernpunkte in Russlands Vorschl\u00e4gen, n\u00e4mlich des Stopps der Ostexpansion, w\u00fcrde sich die NATO &#8222;v\u00f6llig verhandlungsunf\u00e4hig&#8220; zeigen, pr\u00e4zisierte Au\u00dfenminister Lawrow.<\/p>\n<p style=\"text-align: right;\"><em>Rainer Rupp ist Mitglied des Beirats des Deutschen Freidenker-Verbandes<\/em><\/p>\n<p><span style=\"font-size: 10pt;\">Link zur Erstver\u00f6ffentlichung: <a href=\"https:\/\/de.rt.com\/meinung\/129947-fuhrte-pippi-langstrumpf-usnato-verhandlungen\/\" target=\"_blank\" rel=\"noopener\">https:\/\/de.rt.com\/meinung\/129947-fuhrte-pippi-langstrumpf-usnato-verhandlungen\/<\/a><\/span><\/p>\n<hr \/>\n<p><span style=\"font-size: 10pt;\">Bild: <a class=\"mw-redirect\" title=\"User:Mailtoanton\" href=\"https:\/\/commons.wikimedia.org\/wiki\/User:Mailtoanton\">Mailtoanton<\/a> \/ <a href=\"https:\/\/creativecommons.org\/licenses\/by-sa\/3.0\/deed.en\" target=\"_blank\" rel=\"noopener\">CC BY-SA 3.0<\/a><\/span><br \/>\n<span style=\"font-size: 10pt;\">Quelle: <a href=\"https:\/\/commons.wikimedia.org\/wiki\/File:Russian_NATO_flags.jpg\" target=\"_blank\" rel=\"noopener\">https:\/\/commons.wikimedia.org\/wiki\/File:Russian_NATO_flags.jpg<\/a><\/span><\/p>\n","protected":false},"excerpt":{"rendered":"<p><b>Beitrag von Rainer Rupp<\/b><br \/>\nWenn man die deutschen oder internationalen Medienberichte \u00fcber das Russland-NATO-Treffen in Br\u00fcssel vom Mittwoch dieser Woche liest, kommt der begr\u00fcndete Verdacht auf, dass bei so viel \u00dcbereinstimmung der Inhalte die selbsternannten Qualit\u00e4tsmedien es sich mal wieder nach altbew\u00e4hrter Methode leicht gemacht haben. Um keinem Politiker zu Hause mit einer eigenen Einsch\u00e4tzung der Dinge auf die F\u00fc\u00dfe zu treten, nimmt man dazu die offizielle Presseerkl\u00e4rung des NATO-Generalsekret\u00e4rs als Schreibvorlage und pr\u00e4sentiert diese mit kleinen \u00c4nderungen unter Ber\u00fccksichtigung jeweils nationaler Aspekte als &#8222;exklusiven Bericht&#8220; des eigenen Korrespondenten vor Ort. <\/p>\n","protected":false},"author":3,"featured_media":12017,"comment_status":"closed","ping_status":"closed","sticky":false,"template":"","format":"standard","meta":{"colormag_page_container_layout":"default_layout","colormag_page_sidebar_layout":"default_layout","advanced_seo_description":"","jetpack_seo_html_title":"","jetpack_seo_noindex":false,"jetpack_post_was_ever_published":false,"footnotes":""},"categories":[13],"tags":[699,1071,1252,56,673,222,639],"class_list":["post-12007","post","type-post","status-publish","format-standard","has-post-thumbnail","hentry","category-frieden-antifaschismus-solidaritaet","tag-aussenpolitik","tag-georgien","tag-militaerpolitik","tag-nato","tag-nato-russland-rat","tag-russland","tag-ukraine-konflikt"],"jetpack_featured_media_url":"https:\/\/i0.wp.com\/www.freidenker.org\/fw17\/wp-content\/uploads\/2022\/01\/Russian_NATO_flags_8090x450.jpg?fit=800%2C450&ssl=1","jetpack_shortlink":"https:\/\/wp.me\/p9stpK-37F","jetpack-related-posts":[{"id":8355,"url":"https:\/\/www.freidenker.org\/?p=8355","url_meta":{"origin":12007,"position":0},"title":"Im falschen Film: \u201eNATO 2030\u201c","author":"Webredaktion","date":"27. Juni 2020","format":false,"excerpt":"Ein Kommentar von Rainer Rupp. Nachdem die europ\u00e4ischen Staaten im organisatorischen Rahmen der Nordatlantischen Vertragsorganisation NATO in den letzten 30 Jahren den USA dabei geholfen haben, mit v\u00f6lkerrechtswidrigen Angriffskriegen den Balkan, Afghanistan, den Nahen Osten und Nordafrika in die Luft zu sprengen und in Kriegs- und Spannungszonen aufzuteilen, ... haben\u2026","rel":"","context":"In &quot;Frieden - Antifaschismus - Solidarit\u00e4t&quot;","block_context":{"text":"Frieden - Antifaschismus - Solidarit\u00e4t","link":"https:\/\/www.freidenker.org\/?cat=13"},"img":{"alt_text":"","src":"https:\/\/i0.wp.com\/www.freidenker.org\/fw17\/wp-content\/uploads\/2020\/06\/nato_hauptquartier_konferenz_800x450.jpg?fit=800%2C450&ssl=1&resize=350%2C200","width":350,"height":200,"srcset":"https:\/\/i0.wp.com\/www.freidenker.org\/fw17\/wp-content\/uploads\/2020\/06\/nato_hauptquartier_konferenz_800x450.jpg?fit=800%2C450&ssl=1&resize=350%2C200 1x, https:\/\/i0.wp.com\/www.freidenker.org\/fw17\/wp-content\/uploads\/2020\/06\/nato_hauptquartier_konferenz_800x450.jpg?fit=800%2C450&ssl=1&resize=525%2C300 1.5x, https:\/\/i0.wp.com\/www.freidenker.org\/fw17\/wp-content\/uploads\/2020\/06\/nato_hauptquartier_konferenz_800x450.jpg?fit=800%2C450&ssl=1&resize=700%2C400 2x"},"classes":[]},{"id":6172,"url":"https:\/\/www.freidenker.org\/?p=6172","url_meta":{"origin":12007,"position":1},"title":"Konferenz in Belgrad l\u00e4sst NATO-Werbung abblitzen (Teil II)","author":"Webredaktion","date":"12. April 2019","format":false,"excerpt":"Beitrag von Rainer Rupp NATO und EU umgarnen weiterhin die serbische F\u00fchrung, um das Land in die beiden Frontorganisationen der westlichen Unwertegemeinschaft zu locken. Klarheit dar\u00fcber schaffte in Belgrad eine hochkar\u00e4tige internationale Konferenz zum 20sten Jahrestages des NATO-\u00dcberfalls. Teil II des Beitrages befasst sich mit der zuk\u00fcnftigen politischen Orientierung Serbiens\u2026","rel":"","context":"In &quot;Frieden - Antifaschismus - Solidarit\u00e4t&quot;","block_context":{"text":"Frieden - Antifaschismus - Solidarit\u00e4t","link":"https:\/\/www.freidenker.org\/?cat=13"},"img":{"alt_text":"","src":"https:\/\/i0.wp.com\/www.freidenker.org\/fw17\/wp-content\/uploads\/2019\/04\/belgrad_flammen_800x445.jpg?fit=800%2C445&ssl=1&resize=350%2C200","width":350,"height":200,"srcset":"https:\/\/i0.wp.com\/www.freidenker.org\/fw17\/wp-content\/uploads\/2019\/04\/belgrad_flammen_800x445.jpg?fit=800%2C445&ssl=1&resize=350%2C200 1x, https:\/\/i0.wp.com\/www.freidenker.org\/fw17\/wp-content\/uploads\/2019\/04\/belgrad_flammen_800x445.jpg?fit=800%2C445&ssl=1&resize=525%2C300 1.5x, https:\/\/i0.wp.com\/www.freidenker.org\/fw17\/wp-content\/uploads\/2019\/04\/belgrad_flammen_800x445.jpg?fit=800%2C445&ssl=1&resize=700%2C400 2x"},"classes":[]},{"id":22751,"url":"https:\/\/www.freidenker.org\/?p=22751","url_meta":{"origin":12007,"position":2},"title":"Trumps &#8222;6-Punkte-Programm&#8220; verursacht geopolitisches Erdbeben","author":"Webredaktion","date":"5. September 2025","format":false,"excerpt":"Standpunkt von Wolfgang Effenberger Am 27. August 2025 setzte US-Pr\u00e4sident Donald Trump mit seinem \"6-Punkte-Programm\" nicht nur die USA, sondern auch die Welt in Erstaunen. Zahlreiche Beobachter bewerten dieses Programm als potenziell \u201egeopolitisches Erdbeben\u201c, da es tiefgreifende Ver\u00e4nderungen der US-Innen- und Au\u00dfenpolitik vorsieht, die internationalen Einfluss haben k\u00f6nnten. Die j\u00fcngsten\u2026","rel":"","context":"In &quot;Demokratie \u2013 Medien \u2013 Aufkl\u00e4rung&quot;","block_context":{"text":"Demokratie \u2013 Medien \u2013 Aufkl\u00e4rung","link":"https:\/\/www.freidenker.org\/?cat=12"},"img":{"alt_text":"","src":"https:\/\/i0.wp.com\/www.freidenker.org\/fw17\/wp-content\/uploads\/2025\/09\/Donald_Trump_on_multilateral_meeting_54730976992_800x450.jpg?fit=800%2C450&ssl=1&resize=350%2C200","width":350,"height":200,"srcset":"https:\/\/i0.wp.com\/www.freidenker.org\/fw17\/wp-content\/uploads\/2025\/09\/Donald_Trump_on_multilateral_meeting_54730976992_800x450.jpg?fit=800%2C450&ssl=1&resize=350%2C200 1x, https:\/\/i0.wp.com\/www.freidenker.org\/fw17\/wp-content\/uploads\/2025\/09\/Donald_Trump_on_multilateral_meeting_54730976992_800x450.jpg?fit=800%2C450&ssl=1&resize=525%2C300 1.5x, https:\/\/i0.wp.com\/www.freidenker.org\/fw17\/wp-content\/uploads\/2025\/09\/Donald_Trump_on_multilateral_meeting_54730976992_800x450.jpg?fit=800%2C450&ssl=1&resize=700%2C400 2x"},"classes":[]},{"id":8650,"url":"https:\/\/www.freidenker.org\/?p=8650","url_meta":{"origin":12007,"position":3},"title":"&#8222;Br\u00fcssel dreht nicht das gro\u00dfe Rad, Br\u00fcssel dreht durch&#8220;","author":"Webredaktion","date":"21. September 2020","format":false,"excerpt":"Interview von RT Deutsch mit Willy Wimmer Der CDU-Politiker und ehemalige Staatssekret\u00e4r Willy Wimmer \u00e4u\u00dfert sich im RT-Interview zum Fall Nawalny und zu den Forderungen des EU-Parlaments nach h\u00e4rteren Sanktionen gegen Russland. F: Die Resolution wurde angenommen, aber erwarten Sie angesichts ihres unverbindlichen Charakters weitere ernsthafte Schritte gegen Russland? A:\u2026","rel":"","context":"In &quot;Demokratie \u2013 Medien \u2013 Aufkl\u00e4rung&quot;","block_context":{"text":"Demokratie \u2013 Medien \u2013 Aufkl\u00e4rung","link":"https:\/\/www.freidenker.org\/?cat=12"},"img":{"alt_text":"","src":"https:\/\/i0.wp.com\/www.freidenker.org\/fw17\/wp-content\/uploads\/2020\/09\/willy_wimmer_rt_800x450.jpg?fit=800%2C450&ssl=1&resize=350%2C200","width":350,"height":200,"srcset":"https:\/\/i0.wp.com\/www.freidenker.org\/fw17\/wp-content\/uploads\/2020\/09\/willy_wimmer_rt_800x450.jpg?fit=800%2C450&ssl=1&resize=350%2C200 1x, https:\/\/i0.wp.com\/www.freidenker.org\/fw17\/wp-content\/uploads\/2020\/09\/willy_wimmer_rt_800x450.jpg?fit=800%2C450&ssl=1&resize=525%2C300 1.5x, https:\/\/i0.wp.com\/www.freidenker.org\/fw17\/wp-content\/uploads\/2020\/09\/willy_wimmer_rt_800x450.jpg?fit=800%2C450&ssl=1&resize=700%2C400 2x"},"classes":[]},{"id":12505,"url":"https:\/\/www.freidenker.org\/?p=12505","url_meta":{"origin":12007,"position":4},"title":"An der US-Friedensbewegung sollte sich die deutsche ein Beispiel nehmen","author":"Webredaktion","date":"28. M\u00e4rz 2022","format":false,"excerpt":"Erkl\u00e4rung des US-Friedensrats zur Milit\u00e4rintervention Russlands in der Ukraine Was wir alle nicht gehofft hatten, ist eingetreten.\u00a0Die Russische F\u00f6deration hat am 24. Februar Truppen in die Ukraine entsandt, als Reaktion auf die jahrzehntelange unerbittliche US-gef\u00fchrte Nato-Provokation.\u00a0Die gegenw\u00e4rtige Situation stellt die globale Friedensbewegung vor viele ernsthafte, grundlegende Fragen. Eine heftige Propagandakampagne,\u2026","rel":"","context":"In &quot;Frieden - Antifaschismus - Solidarit\u00e4t&quot;","block_context":{"text":"Frieden - Antifaschismus - Solidarit\u00e4t","link":"https:\/\/www.freidenker.org\/?cat=13"},"img":{"alt_text":"","src":"https:\/\/i0.wp.com\/www.freidenker.org\/fw17\/wp-content\/uploads\/2022\/03\/us_peace_council.jpg?fit=800%2C450&ssl=1&resize=350%2C200","width":350,"height":200,"srcset":"https:\/\/i0.wp.com\/www.freidenker.org\/fw17\/wp-content\/uploads\/2022\/03\/us_peace_council.jpg?fit=800%2C450&ssl=1&resize=350%2C200 1x, https:\/\/i0.wp.com\/www.freidenker.org\/fw17\/wp-content\/uploads\/2022\/03\/us_peace_council.jpg?fit=800%2C450&ssl=1&resize=525%2C300 1.5x, https:\/\/i0.wp.com\/www.freidenker.org\/fw17\/wp-content\/uploads\/2022\/03\/us_peace_council.jpg?fit=800%2C450&ssl=1&resize=700%2C400 2x"},"classes":[]},{"id":14852,"url":"https:\/\/www.freidenker.org\/?p=14852","url_meta":{"origin":12007,"position":5},"title":"Reflexionen \u00fcber Positionen und Strategien der deutschen Friedensbewegung","author":"Webredaktion","date":"21. Dezember 2022","format":false,"excerpt":"Interview von Felicitas Rabe mit Klaus Hartmann F: Herr Hartmann, am vergangenen Wochenende fand in Kassel der 29. Friedensratschlag statt. Was sind Ihrer Meinung nach die wichtigsten Ergebnisse? A: Das wichtigste Ergebnis war aus meiner Sicht, dass die in den letzten Monaten arg auseinanderstrebenden Teile der Friedenskr\u00e4fte mehrheitlich wieder zu\u2026","rel":"","context":"In &quot;Frieden - Antifaschismus - Solidarit\u00e4t&quot;","block_context":{"text":"Frieden - Antifaschismus - Solidarit\u00e4t","link":"https:\/\/www.freidenker.org\/?cat=13"},"img":{"alt_text":"","src":"https:\/\/i0.wp.com\/www.freidenker.org\/fw17\/wp-content\/uploads\/2022\/12\/friedensratschlag_2022_0434_800x450.jpg?fit=800%2C450&ssl=1&resize=350%2C200","width":350,"height":200,"srcset":"https:\/\/i0.wp.com\/www.freidenker.org\/fw17\/wp-content\/uploads\/2022\/12\/friedensratschlag_2022_0434_800x450.jpg?fit=800%2C450&ssl=1&resize=350%2C200 1x, https:\/\/i0.wp.com\/www.freidenker.org\/fw17\/wp-content\/uploads\/2022\/12\/friedensratschlag_2022_0434_800x450.jpg?fit=800%2C450&ssl=1&resize=525%2C300 1.5x, https:\/\/i0.wp.com\/www.freidenker.org\/fw17\/wp-content\/uploads\/2022\/12\/friedensratschlag_2022_0434_800x450.jpg?fit=800%2C450&ssl=1&resize=700%2C400 2x"},"classes":[]}],"_links":{"self":[{"href":"https:\/\/www.freidenker.org\/index.php?rest_route=\/wp\/v2\/posts\/12007","targetHints":{"allow":["GET"]}}],"collection":[{"href":"https:\/\/www.freidenker.org\/index.php?rest_route=\/wp\/v2\/posts"}],"about":[{"href":"https:\/\/www.freidenker.org\/index.php?rest_route=\/wp\/v2\/types\/post"}],"author":[{"embeddable":true,"href":"https:\/\/www.freidenker.org\/index.php?rest_route=\/wp\/v2\/users\/3"}],"replies":[{"embeddable":true,"href":"https:\/\/www.freidenker.org\/index.php?rest_route=%2Fwp%2Fv2%2Fcomments&post=12007"}],"version-history":[{"count":0,"href":"https:\/\/www.freidenker.org\/index.php?rest_route=\/wp\/v2\/posts\/12007\/revisions"}],"wp:featuredmedia":[{"embeddable":true,"href":"https:\/\/www.freidenker.org\/index.php?rest_route=\/wp\/v2\/media\/12017"}],"wp:attachment":[{"href":"https:\/\/www.freidenker.org\/index.php?rest_route=%2Fwp%2Fv2%2Fmedia&parent=12007"}],"wp:term":[{"taxonomy":"category","embeddable":true,"href":"https:\/\/www.freidenker.org\/index.php?rest_route=%2Fwp%2Fv2%2Fcategories&post=12007"},{"taxonomy":"post_tag","embeddable":true,"href":"https:\/\/www.freidenker.org\/index.php?rest_route=%2Fwp%2Fv2%2Ftags&post=12007"}],"curies":[{"name":"wp","href":"https:\/\/api.w.org\/{rel}","templated":true}]}}