{"id":11992,"date":"2022-01-14T03:47:59","date_gmt":"2022-01-14T02:47:59","guid":{"rendered":"https:\/\/www.freidenker.org\/?p=11992"},"modified":"2022-02-09T00:43:49","modified_gmt":"2022-02-08T23:43:49","slug":"solidaritaet-mit-lisa-fitz","status":"publish","type":"post","link":"https:\/\/www.freidenker.org\/?p=11992","title":{"rendered":"Solidarit\u00e4t mit Lisa Fitz"},"content":{"rendered":"<p><em>von <strong>Klaus Hartmann<\/strong><\/em><\/p>\n<p>Ein Monat nach Lisas \u201eskandalumwittertem\u201c Auftritt in der Kabarett-Sendung \u201eSp\u00e4tschicht\u201c des SWR-Fernsehens am 10.12.2021 soll der danach anschwellende Sturm der Emp\u00f6rung in den \u201eQualit\u00e4tsmedien\u201c besichtigt werden. Nach dem gnadenlosen Eindreschen auf die Kabarettistin zu urteilen, hat sich Lisa Fitz eines schweren Vergehens schuldig gemacht. Das soll darin bestehen, dass sie \u201eFake News\u201c<a href=\"#_ftn1\" name=\"_ftnref1\">[1]<\/a> <a href=\"#_ftn2\" name=\"_ftnref2\">[2]<\/a>, \u201eFalschaussagen\u201c, \u201eImpfl\u00fcgen\u201c<a href=\"#_ftn3\" name=\"_ftnref3\">[3]<\/a>, \u201eTatsachenverdrehungen\u201c,<a href=\"#_ftn4\" name=\"_ftnref4\">[4]<\/a> und \u201efragw\u00fcrdige\u201c<a href=\"#_ftn5\" name=\"_ftnref5\">[5]<\/a> bzw. \u201efalsche Zahlen zu Impftoten\u201c<a href=\"#_ftn6\" name=\"_ftnref6\">[6]<\/a> <a href=\"#_ftn7\" name=\"_ftnref7\">[7]<\/a>verbreitet habe, \u201edie TV-Zuschauer und Zuschauerinnen mit irren Aussagen von Verschw\u00f6rungstheoretikern\u201c<a href=\"#_ftn8\" name=\"_ftnref8\">[8]<\/a> schockte und mit \u201ePopulismusgeschrei einer Wutb\u00fcrgerin\u201c<a href=\"#_ftn9\" name=\"_ftnref9\">[9]<\/a> \u201ef\u00fcr Emp\u00f6rung sorgte\u201c<a href=\"#_ftn10\" name=\"_ftnref10\">[10]<\/a>.<\/p>\n<p>Was hat sich Lisa Fitz zuschulden tats\u00e4chlich kommen lassen? Mit ihrem Beitrag \u201edie Impfpflicht als \u201aVerschw\u00f6rungstheorie\u2019\u201c hat sie gegen das Tabu versto\u00dfen, dass man \u00fcber die Impftoten nicht spricht. Das bleibt nicht ungestraft. Nach Lekt\u00fcre der gesammelten Anklageschriften erinnert man sich daran, dass die Medien eigentlich \u201edie vierte Gewalt\u201c darstellen sollen. Aber sie eignen sich zunehmend die Aufgabe einer Anklagebeh\u00f6rde an und gefallen sich in der Rolle als Generalbundesanwalt, mit dem Unterschied bzw. der Zusatzkompetenz, dass sie flugs auch noch das Urteil sprechen und die Strafe exekutieren wollen.<\/p>\n<h5>Wie gleichgeschaltet<\/h5>\n<p>Bei der v\u00f6lligen Einstimmigkeit der Bl\u00e4tterwald-Jury, die unisono auf Lisa eindrischt, dr\u00e4ngt sich die Frage auf: \u201eGleichschaltung\u201c, \u201eL\u00fcgenpresse\u201c, \u201eSystemmedien\u201c \u2013 warum geben sie sich so gro\u00dfe M\u00fche, solche Anw\u00fcrfe selbst zu beglaubigen? Einzige erw\u00e4hnenswerte Ausnahme ist die <em>Berliner Zeitung<\/em>, die ausschlie\u00dflich die Vorw\u00fcrfe, z.T. im Konjunktiv und in Zitaten widergibt, sich ansonsten jeder Stellungnahme enth\u00e4lt, insbesondere sich nicht mit Schaum vorm Mund ereifert. Am Rande zu bemerken sind zwei weitere Ausnahmen: das <em>Neue Deutschland<\/em> und die <em>junge Welt<\/em> \u2013 sie nahmen weder Lisas Auftritt noch den anschlie\u00dfenden Shitstorm wahr (Stand 31. Dezember 2021), sodass sie leider gar keine eigene Position beziehen konnten.<\/p>\n<p>Verbl\u00fcffend: Die Skandaltr\u00e4chtigkeit von Lisas Beitrag blieb eine geschlagene Woche unbemerkt. Die Hexenjagd begann erst, nachdem in der <em>tageszeitung<\/em>, auch \u201eKinder-FAZ\u201c genannt, am 17.12.2021 zum Halali geblasen hatte. Die Hetzjagd er\u00f6ffnete ein Matthias Meisner (er ist auch Herausgeber eines Corona-Buches \u201eFehlender Mindestabstand &#8211; die Coronakrise und die Netzwerke der Demokratiefeinde\u201c, und in der <em>taz<\/em> st\u00e4ndig unterwegs als Experte zu \u201eCorona-Verharmlosern\u201c, \u201eQuerdenkern\u201c und dem \u201eVirus in den K\u00f6pfen\u201c (bei letztgenanntem Thema handelt es sich nicht um eine Selbstdiagnose).<a href=\"#_ftn11\" name=\"_ftnref11\">[11]<\/a><\/p>\n<p>Was er ihr vorzuwerfen hat? \u201eSchwurbelei\u201c! Das Wort hat \u201ein den letzten Monaten eine regelrechte Blitzkarriere hingelegt \u2013 als Erg\u00e4nzung gedacht und im Einsatz f\u00fcr die hinl\u00e4nglich bekannte \u201aVerschw\u00f6rungstheorie\u2018, die direkt von der CIA stammende Diffamierungsvokabel f\u00fcr alle, die sich trauen, Fragen zu stellen oder gar zu kritisieren. \u2026 Doch mit deren Dauereinsatz kommen unvermeidlich auch die Abnutzungserscheinungen, und so wurde es h\u00f6chste Zeit f\u00fcrs Schwurbeln. Das Schwurbeln hat eine bemerkenswerte Gemeinsamkeit mit der Hassrede: es sind immer nur die anderen, die Andersdenkenden, die an den Pranger gestellt werden. Kein \u201aQualit\u00e4tsmedium\u2018 w\u00fcrde sich oder seinesgleichen jemals der Schwurbelei bezichtigen, und nat\u00fcrlich auch Merkel, Maas, S\u00f6der oder Kramp-Karrenbauer nicht. Und besonders immun gegen das Schwurbeln sind der Chefvirologe Prof. Drosten, der Bankkaufmann Spahn, der Tierarzt Prof. Wieler und Kassandra Lauterbach. Hingegen diejenigen, die diesen \u201aExperten\u2018 widersprechen: alles Schwurbler!\u201c<a href=\"#_ftn12\" name=\"_ftnref12\">[12]<\/a><\/p>\n<h5>Die taz \u00fcbernimmt die Jagdleitung<\/h5>\n<p>Dann kommt <em>taz<\/em>-Autor Meisner zur Sache: \u201eDesinformation und Verschw\u00f6rungstheorien, und das im \u00f6ffentlich-rechtlichen Programm.\u201c Ganz unvoreingenommen stellt er fest: \u201eNegativ aufgefallen ist die Kabarettistin Lisa Fitz nicht zum ersten Mal.\u201c Ja, blo\u00df wem? Der Merkel und dem S\u00f6der? Oder den Regierungsanbetern in den Medien? Das w\u00e4r doch eine un\u00fcbertreffliche Auszeichnung f\u00fcr jeden Kabarettisten. Sieht die <em>taz<\/em> gar nicht so: \u201eAber in der Coronakrise gleitet ihre Emp\u00f6rung h\u00e4ufiger noch als fr\u00fcher ab in Schwurbelei.\u201c Fr\u00fcher also auch schon. Hat sicher schon eine Akte, die Lisa, bei den Diensten, und bei den Journalisten vom Dienst.<\/p>\n<p>Meinte einst Kurt Tucholsky, dass Satire alles d\u00fcrfe, sieht man das bei der taz \u201edifferenzierter\u201c, eben den Zeitumst\u00e4nden \u201eangepasster\u201c, und gibt eine Lektion, was erlaubt ist, man sagen darf, und was gar nicht geht: \u201eKritik an Politiker:innen darf im politischen Kabarett zum guten Ton geh\u00f6ren, eine gewisse Sch\u00e4rfe selbstverst\u00e4ndlich auch.\u201c [Interpunktionsfehler im Original.] Da m\u00fcssen wir Ihrer Gnaden ja geradezu dankbar sein f\u00fcr ihre Gro\u00dfherzigkeit und Nachsicht, doch Lisa wird der Gnadenerweis nicht zuteil, sie hat in Meisners Augen eindeutig \u00fcberzogen:<\/p>\n<p>\u201eIn ihrem neuen Programm \u201aLisa Fitz vs. Jens Spahn\u2018 [der Titel ist eine Meisner-Erfindung] aber werden die Regierenden zu \u201aFlaschen\u2018, und \u201aPanikmachern, die 99 Prozent Lemminge steuern\u2018. \u201aDie poltern rum, du h\u00f6r mal, da ist ja Trump ein Stofftier dagegen\u2018, sagt Lisa Fitz. \u201aWarum? Ich habe die Vermutung: um ihr Versagen zu \u00fcbert\u00f6nen, ihre Impfotenz.\u2018 Sie z\u00e4hlt auf: \u201aFehler, Fehlaussagen, Wortbr\u00fcche, Mistmanagement (sic!) bei der Impfstoffbestellung, Regelwirrwarr.\u2018\u201c So ein sic! in Klammern f\u00fcgt ein Autor ein, wenn er dem Publikum versichern will, dass der Zitierte das Unglaubliche wirklich gesagt hat. Nach allen Pleiten, Pannen und Korruptionsskandalen erdreistet sich Lisa tats\u00e4chlich, unserer Hl. Regierung \u201eMistmanagement\u201c nachzurufen! Der pure Frevel f\u00fcr einen Zeugen Coronas.<\/p>\n<p>Nicht von Meisners Kabarett-Lizenz gedeckt sind auch die folgenden S\u00e4tze: \u201eAuf Ungeimpfte werde eingepr\u00fcgelt, \u201azum Halali auf den S\u00fcndenbock\u2018 geblasen. Die Impfpflicht sei der \u201afeuchte Traum\u2018 der Pharma-Konzerne. Und die selbst? \u201aGanoven, dauernd in schwere Kriminalf\u00e4lle verwickelt\u2018, erl\u00e4utert Lisa Fitz. Da wird geboostert und geroostert und geschustert, nach Delta und Omikron kommt die Xanthippen- und die Zombie-Mutante aus Usbekistan, Tadschikistan, Kirgisistan und Dings-was-wei\u00df-ich-Vergiss-es-dann. Hauptsache, die Panik bleibt frisch.\u2018 Applaus im Fernsehstudio.\u201c Den der Autor weder teilt noch versteht. Sein \u201eVerst\u00e4ndnis\u201c geht so: er nimmt das \u201egeboostert und geroostert und geschustert\u201c f\u00fcr die Anklage her: \u201e\u00dcber Menschen, die sich Sorgen machen wegen der Ausbreitung von Omikron, macht sie sich lustig\u201c. Das kann nur einem ge\u00fcbten Wortverdreher und Demagogen einfallen: Sie macht sich bestenfalls lustig \u00fcber das Panikorchester, in dem die Medien artig mitspielen, aber den Menschen, die damit in die Irre gef\u00fchrt und ver\u00e4ngstigt werden, steht Lisa solidarisch bei, regt sie zum Selbstdenken an und macht ihnen Mut, indem sie sagt, was die offiziellen Ansagen sind: zum Lachen.<\/p>\n<p>Bei Lisas Fehltritten listet der taz-Autor u. a. auf: \u201eSchon im Fr\u00fchjahr 2020 hatte sie sich mit einem damals viel geteilten Video zur Wortf\u00fchrerin von Ma\u00dfnahmen-Kritiker:innen gemacht: \u201aVerarschen lass ich mich nicht.\u2018 Auch das w\u00e4re noch harmlos. Zur Vorgeschichte des Abdriftens von Lisa Fitz aber geh\u00f6rt beispielsweise auch: 2016 ein Interview mit dem Kremlsender RT, in dem sie ihre Kabarett-Kolleg:innen \u201asystemimmanente Hofnarren\u2018 nannte [Interpunktionsfehler im Original] und \u00fcber eine \u201aWeglasspresse\u2018 schwadronierte. Oder ein Song von ihr mit antisemitischen Narrativen, 2018.\u201c Wie beim Schwurbeln: Schwadronieren machen immer die anderen. Apropos \u201eAntisemitismus\u201c \u2013 die Diffamierung wird automatisch f\u00e4llig, wenn B\u00e4nker beim Namen genannt werden. Wer es nachpr\u00fcfen m\u00f6chte: hier haben wir das Lied ver\u00f6ffentlicht: <a href=\"https:\/\/www.freidenker.org\/?p=4537\">https:\/\/www.freidenker.org\/?p=4537<\/a> Und wer sich gar mit dem \u201eKremlsender RT\u201c einl\u00e4sst, hat ohnehin nichts mehr zu erwarten au\u00dfer ewigen H\u00f6llenqualen.<\/p>\n<h5>Falsche Zahl von Impftoten?<\/h5>\n<p>Der H\u00f6hepunkt des Skandals in ihrem \u201eSp\u00e4tschicht\u201c-Auftritt sei aber ihre Behauptung, \u201ees gebe inzwischen EU-weit 5.000 Corona-Impftote\u201c. Da ist die Stunde des Triumpfs f\u00fcr Meisner: \u201eWie viele Menschen durch eine Impfung gestorben sind, ist nicht bekannt.\u201c Ach so. Er wei\u00df es gar nicht. Woher will er wissen, was falsch ist? Wenig glanzvoll. Anw\u00e4lte mit ganz schlechten Karten pl\u00e4dieren im Prozess: \u201eIch bestreite mit Nichtwissen\u201c. Ein Richter, den das je beeindruckt h\u00e4tte, ist selten.<\/p>\n<p>Strafversch\u00e4rfend kommt f\u00fcr die Kabarettistin hinzu: \u201eFitz st\u00fctzt sich bei ihrer Argumentation unter anderem auf eine EU-Parlamentsinitiative der extrem rechten franz\u00f6sischen EU-Abgeordneten Virginie Joron vom Rassemblement National, einer Coronaleugnerin.\u201c Dann scheint ja alles gekl\u00e4rt: wer von einer Abgeordneten, offenbar einer Nazi-Tante, abschreibt, ist aus dem seri\u00f6sen Diskurs auszuschlie\u00dfen, dann k\u00f6nnen in ihrem Antrag sicher auch nur L\u00fcgen stehen.<\/p>\n<p>Handelt es sich also um \u201enicht belegbare Aussagen einer rechtsextremen Europaabgeordneten aus Frankreich\u201c, wie der <em>Deutschlandfunk<\/em> meinte?<a href=\"#_ftn13\" name=\"_ftnref13\">[13]<\/a> Wer sich den Antrag ansieht, stellt aber \u00fcberrascht fest, dass er bei den Zahlenangaben ausschlie\u00dflich die Europ\u00e4ische Arzneimittelagentur zitiert, n\u00e4mlich \u201edass die Europ\u00e4ische Arzneimittel-Agentur bereits rund eine Million F\u00e4lle von Nebenwirkungen nach der Impfung mit COVID-19-Impfstoffen auff\u00fchrt:<\/p>\n<ul>\n<li>435 779 F\u00e4lle beim Impfstoff von Pfizer BioNTech,<\/li>\n<li>373 285 F\u00e4lle beim Impfstoff von AstraZeneca,<\/li>\n<li>117 243 F\u00e4lle beim Impfstoff von Moderna,<\/li>\n<li>und 27 694 F\u00e4lle beim Impfstoff von Janssen;<\/li>\n<\/ul>\n<p>&#8211; dass diese Nebenwirkungen mitunter schwerwiegend ausfallen; (\u2026) dass beispielsweise etwa 75\u00a0000\u00a0Personen nach der Verabreichung des Pfizer-Impfstoffs schwerwiegende neurologische Nebenwirkungen erlitten haben sollen;<\/p>\n<p>dass nach Angaben der Europ\u00e4ischen Arzneimittel-Agentur die Verabreichung von COVID-19-Impfstoffen f\u00fcr rund 5\u00a0000\u00a0Personen in der Europ\u00e4ischen Union t\u00f6dliche Folgen hatte:<\/p>\n<ul>\n<li>bei 4 198 Personen beim Impfstoff von Pfizer,<\/li>\n<li>bei 1 053 Personen beim Impfstoff von AstraZeneca,<\/li>\n<li>bei 392 Personen beim Impfstoff von Moderna,<\/li>\n<li>und bei 138 Personen beim Impfstoff von Janssen.\u201c<a href=\"#_ftn14\" name=\"_ftnref14\">[14]<\/a><\/li>\n<\/ul>\n<p>Es handelt sich um die Zahlen der EMA; Stand 01.12.2021 <a href=\"#_ftn15\" name=\"_ftnref15\">[15]<\/a> Das nennen die \u201eQualit\u00e4tsmedien\u201c dann \u201eeine Internetseite, auf der Privatleute vermeintliche Impffolgen melden, ohne dass eine wissenschaftliche Pr\u00fcfung erfolgt\u201c.<a href=\"#_ftn16\" name=\"_ftnref16\">[16]<\/a> Der Spiegel gibt zwar zu, dass es sich nicht um irgendeine \u201ePrivatseite\u201c handelt, sondern um die \u201eSafety Updates\u201c der EMA, die von \u201einzwischen sogar zusammengerechnet rund 8000 berichteten Todesf\u00e4llen im Zusammenhang mit den Impfstoffen\u201c sprechen. Aber: den dann dort folgenden \u201efettgedruckten Absatz, in dem betont wird, dass ein Todesfall (oder eine medizinische Komplikation) <em>nach <\/em>einer Impfung nicht bedeute, dass er <em>durch <\/em>die Impfung verursacht wurde\u201c, habe Lisa Fitz nicht erw\u00e4hnt.<a href=\"#_ftn17\" name=\"_ftnref17\">[17]<\/a><\/p>\n<h5>Impfsch\u00e4den sollen verborgen bleiben<\/h5>\n<p>Die Zahlen, die der <em>Spiegel<\/em> anspricht, beziehen sich auf gemeldete Verdachtsf\u00e4lle von Nebenwirkungen mit t\u00f6dlichem Ausgang, und lauten exakt: und zwar 5.962 Cormirnaty (BionTech), 588 Spikevax (Moderna), 1.303 Vaxzevira (AstraZeneca), Janssen (Johnson &amp; Johnson) = 223, ergibt zusammen 8.076. Aber da es sich um \u201eMeldungen auch von medizinischen Laien\u201c handelt, wird deren Zuverl\u00e4ssigkeit automatisch angezweifelt \u2013 auch wenn es sich um von Impfsch\u00e4den Betroffene bzw. Leidtragende handelt.<\/p>\n<p>Bei den \u201eoffizellen Meldungen\u201c an das Paul-Ehrlich-Institut sind Zweifel ganz anderer Art angebracht: \u201eEine schlechte Meldemoral bez\u00fcglich Tod nach Corona-Impfung lassen auch die Ergebnisse der Obduktionen in der Uni-Pathologie Heidelberg vermuten. Der Chefpathologe Professor Schirmacher fand bei ungew\u00f6hnlich vielen, kurz nach Impfung Verstorbenen Hinweise auf einen urs\u00e4chlichen Zusammenhang mit der Corona-Impfung.\u201c In dieselbe Richtung schreibt Antje Greve, \u00e4rztliche Mitarbeiterin des Gesundheitsamtes Karlsruhe: \u201eLeider halten sich manche \u00c4rzte nicht an die Meldepflicht nach Paragraph 6 (1) Satz 3 IfSG. Ich gehe von einer erheblichen Untererfassung von Impfkomplikationen, inklusive Todesfolge, nach Impfung aus. Bei deutlich sinkenden Todeszahlen durch Covid n\u00e4hern sich die Todesraten von Covid-Toten und Impftoten weiter an und es w\u00e4re fatal, wenn eines Tages Gleichstand oder ein \u00dcberhang von Impftoten herrschte, ohne dass diese Tatsache anhand der Untererfassung \u00fcberhaupt bemerkt w\u00fcrde.\u201c<a href=\"#_ftn18\" name=\"_ftnref18\">[18]<\/a><\/p>\n<p>In einer Zuschrift an die <em>Nachdenkseiten<\/em> kommentiert Mario Simeunovic, \u201eim Fall von Lisa Fitz handelt es sich vermutlich eher um die Zensur einer unliebsamen Meinungs\u00e4u\u00dferung, und weist auf die chronischen Untererfassung von Verdachtsf\u00e4llen hin. \u201eDie Hysterisierung lenkt nicht nur ab, sie schafft auch ein aggressives Klima der Ausgrenzung und Spaltung. Sie befeuert den Ruf nach radikalen und drakonischen Ma\u00dfnahmen. In meinem Umfeld beobachte ich hier insbesondere eine Radikalisierung, welche die von Heitmeyer beschriebene, rohe B\u00fcrgerlichkeit zu neuer Bl\u00fcte treibt. Da wird die Ursache aller derzeitigen Probleme auf die \u201eungebildeten\u2018, \u201aunbelehrbaren\u2018, \u201auneinsichtigen\u2018 Angeh\u00f6rigen der prekarisierten Schichten projiziert, welche sich \u201afahrl\u00e4ssig\u2018 oder gar \u201avors\u00e4tzlich\u2018 unkooperativ und verantwortungslos verhielten.\u201c<a href=\"#_ftn19\" name=\"_ftnref19\">[19]<\/a><\/p>\n<p>Meinungsforschungsinstitute veranstalten Umfragen im Auftrag zahlungskr\u00e4ftiger Auftraggeber, und Forsa ermittelt, Zuf\u00e4lle gibt\u2019s, dass \u201eeine gro\u00dfe Mehrheit der Deutschen f\u00fcr eine allgemeine Impfflicht\u201c sei.<a href=\"#_ftn20\" name=\"_ftnref20\">[20]<\/a> Forsa-Chef-Dema\u2026, nein Demoskop G\u00fcllner verbreitet stolz, dass 91% best\u00e4tigen, was er ihnen in den Mund gelegt hat: \u201eImpfverweigerer\u201c seien eine \u201erechte Randgruppe\u201c. Und \u201eder Unmut der gro\u00dfen Mehrheit der Menschen wird weiter zunehmen, wenn weiter zu viel R\u00fccksicht auf diese Minderheit genommen wird.\u00a0<a href=\"#_ftn21\" name=\"_ftnref21\">[21]<\/a><\/p>\n<h5>Vom \u201eDruck auf Ungeimpfte\u201c<\/h5>\n<p>Diese Tiraden gegen Andersdenkende sind Ausdruck von \u201eRadikalisierung\u201c und \u201ezunehmender Aggressivit\u00e4t\u201c, die Politiker, Medien und Geheimdienste allerdings den Protestierenden unterstellen. Ist die angedrohte Zwangsimpfung etwa kein Akt der Aggression? Schleswig-Holsteins Ministerpr\u00e4sident G\u00fcnther will den \u201eDruck auf Ungeimpfte noch erh\u00f6hen\u201c.<a href=\"#_ftn22\" name=\"_ftnref22\">[22]<\/a> Wie ist die Forderung des bayerischen Gesundheitsministers Holetschek nach h\u00f6heren Krankenkassenbeitr\u00e4gen, Krankengeldentzug bzw. Beteiligung an den Behandlungskosten f\u00fcr Ungeimpfte zu bewerten?<a href=\"#_ftn23\" name=\"_ftnref23\">[23]<\/a> <a href=\"#_ftn24\" name=\"_ftnref24\">[24]<\/a><\/p>\n<p>Wenn Gerichte in Einzelf\u00e4llen den Regierenden nicht zu Willen sind und \u00fcberzogene Willk\u00fcrma\u00dfnahmen kassieren, schimpft ein \u201eWelt\u00e4rztepr\u00e4sident\u201c Montgomery \u00fcber die \u201ekleinen Richterlein\u201c.<a href=\"#_ftn25\" name=\"_ftnref25\">[25]<\/a> Bundesjustizminister Buschmann will Verst\u00f6\u00dfe gegen eine allgemeine Impfpflicht mit Bu\u00dfgeldern ahnden.<a href=\"#_ftn26\" name=\"_ftnref26\">[26]<\/a> Der neue Bundesgesundheitsminister h\u00e4lt Bu\u00dfgelder f\u00fcr Ungeimpfte f\u00fcr \u201eunvermeidbar\u201c.<a href=\"#_ftn27\" name=\"_ftnref27\">[27]<\/a> Ein sogenannter Ethiker, Nikolaus Knoepffler aus Jena, verlangt \u201eharte Strafen\u201c f\u00fcr Impfverweigerer. Sie sollten \u201eso bestraft werden, dass es finanziell wehtut\u201c, auch die K\u00fcndigung des Arbeitsplatzes regt er an.<a href=\"#_ftn28\" name=\"_ftnref28\">[28]<\/a><\/p>\n<p>Zu diesem Zweck hat sich <a href=\"https:\/\/norberthaering.de\/?p=15402&amp;preview=true\">Baden-W\u00fcrttembergs gr\u00fcner Ministerpr\u00e4sident Winfried Kretschmann ein Gutachten mit dem Ergebnis bestellt, dass die Impfpflicht verfassungsm\u00e4\u00dfig sei. Verst\u00f6\u00dfe k\u00f6nnen nach Infektionsschutzgesetz mit bis zu 25.000,00 \u20ac geahndet werden<\/a>, bei fortgesetzter Weigerung auch wiederholt, auch k\u00f6nnten Zwangsgelder angeordnet werden. Dazu k\u00f6nnten der Verlust des Krankenversicherungsschutzes oder die K\u00fcrzung von Sozialhilfe kommen. Die Niedertracht wird so weit getrieben, dass mit wiederholten Bu\u00df- oder Zwangsgeldern Ungeimpfte um ihr gesamtes Verm\u00f6gen gebracht werden bzw. ihre soziale Grundsicherung verlieren k\u00f6nnen. Das Gutachten verweist zudem auf die Strafvorschrift des Gesetzes f\u00fcr die Verbreitung von Krankheitserregern: Geldstrafe oder Freiheitsstrafe bis zu f\u00fcnf Jahren.<a href=\"#_ftn29\" name=\"_ftnref29\">[29]<\/a><\/p>\n<p>Wie soll man die dahinterstehende Gesinnung anders nennen als tiefbraun und faschistoid? Angesichts solcher Hetze und Drohungen tun die Medien auch noch ganz verwundert: \u201eWie aus dem Nichts: Zahllose Corona-Demos in ganz Deutschland\u201c.<a href=\"#_ftn30\" name=\"_ftnref30\">[30]<\/a> Die permanenten Versuche, sie in die rechtsextreme und Nazi-Ecke zu schieben, verfangen nicht ,ehr, in immer mehr St\u00e4dten und Gemeinden gehen immer \u00f6fter Menschen auf die Stra\u00dfe, deren Zahl republikweit inzwischen in die Hunderttausende geht.<a href=\"#_ftn31\" name=\"_ftnref31\">[31]<\/a><\/p>\n<p>Besonders makaber: wenn sich \u201elinks\u201c w\u00e4hnende und fehlgeleitete bzw. \u201eFake-Antifas\u201c solchen Protesten \u201eentgegenstellen\u201c und f\u00fcr die Impfpflicht \u201edemonstrieren\u201c \u2013 die sie gar nicht fordern m\u00fcssen, da die Obertanen ohnehin schon damit drohen. Es handelt sich bei solchen Gegendemonstrationen gar nicht um echte Demonstrationen, sondern um Pro-Regime-Prozessionen. In der richtigen Welt (fr\u00fcher) haben Unterdr\u00fcckte gegen die Herrschenden demonstriert, in der verkehrten Welt heute gehen manche f\u00fcr die Unterdr\u00fccker, f\u00fcr den faschistoiden Ma\u00dfnahmestaat auf die Stra\u00dfe. Da sind offenbar die elementarsten kognitiven F\u00e4higkeiten abhandengekommen.<\/p>\n<h5>Meinungsfreiheit, Sorgfalt &amp; L\u00fcgen<\/h5>\n<p>\u201eDie Meinungs\u00e4u\u00dferungsfreiheit endet auch in einer Comedy- oder Satiresendung bei falschen Tatsachenbehauptungen\u201c, lie\u00df sich SWR-Programmdirektor Bratzler vernehmen. <a href=\"#_ftn32\" name=\"_ftnref32\">[32]<\/a> Ein <em>Focus<\/em>-Kommentar legt nach: \u201eMeinungsfreiheit wird n\u00e4mlich h\u00e4ufig als Recht zur L\u00fcge interpretiert.\u201c<a href=\"#_ftn33\" name=\"_ftnref33\">[33]<\/a> Offenbar spricht hier ein Experte \u00fcber die eigene Praxis. Andere Medien treten die Flucht nach vorne an, vergessen machend, dass sie sich an der Jagd auf Lisa beteiligten, und kommentieren inzwischen die \u201eCorona- Ma\u00dfnahmen\u201c mit \u201eJetzt reichts!\u201c.<a href=\"#_ftn34\" name=\"_ftnref34\">[34]<\/a><\/p>\n<p>Bei der Hetzjagd der Meutejournalisten gegen Lisa Fitz stellt sich die Frage, ob sie grundlegende Fakten nicht wissen oder nicht wissen wollen: Jeder positiv PCR-Getestete wird unabh\u00e4ngig von der Todesursache, in der Statistik als \u201eCorona-Toter\u201c gez\u00e4hlt. Wie auch die Hospitalisierungsrate alle Arm- und Beinbr\u00fcche oder Unfallopfer nach positivem PCR-Test als \u201eCorona-Fall\u201c verbucht. Obduktionen im Fall des Versterbens? Fehlanzeige. Keiner der erregten Qualit\u00e4tsjournalisten erregt sich \u00fcber \u201ean oder mit\u201c bzw. \u201eim Zusammenhang mit\u201c Corona Verstorbene, sie beten brav diese \u201eunbelastbaren\u201c(!) Zahlen nach. Die Nicht-Obduktion von nach Impfung Verstorbener jedoch f\u00fchrt statistisch zum Gegenteil: \u201eim Zusammenhang mit der Impfung Verstorbene\u201c werden unsichtbar gemacht, indem ein kausaler Zusammenhang mit der Spritze pauschal geleugnet wird. Weil sie gegen dieses Tabu versto\u00dfen hat, wird Lisa \u201eschuldig gesprochen\u201c. Sie zu diffamieren soll helfen, sich nicht mit Fakten und Argumenten auseinanderzusetzen, soll ablenken, soll gegen Zweifel zu immunisieren.<\/p>\n<p>Einerseits stellt die Journaille ihre Unkenntnis und Ahnungslosigkeit \u00fcber elementare Fakten selbstbewusst zur Schau, andererseits will sie ganz genau wissen bzw. vorschreiben, was Satire und Kabarett sein soll und d\u00fcrfen darf. Vielleicht ist der auftragsgem\u00e4\u00dfe Erregungszustand keine gute Voraussetzung f\u00fcr\u2019s Denken. Aber dass die von Lisa Fitz genannte Zahl nicht stimmt, sieht man ja auf den ersten Blick. 5.000 ist einfach zu rund, wahrscheinlicher h\u00e4tten 4.989 oder 5.012 geklungen. Aber dann hat sie noch stark nach unten gerundet, wo es doch nach derselben Quelle 8.076 Impftote gab. Doch ist es Aufgabe des Kabaretts, wie eine Statistik-Beh\u00f6rde exakte Zahlen zu verk\u00fcnden? Es geht um die Beschreibung einer Tendenz, die Zuspitzung, die Kritik von Verantwortlichen, die Anleitung, sich das Denken nicht von fremden Instanzen abnehmen zu lassen.<\/p>\n<p>Und genau auf dem Gebiet der exakten Informationen, Zahlen und Zusammenh\u00e4nge h\u00e4tten die Medien ihre origin\u00e4re Aufgabe: sich nicht auf den Bundespressekonferenzen abspeisen zu lassen, mit Statements von verg\u00f6tterten Experten zufriedenzugeben und Ministeransagen nachzuplappern, sondern Fragen zu stellen, sich selbst kundig zu machen, die pr\u00e4sentierten Fakten von allen Seiten zu beleuchten, auch die Perspektive der \u201eGegenseite\u201c einzunehmen, ihre Argumente zu pr\u00fcfen. Das gebietet die Sorgfaltspflicht und hie\u00df fr\u00fcher mal investigativer Journalismus, immer zum Zweifel und Widerspruch bereit. Das wird von der Herrschaft m\u00f6glicherweise als Unbotm\u00e4\u00dfigkeit, als Ungehorsam gewertet, damit gewinnt man keinen Beliebtheitspreis. Aber um jeden Preis zu den Wohlgelittenen zu z\u00e4hlen, kann doch nicht das Berufsethos der Medienarbeiter sein.<\/p>\n<p>Jenen dieser Zunft, die sich hingegen in der Jagdgemeinschaft wohlf\u00fchlen, sollten die folgenden Zeilen ins Stammbuch geschrieben werden. Dass der Text des <em>Soziologen und Historikers Dr. Alexander Zinn<\/em> sogar in einer Zeitung (der <em>Berliner Zeitung<\/em>) gedruckt wurde, l\u00e4sst die Hoffnung keimen, dass die totale Abrichtung auf Einstimmigkeit aufhaltbar sein kann.<\/p>\n<p>\u201eEs ist an der Zeit, dass wir wieder zur Vernunft kommen und den Panikmodus, in dem wir uns seit fast zwei Jahren befinden, beenden. Dass wir einen Moment innehalten und \u00fcberlegen, ob die Suche nach einem S\u00fcndenbock tats\u00e4chlich der richtige Weg ist, um mit Krankheit und Tod umzugehen. Dass wir versuchen, eine Mediendynamik zu durchbrechen, die davon lebt, immer erschreckendere \u201aZahlen\u2018 und immer abschreckendere \u201aSchuldige\u201c zu pr\u00e4sentieren, denen man angeblich nur noch mit Verboten und Zwangsma\u00dfnahmen beikommt. (\u2026) Dies allerdings wird nur gelingen, wenn wir uns darauf besinnen, dass Skepsis, Zweifel und Widerspruch die Fundamente von Aufkl\u00e4rung, Wissenschaft und Fortschritt sind. (\u2026) Bedenklich ist es aber, dass wir uns mittlerweile angew\u00f6hnt haben, nahezu jeden Kritiker als \u201aSpinner\u2018, \u201aSchwurbler\u2018, \u201aWissenschaftsfeind\u2018 oder \u201aRechten\u2018 zu diskreditieren. Was wir dabei \u00fcbersehen: \u201aWissenschaftsfeinde\u2018 sind nicht diejenigen, die Zahlen, Studien und Ma\u00dfnahmen hinterfragen, sondern diejenigen, die den offenen Diskurs dar\u00fcber unterbinden wollen. Schuldzuweisung und Ausgrenzung m\u00f6gen uns psychologisch entlasten. Die Corona-Krise, die inzwischen eher eine gesellschaftliche als eine gesundheitliche ist, werden wir damit nicht l\u00f6sen.\u201c<a href=\"#_ftn35\" name=\"_ftnref35\">[35]<\/a><\/p>\n<p>Abschlie\u00dfend soll zu den medizinischen Fakten auf einen Offenen Brief von 390 \u00c4rzten, datiert vom 13.12.2021 verwiesen werden, den die Nachdenkseiten publiziert haben: \u201eGeringer Nutzen und noch unklare Risiken durch die COVID-Impfungen\u201c.<a href=\"#_ftn36\" name=\"_ftnref36\">[36]<\/a> (<img data-recalc-dims=\"1\" loading=\"lazy\" decoding=\"async\" data-attachment-id=\"1072\" data-permalink=\"https:\/\/www.freidenker.org\/?attachment_id=1072\" data-orig-file=\"https:\/\/i0.wp.com\/www.freidenker.org\/fw17\/wp-content\/uploads\/2017\/10\/pdf_icon-e1509487447542.png?fit=16%2C16&amp;ssl=1\" data-orig-size=\"16,16\" data-comments-opened=\"0\" data-image-meta=\"{&quot;aperture&quot;:&quot;0&quot;,&quot;credit&quot;:&quot;&quot;,&quot;camera&quot;:&quot;&quot;,&quot;caption&quot;:&quot;&quot;,&quot;created_timestamp&quot;:&quot;0&quot;,&quot;copyright&quot;:&quot;&quot;,&quot;focal_length&quot;:&quot;0&quot;,&quot;iso&quot;:&quot;0&quot;,&quot;shutter_speed&quot;:&quot;0&quot;,&quot;title&quot;:&quot;&quot;,&quot;orientation&quot;:&quot;0&quot;}\" data-image-title=\"pdf_icon_16\" data-image-description=\"\" data-image-caption=\"\" data-large-file=\"https:\/\/i0.wp.com\/www.freidenker.org\/fw17\/wp-content\/uploads\/2017\/10\/pdf_icon-e1509487447542.png?fit=16%2C16&amp;ssl=1\" class=\"alignnone size-full wp-image-1072\" src=\"https:\/\/i0.wp.com\/www.freidenker.org\/fw17\/wp-content\/uploads\/2017\/10\/pdf_icon-e1509487447542.png?resize=16%2C16&#038;ssl=1\" alt=\"\" width=\"16\" height=\"16\" \/> <a href=\"https:\/\/www.freidenker.org\/fw17\/wp-content\/uploads\/2022\/01\/211213-OffenerBrief-zur-COVID-Impfung.pdf\" target=\"_blank\" rel=\"noopener\">Download<\/a>) Wir sollten den inszenierten Skandal um Lisa Fitz zum Anlass nehmen, ihr und allen Dissidenten ausdr\u00fccklich unsere Solidarit\u00e4t zu versichern.<\/p>\n<p style=\"text-align: right;\"><em>Klaus Hartmann ist stellvertretender Vorsitzender des Deutschen Freidenker-Verbandes<\/em><\/p>\n<p><strong>Quellen<\/strong><\/p>\n<p><a href=\"#_ftnref1\" name=\"_ftn1\">[1]<\/a> <a href=\"https:\/\/www.tagesspiegel.de\/gesellschaft\/medien\/sie-spricht-von-5000-toten-durch-corona-impfstoffe-so-verbreitet-kabarettistin-lisa-fitz-fake-news\/27904956.html\">https:\/\/www.tagesspiegel.de\/gesellschaft\/medien\/sie-spricht-von-5000-toten-durch-corona-impfstoffe-so-verbreitet-kabarettistin-lisa-fitz-fake-news\/27904956.html<\/a><\/p>\n<p><a href=\"#_ftnref2\" name=\"_ftn2\">[2]<\/a> <a href=\"https:\/\/www.n-tv.de\/leute\/Lisa-Fitz-verbreitet-Fake-News-SWR-loescht-Sendung-article23009262.html\">https:\/\/www.n-tv.de\/leute\/Lisa-Fitz-verbreitet-Fake-News-SWR-loescht-Sendung-article23009262.html<\/a><\/p>\n<p><a href=\"#_ftnref3\" name=\"_ftn3\">[3]<\/a> <a href=\"https:\/\/www.focus.de\/politik\/deutschland\/kommentar-lisa-fitz-impf-luegen-sind-bitter-doch-noch-viel-schlimmer-ist-eine-angst-der-ard_id_27731204.html\">https:\/\/www.focus.de\/politik\/deutschland\/kommentar-lisa-fitz-impf-luegen-sind-bitter-doch-noch-viel-schlimmer-ist-eine-angst-der-ard_id_27731204.html<\/a><\/p>\n<p><a href=\"#_ftnref4\" name=\"_ftn4\">[4]<\/a> <a href=\"https:\/\/www.faz.net\/aktuell\/feuilleton\/lisa-fitz-im-swr-meinung-fakten-und-lemminge-17693942.html\">https:\/\/www.faz.net\/aktuell\/feuilleton\/lisa-fitz-im-swr-meinung-fakten-und-lemminge-17693942.html<\/a><\/p>\n<p><a href=\"#_ftnref5\" name=\"_ftn5\">[5]<\/a> <a href=\"https:\/\/www.welt.de\/vermischtes\/article235746458\/Lisa-Fitz-Fragwuerdige-Zahlen-zu-Impftoten-SWR-nimmt-Sendung-aus-Mediathek.html\">https:\/\/www.welt.de\/vermischtes\/article235746458\/Lisa-Fitz-Fragwuerdige-Zahlen-zu-Impftoten-SWR-nimmt-Sendung-aus-Mediathek.html<\/a><\/p>\n<p><a href=\"#_ftnref6\" name=\"_ftn6\">[6]<\/a> <a href=\"https:\/\/rp-online.de\/panorama\/coronavirus\/lisa-fitz-falsche-behauptungen-ueber-todeszahlen-nach-corona-impfung-swr-reagiert_aid-64709699\">https:\/\/rp-online.de\/panorama\/coronavirus\/lisa-fitz-falsche-behauptungen-ueber-todeszahlen-nach-corona-impfung-swr-reagiert_aid-64709699<\/a>,<\/p>\n<p><a href=\"#_ftnref7\" name=\"_ftn7\">[7]<\/a> <a href=\"https:\/\/www.spiegel.de\/kultur\/tv\/lisa-fitz-verbreitet-falsche-zahlen-zu-corona-impftoten-swr-spricht-von-meinungsfreiheit-a-427de167-ef7b-43f3-879e-7d9ac584be36\">https:\/\/www.spiegel.de\/kultur\/tv\/lisa-fitz-verbreitet-falsche-zahlen-zu-corona-impftoten-swr-spricht-von-meinungsfreiheit-a-427de167-ef7b-43f3-879e-7d9ac584be36<\/a><\/p>\n<p><a href=\"#_ftnref8\" name=\"_ftn8\">[8]<\/a> <a href=\"https:\/\/www.news.de\/tv\/856044731\/lisa-fitz-verbreitet-verschwoerungstheorien-in-swr-show-spaetschicht-twitter-user-entsetzt-ueber-falsche-zahl-von-impf-toten-in-ard-sendung\/1\/\">https:\/\/www.news.de\/tv\/856044731\/lisa-fitz-verbreitet-verschwoerungstheorien-in-swr-show-spaetschicht-twitter-user-entsetzt-ueber-falsche-zahl-von-impf-toten-in-ard-sendung\/1\/<\/a><\/p>\n<p><a href=\"#_ftnref9\" name=\"_ftn9\">[9]<\/a> <a href=\"https:\/\/www.fr.de\/meinung\/kolumnen\/lisa-fitz-corona-impfung-impftote-kabarett-spaetschicht-ard-swr-schraang-antisemitismus-fakenews-91196022.html\">https:\/\/www.fr.de\/meinung\/kolumnen\/lisa-fitz-corona-impfung-impftote-kabarett-spaetschicht-ard-swr-schraang-antisemitismus-fakenews-91196022.html<\/a><\/p>\n<p><a href=\"#_ftnref10\" name=\"_ftn10\">[10]<\/a> <a href=\"https:\/\/merkurist.de\/mainz\/5000-impftote-kabarett-auftritt-in-mainz-sorgt-fuer-empoerung_rQP\">https:\/\/merkurist.de\/mainz\/5000-impftote-kabarett-auftritt-in-mainz-sorgt-fuer-empoerung_rQP<\/a><\/p>\n<p><a href=\"#_ftnref11\" name=\"_ftn11\">[11]<\/a> <a href=\"https:\/\/taz.de\/Lisa-Fitz-bei-Spaetschicht\/!5822849\/\">https:\/\/taz.de\/Lisa-Fitz-bei-Spaetschicht\/!5822849\/<\/a><\/p>\n<p><a href=\"#_ftnref12\" name=\"_ftn12\">[12]<\/a> Klaus Hartmann, Ein Kessel Hetze \u2013 gegen \u201eAlles auf den Tisch!\u201c, <a href=\"https:\/\/www.freidenker.org\/?p=11381\">https:\/\/www.freidenker.org\/?p=11381<\/a><\/p>\n<p><a href=\"#_ftnref13\" name=\"_ftn13\">[13]<\/a> <a href=\"https:\/\/www.deutschlandfunk.de\/swr-reagiert-auf-umstrittenen-auftritt-von-lisa-fitz-104.html\">https:\/\/www.deutschlandfunk.de\/swr-reagiert-auf-umstrittenen-auftritt-von-lisa-fitz-104.html<\/a><\/p>\n<p><a href=\"#_ftnref14\" name=\"_ftn14\">[14]<\/a> <a href=\"https:\/\/www.europarl.europa.eu\/doceo\/document\/B-9-2021-0475_DE.html\">https:\/\/www.europarl.europa.eu\/doceo\/document\/B-9-2021-0475_DE.html<\/a><\/p>\n<p><a href=\"#_ftnref15\" name=\"_ftn15\">[15]<\/a> <a href=\"https:\/\/www.ema.europa.eu\/en\/human-regulatory\/overview\/public-health-threats\/coronavirus-disease-covid-19\/treatments-vaccines\/vaccines-covid-19\/safety-covid-19-vaccines\">https:\/\/www.ema.europa.eu\/en\/human-regulatory\/overview\/public-health-threats\/coronavirus-disease-covid-19\/treatments-vaccines\/vaccines-covid-19\/safety-covid-19-vaccines<\/a><\/p>\n<p><a href=\"#_ftnref16\" name=\"_ftn16\">[16]<\/a> <a href=\"https:\/\/taz.de\/Lisa-Fitz-bei-Spaetschicht\/!5822849\/\">https:\/\/taz.de\/Lisa-Fitz-bei-Spaetschicht\/!5822849\/<\/a><\/p>\n<p><a href=\"#_ftnref17\" name=\"_ftn17\">[17]<\/a> <a href=\"https:\/\/www.spiegel.de\/kultur\/tv\/lisa-fitz-verbreitet-falsche-zahlen-zu-corona-impftoten-swr-spricht-von-meinungsfreiheit-a-427de167-ef7b-43f3-879e-7d9ac584be36\">https:\/\/www.spiegel.de\/kultur\/tv\/lisa-fitz-verbreitet-falsche-zahlen-zu-corona-impftoten-swr-spricht-von-meinungsfreiheit-a-427de167-ef7b-43f3-879e-7d9ac584be36<\/a><\/p>\n<p><a href=\"#_ftnref18\" name=\"_ftn18\">[18]<\/a> <a href=\"https:\/\/www.berliner-zeitung.de\/open-source\/medizinerin-es-gibt-keine-kontrolle-ob-eine-impfkomplikation-gemeldet-wird-li.184157\">https:\/\/www.berliner-zeitung.de\/open-source\/medizinerin-es-gibt-keine-kontrolle-ob-eine-impfkomplikation-gemeldet-wird-li.184157<\/a><\/p>\n<p><a href=\"#_ftnref19\" name=\"_ftn19\">[19]<\/a> <a href=\"https:\/\/www.nachdenkseiten.de\/?p=79177\">https:\/\/www.nachdenkseiten.de\/?p=79177<\/a><\/p>\n<p><a href=\"#_ftnref20\" name=\"_ftn20\">[20]<\/a> <a href=\"https:\/\/www.finanznachrichten.de\/nachrichten-2021-12\/54749673-rtl-ntv-trendbarometer-forsa-aktuell-weiter-grosse-mehrheiten-fuer-allgemeine-corona-impfpflicht-und-generellen-lockdown-bei-steigenden-zahlen-007.htm\">https:\/\/www.finanznachrichten.de\/nachrichten-2021-12\/54749673-rtl-ntv-trendbarometer-forsa-aktuell-weiter-grosse-mehrheiten-fuer-allgemeine-corona-impfpflicht-und-generellen-lockdown-bei-steigenden-zahlen-007.htm<\/a><\/p>\n<p><a href=\"#_ftnref21\" name=\"_ftn21\">[21]<\/a> <a href=\"https:\/\/www.n-tv.de\/politik\/politik_kommentare\/Die-Wut-ueber-die-Impfgegner-nimmt-zu-article23013495.html\">https:\/\/www.n-tv.de\/politik\/politik_kommentare\/Die-Wut-ueber-die-Impfgegner-nimmt-zu-article23013495.html<\/a><\/p>\n<p><a href=\"#_ftnref22\" name=\"_ftn22\">[22]<\/a> <a href=\"https:\/\/www.rnd.de\/politik\/sh-daniel-guenther-will-druck-auf-ungeimpfte-erhoehen-und-fordert-erneut-allgemeine-impfpflicht-JDUNHZ2ZKBHZRBCK7DQNJI5WTM.html\">https:\/\/www.rnd.de\/politik\/sh-daniel-guenther-will-druck-auf-ungeimpfte-erhoehen-und-fordert-erneut-allgemeine-impfpflicht-JDUNHZ2ZKBHZRBCK7DQNJI5WTM.html<\/a><\/p>\n<p><a href=\"#_ftnref23\" name=\"_ftn23\">[23]<\/a> <a href=\"https:\/\/www.welt.de\/politik\/deutschland\/article235900792\/Impfpflicht-Beitragssanktionen-fuer-Ungeimpfte-Kleingeistige-Rachefantasien.html\">https:\/\/www.welt.de\/politik\/deutschland\/article235900792\/Impfpflicht-Beitragssanktionen-fuer-Ungeimpfte-Kleingeistige-Rachefantasien.html<\/a><\/p>\n<p><a href=\"#_ftnref24\" name=\"_ftn24\">[24]<\/a> <a href=\"https:\/\/www.welt.de\/vermischtes\/article235864954\/Corona-Holetschek-will-Ungeimpfte-an-Behandlungskosten-beteiligen.html\">https:\/\/www.welt.de\/vermischtes\/article235864954\/Corona-Holetschek-will-Ungeimpfte-an-Behandlungskosten-beteiligen.html<\/a><\/p>\n<p><a href=\"#_ftnref25\" name=\"_ftn25\">[25]<\/a> <a href=\"https:\/\/www.br.de\/nachrichten\/deutschland-welt\/montgomery-kritisiert-kleine-richterlein-fuer-corona-urteile,SsiNuUx\">https:\/\/www.br.de\/nachrichten\/deutschland-welt\/montgomery-kritisiert-kleine-richterlein-fuer-corona-urteile,SsiNuUx<\/a><\/p>\n<p><a href=\"#_ftnref26\" name=\"_ftn26\">[26]<\/a> <a href=\"https:\/\/www.spiegel.de\/wissenschaft\/medizin\/corona-news-am-dienstag-13-einsatzkraefte-bei-protesten-in-mannheim-verletzt-a-c21f476b-e104-474b-ae6b-215013bb1606\">https:\/\/www.spiegel.de\/wissenschaft\/medizin\/corona-news-am-dienstag-13-einsatzkraefte-bei-protesten-in-mannheim-verletzt-a-c21f476b-e104-474b-ae6b-215013bb1606<\/a><\/p>\n<p><a href=\"#_ftnref27\" name=\"_ftn27\">[27]<\/a> <a href=\"https:\/\/www.tagesspiegel.de\/politik\/gesundheitsminister-zur-impfpflicht-lauterbach-haelt-geldstrafen-fuer-ungeimpfte-fuer-unvermeidbar\/27881046.html\">https:\/\/www.tagesspiegel.de\/politik\/gesundheitsminister-zur-impfpflicht-lauterbach-haelt-geldstrafen-fuer-ungeimpfte-fuer-unvermeidbar\/27881046.html<\/a><\/p>\n<p><a href=\"#_ftnref28\" name=\"_ftn28\">[28]<\/a> <a href=\"https:\/\/www.welt.de\/regionales\/thueringen\/article235319100\/Ethiker-plaediert-fuer-Impfpflicht-mit-harten-Strafen.html?wtrid=kooperation.reco.taboola.free.welt.desktop\">https:\/\/www.welt.de\/regionales\/thueringen\/article235319100\/Ethiker-plaediert-fuer-Impfpflicht-mit-harten-Strafen.html?wtrid=kooperation.reco.taboola.free.welt.desktop<\/a><\/p>\n<p><a href=\"#_ftnref29\" name=\"_ftn29\">[29]<\/a> Vgl. <a href=\"https:\/\/norberthaering.de\/news\/kretschmann-impfpflicht-oppenlaender\/\">https:\/\/norberthaering.de\/news\/kretschmann-impfpflicht-oppenlaender\/<\/a><\/p>\n<p><a href=\"#_ftnref30\" name=\"_ftn30\">[30]<\/a> <a href=\"https:\/\/www.berliner-zeitung.de\/mensch-metropole\/wie-aus-dem-nichts-zahllose-corona-demos-in-ganz-deutschland-li.200539?pid=true\">https:\/\/www.berliner-zeitung.de\/mensch-metropole\/wie-aus-dem-nichts-zahllose-corona-demos-in-ganz-deutschland-li.200539?pid=true<\/a><\/p>\n<p><a href=\"#_ftnref31\" name=\"_ftn31\">[31]<\/a> <a href=\"https:\/\/www.welt.de\/politik\/deutschland\/article236176034\/Corona-188-000-Menschen-protestieren-bei-bundesweit-1000-Demonstrationen.html\">https:\/\/www.welt.de\/politik\/deutschland\/article236176034\/Corona-188-000-Menschen-protestieren-bei-bundesweit-1000-Demonstrationen.html<\/a><\/p>\n<p><a href=\"#_ftnref32\" name=\"_ftn32\">[32] <\/a><a href=\"https:\/\/www.rnd.de\/medien\/lisa-fitz-in-spaetschicht-swr-sieht-beitrag-nicht-mehr-von-meinungsfreiheit-gedeckt-5QK4ICYCBNDG7PK623KFYM6D5M.html\">https:\/\/www.rnd.de\/medien\/lisa-fitz-in-spaetschicht-swr-sieht-beitrag-nicht-mehr-von-meinungsfreiheit-gedeckt-5QK4ICYCBNDG7PK623KFYM6D5M.html<\/a><\/p>\n<p><a href=\"#_ftnref33\" name=\"_ftn33\">[33]<\/a> <a href=\"https:\/\/www.focus.de\/politik\/deutschland\/kommentar-lisa-fitz-impf-luegen-sind-bitter-doch-noch-viel-schlimmer-ist-eine-angst-der-ard_id_27731204.html\">https:\/\/www.focus.de\/politik\/deutschland\/kommentar-lisa-fitz-impf-luegen-sind-bitter-doch-noch-viel-schlimmer-ist-eine-angst-der-ard_id_27731204.html<\/a><\/p>\n<p><a href=\"#_ftnref34\" name=\"_ftn34\">[34]<\/a> <a href=\"https:\/\/www.faz.net\/aktuell\/wirtschaft\/die-naechste-corona-einschraenkungen-jetzt-reicht-s-17721147.html\">https:\/\/www.faz.net\/aktuell\/wirtschaft\/die-naechste-corona-einschraenkungen-jetzt-reicht-s-17721147.html<\/a><\/p>\n<p><a href=\"#_ftnref35\" name=\"_ftn35\">[35]<\/a> <a href=\"https:\/\/www.berliner-zeitung.de\/wochenende\/zwischenruf-eines-geimpften-warum-ich-verstaendnis-fuer-die-impfskeptiker-habe-li.204231\">https:\/\/www.berliner-zeitung.de\/wochenende\/zwischenruf-eines-geimpften-warum-ich-verstaendnis-fuer-die-impfskeptiker-habe-li.204231<\/a><\/p>\n<p><a href=\"#_ftnref36\" name=\"_ftn36\">[36]<\/a> <a href=\"https:\/\/www.nachdenkseiten.de\/?p=79170\">https:\/\/www.nachdenkseiten.de\/?p=79170<\/a><\/p>\n<hr \/>\n<h5>Download<\/h5>\n<p><img data-recalc-dims=\"1\" loading=\"lazy\" decoding=\"async\" data-attachment-id=\"1076\" data-permalink=\"https:\/\/www.freidenker.org\/?attachment_id=1076\" data-orig-file=\"https:\/\/i0.wp.com\/www.freidenker.org\/fw17\/wp-content\/uploads\/2017\/10\/pdf_icon-2.png?fit=32%2C32&amp;ssl=1\" data-orig-size=\"32,32\" data-comments-opened=\"0\" data-image-meta=\"{&quot;aperture&quot;:&quot;0&quot;,&quot;credit&quot;:&quot;&quot;,&quot;camera&quot;:&quot;&quot;,&quot;caption&quot;:&quot;&quot;,&quot;created_timestamp&quot;:&quot;0&quot;,&quot;copyright&quot;:&quot;&quot;,&quot;focal_length&quot;:&quot;0&quot;,&quot;iso&quot;:&quot;0&quot;,&quot;shutter_speed&quot;:&quot;0&quot;,&quot;title&quot;:&quot;&quot;,&quot;orientation&quot;:&quot;0&quot;}\" data-image-title=\"pdf_icon\" data-image-description=\"\" data-image-caption=\"\" data-large-file=\"https:\/\/i0.wp.com\/www.freidenker.org\/fw17\/wp-content\/uploads\/2017\/10\/pdf_icon-2.png?fit=32%2C32&amp;ssl=1\" class=\"alignnone size-full wp-image-1076\" src=\"https:\/\/i0.wp.com\/www.freidenker.org\/fw17\/wp-content\/uploads\/2017\/10\/pdf_icon-2.png?resize=32%2C32&#038;ssl=1\" alt=\"\" width=\"32\" height=\"32\" \/> <a href=\"https:\/\/www.freidenker.org\/fw17\/wp-content\/uploads\/2022\/01\/211213-OffenerBrief-zur-COVID-Impfung.pdf\" target=\"_blank\" rel=\"noopener\">Offener Brief &#8222;Geringer Nutzen und noch unklare Risiken durch die COVID-Impfungen&#8220; von &#8222;\u00c4rzte stehen auf&#8220;<\/a> vom 13.12.2021 (PDF-Dokument, 114 KB)<\/p>\n<hr \/>\n<p><span style=\"font-size: 10pt;\">Bild: Collage von Ralf Lux<br \/>\nQuelle: diverse Webseiten<\/span><\/p>\n","protected":false},"excerpt":{"rendered":"<p><b>Beitrag von Klaus Hartmann<\/b><br \/>\nEin Monat nach Lisas \u201eskandalumwitterten\u201c Auftritt in der Kabarett-Sendung \u201eSp\u00e4tschicht\u201c des SWR-Fernsehens am 10.12.2021 soll der danach anschwellende Sturm der Emp\u00f6rung in den \u201eQualit\u00e4tsmedien\u201c besichtigt werden. Nach dem gnadenlosen Eindreschen auf die Kabarettistin zu urteilen, hat sich Lisa Fitz eines schweren Vergehens schuldig gemacht. Das soll darin bestehen, dass sie \u201eFake News\u201c, \u201eFalschaussagen\u201c, \u201eImpfl\u00fcgen\u201c, \u201eTatsachenverdrehungen\u201c, und \u201efragw\u00fcrdige\u201c bzw. \u201efalsche Zahlen zu Impftoten\u201c verbreitet habe, \u201edie TV-Zuschauer und Zuschauerinnen mit irren Aussagen von Verschw\u00f6rungstheoretikern\u201c schockte und mit \u201ePopulismusgeschrei einer Wutb\u00fcrgerin\u201c \u201ef\u00fcr Emp\u00f6rung sorgte\u201c.<\/p>\n","protected":false},"author":3,"featured_media":12005,"comment_status":"closed","ping_status":"closed","sticky":false,"template":"","format":"standard","meta":{"colormag_page_container_layout":"default_layout","colormag_page_sidebar_layout":"default_layout","advanced_seo_description":"","jetpack_seo_html_title":"","jetpack_seo_noindex":false,"jetpack_post_was_ever_published":false,"footnotes":""},"categories":[937],"tags":[1256,1357,1461,941,395,1483,1257,619],"class_list":["post-11992","post","type-post","status-publish","format-standard","has-post-thumbnail","hentry","category-zeit-der-verleumder-freidenker-fuer-klartext","tag-corona-virus","tag-impfpflicht","tag-impfzwang","tag-lisa-fitz","tag-meinungsfreiheit","tag-meutejournalismus","tag-pandemie","tag-satire"],"jetpack_featured_media_url":"https:\/\/i0.wp.com\/www.freidenker.org\/fw17\/wp-content\/uploads\/2022\/01\/klartext_lisa_fitz.jpg?fit=800%2C450&ssl=1","jetpack_shortlink":"https:\/\/wp.me\/p9stpK-37q","jetpack-related-posts":[{"id":18514,"url":"https:\/\/www.freidenker.org\/?p=18514","url_meta":{"origin":11992,"position":0},"title":"Lisa Fitz &#8211; Politiker au\u00dfer Rand und Band","author":"Webredaktion","date":"9. M\u00e4rz 2024","format":false,"excerpt":"Video von\u00a0Lisa Fitz In ihrem neuen St\u00fcck f\u00fcr die NachDenkSeiten besch\u00e4ftigt sich Lisa Fitz mit Verbalinjurien und sonstigen Ausf\u00e4llen, mit Cholerikern, P\u00f6beleien im Bundestag und mit sogenannten \u201eEmotionsdilettanten\u201c. Statt Contenance zu wahren, bes\u00e4\u00dfen manche nur emotionale Inkontinenz. Teilweise hat diese Unart in j\u00fcngster Zeit auch sie selbst betroffen. Lisa Fitz\u2026","rel":"","context":"In &quot;Demokratie \u2013 Medien \u2013 Aufkl\u00e4rung&quot;","block_context":{"text":"Demokratie \u2013 Medien \u2013 Aufkl\u00e4rung","link":"https:\/\/www.freidenker.org\/?cat=12"},"img":{"alt_text":"","src":"https:\/\/i0.wp.com\/www.freidenker.org\/fw17\/wp-content\/uploads\/2024\/03\/Lisa_Fitz_Politiker_ausser_Rand_und_Band_800x450.jpg?fit=800%2C450&ssl=1&resize=350%2C200","width":350,"height":200,"srcset":"https:\/\/i0.wp.com\/www.freidenker.org\/fw17\/wp-content\/uploads\/2024\/03\/Lisa_Fitz_Politiker_ausser_Rand_und_Band_800x450.jpg?fit=800%2C450&ssl=1&resize=350%2C200 1x, https:\/\/i0.wp.com\/www.freidenker.org\/fw17\/wp-content\/uploads\/2024\/03\/Lisa_Fitz_Politiker_ausser_Rand_und_Band_800x450.jpg?fit=800%2C450&ssl=1&resize=525%2C300 1.5x, https:\/\/i0.wp.com\/www.freidenker.org\/fw17\/wp-content\/uploads\/2024\/03\/Lisa_Fitz_Politiker_ausser_Rand_und_Band_800x450.jpg?fit=800%2C450&ssl=1&resize=700%2C400 2x"},"classes":[]},{"id":17112,"url":"https:\/\/www.freidenker.org\/?p=17112","url_meta":{"origin":11992,"position":1},"title":"Lisa Fitz: Vor dem Gesetz sind alle gleich \u2026 Denkste!","author":"Webredaktion","date":"29. September 2023","format":false,"excerpt":"Video von Lisa Fitz Im neuen St\u00fcck von Lisa Fitz f\u00fcr die NachDenkSeiten geht es um den seltsam gn\u00e4digen Umgang mit prominenten Steuers\u00fcndern, um Olaf Scholz und Cum Ex, um Helmut Kohl, um Uli Hoene\u00df, Boris Becker, Alfons Schuhbeck usw. Durchgehend f\u00e4llt auf, wie gn\u00e4dig Staat und Justiz mit Prominenten\u2026","rel":"","context":"In &quot;Demokratie \u2013 Medien \u2013 Aufkl\u00e4rung&quot;","block_context":{"text":"Demokratie \u2013 Medien \u2013 Aufkl\u00e4rung","link":"https:\/\/www.freidenker.org\/?cat=12"},"img":{"alt_text":"","src":"https:\/\/i0.wp.com\/www.freidenker.org\/fw17\/wp-content\/uploads\/2023\/09\/Lisa_Fitz_Hubert_Olaf_Helmut_800x450.jpg?fit=800%2C450&ssl=1&resize=350%2C200","width":350,"height":200,"srcset":"https:\/\/i0.wp.com\/www.freidenker.org\/fw17\/wp-content\/uploads\/2023\/09\/Lisa_Fitz_Hubert_Olaf_Helmut_800x450.jpg?fit=800%2C450&ssl=1&resize=350%2C200 1x, https:\/\/i0.wp.com\/www.freidenker.org\/fw17\/wp-content\/uploads\/2023\/09\/Lisa_Fitz_Hubert_Olaf_Helmut_800x450.jpg?fit=800%2C450&ssl=1&resize=525%2C300 1.5x, https:\/\/i0.wp.com\/www.freidenker.org\/fw17\/wp-content\/uploads\/2023\/09\/Lisa_Fitz_Hubert_Olaf_Helmut_800x450.jpg?fit=800%2C450&ssl=1&resize=700%2C400 2x"},"classes":[]},{"id":22422,"url":"https:\/\/www.freidenker.org\/?p=22422","url_meta":{"origin":11992,"position":2},"title":"Lisa Fitz \u2013 Die Wehrpflicht kommt zur\u00fcck","author":"Webredaktion","date":"21. Juli 2025","format":false,"excerpt":"Video von\u00a0Lisa Fitz Man munkelt, die Wehrpflicht soll zur\u00fcckkommen. Ja! Stramm gesessen und zugeh\u00f6rt! Jetzt frage ich Sie \u2026 f\u00fcr einen Freund. Wohin denn? Wie denn? Wo laufen Sie denn \u2026? Keine Kasernen, keine Kreiswehrersatz\u00e4mter, null Ausbilder \u2026 Was aber in Massen vorhanden ist, sind Pinguine, Berater mit Krawatten und\u2026","rel":"","context":"In &quot;Demokratie \u2013 Medien \u2013 Aufkl\u00e4rung&quot;","block_context":{"text":"Demokratie \u2013 Medien \u2013 Aufkl\u00e4rung","link":"https:\/\/www.freidenker.org\/?cat=12"},"img":{"alt_text":"","src":"https:\/\/i0.wp.com\/www.freidenker.org\/fw17\/wp-content\/uploads\/2025\/07\/lisa_fitz_wehrpflicht_800x450.jpg?fit=800%2C450&ssl=1&resize=350%2C200","width":350,"height":200,"srcset":"https:\/\/i0.wp.com\/www.freidenker.org\/fw17\/wp-content\/uploads\/2025\/07\/lisa_fitz_wehrpflicht_800x450.jpg?fit=800%2C450&ssl=1&resize=350%2C200 1x, https:\/\/i0.wp.com\/www.freidenker.org\/fw17\/wp-content\/uploads\/2025\/07\/lisa_fitz_wehrpflicht_800x450.jpg?fit=800%2C450&ssl=1&resize=525%2C300 1.5x, https:\/\/i0.wp.com\/www.freidenker.org\/fw17\/wp-content\/uploads\/2025\/07\/lisa_fitz_wehrpflicht_800x450.jpg?fit=800%2C450&ssl=1&resize=700%2C400 2x"},"classes":[]},{"id":11838,"url":"https:\/\/www.freidenker.org\/?p=11838","url_meta":{"origin":11992,"position":3},"title":"Ist das neutraler Journalismus?","author":"Webredaktion","date":"26. Dezember 2021","format":false,"excerpt":"Video von Lisa Fitz und Beitrag von Anton Gentzen Seit Tagen braust ein medialer Emp\u00f6rungssturm durchs Land - im Mittelpunkt der Angriffe: die Kabarettistin Lisa Fitz, Beiratsmitglied des Deutschen Freidenker-Verbandes.\u00a0Nachdem der SWR die gesamte Sendung \"Sp\u00e4tschicht\" vom 10.12.2021 aus der ARD Mediathek und seinem Video-Archiv bei YouTube entfernt hat, wurde\u2026","rel":"","context":"In &quot;Demokratie \u2013 Medien \u2013 Aufkl\u00e4rung&quot;","block_context":{"text":"Demokratie \u2013 Medien \u2013 Aufkl\u00e4rung","link":"https:\/\/www.freidenker.org\/?cat=12"},"img":{"alt_text":"","src":"https:\/\/i0.wp.com\/www.freidenker.org\/fw17\/wp-content\/uploads\/2021\/12\/Lisa_Fitz_Impfen_800x450.jpg?fit=800%2C450&ssl=1&resize=350%2C200","width":350,"height":200,"srcset":"https:\/\/i0.wp.com\/www.freidenker.org\/fw17\/wp-content\/uploads\/2021\/12\/Lisa_Fitz_Impfen_800x450.jpg?fit=800%2C450&ssl=1&resize=350%2C200 1x, https:\/\/i0.wp.com\/www.freidenker.org\/fw17\/wp-content\/uploads\/2021\/12\/Lisa_Fitz_Impfen_800x450.jpg?fit=800%2C450&ssl=1&resize=525%2C300 1.5x, https:\/\/i0.wp.com\/www.freidenker.org\/fw17\/wp-content\/uploads\/2021\/12\/Lisa_Fitz_Impfen_800x450.jpg?fit=800%2C450&ssl=1&resize=700%2C400 2x"},"classes":[]},{"id":10200,"url":"https:\/\/www.freidenker.org\/?p=10200","url_meta":{"origin":11992,"position":4},"title":"Zwei Gaukler vom Feinsten: E-lon Musk und Kobold Baerbock","author":"Webredaktion","date":"5. Mai 2021","format":false,"excerpt":"Auftritt von Lisa Fitz in der SWR-Sp\u00e4tschicht am 23. 04. 2021 Einer der drei reichsten M\u00e4nner der Welt, \"der Vison\u00e4r Elon Musk\" baut ein Tesla-Werk! In Brandenburg!! Das ist f\u00fcr die Regional-Fuzzis dort wie der Popo von Jennifer Lopez auf ihrer Wohnzimmer-Couch! Die \"Giga-Factory\" wird mit 530.000 Quadratmetern das gr\u00f6\u00dfte\u2026","rel":"","context":"In &quot;Arbeit &amp; Soziales&quot;","block_context":{"text":"Arbeit &amp; Soziales","link":"https:\/\/www.freidenker.org\/?cat=11"},"img":{"alt_text":"","src":"https:\/\/i0.wp.com\/www.freidenker.org\/fw17\/wp-content\/uploads\/2021\/05\/fitz_musk_v04_800x450.jpg?fit=800%2C450&ssl=1&resize=350%2C200","width":350,"height":200,"srcset":"https:\/\/i0.wp.com\/www.freidenker.org\/fw17\/wp-content\/uploads\/2021\/05\/fitz_musk_v04_800x450.jpg?fit=800%2C450&ssl=1&resize=350%2C200 1x, https:\/\/i0.wp.com\/www.freidenker.org\/fw17\/wp-content\/uploads\/2021\/05\/fitz_musk_v04_800x450.jpg?fit=800%2C450&ssl=1&resize=525%2C300 1.5x, https:\/\/i0.wp.com\/www.freidenker.org\/fw17\/wp-content\/uploads\/2021\/05\/fitz_musk_v04_800x450.jpg?fit=800%2C450&ssl=1&resize=700%2C400 2x"},"classes":[]},{"id":5993,"url":"https:\/\/www.freidenker.org\/?p=5993","url_meta":{"origin":11992,"position":5},"title":"Lisa Fitz: Tanz der Vampire","author":"Webredaktion","date":"6. M\u00e4rz 2019","format":false,"excerpt":"Neuer Song von Lisa Fitz anl\u00e4sslich der SiKO M\u00fcnchen. Im Bayrischen Hof tobt ein Maskenball von Vampiren, die unsichtbar sind. Die Spiegel im Saal reflektieren nicht mal, dabei sind sie doch l\u00e4ngst noch nicht blind. Ist alles vom Feinsten, gebohnert, gewischt, entwanzt und gesichert in Hast. Des Abends wird schlie\u00dflich\u2026","rel":"","context":"In &quot;Demokratie \u2013 Medien \u2013 Aufkl\u00e4rung&quot;","block_context":{"text":"Demokratie \u2013 Medien \u2013 Aufkl\u00e4rung","link":"https:\/\/www.freidenker.org\/?cat=12"},"img":{"alt_text":"","src":"https:\/\/i0.wp.com\/www.freidenker.org\/fw17\/wp-content\/uploads\/2019\/03\/Tanz_der_Vampire_800x445.jpg?fit=800%2C445&ssl=1&resize=350%2C200","width":350,"height":200,"srcset":"https:\/\/i0.wp.com\/www.freidenker.org\/fw17\/wp-content\/uploads\/2019\/03\/Tanz_der_Vampire_800x445.jpg?fit=800%2C445&ssl=1&resize=350%2C200 1x, https:\/\/i0.wp.com\/www.freidenker.org\/fw17\/wp-content\/uploads\/2019\/03\/Tanz_der_Vampire_800x445.jpg?fit=800%2C445&ssl=1&resize=525%2C300 1.5x, https:\/\/i0.wp.com\/www.freidenker.org\/fw17\/wp-content\/uploads\/2019\/03\/Tanz_der_Vampire_800x445.jpg?fit=800%2C445&ssl=1&resize=700%2C400 2x"},"classes":[]}],"_links":{"self":[{"href":"https:\/\/www.freidenker.org\/index.php?rest_route=\/wp\/v2\/posts\/11992","targetHints":{"allow":["GET"]}}],"collection":[{"href":"https:\/\/www.freidenker.org\/index.php?rest_route=\/wp\/v2\/posts"}],"about":[{"href":"https:\/\/www.freidenker.org\/index.php?rest_route=\/wp\/v2\/types\/post"}],"author":[{"embeddable":true,"href":"https:\/\/www.freidenker.org\/index.php?rest_route=\/wp\/v2\/users\/3"}],"replies":[{"embeddable":true,"href":"https:\/\/www.freidenker.org\/index.php?rest_route=%2Fwp%2Fv2%2Fcomments&post=11992"}],"version-history":[{"count":0,"href":"https:\/\/www.freidenker.org\/index.php?rest_route=\/wp\/v2\/posts\/11992\/revisions"}],"wp:featuredmedia":[{"embeddable":true,"href":"https:\/\/www.freidenker.org\/index.php?rest_route=\/wp\/v2\/media\/12005"}],"wp:attachment":[{"href":"https:\/\/www.freidenker.org\/index.php?rest_route=%2Fwp%2Fv2%2Fmedia&parent=11992"}],"wp:term":[{"taxonomy":"category","embeddable":true,"href":"https:\/\/www.freidenker.org\/index.php?rest_route=%2Fwp%2Fv2%2Fcategories&post=11992"},{"taxonomy":"post_tag","embeddable":true,"href":"https:\/\/www.freidenker.org\/index.php?rest_route=%2Fwp%2Fv2%2Ftags&post=11992"}],"curies":[{"name":"wp","href":"https:\/\/api.w.org\/{rel}","templated":true}]}}