{"id":11914,"date":"2021-12-31T17:43:03","date_gmt":"2021-12-31T16:43:03","guid":{"rendered":"https:\/\/www.freidenker.org\/?p=11914"},"modified":"2022-02-09T00:44:45","modified_gmt":"2022-02-08T23:44:45","slug":"vorwaerts-in-die-totalitaere-vergangenheit","status":"publish","type":"post","link":"https:\/\/www.freidenker.org\/?p=11914","title":{"rendered":"Vorw\u00e4rts in die totalit\u00e4re Vergangenheit"},"content":{"rendered":"<p><em>Ein Kommentar von <strong>Rainer Rupp<\/strong><\/em><\/p>\n<p><span style=\"font-size: 10pt;\">Erstver\u00f6ffentlichung als \u201eTagesdosis vom 16.12.2021\u201c auf <a href=\"https:\/\/apolut.net\/vorwaerts-in-die-totalitaere-vergangenheit-von-rainer-rupp\/\" target=\"_blank\" rel=\"noopener\">apolut.net<\/a><\/span><\/p>\n<p>Den Beitrag als Audio anh\u00f6ren:<\/p>\n<audio class=\"wp-audio-shortcode\" id=\"audio-11914-1\" preload=\"none\" style=\"width: 100%;\" controls=\"controls\"><source type=\"audio\/mpeg\" src=\"https:\/\/apolut.net\/multimedia_apolut\/podcast\/tagesdosis-20211216-apolut.mp3?_=1\" \/><a href=\"https:\/\/apolut.net\/multimedia_apolut\/podcast\/tagesdosis-20211216-apolut.mp3\">https:\/\/apolut.net\/multimedia_apolut\/podcast\/tagesdosis-20211216-apolut.mp3<\/a><\/audio>\n<p><span style=\"font-size: 10pt;\">(bereitgestellt durch\u00a0<a href=\"https:\/\/apolut.net\/vorwaerts-in-die-totalitaere-vergangenheit-von-rainer-rupp\/\" target=\"_blank\" rel=\"noopener\">apolut.net<\/a>\u00a0\u2013\u00a0<a href=\"https:\/\/apolut.net\/multimedia_apolut\/podcast\/tagesdosis-20211216-apolut.mp3\" target=\"_blank\" rel=\"noopener\">MP3-Datei downloaden<\/a>)<\/span><br \/>\n<span style=\"font-size: 10pt;\">Der Beitrag ist bei apolut.net auch <a href=\"https:\/\/tube4.apolut.net\/w\/i4fxYB5mXGkKRTN3eeHa5L\" target=\"_blank\" rel=\"noopener\">als Video<\/a>\u00a0verf\u00fcgbar.<\/span><\/p>\n<p>&nbsp;<\/p>\n<p>Die \u00c4lteren unter uns erinnern sich sicherlich noch, wie viele zig Milliarden D-Mark und seit 2002 Euro eine deutsche Bundesregierung nach der anderen f\u00fcr Softpower-Programme ausgegeben haben, um dem Rest der Welt \u2013 vor allem den westlichen Verb\u00fcndeten \u2013 den Eindruck zu vermitteln, dass die <em>\u201cNeuen Deutschen\u201d<\/em> der Bundesrepublik harmlos und friedfertige Gutmenschen sind.<\/p>\n<p>Die Zeiten, in denen ein paar b\u00f6se NAZIS mit Terror die Masse der eigentlich aufrechten Mitl\u00e4ufer regiert und zu Verbrechen getrieben haben, sind vorbei. Die als <em>\u201eSommerm\u00e4rchen\u201c<\/em> allseits gefeierte Fu\u00dfballweltmeisterschaft wurde als H\u00f6hepunkt und als endg\u00fcltiger Abschluss dieser Metamorphose vom b\u00f6sen Nazi-Killer zum Guten Deutschen gefeiert.<\/p>\n<p>Aber Jahrzehnte lange Arbeit am guten Ruf k\u00f6nnen \u00fcber Nacht f\u00fcr die Katz sein, wenn \u2013 wie im Fall der neuen Bundesregierung \u2013 unter dem sch\u00f6nen Lack das h\u00e4ssliche Erbe des Terrors vergangener Zeiten wieder zum Vorschein kommt.<\/p>\n<p>Die j\u00fcngste Abschaffung unver\u00e4u\u00dferlicher Menschenrechte in Deutschland durch die Corona-Einheitsregierung und die noch bis vor kurzem unvorstellbare Zustimmung dieser Ma\u00dfnahmen zur Vorbereitung eines Terrorregimes durch \u00fcber zwei Drittel der angeblichen Volksvertreter im <em>\u201cReichstag\u201d<\/em>, nein, im Bundestag, haben die Menschen im Ausland wieder aufhorchen lassen. Und durch t\u00e4glich neue Nachrichten aus diesem wieder r\u00fcckw\u00e4rtsgewandten Deutschland werden ihre Bef\u00fcrchtungen best\u00e4tigt:<\/p>\n<p>Organisierte psychologische Hetzjagden und Diffamierung von Ungeimpften in fast allen Medien, Berufsverbote, Ausgrenzung, Wegsperrung, kostspielige und zeitraubende Schikanen aller Art, Drohungen mit exzessiven Geldstrafen, mit Kassierung des <em>\u201cN\u00fcrnberger Kodex\u201d<\/em> und Zwangsimpfung mit einem experimentellen Stoff, der nachweislich das Gegenteil von \u201esicher\u201c und dessen \u201eWirksamkeit\u201c l\u00e4ngst sehr fragw\u00fcrdig geworden ist.<\/p>\n<p>Vor diesem Hintergrund m\u00f6chte ich deshalb einen Artikel mit Ihnen teilen, der vor wenigen Tagen im Internet an prominenter Stelle des bekannten, international viel gelesenen Finanzportals <em>\u201eZero Hedge\u201c<\/em> ver\u00f6ffentlicht wurde und die Br\u00fccke schl\u00e4gt zwischen der aktuell herrschenden Bundesregierung und ihrem f\u00fcgsamen Parlament einerseits und den dunkleren Zeiten der Gro\u00dfdeutschen Geschichte andererseits. <a href=\"https:\/\/www.zerohedge.com\/news\/2021-12-07\/german-man-his-kills-entire-family-murder-suicide-motivated-vaccine-passport\" target=\"_blank\" rel=\"noopener\">Der Artikel<\/a> ist in englischer Sprache erschienen, im Schriftartikel verlinkt und wurde von mir \u00fcbersetzt. (Umklammerte Einsch\u00fcbe sind erg\u00e4nzende Erkl\u00e4rungen.) Der Titel lautet: <em>\u201eDeutscher Mann t\u00f6tet seine gesamte Familie bei Mord-Selbstmord, motiviert durch Impfpassstrafen.\u201c<\/em><\/p>\n<p><strong>Jetzt zum Text:<\/strong><\/p>\n<p style=\"padding-left: 40px;\"><em>\u201eDie gesundheitlichen Auswirkungen des mentalen Dauerstresses, der durch die oft irrationalen Reaktionen der Regierungen vieler L\u00e4nder auf die so genannte \u201eCorona-Pandemie\u201c verursacht wird, ist an einem Punkt angekommen, an dem die dadurch verursachten Gesundheitsrisiken das Risiko einer COVID-19 Erkrankung \u00fcberwiegen k\u00f6nnten. Nirgends zeigt sich dies deutlicher als in einem starken Anstieg der Gewaltverbrechen weltweit. Obwohl Deutschland diesem weltweiten Trend anscheinend getrotzt hat und im Jahr 2020 einen R\u00fcckgang der Gewaltkriminalit\u00e4t um 2,3%\u00a0 verzeichnet hat, zeigt eine genauere Untersuchung dieser Statistiken, dass die T\u00f6tungsdelikte im gleichen Zeitraum um 3,7% gestiegen sind. Mit einem Anstieg auf 2.401 Morde im Jahr 2020 steht Deutschland zwar im Vergleich zu den gro\u00dfen Industriel\u00e4ndern bei T\u00f6tungsdelikten immer noch besser da als die meisten anderen. Bei der Suche nach den Gr\u00fcnden des starken Anstiegs der T\u00f6tungsdelikte auch im aktuellen Jahr, zeige \u201eder j\u00fcngste, aufschreckende Mord deutlich den Katalysator hinter der erh\u00f6hten Mordrate\u201c.<\/em><\/p>\n<p style=\"padding-left: 40px;\"><em>\u201cAm Samstag, den 5. Dezember, entdeckte die Polizei im brandenburgischen Senzig den Tod einer ganzen Familie, die in der Stadt s\u00fcdlich von Berlin lebte. <a href=\"https:\/\/www.zerohedge.com\/technology\/3d-printed-suicide-capsules-pass-legal-review-switzerland\" target=\"_blank\" rel=\"noopener\">Am Tatort war auch ein Abschiedsbrief vorhanden, den der Ehemann und Familienvater hinterlassen hatte<\/a>. In der Notiz gestand der 40-J\u00e4hrige, seine Frau und 3 T\u00f6chter ermordet zu haben, bevor er sich selbst t\u00f6tete. Das Motiv, das er hinter den Morden und Selbstmord beschrieb, war seine Angst vor bevorstehenden Strafen, nachdem entdeckt worden war, dass er das Impfzertifikat seiner Frau gef\u00e4lscht hatte.\u201d<\/em><\/p>\n<p style=\"padding-left: 40px;\"><em>\u201eDer Entscheidung \u00d6sterreichs folgend hatte die deutsche Regierung k\u00fcrzlich ihre Absicht verk\u00fcndet, die Zwangsimpfung gegen COVID-19 einzuf\u00fchren. Damit hat sie eine deutlich autorit\u00e4rere Position eingenommen. Trotz j\u00fcngster Gerichtsurteile (Bayerisches Landesverfassungsgericht) \u00fcber die Verfassungswidrigkeit von Lockdown-Ma\u00dfnahmen, haben die deutschen Regierungen einige der h\u00e4rtesten Einschr\u00e4nkungen in Europa auf Landes-, Kommunal- und Bundesebene eingef\u00fchrt. Das zeigt der j\u00fcngste Lockdown des Landes f\u00fcr Ungeimpfte im Bundesland Hessen, wo Impfp\u00e4sse f\u00fcr den Eintritt in Lebensmittelgesch\u00e4fte erforderlich sind.\u201d<\/em><\/p>\n<p style=\"padding-left: 40px;\"><em>\u201eErwartungsgem\u00e4\u00df sind die Strafen f\u00fcr die F\u00e4lschung von Impfp\u00e4ssen ebenso hart. Nach deutschem Bundesrecht m\u00fcssen diejenigen, die ihren Impfnachweis oder die Genesung von COVID-19 gef\u00e4lscht haben, mit hohen Geldstrafen und sogar Gef\u00e4ngnisstrafen rechnen. Diese entmutigenden Strafen drohten auch dem M\u00f6rder, nachdem der Arbeitgeber seiner Frau herausgefunden hatte, dass er ihr Impfzertifikat gef\u00e4lscht hatte. Angesichts der Berichtspflichten, die den Arbeitgebern auferlegt werden, die das nationale Impfmandat umsetzen m\u00fcssen, das alle Arbeitnehmer trifft, bef\u00fcrchtete der M\u00f6rder, dass er und seine Frau mit einer Gef\u00e4ngnisstrafe rechnen mussten, die dazu f\u00fchren w\u00fcrde, dass der Sozialdienst ihnen ihre Kinder wegnehmen w\u00fcrde.\u201d<\/em><\/p>\n<p style=\"padding-left: 40px;\"><em>\u201eDiese Begr\u00fcndung, die im Abschiedsbrief vermittelt wurde, wurde vom Generalstaatsanwalt Gernot Bantleon best\u00e4tigt. Dieser Stress, der auf dem M\u00f6rder lastete, war Berichten zufolge durch die K\u00fcndigung seines eigenen Jobs als Schullehrer verst\u00e4rkt worden, obwohl die Polizei die Richtigkeit dieser zirkulierenden Behauptung noch nicht best\u00e4tigt hat. Die Leichen wurden nach einem Anruf bei den Beh\u00f6rden entdeckt, die die leblosen K\u00f6rper der Familie durch ein Fenster in ihrem Haus gesehen hatten.\u201d<\/em><\/p>\n<p style=\"padding-left: 40px;\"><em>\u201eDas Erscheinen der (harmlosen) Omikron-Variante wurde von den Beh\u00f6rden opportunistisch benutzt, um weitere restriktive Ma\u00dfnahmen zur angeblichen Pandemie-Bek\u00e4mpfung durchzusetzen. Es gibt jedoch keine eindeutigen Beweise daf\u00fcr, dass die Mutationen der neuesten COVID-19-Variante zu einer erh\u00f6hten Hospitalisierung f\u00fchren.\u201d <\/em><\/p>\n<p>Die Berichte aus S\u00fcdafrika sprechen in der Tat von einem <em>\u201emilden\u201c<\/em> oder sogar von einem <em>\u201eextrem milden\u201c<\/em> Krankheitsverlauf. Daraus folgert der Artikel auf Zero Hedge:<\/p>\n<p style=\"padding-left: 40px;\"><em>\u201eDie Kluft zwischen wissenschaftlichen Fakten und pseudowissenschaftlichen Rechtfertigungen, die zur Rechtfertigung der Politik der \u00f6ffentlichen Gesundheit gew\u00e4hlt wurden, die eindeutig gescheitert sind, ist nichts Neues. Studien haben gezeigt, dass Lockdowns zu einer Zunahme anderer Krankheiten als COVID-19 gef\u00fchrt haben, wobei diejenigen, die die psychische Gesundheit beeintr\u00e4chtigen, besonders tiefgreifend sind.\u201c<\/em><\/p>\n<p style=\"padding-left: 40px;\"><em>\u201eDer Mord-Selbstmord von Senzig zeigt, wie tief der Terror, der durch die autorit\u00e4ren Ma\u00dfnahmen der Regierungen verbreitet wird, in die Psyche der B\u00fcrger eingedrungen ist. Die v\u00f6llige Hoffnungslosigkeit, die Verzweiflung und der Horror dieses Verbrechens sollte als Beispiel daf\u00fcr dienen, wie diese unmenschlichen Impfzw\u00e4nge unser Leben auf menschlicher Ebene untergraben und die Gesellschaft in einer klaren Abw\u00e4rtsspirale auseinanderrei\u00dft.\u201c<\/em><\/p>\n<p style=\"padding-left: 40px;\"><em>\u201eEs ist leicht zu sagen, wenn eine Nation von den Schrecken eines autorit\u00e4ren Regierungssystems aus ihrer Geschichte h\u00e4tte lernen sollen, dann ist es Deutschland. Diese eher banale Kritik \u00fcbersieht jedoch eine eindringliche Wahrheit, dass n\u00e4mlich das heutige Deutschland durchaus eine Lektion aus der Geschichte gelernt hat, n\u00e4mlich dieselben totalit\u00e4ren Methoden aus der Vergangenheit heute geschickter einzusetzen.\u201c<\/em><\/p>\n<p>Mit diesem letzten Satz hat die ungeschminkte Kritik auf dem weltweit gelesenen \u201c<em>Zero-Hedge-Portal\u201d<\/em> den Nagel auf den Kopf getroffen. Die totalit\u00e4ren Methoden aus der Vergangenheit werden heute geschickt als demokratisch verkleidete Ma\u00dfnahmen verkauft. Tats\u00e4chlich aber sind diese Methoden, mit denen die aktuelle in Deutschland herrschende Klasse ihre Untertanen ver\u00e4ngstigt und zur Gef\u00fcgigkeit zwingt nicht weniger totalit\u00e4r und diktatorisch als jene, die wir aus den Anfangsjahren des totalit\u00e4ren Dritten Reiches kennen.<\/p>\n<p>Vor genau dieser Entwicklung hatte der italienische Schriftsteller Ignazio Silone schon vor \u00fcber 75 Jahren gewarnt. Als er unmittelbar nach der Befreiung Italiens von den Faschisten aus dem Exil in der Schweiz in seine Heimat zur\u00fcckkehrte, sagte er: \u201eWenn der Faschismus je wiederkehrt, wird er nicht sagen: <em>\u00abIch bin der Faschismus\u00bb<\/em> Nein, er wird sagen: <em>\u00abIch bin der Antifaschismus\u00bb\u201c<\/em><\/p>\n<p style=\"text-align: right;\"><em>Rainer Rupp ist Mitglied des Beirats des Deutschen Freidenker-Verbandes<\/em><\/p>\n<p><span style=\"font-size: 10pt;\">Link zur Erstver\u00f6ffentlichung: <a href=\"https:\/\/apolut.net\/vorwaerts-in-die-totalitaere-vergangenheit-von-rainer-rupp\/\" target=\"_blank\" rel=\"noopener\">https:\/\/apolut.net\/vorwaerts-in-die-totalitaere-vergangenheit-von-rainer-rupp\/<\/a><\/span><\/p>\n<hr \/>\n<p><span style=\"font-size: 10pt;\">Foto: Ralf Lux<\/span><\/p>\n","protected":false},"excerpt":{"rendered":"<p><b>Ein Kommentar von Rainer Rupp<\/b><br \/>\nDie \u00c4lteren unter uns erinnern sich sicherlich noch, wie viele zig Milliarden D-Mark und seit 2002 Euro eine deutsche Bundesregierung nach der anderen f\u00fcr Softpower-Programme ausgegeben haben, um dem Rest der Welt \u2013 vor allem den westlichen Verb\u00fcndeten \u2013 den Eindruck zu vermitteln, dass die \u201cNeuen Deutschen\u201d der Bundesrepublik harmlos und friedfertige Gutmenschen sind. &#8230;<br \/>\nAber Jahrzehnte lange Arbeit am guten Ruf k\u00f6nnen \u00fcber Nacht f\u00fcr die Katz sein, wenn \u2013 wie im Fall der neuen Bundesregierung \u2013 unter dem sch\u00f6nen Lack das h\u00e4ssliche Erbe des Terrors vergangener Zeiten wieder zum Vorschein kommt.<\/p>\n","protected":false},"author":3,"featured_media":11919,"comment_status":"closed","ping_status":"closed","sticky":false,"template":"","format":"standard","meta":{"colormag_page_container_layout":"default_layout","colormag_page_sidebar_layout":"default_layout","advanced_seo_description":"","jetpack_seo_html_title":"","jetpack_seo_noindex":false,"jetpack_post_was_ever_published":false,"footnotes":""},"categories":[12],"tags":[1256,1273,1476,451,1461,563,1257,1082],"class_list":["post-11914","post","type-post","status-publish","format-standard","has-post-thumbnail","hentry","category-demokratie-medien-aufklaerung","tag-corona-virus","tag-demokratische-grundrechte","tag-diffamierung","tag-faschismus","tag-impfzwang","tag-menschenrechte","tag-pandemie","tag-totalitarismus"],"jetpack_featured_media_url":"https:\/\/i0.wp.com\/www.freidenker.org\/fw17\/wp-content\/uploads\/2021\/12\/auto-demkratie_800x450.jpg?fit=800%2C450&ssl=1","jetpack_shortlink":"https:\/\/wp.me\/p9stpK-36a","jetpack-related-posts":[{"id":16076,"url":"https:\/\/www.freidenker.org\/?p=16076","url_meta":{"origin":11914,"position":0},"title":"50 Billionen Dollar f\u00fcr Klima-Phantasie","author":"Webredaktion","date":"17. Mai 2023","format":false,"excerpt":"Kommentar von\u00a0Rainer Rupp Mit den k\u00fcnstlich gesch\u00fcrten Klima-\u00c4ngsten ist viel Geld zu machen. Das Klima hat sich als geradezu ideale gesellschaftliche Umverteilungsmaschine erwiesen. Die hat das Zeug daf\u00fcr, noch f\u00fcr die n\u00e4chsten Jahrzehnte massenhaft gewaltige Summen von unten nach oben zu scheffeln. Dabei werden die staatlichen Steuergelder, von denen etwa\u2026","rel":"","context":"In &quot;Demokratie \u2013 Medien \u2013 Aufkl\u00e4rung&quot;","block_context":{"text":"Demokratie \u2013 Medien \u2013 Aufkl\u00e4rung","link":"https:\/\/www.freidenker.org\/?cat=12"},"img":{"alt_text":"","src":"https:\/\/i0.wp.com\/www.freidenker.org\/fw17\/wp-content\/uploads\/2023\/05\/boot_trocken_photomontage-1548599_800x450.jpg?fit=800%2C450&ssl=1&resize=350%2C200","width":350,"height":200,"srcset":"https:\/\/i0.wp.com\/www.freidenker.org\/fw17\/wp-content\/uploads\/2023\/05\/boot_trocken_photomontage-1548599_800x450.jpg?fit=800%2C450&ssl=1&resize=350%2C200 1x, https:\/\/i0.wp.com\/www.freidenker.org\/fw17\/wp-content\/uploads\/2023\/05\/boot_trocken_photomontage-1548599_800x450.jpg?fit=800%2C450&ssl=1&resize=525%2C300 1.5x, https:\/\/i0.wp.com\/www.freidenker.org\/fw17\/wp-content\/uploads\/2023\/05\/boot_trocken_photomontage-1548599_800x450.jpg?fit=800%2C450&ssl=1&resize=700%2C400 2x"},"classes":[]},{"id":18067,"url":"https:\/\/www.freidenker.org\/?p=18067","url_meta":{"origin":11914,"position":1},"title":"Abrechnung mit Scholz und der Ampel-Blase","author":"Webredaktion","date":"30. Januar 2024","format":false,"excerpt":"Kommentar von\u00a0Rainer Rupp Gestern erhielt ich eine Kurznachricht auf X (vormals Twitter): \u201eHier braucht ein sehr sch\u00f6ner Beitrag Reichweite\u201c. Beigef\u00fcgt war ein Link zu einem Text aus der Feder des deutschen Journalisten Philippe Debionne. Nach dessen Lekt\u00fcre war auch ich \u00fcberzeugt, dass dieser Beitrag so breit wie m\u00f6glich verteilt werden\u2026","rel":"","context":"In &quot;Demokratie \u2013 Medien \u2013 Aufkl\u00e4rung&quot;","block_context":{"text":"Demokratie \u2013 Medien \u2013 Aufkl\u00e4rung","link":"https:\/\/www.freidenker.org\/?cat=12"},"img":{"alt_text":"","src":"https:\/\/i0.wp.com\/www.freidenker.org\/fw17\/wp-content\/uploads\/2024\/01\/ampel_scholz_lindner_habeck_800x450.jpg?fit=800%2C450&ssl=1&resize=350%2C200","width":350,"height":200,"srcset":"https:\/\/i0.wp.com\/www.freidenker.org\/fw17\/wp-content\/uploads\/2024\/01\/ampel_scholz_lindner_habeck_800x450.jpg?fit=800%2C450&ssl=1&resize=350%2C200 1x, https:\/\/i0.wp.com\/www.freidenker.org\/fw17\/wp-content\/uploads\/2024\/01\/ampel_scholz_lindner_habeck_800x450.jpg?fit=800%2C450&ssl=1&resize=525%2C300 1.5x, https:\/\/i0.wp.com\/www.freidenker.org\/fw17\/wp-content\/uploads\/2024\/01\/ampel_scholz_lindner_habeck_800x450.jpg?fit=800%2C450&ssl=1&resize=700%2C400 2x"},"classes":[]},{"id":22430,"url":"https:\/\/www.freidenker.org\/?p=22430","url_meta":{"origin":11914,"position":2},"title":"Der deutsche Todestrieb?","author":"Webredaktion","date":"25. Juli 2025","format":false,"excerpt":"Kommentar von\u00a0Rainer Rupp Was ist los mit Deutschland? Diese Frage stellt sich, wer genauer hinsieht auf eine Gesellschaft, die antriebslos, gespalten und kulturell entkernt wirkt. Die Deutschen scheinen m\u00fcde \u2013 ja, regelrecht lebensm\u00fcde. Roland Rottenfu\u00dfer beschreibt in seinem sehr langen, auf der Internet-Plattform \u201emanova\u201c ver\u00f6ffentlichten Essay eine Nation, die historisch\u2026","rel":"","context":"In &quot;Demokratie \u2013 Medien \u2013 Aufkl\u00e4rung&quot;","block_context":{"text":"Demokratie \u2013 Medien \u2013 Aufkl\u00e4rung","link":"https:\/\/www.freidenker.org\/?cat=12"},"img":{"alt_text":"","src":"https:\/\/i0.wp.com\/www.freidenker.org\/fw17\/wp-content\/uploads\/2025\/07\/cliff-2699812_800x450.jpg?fit=800%2C450&ssl=1&resize=350%2C200","width":350,"height":200,"srcset":"https:\/\/i0.wp.com\/www.freidenker.org\/fw17\/wp-content\/uploads\/2025\/07\/cliff-2699812_800x450.jpg?fit=800%2C450&ssl=1&resize=350%2C200 1x, https:\/\/i0.wp.com\/www.freidenker.org\/fw17\/wp-content\/uploads\/2025\/07\/cliff-2699812_800x450.jpg?fit=800%2C450&ssl=1&resize=525%2C300 1.5x, https:\/\/i0.wp.com\/www.freidenker.org\/fw17\/wp-content\/uploads\/2025\/07\/cliff-2699812_800x450.jpg?fit=800%2C450&ssl=1&resize=700%2C400 2x"},"classes":[]},{"id":12199,"url":"https:\/\/www.freidenker.org\/?p=12199","url_meta":{"origin":11914,"position":3},"title":"Regelbasiertes, amerikanisches Welt-Faustrecht","author":"Webredaktion","date":"19. Februar 2022","format":false,"excerpt":"Ein Kommentar von Willy Wimmer Man musste schon staunen, als sich der deutsche Bundeskanzler bei seinem Antrittsbesuch in Washington auf der gemeinsamen Pressekonferenz mit dem \u201cBoss der westlichen Wertegemeinschaft\u201d und US-Pr\u00e4sidenten, Joe Biden, zu einer von ihm so genannten \u201cregelbasierten Ordnung\u201d vernehmen lies. Das kam aus dem Munde des deutschen\u2026","rel":"","context":"In &quot;Frieden - Antifaschismus - Solidarit\u00e4t&quot;","block_context":{"text":"Frieden - Antifaschismus - Solidarit\u00e4t","link":"https:\/\/www.freidenker.org\/?cat=13"},"img":{"alt_text":"","src":"https:\/\/i0.wp.com\/www.freidenker.org\/fw17\/wp-content\/uploads\/2022\/02\/USA_Faustrecht_v2_800x450.jpg?fit=800%2C450&ssl=1&resize=350%2C200","width":350,"height":200,"srcset":"https:\/\/i0.wp.com\/www.freidenker.org\/fw17\/wp-content\/uploads\/2022\/02\/USA_Faustrecht_v2_800x450.jpg?fit=800%2C450&ssl=1&resize=350%2C200 1x, https:\/\/i0.wp.com\/www.freidenker.org\/fw17\/wp-content\/uploads\/2022\/02\/USA_Faustrecht_v2_800x450.jpg?fit=800%2C450&ssl=1&resize=525%2C300 1.5x, https:\/\/i0.wp.com\/www.freidenker.org\/fw17\/wp-content\/uploads\/2022\/02\/USA_Faustrecht_v2_800x450.jpg?fit=800%2C450&ssl=1&resize=700%2C400 2x"},"classes":[]},{"id":22636,"url":"https:\/\/www.freidenker.org\/?p=22636","url_meta":{"origin":11914,"position":4},"title":"Mega-Leistung US-amerikanischer und deutscher Doppelmoral","author":"Webredaktion","date":"23. August 2025","format":false,"excerpt":"Kommentar von\u00a0Rainer Rupp Die Diplomatie der westlichen Demokraturen pr\u00e4sentiert sich gerne als moralischen Leuchtturm, als Musterbeispiel f\u00fcr Prinzipientreue und intellektuelle Aufrichtigkeit und nicht zu vergessen - Humanit\u00e4t. Alles nur Schall und Rauch! Zur Verdummung der eigenen Bev\u00f6lkerung. Im Ausland dagegen, vor allem im globalen S\u00fcden, wei\u00df man schon lange, welch\u2026","rel":"","context":"In &quot;Demokratie \u2013 Medien \u2013 Aufkl\u00e4rung&quot;","block_context":{"text":"Demokratie \u2013 Medien \u2013 Aufkl\u00e4rung","link":"https:\/\/www.freidenker.org\/?cat=12"},"img":{"alt_text":"","src":"https:\/\/i0.wp.com\/www.freidenker.org\/fw17\/wp-content\/uploads\/2025\/08\/Al-Shaara_at_the_fall_of_Damascus_800x450.jpg?fit=800%2C450&ssl=1&resize=350%2C200","width":350,"height":200,"srcset":"https:\/\/i0.wp.com\/www.freidenker.org\/fw17\/wp-content\/uploads\/2025\/08\/Al-Shaara_at_the_fall_of_Damascus_800x450.jpg?fit=800%2C450&ssl=1&resize=350%2C200 1x, https:\/\/i0.wp.com\/www.freidenker.org\/fw17\/wp-content\/uploads\/2025\/08\/Al-Shaara_at_the_fall_of_Damascus_800x450.jpg?fit=800%2C450&ssl=1&resize=525%2C300 1.5x, https:\/\/i0.wp.com\/www.freidenker.org\/fw17\/wp-content\/uploads\/2025\/08\/Al-Shaara_at_the_fall_of_Damascus_800x450.jpg?fit=800%2C450&ssl=1&resize=700%2C400 2x"},"classes":[]},{"id":9078,"url":"https:\/\/www.freidenker.org\/?p=9078","url_meta":{"origin":11914,"position":5},"title":"Medizin gegen politischen Brechreiz","author":"Webredaktion","date":"25. Dezember 2020","format":false,"excerpt":"Ein Kommentar von Rainer Rupp Bei KenFM werden die Gr\u00fcnde f\u00fcr das erneut weitverbreitete und wachsende politische Unwohlsein in unserem Land regelm\u00e4\u00dfig thematisiert. Gegen einen dieser Gr\u00fcnde, n\u00e4mlich gegen die irrationale und den Interessen unseres Landes zuwiderlaufende Aggressivit\u00e4t der Bundesregierung gegen Russland, schlage ich im zweiten Teil der heutigen Tagesdosis\u2026","rel":"","context":"In &quot;Frieden - Antifaschismus - Solidarit\u00e4t&quot;","block_context":{"text":"Frieden - Antifaschismus - Solidarit\u00e4t","link":"https:\/\/www.freidenker.org\/?cat=13"},"img":{"alt_text":"","src":"https:\/\/i0.wp.com\/www.freidenker.org\/fw17\/wp-content\/uploads\/2020\/12\/putin_veteranen_kremlin_800x450.jpg?fit=800%2C450&ssl=1&resize=350%2C200","width":350,"height":200,"srcset":"https:\/\/i0.wp.com\/www.freidenker.org\/fw17\/wp-content\/uploads\/2020\/12\/putin_veteranen_kremlin_800x450.jpg?fit=800%2C450&ssl=1&resize=350%2C200 1x, https:\/\/i0.wp.com\/www.freidenker.org\/fw17\/wp-content\/uploads\/2020\/12\/putin_veteranen_kremlin_800x450.jpg?fit=800%2C450&ssl=1&resize=525%2C300 1.5x, https:\/\/i0.wp.com\/www.freidenker.org\/fw17\/wp-content\/uploads\/2020\/12\/putin_veteranen_kremlin_800x450.jpg?fit=800%2C450&ssl=1&resize=700%2C400 2x"},"classes":[]}],"_links":{"self":[{"href":"https:\/\/www.freidenker.org\/index.php?rest_route=\/wp\/v2\/posts\/11914","targetHints":{"allow":["GET"]}}],"collection":[{"href":"https:\/\/www.freidenker.org\/index.php?rest_route=\/wp\/v2\/posts"}],"about":[{"href":"https:\/\/www.freidenker.org\/index.php?rest_route=\/wp\/v2\/types\/post"}],"author":[{"embeddable":true,"href":"https:\/\/www.freidenker.org\/index.php?rest_route=\/wp\/v2\/users\/3"}],"replies":[{"embeddable":true,"href":"https:\/\/www.freidenker.org\/index.php?rest_route=%2Fwp%2Fv2%2Fcomments&post=11914"}],"version-history":[{"count":0,"href":"https:\/\/www.freidenker.org\/index.php?rest_route=\/wp\/v2\/posts\/11914\/revisions"}],"wp:featuredmedia":[{"embeddable":true,"href":"https:\/\/www.freidenker.org\/index.php?rest_route=\/wp\/v2\/media\/11919"}],"wp:attachment":[{"href":"https:\/\/www.freidenker.org\/index.php?rest_route=%2Fwp%2Fv2%2Fmedia&parent=11914"}],"wp:term":[{"taxonomy":"category","embeddable":true,"href":"https:\/\/www.freidenker.org\/index.php?rest_route=%2Fwp%2Fv2%2Fcategories&post=11914"},{"taxonomy":"post_tag","embeddable":true,"href":"https:\/\/www.freidenker.org\/index.php?rest_route=%2Fwp%2Fv2%2Ftags&post=11914"}],"curies":[{"name":"wp","href":"https:\/\/api.w.org\/{rel}","templated":true}]}}