{"id":11912,"date":"2021-12-31T17:42:34","date_gmt":"2021-12-31T16:42:34","guid":{"rendered":"https:\/\/www.freidenker.org\/?p=11912"},"modified":"2022-02-09T00:44:54","modified_gmt":"2022-02-08T23:44:54","slug":"corona-und-der-neue-wahre-glauben","status":"publish","type":"post","link":"https:\/\/www.freidenker.org\/?p=11912","title":{"rendered":"Corona und der neue wahre Glauben"},"content":{"rendered":"<header class=\"rex-module rex-header\"><em><span class=\"author\">von <strong>Joachim Guilliard<\/strong><\/span><\/em><\/header>\n<p><span style=\"font-size: 10pt;\">Erstver\u00f6ffentlichung am 16.12.2021 auf <a href=\"https:\/\/keinzustand.at\/joachim-guilliard\/corona-und-der-neue-wahre-glauben\/\" target=\"_blank\" rel=\"noopener\">keinzustand.at<\/a><\/span><\/p>\n<p>In Krisen und Katastrophenzeiten wandten sich Menschen seit jeher verst\u00e4rkt Religionen zu, suchten im Glauben Trost, Sinn und Hoffnung. Im Zuge der Corona-Krise entstand eine neue gro\u00dfe Glaubensgemeinschaft, die sich breit \u00fcber nahezu alle politische Lager erstreckt. Sie gr\u00fcndet auf der gro\u00dfen Zahl derer, die mit Beginn der Pandemie zu glauben begannen, die b\u00fcrgerlich-kapitalistische Regierung h\u00e4tte sich vom Saulus zum Paulus gewandelt: obwohl sie bis dato eine Politik betrieb, die die Armen \u00e4rmer und die Reichen reicher machte, orientiere sich ihr ganzes Streben nun nur noch am Schutz der Gesundheit ihres Volkes.<\/p>\n<p>Die Priester der neuen Gemeinde sind die von den herrschenden Kreisen auserw\u00e4hlten Wissenschaftler. Deren Worte sollen als die einzige g\u00fcltige Wissenschaft gelten, die einzige Wahrheit begr\u00fcnden. Die, die offen daran zweifeln, sind als unsolidarisch, als Ketzer und als eine Gefahr f\u00fcr die Volksgemeinschaft zu brandmarken. Um andere vor Ansteckung mit Zweifeln zu sch\u00fctzen, m\u00fcssen sie isoliert, ihr Zugang zur \u00d6ffentlichkeit beschr\u00e4nkt werden, so lange, bis sie ihrem Irrglauben abschw\u00f6ren.<\/p>\n<p>COVID-19 ist die alles beherrschende Krankheit, man soll keine andere neben ihr beachten oder mit ihr vergleichen. Ihrer Bek\u00e4mpfung kann alles andere untergeordnet werden, Grundrechte, Bildung, Einkommen, Wohlergehen und vieles mehr. Solide Datenerhebungen \u00fcber das Infektionsgeschehen und der Auswirkungen der Gegenma\u00dfnahmen sind unterw\u00fcnscht und gelten als Blasphemie \u2012 das Steuern durch d\u00e4mmrigen Nebel geh\u00f6rt zum Kult.<\/p>\n<p>Zum Glaubensbekenntnis geh\u00f6rt auch das unbedingte Vertrauen in die Impfung. Die Gemeinschaft ist vom festen Glauben beseelt, dass mit Hilfe der Impfstoffe segensreicher westlicher Pharma-Konzerne die epidemische Geisel endg\u00fcltig besiegt werden k\u00f6nne und auch allein durch sie. Verirrungen durch Impfstoffe d\u00fcsterer anderer Quellen und Ablenkungen durch Medikamente gegen die Krankheit m\u00fcssen tunlichst vermieden werden. Auch wenn die neuartigen gentherapeutischen Wirkstoffe nur kurz und noch nicht abschlie\u00dfend getestet wurden, sei die Sorge vor schweren Nebenwirkungen \u2012 angesichts der unvergleichlichen Gef\u00e4hrlichkeit des Virus \u2012 wider jegliche Vernunft.<\/p>\n<p>Da die Dankbarkeit f\u00fcr die ma\u00dfgeblich mit \u00f6ffentlichen Geldern finanzierte Entwicklung der Impfstoffe grenzenlos ist, g\u00f6nnt man den Pharma-Unternehmen und ihren Aktion\u00e4ren auch ihre saftigen, auf Jahre hinaus gesicherten Gewinne.<\/p>\n<p>Wer dennoch verstockt und verblendet die Impfung scheut, mit Verweis auf die zahlreichen schweren und zum Teil t\u00f6dlichen Nebenwirkungen penetrant von einer Risikoabw\u00e4gung redet, ist verblendet und stellt sich auf die Seite des B\u00f6sen. Obwohl gut vier F\u00fcnftel der Bev\u00f6lkerung geimpft sind, wird das restliche F\u00fcnftel der Zauderer und Verweigerer f\u00fcr die neue herbstliche Infektionswelle verantwortlich gemacht, die \u2012 Wortf\u00fchrern der Gl\u00e4ubigen zufolge \u2012 alle bisherigen in den Schatten stellen werde. Geimpfte gelten schlie\u00dflich so gut gesch\u00fctzt, dass sie auch dort unbeschwerten Zugang erhalten, wo er selbst getesteten gesunden Ungeimpften verwehrt wird \u2012 wenn sich Geimpfte trotzdem infizieren und andere anstecken, so k\u00f6nnen daran nur die Impfverweigerer schuld sein.<\/p>\n<p>Hat man in diesen die S\u00fcndenb\u00f6cke f\u00fcr die saisonale Zunahme von Infektionen und Engp\u00e4ssen in den Kliniken gefunden, so muss man sich mit der irdischen Verantwortung der Politik und des profitorientierten Gesundheitssystems f\u00fcr Bettenschwund und Pflegenotstand nicht weiter besch\u00e4ftigen.<\/p>\n<p>Aus N\u00e4chstenliebe sollen die Einheimischen zur dritten Spritze eilen, auch wenn in den L\u00e4ndern des S\u00fcdens selbst viele hochbetagte Menschen noch keine Impfung erhalten konnten. Pfiffig ergattern sich dabei hiesige aufgeputschte junge Eiferer ihre erste Auffrischungsimpfung noch vor den 80j\u00e4hrigen.<\/p>\n<p>\u201eSolidarit\u00e4t\u201c herrscht im Rahmen dieser neuen Religion, wenn die Mehrheit der Geimpften die Minderheit der Ungeimpften aus der Volksgemeinschaft ausschlie\u00dft, sie mit Berufsverbot straft und aus dem \u00f6ffentlichen Leben verbannt.<\/p>\n<p style=\"text-align: right;\"><em>Joachim Guilliard koordiniert das \u201eFriedensb\u00fcndnis Heidelberg\u201c und ist Mitglied des Deutschen Freidenker-Verbandes<\/em><\/p>\n<p><span style=\"font-size: 10pt;\">Link zur Erstver\u00f6ffentlichung: <a href=\"https:\/\/keinzustand.at\/joachim-guilliard\/corona-und-der-neue-wahre-glauben\/\" target=\"_blank\" rel=\"noopener\">https:\/\/keinzustand.at\/joachim-guilliard\/corona-und-der-neue-wahre-glauben\/<\/a><\/span><\/p>\n<hr \/>\n<p><span style=\"font-size: 10pt;\">Bild: <a href=\"https:\/\/pixabay.com\/de\/illustrations\/corona-covid19-covid-19-pandemie-5386651\/\" target=\"_blank\" rel=\"noopener\">pixabay.com<\/a> \/ <a class=\"hover_opacity\" href=\"https:\/\/pixabay.com\/de\/users\/pixundfertig-683277\/\">pixundfertig<\/a> \/ <a href=\"https:\/\/pixabay.com\/de\/service\/license\/\">Pixabay License<\/a><\/span><\/p>\n","protected":false},"excerpt":{"rendered":"<p><b>Beitrag von Joachim Guilliard<\/b><br \/>\nIn Krisen und Katastrophenzeiten wandten sich Menschen seit jeher verst\u00e4rkt Religionen zu, suchten im Glauben Trost, Sinn und Hoffnung. Im Zuge der Corona-Krise entstand eine neue gro\u00dfe Glaubensgemeinschaft, die sich breit \u00fcber nahezu alle politische Lager erstreckt. Sie gr\u00fcndet auf der gro\u00dfen Zahl derer, die mit Beginn der Pandemie zu glauben begannen, die b\u00fcrgerlich-kapitalistische Regierung h\u00e4tte sich vom Saulus zum Paulus gewandelt: obwohl sie bis dato eine Politik betrieb, die die Armen \u00e4rmer und die Reichen reicher machte, orientiere sich ihr ganzes Streben nun nur noch am Schutz der Gesundheit ihres Volkes.<\/p>\n","protected":false},"author":3,"featured_media":11922,"comment_status":"closed","ping_status":"closed","sticky":false,"template":"","format":"standard","meta":{"colormag_page_container_layout":"default_layout","colormag_page_sidebar_layout":"default_layout","advanced_seo_description":"","jetpack_seo_html_title":"","jetpack_seo_noindex":false,"jetpack_post_was_ever_published":false,"footnotes":""},"categories":[11,15],"tags":[1256,577,319,1278,1461,1257,371,344],"class_list":["post-11912","post","type-post","status-publish","format-standard","has-post-thumbnail","hentry","category-arbeit-soziales","category-religions-kirchenkritik","tag-corona-virus","tag-gesundheitspolitik","tag-glaube","tag-impfung","tag-impfzwang","tag-pandemie","tag-religion","tag-solidaritaet"],"jetpack_featured_media_url":"https:\/\/i0.wp.com\/www.freidenker.org\/fw17\/wp-content\/uploads\/2021\/12\/corona-5386651_800x450.jpg?fit=800%2C450&ssl=1","jetpack_shortlink":"https:\/\/wp.me\/p9stpK-368","jetpack-related-posts":[{"id":22849,"url":"https:\/\/www.freidenker.org\/?p=22849","url_meta":{"origin":11912,"position":0},"title":"Corona-Enquete-Kommission konstituiert: CDU-&#8222;Impfbef\u00fcrworterin&#8220; als Vorsitzende","author":"Webredaktion","date":"15. September 2025","format":false,"excerpt":"Beitrag von Bernhard Loyen Der windige und unantastbare Karl Lauterbach hatte im April\u00a02023 kurzerhand die \"Corona-Pandemie f\u00fcr beendet\" erkl\u00e4rt. Was folgte, ist so weit bekannt und dokumentiert.\u00a0Am 8.\u00a0September dieses Jahres\u00a0\u2013 und damit zweieinhalb Jahre nach Lauterbachs willk\u00fcrlicher Mitteilung\u00a0\u2013\u00a0verk\u00fcndet nun die Website des Bundestags, dass sich die \"Enquete-Kommission zur Corona-Pandemie\" konstituiert\u2026","rel":"","context":"In &quot;Demokratie \u2013 Medien \u2013 Aufkl\u00e4rung&quot;","block_context":{"text":"Demokratie \u2013 Medien \u2013 Aufkl\u00e4rung","link":"https:\/\/www.freidenker.org\/?cat=12"},"img":{"alt_text":"","src":"https:\/\/i0.wp.com\/www.freidenker.org\/fw17\/wp-content\/uploads\/2025\/09\/covid-5859407_800x450.jpg?fit=800%2C450&ssl=1&resize=350%2C200","width":350,"height":200,"srcset":"https:\/\/i0.wp.com\/www.freidenker.org\/fw17\/wp-content\/uploads\/2025\/09\/covid-5859407_800x450.jpg?fit=800%2C450&ssl=1&resize=350%2C200 1x, https:\/\/i0.wp.com\/www.freidenker.org\/fw17\/wp-content\/uploads\/2025\/09\/covid-5859407_800x450.jpg?fit=800%2C450&ssl=1&resize=525%2C300 1.5x, https:\/\/i0.wp.com\/www.freidenker.org\/fw17\/wp-content\/uploads\/2025\/09\/covid-5859407_800x450.jpg?fit=800%2C450&ssl=1&resize=700%2C400 2x"},"classes":[]},{"id":8757,"url":"https:\/\/www.freidenker.org\/?p=8757","url_meta":{"origin":11912,"position":1},"title":"Corona \u2013 Ein Geschenk des Himmels f\u00fcr die Finanzelite","author":"Webredaktion","date":"6. Oktober 2020","format":false,"excerpt":"Kommentar von Rainer Rupp Nicht nur in Deutschland, sondern auch in der EU und in den USA erschrecken aktuell die m\u00e4chtigen Entscheider wieder die Bev\u00f6lkerung mit neuen Hiobsbotschaften \u00fcber eine zweite Corona-Welle. \u201eWeltweit eine Million COVID-19 Todesf\u00e4lle\u201c lauteten die Balken\u00fcberschriften in den letzten Tagen. Weltweit seien inzwischen 33 Millionen Menschen\u2026","rel":"","context":"In &quot;Arbeit &amp; Soziales&quot;","block_context":{"text":"Arbeit &amp; Soziales","link":"https:\/\/www.freidenker.org\/?cat=11"},"img":{"alt_text":"","src":"https:\/\/i0.wp.com\/www.freidenker.org\/fw17\/wp-content\/uploads\/2020\/10\/corona_boerse-4880802_800x450.jpg?fit=800%2C450&ssl=1&resize=350%2C200","width":350,"height":200,"srcset":"https:\/\/i0.wp.com\/www.freidenker.org\/fw17\/wp-content\/uploads\/2020\/10\/corona_boerse-4880802_800x450.jpg?fit=800%2C450&ssl=1&resize=350%2C200 1x, https:\/\/i0.wp.com\/www.freidenker.org\/fw17\/wp-content\/uploads\/2020\/10\/corona_boerse-4880802_800x450.jpg?fit=800%2C450&ssl=1&resize=525%2C300 1.5x, https:\/\/i0.wp.com\/www.freidenker.org\/fw17\/wp-content\/uploads\/2020\/10\/corona_boerse-4880802_800x450.jpg?fit=800%2C450&ssl=1&resize=700%2C400 2x"},"classes":[]},{"id":18566,"url":"https:\/\/www.freidenker.org\/?p=18566","url_meta":{"origin":11912,"position":2},"title":"Corona-Risikobewertung wurde politisch k\u00fcnstlich &#8222;hochskaliert&#8220;","author":"Webredaktion","date":"20. M\u00e4rz 2024","format":false,"excerpt":"Beitrag von Bernhard Loyen Es finden sich weiterhin unterschiedliche Gruppierungen von B\u00fcrgern, was das\u00a0Thema Corona-Aufarbeitung und R\u00fcckbetrachtung betrifft. Der giftige Corona-Spaltpilz bl\u00fcht weiterhin in den Fugen der Gesellschaft. Dazu mehr am Ende des Artikels. Diese Betrachtung erfolgt rund ein Jahr nachdem der unantastbare und skrupellose Karl Lauterbach\u00a0Anfang April 2023 vollkommen\u2026","rel":"","context":"In &quot;Demokratie \u2013 Medien \u2013 Aufkl\u00e4rung&quot;","block_context":{"text":"Demokratie \u2013 Medien \u2013 Aufkl\u00e4rung","link":"https:\/\/www.freidenker.org\/?cat=12"},"img":{"alt_text":"","src":"https:\/\/i0.wp.com\/www.freidenker.org\/fw17\/wp-content\/uploads\/2024\/03\/Spahn-Karikatur_800x450.jpg?fit=800%2C450&ssl=1&resize=350%2C200","width":350,"height":200,"srcset":"https:\/\/i0.wp.com\/www.freidenker.org\/fw17\/wp-content\/uploads\/2024\/03\/Spahn-Karikatur_800x450.jpg?fit=800%2C450&ssl=1&resize=350%2C200 1x, https:\/\/i0.wp.com\/www.freidenker.org\/fw17\/wp-content\/uploads\/2024\/03\/Spahn-Karikatur_800x450.jpg?fit=800%2C450&ssl=1&resize=525%2C300 1.5x, https:\/\/i0.wp.com\/www.freidenker.org\/fw17\/wp-content\/uploads\/2024\/03\/Spahn-Karikatur_800x450.jpg?fit=800%2C450&ssl=1&resize=700%2C400 2x"},"classes":[]},{"id":8594,"url":"https:\/\/www.freidenker.org\/?p=8594","url_meta":{"origin":11912,"position":3},"title":"Die totalit\u00e4re \u201eNeue Normalit\u00e4t\u201c","author":"Webredaktion","date":"10. September 2020","format":false,"excerpt":"Kommentar von Rainer Rupp Selbst vielen Gegnern der Demonstration und Massenkundgebung der Querdenker in Berlin vom 29. August gehen die giftigen, pauschalen Verurteilungen dieser aus allen Schichten der Bev\u00f6lkerung entstandenen Opposition durch die selbstgef\u00e4lligen Politiker der etablierten Parteien zu weit. Das zeigte sich in den vielen hastig organisierten Talk-Runden, die\u2026","rel":"","context":"In &quot;Demokratie \u2013 Medien \u2013 Aufkl\u00e4rung&quot;","block_context":{"text":"Demokratie \u2013 Medien \u2013 Aufkl\u00e4rung","link":"https:\/\/www.freidenker.org\/?cat=12"},"img":{"alt_text":"","src":"https:\/\/i0.wp.com\/www.freidenker.org\/fw17\/wp-content\/uploads\/2020\/09\/Conspiracy_theorist_protest_Berlin_2020-08-01_53_800x450.jpg?fit=800%2C450&ssl=1&resize=350%2C200","width":350,"height":200,"srcset":"https:\/\/i0.wp.com\/www.freidenker.org\/fw17\/wp-content\/uploads\/2020\/09\/Conspiracy_theorist_protest_Berlin_2020-08-01_53_800x450.jpg?fit=800%2C450&ssl=1&resize=350%2C200 1x, https:\/\/i0.wp.com\/www.freidenker.org\/fw17\/wp-content\/uploads\/2020\/09\/Conspiracy_theorist_protest_Berlin_2020-08-01_53_800x450.jpg?fit=800%2C450&ssl=1&resize=525%2C300 1.5x, https:\/\/i0.wp.com\/www.freidenker.org\/fw17\/wp-content\/uploads\/2020\/09\/Conspiracy_theorist_protest_Berlin_2020-08-01_53_800x450.jpg?fit=800%2C450&ssl=1&resize=700%2C400 2x"},"classes":[]},{"id":8153,"url":"https:\/\/www.freidenker.org\/?p=8153","url_meta":{"origin":11912,"position":4},"title":"Corona: Das gro\u00dfe Verwirrspiel","author":"Webredaktion","date":"25. Mai 2020","format":false,"excerpt":"In der Rubrik Tagesdosis wurde am 22.05.2020 bei KenFM der Beitrag \u201eCorona: Das gro\u00dfe Verwirrspiel\u201c von Rainer Rupp, Mitglied des Beirats des Deutschen Freidenker-Verbandes, ver\u00f6ffentlicht. Nach fast f\u00fcnf Monaten Corona-Erfahrung in Deutschland ... bin ich als aufmerksamer Beobachter der Szene heute genauso verwirrt wie zu Beginn des Jahres, allerdings jetzt\u2026","rel":"","context":"In &quot;Arbeit &amp; Soziales&quot;","block_context":{"text":"Arbeit &amp; Soziales","link":"https:\/\/www.freidenker.org\/?cat=11"},"img":{"alt_text":"","src":"https:\/\/i0.wp.com\/www.freidenker.org\/fw17\/wp-content\/uploads\/2020\/05\/KenFM-Covid19_800x450.jpg?fit=800%2C450&ssl=1&resize=350%2C200","width":350,"height":200,"srcset":"https:\/\/i0.wp.com\/www.freidenker.org\/fw17\/wp-content\/uploads\/2020\/05\/KenFM-Covid19_800x450.jpg?fit=800%2C450&ssl=1&resize=350%2C200 1x, https:\/\/i0.wp.com\/www.freidenker.org\/fw17\/wp-content\/uploads\/2020\/05\/KenFM-Covid19_800x450.jpg?fit=800%2C450&ssl=1&resize=525%2C300 1.5x, https:\/\/i0.wp.com\/www.freidenker.org\/fw17\/wp-content\/uploads\/2020\/05\/KenFM-Covid19_800x450.jpg?fit=800%2C450&ssl=1&resize=700%2C400 2x"},"classes":[]},{"id":21489,"url":"https:\/\/www.freidenker.org\/?p=21489","url_meta":{"origin":11912,"position":5},"title":"Logik des Wahnsinns","author":"Webredaktion","date":"16. April 2025","format":false,"excerpt":"Ersatz-NATO unter deutscher F\u00fchrung Beitrag von Uli Gellermann Wer aufgeatmet hatte, als sich die USA aus der aktuellen F\u00fchrung der NATO zur\u00fcckzog, wer dachte, die NATO als Instrument des Krieges und der Unterdr\u00fcckung sei am Ende, der sieht sich heute get\u00e4uscht: Die alten Imperien, Gro\u00dfbritannien und Deutschland, haben das Kommando\u2026","rel":"","context":"In &quot;Demokratie \u2013 Medien \u2013 Aufkl\u00e4rung&quot;","block_context":{"text":"Demokratie \u2013 Medien \u2013 Aufkl\u00e4rung","link":"https:\/\/www.freidenker.org\/?cat=12"},"img":{"alt_text":"","src":"https:\/\/i0.wp.com\/www.freidenker.org\/fw17\/wp-content\/uploads\/2025\/04\/Pistorius_250212-D-PM193-1443_54323788015_800x450.jpg?fit=800%2C450&ssl=1&resize=350%2C200","width":350,"height":200,"srcset":"https:\/\/i0.wp.com\/www.freidenker.org\/fw17\/wp-content\/uploads\/2025\/04\/Pistorius_250212-D-PM193-1443_54323788015_800x450.jpg?fit=800%2C450&ssl=1&resize=350%2C200 1x, https:\/\/i0.wp.com\/www.freidenker.org\/fw17\/wp-content\/uploads\/2025\/04\/Pistorius_250212-D-PM193-1443_54323788015_800x450.jpg?fit=800%2C450&ssl=1&resize=525%2C300 1.5x, https:\/\/i0.wp.com\/www.freidenker.org\/fw17\/wp-content\/uploads\/2025\/04\/Pistorius_250212-D-PM193-1443_54323788015_800x450.jpg?fit=800%2C450&ssl=1&resize=700%2C400 2x"},"classes":[]}],"_links":{"self":[{"href":"https:\/\/www.freidenker.org\/index.php?rest_route=\/wp\/v2\/posts\/11912","targetHints":{"allow":["GET"]}}],"collection":[{"href":"https:\/\/www.freidenker.org\/index.php?rest_route=\/wp\/v2\/posts"}],"about":[{"href":"https:\/\/www.freidenker.org\/index.php?rest_route=\/wp\/v2\/types\/post"}],"author":[{"embeddable":true,"href":"https:\/\/www.freidenker.org\/index.php?rest_route=\/wp\/v2\/users\/3"}],"replies":[{"embeddable":true,"href":"https:\/\/www.freidenker.org\/index.php?rest_route=%2Fwp%2Fv2%2Fcomments&post=11912"}],"version-history":[{"count":0,"href":"https:\/\/www.freidenker.org\/index.php?rest_route=\/wp\/v2\/posts\/11912\/revisions"}],"wp:featuredmedia":[{"embeddable":true,"href":"https:\/\/www.freidenker.org\/index.php?rest_route=\/wp\/v2\/media\/11922"}],"wp:attachment":[{"href":"https:\/\/www.freidenker.org\/index.php?rest_route=%2Fwp%2Fv2%2Fmedia&parent=11912"}],"wp:term":[{"taxonomy":"category","embeddable":true,"href":"https:\/\/www.freidenker.org\/index.php?rest_route=%2Fwp%2Fv2%2Fcategories&post=11912"},{"taxonomy":"post_tag","embeddable":true,"href":"https:\/\/www.freidenker.org\/index.php?rest_route=%2Fwp%2Fv2%2Ftags&post=11912"}],"curies":[{"name":"wp","href":"https:\/\/api.w.org\/{rel}","templated":true}]}}