{"id":11872,"date":"2021-12-27T02:15:05","date_gmt":"2021-12-27T01:15:05","guid":{"rendered":"https:\/\/www.freidenker.org\/?p=11872"},"modified":"2023-03-13T01:38:54","modified_gmt":"2023-03-13T00:38:54","slug":"freidenker-nr-4-21-identitaet-differenz-kollektiv","status":"publish","type":"post","link":"https:\/\/www.freidenker.org\/?p=11872","title":{"rendered":"FREIDENKER Nr. 4-21 \u2013 Identit\u00e4t &#8211; Differenz &#8211; Kollektiv"},"content":{"rendered":"<p>FREIDENKER Nr. 4-21 , Dezember 2021, 80. Jahrgang<\/p>\n<h5>Identit\u00e4t &#8211; Differenz &#8211; Kollektiv<\/h5>\n<p>Inhalt:<\/p>\n<p><strong>Editorial<\/strong><\/p>\n<p><strong>Thema<\/strong><\/p>\n<ul>\n<li>Pablo Graubner<br \/>\n<a href=\"https:\/\/www.freidenker.org\/?p=11892\">Identit\u00e4t und Klassenidentit\u00e4t<\/a><br \/>\n(<img data-recalc-dims=\"1\" loading=\"lazy\" decoding=\"async\" data-attachment-id=\"1072\" data-permalink=\"https:\/\/www.freidenker.org\/?attachment_id=1072\" data-orig-file=\"https:\/\/i0.wp.com\/www.freidenker.org\/fw17\/wp-content\/uploads\/2017\/10\/pdf_icon-e1509487447542.png?fit=16%2C16&amp;ssl=1\" data-orig-size=\"16,16\" data-comments-opened=\"0\" data-image-meta=\"{&quot;aperture&quot;:&quot;0&quot;,&quot;credit&quot;:&quot;&quot;,&quot;camera&quot;:&quot;&quot;,&quot;caption&quot;:&quot;&quot;,&quot;created_timestamp&quot;:&quot;0&quot;,&quot;copyright&quot;:&quot;&quot;,&quot;focal_length&quot;:&quot;0&quot;,&quot;iso&quot;:&quot;0&quot;,&quot;shutter_speed&quot;:&quot;0&quot;,&quot;title&quot;:&quot;&quot;,&quot;orientation&quot;:&quot;0&quot;}\" data-image-title=\"pdf_icon_16\" data-image-description=\"\" data-image-caption=\"\" data-large-file=\"https:\/\/i0.wp.com\/www.freidenker.org\/fw17\/wp-content\/uploads\/2017\/10\/pdf_icon-e1509487447542.png?fit=16%2C16&amp;ssl=1\" class=\"alignnone size-full wp-image-1072\" src=\"https:\/\/i0.wp.com\/www.freidenker.org\/fw17\/wp-content\/uploads\/2017\/10\/pdf_icon-e1509487447542.png?resize=16%2C16&#038;ssl=1\" alt=\"\" width=\"16\" height=\"16\" \/> <a href=\"https:\/\/www.freidenker.org\/fw17\/wp-content\/uploads\/2021\/12\/Freidenker_2021-04_Graubner_IdentitaetUndKlassenidentitaet.pdf\" target=\"_blank\" rel=\"noopener\">PDF-Dokument<\/a>, ca. 335 KB)<\/li>\n<li>Matthias Burchardt<br \/>\n<a href=\"https:\/\/www.freidenker.org\/?p=11894\">Angriffe auf den gesellschaftlichen Zusammenhalt<\/a><br \/>\n(<img data-recalc-dims=\"1\" loading=\"lazy\" decoding=\"async\" data-attachment-id=\"1072\" data-permalink=\"https:\/\/www.freidenker.org\/?attachment_id=1072\" data-orig-file=\"https:\/\/i0.wp.com\/www.freidenker.org\/fw17\/wp-content\/uploads\/2017\/10\/pdf_icon-e1509487447542.png?fit=16%2C16&amp;ssl=1\" data-orig-size=\"16,16\" data-comments-opened=\"0\" data-image-meta=\"{&quot;aperture&quot;:&quot;0&quot;,&quot;credit&quot;:&quot;&quot;,&quot;camera&quot;:&quot;&quot;,&quot;caption&quot;:&quot;&quot;,&quot;created_timestamp&quot;:&quot;0&quot;,&quot;copyright&quot;:&quot;&quot;,&quot;focal_length&quot;:&quot;0&quot;,&quot;iso&quot;:&quot;0&quot;,&quot;shutter_speed&quot;:&quot;0&quot;,&quot;title&quot;:&quot;&quot;,&quot;orientation&quot;:&quot;0&quot;}\" data-image-title=\"pdf_icon_16\" data-image-description=\"\" data-image-caption=\"\" data-large-file=\"https:\/\/i0.wp.com\/www.freidenker.org\/fw17\/wp-content\/uploads\/2017\/10\/pdf_icon-e1509487447542.png?fit=16%2C16&amp;ssl=1\" class=\"alignnone size-full wp-image-1072\" src=\"https:\/\/i0.wp.com\/www.freidenker.org\/fw17\/wp-content\/uploads\/2017\/10\/pdf_icon-e1509487447542.png?resize=16%2C16&#038;ssl=1\" alt=\"\" width=\"16\" height=\"16\" \/> <a href=\"https:\/\/www.freidenker.org\/fw17\/wp-content\/uploads\/2021\/12\/Freidenker_2021-04_Burchardt-AngriffeAufDenGesellschaftlichenZusammenhalt.pdf\" target=\"_blank\" rel=\"noopener\">PDF-Dokument<\/a>, ca. 308 KB)<\/li>\n<li>Diana Johnstone<br \/>\nMit \u201eVielfalt\u201d gegen Gleichheit<\/li>\n<li>Doris und George Pumphrey<br \/>\n\u201eBlack Lives Matter\u201c und andere \u201ewoke\u201c trojanische Pferde<\/li>\n<li>Chris Hedges<br \/>\nCancel Culture<\/li>\n<li>Helga H\u00f6rz<br \/>\nMenschenbilder als widerspr\u00fcchliche Handlungsoptionen<\/li>\n<\/ul>\n<p><strong>Meldungen, Meinungen<\/strong><\/p>\n<ul>\n<li>Artur Leier<br \/>\nGr\u00fcne Au\u00dfenpolitik schadet den Deutsch-Chinesischen Beziehungen<\/li>\n<\/ul>\n<p><strong>Chronik<\/strong><\/p>\n<ul>\n<li>Verbandsvorstand<\/li>\n<li><a href=\"https:\/\/www.freidenker.org\/?p=11534\">Austritt des Deutschen Freidenker-Verbandes aus dem \u201eZentralrat der Konfessionsfreien\u201c (vorm. KORSO)<\/a><\/li>\n<li><a href=\"https:\/\/www.freidenker.org\/?p=11598\">Ende der Staatsleistungen an die Kirchen jetzt<\/a><\/li>\n<li><a href=\"https:\/\/www.freidenker.org\/?p=11785\">Neue Regierung \u2013 Neustart der Kampagne \u201eNATO raus!\u201c<\/a><\/li>\n<li><a href=\"https:\/\/www.freidenker.org\/?p=11690\">Protest gegen Angriff auf Th\u00e4lmann<\/a><\/li>\n<\/ul>\n<p><img data-recalc-dims=\"1\" loading=\"lazy\" decoding=\"async\" data-attachment-id=\"11873\" data-permalink=\"https:\/\/www.freidenker.org\/?attachment_id=11873\" data-orig-file=\"https:\/\/i0.wp.com\/www.freidenker.org\/fw17\/wp-content\/uploads\/2021\/12\/fd_2021-04.jpg?fit=455%2C642&amp;ssl=1\" data-orig-size=\"455,642\" data-comments-opened=\"0\" data-image-meta=\"{&quot;aperture&quot;:&quot;0&quot;,&quot;credit&quot;:&quot;&quot;,&quot;camera&quot;:&quot;&quot;,&quot;caption&quot;:&quot;&quot;,&quot;created_timestamp&quot;:&quot;0&quot;,&quot;copyright&quot;:&quot;&quot;,&quot;focal_length&quot;:&quot;0&quot;,&quot;iso&quot;:&quot;0&quot;,&quot;shutter_speed&quot;:&quot;0&quot;,&quot;title&quot;:&quot;&quot;,&quot;orientation&quot;:&quot;1&quot;}\" data-image-title=\"fd_2021-04\" data-image-description=\"\" data-image-caption=\"\" data-large-file=\"https:\/\/i0.wp.com\/www.freidenker.org\/fw17\/wp-content\/uploads\/2021\/12\/fd_2021-04.jpg?fit=455%2C642&amp;ssl=1\" class=\"alignnone wp-image-11873 size-full\" src=\"https:\/\/i0.wp.com\/www.freidenker.org\/fw17\/wp-content\/uploads\/2021\/12\/fd_2021-04.jpg?resize=455%2C642&#038;ssl=1\" alt=\"\" width=\"455\" height=\"642\" srcset=\"https:\/\/i0.wp.com\/www.freidenker.org\/fw17\/wp-content\/uploads\/2021\/12\/fd_2021-04.jpg?w=455&amp;ssl=1 455w, https:\/\/i0.wp.com\/www.freidenker.org\/fw17\/wp-content\/uploads\/2021\/12\/fd_2021-04.jpg?resize=213%2C300&amp;ssl=1 213w\" sizes=\"auto, (max-width: 455px) 100vw, 455px\" \/><\/p>\n<hr \/>\n<p><strong>Online-Ausgabe:<\/strong><\/p>\n<p>Das Heft kann hier als PDF-Dokument angesehen und heruntergeladen werden:<\/p>\n<p><img loading=\"lazy\" decoding=\"async\" data-attachment-id=\"1076\" data-permalink=\"https:\/\/www.freidenker.org\/?attachment_id=1076\" data-orig-file=\"https:\/\/i0.wp.com\/www.freidenker.org\/fw17\/wp-content\/uploads\/2017\/10\/pdf_icon-2.png?fit=32%2C32&amp;ssl=1\" data-orig-size=\"32,32\" data-comments-opened=\"0\" data-image-meta=\"{&quot;aperture&quot;:&quot;0&quot;,&quot;credit&quot;:&quot;&quot;,&quot;camera&quot;:&quot;&quot;,&quot;caption&quot;:&quot;&quot;,&quot;created_timestamp&quot;:&quot;0&quot;,&quot;copyright&quot;:&quot;&quot;,&quot;focal_length&quot;:&quot;0&quot;,&quot;iso&quot;:&quot;0&quot;,&quot;shutter_speed&quot;:&quot;0&quot;,&quot;title&quot;:&quot;&quot;,&quot;orientation&quot;:&quot;0&quot;}\" data-image-title=\"pdf_icon\" data-image-description=\"\" data-image-caption=\"\" data-large-file=\"https:\/\/i0.wp.com\/www.freidenker.org\/fw17\/wp-content\/uploads\/2017\/10\/pdf_icon-2.png?fit=32%2C32&amp;ssl=1\" class=\"alignnone size-full wp-image-1076\" src=\"https:\/\/i0.wp.com\/www.freidenker.org\/fw17\/wp-content\/uploads\/2017\/10\/pdf_icon-2.png?resize=32%2C32&amp;ssl=1\" alt=\"\" width=\"32\" height=\"32\" data-attachment-id=\"1076\" data-permalink=\"https:\/\/www.freidenker.org\/?attachment_id=1076\" data-orig-file=\"https:\/\/i0.wp.com\/www.freidenker.org\/fw17\/wp-content\/uploads\/2017\/10\/pdf_icon-2.png?fit=32%2C32&amp;ssl=1\" data-orig-size=\"32,32\" data-comments-opened=\"0\" data-image-meta=\"{&quot;aperture&quot;:&quot;0&quot;,&quot;credit&quot;:&quot;&quot;,&quot;camera&quot;:&quot;&quot;,&quot;caption&quot;:&quot;&quot;,&quot;created_timestamp&quot;:&quot;0&quot;,&quot;copyright&quot;:&quot;&quot;,&quot;focal_length&quot;:&quot;0&quot;,&quot;iso&quot;:&quot;0&quot;,&quot;shutter_speed&quot;:&quot;0&quot;,&quot;title&quot;:&quot;&quot;,&quot;orientation&quot;:&quot;0&quot;}\" data-image-title=\"pdf_icon\" data-image-description=\"\" data-image-caption=\"\" data-medium-file=\"https:\/\/i0.wp.com\/www.freidenker.org\/fw17\/wp-content\/uploads\/2017\/10\/pdf_icon-2.png?fit=32%2C32&amp;ssl=1\" data-large-file=\"https:\/\/i0.wp.com\/www.freidenker.org\/fw17\/wp-content\/uploads\/2017\/10\/pdf_icon-2.png?fit=32%2C32&amp;ssl=1\" data-recalc-dims=\"1\" \/>\u00a0<a href=\"https:\/\/www.freidenker.org\/fw17\/wp-content\/uploads\/2023\/03\/Freidenker_2021-04_online.pdf\" target=\"_blank\" rel=\"noopener\">Verbandsorgan FREIDENKER 4-21 im PDF-Format<\/a> (ca. 3,1 MB)<\/p>\n<p>Zum\u00a0<a href=\"https:\/\/www.freidenker.org\/?page_id=1682\">\u00dcberblick \u00fcber alle Online-Ausgaben<\/a><\/p>\n<p>&nbsp;<\/p>\n","protected":false},"excerpt":{"rendered":"<p><b>Die Ausgabe 4-21 des Verbandsorgans FREIDENKER hat das Schwerpunkt-Thema \u201eIdentit\u00e4t &#8211; Differenz &#8211; Kollektiv\u201c und enth\u00e4lt u.a. folgende Beitr\u00e4ge:<\/b><br \/>\n\u2013 Pablo Graubner: Identit\u00e4t und Klassenidentit\u00e4t<br \/>\n&#8211; Matthias Burchardt: Angriffe auf den gesellschaftlichen Zusammenhalt<br \/>\n&#8211; Diana Johnstone: Mit \u201eVielfalt\u201d gegen Gleichheit<br \/>\n&#8211; Doris und George Pumphrey: \u201eBlack Lives Matter\u201c und andere \u201ewoke\u201c trojanische Pferde<br \/>\n&#8211; Chris Hedges: Cancel Culture<br \/>\n&#8211; Helga H\u00f6rz: Menschenbilder als widerspr\u00fcchliche Handlungsoptionen<\/p>\n","protected":false},"author":3,"featured_media":11874,"comment_status":"closed","ping_status":"closed","sticky":false,"template":"","format":"standard","meta":{"colormag_page_container_layout":"default_layout","colormag_page_sidebar_layout":"default_layout","advanced_seo_description":"","jetpack_seo_html_title":"","jetpack_seo_noindex":false,"jetpack_post_was_ever_published":false,"footnotes":""},"categories":[8],"tags":[1307,1470,1052,883,1467,1468,1469,832,1472,1471],"class_list":["post-11872","post","type-post","status-publish","format-standard","has-post-thumbnail","hentry","category-verbandsorgan-freidenker","tag-black-lives-matter","tag-entsolidarisierung","tag-genderismus","tag-gesellschaft","tag-identitaet","tag-individuum","tag-klassenidentitaet","tag-menschenwuerde","tag-selbstbestimmung","tag-sexualitaet"],"jetpack_featured_media_url":"https:\/\/i0.wp.com\/www.freidenker.org\/fw17\/wp-content\/uploads\/2021\/12\/FD_2021-04_Titel_mR.jpg?fit=800%2C445&ssl=1","jetpack_shortlink":"https:\/\/wp.me\/p9stpK-35u","jetpack-related-posts":[{"id":11894,"url":"https:\/\/www.freidenker.org\/?p=11894","url_meta":{"origin":11872,"position":0},"title":"Angriffe auf den gesellschaftlichen Zusammenhalt","author":"Webredaktion","date":"28. Dezember 2021","format":false,"excerpt":"Beitrag von Matthias Burchardt aus FREIDENKER 4-21 Die von links wie rechts gesch\u00fcrten \u201eIdenti\u00adt\u00e4tsillusionen\u201c zerst\u00f6ren das, was Gesellschaft ausmacht. Auf den ersten Blick scheinen Welten zwi\u00adschen dem v\u00f6lkischen Konzept der Identi\u00adt\u00e4ren Rechten und der Wertsch\u00e4tzung von Vielfalt in der linken Identit\u00e4tspolitik zu lie\u00adgen. Dennoch gibt es bedenkliche Gemein\u00adsamkeiten: Beide Identit\u00e4tsmodelle\u2026","rel":"","context":"In &quot;Weltanschauung &amp; Philosophie&quot;","block_context":{"text":"Weltanschauung &amp; Philosophie","link":"https:\/\/www.freidenker.org\/?cat=16"},"img":{"alt_text":"","src":"https:\/\/i0.wp.com\/www.freidenker.org\/fw17\/wp-content\/uploads\/2021\/12\/PEGIDA_DEMO_DRESDEN_5_JAN_2015_800x450.jpg?fit=800%2C450&ssl=1&resize=350%2C200","width":350,"height":200,"srcset":"https:\/\/i0.wp.com\/www.freidenker.org\/fw17\/wp-content\/uploads\/2021\/12\/PEGIDA_DEMO_DRESDEN_5_JAN_2015_800x450.jpg?fit=800%2C450&ssl=1&resize=350%2C200 1x, https:\/\/i0.wp.com\/www.freidenker.org\/fw17\/wp-content\/uploads\/2021\/12\/PEGIDA_DEMO_DRESDEN_5_JAN_2015_800x450.jpg?fit=800%2C450&ssl=1&resize=525%2C300 1.5x, https:\/\/i0.wp.com\/www.freidenker.org\/fw17\/wp-content\/uploads\/2021\/12\/PEGIDA_DEMO_DRESDEN_5_JAN_2015_800x450.jpg?fit=800%2C450&ssl=1&resize=700%2C400 2x"},"classes":[]},{"id":11892,"url":"https:\/\/www.freidenker.org\/?p=11892","url_meta":{"origin":11872,"position":1},"title":"Identit\u00e4t und Klassenidentit\u00e4t","author":"Webredaktion","date":"28. Dezember 2021","format":false,"excerpt":"Beitrag von Pablo Graubner aus FREIDENKER 4-21 Kaum ein Begriff wurde in sozial\u00adwissen\u00adschaftlichen und politischen Debatten der letzten Jahre so h\u00e4ufig gebraucht wie der Identit\u00e4tsbegriff. Dabei ist der Begriff als solcher gar nicht einfach zu fassen, hat er sich doch historisch entwickelt und ist \u2013 wie es f\u00fcr die meisten\u2026","rel":"","context":"In &quot;Weltanschauung &amp; Philosophie&quot;","block_context":{"text":"Weltanschauung &amp; Philosophie","link":"https:\/\/www.freidenker.org\/?cat=16"},"img":{"alt_text":"","src":"https:\/\/i0.wp.com\/www.freidenker.org\/fw17\/wp-content\/uploads\/2021\/12\/Kulturpalast_Dresden-Mosaik_version_a_800x450.jpg?fit=800%2C450&ssl=1&resize=350%2C200","width":350,"height":200,"srcset":"https:\/\/i0.wp.com\/www.freidenker.org\/fw17\/wp-content\/uploads\/2021\/12\/Kulturpalast_Dresden-Mosaik_version_a_800x450.jpg?fit=800%2C450&ssl=1&resize=350%2C200 1x, https:\/\/i0.wp.com\/www.freidenker.org\/fw17\/wp-content\/uploads\/2021\/12\/Kulturpalast_Dresden-Mosaik_version_a_800x450.jpg?fit=800%2C450&ssl=1&resize=525%2C300 1.5x, https:\/\/i0.wp.com\/www.freidenker.org\/fw17\/wp-content\/uploads\/2021\/12\/Kulturpalast_Dresden-Mosaik_version_a_800x450.jpg?fit=800%2C450&ssl=1&resize=700%2C400 2x"},"classes":[]},{"id":8677,"url":"https:\/\/www.freidenker.org\/?p=8677","url_meta":{"origin":11872,"position":2},"title":"FREIDENKER 3-20 \u2013 Armut &#8211; Reichtum","author":"Webredaktion","date":"24. September 2020","format":false,"excerpt":"Die Ausgabe 3-20 des Verbandsorgans FREIDENKER hat das Schwerpunkt-Thema \u201eArmut-Reichtum\u201c und enth\u00e4lt u.a. folgende Beitr\u00e4ge: - Klaus Hartmann: \u201eIm reichen Deutschland \u2026\u201c - Christoph Butterwegge: Reichtum als Ergebnis der materiellen Ungleichheit und als Problem f\u00fcr die Gesellschaft - Pablo Graubner: Corona: Brandbeschleuniger f\u00fcr die Klassengesellschaft - Werner R\u00fcgemer: Deutschland: F\u00fchrender\u2026","rel":"","context":"In &quot;Verbandsorgan FREIDENKER&quot;","block_context":{"text":"Verbandsorgan FREIDENKER","link":"https:\/\/www.freidenker.org\/?cat=8"},"img":{"alt_text":"","src":"https:\/\/i0.wp.com\/www.freidenker.org\/fw17\/wp-content\/uploads\/2020\/09\/FD_2020-03_Titel_mR.jpg?fit=800%2C445&ssl=1&resize=350%2C200","width":350,"height":200,"srcset":"https:\/\/i0.wp.com\/www.freidenker.org\/fw17\/wp-content\/uploads\/2020\/09\/FD_2020-03_Titel_mR.jpg?fit=800%2C445&ssl=1&resize=350%2C200 1x, https:\/\/i0.wp.com\/www.freidenker.org\/fw17\/wp-content\/uploads\/2020\/09\/FD_2020-03_Titel_mR.jpg?fit=800%2C445&ssl=1&resize=525%2C300 1.5x, https:\/\/i0.wp.com\/www.freidenker.org\/fw17\/wp-content\/uploads\/2020\/09\/FD_2020-03_Titel_mR.jpg?fit=800%2C445&ssl=1&resize=700%2C400 2x"},"classes":[]},{"id":5807,"url":"https:\/\/www.freidenker.org\/?p=5807","url_meta":{"origin":11872,"position":3},"title":"Gedenkfeier: 75. Jahrestag der Ermordung von Max Sievers","author":"Webredaktion","date":"30. Januar 2019","format":false,"excerpt":"Am 17.01.2019 trafen sich Mitglieder und Freunde des Freidenkerverbandes auf dem auf dem Urnenfriedhof Berlin-Wedding, um des vor 75 Jahren ermordeten Vorsitzenden des Deutschen Freidenker-Verbandes zu gedenken. Klaus Hartmann, Bundesvorsitzender des Verbandes, wies darauf hin, dass Verfolgung und antifaschistischer Widerstand der Freidenker die Identit\u00e4t des Verbandes bis heute und dauerhaft\u2026","rel":"","context":"In &quot;Geschichte&quot;","block_context":{"text":"Geschichte","link":"https:\/\/www.freidenker.org\/?cat=1162"},"img":{"alt_text":"","src":"https:\/\/i0.wp.com\/www.freidenker.org\/fw17\/wp-content\/uploads\/2019\/01\/Ehrung_Sievers_2019_Gebinde.jpg?fit=800%2C450&ssl=1&resize=350%2C200","width":350,"height":200,"srcset":"https:\/\/i0.wp.com\/www.freidenker.org\/fw17\/wp-content\/uploads\/2019\/01\/Ehrung_Sievers_2019_Gebinde.jpg?fit=800%2C450&ssl=1&resize=350%2C200 1x, https:\/\/i0.wp.com\/www.freidenker.org\/fw17\/wp-content\/uploads\/2019\/01\/Ehrung_Sievers_2019_Gebinde.jpg?fit=800%2C450&ssl=1&resize=525%2C300 1.5x, https:\/\/i0.wp.com\/www.freidenker.org\/fw17\/wp-content\/uploads\/2019\/01\/Ehrung_Sievers_2019_Gebinde.jpg?fit=800%2C450&ssl=1&resize=700%2C400 2x"},"classes":[]},{"id":14606,"url":"https:\/\/www.freidenker.org\/?p=14606","url_meta":{"origin":11872,"position":4},"title":"Der Mensch ohne Identit\u00e4t\u2026","author":"Webredaktion","date":"5. November 2022","format":false,"excerpt":"Beitrag von\u00a0Gregor Gasse \u00a0Der Mensch ohne Identit\u00e4t ist der Mensch \/ der im Licht der \u00d6ffentlichkeit steht \/ der nicht nach Selbsterkenntnis \/ sondern nach Macht und Aufwertung strebt \/ weil er ohne inneren Kern lebt \/ in einem untrennbaren Bezug zum Gegen\u00fcber steht \/ was er als Entwertung seiner\u2026","rel":"","context":"In &quot;Weltanschauung &amp; Philosophie&quot;","block_context":{"text":"Weltanschauung &amp; Philosophie","link":"https:\/\/www.freidenker.org\/?cat=16"},"img":{"alt_text":"","src":"https:\/\/i0.wp.com\/www.freidenker.org\/fw17\/wp-content\/uploads\/2022\/11\/man-2877135_800x450.jpg?fit=800%2C450&ssl=1&resize=350%2C200","width":350,"height":200,"srcset":"https:\/\/i0.wp.com\/www.freidenker.org\/fw17\/wp-content\/uploads\/2022\/11\/man-2877135_800x450.jpg?fit=800%2C450&ssl=1&resize=350%2C200 1x, https:\/\/i0.wp.com\/www.freidenker.org\/fw17\/wp-content\/uploads\/2022\/11\/man-2877135_800x450.jpg?fit=800%2C450&ssl=1&resize=525%2C300 1.5x, https:\/\/i0.wp.com\/www.freidenker.org\/fw17\/wp-content\/uploads\/2022\/11\/man-2877135_800x450.jpg?fit=800%2C450&ssl=1&resize=700%2C400 2x"},"classes":[]},{"id":6775,"url":"https:\/\/www.freidenker.org\/?p=6775","url_meta":{"origin":11872,"position":5},"title":"Jetzt auch Kohlekraftwerke und Klimawandel antisemitisch?","author":"Webredaktion","date":"28. Juli 2019","format":false,"excerpt":"Beitrag von Sebastian Bahlo Dass es in Deutschland auf Bundes- und L\u00e4nderebene offizielle \u201eAntisemitismus-Beauftragte\u201c gibt, kann schon an sich als rassistische Praxis angesehen werden. Solange es n\u00e4mlich nicht auch gleichwertige Beauftragte f\u00fcr weitaus wichtigere Formen des Rassismus in Deutschland gibt, wird damit implizit verk\u00fcndet, dass Juden f\u00fcr den Staat als\u2026","rel":"","context":"In &quot;Zeit der Verleumder - Freidenker f\u00fcr Klartext&quot;","block_context":{"text":"Zeit der Verleumder - Freidenker f\u00fcr Klartext","link":"https:\/\/www.freidenker.org\/?cat=937"},"img":{"alt_text":"","src":"https:\/\/i0.wp.com\/www.freidenker.org\/fw17\/wp-content\/uploads\/2019\/07\/klartext_190227_Naerrischer-Staatsempfang_StM_02_333f2bbe9d_800x445.jpg?fit=800%2C445&ssl=1&resize=350%2C200","width":350,"height":200,"srcset":"https:\/\/i0.wp.com\/www.freidenker.org\/fw17\/wp-content\/uploads\/2019\/07\/klartext_190227_Naerrischer-Staatsempfang_StM_02_333f2bbe9d_800x445.jpg?fit=800%2C445&ssl=1&resize=350%2C200 1x, https:\/\/i0.wp.com\/www.freidenker.org\/fw17\/wp-content\/uploads\/2019\/07\/klartext_190227_Naerrischer-Staatsempfang_StM_02_333f2bbe9d_800x445.jpg?fit=800%2C445&ssl=1&resize=525%2C300 1.5x, https:\/\/i0.wp.com\/www.freidenker.org\/fw17\/wp-content\/uploads\/2019\/07\/klartext_190227_Naerrischer-Staatsempfang_StM_02_333f2bbe9d_800x445.jpg?fit=800%2C445&ssl=1&resize=700%2C400 2x"},"classes":[]}],"_links":{"self":[{"href":"https:\/\/www.freidenker.org\/index.php?rest_route=\/wp\/v2\/posts\/11872","targetHints":{"allow":["GET"]}}],"collection":[{"href":"https:\/\/www.freidenker.org\/index.php?rest_route=\/wp\/v2\/posts"}],"about":[{"href":"https:\/\/www.freidenker.org\/index.php?rest_route=\/wp\/v2\/types\/post"}],"author":[{"embeddable":true,"href":"https:\/\/www.freidenker.org\/index.php?rest_route=\/wp\/v2\/users\/3"}],"replies":[{"embeddable":true,"href":"https:\/\/www.freidenker.org\/index.php?rest_route=%2Fwp%2Fv2%2Fcomments&post=11872"}],"version-history":[{"count":0,"href":"https:\/\/www.freidenker.org\/index.php?rest_route=\/wp\/v2\/posts\/11872\/revisions"}],"wp:featuredmedia":[{"embeddable":true,"href":"https:\/\/www.freidenker.org\/index.php?rest_route=\/wp\/v2\/media\/11874"}],"wp:attachment":[{"href":"https:\/\/www.freidenker.org\/index.php?rest_route=%2Fwp%2Fv2%2Fmedia&parent=11872"}],"wp:term":[{"taxonomy":"category","embeddable":true,"href":"https:\/\/www.freidenker.org\/index.php?rest_route=%2Fwp%2Fv2%2Fcategories&post=11872"},{"taxonomy":"post_tag","embeddable":true,"href":"https:\/\/www.freidenker.org\/index.php?rest_route=%2Fwp%2Fv2%2Ftags&post=11872"}],"curies":[{"name":"wp","href":"https:\/\/api.w.org\/{rel}","templated":true}]}}