{"id":11779,"date":"2021-12-07T23:54:27","date_gmt":"2021-12-07T22:54:27","guid":{"rendered":"https:\/\/www.freidenker.org\/?p=11779"},"modified":"2022-01-17T23:09:08","modified_gmt":"2022-01-17T22:09:08","slug":"video-corona-kommt-corona-geht","status":"publish","type":"post","link":"https:\/\/www.freidenker.org\/?p=11779","title":{"rendered":"Video: CORONA KOMMT &#8211; CORONA GEHT"},"content":{"rendered":"<p><em>Video vom <strong>Weber-Herzog-Musiktheater<\/strong> <strong>GEGENSTIMMEN<\/strong> &#8211; Plattform f\u00fcr neue politische Lieder<\/em><\/p>\n<p>&nbsp;<\/p>\n<div class=\"jetpack-video-wrapper\"><span class=\"embed-youtube\" style=\"text-align:center; display: block;\"><iframe loading=\"lazy\" class=\"youtube-player\" width=\"800\" height=\"450\" src=\"https:\/\/www.youtube.com\/embed\/cHPo2RI0DcE?version=3&#038;rel=1&#038;showsearch=0&#038;showinfo=1&#038;iv_load_policy=1&#038;fs=1&#038;hl=de-DE&#038;autohide=2&#038;wmode=transparent\" allowfullscreen=\"true\" style=\"border:0;\" sandbox=\"allow-scripts allow-same-origin allow-popups allow-presentation allow-popups-to-escape-sandbox\"><\/iframe><\/span><\/div>\n<p><span style=\"font-size: 10pt;\">Direktlink zum Video auf YouTube: <a href=\"https:\/\/www.youtube.com\/watch?v=cHPo2RI0DcE\" target=\"_blank\" rel=\"noopener\">https:\/\/www.youtube.com\/watch?v=cHPo2RI0DcE<\/a><\/span><\/p>\n<p>W\u00e4hrend der Coronakrise, hinter der sich auch eine tiefe Wirtschaftskrise versteckt, sind die Verm\u00f6gen der Ultrareichen laut einer Studie der Schweizer Gro\u00dfbank UBS und der Beratungsfirma PwC weltweit auf ein neues Rekordhoch von 10,2 Billionen Dollar gestiegen &#8211; ein Zuwachs von 15% zum bisherigen Rekordwert von 8,9 Billionen. Wie viele Arbeiter und Angestellte durch die derzeitige Krise auf die Stra\u00dfe geworfen werden, wie viele kleine und mittlere Unternehmen pleite gehen, ist noch nicht absehbar. Was soll man davon halten, dass im Schatten dieser Krise die westliche Staatengemeinschaft derzeit &#8211; von den Leitmedien geflissentlich \u00fcbergangen &#8211; an der Grenze zu Russland und im s\u00fcdchinesischen Meer Kriegsman\u00f6ver veranstaltet? Besteht da vielleicht ein Zusammenhang?<\/p>\n<p style=\"text-align: right;\"><em>Text und Gesang: Christa Weber, Musik und Gesang: Christof Herzog, Klavier: Martin Orth<\/em><\/p>\n<hr \/>\n<p><span style=\"font-size: 10pt;\">Bild: Screenshot aus dem Video<\/span><\/p>\n<p>&nbsp;<\/p>\n","protected":false},"excerpt":{"rendered":"<p><b>Video vom Weber-Herzog-Musiktheater GEGENSTIMMEN &#8211; Plattform f\u00fcr neue politische Lieder<\/b><br \/>\nW\u00e4hrend der Coronakrise, hinter der sich auch eine tiefe Wirtschaftskrise versteckt, sind die Verm\u00f6gen der Ultrareichen laut einer Studie der Schweizer Gro\u00dfbank UBS und der Beratungsfirma PwC weltweit auf ein neues Rekordhoch von 10,2 Billionen Dollar gestiegen &#8230; Wie viele Arbeiter und Angestellte durch die derzeitige Krise auf die Stra\u00dfe geworfen werden, wie viele kleine und mittlere Unternehmen pleite gehen, ist noch nicht absehbar. Was soll man davon halten, dass im Schatten dieser Krise die westliche Staatengemeinschaft derzeit &#8230; an der Grenze zu Russland und im s\u00fcdchinesischen Meer Kriegsman\u00f6ver veranstaltet? Besteht da vielleicht ein Zusammenhang?<\/p>\n","protected":false},"author":3,"featured_media":11780,"comment_status":"closed","ping_status":"closed","sticky":false,"template":"","format":"standard","meta":{"colormag_page_container_layout":"default_layout","colormag_page_sidebar_layout":"default_layout","advanced_seo_description":"","jetpack_seo_html_title":"","jetpack_seo_noindex":false,"jetpack_post_was_ever_published":false,"footnotes":""},"categories":[913],"tags":[1256,162,57,939,1257,1219],"class_list":["post-11779","post","type-post","status-publish","format-standard","has-post-thumbnail","hentry","category-kultur-kunst","tag-corona-virus","tag-demokratie","tag-kriegsgefahr","tag-musik","tag-pandemie","tag-profit"],"jetpack_featured_media_url":"https:\/\/i0.wp.com\/www.freidenker.org\/fw17\/wp-content\/uploads\/2021\/12\/Corona_weber_herzog_800x450.jpg?fit=800%2C450&ssl=1","jetpack_shortlink":"https:\/\/wp.me\/p9stpK-33Z","jetpack-related-posts":[{"id":7770,"url":"https:\/\/www.freidenker.org\/?p=7770","url_meta":{"origin":11779,"position":0},"title":"&#8222;Bella Ciao&#8220; in Zeiten von Corona &#8211; Bamberg singt f\u00fcr Italien","author":"Webredaktion","date":"20. M\u00e4rz 2020","format":false,"excerpt":"Video von bambergtw Wenn schon nicht von der Bunderegierung, kommt aus Deutschland doch zumindest ein sch\u00f6nes Beispiel der Solidarit\u00e4t: Damit sich die Italiener in dieser schwierigen Zeit nicht alleine gelassen f\u00fchlen, haben einige Bamberger ein Video gedreht, auf dem eine ganz besondere Version von \"Bella Ciao\" zu h\u00f6ren ist. In\u2026","rel":"","context":"In &quot;Frieden - Antifaschismus - Solidarit\u00e4t&quot;","block_context":{"text":"Frieden - Antifaschismus - Solidarit\u00e4t","link":"https:\/\/www.freidenker.org\/?cat=13"},"img":{"alt_text":"","src":"https:\/\/i0.wp.com\/www.freidenker.org\/fw17\/wp-content\/uploads\/2020\/03\/bellaciao_800x445.jpg?fit=800%2C445&ssl=1&resize=350%2C200","width":350,"height":200,"srcset":"https:\/\/i0.wp.com\/www.freidenker.org\/fw17\/wp-content\/uploads\/2020\/03\/bellaciao_800x445.jpg?fit=800%2C445&ssl=1&resize=350%2C200 1x, https:\/\/i0.wp.com\/www.freidenker.org\/fw17\/wp-content\/uploads\/2020\/03\/bellaciao_800x445.jpg?fit=800%2C445&ssl=1&resize=525%2C300 1.5x, https:\/\/i0.wp.com\/www.freidenker.org\/fw17\/wp-content\/uploads\/2020\/03\/bellaciao_800x445.jpg?fit=800%2C445&ssl=1&resize=700%2C400 2x"},"classes":[]},{"id":8153,"url":"https:\/\/www.freidenker.org\/?p=8153","url_meta":{"origin":11779,"position":1},"title":"Corona: Das gro\u00dfe Verwirrspiel","author":"Webredaktion","date":"25. Mai 2020","format":false,"excerpt":"In der Rubrik Tagesdosis wurde am 22.05.2020 bei KenFM der Beitrag \u201eCorona: Das gro\u00dfe Verwirrspiel\u201c von Rainer Rupp, Mitglied des Beirats des Deutschen Freidenker-Verbandes, ver\u00f6ffentlicht. Nach fast f\u00fcnf Monaten Corona-Erfahrung in Deutschland ... bin ich als aufmerksamer Beobachter der Szene heute genauso verwirrt wie zu Beginn des Jahres, allerdings jetzt\u2026","rel":"","context":"In &quot;Arbeit &amp; Soziales&quot;","block_context":{"text":"Arbeit &amp; Soziales","link":"https:\/\/www.freidenker.org\/?cat=11"},"img":{"alt_text":"","src":"https:\/\/i0.wp.com\/www.freidenker.org\/fw17\/wp-content\/uploads\/2020\/05\/KenFM-Covid19_800x450.jpg?fit=800%2C450&ssl=1&resize=350%2C200","width":350,"height":200,"srcset":"https:\/\/i0.wp.com\/www.freidenker.org\/fw17\/wp-content\/uploads\/2020\/05\/KenFM-Covid19_800x450.jpg?fit=800%2C450&ssl=1&resize=350%2C200 1x, https:\/\/i0.wp.com\/www.freidenker.org\/fw17\/wp-content\/uploads\/2020\/05\/KenFM-Covid19_800x450.jpg?fit=800%2C450&ssl=1&resize=525%2C300 1.5x, https:\/\/i0.wp.com\/www.freidenker.org\/fw17\/wp-content\/uploads\/2020\/05\/KenFM-Covid19_800x450.jpg?fit=800%2C450&ssl=1&resize=700%2C400 2x"},"classes":[]},{"id":8521,"url":"https:\/\/www.freidenker.org\/?p=8521","url_meta":{"origin":11779,"position":2},"title":"Alles Covidioten? Vernunft hei\u00dft: diskutieren statt stigmatisieren","author":"Webredaktion","date":"14. August 2020","format":false,"excerpt":"Video: Christiane Reymann und Wolfgang Gehrcke diskutieren auf dem \"Roten Platz\" von Weltnetz tv \u00fcber die Berliner Demo am 1. August 2020 und die Medienhetzjagd gegen die Demonstrationsteilnehmer. Viele, sehr viele Menschen haben am 1. August in Berlin demonstriert: Gegen ein Corona-Regime, das mit dem Virus zugleich demokratische Freiheitsrechte ins\u2026","rel":"","context":"In &quot;Demokratie \u2013 Medien \u2013 Aufkl\u00e4rung&quot;","block_context":{"text":"Demokratie \u2013 Medien \u2013 Aufkl\u00e4rung","link":"https:\/\/www.freidenker.org\/?cat=12"},"img":{"alt_text":"","src":"https:\/\/i0.wp.com\/www.freidenker.org\/fw17\/wp-content\/uploads\/2020\/08\/Gehrke_Reymann_800x450.jpg?fit=800%2C450&ssl=1&resize=350%2C200","width":350,"height":200,"srcset":"https:\/\/i0.wp.com\/www.freidenker.org\/fw17\/wp-content\/uploads\/2020\/08\/Gehrke_Reymann_800x450.jpg?fit=800%2C450&ssl=1&resize=350%2C200 1x, https:\/\/i0.wp.com\/www.freidenker.org\/fw17\/wp-content\/uploads\/2020\/08\/Gehrke_Reymann_800x450.jpg?fit=800%2C450&ssl=1&resize=525%2C300 1.5x, https:\/\/i0.wp.com\/www.freidenker.org\/fw17\/wp-content\/uploads\/2020\/08\/Gehrke_Reymann_800x450.jpg?fit=800%2C450&ssl=1&resize=700%2C400 2x"},"classes":[]},{"id":8536,"url":"https:\/\/www.freidenker.org\/?p=8536","url_meta":{"origin":11779,"position":3},"title":"Video: Ruhige Worte zu aufregenden Zeiten","author":"Webredaktion","date":"15. August 2020","format":false,"excerpt":"Rede von Dagmar Henn Die durch Corona ausgel\u00f6sten Ver\u00e4nderungen betreffen viele Bereiche des Lebens. Die gesellschaftliche Stimmung ist aufgeheizt, ruhige und sachliche Diskussion ist kaum noch m\u00f6glich. Viele haben zu Recht Angst um ihre Existenz. Die Vorgaben, die -so wird es zumindest gesagt - der Pandemie geschuldet sind, greifen tief\u2026","rel":"","context":"In &quot;Arbeit &amp; Soziales&quot;","block_context":{"text":"Arbeit &amp; Soziales","link":"https:\/\/www.freidenker.org\/?cat=11"},"img":{"alt_text":"","src":"https:\/\/i0.wp.com\/www.freidenker.org\/fw17\/wp-content\/uploads\/2020\/08\/coronavirus-4914028_800x450.jpg?fit=800%2C450&ssl=1&resize=350%2C200","width":350,"height":200,"srcset":"https:\/\/i0.wp.com\/www.freidenker.org\/fw17\/wp-content\/uploads\/2020\/08\/coronavirus-4914028_800x450.jpg?fit=800%2C450&ssl=1&resize=350%2C200 1x, https:\/\/i0.wp.com\/www.freidenker.org\/fw17\/wp-content\/uploads\/2020\/08\/coronavirus-4914028_800x450.jpg?fit=800%2C450&ssl=1&resize=525%2C300 1.5x, https:\/\/i0.wp.com\/www.freidenker.org\/fw17\/wp-content\/uploads\/2020\/08\/coronavirus-4914028_800x450.jpg?fit=800%2C450&ssl=1&resize=700%2C400 2x"},"classes":[]},{"id":7838,"url":"https:\/\/www.freidenker.org\/?p=7838","url_meta":{"origin":11779,"position":4},"title":"Corona Patentl\u00f6sung","author":"Webredaktion","date":"2. April 2020","format":false,"excerpt":"In der Rubrik Tagesdosis wurde am 27.03.2020 bei KenFM der Beitrag \u201eCorona Patentl\u00f6sung\u201c von Rainer Rupp, Mitglied des Beirats des Deutschen Freidenker-Verbandes, ver\u00f6ffentlicht. Eigentlich wollte ich in meinem heutigen Beitrag darauf eingehen, mit welchen menschenverachtenden Mitteln die Kriegstreiber in Washington die Corona-Krise dazu benutzen, um die Regierung in Teheran und\u2026","rel":"","context":"In &quot;Arbeit &amp; Soziales&quot;","block_context":{"text":"Arbeit &amp; Soziales","link":"https:\/\/www.freidenker.org\/?cat=11"},"img":{"alt_text":"","src":"https:\/\/i0.wp.com\/www.freidenker.org\/fw17\/wp-content\/uploads\/2020\/04\/Corona_Patentl%C3%B6sung_800x450.jpg?fit=800%2C450&ssl=1&resize=350%2C200","width":350,"height":200,"srcset":"https:\/\/i0.wp.com\/www.freidenker.org\/fw17\/wp-content\/uploads\/2020\/04\/Corona_Patentl%C3%B6sung_800x450.jpg?fit=800%2C450&ssl=1&resize=350%2C200 1x, https:\/\/i0.wp.com\/www.freidenker.org\/fw17\/wp-content\/uploads\/2020\/04\/Corona_Patentl%C3%B6sung_800x450.jpg?fit=800%2C450&ssl=1&resize=525%2C300 1.5x, https:\/\/i0.wp.com\/www.freidenker.org\/fw17\/wp-content\/uploads\/2020\/04\/Corona_Patentl%C3%B6sung_800x450.jpg?fit=800%2C450&ssl=1&resize=700%2C400 2x"},"classes":[]},{"id":8718,"url":"https:\/\/www.freidenker.org\/?p=8718","url_meta":{"origin":11779,"position":5},"title":"Corona: Brandbeschleuniger f\u00fcr die Klassengesellschaft","author":"Webredaktion","date":"27. September 2020","format":false,"excerpt":"Beitrag von Pablo Graubner aus FREIDENKER 3-20 Mit der Corona-Krise hat auch die \u00f6ffentliche Wahrnehmung gesellschaftlicher Armut wieder zugenommen. ... Insgesamt steht zu bef\u00fcrchten, dass das Thema Armut in Deutschland zwar f\u00fcr kurze Zeit eine gewisse Aufmerksamkeit erh\u00e4lt, aber dennoch keine Debatte \u00fcber gesellschaftliche Ursachen von Armut folgt. Selbst wenn\u2026","rel":"","context":"In &quot;Arbeit &amp; Soziales&quot;","block_context":{"text":"Arbeit &amp; Soziales","link":"https:\/\/www.freidenker.org\/?cat=11"},"img":{"alt_text":"","src":"https:\/\/i0.wp.com\/www.freidenker.org\/fw17\/wp-content\/uploads\/2020\/09\/obdachlos_hamburg-1437608_800x450.jpg?fit=800%2C450&ssl=1&resize=350%2C200","width":350,"height":200,"srcset":"https:\/\/i0.wp.com\/www.freidenker.org\/fw17\/wp-content\/uploads\/2020\/09\/obdachlos_hamburg-1437608_800x450.jpg?fit=800%2C450&ssl=1&resize=350%2C200 1x, https:\/\/i0.wp.com\/www.freidenker.org\/fw17\/wp-content\/uploads\/2020\/09\/obdachlos_hamburg-1437608_800x450.jpg?fit=800%2C450&ssl=1&resize=525%2C300 1.5x, https:\/\/i0.wp.com\/www.freidenker.org\/fw17\/wp-content\/uploads\/2020\/09\/obdachlos_hamburg-1437608_800x450.jpg?fit=800%2C450&ssl=1&resize=700%2C400 2x"},"classes":[]}],"_links":{"self":[{"href":"https:\/\/www.freidenker.org\/index.php?rest_route=\/wp\/v2\/posts\/11779","targetHints":{"allow":["GET"]}}],"collection":[{"href":"https:\/\/www.freidenker.org\/index.php?rest_route=\/wp\/v2\/posts"}],"about":[{"href":"https:\/\/www.freidenker.org\/index.php?rest_route=\/wp\/v2\/types\/post"}],"author":[{"embeddable":true,"href":"https:\/\/www.freidenker.org\/index.php?rest_route=\/wp\/v2\/users\/3"}],"replies":[{"embeddable":true,"href":"https:\/\/www.freidenker.org\/index.php?rest_route=%2Fwp%2Fv2%2Fcomments&post=11779"}],"version-history":[{"count":0,"href":"https:\/\/www.freidenker.org\/index.php?rest_route=\/wp\/v2\/posts\/11779\/revisions"}],"wp:featuredmedia":[{"embeddable":true,"href":"https:\/\/www.freidenker.org\/index.php?rest_route=\/wp\/v2\/media\/11780"}],"wp:attachment":[{"href":"https:\/\/www.freidenker.org\/index.php?rest_route=%2Fwp%2Fv2%2Fmedia&parent=11779"}],"wp:term":[{"taxonomy":"category","embeddable":true,"href":"https:\/\/www.freidenker.org\/index.php?rest_route=%2Fwp%2Fv2%2Fcategories&post=11779"},{"taxonomy":"post_tag","embeddable":true,"href":"https:\/\/www.freidenker.org\/index.php?rest_route=%2Fwp%2Fv2%2Ftags&post=11779"}],"curies":[{"name":"wp","href":"https:\/\/api.w.org\/{rel}","templated":true}]}}