{"id":11768,"date":"2021-12-05T02:00:18","date_gmt":"2021-12-05T01:00:18","guid":{"rendered":"https:\/\/www.freidenker.org\/?p=11768"},"modified":"2021-12-31T17:52:01","modified_gmt":"2021-12-31T16:52:01","slug":"die-eskalationsspirale-der-letzten-vier-tage","status":"publish","type":"post","link":"https:\/\/www.freidenker.org\/?p=11768","title":{"rendered":"Die Eskalationsspirale der letzten vier Tage"},"content":{"rendered":"<p><strong>Die Nato provoziert Russland immer offensiver und st\u00e4rker. Hier finden Sie eine Zusammenfassung der Ereignisse vom 30. November bis zum 3. Dezember 2021.<\/strong><\/p>\n<p><em>von <strong>Anti-Spiegel <\/strong>(d.i.<strong> Thomas R\u00f6per<\/strong>)<\/em><\/p>\n<p><span style=\"font-size: 10pt;\">Erstver\u00f6ffentlichung am 03.12.2021 auf <a href=\"https:\/\/www.anti-spiegel.ru\/2021\/die-eskalationsspirale-der-letzten-vier-tage\/\" target=\"_blank\" rel=\"noopener\">anti-spiegel.ru<\/a><\/span><\/p>\n<p>Dass die Nato derzeit jeden Tag neue Provokationen Richtung Russland schickt, habe ich schon <a href=\"https:\/\/www.anti-spiegel.ru\/2021\/grossbritannien-bringt-hunderte-panzer-und-anderes-kriegsgeraet-nach-deutschland\/\" target=\"_blank\" rel=\"noreferrer noopener\">am 29. November aufgezeigt<\/a>, indem ich \u00fcber die wichtigsten Aktionen und Entscheidungen der Nato einer Woche berichtet habe. Nun wollen wir und chronologisch anschauen, was die Nato in den vier Tagen seit dem 29. November getan hat.<\/p>\n<h5>Die Nato droht Russland<\/h5>\n<p>Am 30. November gab es eine neue Drohung in Richtung Russland. Auf einem Treffen der Nato-Au\u00dfenminister in Riga wurde Russland gedroht, es werde f\u00fcr \u201eaggressives Verhalten\u201c hart bestraft. US-Au\u00dfenminister Antony Blinken sagte, \u201e<a href=\"https:\/\/www.spiegel.de\/ausland\/nato-treffen-heiko-maas-und-antony-blinken-warnen-russland-vor-angriff-auf-ukraine-a-87fedd3d-9a45-4c27-851a-7c11f964477f\" target=\"_blank\" rel=\"noreferrer noopener\">jede neue Aggression w\u00fcrde schwerwiegende Konsequenzen nach sich ziehen<\/a>\u201e. Das ist bemerkenswert, denn die Nato behauptet st\u00e4ndig, Russland sei permanent aggressiv. Aber mir f\u00e4llt nichts ein, was man in den letzten zum Beispiel f\u00fcnf Jahren als \u201eaggressives Verhalten\u201c Russlands bezeichnen k\u00f6nnte.<\/p>\n<p>Ich erinnere mich lediglich an st\u00e4ndige Vorw\u00fcrfe und Warnungen der Nato in Richtung Russland, aber an keine russische Aggression. Im Mai hat die Nato zum Beispiel gewarnt, Russland w\u00fcrde die Ukraine angreifen wollen. Diese Vorw\u00fcrfe der Nato haben seit 2014 Tradition, aber Russland hat das nie getan. Die Nato behauptet, aber mehrmals j\u00e4hrlich, ein russischer Einmarsch in die Ukraine stehe unmittelbar bevor. Und so ist es mit allen Warnungen der Nato vor Russland: Die Nato behauptet etwas, das nicht eintrifft, und wiederholt die Behauptungen danach immer wieder.<\/p>\n<h5>Wiederholt sich 2008?<\/h5>\n<p>In Wahrheit ist es umgekehrt. Im Gegensatz zur Nato hat Russland in den letzten 20 Jahren kein Land angegriffen. Russland war in den letzten Jahren an zwei Kriegen beteiligt. 2008 am Kaukasuskrieg, den Georgien begonnen hat und bei dem Russland sich verteidigt hat. Der Kaukasuskrieg wird von westlichen Medien immer als \u201eS\u00fcnde\u201c Russlands angef\u00fchrt, obwohl der Europarat in seiner Untersuchung l\u00e4ngst das Gegenteil erwiesen hat, die Details <a href=\"https:\/\/www.anti-spiegel.ru\/2018\/der-kaukasuskrieg-bei-kaum-einem-thema-lugen-die-medien-dreister\/\" target=\"_blank\" rel=\"noreferrer noopener\">finden Sie hier<\/a>.<\/p>\n<p>Der zweite Krieg, an dem Russland beteiligt ist, ist der Krieg in Syrien. Aber da hat Russland niemanden angegriffen, sondern ist der v\u00f6lkerrechtlich anerkannten Regierung Syriens auf deren Bitte hin zu Hilfe gekommen.<\/p>\n<p>Und wie oft war die Nato in den letzten 20 Jahren im Krieg? Im Gegensatz zu Russland hat die Nato ihre vielen Kriege selbst angefangen und andere L\u00e4nder \u00fcberfallen. Russland hat das seit der Zerfall der Sowjetunion nicht ein einziges Mal getan, die Nato hingegen ungez\u00e4hlte Male. Aber trotzdem warnt die Nato vor dem aggressiven Russland.<\/p>\n<p>Am 30. November hat der russische Au\u00dfenminister Lawrow darauf hingewiesen, dass die Nato-Staaten in der Ukraine \u00d6l ins Feuer gie\u00dfen, indem sie <a href=\"https:\/\/www.anti-spiegel.ru\/2021\/kriegsvorbereitungen-des-westens-wird-die-ukraine-in-einen-krieg-mit-russland-getrieben\/\" target=\"_blank\" rel=\"noreferrer noopener\">die Ukraine mit Waffen regelrecht fluten<\/a> und der Kiewer Regierung, die den Konflikt im Donbass am liebsten mit Gewalt l\u00f6sen w\u00fcrde, R\u00fcckendeckung geben.<\/p>\n<p>Das ist exakt das Szenario, das dem Kaukasuskrieg vorausgegangen ist. Damals hat die US-Regierung den georgischen Pr\u00e4sidenten ebenfalls angefeuert. Als der dann seinen Krieg angefangen und mit Hilfe aus dem Westen gerechnet hat, fand er sich jedoch alleine wieder.<\/p>\n<p>Der russische Au\u00dfenminister <a href=\"https:\/\/www.vesti.ru\/article\/2646368\" target=\"_blank\" rel=\"noreferrer noopener\">Lawrow hat am 30. November gesagt<\/a>, er hoffe, dass sich dieses Szenario im Donbass nicht wiederholt, denn dass die Nato im Falle eines ukrainischen Angriffs auf den Donbass eingreift, wenn Russland sich einmischt, um Stra\u00dfenk\u00e4mpfe in Donezk und Lugansk zu verhindern, bei denen tausende Zivilisten ihr Leben werlieren k\u00f6nnten, ist mehr als unwahrscheinlich.<\/p>\n<p>Es sieht eher so aus, als w\u00fcrde die Nato Kiew anfeuern, im Donbass vorzugehen, um Russland einen Krieg aufzuzwingen, den es nicht will, und der wesentlich blutiger w\u00e4re, als der Kaukasuskrieg 2008.<\/p>\n<h5>Lukaschenko bietet die Stationierung von Atomwaffen in Wei\u00dfrussland an<\/h5>\n<p>Da die Nato auch an der Grenze zu Wei\u00dfrussland Truppen zusammenzieht, wird man in Wei\u00dfrussland zunehmend nerv\u00f6s. Wei\u00dfrussland ist mit Russland verb\u00fcndet, weshalb ein Angriff der Nato auf Wei\u00dfrussland automatisch einen Krieg mit Russland bedeuten w\u00fcrde. Dass hingegen Wei\u00dfrussland seine Nato-Nachbarn angreifen k\u00f6nnte, behauptet nicht einmal die Nato selbst. Man fragt sich also, wozu die Nato Truppen an die wei\u00dfrussische Grenze bringt.<\/p>\n<p>Der wei\u00dfrussische Pr\u00e4sident <a href=\"https:\/\/www.vesti.ru\/article\/2646415\" target=\"_blank\" rel=\"noreferrer noopener\">Lukaschenko hat am 30. November angeboten<\/a>, die in den 1990er Jahren aus Wei\u00dfrussland abgezogenen russischen Atomwaffen wieder in Wei\u00dfrussland zu stationieren. Das w\u00e4re eine Antwort auf das Verhalten der Nato an seiner Grenze. Au\u00dferdem teilte Lukaschenko mit, dass Wei\u00dfrussland als Verb\u00fcndeter Russlands nicht unbeteiligt bleiben werde, wenn es zu einem Krieg im Donbass oder der russischen Grenze kommen w\u00fcrde.<\/p>\n<p>Am 1. Dezember <a href=\"https:\/\/www.vesti.ru\/article\/2646926\" target=\"_blank\" rel=\"noreferrer noopener\">hat Lukaschenko auch erkl\u00e4rt<\/a>, dass die Abschussvorrichtungen f\u00fcr Atomraketen aus der Sowjetzeit \u00fcber all die Jahre gewartet und erhalten wurden, sie seien also alle noch einsatzbereit.<\/p>\n<h5>\u201eDie halbe ukrainische Armee ist im Donbass stationiert\u201c<\/h5>\n<p>Am 1. Dezember <a href=\"https:\/\/de.rt.com\/europa\/127817-russisches-aussenministerium-halfte-ukrainischen-armee\/\" target=\"_blank\" rel=\"noreferrer noopener\">warnte das russische Au\u00dfenministerium<\/a> vor einem ukrainischen Angriff auf den Donbass und teilte mit, nach seinen Informationen sei die H\u00e4lfte der ukrainischen Armee inzwischen im Donbass aufmarschiert und stationiert. Gleichzeitig meldete die OSZE eine massive Zunahme der Verst\u00f6\u00dfe gegen die Waffenruhe im Donbass.<\/p>\n<p>Dass die Nato zuvor die Entsendung von Truppen in die Ukraine in Aussicht gestellt hat, macht die Lage umso gef\u00e4hrlicher. Kiew k\u00f6nnte sich in der Hoffnung, Nato-Soldaten in der Ukraine w\u00fcrden Russland von einer Reaktion abhalten, zu einem Angriff auf den Donbass ermutigt f\u00fchlen. Es ist aber mehr als unwahrscheinlich, dass Russland sich davon abschrecken l\u00e4sst, denn ein ukrainischer Angriff auf den Donbass geh\u00f6rt zu den roten Linien, die Moskau verk\u00fcndet hat. Moskau w\u00fcrde \u2013 so meine Vermutung \u2013 im Falle eines massiven ukrainischen Angriffs auf den Donbass milit\u00e4risch eingreifen, was auch ein paar hundert Nato-Soldaten in der Ukraine verhindern k\u00f6nnten.<\/p>\n<p>Auch an den russischen Grenzen marschiert die Nato auf. Nato-Generalsekret\u00e4r Stoltenberg hat in Interviews mitgeteilt, dass die Nato die Zahl ihrer Streitkr\u00e4fte an der russischen Grenzen im Baltikum und im Schwarzen Meer erh\u00f6ht hat. Das bezeichnete der russische Au\u00dfenminister Lawrow am 1. Dezember <a href=\"https:\/\/de.rt.com\/international\/127808-lawrow-nato-zieht-an-grenze\/\" target=\"_blank\" rel=\"noreferrer noopener\">als gef\u00e4hrliche Provokationen<\/a>, denn Russland sei dadurch gezwungen, seine eigene Truppenst\u00e4rke an seinen Grenzen zu erh\u00f6hen, was die Gefahr eines milit\u00e4rischen Zusammensto\u00dfes erh\u00f6he. Lawrow warnte, dass das Verhalten der Nato zu einem bewaffneten Konflikt f\u00fchren k\u00f6nnte.<\/p>\n<h5>Amerikanische Beweise f\u00fcr russische Pl\u00e4ne gegen die Ukraine?<\/h5>\n<p><a href=\"https:\/\/www.spiegel.de\/ausland\/russland-us-aussenminister-antony-blinken-hat-angeblich-beweise-fuer-plaene-gegen-die-ukraine-a-046676d0-3ca2-4893-8172-b4f932805488\" target=\"_blank\" rel=\"noreferrer noopener\">US-Au\u00dfenminister Blinken erkl\u00e4rte am 1. Dezember<\/a> hingegen, die USA h\u00e4tten \u201eBeweise\u201c f\u00fcr russische Pl\u00e4ne f\u00fcr einen Einmarsch in die Ukraine. Nat\u00fcrlich legte Blinken wieder keinerlei Belege f\u00fcr seine Behauptungen vor. Was man von \u201eBeweisen\u201c halten muss, die die USA nach eigenen Angaben angeblich haben, wei\u00df man sp\u00e4testens seit dem Irakkrieg vor knapp 20 Jahren.<\/p>\n<p>Die USA denken sich ihre \u201eBeweise\u201c gegen von ihnen als b\u00f6se eingestufte Staaten jedes Mal aus. Diese Tradition geht mindestens bis zum Vietnamkrieg zur\u00fcck, als die USA den Angriff auf eines ihrer Kriegsschiffe im Golf von Tonkin, der als Kriegsgrund angef\u00fchrt wurde, frei erfunden haben. Leider hindert das die westlichen \u201eQualit\u00e4tsmedien\u201c nicht daran, ihre Leser darauf hinzuweisen. Stattdessen verbreiten die \u201eQualit\u00e4tsmedien\u201c die amerikanischen Meldungen unkritisch.<\/p>\n<p>Die von radikalen Nationalisten regierte Ukraine forderte am 1. Dezember wegen der angeblichen russische Bedrohung von der Nato, \u201e<a href=\"https:\/\/www.spiegel.de\/ausland\/konflikt-mit-russland-ukraine-plaediert-fuer-gemeinsames-abschreckungspaket-mit-der-nato-a-0c234302-0cf7-4796-b1f0-da69aa57d794\" target=\"_blank\" rel=\"noreferrer noopener\">gemeinsame Abschreckungsma\u00dfnahmen<\/a>\u201c zu unternehmen. Die Kiewer Regierung scheint sich nicht dar\u00fcber im Klaren zu sein, dass die Nato sie nicht milit\u00e4risch sch\u00fctzen w\u00fcrde und dass ein Krieg mit Russland wahrscheinlich das Ende der Ukraine in ihrer heutigen Form bedeuten w\u00fcrde.<\/p>\n<h5>Weitere amerikanische Drohungen<\/h5>\n<p>Am 1. Dezember ist US-Vizeau\u00dfenministerin Victoria Nuland, die 2014 mit ihrem \u201eFuck the EU\u201c Schlagzeilen gemacht hat, in Kiew bei einer Sicherheitskonferenz aufgetreten und hat Russland sogar schon f\u00fcr den Fall einer Destabilisierung der Ukraine <a href=\"https:\/\/tass.ru\/mezhdunarodnaya-panorama\/13083383\" target=\"_blank\" rel=\"noreferrer noopener\">nie dagewesene Sanktionen angedroht<\/a>:<\/p>\n<blockquote class=\"wp-block-quote\"><p>\u201eWir sind entschlossen in unserer Botschaft an Moskau: Wenn sie Schritte unternehmen, um die Ukraine zu destabilisieren und ihre Kr\u00e4fte f\u00fcr eine Aggression gegen die Ukraine einzusetzen, wird dies mit ernsthaften wirtschaftlichen Schritten und Sanktionen beantwortet, wie es sie in der Vergangenheit noch nie gegeben hat\u201c<\/p><\/blockquote>\n<p>Diese Aussage ist aus zwei Gr\u00fcnden interessant. Erstens bedeutet sie, dass Russland demn\u00e4chst mit neuen und harten Sanktionen rechnen muss, denn was Schritte sein k\u00f6nnten, die die USA mit harten Sanktionen zu bestrafen gedenken, wei\u00df niemand. Die USA k\u00f6nnen sich wieder nach Belieben etwas ausdenken und Sanktionen einf\u00fchren.<\/p>\n<p>Noch interessanter ist aber die zweite Aussage zwischen den Zeilen: Im Falle eines \u201erussischen Angriffs\u201c auf die Ukraine werden die USA (und damit die Nato) der Ukraine nicht milit\u00e4risch helfen. Nuland sprach nur von Wirtschaftssanktionen. Das ist ein Hinweis darauf, dass der russische Au\u00dfenminister Lawrow mit seiner Warnung vor einer Wiederholung des Szenarios von 2008 durchaus recht haben k\u00f6nnte.<\/p>\n<p>Das best\u00e4tigte auch Nato-Generalsekret\u00e4r Stoltenberg, der ebenfalls am 1. Dezember sagte, <a href=\"https:\/\/tass.ru\/mezhdunarodnaya-panorama\/13083525\" target=\"_blank\" rel=\"noreferrer noopener\">er warne Russland vor Schritten gegen die Nato<\/a>, und dass jedes Land \u2013 auch die Ukraine \u2013 \u00fcber seine Sicherheit selbst entscheiden d\u00fcrfe. Russland habe sich aus der Frage der Nato-Mitgliedschaft der Ukraine in der Nato also herauszuhalten. Aber er f\u00fcgte bei der Gelegenheit auch ausdr\u00fccklich hinzu, dass die Nato die Sicherheit ihrer Mitgliedsstaaten garantiere und die Ukraine geh\u00f6re nicht dazu.<\/p>\n<h5>Neue Sanktionen<\/h5>\n<p>Am 1. Dezember hat die EU ein weiteres, das f\u00fcnfte, <a href=\"https:\/\/www.spiegel.de\/ausland\/belarus-eu-will-sanktionen-in-kraft-setzen-a-1997e577-4f47-46db-8f81-4b57a23c936a\" target=\"_blank\" rel=\"noreferrer noopener\">Sanktionspaket gegen Wei\u00dfrussland beschlossen<\/a>. Der Grund war mal wieder, dass Wei\u00dfrussland angeblich Migranten nach Europa \u201eschleust\u201c.<\/p>\n<p>Sanktioniert wurden 17 Personen und elf Organisationen, darunter die wei\u00dfrussische Fluglinie BelAvia. Au\u00dferdem wurde, wohl im Lukaschenko pers\u00f6nlich zu \u00e4rgern, einer seiner S\u00f6hne in die Sanktionsliste aufgenommen.<\/p>\n<h5>CIA-Direktor hat mit Moskau offen \u00fcber einen Krieg im Donbass gesprochen<\/h5>\n<p>CIA-Direktor Burnes war am 2. und 3. November zu Gespr\u00e4chen in Moskau. \u00dcber den Inhalt der Gespr\u00e4che ist nicht viel verk\u00fcndet worden, sie haben nur deutlich gemacht, wie aufgeladen das Verh\u00e4ltnis zwischen den USA und Russland ist.<\/p>\n<p>Dass die USA mit dem Gedanken spielen, die Ukraine nach dem Vorbild des Kaukasuskrieg es in einen Stellvertreterkrieg mit Russland zu treiben, wurde am 1. Dezember deutlich. <a href=\"https:\/\/tass.ru\/mezhdunarodnaya-panorama\/13083545\" target=\"_blank\" rel=\"noreferrer noopener\">US-Au\u00dfenminister Blinken sagte an dem Tag<\/a> vor der Presse \u00fcber einen m\u00f6glichen Konflikt zwischen der Ukraine und Russland:<\/p>\n<blockquote class=\"wp-block-quote\"><p>\u201eCIA-Direktor Burns besuchte Moskau auf Gehei\u00df des Pr\u00e4sidenten, um unsere Bef\u00fcrchtungen und unser Engagement f\u00fcr die Diplomatie und die schrecklichen Konsequenzen zu vermitteln, sollte Russland sich auf eine Konfrontation und milit\u00e4rische Aktionen einlassen\u201c<\/p><\/blockquote>\n<p>Was ich jetzt schreibe, ist nat\u00fcrlich nur meine Interpretation, aber um das mitzuteilen, h\u00e4tte der CIA-Direktor nicht nach Moskau fahren brauchen, das kann die russische Regierung jeden Tag in der westlichen Presse lesen und Details h\u00e4tte auch der US-Botschafter in Moskau \u00fcbermitteln k\u00f6nnen. Dass der CIA-Direktor aus diesem Grund in Moskau war, d\u00fcrfte bedeuten, dass die USA absch\u00e4tzen wollten, wie ernst es die Russen mit ihren verk\u00fcndeten roten Linien in Sachen Donbass meinen.<\/p>\n<h5>Der Albtraum des Krieges kehrt nach Europa zur\u00fcck<\/h5>\n<p>Ebenfalls am 2. Dezember warnte der russische Au\u00dfenminister Lawrow, dass das \u201e<a href=\"https:\/\/de.rt.com\/europa\/127875-lawrow-alptraumszenario-militaerische-konfrontation-kehrt-nach-europa-zurueck\/\" target=\"_blank\" rel=\"noreferrer noopener\">albtraumhafte Szenario einer milit\u00e4rischen Konfrontation<\/a>\u201c nach Europa zur\u00fcckkehre. Lawrow wies darauf hin, dass die Nato alle russischen Vorschl\u00e4ge zur Deeskalation ablehnt und stattdessen \u2013 wie die Nato selbst verk\u00fcndet \u2013 immer mehr Truppen an die russischen Grenzen bringt.<\/p>\n<p>Hinzu kommt, dass die Nato <a href=\"https:\/\/www.anti-spiegel.ru\/2020\/putins-abruestungsinitiative-usa-reagieren-mit-drohung-und-bundesregierung-luegt-zu-dem-thema\/\" target=\"_blank\" rel=\"noreferrer noopener\">alle russischen Vorschl\u00e4ge<\/a>, auf die Stationierung atomarer Kurz- und Mittelstreckenraketen in Europa zu verzichten, ablehnt. Diese Vorschl\u00e4ge macht Russland immer wieder, aber die <a href=\"https:\/\/www.anti-spiegel.ru\/2020\/warum-wird-in-deutschland-darueber-nicht-berichtet-putin-macht-erneuten-abruestungsvorschlag\/\" target=\"_blank\" rel=\"noreferrer noopener\">westlichen Medien berichten dar\u00fcber nicht<\/a> und die Nato lehnt es ab, dar\u00fcber auch nur zu sprechen.<\/p>\n<h5>Die EU r\u00fcstet die Ukraine auf<\/h5>\n<p>Die deutschen \u201eQualit\u00e4tsmedien\u201c haben dar\u00fcber nicht gro\u00df berichtet, aber die EU ist l\u00e4ngst auch ein milit\u00e4rischer Block. 2021 hat die EU einen Fonds mit 5 Milliarden Euro f\u00fcr \u201ePartnerl\u00e4nder\u201c innerhalb und au\u00dferhalb Europas eingerichtet. Aus diesem Fond hat die EU der Ukraine nun 31 Millionen Euro zugesagt, wie der ukrainische Au\u00dfenminister nach einem Treffen mit seinen Kollegen aus der EU auf Twitter meldete:<\/p>\n<blockquote class=\"wp-block-quote\"><p>\u201eWichtige Neuigkeiten aus Br\u00fcssel: Der EU-Rat hat beschlossen, im Rahmen der neu eingerichteten Europ\u00e4ischen Friedensfazilit\u00e4t 31 Mio. \u20ac f\u00fcr die St\u00e4rkung der Verteidigungskapazit\u00e4ten der Ukraine bereitzustellen. Wir begr\u00fc\u00dfen diesen Schritt, der die strategischen Beziehungen zwischen der Ukraine und der EU bekr\u00e4ftigt, sehr. Das Paket umfasst materielle und technische Hilfe f\u00fcr die Entwicklung und den Aufbau von Kapazit\u00e4ten der ukrainischen Streitkr\u00e4fte in den Bereichen Medizin, technische F\u00e4higkeiten, Minenr\u00e4umung, Mobilit\u00e4t und Logistik sowie Cybersicherheit.\u201c<\/p><\/blockquote>\n<p><a href=\"https:\/\/twitter.com\/DmytroKuleba\/status\/1466387887667265536?ref_src=twsrc%5Etfw%7Ctwcamp%5Etweetembed%7Ctwterm%5E1466388061282095107%7Ctwgr%5E%7Ctwcon%5Es2_&amp;ref_url=https%3A%2F%2Fwww.anti-spiegel.ru%2F2021%2Fdie-eskalationsspirale-der-letzten-vier-tage%2F\"><img data-recalc-dims=\"1\" loading=\"lazy\" decoding=\"async\" data-attachment-id=\"11772\" data-permalink=\"https:\/\/www.freidenker.org\/?attachment_id=11772\" data-orig-file=\"https:\/\/i0.wp.com\/www.freidenker.org\/fw17\/wp-content\/uploads\/2021\/12\/Twitter_Kuleba.jpg?fit=568%2C483&amp;ssl=1\" data-orig-size=\"568,483\" data-comments-opened=\"0\" data-image-meta=\"{&quot;aperture&quot;:&quot;0&quot;,&quot;credit&quot;:&quot;&quot;,&quot;camera&quot;:&quot;&quot;,&quot;caption&quot;:&quot;&quot;,&quot;created_timestamp&quot;:&quot;0&quot;,&quot;copyright&quot;:&quot;&quot;,&quot;focal_length&quot;:&quot;0&quot;,&quot;iso&quot;:&quot;0&quot;,&quot;shutter_speed&quot;:&quot;0&quot;,&quot;title&quot;:&quot;&quot;,&quot;orientation&quot;:&quot;1&quot;}\" data-image-title=\"Twitter_Kuleba\" data-image-description=\"\" data-image-caption=\"\" data-large-file=\"https:\/\/i0.wp.com\/www.freidenker.org\/fw17\/wp-content\/uploads\/2021\/12\/Twitter_Kuleba.jpg?fit=568%2C483&amp;ssl=1\" class=\"alignnone wp-image-11772 size-full\" src=\"https:\/\/i0.wp.com\/www.freidenker.org\/fw17\/wp-content\/uploads\/2021\/12\/Twitter_Kuleba.jpg?resize=568%2C483&#038;ssl=1\" alt=\"\" width=\"568\" height=\"483\" srcset=\"https:\/\/i0.wp.com\/www.freidenker.org\/fw17\/wp-content\/uploads\/2021\/12\/Twitter_Kuleba.jpg?w=568&amp;ssl=1 568w, https:\/\/i0.wp.com\/www.freidenker.org\/fw17\/wp-content\/uploads\/2021\/12\/Twitter_Kuleba.jpg?resize=300%2C255&amp;ssl=1 300w\" sizes=\"auto, (max-width: 568px) 100vw, 568px\" \/><\/a><\/p>\n<p><a href=\"https:\/\/www.consilium.europa.eu\/de\/press\/press-releases\/2021\/12\/02\/european-peace-facility-council-adopts-assistance-measures-for-georgia-the-republic-of-moldova-ukraine-and-the-republic-of-mali\/\" target=\"_blank\" rel=\"noreferrer noopener\">Die EU hat die Meldung best\u00e4tigt<\/a> und au\u00dferdem mitgeteilt, auch Georgien, Moldawien und Mali im Rahmen des Programmes Millionen zu \u00fcberweisen.<\/p>\n<h5>Noch mehr Nato-Truppen an die wei\u00dfrussische Grenze<\/h5>\n<p>Am 2. Dezember hat der <a href=\"https:\/\/tass.ru\/mezhdunarodnaya-panorama\/13097401\" target=\"_blank\" rel=\"noreferrer noopener\">Chef der polnischen Pr\u00e4sidialverwaltung in einem Interview<\/a> mitgeteilt, Polen verhandle mit der Nato \u00fcber die Entsendung weiterer Truppen an die polnisch-wei\u00dfrussische Grenze:<\/p>\n<blockquote class=\"wp-block-quote\"><p>\u201eEs werden Vorgespr\u00e4che gef\u00fchrt, damit NATO-Einheiten unsere Einheiten an der polnisch-wei\u00dfrussischen Grenze unterst\u00fctzen k\u00f6nnen, falls dies erforderlich ist.\u201c<\/p><\/blockquote>\n<p>Damit \u2013 so wie auch schon mit den in letzter Zeit in Polen, dem Baltikum und dem Schwarzen Meer stationierten Nato-Truppen \u2013 hat die Nato ein weiteres Mal deutlich gemacht, dass sie die Nato-Russlandakte, die die Stationierung von Nato-Truppen in den \u00f6stlichen Nato-Staaten verbietet, de facto gek\u00fcndigt hat.<\/p>\n<h5>Auch China wird bedroht<\/h5>\n<p>Die USA bezeichnen neben Russland auch China als ihren Hauptgegner. Und genau wie im Falle Russlands, bedrohen und provozieren die USA auch China.<\/p>\n<p><a href=\"https:\/\/tass.ru\/mezhdunarodnaya-panorama\/13098987\" target=\"_blank\" rel=\"noreferrer noopener\">Chinesisch Medien haben am 2. Dezember berichtet<\/a>, dass allein im November 94 amerikanische Aufkl\u00e4rungsflugzeuge an Chinas Grenzen patrouilliert sind. Das sei ein neuer Rekord, der den bisherigen Rekord vom Februar 2021 (75 Fl\u00fcge) um fast 30 Prozent \u00fcbertrifft. Trotzdem bezeichnen die USA China und Russland als aggressiv, dabei sind es nicht die USA, die monatlich \u00fcber 90 Aufkl\u00e4rungsflugzeuge aus Russland und China an ihren Grenzen melden.<\/p>\n<h5>Gespr\u00e4ch zwischen Putin und Biden?<\/h5>\n<p>Aufgrund der steigenden Spannungen und der offen drohenden Kriegsgefahr haben der russische und der amerikanische Au\u00dfenminister sich am Rande des Treffens der OSZE-Au\u00dfenminister in Wien unterhalten und <a href=\"https:\/\/www.spiegel.de\/ausland\/antony-blinken-gespraech-zwischen-joe-biden-und-wladimir-putin-wahrscheinlich-a-e70fefdc-130a-4bfb-88de-0b089712f4e8\" target=\"_blank\" rel=\"noreferrer noopener\">als Ergebnis hat Blinken mitgeteilt<\/a>, es k\u00f6nne demn\u00e4chst zu einem Gespr\u00e4ch zwischen den Pr\u00e4sidenten Putin und Biden kommen, um L\u00f6sungen zu suchen.<\/p>\n<p>Lawrow hat dabei die <a href=\"https:\/\/www.anti-spiegel.ru\/2021\/nach-wortbruechen-der-usa-putin-fordert-sicherheitsgarantien-von-der-nato\/\" target=\"_blank\" rel=\"noreferrer noopener\">Forderungen von Putin<\/a> wiederholt, Russland wolle langfristige und rechtlich bindende Sicherheitsgarantien f\u00fcr die russische Westgrenze, die eine Nato-Osterweiterung ausschlie\u00dfen.<\/p>\n<h5>Norwegen gegen ausl\u00e4ndische Truppen an der Grenze<\/h5>\n<p>\u00dcberraschend kam am 3. Dezember <a href=\"https:\/\/tass.ru\/mezhdunarodnaya-panorama\/13100491\" target=\"_blank\" rel=\"noreferrer noopener\">die Meldung<\/a>, dass sich die neue norwegische Regierung dagegen ausgesprochen hat, dass ausl\u00e4ndische Nato-Truppen nahe der norwegisch-russischen Grenze stationiert werden. Das sagte die neue norwegische Au\u00dfenministerin der norwegischen Presse.<\/p>\n<p>Das ist deshalb \u00fcberraschend, weil erst <a href=\"https:\/\/www.anti-spiegel.ru\/2021\/amerikanische-strategische-bomber-und-atom-u-boote-direkt-an-der-norwegisch-russischen-grenze-stationiert\/\" target=\"_blank\" rel=\"noreferrer noopener\">Anfang des Jahres gemeldet wurde<\/a>, dass in Norwegen amerikanische und britische Bomber und auch auch Marineinfanteristen im Norden Norwegens, also unweit der norwegisch-russischen Grenze stationiert worden sind. Hinzu kam noch, dass in diesem Jahr in Norwegen auch ein <a href=\"https:\/\/www.anti-spiegel.ru\/2021\/usa-nehmen-stuetzpunkt-fuer-atom-u-boot-in-norwegen-in-betrieb\/\" target=\"_blank\" rel=\"noreferrer noopener\">St\u00fctzpunkt f\u00fcr amerikanische Atom-U-Boote<\/a> er\u00f6ffnet worden ist.<\/p>\n<p>Ob Norwegen den Abzug der Einheiten fordern wird, geht aus der Meldung nicht hervor, aber die Au\u00dfenministerin sagte ausdr\u00fccklich, dass sie mit den Amerikanern und Briten dar\u00fcber reden wolle, was zumindest bedeuten kann, dass Norwegen sich f\u00fcr den Abzug der anglo-amerikanischen Truppen aus seinem Land einsetzen m\u00f6chte.<\/p>\n<h5>Amerikanische Interessen?<\/h5>\n<p>Aus dem Pentagon kamen am 3. Dezember hingegen andere T\u00f6ne. Der Vorsitzender des Vereinigten Generalstabs der Streitkr\u00e4fte der USA, General Mark A. Milley, <a href=\"https:\/\/tass.ru\/mezhdunarodnaya-panorama\/13100295\" target=\"_blank\" rel=\"noreferrer noopener\">sagte Journalisten<\/a> auf einem Flug von Seoul nach Washington, dass es in der Ukraine um nationale Sicherheitsinteressen der USA ginge. Welche Ma\u00dfnahmen die USA im Falle eines Krieges zwischen Russland und der Ukraine ergreifen w\u00fcrden, sagte Milley allerdings nicht.<\/p>\n<p>Man fragt sich wieder einmal, mit welchem Recht die USA ihre Sicherheitsinteressen in der Ukraine sehen, denn man stelle sich einmal vor, Russland oder China w\u00fcrden verk\u00fcnden, dass das amerikanische Vorgehen zum Beispiel gegen Kuba die Sicherheitsinteressen Russlands oder Chinas betrifft. Der Aufschrei im Westen, dass sich andere L\u00e4nder aus dem Hinterhof der USA herauszuhalten haben, w\u00e4re sehr laut.<\/p>\n<h5>Und noch mehr Sanktionen<\/h5>\n<p>Dass der Westen f\u00fcr Sanktionen keine Gr\u00fcnde braucht, sondern sie l\u00e4ngst zu einem Mittel der Politik geworden sind, ist nicht neu und wurde am 3. Dezember erneut best\u00e4tigt. Die Pr\u00e4sidenten Litauens, Polens und der Ukraine haben sich <a href=\"https:\/\/tass.ru\/mezhdunarodnaya-panorama\/13099465\" target=\"_blank\" rel=\"noreferrer noopener\">in einer Online-Konferenz darauf geeinigt<\/a>, eine weitere Versch\u00e4rfung der Sanktionen gegen Russland zu fordern. Der Grund dieses Mal: Russlands angebliche \u201eAggression gegen\u00fcber Kiew\u201c.<\/p>\n<p>Worin diese angebliche \u201eAggression\u201c besteht, wurde auch gesagt: Russland solle seine Truppen von der ukrainischen Grenze zur\u00fcckziehen. W\u00e4hrend Kiew seine halbe Armee im Donbass, also an der russischen Grenze, zusammengezogen hat, soll Russland seine Truppen, deren Anwesenheit noch nicht einmal von irgendwem best\u00e4tigt wurde, von seiner Grenze abziehen und dem Treiben der Nato in dem Gebiet mit gefalteten H\u00e4nden zuschauen.<\/p>\n<p>In meinem neuen Buch \u201e<a href=\"https:\/\/www.j-k-fischer-verlag.de\/product_info.php?ref=1023&amp;products_id=10566&amp;affiliate_banner_id=1&amp;utm=2\">Abh\u00e4ngig besch\u00e4ftigt \u2013 Wie Deutschlands f\u00fchrende Politiker im Interesse der wirklich M\u00e4chtigen handeln<\/a>\u201c habe ich mich sehr intensiv mit weiteren Themen rund um die komplexen Zusammenh\u00e4nge der gesteuertern Politik im Westen und deren brisanten Verstrickungen mit einer ganzen Reihe von Organisationen besch\u00e4ftigt und dabei einiges zu Tage gef\u00f6rdert.<\/p>\n<p><em>Thomas R\u00f6per, geboren 1971, hat als Experte f\u00fcr Osteuropa in Finanzdienstleistungsunternehmen in Osteuropa und Russland Vorstands- und Aufsichtsratspositionen bekleidet. Heute lebt er in seiner Wahlheimat St. Petersburg. Er lebt \u00fcber 15 Jahre in Russland und spricht flie\u00dfend Russisch. Die Schwerpunkte seiner medienkritischen Arbeit sind das (mediale) Russlandbild in Deutschland, Kritik an der Berichterstattung westlicher Medien im Allgemeinen und die Themen (Geo-)Politik und Wirtschaft.<\/em><\/p>\n<p><span style=\"font-size: 10pt;\">Wir danken dem Betreiber der Website\u00a0<a href=\"https:\/\/www.anti-spiegel.ru\/\" target=\"_blank\" rel=\"noopener\">anti-spiegel.ru<\/a>\u00a0Thomas R\u00f6per f\u00fcr die Genehmigung zur Ver\u00f6ffentlichung des Textes auf unserer Webseite.<\/span><\/p>\n<p><span style=\"font-size: 10pt;\">Link zur Erstver\u00f6ffentlichung: <a href=\"https:\/\/www.anti-spiegel.ru\/2021\/die-eskalationsspirale-der-letzten-vier-tage\/\" target=\"_blank\" rel=\"noopener\">https:\/\/www.anti-spiegel.ru\/2021\/die-eskalationsspirale-der-letzten-vier-tage\/<\/a><\/span><\/p>\n<hr \/>\n<p><span style=\"font-size: 10pt;\">Bild: <a href=\"https:\/\/qpress.de\/2020\/03\/02\/nato-muss-sich-endlich-als-angriffsbuendnis-outen\/\" target=\"_blank\" rel=\"noopener\">qpress.de<\/a><\/span><\/p>\n","protected":false},"excerpt":{"rendered":"<p><b>Beitrag von Anti-Spiegel (d.i. Thomas R\u00f6per)<\/b><br \/>\nDie Nato provoziert Russland immer offensiver und st\u00e4rker. Hier finden Sie eine Zusammenfassung der Ereignisse vom 30. November bis zum 3. Dezember 2021. &#8230;<br \/>\nAm 30. November gab es eine neue Drohung in Richtung Russland. Auf einem Treffen der Nato-Au\u00dfenminister in Riga wurde Russland gedroht, es werde f\u00fcr \u201eaggressives Verhalten\u201c hart bestraft. US-Au\u00dfenminister Antony Blinken sagte, \u201ejede neue Aggression w\u00fcrde schwerwiegende Konsequenzen nach sich ziehen\u201e. Das ist bemerkenswert, denn die Nato behauptet st\u00e4ndig, Russland sei permanent aggressiv. Aber mir f\u00e4llt nichts ein, was man in den letzten zum Beispiel f\u00fcnf Jahren als \u201eaggressives Verhalten\u201c Russlands bezeichnen k\u00f6nnte.<\/p>\n","protected":false},"author":3,"featured_media":11777,"comment_status":"closed","ping_status":"closed","sticky":false,"template":"","format":"standard","meta":{"colormag_page_container_layout":"default_layout","colormag_page_sidebar_layout":"default_layout","advanced_seo_description":"","jetpack_seo_html_title":"","jetpack_seo_noindex":false,"jetpack_post_was_ever_published":false,"footnotes":""},"categories":[13],"tags":[1458,1121,56,222,1111,185],"class_list":["post-11768","post","type-post","status-publish","format-standard","has-post-thumbnail","hentry","category-frieden-antifaschismus-solidaritaet","tag-bedrohung","tag-donbass","tag-nato","tag-russland","tag-ukraine","tag-usa"],"jetpack_featured_media_url":"https:\/\/i0.wp.com\/www.freidenker.org\/fw17\/wp-content\/uploads\/2021\/12\/nato-terror_von_qpress.de_800x450_v2.jpg?fit=800%2C450&ssl=1","jetpack_shortlink":"https:\/\/wp.me\/p9stpK-33O","jetpack-related-posts":[{"id":21752,"url":"https:\/\/www.freidenker.org\/?p=21752","url_meta":{"origin":11768,"position":0},"title":"In Rum\u00e4nien gewinnt erneut der \u201efalsche\u201c Kandidat &#8230;","author":"Webredaktion","date":"7. Mai 2025","format":false,"excerpt":"... und was Spiegel-Leser dar\u00fcber (nicht) erfahren Beitrag von Anti-Spiegel (d.i. Thomas R\u00f6per) Ende November fand in Rum\u00e4nien die erste Runde der Pr\u00e4sidentschaftswahlen statt und dabei gewann Calin Georgescu, ein als Nationalist bezeichneter Kandidat, der sich kritisch gegen\u00fcber NATO und EU \u00e4u\u00dfert, mit 22,9 Prozent der abgegebenen Stimmen. Den zweiten\u2026","rel":"","context":"In &quot;Demokratie \u2013 Medien \u2013 Aufkl\u00e4rung&quot;","block_context":{"text":"Demokratie \u2013 Medien \u2013 Aufkl\u00e4rung","link":"https:\/\/www.freidenker.org\/?cat=12"},"img":{"alt_text":"","src":"https:\/\/i0.wp.com\/www.freidenker.org\/fw17\/wp-content\/uploads\/2025\/05\/George_Simion_Arad4_54366726734_800x450.jpg?fit=800%2C450&ssl=1&resize=350%2C200","width":350,"height":200,"srcset":"https:\/\/i0.wp.com\/www.freidenker.org\/fw17\/wp-content\/uploads\/2025\/05\/George_Simion_Arad4_54366726734_800x450.jpg?fit=800%2C450&ssl=1&resize=350%2C200 1x, https:\/\/i0.wp.com\/www.freidenker.org\/fw17\/wp-content\/uploads\/2025\/05\/George_Simion_Arad4_54366726734_800x450.jpg?fit=800%2C450&ssl=1&resize=525%2C300 1.5x, https:\/\/i0.wp.com\/www.freidenker.org\/fw17\/wp-content\/uploads\/2025\/05\/George_Simion_Arad4_54366726734_800x450.jpg?fit=800%2C450&ssl=1&resize=700%2C400 2x"},"classes":[]},{"id":19268,"url":"https:\/\/www.freidenker.org\/?p=19268","url_meta":{"origin":11768,"position":1},"title":"\u201eWollen die einen ernsthaften Konflikt in Europa und einen globalen Konflikt? Dann bitte sehr.\u201c","author":"Webredaktion","date":"3. Juni 2024","format":false,"excerpt":"Beitrag von Thomas R\u00f6per Vor drei Tagen war der russische Pr\u00e4sident auf Staatsbesuch in Usbekistan und hat sich anschlie\u00dfend der Presse gestellt. Dabei haben zwei Journalisten nach den zu dem Zeitpunkt noch diskutierten Pl\u00e4nen des Westens gefragt, Kiew zu erlauben, Ziele in Russland mit aus dem Westen gelieferten Waffen zu\u2026","rel":"","context":"In &quot;Demokratie \u2013 Medien \u2013 Aufkl\u00e4rung&quot;","block_context":{"text":"Demokratie \u2013 Medien \u2013 Aufkl\u00e4rung","link":"https:\/\/www.freidenker.org\/?cat=12"},"img":{"alt_text":"","src":"https:\/\/i0.wp.com\/www.freidenker.org\/fw17\/wp-content\/uploads\/2024\/06\/Putin_Taschkent_2024-05-28_800x450.jpg?fit=800%2C450&ssl=1&resize=350%2C200","width":350,"height":200,"srcset":"https:\/\/i0.wp.com\/www.freidenker.org\/fw17\/wp-content\/uploads\/2024\/06\/Putin_Taschkent_2024-05-28_800x450.jpg?fit=800%2C450&ssl=1&resize=350%2C200 1x, https:\/\/i0.wp.com\/www.freidenker.org\/fw17\/wp-content\/uploads\/2024\/06\/Putin_Taschkent_2024-05-28_800x450.jpg?fit=800%2C450&ssl=1&resize=525%2C300 1.5x, https:\/\/i0.wp.com\/www.freidenker.org\/fw17\/wp-content\/uploads\/2024\/06\/Putin_Taschkent_2024-05-28_800x450.jpg?fit=800%2C450&ssl=1&resize=700%2C400 2x"},"classes":[]},{"id":22912,"url":"https:\/\/www.freidenker.org\/?p=22912","url_meta":{"origin":11768,"position":2},"title":"Medienkampagne \u00fcber Drohnenvorf\u00e4lle soll auf einen Krieg mit Russland vorbereiten","author":"Webredaktion","date":"24. September 2025","format":false,"excerpt":"Beitrag von Anti-Spiegel (d.i. Thomas R\u00f6per) Warum offensichtlich ist, dass die Medienkampagne \u00fcber Drohnenvorf\u00e4lle die Menschen in Europa auf einen Krieg mit Russland vorbereiten soll Die Meldungen aus D\u00e4nemark klingen dramatisch. Der Flughafen von Kopenhagen musste stundenlang gesperrt werden, weil dort Drohnen gesichtet wurden. Die d\u00e4nische Ministerpr\u00e4sidentin spricht von einem\u2026","rel":"","context":"In &quot;Demokratie \u2013 Medien \u2013 Aufkl\u00e4rung&quot;","block_context":{"text":"Demokratie \u2013 Medien \u2013 Aufkl\u00e4rung","link":"https:\/\/www.freidenker.org\/?cat=12"},"img":{"alt_text":"","src":"https:\/\/i0.wp.com\/www.freidenker.org\/fw17\/wp-content\/uploads\/2025\/09\/eu-evil1_800x450.jpg?fit=800%2C450&ssl=1&resize=350%2C200","width":350,"height":200,"srcset":"https:\/\/i0.wp.com\/www.freidenker.org\/fw17\/wp-content\/uploads\/2025\/09\/eu-evil1_800x450.jpg?fit=800%2C450&ssl=1&resize=350%2C200 1x, https:\/\/i0.wp.com\/www.freidenker.org\/fw17\/wp-content\/uploads\/2025\/09\/eu-evil1_800x450.jpg?fit=800%2C450&ssl=1&resize=525%2C300 1.5x, https:\/\/i0.wp.com\/www.freidenker.org\/fw17\/wp-content\/uploads\/2025\/09\/eu-evil1_800x450.jpg?fit=800%2C450&ssl=1&resize=700%2C400 2x"},"classes":[]},{"id":22854,"url":"https:\/\/www.freidenker.org\/?p=22854","url_meta":{"origin":11768,"position":3},"title":"Drohnenalarm in Polen: Der Mittwoch der totalen Kriegspropaganda","author":"Webredaktion","date":"16. September 2025","format":false,"excerpt":"Beitrag von Anti-Spiegel, d.i. Thomas R\u00f6per Die Geschichte dessen, was in der Nacht von Dienstag und Mittwoch geschehen ist, ist schnell erz\u00e4hlt. Wie jede Nacht haben Russland und die Ukraine sich gegenseitig mit Drohnen beschossen und einige russische Drohen, die Rede ist von etwa 16 St\u00fcck, wurden in der Nordwest-Ukraine\u2026","rel":"","context":"In &quot;Demokratie \u2013 Medien \u2013 Aufkl\u00e4rung&quot;","block_context":{"text":"Demokratie \u2013 Medien \u2013 Aufkl\u00e4rung","link":"https:\/\/www.freidenker.org\/?cat=12"},"img":{"alt_text":"","src":"https:\/\/i0.wp.com\/www.freidenker.org\/fw17\/wp-content\/uploads\/2025\/09\/9-10_September_2025_Russian_drone_incursion_into_Poland_800x450.jpg?fit=800%2C450&ssl=1&resize=350%2C200","width":350,"height":200,"srcset":"https:\/\/i0.wp.com\/www.freidenker.org\/fw17\/wp-content\/uploads\/2025\/09\/9-10_September_2025_Russian_drone_incursion_into_Poland_800x450.jpg?fit=800%2C450&ssl=1&resize=350%2C200 1x, https:\/\/i0.wp.com\/www.freidenker.org\/fw17\/wp-content\/uploads\/2025\/09\/9-10_September_2025_Russian_drone_incursion_into_Poland_800x450.jpg?fit=800%2C450&ssl=1&resize=525%2C300 1.5x, https:\/\/i0.wp.com\/www.freidenker.org\/fw17\/wp-content\/uploads\/2025\/09\/9-10_September_2025_Russian_drone_incursion_into_Poland_800x450.jpg?fit=800%2C450&ssl=1&resize=700%2C400 2x"},"classes":[]},{"id":22981,"url":"https:\/\/www.freidenker.org\/?p=22981","url_meta":{"origin":11768,"position":4},"title":"Die NATO macht mobil","author":"Webredaktion","date":"29. September 2025","format":false,"excerpt":"Eine Sammlung von 5 Beitr\u00e4gen von Thomas R\u00f6per Rund vier Wochen lang hat der in St. Petersburg wohnende deutsche Journalist Thomas R\u00f6per (mit Einreiseverbot in die EU) die \u201eZwischenf\u00e4lle\u201c zusammengetragen und ausgewertet, die uns von den Medien t\u00e4glich pr\u00e4sentiert werden: Luftraumverletzungen, Drohnen, St\u00f6rungen des Funkverkehrs, besch\u00e4digte Unterwasserkabel, Eindringen in Hoheitsgew\u00e4sser\u2026","rel":"","context":"In &quot;Demokratie \u2013 Medien \u2013 Aufkl\u00e4rung&quot;","block_context":{"text":"Demokratie \u2013 Medien \u2013 Aufkl\u00e4rung","link":"https:\/\/www.freidenker.org\/?cat=12"},"img":{"alt_text":"","src":"https:\/\/i0.wp.com\/www.freidenker.org\/fw17\/wp-content\/uploads\/2025\/09\/Drohne_Gerbera_800x450.jpg?fit=800%2C450&ssl=1&resize=350%2C200","width":350,"height":200,"srcset":"https:\/\/i0.wp.com\/www.freidenker.org\/fw17\/wp-content\/uploads\/2025\/09\/Drohne_Gerbera_800x450.jpg?fit=800%2C450&ssl=1&resize=350%2C200 1x, https:\/\/i0.wp.com\/www.freidenker.org\/fw17\/wp-content\/uploads\/2025\/09\/Drohne_Gerbera_800x450.jpg?fit=800%2C450&ssl=1&resize=525%2C300 1.5x, https:\/\/i0.wp.com\/www.freidenker.org\/fw17\/wp-content\/uploads\/2025\/09\/Drohne_Gerbera_800x450.jpg?fit=800%2C450&ssl=1&resize=700%2C400 2x"},"classes":[]},{"id":20409,"url":"https:\/\/www.freidenker.org\/?p=20409","url_meta":{"origin":11768,"position":5},"title":"Medien bereiten den Weg zum Krieg","author":"Webredaktion","date":"24. November 2024","format":false,"excerpt":"Beitrag von Thomas R\u00f6per Pr\u00e4sident Putin hat am Donnerstag in einer Rede angek\u00fcndigt, Russland sehe sich nach den Angriffen mit westlichen Waffen auf sein Gebiet berechtigt, Ziele in den L\u00e4ndern anzugreifen, die zu diesen Angriffen die Erlaubnis gegeben haben. Die deutschen Medien verschweigen das komplett. Ich bin von den deutschen\u2026","rel":"","context":"In &quot;Demokratie \u2013 Medien \u2013 Aufkl\u00e4rung&quot;","block_context":{"text":"Demokratie \u2013 Medien \u2013 Aufkl\u00e4rung","link":"https:\/\/www.freidenker.org\/?cat=12"},"img":{"alt_text":"","src":"https:\/\/i0.wp.com\/www.freidenker.org\/fw17\/wp-content\/uploads\/2024\/11\/Virtual_Studio_of_Tagesschau_800x450.jpg?fit=800%2C450&ssl=1&resize=350%2C200","width":350,"height":200,"srcset":"https:\/\/i0.wp.com\/www.freidenker.org\/fw17\/wp-content\/uploads\/2024\/11\/Virtual_Studio_of_Tagesschau_800x450.jpg?fit=800%2C450&ssl=1&resize=350%2C200 1x, https:\/\/i0.wp.com\/www.freidenker.org\/fw17\/wp-content\/uploads\/2024\/11\/Virtual_Studio_of_Tagesschau_800x450.jpg?fit=800%2C450&ssl=1&resize=525%2C300 1.5x, https:\/\/i0.wp.com\/www.freidenker.org\/fw17\/wp-content\/uploads\/2024\/11\/Virtual_Studio_of_Tagesschau_800x450.jpg?fit=800%2C450&ssl=1&resize=700%2C400 2x"},"classes":[]}],"_links":{"self":[{"href":"https:\/\/www.freidenker.org\/index.php?rest_route=\/wp\/v2\/posts\/11768","targetHints":{"allow":["GET"]}}],"collection":[{"href":"https:\/\/www.freidenker.org\/index.php?rest_route=\/wp\/v2\/posts"}],"about":[{"href":"https:\/\/www.freidenker.org\/index.php?rest_route=\/wp\/v2\/types\/post"}],"author":[{"embeddable":true,"href":"https:\/\/www.freidenker.org\/index.php?rest_route=\/wp\/v2\/users\/3"}],"replies":[{"embeddable":true,"href":"https:\/\/www.freidenker.org\/index.php?rest_route=%2Fwp%2Fv2%2Fcomments&post=11768"}],"version-history":[{"count":0,"href":"https:\/\/www.freidenker.org\/index.php?rest_route=\/wp\/v2\/posts\/11768\/revisions"}],"wp:featuredmedia":[{"embeddable":true,"href":"https:\/\/www.freidenker.org\/index.php?rest_route=\/wp\/v2\/media\/11777"}],"wp:attachment":[{"href":"https:\/\/www.freidenker.org\/index.php?rest_route=%2Fwp%2Fv2%2Fmedia&parent=11768"}],"wp:term":[{"taxonomy":"category","embeddable":true,"href":"https:\/\/www.freidenker.org\/index.php?rest_route=%2Fwp%2Fv2%2Fcategories&post=11768"},{"taxonomy":"post_tag","embeddable":true,"href":"https:\/\/www.freidenker.org\/index.php?rest_route=%2Fwp%2Fv2%2Ftags&post=11768"}],"curies":[{"name":"wp","href":"https:\/\/api.w.org\/{rel}","templated":true}]}}