{"id":11750,"date":"2021-12-04T13:58:42","date_gmt":"2021-12-04T12:58:42","guid":{"rendered":"https:\/\/www.freidenker.org\/?p=11750"},"modified":"2021-12-31T17:51:37","modified_gmt":"2021-12-31T16:51:37","slug":"ein-brief-aus-dem-transatlantischen-sumpf-aus-angst-vor-einem-sieg-fuer-putin","status":"publish","type":"post","link":"https:\/\/www.freidenker.org\/?p=11750","title":{"rendered":"Ein Brief aus dem transatlantischen Sumpf \u2013 aus Angst vor einem &#8222;Sieg f\u00fcr Putin&#8220;"},"content":{"rendered":"<p><strong>Eigentlich m\u00f6chte man es gar nicht so genau wissen, wie innerhalb dieses transatlantischen B\u00fcndnisses kommuniziert wird. Das j\u00fcngst ver\u00f6ffentlichte &#8222;Geheim&#8220;-Schreiben der deutschen Botschaft in Washington zeigt, dass nichts offen ausgesprochen wird. <\/strong><\/p>\n<p><em>von <strong>Dagmar Henn<\/strong><\/em><\/p>\n<p><span style=\"font-size: 10pt;\">Erstver\u00f6ffentlichung am 30.11.2021 auf <a href=\"https:\/\/de.rt.com\/meinung\/127755-ein-brief-aus-dem-transatlantischen-sumpf-und-eine-hauptstadt-in-der-lichter-an-sind\/\" target=\"_blank\" rel=\"noopener\">RT DE<\/a><\/span><\/p>\n<p>Das <a href=\"https:\/\/www.axios.com\/germany-nord-stream-sanctions-congress-ukraine-4d28940b-dc3b-4b19-9d16-c122da6d113c.html\" target=\"_blank\" rel=\"noopener noreferrer\">Schreiben<\/a> der deutschen Botschaft in Washington, das wohl an demokratische Vertreter im US-Parlament ging und das das Internet-Portal <em>Axios<\/em> am Sonntag ver\u00f6ffentlichte, zeigt, welcher Sumpf auch in diesen Beziehungen herrscht.<\/p>\n<p><em>Axios<\/em>\u00a0<a href=\"https:\/\/www.axios.com\/germany-nord-stream-sanctions-congress-ukraine-4d28940b-dc3b-4b19-9d16-c122da6d113c.html\" target=\"_blank\" rel=\"noopener noreferrer\">dekorierte<\/a> den Inhalt des Schreibens nat\u00fcrlich mit den laufenden Propagandageschichten wie den angeblich drohenden 100.000 Mann russischen Milit\u00e4rs (ja, immer noch die Fotos aus Jelnja) und mit der putzigen Formulierung, eine Inbetriebnahme von Nord Stream 2 n\u00e4hme der Ukraine &#8222;eine der letzten Abschreckungen vor einem russischen Einmarsch&#8220;. Das erschlie\u00dft sich nicht wirklich, au\u00dfer, Kiew erpresste erneut mit einer Sperrung der Pipeline.<\/p>\n<p>In Wirklichkeit war es ja das unzuverl\u00e4ssige Verhalten der ukrainischen Kleptokratie, die \u2013 wie die &#8222;Gasprinzessin&#8220; Julia Timoschenko \u2013 ihren Reichtum zum Teil einfach aus der Pipeline gestohlen hatte, das zum Bau der beiden Nord-Stream-Verbindungen f\u00fchrte. Wenn jemand Energieversorgung zur Erpressung gebraucht hat, dann war das die Ukraine.<\/p>\n<p>Aber was schert die Wirklichkeit? Interessant an diesem Dokument ist zum einen, dass es irgendjemand an <em>Axios<\/em> durchgestochen haben muss, wobei nicht klar ist, ob dieser jemand zum Sender, also der deutschen Botschaft, oder zum Empf\u00e4nger, also den US-Abgeordneten geh\u00f6rt. Auff\u00e4llig ist auch, dass das Papier um die n\u00fcchternen Fakten herumschleicht wie die Katze um den hei\u00dfen Brei. Schlie\u00dflich k\u00f6nnte auch die deutsche Botschaft ganz offen schreiben, ohne Nord Stream 2 w\u00fcrde eine nennenswerte Zahl Deutscher diesen Winter frieren, und das w\u00fcrde sie den USA oder gar den ukrainischen Kleptokraten nicht gerade gewogen stimmen.<\/p>\n<p>Sie sagen auch nicht, dass Nord Stream 2 durchaus ein strategisches deutsches Projekt ist, um selbst den Rest Europas erpressen zu k\u00f6nnen. So viel Ehrlichkeit vertr\u00e4gt dieses innige transatlantische Verh\u00e4ltnis offenkundig nicht. Im Grunde l\u00e4sst sich der Inhalt in zwei Zeilen zusammenfassen: Wir brauchen dieses Projekt, lasst die Finger davon. Da wird kompliziert ums Eck argumentiert. Weil wir im Juli eine Vereinbarung abgeschlossen haben, wie wir mit der Ukraine zuk\u00fcnftig umgehen, und wir doch glatt unser Vertrauen in euch, die US-Amerikaner, verlieren, wenn ihr sie jetzt ignoriert und \u00fcber unsere Interessen hinweggeht, und wir dann auf euch b\u00f6se sein m\u00fcssen, dann n\u00fctzt das letztlich Putin. Was ist das f\u00fcr eine &#8222;Partnerschaft&#8220;, in der man sich derart windet?<\/p>\n<p>Die Stelle muss man tats\u00e4chlich im Original lesen. Die \u00dcberschrift dar\u00fcber lautet &#8222;Sanktionen gegen einen US-Verb\u00fcndeten w\u00e4ren nur ein Sieg f\u00fcr Putin&#8220;.<\/p>\n<blockquote><p><em>&#8222;US-Sanktionen gegen Nord Stream 2 w\u00fcrden die Deutschland gegen\u00fcber in der Gemeinsamen Erkl\u00e4rung eingegangenen Verpflichtungen untergraben, die Glaubw\u00fcrdigkeit der US-Regierung schw\u00e4chen und die Errungenschaften der gemeinsamen Erkl\u00e4rung gef\u00e4hrden, einschlie\u00dflich der Ma\u00dfnahmen zur Unterst\u00fctzung der Ukraine. Sie w\u00fcrden letztlich die transatlantische Einigkeit gef\u00e4hrden.&#8220;<\/em><\/p><\/blockquote>\n<p>Das Dokument belegt auch, wie sehr die letzten Bundesregierungen mit gespaltener Zunge sprachen: &#8222;Seit der illegalen Annexion der Krim durch Russland und Russlands Handlungen in der Ostukraine als Wendepunkt in den Beziehungen zu Russland hat Deutschland die EU dahin gef\u00fchrt, sich bei den Sanktionen hinter die USA zu stellen, und stand es an der Spitze der Schaffung mehrerer auf Russland bezogener Sanktionsregime in der EU und national.&#8220; Gut, dass wir das einmal so deutlich zu lesen bekommen, dass unsere Regierung diesen Mist nicht einfach mitgemacht, sondern tats\u00e4chlich angetrieben hat \u2013 und die ganze Zeit so tat, als k\u00f6nne sie kein W\u00e4sserchen tr\u00fcben.<\/p>\n<p>Trotz all der Heuchelei und der Beschw\u00f6rung, wie sehr und felsenfest man an der Seite der Ukraine stehe, ein klitzekleines bisschen k\u00f6nnte dieses Schreiben \u2013 zumindest vor\u00fcbergehend \u2013 tats\u00e4chlich dem Frieden gen\u00fctzt haben. Schlicht, weil ein Ende von Nord Stream 2 f\u00fcr die US-Regierung gewisserma\u00dfen ein Kollateralnutzen aus einer milit\u00e4rischen Provokation im Donbass w\u00e4re, falls diese ein russisches Eingreifen erforderlich macht. Und noch mehr Motivation, gewaltigen Unfug anzustellen, brauchen die absteigenden USA sicher nicht.<\/p>\n<p>Es ist allerdings kaum zu glauben, dass das hinter dem Schreiben der deutschen Botschaft steckt. Die wollte vor allem den machtpolitischen Vorteil verteidigen, den die deutschen Konzerne aus dieser Pipeline ziehen k\u00f6nnen. Ja, und angesichts des energiepolitischen Unsinns, der so alles beschlossen wurde, doch noch irgendwie sicherstellen, dass die deutsche Energieversorgung stabil bleiben kann. Was wiederum nicht nur irgendwelchen US-Demokraten, sondern auch deutschen Gr\u00fcnen missfallen haben k\u00f6nnte, weswegen es eben unklar bleibt, wer dieses Papier weitergereicht hat.<\/p>\n<p>Wie weit die bisherige Bundesregierung zu gehen bereit ist, hat sie j\u00fcngst in ihrer Abkehr von den Minsker Vereinbarungen bewiesen. Die Position, die der deutsche Au\u00dfenminister Heiko Maas in seinem Schreiben an Sergei Lawrow vertreten hat, ist ein weiteres Beispiel der gespaltenen Zunge. W\u00e4hrend hier immer herumges\u00fclzt wird, man setze sich f\u00fcr Frieden in der Ukraine ein, wird in Wirklichkeit der Kern der Minsker Vereinbarungen vollst\u00e4ndig ignoriert. 2015, als diese Vereinbarungen unterschrieben wurden, als die damalige Bundesregierung sich f\u00fcr ihre Unterzeichnung einsetzte, ging es nur darum, die Reste des ukrainischen Milit\u00e4rs zu retten, zur sp\u00e4teren Weiterverwendung. Sonst h\u00e4tten sich die Regierungen Merkel III und Merkel IV anders verhalten, irgendwann einmal Druck auf Kiew aus\u00fcben m\u00fcssen.<\/p>\n<p>Wobei man nat\u00fcrlich zugeben muss: Der unmittelbare Nutzen der ukrainischen Kolonie ist f\u00fcr die Herrschenden in Deutschland gr\u00f6\u00dfer als f\u00fcr die in den USA. Der ruinierte, deindustrialisierte Staat bietet best\u00e4ndigen Nachschub an Billigl\u00f6hnern, die man nicht einmal erst alphabetisieren muss. Pflegekr\u00e4fte und Lastwagenfahrer sind hochwillkommen; zumindest bei jenen, die mit ihnen Profit machen. H\u00e4tte das Land eine Perspektive eigener Entwicklung, w\u00fcrde dieser Nutzen schwinden. Also bleibt dort am besten alles so, wie es ist.<\/p>\n<p>Und selbstverst\u00e4ndlich sind sich die USA und die Bundesregierung darin einig, dass es n\u00fctzlich ist, \u00fcber die Bedrohung des Donbass ein Mittel in der Hand zu haben, Russland best\u00e4ndig zuzusetzen. Die Balten schreien zwar laut, aber sie k\u00f6nnen nicht wirklich wehtun. Die Ukraine gegen Russland zu stellen, das war schon den Habsburgern ein Herzensanliegen gewesen, die Nazis verfolgten den Weg weiter, und irgendwas muss man ja schlie\u00dflich davon haben, wenn man diese ganzen dubiosen Gestalten jahrzehntelang in der Zeppelinstra\u00dfe in M\u00fcnchen untergebracht und versorgt hat. Einen Ex-Boxer die Stadt Kiew zugrunde richten zu lassen, gen\u00fcgt da nicht.<\/p>\n<p>Wie allerdings das k\u00fcnftige Au\u00dfenministerium unter Annalena Baerbock zu dem Ganzen steht, ist noch unklar. Schlie\u00dflich ist es den Gr\u00fcnen in Summe herzlich egal, ob die Deutschen Strom haben oder heizen k\u00f6nnen, und mit dem Frieden hat die ehemalige Friedenspartei schon lange nichts mehr am Hut. Im Gegenteil: W\u00e4hrend in dem Schreiben der deutschen Botschaft unter dem ganzen Berg von Phrasen zumindest noch ansatzweise das Interesse erkennbar ist und zumindest objektiv (ausnahmsweise und eher versehentlich) auch im Interesse der deutschen Bev\u00f6lkerung gehandelt wird, hat man es bei den Gr\u00fcnen mit Leuten zu tun, die die eigene Propaganda glauben. Insbesondere Baerbock, der man vermutlich als Kind einmal ein M\u00e4rchen von der Baba Jaga vorgelesen hat und die sich seither vor H\u00e4usern auf H\u00fchnerf\u00fc\u00dfen f\u00fcrchtet.<\/p>\n<p>Die w\u00e4ren sofort bereit, jede US-amerikanische Provokation abzunicken und Nord Stream 2 stillzulegen, und wenn die Normalsterblichen hier frieren, gilt es ihnen als angebrachte Bu\u00dfe f\u00fcr Klimas\u00fcnden. Wie verwirrt sie sind, zeigt sich an ihren Pl\u00e4nen, Visaerleichterungen f\u00fcr junge Russen einzuf\u00fchren. Sie sind \u00fcberzeugt davon, dass die unter 25-J\u00e4hrigen, die sie gerne einladen wollen, danach entweder begeistert im Westen bleiben, um als billige Arbeitskr\u00e4fte zu dienen, oder als Agenten nach Hause zur\u00fcckkehren.<\/p>\n<p>Das kommt davon, wenn man den Unterschied zwischen der Moskauer und der Berliner U-Bahn nicht kennt. Oder zwischen Moskauer und Berliner Flugh\u00e4fen. Oder den zwischen der Qualit\u00e4t des Internets in Moskau und der in Berlin. Sie glauben ernsthaft, dass ein Aufenthalt hier f\u00fcr den Westen wirbt.<\/p>\n<p>Liebe Gr\u00fcne, wenn ihr tats\u00e4chlich Nord Stream 2 verhindern solltet, k\u00f6nnt ihr euch dieses Programm gleich sparen. Der Zustand Berlins jetzt ist eigentlich abschreckend genug. Aber dann ist der Unterschied noch schneller zu erkennen. Moskau ist die Hauptstadt, in der nachts die Lichter an sind.<\/p>\n<p style=\"text-align: right;\"><em>Dagmar Henn ist Mitglied des Deutschen Freidenker-Verbandes<\/em><\/p>\n<p><span style=\"font-size: 10pt;\">Link zur Erstver\u00f6ffentlichung: <a href=\"https:\/\/de.rt.com\/meinung\/127755-ein-brief-aus-dem-transatlantischen-sumpf-und-eine-hauptstadt-in-der-lichter-an-sind\/\" target=\"_blank\" rel=\"noopener\">https:\/\/de.rt.com\/meinung\/127755-ein-brief-aus-dem-transatlantischen-sumpf-und-eine-hauptstadt-in-der-lichter-an-sind\/<\/a><\/span><\/p>\n<hr \/>\n<p><span style=\"font-size: 10pt;\">Bild: Bau von Nord Stream 2 bei R\u00fcgen, 2018<br \/>\nFoto: <a id=\"yui_3_16_0_1_1638620182250_7943\" class=\"owner-name truncate\" title=\"Geh zum Fotostream von J\u00fcrgen Mangelsdorf\" href=\"https:\/\/www.flickr.com\/photos\/22084572@N07\/\" target=\"_blank\" rel=\"noopener\" data-track=\"attributionNameClick\">J\u00fcrgen Mangelsdorf<\/a> \/ Lizenz: <a href=\"https:\/\/creativecommons.org\/licenses\/by-nc-nd\/2.0\/\" target=\"_blank\" rel=\"noopener\">CC BY-NC-ND 2.0<\/a> <\/span><br \/>\n<span style=\"font-size: 10pt;\">Quelle:\u00a0 <a href=\"https:\/\/www.flickr.com\/photos\/22084572@N07\/45188318294\" target=\"_blank\" rel=\"noopener\">https:\/\/www.flickr.com\/photos\/22084572@N07\/45188318294<\/a><\/span><\/p>\n","protected":false},"excerpt":{"rendered":"<p><b>Beitrag von Dagmar Henn<\/b><br \/>\nDas Schreiben der deutschen Botschaft in Washington, das wohl an demokratische Vertreter im US-Parlament ging und das das Internet-Portal Axios am Sonntag ver\u00f6ffentlichte, zeigt, welcher Sumpf auch in diesen Beziehungen herrscht. Axios\u00a0dekorierte den Inhalt des Schreibens nat\u00fcrlich mit den laufenden Propagandageschichten wie den angeblich drohenden 100.000 Mann russischen Milit\u00e4rs (ja, immer noch die Fotos aus Jelnja) und mit der putzigen Formulierung, eine Inbetriebnahme von Nord Stream 2 n\u00e4hme der Ukraine &#8222;eine der letzten Abschreckungen vor einem russischen Einmarsch&#8220;. Das erschlie\u00dft sich nicht wirklich, au\u00dfer, Kiew erpresste erneut mit einer Sperrung der Pipeline.<\/p>\n","protected":false},"author":3,"featured_media":11752,"comment_status":"closed","ping_status":"closed","sticky":false,"template":"","format":"standard","meta":{"colormag_page_container_layout":"default_layout","colormag_page_sidebar_layout":"default_layout","advanced_seo_description":"","jetpack_seo_html_title":"","jetpack_seo_noindex":false,"jetpack_post_was_ever_published":false,"footnotes":""},"categories":[12],"tags":[699,1317,222,719,1111,185],"class_list":["post-11750","post","type-post","status-publish","format-standard","has-post-thumbnail","hentry","category-demokratie-medien-aufklaerung","tag-aussenpolitik","tag-nord-stream","tag-russland","tag-sanktionen","tag-ukraine","tag-usa"],"jetpack_featured_media_url":"https:\/\/i0.wp.com\/www.freidenker.org\/fw17\/wp-content\/uploads\/2021\/12\/Nordstream2_45188318294_800x450.jpg?fit=800%2C450&ssl=1","jetpack_shortlink":"https:\/\/wp.me\/p9stpK-33w","jetpack-related-posts":[{"id":18730,"url":"https:\/\/www.freidenker.org\/?p=18730","url_meta":{"origin":11750,"position":0},"title":"&#8222;Vertreter Putins&#8220; im Bundestag? L\u00f6sen wir es doch per Quote!","author":"Webredaktion","date":"9. April 2024","format":false,"excerpt":"Beitrag von Dagmar Henn Jedem, der die Meldungen um das tschechische Portal \"Voice of Europe\" gelesen hat, war klar, dass damit eine Absicht verfolgt wird. Inzwischen ist auch deutlich, welche \u2013 man hat sich auf den AfD-Abgeordneten Petr Bystron eingeschossen, und jetzt soll sogar die Generalstaatsanwaltschaft M\u00fcnchen gegen ihn ermitteln,\u2026","rel":"","context":"In &quot;Demokratie \u2013 Medien \u2013 Aufkl\u00e4rung&quot;","block_context":{"text":"Demokratie \u2013 Medien \u2013 Aufkl\u00e4rung","link":"https:\/\/www.freidenker.org\/?cat=12"},"img":{"alt_text":"","src":"https:\/\/i0.wp.com\/www.freidenker.org\/fw17\/wp-content\/uploads\/2024\/04\/Petr_Bystron_25637917500_800x450.jpg?fit=800%2C450&ssl=1&resize=350%2C200","width":350,"height":200,"srcset":"https:\/\/i0.wp.com\/www.freidenker.org\/fw17\/wp-content\/uploads\/2024\/04\/Petr_Bystron_25637917500_800x450.jpg?fit=800%2C450&ssl=1&resize=350%2C200 1x, https:\/\/i0.wp.com\/www.freidenker.org\/fw17\/wp-content\/uploads\/2024\/04\/Petr_Bystron_25637917500_800x450.jpg?fit=800%2C450&ssl=1&resize=525%2C300 1.5x, https:\/\/i0.wp.com\/www.freidenker.org\/fw17\/wp-content\/uploads\/2024\/04\/Petr_Bystron_25637917500_800x450.jpg?fit=800%2C450&ssl=1&resize=700%2C400 2x"},"classes":[]},{"id":17370,"url":"https:\/\/www.freidenker.org\/?p=17370","url_meta":{"origin":11750,"position":1},"title":"Panik im Wei\u00dfen Haus?","author":"Webredaktion","date":"30. Oktober 2023","format":false,"excerpt":"\u00a0\u2013 geplagt von \"epischen Sorgen und historischer Gefahr\" Beitrag von Dagmar Henn Es ist im Grunde schon seit Monaten die zentrale Frage, die alle Beobachter au\u00dferhalb des Westens umtreibt: Gibt es irgendjemanden im Regierungsapparat der Vereinigten Staaten, der die kontinuierliche Eskalation anh\u00e4lt? Die Informationsquellen, die man finden kann, um einen\u2026","rel":"","context":"In &quot;Demokratie \u2013 Medien \u2013 Aufkl\u00e4rung&quot;","block_context":{"text":"Demokratie \u2013 Medien \u2013 Aufkl\u00e4rung","link":"https:\/\/www.freidenker.org\/?cat=12"},"img":{"alt_text":"","src":"https:\/\/i0.wp.com\/www.freidenker.org\/fw17\/wp-content\/uploads\/2023\/10\/White_House_Party_5-1-2011_5680869878_800x450.jpg?fit=800%2C450&ssl=1&resize=350%2C200","width":350,"height":200,"srcset":"https:\/\/i0.wp.com\/www.freidenker.org\/fw17\/wp-content\/uploads\/2023\/10\/White_House_Party_5-1-2011_5680869878_800x450.jpg?fit=800%2C450&ssl=1&resize=350%2C200 1x, https:\/\/i0.wp.com\/www.freidenker.org\/fw17\/wp-content\/uploads\/2023\/10\/White_House_Party_5-1-2011_5680869878_800x450.jpg?fit=800%2C450&ssl=1&resize=525%2C300 1.5x, https:\/\/i0.wp.com\/www.freidenker.org\/fw17\/wp-content\/uploads\/2023\/10\/White_House_Party_5-1-2011_5680869878_800x450.jpg?fit=800%2C450&ssl=1&resize=700%2C400 2x"},"classes":[]},{"id":11121,"url":"https:\/\/www.freidenker.org\/?p=11121","url_meta":{"origin":11750,"position":2},"title":"Kognitive Dissonanz \u2013 wie der Westen die Realit\u00e4t in Afghanistan verdr\u00e4ngte","author":"Webredaktion","date":"25. August 2021","format":false,"excerpt":"Ein Kommentar von Dagmar Henn Wie konnte es passieren, dass die Taliban scheinbar ohne Vorwarnung so schnell das ganze Land einnehmen? Warum war der Zustand der afghanischen Armee nicht bekannt? Diese und \u00e4hnliche Fragen dominieren augenblicklich die Debatte. All die teuren Dienste mit ihren Agenten und ihren gigantischen Abh\u00f6reinrichtungen h\u00e4tten\u2026","rel":"","context":"In &quot;Demokratie \u2013 Medien \u2013 Aufkl\u00e4rung&quot;","block_context":{"text":"Demokratie \u2013 Medien \u2013 Aufkl\u00e4rung","link":"https:\/\/www.freidenker.org\/?cat=12"},"img":{"alt_text":"","src":"https:\/\/i0.wp.com\/www.freidenker.org\/fw17\/wp-content\/uploads\/2021\/08\/Signing_Ceremony_in_Doha_800x450.jpg?fit=800%2C450&ssl=1&resize=350%2C200","width":350,"height":200,"srcset":"https:\/\/i0.wp.com\/www.freidenker.org\/fw17\/wp-content\/uploads\/2021\/08\/Signing_Ceremony_in_Doha_800x450.jpg?fit=800%2C450&ssl=1&resize=350%2C200 1x, https:\/\/i0.wp.com\/www.freidenker.org\/fw17\/wp-content\/uploads\/2021\/08\/Signing_Ceremony_in_Doha_800x450.jpg?fit=800%2C450&ssl=1&resize=525%2C300 1.5x, https:\/\/i0.wp.com\/www.freidenker.org\/fw17\/wp-content\/uploads\/2021\/08\/Signing_Ceremony_in_Doha_800x450.jpg?fit=800%2C450&ssl=1&resize=700%2C400 2x"},"classes":[]},{"id":24491,"url":"https:\/\/www.freidenker.org\/?p=24491","url_meta":{"origin":11750,"position":3},"title":"&#8222;Renaturierung&#8220; in Polen: Sumpf und Minen gegen Russland","author":"Webredaktion","date":"27. Februar 2026","format":false,"excerpt":"Beitrag von Dagmar Henn Es l\u00e4sst sich eigentlich kurz zusammenfassen als R\u00fccksturz in die Vergangenheit. Die Tagesschau\u00a0berichtet dar\u00fcber ganz romantisch: Ein Drittel der polnischen Westgrenze (die \u00fcbrigens nach Wei\u00dfrussland f\u00fchrt, nicht nach Russland) solle schlie\u00dflich nicht aus \"Betonbefestigungen und milit\u00e4rischen Stellungen\" bestehen, sondern einfach \"renaturieren\". \"Mehr als ein Drittel des\u2026","rel":"","context":"In &quot;Demokratie \u2013 Medien \u2013 Aufkl\u00e4rung&quot;","block_context":{"text":"Demokratie \u2013 Medien \u2013 Aufkl\u00e4rung","link":"https:\/\/www.freidenker.org\/?cat=12"},"img":{"alt_text":"","src":"https:\/\/i0.wp.com\/www.freidenker.org\/fw17\/wp-content\/uploads\/2026\/02\/Koterka_-_koniec_DW640_granica_panstwa_800x450.jpg?fit=800%2C450&ssl=1&resize=350%2C200","width":350,"height":200,"srcset":"https:\/\/i0.wp.com\/www.freidenker.org\/fw17\/wp-content\/uploads\/2026\/02\/Koterka_-_koniec_DW640_granica_panstwa_800x450.jpg?fit=800%2C450&ssl=1&resize=350%2C200 1x, https:\/\/i0.wp.com\/www.freidenker.org\/fw17\/wp-content\/uploads\/2026\/02\/Koterka_-_koniec_DW640_granica_panstwa_800x450.jpg?fit=800%2C450&ssl=1&resize=525%2C300 1.5x, https:\/\/i0.wp.com\/www.freidenker.org\/fw17\/wp-content\/uploads\/2026\/02\/Koterka_-_koniec_DW640_granica_panstwa_800x450.jpg?fit=800%2C450&ssl=1&resize=700%2C400 2x"},"classes":[]},{"id":18838,"url":"https:\/\/www.freidenker.org\/?p=18838","url_meta":{"origin":11750,"position":4},"title":"Deutschland und Iran &#8211; Wie immer keine Ahnung vom V\u00f6lkerrecht","author":"Webredaktion","date":"20. April 2024","format":false,"excerpt":"Beitrag von Dagmar Henn Vielleicht w\u00e4re es hilfreich, einen Online-Kurs in V\u00f6lkerrecht f\u00fcr die deutschen politischen Eliten abzuhalten \u2013 am besten mit der M\u00f6glichkeit einer anonymen Teilnahme, damit sie nicht die Peinlichkeit einer Entdeckung f\u00fcrchten m\u00fcssen (wobei die Aussagen, die regelm\u00e4\u00dfig geliefert werden, schon genug sichtbarer Beleg f\u00fcr Ahnungslosigkeit sind).\u2026","rel":"","context":"In &quot;Demokratie \u2013 Medien \u2013 Aufkl\u00e4rung&quot;","block_context":{"text":"Demokratie \u2013 Medien \u2013 Aufkl\u00e4rung","link":"https:\/\/www.freidenker.org\/?cat=12"},"img":{"alt_text":"","src":"https:\/\/i0.wp.com\/www.freidenker.org\/fw17\/wp-content\/uploads\/2024\/04\/Iranian_consulate_airstrike_in_Damascus_2024_800x450.jpg?fit=800%2C450&ssl=1&resize=350%2C200","width":350,"height":200,"srcset":"https:\/\/i0.wp.com\/www.freidenker.org\/fw17\/wp-content\/uploads\/2024\/04\/Iranian_consulate_airstrike_in_Damascus_2024_800x450.jpg?fit=800%2C450&ssl=1&resize=350%2C200 1x, https:\/\/i0.wp.com\/www.freidenker.org\/fw17\/wp-content\/uploads\/2024\/04\/Iranian_consulate_airstrike_in_Damascus_2024_800x450.jpg?fit=800%2C450&ssl=1&resize=525%2C300 1.5x, https:\/\/i0.wp.com\/www.freidenker.org\/fw17\/wp-content\/uploads\/2024\/04\/Iranian_consulate_airstrike_in_Damascus_2024_800x450.jpg?fit=800%2C450&ssl=1&resize=700%2C400 2x"},"classes":[]},{"id":14760,"url":"https:\/\/www.freidenker.org\/?p=14760","url_meta":{"origin":11750,"position":5},"title":"&#8222;Russland als Terrorstaat&#8220;? Ein Dokument barbarischen Wahns","author":"Webredaktion","date":"27. November 2022","format":false,"excerpt":"Beitrag von Dagmar Henn EU-Beschl\u00fcsse, gleich, ob von Kommission oder Parlament, sind immer unangenehm zu lesen; aber der Beschluss des EU-Parlaments unter der Nummer P9_TA(2022)0405 ist es ganz besonders. Es geht um die \"Einstufung der Russischen F\u00f6deration als dem Terrorismus Vorschub leistender Staat\", und das einzige St\u00fcck antirussischer Propaganda der\u2026","rel":"","context":"In &quot;Demokratie \u2013 Medien \u2013 Aufkl\u00e4rung&quot;","block_context":{"text":"Demokratie \u2013 Medien \u2013 Aufkl\u00e4rung","link":"https:\/\/www.freidenker.org\/?cat=12"},"img":{"alt_text":"","src":"https:\/\/i0.wp.com\/www.freidenker.org\/fw17\/wp-content\/uploads\/2022\/11\/European_Parliament_52519229729_800x450.jpg?fit=800%2C450&ssl=1&resize=350%2C200","width":350,"height":200,"srcset":"https:\/\/i0.wp.com\/www.freidenker.org\/fw17\/wp-content\/uploads\/2022\/11\/European_Parliament_52519229729_800x450.jpg?fit=800%2C450&ssl=1&resize=350%2C200 1x, https:\/\/i0.wp.com\/www.freidenker.org\/fw17\/wp-content\/uploads\/2022\/11\/European_Parliament_52519229729_800x450.jpg?fit=800%2C450&ssl=1&resize=525%2C300 1.5x, https:\/\/i0.wp.com\/www.freidenker.org\/fw17\/wp-content\/uploads\/2022\/11\/European_Parliament_52519229729_800x450.jpg?fit=800%2C450&ssl=1&resize=700%2C400 2x"},"classes":[]}],"_links":{"self":[{"href":"https:\/\/www.freidenker.org\/index.php?rest_route=\/wp\/v2\/posts\/11750","targetHints":{"allow":["GET"]}}],"collection":[{"href":"https:\/\/www.freidenker.org\/index.php?rest_route=\/wp\/v2\/posts"}],"about":[{"href":"https:\/\/www.freidenker.org\/index.php?rest_route=\/wp\/v2\/types\/post"}],"author":[{"embeddable":true,"href":"https:\/\/www.freidenker.org\/index.php?rest_route=\/wp\/v2\/users\/3"}],"replies":[{"embeddable":true,"href":"https:\/\/www.freidenker.org\/index.php?rest_route=%2Fwp%2Fv2%2Fcomments&post=11750"}],"version-history":[{"count":0,"href":"https:\/\/www.freidenker.org\/index.php?rest_route=\/wp\/v2\/posts\/11750\/revisions"}],"wp:featuredmedia":[{"embeddable":true,"href":"https:\/\/www.freidenker.org\/index.php?rest_route=\/wp\/v2\/media\/11752"}],"wp:attachment":[{"href":"https:\/\/www.freidenker.org\/index.php?rest_route=%2Fwp%2Fv2%2Fmedia&parent=11750"}],"wp:term":[{"taxonomy":"category","embeddable":true,"href":"https:\/\/www.freidenker.org\/index.php?rest_route=%2Fwp%2Fv2%2Fcategories&post=11750"},{"taxonomy":"post_tag","embeddable":true,"href":"https:\/\/www.freidenker.org\/index.php?rest_route=%2Fwp%2Fv2%2Ftags&post=11750"}],"curies":[{"name":"wp","href":"https:\/\/api.w.org\/{rel}","templated":true}]}}