{"id":11724,"date":"2021-11-28T23:38:05","date_gmt":"2021-11-28T22:38:05","guid":{"rendered":"https:\/\/www.freidenker.org\/?p=11724"},"modified":"2021-12-28T19:44:54","modified_gmt":"2021-12-28T18:44:54","slug":"impfpflicht-und-impfzwang-gegen-corona-ueber-deutschlands-umgang-mit-der-kaste-der-unberuehrbaren","status":"publish","type":"post","link":"https:\/\/www.freidenker.org\/?p=11724","title":{"rendered":"Impfpflicht und Impfzwang gegen Corona \u2013 \u00dcber Deutschlands Umgang mit der Kaste der &#8222;Unber\u00fchrbaren&#8220;"},"content":{"rendered":"<p><strong>Eine indische Zeitschrift hat die deutsche Drei-Kasten-Corona-Gesellschaft entdeckt. Derweil urteilen Virologen, Juristen und Politiker hierzulande messerscharf, dass nicht sein kann, was nicht sein darf. Deshalb m\u00fcssen Menschen mit anderer Meinung als &#8222;Unber\u00fchrbare&#8220; ausgegrenzt und wenn n\u00f6tig weggesperrt werden. <\/strong><\/p>\n<p><em>Von <strong>Rainer Rupp<\/strong><\/em><\/p>\n<p><span style=\"font-size: 10pt;\">Erstver\u00f6ffentlichung am 27.11.2021 auf <a href=\"https:\/\/de.rt.com\/meinung\/127627-impfpflicht-und-impfzwang-gegen-covid-19-notfalls-polizeigewalt\/\" target=\"_blank\" rel=\"noopener\">RT DE<\/a><\/span><\/p>\n<p>International sto\u00dfen die strengen Ma\u00dfnahmen deutscher Politiker gegen COVID-19 nicht nur auf Zustimmung, sondern auch auf scharfe Kritik. So hat sich z. B. bis nach Indien herumgesprochen, dass Deutschland inzwischen zu einer Drei-Kasten-Gesellschaft geworden ist, in der &#8222;die Ungeimpften stigmatisiert&#8220; werden. So urteilte zumindest das in Neu-Delhi herausgegebenen <em>Journal f\u00fcr Geostrategie und Internationale Beziehungen<\/em> in einem seiner j\u00fcngsten <a href=\"https:\/\/greatgameindia.com\/stigmatising-the-unvaccinated-is-not-justified\/\" target=\"_blank\" rel=\"noopener noreferrer\">Beitr\u00e4ge<\/a>. Unter Berufung auf einen Artikel in der international renommierten wissenschaftlichen Medizin-Zeitschrift <em>The Lancet<\/em> (Das Skalpell) hei\u00dft es weiter, dass die Stigmatisierung, bzw. Ausgrenzung der Ungeimpften aus dem gesellschaftlichen Leben auf keinen Fall &#8222;rechtfertigt&#8220; werden k\u00f6nne.<\/p>\n<p>Voller Unverst\u00e4ndnis f\u00fchrt das Journal weiter aus, dass in Deutschland jetzt hochrangige Beamte den Begriff &#8222;Pandemie der Ungeimpften&#8220; verwendeten und sogar Wissenschaftler behaupten, dass es jetzt &#8222;die Ungeimpften sind, die angeblich die COVID-19 Geimpften bedrohen&#8220;. Zugleich werde in Deutschland so getan, als spielten Menschen, die bereits geimpft wurden, bei der Weiterverbreitung der COVID-19-Pandemie keine Rolle. Dem widerspr\u00e4chen aber alle bekannten Tatsachen, hei\u00dft es auch in einem\u00a0<a href=\"https:\/\/www.thelancet.com\/journals\/lancet\/article\/PIIS0140-6736(21)02243-1\/fulltext\" target=\"_blank\" rel=\"noopener noreferrer\">Beitrag<\/a> in <em>The Lancet<\/em>, in dem als Beweis auch zwei Beispiele aus Deutschland vorgestellt werden:<\/p>\n<blockquote><p><em>&#8222;Laut &#8218;W\u00f6chentlichem Lagebericht des Robert Koch-Instituts (RKI) zur Coronavirus-Krankheit-2019 (COVID-19)&#8216; <a href=\"https:\/\/www.rki.de\/DE\/Content\/InfAZ\/N\/Neuartiges_Coronavirus\/Situationsberichte\/Wochenbericht\/Wochenbericht_2021-10-14.pdf?__blob=publicationFile\" target=\"_blank\" rel=\"noopener noreferrer\">vom 14.10.2021<\/a> waren zu diesem Zeitpunkt &#8218;in Deutschland 55,4 Prozent der symptomatischen COVID-19-F\u00e4lle bei Patienten im Alter von 60 Jahren oder \u00e4lter bei vollst\u00e4ndig geimpften Personen&#8216; festgestellt worden. Und dieser Anteil der vollst\u00e4ndig Geimpften und COVID-19 Krankenhauspatienten werde &#8218;mit jeder Woche gr\u00f6\u00dfer'&#8220;, liest man im Lancet.<\/em><\/p><\/blockquote>\n<p>Das zweite Beispiel im <em>Lancet<\/em>-Artikel ist zwar anekdotisch, hat aber trotzdem eine starke Aussagekraft. Demnach traten in der Stadt M\u00fcnster neue F\u00e4lle von COVID-19 bei mindestens 85 (22 Prozent) von 380 Personen auf, die vollst\u00e4ndig geimpft oder von COVID-19 genesen waren und die zur selben Zeit einen Nachtclub besucht hatten.<\/p>\n<p>Zum Schluss warnt der <em>Lancet<\/em>-Artikel die USA und Deutschland unter Anspielung auf Sklaverei und Judenverfolgung. Beide h\u00e4tten &#8222;schon einmal Teile der eigenen Bev\u00f6lkerung wegen ihrer Hautfarbe oder Religion als minderwertige B\u00fcrger stigmatisiert&#8220;. Derartiges &#8222;geschieht jetzt wieder&#8220;, so der Autor, der selbst Mediziner ist. Deshalb ruft er die f\u00fchrenden Regierungsbeamten, Politiker und Wissenschaftler in Deutschland auf, &#8222;die unangemessene Stigmatisierung ungeimpfter Menschen, zu denen unsere Patienten, Kollegen und andere Mitb\u00fcrger geh\u00f6ren, zu stoppen und zus\u00e4tzliche Anstrengungen zu unternehmen, um die Gesellschaft zusammenzubringen&#8220;.<\/p>\n<p>Aber in unserer neuen deutschen Drei-Kasten-Gesellschaft ist die oberste Kaste, n\u00e4mlich die der herrschende Politiker samt ihrem Anhang aus Medien und bezahlter Wissenschaft, nicht daran interessiert, die Gesellschaft zusammenzubringen. Denn mit der neuen Drei-Kasten-Gesellschaft l\u00e4sst sich viel einfach und demokratiefreier regieren.<\/p>\n<p>Die mittlere Kaste, die der Corona-Geimpften und -Genesenen, zeichnet sich n\u00e4mlich durch ihr blindes Vertrauen und ihre gehorsame Befolgung der oft widerspr\u00fcchlichen und nicht selten irrsinnigen Befehle der staatlichen Obrigkeit aus. Daf\u00fcr werden sie von Politikern und Medien nicht nur als verantwortungsvolle B\u00fcrger gelobt, sondern auch als moralisch h\u00f6herstehende Menschen gew\u00fcrdigt, die sich auch zum Schutz ihrer Mitmenschen haben impfen lassen, obwohl die mRNA-Spritzen ihr Versprechen nicht gehalten haben und jetzt immer mehr Geimpfte andere Leute anstecken k\u00f6nnen, egal ob dieses geimpft, genesen oder ungeimpft sind.<\/p>\n<p>Dennoch gelten die Menschen in den beiden oberen Kasten als edel und solidarisch, im Gegensatz zu denen in der untersten Kaste, in der die verkommenen, niederen Subjekte hausen, die egoistisch nur an ihre eigene Gesundheit denken. Allein durch ihre Anwesenheit bedrohen diese Leute bereits die Gesundheit der Mitglieder der h\u00f6herwertigen Kasten. Dadurch haben sie sich selbst zu gesellschaftlichen &#8222;Paria&#8220;, zu &#8222;Unber\u00fchrbaren&#8220;, gemacht. Erschwerend kommt hinzu, dass diese drittklassigen Kreaturen partout keine Einsicht zeigen und den st\u00e4ndig wechselnden, einzig wahren wissenschaftlichen Erkenntnissen der Herren Virologen und der f\u00fcrsorglichen Politiker einfach keinen Glauben schenken wollen.<\/p>\n<p>Dass das nicht so weitergehen kann, m\u00fcsste doch jedem Deutschen klar sein. So kann man nur allzu gut verstehen, dass bei den Millionen von hartn\u00e4ckigen &#8222;Covidioten&#8220; hierzulande auch dem Langm\u00fctigsten der Kragen platzen kann.<\/p>\n<p>Er habe endg\u00fcltig &#8222;die Geduld mit den Ungeimpften verloren&#8220; erkl\u00e4rte Friedrich Merz am 23. November in der <em>ZDF<\/em>-Talkrunde des Moderators Markus Lanz. &#8222;Jetzt&#8220;, so forderte der Ex-Manager des weltgr\u00f6\u00dften und allesfressenden Finanzkonzerns BlackRock, &#8222;muss Schluss sein mit der Toleranz.&#8220; Jetzt m\u00fcsse die Impfpflicht her. &#8222;Getestet&#8220; gen\u00fcge nicht mehr, und ab sofort d\u00fcrfe es nur noch 2G geben. Die Ungeimpften m\u00fcssten die Konsequenzen f\u00fcr ihr unsolidarisches und feindliches Verhalten tragen und von allem ausgeschlossen werden, vom gesellschaftlichen Leben ebenso wie vom Arbeitsleben, sodass ihnen am Ende nichts anderes mehr \u00fcbrig bleibt, als sich impfen zu lassen. Mit diesen markigen Worten unterstrich Herr Merz seine aktuell dritte Bewerbung um den Posten des CDU-Vorsitzenden.<\/p>\n<p>Nat\u00fcrlich stie\u00df Merz mit dieser radikalen Forderung bei den anderen Teilnehmern auf Zustimmung. Unterschiedliche Meinungen gab es nur, wie man diese 2G-Zielvorgabe am besten durchsetzen k\u00f6nnte. \u00dcber gegenteilige Meinungen diskutiert man in dieser Art von Talkrunden schon lange nicht mehr. Diese Runden dienen fast ausschlie\u00dflich noch als resonanzverst\u00e4rkende Echokammern f\u00fcr Bekenntnisse zur einzig wahren Corona-Spritze.<\/p>\n<p>Wenn hin und wieder doch mal ein einzelner &#8222;Corona-Leugner&#8220; aus der unteren Kaste in eine solche Runde eingeladen wird, dann soll es ein Lehrst\u00fcck f\u00fcr das Publikum werden. Dem soll exemplarisch gezeigt werden, dass die Position dieser verirrten Querdenker absolut unhaltbar ist. Zu diesem Zweck fallen dann die restlichen Teilnehmer der Runde samt Moderator gemeinschaftlich \u00fcber ihr Opfer her, um es nach allen Regeln der Meinungsmanipulation und Wortverdreherei zu zerfleischen. Wenn das nicht gelingt, wie j\u00fcngst bei zwei starken Frauen, n\u00e4mlich mit Sahra Wagenknecht, z. B. <a href=\"https:\/\/www.youtube.com\/watch?v=4X95Pzp5M1s\">bei Lanz<\/a> oder mit der Philosophin <a href=\"https:\/\/www.youtube.com\/watch?v=V60JrVyNcDA\">Svenja Fla\u00dfp\u00f6hler bei <em>Hart aber <\/em>\u00a0<em>F<\/em><em>air<\/em><\/a>, dann wird die Schmach, die die Regierungstreuen in der Talkrunde erlittenen haben, am n\u00e4chsten Tag von den Regierungs- und Konzernmedien wieder ausgeb\u00fcgelt, und zwar mit einer Welle w\u00fctender Hasstiraden gegen die Gewinnerin.<\/p>\n<p>So oder so, die belehrend-abschreckende Wirkung auf das ohnehin bereits ver\u00e4ngstigte Publikum ist dieselbe: nur ja nichts hinterfragen, keine abweichenden Meinungen kundtun, wie in Friedrich Schillers St\u00fcck &#8222;Wilhelm Tell&#8220; sich untert\u00e4nigst vor dem &#8222;Gessler-Hut&#8220; der inzwischen allm\u00e4chtigen Obrigkeit verbeugen, um sich dann freudig mit dem experimentellen mRNA-Stoff die n\u00e4chste Booster-Spritze setzen zu lassen und daf\u00fcr der f\u00fcrsorglichen Regierung dankbar zu sein.<\/p>\n<p>Nun war die von Merz erhobene Forderung nach 2G und sonst nichts, also zum De-facto-Wegsperren der Ungeimpften, noch relativ moderat im Vergleich zu weitaus extremeren Vorschl\u00e4gen, die in den letzten Tagen zunehmend auf die verlorene Kaste niedergeprasselt sind. Ist das alles nur Drohkulisse? Oder sind die alarmierenden Einlassungen von Verfassungsrechtlern und ehemaligen Richtern am Verfassungsgericht todernst gemeint? Diese haben n\u00e4mlich nicht nur die Impfpflicht gegen COVID-19 f\u00fcr bestimmte Berufsgruppen, sondern sogar die allgemeine Zwangsimpfung f\u00fcr alle B\u00fcrger, falls notwendig unter Anwendung polizeilicher Gewalt, f\u00fcr rechtens erkl\u00e4ren.<\/p>\n<p>Hier ein Beispiel: Am 23.November 2021 ver\u00f6ffentlicht das <em>Redaktionsnetzwerk Deutschland<\/em>\u00a0<a href=\"https:\/\/www.rnd.de\/politik\/staatsrechtler-zu-impfpflicht-freiheitsstrafen-und-zwangsimpfung-fuer-impfunwillige-moeglich-VLTTNMEY73VXYBBKNWGVDZQUQU.html\" target=\"_blank\" rel=\"noopener noreferrer\">einen Beitrag<\/a> mit der \u00dcberschrift: &#8222;Staatsrechtler zu Impfpflicht: Freiheitsstrafen und Zwangsimpfung f\u00fcr Impfunwillige m\u00f6glich&#8220;. Darin hei\u00dft es:<\/p>\n<blockquote><p><em>&#8222;Zur Umsetzung einer allgemeinen Impfpflicht ist laut Fachleuten auch Zwang denkbar. Freiheitsstrafen und Zwangsimpfung h\u00e4lt etwa der G\u00f6ttinger Staatsrechtler Thiele f\u00fcr m\u00f6glich. Zuvor hatte auch schon der Verfassungsrechtler Pestalozza gegen\u00fcber dem Redaktionsnetzwerk Deutschland (RND) die M\u00f6glichkeit einer Zwangsimpfung betont.&#8220;<\/em><\/p><\/blockquote>\n<p>In diesem Zusammenhang hat es der kritische Journalist und Blogger Boris Reitschuster f\u00fcr n\u00f6tig gehalten, <a href=\"https:\/\/reitschuster.de\/post\/staatsrechtler-freiheitsstrafen-und-zwangsimpfung-fuer-impfunwillige-moeglich\/\" target=\"_blank\" rel=\"noopener noreferrer\">darauf hinzuweisen<\/a>, &#8222;dass das <em>Redaktionsnetzwerk<\/em>, das mehr als 50 Zeitungsredaktionen beliefert, mit der SPD verbunden ist, die in K\u00fcrze den Kanzler stellen wird. Wie viele der Leser wohl wissen, dass die Partei, die eigentlich kontrolliert werden sollte durch die Bl\u00e4tter, zu den Miteigent\u00fcmern der Redaktion geh\u00f6rt, die die Artikel liefert?&#8220;<\/p>\n<p>Der bereits erw\u00e4hnte Christian Pestalozza h\u00e4lt z.B. Bu\u00dfgelder und bei wiederholten Verst\u00f6\u00dfen auch hohe Zwangsgelder f\u00fcr m\u00f6glich. Als letzter Schritt m\u00fcsse auch eine Zwangsvollstreckung erw\u00e4gt werden. &#8222;Das bedeutet, dass jemand durch die Polizei dem Impfarzt vorgef\u00fchrt wird. In einer Demokratie sollte es aber nicht so weit kommen&#8220;, meinte er. Das aber, geehrter Herr Pestalozza, sollte kein Hindernis darstellen, denn bis dahin werden die Herrschaften da oben ihr Werk l\u00e4ngst vollendet und die Demokratie abgeschafft haben.<\/p>\n<p>In diesem Zusammenhang ist interessant, was der <em>Tagesspiegel<\/em> unter dem Titel: &#8222;Von der Alu-Bommel bis zur Zwangsimpfung \u2013 Was die derzeitig g\u00e4ngigen Verschw\u00f6rungsmythen bedeuten&#8220; am 26. Mai 2020 geschrieben hat: &#8222;Zumindest einen Teil der Menschen, die gegen die Corona-Ma\u00dfnahmen demonstrieren, treibt die Angst vor einer vermeintlich drohenden Zwangsimpfung auf die Stra\u00dfe. Dahinter steht die Behauptung, die Regierung wolle die Coronakrise nutzen, um die gesamte Bev\u00f6lkerung impfen zu lassen, auch gegen den Willen der Betroffenen.&#8220;<\/p>\n<p>An dieser Stelle h\u00e4tte ich einen Vorschlag an die Leser: Vielleicht haben Sie Lust und Zeit, anhand der bisherigen Ver\u00f6ffentlichungen in den selbst ernannten &#8222;Qualit\u00e4tsmedien&#8220; eine Liste zu erstellen, wie viele Monate jeweils vergangen sind, bevor eine neue &#8222;Corona-Verschw\u00f6rungstheorie&#8220; der &#8222;Querdenker&#8220; zur offiziellen Politik der Bundesregierung und somit zu einem Verschw\u00f6rungsfakt geworden ist.<\/p>\n<p style=\"text-align: right;\"><em>Rainer Rupp ist Mitglied des Beirats des Deutschen Freidenker-Verbandes<\/em><\/p>\n<p><span style=\"font-size: 10pt;\">Link zur Erstver\u00f6ffentlichung: <a href=\"https:\/\/de.rt.com\/meinung\/127627-impfpflicht-und-impfzwang-gegen-covid-19-notfalls-polizeigewalt\/\" target=\"_blank\" rel=\"noopener\">https:\/\/de.rt.com\/meinung\/127627-impfpflicht-und-impfzwang-gegen-covid-19-notfalls-polizeigewalt\/<\/a><\/span><\/p>\n<hr \/>\n<p><span style=\"font-size: 10pt;\">Bild oben: <a href=\"https:\/\/pixabay.com\/de\/illustrations\/deutschland-impfstoff-verteilung-5999331\/\" target=\"_blank\" rel=\"noopener\">pixabay.com<\/a> \/ <a class=\"hover_opacity\" href=\"https:\/\/pixabay.com\/de\/users\/wir_pixs-11762968\/\" target=\"_blank\" rel=\"noopener\">WiR_Pixs<\/a> \/ <a href=\"https:\/\/pixabay.com\/de\/service\/license\/\" target=\"_blank\" rel=\"noopener\">Pixabay License<\/a><\/span><\/p>\n<p>&nbsp;<\/p>\n","protected":false},"excerpt":{"rendered":"<p><b>Beitrag von Rainer Rupp<\/b><br \/>\nInternational sto\u00dfen die strengen Ma\u00dfnahmen deutscher Politiker gegen COVID-19 nicht nur auf Zustimmung, sondern auch auf scharfe Kritik. So hat sich z. B. bis nach Indien herumgesprochen, dass Deutschland inzwischen zu einer Drei-Kasten-Gesellschaft geworden ist, in der &#8222;die Ungeimpften stigmatisiert&#8220; werden. So urteilte zumindest das in Neu-Delhi herausgegebenen Journal f\u00fcr Geostrategie und Internationale Beziehungen in einem seiner j\u00fcngsten Beitr\u00e4ge. Unter Berufung auf einen Artikel in der international renommierten wissenschaftlichen Medizin-Zeitschrift The Lancet (Das Skalpell) hei\u00dft es weiter, dass die Stigmatisierung, bzw. Ausgrenzung der Ungeimpften aus dem gesellschaftlichen Leben auf keinen Fall &#8222;rechtfertigt&#8220; werden k\u00f6nne.<\/p>\n","protected":false},"author":3,"featured_media":11727,"comment_status":"closed","ping_status":"closed","sticky":false,"template":"","format":"standard","meta":{"colormag_page_container_layout":"default_layout","colormag_page_sidebar_layout":"default_layout","advanced_seo_description":"","jetpack_seo_html_title":"","jetpack_seo_noindex":false,"jetpack_post_was_ever_published":false,"footnotes":""},"categories":[12],"tags":[1462,1256,984,1357,1461,1257,641],"class_list":["post-11724","post","type-post","status-publish","format-standard","has-post-thumbnail","hentry","category-demokratie-medien-aufklaerung","tag-ausgrenzung","tag-corona-virus","tag-demokratische-rechte","tag-impfpflicht","tag-impfzwang","tag-pandemie","tag-verschwoerungstheorie"],"jetpack_featured_media_url":"https:\/\/i0.wp.com\/www.freidenker.org\/fw17\/wp-content\/uploads\/2021\/11\/germany-5999331_800x450.jpg?fit=800%2C450&ssl=1","jetpack_shortlink":"https:\/\/wp.me\/p9stpK-336","jetpack-related-posts":[{"id":12432,"url":"https:\/\/www.freidenker.org\/?p=12432","url_meta":{"origin":11724,"position":0},"title":"Impfpflicht ist verfassungswidrig!","author":"Webredaktion","date":"12. M\u00e4rz 2022","format":false,"excerpt":"Beitrag von Klaus Hartmann - und Dokumentation eines Gutachten von 81 Wissenschaftlern an die Bundestagsabgeordneten Trotz der dr\u00f6hnenden Kriegstrommeln auf allen Kan\u00e4len gibt es auch neue Entwicklungen an der Corona-Front. .... Inzwischen hat sich am 9.M\u00e4rz 2022 eine Gruppe von 81 Wissenschaftlern mit einem ausf\u00fchrlichen Gutachten an die Bundestagsabgeordneten gewandt,\u2026","rel":"","context":"In &quot;Demokratie \u2013 Medien \u2013 Aufkl\u00e4rung&quot;","block_context":{"text":"Demokratie \u2013 Medien \u2013 Aufkl\u00e4rung","link":"https:\/\/www.freidenker.org\/?cat=12"},"img":{"alt_text":"","src":"https:\/\/i0.wp.com\/www.freidenker.org\/fw17\/wp-content\/uploads\/2022\/03\/sign-6936660_800x450.jpg?fit=800%2C450&ssl=1&resize=350%2C200","width":350,"height":200,"srcset":"https:\/\/i0.wp.com\/www.freidenker.org\/fw17\/wp-content\/uploads\/2022\/03\/sign-6936660_800x450.jpg?fit=800%2C450&ssl=1&resize=350%2C200 1x, https:\/\/i0.wp.com\/www.freidenker.org\/fw17\/wp-content\/uploads\/2022\/03\/sign-6936660_800x450.jpg?fit=800%2C450&ssl=1&resize=525%2C300 1.5x, https:\/\/i0.wp.com\/www.freidenker.org\/fw17\/wp-content\/uploads\/2022\/03\/sign-6936660_800x450.jpg?fit=800%2C450&ssl=1&resize=700%2C400 2x"},"classes":[]},{"id":12494,"url":"https:\/\/www.freidenker.org\/?p=12494","url_meta":{"origin":11724,"position":1},"title":"Die \u201egesundheitliche\u201c Krone des \u00dcberwachungskapitalismus","author":"Webredaktion","date":"24. M\u00e4rz 2022","format":false,"excerpt":"Ein Standpunkt von Annette Groth Der institutionalisierte repressive \u00dcberwachungsstaat kennt kein Halten mehr und sichert ihn unter dem Deckmantel des Gesundheitsschutzes auf nationaler und internationaler Ebene mit entsprechenden Gesetzen und Abkommen ab. Am 1. Dezember 2021 vereinbarten die 194 Mitglieder der Weltgesundheitsorganisation (World Health Organization, WHO) die Aushandlung eines internationalen\u2026","rel":"","context":"In &quot;Arbeit &amp; Soziales&quot;","block_context":{"text":"Arbeit &amp; Soziales","link":"https:\/\/www.freidenker.org\/?cat=11"},"img":{"alt_text":"","src":"https:\/\/i0.wp.com\/www.freidenker.org\/fw17\/wp-content\/uploads\/2022\/03\/who_ueberwachung.jpg?fit=800%2C450&ssl=1&resize=350%2C200","width":350,"height":200,"srcset":"https:\/\/i0.wp.com\/www.freidenker.org\/fw17\/wp-content\/uploads\/2022\/03\/who_ueberwachung.jpg?fit=800%2C450&ssl=1&resize=350%2C200 1x, https:\/\/i0.wp.com\/www.freidenker.org\/fw17\/wp-content\/uploads\/2022\/03\/who_ueberwachung.jpg?fit=800%2C450&ssl=1&resize=525%2C300 1.5x, https:\/\/i0.wp.com\/www.freidenker.org\/fw17\/wp-content\/uploads\/2022\/03\/who_ueberwachung.jpg?fit=800%2C450&ssl=1&resize=700%2C400 2x"},"classes":[]},{"id":12091,"url":"https:\/\/www.freidenker.org\/?p=12091","url_meta":{"origin":11724,"position":2},"title":"Freidenker-Brief an Bundestagsabgeordnete zur &#8222;Impfpflicht&#8220;","author":"Webredaktion","date":"28. Januar 2022","format":false,"excerpt":"Trotz \u00fcber 80% gegen CoVid 19 geimpfter Erwachsener erreichen die \u201eCorona-Zahlen\u201c (positiv PCR-Getestete) neue H\u00f6chstwerte, h\u00f6her als im Dezember 2020, als die Impfquote 0% betragen hat. Im krassen Gegensatz zu dieser Tatsache behaupten Politiker und Medien unentwegt, die Ungeimpften seien \u201edas Problem\u201c. Hoffnungslose F\u00e4lle kognitiver Dissonanz? Planm\u00e4\u00dfige Volksverdummung? Nach monatelanger\u2026","rel":"","context":"In &quot;Demokratie \u2013 Medien \u2013 Aufkl\u00e4rung&quot;","block_context":{"text":"Demokratie \u2013 Medien \u2013 Aufkl\u00e4rung","link":"https:\/\/www.freidenker.org\/?cat=12"},"img":{"alt_text":"","src":"https:\/\/i0.wp.com\/www.freidenker.org\/fw17\/wp-content\/uploads\/2022\/01\/man-6916646_800x450.jpg?fit=800%2C450&ssl=1&resize=350%2C200","width":350,"height":200,"srcset":"https:\/\/i0.wp.com\/www.freidenker.org\/fw17\/wp-content\/uploads\/2022\/01\/man-6916646_800x450.jpg?fit=800%2C450&ssl=1&resize=350%2C200 1x, https:\/\/i0.wp.com\/www.freidenker.org\/fw17\/wp-content\/uploads\/2022\/01\/man-6916646_800x450.jpg?fit=800%2C450&ssl=1&resize=525%2C300 1.5x, https:\/\/i0.wp.com\/www.freidenker.org\/fw17\/wp-content\/uploads\/2022\/01\/man-6916646_800x450.jpg?fit=800%2C450&ssl=1&resize=700%2C400 2x"},"classes":[]},{"id":9155,"url":"https:\/\/www.freidenker.org\/?p=9155","url_meta":{"origin":11724,"position":3},"title":"Corona kontrovers","author":"Webredaktion","date":"3. Januar 2021","format":false,"excerpt":"Beitrag von Klaus Hartmann Angesichts unterschiedlicher Einsch\u00e4tzungen, Streit und Spaltungsgefahren hat sich der Deutsche Freidenker-Verband in seiner Stellungnahme \u201eDie sogenannte Corona-Krise\u201c (April 2020) f\u00fcr Diskussionen ausgesprochen, \u201edie rational und erkenntnisf\u00f6rdernd sind, die kontrovers sein d\u00fcrfen, aber im Geist des gegenseitigen Respekts und der Toleranz gef\u00fchrt werden, als kulturvoller Meinungsstreit\u201c. Es\u2026","rel":"","context":"In &quot;Demokratie \u2013 Medien \u2013 Aufkl\u00e4rung&quot;","block_context":{"text":"Demokratie \u2013 Medien \u2013 Aufkl\u00e4rung","link":"https:\/\/www.freidenker.org\/?cat=12"},"img":{"alt_text":"","src":"https:\/\/i0.wp.com\/www.freidenker.org\/fw17\/wp-content\/uploads\/2021\/01\/corona_sieben_schwaben_800x445.jpg?fit=800%2C450&ssl=1&resize=350%2C200","width":350,"height":200,"srcset":"https:\/\/i0.wp.com\/www.freidenker.org\/fw17\/wp-content\/uploads\/2021\/01\/corona_sieben_schwaben_800x445.jpg?fit=800%2C450&ssl=1&resize=350%2C200 1x, https:\/\/i0.wp.com\/www.freidenker.org\/fw17\/wp-content\/uploads\/2021\/01\/corona_sieben_schwaben_800x445.jpg?fit=800%2C450&ssl=1&resize=525%2C300 1.5x, https:\/\/i0.wp.com\/www.freidenker.org\/fw17\/wp-content\/uploads\/2021\/01\/corona_sieben_schwaben_800x445.jpg?fit=800%2C450&ssl=1&resize=700%2C400 2x"},"classes":[]},{"id":10936,"url":"https:\/\/www.freidenker.org\/?p=10936","url_meta":{"origin":11724,"position":4},"title":"Corona-Impfpflicht gerichtlich verboten?","author":"Webredaktion","date":"30. Juli 2021","format":false,"excerpt":"Beitrag von Anneliese Fikentscher und Andreas Neumann Zurzeit kursiert die Behauptung: \"Das Verbot der Impfpflicht wurde vom Europ\u00e4ischen Gerichtshof beschlossen!\" Das ist bedauerlicherweise nicht zutreffend. Zutreffend ist demgegen\u00fcber, dass es die \"Parlamentarische Versammlung\" des Europarats gewesen ist, die am 27. Januar 2021 in Sachen Covid-19-Impfstoffe eine NICHT rechtsverbindliche Entschlie\u00dfung ...\u2026","rel":"","context":"In &quot;Demokratie \u2013 Medien \u2013 Aufkl\u00e4rung&quot;","block_context":{"text":"Demokratie \u2013 Medien \u2013 Aufkl\u00e4rung","link":"https:\/\/www.freidenker.org\/?cat=12"},"img":{"alt_text":"","src":"https:\/\/i0.wp.com\/www.freidenker.org\/fw17\/wp-content\/uploads\/2021\/07\/vaccination-4554126_800x450.jpg?fit=800%2C450&ssl=1&resize=350%2C200","width":350,"height":200,"srcset":"https:\/\/i0.wp.com\/www.freidenker.org\/fw17\/wp-content\/uploads\/2021\/07\/vaccination-4554126_800x450.jpg?fit=800%2C450&ssl=1&resize=350%2C200 1x, https:\/\/i0.wp.com\/www.freidenker.org\/fw17\/wp-content\/uploads\/2021\/07\/vaccination-4554126_800x450.jpg?fit=800%2C450&ssl=1&resize=525%2C300 1.5x, https:\/\/i0.wp.com\/www.freidenker.org\/fw17\/wp-content\/uploads\/2021\/07\/vaccination-4554126_800x450.jpg?fit=800%2C450&ssl=1&resize=700%2C400 2x"},"classes":[]},{"id":18649,"url":"https:\/\/www.freidenker.org\/?p=18649","url_meta":{"origin":11724,"position":5},"title":"Verfassungsrechtler: Heuchlerische Aufarbeitung der Corona-Ma\u00dfnahmen von Politikern und Medien","author":"Webredaktion","date":"31. M\u00e4rz 2024","format":false,"excerpt":"Beitrag von Felicitas Rabe Der ehemalige nordrhein-westf\u00e4lische Ministerpr\u00e4sident Armin Laschet hofft, dass man die Spaltung der Gesellschaft nach der COVID-19-Pandemie \u00fcberwinden kann. Im Interview mit dem ZDF heute-journal erkl\u00e4rte er am Sonntag, in einer neuen Dialogkultur m\u00fcssten Politiker und Medien Fehler eingestehen und andere Meinungen respektieren. Das gelte nicht nur\u2026","rel":"","context":"In &quot;Demokratie \u2013 Medien \u2013 Aufkl\u00e4rung&quot;","block_context":{"text":"Demokratie \u2013 Medien \u2013 Aufkl\u00e4rung","link":"https:\/\/www.freidenker.org\/?cat=12"},"img":{"alt_text":"","src":"https:\/\/i0.wp.com\/www.freidenker.org\/fw17\/wp-content\/uploads\/2024\/03\/demo_magdeburg_rabe_800x450.jpg?fit=800%2C450&ssl=1&resize=350%2C200","width":350,"height":200,"srcset":"https:\/\/i0.wp.com\/www.freidenker.org\/fw17\/wp-content\/uploads\/2024\/03\/demo_magdeburg_rabe_800x450.jpg?fit=800%2C450&ssl=1&resize=350%2C200 1x, https:\/\/i0.wp.com\/www.freidenker.org\/fw17\/wp-content\/uploads\/2024\/03\/demo_magdeburg_rabe_800x450.jpg?fit=800%2C450&ssl=1&resize=525%2C300 1.5x, https:\/\/i0.wp.com\/www.freidenker.org\/fw17\/wp-content\/uploads\/2024\/03\/demo_magdeburg_rabe_800x450.jpg?fit=800%2C450&ssl=1&resize=700%2C400 2x"},"classes":[]}],"_links":{"self":[{"href":"https:\/\/www.freidenker.org\/index.php?rest_route=\/wp\/v2\/posts\/11724","targetHints":{"allow":["GET"]}}],"collection":[{"href":"https:\/\/www.freidenker.org\/index.php?rest_route=\/wp\/v2\/posts"}],"about":[{"href":"https:\/\/www.freidenker.org\/index.php?rest_route=\/wp\/v2\/types\/post"}],"author":[{"embeddable":true,"href":"https:\/\/www.freidenker.org\/index.php?rest_route=\/wp\/v2\/users\/3"}],"replies":[{"embeddable":true,"href":"https:\/\/www.freidenker.org\/index.php?rest_route=%2Fwp%2Fv2%2Fcomments&post=11724"}],"version-history":[{"count":0,"href":"https:\/\/www.freidenker.org\/index.php?rest_route=\/wp\/v2\/posts\/11724\/revisions"}],"wp:featuredmedia":[{"embeddable":true,"href":"https:\/\/www.freidenker.org\/index.php?rest_route=\/wp\/v2\/media\/11727"}],"wp:attachment":[{"href":"https:\/\/www.freidenker.org\/index.php?rest_route=%2Fwp%2Fv2%2Fmedia&parent=11724"}],"wp:term":[{"taxonomy":"category","embeddable":true,"href":"https:\/\/www.freidenker.org\/index.php?rest_route=%2Fwp%2Fv2%2Fcategories&post=11724"},{"taxonomy":"post_tag","embeddable":true,"href":"https:\/\/www.freidenker.org\/index.php?rest_route=%2Fwp%2Fv2%2Ftags&post=11724"}],"curies":[{"name":"wp","href":"https:\/\/api.w.org\/{rel}","templated":true}]}}