{"id":11719,"date":"2021-11-28T23:37:50","date_gmt":"2021-11-28T22:37:50","guid":{"rendered":"https:\/\/www.freidenker.org\/?p=11719"},"modified":"2021-12-28T19:44:16","modified_gmt":"2021-12-28T18:44:16","slug":"auf-weissrussland-zielen-das-eigene-knie-treffen","status":"publish","type":"post","link":"https:\/\/www.freidenker.org\/?p=11719","title":{"rendered":"Auf Wei\u00dfrussland zielen, das eigene Knie treffen"},"content":{"rendered":"<h5>\u00dcber Sinn und Unsinn von Sanktionen<\/h5>\n<p><strong>Die EU will neue Sanktionen gegen Wei\u00dfrussland verh\u00e4ngen. Weil es ihr nicht gelungen ist, Lukaschenko zu st\u00fcrzen. Aber diesmal k\u00f6nnten die Sanktionen ganz unerwartete Nebenwirkungen haben: Die EU-Kommission schadet damit vor allem den Unionsb\u00fcrgern. <\/strong><\/p>\n<p><em>von <strong>Dagmar Henn<\/strong><\/em><\/p>\n<p><span style=\"font-size: 10pt;\">Erstver\u00f6ffentlichung am 26.11.2021 auf <a href=\"https:\/\/de.rt.com\/meinung\/127613-auf-weissrussland-zielen-eigene-knie\/\" target=\"_blank\" rel=\"noopener\">RT DE<\/a><\/span><\/p>\n<p>Wenn es um Sanktionen geht, muss man eines immer wiederholen: Sanktionen sind ein Mittel der Kriegsf\u00fchrung, und sind nur dann v\u00f6lkerrechtlich legal, wenn sie vom UN-Sicherheitsrat verh\u00e4ngt wurden. Alle anderen Sanktionen, US-amerikanische wie die der EU, sind samt und sonders Verst\u00f6\u00dfe gegen das V\u00f6lkerrecht. Daran \u00e4ndert eine noch so dekorative Menschenrechtsrhetorik gar nichts.<\/p>\n<p>In den vergangenen sieben Jahren sind die westlichen Staaten in einen wahren Sanktionsrausch verfallen und gebrauchen dieses aggressive, illegale Mittel mittlerweile als Hauptinstrument der Au\u00dfenpolitik. Wie dieses Mittel wirkt, l\u00e4sst sich daran erkennen, dass mehr als die H\u00e4lfte der L\u00e4nder, in denen nach Angaben des Weltern\u00e4hrungsfonds Hunger herrscht, westlichen Sanktionen unterliegen.<\/p>\n<p>Im Juli dieses Jahres, passend zur geplanten Farbrevolution in Minsk, verabschiedete das EU-Parlament eine <a href=\"https:\/\/www.europarl.europa.eu\/doceo\/document\/TA-9-2021-0349_DE.html\" target=\"_blank\" rel=\"noopener noreferrer\">Erm\u00e4chtigung<\/a> zur Verh\u00e4ngung von Sanktionen &#8222;im Bereich der Menschenrechte&#8220;. Ein Gesetz, das sich explizit auf den Magnitzky-Akt der USA bezieht, der wiederum bekannterma\u00dfen auf einer <a href=\"https:\/\/www.heise.de\/tp\/features\/Browder-und-das-Magnitski-Narrativ-Ende-einer-Desinformationskampagne-4595245.html\" target=\"_blank\" rel=\"noopener noreferrer\">L\u00fcge<\/a> des Finanzbetr\u00fcgers Bill Browder beruhte. Nun, wer die letzten Jahre hindurch beobachtet hat, wer warum sanktioniert wird, wei\u00df ohnehin, dass bei den Begr\u00fcndungen gelogen wird, was das Zeug h\u00e4lt. Wie beispielsweise bei der Sanktionierung Russlands, weil es die Minsker Vereinbarungen nicht umsetze.<\/p>\n<p>In diesem EU-Recht wird unter anderem auch Korruption als Menschenrechtsversto\u00df definiert und somit die Kommission erm\u00e4chtigt, gegen andere Sanktionen wegen Korruption zu verh\u00e4ngen. Die EU-Kommission. Die im Wettbewerb der weltweit korruptesten Strukturen mit Sicherheit Anrecht auf eine Pole-Position hat. Man soll nicht sagen, die EU-Parlamentarier h\u00e4tten keinen Humor.<\/p>\n<p>In Wirklichkeit sind Sanktionen eine Technik, um wirtschaftliche \u00dcberlegenheit in politische Kontrolle umzusetzen. Aber genau da liegt auch ihr Schwachpunkt: Sie funktionieren als Machtinstrument genau dann, wenn und nur solange wie diese wirtschaftliche \u00dcberlegenheit tats\u00e4chlich gegeben ist. Was auch erkl\u00e4rt, warum der Westen sie zuletzt mit solchem Eifer verteilt. Man muss das Eisen schmieden, solange es noch hei\u00df ist.<\/p>\n<p>Nun, es sind wieder einmal neue Sanktionen gegen Wei\u00dfrussland geplant. Eigentlich sollte die EU-Kommission bereits Anfang dieser Woche dar\u00fcber entscheiden;\u00a0jetzt wird wohl kommenden Montag nachgelegt. Die Begr\u00fcndungen sind so albern, wie man es bei Sanktionen gew\u00f6hnt ist. Aber diesmal d\u00fcrfte sich die EU ins eigene Knie schie\u00dfen.<\/p>\n<p>Die Verz\u00f6gerung beruhte wohl darauf, dass man urspr\u00fcnglich die Sanktionen mit der Fl\u00fcchtlingskrise an der polnischen Grenze begr\u00fcnden wollte, worauf insbesondere Polen und die baltischen Zwergstaaten dr\u00e4ngten. Was aber die k\u00fcnftige deutsche Regierung mit ihrer Bef\u00fcrwortung offener Grenzen in gewisse Rechtfertigungsprobleme br\u00e4chte. Au\u00dferdem hat zumindest eines der Sanktionsziele, die Flugline Belavia, die Bef\u00f6rderung von Reisenden aus Syrien, Irak und Jemen <a href=\"https:\/\/www.neue.at\/politik\/2021\/11\/13\/neue-eu-sanktionen-gegen-weissrussland.neue\">l\u00e4ngst<\/a> eingestellt.<\/p>\n<p>Nach einem <a href=\"https:\/\/www.nytimes.com\/2021\/11\/22\/world\/europe\/belarus-migrants-facebook-fake-news.html\">Bericht<\/a> der <em>New York Times<\/em> liegt die Untersuchung von Semantics Visions, die belegt, dass vor allem soziale Medien wie Facebook die Fluchtroute durch Wei\u00dfrussland nicht nur bekannt gemacht haben, sondern auch organisieren halfen, den Zust\u00e4ndigen in der EU vor. Der Artikel zitiert sogar den niederl\u00e4ndischen Vorsitzenden des f\u00fcr Migrationsfragen zust\u00e4ndigen Ausschusses des EU-Parlaments, der sich auf diese Informationen bezieht. Jeglicher Vorwurf gegen die wei\u00dfrussische Regierung, sie habe die Migrationsbewegung ausgel\u00f6st, erfolgt also wider besseres Wissen.<\/p>\n<p>Vorsichtshalber wird jetzt der Vorwurf gegen Belavia, sie habe &#8222;zu Aktivit\u00e4ten des Lukaschenko-Regimes beigetragen, das illegale \u00dcberqueren der EU-Au\u00dfengrenzen zu erm\u00f6glichen,&#8220; durch den weiteren Vorwurf erg\u00e4nzt, die kleine staatliche Fluggesellschaft mit ganzen 28 Flugzeugen (zum Vergleich: die Lufthansa besitzt 757) habe ihre Besch\u00e4ftigten aufgefordert, &#8222;nicht gegen Wahlf\u00e4lschungen und Massenverhaftungen in dem Land zu protestieren,&#8220; <a href=\"https:\/\/www.spiegel.de\/ausland\/belarus-krise-eu-will-fluglinie-belavia-und-firmen-in-der-tuerkei-und-syrien-sanktionieren-a-d315ec3b-ed51-4cf8-8a8d-a351d4c2ba72\">schreibt<\/a> der <em>Spiegel<\/em> , dem sicherlich m\u00fchelos zehn L\u00e4nder einfallen, in denen staatliche Unternehmen ihre staatlich Besch\u00e4ftigten zu Protesten gegen die Staatsf\u00fchrung aufgefordert haben. Wie auch immer, Belavia &#8222;profitiert vom Lukaschenko-Regime und unterst\u00fctzt es.&#8220;<\/p>\n<p>Mit dem Argument, das &#8222;Lukaschenko-Regime&#8220; zu unterst\u00fctzen, kann man selbstverst\u00e4ndlich jeden und alles sanktionieren, was nicht bei westlichen NGOs um Geld ansteht. Und wenn man einmal auf den &#8222;Regime&#8220;-Modus geschaltet hat, kann man auch jedes staatliche Unternehmen sanktionieren, da es notwendigerweise Teil des &#8222;Regimes&#8220; ist. Das hat den zus\u00e4tzlichen Vorteil, diesen Unternehmen, die dem neoliberalen Kultzentrum Br\u00fcssel schon prinzipiell ein Dorn im Auge sind, besonderen Schaden zuzuf\u00fcgen. Es hat aber notwendigerweise die Nebenwirkung, schon allein durch die Beeintr\u00e4chtigung des kollektiven Verm\u00f6gens immer die gesamte Bev\u00f6lkerung zu treffen.<\/p>\n<p>Schon l\u00e4nger wurde in willigen Medien spekuliert, an welcher Stelle man Wei\u00dfrussland \u00f6konomisch am Empfindlichsten treffen k\u00f6nne. So erkl\u00e4rte eine Mitarbeiterin des IfW Kiel bereits im Mai in einem <a href=\"https:\/\/www.n-tv.de\/wirtschaft\/Diese-Sanktionen-wuerden-Belarus-wirklich-treffen-article22584164.html\">Interview<\/a>: &#8222;Die gr\u00f6\u00dften Exportartikel sind vor allem \u00d6l- und Erd\u00f6lprodukte sowie f\u00fcr die Landwirtschaft wichtige D\u00fcngemittel oder Vorprodukte f\u00fcr deren Herstellung. Es ist dabei wichtig zu wissen, dass Russland der gr\u00f6\u00dfte Abnehmer aller Exporte ist und die EU-27 der zweitwichtigste Handelspartner. In der EU ist Deutschland der gr\u00f6\u00dfte Abnehmer. Es w\u00e4re schmerzhaft f\u00fcr Wei\u00dfrussland, wenn im \u00d6lsektor ein Importstopp verh\u00e4ngt w\u00fcrde. Gleiches gilt f\u00fcr den D\u00fcngemittelstoff Kali.&#8220;<\/p>\n<p>Laut <em>Spiegel<\/em> hat sich die EU-Kommission diese Vorschl\u00e4ge zu eigen gemacht und beabsichtigt, Sanktionen gegen den D\u00fcngemittelhersteller Grodno Azot sowie gegen die Petrochemiefirma Belorusneft zu verh\u00e4ngen. Was dazu f\u00fchren d\u00fcrfte, dass kein D\u00fcnger und kein D\u00fcngemittelrohstoff aus Wei\u00dfrussland mehr in die EU, insbesondere nach Deutschland, eingef\u00fchrt werden d\u00fcrfte.<\/p>\n<p>Sie h\u00e4tten allerdings das oben zitierte Interview einen Satz weiter lesen m\u00fcssen. &#8222;Aber das ist auch sensibel f\u00fcr die EU, weil man immer abw\u00e4gen muss, wie sehr man sich ins eigene Fleisch schneidet,&#8220; steht da bereits im Mai. Seitdem ist einiges passiert auf dem Markt f\u00fcr D\u00fcngemittel.<\/p>\n<p>Zitieren wir mal aus einem Bericht der <em>Tagesschau<\/em> (auch dort gibt es nicht nur Fake News): &#8222;Auch die Preise f\u00fcr Phosphatd\u00fcnger haben sich nach Angaben des Bauernverbandes in den vergangenen zehn Monaten verdoppelt. Doch D\u00fcnger ist nicht nur teuer geworden, sondern teilweise gar nicht mehr verf\u00fcgbar.&#8220; Einer der Gr\u00fcnde f\u00fcr die Verteuerung ist die CO2-Steuer, da die Herstellung einiger D\u00fcngerkomponenten sehr energieintensiv ist.<\/p>\n<p>Der andere Grund ist die Freigabe des Erdgashandels durch die EU, die in den letzten Monaten zu einer enormen Spekulation gef\u00fchrt hat: &#8222;Die Hauptursache f\u00fcr die hohen D\u00fcngerpreise ist der au\u00dfergew\u00f6hnliche Preisanstieg von Erdgas, das als Rohstoff f\u00fcr die D\u00fcngemittelherstellung ben\u00f6tigt wird. Innerhalb von wenigen Monaten habe sich der Erdgaspreis verf\u00fcnffacht, sagt Christopher Profitlich, Pressesprecher des\u00a0 D\u00fcngemittelherstellers SKW Stickstoffwerke Piesteritz in Sachsen-Anhalt.&#8220;<\/p>\n<p>Nur, damit deutlich wird, welche Konsequenzen das hat \u2013 der Preis von D\u00fcngern und Kraftstoffen hat eine unmittelbare Auswirkung auf die Lebensmittelpreise. Die ohnehin in den letzten Monaten betr\u00e4chtlich gestiegen sind. Und mehr noch, in manchen Bereichen kann ein weiteres Ansteigen der D\u00fcngerpreise sogar die Produktion selbst gef\u00e4hrden.<\/p>\n<p>&#8222;Viele Ackerbauern fragen sich, wie es 2022 weitergehen wird. Viele Feldfr\u00fcchte m\u00fcssen im Laufe der Vegetation dreimal ged\u00fcngt werden.<\/p>\n<blockquote><p><em>&#8222;Wenn wir w\u00fcssten, dass es zur zweiten oder dritten D\u00fcngung keinen D\u00fcnger mehr gibt, dann br\u00e4uchten wir die erste D\u00fcngergabe auch nicht streuen&#8220;, sagt Landwirt Max Ampferl. &#8222;Dann br\u00e4uchten wir gar nicht erst ans\u00e4en und m\u00fcssten sagen: In diesem Jahr k\u00f6nnen wir kein Getreide erzeugen.&#8220;<\/em><\/p><\/blockquote>\n<p>Ehe man sich in die Fantasie fl\u00fcchtet, eine Produktion andernorts in der EU w\u00fcrde diese Ausf\u00e4lle ersetzen \u2013 die D\u00fcngemittelpreise steigen europaweit; in Spanien haben gerade Bauern deshalb protestiert. Nicht zu vergessen, die geopolitischen Spielchen, die gerade die Inbetriebnahme von NordStream 2 verz\u00f6gern oder gar gef\u00e4hrden, d\u00fcrften das Problem noch weiter verschlimmern. Da Erdgas Rohstoff zur Erzeugung von Kunstd\u00fcnger ist, k\u00f6nnte die hiesige D\u00fcngemittelerzeugung komplett einbrechen.<\/p>\n<p>Das ist nat\u00fcrlich der perfekte Moment, um D\u00fcngemittelimporte aus Wei\u00dfrussland zu unterbinden. Wegen der Menschenrechte, oder wegen Lukaschenko, oder weil die Sonne im Osten aufgeht. Vorausgesetzt, man schie\u00dft sich gern ins eigene Knie.<\/p>\n<p>Wobei ich zugebe, dass das leider nicht ganz das Knie der Herrschaften in Br\u00fcssel ist, sondern nur das der europ\u00e4ischen, insbesondere der deutschen Bev\u00f6lkerung bzw. deren Brotkasten und Suppentopf. Die Bev\u00f6lkerung aber bietet selten eintr\u00e4gliche Gesch\u00e4fte, im Gegensatz zu Konzernen wie Pfizer. Weshalb man sie beim Nachdenken \u00fcber neue Sanktionen auch entspannt ignorieren kann.<\/p>\n<p style=\"text-align: right;\"><em>Dagmar Henn ist Mitglied des Deutschen Freidenker-Verbandes<\/em><\/p>\n<p><span style=\"font-size: 10pt;\">Link zur Erstver\u00f6ffentlichung: <a href=\"https:\/\/de.rt.com\/meinung\/127613-auf-weissrussland-zielen-eigene-knie\/\" target=\"_blank\" rel=\"noopener\">https:\/\/de.rt.com\/meinung\/127613-auf-weissrussland-zielen-eigene-knie\/<\/a><\/span><\/p>\n<hr \/>\n<p><span style=\"font-size: 10pt;\">Bild oben: Tupolew Tu-154M der wei\u00dfrussischen Fluglinie Belavia (2008)<br \/>\n<\/span><span style=\"font-size: 10pt;\">Foto: Alan Lebeda &#8211; <\/span><a style=\"font-size: 10pt;\" href=\"http:\/\/www.gnu.org\/licenses\/old-licenses\/fdl-1.2.html\" target=\"_blank\" rel=\"noopener\">GFDL 1.2<\/a><br \/>\n<span style=\"font-size: 10pt;\">Quelle: <a href=\"https:\/\/commons.wikimedia.org\/w\/index.php?curid=21442732\" target=\"_blank\" rel=\"noopener\">https:\/\/commons.wikimedia.org\/w\/index.php?curid=21442732<\/a><\/span><\/p>\n<p>&nbsp;<\/p>\n","protected":false},"excerpt":{"rendered":"<p><b>Beitrag von Dagmar Henn<\/b><br \/>\nWenn es um Sanktionen geht, muss man eines immer wiederholen: Sanktionen sind ein Mittel der Kriegsf\u00fchrung, und sind nur dann v\u00f6lkerrechtlich legal, wenn sie vom UN-Sicherheitsrat verh\u00e4ngt wurden. Alle anderen Sanktionen, US-amerikanische wie die der EU, sind samt und sonders Verst\u00f6\u00dfe gegen das V\u00f6lkerrecht. Daran \u00e4ndert eine noch so dekorative Menschenrechtsrhetorik gar nichts. In den vergangenen sieben Jahren sind die westlichen Staaten in einen wahren Sanktionsrausch verfallen und gebrauchen dieses aggressive, illegale Mittel mittlerweile als Hauptinstrument der Au\u00dfenpolitik. Wie dieses Mittel wirkt, l\u00e4sst sich daran erkennen, dass mehr als die H\u00e4lfte der L\u00e4nder, in denen nach Angaben des Weltern\u00e4hrungsfonds Hunger herrscht, westlichen Sanktionen unterliegen.<\/p>\n","protected":false},"author":3,"featured_media":11721,"comment_status":"closed","ping_status":"closed","sticky":false,"template":"","format":"standard","meta":{"colormag_page_container_layout":"default_layout","colormag_page_sidebar_layout":"default_layout","advanced_seo_description":"","jetpack_seo_html_title":"","jetpack_seo_noindex":false,"jetpack_post_was_ever_published":false,"footnotes":""},"categories":[12],"tags":[1312,182,1084,563,1317,222,719,345],"class_list":["post-11719","post","type-post","status-publish","format-standard","has-post-thumbnail","hentry","category-demokratie-medien-aufklaerung","tag-belarus","tag-eu","tag-fluechtlinge","tag-menschenrechte","tag-nord-stream","tag-russland","tag-sanktionen","tag-voelkerrecht"],"jetpack_featured_media_url":"https:\/\/i0.wp.com\/www.freidenker.org\/fw17\/wp-content\/uploads\/2021\/11\/Belavia_Tupolev_Tu-154M_Lebeda-1_800x450.jpg?fit=800%2C450&ssl=1","jetpack_shortlink":"https:\/\/wp.me\/p9stpK-331","jetpack-related-posts":[{"id":13655,"url":"https:\/\/www.freidenker.org\/?p=13655","url_meta":{"origin":11719,"position":0},"title":"Die EU k\u00e4mpft gegen Desinformation?","author":"Webredaktion","date":"30. Juni 2022","format":false,"excerpt":"Beitrag von Dagmar Henn Ach, die arme EU \u2026 Da k\u00e4mpft sie seit Jahren erbittert gegen Desinformation, schafft eine Instanz um die andere, schaltet Sender ab, sperrt Nachrichtenkan\u00e4le \u2026 Und dann ist das alles vergebens, weil sie die Desinformation selbst lautstark in die Welt hinausruft. So geschehen j\u00fcngst durch den\u2026","rel":"","context":"In &quot;Arbeit &amp; Soziales&quot;","block_context":{"text":"Arbeit &amp; Soziales","link":"https:\/\/www.freidenker.org\/?cat=11"},"img":{"alt_text":"","src":"https:\/\/i0.wp.com\/www.freidenker.org\/fw17\/wp-content\/uploads\/2022\/06\/borrell_800x450.jpg?fit=800%2C450&ssl=1&resize=350%2C200","width":350,"height":200,"srcset":"https:\/\/i0.wp.com\/www.freidenker.org\/fw17\/wp-content\/uploads\/2022\/06\/borrell_800x450.jpg?fit=800%2C450&ssl=1&resize=350%2C200 1x, https:\/\/i0.wp.com\/www.freidenker.org\/fw17\/wp-content\/uploads\/2022\/06\/borrell_800x450.jpg?fit=800%2C450&ssl=1&resize=525%2C300 1.5x, https:\/\/i0.wp.com\/www.freidenker.org\/fw17\/wp-content\/uploads\/2022\/06\/borrell_800x450.jpg?fit=800%2C450&ssl=1&resize=700%2C400 2x"},"classes":[]},{"id":11208,"url":"https:\/\/www.freidenker.org\/?p=11208","url_meta":{"origin":11719,"position":1},"title":"Es wird Zeit, das Gift der Sanktionen in eine echte Kur umzuwandeln","author":"Webredaktion","date":"18. September 2021","format":false,"excerpt":"Beitrag von Tarik Cyril Amar Alexei Nawalny hat Recht mit seiner Position zu den Anti-Russland-Sanktionen. Seine eigene Situation beweist, dass sie nichts erreicht haben und kontraproduktiv sind. Der \"prominenteste H\u00e4ftling der Welt\" \u2013 wenn man die Inhaftierung von Julian Assange ignoriert \u2013 hat der New York Times ein langes Interview\u2026","rel":"","context":"In &quot;Demokratie \u2013 Medien \u2013 Aufkl\u00e4rung&quot;","block_context":{"text":"Demokratie \u2013 Medien \u2013 Aufkl\u00e4rung","link":"https:\/\/www.freidenker.org\/?cat=12"},"img":{"alt_text":"","src":"https:\/\/i0.wp.com\/www.freidenker.org\/fw17\/wp-content\/uploads\/2021\/09\/forest-2165356_800x450.jpg?fit=800%2C450&ssl=1&resize=350%2C200","width":350,"height":200,"srcset":"https:\/\/i0.wp.com\/www.freidenker.org\/fw17\/wp-content\/uploads\/2021\/09\/forest-2165356_800x450.jpg?fit=800%2C450&ssl=1&resize=350%2C200 1x, https:\/\/i0.wp.com\/www.freidenker.org\/fw17\/wp-content\/uploads\/2021\/09\/forest-2165356_800x450.jpg?fit=800%2C450&ssl=1&resize=525%2C300 1.5x, https:\/\/i0.wp.com\/www.freidenker.org\/fw17\/wp-content\/uploads\/2021\/09\/forest-2165356_800x450.jpg?fit=800%2C450&ssl=1&resize=700%2C400 2x"},"classes":[]},{"id":22661,"url":"https:\/\/www.freidenker.org\/?p=22661","url_meta":{"origin":11719,"position":2},"title":"WUF-Resolution: Krieg und Faschismus den Weg versperren!","author":"Webredaktion","date":"26. August 2025","format":false,"excerpt":"Resolution der Tagung der Weltunion der Freidenker in Gy\u00f6r, Ungarn, 15.-17. 08. 2025 In den letzten Jahren hat sich im \u201ekollektiven Westen\u201c eine pathologische Russophobie und Kriegspsychose breit gemacht. Repr\u00e4sentativ daf\u00fcr steht die au\u00dfenpolitische EU-Repr\u00e4sentantin Kaja Kallas: \u201eWenn Europa Russland nicht besiegen kann, wie soll es dann mit China fertig\u2026","rel":"","context":"In &quot;Demokratie \u2013 Medien \u2013 Aufkl\u00e4rung&quot;","block_context":{"text":"Demokratie \u2013 Medien \u2013 Aufkl\u00e4rung","link":"https:\/\/www.freidenker.org\/?cat=12"},"img":{"alt_text":"","src":"https:\/\/i0.wp.com\/www.freidenker.org\/fw17\/wp-content\/uploads\/2025\/08\/Denkmal_Faschismus_Potsdam_mit_WUF-Logo.jpg?fit=800%2C450&ssl=1&resize=350%2C200","width":350,"height":200,"srcset":"https:\/\/i0.wp.com\/www.freidenker.org\/fw17\/wp-content\/uploads\/2025\/08\/Denkmal_Faschismus_Potsdam_mit_WUF-Logo.jpg?fit=800%2C450&ssl=1&resize=350%2C200 1x, https:\/\/i0.wp.com\/www.freidenker.org\/fw17\/wp-content\/uploads\/2025\/08\/Denkmal_Faschismus_Potsdam_mit_WUF-Logo.jpg?fit=800%2C450&ssl=1&resize=525%2C300 1.5x, https:\/\/i0.wp.com\/www.freidenker.org\/fw17\/wp-content\/uploads\/2025\/08\/Denkmal_Faschismus_Potsdam_mit_WUF-Logo.jpg?fit=800%2C450&ssl=1&resize=700%2C400 2x"},"classes":[]},{"id":6678,"url":"https:\/\/www.freidenker.org\/?p=6678","url_meta":{"origin":11719,"position":3},"title":"Petitionen: Sanktionen gegen Russland beenden!","author":"Webredaktion","date":"11. Juli 2019","format":false,"excerpt":"Wir machen auf zwei derzeit laufende Petitionen aufmerksam, die beide das Ziel haben, die Sanktionen gegen Russland zu beenden und die Beziehungen zwischen Deutschland und Russland zu verbessern. Alle Leser unserer Webseite sind aufgefordert, diese Petitionen zu unterzeichnen und an Bekannte und Freunde weiterzuleiten. ... Das Verh\u00e4ltnis Deutschlands zu Russland\u2026","rel":"","context":"In &quot;Frieden - Antifaschismus - Solidarit\u00e4t&quot;","block_context":{"text":"Frieden - Antifaschismus - Solidarit\u00e4t","link":"https:\/\/www.freidenker.org\/?cat=13"},"img":{"alt_text":"","src":"https:\/\/i0.wp.com\/www.freidenker.org\/fw17\/wp-content\/uploads\/2019\/07\/stop_russland_sanktionen_800x445.jpg?fit=800%2C445&ssl=1&resize=350%2C200","width":350,"height":200,"srcset":"https:\/\/i0.wp.com\/www.freidenker.org\/fw17\/wp-content\/uploads\/2019\/07\/stop_russland_sanktionen_800x445.jpg?fit=800%2C445&ssl=1&resize=350%2C200 1x, https:\/\/i0.wp.com\/www.freidenker.org\/fw17\/wp-content\/uploads\/2019\/07\/stop_russland_sanktionen_800x445.jpg?fit=800%2C445&ssl=1&resize=525%2C300 1.5x, https:\/\/i0.wp.com\/www.freidenker.org\/fw17\/wp-content\/uploads\/2019\/07\/stop_russland_sanktionen_800x445.jpg?fit=800%2C445&ssl=1&resize=700%2C400 2x"},"classes":[]},{"id":7171,"url":"https:\/\/www.freidenker.org\/?p=7171","url_meta":{"origin":11719,"position":4},"title":"Aushungern mit dem Segen des Kardinals","author":"Webredaktion","date":"9. November 2019","format":false,"excerpt":"Beitrag von Bernd Duschner Auf einer Pressekonferenz der \u00c4rzte f\u00fcr die Verh\u00fctung des Atomkrieges (IPPNW) am 29. Mai 2019 in Berlin hat der Sonderberichterstatter des UN-Menschenrechtsrates in Genf, Idriss Jazairy, \u00fcber die Auswirkungen der Sanktionen auf das Leben der syrischen Bev\u00f6lkerung informiert. Seit 2011 gegen Syrien in Kraft, haben diese,\u2026","rel":"","context":"In &quot;Frieden - Antifaschismus - Solidarit\u00e4t&quot;","block_context":{"text":"Frieden - Antifaschismus - Solidarit\u00e4t","link":"https:\/\/www.freidenker.org\/?cat=13"},"img":{"alt_text":"","src":"https:\/\/i0.wp.com\/www.freidenker.org\/fw17\/wp-content\/uploads\/2019\/11\/cardinal-marx-4162554_800x445.jpg?fit=800%2C445&ssl=1&resize=350%2C200","width":350,"height":200,"srcset":"https:\/\/i0.wp.com\/www.freidenker.org\/fw17\/wp-content\/uploads\/2019\/11\/cardinal-marx-4162554_800x445.jpg?fit=800%2C445&ssl=1&resize=350%2C200 1x, https:\/\/i0.wp.com\/www.freidenker.org\/fw17\/wp-content\/uploads\/2019\/11\/cardinal-marx-4162554_800x445.jpg?fit=800%2C445&ssl=1&resize=525%2C300 1.5x, https:\/\/i0.wp.com\/www.freidenker.org\/fw17\/wp-content\/uploads\/2019\/11\/cardinal-marx-4162554_800x445.jpg?fit=800%2C445&ssl=1&resize=700%2C400 2x"},"classes":[]},{"id":15820,"url":"https:\/\/www.freidenker.org\/?p=15820","url_meta":{"origin":11719,"position":5},"title":"Klatschende Ohrfeige f\u00fcr Baerbock","author":"Webredaktion","date":"21. April 2023","format":false,"excerpt":"Beitrag von Gert Ewen Ungar Die deutsche Au\u00dfenministerin Annalena Baerbock (B\u00fcndnis 90\/Die Gr\u00fcnen) ist gerade auf Staatsbesuch in Japan. Dort trifft sie auf ihre Amtskollegen der G7-Staaten. In einem Tweet zum Treffen teilt sie erneut gegen China aus, das sie zuvor besucht und dort f\u00fcr einen diplomatischen Skandal gesorgt hat,\u2026","rel":"","context":"In &quot;Demokratie \u2013 Medien \u2013 Aufkl\u00e4rung&quot;","block_context":{"text":"Demokratie \u2013 Medien \u2013 Aufkl\u00e4rung","link":"https:\/\/www.freidenker.org\/?cat=12"},"img":{"alt_text":"","src":"https:\/\/i0.wp.com\/www.freidenker.org\/fw17\/wp-content\/uploads\/2023\/04\/Foreign_Secretary_James_Cleverly_attends_G7_in_Japan_day_2_-_800x450.jpg?fit=800%2C450&ssl=1&resize=350%2C200","width":350,"height":200,"srcset":"https:\/\/i0.wp.com\/www.freidenker.org\/fw17\/wp-content\/uploads\/2023\/04\/Foreign_Secretary_James_Cleverly_attends_G7_in_Japan_day_2_-_800x450.jpg?fit=800%2C450&ssl=1&resize=350%2C200 1x, https:\/\/i0.wp.com\/www.freidenker.org\/fw17\/wp-content\/uploads\/2023\/04\/Foreign_Secretary_James_Cleverly_attends_G7_in_Japan_day_2_-_800x450.jpg?fit=800%2C450&ssl=1&resize=525%2C300 1.5x, https:\/\/i0.wp.com\/www.freidenker.org\/fw17\/wp-content\/uploads\/2023\/04\/Foreign_Secretary_James_Cleverly_attends_G7_in_Japan_day_2_-_800x450.jpg?fit=800%2C450&ssl=1&resize=700%2C400 2x"},"classes":[]}],"_links":{"self":[{"href":"https:\/\/www.freidenker.org\/index.php?rest_route=\/wp\/v2\/posts\/11719","targetHints":{"allow":["GET"]}}],"collection":[{"href":"https:\/\/www.freidenker.org\/index.php?rest_route=\/wp\/v2\/posts"}],"about":[{"href":"https:\/\/www.freidenker.org\/index.php?rest_route=\/wp\/v2\/types\/post"}],"author":[{"embeddable":true,"href":"https:\/\/www.freidenker.org\/index.php?rest_route=\/wp\/v2\/users\/3"}],"replies":[{"embeddable":true,"href":"https:\/\/www.freidenker.org\/index.php?rest_route=%2Fwp%2Fv2%2Fcomments&post=11719"}],"version-history":[{"count":0,"href":"https:\/\/www.freidenker.org\/index.php?rest_route=\/wp\/v2\/posts\/11719\/revisions"}],"wp:featuredmedia":[{"embeddable":true,"href":"https:\/\/www.freidenker.org\/index.php?rest_route=\/wp\/v2\/media\/11721"}],"wp:attachment":[{"href":"https:\/\/www.freidenker.org\/index.php?rest_route=%2Fwp%2Fv2%2Fmedia&parent=11719"}],"wp:term":[{"taxonomy":"category","embeddable":true,"href":"https:\/\/www.freidenker.org\/index.php?rest_route=%2Fwp%2Fv2%2Fcategories&post=11719"},{"taxonomy":"post_tag","embeddable":true,"href":"https:\/\/www.freidenker.org\/index.php?rest_route=%2Fwp%2Fv2%2Ftags&post=11719"}],"curies":[{"name":"wp","href":"https:\/\/api.w.org\/{rel}","templated":true}]}}