{"id":11690,"date":"2021-11-28T13:26:22","date_gmt":"2021-11-28T12:26:22","guid":{"rendered":"https:\/\/www.freidenker.org\/?p=11690"},"modified":"2021-12-28T19:44:24","modified_gmt":"2021-12-28T18:44:24","slug":"protest-gegen-angriff-auf-thaelmann","status":"publish","type":"post","link":"https:\/\/www.freidenker.org\/?p=11690","title":{"rendered":"Protest gegen Angriff auf Th\u00e4lmann"},"content":{"rendered":"<p>An Ernst Th\u00e4lmann nehmen die Reaktion\u00e4re im Land nach wie vor Ansto\u00df\u00a0 &#8211; nicht nur in Berlin, aber dort besonders. Der Tagesspiegel berichtete am 09.09.2021 vom &#8222;Kulturkampf um das Andenken an\u00a0 den brutalen Kommunisten-Chef der Weimarer Republik, den die Nazis 1944 im KZ Buchenwald ermordeten und den die DDR zum offiziellen Helden als Arbeiterf\u00fchrer \u201eTeddy\u201c stilisierten.&#8220; Dessen Denkmal nennen die Schmierfinken einen &#8222;Koloss von Prenzlauer Berg\u00a0am Kopf des Wohnparks, der seinen Namen tr\u00e4gt&#8220;.<br \/>\nEinem Herrn Sch\u00f6ne, &#8222;stellvertretender Leiter bei Berlins Beauftragten zur Aufarbeitung der SED-Diktatur&#8220;, &#8222;kommt die ganze Instrumentalisierung Th\u00e4lmanns durch die DDR bisher zu kurz&#8220;. Trost spendete ihm Bezirksb\u00fcrgermeister S\u00f6ren Benn (Linke), der versicherte: &#8222;\u201eWichtig ist, dass wir dieses Monstrum von Denkmal vom Sockel holen und sichtbar brechen&#8220;. Wie das zu geschehen hat, liest sich so:<\/p>\n<p style=\"padding-left: 40px;\"><em>\u201eEin anachronistischer Koloss aus 50 Tonnen Bronze steht im Prenzlauer Berg in Berlin. Die Faust erhoben, k\u00fcndet der in der DDR zum Helden erkl\u00e4rte KPD-F\u00fchrer Ernst Th\u00e4lmann vom Sieg des Kommunismus und sorgt damit seit Jahrzehnten f\u00fcr Z\u00fcndstoff. Zu schwer, zu massig f\u00fcr den 1993 beschlossenen Abriss &#8211; \u00fcbersteht das Denkmal die politischen Umbr\u00fcche &#8211; ein \u00dcberbleibsel, ein Erbst\u00fcck: politisch und k\u00fcnstlerisch von jeher umstritten. In dem vom Bezirksamt Pankow von Berlin ausgelobten Wettbewerb zur K\u00fcnstlerischen Kommentierung des Ernst-Th\u00e4lmann-Denkmals, entdeckt die K\u00fcnstlerin Betina Kuntzsch &#8211; mit ihrem Siegerentwurf\u00a0 VOM SOCKEL DENKEN &#8211; das Denkmal neu. In zehn essayistischen Kurzfilmen formt sie eine Art Kaleidoskop aus eigenen Erinnerungen, Geschichten von Freunden, Schulkameradinnen, Anwohnern und Nutzern. In Animationen kombiniert sie historische Fotografien, Dokumente, sowie Filmausschnitte aus diversen Archiven.&#8220;<\/em><\/p>\n<p>Am 18. November 2021 wurde die lange angek\u00fcndigte rot-rot-gr\u00fcne Sch\u00e4ndung des Ernst-Th\u00e4lmann-Denkmals in Berlin durch Anbringung einer \u201ek\u00fcnstlerischen Kommentierung\u201c eingeleitet, indem die \u201eInstallation\u201c der \u201eK\u00fcnstlerin\u201c bestehend aus f\u00fcnf Sockeln \u00fcbergeben wurde.<\/p>\n<p>Gegen diese Sch\u00e4ndung des Th\u00e4lmann-Denkmals riefen die Berliner Freidenker zum Protest auf, und bezeichneten die sogenannte &#8222;Kunstaktion&#8220; als &#8222;Teil einer erneuerten\u00a0 Welle von &#8218;Cancel Culture&#8216;, also Denkmalsch\u00e4ndungen gegen Th\u00e4lmann und die DDR&#8220;, und wiesen darauf hin, dass &#8222;in Weimar, gleich neben Buchenwald, wo Th\u00e4lmann ermordet wurde, das Th\u00e4lmann-Denkmal &#8218;verh\u00fcllt'&#8220; wurde. In einem Schreiben an den Berliner Freidenker-Verband k\u00fcndigten Wolfgang Gehrke (vormals MdB Die Linke) und die Publizistin Christiane Reymann\u00a0 ihre Teilnahme an dem Protest an:<\/p>\n<p style=\"padding-left: 40px;\"><em>\u201eLiebe Freidenker, (&#8230;)<\/em><\/p>\n<p style=\"padding-left: 40px;\"><em>besten Dank, dass wir \u00fcber Euch von dem &#8218;Berliner Bildersturm&#8216; erfahren haben. Wir sind entsetzt und haben erst einmal das getan, was wir sofort tun konnten: schreiben. Morgen sind wir dabei! (&#8230;)<\/em><\/p>\n<p style=\"padding-left: 40px;\"><em>Solidarische Gr\u00fc\u00dfe <\/em><br \/>\n<em>Wolfgang und Christiane&#8220;<\/em><\/p>\n<p>Auch unser Mitglied Dagmar Henn hatte sich unter dem Titel &#8222;<a href=\"https:\/\/de.rt.com\/meinung\/127290-pankower-denkmalbedenken-thaelmann-denkmal-wird-kommentiert\/\" target=\"_blank\" rel=\"noopener\">Pankower Denkmalbedenken \u2013 Th\u00e4lmann-Denkmal wird &#8222;kommentiert&#8220;<\/a>&#8220; auf RT DE mit dem Thema auseinandergesetzt.<\/p>\n<p>Bei der Protestaktion im Th\u00e4lmann-Park wurde das Singen des Th\u00e4lmann-Lied von der Polizei mehrfach untersagt, trotzdem wurde das Lied immer wieder angestimmt.<\/p>\n<p>Wir dokumentieren hier einen Artikel von Hans Bauer \u00fcber die Protestkundgebung am 18.11.2021 in Berlin und eine Bildergalerie von der Veranstaltung sowie die Protestnote der DKP Th\u00fcringen zur Verh\u00fcllung des Th\u00e4lmann-Denkmals in Weimar.<\/p>\n<p style=\"text-align: right;\"><em>Webredaktion<\/em><\/p>\n<hr \/>\n<p><strong>In Berlin wurde der n\u00e4chste Versuch gestartet, den Arbeiterf\u00fchrer zu verunglimpfen\u00a0\u2013 unter \u201elinker\u201c Schirmherrschaft<\/strong><\/p>\n<h4>Angriff auf Th\u00e4lmann<\/h4>\n<p><em>von <strong>Hans Bauer<\/strong><\/em><\/p>\n<p><span style=\"font-size: 10pt;\">Erstver\u00f6ffentlichung am 26.11.2021 in der <a href=\"https:\/\/www.unsere-zeit.de\/angriff-auf-thaelmann-163310\/\" target=\"_blank\" rel=\"noopener\">UZ<\/a>\u00a0<\/span><\/p>\n<p>Unter dem scheinheiligen Titel \u201eVom Sockel denken\u201c wurde am 18.\u00a0November in Berlin im Wohngebiet Ernst-Th\u00e4lmann-Park das \u201eKunstprojekt\u201c Ernst-Th\u00e4lmann-Denkmal eingeweiht. Zu sehen sind vorerst lediglich f\u00fcnf rote, auf dem Platz verteilte Betonkl\u00f6tze mit Schlagworten, wie \u201eHalstuch\u201c, \u201eKopf, Faust, Fahne\u201c und \u201eIrmas Teddy\u201c. Zwei Schautafeln mit Texten zur \u201ehistorischen Einordnung\u201c sollen folgen. Weder f\u00fcrs Auge noch von Inhalt und Gef\u00fchl erschlie\u00dft sich der Platz dem Besucher nunmehr als neues \u201eKunstwerk\u201c. Erst die zu jedem Schlagwort produzierten insgesamt zehn Kurzfilme\u00a0\u2013 im Internet abrufbar\u00a0\u2013 verraten, dass es hier weniger um Kunst als um Politik geht. Ausschnitte aus Dokumentarfilmen, pers\u00f6nliche Erfahrungen und Empfindungen der K\u00fcnstlerin Betina Kuntzsch und eines Anwohners sowie \u201eklarstellende\u201c Kommentierungen berichten von der Entstehung des Th\u00e4lmann-Parks, der Errichtung des Wohngebietes mit mehr als 1.300 Wohnungen und der Einweihung des vom sowjetischen Bildhauer Lew Kerbel geschaffenen Denkmals am 15.\u00a0April 1986, anl\u00e4sslich des 100. Geburtstags Th\u00e4lmanns am 16. April.<\/p>\n<p>Es bedarf keiner besonderen geschichtlichen Vorbildung, um beim Betrachten der Filme zu erkennen, dass die DDR mit diesem \u201eKunstwerk\u201c ein weiteres Mal als \u201eSED-Unrechtsregime\u201c vorgef\u00fchrt werden soll. Zum \u201eUnrecht\u201c der DDR geh\u00f6ren der Abriss des ehemaligen Gaswerkes und die Sprengung des letzten Gasometers 1984, die ungen\u00fcgende Dekontaminierung des Gel\u00e4ndes, Irma Th\u00e4lmanns Buch \u201eErinnerungen an meinen Vater\u201c als Schulpflichtlekt\u00fcre, die Erziehung der Kinder als Th\u00e4lmann-Pioniere. Und nat\u00fcrlich d\u00fcrfen Stalin und die \u201eStasi\u201c nicht fehlen.<\/p>\n<p>F\u00fcr die DDR, die Antifaschismus und Freundschaft mit der Sowjetunion untrennbar mit dem Namen Ernst Th\u00e4lmann verband, war dessen Verm\u00e4chtnis Staatspolitik. Zu Ehren des von den Faschisten ermordeten F\u00fchrers der Kommunistischen Partei wurden Stra\u00dfen und Pl\u00e4tze, Schulen, Betriebe und bewaffnete Einheiten nach ihm benannt und Denkorte errichtet. Zur Erinnerung und Ehrung, vor allem aber zur Verpflichtung, in Th\u00e4lmanns Sinne zu leben und zu k\u00e4mpfen f\u00fcr eine Gesellschaft ohne Ausbeutung und Krieg.<\/p>\n<p>\u201eVom Sockel denken\u201c ist kein Kunstwerk, es ist ein erneuter Versuch, den Th\u00e4lmannschen Geist aus den K\u00f6pfen zu entsorgen. Das Denkmal als sozialistische Erinnerung an die DDR st\u00f6rt die Herrschenden dieses Staates. Was wurde nicht alles versucht, es zu beseitigen:<\/p>\n<ul>\n<li>Im vorauseilenden Gehorsam lie\u00df der Rat des Stadtbezirks Prenzlauer Berg im Juli 1990 zwei bronzene Stelen an den Seiten entfernen. Ihre Inschrift: \u201eMit der Gestaltung des Sozialismus in der Deutschen Demokratischen Republik setzen wir Ernst Th\u00e4lmann\/dem k\u00fchnen Streiter f\u00fcr Freiheit\/Menschlichkeit und sozialen Fortschritt unseres Volkes\/ein w\u00fcrdiges Denkmal. Erich Honecker\u201c<\/li>\n<li>1993 beschloss die Bezirksverordnetenversammlung Berlin-Prenzlauer-Berg den Abriss. Er war aber zu teuer. Das 14 Meter hohe und 15 Meter breite Ernst-Th\u00e4lmann-Denkmal aus Bronze steht auf einem Sockel aus ukrainischem Granit. Es wiegt 50 Tonnen.<\/li>\n<li>2013 entbrannte eine neue Debatte um den Abriss. Eine Jugendorganisation der FDP forderte, das Denkmal \u201eschnellstm\u00f6glich abzurei\u00dfen\u201c. Eine Berliner Gruppe beabsichtigte, das Denkmal zu sprengen. Wenn auch nur symbolisch, es zeigt den Geist dieser \u201eFreiheitshelden\u201c.<\/li>\n<li>Seit 2014 steht das gesamte Ensemble \u201eTh\u00e4lmann-Park\u201c unter Denkmalschutz. Wenn das Denkmal schon nicht abgerissen werden kann, wird die Pflege vom Bezirksamt weitgehend unterlassen. Zumeist ist es mit Graffiti bespr\u00fcht.<\/li>\n<\/ul>\n<p>Mit dem jetzigen \u201eKunstwerk\u201c wird nunmehr ein Beschluss zur \u201ehistorisch-kritischen Auseinandersetzung mit der Person Ernst Th\u00e4lmanns und dessen symbolischer Bedeutung f\u00fcr die DDR\u201c realisiert. Verantwortlich f\u00fcr die Umsetzung ist ein B\u00fcrgermeister der Partei \u201eDie Linke\u201c.<\/p>\n<p>Fast zeitgleich mit dieser \u201eKunstinstallation\u201c wurde das Th\u00e4lmann-Denkmal in Weimar f\u00fcr drei Tage verh\u00fcllt, angeblich zum Nachdenken, und in Ziegenhals die Gedenktafel gestohlen. Selbst wenn kein unmittelbarer Zusammenhang zwischen diesen Geschehnissen besteht, es ist der herrschende Geist in dieser Gesellschaft, der zu solchen Taten ermuntert. Ursache ist der Antikommunismus in dieser Gesellschaft, sind seine Hassprediger. F\u00fcr Kommunistinnen und Kommunisten gilt es, allen Versuchen, Th\u00e4lmann und den sozialistischen Aufbau in der DDR zu diskreditieren, unseren antifaschistischen Widerstand entgegen zu setzen. Wache und kritische Begleitung allein\u00a0\u2013 wie von manchen gefordert\u00a0\u2013 gen\u00fcgt da nicht.<\/p>\n<p style=\"text-align: right;\"><em>Hans Bauer ist\u00a0Vorsitzender der Gesellschaft zur Rechtlichen und Humanit\u00e4ren Unterst\u00fctzung (GRH) e.V.<\/em><br \/>\n<em>und Beiratsmitglied des Deutschen Freidenker-Verbandes.<\/em><\/p>\n<p><span style=\"font-size: 10pt;\">Link zur Erstver\u00f6ffentlichung: <a href=\"https:\/\/www.unsere-zeit.de\/angriff-auf-thaelmann-163310\/\" target=\"_blank\" rel=\"noopener\">https:\/\/www.unsere-zeit.de\/angriff-auf-thaelmann-163310\/<\/a><\/span><\/p>\n<hr \/>\n<h5>Galerie: Protest gegen die Sch\u00e4ndung des Th\u00e4lmann-Denkmals in Berlin am 18.11.2021<\/h5>\n<div class=\"tiled-gallery type-rectangular tiled-gallery-unresized\" data-original-width=\"800\" data-carousel-extra='{&quot;blog_id&quot;:1,&quot;permalink&quot;:&quot;https:\\\/\\\/www.freidenker.org\\\/?p=11690&quot;,&quot;likes_blog_id&quot;:139773280}' itemscope itemtype=\"http:\/\/schema.org\/ImageGallery\" > <div class=\"gallery-row\" style=\"width: 800px; height: 420px;\" data-original-width=\"800\" data-original-height=\"420\" > <div class=\"gallery-group images-1\" style=\"width: 559px; height: 420px;\" data-original-width=\"559\" data-original-height=\"420\" > <div class=\"tiled-gallery-item tiled-gallery-item-large\" itemprop=\"associatedMedia\" itemscope itemtype=\"http:\/\/schema.org\/ImageObject\"> <a href=\"https:\/\/www.freidenker.org\/?attachment_id=11694\" border=\"0\" itemprop=\"url\"> <meta itemprop=\"width\" content=\"555\"> <meta itemprop=\"height\" content=\"416\"> <img decoding=\"async\" class=\"\" data-attachment-id=\"11694\" data-orig-file=\"https:\/\/www.freidenker.org\/fw17\/wp-content\/uploads\/2021\/11\/Denkmal-Kopf.jpg\" data-orig-size=\"1200,900\" data-comments-opened=\"\" data-image-meta=\"{&quot;aperture&quot;:&quot;0&quot;,&quot;credit&quot;:&quot;&quot;,&quot;camera&quot;:&quot;&quot;,&quot;caption&quot;:&quot;&quot;,&quot;created_timestamp&quot;:&quot;0&quot;,&quot;copyright&quot;:&quot;&quot;,&quot;focal_length&quot;:&quot;0&quot;,&quot;iso&quot;:&quot;0&quot;,&quot;shutter_speed&quot;:&quot;0&quot;,&quot;title&quot;:&quot;&quot;,&quot;orientation&quot;:&quot;1&quot;}\" data-image-title=\"Denkmal Kopf\" data-image-description=\"\" data-medium-file=\"https:\/\/i0.wp.com\/www.freidenker.org\/fw17\/wp-content\/uploads\/2021\/11\/Denkmal-Kopf.jpg?fit=300%2C225&#038;ssl=1\" data-large-file=\"https:\/\/i0.wp.com\/www.freidenker.org\/fw17\/wp-content\/uploads\/2021\/11\/Denkmal-Kopf.jpg?fit=800%2C600&#038;ssl=1\" src=\"https:\/\/i0.wp.com\/www.freidenker.org\/fw17\/wp-content\/uploads\/2021\/11\/Denkmal-Kopf.jpg?w=555&#038;h=416&#038;ssl=1\" srcset=\"https:\/\/i0.wp.com\/www.freidenker.org\/fw17\/wp-content\/uploads\/2021\/11\/Denkmal-Kopf.jpg?w=1200&amp;ssl=1 1200w, https:\/\/i0.wp.com\/www.freidenker.org\/fw17\/wp-content\/uploads\/2021\/11\/Denkmal-Kopf.jpg?resize=300%2C225&amp;ssl=1 300w, https:\/\/i0.wp.com\/www.freidenker.org\/fw17\/wp-content\/uploads\/2021\/11\/Denkmal-Kopf.jpg?resize=1024%2C768&amp;ssl=1 1024w, https:\/\/i0.wp.com\/www.freidenker.org\/fw17\/wp-content\/uploads\/2021\/11\/Denkmal-Kopf.jpg?resize=768%2C576&amp;ssl=1 768w\" width=\"555\" height=\"416\" loading=\"lazy\" data-original-width=\"555\" data-original-height=\"416\" itemprop=\"http:\/\/schema.org\/image\" title=\"Denkmal Kopf\" alt=\"Protest gegen die Sch\u00e4ndung des Th\u00e4lmann-Denkmals in Berlin am 18.11.2021\" style=\"width: 555px; height: 416px;\" \/> <\/a> <div class=\"tiled-gallery-caption\" itemprop=\"caption description\"> Protest gegen die Sch\u00e4ndung des Th\u00e4lmann-Denkmals in Berlin am 18.11.2021 <\/div> <\/div> <\/div> <!-- close group --> <div class=\"gallery-group images-2\" style=\"width: 241px; height: 420px;\" data-original-width=\"241\" data-original-height=\"420\" > <div class=\"tiled-gallery-item tiled-gallery-item-small\" itemprop=\"associatedMedia\" itemscope itemtype=\"http:\/\/schema.org\/ImageObject\"> <a href=\"https:\/\/www.freidenker.org\/?attachment_id=11695\" border=\"0\" itemprop=\"url\"> <meta itemprop=\"width\" content=\"237\"> <meta itemprop=\"height\" content=\"247\"> <img decoding=\"async\" class=\"\" data-attachment-id=\"11695\" data-orig-file=\"https:\/\/www.freidenker.org\/fw17\/wp-content\/uploads\/2021\/11\/Denkmal-Totale.jpg\" data-orig-size=\"1200,1250\" data-comments-opened=\"\" data-image-meta=\"{&quot;aperture&quot;:&quot;0&quot;,&quot;credit&quot;:&quot;&quot;,&quot;camera&quot;:&quot;&quot;,&quot;caption&quot;:&quot;&quot;,&quot;created_timestamp&quot;:&quot;0&quot;,&quot;copyright&quot;:&quot;&quot;,&quot;focal_length&quot;:&quot;0&quot;,&quot;iso&quot;:&quot;0&quot;,&quot;shutter_speed&quot;:&quot;0&quot;,&quot;title&quot;:&quot;&quot;,&quot;orientation&quot;:&quot;1&quot;}\" data-image-title=\"Denkmal Totale\" data-image-description=\"\" data-medium-file=\"https:\/\/i0.wp.com\/www.freidenker.org\/fw17\/wp-content\/uploads\/2021\/11\/Denkmal-Totale.jpg?fit=288%2C300&#038;ssl=1\" data-large-file=\"https:\/\/i0.wp.com\/www.freidenker.org\/fw17\/wp-content\/uploads\/2021\/11\/Denkmal-Totale.jpg?fit=800%2C833&#038;ssl=1\" src=\"https:\/\/i0.wp.com\/www.freidenker.org\/fw17\/wp-content\/uploads\/2021\/11\/Denkmal-Totale.jpg?w=237&#038;h=247&#038;ssl=1\" srcset=\"https:\/\/i0.wp.com\/www.freidenker.org\/fw17\/wp-content\/uploads\/2021\/11\/Denkmal-Totale.jpg?w=1200&amp;ssl=1 1200w, https:\/\/i0.wp.com\/www.freidenker.org\/fw17\/wp-content\/uploads\/2021\/11\/Denkmal-Totale.jpg?resize=288%2C300&amp;ssl=1 288w, https:\/\/i0.wp.com\/www.freidenker.org\/fw17\/wp-content\/uploads\/2021\/11\/Denkmal-Totale.jpg?resize=983%2C1024&amp;ssl=1 983w, https:\/\/i0.wp.com\/www.freidenker.org\/fw17\/wp-content\/uploads\/2021\/11\/Denkmal-Totale.jpg?resize=768%2C800&amp;ssl=1 768w\" width=\"237\" height=\"247\" loading=\"lazy\" data-original-width=\"237\" data-original-height=\"247\" itemprop=\"http:\/\/schema.org\/image\" title=\"Denkmal Totale\" alt=\"Protest gegen die Sch\u00e4ndung des Th\u00e4lmann-Denkmals in Berlin am 18.11.2021\" style=\"width: 237px; height: 247px;\" \/> <\/a> <div class=\"tiled-gallery-caption\" itemprop=\"caption description\"> Protest gegen die Sch\u00e4ndung des Th\u00e4lmann-Denkmals in Berlin am 18.11.2021 <\/div> <\/div> <div class=\"tiled-gallery-item tiled-gallery-item-small\" itemprop=\"associatedMedia\" itemscope itemtype=\"http:\/\/schema.org\/ImageObject\"> <a href=\"https:\/\/www.freidenker.org\/?attachment_id=11696\" border=\"0\" itemprop=\"url\"> <meta itemprop=\"width\" content=\"237\"> <meta itemprop=\"height\" content=\"165\"> <img decoding=\"async\" class=\"\" data-attachment-id=\"11696\" data-orig-file=\"https:\/\/www.freidenker.org\/fw17\/wp-content\/uploads\/2021\/11\/Denkmal-von-weitem.jpg\" data-orig-size=\"1200,832\" data-comments-opened=\"\" data-image-meta=\"{&quot;aperture&quot;:&quot;0&quot;,&quot;credit&quot;:&quot;&quot;,&quot;camera&quot;:&quot;&quot;,&quot;caption&quot;:&quot;&quot;,&quot;created_timestamp&quot;:&quot;0&quot;,&quot;copyright&quot;:&quot;&quot;,&quot;focal_length&quot;:&quot;0&quot;,&quot;iso&quot;:&quot;0&quot;,&quot;shutter_speed&quot;:&quot;0&quot;,&quot;title&quot;:&quot;&quot;,&quot;orientation&quot;:&quot;1&quot;}\" data-image-title=\"Denkmal von weitem\" data-image-description=\"\" data-medium-file=\"https:\/\/i0.wp.com\/www.freidenker.org\/fw17\/wp-content\/uploads\/2021\/11\/Denkmal-von-weitem.jpg?fit=300%2C208&#038;ssl=1\" data-large-file=\"https:\/\/i0.wp.com\/www.freidenker.org\/fw17\/wp-content\/uploads\/2021\/11\/Denkmal-von-weitem.jpg?fit=800%2C555&#038;ssl=1\" src=\"https:\/\/i0.wp.com\/www.freidenker.org\/fw17\/wp-content\/uploads\/2021\/11\/Denkmal-von-weitem.jpg?w=237&#038;h=165&#038;ssl=1\" srcset=\"https:\/\/i0.wp.com\/www.freidenker.org\/fw17\/wp-content\/uploads\/2021\/11\/Denkmal-von-weitem.jpg?w=1200&amp;ssl=1 1200w, https:\/\/i0.wp.com\/www.freidenker.org\/fw17\/wp-content\/uploads\/2021\/11\/Denkmal-von-weitem.jpg?resize=300%2C208&amp;ssl=1 300w, https:\/\/i0.wp.com\/www.freidenker.org\/fw17\/wp-content\/uploads\/2021\/11\/Denkmal-von-weitem.jpg?resize=1024%2C710&amp;ssl=1 1024w, https:\/\/i0.wp.com\/www.freidenker.org\/fw17\/wp-content\/uploads\/2021\/11\/Denkmal-von-weitem.jpg?resize=768%2C532&amp;ssl=1 768w, https:\/\/i0.wp.com\/www.freidenker.org\/fw17\/wp-content\/uploads\/2021\/11\/Denkmal-von-weitem.jpg?resize=392%2C272&amp;ssl=1 392w, https:\/\/i0.wp.com\/www.freidenker.org\/fw17\/wp-content\/uploads\/2021\/11\/Denkmal-von-weitem.jpg?resize=130%2C90&amp;ssl=1 130w\" width=\"237\" height=\"165\" loading=\"lazy\" data-original-width=\"237\" data-original-height=\"165\" itemprop=\"http:\/\/schema.org\/image\" title=\"Denkmal von weitem\" alt=\"Protest gegen die Sch\u00e4ndung des Th\u00e4lmann-Denkmals in Berlin am 18.11.2021\" style=\"width: 237px; height: 165px;\" \/> <\/a> <div class=\"tiled-gallery-caption\" itemprop=\"caption description\"> Protest gegen die Sch\u00e4ndung des Th\u00e4lmann-Denkmals in Berlin am 18.11.2021 <\/div> <\/div> <\/div> <!-- close group --> <\/div> <!-- close row --> <div class=\"gallery-row\" style=\"width: 800px; height: 534px;\" data-original-width=\"800\" data-original-height=\"534\" > <div class=\"gallery-group images-2\" style=\"width: 339px; height: 534px;\" data-original-width=\"339\" data-original-height=\"534\" > <div class=\"tiled-gallery-item tiled-gallery-item-large\" itemprop=\"associatedMedia\" itemscope itemtype=\"http:\/\/schema.org\/ImageObject\"> <a href=\"https:\/\/www.freidenker.org\/?attachment_id=11693\" border=\"0\" itemprop=\"url\"> <meta itemprop=\"width\" content=\"335\"> <meta itemprop=\"height\" content=\"270\"> <img decoding=\"async\" class=\"\" data-attachment-id=\"11693\" data-orig-file=\"https:\/\/www.freidenker.org\/fw17\/wp-content\/uploads\/2021\/11\/Bezirksbuergermeister-Soeren-Benn.jpg\" data-orig-size=\"1200,966\" data-comments-opened=\"\" data-image-meta=\"{&quot;aperture&quot;:&quot;0&quot;,&quot;credit&quot;:&quot;&quot;,&quot;camera&quot;:&quot;&quot;,&quot;caption&quot;:&quot;&quot;,&quot;created_timestamp&quot;:&quot;0&quot;,&quot;copyright&quot;:&quot;&quot;,&quot;focal_length&quot;:&quot;0&quot;,&quot;iso&quot;:&quot;0&quot;,&quot;shutter_speed&quot;:&quot;0&quot;,&quot;title&quot;:&quot;&quot;,&quot;orientation&quot;:&quot;1&quot;}\" data-image-title=\"Bezirksb\u00fcrgermeister S\u00f6ren Benn\" data-image-description=\"\" data-medium-file=\"https:\/\/i0.wp.com\/www.freidenker.org\/fw17\/wp-content\/uploads\/2021\/11\/Bezirksbuergermeister-Soeren-Benn.jpg?fit=300%2C242&#038;ssl=1\" data-large-file=\"https:\/\/i0.wp.com\/www.freidenker.org\/fw17\/wp-content\/uploads\/2021\/11\/Bezirksbuergermeister-Soeren-Benn.jpg?fit=800%2C644&#038;ssl=1\" src=\"https:\/\/i0.wp.com\/www.freidenker.org\/fw17\/wp-content\/uploads\/2021\/11\/Bezirksbuergermeister-Soeren-Benn.jpg?w=335&#038;h=270&#038;ssl=1\" srcset=\"https:\/\/i0.wp.com\/www.freidenker.org\/fw17\/wp-content\/uploads\/2021\/11\/Bezirksbuergermeister-Soeren-Benn.jpg?w=1200&amp;ssl=1 1200w, https:\/\/i0.wp.com\/www.freidenker.org\/fw17\/wp-content\/uploads\/2021\/11\/Bezirksbuergermeister-Soeren-Benn.jpg?resize=300%2C242&amp;ssl=1 300w, https:\/\/i0.wp.com\/www.freidenker.org\/fw17\/wp-content\/uploads\/2021\/11\/Bezirksbuergermeister-Soeren-Benn.jpg?resize=1024%2C824&amp;ssl=1 1024w, https:\/\/i0.wp.com\/www.freidenker.org\/fw17\/wp-content\/uploads\/2021\/11\/Bezirksbuergermeister-Soeren-Benn.jpg?resize=768%2C618&amp;ssl=1 768w\" width=\"335\" height=\"270\" loading=\"lazy\" data-original-width=\"335\" data-original-height=\"270\" itemprop=\"http:\/\/schema.org\/image\" title=\"Bezirksb\u00fcrgermeister S\u00f6ren Benn\" alt=\"Bezirksb\u00fcrgermeister S\u00f6ren Benn\" style=\"width: 335px; height: 270px;\" \/> <\/a> <div class=\"tiled-gallery-caption\" itemprop=\"caption description\"> Bezirksb\u00fcrgermeister S\u00f6ren Benn <\/div> <\/div> <div class=\"tiled-gallery-item tiled-gallery-item-large\" itemprop=\"associatedMedia\" itemscope itemtype=\"http:\/\/schema.org\/ImageObject\"> <a href=\"https:\/\/www.freidenker.org\/?attachment_id=11697\" border=\"0\" itemprop=\"url\"> <meta itemprop=\"width\" content=\"335\"> <meta itemprop=\"height\" content=\"256\"> <img decoding=\"async\" class=\"\" data-attachment-id=\"11697\" data-orig-file=\"https:\/\/www.freidenker.org\/fw17\/wp-content\/uploads\/2021\/11\/Fahnen1.jpg\" data-orig-size=\"1200,919\" data-comments-opened=\"\" data-image-meta=\"{&quot;aperture&quot;:&quot;0&quot;,&quot;credit&quot;:&quot;&quot;,&quot;camera&quot;:&quot;&quot;,&quot;caption&quot;:&quot;&quot;,&quot;created_timestamp&quot;:&quot;0&quot;,&quot;copyright&quot;:&quot;&quot;,&quot;focal_length&quot;:&quot;0&quot;,&quot;iso&quot;:&quot;0&quot;,&quot;shutter_speed&quot;:&quot;0&quot;,&quot;title&quot;:&quot;&quot;,&quot;orientation&quot;:&quot;1&quot;}\" data-image-title=\"Fahnen1\" data-image-description=\"\" data-medium-file=\"https:\/\/i0.wp.com\/www.freidenker.org\/fw17\/wp-content\/uploads\/2021\/11\/Fahnen1.jpg?fit=300%2C230&#038;ssl=1\" data-large-file=\"https:\/\/i0.wp.com\/www.freidenker.org\/fw17\/wp-content\/uploads\/2021\/11\/Fahnen1.jpg?fit=800%2C613&#038;ssl=1\" src=\"https:\/\/i0.wp.com\/www.freidenker.org\/fw17\/wp-content\/uploads\/2021\/11\/Fahnen1.jpg?w=335&#038;h=256&#038;ssl=1\" srcset=\"https:\/\/i0.wp.com\/www.freidenker.org\/fw17\/wp-content\/uploads\/2021\/11\/Fahnen1.jpg?w=1200&amp;ssl=1 1200w, https:\/\/i0.wp.com\/www.freidenker.org\/fw17\/wp-content\/uploads\/2021\/11\/Fahnen1.jpg?resize=300%2C230&amp;ssl=1 300w, https:\/\/i0.wp.com\/www.freidenker.org\/fw17\/wp-content\/uploads\/2021\/11\/Fahnen1.jpg?resize=1024%2C784&amp;ssl=1 1024w, https:\/\/i0.wp.com\/www.freidenker.org\/fw17\/wp-content\/uploads\/2021\/11\/Fahnen1.jpg?resize=768%2C588&amp;ssl=1 768w\" width=\"335\" height=\"256\" loading=\"lazy\" data-original-width=\"335\" data-original-height=\"256\" itemprop=\"http:\/\/schema.org\/image\" title=\"Fahnen1\" alt=\"Protest gegen die Sch\u00e4ndung des Th\u00e4lmann-Denkmals in Berlin am 18.11.2021\" style=\"width: 335px; height: 256px;\" \/> <\/a> <div class=\"tiled-gallery-caption\" itemprop=\"caption description\"> Protest gegen die Sch\u00e4ndung des Th\u00e4lmann-Denkmals in Berlin am 18.11.2021 <\/div> <\/div> <\/div> <!-- close group --> <div class=\"gallery-group images-1\" style=\"width: 461px; height: 534px;\" data-original-width=\"461\" data-original-height=\"534\" > <div class=\"tiled-gallery-item tiled-gallery-item-large\" itemprop=\"associatedMedia\" itemscope itemtype=\"http:\/\/schema.org\/ImageObject\"> <a href=\"https:\/\/www.freidenker.org\/?attachment_id=11698\" border=\"0\" itemprop=\"url\"> <meta itemprop=\"width\" content=\"457\"> <meta itemprop=\"height\" content=\"530\"> <img decoding=\"async\" class=\"\" data-attachment-id=\"11698\" data-orig-file=\"https:\/\/www.freidenker.org\/fw17\/wp-content\/uploads\/2021\/11\/Fahnen2.jpg\" data-orig-size=\"1200,1393\" data-comments-opened=\"\" data-image-meta=\"{&quot;aperture&quot;:&quot;0&quot;,&quot;credit&quot;:&quot;&quot;,&quot;camera&quot;:&quot;&quot;,&quot;caption&quot;:&quot;&quot;,&quot;created_timestamp&quot;:&quot;0&quot;,&quot;copyright&quot;:&quot;&quot;,&quot;focal_length&quot;:&quot;0&quot;,&quot;iso&quot;:&quot;0&quot;,&quot;shutter_speed&quot;:&quot;0&quot;,&quot;title&quot;:&quot;&quot;,&quot;orientation&quot;:&quot;1&quot;}\" data-image-title=\"Fahnen2\" data-image-description=\"\" data-medium-file=\"https:\/\/i0.wp.com\/www.freidenker.org\/fw17\/wp-content\/uploads\/2021\/11\/Fahnen2.jpg?fit=258%2C300&#038;ssl=1\" data-large-file=\"https:\/\/i0.wp.com\/www.freidenker.org\/fw17\/wp-content\/uploads\/2021\/11\/Fahnen2.jpg?fit=800%2C929&#038;ssl=1\" src=\"https:\/\/i0.wp.com\/www.freidenker.org\/fw17\/wp-content\/uploads\/2021\/11\/Fahnen2.jpg?w=457&#038;h=530&#038;ssl=1\" srcset=\"https:\/\/i0.wp.com\/www.freidenker.org\/fw17\/wp-content\/uploads\/2021\/11\/Fahnen2.jpg?w=1200&amp;ssl=1 1200w, https:\/\/i0.wp.com\/www.freidenker.org\/fw17\/wp-content\/uploads\/2021\/11\/Fahnen2.jpg?resize=258%2C300&amp;ssl=1 258w, https:\/\/i0.wp.com\/www.freidenker.org\/fw17\/wp-content\/uploads\/2021\/11\/Fahnen2.jpg?resize=882%2C1024&amp;ssl=1 882w, https:\/\/i0.wp.com\/www.freidenker.org\/fw17\/wp-content\/uploads\/2021\/11\/Fahnen2.jpg?resize=768%2C892&amp;ssl=1 768w\" width=\"457\" height=\"530\" loading=\"lazy\" data-original-width=\"457\" data-original-height=\"530\" itemprop=\"http:\/\/schema.org\/image\" title=\"Fahnen2\" alt=\"Protest gegen die Sch\u00e4ndung des Th\u00e4lmann-Denkmals in Berlin am 18.11.2021\" style=\"width: 457px; height: 530px;\" \/> <\/a> <div class=\"tiled-gallery-caption\" itemprop=\"caption description\"> Protest gegen die Sch\u00e4ndung des Th\u00e4lmann-Denkmals in Berlin am 18.11.2021 <\/div> <\/div> <\/div> <!-- close group --> <\/div> <!-- close row --> <div class=\"gallery-row\" style=\"width: 800px; height: 443px;\" data-original-width=\"800\" data-original-height=\"443\" > <div class=\"gallery-group images-1\" style=\"width: 392px; height: 443px;\" data-original-width=\"392\" data-original-height=\"443\" > <div class=\"tiled-gallery-item tiled-gallery-item-large\" itemprop=\"associatedMedia\" itemscope itemtype=\"http:\/\/schema.org\/ImageObject\"> <a href=\"https:\/\/www.freidenker.org\/?attachment_id=11699\" border=\"0\" itemprop=\"url\"> <meta itemprop=\"width\" content=\"388\"> <meta itemprop=\"height\" content=\"439\"> <img decoding=\"async\" class=\"\" data-attachment-id=\"11699\" data-orig-file=\"https:\/\/www.freidenker.org\/fw17\/wp-content\/uploads\/2021\/11\/Fahnen3.jpg\" data-orig-size=\"1200,1358\" data-comments-opened=\"\" data-image-meta=\"{&quot;aperture&quot;:&quot;0&quot;,&quot;credit&quot;:&quot;&quot;,&quot;camera&quot;:&quot;&quot;,&quot;caption&quot;:&quot;&quot;,&quot;created_timestamp&quot;:&quot;0&quot;,&quot;copyright&quot;:&quot;&quot;,&quot;focal_length&quot;:&quot;0&quot;,&quot;iso&quot;:&quot;0&quot;,&quot;shutter_speed&quot;:&quot;0&quot;,&quot;title&quot;:&quot;&quot;,&quot;orientation&quot;:&quot;1&quot;}\" data-image-title=\"Fahnen3\" data-image-description=\"\" data-medium-file=\"https:\/\/i0.wp.com\/www.freidenker.org\/fw17\/wp-content\/uploads\/2021\/11\/Fahnen3.jpg?fit=265%2C300&#038;ssl=1\" data-large-file=\"https:\/\/i0.wp.com\/www.freidenker.org\/fw17\/wp-content\/uploads\/2021\/11\/Fahnen3.jpg?fit=800%2C905&#038;ssl=1\" src=\"https:\/\/i0.wp.com\/www.freidenker.org\/fw17\/wp-content\/uploads\/2021\/11\/Fahnen3.jpg?w=388&#038;h=439&#038;ssl=1\" srcset=\"https:\/\/i0.wp.com\/www.freidenker.org\/fw17\/wp-content\/uploads\/2021\/11\/Fahnen3.jpg?w=1200&amp;ssl=1 1200w, https:\/\/i0.wp.com\/www.freidenker.org\/fw17\/wp-content\/uploads\/2021\/11\/Fahnen3.jpg?resize=265%2C300&amp;ssl=1 265w, https:\/\/i0.wp.com\/www.freidenker.org\/fw17\/wp-content\/uploads\/2021\/11\/Fahnen3.jpg?resize=905%2C1024&amp;ssl=1 905w, https:\/\/i0.wp.com\/www.freidenker.org\/fw17\/wp-content\/uploads\/2021\/11\/Fahnen3.jpg?resize=768%2C869&amp;ssl=1 768w\" width=\"388\" height=\"439\" loading=\"lazy\" data-original-width=\"388\" data-original-height=\"439\" itemprop=\"http:\/\/schema.org\/image\" title=\"Fahnen3\" alt=\"Protest gegen die Sch\u00e4ndung des Th\u00e4lmann-Denkmals in Berlin am 18.11.2021\" style=\"width: 388px; height: 439px;\" \/> <\/a> <div class=\"tiled-gallery-caption\" itemprop=\"caption description\"> Protest gegen die Sch\u00e4ndung des Th\u00e4lmann-Denkmals in Berlin am 18.11.2021 <\/div> <\/div> <\/div> <!-- close group --> <div class=\"gallery-group images-1\" style=\"width: 408px; height: 443px;\" data-original-width=\"408\" data-original-height=\"443\" > <div class=\"tiled-gallery-item tiled-gallery-item-large\" itemprop=\"associatedMedia\" itemscope itemtype=\"http:\/\/schema.org\/ImageObject\"> <a href=\"https:\/\/www.freidenker.org\/?attachment_id=11711\" border=\"0\" itemprop=\"url\"> <meta itemprop=\"width\" content=\"404\"> <meta itemprop=\"height\" content=\"439\"> <img decoding=\"async\" class=\"\" data-attachment-id=\"11711\" data-orig-file=\"https:\/\/www.freidenker.org\/fw17\/wp-content\/uploads\/2021\/11\/Sowjetische-Fahne.jpg\" data-orig-size=\"1200,1304\" data-comments-opened=\"\" data-image-meta=\"{&quot;aperture&quot;:&quot;0&quot;,&quot;credit&quot;:&quot;&quot;,&quot;camera&quot;:&quot;&quot;,&quot;caption&quot;:&quot;&quot;,&quot;created_timestamp&quot;:&quot;0&quot;,&quot;copyright&quot;:&quot;&quot;,&quot;focal_length&quot;:&quot;0&quot;,&quot;iso&quot;:&quot;0&quot;,&quot;shutter_speed&quot;:&quot;0&quot;,&quot;title&quot;:&quot;&quot;,&quot;orientation&quot;:&quot;1&quot;}\" data-image-title=\"Sowjetische Fahne\" data-image-description=\"\" data-medium-file=\"https:\/\/i0.wp.com\/www.freidenker.org\/fw17\/wp-content\/uploads\/2021\/11\/Sowjetische-Fahne.jpg?fit=276%2C300&#038;ssl=1\" data-large-file=\"https:\/\/i0.wp.com\/www.freidenker.org\/fw17\/wp-content\/uploads\/2021\/11\/Sowjetische-Fahne.jpg?fit=800%2C870&#038;ssl=1\" src=\"https:\/\/i0.wp.com\/www.freidenker.org\/fw17\/wp-content\/uploads\/2021\/11\/Sowjetische-Fahne.jpg?w=404&#038;h=439&#038;ssl=1\" srcset=\"https:\/\/i0.wp.com\/www.freidenker.org\/fw17\/wp-content\/uploads\/2021\/11\/Sowjetische-Fahne.jpg?w=1200&amp;ssl=1 1200w, https:\/\/i0.wp.com\/www.freidenker.org\/fw17\/wp-content\/uploads\/2021\/11\/Sowjetische-Fahne.jpg?resize=276%2C300&amp;ssl=1 276w, https:\/\/i0.wp.com\/www.freidenker.org\/fw17\/wp-content\/uploads\/2021\/11\/Sowjetische-Fahne.jpg?resize=942%2C1024&amp;ssl=1 942w, https:\/\/i0.wp.com\/www.freidenker.org\/fw17\/wp-content\/uploads\/2021\/11\/Sowjetische-Fahne.jpg?resize=768%2C835&amp;ssl=1 768w\" width=\"404\" height=\"439\" loading=\"lazy\" data-original-width=\"404\" data-original-height=\"439\" itemprop=\"http:\/\/schema.org\/image\" title=\"Sowjetische Fahne\" alt=\"Protest gegen die Sch\u00e4ndung des Th\u00e4lmann-Denkmals in Berlin am 18.11.2021\" style=\"width: 404px; height: 439px;\" \/> <\/a> <div class=\"tiled-gallery-caption\" itemprop=\"caption description\"> Protest gegen die Sch\u00e4ndung des Th\u00e4lmann-Denkmals in Berlin am 18.11.2021 <\/div> <\/div> <\/div> <!-- close group --> <\/div> <!-- close row --> <div class=\"gallery-row\" style=\"width: 800px; height: 610px;\" data-original-width=\"800\" data-original-height=\"610\" > <div class=\"gallery-group images-1\" style=\"width: 542px; height: 610px;\" data-original-width=\"542\" data-original-height=\"610\" > <div class=\"tiled-gallery-item tiled-gallery-item-large\" itemprop=\"associatedMedia\" itemscope itemtype=\"http:\/\/schema.org\/ImageObject\"> <a href=\"https:\/\/www.freidenker.org\/?attachment_id=11700\" border=\"0\" itemprop=\"url\"> <meta itemprop=\"width\" content=\"538\"> <meta itemprop=\"height\" content=\"606\"> <img decoding=\"async\" class=\"\" data-attachment-id=\"11700\" data-orig-file=\"https:\/\/www.freidenker.org\/fw17\/wp-content\/uploads\/2021\/11\/Fahnen4.jpg\" data-orig-size=\"1200,1352\" data-comments-opened=\"\" data-image-meta=\"{&quot;aperture&quot;:&quot;0&quot;,&quot;credit&quot;:&quot;&quot;,&quot;camera&quot;:&quot;&quot;,&quot;caption&quot;:&quot;&quot;,&quot;created_timestamp&quot;:&quot;0&quot;,&quot;copyright&quot;:&quot;&quot;,&quot;focal_length&quot;:&quot;0&quot;,&quot;iso&quot;:&quot;0&quot;,&quot;shutter_speed&quot;:&quot;0&quot;,&quot;title&quot;:&quot;&quot;,&quot;orientation&quot;:&quot;1&quot;}\" data-image-title=\"Fahnen4\" data-image-description=\"\" data-medium-file=\"https:\/\/i0.wp.com\/www.freidenker.org\/fw17\/wp-content\/uploads\/2021\/11\/Fahnen4.jpg?fit=266%2C300&#038;ssl=1\" data-large-file=\"https:\/\/i0.wp.com\/www.freidenker.org\/fw17\/wp-content\/uploads\/2021\/11\/Fahnen4.jpg?fit=800%2C901&#038;ssl=1\" src=\"https:\/\/i0.wp.com\/www.freidenker.org\/fw17\/wp-content\/uploads\/2021\/11\/Fahnen4.jpg?w=538&#038;h=606&#038;ssl=1\" srcset=\"https:\/\/i0.wp.com\/www.freidenker.org\/fw17\/wp-content\/uploads\/2021\/11\/Fahnen4.jpg?w=1200&amp;ssl=1 1200w, https:\/\/i0.wp.com\/www.freidenker.org\/fw17\/wp-content\/uploads\/2021\/11\/Fahnen4.jpg?resize=266%2C300&amp;ssl=1 266w, https:\/\/i0.wp.com\/www.freidenker.org\/fw17\/wp-content\/uploads\/2021\/11\/Fahnen4.jpg?resize=909%2C1024&amp;ssl=1 909w, https:\/\/i0.wp.com\/www.freidenker.org\/fw17\/wp-content\/uploads\/2021\/11\/Fahnen4.jpg?resize=768%2C865&amp;ssl=1 768w\" width=\"538\" height=\"606\" loading=\"lazy\" data-original-width=\"538\" data-original-height=\"606\" itemprop=\"http:\/\/schema.org\/image\" title=\"Fahnen4\" alt=\"Protest gegen die Sch\u00e4ndung des Th\u00e4lmann-Denkmals in Berlin am 18.11.2021\" style=\"width: 538px; height: 606px;\" \/> <\/a> <div class=\"tiled-gallery-caption\" itemprop=\"caption description\"> Protest gegen die Sch\u00e4ndung des Th\u00e4lmann-Denkmals in Berlin am 18.11.2021 <\/div> <\/div> <\/div> <!-- close group --> <div class=\"gallery-group images-3\" style=\"width: 258px; height: 610px;\" data-original-width=\"258\" data-original-height=\"610\" > <div class=\"tiled-gallery-item tiled-gallery-item-large\" itemprop=\"associatedMedia\" itemscope itemtype=\"http:\/\/schema.org\/ImageObject\"> <a href=\"https:\/\/www.freidenker.org\/?attachment_id=11701\" border=\"0\" itemprop=\"url\"> <meta itemprop=\"width\" content=\"254\"> <meta itemprop=\"height\" content=\"228\"> <img decoding=\"async\" class=\"\" data-attachment-id=\"11701\" data-orig-file=\"https:\/\/www.freidenker.org\/fw17\/wp-content\/uploads\/2021\/11\/Gehrcke-vor-Denkmal-1.jpg\" data-orig-size=\"1200,1080\" data-comments-opened=\"\" data-image-meta=\"{&quot;aperture&quot;:&quot;0&quot;,&quot;credit&quot;:&quot;&quot;,&quot;camera&quot;:&quot;&quot;,&quot;caption&quot;:&quot;&quot;,&quot;created_timestamp&quot;:&quot;0&quot;,&quot;copyright&quot;:&quot;&quot;,&quot;focal_length&quot;:&quot;0&quot;,&quot;iso&quot;:&quot;0&quot;,&quot;shutter_speed&quot;:&quot;0&quot;,&quot;title&quot;:&quot;&quot;,&quot;orientation&quot;:&quot;1&quot;}\" data-image-title=\"Gehrcke vor Denkmal 1\" data-image-description=\"\" data-medium-file=\"https:\/\/i0.wp.com\/www.freidenker.org\/fw17\/wp-content\/uploads\/2021\/11\/Gehrcke-vor-Denkmal-1.jpg?fit=300%2C270&#038;ssl=1\" data-large-file=\"https:\/\/i0.wp.com\/www.freidenker.org\/fw17\/wp-content\/uploads\/2021\/11\/Gehrcke-vor-Denkmal-1.jpg?fit=800%2C720&#038;ssl=1\" src=\"https:\/\/i0.wp.com\/www.freidenker.org\/fw17\/wp-content\/uploads\/2021\/11\/Gehrcke-vor-Denkmal-1.jpg?w=254&#038;h=228&#038;ssl=1\" srcset=\"https:\/\/i0.wp.com\/www.freidenker.org\/fw17\/wp-content\/uploads\/2021\/11\/Gehrcke-vor-Denkmal-1.jpg?w=1200&amp;ssl=1 1200w, https:\/\/i0.wp.com\/www.freidenker.org\/fw17\/wp-content\/uploads\/2021\/11\/Gehrcke-vor-Denkmal-1.jpg?resize=300%2C270&amp;ssl=1 300w, https:\/\/i0.wp.com\/www.freidenker.org\/fw17\/wp-content\/uploads\/2021\/11\/Gehrcke-vor-Denkmal-1.jpg?resize=1024%2C922&amp;ssl=1 1024w, https:\/\/i0.wp.com\/www.freidenker.org\/fw17\/wp-content\/uploads\/2021\/11\/Gehrcke-vor-Denkmal-1.jpg?resize=768%2C691&amp;ssl=1 768w\" width=\"254\" height=\"228\" loading=\"lazy\" data-original-width=\"254\" data-original-height=\"228\" itemprop=\"http:\/\/schema.org\/image\" title=\"Gehrcke vor Denkmal 1\" alt=\"Protest gegen die Sch\u00e4ndung des Th\u00e4lmann-Denkmals in Berlin am 18.11.2021\" style=\"width: 254px; height: 228px;\" \/> <\/a> <div class=\"tiled-gallery-caption\" itemprop=\"caption description\"> Protest gegen die Sch\u00e4ndung des Th\u00e4lmann-Denkmals in Berlin am 18.11.2021 <\/div> <\/div> <div class=\"tiled-gallery-item tiled-gallery-item-large\" itemprop=\"associatedMedia\" itemscope itemtype=\"http:\/\/schema.org\/ImageObject\"> <a href=\"https:\/\/www.freidenker.org\/?attachment_id=11702\" border=\"0\" itemprop=\"url\"> <meta itemprop=\"width\" content=\"254\"> <meta itemprop=\"height\" content=\"174\"> <img decoding=\"async\" class=\"\" data-attachment-id=\"11702\" data-orig-file=\"https:\/\/www.freidenker.org\/fw17\/wp-content\/uploads\/2021\/11\/Gehrcke-vor-Denkmal-2.jpg\" data-orig-size=\"1200,824\" data-comments-opened=\"\" data-image-meta=\"{&quot;aperture&quot;:&quot;0&quot;,&quot;credit&quot;:&quot;&quot;,&quot;camera&quot;:&quot;&quot;,&quot;caption&quot;:&quot;&quot;,&quot;created_timestamp&quot;:&quot;0&quot;,&quot;copyright&quot;:&quot;&quot;,&quot;focal_length&quot;:&quot;0&quot;,&quot;iso&quot;:&quot;0&quot;,&quot;shutter_speed&quot;:&quot;0&quot;,&quot;title&quot;:&quot;&quot;,&quot;orientation&quot;:&quot;1&quot;}\" data-image-title=\"Wolfgang Gehrcke\" data-image-description=\"\" data-medium-file=\"https:\/\/i0.wp.com\/www.freidenker.org\/fw17\/wp-content\/uploads\/2021\/11\/Gehrcke-vor-Denkmal-2.jpg?fit=300%2C206&#038;ssl=1\" data-large-file=\"https:\/\/i0.wp.com\/www.freidenker.org\/fw17\/wp-content\/uploads\/2021\/11\/Gehrcke-vor-Denkmal-2.jpg?fit=800%2C549&#038;ssl=1\" src=\"https:\/\/i0.wp.com\/www.freidenker.org\/fw17\/wp-content\/uploads\/2021\/11\/Gehrcke-vor-Denkmal-2.jpg?w=254&#038;h=174&#038;ssl=1\" srcset=\"https:\/\/i0.wp.com\/www.freidenker.org\/fw17\/wp-content\/uploads\/2021\/11\/Gehrcke-vor-Denkmal-2.jpg?w=1200&amp;ssl=1 1200w, https:\/\/i0.wp.com\/www.freidenker.org\/fw17\/wp-content\/uploads\/2021\/11\/Gehrcke-vor-Denkmal-2.jpg?resize=300%2C206&amp;ssl=1 300w, https:\/\/i0.wp.com\/www.freidenker.org\/fw17\/wp-content\/uploads\/2021\/11\/Gehrcke-vor-Denkmal-2.jpg?resize=1024%2C703&amp;ssl=1 1024w, https:\/\/i0.wp.com\/www.freidenker.org\/fw17\/wp-content\/uploads\/2021\/11\/Gehrcke-vor-Denkmal-2.jpg?resize=768%2C527&amp;ssl=1 768w, https:\/\/i0.wp.com\/www.freidenker.org\/fw17\/wp-content\/uploads\/2021\/11\/Gehrcke-vor-Denkmal-2.jpg?resize=130%2C90&amp;ssl=1 130w\" width=\"254\" height=\"174\" loading=\"lazy\" data-original-width=\"254\" data-original-height=\"174\" itemprop=\"http:\/\/schema.org\/image\" title=\"Wolfgang Gehrcke\" alt=\"Protest gegen die Sch\u00e4ndung des Th\u00e4lmann-Denkmals in Berlin am 18.11.2021: Wolfgang Gehrke und Christiane Reymann\" style=\"width: 254px; height: 174px;\" \/> <\/a> <div class=\"tiled-gallery-caption\" itemprop=\"caption description\"> Protest gegen die Sch\u00e4ndung des Th\u00e4lmann-Denkmals in Berlin am 18.11.2021: Wolfgang Gehrke und Christiane Reymann <\/div> <\/div> <div class=\"tiled-gallery-item tiled-gallery-item-large\" itemprop=\"associatedMedia\" itemscope itemtype=\"http:\/\/schema.org\/ImageObject\"> <a href=\"https:\/\/www.freidenker.org\/?attachment_id=11703\" border=\"0\" itemprop=\"url\"> <meta itemprop=\"width\" content=\"254\"> <meta itemprop=\"height\" content=\"196\"> <img decoding=\"async\" class=\"\" data-attachment-id=\"11703\" data-orig-file=\"https:\/\/www.freidenker.org\/fw17\/wp-content\/uploads\/2021\/11\/Gruppe-vor-Denkmal-1.jpg\" data-orig-size=\"1200,926\" data-comments-opened=\"\" data-image-meta=\"{&quot;aperture&quot;:&quot;0&quot;,&quot;credit&quot;:&quot;&quot;,&quot;camera&quot;:&quot;&quot;,&quot;caption&quot;:&quot;&quot;,&quot;created_timestamp&quot;:&quot;0&quot;,&quot;copyright&quot;:&quot;&quot;,&quot;focal_length&quot;:&quot;0&quot;,&quot;iso&quot;:&quot;0&quot;,&quot;shutter_speed&quot;:&quot;0&quot;,&quot;title&quot;:&quot;&quot;,&quot;orientation&quot;:&quot;1&quot;}\" data-image-title=\"Gruppe vor Denkmal 1\" data-image-description=\"\" data-medium-file=\"https:\/\/i0.wp.com\/www.freidenker.org\/fw17\/wp-content\/uploads\/2021\/11\/Gruppe-vor-Denkmal-1.jpg?fit=300%2C232&#038;ssl=1\" data-large-file=\"https:\/\/i0.wp.com\/www.freidenker.org\/fw17\/wp-content\/uploads\/2021\/11\/Gruppe-vor-Denkmal-1.jpg?fit=800%2C617&#038;ssl=1\" src=\"https:\/\/i0.wp.com\/www.freidenker.org\/fw17\/wp-content\/uploads\/2021\/11\/Gruppe-vor-Denkmal-1.jpg?w=254&#038;h=196&#038;ssl=1\" srcset=\"https:\/\/i0.wp.com\/www.freidenker.org\/fw17\/wp-content\/uploads\/2021\/11\/Gruppe-vor-Denkmal-1.jpg?w=1200&amp;ssl=1 1200w, https:\/\/i0.wp.com\/www.freidenker.org\/fw17\/wp-content\/uploads\/2021\/11\/Gruppe-vor-Denkmal-1.jpg?resize=300%2C232&amp;ssl=1 300w, https:\/\/i0.wp.com\/www.freidenker.org\/fw17\/wp-content\/uploads\/2021\/11\/Gruppe-vor-Denkmal-1.jpg?resize=1024%2C790&amp;ssl=1 1024w, https:\/\/i0.wp.com\/www.freidenker.org\/fw17\/wp-content\/uploads\/2021\/11\/Gruppe-vor-Denkmal-1.jpg?resize=768%2C593&amp;ssl=1 768w\" width=\"254\" height=\"196\" loading=\"lazy\" data-original-width=\"254\" data-original-height=\"196\" itemprop=\"http:\/\/schema.org\/image\" title=\"Gruppe vor Denkmal 1\" alt=\"Protest gegen die Sch\u00e4ndung des Th\u00e4lmann-Denkmals in Berlin am 18.11.2021\" style=\"width: 254px; height: 196px;\" \/> <\/a> <div class=\"tiled-gallery-caption\" itemprop=\"caption description\"> Protest gegen die Sch\u00e4ndung des Th\u00e4lmann-Denkmals in Berlin am 18.11.2021 <\/div> <\/div> <\/div> <!-- close group --> <\/div> <!-- close row --> <div class=\"gallery-row\" style=\"width: 800px; height: 698px;\" data-original-width=\"800\" data-original-height=\"698\" > <div class=\"gallery-group images-3\" style=\"width: 319px; height: 698px;\" data-original-width=\"319\" data-original-height=\"698\" > <div class=\"tiled-gallery-item tiled-gallery-item-large\" itemprop=\"associatedMedia\" itemscope itemtype=\"http:\/\/schema.org\/ImageObject\"> <a href=\"https:\/\/www.freidenker.org\/?attachment_id=11704\" border=\"0\" itemprop=\"url\"> <meta itemprop=\"width\" content=\"315\"> <meta itemprop=\"height\" content=\"168\"> <img decoding=\"async\" class=\"\" data-attachment-id=\"11704\" data-orig-file=\"https:\/\/www.freidenker.org\/fw17\/wp-content\/uploads\/2021\/11\/Gruppe-vor-Denkmal-2.jpg\" data-orig-size=\"1200,641\" data-comments-opened=\"\" data-image-meta=\"{&quot;aperture&quot;:&quot;0&quot;,&quot;credit&quot;:&quot;&quot;,&quot;camera&quot;:&quot;&quot;,&quot;caption&quot;:&quot;&quot;,&quot;created_timestamp&quot;:&quot;0&quot;,&quot;copyright&quot;:&quot;&quot;,&quot;focal_length&quot;:&quot;0&quot;,&quot;iso&quot;:&quot;0&quot;,&quot;shutter_speed&quot;:&quot;0&quot;,&quot;title&quot;:&quot;&quot;,&quot;orientation&quot;:&quot;1&quot;}\" data-image-title=\"Gruppe vor Denkmal 2\" data-image-description=\"\" data-medium-file=\"https:\/\/i0.wp.com\/www.freidenker.org\/fw17\/wp-content\/uploads\/2021\/11\/Gruppe-vor-Denkmal-2.jpg?fit=300%2C160&#038;ssl=1\" data-large-file=\"https:\/\/i0.wp.com\/www.freidenker.org\/fw17\/wp-content\/uploads\/2021\/11\/Gruppe-vor-Denkmal-2.jpg?fit=800%2C427&#038;ssl=1\" src=\"https:\/\/i0.wp.com\/www.freidenker.org\/fw17\/wp-content\/uploads\/2021\/11\/Gruppe-vor-Denkmal-2.jpg?w=315&#038;h=168&#038;ssl=1\" srcset=\"https:\/\/i0.wp.com\/www.freidenker.org\/fw17\/wp-content\/uploads\/2021\/11\/Gruppe-vor-Denkmal-2.jpg?w=1200&amp;ssl=1 1200w, https:\/\/i0.wp.com\/www.freidenker.org\/fw17\/wp-content\/uploads\/2021\/11\/Gruppe-vor-Denkmal-2.jpg?resize=300%2C160&amp;ssl=1 300w, https:\/\/i0.wp.com\/www.freidenker.org\/fw17\/wp-content\/uploads\/2021\/11\/Gruppe-vor-Denkmal-2.jpg?resize=1024%2C547&amp;ssl=1 1024w, https:\/\/i0.wp.com\/www.freidenker.org\/fw17\/wp-content\/uploads\/2021\/11\/Gruppe-vor-Denkmal-2.jpg?resize=768%2C410&amp;ssl=1 768w\" width=\"315\" height=\"168\" loading=\"lazy\" data-original-width=\"315\" data-original-height=\"168\" itemprop=\"http:\/\/schema.org\/image\" title=\"Gruppe vor Denkmal 2\" alt=\"Protest gegen die Sch\u00e4ndung des Th\u00e4lmann-Denkmals in Berlin am 18.11.2021\" style=\"width: 315px; height: 168px;\" \/> <\/a> <div class=\"tiled-gallery-caption\" itemprop=\"caption description\"> Protest gegen die Sch\u00e4ndung des Th\u00e4lmann-Denkmals in Berlin am 18.11.2021 <\/div> <\/div> <div class=\"tiled-gallery-item tiled-gallery-item-large\" itemprop=\"associatedMedia\" itemscope itemtype=\"http:\/\/schema.org\/ImageObject\"> <a href=\"https:\/\/www.freidenker.org\/?attachment_id=11705\" border=\"0\" itemprop=\"url\"> <meta itemprop=\"width\" content=\"315\"> <meta itemprop=\"height\" content=\"278\"> <img decoding=\"async\" class=\"\" data-attachment-id=\"11705\" data-orig-file=\"https:\/\/www.freidenker.org\/fw17\/wp-content\/uploads\/2021\/11\/Gruppe-vor-Denkmal-3.jpg\" data-orig-size=\"1200,1061\" data-comments-opened=\"\" data-image-meta=\"{&quot;aperture&quot;:&quot;0&quot;,&quot;credit&quot;:&quot;&quot;,&quot;camera&quot;:&quot;&quot;,&quot;caption&quot;:&quot;&quot;,&quot;created_timestamp&quot;:&quot;0&quot;,&quot;copyright&quot;:&quot;&quot;,&quot;focal_length&quot;:&quot;0&quot;,&quot;iso&quot;:&quot;0&quot;,&quot;shutter_speed&quot;:&quot;0&quot;,&quot;title&quot;:&quot;&quot;,&quot;orientation&quot;:&quot;1&quot;}\" data-image-title=\"Gruppe vor Denkmal 3\" data-image-description=\"\" data-medium-file=\"https:\/\/i0.wp.com\/www.freidenker.org\/fw17\/wp-content\/uploads\/2021\/11\/Gruppe-vor-Denkmal-3.jpg?fit=300%2C265&#038;ssl=1\" data-large-file=\"https:\/\/i0.wp.com\/www.freidenker.org\/fw17\/wp-content\/uploads\/2021\/11\/Gruppe-vor-Denkmal-3.jpg?fit=800%2C707&#038;ssl=1\" src=\"https:\/\/i0.wp.com\/www.freidenker.org\/fw17\/wp-content\/uploads\/2021\/11\/Gruppe-vor-Denkmal-3.jpg?w=315&#038;h=278&#038;ssl=1\" srcset=\"https:\/\/i0.wp.com\/www.freidenker.org\/fw17\/wp-content\/uploads\/2021\/11\/Gruppe-vor-Denkmal-3.jpg?w=1200&amp;ssl=1 1200w, https:\/\/i0.wp.com\/www.freidenker.org\/fw17\/wp-content\/uploads\/2021\/11\/Gruppe-vor-Denkmal-3.jpg?resize=300%2C265&amp;ssl=1 300w, https:\/\/i0.wp.com\/www.freidenker.org\/fw17\/wp-content\/uploads\/2021\/11\/Gruppe-vor-Denkmal-3.jpg?resize=1024%2C905&amp;ssl=1 1024w, https:\/\/i0.wp.com\/www.freidenker.org\/fw17\/wp-content\/uploads\/2021\/11\/Gruppe-vor-Denkmal-3.jpg?resize=768%2C679&amp;ssl=1 768w\" width=\"315\" height=\"278\" loading=\"lazy\" data-original-width=\"315\" data-original-height=\"278\" itemprop=\"http:\/\/schema.org\/image\" title=\"Gruppe vor Denkmal 3\" alt=\"Protest gegen die Sch\u00e4ndung des Th\u00e4lmann-Denkmals in Berlin am 18.11.2021\" style=\"width: 315px; height: 278px;\" \/> <\/a> <div class=\"tiled-gallery-caption\" itemprop=\"caption description\"> Protest gegen die Sch\u00e4ndung des Th\u00e4lmann-Denkmals in Berlin am 18.11.2021 <\/div> <\/div> <div class=\"tiled-gallery-item tiled-gallery-item-large\" itemprop=\"associatedMedia\" itemscope itemtype=\"http:\/\/schema.org\/ImageObject\"> <a href=\"https:\/\/www.freidenker.org\/?attachment_id=11706\" border=\"0\" itemprop=\"url\"> <meta itemprop=\"width\" content=\"315\"> <meta itemprop=\"height\" content=\"240\"> <img decoding=\"async\" class=\"\" data-attachment-id=\"11706\" data-orig-file=\"https:\/\/www.freidenker.org\/fw17\/wp-content\/uploads\/2021\/11\/Klaus-mit-Gehrcke.jpg\" data-orig-size=\"1200,914\" data-comments-opened=\"\" data-image-meta=\"{&quot;aperture&quot;:&quot;0&quot;,&quot;credit&quot;:&quot;&quot;,&quot;camera&quot;:&quot;&quot;,&quot;caption&quot;:&quot;&quot;,&quot;created_timestamp&quot;:&quot;0&quot;,&quot;copyright&quot;:&quot;&quot;,&quot;focal_length&quot;:&quot;0&quot;,&quot;iso&quot;:&quot;0&quot;,&quot;shutter_speed&quot;:&quot;0&quot;,&quot;title&quot;:&quot;&quot;,&quot;orientation&quot;:&quot;1&quot;}\" data-image-title=\"Klaus mit Gehrcke\" data-image-description=\"\" data-medium-file=\"https:\/\/i0.wp.com\/www.freidenker.org\/fw17\/wp-content\/uploads\/2021\/11\/Klaus-mit-Gehrcke.jpg?fit=300%2C229&#038;ssl=1\" data-large-file=\"https:\/\/i0.wp.com\/www.freidenker.org\/fw17\/wp-content\/uploads\/2021\/11\/Klaus-mit-Gehrcke.jpg?fit=800%2C609&#038;ssl=1\" src=\"https:\/\/i0.wp.com\/www.freidenker.org\/fw17\/wp-content\/uploads\/2021\/11\/Klaus-mit-Gehrcke.jpg?w=315&#038;h=240&#038;ssl=1\" srcset=\"https:\/\/i0.wp.com\/www.freidenker.org\/fw17\/wp-content\/uploads\/2021\/11\/Klaus-mit-Gehrcke.jpg?w=1200&amp;ssl=1 1200w, https:\/\/i0.wp.com\/www.freidenker.org\/fw17\/wp-content\/uploads\/2021\/11\/Klaus-mit-Gehrcke.jpg?resize=300%2C229&amp;ssl=1 300w, https:\/\/i0.wp.com\/www.freidenker.org\/fw17\/wp-content\/uploads\/2021\/11\/Klaus-mit-Gehrcke.jpg?resize=1024%2C780&amp;ssl=1 1024w, https:\/\/i0.wp.com\/www.freidenker.org\/fw17\/wp-content\/uploads\/2021\/11\/Klaus-mit-Gehrcke.jpg?resize=768%2C585&amp;ssl=1 768w\" width=\"315\" height=\"240\" loading=\"lazy\" data-original-width=\"315\" data-original-height=\"240\" itemprop=\"http:\/\/schema.org\/image\" title=\"Klaus mit Gehrcke\" alt=\"Protest gegen die Sch\u00e4ndung des Th\u00e4lmann-Denkmals in Berlin am 18.11.2021: Klaus Linder, Wolfgang Gehrke und Christiane Reymann\" style=\"width: 315px; height: 240px;\" \/> <\/a> <div class=\"tiled-gallery-caption\" itemprop=\"caption description\"> Protest gegen die Sch\u00e4ndung des Th\u00e4lmann-Denkmals in Berlin am 18.11.2021: Klaus Linder, Wolfgang Gehrke und Christiane Reymann <\/div> <\/div> <\/div> <!-- close group --> <div class=\"gallery-group images-1\" style=\"width: 481px; height: 698px;\" data-original-width=\"481\" data-original-height=\"698\" > <div class=\"tiled-gallery-item tiled-gallery-item-large\" itemprop=\"associatedMedia\" itemscope itemtype=\"http:\/\/schema.org\/ImageObject\"> <a href=\"https:\/\/www.freidenker.org\/?attachment_id=11707\" border=\"0\" itemprop=\"url\"> <meta itemprop=\"width\" content=\"477\"> <meta itemprop=\"height\" content=\"694\"> <img decoding=\"async\" class=\"\" data-attachment-id=\"11707\" data-orig-file=\"https:\/\/www.freidenker.org\/fw17\/wp-content\/uploads\/2021\/11\/Polizei-vor-Denkmal.jpg\" data-orig-size=\"1200,1746\" data-comments-opened=\"\" data-image-meta=\"{&quot;aperture&quot;:&quot;0&quot;,&quot;credit&quot;:&quot;&quot;,&quot;camera&quot;:&quot;&quot;,&quot;caption&quot;:&quot;&quot;,&quot;created_timestamp&quot;:&quot;0&quot;,&quot;copyright&quot;:&quot;&quot;,&quot;focal_length&quot;:&quot;0&quot;,&quot;iso&quot;:&quot;0&quot;,&quot;shutter_speed&quot;:&quot;0&quot;,&quot;title&quot;:&quot;&quot;,&quot;orientation&quot;:&quot;1&quot;}\" data-image-title=\"Polizei vor Denkmal\" data-image-description=\"\" data-medium-file=\"https:\/\/i0.wp.com\/www.freidenker.org\/fw17\/wp-content\/uploads\/2021\/11\/Polizei-vor-Denkmal.jpg?fit=206%2C300&#038;ssl=1\" data-large-file=\"https:\/\/i0.wp.com\/www.freidenker.org\/fw17\/wp-content\/uploads\/2021\/11\/Polizei-vor-Denkmal.jpg?fit=704%2C1024&#038;ssl=1\" src=\"https:\/\/i0.wp.com\/www.freidenker.org\/fw17\/wp-content\/uploads\/2021\/11\/Polizei-vor-Denkmal.jpg?w=477&#038;h=694&#038;ssl=1\" srcset=\"https:\/\/i0.wp.com\/www.freidenker.org\/fw17\/wp-content\/uploads\/2021\/11\/Polizei-vor-Denkmal.jpg?w=1200&amp;ssl=1 1200w, https:\/\/i0.wp.com\/www.freidenker.org\/fw17\/wp-content\/uploads\/2021\/11\/Polizei-vor-Denkmal.jpg?resize=206%2C300&amp;ssl=1 206w, https:\/\/i0.wp.com\/www.freidenker.org\/fw17\/wp-content\/uploads\/2021\/11\/Polizei-vor-Denkmal.jpg?resize=704%2C1024&amp;ssl=1 704w, https:\/\/i0.wp.com\/www.freidenker.org\/fw17\/wp-content\/uploads\/2021\/11\/Polizei-vor-Denkmal.jpg?resize=768%2C1117&amp;ssl=1 768w, https:\/\/i0.wp.com\/www.freidenker.org\/fw17\/wp-content\/uploads\/2021\/11\/Polizei-vor-Denkmal.jpg?resize=1056%2C1536&amp;ssl=1 1056w\" width=\"477\" height=\"694\" loading=\"lazy\" data-original-width=\"477\" data-original-height=\"694\" itemprop=\"http:\/\/schema.org\/image\" title=\"Polizei vor Denkmal\" alt=\"Protest gegen die Sch\u00e4ndung des Th\u00e4lmann-Denkmals in Berlin am 18.11.2021\" style=\"width: 477px; height: 694px;\" \/> <\/a> <div class=\"tiled-gallery-caption\" itemprop=\"caption description\"> Protest gegen die Sch\u00e4ndung des Th\u00e4lmann-Denkmals in Berlin am 18.11.2021 <\/div> <\/div> <\/div> <!-- close group --> <\/div> <!-- close row --> <div class=\"gallery-row\" style=\"width: 800px; height: 384px;\" data-original-width=\"800\" data-original-height=\"384\" > <div class=\"gallery-group images-1\" style=\"width: 481px; height: 384px;\" data-original-width=\"481\" data-original-height=\"384\" > <div class=\"tiled-gallery-item tiled-gallery-item-large\" itemprop=\"associatedMedia\" itemscope itemtype=\"http:\/\/schema.org\/ImageObject\"> <a href=\"https:\/\/www.freidenker.org\/?attachment_id=11708\" border=\"0\" itemprop=\"url\"> <meta itemprop=\"width\" content=\"477\"> <meta itemprop=\"height\" content=\"380\"> <img decoding=\"async\" class=\"\" data-attachment-id=\"11708\" data-orig-file=\"https:\/\/www.freidenker.org\/fw17\/wp-content\/uploads\/2021\/11\/Protestschilder-1.jpg\" data-orig-size=\"1200,955\" data-comments-opened=\"\" data-image-meta=\"{&quot;aperture&quot;:&quot;0&quot;,&quot;credit&quot;:&quot;&quot;,&quot;camera&quot;:&quot;&quot;,&quot;caption&quot;:&quot;&quot;,&quot;created_timestamp&quot;:&quot;0&quot;,&quot;copyright&quot;:&quot;&quot;,&quot;focal_length&quot;:&quot;0&quot;,&quot;iso&quot;:&quot;0&quot;,&quot;shutter_speed&quot;:&quot;0&quot;,&quot;title&quot;:&quot;&quot;,&quot;orientation&quot;:&quot;1&quot;}\" data-image-title=\"Protestschilder 1\" data-image-description=\"\" data-medium-file=\"https:\/\/i0.wp.com\/www.freidenker.org\/fw17\/wp-content\/uploads\/2021\/11\/Protestschilder-1.jpg?fit=300%2C239&#038;ssl=1\" data-large-file=\"https:\/\/i0.wp.com\/www.freidenker.org\/fw17\/wp-content\/uploads\/2021\/11\/Protestschilder-1.jpg?fit=800%2C637&#038;ssl=1\" src=\"https:\/\/i0.wp.com\/www.freidenker.org\/fw17\/wp-content\/uploads\/2021\/11\/Protestschilder-1.jpg?w=477&#038;h=380&#038;ssl=1\" srcset=\"https:\/\/i0.wp.com\/www.freidenker.org\/fw17\/wp-content\/uploads\/2021\/11\/Protestschilder-1.jpg?w=1200&amp;ssl=1 1200w, https:\/\/i0.wp.com\/www.freidenker.org\/fw17\/wp-content\/uploads\/2021\/11\/Protestschilder-1.jpg?resize=300%2C239&amp;ssl=1 300w, https:\/\/i0.wp.com\/www.freidenker.org\/fw17\/wp-content\/uploads\/2021\/11\/Protestschilder-1.jpg?resize=1024%2C815&amp;ssl=1 1024w, https:\/\/i0.wp.com\/www.freidenker.org\/fw17\/wp-content\/uploads\/2021\/11\/Protestschilder-1.jpg?resize=768%2C611&amp;ssl=1 768w\" width=\"477\" height=\"380\" loading=\"lazy\" data-original-width=\"477\" data-original-height=\"380\" itemprop=\"http:\/\/schema.org\/image\" title=\"Protestschilder 1\" alt=\"Protest gegen die Sch\u00e4ndung des Th\u00e4lmann-Denkmals in Berlin am 18.11.2021\" style=\"width: 477px; height: 380px;\" \/> <\/a> <div class=\"tiled-gallery-caption\" itemprop=\"caption description\"> Protest gegen die Sch\u00e4ndung des Th\u00e4lmann-Denkmals in Berlin am 18.11.2021 <\/div> <\/div> <\/div> <!-- close group --> <div class=\"gallery-group images-1\" style=\"width: 319px; height: 384px;\" data-original-width=\"319\" data-original-height=\"384\" > <div class=\"tiled-gallery-item tiled-gallery-item-large\" itemprop=\"associatedMedia\" itemscope itemtype=\"http:\/\/schema.org\/ImageObject\"> <a href=\"https:\/\/www.freidenker.org\/?attachment_id=11709\" border=\"0\" itemprop=\"url\"> <meta itemprop=\"width\" content=\"315\"> <meta itemprop=\"height\" content=\"380\"> <img decoding=\"async\" class=\"\" data-attachment-id=\"11709\" data-orig-file=\"https:\/\/www.freidenker.org\/fw17\/wp-content\/uploads\/2021\/11\/Protestschilder-2.jpg\" data-orig-size=\"1200,1448\" data-comments-opened=\"\" data-image-meta=\"{&quot;aperture&quot;:&quot;0&quot;,&quot;credit&quot;:&quot;&quot;,&quot;camera&quot;:&quot;&quot;,&quot;caption&quot;:&quot;&quot;,&quot;created_timestamp&quot;:&quot;0&quot;,&quot;copyright&quot;:&quot;&quot;,&quot;focal_length&quot;:&quot;0&quot;,&quot;iso&quot;:&quot;0&quot;,&quot;shutter_speed&quot;:&quot;0&quot;,&quot;title&quot;:&quot;&quot;,&quot;orientation&quot;:&quot;1&quot;}\" data-image-title=\"Protestschilder 2\" data-image-description=\"\" data-medium-file=\"https:\/\/i0.wp.com\/www.freidenker.org\/fw17\/wp-content\/uploads\/2021\/11\/Protestschilder-2.jpg?fit=249%2C300&#038;ssl=1\" data-large-file=\"https:\/\/i0.wp.com\/www.freidenker.org\/fw17\/wp-content\/uploads\/2021\/11\/Protestschilder-2.jpg?fit=800%2C965&#038;ssl=1\" src=\"https:\/\/i0.wp.com\/www.freidenker.org\/fw17\/wp-content\/uploads\/2021\/11\/Protestschilder-2.jpg?w=315&#038;h=380&#038;ssl=1\" srcset=\"https:\/\/i0.wp.com\/www.freidenker.org\/fw17\/wp-content\/uploads\/2021\/11\/Protestschilder-2.jpg?w=1200&amp;ssl=1 1200w, https:\/\/i0.wp.com\/www.freidenker.org\/fw17\/wp-content\/uploads\/2021\/11\/Protestschilder-2.jpg?resize=249%2C300&amp;ssl=1 249w, https:\/\/i0.wp.com\/www.freidenker.org\/fw17\/wp-content\/uploads\/2021\/11\/Protestschilder-2.jpg?resize=849%2C1024&amp;ssl=1 849w, https:\/\/i0.wp.com\/www.freidenker.org\/fw17\/wp-content\/uploads\/2021\/11\/Protestschilder-2.jpg?resize=768%2C927&amp;ssl=1 768w\" width=\"315\" height=\"380\" loading=\"lazy\" data-original-width=\"315\" data-original-height=\"380\" itemprop=\"http:\/\/schema.org\/image\" title=\"Protestschilder 2\" alt=\"Protest gegen die Sch\u00e4ndung des Th\u00e4lmann-Denkmals in Berlin am 18.11.2021\" style=\"width: 315px; height: 380px;\" \/> <\/a> <div class=\"tiled-gallery-caption\" itemprop=\"caption description\"> Protest gegen die Sch\u00e4ndung des Th\u00e4lmann-Denkmals in Berlin am 18.11.2021 <\/div> <\/div> <\/div> <!-- close group --> <\/div> <!-- close row --> <div class=\"gallery-row\" style=\"width: 800px; height: 1071px;\" data-original-width=\"800\" data-original-height=\"1071\" > <div class=\"gallery-group images-1\" style=\"width: 800px; height: 1071px;\" data-original-width=\"800\" data-original-height=\"1071\" > <div class=\"tiled-gallery-item tiled-gallery-item-large\" itemprop=\"associatedMedia\" itemscope itemtype=\"http:\/\/schema.org\/ImageObject\"> <a href=\"https:\/\/www.freidenker.org\/?attachment_id=11710\" border=\"0\" itemprop=\"url\"> <meta itemprop=\"width\" content=\"796\"> <meta itemprop=\"height\" content=\"1067\"> <img decoding=\"async\" class=\"\" data-attachment-id=\"11710\" data-orig-file=\"https:\/\/www.freidenker.org\/fw17\/wp-content\/uploads\/2021\/11\/Protestschilder3.jpg\" data-orig-size=\"1200,1608\" data-comments-opened=\"\" data-image-meta=\"{&quot;aperture&quot;:&quot;0&quot;,&quot;credit&quot;:&quot;&quot;,&quot;camera&quot;:&quot;&quot;,&quot;caption&quot;:&quot;&quot;,&quot;created_timestamp&quot;:&quot;0&quot;,&quot;copyright&quot;:&quot;&quot;,&quot;focal_length&quot;:&quot;0&quot;,&quot;iso&quot;:&quot;0&quot;,&quot;shutter_speed&quot;:&quot;0&quot;,&quot;title&quot;:&quot;&quot;,&quot;orientation&quot;:&quot;1&quot;}\" data-image-title=\"Protestschilder3\" data-image-description=\"\" data-medium-file=\"https:\/\/i0.wp.com\/www.freidenker.org\/fw17\/wp-content\/uploads\/2021\/11\/Protestschilder3.jpg?fit=224%2C300&#038;ssl=1\" data-large-file=\"https:\/\/i0.wp.com\/www.freidenker.org\/fw17\/wp-content\/uploads\/2021\/11\/Protestschilder3.jpg?fit=764%2C1024&#038;ssl=1\" src=\"https:\/\/i0.wp.com\/www.freidenker.org\/fw17\/wp-content\/uploads\/2021\/11\/Protestschilder3.jpg?w=796&#038;h=1067&#038;ssl=1\" srcset=\"https:\/\/i0.wp.com\/www.freidenker.org\/fw17\/wp-content\/uploads\/2021\/11\/Protestschilder3.jpg?w=1200&amp;ssl=1 1200w, https:\/\/i0.wp.com\/www.freidenker.org\/fw17\/wp-content\/uploads\/2021\/11\/Protestschilder3.jpg?resize=224%2C300&amp;ssl=1 224w, https:\/\/i0.wp.com\/www.freidenker.org\/fw17\/wp-content\/uploads\/2021\/11\/Protestschilder3.jpg?resize=764%2C1024&amp;ssl=1 764w, https:\/\/i0.wp.com\/www.freidenker.org\/fw17\/wp-content\/uploads\/2021\/11\/Protestschilder3.jpg?resize=768%2C1029&amp;ssl=1 768w, https:\/\/i0.wp.com\/www.freidenker.org\/fw17\/wp-content\/uploads\/2021\/11\/Protestschilder3.jpg?resize=1146%2C1536&amp;ssl=1 1146w\" width=\"796\" height=\"1067\" loading=\"lazy\" data-original-width=\"796\" data-original-height=\"1067\" itemprop=\"http:\/\/schema.org\/image\" title=\"Protestschilder3\" alt=\"Protest gegen die Sch\u00e4ndung des Th\u00e4lmann-Denkmals in Berlin am 18.11.2021\" style=\"width: 796px; height: 1067px;\" \/> <\/a> <div class=\"tiled-gallery-caption\" itemprop=\"caption description\"> Protest gegen die Sch\u00e4ndung des Th\u00e4lmann-Denkmals in Berlin am 18.11.2021 <\/div> <\/div> <\/div> <!-- close group --> <\/div> <!-- close row --> <\/div>\n<p><span style=\"font-size: 10pt;\">Alle Fotos: Bruno Jeup<\/span><\/p>\n<hr \/>\n<h5>Protestnote<\/h5>\n<h4>Gegen die Verh\u00fcllung des Ernst-Th\u00e4lmann-Denkmals in Weimar am 12.11.2021<\/h4>\n<p>In dieser Aktion sehen wir Antifaschisten eine offene Sch\u00e4ndung des Andenkens an alle deutschen Widerstandsk\u00e4mpfer, die Opfer des faschistischen Terrors waren, insbesondere eine Sch\u00e4ndung des Andenkens an Ernst Th\u00e4lmann, den Vorsitzenden der Kommunistischen Partei Deutschlands. Zugleich ist es eine widerliche Handlung und ein provokativer Auswuchs der Geschichtsf\u00e4lschung in der Bundesrepublik Deutschland der Gegenwart. Laut \u201eS\u00fcddeutscher Zeitung vom 12. November 2021 bezieht sich diese Aktion auf die Aussagen des Herrn Stephan Z\u00e4nker vom Verein Weimarer Republik.<\/p>\n<p>Die Zerst\u00f6rung der Weimarer Republik erfolgte durch die Hitlerfaschisten auf brutale und m\u00f6rderische Art und Weise und nicht durch die Kommunisten, schon gar nicht durch den Mann, der sie in den Weimarer Jahren f\u00fchrte, durch Ernst Th\u00e4lmann. Somit ist die Provokation durch einen Verein, der sich Weimarer Republik nennt, eine grobe und provokante Geschichtsklitterung.<\/p>\n<p>Wir Kommunisten der DKP Th\u00fcringen sehen diese Handlung nicht als harmlosen Akt an und schon gar nicht als einen \u201eVerh\u00fcllungsspa\u00df\u201c.<\/p>\n<p>\u201eMit der \u00fcber das Wochenende andauernden Aktion solle eine Debatte \u00fcber den k\u00fcnftigen Umgang mit dem 1958 errichteten Denkmal f\u00fcr den KPD-Vorsitzenden angesto\u00dfen werden\u201c, so die Aussage des Herrn Z\u00e4nker.<\/p>\n<p>Was f\u00fcr ein k\u00fcnftiger Umgang soll das sein? Etwa die Beseitigung dieses Denkmals?<\/p>\n<p>Erinnern wir uns der folgenden Worte des gro\u00dfen deutschen Dichters Bert Brecht:<\/p>\n<p>\u201eWer die Wahrheit nicht wei\u00df, der ist blo\u00df ein Dummkopf. Aber wer sie wei\u00df und sie eine L\u00fcge nennt, der ist ein Verbrecher\u201c<\/p>\n<p style=\"text-align: right;\"><em>DKP Th\u00fcringen<\/em><\/p>\n<hr \/>\n<p><span style=\"font-size: 10pt;\">Bild oben: Bruno Jeup<\/span><\/p>\n","protected":false},"excerpt":{"rendered":"<p>An Ernst Th\u00e4lmann nehmen die Reaktion\u00e4re im Land nach wie vor Ansto\u00df\u00a0 &#8211; nicht nur in Berlin, aber dort besonders. &#8230;<br \/>\nAm 18. November 2021 wurde die lange angek\u00fcndigte rot-rot-gr\u00fcne Sch\u00e4ndung des Ernst-Th\u00e4lmann-Denkmals in Berlin durch Anbringung einer \u201ek\u00fcnstlerischen Kommentierung\u201c eingeleitet, indem die \u201eInstallation\u201c einer \u201eK\u00fcnstlerin\u201c bestehend aus f\u00fcnf Sockeln \u00fcbergeben wurde.\u00a0Gegen diese Sch\u00e4ndung des Th\u00e4lmann-Denkmals riefen die Berliner Freidenker zum Protest auf, und bezeichneten die sogenannte &#8222;Kunstaktion&#8220; als &#8222;Teil einer erneuerten\u00a0 Welle von &#8218;Cancel Culture&#8216;, also Denkmalsch\u00e4ndungen gegen Th\u00e4lmann und die DDR&#8220;.<br \/>\nWir dokumentieren hier einen <b>Artikel von Hans Bauer<\/b> \u00fcber die Protestkundgebung am 18.11.2021 in Berlin und eine <b>Bildergalerie<\/b> von der Veranstaltung sowie die <b>Protestnote der DKP Th\u00fcringen<\/b> zur Verh\u00fcllung des Th\u00e4lmann-Denkmals in Weimar.<\/p>\n","protected":false},"author":3,"featured_media":11714,"comment_status":"closed","ping_status":"closed","sticky":false,"template":"","format":"standard","meta":{"colormag_page_container_layout":"default_layout","colormag_page_sidebar_layout":"default_layout","advanced_seo_description":"","jetpack_seo_html_title":"","jetpack_seo_noindex":false,"jetpack_post_was_ever_published":false,"footnotes":""},"categories":[13,19],"tags":[370,853,924,491,565,812],"class_list":["post-11690","post","type-post","status-publish","format-standard","has-post-thumbnail","hentry","category-frieden-antifaschismus-solidaritaet","category-veranstaltungen-in-den-dfv-landesverbaenden","tag-antifaschismus","tag-ernst-thaelmann","tag-gedenken","tag-geschichte","tag-kommunismus","tag-protest"],"jetpack_featured_media_url":"https:\/\/i0.wp.com\/www.freidenker.org\/fw17\/wp-content\/uploads\/2021\/11\/Thaelmann-Denkmal_2021-11_800x450.jpg?fit=800%2C450&ssl=1","jetpack_shortlink":"https:\/\/wp.me\/p9stpK-32y","jetpack-related-posts":[{"id":3244,"url":"https:\/\/www.freidenker.org\/?p=3244","url_meta":{"origin":11690,"position":0},"title":"Mit Ernst Th\u00e4lmann verteidigen wir den Antifaschismus","author":"Webredaktion","date":"19. April 2009","format":false,"excerpt":"Rede von Klaus Hartmann in Ziegenhals bei Berlin am 19. April 2009 Wir sind zusammengekommen, um des 123. Geburtstages von Ernst Th\u00e4lmann am 16. April zu gedenken. Wir ehren das Andenken, das Leben und das Lebenswerk dieses gro\u00dfen deutschen Arbeiterf\u00fchrers und Antifaschisten. Gegen den Zeitgeist, also den Geist der Herrschenden,\u2026","rel":"","context":"In &quot;Frieden - Antifaschismus - Solidarit\u00e4t&quot;","block_context":{"text":"Frieden - Antifaschismus - Solidarit\u00e4t","link":"https:\/\/www.freidenker.org\/?cat=13"},"img":{"alt_text":"","src":"https:\/\/i0.wp.com\/www.freidenker.org\/fw17\/wp-content\/uploads\/2009\/04\/10-2016-07-03-1-0599_800x445.jpg?fit=800%2C445&ssl=1&resize=350%2C200","width":350,"height":200,"srcset":"https:\/\/i0.wp.com\/www.freidenker.org\/fw17\/wp-content\/uploads\/2009\/04\/10-2016-07-03-1-0599_800x445.jpg?fit=800%2C445&ssl=1&resize=350%2C200 1x, https:\/\/i0.wp.com\/www.freidenker.org\/fw17\/wp-content\/uploads\/2009\/04\/10-2016-07-03-1-0599_800x445.jpg?fit=800%2C445&ssl=1&resize=525%2C300 1.5x, https:\/\/i0.wp.com\/www.freidenker.org\/fw17\/wp-content\/uploads\/2009\/04\/10-2016-07-03-1-0599_800x445.jpg?fit=800%2C445&ssl=1&resize=700%2C400 2x"},"classes":[]},{"id":9915,"url":"https:\/\/www.freidenker.org\/?p=9915","url_meta":{"origin":11690,"position":1},"title":"Kundgebungen zum 135. Geburtstag von Ernst Th\u00e4lmann","author":"Webredaktion","date":"21. April 2021","format":false,"excerpt":"Anl\u00e4sslich des 135. Geburtstages von Ernst Th\u00e4lmann fanden am 17. und 18. April 2021 Kundgebungen am Ernst-Th\u00e4lmann-Denkmal in Berlin sowie vor dem Gel\u00e4nde der gesch\u00e4ndeten und zerst\u00f6rten Ernst-Th\u00e4lmann-Gedenkst\u00e4tte in Ziegenhals statt. Auf der Kundgebung am 17. April in Berlin sprach Hans Bauer, Vorsitzender der Gesellschaft zur Rechtlichen und Humanit\u00e4ren Unterst\u00fctzung\u2026","rel":"","context":"In &quot;Frieden - Antifaschismus - Solidarit\u00e4t&quot;","block_context":{"text":"Frieden - Antifaschismus - Solidarit\u00e4t","link":"https:\/\/www.freidenker.org\/?cat=13"},"img":{"alt_text":"","src":"https:\/\/i0.wp.com\/www.freidenker.org\/fw17\/wp-content\/uploads\/2021\/04\/thaelmann_2021_800x450_v3.jpg?fit=800%2C450&ssl=1&resize=350%2C200","width":350,"height":200,"srcset":"https:\/\/i0.wp.com\/www.freidenker.org\/fw17\/wp-content\/uploads\/2021\/04\/thaelmann_2021_800x450_v3.jpg?fit=800%2C450&ssl=1&resize=350%2C200 1x, https:\/\/i0.wp.com\/www.freidenker.org\/fw17\/wp-content\/uploads\/2021\/04\/thaelmann_2021_800x450_v3.jpg?fit=800%2C450&ssl=1&resize=525%2C300 1.5x, https:\/\/i0.wp.com\/www.freidenker.org\/fw17\/wp-content\/uploads\/2021\/04\/thaelmann_2021_800x450_v3.jpg?fit=800%2C450&ssl=1&resize=700%2C400 2x"},"classes":[]},{"id":7741,"url":"https:\/\/www.freidenker.org\/?p=7741","url_meta":{"origin":11690,"position":2},"title":"FREIDENKER 1-20  \u2013 Was ist Faschismus &#8211; was Antifaschismus?","author":"Webredaktion","date":"19. M\u00e4rz 2020","format":false,"excerpt":"Die Ausgabe 1-20 des Verbandsorgans FREIDENKER hat das Schwerpunkt-Thema \u201eWas ist Faschismus - was Antifaschismus\u201c und enth\u00e4lt u.a. folgende Beitr\u00e4ge: - M\u00e4nne Gr\u00fc\u00df: Ernst Th\u00e4lmann und Antifaschismus heute - Interview mit Erika Baum: Lehren aus dem VII. Weltkongress f\u00fcr den Kampf gegen Faschismus und Krieg - Klaus Hartmann: Was Faschismus\u2026","rel":"","context":"In &quot;Frieden - Antifaschismus - Solidarit\u00e4t&quot;","block_context":{"text":"Frieden - Antifaschismus - Solidarit\u00e4t","link":"https:\/\/www.freidenker.org\/?cat=13"},"img":{"alt_text":"","src":"https:\/\/i0.wp.com\/www.freidenker.org\/fw17\/wp-content\/uploads\/2020\/03\/FD_2020-01_Titel_mR.jpg?fit=800%2C445&ssl=1&resize=350%2C200","width":350,"height":200,"srcset":"https:\/\/i0.wp.com\/www.freidenker.org\/fw17\/wp-content\/uploads\/2020\/03\/FD_2020-01_Titel_mR.jpg?fit=800%2C445&ssl=1&resize=350%2C200 1x, https:\/\/i0.wp.com\/www.freidenker.org\/fw17\/wp-content\/uploads\/2020\/03\/FD_2020-01_Titel_mR.jpg?fit=800%2C445&ssl=1&resize=525%2C300 1.5x, https:\/\/i0.wp.com\/www.freidenker.org\/fw17\/wp-content\/uploads\/2020\/03\/FD_2020-01_Titel_mR.jpg?fit=800%2C445&ssl=1&resize=700%2C400 2x"},"classes":[]},{"id":716,"url":"https:\/\/www.freidenker.org\/?p=716","url_meta":{"origin":11690,"position":3},"title":"FREIDENKER 2-09 &#8211; Aufkl\u00e4rung &#8211; Aktuelle Aufgaben &#8211; Verbandstag 2009","author":"Webmaster","date":"2. Juli 2009","format":false,"excerpt":"Die Ausgabe 2-09 des Verbandsorgans FREIDENKER hat das Schwerpunkt-Thema \u201eAufkl\u00e4rung - Aktuelle Aufgaben - Verbandstag 2009\u201c und enth\u00e4lt u.a folgende Beitr\u00e4ge: - Horst Schild: Le si\u00e8cle de lumi\u00e8res \u2013 das Zeitalter der Lichter - Wolf-Dieter Gudopp-von Behm: Anst\u00f6\u00dfe zum Thema \u201eAufkl\u00e4rung\u201c - Lorenz Knorr: Ex-Bundespr\u00e4sident Herzogs Beihilfe zur Geschichtsf\u00e4lschung -\u2026","rel":"","context":"In &quot;Verbandsorgan FREIDENKER&quot;","block_context":{"text":"Verbandsorgan FREIDENKER","link":"https:\/\/www.freidenker.org\/?cat=8"},"img":{"alt_text":"","src":"https:\/\/i0.wp.com\/www.freidenker.org\/fw17\/wp-content\/uploads\/2017\/12\/FD_2009-02_Titel_mR.jpg?fit=800%2C445&ssl=1&resize=350%2C200","width":350,"height":200,"srcset":"https:\/\/i0.wp.com\/www.freidenker.org\/fw17\/wp-content\/uploads\/2017\/12\/FD_2009-02_Titel_mR.jpg?fit=800%2C445&ssl=1&resize=350%2C200 1x, https:\/\/i0.wp.com\/www.freidenker.org\/fw17\/wp-content\/uploads\/2017\/12\/FD_2009-02_Titel_mR.jpg?fit=800%2C445&ssl=1&resize=525%2C300 1.5x, https:\/\/i0.wp.com\/www.freidenker.org\/fw17\/wp-content\/uploads\/2017\/12\/FD_2009-02_Titel_mR.jpg?fit=800%2C445&ssl=1&resize=700%2C400 2x"},"classes":[]},{"id":6946,"url":"https:\/\/www.freidenker.org\/?p=6946","url_meta":{"origin":11690,"position":4},"title":"Konzert: Ich schreibe, um zu leben","author":"Webredaktion","date":"12. September 2019","format":false,"excerpt":"Doppelkonzert am 25.09.2019 in Darmstadt Im ersten Teil des Konzertes tr\u00e4gt Johanna Arndt Briefe aus Gef\u00e4ngnissen von Rosa Luxemburg, Ernst Th\u00e4lmann, Dietrich Bonhoeffer und Mumia Abu Jamal vor und singt dazwischen Lieder von Hanns Eisler mit Texten von Bert Brecht und ein Lied von Mordechaj Gebirtig begleitet von Anna von\u2026","rel":"","context":"In &quot;Kultur &amp; Kunst&quot;","block_context":{"text":"Kultur &amp; Kunst","link":"https:\/\/www.freidenker.org\/?cat=913"},"img":{"alt_text":"","src":"https:\/\/i0.wp.com\/www.freidenker.org\/fw17\/wp-content\/uploads\/2019\/09\/johanna-Nicolas2.jpg?fit=800%2C445&ssl=1&resize=350%2C200","width":350,"height":200,"srcset":"https:\/\/i0.wp.com\/www.freidenker.org\/fw17\/wp-content\/uploads\/2019\/09\/johanna-Nicolas2.jpg?fit=800%2C445&ssl=1&resize=350%2C200 1x, https:\/\/i0.wp.com\/www.freidenker.org\/fw17\/wp-content\/uploads\/2019\/09\/johanna-Nicolas2.jpg?fit=800%2C445&ssl=1&resize=525%2C300 1.5x, https:\/\/i0.wp.com\/www.freidenker.org\/fw17\/wp-content\/uploads\/2019\/09\/johanna-Nicolas2.jpg?fit=800%2C445&ssl=1&resize=700%2C400 2x"},"classes":[]},{"id":7512,"url":"https:\/\/www.freidenker.org\/?p=7512","url_meta":{"origin":11690,"position":5},"title":"Internationales Antifaschistisches Riesengebirgstreffen 2020","author":"Webredaktion","date":"3. Februar 2020","format":false,"excerpt":"AUFRUF der deutschen Initiativgruppe zur Teilnahme am antifaschistischen Riesengebirgstreffen in Mal\u00e1 \u00dapa am Fu\u00dfe der Schneekoppe am 29.August 2020. H\u00f6hepunkte des Programms: - Internationale Kundgebung: 29. August 2020, 10.00 \u2013 12.00 Horn\u00ed Mal\u00e1 \u00d9pa - Schneekoppenbesteigung nach der Kundgebung - Internationales politisches Gespr\u00e4ch nach der Kundgebung - Tschechisch-deutsches Freundschaftstreffen am\u2026","rel":"","context":"In &quot;Zentrale Veranstaltungen&quot;","block_context":{"text":"Zentrale Veranstaltungen","link":"https:\/\/www.freidenker.org\/?cat=20"},"img":{"alt_text":"","src":"https:\/\/i0.wp.com\/www.freidenker.org\/fw17\/wp-content\/uploads\/2020\/02\/riesengebirgstreffen_2019_rfb-05-5_800x445.jpg?fit=800%2C445&ssl=1&resize=350%2C200","width":350,"height":200,"srcset":"https:\/\/i0.wp.com\/www.freidenker.org\/fw17\/wp-content\/uploads\/2020\/02\/riesengebirgstreffen_2019_rfb-05-5_800x445.jpg?fit=800%2C445&ssl=1&resize=350%2C200 1x, https:\/\/i0.wp.com\/www.freidenker.org\/fw17\/wp-content\/uploads\/2020\/02\/riesengebirgstreffen_2019_rfb-05-5_800x445.jpg?fit=800%2C445&ssl=1&resize=525%2C300 1.5x, https:\/\/i0.wp.com\/www.freidenker.org\/fw17\/wp-content\/uploads\/2020\/02\/riesengebirgstreffen_2019_rfb-05-5_800x445.jpg?fit=800%2C445&ssl=1&resize=700%2C400 2x"},"classes":[]}],"_links":{"self":[{"href":"https:\/\/www.freidenker.org\/index.php?rest_route=\/wp\/v2\/posts\/11690","targetHints":{"allow":["GET"]}}],"collection":[{"href":"https:\/\/www.freidenker.org\/index.php?rest_route=\/wp\/v2\/posts"}],"about":[{"href":"https:\/\/www.freidenker.org\/index.php?rest_route=\/wp\/v2\/types\/post"}],"author":[{"embeddable":true,"href":"https:\/\/www.freidenker.org\/index.php?rest_route=\/wp\/v2\/users\/3"}],"replies":[{"embeddable":true,"href":"https:\/\/www.freidenker.org\/index.php?rest_route=%2Fwp%2Fv2%2Fcomments&post=11690"}],"version-history":[{"count":0,"href":"https:\/\/www.freidenker.org\/index.php?rest_route=\/wp\/v2\/posts\/11690\/revisions"}],"wp:featuredmedia":[{"embeddable":true,"href":"https:\/\/www.freidenker.org\/index.php?rest_route=\/wp\/v2\/media\/11714"}],"wp:attachment":[{"href":"https:\/\/www.freidenker.org\/index.php?rest_route=%2Fwp%2Fv2%2Fmedia&parent=11690"}],"wp:term":[{"taxonomy":"category","embeddable":true,"href":"https:\/\/www.freidenker.org\/index.php?rest_route=%2Fwp%2Fv2%2Fcategories&post=11690"},{"taxonomy":"post_tag","embeddable":true,"href":"https:\/\/www.freidenker.org\/index.php?rest_route=%2Fwp%2Fv2%2Ftags&post=11690"}],"curies":[{"name":"wp","href":"https:\/\/api.w.org\/{rel}","templated":true}]}}