{"id":11644,"date":"2021-11-21T19:50:55","date_gmt":"2021-11-21T18:50:55","guid":{"rendered":"https:\/\/www.freidenker.org\/?p=11644"},"modified":"2021-12-08T00:01:53","modified_gmt":"2021-12-07T23:01:53","slug":"weiter-so-gegen-russland","status":"publish","type":"post","link":"https:\/\/www.freidenker.org\/?p=11644","title":{"rendered":"\u201eWeiter so\u201c gegen Russland"},"content":{"rendered":"<h5>SPD, Gr\u00fcne und FDP einig in Au\u00dfen- und Verteidigungspolitik<\/h5>\n<p><em>von<strong> Dr. Arnold Sch\u00f6lzel<\/strong><\/em><\/p>\n<p><span style=\"font-size: 10pt;\">Erstver\u00f6ffentlichung am 19.11.2021 in der\u00a0<a href=\"https:\/\/www.unsere-zeit.de\/weiter-so-gegen-russland-163011\/\" target=\"_blank\" rel=\"noopener\">UZ<\/a><\/span><\/p>\n<p>Am vergangenen Freitag berichtete \u201eDer Spiegel\u201c in seinem Internetauftritt, ihm liege das zehnseitige Papier der Arbeitsgruppe Au\u00dfen-, Verteidigungs- und Entwicklungspolitik f\u00fcr die Koalition aus SPD, Gr\u00fcnen und FDP vor. Unter der Leitung des gesch\u00e4ftsf\u00fchrenden Au\u00dfenministers Heiko Maas (SPD) seien sich die 22 Fachleute der drei Parteien weitgehend einig geworden. Aus Sicht des \u201eSpiegels\u201c zeigt das Dokument \u201evor allem eines: Kontinuit\u00e4t\u201c.<\/p>\n<p>Auch der Begriff \u201eAbschreckungspotential\u201c, der zuerst vom Au\u00dfenpolitischen Sprecher der SPD-Bundestagsfraktion Nils Schmid \u201eim Zusammenhang mit dem Bekenntnis zur NATO\u201c in die Verhandlungen eingebracht und auf Widerstand der Gr\u00fcnen gesto\u00dfen sei, finde sich nun in dem Papier: \u201eVor dem Hintergrund der fortbestehenden Bedrohung f\u00fcr die Sicherheit Deutschlands und Europas nehmen wir die Sorgen insbesondere unserer osteurop\u00e4ischen Partnerstaaten ernst, bekennen uns zur Aufrechterhaltung eines glaubw\u00fcrdigen Abschreckungspotentials und wollen die Dialoganstrengungen der Allianz fortsetzen.\u201c<\/p>\n<p>Die faustdicke L\u00fcge von der \u201efortbestehenden Bedrohung\u201c bleibt also Grundlage der Politik gegen\u00fcber Russland, das gemeint ist. Dem ordnet sich in dem Entwurf offenbar alles unter. Der Begriff \u201eAbschreckungspotential\u201c erinnert an die \u00c4u\u00dferung der noch amtierenden Kriegsministerin Annegret Kramp-Karrenbauer (CDU) vom 21. Oktober, die NATO m\u00fcsse gegen\u00fcber Moskau \u201esehr deutlich machen, dass wir am Ende \u2026 bereit sind, auch solche (atomaren, d.\u2009Verf.) Mittel einzusetzen\u201c. Das sei \u201eder Kerngedanke der NATO\u201c. Sie sagte das an dem Tag, an dem sie mit ihren NATO-Kollegen in Br\u00fcssel einen \u201eMasterplan Abschreckung\u201c verabschiedete, der einer Vorbereitung zum Angriff gleichkommt.<\/p>\n<p>Der SPD-Fraktionsvorsitzende Rolf M\u00fctzenich nannte kurz danach die \u00c4u\u00dferungen Kramp-Karrenbauers \u201everantwortungslos\u201c. Zuvor hatte der russische Verteidigungsminister Sergej Schoigu erkl\u00e4rt: \u201eVor dem Hintergrund von Rufen nach einer milit\u00e4rischen Abschreckung Russlands verlegt die NATO konsequent Truppen an unsere Grenzen. Wie das f\u00fcr Deutschland und Europa schon einmal ausgegangen ist, sollte die Verteidigungsministerin der BRD wissen.\u201c Gemeinsame Sicherheit in Europa k\u00f6nne es nur geben, wenn die Interessen Russlands nicht verletzt werden. Dem folgte eine offizielle diplomatische Note.<\/p>\n<p>Das alles interessiert offenbar die neue Koalition ebenso wenig wie die alte. Die beschwichtigende Ank\u00fcndigung einer \u201eAbr\u00fcstungsoffensive\u201c und einer \u201erestriktiven R\u00fcstungsexportpolitik\u201c d\u00fcrfte das Papier nicht wert sein, auf dem sie steht. SPD und Gr\u00fcne r\u00e4umen n\u00e4mlich laut \u201eSpiegel\u201c gegen\u00fcber der FDP Positionen zur R\u00fcstung, mit denen sie zum Teil in den Wahlkampf gezogen waren. Im Papier, das zwar K\u00fcrzungen, aber wohl kaum inhaltliche \u00c4nderungen erfahren wird, stehen jetzt sowohl das Bekenntnis zur \u201enuklearen Teilhabe\u201c als auch das Hauptargument der Bef\u00fcrworter f\u00fcr die Anschaffung von Kampfdrohnen: \u201eBewaffnete Drohnen k\u00f6nnen zum Schutz der Soldatinnen und Soldaten im Auslandseinsatz beitragen.\u201c Deswegen soll \u201edie Bewaffnung von Drohnen der Bundeswehr in dieser Legislaturperiode\u201c erm\u00f6glicht werden. Dem folgt wieder \u201eBeruhigendes\u201c, in Wirklichkeit Absurdes: Es g\u00e4lten die \u201eRegeln des V\u00f6lkerrechts\u201c, \u201eextralegale T\u00f6tungen \u2013 auch durch Drohnen \u2013 lehnen wir ab\u201c.<\/p>\n<p>Die Formulierungen des Papiers sind extrem zynisch. Und es spricht B\u00e4nde, wenn \u201eDer Spiegel\u201c \u00fcber den Abschnitt zu au\u00dfenpolitischen Beziehungen berichtet, Gr\u00fcne und SPD seien offenbar \u00fcber die zu Russland \u201eaneinander\u201c geraten. Deswegen solle der folgende Satz noch einmal umformuliert werden: \u201eWir nehmen gerechtfertigte Interessen Russlands ernst und achten gleichzeitig die Interessen unserer europ\u00e4ischen Nachbarn.\u201c Offensichtlich sind die Gr\u00fcnen an dem Punkt, russische Interessen f\u00fcr irrelevant zu halten.<\/p>\n<p>Was \u201eDer Spiegel\u201c zitiert, besagt, dass SPD, Gr\u00fcne und FDP insbesondere gegen\u00fcber Russland den Kurs aggressiven Gr\u00f6\u00dfenwahns und nationalistischer Verblendung fortsetzen wollen.<\/p>\n<p style=\"text-align: right;\"><em>Dr. Arnold Sch\u00f6lzel ist Mitglied des Beirats des Deutschen Freidenker-Verbandes<\/em><\/p>\n<hr \/>\n<p><span style=\"font-size: 10pt;\">Bild: Mitglieder der DKP bei einer Friedensdemonstration am 08.10.2016 in Berlin<\/span><br \/>\n<span style=\"font-size: 10pt;\">Foto: DKP N\u00fcrnberg<\/span><\/p>\n","protected":false},"excerpt":{"rendered":"<p><b>Beitrag von Dr. Arnold Sch\u00f6lzel<\/b><br \/>\nAm vergangenen Freitag berichtete \u201eDer Spiegel\u201c in seinem Internetauftritt, ihm liege das zehnseitige Papier der Arbeitsgruppe Au\u00dfen-, Verteidigungs- und Entwicklungspolitik f\u00fcr die Koalition aus SPD, Gr\u00fcnen und FDP vor. Unter der Leitung des gesch\u00e4ftsf\u00fchrenden Au\u00dfenministers Heiko Maas (SPD) seien sich die 22 Fachleute der drei Parteien weitgehend einig geworden. Aus Sicht des \u201eSpiegels\u201c zeigt das Dokument \u201evor allem eines: Kontinuit\u00e4t\u201c. Auch der Begriff \u201eAbschreckungspotential\u201c, der zuerst vom Au\u00dfenpolitischen Sprecher der SPD-Bundestagsfraktion Nils Schmid \u201eim Zusammenhang mit dem Bekenntnis zur NATO\u201c in die Verhandlungen eingebracht und auf Widerstand der Gr\u00fcnen gesto\u00dfen sei, finde sich nun in dem Papier.<\/p>\n","protected":false},"author":3,"featured_media":11649,"comment_status":"closed","ping_status":"closed","sticky":false,"template":"","format":"standard","meta":{"colormag_page_container_layout":"default_layout","colormag_page_sidebar_layout":"default_layout","advanced_seo_description":"","jetpack_seo_html_title":"","jetpack_seo_noindex":false,"jetpack_post_was_ever_published":false,"footnotes":""},"categories":[13],"tags":[699,1458,1032,1165,56,222],"class_list":["post-11644","post","type-post","status-publish","format-standard","has-post-thumbnail","hentry","category-frieden-antifaschismus-solidaritaet","tag-aussenpolitik","tag-bedrohung","tag-bundesregierung","tag-kalter-krieg","tag-nato","tag-russland"],"jetpack_featured_media_url":"https:\/\/i0.wp.com\/www.freidenker.org\/fw17\/wp-content\/uploads\/2021\/11\/frieden_mit_russland_460401_800x450.jpg?fit=800%2C450&ssl=1","jetpack_shortlink":"https:\/\/wp.me\/p9stpK-31O","jetpack-related-posts":[{"id":15088,"url":"https:\/\/www.freidenker.org\/?p=15088","url_meta":{"origin":11644,"position":0},"title":"Zeitenwende \u2013 b\u00f6ses Ende!","author":"Webredaktion","date":"27. Januar 2023","format":false,"excerpt":"Beitrag von Prof. Dr. Anton Latzo Ein Jahr nach der Rede von Bundeskanzler Olaf Scholz in der Sondersitzung des Bundestages vom 27. Februar 2022, in der er die \u201eZeitenwende\u201c verk\u00fcndet hat, wurde nach einer Klausurtagung der SPD-Fraktion am 13. Januar 2023 ein Positionspapier \u201eSozialdemokratische internationale Politik in der Zeitenwende\u201c verabschiedet.\u2026","rel":"","context":"In &quot;Demokratie \u2013 Medien \u2013 Aufkl\u00e4rung&quot;","block_context":{"text":"Demokratie \u2013 Medien \u2013 Aufkl\u00e4rung","link":"https:\/\/www.freidenker.org\/?cat=12"},"img":{"alt_text":"","src":"https:\/\/i0.wp.com\/www.freidenker.org\/fw17\/wp-content\/uploads\/2023\/01\/eis_kiewer_art_800x450.jpg?fit=800%2C450&ssl=1&resize=350%2C200","width":350,"height":200,"srcset":"https:\/\/i0.wp.com\/www.freidenker.org\/fw17\/wp-content\/uploads\/2023\/01\/eis_kiewer_art_800x450.jpg?fit=800%2C450&ssl=1&resize=350%2C200 1x, https:\/\/i0.wp.com\/www.freidenker.org\/fw17\/wp-content\/uploads\/2023\/01\/eis_kiewer_art_800x450.jpg?fit=800%2C450&ssl=1&resize=525%2C300 1.5x, https:\/\/i0.wp.com\/www.freidenker.org\/fw17\/wp-content\/uploads\/2023\/01\/eis_kiewer_art_800x450.jpg?fit=800%2C450&ssl=1&resize=700%2C400 2x"},"classes":[]},{"id":14160,"url":"https:\/\/www.freidenker.org\/?p=14160","url_meta":{"origin":11644,"position":1},"title":"Ziele","author":"Webredaktion","date":"6. September 2022","format":false,"excerpt":"Beitrag von Willy Wimmer Spiegel-online meldete am 2.9.2022 kurzzeitig, da\u00df SPD-MdBs von dem Bundeskanzler eine auf Beendigung des Krieges in der Ukraine und einen Friedensschlu\u00df ausgerichtete Politik fordern w\u00fcrden. Das ist nicht das erste Mal, Stimmen dieser Tonlage aus der SPD zu vernehmen. In dem Ma\u00dfe, wie SPD-Fraktionsvorsitzender Rolf M\u00fctzenich\u2026","rel":"","context":"In &quot;Frieden - Antifaschismus - Solidarit\u00e4t&quot;","block_context":{"text":"Frieden - Antifaschismus - Solidarit\u00e4t","link":"https:\/\/www.freidenker.org\/?cat=13"},"img":{"alt_text":"","src":"https:\/\/i0.wp.com\/www.freidenker.org\/fw17\/wp-content\/uploads\/2022\/09\/buffer-stop-172266_800x450.jpg?fit=800%2C450&ssl=1&resize=350%2C200","width":350,"height":200,"srcset":"https:\/\/i0.wp.com\/www.freidenker.org\/fw17\/wp-content\/uploads\/2022\/09\/buffer-stop-172266_800x450.jpg?fit=800%2C450&ssl=1&resize=350%2C200 1x, https:\/\/i0.wp.com\/www.freidenker.org\/fw17\/wp-content\/uploads\/2022\/09\/buffer-stop-172266_800x450.jpg?fit=800%2C450&ssl=1&resize=525%2C300 1.5x, https:\/\/i0.wp.com\/www.freidenker.org\/fw17\/wp-content\/uploads\/2022\/09\/buffer-stop-172266_800x450.jpg?fit=800%2C450&ssl=1&resize=700%2C400 2x"},"classes":[]},{"id":11740,"url":"https:\/\/www.freidenker.org\/?p=11740","url_meta":{"origin":11644,"position":2},"title":"SPD-Kanzlerschaft Nummer vier","author":"Webredaktion","date":"4. Dezember 2021","format":false,"excerpt":"Statt Friedensbekenntnis mehr Militanz gegen Russland und China - Beitrag von Prof. Dr. Anton Latzo Eine Zeitenwende, wie es Medien formulieren, ist es nicht. Die neue deutsche Regierung verspricht zwar \"Mehr Fortschritt wagen\", aber wir sollten auch daran denken, dass sie nicht die erste Regierung ist, in der die SPD\u2026","rel":"","context":"In &quot;Frieden - Antifaschismus - Solidarit\u00e4t&quot;","block_context":{"text":"Frieden - Antifaschismus - Solidarit\u00e4t","link":"https:\/\/www.freidenker.org\/?cat=13"},"img":{"alt_text":"","src":"https:\/\/i0.wp.com\/www.freidenker.org\/fw17\/wp-content\/uploads\/2021\/12\/olaf-scholz-6694889_800x450.jpg?fit=800%2C450&ssl=1&resize=350%2C200","width":350,"height":200,"srcset":"https:\/\/i0.wp.com\/www.freidenker.org\/fw17\/wp-content\/uploads\/2021\/12\/olaf-scholz-6694889_800x450.jpg?fit=800%2C450&ssl=1&resize=350%2C200 1x, https:\/\/i0.wp.com\/www.freidenker.org\/fw17\/wp-content\/uploads\/2021\/12\/olaf-scholz-6694889_800x450.jpg?fit=800%2C450&ssl=1&resize=525%2C300 1.5x, https:\/\/i0.wp.com\/www.freidenker.org\/fw17\/wp-content\/uploads\/2021\/12\/olaf-scholz-6694889_800x450.jpg?fit=800%2C450&ssl=1&resize=700%2C400 2x"},"classes":[]},{"id":15451,"url":"https:\/\/www.freidenker.org\/?p=15451","url_meta":{"origin":11644,"position":3},"title":"Quo vadis SPD? Au\u00dfenpolitik der deutschen Sozialdemokratie heute","author":"Webredaktion","date":"8. M\u00e4rz 2023","format":false,"excerpt":"Beitrag von Prof. Dr. Anton Latzo Die SPD-F\u00fchrung spricht seit einem Jahr nur noch von Zeitenwende. Es ist sogar \"Wort des Jahres\". Man hofft offensichtlich darauf, dass sich die Mitglieder an den Begriff gew\u00f6hnen und nicht mehr nach seinem Inhalt fragen. Die Parteif\u00fchrung nutzt die Situation, um die Spuren ihres\u2026","rel":"","context":"In &quot;Demokratie \u2013 Medien \u2013 Aufkl\u00e4rung&quot;","block_context":{"text":"Demokratie \u2013 Medien \u2013 Aufkl\u00e4rung","link":"https:\/\/www.freidenker.org\/?cat=12"},"img":{"alt_text":"","src":"https:\/\/i0.wp.com\/www.freidenker.org\/fw17\/wp-content\/uploads\/2023\/03\/SPD_Bundesparteitag_by_Olaf_Kosinsky-23_800x450.jpg?fit=800%2C450&ssl=1&resize=350%2C200","width":350,"height":200,"srcset":"https:\/\/i0.wp.com\/www.freidenker.org\/fw17\/wp-content\/uploads\/2023\/03\/SPD_Bundesparteitag_by_Olaf_Kosinsky-23_800x450.jpg?fit=800%2C450&ssl=1&resize=350%2C200 1x, https:\/\/i0.wp.com\/www.freidenker.org\/fw17\/wp-content\/uploads\/2023\/03\/SPD_Bundesparteitag_by_Olaf_Kosinsky-23_800x450.jpg?fit=800%2C450&ssl=1&resize=525%2C300 1.5x, https:\/\/i0.wp.com\/www.freidenker.org\/fw17\/wp-content\/uploads\/2023\/03\/SPD_Bundesparteitag_by_Olaf_Kosinsky-23_800x450.jpg?fit=800%2C450&ssl=1&resize=700%2C400 2x"},"classes":[]},{"id":7576,"url":"https:\/\/www.freidenker.org\/?p=7576","url_meta":{"origin":11644,"position":4},"title":"DIE LINKE Th\u00fcringens: Bestandteil einer \u201edemokratischen Mehrheit\u201c?","author":"Webredaktion","date":"17. Februar 2020","format":false,"excerpt":"Beitrag von Andreas Wehr Das \u201eBeben von Erfurt\u201c ver\u00e4ndert die politische Landschaft der Bundesrepublik. Die CDU geriet in heftige Turbulenzen, der FDP steht das noch bevor. Die Th\u00fcringer Linkspartei wiederum sieht sich inzwischen als Bestandteil einer \u201edemokratischen Mehrheit\u201c, zu der sie auch die CDU z\u00e4hlt. Sie ist damit unter den\u2026","rel":"","context":"In &quot;Demokratie \u2013 Medien \u2013 Aufkl\u00e4rung&quot;","block_context":{"text":"Demokratie \u2013 Medien \u2013 Aufkl\u00e4rung","link":"https:\/\/www.freidenker.org\/?cat=12"},"img":{"alt_text":"","src":"https:\/\/i0.wp.com\/www.freidenker.org\/fw17\/wp-content\/uploads\/2020\/02\/Thueringer_Landtag_Wahl_des_Ministerpraesidenten_2_800x445.jpg?fit=800%2C445&ssl=1&resize=350%2C200","width":350,"height":200,"srcset":"https:\/\/i0.wp.com\/www.freidenker.org\/fw17\/wp-content\/uploads\/2020\/02\/Thueringer_Landtag_Wahl_des_Ministerpraesidenten_2_800x445.jpg?fit=800%2C445&ssl=1&resize=350%2C200 1x, https:\/\/i0.wp.com\/www.freidenker.org\/fw17\/wp-content\/uploads\/2020\/02\/Thueringer_Landtag_Wahl_des_Ministerpraesidenten_2_800x445.jpg?fit=800%2C445&ssl=1&resize=525%2C300 1.5x, https:\/\/i0.wp.com\/www.freidenker.org\/fw17\/wp-content\/uploads\/2020\/02\/Thueringer_Landtag_Wahl_des_Ministerpraesidenten_2_800x445.jpg?fit=800%2C445&ssl=1&resize=700%2C400 2x"},"classes":[]},{"id":18049,"url":"https:\/\/www.freidenker.org\/?p=18049","url_meta":{"origin":11644,"position":5},"title":"Offener Brief an pax christi","author":"Webredaktion","date":"29. Januar 2024","format":false,"excerpt":"Am 26.01.2024 verteilte die katholische Friedensorganisation \"pax christi\" eine E-Mail mit folgendem Inhalt: pax christi - Deutsche Sektion e.V. ruft mit auf: Schlie\u00df dich der Brandmauer gegen Rechts an!\u00a0Gegen Spaltung - F\u00fcr Demokratie Jetzt sind wir alle gefragt: Es ist unsere gemeinsame Verantwortung, als Zivilgesellschaft ein solidarisches Miteinander zu verteidigen.\u2026","rel":"","context":"In &quot;Frieden - Antifaschismus - Solidarit\u00e4t&quot;","block_context":{"text":"Frieden - Antifaschismus - Solidarit\u00e4t","link":"https:\/\/www.freidenker.org\/?cat=13"},"img":{"alt_text":"","src":"https:\/\/i0.wp.com\/www.freidenker.org\/fw17\/wp-content\/uploads\/2024\/01\/Plakat_auf_der_Demo_-Gemeinsam_gegen_Rechts-_08_800x450.jpg?fit=800%2C450&ssl=1&resize=350%2C200","width":350,"height":200,"srcset":"https:\/\/i0.wp.com\/www.freidenker.org\/fw17\/wp-content\/uploads\/2024\/01\/Plakat_auf_der_Demo_-Gemeinsam_gegen_Rechts-_08_800x450.jpg?fit=800%2C450&ssl=1&resize=350%2C200 1x, https:\/\/i0.wp.com\/www.freidenker.org\/fw17\/wp-content\/uploads\/2024\/01\/Plakat_auf_der_Demo_-Gemeinsam_gegen_Rechts-_08_800x450.jpg?fit=800%2C450&ssl=1&resize=525%2C300 1.5x, https:\/\/i0.wp.com\/www.freidenker.org\/fw17\/wp-content\/uploads\/2024\/01\/Plakat_auf_der_Demo_-Gemeinsam_gegen_Rechts-_08_800x450.jpg?fit=800%2C450&ssl=1&resize=700%2C400 2x"},"classes":[]}],"_links":{"self":[{"href":"https:\/\/www.freidenker.org\/index.php?rest_route=\/wp\/v2\/posts\/11644","targetHints":{"allow":["GET"]}}],"collection":[{"href":"https:\/\/www.freidenker.org\/index.php?rest_route=\/wp\/v2\/posts"}],"about":[{"href":"https:\/\/www.freidenker.org\/index.php?rest_route=\/wp\/v2\/types\/post"}],"author":[{"embeddable":true,"href":"https:\/\/www.freidenker.org\/index.php?rest_route=\/wp\/v2\/users\/3"}],"replies":[{"embeddable":true,"href":"https:\/\/www.freidenker.org\/index.php?rest_route=%2Fwp%2Fv2%2Fcomments&post=11644"}],"version-history":[{"count":0,"href":"https:\/\/www.freidenker.org\/index.php?rest_route=\/wp\/v2\/posts\/11644\/revisions"}],"wp:featuredmedia":[{"embeddable":true,"href":"https:\/\/www.freidenker.org\/index.php?rest_route=\/wp\/v2\/media\/11649"}],"wp:attachment":[{"href":"https:\/\/www.freidenker.org\/index.php?rest_route=%2Fwp%2Fv2%2Fmedia&parent=11644"}],"wp:term":[{"taxonomy":"category","embeddable":true,"href":"https:\/\/www.freidenker.org\/index.php?rest_route=%2Fwp%2Fv2%2Fcategories&post=11644"},{"taxonomy":"post_tag","embeddable":true,"href":"https:\/\/www.freidenker.org\/index.php?rest_route=%2Fwp%2Fv2%2Ftags&post=11644"}],"curies":[{"name":"wp","href":"https:\/\/api.w.org\/{rel}","templated":true}]}}