{"id":11619,"date":"2021-11-14T17:57:39","date_gmt":"2021-11-14T16:57:39","guid":{"rendered":"https:\/\/www.freidenker.org\/?p=11619"},"modified":"2021-12-07T23:59:43","modified_gmt":"2021-12-07T22:59:43","slug":"skandal-beim-impfzirkus","status":"publish","type":"post","link":"https:\/\/www.freidenker.org\/?p=11619","title":{"rendered":"Skandal beim Impfzirkus"},"content":{"rendered":"<p>Die Fernsehsendung <a href=\"https:\/\/daserste.ndr.de\/annewill\/archiv\/Steigende-Neuinfektionen-Sorge-wegen-Impfskepsis-Hilft-oder-schadet-mehr-Druck-auf-Ungeimpfte,erste11610.html\" target=\"_blank\" rel=\"noopener\">&#8222;Anne Will&#8220; im ZDF am 31.10.2021<\/a> mit Sahra Wagenknecht und Karl Lauterbach hat unsere in Freundschaft verbundene Textdichterin Lucie Sponheimer dazu veranlasst, einen Hit der Spider Murphy Gang umzutexten.<\/p>\n<hr \/>\n<h4>Skandal beim Impfzirkus<\/h4>\n<p><span style=\"font-size: 10pt;\">Nach dem Lied \u201eSkandal im Sperrbezirk\u201c der Spider Murphy Gang<\/span><\/p>\n<p><em>Von <strong>Lucie Sponheimer<\/strong><\/em><\/p>\n<p>Eine Impfflicht sei nur Fantasie<br \/>\ndoch t\u00e4glich praktiziert man sie<br \/>\nOb Stadion oder Dorfgasthaus<br \/>\nDie Ungeimpften bleiben draus<br \/>\nDie Impf-Apartheid, die marschiert<br \/>\nGeimpfte werden schon verziert,<br \/>\nTragen B\u00e4ndchen oder Button gern<br \/>\nWer denkt da schon an Judenstern?<\/p>\n<p style=\"padding-left: 40px;\">Die Linken in der gro\u00dfen Stadt<br \/>\nregieren sich die Hirne platt<br \/>\nSkandal (Skandal)<br \/>\nBeim Impfzirkus<br \/>\nSkandal (Skandal)<br \/>\nBeim Impfzirkus<br \/>\nSkandal<br \/>\nSkandal um Sahra!<\/p>\n<p>Ein Fu\u00dfballstar mag die Spritze nicht<br \/>\nDie Medien halten Strafgericht<br \/>\nUnd wenn die Sahra springt ihm bei<br \/>\nErhebt sich ein Protestgeschrei<br \/>\nAllen voran bei diesem Krach<br \/>\nDie Heulboje Klabauterbach<br \/>\nDie Mainstream-Medien, voll im Arsch,<br \/>\nsie heulen mit, im Gleichschritt Marsch!<\/p>\n<p style=\"padding-left: 40px;\">Die Linken in der gro\u00dfen Stadt<br \/>\nregieren sich die Hirne platt<br \/>\nSkandal (Skandal)<br \/>\nBeim Impfzirkus<br \/>\nSkandal (Skandal)<br \/>\nBeim Impfzirkus<br \/>\nSkandal<br \/>\nSkandal um Sahra!<\/p>\n<p>Forschung bezahlt mit Steuergeld<br \/>\nDen B\u00f6rsenkursen sehr gef\u00e4llt<br \/>\nF\u00fcr\u2018n Impfstoff zahl\u2018n wir noch einmal<br \/>\nWer keine Wahl hat, hat die Qual.<br \/>\nUnd BigPharma, die wei\u00df Bescheid<br \/>\nVon Haftung hat sie sich befreit<br \/>\nZulassungsstudien sind frisiert<br \/>\nUnd wer entscheidet wird geschmiert.<\/p>\n<p style=\"padding-left: 40px;\">Die Linken in der gro\u00dfen Stadt<br \/>\nregieren sich die Hirne platt<br \/>\nSkandal (Skandal)<br \/>\nBeim Impfzirkus<br \/>\nSkandal (Skandal)<br \/>\nBeim Impfzirkus<br \/>\nSkandal<br \/>\nSkandal um Sahra!<\/p>\n<p>Ob Biontech, ob Moderna<br \/>\nSie spritzen mit MRNA<br \/>\nWas Einem als ein Impfstoff gilt,<br \/>\nDie And\u2018re als ein\u2018 Giftstoff schilt.<br \/>\nGeimpfte sind zwar nicht immun<br \/>\nDas k\u00fcmmert kein Regierungshuhn<br \/>\nDie Auffrisch-Impfung macht uns froh<br \/>\nF\u00fcr Konzerne ein Profit-Abo.<\/p>\n<p style=\"padding-left: 40px;\">Die Linken in der gro\u00dfen Stadt<br \/>\nregieren sich die Hirne platt<br \/>\nSkandal (Skandal)<br \/>\nBeim Impfzirkus<br \/>\nSkandal (Skandal)<br \/>\nBeim Impfzirkus<br \/>\nSkandal<br \/>\nSkandal um Sahra!<\/p>\n<p>Langzeitsch\u00e4den gibt es nicht<br \/>\nDas wei\u00df unser Klabauter-Wicht<br \/>\nVom Stoff, grad ein Jahr auf dem Markt<br \/>\nTrotzdem macht er auf meinungsstark<br \/>\nDoch Sahra nimmt ihm das nicht ab<br \/>\n&#8211; \u201eR\u00e4uberpistolen!\u201c bellt er knapp<br \/>\nAls Kassandra hat er uns begl\u00fcckt<br \/>\nAls Hellseher scheint er ganz verr\u00fcckt.<\/p>\n<p style=\"padding-left: 40px;\">Die Linken in der gro\u00dfen Stadt<br \/>\nregieren sich die Hirne platt<br \/>\nSkandal (Skandal)<br \/>\nBeim Impfzirkus<br \/>\nSkandal (Skandal)<br \/>\nBeim Impfzirkus<br \/>\nSkandal<br \/>\nSkandal um Sahra!<\/p>\n<p>Die Linkspartei setzt einen drauf<br \/>\nFordert rundweg zum \u201eImpfen\u201c auf<br \/>\nAndersdenkende sind ihr ein Graus<br \/>\nSo sieht Regierungshoffnung aus<br \/>\nDer Star in dieser Horror-Show:<br \/>\nSupertalent Hennig-Wellsow<br \/>\nSolidarisch mit Klabauterbach<br \/>\nScheut man mit Sahra keinen Krach.<\/p>\n<p style=\"padding-left: 40px;\">Die Linken in der gro\u00dfen Stadt<br \/>\nregieren sich die Hirne platt<br \/>\nSkandal (Skandal)<br \/>\nBeim Impfzirkus<br \/>\nSkandal (Skandal)<br \/>\nBeim Impfzirkus<br \/>\nSkandal<br \/>\nSkandal um Sahra!<\/p>\n<p>Bew\u00e4hrten Impfstoff man nicht n\u00fctzt<br \/>\nWeil das die B\u00f6rsenkurse sch\u00fctzt<br \/>\nAn Russland, Cuba und Chinesen<br \/>\nDie Superreichen nicht genesen<br \/>\nDaher, wenn die Regierung spricht,<br \/>\nSorgt sie sich um Gesundheit nicht<br \/>\nSie ist aber sogleich zur Stelle<br \/>\nZum Wohl der NATO-Impfkartelle.<\/p>\n<p style=\"padding-left: 40px;\">Die Linken in der gro\u00dfen Stadt<br \/>\nregieren sich die Hirne platt<br \/>\nSkandal (Skandal)<br \/>\nBeim Impfzirkus<br \/>\nSkandal (Skandal)<br \/>\nBeim Impfzirkus<br \/>\nSkandal<br \/>\nSkandal um Sahra!<\/p>\n<p>Das Impfen ist jetzt B\u00fcrgerpflicht<br \/>\nDoch Selbstdenker, die schert das nicht.<br \/>\nDaf\u00fcr trifft sie geballter Zorn<br \/>\nDer riecht ganz streng nach Lebensborn<br \/>\nWer bei der Spritze \u00fcbt Verzicht<br \/>\nF\u00fcr den gilt Recht und Freiheit nicht<br \/>\nVielmehr l\u00e4dt man zur Treibjagd ein<br \/>\nAuf dieses asoziale Schwein.<\/p>\n<p style=\"padding-left: 40px;\">Die Linken in der gro\u00dfen Stadt<br \/>\nregieren sich die Hirne platt<br \/>\nSkandal (Skandal)<br \/>\nBeim Impfzirkus<br \/>\nSkandal (Skandal)<br \/>\nBeim Impfzirkus<br \/>\nSkandal<br \/>\nSkandal um Sahra!<\/p>\n<p style=\"padding-left: 40px;\">Moral<br \/>\nSkandal<br \/>\nMoral<br \/>\nSkandal<br \/>\nMoral<br \/>\nSkandal<br \/>\nSkandal um Sahra!<\/p>\n<hr \/>\n<p>Lesen Sie zum Thema auch den Beitrag: <a href=\"https:\/\/www.freidenker.org\/?p=11614\">Impfzwang: Tarnen, Tricksen, T\u00e4uschen<\/a>\u00a0von Klaus Hartmann<\/p>\n<hr \/>\n<p><span style=\"font-size: 10pt;\">Bild: Collage von Ralf Lux<\/span><\/p>\n<p><span style=\"font-size: 10pt;\">Nachempfunden dem Cover der Maxi-Single &#8222;Skandal im Sperrbezirk&#8220; der Spider Murphy Gang von 1981<\/span><br \/>\n<span style=\"font-size: 10pt;\">Quelle: <a href=\"https:\/\/www.80s80s.de\/musik\/songinfos\/spider-murphy-gang-skandal-im-sperrbezirk\" target=\"_blank\" rel=\"noopener\">https:\/\/www.80s80s.de\/musik\/songinfos\/spider-murphy-gang-skandal-im-sperrbezirk<\/a><\/span><\/p>\n<p><span style=\"font-size: 10pt;\">Unter Verwendung von:<\/span><br \/>\n<span style=\"font-size: 10pt;\">Krankenschwester:\u00a0 <a href=\"https:\/\/pixabay.com\/de\/photos\/impfung-impfzentrum-impfen-5963353\/\" target=\"_blank\" rel=\"noopener\">pixabay.com<\/a> \/ <a class=\"hover_opacity\" href=\"https:\/\/pixabay.com\/de\/users\/rollstein-13853955\/\">Rollstein<\/a>\u00a0\/ <a href=\"https:\/\/pixabay.com\/de\/service\/license\/\">Pixabay License<\/a><\/span><\/p>\n<p>&nbsp;<\/p>\n<p>&nbsp;<\/p>\n","protected":false},"excerpt":{"rendered":"<p><b>Gedicht von Lucie Sponheimer<\/b> nach dem Lied \u201eSkandal im Sperrbezirk\u201c der Spider Murphy Gang<br \/>\nInspiriert von der Fernsehsendung &#8222;Anne Will&#8220; im ZDF am 31.10.2021 mit Sahra Wagenknecht und Karl Lauterbach<br \/>\n[Auszug:] Eine Impfflicht sei nur Fantasie \/ doch t\u00e4glich praktiziert man sie \/ Ob Stadion oder Dorfgasthaus \/ Die Ungeimpften bleiben draus \/ Die Impf-Apartheid, die marschiert \/ Geimpfte werden schon verziert, \/ Tragen B\u00e4ndchen oder Button gern \/ Wer denkt da schon an Judenstern?<br \/>\nDie Linken in der gro\u00dfen Stadt \/ regieren sich die Hirne platt \/ Skandal (Skandal) \/ Beim Impfzirkus \/ Skandal (Skandal) \/ Beim Impfzirkus \/ Skandal \/ Skandal um Sahra!<\/p>\n","protected":false},"author":3,"featured_media":11626,"comment_status":"closed","ping_status":"closed","sticky":false,"template":"","format":"standard","meta":{"colormag_page_container_layout":"default_layout","colormag_page_sidebar_layout":"default_layout","advanced_seo_description":"","jetpack_seo_html_title":"","jetpack_seo_noindex":false,"jetpack_post_was_ever_published":false,"footnotes":""},"categories":[913],"tags":[1256,1273,1357,1278,1257,1110],"class_list":["post-11619","post","type-post","status-publish","format-standard","has-post-thumbnail","hentry","category-kultur-kunst","tag-corona-virus","tag-demokratische-grundrechte","tag-impfpflicht","tag-impfung","tag-pandemie","tag-zdf"],"jetpack_featured_media_url":"https:\/\/i0.wp.com\/www.freidenker.org\/fw17\/wp-content\/uploads\/2021\/11\/Skandal_beim_Impfzirkus_v2.jpg?fit=800%2C450&ssl=1","jetpack_shortlink":"https:\/\/wp.me\/p9stpK-31p","jetpack-related-posts":[{"id":12372,"url":"https:\/\/www.freidenker.org\/?p=12372","url_meta":{"origin":11619,"position":0},"title":"Untergehn","author":"Webredaktion","date":"4. M\u00e4rz 2022","format":false,"excerpt":"Von Lucie Sponheimer Auf dem gro\u00dfen Platz am Brandenburger Tor Beleuchtet in Gelb-Blau Da gr\u00f6lt ein Nazi-Chor Gegen Russland soll es wieder gehn Mit der NATO eng zusammenstehn und Wie einstmals Untergehn Wie einstmals Untergehn","rel":"","context":"In &quot;Frieden - Antifaschismus - Solidarit\u00e4t&quot;","block_context":{"text":"Frieden - Antifaschismus - Solidarit\u00e4t","link":"https:\/\/www.freidenker.org\/?cat=13"},"img":{"alt_text":"","src":"https:\/\/i0.wp.com\/www.freidenker.org\/fw17\/wp-content\/uploads\/2022\/03\/Lili_Marleen_800x450.jpg?fit=800%2C450&ssl=1&resize=350%2C200","width":350,"height":200,"srcset":"https:\/\/i0.wp.com\/www.freidenker.org\/fw17\/wp-content\/uploads\/2022\/03\/Lili_Marleen_800x450.jpg?fit=800%2C450&ssl=1&resize=350%2C200 1x, https:\/\/i0.wp.com\/www.freidenker.org\/fw17\/wp-content\/uploads\/2022\/03\/Lili_Marleen_800x450.jpg?fit=800%2C450&ssl=1&resize=525%2C300 1.5x, https:\/\/i0.wp.com\/www.freidenker.org\/fw17\/wp-content\/uploads\/2022\/03\/Lili_Marleen_800x450.jpg?fit=800%2C450&ssl=1&resize=700%2C400 2x"},"classes":[]},{"id":11144,"url":"https:\/\/www.freidenker.org\/?p=11144","url_meta":{"origin":11619,"position":1},"title":"Andersdenkende: S\u00e4ue oder Nazis?","author":"Webredaktion","date":"28. August 2021","format":false,"excerpt":"Lyrik von Lucie Sponheimer ARD und ZDF hei\u00dft Rundfunkfreiheit, ja die Freiheit, Rundfunkfreiheit. Ihre Freiheit, das ist leider nicht die uns\u2019re, sie verh\u00f6hnt uns und verarscht uns, wo sie kann. \/ Zamperoni und den Kleber kennt ein jeder, eine jede, wirklich jeder, festgezurrt steh\u2018n sie auf der Atlantikbr\u00fccke, biegen uns\u2026","rel":"","context":"In &quot;Kultur &amp; Kunst&quot;","block_context":{"text":"Kultur &amp; Kunst","link":"https:\/\/www.freidenker.org\/?cat=913"},"img":{"alt_text":"","src":"https:\/\/i0.wp.com\/www.freidenker.org\/fw17\/wp-content\/uploads\/2021\/08\/oma_fence_800x450.jpg?fit=800%2C450&ssl=1&resize=350%2C200","width":350,"height":200,"srcset":"https:\/\/i0.wp.com\/www.freidenker.org\/fw17\/wp-content\/uploads\/2021\/08\/oma_fence_800x450.jpg?fit=800%2C450&ssl=1&resize=350%2C200 1x, https:\/\/i0.wp.com\/www.freidenker.org\/fw17\/wp-content\/uploads\/2021\/08\/oma_fence_800x450.jpg?fit=800%2C450&ssl=1&resize=525%2C300 1.5x, https:\/\/i0.wp.com\/www.freidenker.org\/fw17\/wp-content\/uploads\/2021\/08\/oma_fence_800x450.jpg?fit=800%2C450&ssl=1&resize=700%2C400 2x"},"classes":[]},{"id":14099,"url":"https:\/\/www.freidenker.org\/?p=14099","url_meta":{"origin":11619,"position":2},"title":"Ein kleiner Krieg","author":"Webredaktion","date":"3. September 2022","format":false,"excerpt":"Gedicht von Lucie Sponheimer Raketen, Waffen aller Art \/ Fordert die Ukraine nun in einem fort \/ Damit, ist uns allen klar, \/ Beteiligen auch wir uns an dem Russenmord. Doch unsre Regierung findet nichts dabei \/ Sie will halt Russland ruinieren \/ Und stimmt mit ein, in\u2018s Kriegsgeschrei. Ein\u2026","rel":"","context":"In &quot;Frieden - Antifaschismus - Solidarit\u00e4t&quot;","block_context":{"text":"Frieden - Antifaschismus - Solidarit\u00e4t","link":"https:\/\/www.freidenker.org\/?cat=13"},"img":{"alt_text":"","src":"https:\/\/i0.wp.com\/www.freidenker.org\/fw17\/wp-content\/uploads\/2022\/09\/EU_officials_visited_Bucha_800x450.jpg?fit=800%2C450&ssl=1&resize=350%2C200","width":350,"height":200,"srcset":"https:\/\/i0.wp.com\/www.freidenker.org\/fw17\/wp-content\/uploads\/2022\/09\/EU_officials_visited_Bucha_800x450.jpg?fit=800%2C450&ssl=1&resize=350%2C200 1x, https:\/\/i0.wp.com\/www.freidenker.org\/fw17\/wp-content\/uploads\/2022\/09\/EU_officials_visited_Bucha_800x450.jpg?fit=800%2C450&ssl=1&resize=525%2C300 1.5x, https:\/\/i0.wp.com\/www.freidenker.org\/fw17\/wp-content\/uploads\/2022\/09\/EU_officials_visited_Bucha_800x450.jpg?fit=800%2C450&ssl=1&resize=700%2C400 2x"},"classes":[]},{"id":13874,"url":"https:\/\/www.freidenker.org\/?p=13874","url_meta":{"origin":11619,"position":3},"title":"Vom Volksfestschlager zum Protestsong \u2013 Wird Deutschland im Herbst &#8222;Layla&#8220; singen?","author":"Webredaktion","date":"30. Juli 2022","format":false,"excerpt":"Beitrag von Dagmar Henn Es ist ausgesprochen albern, Zeit mit einer Debatte \u00fcber den Sexismus eines Lieds zu verbringen, wenn die Layla des zugeh\u00f6rigen Videos ein Transvestit ist. Schlie\u00dflich sind die Videos schon seit den 80ern das Medium, das gewisserma\u00dfen die offizielle Interpretation des St\u00fccks liefert. Das Gesamtpaket aus Lied\u2026","rel":"","context":"In &quot;Kultur &amp; Kunst&quot;","block_context":{"text":"Kultur &amp; Kunst","link":"https:\/\/www.freidenker.org\/?cat=913"},"img":{"alt_text":"","src":"https:\/\/i0.wp.com\/www.freidenker.org\/fw17\/wp-content\/uploads\/2022\/07\/Oktoberfest_Munich_-_panoramio_800x450.jpg?fit=800%2C450&ssl=1&resize=350%2C200","width":350,"height":200,"srcset":"https:\/\/i0.wp.com\/www.freidenker.org\/fw17\/wp-content\/uploads\/2022\/07\/Oktoberfest_Munich_-_panoramio_800x450.jpg?fit=800%2C450&ssl=1&resize=350%2C200 1x, https:\/\/i0.wp.com\/www.freidenker.org\/fw17\/wp-content\/uploads\/2022\/07\/Oktoberfest_Munich_-_panoramio_800x450.jpg?fit=800%2C450&ssl=1&resize=525%2C300 1.5x, https:\/\/i0.wp.com\/www.freidenker.org\/fw17\/wp-content\/uploads\/2022\/07\/Oktoberfest_Munich_-_panoramio_800x450.jpg?fit=800%2C450&ssl=1&resize=700%2C400 2x"},"classes":[]},{"id":15643,"url":"https:\/\/www.freidenker.org\/?p=15643","url_meta":{"origin":11619,"position":4},"title":"Skandal im Friedenslager","author":"Webredaktion","date":"29. M\u00e4rz 2023","format":false,"excerpt":"Beitrag von Dietrich Kittner aus FREIDENKER 1-23 Seit einigen Jahrzehnten trage ich einen Mitgliedsausweis mit mir herum. N\u00e4mlich den der Deutschen Friedensgesellschaft \u2013 Ver\u00adeinigte KriegsdienstgegnerInnen e.V. (DFG-VK). Daran liegt es, da\u00df ich lange gez\u00f6gert habe, diese Zeilen zu ver\u00f6ffentlichen. Im Stillen hatte ich gehofft, meine Emp\u00f6rung \u00fcber den nachfolgend geschilderten\u2026","rel":"","context":"In &quot;Frieden - Antifaschismus - Solidarit\u00e4t&quot;","block_context":{"text":"Frieden - Antifaschismus - Solidarit\u00e4t","link":"https:\/\/www.freidenker.org\/?cat=13"},"img":{"alt_text":"","src":"https:\/\/i0.wp.com\/www.freidenker.org\/fw17\/wp-content\/uploads\/2023\/03\/Kittner_FD_1-23_800x450.jpg?fit=800%2C450&ssl=1&resize=350%2C200","width":350,"height":200,"srcset":"https:\/\/i0.wp.com\/www.freidenker.org\/fw17\/wp-content\/uploads\/2023\/03\/Kittner_FD_1-23_800x450.jpg?fit=800%2C450&ssl=1&resize=350%2C200 1x, https:\/\/i0.wp.com\/www.freidenker.org\/fw17\/wp-content\/uploads\/2023\/03\/Kittner_FD_1-23_800x450.jpg?fit=800%2C450&ssl=1&resize=525%2C300 1.5x, https:\/\/i0.wp.com\/www.freidenker.org\/fw17\/wp-content\/uploads\/2023\/03\/Kittner_FD_1-23_800x450.jpg?fit=800%2C450&ssl=1&resize=700%2C400 2x"},"classes":[]},{"id":17924,"url":"https:\/\/www.freidenker.org\/?p=17924","url_meta":{"origin":11619,"position":5},"title":"Lanz wird r\u00fcckf\u00e4llig gegen Wagenknecht","author":"Webredaktion","date":"21. Januar 2024","format":false,"excerpt":"Beitrag von Diether Dehm Im Januar 2014 hatte Lanz schon einmal seinen Verh\u00f6rstil gegen Sahra Wagenknecht\u00a0versucht, sie maltr\u00e4tiert und nicht zu Wort kommen lassen. Das hatte ihm Hunderttausende von Protestmails eingebracht. In der Nachfolgesendung entschuldigte er sich und verfuhr\u00a0bei k\u00fcnftigen Einladungen gn\u00e4diger mit der TV-Quotenbringerin Wagenknecht. Gestern ist\u00a0Lanz wieder r\u00fcckf\u00e4llig\u2026","rel":"","context":"In &quot;Zeit der Verleumder - Freidenker f\u00fcr Klartext&quot;","block_context":{"text":"Zeit der Verleumder - Freidenker f\u00fcr Klartext","link":"https:\/\/www.freidenker.org\/?cat=937"},"img":{"alt_text":"","src":"https:\/\/i0.wp.com\/www.freidenker.org\/fw17\/wp-content\/uploads\/2024\/01\/Wagenknecht_Lanz_800x450.jpg?fit=800%2C450&ssl=1&resize=350%2C200","width":350,"height":200,"srcset":"https:\/\/i0.wp.com\/www.freidenker.org\/fw17\/wp-content\/uploads\/2024\/01\/Wagenknecht_Lanz_800x450.jpg?fit=800%2C450&ssl=1&resize=350%2C200 1x, https:\/\/i0.wp.com\/www.freidenker.org\/fw17\/wp-content\/uploads\/2024\/01\/Wagenknecht_Lanz_800x450.jpg?fit=800%2C450&ssl=1&resize=525%2C300 1.5x, https:\/\/i0.wp.com\/www.freidenker.org\/fw17\/wp-content\/uploads\/2024\/01\/Wagenknecht_Lanz_800x450.jpg?fit=800%2C450&ssl=1&resize=700%2C400 2x"},"classes":[]}],"_links":{"self":[{"href":"https:\/\/www.freidenker.org\/index.php?rest_route=\/wp\/v2\/posts\/11619","targetHints":{"allow":["GET"]}}],"collection":[{"href":"https:\/\/www.freidenker.org\/index.php?rest_route=\/wp\/v2\/posts"}],"about":[{"href":"https:\/\/www.freidenker.org\/index.php?rest_route=\/wp\/v2\/types\/post"}],"author":[{"embeddable":true,"href":"https:\/\/www.freidenker.org\/index.php?rest_route=\/wp\/v2\/users\/3"}],"replies":[{"embeddable":true,"href":"https:\/\/www.freidenker.org\/index.php?rest_route=%2Fwp%2Fv2%2Fcomments&post=11619"}],"version-history":[{"count":0,"href":"https:\/\/www.freidenker.org\/index.php?rest_route=\/wp\/v2\/posts\/11619\/revisions"}],"wp:featuredmedia":[{"embeddable":true,"href":"https:\/\/www.freidenker.org\/index.php?rest_route=\/wp\/v2\/media\/11626"}],"wp:attachment":[{"href":"https:\/\/www.freidenker.org\/index.php?rest_route=%2Fwp%2Fv2%2Fmedia&parent=11619"}],"wp:term":[{"taxonomy":"category","embeddable":true,"href":"https:\/\/www.freidenker.org\/index.php?rest_route=%2Fwp%2Fv2%2Fcategories&post=11619"},{"taxonomy":"post_tag","embeddable":true,"href":"https:\/\/www.freidenker.org\/index.php?rest_route=%2Fwp%2Fv2%2Ftags&post=11619"}],"curies":[{"name":"wp","href":"https:\/\/api.w.org\/{rel}","templated":true}]}}