{"id":11614,"date":"2021-11-14T17:57:25","date_gmt":"2021-11-14T16:57:25","guid":{"rendered":"https:\/\/www.freidenker.org\/?p=11614"},"modified":"2021-12-07T23:59:52","modified_gmt":"2021-12-07T22:59:52","slug":"impfzwang-tarnen-tricksen-taeuschen","status":"publish","type":"post","link":"https:\/\/www.freidenker.org\/?p=11614","title":{"rendered":"Impfzwang: Tarnen, Tricksen, T\u00e4uschen"},"content":{"rendered":"<p><em>Von <strong>Klaus Hartmann<\/strong><\/em><\/p>\n<p>Die Vergiftung des gesellschaftlichen Klimas, kulminierend in Willk\u00fcrma\u00dfnahmen und Hetze gegen \u201eNichtgeimpfte\u201c (gegen Corona), hat inzwischen ein Ausma\u00df erreicht, dass die immer emp\u00f6rt zur\u00fcckgewiesene Rede (der pauschal unter \u201eQuerdenker\u201c Subsummierten) von der \u201eCorona-Diktatur\u201c vergleichsweise niedlich und harmlos klingt.\u00a0Leitmotiv: \u201eEs wird ungem\u00fctlicher und komplizierter, nicht geimpft zu sein\u201c, so Michael M\u00fcller (SPD), Berlins scheidender Regierender B\u00fcrgermeister, am 08.11.2021 lt. <em>Tagesspiegel<\/em>.<a href=\"#_ftn1\" name=\"_ftnref1\">[1]<\/a> Am 07.11.2021 war bereits der Leiter des Krisenstabs der Berliner Senatsverwaltung f\u00fcr Integration, Arbeit und Soziales, Mark Seibert (Die Linke, der Senatorin Elke Breitenbach unterstellt), mit der Botschaft auff\u00e4llig geworden: \u201eF\u00fcr die Ungeimpften muss die Luft d\u00fcnner werden.\u201c<a href=\"#_ftn2\" name=\"_ftnref2\">[2]<\/a> K\u00f6nnen solche \u00c4u\u00dferungen als Nazi-Sympathie gedeutet werden?<\/p>\n<p>\u201eIrrational und kopflos\u201c nannte der ehemalige Pr\u00e4sident des Bundesverfassungsgerichts, Hans-J\u00fcrgen Papier, die Freiheitsbeschr\u00e4nkungen w\u00e4hrend der Corona-Krise in Deutschland in einem Interview der <em>Welt<\/em> am 05.10.2021: \u201eEs wurde nicht generell, aber doch teilweise ziemlich irrational, widerspr\u00fcchlich, kopflos und im \u00dcberma\u00df reagiert. Manche Entscheidungen waren fast absurd oder schlicht nicht durchsetzbar \u2026\u201c Er nannte \u201eihre rechtsstaatliche Aufarbeitung \u2026 dringend geboten \u2026 bei aller Hoffnung, dass die Zeit der wesentlichen Freiheitseinschr\u00e4nkungen zu Ende geht\u201c.<a href=\"#_ftn3\" name=\"_ftnref3\">[3]<\/a><\/p>\n<p>So sehr man der vernichtenden Kritik zustimmen mag, so falsch lag Papier mit seiner \u201eHoffnung\u201c. In den seither vergangenen f\u00fcnf Wochen nahmen die ma\u00dfgeblichen Politiker und die ihnen ergebenen Medien sich seine Kritik nicht etwa zu Herzen, sondern offensichtlich als Ansporn, diesen Kurs fortzusetzen und zu eskalieren. Die faktische Spaltung der Gesellschaft wird mit \u201e2G\u201c offiziell. Merkel, die immer noch ihr Unwesen treibt, \u201ewill starke Einschr\u00e4nkungen f\u00fcr Ungeimpfte\u201c.<a href=\"#_ftn4\" name=\"_ftnref4\">[4]<\/a><\/p>\n<p>Schon im August 2021 hatte Sahra Wagenknecht die \u201eCoronapolitik im Panikmodus\u201c mit \u201egebrochenen Versprechen und Widerspr\u00fcchen ohne Ende\u201c kritisiert. Trotz wiederholter Versprechungen von Merkel und Spahn, einen \u201eImpfzwang werde es nicht geben\u201c, werde uns\u00e4glicher moralischer Druck auf Ungeimpfte aufgebaut. die f\u00fcr jede Teilnahme am \u00f6ffentlichen Leben Tests vorlegen m\u00fcssten. Das sei \u201eImpfflicht durch die Hintert\u00fcr\u201c und der \u201eWeg in eine Gesundheitsdiktatur\u201c.<a href=\"#_ftn5\" name=\"_ftnref5\">[5]<\/a><\/p>\n<h5>Die Sch\u00e4den des Corona-Regimes<\/h5>\n<p>Politiker, die sich immer auf \u201edie Wissenschaft\u201c berufen, aber damit nur ihre handverlesenen Hofvirologen meinen, ignorieren umso hartn\u00e4ckiger wissenschaftliche Erkenntnisse: Nach einer in der medizinischen Fachzeitschrift \u201e<em>The Lancet<\/em>\u201c ver\u00f6ffentlichte Studie litten 2020 weltweit 52 Millionen Menschen mehr an einer schweren depressiven St\u00f6rung, als es ohne Pandemie der Fall gewesen w\u00e4re, die Zahl der unter Angstzust\u00e4nden leidenden Menschen lag um 76 Millionen h\u00f6her \u2013 ein Anstieg um 28\u00a0 bzw. 26%. Die Forscher stellten einen engen Zusammenhang zwischen hohen Covid-Fallzahlen, Bewegungseinschr\u00e4nkungen und erh\u00f6hten Raten von Depressionen und Angstzust\u00e4nden fest.<a href=\"#_ftn6\" name=\"_ftnref6\">[6]<\/a><\/p>\n<p>\u00dcber die Belastung der J\u00fcngsten zitiert die Hilfsorganisation \u201eSave the Children\u201c \u00fcber die Ergebnisse des \u201eOxford Covid-19 Government Response Trackers&#8220;, nach der die F\u00e4lle von Depressionen, Angstzust\u00e4nden, Einsamkeit und sogar Selbstgef\u00e4hrdung stark zugenommen haben. 2020 haben Kinder weltweit im Durchschnitt an 184 Tagen unter gesetzlichen Schlie\u00dfungen oder Einschr\u00e4nkungen gelebt, in Westeuropa ca. neun Monate. 83% der Kinder berichteten \u00fcber einen Anstieg von negativen Gef\u00fchlen, bis zu 50% der psychischen Erkrankungen blieben in den Industriel\u00e4ndern unbehandelt, in den Entwicklungsl\u00e4ndern zwischen 76 und 85%.<a href=\"#_ftn7\" name=\"_ftnref7\">[7]<\/a><\/p>\n<p>Immer mehr Kinder und Jugendliche leiden \u201epandemiebedingt\u201c an Essst\u00f6rungen, berichtet die <em>M\u00e4rkische Allgemeine<\/em> (09.11.2021).<a href=\"#_ftn8\" name=\"_ftnref8\">[8]<\/a> Der gestiegene Medienkonsum f\u00fchrt bei Kindern zu Adipositas, Kurzsichtigkeit und Entwicklungsst\u00f6rungen, so ein besorgter Jugendtherapeut aus Hannover gegen\u00fcber der Neuen Presse (09.11.2021).<a href=\"#_ftn9\" name=\"_ftnref9\">[9]<\/a> Schon im Mai schlug der Berufsverband der Kinder- und Jugend\u00e4rzte (in der <em>Zeit<\/em>) Alarm: Mittlerweile h\u00e4tten so viele Kinder und Jugendliche ernste psychische Probleme, dass die Kliniken zu drastischen Ma\u00dfnahmen griffen. \u201eEs gibt psychiatrische Erkrankungen in einem Ausma\u00df, wie wir es noch nie erlebt haben. Die Kinder- und Jugendpsychiatrien sind voll, dort findet eine Triage statt\u201c.<a href=\"#_ftn10\" name=\"_ftnref10\">[10]<\/a> Auf die Idee, f\u00fcr diese Kliniken auch eine Ampel einzuf\u00fchren, die beim Umspringen auf \u201egelb\u201c die Corona-\u201eMa\u00dfnahmen\u201c stoppt, kam offenbar noch niemand.<\/p>\n<p>Der Deutsche Olympischen Sportbund meldet den Verlust von 800.000 Mitgliedern im \u201eCorona\u201c-Jahr 2020. Bei den unter Sechsj\u00e4hrigen lag der R\u00fcckgang zwischen 17 und 26%.<a href=\"#_ftn11\" name=\"_ftnref11\">[11]<\/a> Nach Einsch\u00e4tzung der Deutschen Lebens-Rettungs-Gesellschaft gibt es immer mehr Nichtschwimmer. Das Risiko des Ertrinkens sei dauerhaft erh\u00f6ht, weil in der Pandemie deren Zahl signifikant gestiegen sei. Die DLRG spricht von \u201eeinem, wenn nicht sogar schon zwei verlorenen Jahrg\u00e4ngen in der Schwimmausbildung. Wegen geschlossener B\u00e4der ist die Zahl der Schwimmpr\u00fcfungen gegen\u00fcber 2019 um 75% zur\u00fcckgegangen, die Zahl des Schwimmabzeichens \u201eSeepferdchen\u201c von 48.243 auf 14.566.<a href=\"#_ftn12\" name=\"_ftnref12\">[12]<\/a><\/p>\n<h5>Der \u201e2G\u201c-Wahn<\/h5>\n<p>Anstelle des \u201eGG\u201c (Grundgesetz) soll immer umfassender \u201e2G\u201c gelten, was \u201egeimpft und genesen\u201c hei\u00dfen soll (nicht \u201egen\u00f6tigt und geknechtet\u201c). Hamburg als Vorreiter unter SPD-B\u00fcrgermeister Tschentscher konnte fr\u00fch die Erfahrung machen, wie \u201e2G\u201c wirkt. Bereits am 05.10.2021 berichtete der <em>NDR<\/em> von einem \u201egr\u00f6\u00dferen Corona-Ausbruch in einem Lokal mit 2G-Regeln auf St. Pauli, 20 von 200 Menschen hatten sich dort nachweislich mit Corona angesteckt.\u201c Da es bei \u201e2G\u201c hier wie andernorts weniger um Gesundheitsschutz, als um die Schikanierung Nichtgeimpfter geht, sah die Stadt nat\u00fcrlich \u201eauch keinen Grund, von den 2G-Regeln abzur\u00fccken.\u201c<a href=\"#_ftn13\" name=\"_ftnref13\">[13]<\/a><\/p>\n<p>Das gab der Hamburger Regierende B\u00fcrgermeister auch unumwunden zu, als er sich f\u00fcr 2G-Optionsmodelle in ganz Deutschland stark machte: \u201eWir k\u00f6nnen diese Pandemie nicht immer aus der Sicht der Ungeimpften beurteilen. Es geht nicht, ohne dass es auch f\u00fcr die Ungeimpften schwer wird, jetzt in den n\u00e4chsten Monaten, am \u00f6ffentlichen Leben teilzunehmen.\u201c<a href=\"#_ftn14\" name=\"_ftnref14\">[14]<\/a> Lernen aus den 2-G-Pleiten in seiner Stadt \u2013 dagegen ist er offenbar immun.<\/p>\n<p>Der Hamburger Virologe Jonas Schmidt-Chanasit (Tropeninstitut) hat sich am 07.11.2021 im <em>Deutschlandfunk<\/em> gegen die fl\u00e4chendeckende Einf\u00fchrung der sogenannten 2G-Regelung ausgesprochen, da sie \u201eMenschen lediglich eine Scheinsicherheit\u201c gebe: Es sei erwiesen, dass sowohl Geimpfte als auch Genesene sich infizieren und das Virus \u00fcbertragen k\u00f6nnten. Man brauche eine erneute Testoffensive, die Abschaffung der kostenlosen B\u00fcrgertests sei falsch gewesen.<a href=\"#_ftn15\" name=\"_ftnref15\">[15]<\/a><\/p>\n<p>Einzig zum Zweck des Drucks auf \u201eImpfunwillige\u201c wurden die Tests ab 11.10.2021 kostenpflichtig. Obwohl die Folge zur\u00fcckgehender Testzahlen absehbar war, nannte dies \u201eExperte\u201c Lauterbach \u201eeine gute Idee\u201c.<a href=\"#_ftn16\" name=\"_ftnref16\">[16]<\/a> Auch die Bundes\u00e4rztekammer fordert eine schnelle R\u00fcckkehr zu kostenlosen Corona-Schnelltests, mit der entt\u00e4uscht klingenden Begr\u00fcndung ihres Pr\u00e4sidenten Klaus Reinhardt: \u201eDas Ende der Kosten\u00fcbernahme f\u00fcr sogenannte B\u00fcrgertests habe nicht dazu gef\u00fchrt, Impfunwillige zu einer Impfung zu motivieren\u201c. Nicht lassen kann es dagegen der neue Ministerpr\u00e4sident Nordrhein-Westfalens, Hendrik W\u00fcst \u2013 er fordert kostenlose Corona-Tests nur f\u00fcr Geimpfte und Genesene. <a href=\"#_ftn17\" name=\"_ftnref17\">[17]<\/a><\/p>\n<p>Selbst Meldungen (am 05.10.2021, <em>Berliner Morgenpost<\/em>) wie die vom Tod von Marc Pilcher, der im September 2021 f\u00fcr seine Arbeit als Stylist in der Serie \u201eBridgerton\u201c einen Emmy-Award erhielt, bringt keinen Verantwortlichen zum Nachdenken oder Innehalten: Er starb 53-j\u00e4hrig ohne sonstige gesundheitliche Probleme an Covid-19, obwohl er vollst\u00e4ndig gegen das Coronavirus geimpft war.<a href=\"#_ftn18\" name=\"_ftnref18\">[18]<\/a> Am 18.10.2021 wurde der Tod des fr\u00fcheren US-Au\u00dfenministers Colin Powell gemeldet, der mit seinen L\u00fcgen vor den UN \u00fcber die \u201eirakischen Massenvernichtungswaffen\u201c traurige Ber\u00fchmtheit erlangt hat: \u201eDer 84-J\u00e4hrige starb an einer Corona-Erkrankung, obwohl er vollst\u00e4ndig geimpft war.\u201c<a href=\"#_ftn19\" name=\"_ftnref19\">[19]<\/a><\/p>\n<p>Daniela Dahn auf <em>telepolis<\/em>: \u201eDie sich untereinander infiziert habenden Spieler vom Eishockey-Klub M\u00fcnchen waren alle doppelt geimpft. Obwohl die Wirksamkeit der restriktiven 2G-Methode als widerlegt angesehen werden kann, gehen viele Einrichtungen, darunter gern auch Linke mit ihrem Zero-Covid-Trugbild, jetzt zu dieser demonstrativen Ausgrenzung \u00fcber.\u201c Dabei verweist sie auf den <em>Deutschlandfunk<\/em>, der am 31.08.2021 berichtete: \u201eAktuell beunruhigen in dem Zusammenhang Meldungen aus Israel. Mehr als die H\u00e4lfte der Covid-Patienten in Israels Kliniken waren vollst\u00e4ndig geimpft.\u201c<a href=\"#_ftn20\" name=\"_ftnref20\">[20]<\/a><\/p>\n<h5>Die irre \u201ePandemie der Ungeimpften\u201c<\/h5>\n<p>Der scheidende Gesundheitsminister Spahn bem\u00fcht sich, uns allen in unangenehmer Erinnerung zu bleiben, indem er sein profundes Fachwissen pr\u00e4sentiert und m\u00f6glichst t\u00e4glich ausst\u00f6\u00dft: \u201eWir erleben gerade eine Pandemie der Ungeimpften.\u201c<a href=\"#_ftn21\" name=\"_ftnref21\">[21]<\/a> Die Bundestagsabgeordnete Sahra Wagenknecht bezeichnete es in der <em>Berliner Zeitung<\/em> (19.10.2021) als einen Skandal, dass sich das Bundesgesundheitsministerium weigere, die Zahlen der Impfdurchbr\u00fcche auf Wochenbasis zu ver\u00f6ffentlichen. Die Zahl sei zwischen 13. September bis zum 10. Oktober bei intensivmedizinisch behandelten Erkrankten von zuvor zehn Prozent auf 29 Prozent angestiegen, bei fortgesetzter Dynamik werde \u201eder \u00fcberwiegende Teil der Erkrankungen bei vollst\u00e4ndig Geimpften\u201c stattfinden, schon deshalb sei die von Spahn verwendete Beschreibung \u201ePandemie der Ungeimpften\u201c eine \u201e\u00fcble Stimmungsmache\u201c.<a href=\"#_ftn22\" name=\"_ftnref22\">[22]<\/a><\/p>\n<p>Zur \u00c4ngstigung der Nichtgeimpften wird st\u00e4ndig das von Spahn verbreitete M\u00e4rchen wiederholt: \u201eDie Infektionszahlen bei Ungeimpften seien mehr als zehn Mal h\u00f6her als bei Geimpften, 90 Prozent der Covid-19-Patienten auf Intensivstationen seien ungeimpft.\u201c<a href=\"#_ftn23\" name=\"_ftnref23\">[23]<\/a> Tats\u00e4chlich aber trat die von Wagenknecht erwartete dynamische Entwicklung bei den Impfdurchbr\u00fcchen ein: Das Robert-Koch-Institut gab f\u00fcr den Zeitraum vom 27.09. \u2013 24.10.2021 an, dass bei den \u00fcber 60-J\u00e4hrigen 58,9% der an Covid-19 Erkrankten geimpft waren, ebenso 43,7%% der deswegen im Krankenhaus Behandelten, und 33,4% der Intensivpatienten. Von den Verstorbenen dieser Altersgruppe waren 45% geimpft.<a href=\"#_ftn24\" name=\"_ftnref24\">[24]<\/a><\/p>\n<p>Eine Woche sp\u00e4ter gibt der RKI-Bericht vom 30.10.2021 zu, dass die Zahl der vollst\u00e4ndig Geimpften, die sich dennoch mit dem Coronavirus infiziert haben, auf 117.763 F\u00e4lle angewachsen ist. \u201e1.078 Menschen sind inzwischen trotz vollst\u00e4ndiger Impfung an oder mit Corona gestorben.\u201c<a href=\"#_ftn25\" name=\"_ftnref25\">[25]<\/a><\/p>\n<p>Der Bonner Virologe Prof. Dr. Hendrik Streeck argumentiert am 04.11.2021 bei <em>RTL<\/em> in der gleichen Richtung: \u201eEs hat den Anschein, als ob es nur noch die Pandemie der Ungeimpften w\u00e4re, und das ist ja nicht richtig, sondern wir sind alle Teil der Pandemie.\u201c Seine Begr\u00fcndung: Auch Geimpfte k\u00f6nnen sich infizieren und das Coronavirus \u00fcbertragen.<a href=\"#_ftn26\" name=\"_ftnref26\">[26]<\/a> Sogar der Staatsvirologe Drosten erkl\u00e4rt: \u201eEs gibt im Moment ein Narrativ, das ich f\u00fcr vollkommen falsch halte: die Pandemie der Ungeimpften.\u201c <a href=\"#_ftn27\" name=\"_ftnref27\">[27]<\/a><\/p>\n<p>Im Interview mit<em> ntv <\/em>(23.10.2021) erkl\u00e4rte der Hallenser Virologe Prof. Dr. Alexander Kekul\u00e9: \u201eFest steht: Dieses Virus wird im Winter munter. Darauf kann man sich bei Viren, die Atemwegsinfektionen machen, verlassen. \u2026 Jemand, der geimpft ist, ist weniger ansteckend. Und auch k\u00fcrzer ansteckend. Das hei\u00dft aber trotzdem: Wenn viele Menschen v\u00f6llig unkontrolliert das Virus verbreiten, dann kriegen Sie eine massive Welle der Geimpften\u201c. Und zum Thema Impfdurchbr\u00fcche: \u201eIch bin \u00fcberrascht, dass manche \u00fcberrascht sind. \u00dcberrascht davon k\u00f6nnen nur diejenigen sein, die an einen 100-prozentigen Impfschutz und an die Herdenimmunit\u00e4t geglaubt haben.\u201c .<a href=\"#_ftn28\" name=\"_ftnref28\">[28]<\/a><\/p>\n<p>Und schon wird am Irrsinn weitergedreht: N\u00e4mlich wie aus Geimpften wieder Ungeimpfte gemacht werden. Dazu S\u00f6der: \u201eMan sollte sich \u00fcberlegen, ob nach neun Monaten fast automatisch ein Geimpften-Status nicht mehr gelten kann\u201c \u2013 und damit der \u201e2G\u201c entzogen wird.<a href=\"#_ftn29\" name=\"_ftnref29\">[29]<\/a> So schnell kanns gehen \u2013 vom eben noch vorbildlichen Staatsb\u00fcrger zum ge\u00e4chteten Buhmann(frau). Denn der hochgepriesene \u201eImpfstoff\u201c f\u00e4ngt zwar schwach an, l\u00e4sst aber dann ganz stark nach.<\/p>\n<p>Ohne Buhster-Impfung geht es dann nicht mehr. \u201eGrunds\u00e4tzlich werden f\u00fcr alle Auffrischungsimpfungen in Deutschland nur noch die mRNA-Impfstoffe von Biontech\/Pfizer und Moderna verwendet\u201c, erf\u00e4hrt man bei <em>t-online<\/em>. W\u00e4hrend das Bundesgesundheitsministerium dazu anh\u00e4lt, \u201ef\u00fcr die Booster-Impfung wieder den gleichen Impfstoff zu nehmen\u201c, r\u00e4t \u201eSPD-Gesundheitsexperte Karl Lauterbach auf Twitter hingegen zum Wechsel der Impfstoffe\u201c.<a href=\"#_ftn30\" name=\"_ftnref30\">[30]<\/a><\/p>\n<p>Die wirklich entscheidenden Informationen \u00fcber die Wirksamkeit der \u201eImpfstoffe\u201c stehen ohnehin in den Wirtschaftsnachrichten. \u201eBioNTech hat im dritten Quartal 2021 einen Gewinnsprung verzeichnet. Der Gewinn je Aktie belief sich auf 12,35 Euro nach -0,880 Euro vor Jahresfrist.\u201c Nettogewinn: 3,2 Milliarden Euro. \u201eAuch die Erl\u00f6se zogen kr\u00e4ftig an und kletterten auf 6,1 Milliarden Euro. Vor Jahresfrist hatte das Unternehmen 67,5 Millionen Euro umgesetzt.\u201c<a href=\"#_ftn31\" name=\"_ftnref31\">[31]<\/a><\/p>\n<h5>Der Kampf gegen Impfskeptiker, Impfzauderer, Impfmuffel, Impfgegner, Impfverweigerer<\/h5>\n<p>Als Fu\u00dfball-Star bei Bayern M\u00fcnchen hochverehrt, als \u201eUngeimpfter\u201c durch alle Medien geschmiert. Ende Oktober arbeiteten sich die Meutejournalisten bevorzugt am Nationalspieler Joshua Kimmich ab, zuerst berichtete <em>Bild<\/em>, dass Kimmich nicht gegen Covid-19 geimpft sei, dann folgte die erste hochnotpeinliche Befragung nach dem 4:0-Sieg in der Bundesliga gegen die TSG 1899 Hoffenheim \u2013 \u201eKimmich best\u00e4tigt: Bayern-Star noch nicht gegen Corona geimpft\u201c.<a href=\"#_ftn32\" name=\"_ftnref32\">[32]<\/a> Laut <em>Berliner Zeitung<\/em> habe er \u201epers\u00f6nlich noch ein paar Bedenken, gerade, was fehlende Langzeitstudien angeht\u201c.<a href=\"#_ftn33\" name=\"_ftnref33\">[33]<\/a><\/p>\n<p>RTL findet die \u00dcberschrift passend: \u201eCorona-\u00c4rger bei den Bayern: Joshua Kimmich ist nicht geimpft\u201c<a href=\"#_ftn34\" name=\"_ftnref34\"><strong>[34]<\/strong><\/a> \u2013 dann stellt man \u00fcberrascht fest, dass es bei den Bayern gar keinen \u00c4rger gibt, sondern nur \u00e4rgerliche Medienberichte, die sich anstrengen, ihren \u00c4rger in den Verein zutragen. \u201eKimmich und die Covidioten\u201c w\u00e4hlt Oskar Lafontaine als Titel seines Facebook-Beitrags, in dem er den Umgang mit dem Bayern-Star kritisiert. \u201eKimmich kann klar denken und hat recht mit seiner Skepsis gegen\u00fcber dem Impfstoff, was Langzeitfolgen angehe. Es gen\u00fcgt, aus den Vertr\u00e4gen, die mit den Impfstoff-Herstellern Biontech\/Pfizer geschlossen wurden, zu zitieren: \u201aDer K\u00e4ufer erkennt an, dass die langfristigen Wirkungen und die Wirksamkeit des Impfstoffs derzeit nicht bekannt sind und dass der Impfstoff unerw\u00fcnschte Wirkungen haben kann, die derzeit nicht bekannt sind\u2018\u201c<a href=\"#_ftn35\" name=\"_ftnref35\">[35]<\/a><\/p>\n<p>Unter \u201eArm in Arm mit der Pharmaindustrie\u201c stellte Lafontaine fest: \u201eMittlerweile f\u00e4llt das Wort Covidioten auf die zur\u00fcck, die es erfunden haben, um andere herabzusetzen\u201c. Und er kommt auf das tieferliegende Problem zu sprechen: \u201eKimmich ist nicht nur ein hervorragender Fu\u00dfballer, er kann auch klarer denken als einige der sogenannten Experten. Und dass er, wie viele andere, auf einen klassischen Impfstoff wartet, wirft die Frage auf, warum die Europ\u00e4ische Arzneimittel-Agentur (EMA) immer noch keinen klassischen Impfstoff zugelassen hat, obwohl die beiden chinesischen Totimpfstoffe von Sinovac und Sinopharm weltweit millionenfach verimpft werden.\u201c<\/p>\n<p>Kein Wunder, dass der \u201eungeimpfte Bayern-Star\u201c auch in den \u201eTalkshows\u201c genannten D\u00fcnnbrettbohrer-Quatschrunden verarztet werden musste, so bei \u201eAnne Will im ZDF am 31.10.2021. Dort sitzt \u201enat\u00fcrlich\u201c der Chef-Kassandra und Zuchtmeister des Corona-Regimes Karl Lauterbach (SPD. Er wird als \u201eGesundheitsexperte\u201c gehandelt, und damit verschwiegen, dass er Experte f\u00fcr \u201eGesundheits\u00f6konomie\u201c ist \u2013 also wie sich Pharmaunternehmen, medizinische Ger\u00e4teindustrie und Krankenhauskonzerne mit gr\u00f6\u00dftm\u00f6glichem Profit gesundsto\u00dfen k\u00f6nnen.)<\/p>\n<p>Zur \u201eEinstimmung\u201c auf die Frage \u201eHilft oder schadet mehr Druck auf Ungeimpfte?\u201c nat\u00fcrlich ein \u201eEinspielfilm \u00fcber den ungeimpften Fu\u00dfballprofi Joshua Kimmich\u201c.<a href=\"#_ftn36\" name=\"_ftnref36\">[36]<\/a> Sahra Wagenknecht sah das erste Problem darin, dass man seine \u201eindividuelle Entscheidung \u00f6ffentlich begr\u00fcnden muss\u201c, \u00a0sie beklagte eine \u201eschr\u00e4ge\u201c und \u201emoralisch aufgeladene Debatte\u201c. \u201eWir bauen Intensivbetten ab, haben einen eklatanten Pflegenotstand und beklagen dann, dass Kapazit\u00e4ten fehlen.\u201c Man solle \u201eaufh\u00f6ren, dass Gesundheitssystem kaputtzusparen\u201c.<\/p>\n<p>Vollends untendurch in der Runde war Wagenknecht, als sie vom \u201eneuartigen Impfverfahren\u201c sprach, bei dem anders als bei klassischen Verfahren kein abget\u00f6tetes Virus geimpft wird, sondern \u201eein genetischer Code\u201c, und: \u201eIch w\u00fcrde mich eher impfen lassen, wenn es einen Totimpfstoff auf dem Markt g\u00e4be.&#8220;<a href=\"#_ftn37\" name=\"_ftnref37\">[37]<\/a> Lauterbach bezeichnete deren Risiko von Nebenwirkungen als viel gr\u00f6\u00dfer, weil der vor seiner Einf\u00fchrung nur 30.000 Mal getestet werde &#8211; im Gegensatz zu 500 Millionen Menschen, die die neuen Impfstoffe bereits erhalten h\u00e4tten. Womit er verr\u00e4t: In der Phase 3, die der Einf\u00fchrung vorausgeht, werden alle Impfstoffe, auch seine \u201eneuen\u201c, rund 30.000 Mal getestet \u2013 die \u201e500 Millionen Menschen\u201c sieht er offenbar auch noch in der 3. Testphase, als Teil eines Experiments. Dass von Totimpfstoffen gegen Corona aus China, Cuba und Russland inzwischen mehr als 3 Milliarden Dosen verimpft wurden, kann man locker ignorieren, wenn man auf die West-B\u00f6rsenkurse fixiert ist.<\/p>\n<h5>Treibjagd gegen Sahra<\/h5>\n<p>Die Tatsache, dass die Hersteller in den Vertr\u00e4gen eine Haftung f\u00fcr eventuelle Langzeitsch\u00e4den ausgeschlossen haben, nennt Lauterbach eine \u201eR\u00e4uberpistole\u201c, die er versucht, mit dem Hinweis auf die Haftung des Staates zu entkr\u00e4ften \u2013 was wohl nicht dasselbe ist. Und dass \u201eUS-Top-Wissenschaftler Nebenwirkungen ausgeschlossen\u201c h\u00e4tten, ist auch kein Argument gegen Langzeitsch\u00e4den \u2013 die aufgrund der kurzen \u201eLaufzeit\u201c der MRNA-Impfstoffe noch gar nicht bekannt sein, ergo auch nicht ausgeschlossen werden k\u00f6nnen. Da auch Geimpfte das Virus weitergeben, schloss Wagenknecht, die Impfung sch\u00fctze vor allen Dingen den Geimpften, also d\u00fcrfe man das Impfen nicht zu einem Akt der Solidarit\u00e4t mit anderen aufblasen \u2013 dagegen Lauterbach: diese Viren k\u00f6nnten sich nicht mehr so sehr vermehren, seien also weniger gef\u00e4hrlich. Nach dieser \u201eLogik\u201c konnte die \u201eWissenschaftsjournalistin\u201c der S\u00fcddeutschen Zeitung triumphierend feststellen: \u201eNur weil wir noch sehr viele Ungeimpfte haben, haben wir noch so gro\u00dfe Probleme.\u201c<a href=\"#_ftn38\" name=\"_ftnref38\">[38]<\/a><\/p>\n<p>Das Echo der Mainstreammedien kam wie nicht anders zu erwarten. Im <em>Tagesspiegel<\/em> kommentiert Caroline Fetscher, die sich mit ihrer rassistisch-antiserbischen Haltung w\u00e4hrend der NATO-Aggression gegen Jugoslawien 1999 in die Herzen der Kriegsherren geschrieben hat. Zun\u00e4chst mokiert sie sich, dass \u201eeine Gruppe von \u201aK\u00fcnstlerInnen und ExpertInnen\u2018 verlangt, dass \u201aalles auf den Tisch\u2018 komme, und f\u00e4lschlich suggeriert, der \u00d6ffentlichkeit w\u00fcrden willentlich wichtige Informationen vorenthalten.\u201c Damit wir die Lage verstehen wie sie, gibt sie uns mit: \u201eWilde Ger\u00fcchte treiben jene um, die sich nicht impfen lassen wollen, unter dem Einfluss von Fake News, irrlichternde Grusel-News aus sozialen Netzwerken oder von Sendern wie Russia Today.\u201c W\u00e4hrend Wagenknecht \u201eoffenbar die Impfskeptiker in der linken Klientel, etwa im Osten Deutschlands, nicht durch \u201aDruck\u2018 verschrecken m\u00f6chte\u201c, ist der Lauterbach doch aus ganz anderem Holz geschnitzt: Er \u201ekl\u00e4rt auf\u201c. \u201eSo konnten Wagenknechts Argumente den Eindruck erwecken, von kursierender Pseudowissenschaft beeinflusst zu sein\u201c und sie \u201eihre eigene Intelligenz betrog\u201c. <a href=\"#_ftn39\" name=\"_ftnref39\">[39]<\/a><\/p>\n<p>Die sch\u00e4rfste gekaufte Braut ist aber die Marie von den Benken. \u201eEinen Nobelpreis f\u00fcr Geduld h\u00e4tte Karl Lauterbach\u201c verdient, weil \u201eer quasi im Minutentakt die erstaunlich unterkomplexen, naja, \u201aArgumente\u2018 von Sahra Wagenknecht korrigieren\u201c musste. \u201eSelbstverst\u00e4ndlich hat sie auch das Querdenker-Buzzword \u201aNotzulassung\u2018 im Repertoire.\u201c Die \u201eJeanne d&#8217;Arc der Impfverweigerer\u201c habe einen \u201ebeinahe schon kriminell falschen Bonustrack\u201c geliefert, und \u201ekonsequent wirklich jedes schon 500-mal in breiter wissenschaftlicher Konsenssituation widerlegte Impfgegner-Bingo Feuerwerk\u201c gez\u00fcndet. Wagenknecht halte es lieber mit \u201eein paar Diskurs-Bereicherern, die sich vornehmlich von Desinformations-Quellen mit wissenschaftlichen Bankrotterkl\u00e4rungen versorgen lassen, die sich auf Goldener-Aluhut-Lorbeeren ausruhen. Und die feiern Wagenknecht als neue Speerspitze der Querdenker-Freiheitsk\u00e4mpfer.\u201c<a href=\"#_ftn40\" name=\"_ftnref40\">[40]<\/a> Dicht gedr\u00e4ngt sind hier alle Anklagepunkte aus dem Hexenhammer der \u201eantideutschen\u201c Gro\u00dfinquisition versammelt.<\/p>\n<p>Die <em>Stern<\/em>-Kommentatorin Zschocher attestiert \u201ekrude Thesen\u201c und \u201esoviel Kopfsch\u00fctteln in einer Politik-Talkshow war selten\u201c. Dann prophezeit sie, \u201ewas Wagenknecht da nahe am Rande der Verschw\u00f6rungsmythen in der Sendung verbreitete, wird der Partei langfristig vermutlich schaden\u201c, sie bejubelt Lauterbachs \u201eman kann die Ungeimpften nicht sich selbst \u00fcberlassen\u201c, und findet \u201eerschreckend, dass ihr bei Will so eine Plattform f\u00fcr alternative Wahrheiten und Studien geboten wurde\u201c. Zum Abschluss w\u00fcnscht sie sich \u201eeine Sendung &#8230; gern ohne Sahra Wagenknecht.\u201c<a href=\"#_ftn41\" name=\"_ftnref41\">[41]<\/a><\/p>\n<p>Mit dem Schaden f\u00fcr die Partei sollte sie recht behalten, aber nicht \u201elangfristig\u201c, sondern gleich am n\u00e4chsten Tag. \u201eEs gibt eine Beschlusslage, die hei\u00dft, dass wir Impfkampagnen unterst\u00fctzen\u201c, sagte Linken-Chefin Susanne Hennig-Wellsow, die schon \u00f6fter mit ihrem profunden Wissen gl\u00e4nzte. Impfen sei \u201eauch die Verantwortung f\u00fcr andere\u201c, es gehe darum, \u201eandere zu sch\u00fctzen, deren Freiheit tats\u00e4chlich zu gew\u00e4hren. Insofern ist es nicht banal, das Impfen abzulehnen oder vom Impfen abzuhalten.\u201c<a href=\"#_ftn42\" name=\"_ftnref42\">[42]<\/a> Da konnte auch Fraktionschef Dietmar Bartsch nicht abseitsstehen: er werbe weiterhin \u201enachdr\u00fccklich daf\u00fcr, sich gegen Covid19 impfen zu lassen\u201c, auch aus Gr\u00fcnden der Solidarit\u00e4t.<a href=\"#_ftn43\" name=\"_ftnref43\">[43]<\/a> Die Linke ist eben die Partei der Solidarit\u00e4t ist \u2013 wenn schon nicht mit Wagenknecht, dann zumindest mit Lauterbach. Den Vogel schoss Vorstandsmitglied Niema Movassat ab: \u201eIch sch\u00e4me mich, dass Wagenknecht so einen Unsinn im Namen meiner Partei Die Linke vertritt.\u201c<a href=\"#_ftn44\" name=\"_ftnref44\">[44]<\/a><\/p>\n<p>Dummerweise wurde am 02.11.2021 gemeldet: 63 Prozent positionieren sich auf der Seite von Sahra Wagenknecht. 33 Prozent geben Karl Lauterbach Recht. Vier Prozent sind unentschlossen.<a href=\"#_ftn45\" name=\"_ftnref45\">[45]<\/a> Lauterbach legte tags darauf im <em>Spiegel<\/em> nach: Wagenknechts Auftritt sei gef\u00e4hrlich gewesen, \u201edas schadet\u201c. Entweder kenne Wagenknecht sich nicht aus, \u201edas w\u00e4re eine denkbare Interpretation, die andere M\u00f6glichkeit ist, sie wei\u00df mehr, aber stellt es falsch dar.\u201c<a href=\"#_ftn46\" name=\"_ftnref46\">[46]<\/a><\/p>\n<h5>\u00c4rztepr\u00e4sident rastet aus<\/h5>\n<p>Angesichts des scheinbaren Konsenses, dass \u201enur Impfen aus der Pandemie herausf\u00fchrt\u201c, bemerkt der <em>Welt<\/em>-Herausgeber Stefan Aust: \u201eMerkw\u00fcrdigerweise sind die Zahlen ja in diesem Jahr nicht viel anders als im \u201eungeimpften Jahr\u201c 2020. Weder die Inzidenz-Zahl noch die Auslastung der Intensivbetten noch die Zahl der \u201ean oder mit Corona\u201c Verstorbenen unterscheidet sich wesentlich.\u201c<a href=\"#_ftn47\" name=\"_ftnref47\">[47]<\/a><\/p>\n<p>Wer dachte, dass es nach dieser Anne Will nicht mehr schlimmer kommen k\u00f6nne, sah sich in der Folgesendung einen Sonntag sp\u00e4ter get\u00e4uscht. Unter der leitenden Suggestivfrage \u201eBraucht Deutschland eine Impfpflicht?\u201c stellte der Welt\u00e4rztebund-Vorsitzende Prof. Frank Ulrich Montgomery Ungeimpfte regelrecht an den Pranger: \u201eMomentan erleben wir ja wirklich eine Tyrannei der Ungeimpften, die \u00fcber das Zweidrittel der Geimpften bestimmen und uns diese ganzen Ma\u00dfnahmen aufoktroyieren\u201c. Sozialethiker Prof. Martin Booms dazu: \u201eWir m\u00fcssen insgesamt aufh\u00f6ren, Gruppen in der Gesellschaft zu moralisieren und gegeneinander auszuspielen.\u201c<a href=\"#_ftn48\" name=\"_ftnref48\">[48]<\/a> \u201eDer Umgangston eskaliert\u201c, stellte Frank Menke im WDR n\u00fcchtern fest.<a href=\"#_ftn49\" name=\"_ftnref49\">[49]<\/a><\/p>\n<p>Montgomery aber bleibt auch auf Nachfrage bei seinem absurden Ausfall und schw\u00e4rmt von Italien: \u201eWer sich dort partout nicht impfen lasse, m\u00fcsse eben damit rechnen, seinen Job zu verlieren.\u201c <a href=\"#_ftn50\" name=\"_ftnref50\">[50]<\/a> F\u00fcr die <em>\u00c4rztezeitung<\/em> ist dies \u201eder Zorn der Vern\u00fcnftigen\u201c gegen \u201eeine Minderheit von Querulanten und Gleichg\u00fcltigen\u201c.<a href=\"#_ftn51\" name=\"_ftnref51\">[51]<\/a> Und auch ein Foul gegen Joshua Kimmich l\u00e4sst er sich nicht entgehen: \u201eer d\u00fcrfe nicht auflaufen, bis er in der Situation ist, dass er niemanden anders gef\u00e4hrdet&#8220;.<a href=\"#_ftn52\" name=\"_ftnref52\">[52]<\/a> Seine Ansage versch\u00e4rfte er laut <em>sport.de<\/em> noch: \u201eDass die Fans einige Stadien nur betreten d\u00fcrfen, wenn sie geimpft oder genesen sind, dies auf die Stars auf dem Rasen allerdings nicht zutrifft, ist f\u00fcr Montgomery nicht nachvollziehbar. Von der Bundesliga fordert der 69-J\u00e4hrige daher eine eindeutige Regelung: \u201aIch erkenne da einen Widerspruch, den sollte die Bundesliga aufl\u00f6sen und ungeimpfte Spieler dort nicht spielen lassen\u2018\u201c.<a href=\"#_ftn53\" name=\"_ftnref53\">[53]<\/a><\/p>\n<p>Diese Diskussion \u00fcber \u201eSpielverbote f\u00fcr Nichtgeimpfte\u201c nahm wieder Fahrt auf, nachdem in der deutschen Fu\u00dfball-Nationalmannschaft vor dem WM-Qualifikationsspiel der Abwehrspieler Niklas S\u00fcle positiv auf das <a href=\"https:\/\/www.zdf.de\/nachrichten\/thema\/coronavirus-covid-19-100.html\">Coronavirus<\/a> getestet worden war.<a href=\"#_ftn54\" name=\"_ftnref54\">[54]<\/a> Das Dumme ist blo\u00df, dass dieser Spieler doppelt geimpft ist. Prompt wurde der \u00f6ffentliche Zorn umgelenkt, auf nicht geimpfte Spieler, die als \u201eKontakte\u201c von S\u00fcle auch nach Hause fahren mussten. Noch d\u00fcmmer: ausgerechnet die f\u00fcnf ungeimpften Bayern-Spieler wurden allesamt negativ PCR-getestet.<a href=\"#_ftn55\" name=\"_ftnref55\">[55]<\/a><\/p>\n<p>Das ficht aber notorische Hetzer wie den Sportjournalisten Jan Christian M\u00fcller von der <em>Frankfurter Rundschau <\/em>gar nicht an: in den Pressekonferenzen des DFB am 09. und 10.11.2021 wollte er mit provokanten Fragen Druck auf die Verantwortlichen Hansi Flick, Oliver Bierhoff, Prof. Dr. Tim Meyer und Thomas M\u00fcller aus\u00fcben, eine Impfflicht f\u00fcr Spieler zu verh\u00e4ngen.<a href=\"#_ftn56\" name=\"_ftnref56\">[56]<\/a> In seinem irrigerweise \u201elinks-liberal\u201c eingesch\u00e4tzten Blatt vertritt er den \u201eGrundsatz, dass zu einem professionellen Ablauf bei einem Hochleistungsteam wie der Nationalmannschaft ein optimaler Gesundheitsschutz inklusive s\u00e4mtlicher notwendiger Impfungen vorausgesetzt werden muss. Stattdessen h\u00f6rte man von Bierhoff lapidare Bemerkungen ohne Vorbildcharakter.\u201c <a href=\"#_ftn57\" name=\"_ftnref57\">[57]<\/a> Dabei w\u00e4re es doch h\u00f6chste Zeit, dass Impf-Fanatiker wie J. C. M\u00fcller ob ihrer unerf\u00fcllten Versprechen \u00fcber den \u201eSchutz durch die Impfung\u201c allm\u00e4hlich selbst in Sack und Asche gingen.<\/p>\n<p>Zur\u00fcck zu unserem ausgerasteten Professor. Tage vor seinem bemerkenswerten Auftritt schrieb ihm der Autor dieser Zeilen eine E-Mail:<\/p>\n<p style=\"padding-left: 40px;\"><span style=\"font-size: 10pt;\"><strong>Betreff: <\/strong>Ihr wiederholter Impf-Appell<\/span><br \/>\n<span style=\"font-size: 10pt;\"><strong>Datum: <\/strong>Thu, 28 Oct 2021 14:41:15 +0200<\/span><br \/>\n<span style=\"font-size: 10pt;\"><strong>Von: <\/strong>Klaus Hartmann &lt;vorstand@freidenker.de&gt;<\/span><br \/>\n<span style=\"font-size: 10pt;\"><strong>An: <\/strong>wma@montgomery.de<br \/>\n<\/span>&#8212;&#8212;&#8211;<\/p>\n<p style=\"padding-left: 40px;\">Sehr geehrter Herr Prof. Dr. Montgomery,<\/p>\n<p style=\"padding-left: 40px;\">w\u00f6chentlich erklingen gef\u00fchlt mehrere Hundert solcher Appelle und Aufforderungen zu einer &#8222;hohen Durchimpfung der Bev\u00f6lkerung&#8220;. Ich m\u00f6chte Ihnen versichern, dass es mir an Impfbereitschaft nicht mangelt, auch nicht gegen Sars CoV2. Jedoch stelle ich die Gegenfrage:<\/p>\n<p style=\"padding-left: 40px;\">Ist es m\u00f6glich, eine Impfung mit<\/p>\n<ul>\n<li style=\"list-style-type: none;\">\n<ul>\n<li>NVX-CoV 2373 von Novavax<\/li>\n<li>Vero von Sinopharm<\/li>\n<li>Coronavac von Sinovac Biotech<\/li>\n<li>EpiVac-Corona vom Vektor-Institut<\/li>\n<li>CoviVac vom Tschumakow-Forschungszentrum<\/li>\n<li>Abdala von Biocubafarma<\/li>\n<li>SP0253 von Sanofi\/GSK<\/li>\n<li>VLA2001 von Valneva<\/li>\n<\/ul>\n<\/li>\n<\/ul>\n<p style=\"padding-left: 40px;\">zu erhalten? Oder sollte dies in absehbarer Zeit m\u00f6glich sein? Und wo? Falls jedoch &#8222;nein&#8220;, warum nicht?<\/p>\n<p style=\"padding-left: 40px;\">Um noch mal auf meine Impfbereitschaft zur\u00fcckzukommen: Sie besteht gegen\u00fcber Impfstoffen auf Grundlage erprobter und bew\u00e4hrter Impfstofftechnologie, sie gilt nicht f\u00fcr die experimentelle Verabreichung von Gen-Cocktails.<\/p>\n<p style=\"padding-left: 40px;\">In Erwartung einer hoffnungmachenden Antwort,<\/p>\n<p style=\"padding-left: 40px;\">Hochachtungsvoll<\/p>\n<p style=\"padding-left: 40px;\">Klaus Hartmann<\/p>\n<p>Da keine Antwort einging, erhielt er am Tag nach seinem Auftritt eine Erinnerung:<\/p>\n<p style=\"padding-left: 40px;\"><span style=\"font-size: 10pt;\"><strong>Von:<\/strong> Klaus Hartmann &lt;vorstand@freidenker.de&gt;<\/span><br \/>\n<span style=\"font-size: 10pt;\"><strong>Gesendet:<\/strong> Montag, 8. November 2021 08:31<\/span><br \/>\n<span style=\"font-size: 10pt;\"><strong>An:<\/strong> wma@montgomery.de<\/span><br \/>\n<span style=\"font-size: 10pt;\"><strong>Betreff:<\/strong> Fwd: Ihr wiederholter Impf-Appell &#8211; Erinnerung<br \/>\n&#8212;&#8212;&#8211;<\/span><\/p>\n<p style=\"padding-left: 40px;\">Sehr geehrter Herr Prof. Dr. Montgomery,<\/p>\n<p style=\"padding-left: 40px;\">ich erlaube mir, Sie an die ausstehende Beantwortung meiner Mail vom 28.10.2021 zu erinnern.<\/p>\n<p style=\"padding-left: 40px;\">Zwar kann ich nachempfinden, dass die Teilnahme an diversen Talkshows zeitraubend ist, aber wenn Sie sich dort (<em>Anne Will<\/em>, 07.11.2021) zu \u00c4u\u00dferungen hinrei\u00dfen lassen wie einer <strong>Tyrannei der Ungeimpften, die \u00fcber das Zweidrittel der Geimpften bestimmen und uns diese ganzen Ma\u00dfnahmen aufoktroyieren!<\/strong> &#8211; was ja hart an der Grenze zur Hatespeech entlangschrammt, ist es sicher nicht unbillig zu erwarten, dass nach Abklingen solcher Erregung auch wieder eine Hinwendung zur sachlich-fachlichen Seite Ihres Metiers stattfinden sollte. Abgesehen davon, dass &#8222;aufoktroyieren&#8220; einen Pleonasmus darstellt, und oktroyieren voll ausgereicht h\u00e4tte.<\/p>\n<p style=\"padding-left: 40px;\">Falls es Ihnen die Beantwortung meiner Frage erleichtert, erg\u00e4nze ich die bereits mitgeteilte Liste noch um die Vakzine Soberana 02 und Soberana Plus vom Instituto Finlay de Vacunas.<\/p>\n<p style=\"padding-left: 40px;\">Hochachtungsvoll<\/p>\n<p style=\"padding-left: 40px;\">Klaus Hartmann<\/p>\n<p>Daraufhin kam dann postwendend diese Reaktion:<\/p>\n<p style=\"padding-left: 40px;\"><span style=\"font-size: 10pt;\"><strong>Betreff: <\/strong>AW: Ihr wiederholter Impf-Appell &#8211; Erinnerung<\/span><br \/>\n<span style=\"font-size: 10pt;\"><strong>Datum: <\/strong>Mon, 8 Nov 2021 09:36:11 +0100<\/span><br \/>\n<span style=\"font-size: 10pt;\"><strong>Von: <\/strong>wma@montgomery.de<\/span><br \/>\n<span style=\"font-size: 10pt;\"><strong>An: <\/strong>&#8218;Klaus Hartmann&#8216; &lt;vorstand@freidenker.de&gt;<br \/>\n&#8212;&#8212;&#8211;<\/span><\/p>\n<p style=\"padding-left: 40px;\">Ich habe \u00fcberhaupt nicht vor Ihre Anfrage zu beantworten.<\/p>\n<p style=\"padding-left: 40px;\">Es gibt zugelassene, sichere und wirksame Impfstoffe in der Europ\u00e4ischen Union.<\/p>\n<p style=\"padding-left: 40px;\">Sie wollen doch nur von Ihrem Impfdef\u00e4tismus mit solchen Nebelkerzenlisten ablenken.<\/p>\n<p style=\"padding-left: 40px;\">Lassen Sie sich impfen! Impfstoff ist genug vorhanden<\/p>\n<p style=\"padding-left: 40px;\"><strong>Prof. Dr. Frank Ulrich Montgomery<br \/>\n<\/strong><strong>Pr\u00e4sident des St\u00e4ndigen Ausschuss der \u00c4rzte der EU (CPME)<br \/>\n<\/strong><strong>Vorsitzender des Vorstands, Welt\u00e4rztebund (WMA)<br \/>\n<\/strong><strong>Ehren-Pr\u00e4sident der Bundes\u00e4rztekammer und der \u00c4rztekammer Hamburg<\/strong><\/p>\n<p>Was uns zeigt: W\u00fctender noch als \u00fcber jene, die jede Impfung (gegen Corona) ablehnen, fallen die Faschisierer \u00fcber diejenigen her, die Impfstoffe auf erprobter technologischer Basis verlangen. Damit geben sie zu erkennen, dass sie als Dr\u00fcckerkolonne des NATO-Impfkartells unterwegs sind.<\/p>\n<p>Oskar Lafontaine zieht daraus das folgende Fazit: \u201eDas unertr\u00e4gliche Geschw\u00e4tz \u00fcber die \u201aPandemie der Ungeimpften\u2018 f\u00e4llt auf Merkel, Spahn und Co zur\u00fcck. Indem sie nichts daf\u00fcr getan haben, dass in Deutschland, wie in vielen anderen L\u00e4ndern der Welt, ein klassischer Impfstoff eingesetzt werden kann, um die Erkrankung durch das Corona-Virus zu bek\u00e4mpfen, geh\u00f6ren sie auf ihre Art auch zu den Impf-Verweigerern.<\/p>\n<p>Von den chinesischen klassischen Impfstoffen CoronaVac und Sinopharm wurden rund 3,5 Milliarden Impfdosen und damit weltweit fast die H\u00e4lfte aller Covid-19-Impfdosen verabreicht. Der insgesamt am meisten eingesetzte Impfstoff CoronaVac kommt mittlerweile in mehr als 50 L\u00e4ndern zum Einsatz. Warum nicht in Deutschland und Europa? Die Pr\u00e4sidentin der Zulassungsbeh\u00f6rde EMA Emer Cooke war jahrelang auf europ\u00e4ischer Ebene Lobbyistin f\u00fcr die Pharmakonzerne Pfizer und AstraZeneca. Wenn man den Bock zum G\u00e4rtner macht, dann darf man sich nicht wundern, dass klassische Impfstoffe in Europa und Deutschland nicht eingesetzt werden.\u201c<a href=\"#_ftn58\" name=\"_ftnref58\">[58]<\/a><\/p>\n<p style=\"text-align: center;\"><strong>*<\/strong><\/p>\n<p>Zu Prof. Montgomery schweigt ansonsten des S\u00e4ngers H\u00f6flichkeit. Nicht so zur Anne Will-Sendung mit Wagenknecht und Lauterbach. Die hat unsere in Freundschaft verbundene Textdichterin Lucie Sponheimer dazu veranlasst, einen Hit der Spider Murphy Gang umzutexten: \u201e<a href=\"https:\/\/www.freidenker.org\/?p=11619\">Skandal beim Impfzirkus<\/a>\u201c.<\/p>\n<p style=\"text-align: right;\"><em>Klaus Hartmann ist stellvertretender Vorsitzender des Deutschen Freidenker-Verbandes<\/em><\/p>\n<p><strong>Quellen<\/strong><\/p>\n<p><a href=\"#_ftnref1\" name=\"_ftn1\">[1]<\/a> <a href=\"https:\/\/www.tagesspiegel.de\/berlin\/mueller-berichtet-ueber-einigung-im-senat-2g-regel-in-berlin-kommt-womoeglich-schon-am-wochenende\/27781494.html\">https:\/\/www.tagesspiegel.de\/berlin\/mueller-berichtet-ueber-einigung-im-senat-2g-regel-in-berlin-kommt-womoeglich-schon-am-wochenende\/27781494.html<\/a><\/p>\n<p><a href=\"#_ftnref2\" name=\"_ftn2\">[2]<\/a> <a href=\"https:\/\/de.rt.com\/inland\/126781-leiter-berliner-krisenstabs-seibert-fordert\/\">https:\/\/de.rt.com\/inland\/126781-leiter-berliner-krisenstabs-seibert-fordert\/<\/a><\/p>\n<p><a href=\"#_ftnref3\" name=\"_ftn3\">[3]<\/a> <a href=\"https:\/\/www.welt.de\/politik\/deutschland\/plus234193236\/Hans-Juergen-Papier-Vertrauen-in-Handlungsfaehigkeit-des-Staates-erschuettert.html\">https:\/\/www.welt.de\/politik\/deutschland\/plus234193236\/Hans-Juergen-Papier-Vertrauen-in-Handlungsfaehigkeit-des-Staates-erschuettert.html<\/a><\/p>\n<p><a href=\"#_ftnref4\" name=\"_ftn4\">[4]<\/a> <a href=\"https:\/\/www.t-online.de\/nachrichten\/deutschland\/id_91074918\/corona-lage-angela-merkel-will-starke-einschraenkungen-fuer-ungeimpfte-.htm\">https:\/\/www.t-online.de\/nachrichten\/deutschland\/id_91074918\/corona-lage-angela-merkel-will-starke-einschraenkungen-fuer-ungeimpfte-.htm<\/a><\/p>\n<p><a href=\"#_ftnref5\" name=\"_ftn5\">[5]<\/a> <a href=\"https:\/\/www.berliner-zeitung.de\/news\/sahra-wagenknecht-nein-zum-impfzwang-durch-die-hintertuer-li.178003\">https:\/\/www.berliner-zeitung.de\/news\/sahra-wagenknecht-nein-zum-impfzwang-durch-die-hintertuer-li.178003<\/a><\/p>\n<p><a href=\"#_ftnref6\" name=\"_ftn6\">[6]<\/a> <a href=\"https:\/\/www.n-tv.de\/wissen\/Corona-stuerzt-Millionen-in-die-Depression-article22856210.html\">https:\/\/www.n-tv.de\/wissen\/Corona-stuerzt-Millionen-in-die-Depression-article22856210.html<\/a><\/p>\n<p><a href=\"#_ftnref7\" name=\"_ftn7\">[7]<\/a> <a href=\"https:\/\/www.n-tv.de\/panorama\/Lockdown-macht-Kinder-psychisch-krank-article22853870.html\">https:\/\/www.n-tv.de\/panorama\/Lockdown-macht-Kinder-psychisch-krank-article22853870.html<\/a><\/p>\n<p><a href=\"#_ftnref8\" name=\"_ftn8\">[8]<\/a> <a href=\"https:\/\/www.maz-online.de\/Brandenburg\/Essstoerungen-bei-Kindern-Die-Wartelisten-werden-laenger\">https:\/\/www.maz-online.de\/Brandenburg\/Essstoerungen-bei-Kindern-Die-Wartelisten-werden-laenger<\/a><\/p>\n<p><a href=\"#_ftnref9\" name=\"_ftn9\">[9]<\/a> <a href=\"https:\/\/www.neuepresse.de\/Hannover\/Meine-Stadt\/Medienkonsum-der-Kinder-in-der-Pandemie-Experte-aus-Hannover-schlaegt-Alarm\">https:\/\/www.neuepresse.de\/Hannover\/Meine-Stadt\/Medienkonsum-der-Kinder-in-der-Pandemie-Experte-aus-Hannover-schlaegt-Alarm<\/a><\/p>\n<p><a href=\"#_ftnref10\" name=\"_ftn10\">[10]<\/a> <a href=\"https:\/\/www.zeit.de\/gesellschaft\/2021-05\/coronavirus-massnahmen-kinder-jugendaerzte-schuloeffnungen-kita-suizidgefahr-depression\">https:\/\/www.zeit.de\/gesellschaft\/2021-05\/coronavirus-massnahmen-kinder-jugendaerzte-schuloeffnungen-kita-suizidgefahr-depression<\/a><\/p>\n<p><a href=\"#_ftnref11\" name=\"_ftn11\">[11]<\/a> <a href=\"https:\/\/www.deutschlandfunk.de\/sportvereine-die-zahl-der-mitglieder-schrumpft.890.de.html?dram:article_id=504516\">https:\/\/www.deutschlandfunk.de\/sportvereine-die-zahl-der-mitglieder-schrumpft.890.de.html?dram:article_id=504516<\/a><\/p>\n<p><a href=\"#_ftnref12\" name=\"_ftn12\">[12]<\/a> <a href=\"https:\/\/www.zdf.de\/nachrichten\/panorama\/nichtschwimmer-corona-kinder-100.html\">https:\/\/www.zdf.de\/nachrichten\/panorama\/nichtschwimmer-corona-kinder-100.html<\/a><\/p>\n<p><a href=\"#_ftnref13\" name=\"_ftn13\">[13]<\/a> <a href=\"https:\/\/www.ndr.de\/nachrichten\/hamburg\/coronavirus\/St-Pauli-Corona-Ausbruch-in-Bar-mit-2G-Regeln,corona8844.html\">https:\/\/www.ndr.de\/nachrichten\/hamburg\/coronavirus\/St-Pauli-Corona-Ausbruch-in-Bar-mit-2G-Regeln,corona8844.html<\/a><\/p>\n<p><a href=\"#_ftnref14\" name=\"_ftn14\">[14]<\/a> <a href=\"https:\/\/www.ndr.de\/nachrichten\/hamburg\/coronavirus\/Tschentscher-fuer-2G-Optionsmodell-in-ganz-Deutschland,tschentscher972.html\">https:\/\/www.ndr.de\/nachrichten\/hamburg\/coronavirus\/Tschentscher-fuer-2G-Optionsmodell-in-ganz-Deutschland,tschentscher972.html<\/a><\/p>\n<p><a href=\"#_ftnref15\" name=\"_ftn15\">[15]<\/a> <a href=\"https:\/\/www.deutschlandfunk.de\/corona-pandemie-virologe-schmidt-chanasit-gegen-umfassende.1939.de.html?drn:news_id=1319299\">https:\/\/www.deutschlandfunk.de\/corona-pandemie-virologe-schmidt-chanasit-gegen-umfassende.1939.de.html?drn:news_id=1319299<\/a><\/p>\n<p><a href=\"#_ftnref16\" name=\"_ftn16\">[16]<\/a> <a href=\"https:\/\/www.zeit.de\/politik\/deutschland\/2021-11\/kostenpflichtige-corona-tests-teststrategie-corona-massnahmen-impfanreiz-ungeimpfte\">https:\/\/www.zeit.de\/politik\/deutschland\/2021-11\/kostenpflichtige-corona-tests-teststrategie-corona-massnahmen-impfanreiz-ungeimpfte<\/a><\/p>\n<p><a href=\"#_ftnref17\" name=\"_ftn17\">[17]<\/a> <a href=\"https:\/\/www.t-online.de\/nachrichten\/deutschland\/id_91101102\/bundesaerztekammer-will-rueckkehr-zu-kostenlosen-schnelltests.html\">https:\/\/www.t-online.de\/nachrichten\/deutschland\/id_91101102\/bundesaerztekammer-will-rueckkehr-zu-kostenlosen-schnelltests.html<\/a><\/p>\n<p><a href=\"#_ftnref18\" name=\"_ftn18\">[18]<\/a>\u00b0<a href=\"https:\/\/www.morgenpost.de\/vermischtes\/article233499177\/marc-pilcher-tod-corona-impfung-bridgerton-stylist-emmy-gewinner.html\">https:\/\/www.morgenpost.de\/vermischtes\/article233499177\/marc-pilcher-tod-corona-impfung-bridgerton-stylist-emmy-gewinner.html<\/a><\/p>\n<p><a href=\"#_ftnref19\" name=\"_ftn19\">[19]<\/a> <a href=\"https:\/\/www.tagesschau.de\/ausland\/amerika\/powell-157.html\">https:\/\/www.tagesschau.de\/ausland\/amerika\/powell-157.html<\/a><\/p>\n<p><a href=\"#_ftnref20\" name=\"_ftn20\">[20]<\/a> <a href=\"https:\/\/www.heise.de\/tp\/features\/Sind-die-Ungeimpften-schuld-6233795.html?seite=all\">https:\/\/www.heise.de\/tp\/features\/Sind-die-Ungeimpften-schuld-6233795.html?seite=all<\/a><\/p>\n<p><a href=\"#_ftnref21\" name=\"_ftn21\">[21]<\/a> <a href=\"https:\/\/www.sueddeutsche.de\/politik\/spahn-erleben-gerade-eine-pandemie-der-ungeimpften-1.5455273\">https:\/\/www.sueddeutsche.de\/politik\/spahn-erleben-gerade-eine-pandemie-der-ungeimpften-1.5455273<\/a><\/p>\n<p><a href=\"#_ftnref22\" name=\"_ftn22\">[22]<\/a> <a href=\"https:\/\/www.berliner-zeitung.de\/news\/wagenknecht-bezeichnung-pandemie-der-ungeimpften-ist-ueble-stimmungsmache-li.189548\">https:\/\/www.berliner-zeitung.de\/news\/wagenknecht-bezeichnung-pandemie-der-ungeimpften-ist-ueble-stimmungsmache-li.189548<\/a><\/p>\n<p><a href=\"#_ftnref23\" name=\"_ftn23\">[23]<\/a>\u00b0<a href=\"https:\/\/news.google.com\/articles\/CAIiEC8YpjGQkqRgr349avNF30gqMwgEKioIACIQWTDD9uTgfjNoqHbA2go_syoUCAoiEFkww_bk4H4zaKh2wNoKP7Mwj_frBg?hl=de&amp;gl=DE&amp;ceid=DE%3Ade\">https:\/\/news.google.com\/articles\/CAIiEC8YpjGQkqRgr349avNF30gqMwgEKioIACIQWTDD9uTgfjNoqHbA2go_syoUCAoiEFkww_bk4H4zaKh2wNoKP7Mwj_frBg?hl=de&amp;gl=DE&amp;ceid=DE%3Ade<\/a><\/p>\n<p><a href=\"#_ftnref24\" name=\"_ftn24\">[24]<\/a> <a href=\"https:\/\/www.tagesspiegel.de\/wissen\/90-prozent-der-covid-19-intensivpatienten-ungeimpft-mediziner-draengen-auf-deutlich-hoehere-impfquote-bis-oktober\/27581260.html\">https:\/\/www.tagesspiegel.de\/wissen\/90-prozent-der-covid-19-intensivpatienten-ungeimpft-mediziner-draengen-auf-deutlich-hoehere-impfquote-bis-oktober\/27581260.html<\/a><\/p>\n<p><a href=\"#_ftnref25\" name=\"_ftn25\">[25]<\/a> <a href=\"https:\/\/www.ruhrnachrichten.de\/regionales\/1-078-menschen-sind-inzwischen-trotz-vollstaendiger-impfung-an-oder-mit-corona-gestorben-w1689447-p-2000353893\/\">https:\/\/www.ruhrnachrichten.de\/regionales\/1-078-menschen-sind-inzwischen-trotz-vollstaendiger-impfung-an-oder-mit-corona-gestorben-w1689447-p-2000353893\/<\/a><\/p>\n<p><a href=\"#_ftnref26\" name=\"_ftn26\">[26]<\/a> <a href=\"https:\/\/www.rtl.de\/cms\/pandemie-der-ungeimpften-virologe-prof-hendrik-streeck-wir-sind-alle-teil-der-pandemie-4859371.html\">https:\/\/www.rtl.de\/cms\/pandemie-der-ungeimpften-virologe-prof-hendrik-streeck-wir-sind-alle-teil-der-pandemie-4859371.html<\/a><\/p>\n<p><a href=\"#_ftnref27\" name=\"_ftn27\">[27]<\/a> <a href=\"https:\/\/www.focus.de\/corona-virus\/pandemie-zu-der-alle-beitragen-drosten-stellt-klar-pandemie-der-ungeimpften-ist-vollkommen-falsch_id_24417612.html\">https:\/\/www.focus.de\/corona-virus\/pandemie-zu-der-alle-beitragen-drosten-stellt-klar-pandemie-der-ungeimpften-ist-vollkommen-falsch_id_24417612.html<\/a><\/p>\n<p><a href=\"#_ftnref28\" name=\"_ftn28\">[28]<\/a> <a href=\"https:\/\/www.n-tv.de\/wissen\/Wir-werden-eine-Welle-der-Geimpften-bekommen-article22873906.html\">https:\/\/www.n-tv.de\/wissen\/Wir-werden-eine-Welle-der-Geimpften-bekommen-article22873906.html<\/a><\/p>\n<p><a href=\"#_ftnref29\" name=\"_ftn29\">[29]<\/a> <a href=\"https:\/\/www.welt.de\/politik\/deutschland\/article234938638\/Soeder-zu-Corona-Impfung-Man-sollte-ueberlegen-ob-nach-9-Monaten-Geimpften-Status-nicht-mehr-gilt.html\">https:\/\/www.welt.de\/politik\/deutschland\/article234938638\/Soeder-zu-Corona-Impfung-Man-sollte-ueberlegen-ob-nach-9-Monaten-Geimpften-Status-nicht-mehr-gilt.html<\/a><\/p>\n<p><a href=\"#_ftnref30\" name=\"_ftn30\">[30]<\/a> <a href=\"https:\/\/www.t-online.de\/gesundheit\/krankheiten-symptome\/id_91106756\/booster-impfung-coronavirus-wann-endet-der-offizielle-impfstatus-.html\">https:\/\/www.t-online.de\/gesundheit\/krankheiten-symptome\/id_91106756\/booster-impfung-coronavirus-wann-endet-der-offizielle-impfstatus-.html<\/a><\/p>\n<p><a href=\"#_ftnref31\" name=\"_ftn31\">[31]<\/a> <a href=\"https:\/\/www.finanzen.net\/nachricht\/aktien\/zahlen-vorgelegt-biontech-verdient-deutlich-mehr-biontech-aktie-gibt-ab-10721891\">https:\/\/www.finanzen.net\/nachricht\/aktien\/zahlen-vorgelegt-biontech-verdient-deutlich-mehr-biontech-aktie-gibt-ab-10721891<\/a><\/p>\n<p><a href=\"#_ftnref32\" name=\"_ftn32\">[32]<\/a> <a href=\"https:\/\/www.t-online.de\/sport\/fussball\/bundesliga\/id_91021570\/joshua-kimmich-bestaetigt-fc-bayern-star-noch-nicht-gegen-corona-geimpft.html\">https:\/\/www.t-online.de\/sport\/fussball\/bundesliga\/id_91021570\/joshua-kimmich-bestaetigt-fc-bayern-star-noch-nicht-gegen-corona-geimpft.html<\/a><\/p>\n<p><a href=\"#_ftnref33\" name=\"_ftn33\">[33]<\/a> <a href=\"https:\/\/www.berliner-zeitung.de\/news\/joshua-kimmich-erklaert-sehr-rational-warum-er-mit-corona-impfung-wartet-li.190525\">https:\/\/www.berliner-zeitung.de\/news\/joshua-kimmich-erklaert-sehr-rational-warum-er-mit-corona-impfung-wartet-li.190525<\/a><\/p>\n<p><a href=\"#_ftnref34\" name=\"_ftn34\">[34]<\/a> <a href=\"https:\/\/www.rtl.de\/cms\/joshua-kimmich-bestaetigt-dass-er-nicht-gegen-corona-geimpft-ist-ich-bin-kein-impfgegner-4853438.html\">https:\/\/www.rtl.de\/cms\/joshua-kimmich-bestaetigt-dass-er-nicht-gegen-corona-geimpft-ist-ich-bin-kein-impfgegner-4853438.html<\/a><\/p>\n<p><a href=\"#_ftnref35\" name=\"_ftn35\">[35]<\/a> <a href=\"https:\/\/www.welt.de\/politik\/deutschland\/article234648386\/Oskar-Lafontaine-zur-Impf-Debatte-Kimmich-kann-klar-denken-und-hat-recht.html?wtrid=kooperation.reco.taboola.free.welt.desktop\">https:\/\/www.welt.de\/politik\/deutschland\/article234648386\/Oskar-Lafontaine-zur-Impf-Debatte-Kimmich-kann-klar-denken-und-hat-recht.html?wtrid=kooperation.reco.taboola.free.welt.desktop<\/a><\/p>\n<p><a href=\"#_ftnref36\" name=\"_ftn36\">[36]<\/a> <a href=\"https:\/\/www.t-online.de\/nachrichten\/deutschland\/id_91065452\/-anne-will-impfskeptikerin-sahra-wagenknecht-gegen-den-rest.html\">https:\/\/www.t-online.de\/nachrichten\/deutschland\/id_91065452\/-anne-will-impfskeptikerin-sahra-wagenknecht-gegen-den-rest.html<\/a><\/p>\n<p><a href=\"#_ftnref37\" name=\"_ftn37\">[37]<\/a> <a href=\"https:\/\/www.n-tv.de\/politik\/Impf-Nebenwirkungen-Das-sind-Raeuberpistolen-article22899581.html\">https:\/\/www.n-tv.de\/politik\/Impf-Nebenwirkungen-Das-sind-Raeuberpistolen-article22899581.html<\/a><\/p>\n<p><a href=\"#_ftnref38\" name=\"_ftn38\">[38]<\/a> ebenda<\/p>\n<p><a href=\"#_ftnref39\" name=\"_ftn39\">[39]<\/a> <a href=\"https:\/\/www.tagesspiegel.de\/politik\/anne-will-debatte-ueber-vierte-corona-welle-ist-es-richtig-die-tore-nur-noch-fuer-geimpfte-zu-oeffnen\/27756330.html\">https:\/\/www.tagesspiegel.de\/politik\/anne-will-debatte-ueber-vierte-corona-welle-ist-es-richtig-die-tore-nur-noch-fuer-geimpfte-zu-oeffnen\/27756330.html<\/a><\/p>\n<p><a href=\"#_ftnref40\" name=\"_ftn40\">[40]<\/a> <a href=\"https:\/\/web.de\/magazine\/unterhaltung\/satirischer-wochenrueckblick\/satirischer-wochenrueckblick-wagenknecht-lauterbach-wetten-nostalgie-ostalgie-idiotie-36325200\">https:\/\/web.de\/magazine\/unterhaltung\/satirischer-wochenrueckblick\/satirischer-wochenrueckblick-wagenknecht-lauterbach-wetten-nostalgie-ostalgie-idiotie-36325200<\/a><\/p>\n<p><a href=\"#_ftnref41\" name=\"_ftn41\">[41]<\/a> <a href=\"https:\/\/www.stern.de\/politik\/anne-will--sahra-wagenknecht-sorgt-mit-corona-thesen-fuer-kopfschuetteln-30882764.html\">https:\/\/www.stern.de\/politik\/anne-will&#8211;sahra-wagenknecht-sorgt-mit-corona-thesen-fuer-kopfschuetteln-30882764.html<\/a><\/p>\n<p><a href=\"#_ftnref42\" name=\"_ftn42\">[42]<\/a> <a href=\"https:\/\/www.welt.de\/politik\/deutschland\/article234771934\/Corona-Impfung-Schaeme-mich-Heftige-Kritik-aus-eigener-Partei-an-Wagenknecht.html\">https:\/\/www.welt.de\/politik\/deutschland\/article234771934\/Corona-Impfung-Schaeme-mich-Heftige-Kritik-aus-eigener-Partei-an-Wagenknecht.html<\/a><\/p>\n<p><a href=\"#_ftnref43\" name=\"_ftn43\">[43]<\/a> <a href=\"https:\/\/web.de\/magazine\/news\/coronavirus\/corona-news-ticker-anklage-aerztin-falscher-corona-atteste-36288408\">https:\/\/web.de\/magazine\/news\/coronavirus\/corona-news-ticker-anklage-aerztin-falscher-corona-atteste-36288408<\/a><\/p>\n<p><a href=\"#_ftnref44\" name=\"_ftn44\">[44]<\/a> <a href=\"https:\/\/www.welt.de\/politik\/deutschland\/article234771934\/Corona-Impfung-Schaeme-mich-Heftige-Kritik-aus-eigener-Partei-an-Wagenknecht.html\">https:\/\/www.welt.de\/politik\/deutschland\/article234771934\/Corona-Impfung-Schaeme-mich-Heftige-Kritik-aus-eigener-Partei-an-Wagenknecht.html<\/a><\/p>\n<p><a href=\"#_ftnref45\" name=\"_ftn45\">[45]<\/a> <a href=\"https:\/\/www.shz.de\/deutschland-welt\/politik\/Streit-ueber-Impfschaeden-Mehrheit-steht-auf-Seite-von-Sahra-Wagenknecht-id34198017.html\">https:\/\/www.shz.de\/deutschland-welt\/politik\/Streit-ueber-Impfschaeden-Mehrheit-steht-auf-Seite-von-Sahra-Wagenknecht-id34198017.html<\/a><\/p>\n<p><a href=\"#_ftnref46\" name=\"_ftn46\">[46]<\/a> <a href=\"https:\/\/www.spiegel.de\/politik\/deutschland\/corona-karl-lauterbach-kritisiert-sahra-wagenknecht-fuer-impf-aussagen-a-46230072-e934-4263-8b11-9cde23001116\">https:\/\/www.spiegel.de\/politik\/deutschland\/corona-karl-lauterbach-kritisiert-sahra-wagenknecht-fuer-impf-aussagen-a-46230072-e934-4263-8b11-9cde23001116<\/a><\/p>\n<p><a href=\"#_ftnref47\" name=\"_ftn47\">[47]<\/a> <a href=\"https:\/\/www.welt.de\/politik\/deutschland\/plus234920958\/Stefan-Aust-zu-Corona-Auch-dreifach-geimpft-werden-Aeltere-nicht-unsterblich.html\">https:\/\/www.welt.de\/politik\/deutschland\/plus234920958\/Stefan-Aust-zu-Corona-Auch-dreifach-geimpft-werden-Aeltere-nicht-unsterblich.html<\/a><\/p>\n<p><a href=\"#_ftnref48\" name=\"_ftn48\">[48]<\/a> <a href=\"https:\/\/www.tagesschau.de\/regional\/nordrheinwestfalen\/wdr-story-43905.html\">https:\/\/www.tagesschau.de\/regional\/nordrheinwestfalen\/wdr-story-43905.html<\/a><\/p>\n<p><a href=\"#_ftnref49\" name=\"_ftn49\">[49]<\/a> <a href=\"https:\/\/www1.wdr.de\/nachrichten\/corona-spaltung-geimpfte-ungeimpfte-100.html\">https:\/\/www1.wdr.de\/nachrichten\/corona-spaltung-geimpfte-ungeimpfte-100.html<\/a><\/p>\n<p><a href=\"#_ftnref50\" name=\"_ftn50\">[50]<\/a> <a href=\"https:\/\/www.spiegel.de\/kultur\/tv\/anne-will-mit-markus-soeder-der-absolute-ultraquatsch-der-impfgegner-a-219c1737-6332-4ead-8b7d-8debd1447691\">https:\/\/www.spiegel.de\/kultur\/tv\/anne-will-mit-markus-soeder-der-absolute-ultraquatsch-der-impfgegner-a-219c1737-6332-4ead-8b7d-8debd1447691<\/a><\/p>\n<p><a href=\"#_ftnref51\" name=\"_ftn51\">[51]<\/a> <a href=\"https:\/\/www.aerztezeitung.de\/Politik\/Tyrannei-der-Ungeimpften-Der-Zorn-der-Vernuenftigen-424260.html\">https:\/\/www.aerztezeitung.de\/Politik\/Tyrannei-der-Ungeimpften-Der-Zorn-der-Vernuenftigen-424260.html<\/a><\/p>\n<p><a href=\"#_ftnref52\" name=\"_ftn52\">[52]<\/a> <a href=\"https:\/\/www.watson.de\/unterhaltung\/936141892-anne-will-aerztepraesident-montgomery-sieht-tyrannei-der-ungeimpften\">https:\/\/www.watson.de\/unterhaltung\/936141892-anne-will-aerztepraesident-montgomery-sieht-tyrannei-der-ungeimpften<\/a><\/p>\n<p><a href=\"#_ftnref53\" name=\"_ftn53\">[53]<\/a> <a href=\"https:\/\/www.sport.de\/news\/ne4697486\/fc-bayern-aerztechef-fordert-spielverbot-fuer-joshua-kimmich-und-co\/\">https:\/\/www.sport.de\/news\/ne4697486\/fc-bayern-aerztechef-fordert-spielverbot-fuer-joshua-kimmich-und-co\/<\/a><\/p>\n<p><a href=\"#_ftnref54\" name=\"_ftn54\">[54]<\/a> <a href=\"https:\/\/www.zdf.de\/nachrichten\/sport\/fussball-nationalmannschaft-dfb-corona-100.html\">https:\/\/www.zdf.de\/nachrichten\/sport\/fussball-nationalmannschaft-dfb-corona-100.html<\/a><\/p>\n<p><a href=\"#_ftnref55\" name=\"_ftn55\">[55]<\/a> <a href=\"https:\/\/www.spox.com\/de\/sport\/fussball\/bundesliga\/fc-bayern\/2110\/Artikel\/fcb-muenchen-news-und-geruechte-alphonso-davies-fifa-hoffenheim.html\">https:\/\/www.spox.com\/de\/sport\/fussball\/bundesliga\/fc-bayern\/2110\/Artikel\/fcb-muenchen-news-und-geruechte-alphonso-davies-fifa-hoffenheim.html<\/a><\/p>\n<p><a href=\"#_ftnref56\" name=\"_ftn56\">[56]<\/a> <a href=\"https:\/\/tv.dfb.de\/video\/pressekonferenz-der-nationalmannschaft\/31877\/\">https:\/\/tv.dfb.de\/video\/pressekonferenz-der-nationalmannschaft\/31877\/<\/a> und <a href=\"https:\/\/tv.dfb.de\/video\/pressekonferenz-der-nationalmannschaft\/31889\/\">https:\/\/tv.dfb.de\/video\/pressekonferenz-der-nationalmannschaft\/31889\/<\/a><\/p>\n<p><a href=\"#_ftnref57\" name=\"_ftn57\">[57]<\/a> <a href=\"https:\/\/www.fr.de\/sport\/fussball\/oliver-bierhoff-unddie-frage-der-haltung-91112261.html\">https:\/\/www.fr.de\/sport\/fussball\/oliver-bierhoff-unddie-frage-der-haltung-91112261.html<\/a><\/p>\n<p><a href=\"#_ftnref58\" name=\"_ftn58\">[58]<\/a> <a href=\"https:\/\/linkezeitung.de\/2021\/11\/07\/oskar-lafontaine-die-impf-verweigerer-der-regierung\/comment-page-1\/\">https:\/\/linkezeitung.de\/2021\/11\/07\/oskar-lafontaine-die-impf-verweigerer-der-regierung\/comment-page-1\/<\/a><\/p>\n<p>&nbsp;<\/p>\n<hr \/>\n<p><span style=\"font-size: 10pt;\">Bild:\u00a0<a id=\"yui_3_16_0_1_1636894559639_248180\" class=\"owner-name truncate\" title=\"Geh zum Fotostream von Christoph Scholz\" href=\"https:\/\/www.flickr.com\/photos\/140988606@N08\/\" data-track=\"attributionNameClick\">Christoph Scholz<\/a>, Lizenz: <a href=\"https:\/\/creativecommons.org\/licenses\/by-sa\/2.0\/\" target=\"_blank\" rel=\"noopener\">CC BY-SA 2.0<\/a><\/span><br \/>\n<span style=\"font-size: 10pt;\">Quelle: <a href=\"https:\/\/www.flickr.com\/photos\/140988606@N08\/47520954421\/in\/photostream\/\" target=\"_blank\" rel=\"noopener\">https:\/\/www.flickr.com\/photos\/140988606@N08\/47520954421\/in\/photostream\/<\/a><\/span><\/p>\n","protected":false},"excerpt":{"rendered":"<p><b>Beitrag von Klaus Hartmann<\/b><br \/>\nDie Vergiftung des gesellschaftlichen Klimas, kulminierend in Willk\u00fcrma\u00dfnahmen und Hetze gegen \u201eNichtgeimpfte\u201c (gegen Corona), hat inzwischen ein Ausma\u00df erreicht, dass die immer emp\u00f6rt zur\u00fcckgewiesene Rede (der pauschal unter \u201eQuerdenker\u201c Subsummierten) von der \u201eCorona-Diktatur\u201c vergleichsweise niedlich und harmlos klingt. Leitmotiv: \u201eEs wird ungem\u00fctlicher und komplizierter, nicht geimpft zu sein\u201c, so Michael M\u00fcller (SPD), Berlins scheidender Regierender B\u00fcrgermeister.  Am 07.11.2021 war bereits der Leiter des Krisenstabs der Berliner Senatsverwaltung f\u00fcr Integration, Arbeit und Soziales, Mark Seibert (Die Linke) &#8230; , mit der Botschaft auff\u00e4llig geworden: \u201eF\u00fcr die Ungeimpften muss die Luft d\u00fcnner werden.\u201c K\u00f6nnen solche \u00c4u\u00dferungen als Nazi-Sympathie gedeutet werden?<\/p>\n","protected":false},"author":3,"featured_media":11620,"comment_status":"closed","ping_status":"closed","sticky":false,"template":"","format":"standard","meta":{"colormag_page_container_layout":"default_layout","colormag_page_sidebar_layout":"default_layout","advanced_seo_description":"","jetpack_seo_html_title":"","jetpack_seo_noindex":false,"jetpack_post_was_ever_published":false,"footnotes":""},"categories":[11,12],"tags":[1256,577,1357,1278,1450,1257,794],"class_list":["post-11614","post","type-post","status-publish","format-standard","has-post-thumbnail","hentry","category-arbeit-soziales","category-demokratie-medien-aufklaerung","tag-corona-virus","tag-gesundheitspolitik","tag-impfpflicht","tag-impfung","tag-medienanalyse","tag-pandemie","tag-rechtsstaatlichkeit"],"jetpack_featured_media_url":"https:\/\/i0.wp.com\/www.freidenker.org\/fw17\/wp-content\/uploads\/2021\/11\/impfzwang_800x450.jpg?fit=800%2C450&ssl=1","jetpack_shortlink":"https:\/\/wp.me\/p9stpK-31k","jetpack-related-posts":[{"id":10209,"url":"https:\/\/www.freidenker.org\/?p=10209","url_meta":{"origin":11614,"position":0},"title":"1. Mai in Offenbach: Auf die Stra\u00dfe","author":"Webredaktion","date":"7. Mai 2021","format":false,"excerpt":"Vielerorts hatte der DGB \"wegen Corona\" k\u00e4mpferische Mai-Kundgebungen und Demonstrationen abgesagt. Ausgegeben wurde die Losung \"Solidarit\u00e4t ist Zukunft\" mit dem r\u00e4tselhaften zweiten Teil: \"die Krise gerecht gestalten!\" Im DGB-Bezirk Hessen-Th\u00fcringen fanden gewerkschaftliche Kundgebungen an 36 Orten, haupts\u00e4chlich in gr\u00f6\u00dferen St\u00e4dten, statt. Inhaltlich waren sie \"durchwachsen\" ... Einen Lichtblick bot die\u2026","rel":"","context":"In &quot;Arbeit &amp; Soziales&quot;","block_context":{"text":"Arbeit &amp; Soziales","link":"https:\/\/www.freidenker.org\/?cat=11"},"img":{"alt_text":"","src":"https:\/\/i0.wp.com\/www.freidenker.org\/fw17\/wp-content\/uploads\/2021\/05\/2021-1.MaiOF-800x450-1.jpg?fit=800%2C450&ssl=1&resize=350%2C200","width":350,"height":200,"srcset":"https:\/\/i0.wp.com\/www.freidenker.org\/fw17\/wp-content\/uploads\/2021\/05\/2021-1.MaiOF-800x450-1.jpg?fit=800%2C450&ssl=1&resize=350%2C200 1x, https:\/\/i0.wp.com\/www.freidenker.org\/fw17\/wp-content\/uploads\/2021\/05\/2021-1.MaiOF-800x450-1.jpg?fit=800%2C450&ssl=1&resize=525%2C300 1.5x, https:\/\/i0.wp.com\/www.freidenker.org\/fw17\/wp-content\/uploads\/2021\/05\/2021-1.MaiOF-800x450-1.jpg?fit=800%2C450&ssl=1&resize=700%2C400 2x"},"classes":[]},{"id":8536,"url":"https:\/\/www.freidenker.org\/?p=8536","url_meta":{"origin":11614,"position":1},"title":"Video: Ruhige Worte zu aufregenden Zeiten","author":"Webredaktion","date":"15. August 2020","format":false,"excerpt":"Rede von Dagmar Henn Die durch Corona ausgel\u00f6sten Ver\u00e4nderungen betreffen viele Bereiche des Lebens. Die gesellschaftliche Stimmung ist aufgeheizt, ruhige und sachliche Diskussion ist kaum noch m\u00f6glich. Viele haben zu Recht Angst um ihre Existenz. Die Vorgaben, die -so wird es zumindest gesagt - der Pandemie geschuldet sind, greifen tief\u2026","rel":"","context":"In &quot;Arbeit &amp; Soziales&quot;","block_context":{"text":"Arbeit &amp; Soziales","link":"https:\/\/www.freidenker.org\/?cat=11"},"img":{"alt_text":"","src":"https:\/\/i0.wp.com\/www.freidenker.org\/fw17\/wp-content\/uploads\/2020\/08\/coronavirus-4914028_800x450.jpg?fit=800%2C450&ssl=1&resize=350%2C200","width":350,"height":200,"srcset":"https:\/\/i0.wp.com\/www.freidenker.org\/fw17\/wp-content\/uploads\/2020\/08\/coronavirus-4914028_800x450.jpg?fit=800%2C450&ssl=1&resize=350%2C200 1x, https:\/\/i0.wp.com\/www.freidenker.org\/fw17\/wp-content\/uploads\/2020\/08\/coronavirus-4914028_800x450.jpg?fit=800%2C450&ssl=1&resize=525%2C300 1.5x, https:\/\/i0.wp.com\/www.freidenker.org\/fw17\/wp-content\/uploads\/2020\/08\/coronavirus-4914028_800x450.jpg?fit=800%2C450&ssl=1&resize=700%2C400 2x"},"classes":[]},{"id":18797,"url":"https:\/\/www.freidenker.org\/?p=18797","url_meta":{"origin":11614,"position":2},"title":"Der Prozess gegen Dr. Reiner F\u00fcllmich","author":"Webredaktion","date":"14. April 2024","format":false,"excerpt":"Der Gr\u00fcnder des Corona-Ausschusses befindet sich seit Oktober 2023 in Untersuchungshaft Beitrag von Wolfgang Bittner Vor dem Landgericht G\u00f6ttingen findet seit Anfang Januar 2024 ein Strafprozess gegen den Gr\u00fcnder und ehemaligen Sprecher des Corona-Untersuchungsausschusses, Rechtsanwalt Dr. Reiner F\u00fcllmich, statt. Er wurde nach einer Anzeige wegen angeblicher Veruntreuung von Spendengeldern in\u2026","rel":"","context":"In &quot;Demokratie \u2013 Medien \u2013 Aufkl\u00e4rung&quot;","block_context":{"text":"Demokratie \u2013 Medien \u2013 Aufkl\u00e4rung","link":"https:\/\/www.freidenker.org\/?cat=12"},"img":{"alt_text":"","src":"https:\/\/i0.wp.com\/www.freidenker.org\/fw17\/wp-content\/uploads\/2024\/04\/Stiftung_Corona_Ausschuss_Radenthein_Kaernten_800x450.jpg?fit=800%2C450&ssl=1&resize=350%2C200","width":350,"height":200,"srcset":"https:\/\/i0.wp.com\/www.freidenker.org\/fw17\/wp-content\/uploads\/2024\/04\/Stiftung_Corona_Ausschuss_Radenthein_Kaernten_800x450.jpg?fit=800%2C450&ssl=1&resize=350%2C200 1x, https:\/\/i0.wp.com\/www.freidenker.org\/fw17\/wp-content\/uploads\/2024\/04\/Stiftung_Corona_Ausschuss_Radenthein_Kaernten_800x450.jpg?fit=800%2C450&ssl=1&resize=525%2C300 1.5x, https:\/\/i0.wp.com\/www.freidenker.org\/fw17\/wp-content\/uploads\/2024\/04\/Stiftung_Corona_Ausschuss_Radenthein_Kaernten_800x450.jpg?fit=800%2C450&ssl=1&resize=700%2C400 2x"},"classes":[]},{"id":12039,"url":"https:\/\/www.freidenker.org\/?p=12039","url_meta":{"origin":11614,"position":3},"title":"&#8222;Der Staat sorgt daf\u00fcr, dass BioNTech den Markt beh\u00e4lt&#8220;","author":"Webredaktion","date":"21. Januar 2022","format":false,"excerpt":"Video-Interview mit Diether Dehm Nach Ansicht von Dr. Diether Dehm wird die Kluft zwischen Arm und Reich in Deutschland durch die Politik, insbesondere durch die Corona-Ma\u00dfnahmen gef\u00f6rdert, und gleichzeitig werden gewinntr\u00e4chtige Unternehmen wie BioNTech staatlich gest\u00fctzt. Viele mittelst\u00e4ndische Unternehmen w\u00fcrden dagegen in den Konkurs getrieben, w\u00e4hrend ihre Kunden von gro\u00dfen\u2026","rel":"","context":"In &quot;Arbeit &amp; Soziales&quot;","block_context":{"text":"Arbeit &amp; Soziales","link":"https:\/\/www.freidenker.org\/?cat=11"},"img":{"alt_text":"","src":"https:\/\/i0.wp.com\/www.freidenker.org\/fw17\/wp-content\/uploads\/2022\/01\/Biontech_800x450.jpg?fit=800%2C450&ssl=1&resize=350%2C200","width":350,"height":200,"srcset":"https:\/\/i0.wp.com\/www.freidenker.org\/fw17\/wp-content\/uploads\/2022\/01\/Biontech_800x450.jpg?fit=800%2C450&ssl=1&resize=350%2C200 1x, https:\/\/i0.wp.com\/www.freidenker.org\/fw17\/wp-content\/uploads\/2022\/01\/Biontech_800x450.jpg?fit=800%2C450&ssl=1&resize=525%2C300 1.5x, https:\/\/i0.wp.com\/www.freidenker.org\/fw17\/wp-content\/uploads\/2022\/01\/Biontech_800x450.jpg?fit=800%2C450&ssl=1&resize=700%2C400 2x"},"classes":[]},{"id":8861,"url":"https:\/\/www.freidenker.org\/?p=8861","url_meta":{"origin":11614,"position":4},"title":"Dieter Hallervorden: Kultur-Lockdown? Das lassen wir uns nicht gefallen!","author":"Webredaktion","date":"29. Oktober 2020","format":false,"excerpt":"Kultur macht gesund - 5 Finger kann man leicht brechen, aber wir sind eine geballte Faust Der allseits bekannte Dieter Hallervorden arbeitet regelm\u00e4\u00dfig mit dem Freidenker-Beiratsmitglied Dr. Diether Dehm zusammen (Siehe sein Lied \"Corona Song\" https:\/\/www.freidenker.org\/?p=8735). Dieter sprach auf der Kundgebung der Demonstration am 28.10.2020 in Berlin \"Alarmstufe Rot\", veranstaltet\u2026","rel":"","context":"In &quot;Arbeit &amp; Soziales&quot;","block_context":{"text":"Arbeit &amp; Soziales","link":"https:\/\/www.freidenker.org\/?cat=11"},"img":{"alt_text":"","src":"https:\/\/i0.wp.com\/www.freidenker.org\/fw17\/wp-content\/uploads\/2020\/10\/Hallervorden_Alarmstufe_Rot_800x450.jpg?fit=800%2C450&ssl=1&resize=350%2C200","width":350,"height":200,"srcset":"https:\/\/i0.wp.com\/www.freidenker.org\/fw17\/wp-content\/uploads\/2020\/10\/Hallervorden_Alarmstufe_Rot_800x450.jpg?fit=800%2C450&ssl=1&resize=350%2C200 1x, https:\/\/i0.wp.com\/www.freidenker.org\/fw17\/wp-content\/uploads\/2020\/10\/Hallervorden_Alarmstufe_Rot_800x450.jpg?fit=800%2C450&ssl=1&resize=525%2C300 1.5x, https:\/\/i0.wp.com\/www.freidenker.org\/fw17\/wp-content\/uploads\/2020\/10\/Hallervorden_Alarmstufe_Rot_800x450.jpg?fit=800%2C450&ssl=1&resize=700%2C400 2x"},"classes":[]},{"id":8900,"url":"https:\/\/www.freidenker.org\/?p=8900","url_meta":{"origin":11614,"position":5},"title":"Gegen das neue &#8222;Infektionsschutz-Erm\u00e4chtigungsgesetz&#8220;","author":"Webredaktion","date":"16. November 2020","format":false,"excerpt":"Dokumentiert: Stellungnahme der Gewerkschaft ver.di Auch wenn die Regierung und die ihr ergebene Journaille anderes behaupten: Kritik am \"Corona-Regime\" kommt keineswegs nur von \"abseitigen Querdenkern\" und \"obskurantistischen Verschw\u00f6rungstheoretikern\" oder wie die Diffamierungsvokabeln zur Ruhigstellung jeder Kritik noch lauten; sie kommen auch von angesehenen Wissenschaftlern, Juristen und Fachinstitutionen. J\u00fcngster Anlass ist\u2026","rel":"","context":"In &quot;Arbeit &amp; Soziales&quot;","block_context":{"text":"Arbeit &amp; Soziales","link":"https:\/\/www.freidenker.org\/?cat=11"},"img":{"alt_text":"","src":"https:\/\/i0.wp.com\/www.freidenker.org\/fw17\/wp-content\/uploads\/2020\/11\/verdi_covid_800x450.jpg?fit=800%2C450&ssl=1&resize=350%2C200","width":350,"height":200,"srcset":"https:\/\/i0.wp.com\/www.freidenker.org\/fw17\/wp-content\/uploads\/2020\/11\/verdi_covid_800x450.jpg?fit=800%2C450&ssl=1&resize=350%2C200 1x, https:\/\/i0.wp.com\/www.freidenker.org\/fw17\/wp-content\/uploads\/2020\/11\/verdi_covid_800x450.jpg?fit=800%2C450&ssl=1&resize=525%2C300 1.5x, https:\/\/i0.wp.com\/www.freidenker.org\/fw17\/wp-content\/uploads\/2020\/11\/verdi_covid_800x450.jpg?fit=800%2C450&ssl=1&resize=700%2C400 2x"},"classes":[]}],"_links":{"self":[{"href":"https:\/\/www.freidenker.org\/index.php?rest_route=\/wp\/v2\/posts\/11614","targetHints":{"allow":["GET"]}}],"collection":[{"href":"https:\/\/www.freidenker.org\/index.php?rest_route=\/wp\/v2\/posts"}],"about":[{"href":"https:\/\/www.freidenker.org\/index.php?rest_route=\/wp\/v2\/types\/post"}],"author":[{"embeddable":true,"href":"https:\/\/www.freidenker.org\/index.php?rest_route=\/wp\/v2\/users\/3"}],"replies":[{"embeddable":true,"href":"https:\/\/www.freidenker.org\/index.php?rest_route=%2Fwp%2Fv2%2Fcomments&post=11614"}],"version-history":[{"count":0,"href":"https:\/\/www.freidenker.org\/index.php?rest_route=\/wp\/v2\/posts\/11614\/revisions"}],"wp:featuredmedia":[{"embeddable":true,"href":"https:\/\/www.freidenker.org\/index.php?rest_route=\/wp\/v2\/media\/11620"}],"wp:attachment":[{"href":"https:\/\/www.freidenker.org\/index.php?rest_route=%2Fwp%2Fv2%2Fmedia&parent=11614"}],"wp:term":[{"taxonomy":"category","embeddable":true,"href":"https:\/\/www.freidenker.org\/index.php?rest_route=%2Fwp%2Fv2%2Fcategories&post=11614"},{"taxonomy":"post_tag","embeddable":true,"href":"https:\/\/www.freidenker.org\/index.php?rest_route=%2Fwp%2Fv2%2Ftags&post=11614"}],"curies":[{"name":"wp","href":"https:\/\/api.w.org\/{rel}","templated":true}]}}