{"id":11598,"date":"2021-11-11T07:47:23","date_gmt":"2021-11-11T06:47:23","guid":{"rendered":"https:\/\/www.freidenker.org\/?p=11598"},"modified":"2021-12-08T00:00:15","modified_gmt":"2021-12-07T23:00:15","slug":"ende-der-staatsleistungen-an-die-kirchen-jetzt","status":"publish","type":"post","link":"https:\/\/www.freidenker.org\/?p=11598","title":{"rendered":"Ende der Staatsleistungen an die Kirchen jetzt!"},"content":{"rendered":"<p><span style=\"font-family: Arial;\"><strong>Anl\u00e4sslich der laufenden Koalitionsverhandlungen von FDP, Gr\u00fcnen und SPD ver\u00f6ffentlichte das &#8222;B\u00fcndnis Altrechtliche Staatsleistungen Abschaffen&#8220; (BAStA) nachfolgende Presseerkl\u00e4rung mit der Forderung, das Thema &#8222;Staatsleistungen an die Kirchen&#8220; unter Einbeziehung der \u00f6ffentlichen Meinung in der kommenden Legislaturperiode abschlie\u00dfend zu behandeln.\u00a0<\/strong><br \/>\n<\/span><\/p>\n<hr \/>\n<p><img data-recalc-dims=\"1\" loading=\"lazy\" decoding=\"async\" data-attachment-id=\"11602\" data-permalink=\"https:\/\/www.freidenker.org\/?attachment_id=11602\" data-orig-file=\"https:\/\/i0.wp.com\/www.freidenker.org\/fw17\/wp-content\/uploads\/2021\/11\/Basta_Banner-mit-Logo.jpg?fit=800%2C91&amp;ssl=1\" data-orig-size=\"800,91\" data-comments-opened=\"0\" data-image-meta=\"{&quot;aperture&quot;:&quot;0&quot;,&quot;credit&quot;:&quot;&quot;,&quot;camera&quot;:&quot;&quot;,&quot;caption&quot;:&quot;&quot;,&quot;created_timestamp&quot;:&quot;0&quot;,&quot;copyright&quot;:&quot;&quot;,&quot;focal_length&quot;:&quot;0&quot;,&quot;iso&quot;:&quot;0&quot;,&quot;shutter_speed&quot;:&quot;0&quot;,&quot;title&quot;:&quot;&quot;,&quot;orientation&quot;:&quot;0&quot;}\" data-image-title=\"Basta_Banner-mit-Logo\" data-image-description=\"\" data-image-caption=\"\" data-large-file=\"https:\/\/i0.wp.com\/www.freidenker.org\/fw17\/wp-content\/uploads\/2021\/11\/Basta_Banner-mit-Logo.jpg?fit=800%2C91&amp;ssl=1\" class=\"alignnone wp-image-11602 size-full\" src=\"https:\/\/i0.wp.com\/www.freidenker.org\/fw17\/wp-content\/uploads\/2021\/11\/Basta_Banner-mit-Logo.jpg?resize=800%2C91&#038;ssl=1\" alt=\"\" width=\"800\" height=\"91\" srcset=\"https:\/\/i0.wp.com\/www.freidenker.org\/fw17\/wp-content\/uploads\/2021\/11\/Basta_Banner-mit-Logo.jpg?w=800&amp;ssl=1 800w, https:\/\/i0.wp.com\/www.freidenker.org\/fw17\/wp-content\/uploads\/2021\/11\/Basta_Banner-mit-Logo.jpg?resize=300%2C34&amp;ssl=1 300w, https:\/\/i0.wp.com\/www.freidenker.org\/fw17\/wp-content\/uploads\/2021\/11\/Basta_Banner-mit-Logo.jpg?resize=768%2C87&amp;ssl=1 768w\" sizes=\"auto, (max-width: 800px) 100vw, 800px\" \/><\/p>\n<p><strong>Pressemitteilung 1\/2021<\/strong><\/p>\n<p>Seit der Weimarer Verfassung befindet sich Deutschland quasi in einem Verfassungsbruch, denn seit \u00fcber 100 Jahren besteht der Verfassungsauftrag, die historischen Staatsleistungen an die beiden Gro\u00dfkirchen abzul\u00f6sen, was bisher nicht geschehen ist. J\u00e4hrliche Zahlungen in mittlerweile dreistelliger Millionenh\u00f6he haben sich im Laufe von 101 Jahren auf knapp 20 Milliarden summiert. Somit sind bereits \u00dcberzahlungen eingetreten, die aus Sicht des Aktionsb\u00fcndnisses BA\u00a7TA begr\u00fcnden, dass alle weiteren Zahlungen unverz\u00fcglich einzustellen sind.<\/p>\n<p>Klarstellung: Es handelt sich bei diesen Geldern nicht um Kirchensteuern, sondern um Einnahmen aus dem allgemeinen Steueraufkommen, in dem auch das Geld aller Konfessionsfreien enthalten ist, die dadurch die Kirchen zwangsweise mitfinanzieren.<\/p>\n<p>Wohin flie\u00dft dieses Geld? Vor allem werden davon die sogenannten \u201ekirchlichen W\u00fcrdentr\u00e4ger\u201c bezahlt, wie z. B. Kardinal Woelki. Zu den weltweit h\u00f6chsten Geh\u00e4ltern dieser Berufsgruppe in monatlicher 5-stelliger Summe, kommen noch weitere staatliche Verg\u00fcnstigungen wie die freie Wohnung, PKW, Angestellte, etc.<\/p>\n<p>Um ein weit verbreitetes Missverst\u00e4ndnis zu entkr\u00e4ften:<\/p>\n<p>Kirchliche Gelder flie\u00dfen nur zu einem sehr geringen Teil in karitative Einrichtungen, wie Kitas, Schulen, Altenheime, Krankenh\u00e4user und Hospize. Daf\u00fcr weigern sich die beiden gro\u00dfen Kirchen &#8211; mit Caritas und Diakonie als gr\u00f6\u00dfte nichtstaatliche Arbeitgeber in Deutschland &#8211; die allgemeinen arbeitsrechtlichen Bedingungen in ihren Einrichtungen einzuf\u00fchren.<\/p>\n<p>Wo Kirche drauf steht, ist also meist Staat drin, womit man dieses Konstrukt als Etikettenschwindel bezeichnen kann.<\/p>\n<p>Der Bundestag unseres &#8222;s\u00e4kularen Staates&#8220; unterst\u00fctzte bisher das Ansinnen der Kirchen auf \u201eEntsch\u00e4digungen\u201c in Milliardenh\u00f6he f\u00fcr mindestens 20 weitere Jahre, sollten die Staatsleistungen entfallen, genauso wie das k\u00fcnftige Einbeziehen muslimischer und weiterer religi\u00f6ser Gruppen in eben dieses System.<\/p>\n<p>&#8222;Bei einem Verhandlungsvolumen von vielen Milliarden Euro ist es in einem s\u00e4kularen Staat nicht akzeptabel, das Thema ausschlie\u00dflich von den religionspolitischen Sprechern der Fraktionen und kirchenfreundlichen Gutachtern, wie im Fr\u00fchjahr diesen Jahres geschehen, bearbeiten zu lassen. Die Einbindung zumindest der finanzpolitisch Zust\u00e4ndigen scheint mir in Zeiten knapper Kassen zwingend erforderlich.&#8220; meint der BA\u00a7TA-Sprecher Friedrich Coradill.<\/p>\n<p>BA\u00a7TA m\u00f6chte erreichen, dass das Thema in die aktuellen Koalitionsverhandlungen einbezogen und im Laufe der kommenden Legislaturperiode abschlie\u00dfend behandelt wird und zwar unter Einbeziehung der \u00f6ffentlichen Meinung!<\/p>\n<p><span style=\"font-size: 10pt;\">Bei Fragen:\u00a0 Friedrich Coradill,\u00a0 0159 \u2013 02 69 19 29,\u00a0\u00a0 friedrich.coradill@gbs-rhein-neckar.de<\/span><\/p>\n<hr \/>\n<p><strong>Download<\/strong><\/p>\n<p><img data-recalc-dims=\"1\" loading=\"lazy\" decoding=\"async\" data-attachment-id=\"1076\" data-permalink=\"https:\/\/www.freidenker.org\/?attachment_id=1076\" data-orig-file=\"https:\/\/i0.wp.com\/www.freidenker.org\/fw17\/wp-content\/uploads\/2017\/10\/pdf_icon-2.png?fit=32%2C32&amp;ssl=1\" data-orig-size=\"32,32\" data-comments-opened=\"0\" data-image-meta=\"{&quot;aperture&quot;:&quot;0&quot;,&quot;credit&quot;:&quot;&quot;,&quot;camera&quot;:&quot;&quot;,&quot;caption&quot;:&quot;&quot;,&quot;created_timestamp&quot;:&quot;0&quot;,&quot;copyright&quot;:&quot;&quot;,&quot;focal_length&quot;:&quot;0&quot;,&quot;iso&quot;:&quot;0&quot;,&quot;shutter_speed&quot;:&quot;0&quot;,&quot;title&quot;:&quot;&quot;,&quot;orientation&quot;:&quot;0&quot;}\" data-image-title=\"pdf_icon\" data-image-description=\"\" data-image-caption=\"\" data-large-file=\"https:\/\/i0.wp.com\/www.freidenker.org\/fw17\/wp-content\/uploads\/2017\/10\/pdf_icon-2.png?fit=32%2C32&amp;ssl=1\" class=\"alignnone size-full wp-image-1076\" src=\"https:\/\/i0.wp.com\/www.freidenker.org\/fw17\/wp-content\/uploads\/2017\/10\/pdf_icon-2.png?resize=32%2C32&#038;ssl=1\" alt=\"\" width=\"32\" height=\"32\" \/>\u00a0<a href=\"https:\/\/www.freidenker.org\/fw17\/wp-content\/uploads\/2021\/11\/BAStA-Pressemitteilung_20211105.pdf\" target=\"_blank\" rel=\"noopener\">Die Pressemitteilung als PDF-Datei ansehen oder herunterladen<\/a> (PDF-Datei, ca. 277 KB)<\/p>\n<hr \/>\n<p><span style=\"font-size: 10pt;\">Bild:\u00a0 Collage von Ralf Lux, unter Verwendung von:<br \/>\nGeldbox: <\/span><a href=\"https:\/\/pixabay.com\/de\/photos\/jesus-christus-gott-heilig-geist-4499718\/\" target=\"_blank\" rel=\"noopener\"><span style=\"font-size: 10pt;\">pixabay.com<\/span><\/a><span style=\"font-size: 10pt;\"> \/ <a class=\"hover_opacity\" href=\"https:\/\/pixabay.com\/de\/users\/jeffjacobs1990-7438739\/\">jeffjacobs1990<\/a> \/ <a href=\"https:\/\/pixabay.com\/de\/service\/license\/\">Pixabay License<\/a><br \/>\n500-\u20ac-Schein: <a href=\"https:\/\/pixabay.com\/de\/photos\/euro-500-geldschein-geld-w%c3%a4hrung-2402711\/\" target=\"_blank\" rel=\"noopener\">pixabay.com<\/a> \/ <a class=\"hover_opacity\" href=\"https:\/\/pixabay.com\/de\/users\/alexas_fotos-686414\/\">Alexas_Fotos<\/a> \/ <a href=\"https:\/\/pixabay.com\/de\/service\/license\/\">Pixabay License<\/a><\/span><\/p>\n","protected":false},"excerpt":{"rendered":"<p><b>Pressemitteilung des Basta (B\u00fcndnis Altrechtliche Staatsleistungen Abschaffen)<\/b> zu den laufenden Koalitionsverhandlungen.<br \/>\nSeit der Weimarer Verfassung befindet sich Deutschland quasi in einem Verfassungsbruch, denn seit \u00fcber 100 Jahren besteht der Verfassungsauftrag, die historischen Staatsleistungen an die beiden Gro\u00dfkirchen abzul\u00f6sen, was bisher nicht geschehen ist. J\u00e4hrliche Zahlungen in mittlerweile dreistelliger Millionenh\u00f6he haben sich im Laufe von 101 Jahren auf knapp 20 Milliarden summiert. Somit sind bereits \u00dcberzahlungen eingetreten, die aus Sicht des Aktionsb\u00fcndnisses BA\u00a7TA begr\u00fcnden, dass alle weiteren Zahlungen unverz\u00fcglich einzustellen sind.<\/p>\n","protected":false},"author":3,"featured_media":11603,"comment_status":"closed","ping_status":"closed","sticky":false,"template":"","format":"standard","meta":{"colormag_page_container_layout":"default_layout","colormag_page_sidebar_layout":"default_layout","advanced_seo_description":"","jetpack_seo_html_title":"","jetpack_seo_noindex":false,"jetpack_post_was_ever_published":false,"footnotes":""},"categories":[15],"tags":[1129,1123,1457,28,1122],"class_list":["post-11598","post","type-post","status-publish","format-standard","has-post-thumbnail","hentry","category-religions-kirchenkritik","tag-basta","tag-kirchenfinanzierung","tag-koa","tag-staat-und-kirche","tag-staatsleistungen"],"jetpack_featured_media_url":"https:\/\/i0.wp.com\/www.freidenker.org\/fw17\/wp-content\/uploads\/2021\/11\/kirche_geld_kreuz_800x450.jpg?fit=800%2C450&ssl=1","jetpack_shortlink":"https:\/\/wp.me\/p9stpK-314","jetpack-related-posts":[{"id":8369,"url":"https:\/\/www.freidenker.org\/?p=8369","url_meta":{"origin":11598,"position":0},"title":"Ende der Staatsleistungen &#8211; Gesetzentwurf springt viel zu kurz","author":"Webredaktion","date":"14. M\u00e4rz 2020","format":false,"excerpt":"Am 13. M\u00e4rz 2020 wurde in Berlin ein gemeinsamer Entwurf f\u00fcr ein Grunds\u00e4tzegesetz zur Abl\u00f6sung der Staatsleistungen durch die kirchenpolitischen Sprecher von FDP, DIE LINKE und B\u00fcndnis 90\/Die Gr\u00fcnen vorgestellt. Der Gesetzentwurf sieht die Abschaffung der an die Kirchen gezahlten Staatsleistungen gegen eine Abl\u00f6sesumme von gut zehn Milliarden Euro vor.\u2026","rel":"","context":"In &quot;Religions- &amp; Kirchenkritik, S\u00e4kulare Szene&quot;","block_context":{"text":"Religions- &amp; Kirchenkritik, S\u00e4kulare Szene","link":"https:\/\/www.freidenker.org\/?cat=15"},"img":{"alt_text":"","src":"https:\/\/i0.wp.com\/www.freidenker.org\/fw17\/wp-content\/uploads\/2020\/07\/bibel_671107_original_R_by_Esther-Stosch_pixelio.de_800x450.jpg?fit=800%2C450&ssl=1&resize=350%2C200","width":350,"height":200,"srcset":"https:\/\/i0.wp.com\/www.freidenker.org\/fw17\/wp-content\/uploads\/2020\/07\/bibel_671107_original_R_by_Esther-Stosch_pixelio.de_800x450.jpg?fit=800%2C450&ssl=1&resize=350%2C200 1x, https:\/\/i0.wp.com\/www.freidenker.org\/fw17\/wp-content\/uploads\/2020\/07\/bibel_671107_original_R_by_Esther-Stosch_pixelio.de_800x450.jpg?fit=800%2C450&ssl=1&resize=525%2C300 1.5x, https:\/\/i0.wp.com\/www.freidenker.org\/fw17\/wp-content\/uploads\/2020\/07\/bibel_671107_original_R_by_Esther-Stosch_pixelio.de_800x450.jpg?fit=800%2C450&ssl=1&resize=700%2C400 2x"},"classes":[]},{"id":6210,"url":"https:\/\/www.freidenker.org\/?p=6210","url_meta":{"origin":11598,"position":1},"title":"BAStA &#8211; B\u00fcndnis Altrechtliche Staatsleistungen abschaffen","author":"Webredaktion","date":"14. April 2019","format":false,"excerpt":"Im Dezember 2018 hat sich das \"B\u00fcndnis Altrechtliche Staatsleistungen abschaffen\" gegr\u00fcndet.Der Verbandsvorstand des Deutschen Freidenker-Verbandes hat auf seiner Sitzung am 06.\/07.04.2019 beschlossen, dem B\u00fcndnis beizutreten. Der Beitrag enth\u00e4lt die B\u00fcndniserkl\u00e4rung \"Nach 100 Jahren:Staatsleistungen an die Kirchen beenden \u2013 jetzt!\", eine Auflistung der B\u00fcndnispartner, eine Information zur Veranstaltung \"100 Jahre Staatsleistungen\u2026","rel":"","context":"In &quot;Religions- &amp; Kirchenkritik, S\u00e4kulare Szene&quot;","block_context":{"text":"Religions- &amp; Kirchenkritik, S\u00e4kulare Szene","link":"https:\/\/www.freidenker.org\/?cat=15"},"img":{"alt_text":"","src":"https:\/\/i0.wp.com\/www.freidenker.org\/fw17\/wp-content\/uploads\/2019\/04\/basta_logo_800x445.jpg?fit=800%2C445&ssl=1&resize=350%2C200","width":350,"height":200,"srcset":"https:\/\/i0.wp.com\/www.freidenker.org\/fw17\/wp-content\/uploads\/2019\/04\/basta_logo_800x445.jpg?fit=800%2C445&ssl=1&resize=350%2C200 1x, https:\/\/i0.wp.com\/www.freidenker.org\/fw17\/wp-content\/uploads\/2019\/04\/basta_logo_800x445.jpg?fit=800%2C445&ssl=1&resize=525%2C300 1.5x, https:\/\/i0.wp.com\/www.freidenker.org\/fw17\/wp-content\/uploads\/2019\/04\/basta_logo_800x445.jpg?fit=800%2C445&ssl=1&resize=700%2C400 2x"},"classes":[]},{"id":6181,"url":"https:\/\/www.freidenker.org\/?p=6181","url_meta":{"origin":11598,"position":2},"title":"100 Jahre Staatsleistungen \u2013 Jubil\u00e4um eines Verfassungsbruchs","author":"Webredaktion","date":"13. April 2019","format":false,"excerpt":"Pressemitteilung der Humanistischen Union (Luise Wagner) Recherchen der B\u00fcrgerrechtsorganisation Humanistische Union e.V. (HU) haben ergeben: Die Staatsleistungen an die evangelische und katholische Kirche seit 1949 belaufen sich mittlerweile auf knappe 18,5 Milliarden Euro. Allein 2018 \u00fcberwiesen die L\u00e4nder \u2013 mit Ausnahme von Hamburg und Bremen \u2013 den beiden Kirchen rund\u2026","rel":"","context":"In &quot;Religions- &amp; Kirchenkritik, S\u00e4kulare Szene&quot;","block_context":{"text":"Religions- &amp; Kirchenkritik, S\u00e4kulare Szene","link":"https:\/\/www.freidenker.org\/?cat=15"},"img":{"alt_text":"","src":"https:\/\/i0.wp.com\/www.freidenker.org\/fw17\/wp-content\/uploads\/2019\/04\/violettbuch_kirchenfinanzen_motiv_v2.jpg?fit=800%2C445&ssl=1&resize=350%2C200","width":350,"height":200,"srcset":"https:\/\/i0.wp.com\/www.freidenker.org\/fw17\/wp-content\/uploads\/2019\/04\/violettbuch_kirchenfinanzen_motiv_v2.jpg?fit=800%2C445&ssl=1&resize=350%2C200 1x, https:\/\/i0.wp.com\/www.freidenker.org\/fw17\/wp-content\/uploads\/2019\/04\/violettbuch_kirchenfinanzen_motiv_v2.jpg?fit=800%2C445&ssl=1&resize=525%2C300 1.5x, https:\/\/i0.wp.com\/www.freidenker.org\/fw17\/wp-content\/uploads\/2019\/04\/violettbuch_kirchenfinanzen_motiv_v2.jpg?fit=800%2C445&ssl=1&resize=700%2C400 2x"},"classes":[]},{"id":6984,"url":"https:\/\/www.freidenker.org\/?p=6984","url_meta":{"origin":11598,"position":3},"title":"BAStA-Pressemitteilung: 100\u00a0 Jahre Weimarer Verfassung &#8211; 100 Jahre Abl\u00f6sungsgebot","author":"Webredaktion","date":"11. August 2019","format":false,"excerpt":"100 Jahre Weimarer Verfassung \u2013 das hei\u00dft bisher auch 100 Jahre Nichtstun der Regierungen beim Verfassungsgebot der Abl\u00f6sung der Staatsleistungen an die Kirchen. Das B\u00fcndnis altrechtliche Staatsleistungen abschaffen (BAStA) will Bewegung in die Sache bringen und hat Parteien, Bundes- und Landtagsabgeordnete, Fraktionen, Regierungen, Landesrechnungsh\u00f6fe und Kirchen mit der Aufforderung angeschrieben,\u2026","rel":"","context":"In &quot;Religions- &amp; Kirchenkritik, S\u00e4kulare Szene&quot;","block_context":{"text":"Religions- &amp; Kirchenkritik, S\u00e4kulare Szene","link":"https:\/\/www.freidenker.org\/?cat=15"},"img":{"alt_text":"","src":"https:\/\/i0.wp.com\/www.freidenker.org\/fw17\/wp-content\/uploads\/2019\/09\/Haus-Weimarer_Republik_MG_9141_800x445.jpg?fit=800%2C445&ssl=1&resize=350%2C200","width":350,"height":200,"srcset":"https:\/\/i0.wp.com\/www.freidenker.org\/fw17\/wp-content\/uploads\/2019\/09\/Haus-Weimarer_Republik_MG_9141_800x445.jpg?fit=800%2C445&ssl=1&resize=350%2C200 1x, https:\/\/i0.wp.com\/www.freidenker.org\/fw17\/wp-content\/uploads\/2019\/09\/Haus-Weimarer_Republik_MG_9141_800x445.jpg?fit=800%2C445&ssl=1&resize=525%2C300 1.5x, https:\/\/i0.wp.com\/www.freidenker.org\/fw17\/wp-content\/uploads\/2019\/09\/Haus-Weimarer_Republik_MG_9141_800x445.jpg?fit=800%2C445&ssl=1&resize=700%2C400 2x"},"classes":[]},{"id":9623,"url":"https:\/\/www.freidenker.org\/?p=9623","url_meta":{"origin":11598,"position":4},"title":"S\u00e4kulare Verst\u00e4ndigung zur Forderung nach Abl\u00f6sung der altrechtlichen Staatsleistungen","author":"Webredaktion","date":"24. Februar 2021","format":false,"excerpt":"Wortmeldung des Koordinierungsrates s\u00e4kularer Organisationen KORSO e.V. Am vergangenen Freitag, 19. Februar, fanden sich auf Einladung des KORSO 16 Vertreterinnen und Vertreter unterschiedlicher Organisationen aus dem s\u00e4kularen Spektrum per Videokonferenz zu einem Expertengespr\u00e4ch zusammen. Thema waren die so genannten \u201ealtrechtlichen Staatsleistungen\u201c.... Die Expertenrunde diskutierte einen Nachmittag lang die wichtigsten Aspekte\u2026","rel":"","context":"In &quot;Religions- &amp; Kirchenkritik, S\u00e4kulare Szene&quot;","block_context":{"text":"Religions- &amp; Kirchenkritik, S\u00e4kulare Szene","link":"https:\/\/www.freidenker.org\/?cat=15"},"img":{"alt_text":"","src":"https:\/\/i0.wp.com\/www.freidenker.org\/fw17\/wp-content\/uploads\/2021\/02\/korso-post_2021-02-22_02-staatsleistungen_800x450.jpg?fit=800%2C450&ssl=1&resize=350%2C200","width":350,"height":200,"srcset":"https:\/\/i0.wp.com\/www.freidenker.org\/fw17\/wp-content\/uploads\/2021\/02\/korso-post_2021-02-22_02-staatsleistungen_800x450.jpg?fit=800%2C450&ssl=1&resize=350%2C200 1x, https:\/\/i0.wp.com\/www.freidenker.org\/fw17\/wp-content\/uploads\/2021\/02\/korso-post_2021-02-22_02-staatsleistungen_800x450.jpg?fit=800%2C450&ssl=1&resize=525%2C300 1.5x, https:\/\/i0.wp.com\/www.freidenker.org\/fw17\/wp-content\/uploads\/2021\/02\/korso-post_2021-02-22_02-staatsleistungen_800x450.jpg?fit=800%2C450&ssl=1&resize=700%2C400 2x"},"classes":[]},{"id":9437,"url":"https:\/\/www.freidenker.org\/?p=9437","url_meta":{"origin":11598,"position":5},"title":"Den Griff in die Staatskasse abwenden","author":"Webredaktion","date":"29. Januar 2021","format":false,"excerpt":"Beitrag des Institutes f\u00fcr Weltanschauungsrecht (ifw) Die Kritikpunkte zum \"Entwurf eines Grunds\u00e4tzegesetzes zur Abl\u00f6sung der Staatsleistungen\" der Oppositionsfraktionen FDP, DIE LINKE und B\u00dcNDNIS 90\/DIE GR\u00dcNEN hat das Institut f\u00fcr Weltanschauungsrecht (ifw) am 14. Dezember 2020 in Form eines \u00c4nderungsantrags ver\u00f6ffentlicht. Basierend auf den Anspr\u00fcchen der Kirchen auf positive Staatsleistungen aus\u2026","rel":"","context":"In &quot;Religions- &amp; Kirchenkritik, S\u00e4kulare Szene&quot;","block_context":{"text":"Religions- &amp; Kirchenkritik, S\u00e4kulare Szene","link":"https:\/\/www.freidenker.org\/?cat=15"},"img":{"alt_text":"","src":"https:\/\/i0.wp.com\/www.freidenker.org\/fw17\/wp-content\/uploads\/2021\/01\/Kirche_Geld_800x450.jpg?fit=800%2C450&ssl=1&resize=350%2C200","width":350,"height":200,"srcset":"https:\/\/i0.wp.com\/www.freidenker.org\/fw17\/wp-content\/uploads\/2021\/01\/Kirche_Geld_800x450.jpg?fit=800%2C450&ssl=1&resize=350%2C200 1x, https:\/\/i0.wp.com\/www.freidenker.org\/fw17\/wp-content\/uploads\/2021\/01\/Kirche_Geld_800x450.jpg?fit=800%2C450&ssl=1&resize=525%2C300 1.5x, https:\/\/i0.wp.com\/www.freidenker.org\/fw17\/wp-content\/uploads\/2021\/01\/Kirche_Geld_800x450.jpg?fit=800%2C450&ssl=1&resize=700%2C400 2x"},"classes":[]}],"_links":{"self":[{"href":"https:\/\/www.freidenker.org\/index.php?rest_route=\/wp\/v2\/posts\/11598","targetHints":{"allow":["GET"]}}],"collection":[{"href":"https:\/\/www.freidenker.org\/index.php?rest_route=\/wp\/v2\/posts"}],"about":[{"href":"https:\/\/www.freidenker.org\/index.php?rest_route=\/wp\/v2\/types\/post"}],"author":[{"embeddable":true,"href":"https:\/\/www.freidenker.org\/index.php?rest_route=\/wp\/v2\/users\/3"}],"replies":[{"embeddable":true,"href":"https:\/\/www.freidenker.org\/index.php?rest_route=%2Fwp%2Fv2%2Fcomments&post=11598"}],"version-history":[{"count":0,"href":"https:\/\/www.freidenker.org\/index.php?rest_route=\/wp\/v2\/posts\/11598\/revisions"}],"wp:featuredmedia":[{"embeddable":true,"href":"https:\/\/www.freidenker.org\/index.php?rest_route=\/wp\/v2\/media\/11603"}],"wp:attachment":[{"href":"https:\/\/www.freidenker.org\/index.php?rest_route=%2Fwp%2Fv2%2Fmedia&parent=11598"}],"wp:term":[{"taxonomy":"category","embeddable":true,"href":"https:\/\/www.freidenker.org\/index.php?rest_route=%2Fwp%2Fv2%2Fcategories&post=11598"},{"taxonomy":"post_tag","embeddable":true,"href":"https:\/\/www.freidenker.org\/index.php?rest_route=%2Fwp%2Fv2%2Ftags&post=11598"}],"curies":[{"name":"wp","href":"https:\/\/api.w.org\/{rel}","templated":true}]}}