{"id":11584,"date":"2021-11-07T21:22:15","date_gmt":"2021-11-07T20:22:15","guid":{"rendered":"https:\/\/www.freidenker.org\/?p=11584"},"modified":"2021-11-14T20:52:28","modified_gmt":"2021-11-14T19:52:28","slug":"veranstaltung-die-schockstrategie-geht-weiter","status":"publish","type":"post","link":"https:\/\/www.freidenker.org\/?p=11584","title":{"rendered":"Veranstaltung \u201eDie Schockstrategie geht weiter\u201c"},"content":{"rendered":"<p style=\"text-align: center;\"><img data-recalc-dims=\"1\" loading=\"lazy\" decoding=\"async\" data-attachment-id=\"8924\" data-permalink=\"https:\/\/www.freidenker.org\/?attachment_id=8924\" data-orig-file=\"https:\/\/i0.wp.com\/www.freidenker.org\/fw17\/wp-content\/uploads\/2020\/11\/logo_freidenker.jpg?fit=500%2C125&amp;ssl=1\" data-orig-size=\"500,125\" data-comments-opened=\"0\" data-image-meta=\"{&quot;aperture&quot;:&quot;0&quot;,&quot;credit&quot;:&quot;&quot;,&quot;camera&quot;:&quot;&quot;,&quot;caption&quot;:&quot;&quot;,&quot;created_timestamp&quot;:&quot;0&quot;,&quot;copyright&quot;:&quot;&quot;,&quot;focal_length&quot;:&quot;0&quot;,&quot;iso&quot;:&quot;0&quot;,&quot;shutter_speed&quot;:&quot;0&quot;,&quot;title&quot;:&quot;&quot;,&quot;orientation&quot;:&quot;0&quot;}\" data-image-title=\"logo_freidenker\" data-image-description=\"\" data-image-caption=\"\" data-large-file=\"https:\/\/i0.wp.com\/www.freidenker.org\/fw17\/wp-content\/uploads\/2020\/11\/logo_freidenker.jpg?fit=500%2C125&amp;ssl=1\" class=\"alignnone wp-image-8924 size-medium\" src=\"https:\/\/i0.wp.com\/www.freidenker.org\/fw17\/wp-content\/uploads\/2020\/11\/logo_freidenker.jpg?resize=300%2C75&#038;ssl=1\" alt=\"\" width=\"300\" height=\"75\" srcset=\"https:\/\/i0.wp.com\/www.freidenker.org\/fw17\/wp-content\/uploads\/2020\/11\/logo_freidenker.jpg?resize=300%2C75&amp;ssl=1 300w, https:\/\/i0.wp.com\/www.freidenker.org\/fw17\/wp-content\/uploads\/2020\/11\/logo_freidenker.jpg?w=500&amp;ssl=1 500w\" sizes=\"auto, (max-width: 300px) 100vw, 300px\" \/><\/p>\n<p style=\"text-align: center;\"><strong>Landesverband Hessen<\/strong><\/p>\n<p style=\"text-align: center;\">l\u00e4dt ein:<\/p>\n<h5 style=\"text-align: center;\">\u201eDie Schockstrategie geht weiter\u201c<\/h5>\n<p style=\"text-align: center;\">Reinhard Frankl und Tobias Wei\u00dfert stellen ihre zweite Streitschrift zur Lockdown-Politik vor, die sie gemeinsam mit Rainer Roth verfasst und im M\u00e4rz 2021 ver\u00f6ffentlicht haben.<\/p>\n<p style=\"text-align: center;\"><span style=\"font-size: 14pt;\"><strong>Samstag, den 13.11.2021,<br \/>\n<\/strong><\/span><span style=\"font-size: 14pt;\"><strong>von 17 bis 19:30 Uhr<\/strong><\/span><\/p>\n<p style=\"text-align: center;\"><strong>im B\u00fcrgerhaus Saalbau Gallus,<br \/>\n<\/strong><strong>Frankenallee 111, 60326 Frankfurt a.M.<\/strong><\/p>\n<p style=\"text-align: center;\">(im Haus gelten die 3G Regeln)<\/p>\n<p>\u201eWie wir COVID-19 unter Kontrolle bekommen\u201c &#8211; \u00a0Panik-Strategen rieten im so \u00fcberschriebenen Regierungspapier vom M\u00e4rz 2020, die Bev\u00f6lkerung in einen Schockzustand zu versetzen.<\/p>\n<p>Die Autoren analysieren zahlreiche \u00dcbertreibungen, Halbwahrheiten und Desinformationen, die die n\u00f6tige Angst hervorrufen und die Notwendigkeit von Lockdowns und anderen massiven Repressionen rechtfertigen sollen. Sie stellen \u00dcberlegungen zu Hintergr\u00fcnden der Pandemie-Politik an, z. B. wer davon profitiert.<\/p>\n<p><strong>Reinhard Frankl<\/strong>, Aschaffenburg, Volksschullehrer i. R., langj\u00e4hriger GEW-Aktivist und -Funktion\u00e4r, Attac-Aktivist vor Ort und in der Bundes-AG \u201eGlobalisierung und Krieg\u201c, 1991 eingetreten in den DFV, Aktivist im regionalen B\u00fcndnis gegen Rechts; Vorstandsmitglied von KLARtext e.V.<\/p>\n<p><strong>Rainer Roth, <\/strong>Bad Vilbel, ehemals Professor f\u00fcr Sozialwissenschaften an der Fachhochschule Frankfurt, Vorsitzender von KLARtext e.V., Mitarbeit im Rhein-Main-B\u00fcndnis gegen Sozialabbau und Billigl\u00f6hne, seit vielen Jahren aktiv f\u00fcr die Interessen von Lohnabh\u00e4ngigen, ob besch\u00e4ftigt, arbeitslos oder arm.<\/p>\n<p><strong>Tobias Wei\u00dfert, <\/strong>Lehrer und Ausbilder in der Erwachsenenbildung; \u00fcber 50 Jahre politisch aktiv. Langj\u00e4hriger Betriebsratsvorsitzender und gewerkschaftlicher Vertrauensmann. Mitarbeit im Rhein-Main-B\u00fcndnis gegen Sozialabbau und Billigl\u00f6hne und bei KLARtext e.V.<\/p>\n<p><span style=\"font-size: 10pt;\">Im Anschluss an die Veranstaltung kann das Restaurant \u201eElia\u201c im Haus besucht werden. Wir bitten um <strong>Anmeldung <\/strong>zur Veranstaltung als auch zum anschlie\u00dfenden Abendessen an: <a href=\"mailto:mkh@freidenker.de\"><strong>mkh@freidenker.de <\/strong><\/a>oder <strong>0162 282 1500<\/strong><\/span><\/p>\n<hr \/>\n<p><strong>Download<\/strong><\/p>\n<p><img data-recalc-dims=\"1\" loading=\"lazy\" decoding=\"async\" data-attachment-id=\"1076\" data-permalink=\"https:\/\/www.freidenker.org\/?attachment_id=1076\" data-orig-file=\"https:\/\/i0.wp.com\/www.freidenker.org\/fw17\/wp-content\/uploads\/2017\/10\/pdf_icon-2.png?fit=32%2C32&amp;ssl=1\" data-orig-size=\"32,32\" data-comments-opened=\"0\" data-image-meta=\"{&quot;aperture&quot;:&quot;0&quot;,&quot;credit&quot;:&quot;&quot;,&quot;camera&quot;:&quot;&quot;,&quot;caption&quot;:&quot;&quot;,&quot;created_timestamp&quot;:&quot;0&quot;,&quot;copyright&quot;:&quot;&quot;,&quot;focal_length&quot;:&quot;0&quot;,&quot;iso&quot;:&quot;0&quot;,&quot;shutter_speed&quot;:&quot;0&quot;,&quot;title&quot;:&quot;&quot;,&quot;orientation&quot;:&quot;0&quot;}\" data-image-title=\"pdf_icon\" data-image-description=\"\" data-image-caption=\"\" data-large-file=\"https:\/\/i0.wp.com\/www.freidenker.org\/fw17\/wp-content\/uploads\/2017\/10\/pdf_icon-2.png?fit=32%2C32&amp;ssl=1\" class=\"alignnone size-full wp-image-1076\" src=\"https:\/\/i0.wp.com\/www.freidenker.org\/fw17\/wp-content\/uploads\/2017\/10\/pdf_icon-2.png?resize=32%2C32&#038;ssl=1\" alt=\"\" width=\"32\" height=\"32\" \/>\u00a0Den <a href=\"https:\/\/www.freidenker.org\/fw17\/wp-content\/uploads\/2021\/11\/Lesung_DFV-frankl-Weissert2021-11-13eb.pdf\" target=\"_blank\" rel=\"noopener\">Veranstaltungsflyer als PDF-Dokument<\/a> ansehen oder downloaden (PDF-Datei 64 KB)<\/p>\n<hr \/>\n<p><span style=\"font-size: 10pt;\">Bild: Titelbild des Buches &#8222;Die Schockstrategie geht weiter. Zweite Streitschrift zur Sache.&#8220; Frankfurt a.M.: DVS, 2021<\/span><\/p>\n","protected":false},"excerpt":{"rendered":"<p>Der Deutsche Freidenker-Verband, Landesverband Hessen l\u00e4dt ein:<br \/>\n\u201eDie Schockstrategie geht weiter\u201c &#8211; Reinhard Frankl und Tobias Wei\u00dfert stellen ihre zweite Streitschrift zur Lockdown-Politik vor, die sie gemeinsam mit Rainer Roth verfasst und im M\u00e4rz 2021 ver\u00f6ffentlicht haben.<br \/>\nSamstag, den 13.11.2021, von 17 bis 19:30 Uhr im B\u00fcrgerhaus Saalbau Gallus, Frankenallee 111, 60326 Frankfurt a.M. (im Haus gelten die 3G Regeln)<br \/>\n&#8230; Die Autoren analysieren zahlreiche \u00dcbertreibungen, Halbwahrheiten und Desinformationen, die die n\u00f6tige Angst hervorrufen und die Notwendigkeit von Lockdowns und anderen massiven Repressionen rechtfertigen sollen. Sie stellen \u00dcberlegungen zu Hintergr\u00fcnden der Pandemie-Politik an, z. B. wer davon profitiert.<\/p>\n","protected":false},"author":3,"featured_media":11587,"comment_status":"closed","ping_status":"closed","sticky":false,"template":"","format":"standard","meta":{"colormag_page_container_layout":"default_layout","colormag_page_sidebar_layout":"default_layout","advanced_seo_description":"","jetpack_seo_html_title":"","jetpack_seo_noindex":false,"jetpack_post_was_ever_published":false,"footnotes":""},"categories":[12,19],"tags":[1256,433,1067,1257,1050],"class_list":["post-11584","post","type-post","status-publish","format-standard","has-post-thumbnail","hentry","category-demokratie-medien-aufklaerung","category-veranstaltungen-in-den-dfv-landesverbaenden","tag-corona-virus","tag-frankfurt-am-main","tag-lv-hessen","tag-pandemie","tag-veranstaltung"],"jetpack_featured_media_url":"https:\/\/i0.wp.com\/www.freidenker.org\/fw17\/wp-content\/uploads\/2021\/11\/schockstrategie_v2_800x450.jpg?fit=800%2C450&ssl=1","jetpack_shortlink":"https:\/\/wp.me\/p9stpK-30Q","jetpack-related-posts":[{"id":11259,"url":"https:\/\/www.freidenker.org\/?p=11259","url_meta":{"origin":11584,"position":0},"title":"FREIDENKER 3-21 \u2013 Die Macht im Staat","author":"Webredaktion","date":"28. September 2021","format":false,"excerpt":"Die Ausgabe 3-21 des Verbandsorgans FREIDENKER hat das Schwerpunkt-Thema \u201eDie Macht im Staat\u201c und enth\u00e4lt u.a. folgende Beitr\u00e4ge: - Klaus Linder: Umstrittene Begriffe im Kampf f\u00fcr demokratische und soziale Rechte - Hans Bauer: Demokratieerfahrungen der \u201eDiktatur-Sozialisierten\u201c - Werner R\u00fcgemer: Unter deutscher F\u00fchrung organisert die EU das ArbeitsUnrecht \u2013 \u201eCorona\u201c-versch\u00e4rft -\u2026","rel":"","context":"In &quot;Verbandsorgan FREIDENKER&quot;","block_context":{"text":"Verbandsorgan FREIDENKER","link":"https:\/\/www.freidenker.org\/?cat=8"},"img":{"alt_text":"","src":"https:\/\/i0.wp.com\/www.freidenker.org\/fw17\/wp-content\/uploads\/2021\/09\/FD_2021-03_Titel_mR.jpg?fit=800%2C445&ssl=1&resize=350%2C200","width":350,"height":200,"srcset":"https:\/\/i0.wp.com\/www.freidenker.org\/fw17\/wp-content\/uploads\/2021\/09\/FD_2021-03_Titel_mR.jpg?fit=800%2C445&ssl=1&resize=350%2C200 1x, https:\/\/i0.wp.com\/www.freidenker.org\/fw17\/wp-content\/uploads\/2021\/09\/FD_2021-03_Titel_mR.jpg?fit=800%2C445&ssl=1&resize=525%2C300 1.5x, https:\/\/i0.wp.com\/www.freidenker.org\/fw17\/wp-content\/uploads\/2021\/09\/FD_2021-03_Titel_mR.jpg?fit=800%2C445&ssl=1&resize=700%2C400 2x"},"classes":[]},{"id":12458,"url":"https:\/\/www.freidenker.org\/?p=12458","url_meta":{"origin":11584,"position":1},"title":"Seminar zur Weltlichen Trauerkultur","author":"Webredaktion","date":"15. M\u00e4rz 2022","format":false,"excerpt":"Veranstaltung des Deutschen Freidenker-Verbandes, Landesverband Hessen Samstag, 26. M\u00e4rz 2022, 14:00 bis 17:30 Uhr Gastst\u00e4tte \"Wiener Hof\", Langener Stra\u00dfe, Offenbach-Bieber Die Einladung richtet sich an Trauerredner im Deutschen Freidenker-Verband sowie an Interessierte Es referieren: Monika Strau\u00df und Arno Grieger, Trauerredner des Deutschen Freidenkerverbandes im Landesverband Hessen","rel":"","context":"In &quot;Veranstaltungen in den DFV-Landesverb\u00e4nden&quot;","block_context":{"text":"Veranstaltungen in den DFV-Landesverb\u00e4nden","link":"https:\/\/www.freidenker.org\/?cat=19"},"img":{"alt_text":"Alter Anstaltsfriedhof, Ausgangsbereich","src":"https:\/\/i0.wp.com\/www.freidenker.org\/fw17\/wp-content\/uploads\/2022\/03\/blick_vom_friedhof_richtung_ausgang.jpg?fit=800%2C445&ssl=1&resize=350%2C200","width":350,"height":200,"srcset":"https:\/\/i0.wp.com\/www.freidenker.org\/fw17\/wp-content\/uploads\/2022\/03\/blick_vom_friedhof_richtung_ausgang.jpg?fit=800%2C445&ssl=1&resize=350%2C200 1x, https:\/\/i0.wp.com\/www.freidenker.org\/fw17\/wp-content\/uploads\/2022\/03\/blick_vom_friedhof_richtung_ausgang.jpg?fit=800%2C445&ssl=1&resize=525%2C300 1.5x, https:\/\/i0.wp.com\/www.freidenker.org\/fw17\/wp-content\/uploads\/2022\/03\/blick_vom_friedhof_richtung_ausgang.jpg?fit=800%2C445&ssl=1&resize=700%2C400 2x"},"classes":[]},{"id":7678,"url":"https:\/\/www.freidenker.org\/?p=7678","url_meta":{"origin":11584,"position":2},"title":"22.04.2020 &#8211; DFV Offenbach: Einladung zur Lenin Lesung &#8222;Zarend\u00e4mmerung&#8220;","author":"Webredaktion","date":"12. M\u00e4rz 2020","format":false,"excerpt":"Mittwoch, 22.04.2020 19:00 Uhr ~ G\u00e4rtnerh\u00e4uschen Offenbach Biebererstr. 276 ~ 63071 Offenbach: Einladung zur Lenin Lesung \"Zarend\u00e4mmerung\" mit dem Autoren Vougar Aslanov Am 22. April j\u00e4hrt sich Wladimir Lenins Geburtstag zum 150. Mal. Die Offenbacher Freidenker organisieren zur Ehrung des Revolution\u00e4rs eine Lesung mit dem Frankfurter Autor Vougar Aslanov. Aslanov\u2026","rel":"","context":"In &quot;Veranstaltungen&quot;","block_context":{"text":"Veranstaltungen","link":"https:\/\/www.freidenker.org\/?cat=275"},"img":{"alt_text":"","src":"https:\/\/i0.wp.com\/www.freidenker.org\/fw17\/wp-content\/uploads\/2020\/03\/dfv_hessen_22042020_b.jpg?fit=800%2C445&ssl=1&resize=350%2C200","width":350,"height":200,"srcset":"https:\/\/i0.wp.com\/www.freidenker.org\/fw17\/wp-content\/uploads\/2020\/03\/dfv_hessen_22042020_b.jpg?fit=800%2C445&ssl=1&resize=350%2C200 1x, https:\/\/i0.wp.com\/www.freidenker.org\/fw17\/wp-content\/uploads\/2020\/03\/dfv_hessen_22042020_b.jpg?fit=800%2C445&ssl=1&resize=525%2C300 1.5x, https:\/\/i0.wp.com\/www.freidenker.org\/fw17\/wp-content\/uploads\/2020\/03\/dfv_hessen_22042020_b.jpg?fit=800%2C445&ssl=1&resize=700%2C400 2x"},"classes":[]},{"id":10209,"url":"https:\/\/www.freidenker.org\/?p=10209","url_meta":{"origin":11584,"position":3},"title":"1. Mai in Offenbach: Auf die Stra\u00dfe","author":"Webredaktion","date":"7. Mai 2021","format":false,"excerpt":"Vielerorts hatte der DGB \"wegen Corona\" k\u00e4mpferische Mai-Kundgebungen und Demonstrationen abgesagt. Ausgegeben wurde die Losung \"Solidarit\u00e4t ist Zukunft\" mit dem r\u00e4tselhaften zweiten Teil: \"die Krise gerecht gestalten!\" Im DGB-Bezirk Hessen-Th\u00fcringen fanden gewerkschaftliche Kundgebungen an 36 Orten, haupts\u00e4chlich in gr\u00f6\u00dferen St\u00e4dten, statt. Inhaltlich waren sie \"durchwachsen\" ... Einen Lichtblick bot die\u2026","rel":"","context":"In &quot;Arbeit &amp; Soziales&quot;","block_context":{"text":"Arbeit &amp; Soziales","link":"https:\/\/www.freidenker.org\/?cat=11"},"img":{"alt_text":"","src":"https:\/\/i0.wp.com\/www.freidenker.org\/fw17\/wp-content\/uploads\/2021\/05\/2021-1.MaiOF-800x450-1.jpg?fit=800%2C450&ssl=1&resize=350%2C200","width":350,"height":200,"srcset":"https:\/\/i0.wp.com\/www.freidenker.org\/fw17\/wp-content\/uploads\/2021\/05\/2021-1.MaiOF-800x450-1.jpg?fit=800%2C450&ssl=1&resize=350%2C200 1x, https:\/\/i0.wp.com\/www.freidenker.org\/fw17\/wp-content\/uploads\/2021\/05\/2021-1.MaiOF-800x450-1.jpg?fit=800%2C450&ssl=1&resize=525%2C300 1.5x, https:\/\/i0.wp.com\/www.freidenker.org\/fw17\/wp-content\/uploads\/2021\/05\/2021-1.MaiOF-800x450-1.jpg?fit=800%2C450&ssl=1&resize=700%2C400 2x"},"classes":[]},{"id":24632,"url":"https:\/\/www.freidenker.org\/?p=24632","url_meta":{"origin":11584,"position":4},"title":"Diskussion mit Hannes Hofbauer: Aller Rechte beraubt","author":"Webredaktion","date":"16. M\u00e4rz 2026","format":false,"excerpt":"Mit au\u00dfergerichtlichen EU-Sanktionen zum autorit\u00e4ren Staat Lesung und Diskussion mit Hannes Hofbauer am 19.04.2026 in Frankfurt a.M. Die EU hat mittlerweile mehr als 2700 Personen und Organisationen auf Sanktionslisten gesetzt. Betroffen sind \u00fcberwiegend Russen, aber auch EU-B\u00fcrger, darunter der linke kurdisch-st\u00e4mmige Deutsche H\u00fcseyin Dogru aus Berlin und die in Russland\u2026","rel":"","context":"In &quot;Veranstaltungen in den DFV-Landesverb\u00e4nden&quot;","block_context":{"text":"Veranstaltungen in den DFV-Landesverb\u00e4nden","link":"https:\/\/www.freidenker.org\/?cat=19"},"img":{"alt_text":"","src":"https:\/\/i0.wp.com\/www.freidenker.org\/fw17\/wp-content\/uploads\/2026\/03\/einladung_hofbauer_2026-04_800x450.jpg?fit=800%2C450&ssl=1&resize=350%2C200","width":350,"height":200,"srcset":"https:\/\/i0.wp.com\/www.freidenker.org\/fw17\/wp-content\/uploads\/2026\/03\/einladung_hofbauer_2026-04_800x450.jpg?fit=800%2C450&ssl=1&resize=350%2C200 1x, https:\/\/i0.wp.com\/www.freidenker.org\/fw17\/wp-content\/uploads\/2026\/03\/einladung_hofbauer_2026-04_800x450.jpg?fit=800%2C450&ssl=1&resize=525%2C300 1.5x, https:\/\/i0.wp.com\/www.freidenker.org\/fw17\/wp-content\/uploads\/2026\/03\/einladung_hofbauer_2026-04_800x450.jpg?fit=800%2C450&ssl=1&resize=700%2C400 2x"},"classes":[]},{"id":6384,"url":"https:\/\/www.freidenker.org\/?p=6384","url_meta":{"origin":11584,"position":5},"title":"Frankfurt &#8211; Abgesang der Friedensbewegung","author":"Webredaktion","date":"14. Mai 2019","format":false,"excerpt":"Beitrag von Rainer Rupp Was macht die deutsche Friedensbewegung dieses Jahr am 8. Mai? In einer Zeit zunehmender US-NATO-Kriege und Kriegsdrohungen, auch in Europa, w\u00e4re bundesweit eine machtvolle Demonstration angesagt. Das Gegenteil ist der Fall, wie das Beispiel Frankfurt zeigt. ... Tats\u00e4chlich handelt es sich bei den Frankfurter Feierlichkeiten nicht\u2026","rel":"","context":"In &quot;Frieden - Antifaschismus - Solidarit\u00e4t&quot;","block_context":{"text":"Frieden - Antifaschismus - Solidarit\u00e4t","link":"https:\/\/www.freidenker.org\/?cat=13"},"img":{"alt_text":"","src":"https:\/\/i0.wp.com\/www.freidenker.org\/fw17\/wp-content\/uploads\/2019\/05\/tag_der_befreiung.jpg?fit=800%2C445&ssl=1&resize=350%2C200","width":350,"height":200,"srcset":"https:\/\/i0.wp.com\/www.freidenker.org\/fw17\/wp-content\/uploads\/2019\/05\/tag_der_befreiung.jpg?fit=800%2C445&ssl=1&resize=350%2C200 1x, https:\/\/i0.wp.com\/www.freidenker.org\/fw17\/wp-content\/uploads\/2019\/05\/tag_der_befreiung.jpg?fit=800%2C445&ssl=1&resize=525%2C300 1.5x, https:\/\/i0.wp.com\/www.freidenker.org\/fw17\/wp-content\/uploads\/2019\/05\/tag_der_befreiung.jpg?fit=800%2C445&ssl=1&resize=700%2C400 2x"},"classes":[]}],"_links":{"self":[{"href":"https:\/\/www.freidenker.org\/index.php?rest_route=\/wp\/v2\/posts\/11584","targetHints":{"allow":["GET"]}}],"collection":[{"href":"https:\/\/www.freidenker.org\/index.php?rest_route=\/wp\/v2\/posts"}],"about":[{"href":"https:\/\/www.freidenker.org\/index.php?rest_route=\/wp\/v2\/types\/post"}],"author":[{"embeddable":true,"href":"https:\/\/www.freidenker.org\/index.php?rest_route=\/wp\/v2\/users\/3"}],"replies":[{"embeddable":true,"href":"https:\/\/www.freidenker.org\/index.php?rest_route=%2Fwp%2Fv2%2Fcomments&post=11584"}],"version-history":[{"count":0,"href":"https:\/\/www.freidenker.org\/index.php?rest_route=\/wp\/v2\/posts\/11584\/revisions"}],"wp:featuredmedia":[{"embeddable":true,"href":"https:\/\/www.freidenker.org\/index.php?rest_route=\/wp\/v2\/media\/11587"}],"wp:attachment":[{"href":"https:\/\/www.freidenker.org\/index.php?rest_route=%2Fwp%2Fv2%2Fmedia&parent=11584"}],"wp:term":[{"taxonomy":"category","embeddable":true,"href":"https:\/\/www.freidenker.org\/index.php?rest_route=%2Fwp%2Fv2%2Fcategories&post=11584"},{"taxonomy":"post_tag","embeddable":true,"href":"https:\/\/www.freidenker.org\/index.php?rest_route=%2Fwp%2Fv2%2Ftags&post=11584"}],"curies":[{"name":"wp","href":"https:\/\/api.w.org\/{rel}","templated":true}]}}