{"id":1152,"date":"2016-06-10T22:37:02","date_gmt":"2016-06-10T20:37:02","guid":{"rendered":"http:\/\/www.freidenker.org\/fw17\/?p=1152"},"modified":"2018-02-25T12:48:39","modified_gmt":"2018-02-25T11:48:39","slug":"freidenker-brief-4-2016-aufwachen-gegen-die-massive-kriegsbedrohung-aufstehen","status":"publish","type":"post","link":"https:\/\/www.freidenker.org\/?p=1152","title":{"rendered":"Freidenker-Brief 4-2016: &#8222;Aufwachen: Gegen die massive Kriegsbedrohung aufstehen&#8220;"},"content":{"rendered":"<p><em><span style=\"color: black;\">Freidenker-Brief Nr. <\/span>4 &#8211; <span style=\"color: black;\">2016 vom 10.<\/span> <span style=\"color: black;\">Juni 2016<\/span><\/em><\/p>\n<p>Der Deutsche Freidenker-Verband verbreitet hiermit den beim Verbandstag beschlossenen Friedensappell: \u201e<strong><a href=\"https:\/\/www.freidenker.org\/?p=1149\">Aufwachen: Gegen die massive Kriegsbedrohung aufstehen<\/a><\/strong>\u201c (siehe auch den Aufruf als\u00a0<img data-recalc-dims=\"1\" loading=\"lazy\" decoding=\"async\" data-attachment-id=\"1072\" data-permalink=\"https:\/\/www.freidenker.org\/?attachment_id=1072\" data-orig-file=\"https:\/\/i0.wp.com\/www.freidenker.org\/fw17\/wp-content\/uploads\/2017\/10\/pdf_icon-e1509487447542.png?fit=16%2C16&amp;ssl=1\" data-orig-size=\"16,16\" data-comments-opened=\"0\" data-image-meta=\"{&quot;aperture&quot;:&quot;0&quot;,&quot;credit&quot;:&quot;&quot;,&quot;camera&quot;:&quot;&quot;,&quot;caption&quot;:&quot;&quot;,&quot;created_timestamp&quot;:&quot;0&quot;,&quot;copyright&quot;:&quot;&quot;,&quot;focal_length&quot;:&quot;0&quot;,&quot;iso&quot;:&quot;0&quot;,&quot;shutter_speed&quot;:&quot;0&quot;,&quot;title&quot;:&quot;&quot;,&quot;orientation&quot;:&quot;0&quot;}\" data-image-title=\"pdf_icon_16\" data-image-description=\"\" data-image-caption=\"\" data-large-file=\"https:\/\/i0.wp.com\/www.freidenker.org\/fw17\/wp-content\/uploads\/2017\/10\/pdf_icon-e1509487447542.png?fit=16%2C16&amp;ssl=1\" class=\"alignnone size-full wp-image-1072\" src=\"https:\/\/i0.wp.com\/www.freidenker.org\/fw17\/wp-content\/uploads\/2017\/10\/pdf_icon-e1509487447542.png?resize=16%2C16&#038;ssl=1\" alt=\"\" width=\"16\" height=\"16\" \/> <strong><a href=\"https:\/\/www.freidenker.org\/fw17\/wp-content\/uploads\/2017\/11\/160608-appellfrieden.pdf\" target=\"_blank\" rel=\"noopener\">PDF-Dokument<\/a><\/strong>, ca. 435 KB), derzeit gerade passend zu den \u201eAnaconda\u201c-Kriegsspielen der NATO in Polen, mit denen das \u201eaggressive\u201c Russland eingesch\u00fcchtert werden soll, mit denen Washington den Europ\u00e4ern erneut vor Augen f\u00fchrt, wer der Boss ist, und passend auch zum Wei\u00dfbuch der Bundeswehr, in dem die \u201eB\u00fcndnissolidarit\u00e4t als Teil deutscher Staatsr\u00e4son\u201c festgelegt und der Weltmachtanspruch der Herrschenden erhoben wird, &#8222;die globale Ordnung aktiv mitzugestalten&#8220;, passend schlie\u00dflich zum \u201eTag der Bundeswehr\u201c, mit dem f\u00fcr sinnloses T\u00f6ten und Sterben geworben, Gefahrenbewusstsein vernebelt, und Volksverm\u00f6gen verschleudert wird.<\/p>\n<p>Siehe auch:<\/p>\n<ul>\n<li>Rainer Rupp, \u201eEuropas vergessene Sicherheitsmaxime: Sicherheit muss auch Sicherheit der Gegenseite gew\u00e4hrleisten\u201c: <a href=\"https:\/\/deutsch.rt.com\/meinung\/38822-europas-vergessene-sicherheitsmaxime-sicherheit-muss\/\" target=\"_blank\" rel=\"noreferrer noopener\">https:\/\/deutsch.rt.com\/meinung\/38822-europas-vergessene-sicherheitsmaxime-sicherheit-muss\/<\/a><\/li>\n<\/ul>\n<p>Pressemitteilung zum DFV-Verbandstag:<\/p>\n<ul>\n<li><a href=\"http:\/\/www.jungewelt.de\/2016\/06-08\/037.php\" target=\"_blank\" rel=\"noreferrer noopener\">http:\/\/www.jungewelt.de\/2016\/06-08\/037.php<\/a><\/li>\n<li><a href=\"http:\/\/www.unsere-zeit.de\/de\/4823\/innenpolitik\/2812\/Wie-wollen-wir-leben.htm\" target=\"_blank\" rel=\"noreferrer noopener\">http:\/\/www.unsere-zeit.de\/de\/4823\/innenpolitik\/2812\/Wie-wollen-wir-leben.htm<\/a><\/li>\n<li><a href=\"http:\/\/www.nrhz.de\/flyer\/beitrag.php?id=22858\" target=\"_blank\" rel=\"noreferrer noopener\">http:\/\/www.nrhz.de\/flyer\/beitrag.php?id=22858<\/a><\/li>\n<\/ul>\n<hr \/>\n<p>Foto: arbeiterfotografie.com<\/p>\n","protected":false},"excerpt":{"rendered":"<p><strong>Der Deutsche Freidenker-Verband verbreitet hiermit den beim Verbandstag beschlossenen Friedensappell: \u201eAufwachen: Gegen die massive Kriegsbedrohung aufstehen\u201c<\/strong>, derzeit gerade passend zu den \u201eAnaconda\u201c-Kriegsspielen der NATO in Polen, mit denen das \u201eaggressive\u201c Russland eingesch\u00fcchtert werden soll, mit denen Washington den Europ\u00e4ern erneut vor Augen f\u00fchrt, wer der Boss ist, und passend auch zum Wei\u00dfbuch der Bundeswehr, in dem die \u201eB\u00fcndnissolidarit\u00e4t als Teil deutscher Staatsr\u00e4son\u201c festgelegt und der Weltmachtanspruch der Herrschenden erhoben wird, &#8222;die globale Ordnung aktiv mitzugestalten&#8220; &#8230;<\/p>\n","protected":false},"author":3,"featured_media":1368,"comment_status":"closed","ping_status":"closed","sticky":false,"template":"","format":"standard","meta":{"colormag_page_container_layout":"default_layout","colormag_page_sidebar_layout":"default_layout","advanced_seo_description":"","jetpack_seo_html_title":"","jetpack_seo_noindex":false,"jetpack_post_was_ever_published":false,"footnotes":""},"categories":[341,13],"tags":[338,335,188,410],"class_list":["post-1152","post","type-post","status-publish","format-standard","has-post-thumbnail","hentry","category-freidenker-brief","category-frieden-antifaschismus-solidaritaet","tag-freidenker-brief","tag-frieden","tag-krieg","tag-verbandstag"],"jetpack_featured_media_url":"https:\/\/i0.wp.com\/www.freidenker.org\/fw17\/wp-content\/uploads\/2016\/06\/2016-06-05-1-0445-800x445.jpg?fit=800%2C445&ssl=1","jetpack_shortlink":"https:\/\/wp.me\/p9stpK-iA","jetpack-related-posts":[{"id":1149,"url":"https:\/\/www.freidenker.org\/?p=1149","url_meta":{"origin":1152,"position":0},"title":"Appell vom Potsdamer Verbandstag: &#8222;Aufwachen: Gegen die massive Kriegsbedrohung aufstehen!&#8220;","author":"Webredaktion","date":"10. Juni 2016","format":false,"excerpt":"Wir Freidenkerinnen und Freidenker in Deutschland erheben mit gro\u00dfer Sorge unsere Stimme gegen das Anwachsen der Kriegsgefahr in Europa. Wir appellieren an alle Menschen, nicht wie im Schlafwagen einem neuen gro\u00dfen Krieg entgegen zu rasen, sondern die Warnsignale zu sehen und die Fahrt in den Abgrund zu stoppen. Die USA,\u2026","rel":"","context":"In &quot;Frieden - Antifaschismus - Solidarit\u00e4t&quot;","block_context":{"text":"Frieden - Antifaschismus - Solidarit\u00e4t","link":"https:\/\/www.freidenker.org\/?cat=13"},"img":{"alt_text":"","src":"https:\/\/i0.wp.com\/www.freidenker.org\/fw17\/wp-content\/uploads\/2016\/06\/potsdam-363898_800x445.jpg?fit=800%2C445&ssl=1&resize=350%2C200","width":350,"height":200,"srcset":"https:\/\/i0.wp.com\/www.freidenker.org\/fw17\/wp-content\/uploads\/2016\/06\/potsdam-363898_800x445.jpg?fit=800%2C445&ssl=1&resize=350%2C200 1x, https:\/\/i0.wp.com\/www.freidenker.org\/fw17\/wp-content\/uploads\/2016\/06\/potsdam-363898_800x445.jpg?fit=800%2C445&ssl=1&resize=525%2C300 1.5x, https:\/\/i0.wp.com\/www.freidenker.org\/fw17\/wp-content\/uploads\/2016\/06\/potsdam-363898_800x445.jpg?fit=800%2C445&ssl=1&resize=700%2C400 2x"},"classes":[]},{"id":1146,"url":"https:\/\/www.freidenker.org\/?p=1146","url_meta":{"origin":1152,"position":1},"title":"Freidenker-Brief 3-2016: Freidenker-Verbandstag und KenFM-Interview mit Klaus Hartmann","author":"Webredaktion","date":"7. Juni 2016","format":false,"excerpt":"Der \"Freidenker-Brief\" gibt zun\u00e4chst die Presseerkl\u00e4rung zum Freidenker-Verbandstag wieder, und verweist auf ein Telefon-Interview von KenFM mit Klaus Hartmann, in dem der DFV-Bundesvorsitzende erl\u00e4utert, wer die Freidenker sind, woher sie kommen, wof\u00fcr die stehen, und wie sie in der Friedenbewegung aktiv sind. Klaus Hartmann vertritt darin die Auffassung, dass die\u2026","rel":"","context":"In &quot;Freidenker-Brief&quot;","block_context":{"text":"Freidenker-Brief","link":"https:\/\/www.freidenker.org\/?cat=341"},"img":{"alt_text":"","src":"https:\/\/i0.wp.com\/www.freidenker.org\/fw17\/wp-content\/uploads\/2016\/06\/news-1713669_800x445.jpg?fit=800%2C445&ssl=1&resize=350%2C200","width":350,"height":200,"srcset":"https:\/\/i0.wp.com\/www.freidenker.org\/fw17\/wp-content\/uploads\/2016\/06\/news-1713669_800x445.jpg?fit=800%2C445&ssl=1&resize=350%2C200 1x, https:\/\/i0.wp.com\/www.freidenker.org\/fw17\/wp-content\/uploads\/2016\/06\/news-1713669_800x445.jpg?fit=800%2C445&ssl=1&resize=525%2C300 1.5x, https:\/\/i0.wp.com\/www.freidenker.org\/fw17\/wp-content\/uploads\/2016\/06\/news-1713669_800x445.jpg?fit=800%2C445&ssl=1&resize=700%2C400 2x"},"classes":[]},{"id":3239,"url":"https:\/\/www.freidenker.org\/?p=3239","url_meta":{"origin":1152,"position":2},"title":"Aufkl\u00e4rung gegen Krise und Volksverdummung","author":"Webredaktion","date":"26. Mai 2009","format":false,"excerpt":"Presseberichte von jW und RedGlobe zum Verbandstag des Deutschen Freidenker-Verbandes am 22.\/23. Mai 2009 Am Wochenende trafen sich die Delegierten der Landesverb\u00e4nde des Deutschen Freidenker-Verbandes zu ihrem alle drei Jahre stattfindenden Verbandstag in Berlin. Die Versammlung bekr\u00e4ftigte, da\u00df die Freidenker in der Aufkl\u00e4rung die Hauptaufgabe ihrer weltanschaulichen T\u00e4tigkeit sehen. Allerdings\u2026","rel":"","context":"In &quot;Zentrale Veranstaltungen&quot;","block_context":{"text":"Zentrale Veranstaltungen","link":"https:\/\/www.freidenker.org\/?cat=20"},"img":{"alt_text":"","src":"https:\/\/i0.wp.com\/www.freidenker.org\/fw17\/wp-content\/uploads\/2009\/05\/vt_2009_vorstand.jpg?fit=800%2C445&ssl=1&resize=350%2C200","width":350,"height":200,"srcset":"https:\/\/i0.wp.com\/www.freidenker.org\/fw17\/wp-content\/uploads\/2009\/05\/vt_2009_vorstand.jpg?fit=800%2C445&ssl=1&resize=350%2C200 1x, https:\/\/i0.wp.com\/www.freidenker.org\/fw17\/wp-content\/uploads\/2009\/05\/vt_2009_vorstand.jpg?fit=800%2C445&ssl=1&resize=525%2C300 1.5x, https:\/\/i0.wp.com\/www.freidenker.org\/fw17\/wp-content\/uploads\/2009\/05\/vt_2009_vorstand.jpg?fit=800%2C445&ssl=1&resize=700%2C400 2x"},"classes":[]},{"id":6231,"url":"https:\/\/www.freidenker.org\/?p=6231","url_meta":{"origin":1152,"position":3},"title":"Wir trauern um Horst Schild","author":"Webredaktion","date":"16. April 2019","format":false,"excerpt":"Wir trauern um Dr. phil. habil. Horst Schild (7. Dezember 1940 \u2013 7. April 2019) Horst war Gr\u00fcndungsmitglied des Verbandes der Freidenker der DDR und gestaltete die beim Verbandstag 1991 in Braunschweig vollzogene Vereinigung zu einem gemeinsamen Deutschen Freidenker-Verband aktiv mit. Seitdem war er ununterbrochen f\u00fcr die Freidenker in Dresden\u2026","rel":"","context":"In &quot;Weltliche Trauerkultur&quot;","block_context":{"text":"Weltliche Trauerkultur","link":"https:\/\/www.freidenker.org\/?cat=17"},"img":{"alt_text":"","src":"https:\/\/i0.wp.com\/www.freidenker.org\/fw17\/wp-content\/uploads\/2019\/04\/horst_schild_nachruf_800x445.jpg?fit=800%2C445&ssl=1&resize=350%2C200","width":350,"height":200,"srcset":"https:\/\/i0.wp.com\/www.freidenker.org\/fw17\/wp-content\/uploads\/2019\/04\/horst_schild_nachruf_800x445.jpg?fit=800%2C445&ssl=1&resize=350%2C200 1x, https:\/\/i0.wp.com\/www.freidenker.org\/fw17\/wp-content\/uploads\/2019\/04\/horst_schild_nachruf_800x445.jpg?fit=800%2C445&ssl=1&resize=525%2C300 1.5x, https:\/\/i0.wp.com\/www.freidenker.org\/fw17\/wp-content\/uploads\/2019\/04\/horst_schild_nachruf_800x445.jpg?fit=800%2C445&ssl=1&resize=700%2C400 2x"},"classes":[]},{"id":456,"url":"https:\/\/www.freidenker.org\/?p=456","url_meta":{"origin":1152,"position":4},"title":"Freidenker-Verbandstag 2016","author":"Webmaster","date":"6. Juni 2016","format":false,"excerpt":"\"Wie wollen wir leben? Solidarisch und selbstbestimmt \u2013 ohne Kapitalismus und ohne Kriege\" - Unter diesem Motto tagte am 4. und 5. Juni 2016 in Potsdam der alle vier Jahre stattfindende Verbandstag des Deutschen Freidenker-Verbandes. Mehr als 50 Delegierte aus allen Bundesl\u00e4ndern sowie einige Dutzend weitere Funktion\u00e4re und G\u00e4ste gestalteten\u2026","rel":"","context":"In &quot;Zentrale Veranstaltungen&quot;","block_context":{"text":"Zentrale Veranstaltungen","link":"https:\/\/www.freidenker.org\/?cat=20"},"img":{"alt_text":"","src":"https:\/\/i0.wp.com\/www.freidenker.org\/fw17\/wp-content\/uploads\/2016\/08\/Verbandstag-2016.jpg?fit=800%2C445&ssl=1&resize=350%2C200","width":350,"height":200,"srcset":"https:\/\/i0.wp.com\/www.freidenker.org\/fw17\/wp-content\/uploads\/2016\/08\/Verbandstag-2016.jpg?fit=800%2C445&ssl=1&resize=350%2C200 1x, https:\/\/i0.wp.com\/www.freidenker.org\/fw17\/wp-content\/uploads\/2016\/08\/Verbandstag-2016.jpg?fit=800%2C445&ssl=1&resize=525%2C300 1.5x, https:\/\/i0.wp.com\/www.freidenker.org\/fw17\/wp-content\/uploads\/2016\/08\/Verbandstag-2016.jpg?fit=800%2C445&ssl=1&resize=700%2C400 2x"},"classes":[]},{"id":1391,"url":"https:\/\/www.freidenker.org\/?p=1391","url_meta":{"origin":1152,"position":5},"title":"Freidenker-Brief 2-2017: \u201eSyrien erk\u00e4mpft den Sieg\u201c","author":"Webredaktion","date":"30. August 2017","format":false,"excerpt":"Der deutsche Freidenkerverband ist Mitveranstalter der Demonstration \u201eSyrien erk\u00e4mpft den Sieg\u201c gegen den Terrorkrieg von NATO, Zionisten, \"Islamischem Staat\" und Golfmonarchen\" am 2.9.2017 in Frankfurt am Main. Auftaktkundgebung um 13 Uhr an der Alten Oper. Hauptveranstalter ist das Frankfurter Solidarit\u00e4tskomitee f\u00fcr Syrien. Wir laden Sie herzlich ein, an der Demonstration\u2026","rel":"","context":"In &quot;Freidenker-Brief&quot;","block_context":{"text":"Freidenker-Brief","link":"https:\/\/www.freidenker.org\/?cat=341"},"img":{"alt_text":"","src":"https:\/\/i0.wp.com\/www.freidenker.org\/fw17\/wp-content\/uploads\/2017\/08\/International_Mine_Action_Center_in_Syria_Aleppo_45.jpg?fit=800%2C445&ssl=1&resize=350%2C200","width":350,"height":200,"srcset":"https:\/\/i0.wp.com\/www.freidenker.org\/fw17\/wp-content\/uploads\/2017\/08\/International_Mine_Action_Center_in_Syria_Aleppo_45.jpg?fit=800%2C445&ssl=1&resize=350%2C200 1x, https:\/\/i0.wp.com\/www.freidenker.org\/fw17\/wp-content\/uploads\/2017\/08\/International_Mine_Action_Center_in_Syria_Aleppo_45.jpg?fit=800%2C445&ssl=1&resize=525%2C300 1.5x, https:\/\/i0.wp.com\/www.freidenker.org\/fw17\/wp-content\/uploads\/2017\/08\/International_Mine_Action_Center_in_Syria_Aleppo_45.jpg?fit=800%2C445&ssl=1&resize=700%2C400 2x"},"classes":[]}],"_links":{"self":[{"href":"https:\/\/www.freidenker.org\/index.php?rest_route=\/wp\/v2\/posts\/1152","targetHints":{"allow":["GET"]}}],"collection":[{"href":"https:\/\/www.freidenker.org\/index.php?rest_route=\/wp\/v2\/posts"}],"about":[{"href":"https:\/\/www.freidenker.org\/index.php?rest_route=\/wp\/v2\/types\/post"}],"author":[{"embeddable":true,"href":"https:\/\/www.freidenker.org\/index.php?rest_route=\/wp\/v2\/users\/3"}],"replies":[{"embeddable":true,"href":"https:\/\/www.freidenker.org\/index.php?rest_route=%2Fwp%2Fv2%2Fcomments&post=1152"}],"version-history":[{"count":0,"href":"https:\/\/www.freidenker.org\/index.php?rest_route=\/wp\/v2\/posts\/1152\/revisions"}],"wp:featuredmedia":[{"embeddable":true,"href":"https:\/\/www.freidenker.org\/index.php?rest_route=\/wp\/v2\/media\/1368"}],"wp:attachment":[{"href":"https:\/\/www.freidenker.org\/index.php?rest_route=%2Fwp%2Fv2%2Fmedia&parent=1152"}],"wp:term":[{"taxonomy":"category","embeddable":true,"href":"https:\/\/www.freidenker.org\/index.php?rest_route=%2Fwp%2Fv2%2Fcategories&post=1152"},{"taxonomy":"post_tag","embeddable":true,"href":"https:\/\/www.freidenker.org\/index.php?rest_route=%2Fwp%2Fv2%2Ftags&post=1152"}],"curies":[{"name":"wp","href":"https:\/\/api.w.org\/{rel}","templated":true}]}}