{"id":11500,"date":"2002-01-28T18:04:25","date_gmt":"2002-01-28T17:04:25","guid":{"rendered":"https:\/\/www.freidenker.org\/?p=11500"},"modified":"2021-10-30T22:38:47","modified_gmt":"2021-10-30T20:38:47","slug":"stellungnahme-zur-militaerseelsorge","status":"publish","type":"post","link":"https:\/\/www.freidenker.org\/?p=11500","title":{"rendered":"Stellungnahme zur Milit\u00e4rseelsorge"},"content":{"rendered":"<h5>Stellungnahme der Fachtagung des Deutschen Freidenker-Verbandes und des Internationalen Bundes der Konfessionslosen und Atheisten am 26.\/27.01.2002 zum Thema \u201eMilit\u00e4rseelsorge\u201c<\/h5>\n<p>Kriege werden wieder und immer noch f\u00fcr wirtschaftliche und geostrategische Interessen gef\u00fchrt. Vermehrt finden Interventionen und &#8222;Auslandseins\u00e4tze&#8220; au\u00dferhalb der Grenzen der Teilnehmerstaaten von Milit\u00e4rb\u00fcndnissen und ohne Legitimation durch die Vereinten Nationen statt. Krieg und Gewalt d\u00fcrfen jedoch nicht als Mittel der Politik rehabilitiert werden, sondern m\u00fcssen international ge\u00e4chtet werden.<\/p>\n<p>Wir lehnen die so genannte \u201eMilit\u00e4rseelsorge\u201c ab, da sie der \u00f6ffentlichen Akzeptanz und der Legitimation von Kriegen ebenso dient, wie der &#8222;moralischen&#8220; Aufr\u00fcstung des milit\u00e4rischen Personals. Dies best\u00e4tigen nachdr\u00fccklich \u00c4u\u00dferungen wie die des katholischen Milit\u00e4rbischofs Mixa: \u201eDie Soldaten m\u00fcssen den Auftrag, den ihnen der Staat erteilt, guten Gewissens erf\u00fcllen k\u00f6nnen\u201c (Die Tagespost, 13.11.2001). Und entsprechend der \u201ever\u00e4nderten Auftragslage\u201c und \u201eNeuausrichtung der Bundeswehr\u201c auf weltweite NATO-Interventionen sieht Mixa den \u201eSchwerpunkt in seelsorgerischer Einsatzbegleitung\u201c (\u201eVerteidigungsausschuss\u201c des Deutschen Bundestages am 14.11.2001).<\/p>\n<p>Die Kirchen sch\u00e4tzen das deutsche System der \u201eMilit\u00e4rseelsorge\u201c als \u201eweltweit einzigartig\u201c (so der evangelische Milit\u00e4rbischof L\u00f6we auf der Internetseite der evangelischen Milit\u00e4rseelsorge), da es ihnen die staatlich organisierte und finanzierte Missionierung in den Kasernen erm\u00f6glicht. Die Verbreitung christlicher Ideologie wird von allen, auch den konfessionell nicht gebundenen Steuerzahlern finanziert.<\/p>\n<p>Diese Privilegierung ist ein Versto\u00df gegen den Grundsatz der Trennung von Staat und Kirche und bedeutet eine Diskriminierung und Verletzung der Gleichheit konfessionell nicht Gebundener. Eine Gleichstellung anderer weltanschaulicher Organisationen durch die Gew\u00e4hrung der gleichen ungerechtfertigten Privilegien hebt diesen Versto\u00df nicht auf und ist genauso abzulehnen wie das bisher praktizierte \u201eMilit\u00e4rseelsorge\u201c-System.<\/p>\n<p>Wir nehmen die anstehende Neuregelung des Milit\u00e4rseelsorge-Systems zum Anlass f\u00fcr eine Initiative zur generellen Abschaffung der staatlich organisierten und finanzierten Milit\u00e4rseelsorge. Wir fordern von Bundesregierung und Bundestag die ersatzlose Aufhebung der Rechtsgrundlagen des gegenw\u00e4rtigen Milit\u00e4rseelsorgesystems, so des zur Remilitarisierung (West-) Deutschlands 1957 geschlossenen Milit\u00e4rseelsorgevertrags mit der EKD und des Hitler-Konkordats von 1933 mit dem Vatikan.<\/p>\n<p>&nbsp;<\/p>\n<hr \/>\n<p><span style=\"font-size: 10pt;\">Bild: Ein deutscher Milit\u00e4rseelsorger \u00fcberreicht w\u00e4hrend einer Zeremonie, bei der die Soldaten w\u00e4hrend ihres Kampfeinsatzes in Nordafghanistan gesegnet werden, einen Kelch mit Wein, der das Blut Jesu Christi symbolisieren soll<span class=\"mw-mmv-title\">\u00a0(2011)<br \/>\nFoto: Burton Eichen &#8211; Gemeinfrei<br \/>\n<\/span>Quelle: <a href=\"https:\/\/commons.wikimedia.org\/w\/index.php?curid=41513910\" target=\"_blank\" rel=\"noopener\">https:\/\/commons.wikimedia.org\/w\/index.php?curid=41513910<\/a><\/span><\/p>\n<p>&nbsp;<\/p>\n","protected":false},"excerpt":{"rendered":"<p><b>Stellungnahme der Fachtagung des Deutschen Freidenker-Verbandes und des Internationalen Bundes der Konfessionslosen und Atheisten am 26.\/27.01.2002 zum Thema \u201eMilit\u00e4rseelsorge\u201c<\/b><br \/>\nKriege werden wieder und immer noch f\u00fcr wirtschaftliche und geostrategische Interessen gef\u00fchrt. Vermehrt finden Interventionen und &#8222;Auslandseins\u00e4tze&#8220; au\u00dferhalb der Grenzen der Teilnehmerstaaten von Milit\u00e4rb\u00fcndnissen und ohne Legitimation durch die Vereinten Nationen statt. Krieg und Gewalt d\u00fcrfen jedoch nicht als Mittel der Politik rehabilitiert werden, sondern m\u00fcssen international ge\u00e4chtet werden. Wir lehnen die so genannte \u201eMilit\u00e4rseelsorge\u201c ab, da sie der \u00f6ffentlichen Akzeptanz und der Legitimation von Kriegen ebenso dient, wie der &#8222;moralischen&#8220; Aufr\u00fcstung des milit\u00e4rischen Personals.<\/p>\n","protected":false},"author":3,"featured_media":11510,"comment_status":"closed","ping_status":"closed","sticky":false,"template":"","format":"standard","meta":{"colormag_page_container_layout":"default_layout","colormag_page_sidebar_layout":"default_layout","advanced_seo_description":"","jetpack_seo_html_title":"","jetpack_seo_noindex":false,"jetpack_post_was_ever_published":false,"footnotes":""},"categories":[15],"tags":[27,1448,1446,388,1447,1379],"class_list":["post-11500","post","type-post","status-publish","format-standard","has-post-thumbnail","hentry","category-religions-kirchenkritik","tag-deutscher-freidenker-verband","tag-evangelische-kirche","tag-ibka","tag-katholische-kirche","tag-militaerseelsorge","tag-privilegien"],"jetpack_featured_media_url":"https:\/\/i0.wp.com\/www.freidenker.org\/fw17\/wp-content\/uploads\/2002\/01\/Camp_life_DVIDS417039_800x450.jpg?fit=800%2C450&ssl=1","jetpack_shortlink":"https:\/\/wp.me\/p9stpK-2Zu","jetpack-related-posts":[{"id":24777,"url":"https:\/\/www.freidenker.org\/?p=24777","url_meta":{"origin":11500,"position":0},"title":"Pressemitteilung: Freidenker-Protest gegen Kriegskurs der Kirchen","author":"Webredaktion","date":"31. M\u00e4rz 2026","format":false,"excerpt":"Der Verbandsvorstand des Deutschen Freidenker-Verbandes, der am 28. und 29. M\u00e4rz 2026 in Magdeburg tagte, hat einstimmig die folgende Erkl\u00e4rung beschlossen: Der Deutsche Freidenker-Verband sieht die Bereitschaft der Katholischen und Evangelischen Kirche in Deutschland, dem Marsch in einen Krieg gegen Russland geistliche Sch\u00fctzenhilfe zu leisten, als alarmierend und emp\u00f6rend an.\u2026","rel":"","context":"In &quot;Positionen&quot;","block_context":{"text":"Positionen","link":"https:\/\/www.freidenker.org\/?cat=210"},"img":{"alt_text":"","src":"https:\/\/i0.wp.com\/www.freidenker.org\/fw17\/wp-content\/uploads\/2026\/03\/keine_segensworte_fuer_waffen_800x450.jpg?fit=800%2C450&ssl=1&resize=350%2C200","width":350,"height":200,"srcset":"https:\/\/i0.wp.com\/www.freidenker.org\/fw17\/wp-content\/uploads\/2026\/03\/keine_segensworte_fuer_waffen_800x450.jpg?fit=800%2C450&ssl=1&resize=350%2C200 1x, https:\/\/i0.wp.com\/www.freidenker.org\/fw17\/wp-content\/uploads\/2026\/03\/keine_segensworte_fuer_waffen_800x450.jpg?fit=800%2C450&ssl=1&resize=525%2C300 1.5x, https:\/\/i0.wp.com\/www.freidenker.org\/fw17\/wp-content\/uploads\/2026\/03\/keine_segensworte_fuer_waffen_800x450.jpg?fit=800%2C450&ssl=1&resize=700%2C400 2x"},"classes":[]},{"id":3208,"url":"https:\/\/www.freidenker.org\/?p=3208","url_meta":{"origin":11500,"position":1},"title":"Priesterlicher Missbrauch &#8211; Erkl\u00e4rung des DFV","author":"Webredaktion","date":"18. M\u00e4rz 2010","format":false,"excerpt":"Erkl\u00e4rung der Tagung des Verbandsvorstandes am 14. M\u00e4rz 2010 in Magdeburg Der Deutsche Freidenker-Verband verurteilt in sch\u00e4rfster Form die massenhaften Vergehen und Straftaten, die von W\u00fcrdentr\u00e4gern insbesondere der Katholischen Kirche gegen junge Menschen begangen wurden. Erst durch Einzelbeispiele, die mehr oder weniger zuf\u00e4llig an die \u00d6ffentlichkeit kamen, wurde eine Lawine\u2026","rel":"","context":"In &quot;Positionen&quot;","block_context":{"text":"Positionen","link":"https:\/\/www.freidenker.org\/?cat=210"},"img":{"alt_text":"","src":"https:\/\/i0.wp.com\/www.freidenker.org\/fw17\/wp-content\/uploads\/2010\/03\/child-1154951_800x445.jpg?fit=800%2C445&ssl=1&resize=350%2C200","width":350,"height":200,"srcset":"https:\/\/i0.wp.com\/www.freidenker.org\/fw17\/wp-content\/uploads\/2010\/03\/child-1154951_800x445.jpg?fit=800%2C445&ssl=1&resize=350%2C200 1x, https:\/\/i0.wp.com\/www.freidenker.org\/fw17\/wp-content\/uploads\/2010\/03\/child-1154951_800x445.jpg?fit=800%2C445&ssl=1&resize=525%2C300 1.5x, https:\/\/i0.wp.com\/www.freidenker.org\/fw17\/wp-content\/uploads\/2010\/03\/child-1154951_800x445.jpg?fit=800%2C445&ssl=1&resize=700%2C400 2x"},"classes":[]},{"id":642,"url":"https:\/\/www.freidenker.org\/?p=642","url_meta":{"origin":11500,"position":2},"title":"Klaus Hartmann: Aufstehen statt niederknien","author":"Webmaster","date":"17. September 2005","format":false,"excerpt":"Beitrag von Klaus Hartmann aus FREIDENKER 3-05 \"Weltjugendtag\" hei\u00dft die fromme Heerschau dieser Tage in K\u00f6ln, der Name jedoch ist Anma\u00dfung: Obwohl Hunderttausende erwartet werden, die \"Weltjugend\" ist das nicht \u2013 es ist ebenso wenig das Treffen von Atheisten wie von Buddhisten, Muslimen oder Hindus, Juden oder orthodoxen Chris\u00adten. Zumindest\u2026","rel":"","context":"In &quot;Religions- &amp; Kirchenkritik, S\u00e4kulare Szene&quot;","block_context":{"text":"Religions- &amp; Kirchenkritik, S\u00e4kulare Szene","link":"https:\/\/www.freidenker.org\/?cat=15"},"img":{"alt_text":"","src":"https:\/\/i0.wp.com\/www.freidenker.org\/fw17\/wp-content\/uploads\/2016\/08\/Papst.jpg?fit=800%2C445&ssl=1&resize=350%2C200","width":350,"height":200,"srcset":"https:\/\/i0.wp.com\/www.freidenker.org\/fw17\/wp-content\/uploads\/2016\/08\/Papst.jpg?fit=800%2C445&ssl=1&resize=350%2C200 1x, https:\/\/i0.wp.com\/www.freidenker.org\/fw17\/wp-content\/uploads\/2016\/08\/Papst.jpg?fit=800%2C445&ssl=1&resize=525%2C300 1.5x, https:\/\/i0.wp.com\/www.freidenker.org\/fw17\/wp-content\/uploads\/2016\/08\/Papst.jpg?fit=800%2C445&ssl=1&resize=700%2C400 2x"},"classes":[]},{"id":241,"url":"https:\/\/www.freidenker.org\/?p=241","url_meta":{"origin":11500,"position":3},"title":"Endlich \u2013 Staatskirche in Schweden abgeschafft!","author":"Webmaster","date":"10. Januar 2000","format":false,"excerpt":"Beitrag von Reinhard John Von der Presse fast unbeachtet, ging in Schweden ein dunkles Kapitel zuende: Die seit 473 Jahren bestehende Einheit von Staat und Kirche. Ein weiteres europ\u00e4isches Land hat endlich diese mittelalterliche Machtstellung einer Kirche beendet. K\u00f6nig Gustav Wasa schloss diese \"Zwangsehe von Thron und Altar\" im Jahre\u2026","rel":"","context":"In &quot;Religions- &amp; Kirchenkritik, S\u00e4kulare Szene&quot;","block_context":{"text":"Religions- &amp; Kirchenkritik, S\u00e4kulare Szene","link":"https:\/\/www.freidenker.org\/?cat=15"},"img":{"alt_text":"","src":"https:\/\/i0.wp.com\/www.freidenker.org\/fw17\/wp-content\/uploads\/2016\/07\/Flag_Sweden.jpg?fit=800%2C445&ssl=1&resize=350%2C200","width":350,"height":200,"srcset":"https:\/\/i0.wp.com\/www.freidenker.org\/fw17\/wp-content\/uploads\/2016\/07\/Flag_Sweden.jpg?fit=800%2C445&ssl=1&resize=350%2C200 1x, https:\/\/i0.wp.com\/www.freidenker.org\/fw17\/wp-content\/uploads\/2016\/07\/Flag_Sweden.jpg?fit=800%2C445&ssl=1&resize=525%2C300 1.5x, https:\/\/i0.wp.com\/www.freidenker.org\/fw17\/wp-content\/uploads\/2016\/07\/Flag_Sweden.jpg?fit=800%2C445&ssl=1&resize=700%2C400 2x"},"classes":[]},{"id":8783,"url":"https:\/\/www.freidenker.org\/?p=8783","url_meta":{"origin":11500,"position":4},"title":"Potsdamer Friko gegen Ausstellung der Bundeswehr in der Garnisonkirche","author":"Webredaktion","date":"13. Oktober 2020","format":false,"excerpt":"Pressemitteilung der Friedenskoordination Potsdam zur Finanzierung der Dauerausstellung im Turm der Potsdamer Garnisonkirche durch die Bundeswehr In der letzten Woche war der lokalen Presse ... zu entnehmen, dass sich die Bundeswehr finanziell in das umstrittene Projekt zum Wiederaufbau der Potsdamer Hof- und Garnisonkirche einmischt. Dabei soll die neue Dauerausstellung im\u2026","rel":"","context":"In &quot;Frieden - Antifaschismus - Solidarit\u00e4t&quot;","block_context":{"text":"Frieden - Antifaschismus - Solidarit\u00e4t","link":"https:\/\/www.freidenker.org\/?cat=13"},"img":{"alt_text":"","src":"https:\/\/i0.wp.com\/www.freidenker.org\/fw17\/wp-content\/uploads\/2020\/10\/Bundesarchiv_Bild_183-S38324_Tag_von_Potsdam_Adolf_Hitler_Paul_v._Hindenburg_800x450.jpg?fit=800%2C450&ssl=1&resize=350%2C200","width":350,"height":200,"srcset":"https:\/\/i0.wp.com\/www.freidenker.org\/fw17\/wp-content\/uploads\/2020\/10\/Bundesarchiv_Bild_183-S38324_Tag_von_Potsdam_Adolf_Hitler_Paul_v._Hindenburg_800x450.jpg?fit=800%2C450&ssl=1&resize=350%2C200 1x, https:\/\/i0.wp.com\/www.freidenker.org\/fw17\/wp-content\/uploads\/2020\/10\/Bundesarchiv_Bild_183-S38324_Tag_von_Potsdam_Adolf_Hitler_Paul_v._Hindenburg_800x450.jpg?fit=800%2C450&ssl=1&resize=525%2C300 1.5x, https:\/\/i0.wp.com\/www.freidenker.org\/fw17\/wp-content\/uploads\/2020\/10\/Bundesarchiv_Bild_183-S38324_Tag_von_Potsdam_Adolf_Hitler_Paul_v._Hindenburg_800x450.jpg?fit=800%2C450&ssl=1&resize=700%2C400 2x"},"classes":[]},{"id":200,"url":"https:\/\/www.freidenker.org\/?p=200","url_meta":{"origin":11500,"position":5},"title":"Senat verschenkt Millionen Euro an die Hamburger Kirchen","author":"Webmaster","date":"22. September 2003","format":false,"excerpt":"Beitrag von Uwe Scheer Nach einer Meldung des Norddeutschen Rundfunks ... soll nach dem zuk\u00fcnftigen Kirchenstaatsvertrag, \u00fcber den noch verhandelt wird, sowohl der evangelischen Kirche als der katholischen Kirche der Eigenanteil an den Kindergartengeb\u00fchren vollst\u00e4ndig erlassen werden. Dieser Betrag betr\u00e4gt gegenw\u00e4rtig 10 Prozent der Eigenkosten, 90 Prozent brachte schon der\u2026","rel":"","context":"In &quot;Religions- &amp; Kirchenkritik, S\u00e4kulare Szene&quot;","block_context":{"text":"Religions- &amp; Kirchenkritik, S\u00e4kulare Szene","link":"https:\/\/www.freidenker.org\/?cat=15"},"img":{"alt_text":"","src":"https:\/\/i0.wp.com\/www.freidenker.org\/fw17\/wp-content\/uploads\/2016\/05\/Fahne_Hamburg.jpg?fit=800%2C445&ssl=1&resize=350%2C200","width":350,"height":200,"srcset":"https:\/\/i0.wp.com\/www.freidenker.org\/fw17\/wp-content\/uploads\/2016\/05\/Fahne_Hamburg.jpg?fit=800%2C445&ssl=1&resize=350%2C200 1x, https:\/\/i0.wp.com\/www.freidenker.org\/fw17\/wp-content\/uploads\/2016\/05\/Fahne_Hamburg.jpg?fit=800%2C445&ssl=1&resize=525%2C300 1.5x, https:\/\/i0.wp.com\/www.freidenker.org\/fw17\/wp-content\/uploads\/2016\/05\/Fahne_Hamburg.jpg?fit=800%2C445&ssl=1&resize=700%2C400 2x"},"classes":[]}],"_links":{"self":[{"href":"https:\/\/www.freidenker.org\/index.php?rest_route=\/wp\/v2\/posts\/11500","targetHints":{"allow":["GET"]}}],"collection":[{"href":"https:\/\/www.freidenker.org\/index.php?rest_route=\/wp\/v2\/posts"}],"about":[{"href":"https:\/\/www.freidenker.org\/index.php?rest_route=\/wp\/v2\/types\/post"}],"author":[{"embeddable":true,"href":"https:\/\/www.freidenker.org\/index.php?rest_route=\/wp\/v2\/users\/3"}],"replies":[{"embeddable":true,"href":"https:\/\/www.freidenker.org\/index.php?rest_route=%2Fwp%2Fv2%2Fcomments&post=11500"}],"version-history":[{"count":0,"href":"https:\/\/www.freidenker.org\/index.php?rest_route=\/wp\/v2\/posts\/11500\/revisions"}],"wp:featuredmedia":[{"embeddable":true,"href":"https:\/\/www.freidenker.org\/index.php?rest_route=\/wp\/v2\/media\/11510"}],"wp:attachment":[{"href":"https:\/\/www.freidenker.org\/index.php?rest_route=%2Fwp%2Fv2%2Fmedia&parent=11500"}],"wp:term":[{"taxonomy":"category","embeddable":true,"href":"https:\/\/www.freidenker.org\/index.php?rest_route=%2Fwp%2Fv2%2Fcategories&post=11500"},{"taxonomy":"post_tag","embeddable":true,"href":"https:\/\/www.freidenker.org\/index.php?rest_route=%2Fwp%2Fv2%2Ftags&post=11500"}],"curies":[{"name":"wp","href":"https:\/\/api.w.org\/{rel}","templated":true}]}}