{"id":1146,"date":"2016-06-07T22:06:08","date_gmt":"2016-06-07T20:06:08","guid":{"rendered":"http:\/\/www.freidenker.org\/fw17\/?p=1146"},"modified":"2018-02-18T22:54:36","modified_gmt":"2018-02-18T21:54:36","slug":"freidenker-brief-3-2016-freidenker-verbandstag-und-kenfm-interview-mit-klaus-hartmann","status":"publish","type":"post","link":"https:\/\/www.freidenker.org\/?p=1146","title":{"rendered":"Freidenker-Brief 3-2016: Freidenker-Verbandstag und KenFM-Interview mit Klaus Hartmann"},"content":{"rendered":"<p>Freidenker-Brief Nr. 3 &#8211; 2016 vom 7. Juni 2016<\/p>\n<p>Der &#8222;Freidenker-Brief&#8220; gibt zun\u00e4chst die <strong><a href=\"https:\/\/www.freidenker.org\/?p=456\">Presseerkl\u00e4rung zum Freidenker-Verbandstag<\/a><\/strong> wieder, und verweist dann auf ein Interview mit dem Verbandsvorsitzenden:<\/p>\n<p><strong>Ferner ist soeben unter <a href=\"https:\/\/www.youtube.com\/watch?v=2FCaswdtqzg\">https:\/\/www.youtube.com\/watch?v=2FCaswdtqzg<\/a> ein Telefon-Interview von KenFM mit Klaus Hartmann (<a href=\"https:\/\/www.freidenker.org\/?p=278\">siehe unten auf unserer Webseite<\/a>) erschienen, in dem der DFV-Bundesvorsitzende erl\u00e4utert, wer die Freidenker sind, woher sie kommen, wof\u00fcr die stehen, und wie sie in der Friedenbewegung aktiv sind. Er vertritt darin die Auffassung, dass die USA\/NATO-St\u00fctzpunkte in Deutschland, von denen wieder Krieg ausgeht, beseitigt werden k\u00f6nnen und m\u00fcssen. Er wirbt erneut f\u00fcr eine Beteiligung an der Aktion Stopp Ramstein am 10. \u2013 12. Juni 2016, die, wie er betont, auch dazu beitr\u00e4gt, die unterschiedlichen Initiativen der Friedenbewegung zusammenzuf\u00fchren.<br \/>\n<\/strong><\/p>\n<p><strong>Aktuelle Informationen, organisatorische Hinweise und praktische Informationen unter <a title=\"Hyperlink zur Webseite der Ramstein-Kampagne\" href=\"http:\/\/www.ramstein-kampagne.eu\" target=\"_blank\" rel=\"noopener\">http:\/\/www.ramstein-kampagne.eu<\/a><\/strong>.<\/p>\n<hr \/>\n<p>Bild: pixabay.com \/ User: geralt<\/p>\n","protected":false},"excerpt":{"rendered":"<p>Der &#8222;Freidenker-Brief&#8220; gibt zun\u00e4chst die Presseerkl\u00e4rung zum Freidenker-Verbandstag wieder, und verweist auf ein Telefon-Interview von KenFM mit Klaus Hartmann, in dem der DFV-Bundesvorsitzende erl\u00e4utert, wer die Freidenker sind, woher sie kommen, wof\u00fcr die stehen, und wie sie in der Friedenbewegung aktiv sind. Klaus Hartmann vertritt darin die Auffassung, dass die USA\/NATO-St\u00fctzpunkte in Deutschland, von denen wieder Krieg ausgeht, beseitigt werden k\u00f6nnen und m\u00fcssen.<\/p>\n","protected":false},"author":3,"featured_media":1379,"comment_status":"closed","ping_status":"closed","sticky":false,"template":"","format":"standard","meta":{"colormag_page_container_layout":"default_layout","colormag_page_sidebar_layout":"default_layout","advanced_seo_description":"","jetpack_seo_html_title":"","jetpack_seo_noindex":false,"jetpack_post_was_ever_published":false,"footnotes":""},"categories":[341,13,20],"tags":[27,60,410],"class_list":["post-1146","post","type-post","status-publish","format-standard","has-post-thumbnail","hentry","category-freidenker-brief","category-frieden-antifaschismus-solidaritaet","category-zentrale-veranstaltungen","tag-deutscher-freidenker-verband","tag-kampagne-stopp-ramstein","tag-verbandstag"],"jetpack_featured_media_url":"https:\/\/i0.wp.com\/www.freidenker.org\/fw17\/wp-content\/uploads\/2016\/06\/news-1713669_800x445.jpg?fit=800%2C445&ssl=1","jetpack_shortlink":"https:\/\/wp.me\/p9stpK-iu","jetpack-related-posts":[{"id":3239,"url":"https:\/\/www.freidenker.org\/?p=3239","url_meta":{"origin":1146,"position":0},"title":"Aufkl\u00e4rung gegen Krise und Volksverdummung","author":"Webredaktion","date":"26. Mai 2009","format":false,"excerpt":"Presseberichte von jW und RedGlobe zum Verbandstag des Deutschen Freidenker-Verbandes am 22.\/23. Mai 2009 Am Wochenende trafen sich die Delegierten der Landesverb\u00e4nde des Deutschen Freidenker-Verbandes zu ihrem alle drei Jahre stattfindenden Verbandstag in Berlin. Die Versammlung bekr\u00e4ftigte, da\u00df die Freidenker in der Aufkl\u00e4rung die Hauptaufgabe ihrer weltanschaulichen T\u00e4tigkeit sehen. Allerdings\u2026","rel":"","context":"In &quot;Zentrale Veranstaltungen&quot;","block_context":{"text":"Zentrale Veranstaltungen","link":"https:\/\/www.freidenker.org\/?cat=20"},"img":{"alt_text":"","src":"https:\/\/i0.wp.com\/www.freidenker.org\/fw17\/wp-content\/uploads\/2009\/05\/vt_2009_vorstand.jpg?fit=800%2C445&ssl=1&resize=350%2C200","width":350,"height":200,"srcset":"https:\/\/i0.wp.com\/www.freidenker.org\/fw17\/wp-content\/uploads\/2009\/05\/vt_2009_vorstand.jpg?fit=800%2C445&ssl=1&resize=350%2C200 1x, https:\/\/i0.wp.com\/www.freidenker.org\/fw17\/wp-content\/uploads\/2009\/05\/vt_2009_vorstand.jpg?fit=800%2C445&ssl=1&resize=525%2C300 1.5x, https:\/\/i0.wp.com\/www.freidenker.org\/fw17\/wp-content\/uploads\/2009\/05\/vt_2009_vorstand.jpg?fit=800%2C445&ssl=1&resize=700%2C400 2x"},"classes":[]},{"id":456,"url":"https:\/\/www.freidenker.org\/?p=456","url_meta":{"origin":1146,"position":1},"title":"Freidenker-Verbandstag 2016","author":"Webmaster","date":"6. Juni 2016","format":false,"excerpt":"\"Wie wollen wir leben? Solidarisch und selbstbestimmt \u2013 ohne Kapitalismus und ohne Kriege\" - Unter diesem Motto tagte am 4. und 5. Juni 2016 in Potsdam der alle vier Jahre stattfindende Verbandstag des Deutschen Freidenker-Verbandes. Mehr als 50 Delegierte aus allen Bundesl\u00e4ndern sowie einige Dutzend weitere Funktion\u00e4re und G\u00e4ste gestalteten\u2026","rel":"","context":"In &quot;Zentrale Veranstaltungen&quot;","block_context":{"text":"Zentrale Veranstaltungen","link":"https:\/\/www.freidenker.org\/?cat=20"},"img":{"alt_text":"","src":"https:\/\/i0.wp.com\/www.freidenker.org\/fw17\/wp-content\/uploads\/2016\/08\/Verbandstag-2016.jpg?fit=800%2C445&ssl=1&resize=350%2C200","width":350,"height":200,"srcset":"https:\/\/i0.wp.com\/www.freidenker.org\/fw17\/wp-content\/uploads\/2016\/08\/Verbandstag-2016.jpg?fit=800%2C445&ssl=1&resize=350%2C200 1x, https:\/\/i0.wp.com\/www.freidenker.org\/fw17\/wp-content\/uploads\/2016\/08\/Verbandstag-2016.jpg?fit=800%2C445&ssl=1&resize=525%2C300 1.5x, https:\/\/i0.wp.com\/www.freidenker.org\/fw17\/wp-content\/uploads\/2016\/08\/Verbandstag-2016.jpg?fit=800%2C445&ssl=1&resize=700%2C400 2x"},"classes":[]},{"id":452,"url":"https:\/\/www.freidenker.org\/?p=452","url_meta":{"origin":1146,"position":2},"title":"Freidenker-Verbandstag 2012 in N\u00fcrnberg","author":"Webmaster","date":"4. Juni 2012","format":false,"excerpt":"Am 2. und 3. Juni 2012 kamen die Delegierten der Landesverb\u00e4nde des Deutschen Freidenker-Verbandes (DFV) zu ihrem Verbandstag in N\u00fcrnberg zusammen, dem h\u00f6chsten Gremium der sich als Weltanschauungsgemeinschaft, Interessenvertretung konfessionsfreier Menschen und Kulturorganisation verstehenden Organisation. Der Kongress betonte die Notwendigkeit, der herrschenden Politik zur Zerst\u00f6rung von Humanit\u00e4t und Vernunft mit\u2026","rel":"","context":"In &quot;Positionen&quot;","block_context":{"text":"Positionen","link":"https:\/\/www.freidenker.org\/?cat=210"},"img":{"alt_text":"","src":"https:\/\/i0.wp.com\/www.freidenker.org\/fw17\/wp-content\/uploads\/2016\/08\/Verbandstag_2012.jpg?fit=800%2C445&ssl=1&resize=350%2C200","width":350,"height":200,"srcset":"https:\/\/i0.wp.com\/www.freidenker.org\/fw17\/wp-content\/uploads\/2016\/08\/Verbandstag_2012.jpg?fit=800%2C445&ssl=1&resize=350%2C200 1x, https:\/\/i0.wp.com\/www.freidenker.org\/fw17\/wp-content\/uploads\/2016\/08\/Verbandstag_2012.jpg?fit=800%2C445&ssl=1&resize=525%2C300 1.5x, https:\/\/i0.wp.com\/www.freidenker.org\/fw17\/wp-content\/uploads\/2016\/08\/Verbandstag_2012.jpg?fit=800%2C445&ssl=1&resize=700%2C400 2x"},"classes":[]},{"id":3237,"url":"https:\/\/www.freidenker.org\/?p=3237","url_meta":{"origin":1146,"position":3},"title":"Rechenschaftsbericht von Klaus Hartmann auf dem DFV Verbandstag 2009","author":"Webredaktion","date":"27. Mai 2009","format":false,"excerpt":"Videoaufzeichnung des Rechenschaftberichtes von Klaus Hartmann an den Verbandstag 2009 in Berlin Auszug: \"Unserem Verband wird von manchem vorgehalten, dass wir uns nicht ausschlie\u00dflich mit Kirche und Religion befassen ... Der Verbandsvorstand steht dagegen auf dem Standpunkt, dass wir den Irrationalismus insgesamt, in religi\u00f6ser wie weltlicher Gestalt ins Visier nehmen\u2026","rel":"","context":"In &quot;Positionen&quot;","block_context":{"text":"Positionen","link":"https:\/\/www.freidenker.org\/?cat=210"},"img":{"alt_text":"","src":"https:\/\/i0.wp.com\/www.freidenker.org\/fw17\/wp-content\/uploads\/2009\/05\/Hartmann_vt_2009.jpg?fit=800%2C445&ssl=1&resize=350%2C200","width":350,"height":200,"srcset":"https:\/\/i0.wp.com\/www.freidenker.org\/fw17\/wp-content\/uploads\/2009\/05\/Hartmann_vt_2009.jpg?fit=800%2C445&ssl=1&resize=350%2C200 1x, https:\/\/i0.wp.com\/www.freidenker.org\/fw17\/wp-content\/uploads\/2009\/05\/Hartmann_vt_2009.jpg?fit=800%2C445&ssl=1&resize=525%2C300 1.5x, https:\/\/i0.wp.com\/www.freidenker.org\/fw17\/wp-content\/uploads\/2009\/05\/Hartmann_vt_2009.jpg?fit=800%2C445&ssl=1&resize=700%2C400 2x"},"classes":[]},{"id":10927,"url":"https:\/\/www.freidenker.org\/?p=10927","url_meta":{"origin":1146,"position":4},"title":"Vern\u00fcnftiges Denken gegen Kriegshetze und Bewusstseinssteuerung","author":"Webredaktion","date":"30. Juli 2021","format":false,"excerpt":"Interview der UZ mit Sebastian Bahlo und Klaus Hartmann ... Sebastian Bahlo: Der Name Freidenker war fr\u00fcher eine Selbstbezeichnung f\u00fcr Atheisten. Mitglieder und Inte\u00adressenten wollen Freies Denken heute in einem erweiterten Sinne verstehen: rationales Denken, das sich auf nachpr\u00fcfbare Evidenz, auf Logik statt auf Scheinlogik st\u00fctzt und sich seine Grundannahmen\u2026","rel":"","context":"In &quot;Demokratie \u2013 Medien \u2013 Aufkl\u00e4rung&quot;","block_context":{"text":"Demokratie \u2013 Medien \u2013 Aufkl\u00e4rung","link":"https:\/\/www.freidenker.org\/?cat=12"},"img":{"alt_text":"","src":"https:\/\/i0.wp.com\/www.freidenker.org\/fw17\/wp-content\/uploads\/2021\/07\/bahlo_hartmann_marx_uz_800x445.jpg?fit=800%2C445&ssl=1&resize=350%2C200","width":350,"height":200,"srcset":"https:\/\/i0.wp.com\/www.freidenker.org\/fw17\/wp-content\/uploads\/2021\/07\/bahlo_hartmann_marx_uz_800x445.jpg?fit=800%2C445&ssl=1&resize=350%2C200 1x, https:\/\/i0.wp.com\/www.freidenker.org\/fw17\/wp-content\/uploads\/2021\/07\/bahlo_hartmann_marx_uz_800x445.jpg?fit=800%2C445&ssl=1&resize=525%2C300 1.5x, https:\/\/i0.wp.com\/www.freidenker.org\/fw17\/wp-content\/uploads\/2021\/07\/bahlo_hartmann_marx_uz_800x445.jpg?fit=800%2C445&ssl=1&resize=700%2C400 2x"},"classes":[]},{"id":278,"url":"https:\/\/www.freidenker.org\/?p=278","url_meta":{"origin":1146,"position":5},"title":"KenFM am Telefon: Klaus Hartmann (Deutscher Freidenker-Verband) zu Stopp Ramstein","author":"Webmaster","date":"7. Juni 2016","format":false,"excerpt":"Wer heute behauptet, unser Land w\u00e4re rechtlich nicht in der Lage, Ramstein zu schlie\u00dfen, ist entweder schlecht informiert, oder aber arbeitet bewusst mit der Taktik der T\u00e4uschung. Fakt ist, solange das wiedervereinigte Deutschland Mitglied der NATO ist, kann ein US-Standort nur geschlossen werden, wenn dem alle NATO-Mitglieder zustimmen. Beschlie\u00dft die\u2026","rel":"","context":"In &quot;Frieden - Antifaschismus - Solidarit\u00e4t&quot;","block_context":{"text":"Frieden - Antifaschismus - Solidarit\u00e4t","link":"https:\/\/www.freidenker.org\/?cat=13"},"img":{"alt_text":"","src":"https:\/\/i0.wp.com\/www.freidenker.org\/fw17\/wp-content\/uploads\/2016\/06\/kenfm-klaus-hartmann_800x445.jpg?fit=800%2C445&ssl=1&resize=350%2C200","width":350,"height":200,"srcset":"https:\/\/i0.wp.com\/www.freidenker.org\/fw17\/wp-content\/uploads\/2016\/06\/kenfm-klaus-hartmann_800x445.jpg?fit=800%2C445&ssl=1&resize=350%2C200 1x, https:\/\/i0.wp.com\/www.freidenker.org\/fw17\/wp-content\/uploads\/2016\/06\/kenfm-klaus-hartmann_800x445.jpg?fit=800%2C445&ssl=1&resize=525%2C300 1.5x, https:\/\/i0.wp.com\/www.freidenker.org\/fw17\/wp-content\/uploads\/2016\/06\/kenfm-klaus-hartmann_800x445.jpg?fit=800%2C445&ssl=1&resize=700%2C400 2x"},"classes":[]}],"_links":{"self":[{"href":"https:\/\/www.freidenker.org\/index.php?rest_route=\/wp\/v2\/posts\/1146","targetHints":{"allow":["GET"]}}],"collection":[{"href":"https:\/\/www.freidenker.org\/index.php?rest_route=\/wp\/v2\/posts"}],"about":[{"href":"https:\/\/www.freidenker.org\/index.php?rest_route=\/wp\/v2\/types\/post"}],"author":[{"embeddable":true,"href":"https:\/\/www.freidenker.org\/index.php?rest_route=\/wp\/v2\/users\/3"}],"replies":[{"embeddable":true,"href":"https:\/\/www.freidenker.org\/index.php?rest_route=%2Fwp%2Fv2%2Fcomments&post=1146"}],"version-history":[{"count":0,"href":"https:\/\/www.freidenker.org\/index.php?rest_route=\/wp\/v2\/posts\/1146\/revisions"}],"wp:featuredmedia":[{"embeddable":true,"href":"https:\/\/www.freidenker.org\/index.php?rest_route=\/wp\/v2\/media\/1379"}],"wp:attachment":[{"href":"https:\/\/www.freidenker.org\/index.php?rest_route=%2Fwp%2Fv2%2Fmedia&parent=1146"}],"wp:term":[{"taxonomy":"category","embeddable":true,"href":"https:\/\/www.freidenker.org\/index.php?rest_route=%2Fwp%2Fv2%2Fcategories&post=1146"},{"taxonomy":"post_tag","embeddable":true,"href":"https:\/\/www.freidenker.org\/index.php?rest_route=%2Fwp%2Fv2%2Ftags&post=1146"}],"curies":[{"name":"wp","href":"https:\/\/api.w.org\/{rel}","templated":true}]}}