{"id":11346,"date":"2021-10-04T00:04:33","date_gmt":"2021-10-03T22:04:33","guid":{"rendered":"https:\/\/www.freidenker.org\/?p=11346"},"modified":"2021-10-31T02:45:33","modified_gmt":"2021-10-31T01:45:33","slug":"bundestagswahl-unterstuetzung-der-dkp-durch-genossen-der-prcf","status":"publish","type":"post","link":"https:\/\/www.freidenker.org\/?p=11346","title":{"rendered":"Bundestagswahl: Unterst\u00fctzung der DKP durch Genossen der PRCF"},"content":{"rendered":"<p>Wir dokumentieren ein Video mit der auf Deutsch gehaltenen Rede von Aymeric Monville, dem Leiter der internationalen Kommission des PRCF, bei einer Demonstration vor der Deutschen Botschaft in Paris am Sonntag, am 26. September \u00a02021, dem Tag der Bundestagwahl. Der PRCF hat schon mehrfach vor Botschaften in Paris gegen das systematische Sch\u00fcren von Anti-Kommunismus in Europa demonstriert. Der Redner verurteilt insbesondere den Versuch, die DKP von der Bundestagswahl auszuschlie\u00dfen. Er bekr\u00e4ftigt die Solidarit\u00e4t des PRCF mit der DKP. Er verurteilt das KPD-Verbot von 1956, das immer noch nicht aufgehoben ist. Er erinnert an die lange Geschichte der Verbundenheit der Kommunisten beider L\u00e4nder und mit der DDR.<\/p>\n<p style=\"text-align: right;\"><em>Webredaktion<\/em><\/p>\n<div class=\"jetpack-video-wrapper\"><span class=\"embed-youtube\" style=\"text-align:center; display: block;\"><iframe loading=\"lazy\" class=\"youtube-player\" width=\"800\" height=\"450\" src=\"https:\/\/www.youtube.com\/embed\/1DiKKuph6C4?version=3&#038;rel=1&#038;showsearch=0&#038;showinfo=1&#038;iv_load_policy=1&#038;fs=1&#038;hl=de-DE&#038;autohide=2&#038;wmode=transparent\" allowfullscreen=\"true\" style=\"border:0;\" sandbox=\"allow-scripts allow-same-origin allow-popups allow-presentation allow-popups-to-escape-sandbox\"><\/iframe><\/span><\/div>\n<hr \/>\n<p><span style=\"font-size: 10pt;\">Bild oben: Aymeric Monville bei seiner Rede &#8211; Screenshot aus dem Video von P\u00f4le de Renaissance Communiste en France<\/span><\/p>\n","protected":false},"excerpt":{"rendered":"<p>Wir dokumentieren ein Video mit der auf Deutsch gehaltenen Rede von Aymeric Monville, dem Leiter der internationalen Kommission des PRCF, bei einer Demonstration vor der Deutschen Botschaft in Paris am Sonntag, am 26. September \u00a02021, dem Tag der Bundestagwahl. Der PRCF hat schon mehrfach vor Botschaften in Paris gegen das systematische Sch\u00fcren von Anti-Kommunismus in Europa demonstriert. Der Redner verurteilt insbesondere den Versuch, die DKP von der Bundestagswahl auszuschlie\u00dfen. Er bekr\u00e4ftigt die Solidarit\u00e4t des PRCF mit der DKP. Er verurteilt das KPD-Verbot von 1956, das immer noch nicht aufgehoben ist. Er erinnert an die lange Geschichte der Verbundenheit der Kommunisten beider L\u00e4nder und mit der DDR.<\/p>\n","protected":false},"author":3,"featured_media":11350,"comment_status":"closed","ping_status":"closed","sticky":false,"template":"","format":"standard","meta":{"colormag_page_container_layout":"default_layout","colormag_page_sidebar_layout":"default_layout","advanced_seo_description":"","jetpack_seo_html_title":"","jetpack_seo_noindex":false,"jetpack_post_was_ever_published":false,"footnotes":""},"categories":[12],"tags":[571,1413,789,958,1435,344],"class_list":["post-11346","post","type-post","status-publish","format-standard","has-post-thumbnail","hentry","category-demokratie-medien-aufklaerung","tag-antikommunismus","tag-bundestagswahl","tag-dkp","tag-kpd","tag-prcf","tag-solidaritaet"],"jetpack_featured_media_url":"https:\/\/i0.wp.com\/www.freidenker.org\/fw17\/wp-content\/uploads\/2021\/10\/DKP_Wahlunterstuetzung_Paris_800x450.jpg?fit=800%2C450&ssl=1","jetpack_shortlink":"https:\/\/wp.me\/p9stpK-2X0","jetpack-related-posts":[{"id":6534,"url":"https:\/\/www.freidenker.org\/?p=6534","url_meta":{"origin":11346,"position":0},"title":"\u201eFrexit\u201c \u2013 Eine Strategie der progressiven Kr\u00e4fte?","author":"Webredaktion","date":"21. Juni 2019","format":false,"excerpt":"Beitrag von Klaus von Raussendorff \u201eFrexit \u2013 Alle Macht dem Volke\u201c. So lautet nun in Frankreich nach dem Euro-Wahlzirkus umso mehr die Parole einer marxistisch-leninistischen Partei, n\u00e4mlich des \u201eP\u00f4le de Renaissance Communiste en France\u201c (\u201ePRCF\u201c), deutsch etwa \u201ePol der kommunistischen Wiedergeburt in Frankreich\u201c... Der PRCF schl\u00e4gt in einem \u201eOffenen Brief\u2026","rel":"","context":"In &quot;Demokratie \u2013 Medien \u2013 Aufkl\u00e4rung&quot;","block_context":{"text":"Demokratie \u2013 Medien \u2013 Aufkl\u00e4rung","link":"https:\/\/www.freidenker.org\/?cat=12"},"img":{"alt_text":"","src":"https:\/\/i0.wp.com\/www.freidenker.org\/fw17\/wp-content\/uploads\/2019\/06\/EU_Soviet_800x445.jpg?fit=800%2C445&ssl=1&resize=350%2C200","width":350,"height":200,"srcset":"https:\/\/i0.wp.com\/www.freidenker.org\/fw17\/wp-content\/uploads\/2019\/06\/EU_Soviet_800x445.jpg?fit=800%2C445&ssl=1&resize=350%2C200 1x, https:\/\/i0.wp.com\/www.freidenker.org\/fw17\/wp-content\/uploads\/2019\/06\/EU_Soviet_800x445.jpg?fit=800%2C445&ssl=1&resize=525%2C300 1.5x, https:\/\/i0.wp.com\/www.freidenker.org\/fw17\/wp-content\/uploads\/2019\/06\/EU_Soviet_800x445.jpg?fit=800%2C445&ssl=1&resize=700%2C400 2x"},"classes":[]},{"id":10953,"url":"https:\/\/www.freidenker.org\/?p=10953","url_meta":{"origin":11346,"position":1},"title":"Noch gibt es Richter in Deutschland","author":"Webredaktion","date":"3. August 2021","format":false,"excerpt":"Beitrag von Friedhelm Klinkhammer und Volker Br\u00e4utigam Mit \u00fcblen Tricks haben Bundestagspr\u00e4sident Wolfgang Sch\u00e4uble und Bundeswahlleiter Georg Thiel versucht, die Deutsche Kommunistische Partei, DKP, von der Bundestagswahl im September auszuschlie\u00dfen und sie als Partei zu exekutieren. Erst das Bundesverfassungsgericht in Karlsruhe stoppte das Intrigenspiel. ARD-aktuell befand erwartungsgem\u00e4\u00df, an der Aff\u00e4re\u2026","rel":"","context":"In &quot;Demokratie \u2013 Medien \u2013 Aufkl\u00e4rung&quot;","block_context":{"text":"Demokratie \u2013 Medien \u2013 Aufkl\u00e4rung","link":"https:\/\/www.freidenker.org\/?cat=12"},"img":{"alt_text":"","src":"https:\/\/i0.wp.com\/www.freidenker.org\/fw17\/wp-content\/uploads\/2021\/08\/dkp_bg_800x450.jpg?fit=800%2C450&ssl=1&resize=350%2C200","width":350,"height":200,"srcset":"https:\/\/i0.wp.com\/www.freidenker.org\/fw17\/wp-content\/uploads\/2021\/08\/dkp_bg_800x450.jpg?fit=800%2C450&ssl=1&resize=350%2C200 1x, https:\/\/i0.wp.com\/www.freidenker.org\/fw17\/wp-content\/uploads\/2021\/08\/dkp_bg_800x450.jpg?fit=800%2C450&ssl=1&resize=525%2C300 1.5x, https:\/\/i0.wp.com\/www.freidenker.org\/fw17\/wp-content\/uploads\/2021\/08\/dkp_bg_800x450.jpg?fit=800%2C450&ssl=1&resize=700%2C400 2x"},"classes":[]},{"id":10831,"url":"https:\/\/www.freidenker.org\/?p=10831","url_meta":{"origin":11346,"position":2},"title":"Berlin will Regimekritiker zum Schweigen bringen","author":"Webredaktion","date":"13. Juli 2021","format":false,"excerpt":"Freidenker zur Nichtzulassung der DKP bei der Bundestagswahl: Forderung nach \u201eFrieden mit Russland und China\u201c ist der Regierung ein Dorn im Auge Pressemitteilung des Deutschen Freidenker-Verbandes e.V. vom 12.07.2021 Der Deutsche Freidenker-Verband als seit 1881 bestehende parteiunabh\u00e4ngige Weltanschauungsgemeinschaft und Kulturorganisation der sozialistischen Arbeiterbewegung sieht im Kandidaturverbot f\u00fcr Kommunisten in Deutschland\u2026","rel":"","context":"In &quot;Demokratie \u2013 Medien \u2013 Aufkl\u00e4rung&quot;","block_context":{"text":"Demokratie \u2013 Medien \u2013 Aufkl\u00e4rung","link":"https:\/\/www.freidenker.org\/?cat=12"},"img":{"alt_text":"","src":"https:\/\/i0.wp.com\/www.freidenker.org\/fw17\/wp-content\/uploads\/2021\/07\/DKP_LLD_2021_800x450.jpg?fit=800%2C483&ssl=1&resize=350%2C200","width":350,"height":200,"srcset":"https:\/\/i0.wp.com\/www.freidenker.org\/fw17\/wp-content\/uploads\/2021\/07\/DKP_LLD_2021_800x450.jpg?fit=800%2C483&ssl=1&resize=350%2C200 1x, https:\/\/i0.wp.com\/www.freidenker.org\/fw17\/wp-content\/uploads\/2021\/07\/DKP_LLD_2021_800x450.jpg?fit=800%2C483&ssl=1&resize=525%2C300 1.5x, https:\/\/i0.wp.com\/www.freidenker.org\/fw17\/wp-content\/uploads\/2021\/07\/DKP_LLD_2021_800x450.jpg?fit=800%2C483&ssl=1&resize=700%2C400 2x"},"classes":[]},{"id":12257,"url":"https:\/\/www.freidenker.org\/?p=12257","url_meta":{"origin":11346,"position":3},"title":"Gedenken zum 125. Geburtstag von Wilhelm Hammann","author":"Webredaktion","date":"21. Februar 2022","format":false,"excerpt":"Einladung zur Gedenkveranstaltung am Freitag, 25. Februar 2022 um 16:30 Uhr am Grab von Wilhelm Hammann auf dem Alten Friedhof in Gro\u00df-Gerau Teilnahme an einer Gedenkstunde, zu der die DKP-M\u00f6rfelden-Walldorf einl\u00e4dt und Niederlegung eines Blumengebindes. Am 25. Februar 1897 wurde Wilhelm Hammann - in Biebesheim geboren. An seinem 125. Geburtstag\u2026","rel":"","context":"In &quot;Geschichte&quot;","block_context":{"text":"Geschichte","link":"https:\/\/www.freidenker.org\/?cat=1162"},"img":{"alt_text":"","src":"https:\/\/i0.wp.com\/www.freidenker.org\/fw17\/wp-content\/uploads\/2022\/02\/Hammann02_800x450.jpg?fit=800%2C450&ssl=1&resize=350%2C200","width":350,"height":200,"srcset":"https:\/\/i0.wp.com\/www.freidenker.org\/fw17\/wp-content\/uploads\/2022\/02\/Hammann02_800x450.jpg?fit=800%2C450&ssl=1&resize=350%2C200 1x, https:\/\/i0.wp.com\/www.freidenker.org\/fw17\/wp-content\/uploads\/2022\/02\/Hammann02_800x450.jpg?fit=800%2C450&ssl=1&resize=525%2C300 1.5x, https:\/\/i0.wp.com\/www.freidenker.org\/fw17\/wp-content\/uploads\/2022\/02\/Hammann02_800x450.jpg?fit=800%2C450&ssl=1&resize=700%2C400 2x"},"classes":[]},{"id":10877,"url":"https:\/\/www.freidenker.org\/?p=10877","url_meta":{"origin":11346,"position":4},"title":"Franz\u00f6sische Proteste gegen autorit\u00e4res Impf-Management und endlose Konterreformen","author":"Webredaktion","date":"21. Juli 2021","format":false,"excerpt":"Beitrag von Fadi Kassem und Georges Gastaud Die von intensivem Medienbombardement vorbereiteten Ank\u00fcndigungen von Macron sind auf der ganzen Linie unannehmbar. Arroganter denn je, derweil die Macron-Partei LREM bei den Regional- und Departementswahlen weniger als 4 % der registrierten W\u00e4hler erhalten hat, f\u00fchrt der \"liberale\" Macron sowohl Zwangsimpfungen f\u00fcr das\u2026","rel":"","context":"In &quot;Arbeit &amp; Soziales&quot;","block_context":{"text":"Arbeit &amp; Soziales","link":"https:\/\/www.freidenker.org\/?cat=11"},"img":{"alt_text":"","src":"https:\/\/i0.wp.com\/www.freidenker.org\/fw17\/wp-content\/uploads\/2021\/07\/Macron_Spritze.jpg?fit=800%2C450&ssl=1&resize=350%2C200","width":350,"height":200,"srcset":"https:\/\/i0.wp.com\/www.freidenker.org\/fw17\/wp-content\/uploads\/2021\/07\/Macron_Spritze.jpg?fit=800%2C450&ssl=1&resize=350%2C200 1x, https:\/\/i0.wp.com\/www.freidenker.org\/fw17\/wp-content\/uploads\/2021\/07\/Macron_Spritze.jpg?fit=800%2C450&ssl=1&resize=525%2C300 1.5x, https:\/\/i0.wp.com\/www.freidenker.org\/fw17\/wp-content\/uploads\/2021\/07\/Macron_Spritze.jpg?fit=800%2C450&ssl=1&resize=700%2C400 2x"},"classes":[]},{"id":11065,"url":"https:\/\/www.freidenker.org\/?p=11065","url_meta":{"origin":11346,"position":5},"title":"&#8222;Hebt den gesenkten Kopf wieder!&#8220;","author":"Webredaktion","date":"16. August 2021","format":false,"excerpt":"Gru\u00dfwort von Klaus Linder auf dem \"Drushba!-Friedensfest\" der DKP Brandenburg am 14.08.2021 Zu dieser\u00a0 Bundestagswahl unter Ausnahezustand\u00a0 hat immerhin die DKP die K-Frage positiv beantwortet: N\u00e4mlich, ob auf dem Wahlzettel die\u00a0 Partei stehen darf, die das \u201eK\u201c im Namen hat. Sie darf es und sie wird es. Herzliche Gratulation dazu\u2026","rel":"","context":"In &quot;Demokratie \u2013 Medien \u2013 Aufkl\u00e4rung&quot;","block_context":{"text":"Demokratie \u2013 Medien \u2013 Aufkl\u00e4rung","link":"https:\/\/www.freidenker.org\/?cat=12"},"img":{"alt_text":"","src":"https:\/\/i0.wp.com\/www.freidenker.org\/fw17\/wp-content\/uploads\/2021\/08\/Linder_Gruess_DKP-Sommerfest-20210814_800x450.jpg?fit=800%2C450&ssl=1&resize=350%2C200","width":350,"height":200,"srcset":"https:\/\/i0.wp.com\/www.freidenker.org\/fw17\/wp-content\/uploads\/2021\/08\/Linder_Gruess_DKP-Sommerfest-20210814_800x450.jpg?fit=800%2C450&ssl=1&resize=350%2C200 1x, https:\/\/i0.wp.com\/www.freidenker.org\/fw17\/wp-content\/uploads\/2021\/08\/Linder_Gruess_DKP-Sommerfest-20210814_800x450.jpg?fit=800%2C450&ssl=1&resize=525%2C300 1.5x, https:\/\/i0.wp.com\/www.freidenker.org\/fw17\/wp-content\/uploads\/2021\/08\/Linder_Gruess_DKP-Sommerfest-20210814_800x450.jpg?fit=800%2C450&ssl=1&resize=700%2C400 2x"},"classes":[]}],"_links":{"self":[{"href":"https:\/\/www.freidenker.org\/index.php?rest_route=\/wp\/v2\/posts\/11346","targetHints":{"allow":["GET"]}}],"collection":[{"href":"https:\/\/www.freidenker.org\/index.php?rest_route=\/wp\/v2\/posts"}],"about":[{"href":"https:\/\/www.freidenker.org\/index.php?rest_route=\/wp\/v2\/types\/post"}],"author":[{"embeddable":true,"href":"https:\/\/www.freidenker.org\/index.php?rest_route=\/wp\/v2\/users\/3"}],"replies":[{"embeddable":true,"href":"https:\/\/www.freidenker.org\/index.php?rest_route=%2Fwp%2Fv2%2Fcomments&post=11346"}],"version-history":[{"count":0,"href":"https:\/\/www.freidenker.org\/index.php?rest_route=\/wp\/v2\/posts\/11346\/revisions"}],"wp:featuredmedia":[{"embeddable":true,"href":"https:\/\/www.freidenker.org\/index.php?rest_route=\/wp\/v2\/media\/11350"}],"wp:attachment":[{"href":"https:\/\/www.freidenker.org\/index.php?rest_route=%2Fwp%2Fv2%2Fmedia&parent=11346"}],"wp:term":[{"taxonomy":"category","embeddable":true,"href":"https:\/\/www.freidenker.org\/index.php?rest_route=%2Fwp%2Fv2%2Fcategories&post=11346"},{"taxonomy":"post_tag","embeddable":true,"href":"https:\/\/www.freidenker.org\/index.php?rest_route=%2Fwp%2Fv2%2Ftags&post=11346"}],"curies":[{"name":"wp","href":"https:\/\/api.w.org\/{rel}","templated":true}]}}