{"id":11342,"date":"2021-10-04T00:05:56","date_gmt":"2021-10-03T22:05:56","guid":{"rendered":"https:\/\/www.freidenker.org\/?p=11342"},"modified":"2021-10-31T02:45:24","modified_gmt":"2021-10-31T01:45:24","slug":"aufruf-fuer-nato-und-eu-austritt-frankreichs","status":"publish","type":"post","link":"https:\/\/www.freidenker.org\/?p=11342","title":{"rendered":"Aufruf f\u00fcr NATO- und EU-Austritt Frankreichs"},"content":{"rendered":"<p>Wir dokumentieren einen Aufruf, in dem der definitive Austritt Frankreichs aus der NATO und der EU gefordert wird, 65 Jahre nach der Entscheidung von General de Gaulle, die amerikanischen Truppen der NATO aus Frankreich auszuweisen und die franz\u00f6sischen Streitkr\u00e4fte aus den Kommandostrukturen der NATO zur\u00fcckzuziehen. Die Erstunterzeichner des Aufrufs sind namhafte franz\u00f6sische Intellektuelle und Aktivisten, darunter die f\u00fchrenden Vertreter des P\u00f4le de Renaissance Communiste en France (PRCF) (Pol der kommunistischen Wiedergeburt in Frankreich). Die Unterschriften-Aktion f\u00fcr den Aufruf startete am 20. September 2021, dem 229. Jahrestag des Sieges von Valmy.<\/p>\n<p>In Frankreich wird die Forderung nach NATO-Austritt auch in einem Aufruf der franz\u00f6sischen Friedensbewegung vom 22. Februar 2021 unterst\u00fctzt. Siehe hier: <a href=\"https:\/\/www.mvtpaix.org\/wordpress\/la-france-doit-sortir-de-lotan-et-exiger-sa-dissolution\/\" target=\"_blank\" rel=\"noopener\">https:\/\/www.mvtpaix.org\/wordpress\/la-france-doit-sortir-de-lotan-et-exiger-sa-dissolution\/<\/a><\/p>\n<p style=\"text-align: right;\"><em>Webredaktion<\/em><\/p>\n<hr \/>\n<h4><strong>Lasst uns endg\u00fcltig aus der NATO austreten, um den Weltfrieden zu verteidigen <\/strong><strong>und die Unabh\u00e4ngigkeit und W\u00fcrde Frankreichs\u00a0 wiederherzustellen!<\/strong><\/h4>\n<h4><strong>Unterst\u00fctzt den Aufruf !<\/strong><\/h4>\n<p><strong>\u00a0<\/strong><strong>1966-2021:\u00a0 65. Jahrestag der Entscheidung von General de Gaulle, die amerikanischen Truppen der NATO aus Frankreich auszuweisen, <\/strong><\/p>\n<p>Es war 1966, vor 65 Jahren, als General de Gaulle erkl\u00e4rte, dass er Frankreich seine volle diplomatische und milit\u00e4rische Souver\u00e4nit\u00e4t zur\u00fcckgeben wolle, und den Abzug der nordamerikanischen NATO-Truppen aus Frankreich forderte, wobei sich unser Land offiziell aus dem Integrierten Kommando des Atlantischen B\u00fcndnisses zur\u00fcckzog und dabei die Volksrepublik China anerkannte. Die PKF, die damals von Waldeck Rochet und Jacques Duclos gef\u00fchrt wurde, billigte ungeachtet ihrer Opposition gegen die damalige Regierung und ihre sozial-\u00f6konomische Politik diese Entscheidung und unterst\u00fctzte \u00f6ffentlich den R\u00fcckzug.<\/p>\n<p>Seitdem haben die dem Europa von Maastricht unterworfenen Regierungen, die nacheinander von Sarkozy, Hollande und Macron gef\u00fchrt wurden, die blockfreie franz\u00f6sische Au\u00dfenpolitik 1960er Jahr Schritt f\u00fcr Schritt liquidiert. Die aufeinanderfolgenden EURO-Regierungen haben die Integration in die Kommandostruktur des Atlantischen B\u00fcndnisses wiederhergestellt und gleichzeitig die Grundlagen f\u00fcr eine &#8222;europ\u00e4ische Armee&#8220; in Verbindung mit der NATO geschaffen, indem sie den Grundsatz einer unabh\u00e4ngigen nationalen Verteidigung verleugnen und das so genannte &#8222;Recht auf Einmischung&#8220;, das Washington so sehr am Herzen liegt, der UN-Charta und dem Selbstbestimmungsrecht der V\u00f6lker vorziehen. Dies ist umso sch\u00e4dlicher, als das Atlantische B\u00fcndnis, das mehr denn je von Washington gesteuert wird, erkl\u00e4rt, dass es sich auf einen unweigerlich verheerenden &#8222;Konflikt hoher Intensit\u00e4t&#8220; mit der Russischen F\u00f6deration und der Volksrepublik China vorbereitet, die als &#8222;strategischer Feind&#8220; der Vereinigten Staaten bezeichnet wird. Diese euro-atlantischen Irrwege der freiwilligen Knechtschaft sind so gravierend und \u00fcblich geworden, dass sie es der deutschen Regierung, der Pr\u00e4sident Macron mit dem Vertrag von Aachen unser Schicksal auf verh\u00e4ngnisvolle Weise preisgegeben \u00a0hat, nun erlauben, arrogant zu fordern, dass Frankreich seinen st\u00e4ndigen Sitz im UN-Sicherheitsrat an die EU, diese Maskerade\u00a0Berlins abgibt. Nicht nur, dass Macron diese unzul\u00e4ssige Forderung nicht zur\u00fcckweist, er schl\u00e4gt offen vor, die franz\u00f6sischen Atomstreitkr\u00e4fte von der Verteidigung des nationalen Territoriums abzukoppeln, um sie in Erg\u00e4nzung der US-amerikanischen Euro-Raketen zu einem nuklearen Schutzschirm zu machen, der die gesamte EU abdeckt: Dies k\u00f6nnte uns jederzeit beim geringsten Grenzkonflikt zwischen Russland und einem der gewaltt\u00e4tigen russophoben Staaten an seiner Westgrenze (baltische Staaten, Polen, Ukraine&#8230;) in einen gesamteurop\u00e4ischen oder sogar globalen Konflikt f\u00fchren.<\/p>\n<p>Wir lehnen daher die ultraatlantische Neuausrichtung Frankreichs ab, die v\u00f6llige Absage an die 1966 von General de Gaulle getroffene Entscheidung, unser Land aus dem integrierten Kommando der NATO zur\u00fcckzuziehen und alle ausl\u00e4ndischen Truppen von unserem Boden zu vertreiben. Nicht nur, dass uns das russische und das chinesische Volk nichts getan haben (im Gegenteil, de Gaulle hat 1944 bei seinem Staatsbesuch in Moskau* offiziell die Dankbarkeit des gerade befreiten franz\u00f6sischen Volkes gegen\u00fcber &#8222;Sowjetrussland&#8220; zum Ausdruck gebracht), nicht nur, dass Frankreich die Pflicht hat, gute Beziehungen zu allen L\u00e4ndern der Welt auf der Grundlage gegenseitiger Achtung und des gegenseitigen Nutzens zu pflegen, nicht nur, dass der von Biden projektierte \u00a0&#8222;Konflikt hoher Intensit\u00e4t&#8220; gegen China und Russland, um Washingtons Welthegemonie <em>auf alle Ewigkeit<\/em> aufrechtzuerhalten, f\u00fcr das franz\u00f6sische Volk, f\u00fcr Europa, um nicht zu sagen f\u00fcr die gesamte Menschheit sehr fatal sein k\u00f6nnte, schon jetzt macht die euro-atlantische Neuausrichtung Frankreichs unser Land zum beflissenen Vasallen der Vereinigten Staaten, deren aggressiver Interventionismus (als &#8222;Globalisierung&#8220; getarnt) und versch\u00e4rfte Kriegstreiberei eine st\u00e4ndige Bedrohung f\u00fcr den Weltfrieden, die Souver\u00e4nit\u00e4t aller V\u00f6lker und die Sicherheit unseres Landes darstellen.<\/p>\n<p>Im Laufe der Jahre und unter den aufeinanderfolgenden Maastricht-Regierungen ging dieses immer weiter gehende euro-atlantische Abdriften der franz\u00f6sischen Diplomatie und Milit\u00e4rpolitik logischerweise einher mit einer zunehmenden Preisgabe der franz\u00f6sischen Politik, und zwar&#8230;<\/p>\n<ul>\n<li><strong>sozial<\/strong> (sklavische Unterwerfung unter die europ\u00e4ischen Richtlinien, die die sozialen Errungenschaften der Lib\u00e9ration aush\u00f6hlen: Sozialversicherung, \u00f6ffentlich rechtlicher Sektor, Arbeitsgesetzbuch, umlagefinanzierte Renten, usw.),<\/li>\n<li><strong>wirtschaftlich<\/strong> (Europrivatisierung von France-Telecom und der Post, der SNCF und der EDF, transkontinentale Fusionen und massive Verlagerungen unserer Industrien, organisierter Niedergang unseres Fischereipotenzials, Zerst\u00f6rung unserer b\u00e4uerlichen Landwirtschaft, die der &#8222;Gemeinsamen Agrarpolitik&#8220; geopfert wurde&#8230;),<\/li>\n<li><strong>institutionell<\/strong> (Ersetzung der unteilbaren Republik durch riesige und unmenschliche Euroregionen nach deutschem Vorbild, Errichtung von &#8222;Metropolen&#8220;, die die franz\u00f6sischen Gemeinden in ein Korsett zw\u00e4ngen, zerst\u00f6rerische neoliberale Steuerung des ehemals nationalen Bildungssystems und Angleichung der franz\u00f6sischen Universit\u00e4t an amerikanische Standards usw.),<\/li>\n<li><strong>oder auch kulturell und sprachlich<\/strong> (st\u00e4ndige F\u00f6rderung von Globisch f\u00fcr alle auf Kosten der franz\u00f6sischen Sprache).<\/li>\n<\/ul>\n<p>Unter diesen Bedingungen w\u00fcrde der endg\u00fcltige Verzicht auf das Prinzip einer nationalen Verteidigung und Diplomatie zugunsten einer angeblich &#8222;europ\u00e4ischen&#8220; Armee und Diplomatie, die aber in Wirklichkeit der NATO untergeordnet ist, die Dekonstruktion der franz\u00f6sischen Nation vervollst\u00e4ndigen, von der die so genannten oligarchischen &#8222;Eliten&#8220; tr\u00e4umen, die aber f\u00fcr die Arbeiterklasse, den Mittelstand unseres Landes und alle republikanischen Patrioten erschreckend ist. In der Tat verunsichert und spaltet dieser v\u00f6llige Verzicht unser Volk; er bringt die Arbeitswelt zur Verzweiflung, untergr\u00e4bt die Grundlagen der Nation und bringt die Franz\u00f6sische Republik auf den Weg des Abstiegs, ja sogar der Implosion, w\u00e4hrend die Macht, deren Legitimit\u00e4t immer mehr in Frage gestellt und angefochten wird, auf die Unzufriedenheit des Volkes reagiert, indem sie die demokratischen Freiheiten immer st\u00e4rker einschr\u00e4nkt.<\/p>\n<p>Deshalb fordern die Unterzeichner des vorliegenden Aufrufs alle B\u00fcrger Frankreichs auf, solange es noch Zeit ist, den endg\u00fcltigen Austritt Frankreichs aus der NATO zu fordern, seine volle Souver\u00e4nit\u00e4t gegen\u00fcber der atlantischen und supranationalen EU laut und deutlich zu bekr\u00e4ftigen und den Weg der nationalen Unabh\u00e4ngigkeit, der Produktion in Frankreich, des sozialen Fortschritts, der Demokratie, der laizistischen und unteilbaren Republik, des Stolzes auf die franz\u00f6sische Sprache, des st\u00e4ndigen Strebens nach Frieden und freier Zusammenarbeit zwischen allen V\u00f6lkern der Erde wiederzuentdecken.<\/p>\n<p><span style=\"font-size: 10pt;\">\u00dcbersetzung: Klaus von Raussendorff<\/span><\/p>\n<p>Original mit Erstunterzeichnern hier: <strong><a href=\"https:\/\/www.initiative-communiste.fr\/articles\/prcf\/pour-defendre-la-paix-mondiale-pour-retablir-lindependance-et-la-dignite-de-la-france-sortons-definitivement-de-lotan-signez-lappel\/\" target=\"_blank\" rel=\"noopener\">https:\/\/www.initiative-communiste.fr\/articles\/prcf\/pour-defendre-la-paix-mondiale-pour-retablir-lindependance-et-la-dignite-de-la-france-sortons-definitivement-de-lotan-signez-lappel\/<\/a><\/strong><\/p>\n<hr \/>\n<p><span style=\"font-size: 10pt;\">Bild oben: <span class=\"mw-mmv-title\">Kunstflugstaffel Patrouille de France der franz\u00f6sischen Luftwaffe<\/span><br \/>\nFoto: Wladyslaw Disk.\u00a0 <a href=\"https:\/\/creativecommons.org\/licenses\/by-sa\/2.0\/de\/\" target=\"_blank\" rel=\"noopener\">CC-bY-SA 2.0\/de<\/a><br \/>\nQuelle: <a href=\"https:\/\/de.wikipedia.org\/w\/index.php?curid=1608639\" target=\"_blank\" rel=\"noopener\">https:\/\/de.wikipedia.org\/w\/index.php?curid=1608639<\/a><\/span><\/p>\n","protected":false},"excerpt":{"rendered":"<p>Wir dokumentieren einen Aufruf, in dem der definitive Austritt Frankreichs aus der NATO und der EU gefordert wird, 65 Jahre nach der Entscheidung von General de Gaulle, die amerikanischen Truppen der NATO aus Frankreich auszuweisen und die franz\u00f6sischen Streitkr\u00e4fte aus den Kommandostrukturen der NATO zur\u00fcckzuziehen. Die Erstunterzeichner des Aufrufs sind namhafte franz\u00f6sische Intellektuelle und Aktivisten, darunter die f\u00fchrenden Vertreter des P\u00f4le de Renaissance Communiste en France (PRCF). Die Unterschriften-Aktion f\u00fcr den Aufruf startete am 20. September 2021, dem 229. Jahrestag des Sieges von Valmy.<\/p>\n","protected":false},"author":3,"featured_media":11344,"comment_status":"closed","ping_status":"closed","sticky":false,"template":"","format":"standard","meta":{"colormag_page_container_layout":"default_layout","colormag_page_sidebar_layout":"default_layout","advanced_seo_description":"","jetpack_seo_html_title":"","jetpack_seo_noindex":false,"jetpack_post_was_ever_published":false,"footnotes":""},"categories":[13],"tags":[413,1027,335,1434,56,222,1120,345],"class_list":["post-11342","post","type-post","status-publish","format-standard","has-post-thumbnail","hentry","category-frieden-antifaschismus-solidaritaet","tag-china","tag-frankreich","tag-frieden","tag-nationale-unabhaengigkeit","tag-nato","tag-russland","tag-uno","tag-voelkerrecht"],"jetpack_featured_media_url":"https:\/\/i0.wp.com\/www.freidenker.org\/fw17\/wp-content\/uploads\/2021\/10\/Franzoesische_Kunstflugstaffel_800x450.jpg?fit=800%2C450&ssl=1","jetpack_shortlink":"https:\/\/wp.me\/p9stpK-2WW","jetpack-related-posts":[{"id":2988,"url":"https:\/\/www.freidenker.org\/?p=2988","url_meta":{"origin":11342,"position":0},"title":"Freidenker-Brief 6-2015: Deutschland raus aus der NATO &#8211; NATO raus aus Deutschland","author":"Webredaktion","date":"27. August 2015","format":false,"excerpt":"W\u00e4hrend manche \"Institutionen\" der Friedensbewegung fortgesetzt die Diskussion \u201eWie weiter mit der Friedensbewegung?\u201c f\u00fchren, gibt es erfreulicherweise auch Friedenskr\u00e4fte, die angesichts der gef\u00e4hrlichen internationalen Entwicklung aktiv werden, die auf Aktionen und auf Klarheit dr\u00e4ngen: Einerseits die im \"AK Frieden \/ Internationales\" des Deutschen Freidenker-Verbandes erarbeitete programmatische Erkl\u00e4rung zu Fragen von\u2026","rel":"","context":"In &quot;Freidenker-Brief&quot;","block_context":{"text":"Freidenker-Brief","link":"https:\/\/www.freidenker.org\/?cat=341"},"img":{"alt_text":"","src":"https:\/\/i0.wp.com\/www.freidenker.org\/fw17\/wp-content\/uploads\/2015\/08\/Global_Hawk_800x445_mLogo.jpg?fit=800%2C445&ssl=1&resize=350%2C200","width":350,"height":200,"srcset":"https:\/\/i0.wp.com\/www.freidenker.org\/fw17\/wp-content\/uploads\/2015\/08\/Global_Hawk_800x445_mLogo.jpg?fit=800%2C445&ssl=1&resize=350%2C200 1x, https:\/\/i0.wp.com\/www.freidenker.org\/fw17\/wp-content\/uploads\/2015\/08\/Global_Hawk_800x445_mLogo.jpg?fit=800%2C445&ssl=1&resize=525%2C300 1.5x, https:\/\/i0.wp.com\/www.freidenker.org\/fw17\/wp-content\/uploads\/2015\/08\/Global_Hawk_800x445_mLogo.jpg?fit=800%2C445&ssl=1&resize=700%2C400 2x"},"classes":[]},{"id":2850,"url":"https:\/\/www.freidenker.org\/?p=2850","url_meta":{"origin":11342,"position":1},"title":"Forderung nach NATO-Austritt: \u201eUnbedacht und abenteuerlich\u201c?","author":"Webredaktion","date":"17. M\u00e4rz 2016","format":false,"excerpt":"Beitrag von Sebastian Bahlo aus: FREIDENKER 1-16 Ich halte den Aufruf \u201eSagt Nein, \u00e4chtet Aggressionen, bannt die Weltkriegsgefahr\u201c f\u00fcr eine sehr wichtige fortschrittliche Initiative. Deiner Charakterisierung der NATO ist zuzustimmen, es bleibt darin aber der wichtige Aspekt unerw\u00e4hnt, dass die NATO den USA dazu dient, die anderen Mitgliedsl\u00e4nder in ihre\u2026","rel":"","context":"In &quot;Frieden - Antifaschismus - Solidarit\u00e4t&quot;","block_context":{"text":"Frieden - Antifaschismus - Solidarit\u00e4t","link":"https:\/\/www.freidenker.org\/?cat=13"},"img":{"alt_text":"","src":"https:\/\/i0.wp.com\/www.freidenker.org\/fw17\/wp-content\/uploads\/2017\/12\/NATO-raus-raus-aus-der-NATO-buttons.jpg?fit=800%2C445&ssl=1&resize=350%2C200","width":350,"height":200,"srcset":"https:\/\/i0.wp.com\/www.freidenker.org\/fw17\/wp-content\/uploads\/2017\/12\/NATO-raus-raus-aus-der-NATO-buttons.jpg?fit=800%2C445&ssl=1&resize=350%2C200 1x, https:\/\/i0.wp.com\/www.freidenker.org\/fw17\/wp-content\/uploads\/2017\/12\/NATO-raus-raus-aus-der-NATO-buttons.jpg?fit=800%2C445&ssl=1&resize=525%2C300 1.5x, https:\/\/i0.wp.com\/www.freidenker.org\/fw17\/wp-content\/uploads\/2017\/12\/NATO-raus-raus-aus-der-NATO-buttons.jpg?fit=800%2C445&ssl=1&resize=700%2C400 2x"},"classes":[]},{"id":12267,"url":"https:\/\/www.freidenker.org\/?p=12267","url_meta":{"origin":11342,"position":2},"title":"M\u00fcnchen: Stoppt den Kriegskurs der NATO-Staaten","author":"Webredaktion","date":"22. Februar 2022","format":false,"excerpt":"Videos und Bilder vom Protest gegen die M\u00fcnchner \u201eSicherheitskonferenz\u201c 2022 Gegen die Kriegspropaganda der NATO Staaten und der EU demonstrierten am 19. Februar 2022\u00a0 \u00fcber 3000 Menschen in einer machtvollen Demonstration vom M\u00fcnchner Stachus zum Marienplatz. Dort fand die Abschlusskundgebung statt. Auch diesmal haben wieder viele Freidenker teilgenommen. Wir dokumentieren\u2026","rel":"","context":"In &quot;Frieden - Antifaschismus - Solidarit\u00e4t&quot;","block_context":{"text":"Frieden - Antifaschismus - Solidarit\u00e4t","link":"https:\/\/www.freidenker.org\/?cat=13"},"img":{"alt_text":"","src":"https:\/\/i0.wp.com\/www.freidenker.org\/fw17\/wp-content\/uploads\/2022\/02\/SIKO-Muenchen_6_800x450.jpg?fit=800%2C450&ssl=1&resize=350%2C200","width":350,"height":200,"srcset":"https:\/\/i0.wp.com\/www.freidenker.org\/fw17\/wp-content\/uploads\/2022\/02\/SIKO-Muenchen_6_800x450.jpg?fit=800%2C450&ssl=1&resize=350%2C200 1x, https:\/\/i0.wp.com\/www.freidenker.org\/fw17\/wp-content\/uploads\/2022\/02\/SIKO-Muenchen_6_800x450.jpg?fit=800%2C450&ssl=1&resize=525%2C300 1.5x, https:\/\/i0.wp.com\/www.freidenker.org\/fw17\/wp-content\/uploads\/2022\/02\/SIKO-Muenchen_6_800x450.jpg?fit=800%2C450&ssl=1&resize=700%2C400 2x"},"classes":[]},{"id":2986,"url":"https:\/\/www.freidenker.org\/?p=2986","url_meta":{"origin":11342,"position":3},"title":"&#8222;Deutschland raus aus der NATO&#8220;: DFV-Weckruf an den Bundestag","author":"Webredaktion","date":"8. September 2015","format":false,"excerpt":"Interview von Klaus Hartmann, Bundesvorsitzender des Deutschen Freidenker-Verbandes, mit Sputnik Deutschland \"Deutschland raus aus der Nato, Nato raus aus Deutschland\" \u2013 fordert der Deutsche Freidenker-Verband in seinem Aufruf an die Bundestagsabgeordneten. Der Appell ist eine Reaktion auf den Nato-Konfrontationskurs gegen Russland, wie der DFV-Vorstand erkl\u00e4rt. Nach 1990 erlebte die Nato\u2026","rel":"","context":"In &quot;Frieden - Antifaschismus - Solidarit\u00e4t&quot;","block_context":{"text":"Frieden - Antifaschismus - Solidarit\u00e4t","link":"https:\/\/www.freidenker.org\/?cat=13"},"img":{"alt_text":"","src":"https:\/\/i0.wp.com\/www.freidenker.org\/fw17\/wp-content\/uploads\/2015\/09\/the-eleventh-hour-758726_800x445.jpg?fit=800%2C445&ssl=1&resize=350%2C200","width":350,"height":200,"srcset":"https:\/\/i0.wp.com\/www.freidenker.org\/fw17\/wp-content\/uploads\/2015\/09\/the-eleventh-hour-758726_800x445.jpg?fit=800%2C445&ssl=1&resize=350%2C200 1x, https:\/\/i0.wp.com\/www.freidenker.org\/fw17\/wp-content\/uploads\/2015\/09\/the-eleventh-hour-758726_800x445.jpg?fit=800%2C445&ssl=1&resize=525%2C300 1.5x, https:\/\/i0.wp.com\/www.freidenker.org\/fw17\/wp-content\/uploads\/2015\/09\/the-eleventh-hour-758726_800x445.jpg?fit=800%2C445&ssl=1&resize=700%2C400 2x"},"classes":[]},{"id":4209,"url":"https:\/\/www.freidenker.org\/?p=4209","url_meta":{"origin":11342,"position":4},"title":"Video: Klaus Hartmann im Kreuzverh\u00f6r bei Dr. Seltsam 2018","author":"Webredaktion","date":"25. Januar 2018","format":false,"excerpt":"Klaus Hartmann bei Dr. Seltam am 14.01.2018 in Berlin Realsatire \u2013 auch wenn die Lage ernst ist... Was war (2017) und was ist los in der Welt? Was ist los in der Friedensbewegung? Ziele, B\u00fcndnisse und St\u00f6rman\u00f6ver, Spaltungsversuche. Der Vorsitzende des Deutschen Freidenker-Verbandes, Klaus Hartmann, steht f\u00fcr ebenso glasklare wie\u2026","rel":"","context":"In &quot;Demokratie \u2013 Medien \u2013 Aufkl\u00e4rung&quot;","block_context":{"text":"Demokratie \u2013 Medien \u2013 Aufkl\u00e4rung","link":"https:\/\/www.freidenker.org\/?cat=12"},"img":{"alt_text":"","src":"https:\/\/i0.wp.com\/www.freidenker.org\/fw17\/wp-content\/uploads\/2018\/01\/dr-seltsam_2018_af-video.jpg?fit=800%2C445&ssl=1&resize=350%2C200","width":350,"height":200,"srcset":"https:\/\/i0.wp.com\/www.freidenker.org\/fw17\/wp-content\/uploads\/2018\/01\/dr-seltsam_2018_af-video.jpg?fit=800%2C445&ssl=1&resize=350%2C200 1x, https:\/\/i0.wp.com\/www.freidenker.org\/fw17\/wp-content\/uploads\/2018\/01\/dr-seltsam_2018_af-video.jpg?fit=800%2C445&ssl=1&resize=525%2C300 1.5x, https:\/\/i0.wp.com\/www.freidenker.org\/fw17\/wp-content\/uploads\/2018\/01\/dr-seltsam_2018_af-video.jpg?fit=800%2C445&ssl=1&resize=700%2C400 2x"},"classes":[]},{"id":20568,"url":"https:\/\/www.freidenker.org\/?p=20568","url_meta":{"origin":11342,"position":5},"title":"Aufstehn f\u00fcr Frieden &#8211; Kundgebung am 28.12.2024 in Wiesbaden","author":"Webredaktion","date":"25. Dezember 2024","format":false,"excerpt":"Ein breites B\u00fcndnis von B\u00fcrgerinitiativen ruft zusammen mit der B\u00fcrgerzeitung KLARTEXT Rhein-Main auf zu einer\u00a0Kundgebung \"Aufstehn f\u00fcr den Frieden\" am 28.12.2024 ab\u00a014:30 Uhr an der\u00a0Clay-Kaserne Wiesbaden-Erbenheim. Sternfahrten ab ca. 11:00 Uhr von mehreren St\u00e4dten im Umkreis. Aus dem Aufruf: Unsere sieben Forderungen auf dem Weg zum Frieden: Konsequente Friedenspolitik Deutschlands\u2026","rel":"","context":"In &quot;Frieden - Antifaschismus - Solidarit\u00e4t&quot;","block_context":{"text":"Frieden - Antifaschismus - Solidarit\u00e4t","link":"https:\/\/www.freidenker.org\/?cat=13"},"img":{"alt_text":"","src":"https:\/\/i0.wp.com\/www.freidenker.org\/fw17\/wp-content\/uploads\/2024\/12\/Aufruf_Wiesbaden_2024-12-28_800x450.jpg?fit=800%2C450&ssl=1&resize=350%2C200","width":350,"height":200,"srcset":"https:\/\/i0.wp.com\/www.freidenker.org\/fw17\/wp-content\/uploads\/2024\/12\/Aufruf_Wiesbaden_2024-12-28_800x450.jpg?fit=800%2C450&ssl=1&resize=350%2C200 1x, https:\/\/i0.wp.com\/www.freidenker.org\/fw17\/wp-content\/uploads\/2024\/12\/Aufruf_Wiesbaden_2024-12-28_800x450.jpg?fit=800%2C450&ssl=1&resize=525%2C300 1.5x, https:\/\/i0.wp.com\/www.freidenker.org\/fw17\/wp-content\/uploads\/2024\/12\/Aufruf_Wiesbaden_2024-12-28_800x450.jpg?fit=800%2C450&ssl=1&resize=700%2C400 2x"},"classes":[]}],"_links":{"self":[{"href":"https:\/\/www.freidenker.org\/index.php?rest_route=\/wp\/v2\/posts\/11342","targetHints":{"allow":["GET"]}}],"collection":[{"href":"https:\/\/www.freidenker.org\/index.php?rest_route=\/wp\/v2\/posts"}],"about":[{"href":"https:\/\/www.freidenker.org\/index.php?rest_route=\/wp\/v2\/types\/post"}],"author":[{"embeddable":true,"href":"https:\/\/www.freidenker.org\/index.php?rest_route=\/wp\/v2\/users\/3"}],"replies":[{"embeddable":true,"href":"https:\/\/www.freidenker.org\/index.php?rest_route=%2Fwp%2Fv2%2Fcomments&post=11342"}],"version-history":[{"count":0,"href":"https:\/\/www.freidenker.org\/index.php?rest_route=\/wp\/v2\/posts\/11342\/revisions"}],"wp:featuredmedia":[{"embeddable":true,"href":"https:\/\/www.freidenker.org\/index.php?rest_route=\/wp\/v2\/media\/11344"}],"wp:attachment":[{"href":"https:\/\/www.freidenker.org\/index.php?rest_route=%2Fwp%2Fv2%2Fmedia&parent=11342"}],"wp:term":[{"taxonomy":"category","embeddable":true,"href":"https:\/\/www.freidenker.org\/index.php?rest_route=%2Fwp%2Fv2%2Fcategories&post=11342"},{"taxonomy":"post_tag","embeddable":true,"href":"https:\/\/www.freidenker.org\/index.php?rest_route=%2Fwp%2Fv2%2Ftags&post=11342"}],"curies":[{"name":"wp","href":"https:\/\/api.w.org\/{rel}","templated":true}]}}