{"id":11339,"date":"2021-10-04T00:03:19","date_gmt":"2021-10-03T22:03:19","guid":{"rendered":"https:\/\/www.freidenker.org\/?p=11339"},"modified":"2021-10-31T02:45:43","modified_gmt":"2021-10-31T01:45:43","slug":"deutschland-und-rt-de-oder-die-frage-wer-will-den-frieden-und-wer-ist-im-krieg","status":"publish","type":"post","link":"https:\/\/www.freidenker.org\/?p=11339","title":{"rendered":"Deutschland und RT DE \u2013 oder die Frage: Wer will den Frieden und wer ist im Krieg?"},"content":{"rendered":"<p><strong>Eigentlich ist es v\u00f6llig normal, dass Staaten Sender betreiben, die ihre Positionen darstellen. Das kann sogar zum Frieden beitragen. Trotzdem machen die Politik und die Medien in Deutschland vehement Front gegen RT DE. Sagt das etwas \u00fcber RT DE? Oder sagt das etwas \u00fcber Deutschland? <\/strong><\/p>\n<p><em>von <strong>Dagmar Henn<\/strong><\/em><\/p>\n<p><span style=\"font-size: 10pt;\">Erstver\u00f6ffentlichung am 01.10.2021 auf <a href=\"https:\/\/de.rt.com\/meinung\/125073-deutschland-und-rt-de-oder\/\" target=\"_blank\" rel=\"noopener\">RT DE<\/a><\/span><\/p>\n<p>Wer von jenen, die heute den Fernsehsender <em>Arte<\/em> einschalten, denkt dabei noch an <a href=\"https:\/\/www.youtube.com\/watch?v=oKkRS4rL6Pw\" target=\"_blank\" rel=\"noopener noreferrer\">&#8222;Die Wacht am Rhein&#8220;<\/a> oder den Vertrag von Versailles? Hundert Jahre lang wurde Frankreich in Deutschland von dem, was man heute Mainstream nennen w\u00fcrde, als &#8222;Erbfeind&#8220; betitelt, und noch das Foto von Mitterand und Kohl, h\u00e4ndchenhaltend, war eine gro\u00dfe Nachricht.<\/p>\n<p><em>Arte<\/em> ist ein Sender, der zur H\u00e4lfte aus Frankreich, zur H\u00e4lfte aus Deutschland best\u00fcckt wird\u00a0\u2013 bis in die Nachrichten\u00a0\u2013 und sein gesamtes Programm in beiden Sprachen sendet. Dabei kommt es durchaus vor, dass die deutsche und die franz\u00f6sische Nachrichtenredaktion ein und dasselbe Ereignis v\u00f6llig unterschiedlich darstellen. Aus Libyen beispielsweise, wo die beiden Regierungen unterschiedliche Seiten des selben B\u00fcrgerkriegs unterst\u00fctzen.<\/p>\n<p>Frankreich war im Ersten wie im Zweiten Weltkrieg Opfer der deutschen Aggression, und in beiden letztlich auf Seiten der Sieger. Nur \u2013 nach dem Zweiten Weltkrieg wurde in der Bundesrepublik viel Aufwand getrieben, die beiden Nachbarn einander anzun\u00e4hern. Dazu wurden viele Mittel genutzt. Der Sprachunterricht an den Schulen beispielsweise. Daf\u00fcr wurde 1963 extra ein Vertrag geschlossen, der <a href=\"https:\/\/www.schule-bw.de\/faecher-und-schularten\/sprachen-und-literatur\/franzoesisch\/informationen-zum-fach\/bilingual\/newsletter\/quoi-de-neuf-2018\/deutschunterricht-in-frankreich.html\">Elys\u00e9e-Vertrag<\/a>, in dem sich beide Staaten verpflichteten, &#8222;konkrete Ma\u00dfnahmen zu ergreifen, um die Zahl der franz\u00f6sischen Sch\u00fcler, die Deutsch lernen, und die der deutschen Sch\u00fcler, die Franz\u00f6sisch lernen, zu erh\u00f6hen.&#8220; Weiter ins Paket geh\u00f6rten Jugendaustausch, Erleichterungen im Grenzverkehr (vor Schengen), Stipendien. Der Grund ist simpel. Wenn man mit jemandem reden kann, direkt und pers\u00f6nlich, wenn man seine Kultur selbst erleben kann, schlicht, wenn man das Gegen\u00fcber als Menschen und nicht als Klischee wahrnimmt, sieht man es eher nicht mehr als Feind.<\/p>\n<p>Diese Politik, die unter dem Etikett der &#8222;deutsch-franz\u00f6sischen Auss\u00f6hnung&#8220; lief, und die angesichts der Naziverbrechen in Frankreich nicht von g\u00fcnstigen Voraussetzungen ausging, war im Gro\u00dfen und Ganzen erfolgreich. Es w\u00e4re heute zumindest m\u00fchsam, unsere westlichen Nachbarn wieder als &#8222;Froschfresser&#8220; und &#8222;welsche Weichlinge&#8220; zu verkaufen.<\/p>\n<p>In Richtung Osten hat es in der Bundesrepublik keinerlei entsprechende Bem\u00fchungen gegeben. Da wurde im Kalten Krieg bruchlos auf der Goebbelsschen Propaganda aufgebaut. Nur in der DDR wurde Russisch gelernt, gab es den Jugendaustausch und die Studienprogramme. Erst in der Zeit zwischen 1981 und 1989 nahm die Zahl westdeutscher St\u00e4dte mit Partnerst\u00e4dten in der Sowjetunion nennenswert zu, und es zeigten sich erste zarte Ans\u00e4tze, an einer Verst\u00e4ndigung zu arbeiten. Und dann war es sehr schnell wieder vorbei damit. Das, was in der DDR bestanden hatte, wurde bei dieser Gelegenheit gleich mit abgewickelt, der Russischunterricht ebenso wie der akademische Austausch.<\/p>\n<p>Dabei w\u00e4ren Anstrengungen in diese Richtung seitens Deutschlands noch weit angebrachter als gegen\u00fcber Frankreich. An der russischen Bereitschaft w\u00e4re dies nicht gescheitert, obwohl die Verheerungen, die deutsches Handeln dort angerichtet hat, jene in Frankreich noch weit \u00fcbertrafen. Eine Einrichtung wie <em>Arte<\/em>, ein Sender, in dem eine russische Sicht v\u00f6llig gleichberechtigt neben der deutschen steht, w\u00e4re v\u00f6llig undenkbar.<\/p>\n<p>Auf der allt\u00e4glichen, der menschlichen Ebene war diese Politik Frankreich gegen\u00fcber erfolgreich. Klar, es gibt unterschiedliche Interessen; nicht nur in Libyen, auch in m\u00f6glichen Konflikten zwischen Griechenland und der T\u00fcrkei w\u00fcrden sich die Bundesregierung und die franz\u00f6sische auf unterschiedlichen Seiten befinden. Die deutsche Dominanz in der EU st\u00f6\u00dft ebenfalls auf wenig Begeisterung. Aber das erzeugt kein bis in den Alltag reichendes Gegeneinander der Bev\u00f6lkerungen mehr.<\/p>\n<p>Verst\u00e4ndigung verhindert keine harten Kollisionen, aber sie macht sie weniger wahrscheinlich. Differenzen sind dann verhandel- und l\u00f6sbar, wenn sie auf das n\u00fcchterne Feld unterschiedlicher Interessen zur\u00fcckgef\u00fchrt und nicht auf dem Feld absoluter Wahrheiten gef\u00fchrt werden. Voraussetzung daf\u00fcr (und f\u00fcr jede Diplomatie) ist, das Gegen\u00fcber zum einen zu kennen, und zum anderen erst einmal so zu akzeptieren, wie es ist. Wunschvorstellungen oder gar Forderungen an die andere Seite hingegen sind konfliktversch\u00e4rfend.<\/p>\n<p>Wenn man davon ausginge, die deutsche Politik w\u00fcnsche eine Vers\u00f6hnung mit Russland, dann m\u00fcsste sie die Arbeit eines Senders wie <em>RT DE<\/em> begr\u00fc\u00dfen. Und zwar auch dann, wenn die dargestellte Sicht nicht mit ihrer eigenen \u00fcbereinstimmt; mehr noch, gerade dann. Weil das Wissen um diese Sicht, und zwar nicht begrenzt auf enge, elit\u00e4re Zirkel, grunds\u00e4tzlich dazu beitr\u00e4gt, eventuelle Konflikte auf dem Feld der Interessen zu halten und damit den Spielraum f\u00fcr Verhandlungen erweitert und den Abstand zwischen Krieg und Frieden erh\u00f6ht.<\/p>\n<p>Es gab auch im deutsch-franz\u00f6sischen Verh\u00e4ltnis nach 1945 harte Konflikte. Da gab es beispielsweise den Sozialdemokraten Hans-J\u00fcrgen Wischnewski (damals auch als &#8222;Ben Wisch&#8220; bekannt), der Koffer voller Geld zur algerischen FLN brachte, w\u00e4hrend Frankreich in Algerien einen blutigen Krieg f\u00fchrte, um diese Kolonie zu halten. Dennoch wurde ein grundlegendes Niveau wechselseitiger Akzeptanz nie mehr unterschritten. Auch in den Jahren nicht, als Frankreich nicht Mitglied der NATO war. Mitarbeiter franz\u00f6sischer Medien zu beschimpfen, an der Arbeit zu hindern \u2013 v\u00f6llig undenkbar. Und das, obwohl in Frankreich die Schwesterpartei der in der Bundesrepublik verbotenen KPD \u00f6fter mit in der Regierung sa\u00df.<\/p>\n<p>Es ist also Einiges m\u00f6glich, so man denn will. Und was sagt das im Umkehrschluss? Wenn es nicht m\u00f6glich ist, dann deshalb, weil es nicht gewollt wird.<\/p>\n<p>Dabei ist das ganze laute Geschrei \u00fcber &#8222;Fake News&#8220; und &#8222;Desinformation&#8220; nur ein Theater zur Ablenkung der \u00d6ffentlichkeit. Schlie\u00dflich sind die bundesdeutschen Medien gelegentlich alles andere als sorgf\u00e4ltig im Umgang mit Fakten. Ein halbes Jahr lang wurde verbreitet, es gebe von Mariupol eine Landbr\u00fccke zur Krim. St\u00e4ndig wird wiederholt, Russland solle die Minsker Vereinbarungen einhalten, obwohl es nicht Partei dieser Vereinbarungen ist und der Text dieser Vereinbarungen im Internet schnell und jederzeit zu finden ist. Die Liste ist problemlos erweiterbar. Und diese mindestens zweifelhaften Positionen werden nicht nur verbreitet, sie sind auch noch Grundlage staatlichen Handelns. Auf Grundlage des Vorwurfs, die Minsker Vereinbarungen nicht umzusetzen, wurden sogar Sanktionen gegen Russland verh\u00e4ngt. Obwohl der Vorwurf das Etikett &#8222;Fake News&#8220; mit Fug und Recht verdient h\u00e4tte.<\/p>\n<p>Vielleicht sollte man als Erstes daran erinnern, was im V\u00f6lkerrecht an erster Stelle steht, seit den N\u00fcrnberger Kriegsverbrecherprozessen. Das ist der Frieden. Alles andere ist dem untergeordnet. Ob staatliches Handeln aus der Sicht des V\u00f6lkerrechts gut oder schlecht ist, h\u00e4ngt davon ab, ob es den Frieden f\u00f6rdert oder ihn gef\u00e4hrdet.<\/p>\n<p>Dabei gibt es im Handlungsfeld des Friedens, in dem die Diplomatie dominiert, keine Frage der Wahrheit. Warum? Weil unterschiedliche Interessen naturgegeben unterschiedliche Positionen erzeugen. Die Besch\u00e4ftigten haben ein Interesse an h\u00f6heren L\u00f6hnen, die Unternehmer an niedrigeren. Ist deshalb eine Seite wahr und die andere falsch? Interessen lassen sich nach diesem Kriterium nicht bewerten, denn beide Aussagen sind wahr.<\/p>\n<p>Der Kern zwischenstaatlicher Konflikte liegt immer im Bereich der Interessen, entzieht sich also einer Bewertung nach &#8222;wahr&#8220; oder &#8222;falsch&#8220;. Die Arbeit der Diplomatie besteht darin, diese Interessen ihrer Verh\u00fcllungen zu entkleiden, um sie dadurch verhandelbar zu machen. Das ist der Umgang, der den Frieden f\u00f6rdert.<\/p>\n<p>Wenn das Handlungsfeld des Friedens verlassen wird, also ein erkl\u00e4rter oder unerkl\u00e4rter Kriegszustand besteht, dann geschieht das Gegenteil, zumindest auf Seiten des Aggressors. Die eigene Position (und die eigenen Interessen) werden absolut gesetzt, zur &#8222;Wahrheit&#8220; erkl\u00e4rt, und jenseits dieser Wahrheit beginnt das Gebiet des Feindes. Schritte, die auf Verhandlung und Vers\u00f6hnung abzielen, schw\u00e4chen die eigene Front und f\u00fchren in Richtung des unerw\u00fcnschten Friedenszustands.<\/p>\n<p>Schon die Verwendung des Begriffs &#8222;Desinformation&#8220; l\u00e4sst den mentalen Kriegszustand erkennen. Die eigentliche Bedeutung des Begriffs ist eine v\u00f6llig andere und stammt aus der Welt der Spionage. Desinformation dient dabei immer dazu, eine Information zu verh\u00fcllen. Also den Gegner zu t\u00e4uschen, indem aufblasbare Panzer aufgestellt werden, oder die eigenen Mitteilungen an Agenten mit v\u00f6llig anderen Informationen zu umgeben, um sie im Rauschen verschwinden zu lassen. Es ist kein Begriff aus der Welt der Medien. Ziel von Desinformation sind die Entscheidungszentralen des Gegners, nicht die breiten Massen.<\/p>\n<p>Aber die Verwendung von Begriffen wie &#8222;Feindsender&#8220; w\u00e4re zu durchschaubar. Sie weckt unmittelbar die Assoziationen zum Krieg. Was in Deutschland in den letzten Jahren passiert ist, ist der Versuch, die Bev\u00f6lkerung in einen Kriegszustand zu versetzen, ohne ihn erkennbar werden zu lassen. Das Verschwinden von Interessen und aus diesen resultierenden Konflikten hinter einer ganzen Festung aus &#8222;Werten&#8220; dient genau diesem Zweck. So wird nach innen kaschiert, dass das eigene Handeln das Feld des Friedens l\u00e4ngst verlassen hat.<\/p>\n<p>W\u00e4hrend f\u00fcr eine auf Frieden ausgerichtete Politik die Darstellung der Positionen anderer L\u00e4nder selbst an den schmerzhaftesten Punkten grunds\u00e4tzlich begr\u00fc\u00dfenswert ist, ist sie f\u00fcr eine auf Krieg ausgerichtete selbst an den banalsten sch\u00e4dlich.<\/p>\n<p>Wenn man vor diesem Hintergrund <em>RT DE<\/em> und die hysterischen Reaktionen der deutschen Politik und der deutschen Medien betrachtet, kommt man zu folgendem \u00fcberraschenden Schluss: W\u00e4hrend Existenz und Aufbau des Senders belegen, dass Russland nach wie vor nach den Regeln des Friedenszustands agiert und Schritte unternimmt, die ihrer Natur nach der Verst\u00e4ndigung dienen, ist es die deutsche Reaktion darauf, die den Regeln des Krieges folgt und nach Kr\u00e4ften versucht, Konflikt zu sch\u00fcren und Verst\u00e4ndigung zu verhindern.<\/p>\n<p style=\"text-align: right;\"><em>Dagmar Henn ist Mitglied des Deutschen Freidenker-Verbandes<\/em><\/p>\n<p><span style=\"font-size: 10pt;\">Link zur Erstver\u00f6ffentlichung: <a href=\"https:\/\/de.rt.com\/meinung\/125073-deutschland-und-rt-de-oder\/\" target=\"_blank\" rel=\"noopener\">https:\/\/de.rt.com\/meinung\/125073-deutschland-und-rt-de-oder\/<\/a><\/span><\/p>\n<hr \/>\n<p><span class=\"mw-mmv-title\" style=\"font-size: 10pt;\">Bild: Collage von Ralf Lux unter Verwendung von:<\/span><\/p>\n<p><span style=\"font-size: 10pt;\">Deutsch-d\u00e4nische Grenze bei Padborg<\/span><br \/>\n<span style=\"font-size: 10pt;\">Foto: MPD01605, <a href=\"https:\/\/creativecommons.org\/licenses\/by-sa\/2.0\/deed.en\" target=\"_blank\" rel=\"noopener\">CC BY-SA 2.0\u00a0<\/a><\/span><br \/>\n<span style=\"font-size: 10pt;\">Quelle: <a href=\"https:\/\/commons.wikimedia.org\/wiki\/File:Deutschland-Danmark_Padborg,_Syddanmark_Border.jpg\" target=\"_blank\" rel=\"noopener\">https:\/\/commons.wikimedia.org\/wiki\/File:Deutschland-Danmark_Padborg,_Syddanmark_Border.jpg<\/a><\/span><\/p>\n<p>&nbsp;<\/p>\n","protected":false},"excerpt":{"rendered":"<p><b>Beitrag von Dagmar Henn<\/b><br \/>\n&#8230; Verst\u00e4ndigung verhindert keine harten Kollisionen, aber sie macht sie weniger wahrscheinlich. Differenzen sind dann verhandel- und l\u00f6sbar, wenn sie auf das n\u00fcchterne Feld unterschiedlicher Interessen zur\u00fcckgef\u00fchrt und nicht auf dem Feld absoluter Wahrheiten gef\u00fchrt werden. Voraussetzung daf\u00fcr (und f\u00fcr jede Diplomatie) ist, das Gegen\u00fcber zum einen zu kennen, und zum anderen erst einmal so zu akzeptieren, wie es ist. Wunschvorstellungen oder gar Forderungen an die andere Seite hingegen sind konfliktversch\u00e4rfend.<\/p>\n","protected":false},"author":3,"featured_media":11340,"comment_status":"closed","ping_status":"closed","sticky":false,"template":"","format":"standard","meta":{"colormag_page_container_layout":"default_layout","colormag_page_sidebar_layout":"default_layout","advanced_seo_description":"","jetpack_seo_html_title":"","jetpack_seo_noindex":false,"jetpack_post_was_ever_published":false,"footnotes":""},"categories":[12],"tags":[605,452,1027,339,124,1432,222,1433,345],"class_list":["post-11339","post","type-post","status-publish","format-standard","has-post-thumbnail","hentry","category-demokratie-medien-aufklaerung","tag-desinformation","tag-deutschland","tag-frankreich","tag-kriegspropaganda","tag-politik","tag-russia-today","tag-russland","tag-verstaendigung","tag-voelkerrecht"],"jetpack_featured_media_url":"https:\/\/i0.wp.com\/www.freidenker.org\/fw17\/wp-content\/uploads\/2021\/10\/RT-DE_Grenze_800x450.jpg?fit=800%2C450&ssl=1","jetpack_shortlink":"https:\/\/wp.me\/p9stpK-2WT","jetpack-related-posts":[{"id":14665,"url":"https:\/\/www.freidenker.org\/?p=14665","url_meta":{"origin":11339,"position":0},"title":"&#8222;Warum stoppt niemand RT DE?&#8220;","author":"Webredaktion","date":"15. November 2022","format":false,"excerpt":"Beitrag von Gert Ewen Ungar Mit dem\u00a0der als Dokumentation getarnten Propagandasendung \"Russlands deutsche Propagandakrieger\" l\u00e4utet das ZDF die n\u00e4chste Runde im Kampf gegen russische Medien, vor allem aber gegen eine ausgewogene Berichterstattung und Diskussion zum Themenkomplex Ukraine-Konflikt ein.\u00a0Es ist ein weiterer Schritt in Richtung einer bereitwilligen Preisgabe grundlegender journalistischer Standards\u2026","rel":"","context":"In &quot;Demokratie \u2013 Medien \u2013 Aufkl\u00e4rung&quot;","block_context":{"text":"Demokratie \u2013 Medien \u2013 Aufkl\u00e4rung","link":"https:\/\/www.freidenker.org\/?cat=12"},"img":{"alt_text":"","src":"https:\/\/i0.wp.com\/www.freidenker.org\/fw17\/wp-content\/uploads\/2022\/11\/Lampe_-Russia_Today_800x450.jpg?fit=800%2C450&ssl=1&resize=350%2C200","width":350,"height":200,"srcset":"https:\/\/i0.wp.com\/www.freidenker.org\/fw17\/wp-content\/uploads\/2022\/11\/Lampe_-Russia_Today_800x450.jpg?fit=800%2C450&ssl=1&resize=350%2C200 1x, https:\/\/i0.wp.com\/www.freidenker.org\/fw17\/wp-content\/uploads\/2022\/11\/Lampe_-Russia_Today_800x450.jpg?fit=800%2C450&ssl=1&resize=525%2C300 1.5x, https:\/\/i0.wp.com\/www.freidenker.org\/fw17\/wp-content\/uploads\/2022\/11\/Lampe_-Russia_Today_800x450.jpg?fit=800%2C450&ssl=1&resize=700%2C400 2x"},"classes":[]},{"id":16372,"url":"https:\/\/www.freidenker.org\/?p=16372","url_meta":{"origin":11339,"position":1},"title":"Oskar Lafontaine im Interview: &#8222;Gr\u00fcne sind der US-Politik unterworfen&#8220;","author":"Webredaktion","date":"28. Juni 2023","format":false,"excerpt":"Interview von Tom J. Wellbrock mit Oskar Lafontaine Im Interview mit Tom Wellbrock streift der ehemalige SPD-Politiker und Gr\u00fcnder der Partei Die Linke, Oskar Lafontaine, zahlreiche Themenfelder der aktuellen Politik und r\u00e4umt mit vielem auf, was in Deutschland f\u00fcr wahr gehalten wird, jedoch nicht den Fakten entspricht.\u00a0Da ist zun\u00e4chst das\u2026","rel":"","context":"In &quot;Demokratie \u2013 Medien \u2013 Aufkl\u00e4rung&quot;","block_context":{"text":"Demokratie \u2013 Medien \u2013 Aufkl\u00e4rung","link":"https:\/\/www.freidenker.org\/?cat=12"},"img":{"alt_text":"","src":"https:\/\/i0.wp.com\/www.freidenker.org\/fw17\/wp-content\/uploads\/2023\/06\/Lafontaine_800x450.jpg?fit=800%2C450&ssl=1&resize=350%2C200","width":350,"height":200,"srcset":"https:\/\/i0.wp.com\/www.freidenker.org\/fw17\/wp-content\/uploads\/2023\/06\/Lafontaine_800x450.jpg?fit=800%2C450&ssl=1&resize=350%2C200 1x, https:\/\/i0.wp.com\/www.freidenker.org\/fw17\/wp-content\/uploads\/2023\/06\/Lafontaine_800x450.jpg?fit=800%2C450&ssl=1&resize=525%2C300 1.5x, https:\/\/i0.wp.com\/www.freidenker.org\/fw17\/wp-content\/uploads\/2023\/06\/Lafontaine_800x450.jpg?fit=800%2C450&ssl=1&resize=700%2C400 2x"},"classes":[]},{"id":11327,"url":"https:\/\/www.freidenker.org\/?p=11327","url_meta":{"origin":11339,"position":2},"title":"Diether Dehm zur L\u00f6schung von RT-DE-Kan\u00e4len","author":"Webredaktion","date":"3. Oktober 2021","format":false,"excerpt":"Interview mit RT DE mit Diether Dehm F: Wie bewerten Sie die L\u00f6schung der YouTube-Kan\u00e4le RT DE und Der Fehlende Part? A: \"Na, das ist es, wovor ich viele, auch Russia Today, schon gewarnt habe, dass nach der Bundestagswahl, wenn die Stimmen ausgez\u00e4hlt sind, die Repression und die Zensur in\u2026","rel":"","context":"In &quot;Demokratie \u2013 Medien \u2013 Aufkl\u00e4rung&quot;","block_context":{"text":"Demokratie \u2013 Medien \u2013 Aufkl\u00e4rung","link":"https:\/\/www.freidenker.org\/?cat=12"},"img":{"alt_text":"","src":"https:\/\/i0.wp.com\/www.freidenker.org\/fw17\/wp-content\/uploads\/2021\/10\/Diether_Dehm_Interview_RTDE_800x450.jpg?fit=800%2C450&ssl=1&resize=350%2C200","width":350,"height":200,"srcset":"https:\/\/i0.wp.com\/www.freidenker.org\/fw17\/wp-content\/uploads\/2021\/10\/Diether_Dehm_Interview_RTDE_800x450.jpg?fit=800%2C450&ssl=1&resize=350%2C200 1x, https:\/\/i0.wp.com\/www.freidenker.org\/fw17\/wp-content\/uploads\/2021\/10\/Diether_Dehm_Interview_RTDE_800x450.jpg?fit=800%2C450&ssl=1&resize=525%2C300 1.5x, https:\/\/i0.wp.com\/www.freidenker.org\/fw17\/wp-content\/uploads\/2021\/10\/Diether_Dehm_Interview_RTDE_800x450.jpg?fit=800%2C450&ssl=1&resize=700%2C400 2x"},"classes":[]},{"id":12140,"url":"https:\/\/www.freidenker.org\/?p=12140","url_meta":{"origin":11339,"position":3},"title":"RT DE und das Brandenburger Landrecht","author":"Webredaktion","date":"4. Februar 2022","format":false,"excerpt":"Beitrag von Dagmar Henn Jedes Ding hat eine gute und eine schlechte Seite, und mit den fortgesetzten Man\u00f6vern, um den TV-Kanal\u00a0RT DE zum Schweigen zu bringen, ist es genauso. Deshalb sollte man diesen Punkt an allererster Stelle betonen \u2013 sie best\u00e4tigen, dass RT DE l\u00e4ngst ein wichtiges Medium in Deutschland\u2026","rel":"","context":"In &quot;Demokratie \u2013 Medien \u2013 Aufkl\u00e4rung&quot;","block_context":{"text":"Demokratie \u2013 Medien \u2013 Aufkl\u00e4rung","link":"https:\/\/www.freidenker.org\/?cat=12"},"img":{"alt_text":"","src":"https:\/\/i0.wp.com\/www.freidenker.org\/fw17\/wp-content\/uploads\/2022\/02\/rt_de_zensiert_800x450.jpg?fit=800%2C450&ssl=1&resize=350%2C200","width":350,"height":200,"srcset":"https:\/\/i0.wp.com\/www.freidenker.org\/fw17\/wp-content\/uploads\/2022\/02\/rt_de_zensiert_800x450.jpg?fit=800%2C450&ssl=1&resize=350%2C200 1x, https:\/\/i0.wp.com\/www.freidenker.org\/fw17\/wp-content\/uploads\/2022\/02\/rt_de_zensiert_800x450.jpg?fit=800%2C450&ssl=1&resize=525%2C300 1.5x, https:\/\/i0.wp.com\/www.freidenker.org\/fw17\/wp-content\/uploads\/2022\/02\/rt_de_zensiert_800x450.jpg?fit=800%2C450&ssl=1&resize=700%2C400 2x"},"classes":[]},{"id":21058,"url":"https:\/\/www.freidenker.org\/?p=21058","url_meta":{"origin":11339,"position":4},"title":"Die Klageges\u00e4nge des BSW: &#8222;Ach, die Medien!&#8220;","author":"Webredaktion","date":"1. M\u00e4rz 2025","format":false,"excerpt":"Beitrag von Gert Ewen Ungar H\u00e4tte es Deutschland auf die Reihe bekommen, die im Ausland lebenden Deutschen an den Bundestagswahlen teilnehmen zu lassen, h\u00e4tte ich vermutlich mein Kreuz beim BSW gemacht. Ganz z\u00e4hneknirschend zwar, aber ich h\u00e4tte das BSW gew\u00e4hlt. Dazu kam es nicht, denn Deutschland ist nicht mehr in\u2026","rel":"","context":"In &quot;Demokratie \u2013 Medien \u2013 Aufkl\u00e4rung&quot;","block_context":{"text":"Demokratie \u2013 Medien \u2013 Aufkl\u00e4rung","link":"https:\/\/www.freidenker.org\/?cat=12"},"img":{"alt_text":"","src":"https:\/\/i0.wp.com\/www.freidenker.org\/fw17\/wp-content\/uploads\/2025\/03\/2024-08-19_Event_Thueringer_Wahlkampftour-Start_des_BSW_in_Eisenach_STP_2994_by_Stepro_800x450.jpg?fit=800%2C450&ssl=1&resize=350%2C200","width":350,"height":200,"srcset":"https:\/\/i0.wp.com\/www.freidenker.org\/fw17\/wp-content\/uploads\/2025\/03\/2024-08-19_Event_Thueringer_Wahlkampftour-Start_des_BSW_in_Eisenach_STP_2994_by_Stepro_800x450.jpg?fit=800%2C450&ssl=1&resize=350%2C200 1x, https:\/\/i0.wp.com\/www.freidenker.org\/fw17\/wp-content\/uploads\/2025\/03\/2024-08-19_Event_Thueringer_Wahlkampftour-Start_des_BSW_in_Eisenach_STP_2994_by_Stepro_800x450.jpg?fit=800%2C450&ssl=1&resize=525%2C300 1.5x, https:\/\/i0.wp.com\/www.freidenker.org\/fw17\/wp-content\/uploads\/2025\/03\/2024-08-19_Event_Thueringer_Wahlkampftour-Start_des_BSW_in_Eisenach_STP_2994_by_Stepro_800x450.jpg?fit=800%2C450&ssl=1&resize=700%2C400 2x"},"classes":[]},{"id":18845,"url":"https:\/\/www.freidenker.org\/?p=18845","url_meta":{"origin":11339,"position":5},"title":"&#8222;Gerechter Friede&#8220;?","author":"Webredaktion","date":"20. April 2024","format":false,"excerpt":"Scholz ist das Problem, nicht die L\u00f6sung \u2013 Kanzler blitzt in China ab Beitrag von Gert Ewen Ungar Es gehe ihm um einen gerechten Frieden, behauptet Scholz, wenn er \u00fcber die Ukraine spricht. \"Gerechter Frieden f\u00fcr die Ukraine\" ist die neue rhetorische Verpackung f\u00fcr das immer gleiche Ziel: Der Ukraine\u2026","rel":"","context":"In &quot;Demokratie \u2013 Medien \u2013 Aufkl\u00e4rung&quot;","block_context":{"text":"Demokratie \u2013 Medien \u2013 Aufkl\u00e4rung","link":"https:\/\/www.freidenker.org\/?cat=12"},"img":{"alt_text":"","src":"https:\/\/i0.wp.com\/www.freidenker.org\/fw17\/wp-content\/uploads\/2024\/04\/Scholz_in_Slowenien_53612855283_Ausschnitt_800x450.jpg?fit=800%2C450&ssl=1&resize=350%2C200","width":350,"height":200,"srcset":"https:\/\/i0.wp.com\/www.freidenker.org\/fw17\/wp-content\/uploads\/2024\/04\/Scholz_in_Slowenien_53612855283_Ausschnitt_800x450.jpg?fit=800%2C450&ssl=1&resize=350%2C200 1x, https:\/\/i0.wp.com\/www.freidenker.org\/fw17\/wp-content\/uploads\/2024\/04\/Scholz_in_Slowenien_53612855283_Ausschnitt_800x450.jpg?fit=800%2C450&ssl=1&resize=525%2C300 1.5x, https:\/\/i0.wp.com\/www.freidenker.org\/fw17\/wp-content\/uploads\/2024\/04\/Scholz_in_Slowenien_53612855283_Ausschnitt_800x450.jpg?fit=800%2C450&ssl=1&resize=700%2C400 2x"},"classes":[]}],"_links":{"self":[{"href":"https:\/\/www.freidenker.org\/index.php?rest_route=\/wp\/v2\/posts\/11339","targetHints":{"allow":["GET"]}}],"collection":[{"href":"https:\/\/www.freidenker.org\/index.php?rest_route=\/wp\/v2\/posts"}],"about":[{"href":"https:\/\/www.freidenker.org\/index.php?rest_route=\/wp\/v2\/types\/post"}],"author":[{"embeddable":true,"href":"https:\/\/www.freidenker.org\/index.php?rest_route=\/wp\/v2\/users\/3"}],"replies":[{"embeddable":true,"href":"https:\/\/www.freidenker.org\/index.php?rest_route=%2Fwp%2Fv2%2Fcomments&post=11339"}],"version-history":[{"count":0,"href":"https:\/\/www.freidenker.org\/index.php?rest_route=\/wp\/v2\/posts\/11339\/revisions"}],"wp:featuredmedia":[{"embeddable":true,"href":"https:\/\/www.freidenker.org\/index.php?rest_route=\/wp\/v2\/media\/11340"}],"wp:attachment":[{"href":"https:\/\/www.freidenker.org\/index.php?rest_route=%2Fwp%2Fv2%2Fmedia&parent=11339"}],"wp:term":[{"taxonomy":"category","embeddable":true,"href":"https:\/\/www.freidenker.org\/index.php?rest_route=%2Fwp%2Fv2%2Fcategories&post=11339"},{"taxonomy":"post_tag","embeddable":true,"href":"https:\/\/www.freidenker.org\/index.php?rest_route=%2Fwp%2Fv2%2Ftags&post=11339"}],"curies":[{"name":"wp","href":"https:\/\/api.w.org\/{rel}","templated":true}]}}