{"id":11314,"date":"2021-10-03T03:59:38","date_gmt":"2021-10-03T01:59:38","guid":{"rendered":"https:\/\/www.freidenker.org\/?p=11314"},"modified":"2021-10-31T02:46:28","modified_gmt":"2021-10-31T01:46:28","slug":"milosevic-2021-zusammenarbeit-und-freundschaft-mit-russland-und-china","status":"publish","type":"post","link":"https:\/\/www.freidenker.org\/?p=11314","title":{"rendered":"Milo\u0161evi\u0107 2021: Zusammenarbeit und Freundschaft mit Russland und China!"},"content":{"rendered":"<p><img data-recalc-dims=\"1\" loading=\"lazy\" decoding=\"async\" data-attachment-id=\"11319\" data-permalink=\"https:\/\/www.freidenker.org\/?attachment_id=11319\" data-orig-file=\"https:\/\/i0.wp.com\/www.freidenker.org\/fw17\/wp-content\/uploads\/2021\/10\/ICSM-logo.png?fit=300%2C71&amp;ssl=1\" data-orig-size=\"300,71\" data-comments-opened=\"0\" data-image-meta=\"{&quot;aperture&quot;:&quot;0&quot;,&quot;credit&quot;:&quot;&quot;,&quot;camera&quot;:&quot;&quot;,&quot;caption&quot;:&quot;&quot;,&quot;created_timestamp&quot;:&quot;0&quot;,&quot;copyright&quot;:&quot;&quot;,&quot;focal_length&quot;:&quot;0&quot;,&quot;iso&quot;:&quot;0&quot;,&quot;shutter_speed&quot;:&quot;0&quot;,&quot;title&quot;:&quot;&quot;,&quot;orientation&quot;:&quot;0&quot;}\" data-image-title=\"ICSM-logo\" data-image-description=\"\" data-image-caption=\"\" data-large-file=\"https:\/\/i0.wp.com\/www.freidenker.org\/fw17\/wp-content\/uploads\/2021\/10\/ICSM-logo.png?fit=300%2C71&amp;ssl=1\" class=\"alignnone wp-image-11319 size-full\" src=\"https:\/\/i0.wp.com\/www.freidenker.org\/fw17\/wp-content\/uploads\/2021\/10\/ICSM-logo.png?resize=300%2C71&#038;ssl=1\" alt=\"\" width=\"300\" height=\"71\" \/><\/p>\n<p>Das Internationale Komitee Slobodan Milo\u0161evi\u0107 plante am 1. Oktober 2021 in Belgrad eine Internationale Konferenz &#8222;MILOSEVIC &#8211; GEGEN NATO-VERBRECHEN, F\u00dcR EINE NEUE WELT&#8220; anl\u00e4sslich des 80. Geburtstages und des 15. Todestages von Slobodan Milosevic sowie des 20. Jahrestages der Gr\u00fcndung des Komitees. &#8222;Dank&#8220; der Corona-Regime-Bedingungen (Quarant\u00e4ne f\u00fcr Ausreisende aus Serbien) konnte diese Konferenz nur im Internet stattfinden.<\/p>\n<p>Wir ver\u00f6ffentlichen hier die Rede von Klaus Hartmann, Co-Vorsitzender des Internationalen Komitees Slobodan Milo\u0161evi\u0107 und Pr\u00e4sident der Weltunion der Freidenker.<\/p>\n<p style=\"text-align: right;\"><em>Webredaktion<\/em><\/p>\n<p>Siehe auch:<\/p>\n<ul>\n<li><a href=\"https:\/\/www.freidenker.org\/?p=11320\">Rede von Peter Betscher<\/a><\/li>\n<li><a href=\"https:\/\/www.freidenker.org\/?p=11334\">Rede von Sebastian Bahlo<\/a><\/li>\n<li><a href=\"https:\/\/milosevic.co\/1081\/our-conference-video-addresses\/\" target=\"_blank\" rel=\"noopener\">Links zu allen Reden<\/a><\/li>\n<\/ul>\n<hr \/>\n<p>&nbsp;<\/p>\n<div class=\"jetpack-video-wrapper\"><span class=\"embed-youtube\" style=\"text-align:center; display: block;\"><iframe loading=\"lazy\" class=\"youtube-player\" width=\"800\" height=\"450\" src=\"https:\/\/www.youtube.com\/embed\/pxw4D64IZNI?version=3&#038;rel=1&#038;showsearch=0&#038;showinfo=1&#038;iv_load_policy=1&#038;fs=1&#038;hl=de-DE&#038;autohide=2&#038;wmode=transparent\" allowfullscreen=\"true\" style=\"border:0;\" sandbox=\"allow-scripts allow-same-origin allow-popups allow-presentation allow-popups-to-escape-sandbox\"><\/iframe><\/span><\/div>\n<p style=\"text-align: center;\"><span style=\"font-size: 10pt;\">Video in englischer Sprache<\/span><\/p>\n<h4>Milo\u0161evi\u0107 2021: Zusammenarbeit und Freundschaft mit Russland und China!<\/h4>\n<p><em>Von <strong>Klaus Hartmann<\/strong><\/em><\/p>\n<p>Unser Internationales Komitee Slobodan Milo\u0161evi\u0107 erinnert in diesem \u201eMilo\u0161evi\u0107-Jahr\u201c, wie schon verschiedentlich erw\u00e4hnt, an eine Reihe von Jahrestagen: An den Geburtstag von Pr\u00e4sident Milo\u0161evi\u0107 vor 80 Jahren am 20. August 1941 und an seine Entf\u00fchrung nach Den Haag vor 20 Jahren, am 28. Juni 2001 durch eine Marionettenregierung, die nach der NATO-Aggression gegen Jugoslawien in einem Staatstreich die Macht an sich gerissen hatte. Dieses Datum markiert zugleich die Gr\u00fcndung des Internationalen Komitees f\u00fcr die Verteidigung von Slobodan Milo\u0161evi\u0107 (ICDSM), und der letzte traurige Jahrestag, dessen zu gedenken ist, betrifft seine Ermordung vor 15 Jahren im Haager Gef\u00e4ngnis am 11. M\u00e4rz 2006.<\/p>\n<p>Geschichtliche Jahrestage haben f\u00fcr uns nicht nur die Bedeutung des Erinnerns, der Ehrung oder der Trauer. Sie sollen auch als Mahnung dienen und das geschichtliche Bewusstsein unserer Zeitgenossen und k\u00fcnftiger Generationen wachhalten und sch\u00e4rfen. Und die wichtigste Lehre der vergangenen Jahrzehnte, von \u00fcber 100 Jahren lautet: Der antagonistische Gegensatz zwischen den Kr\u00e4ften des Krieges, der Unterdr\u00fcckung und der Barbarei, und andererseits den Kr\u00e4fte des Friedens, der Befreiung und des sozialen Fortschritts besteht fort, und wir m\u00fcssen alle Anstrengungen unternehmen, die menschliche Zivilisation zu verteidigen.<\/p>\n<p>Um aus der Geschichte f\u00fcr die K\u00e4mpfe heute zu lernen, sollten wir die Reihe unserer Jahrestage unbedingt um zwei Daten erg\u00e4nzen: den 80. Jahrestag des faschistischen \u00dcberfalls auf die Sowjetunion am 22. Juni 1941, von den Nazis \u201eUnternehmen Barbarossa\u201c genannt, und \u2013 nicht im gleichen Ma\u00dfe im \u00f6ffentlichen Bewusstsein pr\u00e4sent, aber damit verbunden \u2013 das sogenannte \u201eUnternehmen Strafgericht\u201c am 6. April 1941 gegen Jugoslawien, verbunden mit dem Feldzug gegen das neutrale Griechenland.<\/p>\n<p>Die Triebkr\u00e4fte hinter diesen verbrecherischen \u00dcberf\u00e4llen im 2. Weltkrieg waren die gleichen wie beim 1. Weltkrieg, und sie sind gleichgeblieben nach der Befreiung vom Faschismus im \u201eKalten Krieg\u201c, bei den konterrevolution\u00e4ren Ereignissen seit 1989\/90, bei der Aggression gegen Jugoslawien 1999 und den imperialistischen Kriegen bis heute, einschlie\u00dflich der aktuellen Konfrontationspolitik des \u201eWestens\u201c gegen die Russland F\u00f6deration und die Volksrepublik China.<\/p>\n<p>Der Kriegsverbrecher Bill Clinton brachte die Motivation (mit seinem Wahlkampfslogan 1992) exakt auf den Punkt: <em>\u201eEs ist die Wirtschaft, Dummkopf!\u201c<\/em>. Und die dazu erforderliche Geopolitik, m\u00fcsste man erg\u00e4nzen. Hitler formulierte ganz \u00e4hnlich, dass <em>\u201ediese V\u00f6lker uns gegen\u00fcber in erster Linie die Aufgabe haben, uns wirtschaftlich zu dienen\u201c.<\/em> <em>\u201e<\/em><em>Der Kampf um die Hegemonie in der Welt wird f\u00fcr Europa durch den Besitz des russischen Raumes entschieden\u201c<\/em>, es k\u00e4me darauf an,<em> \u201eaus den besetzten russischen Gebieten herauszuholen, was sich herausholen l\u00e4sst.\u201c <\/em>Dies begr\u00fcndete er imperialistisch und rassistisch: <em>\u201e<\/em><em>Der russische Raum ist unser Indien, und wie die Engl\u00e4nder es mit einer Handvoll Menschen beherrschen, so werden wir diesen unseren Kolonialraum regieren. Es w\u00e4re verfehlt, den Eingeborenen erziehen zu wollen.\u201c \u201eDie slawischen V\u00f6lker sind zu einem eigenen Leben nicht bestimmt.\u201c \u201eDer Slawe ist eine geborene Sklaven-Masse, die nach dem Herrn schreit; es fragt sich nur, wer der Herr ist.\u201c<\/em><\/p>\n<p>Der 1939 von den deutschen Faschisten begonnene 2. Weltkrieg hatte eine l\u00e4ngere Vorgeschichte. Von der ideologischen und propagandistischen Vorbereitung abgesehen, w\u00e4re an erster Stelle der Austritt Deutschlands aus dem V\u00f6lkerbund im Oktober 1933 zu nennen, nachdem Japan bereits im Februar ausgetreten war. Beide L\u00e4nder schlossen 1936 den sogenannten \u201eAntikominternpakt\u201c als v\u00f6lkerrechtlichen Vertrag, dessen Zweck die antikommunistische Propaganda war, der sich aber direkt gegen die Sowjetunion richtete. 1937 schloss sich Mussolini-Italien dem Pakt an.<\/p>\n<p>Diese \u201eAchse Berlin-Rom-Tokio\u201c schloss 1940 auf Hitlers Initiative den \u201eDreim\u00e4chtepakt\u201c, der eine intensive milit\u00e4rische Zusammenarbeit beinhaltete. Nachdem Ungarn, Rum\u00e4nien, die Slowakei und Bulgarien dem Dreim\u00e4chtepakt beigetreten waren, nahm der Druck auf Jugoslawien und Griechenland zu, dem Beispiel zu folgen. Nachdem jedoch am 25. M\u00e4rz 1941 Regierungsvertreter des K\u00f6nigreichs Jugoslawien in Wien ihre Unterschrift unter den Pakt gesetzt hatten, wurden sie bei ihrer R\u00fcckkehr nach Belgrad von einem Generalstreik und Massendemonstrationen empfangen. Nach dem Sturz der Regierung am 27. M\u00e4rz 1941 befahl Hitler am gleichen Tag einen Blitzkrieg gegen Jugoslawien, um es <em>\u201emilit\u00e4risch und als Staatsgebilde zu zerschlagen\u201c<\/em>.<\/p>\n<p>Ab dem 6. April 1941 flog die Luftwaffe des faschistischen Deutschland Bombenangriffe auf Belgrad, bei den 440 Tonnen Brand- und Splitterbomben abwarf, wobei 9.000 H\u00e4user im Feuersturm zerst\u00f6rt und 3.000 Menschen get\u00f6tet wurden. Deutschland annektierte Slowenien, Italien annektierte Dalmatien, Bulgarien annektierte Mazedonien und das von Italien abh\u00e4ngige Albanien annektierte Montenegro. In Kroatien bereiteten hingegen Nationalisten der einmarschierenden Wehrmacht einen begeisterten Empfang, und \u201eF\u00fchrer\u201c Ante Paveli\u0107 durfte in Kroatien und Bosnien-Herzegowina einen \u201eunabh\u00e4ngigen\u201c Ustascha-Staat errichten, Konzentrationslager inclusive.<\/p>\n<p>Serbien wurde massiv verkleinert und deutscher Milit\u00e4rverwaltung mit serbischem Statthalter unterstellt. Rund 350.000 serbische und montenegrinische Milit\u00e4rangeh\u00f6rige gingen in deutsche Kriegsgefangenschaft, davon 180.000 zur Zwangsarbeit ins Deutsche Reich. W\u00e4hrend des 2. Weltkriegs verloren 1.690.000 Millionen Menschen in Jugoslawien ihr Leben.<\/p>\n<p>Das war ein hoher Preis f\u00fcr den serbischen Willen zu Selbstbehauptung und Unabh\u00e4ngigkeit, doch war dies von gr\u00f6\u00dfter, vielleicht sogar entscheidender Bedeutung f\u00fcr Verlauf und Ende des verbrecherischen Weltkriegs. Mit dem Dreim\u00e4chtepakt wollte sich das faschistische Deutschland ein st\u00f6rungsfreies Aufmarschgebiet und freie Hand f\u00fcr den \u00dcberfall auf die Sowjetunion verschaffen. Aufgrund des vorgeschalteten Balkanfeldzugs musste der f\u00fcr den 15. Mai geplante \u00dcberfall auf die Sowjetunion auf den 22. Juni 1941 verschoben werden, was der Wehrmacht den \u201eRussischen Winter\u201c bescherte. Die vermeintlich unf\u00e4higen slawischen V\u00f6lker haben die b\u00f6sen Tr\u00e4ume der Faschisten beendet, und unter gr\u00f6\u00dften Opfern einen gl\u00e4nzenden Sieg gegen die eingebildeten \u201eHerrenmenschen\u201c errungen.<\/p>\n<p>Slobodan Milo\u0161evi\u0107 steht in der Tradition der K\u00e4mpfe gegen die Unterjochung und Bevormundung, f\u00fcr die Befreiung und nationale Selbstbehauptung, f\u00fcr die Gemeinschaft unabh\u00e4ngiger und gleichberechtigter Nationen. Es waren genau diese Positionen, die ihn f\u00fcr die Protagonisten des \u201eNeue Weltordnung\u201c genannten Neokolonialismus zum Gegner werden lie\u00dfen, der mit allem Mittel bek\u00e4mpft werden musste.<\/p>\n<p>Der Angriffskrieg gegen Jugoslawien war der erste Krieg in Europa nach 1945, eine Z\u00e4sur der Nachkriegsgeschichte. Jugoslawien hatte kein anderes Land angegriffen. Es war der erste von der NATO entfesselte offene Krieg, ihm ging \u2013 wie 1941 \u2013 keine Kriegserkl\u00e4rung voraus. Die milit\u00e4rische Gewaltanwendung der NATO erfolgte ohne UN-Mandat und stellte demzufolge eine v\u00f6lkerrechtswidrige Aggression dar.<\/p>\n<p>Die Weltunion der Freidenker stellte am 5. Juni 1999 bei ihrer Konferenz in M\u00fcnchen fest: \u201eDer Krieg gegen Jugoslawien ist ein Versto\u00df gegen die Charta der Vereinten Nationen und hat dem V\u00f6lkerrecht unermesslichen Schaden zugef\u00fcgt. \u2026 Dieser Krieg markiert den Versuch, das V\u00f6lkerrecht, das nach der Befreiung vom Faschismus 1945 auf Grundlage der \u00dcbereinstimmung der Anti-Hitler-Koalition entstanden ist und die g\u00fcltige Weltordnung begr\u00fcndet hat, dieses V\u00f6lkerrecht, das die Souver\u00e4nit\u00e4t und Gleichheit aller Staaten garantiert, durch einen rechtlosen Zustand zu ersetzen.\u201c<\/p>\n<p>Wir sch\u00e4tzten immer wieder ein, dass die NATO-Aggression ein T\u00fcr\u00f6ffner-Krieg f\u00fcr die in schneller Schlagzahl folgenden imperialistischen Angriffs- und Regime-Change-Kriege war, um eine neokoloniale Weltordnung zu erzwingen. Mit \u201eOtpor\u201c in Serbien wurde eine von George Soros und anderen \u201eWohlt\u00e4tern\u201c kreierte \u201eNichtregierungsorganisation\u201c zum Zweck der Subversion und des Staatstreichs in Marsch gesetzt, eine Blaupause f\u00fcr unz\u00e4hlige \u201eFarbenrevolutionen\u201c, Stellvertreterkriege und Putsche, bis Venezuela und dem Maidan. Die Ermordung von Slobodan Milo\u0161evi\u0107 in Den Haag steht in einer Reihe mit den Mordtaten gegen Saddam Hussein und Muammar al-Gaddafi, und es geh\u00f6rt wenig Fantasie dazu, sich das Schicksal von Baschar al-Assad vorzustellen, h\u00e4tte nicht die Russische F\u00f6deration die vom \u201eWesten\u201c dirigierten Terroristen in Syrien gestoppt.<\/p>\n<p>Ein Blick auf die Weltkarte f\u00fchrt uns aber auch vor Augen, dass die vom Imperialismus inszenierten Konflikte und Kriege, einer Kette \u00e4hnlich, um die West- und S\u00fcdflanke der Russischen F\u00f6deration stattfinden, der Umzingelung Russlands dienen und damit auch das letztliche Ziel anzeigen. Hier ergibt sich die Parallele zum faschistischen Dreim\u00e4chtepakt, der ebenfalls dem Zweck diente, dieses Land zu zerst\u00fcckeln, zu versklaven und sich seine Reicht\u00fcmer anzueignen. Und seitdem US-Pr\u00e4sident Obama verk\u00fcndete, nunmehr den \u201eFokus auf Asien\u201c zu richten, ist auch China wieder zu einem Hauptgegner geworden, wie es seinerzeit schon im \u201eFokus\u201c Japans lag.<\/p>\n<p>Heute hei\u00dft der US-Pr\u00e4sident Joe Biden, und er wird von vielen Menschen in Verkennung der Realit\u00e4t f\u00fcr einen \u201enetten Kerl\u201c gehalten. Bevor er 2009 &#8211; 2017 unter Barack Obama Vizepr\u00e4sident wurde, war er von 1973 &#8211; 2009 US-Senator, setzte sich fr\u00fch f\u00fcr ein gewaltsames Eingreifen der USA auf dem Balkan ein, trommelte unentwegt und schlie\u00dflich erfolgreich f\u00fcr die NATO-Aggression 1999. Dieser feine Herr Biden sagte in einer Anh\u00f6rung des US-Senats am 29.07.2000: \u201eWenn wir Milo\u0161evi\u0107 zu Klump schlagen, hat das heilsame Auswirkungen auf die Extreme in anderen L\u00e4ndern\u201c.<\/p>\n<p>Man kann nicht behaupten, dass die Imperialisten eine falsche Einsch\u00e4tzung von Slobodan Milo\u0161evi\u0107 gehabt h\u00e4tten \u2013 sie war realistischer als die mancher Friedensfreunde. Slobodan Milo\u0161evi\u0107 hat uns das Verm\u00e4chtnis hinterlassen, unbeirrt f\u00fcr die Verteidigung des Friedens und des V\u00f6lkerrechts zu k\u00e4mpfen, f\u00fcr nationale Souver\u00e4nit\u00e4t und Unabh\u00e4ngigkeit, f\u00fcr soziale Gerechtigkeit und Fortschritt.<\/p>\n<p>Heute stellt sich die Aufgabe, der Kriegspropaganda und Feindbildproduktion gegen all jene L\u00e4nder entgegenzutreten, die eine eigenst\u00e4ndige nationale Entwicklung anstreben und damit Vorbild f\u00fcr andere in kolonialer Abh\u00e4ngigkeit gehaltenen L\u00e4nder sind. <em>NATO ist ein Milit\u00e4rb\u00fcndnis zur Durchsetzung imperialistischer Raubz\u00fcge.<\/em> 80 Jahre nach dem \u00dcberfall auf die Sowjetunion und Jugoslawien gilt es, den Widerstand gegen die Konfrontationspolitik und Hochr\u00fcstung der NATO zu organisieren. Wir wissen Slobodan Milo\u0161evi\u0107 an unserer Seite, wenn wir uns daf\u00fcr einsetzen: <em><strong>Frieden und Zusammenarbeit mit der Russischen F\u00f6deration und der VR China!<\/strong><\/em><\/p>\n<p style=\"text-align: right;\"><em>Klaus Hartmann<br \/>\nCo-Vorsitzender des Internationalen Komitees<\/em><em> Slobodan Milo\u0161evi\u0107<br \/>\n<\/em><em>Pr\u00e4sident der Weltunion der Freidenker<\/em><\/p>\n<hr \/>\n<p>Downloads<\/p>\n<p><img data-recalc-dims=\"1\" loading=\"lazy\" decoding=\"async\" data-attachment-id=\"1076\" data-permalink=\"https:\/\/www.freidenker.org\/?attachment_id=1076\" data-orig-file=\"https:\/\/i0.wp.com\/www.freidenker.org\/fw17\/wp-content\/uploads\/2017\/10\/pdf_icon-2.png?fit=32%2C32&amp;ssl=1\" data-orig-size=\"32,32\" data-comments-opened=\"0\" data-image-meta=\"{&quot;aperture&quot;:&quot;0&quot;,&quot;credit&quot;:&quot;&quot;,&quot;camera&quot;:&quot;&quot;,&quot;caption&quot;:&quot;&quot;,&quot;created_timestamp&quot;:&quot;0&quot;,&quot;copyright&quot;:&quot;&quot;,&quot;focal_length&quot;:&quot;0&quot;,&quot;iso&quot;:&quot;0&quot;,&quot;shutter_speed&quot;:&quot;0&quot;,&quot;title&quot;:&quot;&quot;,&quot;orientation&quot;:&quot;0&quot;}\" data-image-title=\"pdf_icon\" data-image-description=\"\" data-image-caption=\"\" data-large-file=\"https:\/\/i0.wp.com\/www.freidenker.org\/fw17\/wp-content\/uploads\/2017\/10\/pdf_icon-2.png?fit=32%2C32&amp;ssl=1\" class=\"alignnone size-full wp-image-1076\" src=\"https:\/\/i0.wp.com\/www.freidenker.org\/fw17\/wp-content\/uploads\/2017\/10\/pdf_icon-2.png?resize=32%2C32&#038;ssl=1\" alt=\"\" width=\"32\" height=\"32\" \/> <a href=\"https:\/\/www.freidenker.org\/fw17\/wp-content\/uploads\/2021\/10\/211001-MilosevicYear-dt.pdf\" target=\"_blank\" rel=\"noopener\">Rede von Klaus Hartmann in deutscher Sprache<\/a> (PDF-Dokument, ca. 207 KB)<\/p>\n<p><img data-recalc-dims=\"1\" loading=\"lazy\" decoding=\"async\" data-attachment-id=\"1076\" data-permalink=\"https:\/\/www.freidenker.org\/?attachment_id=1076\" data-orig-file=\"https:\/\/i0.wp.com\/www.freidenker.org\/fw17\/wp-content\/uploads\/2017\/10\/pdf_icon-2.png?fit=32%2C32&amp;ssl=1\" data-orig-size=\"32,32\" data-comments-opened=\"0\" data-image-meta=\"{&quot;aperture&quot;:&quot;0&quot;,&quot;credit&quot;:&quot;&quot;,&quot;camera&quot;:&quot;&quot;,&quot;caption&quot;:&quot;&quot;,&quot;created_timestamp&quot;:&quot;0&quot;,&quot;copyright&quot;:&quot;&quot;,&quot;focal_length&quot;:&quot;0&quot;,&quot;iso&quot;:&quot;0&quot;,&quot;shutter_speed&quot;:&quot;0&quot;,&quot;title&quot;:&quot;&quot;,&quot;orientation&quot;:&quot;0&quot;}\" data-image-title=\"pdf_icon\" data-image-description=\"\" data-image-caption=\"\" data-large-file=\"https:\/\/i0.wp.com\/www.freidenker.org\/fw17\/wp-content\/uploads\/2017\/10\/pdf_icon-2.png?fit=32%2C32&amp;ssl=1\" class=\"alignnone size-full wp-image-1076\" src=\"https:\/\/i0.wp.com\/www.freidenker.org\/fw17\/wp-content\/uploads\/2017\/10\/pdf_icon-2.png?resize=32%2C32&#038;ssl=1\" alt=\"\" width=\"32\" height=\"32\" \/> <a href=\"https:\/\/www.freidenker.org\/fw17\/wp-content\/uploads\/2021\/10\/211001-MilosevicYear-engl.pdf\" target=\"_blank\" rel=\"noopener\">Rede von Klaus Hartmann in englischer Sprache<\/a> (PDF-Dokument, ca. 176 KB)<\/p>\n<hr \/>\n<p><span style=\"font-size: 10pt;\">Bild: Screenshot aus dem Video<\/span><\/p>\n","protected":false},"excerpt":{"rendered":"<p><b>Rede von Klaus Hartmann auf der internationalen Online Konferenz &#8222;MILOSEVIC &#8211; GEGEN NATO-VERBRECHEN, F\u00dcR EINE NEUE WELT&#8220; am 1. Oktober 2021<\/b><br \/>\nGeschichtliche Jahrestage haben f\u00fcr uns nicht nur die Bedeutung des Erinnerns, der Ehrung oder der Trauer. Sie sollen auch als Mahnung dienen und das geschichtliche Bewusstsein unserer Zeitgenossen und k\u00fcnftiger Generationen wachhalten und sch\u00e4rfen. Und die wichtigste Lehre der vergangenen Jahrzehnte, von \u00fcber 100 Jahren lautet: Der antagonistische Gegensatz zwischen den Kr\u00e4ften des Krieges, der Unterdr\u00fcckung und der Barbarei, und andererseits den Kr\u00e4fte des Friedens, der Befreiung und des sozialen Fortschritts besteht fort, und wir m\u00fcssen alle Anstrengungen unternehmen, die menschliche Zivilisation zu verteidigen.<\/p>\n","protected":false},"author":3,"featured_media":11318,"comment_status":"closed","ping_status":"closed","sticky":false,"template":"","format":"standard","meta":{"colormag_page_container_layout":"default_layout","colormag_page_sidebar_layout":"default_layout","advanced_seo_description":"","jetpack_seo_html_title":"","jetpack_seo_noindex":false,"jetpack_post_was_ever_published":false,"footnotes":""},"categories":[13],"tags":[413,335,224,339,269,48],"class_list":["post-11314","post","type-post","status-publish","format-standard","has-post-thumbnail","hentry","category-frieden-antifaschismus-solidaritaet","tag-china","tag-frieden","tag-frieden-mit-russland","tag-kriegspropaganda","tag-nato-ueberfall-auf-jugoslawien","tag-slobodan-milosevic"],"jetpack_featured_media_url":"https:\/\/i0.wp.com\/www.freidenker.org\/fw17\/wp-content\/uploads\/2021\/10\/Milosevic-Konferenz_Hartmann_800x450.jpg?fit=800%2C450&ssl=1","jetpack_shortlink":"https:\/\/wp.me\/p9stpK-2Wu","jetpack-related-posts":[{"id":11320,"url":"https:\/\/www.freidenker.org\/?p=11320","url_meta":{"origin":11314,"position":0},"title":"Das politische Verm\u00e4chtnis von Slobodan Milo\u0161evi\u0107 weitertragen","author":"Webredaktion","date":"3. Oktober 2021","format":false,"excerpt":"Rede von Peter Betscher auf der internationalen Online Konferenz \"MILOSEVIC - GEGEN NATO-VERBRECHEN, F\u00dcR EINE NEUE WELT\" am 1. Oktober 2021 Hierzulande waren viele von der Illusion befangen, dass wegen seiner faschistischen Vergangenheit Deutschland sich an keinen Kriegen mehr beteiligen k\u00f6nne, obwohl die Zeichen schon l\u00e4ngst an der Wand standen.\u2026","rel":"","context":"In &quot;Frieden - Antifaschismus - Solidarit\u00e4t&quot;","block_context":{"text":"Frieden - Antifaschismus - Solidarit\u00e4t","link":"https:\/\/www.freidenker.org\/?cat=13"},"img":{"alt_text":"","src":"https:\/\/i0.wp.com\/www.freidenker.org\/fw17\/wp-content\/uploads\/2021\/10\/Milosevic-Konferenz_Betscher_800x450.jpg?fit=800%2C450&ssl=1&resize=350%2C200","width":350,"height":200,"srcset":"https:\/\/i0.wp.com\/www.freidenker.org\/fw17\/wp-content\/uploads\/2021\/10\/Milosevic-Konferenz_Betscher_800x450.jpg?fit=800%2C450&ssl=1&resize=350%2C200 1x, https:\/\/i0.wp.com\/www.freidenker.org\/fw17\/wp-content\/uploads\/2021\/10\/Milosevic-Konferenz_Betscher_800x450.jpg?fit=800%2C450&ssl=1&resize=525%2C300 1.5x, https:\/\/i0.wp.com\/www.freidenker.org\/fw17\/wp-content\/uploads\/2021\/10\/Milosevic-Konferenz_Betscher_800x450.jpg?fit=800%2C450&ssl=1&resize=700%2C400 2x"},"classes":[]},{"id":11334,"url":"https:\/\/www.freidenker.org\/?p=11334","url_meta":{"origin":11314,"position":1},"title":"Der Name Slobodan Milo\u0161evi\u0107 ist ein Symbol f\u00fcr den nationalen Widerstand gegen den Imperialismus","author":"Webredaktion","date":"4. Oktober 2021","format":false,"excerpt":"Rede von Sebastian Bahlo auf der internationalen Online Konferenz \"MILOSEVIC - GEGEN NATO-VERBRECHEN, F\u00dcR EINE NEUE WELT\" am 1. Oktober 2021 ... Der Name Slobodan Milo\u0161evi\u0107 hat eine wichtige Bedeutung f\u00fcr die Menschheit. Er war ein Politiker, wie man ihn zumindest in der westlichen Welt nicht mehr sieht. Geleitet von\u2026","rel":"","context":"In &quot;Frieden - Antifaschismus - Solidarit\u00e4t&quot;","block_context":{"text":"Frieden - Antifaschismus - Solidarit\u00e4t","link":"https:\/\/www.freidenker.org\/?cat=13"},"img":{"alt_text":"","src":"https:\/\/i0.wp.com\/www.freidenker.org\/fw17\/wp-content\/uploads\/2021\/10\/Milosevic-Konferenz_Bahlo_800x450.jpg?fit=800%2C450&ssl=1&resize=350%2C200","width":350,"height":200,"srcset":"https:\/\/i0.wp.com\/www.freidenker.org\/fw17\/wp-content\/uploads\/2021\/10\/Milosevic-Konferenz_Bahlo_800x450.jpg?fit=800%2C450&ssl=1&resize=350%2C200 1x, https:\/\/i0.wp.com\/www.freidenker.org\/fw17\/wp-content\/uploads\/2021\/10\/Milosevic-Konferenz_Bahlo_800x450.jpg?fit=800%2C450&ssl=1&resize=525%2C300 1.5x, https:\/\/i0.wp.com\/www.freidenker.org\/fw17\/wp-content\/uploads\/2021\/10\/Milosevic-Konferenz_Bahlo_800x450.jpg?fit=800%2C450&ssl=1&resize=700%2C400 2x"},"classes":[]},{"id":9871,"url":"https:\/\/www.freidenker.org\/?p=9871","url_meta":{"origin":11314,"position":2},"title":"Nachruf auf Ramsey Clark","author":"Webredaktion","date":"12. April 2021","format":false,"excerpt":"Nachruf von Vladimir Kr\u0161ljanin Ramsey Clark, Co-Vorsitzender des Internationalen Komitees \"Slobodan Milo\u0161evi\u0107\" ist am Abend des 9. April 2021 in New York im Alter von 93 Jahren verstorben. Ramsey war einer der brillantesten und ehrlichsten Amerikaner unserer Zeit, ein Mann, der das Gesicht und die Seele Amerikas rettete, indem er\u2026","rel":"","context":"In &quot;Frieden - Antifaschismus - Solidarit\u00e4t&quot;","block_context":{"text":"Frieden - Antifaschismus - Solidarit\u00e4t","link":"https:\/\/www.freidenker.org\/?cat=13"},"img":{"alt_text":"","src":"https:\/\/i0.wp.com\/www.freidenker.org\/fw17\/wp-content\/uploads\/2021\/04\/Clark_Milosevic_800x450.jpg?fit=800%2C450&ssl=1&resize=350%2C200","width":350,"height":200,"srcset":"https:\/\/i0.wp.com\/www.freidenker.org\/fw17\/wp-content\/uploads\/2021\/04\/Clark_Milosevic_800x450.jpg?fit=800%2C450&ssl=1&resize=350%2C200 1x, https:\/\/i0.wp.com\/www.freidenker.org\/fw17\/wp-content\/uploads\/2021\/04\/Clark_Milosevic_800x450.jpg?fit=800%2C450&ssl=1&resize=525%2C300 1.5x, https:\/\/i0.wp.com\/www.freidenker.org\/fw17\/wp-content\/uploads\/2021\/04\/Clark_Milosevic_800x450.jpg?fit=800%2C450&ssl=1&resize=700%2C400 2x"},"classes":[]},{"id":8572,"url":"https:\/\/www.freidenker.org\/?p=8572","url_meta":{"origin":11314,"position":3},"title":"NATO, H\u00e4nde weg von Wei\u00dfrussland!","author":"Webredaktion","date":"5. September 2020","format":false,"excerpt":"Appell an die internationale \u00d6ffentlichkeit und das Volk von Belarus Als die NATO Serbien mit Raketen und Bomben bedeckte, war Alexander Lukaschenko der einzige Staatschef, der Belgrad besuchte und unsere Initiative zum Beitritt zur Union Russlands und Wei\u00dfrusslands unterst\u00fctzte. Das werden wir niemals vergessen. K\u00fcrzlich starteten dieselben NATO-Staaten eine hybride\u2026","rel":"","context":"In &quot;Frieden - Antifaschismus - Solidarit\u00e4t&quot;","block_context":{"text":"Frieden - Antifaschismus - Solidarit\u00e4t","link":"https:\/\/www.freidenker.org\/?cat=13"},"img":{"alt_text":"","src":"https:\/\/i0.wp.com\/www.freidenker.org\/fw17\/wp-content\/uploads\/2020\/09\/Lukaschenko_Milosevic_800x450.jpg?fit=800%2C450&ssl=1&resize=350%2C200","width":350,"height":200,"srcset":"https:\/\/i0.wp.com\/www.freidenker.org\/fw17\/wp-content\/uploads\/2020\/09\/Lukaschenko_Milosevic_800x450.jpg?fit=800%2C450&ssl=1&resize=350%2C200 1x, https:\/\/i0.wp.com\/www.freidenker.org\/fw17\/wp-content\/uploads\/2020\/09\/Lukaschenko_Milosevic_800x450.jpg?fit=800%2C450&ssl=1&resize=525%2C300 1.5x, https:\/\/i0.wp.com\/www.freidenker.org\/fw17\/wp-content\/uploads\/2020\/09\/Lukaschenko_Milosevic_800x450.jpg?fit=800%2C450&ssl=1&resize=700%2C400 2x"},"classes":[]},{"id":6243,"url":"https:\/\/www.freidenker.org\/?p=6243","url_meta":{"origin":11314,"position":4},"title":"Wir trauern um Mira Markovi\u0107","author":"Webredaktion","date":"19. April 2019","format":false,"excerpt":"Das Internationale Komitee Slobodan Milo\u0161evi\u0107 trauert umProf. Dr. Mira Markovi\u0107 (10. Juli 1942 \u2013 14. April 2019). Wir, die Mitglieder des ICSM, gedenken des \u00a0Lebens und Werks der Genossin Dr. Mira Markovi\u0107, die ihr ganzes Leben lang f\u00fcr ein sozialistisches Jugoslawien gearbeitet hat. Als Patriotin k\u00e4mpfte sie gemeinsam mit ihrem\u2026","rel":"","context":"In &quot;Weltliche Trauerkultur&quot;","block_context":{"text":"Weltliche Trauerkultur","link":"https:\/\/www.freidenker.org\/?cat=17"},"img":{"alt_text":"","src":"https:\/\/i0.wp.com\/www.freidenker.org\/fw17\/wp-content\/uploads\/2019\/04\/mira_markovic_800x445.jpg?fit=800%2C445&ssl=1&resize=350%2C200","width":350,"height":200,"srcset":"https:\/\/i0.wp.com\/www.freidenker.org\/fw17\/wp-content\/uploads\/2019\/04\/mira_markovic_800x445.jpg?fit=800%2C445&ssl=1&resize=350%2C200 1x, https:\/\/i0.wp.com\/www.freidenker.org\/fw17\/wp-content\/uploads\/2019\/04\/mira_markovic_800x445.jpg?fit=800%2C445&ssl=1&resize=525%2C300 1.5x, https:\/\/i0.wp.com\/www.freidenker.org\/fw17\/wp-content\/uploads\/2019\/04\/mira_markovic_800x445.jpg?fit=800%2C445&ssl=1&resize=700%2C400 2x"},"classes":[]},{"id":265,"url":"https:\/\/www.freidenker.org\/?p=265","url_meta":{"origin":11314,"position":5},"title":"Protestaktion in Den Haag &#8211; Zehnter Todestag S. Milo\u0161evic","author":"Webmaster","date":"8. M\u00e4rz 2016","format":false,"excerpt":"Am Freitag, den 11. M\u00e4rz 2016, j\u00e4hrt sich der Todestag des fr\u00fcheren serbischen und jugoslawischen Pr\u00e4sidenten Slobodan Milo\u0161evic zum zehnten Mal. Im M\u00e4rz 2006 wurde Milo\u0161evic Opfer der NATO-Siegerjustiz in Gestalt des v\u00f6lkerrechtswidrigen Haager Tribunals f\u00fcr das ehemalige Jugoslawien! Slobodan Milo\u0161evic entlarvte vor dem Tribunal die L\u00fcgen der Anklage und\u2026","rel":"","context":"In &quot;Frieden - Antifaschismus - Solidarit\u00e4t&quot;","block_context":{"text":"Frieden - Antifaschismus - Solidarit\u00e4t","link":"https:\/\/www.freidenker.org\/?cat=13"},"img":{"alt_text":"","src":"https:\/\/i0.wp.com\/www.freidenker.org\/fw17\/wp-content\/uploads\/2016\/07\/Den_Haag.jpg?fit=800%2C445&ssl=1&resize=350%2C200","width":350,"height":200,"srcset":"https:\/\/i0.wp.com\/www.freidenker.org\/fw17\/wp-content\/uploads\/2016\/07\/Den_Haag.jpg?fit=800%2C445&ssl=1&resize=350%2C200 1x, https:\/\/i0.wp.com\/www.freidenker.org\/fw17\/wp-content\/uploads\/2016\/07\/Den_Haag.jpg?fit=800%2C445&ssl=1&resize=525%2C300 1.5x, https:\/\/i0.wp.com\/www.freidenker.org\/fw17\/wp-content\/uploads\/2016\/07\/Den_Haag.jpg?fit=800%2C445&ssl=1&resize=700%2C400 2x"},"classes":[]}],"_links":{"self":[{"href":"https:\/\/www.freidenker.org\/index.php?rest_route=\/wp\/v2\/posts\/11314","targetHints":{"allow":["GET"]}}],"collection":[{"href":"https:\/\/www.freidenker.org\/index.php?rest_route=\/wp\/v2\/posts"}],"about":[{"href":"https:\/\/www.freidenker.org\/index.php?rest_route=\/wp\/v2\/types\/post"}],"author":[{"embeddable":true,"href":"https:\/\/www.freidenker.org\/index.php?rest_route=\/wp\/v2\/users\/3"}],"replies":[{"embeddable":true,"href":"https:\/\/www.freidenker.org\/index.php?rest_route=%2Fwp%2Fv2%2Fcomments&post=11314"}],"version-history":[{"count":0,"href":"https:\/\/www.freidenker.org\/index.php?rest_route=\/wp\/v2\/posts\/11314\/revisions"}],"wp:featuredmedia":[{"embeddable":true,"href":"https:\/\/www.freidenker.org\/index.php?rest_route=\/wp\/v2\/media\/11318"}],"wp:attachment":[{"href":"https:\/\/www.freidenker.org\/index.php?rest_route=%2Fwp%2Fv2%2Fmedia&parent=11314"}],"wp:term":[{"taxonomy":"category","embeddable":true,"href":"https:\/\/www.freidenker.org\/index.php?rest_route=%2Fwp%2Fv2%2Fcategories&post=11314"},{"taxonomy":"post_tag","embeddable":true,"href":"https:\/\/www.freidenker.org\/index.php?rest_route=%2Fwp%2Fv2%2Ftags&post=11314"}],"curies":[{"name":"wp","href":"https:\/\/api.w.org\/{rel}","templated":true}]}}