{"id":11287,"date":"2021-09-29T02:23:12","date_gmt":"2021-09-29T00:23:12","guid":{"rendered":"https:\/\/www.freidenker.org\/?p=11287"},"modified":"2021-12-28T22:58:56","modified_gmt":"2021-12-28T21:58:56","slug":"unter-deutscher-fuehrung-organisert-die-eu-das-arbeitsunrecht-corona-verschaerft","status":"publish","type":"post","link":"https:\/\/www.freidenker.org\/?p=11287","title":{"rendered":"Unter deutscher F\u00fchrung organisert die EU das ArbeitsUnrecht &#8211; \u201eCorona\u201c-versch\u00e4rft"},"content":{"rendered":"<p>Aus:\u00a0<a href=\"https:\/\/www.freidenker.org\/?p=11259\">\u201eFREIDENKER\u201c Nr. 3-21<\/a>, September 2021, S. 17-26, 80. Jahrgang<\/p>\n<p><em>von <strong>Werner R\u00fcgemer\u00a0<\/strong><\/em><\/p>\n<p>Proteste zur Verteidigung demokratischer Rechte lassen oft einen zentralen Lebensbereich unbeachtet: die sozialen Rechte, die doch f\u00fcr die Lage der abh\u00e4ngig Besch\u00e4ftigten zentral sind.<\/p>\n<p>Seit ihren Vorstufen in der Montanunion der 1950er Jahre organisiert die EU im Interesse gro\u00dfer Kapitalisten die Ausbeutung und Entrechtung der abh\u00e4ngig Besch\u00e4ftigten. Die Arbeits- und Sozialrechte aus der Universellen Erkl\u00e4rung der Menschenrechte und die Konventionen der Internationalen Arbeitsorganisation ILO werden mehrheitlich verletzt, verdr\u00e4ngt. Zudem kennt die EU keine kollektiven Arbeitsrechte \u2013 hier spielen auch US-Investoren eine stetig wachsende Rolle. Mit besonderer Sch\u00e4rfe zeigt sich dies bei den immer zahlreicheren Arbeitsmigranten. Die deutschen Regierungen spielen dabei eine f\u00fchrende Rolle.<\/p>\n<p>Mit der Corona-Politik wird diese Entwicklung versch\u00e4rft. Betroffene, Gewerkschaften, linke und demokratische Parteien und Initiativen haben noch nicht zu einem nennenswerten Widerstand und zu geeigneten Organisationsformen gefunden. Hier liegt eine wesentliche Aufgabe der Zukunft.<\/p>\n<h5>Vor-erkrankte Systeme: Gesundheit, Wirtschaft, Politik<\/h5>\n<p>\u00bbIm Mittelpunkt der EU-Gesundheitspolitik stehen der Schutz und die Verbesserung der Gesundheit, die effiziente Gesundheitsversorgung und die koordinierte Reaktion auf schwerwiegende Gesundheitsgefahren, die mehr als ein EU-Land bedrohen.\u00ab So verk\u00fcndet es die EU.<sup>1<\/sup> Das klingt gut, oder? Aber auch schon vor \u201eCorona\u201c wurde die Gesundheit vor allem der abh\u00e4ngig Besch\u00e4ftigten immer geringer geachtet.<\/p>\n<p>Die EU f\u00f6rdert \u00fcber den Binnenmarkt den Zugang privater Investoren. In Deutschland haben Konzerne wie Asklepios, Rh\u00f6n-<\/p>\n<p>Kliniken, Helios\/Fresenius, Sana, Ameos und der Reha-Konzern Median nicht nur gro\u00dfe Klinikketten gebildet, sondern verkaufen \u00fcber Tochterbetriebe zahlreiche medizinische Dienstleistungen europaweit. Das gr\u00f6\u00dfte und regierungsnahe Krankenhaus in Europa, die Berliner Charit\u00e9, ist zwar eine K\u00f6rperschaft des \u00f6ffentlichen Rechts, aber radikal durchprivatisiert.<a href=\"#_ftn1\" name=\"_ftnref1\"><sup>[1]<\/sup><\/a><\/p>\n<p>Gesundheit wurde zur Ware auf dem kapitalistischen Markt. Pflegestellen wurden abgebaut, die Zahl der Behandlungen erh\u00f6ht. Ortsnahe Versorgung, Behandlung von Volkskrankheiten \u2013 unwichtig. Es gab bei Covid-19 keine Reserven. Nicht mal die billigsten Testkits, Schutzmasken und Schutzkleider waren vorhanden, nicht einmal f\u00fcr das Personal in den Krankenh\u00e4usern.<\/p>\n<p>Das knappe, \u00fcberlastete Pflegepersonal wird schlecht bezahlt. Andere Besch\u00e4ftigte im Gesundheitssystem werden noch schlechter bezahlt: M\u00f6glichst viele Stellen werden in prek\u00e4re Arbeitspl\u00e4tze bei Subunternehmen ausgelagert, so f\u00fcr Krankentransport \u2013 auch innerhalb der Kliniken \u2013, f\u00fcr Reinigung, K\u00fcche, W\u00e4scherei, Lagerhaltung, Bearbeitung der Krankenakten, Sanit\u00e4res, Hausmeister, so wie es die Charit\u00e9 mithilfe von McKinsey vorgemacht hat. Oberfl\u00e4chliches Reinigen unter Zeitdruck, sogar w\u00e4hrend der Pandemie-Ma\u00dfnahmen ab 2020 \u2013 Hygiene gerade im Krankenhaus? Zweitrangig.<\/p>\n<p><strong><em>EU \u00fcbernimmt Fallpauschale aus den USA<\/em><\/strong><\/p>\n<p>Ein Element der Profitausrichtung ist die Fallpauschale, <em>Diagnosis Related Groups<\/em>, DRG. Sie wurde an der privaten US-Eliteuniversit\u00e4t Yale entwickelt und 1983 in das US-Gesundheitssystem eingef\u00fchrt.<\/p>\n<p>Damit wird nicht die heilende T\u00e4tigkeit belohnt, sondern die m\u00f6glichst kurzfristige und technikintensive Behandlung ausgesuchter Krankheiten. Jedes Bett muss schnell f\u00fcr die n\u00e4chste Operation leerger\u00e4umt werden. Das geh\u00f6rte zum neoliberalen Programm des US-Pr\u00e4sidenten Ronald Reagan. Dieser fr\u00fchere Hollywood-Schauspieler war Ex-Pressesprecher von General Electric \u2013 der wichtigste US-Hersteller von Medizinger\u00e4ten. So wurde das Gesundheitssystem der USA das teuerste und asozialste der Welt. Es schlie\u00dft einen gro\u00dfen, den \u00e4rmeren Teil der abh\u00e4ngig Besch\u00e4ftigten und der Arbeitslosen, auch der wei\u00dfh\u00e4utigen und der Afroamerikaner und Ureinwohner von medizinischen Behandlungen aus.<\/p>\n<p>Die EU finanzierte das Projekt <em>EuroDRG<\/em>. Kleinere US-nahe Staaten wie Irland und die Niederlande \u00fcbernahmen als erste das System. In Deutschland setzte 1993 die CDU\/CSU\/FDP-Regierung unter Kanzler Helmut Kohl, beraten von McKinsey, das Gesundheitsstruktur-Gesetz durch. Inzwischen gilt die Fallpauschale in der ganzen EU.<\/p>\n<p><strong><em>Viele Kranke schaffen es nie ins Krankenhaus<\/em><\/strong><\/p>\n<p>Die SPD\/Gr\u00fcne-Regierung unter Kanzler Gerhard Schr\u00f6der erg\u00e4nzte 2004 im Rahmen der Agenda 2010 die Fallpauschale mit weiteren Ma\u00dfnahmen, Tony Blair mit New Labour hatte das in Gro\u00dfbritannien vorgemacht. Dazu geh\u00f6ren die Entlastung der Arbeitgeber von Sozialabgaben, auch bei der Krankenversicherung, und die vielf\u00e4ltige Belastung der abh\u00e4ngig Besch\u00e4ftigten durch Zuzahlungen bei Medikamenten, Vorsorge-Untersuchungen, Behandlungen und Krankenhausaufenthalten.<\/p>\n<p>Ergebnis schon im Normalfall: Viele Krankheiten bleiben unentdeckt und unbehandelt. Auch die strengen Corona-Bek\u00e4mpfer jetzt sind an der Gesundheit der abh\u00e4ngig Besch\u00e4ftigten, Rentner, Arbeitslosen nicht grunds\u00e4tzlich interessiert. Du bist arm \u2013 du brauchst nicht alle Z\u00e4hne im Mund, du kannst fr\u00fcher sterben.<\/p>\n<p><strong><em>Nach der Finanzkrise 2007: Noch mehr unbehandelte Krankheiten<\/em><\/strong><\/p>\n<p>Die Gesundheitssysteme in Italien, Spanien und Griechenland liegen seit einem Jahrzehnt noch unterhalb des EU-Normalzustands. Nach der Finanzkrise kamen die Ma\u00dfnahmen der Europ\u00e4ischen Kommission, des IWF und der EZB (Troika) hinzu: Sie verlangten zur Rettung der verschuldeten einheimischen Banken drastische K\u00fcrzungen: Nirgends allerdings im Milit\u00e4rhaushalt, sondern im Sozialen und in der Infrastruktur. Allein im Gesundheitsbereich verlangte die Troika zwischen 2011 und 2018 von diesen Staaten 63 K\u00fcrzungen: \u00c4rzte und Pfleger entlassen, Krankenh\u00e4user verkaufen!<a href=\"#_ftn2\" name=\"_ftnref2\"><sup>[2]<\/sup><\/a><\/p>\n<p>Die von der Troika auch noch verlangte Senkung von (Tarif)L\u00f6hnen, Arbeitslosengeld und Renten f\u00fchrt zus\u00e4tzlich dazu, dass abh\u00e4ngig Besch\u00e4ftigte, Arbeitslose und Rentner immer mehr medizinische Behandlungen sich nicht mehr leisten k\u00f6nnen.<\/p>\n<p><strong><em>EU: Osteurop\u00e4er m\u00fcssen nicht gesund sein<\/em><\/strong><\/p>\n<p>In \u00f6stlichen EU-Einflussgebieten wie Polen, Ungarn, Kroatien, Bosnien und dem Kosovo wurde das Zwei-Klassen-System noch brutaler ausgebaut als im Westen: Die neuen Reichen versorgen sich in Privatkliniken. Daneben verlottern die \u00f6ffentlichen Gesundheitssysteme, sie bleiben unterfinanziert. Die Monatsgeh\u00e4lter f\u00fcr \u00c4rzte und Pfleger hier liegen zwischen 400 und 1.200 Euro \u2013 bei \u00e4hnlich hohen Lebenshaltungskosten wie in den reichen EU-Staaten.<\/p>\n<p>Die immer wieder aufkommenden Streiks von \u00c4rzten und Pflegern etwa in Polen und Kroatien werden von den EU-Gremien nicht geh\u00f6rt. Derweil lie\u00df der deutsche Gesundheitsminister j\u00fcngere Mitarbeiter von dort in die Krankenh\u00e4user des reichsten EU-Staats abwerben, zum Beispiel aus dem Kosovo. Osteurop\u00e4er m\u00fcssen nicht gesund sein. Europ\u00e4ische Solidarit\u00e4t?<\/p>\n<p><strong><em>Migrantisches Spargelstechen<\/em><\/strong><\/p>\n<p>Zur Corona-Politik der Bundesregierung geh\u00f6rte es, im Jahre 2021 die Dauer der unversicherten migrantischen Saisonarbeit zugunsten der Sicherung \u201eunserer deutschen Werte\u201c im Bereich Spargel und Erdbeeren gegen\u00fcber den Vorjahren von drei auf vier Monate auszuweiten.<\/p>\n<p><strong><em>Fleischzerleger: Trotz Gesetz weiter nur mit Migranten<\/em><\/strong><\/p>\n<p>Unter SPD-Arbeitsminister Heil wurden die Gesetze f\u00fcr die Fleischarbeiter und das Lieferkettengesetz durch die Unternehmer- und CDU\/CSU-Lobby so entsch\u00e4rft, dass kaum ein Unterschied zum vor-gesetzlichen Zustand \u00fcbriggeblieben ist. Das Gesetz zur Fleischindustrie gilt nur f\u00fcr die Fleisch<em>zerlegung<\/em>, nicht f\u00fcr die Fleisch<em>verarbeitung<\/em>. Vor allem: Als Fleischzerleger suchen T\u00f6nnies, Westfleisch, Vion und Danish Crown weiter gezielt nur migrantische Arbeiter, zudem meistens nur befristet. Bei beiden Gesetzen wischte die Merkel-Regierung gewerkschaftliche Forderungen, die zusammen mit vielen zivilen Initiativen erhoben wurden, vom Tisch.<\/p>\n<h5>Working poor und working sick<\/h5>\n<p>Wenn die Bek\u00e4mpfung der Pandemie wissenschaftlich angelegt worden w\u00e4re, h\u00e4tte man so vorgehen m\u00fcssen:<\/p>\n<ul>\n<li>Sofort mit Beginn die gesundheitlich angeschlagenen Risikogruppen identifizieren \u2013 nach Arbeits-, Lebens-, Wohn-, Umwelt-, Alters- und Gesundheitsverh\u00e4ltnissen;<\/li>\n<li>diese Gruppen m\u00f6glichst vollst\u00e4ndig testen;<\/li>\n<li>die Rechtsmedizin auf breiter Ebene einsetzen;<\/li>\n<li>danach die Ma\u00dfnahmen mit Behandeln, Schutzma\u00dfnahmen, Quarant\u00e4ne ausrichten.<\/li>\n<\/ul>\n<p>Aber gerade das wurde nicht getan. In den Altenheimen, Fleischfabriken, sozialen Brennpunkten usw. wurde getestet \u2013 oder eben erst dann, als von dort katastrophisch die Infektionen sich auch in der Umgebung ausbreiteten wie beim Iduna-Zentrum in G\u00f6ttingen, einem heruntergekommenen Plattenbau, in dem von Amtswegen 700 Migranten, Arbeitslose, Obdachlose, Drogenkranke auf engstem Raum zusammengepfercht werden.<\/p>\n<p>Oder etwa die Arbeitslosen: Eine Studie der Allgemeinen Ortskrankenkasse AOK und des Uniklinikums D\u00fcsseldorf, nicht von der Bundesregierung in Auftrag gegeben, erwies: Arbeitslose hatten bei Covid-19 ein um 84 Prozent h\u00f6heres Risiko als der Durchschnitt der Bev\u00f6lkerung.<\/p>\n<p><strong><em>Die Menschen: Einsame Konsumenten, unauff\u00e4llig arbeitend <\/em><\/strong><\/p>\n<p>So kamen unterdr\u00fcckte Risikogruppen auch in Deutschland wie in den USA nur katastrophisch, \u00bb\u00fcberraschend\u00ab und sp\u00e4t zutage: So auch die vielfach infizierten migrantischen Arbeiter der Fleischindustrie: Innerhalb weniger Tage wurden hohe Infektionsraten bekannt: Das war eine \u201e\u00dcberraschung\u201c f\u00fcr die Regierungsvirologen der Charit\u00e9 (Prof. Drosten) und des regierungsnahen Robert Koch-Instituts.<\/p>\n<p>Mit der westlichen Corona-Politik kamen die f\u00fchrenden Kapitalisten und ihre politischen und medialen Helfer ihrem neoliberalen Traum ein St\u00fcck n\u00e4her: Die Menschen wurden auf ihre Rolle als individuelle, private, h\u00e4usliche KonsumentInnen, bestenfalls mit Kleinfamilie, reduziert und von gehetzten, freundlichen Niedrigl\u00f6hnern mit Essen und Waren beliefert \u2013 w\u00e4hrend die Mehrheit der Besch\u00e4ftigten weiter noch unauff\u00e4lliger und furchtsamer als vorher ihrer Arbeit in den Betrieben nachgehen musste \u2013 home office betraf selbst in Spitzenzeiten h\u00f6chstens ein F\u00fcnftel der Besch\u00e4ftigten.<\/p>\n<h5>Vor-erkrankte Wirtschaft und \u00bbWiederaufbau Europas\u00ab<\/h5>\n<p>Mit der Corona-Politik wird nicht nur das kranke Gesundheitssystem aufrechterhalten, sondern, mit staatlichen Milliardenhilfen, auch das kranke Wirtschaftssystem. Damit konnte sich auch das kranke politische System der abst\u00fcrzenden \u201aVolks\u2018parteien in die Rolle als autorit\u00e4re Krisenmanager hin\u00fcberretten.<\/p>\n<p>Die aufwendig ins deutsche Grundgesetz \u00fcbernommene Schuldenbremse wurde mit Corona sofort ausgesetzt. Mit selbstverst\u00e4ndlichem Verfassungsbruch hat die Regierung f\u00fcr die Jahre 2020 und 2021 etwa 450 Mrd. Euro an zus\u00e4tzlichen Krediten aufgenommen. Gewiss, die einmaligen milden Zahlungen von 300 Euro pro Kind sind den alleinerziehenden M\u00fcttern und den Eltern willkommen. Und die 2.000 bis 15.000 Euro f\u00fcr Selbst\u00e4ndige und die bis zu 150.000 Euro f\u00fcr Mittelst\u00e4ndler helfen kurzzeitig in der Not.<\/p>\n<p>Dauerhafte L\u00f6sungen sehen anders aus. Mehr Personal im Gesundheits- und Pflegesystem? Erh\u00f6hung des Mindestlohns auf wenigstens \u00e4rmliche 12 Euro \u2013 nicht einmal das. Mehr Kinderg\u00e4rten, um auch nur die Verpflichtungen aus dem Kindergarten-Gesetz zu erf\u00fcllen? Nichts davon. Ausbau des \u00f6ffentlichen Verkehrssystems, auch als Beitrag zur Rettung der Umwelt?<\/p>\n<p><strong><em>Subventionen f\u00fcr innovationsfeindliche Unternehmen<\/em><\/strong><\/p>\n<p>Dagegen werden die gro\u00dfen Konzerne langfristig subventioniert. 9 Milliarden Euro zur Rettung der Lufthansa, ohne Auflagen f\u00fcr die Arbeitspl\u00e4tze: Deshalb werden Arbeitspl\u00e4tze abgebaut oder auf Teilzeit umgestellt, Pensionen gek\u00fcrzt, unbezahlte Urlaube erpresst \u2013 w\u00e4hrend f\u00fcr die erst spekulativ mit Beginn der \u00bbCorona-Krise\u00ab eingestiegenen neuen Lufthansa-Aktion\u00e4re wie den Multimilliard\u00e4r Heinz Hermann Thiele, die Investmentbank Morgan Stanley und BlackRock mehrj\u00e4hrige Garantien greifen. Technisch w\u00e4re es kein Problem, die Lufthansa und die Autofabriken auf die Entwicklung und Produktion von kollektiven Nahverkehrs-Systemen umzustellen.<a href=\"#_ftn3\" name=\"_ftnref3\"><sup>[3]<\/sup><\/a><\/p>\n<p>Aber nichts davon. Reparatur der 40.000 Br\u00fccken, die mehrheitlich in schlechtem Zustand sind? Reparatur der undichten Kanalisationen, die ungereinigtes Abwasser ins Grundwasser eindringen lassen? Reparatur der maroden Schulgeb\u00e4ude?<\/p>\n<p><strong><em>Innovation bei der Umwelt? Zur\u00fcckgestellt<\/em><\/strong><\/p>\n<p>Die Wirtschaftskrise hatte schon lange vor \u00bbCorona\u00ab schleichend begonnen. Gerade in den drei Jahren 2017, 2018 und 2019 haben in Deutschland die DAX-Unternehmen die weitaus h\u00f6chsten Gewinne ausgesch\u00fcttet, also in der sich anbahnenden Krise.<a href=\"#_ftn4\" name=\"_ftnref4\"><sup>[4]<\/sup><\/a> Oder richtiger: Hohe Gewinne, die nicht re-investiert wurden, und die deshalb vers\u00e4umten Innovationen haben die Krise vorangetrieben.<\/p>\n<p>Auflagen f\u00fcr Arbeitspl\u00e4tze und Arbeitsrechte? Auflagen gegen Steuerflucht? Nichts davon.<\/p>\n<h5>Digitaler Kolonialismus<\/h5>\n<p>Die EU m\u00f6chte mit \u00bbCorona\u00ab endlich auch bei der Digitalisierung \u00bbeurop\u00e4ische Souver\u00e4nit\u00e4t\u00ab erreichen. Doch die EU-Digitalisierungs-Initiative verf\u00e4ngt sich leider doch in den schon entwickelten Clouds und medizinischen Algorithmen der \u00bbapokalyptischen Reiter des Internets\u00ab, bei Google, Amazon, Microsoft, Facebook, Apple, abgek\u00fcrzt GAMFA.<a href=\"#_ftn5\" name=\"_ftnref5\"><sup>[5]<\/sup><\/a><\/p>\n<p>Bei der \u00bbCorona\u00ab-App hat es angefangen: Google und Apple konnten die deutsche und andere Regierungen erpressen. Dann folgte die Digitalisierung und Roboterisierung des Gesundheitswesens. Amazon hat w\u00e4hrend der Krise 82 neue Flugzeuge in seine Transportflotte und 175.000 neue Besch\u00e4ftigte eingestellt, meist Niedrigl\u00f6hner. GAMFA haben auf ihrem \u00bbCorona\u00ab-H\u00f6henflug zahlreiche Unternehmen aufgekauft, in der EU, in den USA, in Asien.<\/p>\n<p><strong><em>Digitalisierung der entrechteten Arbeit <\/em><\/strong><\/p>\n<p>Die Digital- und Plattform-Konzerne mit ihren BlackRock &amp; Co-Hauptaktion\u00e4ren lassen weiter die nationalen Volkswirtschaften schrumpfen: Die Zahl der geleisteten Arbeitsstunden im Westen geht seit 2005 stetig zur\u00fcck, beschleunigt seit 2019 und zus\u00e4tzlich beschleunigt seit 2020 mit \u201eCorona\u201c. Aber die Arbeit wird damit nicht gerecht gleich verteilt, sondern die Zahl der Arbeitslosen, Gigworker, Prek\u00e4ren und ungesicherten Solo-Selbst\u00e4ndigen wird erh\u00f6ht, die Massenarmut w\u00e4chst, so bilanziert die ILO.<a href=\"#_ftn6\" name=\"_ftnref6\"><sup>[6]<\/sup><\/a><\/p>\n<p>GAMFA \u00bbsind die Gewinner der Coronakrise\u00ab und \u00bbmit ihren enormen finanziellen Ressourcen bauen sie ihre Macht weiter aus\u00ab. Das ist \u00bbdigitaler Kolonialismus\u00ab, hei\u00dft es sogar in der Unternehmer-Zeitung Handelsblatt.<a href=\"#_ftn7\" name=\"_ftnref7\"><sup>[7]<\/sup><\/a><\/p>\n<h5>Deutschland \u2013 f\u00fchrender Arbeits-Unrechtsstaat in der EU<\/h5>\n<p>Mit der Agenda 2010 f\u00f6rderte die Regierung Schr\u00f6der\/Fischer aus SPD und Gr\u00fcnen ab dem Jahr 2000 das steuerbeg\u00fcnstigte<\/p>\n<p>Eindringen vor allem der neuen, unregulierten US-Investoren wie Blackstone, KKR, BlackRock und Vanguard \u2013 und gleichzeitig wurde auch f\u00fcr diese Investoren mit den vier Hartz-Gesetzen der gr\u00f6\u00dfte Niedriglohn-Sektor in der EU geschaffen. Dazu geh\u00f6rten die erweiterte Leiharbeit, Mini-Jobs, befristete und Teilzeit-Jobs, sp\u00e4ter die Werkvertragsarbeit sowie die Verarmung und Disziplinierung der Arbeitslosen.<\/p>\n<p><strong><em>Merkel\/CDU: McKinseys \u201eNeue Soziale Marktwirtschaft\u201c<\/em><\/strong><\/p>\n<p>Merkel hat als CDU-Vorsitzende 2001 das Ziel der Vollbesch\u00e4ftigung mit ihrem Programm \u201eNeue Soziale Marktwirtschaft\u201c verschwinden lassen: Das CDU-Programm war vom damaligen Chef von McKinsey Deutschland formuliert worden. Offene und viel verdeckte Dauer-Arbeitslosigkeit geh\u00f6rt systemisch zu dieser \u201esozialen\u201c Marktwirtschaft, stellt ein dauerhaftes Erpressungs-Instrument bereit. Das verletzt systemisch das Menschenrecht auf Arbeit (Artikel 21 der UNO-Menschenrechte).<\/p>\n<p>W\u00e4hrend der vier Regierungen unter der CDU-Kanzlerin Merkel wurde damit die Agenda 2010 versch\u00e4rft und erweitert. Zu McKinsey kamen immer mehr US-Beraterkonzerne zu Dauer-Staatsauftr\u00e4gen, so PWC, Accenture und Freshfields. Zugleich f\u00f6rderten Merkel &amp; Co die \u00dcbernahme dieser Politik in andere EU-Staaten, etwa nach Frankreich, Belgien und Italien, aber, noch versch\u00e4rft auch in die neuen Staaten Ost- und S\u00fcdosteuropas bei der \u201eOsterweiterung\u201c der EU.<a href=\"#_ftn8\" name=\"_ftnref8\"><sup>[8]<\/sup><\/a><\/p>\n<p><strong><em>Merkel: Mehrwertsteuer von 16 auf 19 Prozent erh\u00f6ht<\/em><\/strong><\/p>\n<p>Zur Subventionierung der Privatunternehmen geh\u00f6rte schon die sprunghafte Erh\u00f6hung der Mehrwertsteuer von 16 auf 19 Prozent: Damit brach Merkel sofort 2006 nach dem Regierungsantritt ihr Wahlversprechen und sch\u00e4digt nachhaltig seitdem vor allem Geringverdiener, die einen Gro\u00dfteil ihrer Einkommen f\u00fcr die unmittelbare Lebenshaltung ausgeben m\u00fcssen. Dagegen wurde insbesondere US-Konzernen die Steuerflucht erleichtert.<\/p>\n<p><strong><em>Freihandels-Vertr\u00e4ge ohne verbindliche Arbeitsrechte<\/em><\/strong><\/p>\n<p>Die Merkel-Regierungen waren f\u00fchrend beim Abschluss von EU-Freihandelsvertr\u00e4gen: Die Rechte der privaten Investoren wurden strafbewehrt und schadensersatzpflichtig abgesichert \u2013 die Arbeitsrechte, ohnehin auf ein Minimum reduziert, blieben unverbindliche Absichtserkl\u00e4rungen.<\/p>\n<p><strong><em>Merkel: Schutzherrin des \u201eBangladesch Europas\u201c<\/em><\/strong><\/p>\n<p>Die Bundeskanzlerin initiierte 2014 die Westbalkan-Konferenz. Hier werden die \u00e4rmsten ex-jugoslawischen Ministaaten zu Niedriglohn-Standorten ausgebaut. So wurde weithin unbemerkt von der \u00d6ffentlichkeit etwa Nord-Mazedonien zum \u201eneuen Bangladesch\u201c ausgebaut: transportg\u00fcnstigere Niedrigstl\u00f6hnerei zugunsten westeurop\u00e4ischer Textil-Gro\u00dfh\u00e4ndler wie Seidensticker, BOSS, Versace.<\/p>\n<p><strong><em>Zunahme der Teilzeit-Arbeit<\/em><\/strong><\/p>\n<p>Hartz II regelt die verschiedenen Formen der befristeten und Teilzeitarbeit, z.B. Minijobs. Sie wurden unter Merkel kr\u00e4ftig vermehrt: Die Zahl der Vollzeit-Besch\u00e4ftigten nahm von 2005 bis 2020 um 9 Prozent zu. Gleichzeitig aber nahm die Zahl der Teilzeit-Besch\u00e4ftigten um 30 Prozent zu, wobei die Mehrzahl dieser Besch\u00e4ftigten dies nicht freiwillig tut, sondern gezwungen, mangels anderer Angebote.<\/p>\n<p><strong><em>Eine Milliarde unbezahlte \u00dcberstunden pro Jahr <\/em><\/strong><\/p>\n<p>Vollzeit-Besch\u00e4ftigte leisten gegenw\u00e4rtig j\u00e4hrlich regelm\u00e4\u00dfig neben den bezahlten \u00dcberstunden zus\u00e4tzlich noch etwa eine Milliarde unbezahlter \u00dcberstunden, abgesehen von den unbezahlten \u00dcberstunden, die mit fortschreitender Digitalisierung gar nicht mehr registriert werden.<\/p>\n<p><strong><em>\u00dcber-Besch\u00e4ftigung f\u00fcr die einen, Unter-Besch\u00e4ftigung f\u00fcr die anderen<\/em><\/strong><\/p>\n<p>W\u00e4hrend die einen also 50 Wochenstunden und mehr arbeiten, wird die Mehrheit der Teilzeitbesch\u00e4ftigten unter Zwang auf 20, 16 oder 10 Stunden gesetzt. W\u00fcrde die Arbeitszeit gerecht verteilt, k\u00f6nnten hunderttausende Vollzeit-Arbeitspl\u00e4tze geschaffen werden.<\/p>\n<p><strong><em>Mindestlohn: Zu sp\u00e4t, zu niedrig <\/em><\/strong><\/p>\n<p>Der gesetzliche Mindestlohn wurde zwar 2015 in Deutschland unter Merkel eingef\u00fchrt. Aber er war ein Jahrzehnt lang verz\u00f6gert worden und liegt damit, auch mit der niedrigen H\u00f6he, ganz hinten im Vergleich der reichen EU-Staaten. Er muss millionenfach und systemwidrig aus dem Arbeitslosengeld aufgestockt werden und f\u00fchrt auch bei vollem Arbeitsverh\u00e4ltnis in die Renten-Armut \u2013 aber die meisten Mindestlohn-Empf\u00e4nger haben ohnehin nur Teilzeit- und befristete Jobs.<\/p>\n<p><strong><em>Renten-Armut<\/em><\/strong><\/p>\n<p>Die Absenkung der Arbeitseinkommen f\u00fcr die Mehrheit der Besch\u00e4ftigten \u2013 in Verbindung mit dem Kaufkraftverlust wegen erh\u00f6hter staatlicher Geb\u00fchren, Zuzahlungen bei Krankheiten, steigende Energiekosten und Mieten \u2013 f\u00fchrt auch zu Renten-Armut.<\/p>\n<p>Eine besonders drastische Ma\u00dfnahme vollzog die Bundesregierung unter Arbeitsministerin Ursula von der Leyen: F\u00fcr die Hartz-IV-Empf\u00e4nger wurde der Beitrag zur Rentenversicherung ersatzlos gestrichen. Gleichzeitig betragen die Beamten-Pensionen im Durchschnitt ein Dreifaches der \u201eNormal\u201c-Renten.<\/p>\n<h5>Zunahme systemischer Rechtsbr\u00fcche und illegaler Arbeit<\/h5>\n<p>Die Kontrolle der Einhaltung von Arbeits-Gesetzen findet immer weniger statt, z.B. bei den Gesetzen zu Mindestlohn, Betriebsverfassung, Mitbestimmung, Arbeitszeit (Schichten, Pausen) und Gewerbeaufsicht (Arbeitssicherheit).<\/p>\n<ul>\n<li>Dazu tr\u00e4gt die Weigerung der Bundesregierung bei, das von UNO und EU vorgeschlagene Gesetz zum Schutz von Whistleblowern \u00fcberhaupt anzugehen.<\/li>\n<li>Unter Merkel hat sich die Dienstleistungsbranche des <em>Union Busting <\/em>ungest\u00f6rt ausbreiten k\u00f6nnen, auch Staatskonzerne wie die Deutsche Bahn holen sich solche Kanzleien wie Allen&amp;Overy.<\/li>\n<li>Der ohnehin zu niedrige Mindestlohn wird t\u00e4glich hunderttausendfach nicht gezahlt und auf verschiedenste Weise unterlaufen (St\u00fccklohn, Anrechnung von Arbeitskleidung, kein Urlaub&#8230;)<\/li>\n<li>Bei mindestens einer halben Million befristeter osteurop\u00e4ischer Frauen in der h\u00e4uslichen Pflege wurde und werden reihenweise und dauerhaft mehrere Gesetze gebrochen, zum Mindestlohn, zur Arbeitszeit, zum Urlaub. Trotz des Urteils des Bundesarbeitsgerichts zugunsten einer bulgarischen Pflegerin zog die Bundesregierung daraus keine Konsequenzen.<a href=\"#_ftn9\" name=\"_ftnref9\"><sup>[9]<\/sup><\/a> \u00c4hnliches gilt f\u00fcr Lkw-Fahrer, Haushaltshilfen, Prostituierte und bis hin zum sommerlichen Stra\u00dfenstrich f\u00fcr Bauarbeiter.<\/li>\n<\/ul>\n<h5>Rentner\/innen auch \u00fcber 85 Jahren noch als Minijobber<\/h5>\n<p>Unter Merkel hat die Zahl der Minijobber unter den Rentnerinnen und Rentnern zugenommen \u2013 um 40 Prozent. Im Jahre 2020 waren dies 1,04 Millionen Menschen. Noch im Alter zwischen 75 und 85 Jahren hielten sich 207.586 von ihnen mit meist geringf\u00fcgigen Arbeiten wie Putzen, Ausliefern und B\u00fcrodiensten \u00fcber Wasser, im Alter \u00fcber 85 Jahren waren es in Deutschland noch 12.101!<\/p>\n<p>Auch diese Million Minijobber, die als Besch\u00e4ftigte gez\u00e4hlt werden, suggerieren dem braven Gewerkschafter: Die Arbeitslosigkeit hat doch gar nicht zugenommen!<\/p>\n<p><strong><em>gig working und crowd working<\/em><\/strong><\/p>\n<p>Mit der Corona-Politik treiben die Digitalkonzerne prek\u00e4re Arbeitsverh\u00e4ltnisse weiter, so die Schein-Selbst\u00e4ndigen, die f\u00fcr tausende Amazon-, DHL Deutsche Post-, DB Schenker- und UPS-T\u00f6chter- und Auftragsfirmen schuften, Uber-Taxis fahren und f\u00fcr Deliveroo hastig unter enormem Zeitdruck Essen ausliefern.<\/p>\n<p>Zu diesen Besch\u00e4ftigten geh\u00f6ren jetzt auch diejenigen, die nachts im Dunkeln hastig die Elektroroller aufsammeln, die Batterien aufladen und wieder bereitstellen. Zur Corona-Politik geh\u00f6rt der weitere Aufstieg neuer unregulierter Lieferdienste wie Flaschenpost, Gorillas, burgerme, Flink und Wolt: Hier verdingen sich die Prek\u00e4ren, die durch die Corona-Politik ihre prek\u00e4ren Jobs etwa in der Gastronomie verloren haben.<\/p>\n<h5>Verarmung, Rechtsentwicklung<\/h5>\n<p>Die Verarmung unter den abh\u00e4ngig Besch\u00e4ftigten nimmt mit der Corona-Politik weiter zu, gerade in den \u201ereichen\u201c Staaten wie den USA, Deutschland, Frankreich und den skandinavischen Staaten.<\/p>\n<p><strong><em>Doppelt so viele Tafeln, dreimal so viele Wohnungslose <\/em><\/strong><\/p>\n<p>Die Verarmung der unteren Schichten der arbeitenden und arbeitslosen Klasse wird politisch, medial und statistisch verdeckt &#8211; genauso wie die Superreichen durch BlackRock &amp; Co anonymisiert werden. Wer es wissen will, findet ein paar Zahlen, so f\u00fcr Deutschland:<\/p>\n<ul>\n<li>Von 2008 bis 2019 verdoppelte sich die Zahl der Tafeln von 480 auf 947. Aber auch das reicht nicht: Der Zugang wird zunehmend kontingentiert.<\/li>\n<li>Die von Merkel gef\u00fchrte Regierungspartei CDU hat sich jahrelang geweigert, eine offizielle Statistik \u00fcber die Zahl der Wohnungslosen einzurichten. Erst 2020 hat der Bundestag dazu einen halbherzigen Beschluss gefasst. F\u00fcr das Jahr 2008 hat die Bundesarbeitsgemeinschaft Wohnungslosenhilfe 227.000 Wohnungslose gez\u00e4hlt. Ab 2014 beschleunigte sich diese Entwicklung \u2013 im vorletzten Merkel-Regierungsjahr 2020 waren es 678.000 Wohnungslose, auch Kinder geh\u00f6ren dazu.<\/li>\n<\/ul>\n<p><strong><em>Systemgef\u00e4hrdend: Mittelschichten brechen weg<\/em><\/strong><\/p>\n<p>Die von Merkel kommentarlos gef\u00f6rderten neuen Investoren wie BlackRock sind weder in der Lage und noch willens, Vollbesch\u00e4ftigung zu schaffen, im Gegenteil. In ihrem Herkunftsstaat USA vegetieren Millionen Arbeitslose und solche, die sich \u201eentmutigt\u201c nicht einmal mehr arbeitslos melden und in keiner Statistik auftauchen, irgendwie prek\u00e4r dahin.<\/p>\n<p>Auch Doppelverdiener der middle classes k\u00f6nnen sich z.B. die f\u00fcr sie typischen Eigentumswohnungen vielfach nicht mehr leisten \u2013 oder m\u00fcssen sich auf Jahrzehnte verschulden. Dabei sind auch f\u00fcr sie gutbezahlte Arbeitspl\u00e4tze auf solche Zeitr\u00e4ume nicht sicher. Selbst Merkel-System-Medien wie die FAZ stellen schon seit einigen Jahren fest: Die bisher systemwichtigen Mittelschichten brechen ab, neue kommen nicht ausreichend nach.<\/p>\n<h5>Unter und mit Merkel: Politische Rechtsentwicklung, Aufr\u00fcstung<\/h5>\n<p>Unter und mit Merkel wurden die abh\u00e4ngig Besch\u00e4ftigten politisch, rechtlich, moralisch, finanziell degradiert, entm\u00e4chtigt, in Deutschland und in der EU sowie in innereurop\u00e4ischen wie globalen Lieferketten.<\/p>\n<p>Dies ist verbunden mit der inneren Aufsplitterung der abh\u00e4ngig arbeitenden Klasse vom (noch) gut entlohnten Dauerbesch\u00e4ftigten \u00fcber viele Stufen hinunter zu extrem prek\u00e4ren und auch illegalen Besch\u00e4ftigten. Und diese offen und latent konfliktreiche Aufsplitterung ist verbunden mit der weiter gesteigerten Einkommens- und Verm\u00f6gensungleichheit zugunsten der kapitalistischen Privateigent\u00fcmer \u2013 und diese alimentieren ein vielgestaltiges, gut dotiertes Hilfspersonal der Besser- und Bestverdiener mit ihren aggressiven identit\u00e4ren, extrem egoistischen \u201eWerten\u201c.<a href=\"#_ftn10\" name=\"_ftnref10\"><sup>[10]<\/sup><\/a><\/p>\n<p>Die Merkel-Politik, die auch in der EU dominiert, ist hauptverantwortlich f\u00fcr das Erstarken offen rechtsgerichteter Parteien und Bewegungen. Rechtsgerichtete Oligarchen wurden und werden von der EU gef\u00f6rdert, in Ungarn, Polen, Kroatien, Spanien, Nordmazedonien, im Kosovo, in den baltischen Staaten usw., zugunsten westlicher Investoren, die mit EU-Subventionen, Niedrigl\u00f6hnerei und Steuerflucht beg\u00fcnstigt werden. Und \u00fcberall war die NATO fr\u00fcher da als die EU-Mitgliedschaft!<\/p>\n<p>Unter Merkel wurde der folgsame Mitvollzug der US-Au\u00dfenpolitik verstetigt: Beteiligung am Afghanistan-Krieg, Steigerung der Waffenexporte an die kriegf\u00fchrenden Staaten Saudi-Arabien, \u00c4gypten, Katar und Vereinigte Arabische Emirate<a href=\"#_ftn11\" name=\"_ftnref11\"><sup>[11]<\/sup><\/a> sowie bei der Feindhetze und Aufr\u00fcstung vor allem gegen Russland und China, aber auch gegen Iran, Venezuela und Kuba sowie beim diffusen, meist rechtswidrigen \u201eKampf gegen den internationalen Terrorismus\u201c.<\/p>\n<p>Dies hat wesentlich zur politischen Frustration, ja L\u00e4hmung unter den abh\u00e4ngig Besch\u00e4ftigten und auch der <em>middle classes<\/em> gef\u00fchrt und ist verantwortlich f\u00fcr die politische Rechtsentwicklung \u2013 \u00fcbrigens bis hinein in die Mitgliedschaft von Gewerkschaften.<\/p>\n<h5>Was tun?<\/h5>\n<p>Die Corona-Politik hat in gesteigerter Form drastisch gezeigt: Dieser US-gef\u00fchrte westliche Kapitalismus kann nur noch staatlich, durch die einfachen SteuerzahlerInnen \u00fcber Wasser gehalten werden. Dies widerspricht aber fundamental der eigenen Doktrin der \u201efreien Marktwirtschaft\u201c, die im Wesentlichen nicht durch den Staat und die abh\u00e4ngig Besch\u00e4ftigten beeinflusst oder gar gestaltet werden d\u00fcrfe.<\/p>\n<p>Dieser Kapitalismus kann sich nur durch diese zentrale L\u00fcge erhalten, und diese L\u00fcge gebiert st\u00e4ndig viele weitere, \u201ekleinere\u201c, allt\u00e4gliche L\u00fcgen, so zur Gesundheitsf\u00fcrsorge, zur \u00dcberwindung der Armut, \u00fcber ausreichendes Einkommen und ausreichende Arbeitspl\u00e4tze und Renten, \u00fcber Rechtsstaatlichkeit, \u00fcber die Sicherheit des Lebens, \u00fcber wahrheitsgem\u00e4\u00dfe Information, und auch L\u00fcgen \u00fcber neue Feinde im Inneren und \u00c4u\u00dferen sowie die NATO-L\u00fcge \u201eSicherheit durch noch mehr Aufr\u00fcstung\u201c.<\/p>\n<p><strong><em>Widerstand gegen die Corona-Politik verbinden mit weiterem Widerstand <\/em><\/strong><\/p>\n<p>Durch die Corona-Politik sind viele Menschen unerwartet und erstmalig subjektiv mit den Ungerechtigkeiten und Unwahrheiten der herrschenden Politik konfrontiert, ausgehend von der Gesundheitspolitik, die mehr Sch\u00e4den als Gesundheit verursacht. Eine isolierte Kritik der Pandemie-Ma\u00dfnahmen kann aber nicht erfolgreich sein. Sie muss mit dem Widerstand gegen die sonstigen Sch\u00e4den der herrschenden Politik verbunden werden.<a href=\"#_ftn12\" name=\"_ftnref12\"><sup>[12]<\/sup><\/a><\/p>\n<p>Wenn wir bei den Arbeitsverh\u00e4ltnissen bleiben: Die seit 1998 bis 2021 allermeist von der SPD gestellten Arbeitsminister, nat\u00fcrlich zuerst in der SPD\/Gr\u00fcnen Regierung Schr\u00f6der\/Fischer und dann seit 2005 in allen Merkel\/CDU-gef\u00fchrten Regierungen \u2013 sie alle gestalteten das Arbeits- und Renten-Unrecht mit. Nur einmal nahm eine CDU-Politikerin diese Position ein, Ursula von der Leyen, die jetzige Pr\u00e4sidentin der Europ\u00e4ischen Kommission.<\/p>\n<p>Und der gewerkschaftliche Dachverband DGB in Deutschland machte ebenfalls mit, auch auf internationaler B\u00fchne, etwa bei den Freihandelsvertr\u00e4gen. Auch die internationalen Gewerkschaftsverb\u00e4nde sitzen, mit Akzentunterschieden, brav mit in Br\u00fcssel vor den Toren der Europ\u00e4ischen Kommission und des EU-Parlaments und verdr\u00e4ngen dabei die wesentlichen EU-Unrechtspraktiken.<\/p>\n<p>Aber f\u00fcr die Entwicklung des neuen, den gegenw\u00e4rtigen kapitalistischen Verh\u00e4ltnissen angemessenen Widerstands lohnt es sich, die Erfahrungen solcher Gewerkschaften einzubeziehen, die in wichtigen Fragen vom Mainstream abweichen. Das sind etwa die gr\u00f6\u00dfte Gewerkschaft der Schweiz, UNIA \u00a0(2004 gegr\u00fcndet), der \u00d6sterreichische Gewerkschaftsbund \u00d6GB mit dem Gewerkschaftlichen Linksblock (GLB), die Internationale Transportarbeiter F\u00f6deration (ITF), in Deutschland die Lokf\u00fchrergewerkschaft GDL und die internationalistischen, von ver.di unterst\u00fctzten Aktivit\u00e4ten bei Amazon und in der Charit\u00e9, spontane Streiks in zahlreichen ost- und s\u00fcdosteurop\u00e4ischen Staaten und \u00e4hnliche Formen der Selbstorganisation bei Fahrradkurieren sowie nicht zuletzt die mit Gewerkschaften und Linksparteien vernetzten \u201eGelbwesten\u201c in Frankreich.<\/p>\n<p>Die demokratischen und sozialistischen Kr\u00e4fte sind im US-gef\u00fchrten kapitalistischen Westen und in der EU in einer neuen Phase der Defensive. Kluge und weitsichtige Aufbauarbeit steht an.<\/p>\n<p>&nbsp;<\/p>\n<p style=\"text-align: right;\"><em>Werner R\u00fcgemer, Philosoph und Publizist, ist Referent des DFV-Vorstands.<\/em><\/p>\n<p>&nbsp;<\/p>\n<p><em>Letzte Buchver\u00f6ffentlichung: <\/em><\/p>\n<p><img data-recalc-dims=\"1\" loading=\"lazy\" decoding=\"async\" data-attachment-id=\"11288\" data-permalink=\"https:\/\/www.freidenker.org\/?attachment_id=11288\" data-orig-file=\"https:\/\/i0.wp.com\/www.freidenker.org\/fw17\/wp-content\/uploads\/2021\/09\/Ruegemer_Imperium_EU.jpg?fit=330%2C500&amp;ssl=1\" data-orig-size=\"330,500\" data-comments-opened=\"0\" data-image-meta=\"{&quot;aperture&quot;:&quot;0&quot;,&quot;credit&quot;:&quot;&quot;,&quot;camera&quot;:&quot;&quot;,&quot;caption&quot;:&quot;&quot;,&quot;created_timestamp&quot;:&quot;0&quot;,&quot;copyright&quot;:&quot;&quot;,&quot;focal_length&quot;:&quot;0&quot;,&quot;iso&quot;:&quot;0&quot;,&quot;shutter_speed&quot;:&quot;0&quot;,&quot;title&quot;:&quot;&quot;,&quot;orientation&quot;:&quot;0&quot;}\" data-image-title=\"Ruegemer_Imperium_EU\" data-image-description=\"\" data-image-caption=\"\" data-large-file=\"https:\/\/i0.wp.com\/www.freidenker.org\/fw17\/wp-content\/uploads\/2021\/09\/Ruegemer_Imperium_EU.jpg?fit=330%2C500&amp;ssl=1\" class=\"alignnone wp-image-11288 size-full\" src=\"https:\/\/i0.wp.com\/www.freidenker.org\/fw17\/wp-content\/uploads\/2021\/09\/Ruegemer_Imperium_EU.jpg?resize=330%2C500&#038;ssl=1\" alt=\"\" width=\"330\" height=\"500\" srcset=\"https:\/\/i0.wp.com\/www.freidenker.org\/fw17\/wp-content\/uploads\/2021\/09\/Ruegemer_Imperium_EU.jpg?w=330&amp;ssl=1 330w, https:\/\/i0.wp.com\/www.freidenker.org\/fw17\/wp-content\/uploads\/2021\/09\/Ruegemer_Imperium_EU.jpg?resize=198%2C300&amp;ssl=1 198w\" sizes=\"auto, (max-width: 330px) 100vw, 330px\" \/><\/p>\n<p>R\u00fcgemer, Werner<br \/>\n<strong>Imperium EU \u2013 ArbeitsUnrecht, Krise, neue Gegenwehr.<br \/>\n<\/strong>Die Geschichte des organisierten ArbeitsUnrechts seit der ersten EU-Vorstufe (Montanunion), mit 12 Staaten-Portr\u00e4ts zum ArbeitsUnrecht und Widerstandsformen.<strong><br \/>\n<\/strong><\/p>\n<p>K\u00f6ln 2020, PapyRossa Verlag, 319 Seiten, 19,90 \u20ac<\/p>\n<p>&nbsp;<\/p>\n<p><em>Zuvor zum Thema ArbeitsUnrecht erschienen:<\/em><\/p>\n<p><img data-recalc-dims=\"1\" loading=\"lazy\" decoding=\"async\" data-attachment-id=\"11289\" data-permalink=\"https:\/\/www.freidenker.org\/?attachment_id=11289\" data-orig-file=\"https:\/\/i0.wp.com\/www.freidenker.org\/fw17\/wp-content\/uploads\/2021\/09\/Ruegemer_Fertigmacher.jpg?fit=330%2C500&amp;ssl=1\" data-orig-size=\"330,500\" data-comments-opened=\"0\" data-image-meta=\"{&quot;aperture&quot;:&quot;0&quot;,&quot;credit&quot;:&quot;&quot;,&quot;camera&quot;:&quot;&quot;,&quot;caption&quot;:&quot;&quot;,&quot;created_timestamp&quot;:&quot;0&quot;,&quot;copyright&quot;:&quot;&quot;,&quot;focal_length&quot;:&quot;0&quot;,&quot;iso&quot;:&quot;0&quot;,&quot;shutter_speed&quot;:&quot;0&quot;,&quot;title&quot;:&quot;&quot;,&quot;orientation&quot;:&quot;0&quot;}\" data-image-title=\"Ruegemer_Fertigmacher\" data-image-description=\"\" data-image-caption=\"\" data-large-file=\"https:\/\/i0.wp.com\/www.freidenker.org\/fw17\/wp-content\/uploads\/2021\/09\/Ruegemer_Fertigmacher.jpg?fit=330%2C500&amp;ssl=1\" class=\"alignnone wp-image-11289 size-full\" src=\"https:\/\/i0.wp.com\/www.freidenker.org\/fw17\/wp-content\/uploads\/2021\/09\/Ruegemer_Fertigmacher.jpg?resize=330%2C500&#038;ssl=1\" alt=\"\" width=\"330\" height=\"500\" srcset=\"https:\/\/i0.wp.com\/www.freidenker.org\/fw17\/wp-content\/uploads\/2021\/09\/Ruegemer_Fertigmacher.jpg?w=330&amp;ssl=1 330w, https:\/\/i0.wp.com\/www.freidenker.org\/fw17\/wp-content\/uploads\/2021\/09\/Ruegemer_Fertigmacher.jpg?resize=198%2C300&amp;ssl=1 198w\" sizes=\"auto, (max-width: 330px) 100vw, 330px\" \/><\/p>\n<p>R\u00fcgemer, Werner \/ Wigand, Elmar:<br \/>\n<strong>Die Fertigmacher<\/strong><br \/>\nArbeitsunrecht und professionelle Gewerkschaftsbek\u00e4mpfung<br \/>\n3., aktualisierte und erweiterte Auflage<\/p>\n<p>K\u00f6ln 2017, PapyRossa Verlag, 260 Seiten, 16,90 \u20ac<\/p>\n<p>&nbsp;<\/p>\n<p><strong>Quellen und Anmerkungen<\/strong><\/p>\n<p><a href=\"#_ftnref1\" name=\"_ftn1\"><sup>[1]<\/sup><\/a> Zur Gesundheits- und aktuellen Corona-Politik der EU und in Deutschland siehe Werner R\u00fcgemer: Imperium EU \u2013 ArbeitsUnrecht, Krise, neue Gegenwehr. K\u00f6ln 2020, Einleitung, Seite 9 &#8211; 30<\/p>\n<p><a href=\"#_ftnref2\" name=\"_ftn2\">[2]<\/a> Emma Clancy: Austerity Kills. EU Commission Demanded Cuts to Public Health Care Spending 63 Times from 2011\u2005\u2013\u20052018, braveneweurope.com, 28.3.2020<\/p>\n<p><a href=\"#_ftnref3\" name=\"_ftn3\">[3]<\/a> Werner R\u00fcgemer: Die staatliche Lufthansa-Rettung \u2013 Eine Schmierenkom\u00f6die, mehrfach, nachdenkseiten.de, 29.6.2020<\/p>\n<p><a href=\"#_ftnref4\" name=\"_ftn4\">[4]<\/a> Solider Mittelstand in Existenznot. Schon vor der Pandemie schw\u00e4chelte jedes dritte Unternehmen, Handelsblatt 20.4.2020; Jahres\u00fcbersch\u00fcsse der DAX-Mitglieder 2000\u2005\u2013\u20052019, Handelsblatt, 8.7.2020<\/p>\n<p><a href=\"#_ftnref5\" name=\"_ftn5\">[5]<\/a> Zur Abh\u00e4ngigkeit der EU von GAMFA schon vor \u00bbCorona\u00ab siehe Werner R\u00fcgemer: Die Kapitalisten des 21.\u00a0Jahrhunderts, 3. Auflage, K\u00f6ln 2021, S.\u00a0153ff.<\/p>\n<p><a href=\"#_ftnref6\" name=\"_ftn6\">[6]<\/a> ILO Monitor: Covid-19 and the world of work, Genf 25.1.2021<\/p>\n<p><a href=\"#_ftnref7\" name=\"_ftn7\">[7]<\/a> Big Tech: Digitaler Kolonialismus, Handelsblatt 3.6.2020<\/p>\n<p><a href=\"#_ftnref8\" name=\"_ftn8\">[8]<\/a>\u00a0Ausf\u00fchrlich dazu Werner R\u00fcgemer: Arbeits-Armut, Renten-Armut. Eine Bilanz der \u00c4ra Merkel, <a href=\"http:\/\/www.nachdenkseiten.de\/\">www.nachdenkseiten.de<\/a> 12.7.2021<\/p>\n<p><a href=\"#_ftnref9\" name=\"_ftn9\">[9]<\/a> Laut BAG-Urteil haben die Haushaltshilfen Anspruch auf 24 Stunden Mindestlohn pro Tag, Mitteilung des BAG 24.6.2021, Aktenzeichen 5 AZR 505\/21<\/p>\n<p><a href=\"#_ftnref10\" name=\"_ftn10\">[10]<\/a> Zur Lage der vielfach zersplitterten arbeitenden Klasse in der EU siehe Werner R\u00fcgemer: Imperium EU, Seite 183ff.<\/p>\n<p><a href=\"#_ftnref11\" name=\"_ftn11\">[11]<\/a> Aktion Aufschrei \u2013 Stoppt den Waffenhandel: 16 Jahre Bundesregierung Merkel: Rekord bei R\u00fcstungsexporten, Erkl\u00e4rung 21.8.2021<\/p>\n<p><a href=\"#_ftnref12\" name=\"_ftn12\">[12]<\/a> Siehe die \u00d6ffentliche Erkl\u00e4rung zur Corona-Politik: Dauer-Desaster und enorme Sch\u00e4den \u2013 notwendige Konsequenzen, www.invasiv.org<\/p>\n<hr \/>\n<h5>Download<\/h5>\n<p>Der Artikel kann auch als PDF-Dokument angesehen und heruntergeladen werden:<\/p>\n<p><img loading=\"lazy\" decoding=\"async\" data-attachment-id=\"1076\" data-permalink=\"https:\/\/www.freidenker.org\/?attachment_id=1076\" data-orig-file=\"https:\/\/i0.wp.com\/www.freidenker.org\/fw17\/wp-content\/uploads\/2017\/10\/pdf_icon-2.png?fit=32%2C32&amp;ssl=1\" data-orig-size=\"32,32\" data-comments-opened=\"0\" data-image-meta=\"{&quot;aperture&quot;:&quot;0&quot;,&quot;credit&quot;:&quot;&quot;,&quot;camera&quot;:&quot;&quot;,&quot;caption&quot;:&quot;&quot;,&quot;created_timestamp&quot;:&quot;0&quot;,&quot;copyright&quot;:&quot;&quot;,&quot;focal_length&quot;:&quot;0&quot;,&quot;iso&quot;:&quot;0&quot;,&quot;shutter_speed&quot;:&quot;0&quot;,&quot;title&quot;:&quot;&quot;,&quot;orientation&quot;:&quot;0&quot;}\" data-image-title=\"pdf_icon\" data-image-description=\"\" data-image-caption=\"\" data-large-file=\"https:\/\/i0.wp.com\/www.freidenker.org\/fw17\/wp-content\/uploads\/2017\/10\/pdf_icon-2.png?fit=32%2C32&amp;ssl=1\" class=\"alignnone size-full wp-image-1076\" src=\"https:\/\/i1.wp.com\/www.freidenker.org\/fw17\/wp-content\/uploads\/2017\/10\/pdf_icon-2.png?resize=32%2C32&amp;ssl=1\" alt=\"\" width=\"32\" height=\"32\" data-attachment-id=\"1076\" data-permalink=\"https:\/\/www.freidenker.org\/?attachment_id=1076\" data-orig-file=\"https:\/\/i1.wp.com\/www.freidenker.org\/fw17\/wp-content\/uploads\/2017\/10\/pdf_icon-2.png?fit=32%2C32&amp;ssl=1\" data-orig-size=\"32,32\" data-comments-opened=\"0\" data-image-meta=\"{&quot;aperture&quot;:&quot;0&quot;,&quot;credit&quot;:&quot;&quot;,&quot;camera&quot;:&quot;&quot;,&quot;caption&quot;:&quot;&quot;,&quot;created_timestamp&quot;:&quot;0&quot;,&quot;copyright&quot;:&quot;&quot;,&quot;focal_length&quot;:&quot;0&quot;,&quot;iso&quot;:&quot;0&quot;,&quot;shutter_speed&quot;:&quot;0&quot;,&quot;title&quot;:&quot;&quot;,&quot;orientation&quot;:&quot;0&quot;}\" data-image-title=\"pdf_icon\" data-image-description=\"\" data-image-caption=\"\" data-medium-file=\"https:\/\/i1.wp.com\/www.freidenker.org\/fw17\/wp-content\/uploads\/2017\/10\/pdf_icon-2.png?fit=32%2C32&amp;ssl=1\" data-large-file=\"https:\/\/i1.wp.com\/www.freidenker.org\/fw17\/wp-content\/uploads\/2017\/10\/pdf_icon-2.png?fit=32%2C32&amp;ssl=1\" \/> <a href=\"https:\/\/www.freidenker.org\/fw17\/wp-content\/uploads\/2021\/09\/Freidenker_2021-03_Ruegemer-UnterDeutscherFuehrung.pdf\" target=\"_blank\" rel=\"noopener\">Werner R\u00fcgemer: Unter deutscher F\u00fchrung organisert die EU das ArbeitsUnrecht &#8211; \u201eCorona\u201c-versch\u00e4rft<\/a>\u00a0(Auszug aus\u00a0<a href=\"https:\/\/www.freidenker.org\/?p=11259\">FREIDENKER 3-21<\/a>, ca. 428 KB)<\/p>\n<hr \/>\n<p><span style=\"font-size: 10pt;\">Bild oben: Titelmotiv des Buches von Werner R\u00fcgemer &#8222;Imperium EU \u2013 ArbeitsUnrecht, Krise, neue Gegenwehr.&#8220;, K\u00f6ln: PapyRossa Verlag, 2020<\/span><\/p>\n","protected":false},"excerpt":{"rendered":"<p><b>Beitrag von Werner R\u00fcgemer\u00a0aus FREIDENKER 3-21<\/b><br \/>\nProteste zur Verteidigung demokratischer Rechte lassen oft einen zentralen Lebensbereich unbeachtet: die sozialen Rechte, die doch f\u00fcr die Lage der abh\u00e4ngig Besch\u00e4ftigten zentral sind.<br \/>\nSeit ihren Vorstufen in der Montanunion der 1950er Jahre organisiert die EU im Interesse gro\u00dfer Kapitalisten die Ausbeutung und Entrechtung der abh\u00e4ngig Besch\u00e4ftigten. Die Arbeits- und Sozialrechte aus der Universellen Erkl\u00e4rung der Menschenrechte und die Konventionen der Internationalen Arbeitsorganisation ILO werden mehrheitlich verletzt, verdr\u00e4ngt. Zudem kennt die EU keine kollektiven Arbeitsrechte \u2013 hier spielen auch US-Investoren eine stetig wachsende Rolle. <\/p>\n","protected":false},"author":3,"featured_media":11294,"comment_status":"closed","ping_status":"closed","sticky":false,"template":"","format":"standard","meta":{"colormag_page_container_layout":"default_layout","colormag_page_sidebar_layout":"default_layout","advanced_seo_description":"","jetpack_seo_html_title":"","jetpack_seo_noindex":false,"jetpack_post_was_ever_published":false,"footnotes":""},"categories":[11],"tags":[1076,731,1256,182,154,441,988,489,122],"class_list":["post-11287","post","type-post","status-publish","format-standard","has-post-thumbnail","hentry","category-arbeit-soziales","tag-arbeit","tag-arbeitsrecht","tag-corona-virus","tag-eu","tag-grundrechte","tag-kapitalismus","tag-politische-oekonomie","tag-widerstand","tag-wirtschaft"],"jetpack_featured_media_url":"https:\/\/i0.wp.com\/www.freidenker.org\/fw17\/wp-content\/uploads\/2021\/09\/ruegemer_buchtitel_motiv_800x450.jpg?fit=800%2C450&ssl=1","jetpack_shortlink":"https:\/\/wp.me\/p9stpK-2W3","jetpack-related-posts":[{"id":14682,"url":"https:\/\/www.freidenker.org\/?p=14682","url_meta":{"origin":11287,"position":0},"title":"Video: US-gef\u00fchrter Kapitalismus gegen den &#8222;Rest der Welt&#8220;","author":"Webredaktion","date":"16. November 2022","format":false,"excerpt":"Vortrag von Dr. Werner R\u00fcgemer,\u00a0gehalten am 07. 11.2022 in M\u00fcnchen Der US-gef\u00fchrte Kapitalismus ist im Niedergang: Wirtschaftlich, menschen- und arbeitsrechtlich, politisch, moralisch und im internationalen Ansehen. Dies trifft besonders die Mehrheit der abh\u00e4ngig Besch\u00e4ftigten mit sinkenden Einkommen und Renten. Auch arbeits- und lebensbedingte Krankheiten nehmen zu, die Lebenserwartung sinkt, vor\u2026","rel":"","context":"In &quot;Arbeit &amp; Soziales&quot;","block_context":{"text":"Arbeit &amp; Soziales","link":"https:\/\/www.freidenker.org\/?cat=11"},"img":{"alt_text":"","src":"https:\/\/i0.wp.com\/www.freidenker.org\/fw17\/wp-content\/uploads\/2022\/11\/ruegemer_muenchen_saal_800x450.jpg?fit=800%2C450&ssl=1&resize=350%2C200","width":350,"height":200,"srcset":"https:\/\/i0.wp.com\/www.freidenker.org\/fw17\/wp-content\/uploads\/2022\/11\/ruegemer_muenchen_saal_800x450.jpg?fit=800%2C450&ssl=1&resize=350%2C200 1x, https:\/\/i0.wp.com\/www.freidenker.org\/fw17\/wp-content\/uploads\/2022\/11\/ruegemer_muenchen_saal_800x450.jpg?fit=800%2C450&ssl=1&resize=525%2C300 1.5x, https:\/\/i0.wp.com\/www.freidenker.org\/fw17\/wp-content\/uploads\/2022\/11\/ruegemer_muenchen_saal_800x450.jpg?fit=800%2C450&ssl=1&resize=700%2C400 2x"},"classes":[]},{"id":19777,"url":"https:\/\/www.freidenker.org\/?p=19777","url_meta":{"origin":11287,"position":1},"title":"Imperium EU: ArbeitsUnrecht, Krise, neue Gegenwehr","author":"Webredaktion","date":"31. August 2024","format":false,"excerpt":"Vortrag von Werner R\u00fcgemer In der Europ\u00e4ischen Union herrscht Arbeitsunrecht. Nicht nur durch gesetzlich fixierte Billigl\u00f6hnerei. Selbst die offiziellen Niedrigstandards werden millionenfach und straflos verletzt, etwa beim Mindestlohn und durch kettenartiges Subunternehmertum, auch f\u00fcr Millionen Wanderarbeiterinnen und Wanderarbeiter. Die abh\u00e4ngig Besch\u00e4ftigten werden finanziell degradiert, gedem\u00fctigt, zerm\u00fcrbt, zum Schweigen gebracht. In\u2026","rel":"","context":"In &quot;Arbeit &amp; Soziales&quot;","block_context":{"text":"Arbeit &amp; Soziales","link":"https:\/\/www.freidenker.org\/?cat=11"},"img":{"alt_text":"","src":"https:\/\/i0.wp.com\/www.freidenker.org\/fw17\/wp-content\/uploads\/2024\/08\/Ruegemer_Imperium-EU_800x450.jpg?fit=800%2C450&ssl=1&resize=350%2C200","width":350,"height":200,"srcset":"https:\/\/i0.wp.com\/www.freidenker.org\/fw17\/wp-content\/uploads\/2024\/08\/Ruegemer_Imperium-EU_800x450.jpg?fit=800%2C450&ssl=1&resize=350%2C200 1x, https:\/\/i0.wp.com\/www.freidenker.org\/fw17\/wp-content\/uploads\/2024\/08\/Ruegemer_Imperium-EU_800x450.jpg?fit=800%2C450&ssl=1&resize=525%2C300 1.5x, https:\/\/i0.wp.com\/www.freidenker.org\/fw17\/wp-content\/uploads\/2024\/08\/Ruegemer_Imperium-EU_800x450.jpg?fit=800%2C450&ssl=1&resize=700%2C400 2x"},"classes":[]},{"id":9757,"url":"https:\/\/www.freidenker.org\/?p=9757","url_meta":{"origin":11287,"position":2},"title":"Unternehmer-Staat Deutschland: \u201eMenschenrechte sind linke Ideologie\u201c","author":"Webredaktion","date":"28. M\u00e4rz 2021","format":false,"excerpt":"Beitrag von Werner R\u00fcgemer Die Bundesregierung und Aufsichtsbeh\u00f6rden erweisen sich als Komplizen bei jahrelangen Gro\u00dfstraftaten wie dem Cum-Ex-Steuerbetrug und dem Abgas-Betrug, Abgeordnete von CDU und CSU agieren als korrupte Pandemie-Gesch\u00e4ftemacher und die Bundeskanzlerin liest in Peking vom Spickzettel der Lobbyisten ab und empfiehlt das Betrugsunternehmen Wirecard \u2013 aber all das\u2026","rel":"","context":"In &quot;Arbeit &amp; Soziales&quot;","block_context":{"text":"Arbeit &amp; Soziales","link":"https:\/\/www.freidenker.org\/?cat=11"},"img":{"alt_text":"","src":"https:\/\/i0.wp.com\/www.freidenker.org\/fw17\/wp-content\/uploads\/2021\/03\/unternehmer_banner-1020369_800x450.jpg?fit=800%2C450&ssl=1&resize=350%2C200","width":350,"height":200,"srcset":"https:\/\/i0.wp.com\/www.freidenker.org\/fw17\/wp-content\/uploads\/2021\/03\/unternehmer_banner-1020369_800x450.jpg?fit=800%2C450&ssl=1&resize=350%2C200 1x, https:\/\/i0.wp.com\/www.freidenker.org\/fw17\/wp-content\/uploads\/2021\/03\/unternehmer_banner-1020369_800x450.jpg?fit=800%2C450&ssl=1&resize=525%2C300 1.5x, https:\/\/i0.wp.com\/www.freidenker.org\/fw17\/wp-content\/uploads\/2021\/03\/unternehmer_banner-1020369_800x450.jpg?fit=800%2C450&ssl=1&resize=700%2C400 2x"},"classes":[]},{"id":14306,"url":"https:\/\/www.freidenker.org\/?p=14306","url_meta":{"origin":11287,"position":3},"title":"Die Arbeitsverh\u00e4ltnisse im BlackRock-Kapitalismus","author":"Webredaktion","date":"30. September 2022","format":false,"excerpt":"Beitrag von Werner R\u00fcgemer aus FREIDENKER 3-22 Die Arbeitsverh\u00e4ltnisse im BlackRock-Kapi\u00adtalismus zeichnen sich durch versch\u00e4rftes globales ArbeitsUnrecht aus. Diese Globali\u00adsierung nutzt noch selektiver als bisher die punktuellen Vorteile m\u00f6glichst vieler nati\u00adonaler und regionaler Standorte \u2013 hinsichtlich politischer N\u00e4he der Regierungen, Gef\u00e4llig\u00adkeit der Beh\u00f6rden, Steuern, staatlichen Subventionen, Infrastruktur, Bodensch\u00e4tze, Umwelt- und\u2026","rel":"","context":"In &quot;Arbeit &amp; Soziales&quot;","block_context":{"text":"Arbeit &amp; Soziales","link":"https:\/\/www.freidenker.org\/?cat=11"},"img":{"alt_text":"","src":"https:\/\/i0.wp.com\/www.freidenker.org\/fw17\/wp-content\/uploads\/2022\/09\/Black-rock-hq_800x450.jpg?fit=800%2C459&ssl=1&resize=350%2C200","width":350,"height":200,"srcset":"https:\/\/i0.wp.com\/www.freidenker.org\/fw17\/wp-content\/uploads\/2022\/09\/Black-rock-hq_800x450.jpg?fit=800%2C459&ssl=1&resize=350%2C200 1x, https:\/\/i0.wp.com\/www.freidenker.org\/fw17\/wp-content\/uploads\/2022\/09\/Black-rock-hq_800x450.jpg?fit=800%2C459&ssl=1&resize=525%2C300 1.5x, https:\/\/i0.wp.com\/www.freidenker.org\/fw17\/wp-content\/uploads\/2022\/09\/Black-rock-hq_800x450.jpg?fit=800%2C459&ssl=1&resize=700%2C400 2x"},"classes":[]},{"id":10559,"url":"https:\/\/www.freidenker.org\/?p=10559","url_meta":{"origin":11287,"position":4},"title":"\u00d6ffentliche Erkl\u00e4rung zur Corona-Politik:","author":"Webredaktion","date":"16. Juni 2021","format":false,"excerpt":"Unser Mitglied Werner R\u00fcgemer ist Mitinitiator und Mitorganisator einer zu unterschreibenden Erkl\u00e4rung, die das komplette Versagen der politischen Elite Deutschlands in der Covid 19-Krise umfassend beschreibt und einen Diskussionsprozess \u00fcber zu ziehende Schlussfolgerungen ansto\u00dfen will. ... Diese Erkl\u00e4rung ruft dazu auf, eine \u00f6ffentliche Diskussion in Gang zu bringen, in der\u2026","rel":"","context":"In &quot;Arbeit &amp; Soziales&quot;","block_context":{"text":"Arbeit &amp; Soziales","link":"https:\/\/www.freidenker.org\/?cat=11"},"img":{"alt_text":"","src":"https:\/\/i0.wp.com\/www.freidenker.org\/fw17\/wp-content\/uploads\/2021\/06\/wegen_corona_geschlossen.jpg?fit=800%2C450&ssl=1&resize=350%2C200","width":350,"height":200,"srcset":"https:\/\/i0.wp.com\/www.freidenker.org\/fw17\/wp-content\/uploads\/2021\/06\/wegen_corona_geschlossen.jpg?fit=800%2C450&ssl=1&resize=350%2C200 1x, https:\/\/i0.wp.com\/www.freidenker.org\/fw17\/wp-content\/uploads\/2021\/06\/wegen_corona_geschlossen.jpg?fit=800%2C450&ssl=1&resize=525%2C300 1.5x, https:\/\/i0.wp.com\/www.freidenker.org\/fw17\/wp-content\/uploads\/2021\/06\/wegen_corona_geschlossen.jpg?fit=800%2C450&ssl=1&resize=700%2C400 2x"},"classes":[]},{"id":8208,"url":"https:\/\/www.freidenker.org\/?p=8208","url_meta":{"origin":11287,"position":5},"title":"Kommt nach dem Corona-Schock jetzt ItalExit?","author":"Webredaktion","date":"14. Juni 2020","format":false,"excerpt":"Ein Kommentar von Rainer Rupp Am 27. Mai legte die politische Bewegung \u201eItalia Libera\u201c dem Obersten Kassationsgerichtshof einen Verfassungsentwurf vor, in dem eine Volksabstimmung f\u00fcr den Austritt Italiens aus der EU gefordert wird. Der Gesetzentwurf tr\u00e4gt den Titel \u201eAufruf zu einem Referendum \u00fcber den Austritt des Staates aus der Europ\u00e4ischen\u2026","rel":"","context":"In &quot;Arbeit &amp; Soziales&quot;","block_context":{"text":"Arbeit &amp; Soziales","link":"https:\/\/www.freidenker.org\/?cat=11"},"img":{"alt_text":"","src":"https:\/\/i0.wp.com\/www.freidenker.org\/fw17\/wp-content\/uploads\/2020\/06\/italien_eu_v2_800x450.jpg?fit=800%2C450&ssl=1&resize=350%2C200","width":350,"height":200,"srcset":"https:\/\/i0.wp.com\/www.freidenker.org\/fw17\/wp-content\/uploads\/2020\/06\/italien_eu_v2_800x450.jpg?fit=800%2C450&ssl=1&resize=350%2C200 1x, https:\/\/i0.wp.com\/www.freidenker.org\/fw17\/wp-content\/uploads\/2020\/06\/italien_eu_v2_800x450.jpg?fit=800%2C450&ssl=1&resize=525%2C300 1.5x, https:\/\/i0.wp.com\/www.freidenker.org\/fw17\/wp-content\/uploads\/2020\/06\/italien_eu_v2_800x450.jpg?fit=800%2C450&ssl=1&resize=700%2C400 2x"},"classes":[]}],"_links":{"self":[{"href":"https:\/\/www.freidenker.org\/index.php?rest_route=\/wp\/v2\/posts\/11287","targetHints":{"allow":["GET"]}}],"collection":[{"href":"https:\/\/www.freidenker.org\/index.php?rest_route=\/wp\/v2\/posts"}],"about":[{"href":"https:\/\/www.freidenker.org\/index.php?rest_route=\/wp\/v2\/types\/post"}],"author":[{"embeddable":true,"href":"https:\/\/www.freidenker.org\/index.php?rest_route=\/wp\/v2\/users\/3"}],"replies":[{"embeddable":true,"href":"https:\/\/www.freidenker.org\/index.php?rest_route=%2Fwp%2Fv2%2Fcomments&post=11287"}],"version-history":[{"count":0,"href":"https:\/\/www.freidenker.org\/index.php?rest_route=\/wp\/v2\/posts\/11287\/revisions"}],"wp:featuredmedia":[{"embeddable":true,"href":"https:\/\/www.freidenker.org\/index.php?rest_route=\/wp\/v2\/media\/11294"}],"wp:attachment":[{"href":"https:\/\/www.freidenker.org\/index.php?rest_route=%2Fwp%2Fv2%2Fmedia&parent=11287"}],"wp:term":[{"taxonomy":"category","embeddable":true,"href":"https:\/\/www.freidenker.org\/index.php?rest_route=%2Fwp%2Fv2%2Fcategories&post=11287"},{"taxonomy":"post_tag","embeddable":true,"href":"https:\/\/www.freidenker.org\/index.php?rest_route=%2Fwp%2Fv2%2Ftags&post=11287"}],"curies":[{"name":"wp","href":"https:\/\/api.w.org\/{rel}","templated":true}]}}