{"id":11259,"date":"2021-09-28T00:39:38","date_gmt":"2021-09-27T22:39:38","guid":{"rendered":"https:\/\/www.freidenker.org\/?p=11259"},"modified":"2023-03-13T01:36:55","modified_gmt":"2023-03-13T00:36:55","slug":"freidenker-3-21-die-macht-im-staat","status":"publish","type":"post","link":"https:\/\/www.freidenker.org\/?p=11259","title":{"rendered":"FREIDENKER 3-21 \u2013 Die Macht im Staat"},"content":{"rendered":"<p>FREIDENKER Nr. 3-21 , September 2021, 80. Jahrgang<\/p>\n<h5>Die Macht im Staat<\/h5>\n<p>Inhalt:<\/p>\n<p><a href=\"https:\/\/www.freidenker.org\/?p=11252\"><strong>Editorial<\/strong><\/a><\/p>\n<p><strong>Thema<\/strong><\/p>\n<ul>\n<li>Klaus Linder<br \/>\n<a href=\"https:\/\/www.freidenker.org\/?p=11285\">Umstrittene Begriffe im Kampf f\u00fcr demokratische und soziale Rechte<\/a><br \/>\n(<img data-recalc-dims=\"1\" loading=\"lazy\" decoding=\"async\" data-attachment-id=\"1072\" data-permalink=\"https:\/\/www.freidenker.org\/?attachment_id=1072\" data-orig-file=\"https:\/\/i0.wp.com\/www.freidenker.org\/fw17\/wp-content\/uploads\/2017\/10\/pdf_icon-e1509487447542.png?fit=16%2C16&amp;ssl=1\" data-orig-size=\"16,16\" data-comments-opened=\"0\" data-image-meta=\"{&quot;aperture&quot;:&quot;0&quot;,&quot;credit&quot;:&quot;&quot;,&quot;camera&quot;:&quot;&quot;,&quot;caption&quot;:&quot;&quot;,&quot;created_timestamp&quot;:&quot;0&quot;,&quot;copyright&quot;:&quot;&quot;,&quot;focal_length&quot;:&quot;0&quot;,&quot;iso&quot;:&quot;0&quot;,&quot;shutter_speed&quot;:&quot;0&quot;,&quot;title&quot;:&quot;&quot;,&quot;orientation&quot;:&quot;0&quot;}\" data-image-title=\"pdf_icon_16\" data-image-description=\"\" data-image-caption=\"\" data-large-file=\"https:\/\/i0.wp.com\/www.freidenker.org\/fw17\/wp-content\/uploads\/2017\/10\/pdf_icon-e1509487447542.png?fit=16%2C16&amp;ssl=1\" class=\"alignnone size-full wp-image-1072\" src=\"https:\/\/i0.wp.com\/www.freidenker.org\/fw17\/wp-content\/uploads\/2017\/10\/pdf_icon-e1509487447542.png?resize=16%2C16&#038;ssl=1\" alt=\"\" width=\"16\" height=\"16\" \/> <a href=\"https:\/\/www.freidenker.org\/fw17\/wp-content\/uploads\/2021\/09\/Freidenker_2021-03_Linder-UmstritteneBegriffe.pdf\" target=\"_blank\" rel=\"noopener\">PDF-Dokument<\/a>, ca. 552 KB)<\/li>\n<li>Hans Bauer<br \/>\nDemokratieerfahrungen der \u201eDiktatur-Sozialisierten\u201c<\/li>\n<li>Werner R\u00fcgemer<br \/>\n<a href=\"https:\/\/www.freidenker.org\/?p=11287\">Unter deutscher F\u00fchrung organisert die EU das ArbeitsUnrecht &#8211; \u201eCorona\u201c-versch\u00e4rft<\/a><br \/>\n(<img data-recalc-dims=\"1\" loading=\"lazy\" decoding=\"async\" data-attachment-id=\"1072\" data-permalink=\"https:\/\/www.freidenker.org\/?attachment_id=1072\" data-orig-file=\"https:\/\/i0.wp.com\/www.freidenker.org\/fw17\/wp-content\/uploads\/2017\/10\/pdf_icon-e1509487447542.png?fit=16%2C16&amp;ssl=1\" data-orig-size=\"16,16\" data-comments-opened=\"0\" data-image-meta=\"{&quot;aperture&quot;:&quot;0&quot;,&quot;credit&quot;:&quot;&quot;,&quot;camera&quot;:&quot;&quot;,&quot;caption&quot;:&quot;&quot;,&quot;created_timestamp&quot;:&quot;0&quot;,&quot;copyright&quot;:&quot;&quot;,&quot;focal_length&quot;:&quot;0&quot;,&quot;iso&quot;:&quot;0&quot;,&quot;shutter_speed&quot;:&quot;0&quot;,&quot;title&quot;:&quot;&quot;,&quot;orientation&quot;:&quot;0&quot;}\" data-image-title=\"pdf_icon_16\" data-image-description=\"\" data-image-caption=\"\" data-large-file=\"https:\/\/i0.wp.com\/www.freidenker.org\/fw17\/wp-content\/uploads\/2017\/10\/pdf_icon-e1509487447542.png?fit=16%2C16&amp;ssl=1\" class=\"alignnone size-full wp-image-1072\" src=\"https:\/\/i0.wp.com\/www.freidenker.org\/fw17\/wp-content\/uploads\/2017\/10\/pdf_icon-e1509487447542.png?resize=16%2C16&#038;ssl=1\" alt=\"\" width=\"16\" height=\"16\" \/> <a href=\"https:\/\/www.freidenker.org\/fw17\/wp-content\/uploads\/2021\/09\/Freidenker_2021-03_Ruegemer-UnterDeutscherFuehrung.pdf\" target=\"_blank\" rel=\"noopener\">PDF-Dokument<\/a>, ca. 428 KB)<\/li>\n<li>Klaus von Raussendorff<br \/>\n\u201eWie Deutschlands f\u00fchrende Politiker im Interesse der wirklich M\u00e4chtigen handeln\u201c<\/li>\n<li>Diether Dehm<br \/>\nStaat und Klassenkampf<\/li>\n<li>Marcel Hostettler<br \/>\nSchweizer Erfahrungen: direkte Demokratie und nationale Souver\u00e4nit\u00e4t<\/li>\n<\/ul>\n<p><strong>Meldungen, Meinungen<\/strong><\/p>\n<p><strong>Chronik<\/strong><\/p>\n<ul>\n<li>Verbandstag 2021\n<ul>\n<li>\u201eVern\u00fcnftiges Denken statt Panikmache &#8211; Gegen Notstandsgesetze und Ausnahmezust\u00e4nde\u201c [Bericht]<\/li>\n<li>Satzungs\u00e4nderungen<\/li>\n<li>Beitragsordnung<\/li>\n<li>Beschluss des Verbandstages: Kooperation mit der Russischen F\u00f6deration und der VR China<\/li>\n<li>Beschluss des Verbandstages: Demokratische Rechte verteidigen!<\/li>\n<\/ul>\n<\/li>\n<li><a href=\"https:\/\/www.freidenker.org\/?p=10913\">KORSO f\u00fcr Reform des Religionsunterrichts an \u00f6ffentlichen Schulen<\/a><\/li>\n<li><a href=\"https:\/\/www.freidenker.org\/?p=10864\">Kapitalismus \u2013 mit Perspektive? Seminar im Naturfreundehaus Rahnenhof<\/a><\/li>\n<li><a href=\"https:\/\/www.freidenker.org\/?p=11038\">Demokratie, was immer sie auch ist, \u2026<\/a> &#8211; Bildungswochenende in Quedlinburg<\/li>\n<li><a href=\"https:\/\/www.freidenker.org\/?p=10965\">Freidenker-Flugblatt zum Hiroshima-Tag<\/a><\/li>\n<li><a href=\"https:\/\/www.freidenker.org\/?p=11226\">Nachruf auf Eduard Mader<\/a><\/li>\n<\/ul>\n<p><strong>B\u00fccher f\u00fcr Freidenker<\/strong><\/p>\n<ul>\n<li>Reinhard Frankl, Rainer Roth, Tobias Wei\u00dfert: Die Schockstrategie geht weiter. Zweite Streitschrift zur Sache<\/li>\n<\/ul>\n<p><img data-recalc-dims=\"1\" loading=\"lazy\" decoding=\"async\" data-attachment-id=\"11266\" data-permalink=\"https:\/\/www.freidenker.org\/?attachment_id=11266\" data-orig-file=\"https:\/\/i0.wp.com\/www.freidenker.org\/fw17\/wp-content\/uploads\/2021\/09\/fd_2021-03_640px.jpg?fit=455%2C642&amp;ssl=1\" data-orig-size=\"455,642\" data-comments-opened=\"0\" data-image-meta=\"{&quot;aperture&quot;:&quot;0&quot;,&quot;credit&quot;:&quot;&quot;,&quot;camera&quot;:&quot;&quot;,&quot;caption&quot;:&quot;&quot;,&quot;created_timestamp&quot;:&quot;0&quot;,&quot;copyright&quot;:&quot;&quot;,&quot;focal_length&quot;:&quot;0&quot;,&quot;iso&quot;:&quot;0&quot;,&quot;shutter_speed&quot;:&quot;0&quot;,&quot;title&quot;:&quot;&quot;,&quot;orientation&quot;:&quot;1&quot;}\" data-image-title=\"fd_2021-03_640px\" data-image-description=\"\" data-image-caption=\"\" data-large-file=\"https:\/\/i0.wp.com\/www.freidenker.org\/fw17\/wp-content\/uploads\/2021\/09\/fd_2021-03_640px.jpg?fit=455%2C642&amp;ssl=1\" class=\"alignnone wp-image-11266 size-full\" src=\"https:\/\/i0.wp.com\/www.freidenker.org\/fw17\/wp-content\/uploads\/2021\/09\/fd_2021-03_640px.jpg?resize=455%2C642&#038;ssl=1\" alt=\"\" width=\"455\" height=\"642\" srcset=\"https:\/\/i0.wp.com\/www.freidenker.org\/fw17\/wp-content\/uploads\/2021\/09\/fd_2021-03_640px.jpg?w=455&amp;ssl=1 455w, https:\/\/i0.wp.com\/www.freidenker.org\/fw17\/wp-content\/uploads\/2021\/09\/fd_2021-03_640px.jpg?resize=213%2C300&amp;ssl=1 213w\" sizes=\"auto, (max-width: 455px) 100vw, 455px\" \/><\/p>\n<hr \/>\n<p><strong>Online-Ausgabe:<\/strong><\/p>\n<p>Das Heft kann hier als PDF-Dokument angesehen und heruntergeladen werden:<\/p>\n<p><img loading=\"lazy\" decoding=\"async\" data-attachment-id=\"1076\" data-permalink=\"https:\/\/www.freidenker.org\/?attachment_id=1076\" data-orig-file=\"https:\/\/i0.wp.com\/www.freidenker.org\/fw17\/wp-content\/uploads\/2017\/10\/pdf_icon-2.png?fit=32%2C32&amp;ssl=1\" data-orig-size=\"32,32\" data-comments-opened=\"0\" data-image-meta=\"{&quot;aperture&quot;:&quot;0&quot;,&quot;credit&quot;:&quot;&quot;,&quot;camera&quot;:&quot;&quot;,&quot;caption&quot;:&quot;&quot;,&quot;created_timestamp&quot;:&quot;0&quot;,&quot;copyright&quot;:&quot;&quot;,&quot;focal_length&quot;:&quot;0&quot;,&quot;iso&quot;:&quot;0&quot;,&quot;shutter_speed&quot;:&quot;0&quot;,&quot;title&quot;:&quot;&quot;,&quot;orientation&quot;:&quot;0&quot;}\" data-image-title=\"pdf_icon\" data-image-description=\"\" data-image-caption=\"\" data-large-file=\"https:\/\/i0.wp.com\/www.freidenker.org\/fw17\/wp-content\/uploads\/2017\/10\/pdf_icon-2.png?fit=32%2C32&amp;ssl=1\" class=\"alignnone size-full wp-image-1076\" src=\"https:\/\/i0.wp.com\/www.freidenker.org\/fw17\/wp-content\/uploads\/2017\/10\/pdf_icon-2.png?resize=32%2C32&amp;ssl=1\" alt=\"\" width=\"32\" height=\"32\" data-attachment-id=\"1076\" data-permalink=\"https:\/\/www.freidenker.org\/?attachment_id=1076\" data-orig-file=\"https:\/\/i0.wp.com\/www.freidenker.org\/fw17\/wp-content\/uploads\/2017\/10\/pdf_icon-2.png?fit=32%2C32&amp;ssl=1\" data-orig-size=\"32,32\" data-comments-opened=\"0\" data-image-meta=\"{&quot;aperture&quot;:&quot;0&quot;,&quot;credit&quot;:&quot;&quot;,&quot;camera&quot;:&quot;&quot;,&quot;caption&quot;:&quot;&quot;,&quot;created_timestamp&quot;:&quot;0&quot;,&quot;copyright&quot;:&quot;&quot;,&quot;focal_length&quot;:&quot;0&quot;,&quot;iso&quot;:&quot;0&quot;,&quot;shutter_speed&quot;:&quot;0&quot;,&quot;title&quot;:&quot;&quot;,&quot;orientation&quot;:&quot;0&quot;}\" data-image-title=\"pdf_icon\" data-image-description=\"\" data-image-caption=\"\" data-medium-file=\"https:\/\/i0.wp.com\/www.freidenker.org\/fw17\/wp-content\/uploads\/2017\/10\/pdf_icon-2.png?fit=32%2C32&amp;ssl=1\" data-large-file=\"https:\/\/i0.wp.com\/www.freidenker.org\/fw17\/wp-content\/uploads\/2017\/10\/pdf_icon-2.png?fit=32%2C32&amp;ssl=1\" data-recalc-dims=\"1\" \/>\u00a0<a href=\"https:\/\/www.freidenker.org\/fw17\/wp-content\/uploads\/2023\/03\/Freidenker_2021-03_online.pdf\" target=\"_blank\" rel=\"noopener\">Verbandsorgan FREIDENKER 3-21 im PDF-Format<\/a> (ca. 4,6 MB)<\/p>\n<p>Zum\u00a0<a href=\"https:\/\/www.freidenker.org\/?page_id=1682\">\u00dcberblick \u00fcber alle Online-Ausgaben<\/a><\/p>\n<p>&nbsp;<\/p>\n","protected":false},"excerpt":{"rendered":"<p><b>Die Ausgabe 3-21 des Verbandsorgans FREIDENKER hat das Schwerpunkt-Thema \u201eDie Macht im Staat\u201c und enth\u00e4lt u.a. folgende Beitr\u00e4ge:<\/b><br \/>\n&#8211; Klaus Linder: Umstrittene Begriffe im Kampf f\u00fcr demokratische und soziale Rechte<br \/>\n&#8211; Hans Bauer: Demokratieerfahrungen der \u201eDiktatur-Sozialisierten\u201c<br \/>\n&#8211; Werner R\u00fcgemer: Unter deutscher F\u00fchrung organisert die EU das ArbeitsUnrecht \u2013 \u201eCorona\u201c-versch\u00e4rft<br \/>\n&#8211; Klaus von Raussendorff: \u201eWie Deutschlands f\u00fchrende Politiker im Interesse der wirklich M\u00e4chtigen handeln\u201c<br \/>\n&#8211; Diether Dehm: Staat und Klassenkampf<br \/>\n&#8211; Marcel Hostettler: Schweizer Erfahrungen: direkte Demokratie und nationale Souver\u00e4nit\u00e4t<\/p>\n","protected":false},"author":3,"featured_media":11265,"comment_status":"closed","ping_status":"closed","sticky":false,"template":"","format":"standard","meta":{"colormag_page_container_layout":"default_layout","colormag_page_sidebar_layout":"default_layout","advanced_seo_description":"","jetpack_seo_html_title":"","jetpack_seo_noindex":false,"jetpack_post_was_ever_published":false,"footnotes":""},"categories":[8],"tags":[162,984,1065,1427,1101,1144],"class_list":["post-11259","post","type-post","status-publish","format-standard","has-post-thumbnail","hentry","category-verbandsorgan-freidenker","tag-demokratie","tag-demokratische-rechte","tag-klassenkampf","tag-macht","tag-soziale-frage","tag-staat"],"jetpack_featured_media_url":"https:\/\/i0.wp.com\/www.freidenker.org\/fw17\/wp-content\/uploads\/2021\/09\/FD_2021-03_Titel_mR.jpg?fit=800%2C445&ssl=1","jetpack_shortlink":"https:\/\/wp.me\/p9stpK-2VB","jetpack-related-posts":[{"id":8677,"url":"https:\/\/www.freidenker.org\/?p=8677","url_meta":{"origin":11259,"position":0},"title":"FREIDENKER 3-20 \u2013 Armut &#8211; Reichtum","author":"Webredaktion","date":"24. September 2020","format":false,"excerpt":"Die Ausgabe 3-20 des Verbandsorgans FREIDENKER hat das Schwerpunkt-Thema \u201eArmut-Reichtum\u201c und enth\u00e4lt u.a. folgende Beitr\u00e4ge: - Klaus Hartmann: \u201eIm reichen Deutschland \u2026\u201c - Christoph Butterwegge: Reichtum als Ergebnis der materiellen Ungleichheit und als Problem f\u00fcr die Gesellschaft - Pablo Graubner: Corona: Brandbeschleuniger f\u00fcr die Klassengesellschaft - Werner R\u00fcgemer: Deutschland: F\u00fchrender\u2026","rel":"","context":"In &quot;Verbandsorgan FREIDENKER&quot;","block_context":{"text":"Verbandsorgan FREIDENKER","link":"https:\/\/www.freidenker.org\/?cat=8"},"img":{"alt_text":"","src":"https:\/\/i0.wp.com\/www.freidenker.org\/fw17\/wp-content\/uploads\/2020\/09\/FD_2020-03_Titel_mR.jpg?fit=800%2C445&ssl=1&resize=350%2C200","width":350,"height":200,"srcset":"https:\/\/i0.wp.com\/www.freidenker.org\/fw17\/wp-content\/uploads\/2020\/09\/FD_2020-03_Titel_mR.jpg?fit=800%2C445&ssl=1&resize=350%2C200 1x, https:\/\/i0.wp.com\/www.freidenker.org\/fw17\/wp-content\/uploads\/2020\/09\/FD_2020-03_Titel_mR.jpg?fit=800%2C445&ssl=1&resize=525%2C300 1.5x, https:\/\/i0.wp.com\/www.freidenker.org\/fw17\/wp-content\/uploads\/2020\/09\/FD_2020-03_Titel_mR.jpg?fit=800%2C445&ssl=1&resize=700%2C400 2x"},"classes":[]},{"id":8263,"url":"https:\/\/www.freidenker.org\/?p=8263","url_meta":{"origin":11259,"position":1},"title":"FREIDENKER 2-20 EXTRA \u2013 Ein \u201etiefer Staat\u201c?","author":"Webredaktion","date":"18. Juni 2020","format":false,"excerpt":"Die EXTRA-Ausgabe 2-20 des Verbandsorgans FREIDENKER hat das Schwerpunkt-Thema \u201eKrisen, Kriege & die Machthaber im \"Westen\" \u2013 Ein \"tiefer Staat\"?\u201c und enth\u00e4lt die Redebeitr\u00e4ge der Konferenz des Deutschen Freidenker-Verbandes vom 16. November 2019 in Stuttgart Darin: - Klaus Hartmann: Ein \u201etiefer Staat\u201c \u2013 gibt\u2019s das \u00fcberhaupt? - Ullrich Mies: Wer\u2026","rel":"","context":"In &quot;Demokratie \u2013 Medien \u2013 Aufkl\u00e4rung&quot;","block_context":{"text":"Demokratie \u2013 Medien \u2013 Aufkl\u00e4rung","link":"https:\/\/www.freidenker.org\/?cat=12"},"img":{"alt_text":"","src":"https:\/\/i0.wp.com\/www.freidenker.org\/fw17\/wp-content\/uploads\/2020\/06\/FD_2020-02_Titel_mR.jpg?fit=800%2C445&ssl=1&resize=350%2C200","width":350,"height":200,"srcset":"https:\/\/i0.wp.com\/www.freidenker.org\/fw17\/wp-content\/uploads\/2020\/06\/FD_2020-02_Titel_mR.jpg?fit=800%2C445&ssl=1&resize=350%2C200 1x, https:\/\/i0.wp.com\/www.freidenker.org\/fw17\/wp-content\/uploads\/2020\/06\/FD_2020-02_Titel_mR.jpg?fit=800%2C445&ssl=1&resize=525%2C300 1.5x, https:\/\/i0.wp.com\/www.freidenker.org\/fw17\/wp-content\/uploads\/2020\/06\/FD_2020-02_Titel_mR.jpg?fit=800%2C445&ssl=1&resize=700%2C400 2x"},"classes":[]},{"id":14241,"url":"https:\/\/www.freidenker.org\/?p=14241","url_meta":{"origin":11259,"position":2},"title":"FREIDENKER Nr. 3-22 \u2013 Der gro\u00dfe Abbruch","author":"Webredaktion","date":"28. September 2022","format":false,"excerpt":"Die Ausgabe 3-22 des Verbandsorgans FREIDENKER hat das Schwerpunkt-Thema \u201eDer gro\u00dfe Abbruch\u201c und enth\u00e4lt u.a. folgende Beitr\u00e4ge: - Werner R\u00fcgemer: Die Arbeitsverh\u00e4ltnisse im BlackRock-Kapitalismus - Diana Johnstone: Der grosse Vorwand \u2026 f\u00fcr eine Anti-Utopie - Klaus Linder: Randbemerkungen gegen eine Hypnose durch den \u201eGreat Reset\u201c - Dagmar Henn: Der westliche\u2026","rel":"","context":"In &quot;Verbandsorgan FREIDENKER&quot;","block_context":{"text":"Verbandsorgan FREIDENKER","link":"https:\/\/www.freidenker.org\/?cat=8"},"img":{"alt_text":"","src":"https:\/\/i0.wp.com\/www.freidenker.org\/fw17\/wp-content\/uploads\/2022\/09\/FD_2022-03_Titel_mR.jpg?fit=800%2C445&ssl=1&resize=350%2C200","width":350,"height":200,"srcset":"https:\/\/i0.wp.com\/www.freidenker.org\/fw17\/wp-content\/uploads\/2022\/09\/FD_2022-03_Titel_mR.jpg?fit=800%2C445&ssl=1&resize=350%2C200 1x, https:\/\/i0.wp.com\/www.freidenker.org\/fw17\/wp-content\/uploads\/2022\/09\/FD_2022-03_Titel_mR.jpg?fit=800%2C445&ssl=1&resize=525%2C300 1.5x, https:\/\/i0.wp.com\/www.freidenker.org\/fw17\/wp-content\/uploads\/2022\/09\/FD_2022-03_Titel_mR.jpg?fit=800%2C445&ssl=1&resize=700%2C400 2x"},"classes":[]},{"id":7741,"url":"https:\/\/www.freidenker.org\/?p=7741","url_meta":{"origin":11259,"position":3},"title":"FREIDENKER 1-20  \u2013 Was ist Faschismus &#8211; was Antifaschismus?","author":"Webredaktion","date":"19. M\u00e4rz 2020","format":false,"excerpt":"Die Ausgabe 1-20 des Verbandsorgans FREIDENKER hat das Schwerpunkt-Thema \u201eWas ist Faschismus - was Antifaschismus\u201c und enth\u00e4lt u.a. folgende Beitr\u00e4ge: - M\u00e4nne Gr\u00fc\u00df: Ernst Th\u00e4lmann und Antifaschismus heute - Interview mit Erika Baum: Lehren aus dem VII. Weltkongress f\u00fcr den Kampf gegen Faschismus und Krieg - Klaus Hartmann: Was Faschismus\u2026","rel":"","context":"In &quot;Frieden - Antifaschismus - Solidarit\u00e4t&quot;","block_context":{"text":"Frieden - Antifaschismus - Solidarit\u00e4t","link":"https:\/\/www.freidenker.org\/?cat=13"},"img":{"alt_text":"","src":"https:\/\/i0.wp.com\/www.freidenker.org\/fw17\/wp-content\/uploads\/2020\/03\/FD_2020-01_Titel_mR.jpg?fit=800%2C445&ssl=1&resize=350%2C200","width":350,"height":200,"srcset":"https:\/\/i0.wp.com\/www.freidenker.org\/fw17\/wp-content\/uploads\/2020\/03\/FD_2020-01_Titel_mR.jpg?fit=800%2C445&ssl=1&resize=350%2C200 1x, https:\/\/i0.wp.com\/www.freidenker.org\/fw17\/wp-content\/uploads\/2020\/03\/FD_2020-01_Titel_mR.jpg?fit=800%2C445&ssl=1&resize=525%2C300 1.5x, https:\/\/i0.wp.com\/www.freidenker.org\/fw17\/wp-content\/uploads\/2020\/03\/FD_2020-01_Titel_mR.jpg?fit=800%2C445&ssl=1&resize=700%2C400 2x"},"classes":[]},{"id":14877,"url":"https:\/\/www.freidenker.org\/?p=14877","url_meta":{"origin":11259,"position":4},"title":"FREIDENKER Nr. 4-22 \u2013 Wohnen \u2013 Menschenrecht","author":"Webredaktion","date":"28. Dezember 2022","format":false,"excerpt":"Die Ausgabe 4-22 des Verbandsorgans FREIDENKER hat das Schwerpunkt-Thema \u201eWohnen - Menschenrecht\u201c und enth\u00e4lt u.a. folgende Beitr\u00e4ge: - Daniel Zimmermann: Das Maximum herausholen: System Vonovia - Fred Schmid: Gr\u00f6\u00dfte deutsche Wohnungskonzerne in der Hand von Blackrock & Co - Andrej Holm, Claus Schreer: F\u00fcr eine soziale Wohnungs- und Mietenpolitik -\u2026","rel":"","context":"In &quot;Arbeit &amp; Soziales&quot;","block_context":{"text":"Arbeit &amp; Soziales","link":"https:\/\/www.freidenker.org\/?cat=11"},"img":{"alt_text":"","src":"https:\/\/i0.wp.com\/www.freidenker.org\/fw17\/wp-content\/uploads\/2022\/12\/FD_2022-04_Titel_mR.jpg?fit=800%2C445&ssl=1&resize=350%2C200","width":350,"height":200,"srcset":"https:\/\/i0.wp.com\/www.freidenker.org\/fw17\/wp-content\/uploads\/2022\/12\/FD_2022-04_Titel_mR.jpg?fit=800%2C445&ssl=1&resize=350%2C200 1x, https:\/\/i0.wp.com\/www.freidenker.org\/fw17\/wp-content\/uploads\/2022\/12\/FD_2022-04_Titel_mR.jpg?fit=800%2C445&ssl=1&resize=525%2C300 1.5x, https:\/\/i0.wp.com\/www.freidenker.org\/fw17\/wp-content\/uploads\/2022\/12\/FD_2022-04_Titel_mR.jpg?fit=800%2C445&ssl=1&resize=700%2C400 2x"},"classes":[]},{"id":19777,"url":"https:\/\/www.freidenker.org\/?p=19777","url_meta":{"origin":11259,"position":5},"title":"Imperium EU: ArbeitsUnrecht, Krise, neue Gegenwehr","author":"Webredaktion","date":"31. August 2024","format":false,"excerpt":"Vortrag von Werner R\u00fcgemer In der Europ\u00e4ischen Union herrscht Arbeitsunrecht. Nicht nur durch gesetzlich fixierte Billigl\u00f6hnerei. Selbst die offiziellen Niedrigstandards werden millionenfach und straflos verletzt, etwa beim Mindestlohn und durch kettenartiges Subunternehmertum, auch f\u00fcr Millionen Wanderarbeiterinnen und Wanderarbeiter. Die abh\u00e4ngig Besch\u00e4ftigten werden finanziell degradiert, gedem\u00fctigt, zerm\u00fcrbt, zum Schweigen gebracht. In\u2026","rel":"","context":"In &quot;Arbeit &amp; Soziales&quot;","block_context":{"text":"Arbeit &amp; Soziales","link":"https:\/\/www.freidenker.org\/?cat=11"},"img":{"alt_text":"","src":"https:\/\/i0.wp.com\/www.freidenker.org\/fw17\/wp-content\/uploads\/2024\/08\/Ruegemer_Imperium-EU_800x450.jpg?fit=800%2C450&ssl=1&resize=350%2C200","width":350,"height":200,"srcset":"https:\/\/i0.wp.com\/www.freidenker.org\/fw17\/wp-content\/uploads\/2024\/08\/Ruegemer_Imperium-EU_800x450.jpg?fit=800%2C450&ssl=1&resize=350%2C200 1x, https:\/\/i0.wp.com\/www.freidenker.org\/fw17\/wp-content\/uploads\/2024\/08\/Ruegemer_Imperium-EU_800x450.jpg?fit=800%2C450&ssl=1&resize=525%2C300 1.5x, https:\/\/i0.wp.com\/www.freidenker.org\/fw17\/wp-content\/uploads\/2024\/08\/Ruegemer_Imperium-EU_800x450.jpg?fit=800%2C450&ssl=1&resize=700%2C400 2x"},"classes":[]}],"_links":{"self":[{"href":"https:\/\/www.freidenker.org\/index.php?rest_route=\/wp\/v2\/posts\/11259","targetHints":{"allow":["GET"]}}],"collection":[{"href":"https:\/\/www.freidenker.org\/index.php?rest_route=\/wp\/v2\/posts"}],"about":[{"href":"https:\/\/www.freidenker.org\/index.php?rest_route=\/wp\/v2\/types\/post"}],"author":[{"embeddable":true,"href":"https:\/\/www.freidenker.org\/index.php?rest_route=\/wp\/v2\/users\/3"}],"replies":[{"embeddable":true,"href":"https:\/\/www.freidenker.org\/index.php?rest_route=%2Fwp%2Fv2%2Fcomments&post=11259"}],"version-history":[{"count":0,"href":"https:\/\/www.freidenker.org\/index.php?rest_route=\/wp\/v2\/posts\/11259\/revisions"}],"wp:featuredmedia":[{"embeddable":true,"href":"https:\/\/www.freidenker.org\/index.php?rest_route=\/wp\/v2\/media\/11265"}],"wp:attachment":[{"href":"https:\/\/www.freidenker.org\/index.php?rest_route=%2Fwp%2Fv2%2Fmedia&parent=11259"}],"wp:term":[{"taxonomy":"category","embeddable":true,"href":"https:\/\/www.freidenker.org\/index.php?rest_route=%2Fwp%2Fv2%2Fcategories&post=11259"},{"taxonomy":"post_tag","embeddable":true,"href":"https:\/\/www.freidenker.org\/index.php?rest_route=%2Fwp%2Fv2%2Ftags&post=11259"}],"curies":[{"name":"wp","href":"https:\/\/api.w.org\/{rel}","templated":true}]}}