{"id":11254,"date":"2021-09-28T00:39:17","date_gmt":"2021-09-27T22:39:17","guid":{"rendered":"https:\/\/www.freidenker.org\/?p=11254"},"modified":"2021-10-11T21:00:50","modified_gmt":"2021-10-11T19:00:50","slug":"hofschranze-des-eu-imperialismus","status":"publish","type":"post","link":"https:\/\/www.freidenker.org\/?p=11254","title":{"rendered":"Hofschranze des EU-Imperialismus"},"content":{"rendered":"<p><em>von <strong>Diether Dehm<\/strong><\/em><\/p>\n<p><span style=\"font-size: 10pt;\">Erstver\u00f6ffentlichung am 25.09.2021 auf <a href=\"https:\/\/www.diether-dehm.de\/positionen\/1587-hofschranze-des-eu-imperialismus\" target=\"_blank\" rel=\"noopener\">www.diether-dehm.de<\/a><\/span><\/p>\n<p>In dieser Woche erreichte mich eine Anfrage der Redaktion von &#8222;ZDF Magazin Royale&#8220;: Man sei im Zuge einer Recherche &#8222;an Informationen dar\u00fcber gelangt&#8220;, dass meine Facebookseite bei der Bewerbung einiger Wahlkampf-Posts auch Nutzer mit den Interessen &#8222;RT\u201d, \u201cKenFM\u201d oder \u201cWladimir Wladimirowitsch Putin&#8220; adressiere. Dar\u00fcber verlangte ein junger Redakteur von B\u00f6hmermanns Magazin Auskunft von mir \u2013 und zwar mit Fristsetzung von 20 Stunden. Dabei war der Ton von B\u00f6hmermanns Hiwi schon ganz sch\u00f6n diktatorisch. Fr\u00fch \u00fcbt sich, wer ein Totschlag-Zeilen-Kleber werden will.<\/p>\n<p>Liebe B\u00f6hmerm\u00e4nnlein,<\/p>\n<p>wer selber als Hofschranze des EU-Imperialismus im \u00f6ffentlich-rechtlichen Tarngewand einem Markus Lanz verbieten will, kritische Medizinprofessoren zu Wort kommen zu lassen, hat eigentlich das Recht auf seri\u00f6se Replique verwirkt.<\/p>\n<p>Nun seid Ihr also an &#8222;Informationen gelangt&#8220;, dass ich Kollaborateur von &#8222;Wladimir Wladimirowitsch Putin&#8220; und anderer Staatsfeinde sei. Spannend, wie und \u00fcber wen Euer &#8222;Team&#8220; an datenschutzrechtlich relevante, nicht\u00f6ffentliche &#8222;Informationen gelangt&#8220;. Die \u00fcber dies &#8222;Eigentum&#8220; des privatrechtlichen Konzerns Facebook und seiner Gewerbetreibenden sind. Ob gar Facebook (und im Gefolge: Wikipedia) Interesse daran haben d\u00fcrfte?<\/p>\n<p>Vorweg: Dass Politiker (vor allem im Wahlkampf) ihre Social Media Posts bewerben, um damit mehr Reichweite zu erzielen, ist Standard (wenn auch allzu Kritisches von Facebook oft gesperrt wird). Selbst KommunalpolitikerInnen tun dies. Fr\u00fcher waren es Plakate an der Stra\u00dfe, heute passiert das digital im Newsfeed, \u00fcbrigens: von mir privat finanziert. Denn ein Grundprinzip linker &#8222;Gegen\u00f6ffentlichkeit&#8220; (Bourdieu) war es immer, &#8222;&#8230;\u00fcberall dahin zu gehen, wo werkt\u00e4tige Menschen sind&#8220;. Auch in Betriebe, Wohnviertel, auf die Stra\u00dfe oder in kulturelle (Freizeit-)Einrichtungen.<\/p>\n<p>Und zwar unabh\u00e4ngig von der aktuellen politischen oder gesellschaftlichen Einstellung ihrer Adressaten. Das ist historische, antiimperialistische Basisarbeit seit Lenin und Rosa Luxemburg. Das wollen wir auch auf Leute ausdehnen, deren Unmut von der AfD bewirtschaftet wird. Auf &#8222;kleine Leute&#8220; einzupr\u00fcgeln, f\u00fcr deren \u00f6ffentliche Gei\u00dfelung medialer Applaus und virale Likes sicher sind, ist &#8222;Gratis-Mut&#8220;.<\/p>\n<p>Eure dreiste Anfrage hat eine Geschichte: In den letzten Jahren war ich f\u00fcnfmal Objekt f\u00fcr B\u00f6hmermann-Fakes (zum Beispiel sei ich &#8222;Corona-Leugner&#8220;). Ohne dass Ihr Chef je den Arsch in der Hose hatte, mich in der Sendung direkt zu seinen Anw\u00fcrfen zu Wort kommen zu lassen. Als ich mit Dieter Hallervorden den &#8222;Erdogan-Song&#8220; in gewisser Sympathie f\u00fcr den angeklagten B\u00f6hmermann machte, war dies nicht als Support f\u00fcr dessen seichten Ziegenf***r-Song gedacht, sondern gegen Erdogans (Geheim-)Polizeiaktionen. (Die Massenm\u00f6rderei Erdogans gegen die KurdInnen hatte B\u00f6hmermann dem t\u00fcrkischen Diktator ja anzusprechen\/singen erspart.) Als unser Song \u201eErdogan \u2013 klag mich auch mal an\u201c noch keine Millionen-Klicks hatte, distanzierte sich B\u00f6hmermann von Hallervorden und mir, den alten weisen M\u00e4nnern.<\/p>\n<p>Klar, &#8222;Verschw\u00f6rungsschwurbeleien&#8220; sind dann Mist, wenn sie das Forschen \u00fcber wirtschaftliche Interessen von NATO und komplizierte Monopolprofite ersetzen und simplifizieren wollen.<\/p>\n<p>Dass \u2013 nicht erst seit dem Mord an Kennedy \u2013 s\u00e4mtliche \u00dcberf\u00e4lle auf Polen, die Sowjetunion, Vietnam, Kuba und k\u00fcnftig China allerdings mit Medienl\u00fcgen, also geheimdienstgest\u00fctzten Verschw\u00f6rungen, eingeleitet wurden, macht kluge Theorien \u00fcber Verschw\u00f6rungen und Nachrichtendienste gelegentlich bitter n\u00f6tig.<\/p>\n<p>Daher auch meine Frage: Wie seid Ihr an die oben und unten im Screenshot genannten Infos gelangt?<\/p>\n<p style=\"text-align: right;\"><em>Dr. Diether Dehm ist Mitglied des Deutschen Freidenker-Verbandes und seines Beirats<\/em><\/p>\n<hr \/>\n<p><span style=\"font-size: 10pt;\">Bild: Faksimile der Anfrage des &#8222;ZDF Magazin Royale&#8220; an den Autor vom 21.09.2021<\/span><br \/>\n<span style=\"font-size: 10pt;\">Quelle: <a href=\"https:\/\/www.diether-dehm.de\/positionen\/1587-hofschranze-des-eu-imperialismus\" target=\"_blank\" rel=\"noopener\">https:\/\/www.diether-dehm.de\/positionen\/1587-hofschranze-des-eu-imperialismus<\/a><\/span><\/p>\n","protected":false},"excerpt":{"rendered":"<p><b>Beitrag von Diether Dehm<\/b><br \/>\nIn dieser Woche erreichte mich eine Anfrage der Redaktion von &#8222;ZDF Magazin Royale&#8220;: Man sei im Zuge einer Recherche &#8222;an Informationen dar\u00fcber gelangt&#8220;, dass meine Facebookseite bei der Bewerbung einiger Wahlkampf-Posts auch Nutzer mit den Interessen &#8222;RT\u201d, \u201cKenFM\u201d oder \u201cWladimir Wladimirowitsch Putin&#8220; adressiere. Dar\u00fcber verlangte ein junger Redakteur von B\u00f6hmermanns Magazin Auskunft von mir \u2013 und zwar mit Fristsetzung von 20 Stunden. Dabei war der Ton von B\u00f6hmermanns Hiwi schon ganz sch\u00f6n diktatorisch. Fr\u00fch \u00fcbt sich, wer ein Totschlag-Zeilen-Kleber werden will.<\/p>\n","protected":false},"author":3,"featured_media":11270,"comment_status":"closed","ping_status":"closed","sticky":false,"template":"","format":"standard","meta":{"colormag_page_container_layout":"default_layout","colormag_page_sidebar_layout":"default_layout","advanced_seo_description":"","jetpack_seo_html_title":"","jetpack_seo_noindex":false,"jetpack_post_was_ever_published":false,"footnotes":""},"categories":[937],"tags":[211,1256,715,602,404,641,1110],"class_list":["post-11254","post","type-post","status-publish","format-standard","has-post-thumbnail","hentry","category-zeit-der-verleumder-freidenker-fuer-klartext","tag-aufklaerung","tag-corona-virus","tag-facebook","tag-fake-news","tag-imperialismus","tag-verschwoerungstheorie","tag-zdf"],"jetpack_featured_media_url":"https:\/\/i0.wp.com\/www.freidenker.org\/fw17\/wp-content\/uploads\/2021\/09\/klartext_boehmermann_faksimile_800x450.jpg?fit=800%2C450&ssl=1","jetpack_shortlink":"https:\/\/wp.me\/p9stpK-2Vw","jetpack-related-posts":[{"id":11144,"url":"https:\/\/www.freidenker.org\/?p=11144","url_meta":{"origin":11254,"position":0},"title":"Andersdenkende: S\u00e4ue oder Nazis?","author":"Webredaktion","date":"28. August 2021","format":false,"excerpt":"Lyrik von Lucie Sponheimer ARD und ZDF hei\u00dft Rundfunkfreiheit, ja die Freiheit, Rundfunkfreiheit. Ihre Freiheit, das ist leider nicht die uns\u2019re, sie verh\u00f6hnt uns und verarscht uns, wo sie kann. \/ Zamperoni und den Kleber kennt ein jeder, eine jede, wirklich jeder, festgezurrt steh\u2018n sie auf der Atlantikbr\u00fccke, biegen uns\u2026","rel":"","context":"In &quot;Kultur &amp; Kunst&quot;","block_context":{"text":"Kultur &amp; Kunst","link":"https:\/\/www.freidenker.org\/?cat=913"},"img":{"alt_text":"","src":"https:\/\/i0.wp.com\/www.freidenker.org\/fw17\/wp-content\/uploads\/2021\/08\/oma_fence_800x450.jpg?fit=800%2C450&ssl=1&resize=350%2C200","width":350,"height":200,"srcset":"https:\/\/i0.wp.com\/www.freidenker.org\/fw17\/wp-content\/uploads\/2021\/08\/oma_fence_800x450.jpg?fit=800%2C450&ssl=1&resize=350%2C200 1x, https:\/\/i0.wp.com\/www.freidenker.org\/fw17\/wp-content\/uploads\/2021\/08\/oma_fence_800x450.jpg?fit=800%2C450&ssl=1&resize=525%2C300 1.5x, https:\/\/i0.wp.com\/www.freidenker.org\/fw17\/wp-content\/uploads\/2021\/08\/oma_fence_800x450.jpg?fit=800%2C450&ssl=1&resize=700%2C400 2x"},"classes":[]},{"id":14094,"url":"https:\/\/www.freidenker.org\/?p=14094","url_meta":{"origin":11254,"position":1},"title":"Erinnerung, Erinnerung, Erinnerung, \u2026","author":"Webredaktion","date":"3. September 2022","format":false,"excerpt":"Beitrag von Thomas Loch Wir leben in einer bewegten Zeit und damit sich bewegt, was sich bewegen soll, vor allen in die gew\u00fcnschte Richtung, wird gelenkt. Ein gutes Mittel zur Lenkung von Menschen, vor allem wenn es gegen deren eigentlichen Interessen geht, ist Angst. Seit Jahren werden immer mehr und\u2026","rel":"","context":"In &quot;Arbeit &amp; Soziales&quot;","block_context":{"text":"Arbeit &amp; Soziales","link":"https:\/\/www.freidenker.org\/?cat=11"},"img":{"alt_text":"","src":"https:\/\/i0.wp.com\/www.freidenker.org\/fw17\/wp-content\/uploads\/2022\/09\/Tomatensosse_DDR_800x450.jpg?fit=800%2C450&ssl=1&resize=350%2C200","width":350,"height":200,"srcset":"https:\/\/i0.wp.com\/www.freidenker.org\/fw17\/wp-content\/uploads\/2022\/09\/Tomatensosse_DDR_800x450.jpg?fit=800%2C450&ssl=1&resize=350%2C200 1x, https:\/\/i0.wp.com\/www.freidenker.org\/fw17\/wp-content\/uploads\/2022\/09\/Tomatensosse_DDR_800x450.jpg?fit=800%2C450&ssl=1&resize=525%2C300 1.5x, https:\/\/i0.wp.com\/www.freidenker.org\/fw17\/wp-content\/uploads\/2022\/09\/Tomatensosse_DDR_800x450.jpg?fit=800%2C450&ssl=1&resize=700%2C400 2x"},"classes":[]},{"id":23054,"url":"https:\/\/www.freidenker.org\/?p=23054","url_meta":{"origin":11254,"position":2},"title":"Warum hofiert der Berliner Senat den viel kritisierten ZDF-Clown Jan B\u00f6hmermann?","author":"Webredaktion","date":"7. Oktober 2025","format":false,"excerpt":"Beitrag von Bernhard Loyen Politik und Medien agieren seit rund f\u00fcnf Jahren nachweislich Hand in Hand, um kritische Stimmen und willk\u00fcrlich deklarierte \"Feinde der Demokratie\" auf allen ihnen zur Verf\u00fcgung stehenden Ebenen biografisch zu zerst\u00f6ren. Das offizielle Hofieren von Jan B\u00f6hmermann in der Hauptstadt gilt als neuer Tiefpunkt der unangenehmen\u2026","rel":"","context":"In &quot;Demokratie \u2013 Medien \u2013 Aufkl\u00e4rung&quot;","block_context":{"text":"Demokratie \u2013 Medien \u2013 Aufkl\u00e4rung","link":"https:\/\/www.freidenker.org\/?cat=12"},"img":{"alt_text":"","src":"https:\/\/i0.wp.com\/www.freidenker.org\/fw17\/wp-content\/uploads\/2025\/10\/2021-09-16-Jan_Boehmermann_Deutscher_Fernsehpreis_2021_-3858_800x450.jpg?fit=800%2C450&ssl=1&resize=350%2C200","width":350,"height":200,"srcset":"https:\/\/i0.wp.com\/www.freidenker.org\/fw17\/wp-content\/uploads\/2025\/10\/2021-09-16-Jan_Boehmermann_Deutscher_Fernsehpreis_2021_-3858_800x450.jpg?fit=800%2C450&ssl=1&resize=350%2C200 1x, https:\/\/i0.wp.com\/www.freidenker.org\/fw17\/wp-content\/uploads\/2025\/10\/2021-09-16-Jan_Boehmermann_Deutscher_Fernsehpreis_2021_-3858_800x450.jpg?fit=800%2C450&ssl=1&resize=525%2C300 1.5x, https:\/\/i0.wp.com\/www.freidenker.org\/fw17\/wp-content\/uploads\/2025\/10\/2021-09-16-Jan_Boehmermann_Deutscher_Fernsehpreis_2021_-3858_800x450.jpg?fit=800%2C450&ssl=1&resize=700%2C400 2x"},"classes":[]},{"id":23890,"url":"https:\/\/www.freidenker.org\/?p=23890","url_meta":{"origin":11254,"position":3},"title":"Vorw\u00e4rts, und nicht vergessen!","author":"Webredaktion","date":"15. Dezember 2025","format":false,"excerpt":"Gedanken zur Leninschen Imperialismus-Theorie und zur Gegenwart Vortrag von Anton Latzo In den Kreisen der Antikommunisten und des Reformismus nimmt die Gegen\u00fcberstellung von Leninismus und Marxismus breiten Raum ein. In Wirklichkeit war Lenin nicht nur ein Kenner der Arbeiten von Marx und Engels. Die Erkenntnisse von Marx und Engels waren\u2026","rel":"","context":"In &quot;Demokratie \u2013 Medien \u2013 Aufkl\u00e4rung&quot;","block_context":{"text":"Demokratie \u2013 Medien \u2013 Aufkl\u00e4rung","link":"https:\/\/www.freidenker.org\/?cat=12"},"img":{"alt_text":"","src":"https:\/\/i0.wp.com\/www.freidenker.org\/fw17\/wp-content\/uploads\/2025\/12\/Vladimir_Lenin_giving_a_speech_800x450_v2.jpg?fit=800%2C450&ssl=1&resize=350%2C200","width":350,"height":200,"srcset":"https:\/\/i0.wp.com\/www.freidenker.org\/fw17\/wp-content\/uploads\/2025\/12\/Vladimir_Lenin_giving_a_speech_800x450_v2.jpg?fit=800%2C450&ssl=1&resize=350%2C200 1x, https:\/\/i0.wp.com\/www.freidenker.org\/fw17\/wp-content\/uploads\/2025\/12\/Vladimir_Lenin_giving_a_speech_800x450_v2.jpg?fit=800%2C450&ssl=1&resize=525%2C300 1.5x, https:\/\/i0.wp.com\/www.freidenker.org\/fw17\/wp-content\/uploads\/2025\/12\/Vladimir_Lenin_giving_a_speech_800x450_v2.jpg?fit=800%2C450&ssl=1&resize=700%2C400 2x"},"classes":[]},{"id":8509,"url":"https:\/\/www.freidenker.org\/?p=8509","url_meta":{"origin":11254,"position":4},"title":"Die Privatisierung des Imperialismus","author":"Webredaktion","date":"9. August 2020","format":false,"excerpt":"Kommentar von Rainer Rupp Der als technologisches Wunderkind verehrte Elon Musk ist ein Idol der so genannten Gr\u00fcnen Revolution, denn der US-Oligarch ist Hersteller von Tesla, dem \u201eRolls Royce\u201c unter den Elektro-Autos. Dass diese Luxuskarosse immer wieder durch spontane Selbstentz\u00fcndung mit kaum l\u00f6schbaren Feuern von sich reden macht, tut dem\u2026","rel":"","context":"In &quot;Demokratie \u2013 Medien \u2013 Aufkl\u00e4rung&quot;","block_context":{"text":"Demokratie \u2013 Medien \u2013 Aufkl\u00e4rung","link":"https:\/\/www.freidenker.org\/?cat=12"},"img":{"alt_text":"","src":"https:\/\/i0.wp.com\/www.freidenker.org\/fw17\/wp-content\/uploads\/2020\/08\/Elon_Musks_Tesla_Roadster_800x450.jpg?fit=800%2C450&ssl=1&resize=350%2C200","width":350,"height":200,"srcset":"https:\/\/i0.wp.com\/www.freidenker.org\/fw17\/wp-content\/uploads\/2020\/08\/Elon_Musks_Tesla_Roadster_800x450.jpg?fit=800%2C450&ssl=1&resize=350%2C200 1x, https:\/\/i0.wp.com\/www.freidenker.org\/fw17\/wp-content\/uploads\/2020\/08\/Elon_Musks_Tesla_Roadster_800x450.jpg?fit=800%2C450&ssl=1&resize=525%2C300 1.5x, https:\/\/i0.wp.com\/www.freidenker.org\/fw17\/wp-content\/uploads\/2020\/08\/Elon_Musks_Tesla_Roadster_800x450.jpg?fit=800%2C450&ssl=1&resize=700%2C400 2x"},"classes":[]},{"id":13619,"url":"https:\/\/www.freidenker.org\/?p=13619","url_meta":{"origin":11254,"position":5},"title":"Gedanken zum Tag \u2026, gestern \u2026, heute \u2026, wie auch immer, es wird schlimmer!","author":"Webredaktion","date":"28. Juni 2022","format":false,"excerpt":"Beitrag von Thomas Loch Krieg dem Krieg, es lebe der Krieg, es wird sich ruiniert f\u00fcr den Sieg! Und dies nicht erstmalig in der Geschichte, denn in jedem kapitalistisch\/imperialistisch motivierten Krieg geht es vor allem auch um Produktivkraftvernichtung, gerade der \u00fcbersch\u00fcssigen Hautproduktivkraft. So haben die deutschen Faschisten w\u00e4hrend ihrer Regierung\u2026","rel":"","context":"In &quot;Frieden - Antifaschismus - Solidarit\u00e4t&quot;","block_context":{"text":"Frieden - Antifaschismus - Solidarit\u00e4t","link":"https:\/\/www.freidenker.org\/?cat=13"},"img":{"alt_text":"","src":"https:\/\/i0.wp.com\/www.freidenker.org\/fw17\/wp-content\/uploads\/2022\/06\/Panzerbruecke_Plauen_Einschuesse_800x450.jpg?fit=800%2C450&ssl=1&resize=350%2C200","width":350,"height":200,"srcset":"https:\/\/i0.wp.com\/www.freidenker.org\/fw17\/wp-content\/uploads\/2022\/06\/Panzerbruecke_Plauen_Einschuesse_800x450.jpg?fit=800%2C450&ssl=1&resize=350%2C200 1x, https:\/\/i0.wp.com\/www.freidenker.org\/fw17\/wp-content\/uploads\/2022\/06\/Panzerbruecke_Plauen_Einschuesse_800x450.jpg?fit=800%2C450&ssl=1&resize=525%2C300 1.5x, https:\/\/i0.wp.com\/www.freidenker.org\/fw17\/wp-content\/uploads\/2022\/06\/Panzerbruecke_Plauen_Einschuesse_800x450.jpg?fit=800%2C450&ssl=1&resize=700%2C400 2x"},"classes":[]}],"_links":{"self":[{"href":"https:\/\/www.freidenker.org\/index.php?rest_route=\/wp\/v2\/posts\/11254","targetHints":{"allow":["GET"]}}],"collection":[{"href":"https:\/\/www.freidenker.org\/index.php?rest_route=\/wp\/v2\/posts"}],"about":[{"href":"https:\/\/www.freidenker.org\/index.php?rest_route=\/wp\/v2\/types\/post"}],"author":[{"embeddable":true,"href":"https:\/\/www.freidenker.org\/index.php?rest_route=\/wp\/v2\/users\/3"}],"replies":[{"embeddable":true,"href":"https:\/\/www.freidenker.org\/index.php?rest_route=%2Fwp%2Fv2%2Fcomments&post=11254"}],"version-history":[{"count":0,"href":"https:\/\/www.freidenker.org\/index.php?rest_route=\/wp\/v2\/posts\/11254\/revisions"}],"wp:featuredmedia":[{"embeddable":true,"href":"https:\/\/www.freidenker.org\/index.php?rest_route=\/wp\/v2\/media\/11270"}],"wp:attachment":[{"href":"https:\/\/www.freidenker.org\/index.php?rest_route=%2Fwp%2Fv2%2Fmedia&parent=11254"}],"wp:term":[{"taxonomy":"category","embeddable":true,"href":"https:\/\/www.freidenker.org\/index.php?rest_route=%2Fwp%2Fv2%2Fcategories&post=11254"},{"taxonomy":"post_tag","embeddable":true,"href":"https:\/\/www.freidenker.org\/index.php?rest_route=%2Fwp%2Fv2%2Ftags&post=11254"}],"curies":[{"name":"wp","href":"https:\/\/api.w.org\/{rel}","templated":true}]}}