{"id":11246,"date":"2021-09-27T07:34:04","date_gmt":"2021-09-27T05:34:04","guid":{"rendered":"https:\/\/www.freidenker.org\/?p=11246"},"modified":"2021-10-11T21:00:17","modified_gmt":"2021-10-11T19:00:17","slug":"foerderung-des-weltfriedens-der-entwicklung-und-des-sozialen-fortschritts","status":"publish","type":"post","link":"https:\/\/www.freidenker.org\/?p=11246","title":{"rendered":"F\u00f6rderung des Weltfriedens, der Entwicklung und des sozialen Fortschritts"},"content":{"rendered":"<p><em>Die Seite des US-Friedensrates ver\u00f6ffentlicht eine Erkl\u00e4rung von Staaten, die sich als &#8222;Freunde zur Verteidigung der UN-Charta&#8220; bezeichnen. Wir teilen die Einsch\u00e4tzung unserer Friedensfreunde in den USA zur Bedeutung dieser Erkl\u00e4rung und dokumentieren sie hier.<\/em><\/p>\n<p style=\"text-align: right;\"><em>Webredaktion<\/em><\/p>\n<h4>Politische Erkl\u00e4rung der<\/h4>\n<h4><strong>GRUPPE DER FREUNDE ZUR VERTEIDIGUNG DER CHARTA DER VEREINTEN NATIONEN <\/strong><\/h4>\n<p>Angenommen von der ersten Ministertagung in New York, 23. September 2021<\/p>\n<ol>\n<li>Wir, die Vertreter Algeriens, Angolas, Boliviens, Chinas, Kambodschas, Kubas, der Demokratischen Volksrepublik Korea, \u00c4quatorialguineas, Eritreas, Irans, der Demokratischen Volksrepublik Laos, Nicaraguas, des Staates Pal\u00e4stina, Russlands, St. Vincent und der Grenadinen, Syriens und Venezuelas, trafen uns auf Ministerebene in New York am Rande der 76. Tagung der Generalversammlung der Vereinten Nationen, um eine Bewertung der j\u00fcngsten Entwicklungen auf der internationalen B\u00fchne, einschlie\u00dflich der Herausforderungen und Bedrohungen f\u00fcr die Charta der Vereinten Nationen, die die Grundlage des Multilateralismus bildet, vorzunehmen und einen Meinungsaustausch \u00fcber bestehende, neue und sich abzeichnende Fragen von gemeinsamem Interesse zu f\u00fchren.<\/li>\n<li>Wir erinnern an die am 06. Juli 2021 in New York auf Botschafterebene angenommene Erkl\u00e4rung und bekr\u00e4ftigen, dass die Charta der Vereinten Nationen und ihre Ziele und Grunds\u00e4tze zeitlos und universell bleiben und dass sie alle nicht nur f\u00fcr die Wahrung und F\u00f6rderung des Weltfriedens und der internationalen Sicherheit, der Rechtsstaatlichkeit, der wirtschaftlichen Entwicklung und des sozialen Fortschritts sowie der Menschenrechte f\u00fcr alle unverzichtbar sind, sondern auch f\u00fcr die Verwirklichung einer friedlicheren, wohlhabenderen, gerechteren und ausgewogeneren Welt und eines Systems, das gerade auf den in dieser Charta enthaltenen Regeln beruht, einem universellen und rechtsverbindlichen Instrument, das eine au\u00dfergew\u00f6hnliche Errungenschaft f\u00fcr die Menschheit und einen wahren Akt des Vertrauens an das Beste der Menschheit darstellt.<\/li>\n<li>Wir geloben, keine M\u00fchen zu scheuen, um die Geltung und G\u00fcltigkeit der Charta der Vereinten Nationen zu erhalten, zu f\u00f6rdern und zu verteidigen, die in der gegenw\u00e4rtigen internationalen Lage einen neuen und noch wichtigeren Wert und eine neue Bedeutung hat. In diesem Zusammenhang bringen wir unsere Entschlossenheit zum Ausdruck, die Arbeit unserer Freundesgruppe \u00fcber den Sitz der Vereinten Nationen in New York hinaus auszuweiten, insbesondere auf die B\u00fcros der Vereinten Nationen in Genf, Nairobi und Wien sowie auf die Sitze anderer Sonderorganisationen der Vereinten Nationen, um unsere gemeinsamen Bem\u00fchungen um die Achtung und Einhaltung der Charta der Vereinten Nationen sowohl nach dem Wortlaut als auch nach dem Geist zu f\u00f6rdern.<\/li>\n<li>Wir bringen unsere ernste Besorgnis dar\u00fcber zum Ausdruck, dass der zunehmende R\u00fcckgriff auf den Unilateralismus nicht nur dem Multilateralismus, sondern auch der internationalen Zusammenarbeit und Solidarit\u00e4t schadet, die heute mehr denn je vertieft werden m\u00fcssen, auch im Zusammenhang mit der COVID-19-Pandemie, um kollektive, alle einbeziehende und wirksame L\u00f6sungen f\u00fcr die gemeinsamen Herausforderungen und Bedrohungen eines 21. Jahrhunderts der Vernetzung zu finden. Daher bekr\u00e4ftigen wir unser festes Engagement f\u00fcr einen wiederbelebten Multilateralismus, in dessen Mittelpunkt die Vereinten Nationen stehen sollen, und bekunden gleichzeitig unsere Unterst\u00fctzung f\u00fcr Nationen und V\u00f6lker, die einseitigen und willk\u00fcrlichen Vorgehensweisen ausgesetzt sind, die sowohl gegen die in der Charta der Vereinten Nationen verankerten Ziele und Grunds\u00e4tze als auch gegen die grundlegenden Normen des V\u00f6lkerrechts versto\u00dfen, und erneuern unseren Aufruf zur uneingeschr\u00e4nkten Achtung des unver\u00e4u\u00dferlichen Rechts der V\u00f6lker auf Selbstbestimmung sowie der territorialen Integrit\u00e4t und politischen Unabh\u00e4ngigkeit aller Nationen.<\/li>\n<li>Wir laden diejenigen Mitglieder der internationalen Gemeinschaft ein, die sich zu den in der Charta der Vereinten Nationen verankerten Zielen und Grunds\u00e4tzen, zum Vorrang der Legalit\u00e4t vor der Gewalt, zu den Werten des Dialogs, der Toleranz und der Solidarit\u00e4t sowie zu einem wirksamen und integrativen Multilateralismus bekennen, zu erw\u00e4gen, unserer Freundesgruppe beizutreten und\/oder diese Erkl\u00e4rung so bald wie m\u00f6glich zu billigen, als Teil unserer gemeinsamen Bem\u00fchungen, unsere gemeinsame Agenda voranzubringen und letztlich das Versprechen der Charta der Vereinten Nationen einzul\u00f6sen und sicherzustellen, dass niemand zur\u00fcckgelassen wird.<\/li>\n<\/ol>\n<hr \/>\n<p>Faksimile der englischen Originalver\u00f6ffentlichung vom 24.09.2021 auf\u00a0 <a href=\"https:\/\/uspeacecouncil.org\/political-declaration-of-the-ministerial-meeting-of-the-group-of-friends-in-defense-of-un-charter\/\" target=\"_blank\" rel=\"noopener\">https:\/\/uspeacecouncil.org\/<\/a>:<\/p>\n<p><img data-recalc-dims=\"1\" loading=\"lazy\" decoding=\"async\" data-attachment-id=\"11247\" data-permalink=\"https:\/\/www.freidenker.org\/?attachment_id=11247\" data-orig-file=\"https:\/\/i0.wp.com\/www.freidenker.org\/fw17\/wp-content\/uploads\/2021\/09\/Declaration-MM-GoF-Final-ENG-1.jpg?fit=752%2C992&amp;ssl=1\" data-orig-size=\"752,992\" data-comments-opened=\"0\" data-image-meta=\"{&quot;aperture&quot;:&quot;0&quot;,&quot;credit&quot;:&quot;Microsoft Office User&quot;,&quot;camera&quot;:&quot;&quot;,&quot;caption&quot;:&quot;&quot;,&quot;created_timestamp&quot;:&quot;0&quot;,&quot;copyright&quot;:&quot;&quot;,&quot;focal_length&quot;:&quot;0&quot;,&quot;iso&quot;:&quot;0&quot;,&quot;shutter_speed&quot;:&quot;0&quot;,&quot;title&quot;:&quot;&quot;,&quot;orientation&quot;:&quot;1&quot;}\" data-image-title=\"Declaration-MM-GoF-Final-ENG-1\" data-image-description=\"\" data-image-caption=\"\" data-large-file=\"https:\/\/i0.wp.com\/www.freidenker.org\/fw17\/wp-content\/uploads\/2021\/09\/Declaration-MM-GoF-Final-ENG-1.jpg?fit=752%2C992&amp;ssl=1\" class=\"alignnone wp-image-11247 size-full\" src=\"https:\/\/i0.wp.com\/www.freidenker.org\/fw17\/wp-content\/uploads\/2021\/09\/Declaration-MM-GoF-Final-ENG-1.jpg?resize=752%2C992&#038;ssl=1\" alt=\"\" width=\"752\" height=\"992\" srcset=\"https:\/\/i0.wp.com\/www.freidenker.org\/fw17\/wp-content\/uploads\/2021\/09\/Declaration-MM-GoF-Final-ENG-1.jpg?w=752&amp;ssl=1 752w, https:\/\/i0.wp.com\/www.freidenker.org\/fw17\/wp-content\/uploads\/2021\/09\/Declaration-MM-GoF-Final-ENG-1.jpg?resize=227%2C300&amp;ssl=1 227w\" sizes=\"auto, (max-width: 752px) 100vw, 752px\" \/><\/p>\n<p><img data-recalc-dims=\"1\" loading=\"lazy\" decoding=\"async\" data-attachment-id=\"11248\" data-permalink=\"https:\/\/www.freidenker.org\/?attachment_id=11248\" data-orig-file=\"https:\/\/i0.wp.com\/www.freidenker.org\/fw17\/wp-content\/uploads\/2021\/09\/Declaration-MM-GoF-Final-ENG-2.jpg?fit=752%2C992&amp;ssl=1\" data-orig-size=\"752,992\" data-comments-opened=\"0\" data-image-meta=\"{&quot;aperture&quot;:&quot;0&quot;,&quot;credit&quot;:&quot;Microsoft Office User&quot;,&quot;camera&quot;:&quot;&quot;,&quot;caption&quot;:&quot;&quot;,&quot;created_timestamp&quot;:&quot;0&quot;,&quot;copyright&quot;:&quot;&quot;,&quot;focal_length&quot;:&quot;0&quot;,&quot;iso&quot;:&quot;0&quot;,&quot;shutter_speed&quot;:&quot;0&quot;,&quot;title&quot;:&quot;&quot;,&quot;orientation&quot;:&quot;1&quot;}\" data-image-title=\"Declaration-MM-GoF-Final-ENG-2\" data-image-description=\"\" data-image-caption=\"\" data-large-file=\"https:\/\/i0.wp.com\/www.freidenker.org\/fw17\/wp-content\/uploads\/2021\/09\/Declaration-MM-GoF-Final-ENG-2.jpg?fit=752%2C992&amp;ssl=1\" class=\"alignnone wp-image-11248 size-full\" src=\"https:\/\/i0.wp.com\/www.freidenker.org\/fw17\/wp-content\/uploads\/2021\/09\/Declaration-MM-GoF-Final-ENG-2.jpg?resize=752%2C992&#038;ssl=1\" alt=\"\" width=\"752\" height=\"992\" srcset=\"https:\/\/i0.wp.com\/www.freidenker.org\/fw17\/wp-content\/uploads\/2021\/09\/Declaration-MM-GoF-Final-ENG-2.jpg?w=752&amp;ssl=1 752w, https:\/\/i0.wp.com\/www.freidenker.org\/fw17\/wp-content\/uploads\/2021\/09\/Declaration-MM-GoF-Final-ENG-2.jpg?resize=227%2C300&amp;ssl=1 227w\" sizes=\"auto, (max-width: 752px) 100vw, 752px\" \/><\/p>\n<hr \/>\n<p><span style=\"font-size: 10pt;\">Bild oben: Staatswappen der Mitglieder der &#8222;Gruppe der Freunde zur Verteidigung der Charta der Vereinten Nationen&#8220;<br \/>\n<\/span><span style=\"font-size: 10pt;\">Quelle: <a href=\"https:\/\/uspeacecouncil.org\/political-declaration-of-the-ministerial-meeting-of-the-group-of-friends-in-defense-of-un-charter\/\" target=\"_blank\" rel=\"noopener\">https:\/\/uspeacecouncil.org\/political-declaration-of-the-ministerial-meeting-of-the-group-of-friends-in-defense-of-un-charter\/<\/a><\/span><\/p>\n","protected":false},"excerpt":{"rendered":"<p><b>Politische Erkl\u00e4rung der Gruppe der Freunde zur Verteidigung der Charta der Vereinten Nationen<\/b><br \/>\n[Auszug:] &#8230; Wir erinnern an die am 06. Juli 2021 in New York auf Botschafterebene angenommene Erkl\u00e4rung und bekr\u00e4ftigen, dass die Charta der Vereinten Nationen und ihre Ziele und Grunds\u00e4tze zeitlos und universell bleiben und dass sie alle nicht nur f\u00fcr die Wahrung und F\u00f6rderung des Weltfriedens und der internationalen Sicherheit, der Rechtsstaatlichkeit, der wirtschaftlichen Entwicklung und des sozialen Fortschritts sowie der Menschenrechte f\u00fcr alle unverzichtbar sind, sondern auch f\u00fcr die Verwirklichung einer friedlicheren, wohlhabenderen, gerechteren und ausgewogeneren Welt und eines Systems, das gerade auf den in dieser Charta enthaltenen Regeln beruht &#8230;<\/p>\n","protected":false},"author":3,"featured_media":11251,"comment_status":"closed","ping_status":"closed","sticky":false,"template":"","format":"standard","meta":{"colormag_page_container_layout":"default_layout","colormag_page_sidebar_layout":"default_layout","advanced_seo_description":"","jetpack_seo_html_title":"","jetpack_seo_noindex":false,"jetpack_post_was_ever_published":false,"footnotes":""},"categories":[13],"tags":[335,563,1425,946,1424,345],"class_list":["post-11246","post","type-post","status-publish","format-standard","has-post-thumbnail","hentry","category-frieden-antifaschismus-solidaritaet","tag-frieden","tag-menschenrechte","tag-multilateralismus","tag-un-charta","tag-unilateralismus","tag-voelkerrecht"],"jetpack_featured_media_url":"https:\/\/i0.wp.com\/www.freidenker.org\/fw17\/wp-content\/uploads\/2021\/09\/GoF_UN-Charta_wappen_800x445.jpg?fit=800%2C445&ssl=1","jetpack_shortlink":"https:\/\/wp.me\/p9stpK-2Vo","jetpack-related-posts":[{"id":16989,"url":"https:\/\/www.freidenker.org\/?p=16989","url_meta":{"origin":11246,"position":0},"title":"Petition: Frieden schaffen ohne Waffen!","author":"Webredaktion","date":"19. September 2023","format":false,"excerpt":"Mitglieder und Freunde des Deutschen Freidenker-Verbandes sammeln Unterschriften f\u00fcr eine Petition, die wir nachfolgend dokumentieren. Einhaltung des Friedensgebots laut Grundgesetz und 2+4-Vertrag im Hinblick auf die Ukraine vom 02.07.2023 Text der Petition: Frieden schaffen ohne Waffen! Mit der Petition wird gefordert, der Deutsche Bundestag m\u00f6ge die Bundesregierung auffordern, das Friedensgebot,\u2026","rel":"","context":"In &quot;Frieden - Antifaschismus - Solidarit\u00e4t&quot;","block_context":{"text":"Frieden - Antifaschismus - Solidarit\u00e4t","link":"https:\/\/www.freidenker.org\/?cat=13"},"img":{"alt_text":"","src":"https:\/\/i0.wp.com\/www.freidenker.org\/fw17\/wp-content\/uploads\/2023\/09\/Adler_Tauben_800x450.jpg?fit=800%2C450&ssl=1&resize=350%2C200","width":350,"height":200,"srcset":"https:\/\/i0.wp.com\/www.freidenker.org\/fw17\/wp-content\/uploads\/2023\/09\/Adler_Tauben_800x450.jpg?fit=800%2C450&ssl=1&resize=350%2C200 1x, https:\/\/i0.wp.com\/www.freidenker.org\/fw17\/wp-content\/uploads\/2023\/09\/Adler_Tauben_800x450.jpg?fit=800%2C450&ssl=1&resize=525%2C300 1.5x, https:\/\/i0.wp.com\/www.freidenker.org\/fw17\/wp-content\/uploads\/2023\/09\/Adler_Tauben_800x450.jpg?fit=800%2C450&ssl=1&resize=700%2C400 2x"},"classes":[]},{"id":24124,"url":"https:\/\/www.freidenker.org\/?p=24124","url_meta":{"origin":11246,"position":1},"title":"Alles wie gehabt: USA mit M\u00f6rder-Pr\u00e4sident an der Spitze","author":"Webredaktion","date":"3. Januar 2026","format":false,"excerpt":"Erkl\u00e4rung des Deutschen Freidenker-Verbandes, Kommuniqu\u00e9 der Regierung Venezuelas zur US-Aggression und Erkl\u00e4rung der Antiimperialistischen Koordination (AIK) Der Deutsche Freidenker-Verband verurteilt den v\u00f6lkerrechtswidrigen Angriffskrieg der USA gegen das souver\u00e4ne und freiheitsliebende Venezuela. Das Kidnapping des gew\u00e4hlten Pr\u00e4sidenten der Bolivarischen Republik Nicol\u00e1s Maduro ist ein krimineller Piratenakt. Der Einsatz brutaler milit\u00e4rischer Gewalt\u2026","rel":"","context":"In &quot;Frieden - Antifaschismus - Solidarit\u00e4t&quot;","block_context":{"text":"Frieden - Antifaschismus - Solidarit\u00e4t","link":"https:\/\/www.freidenker.org\/?cat=13"},"img":{"alt_text":"","src":"https:\/\/i0.wp.com\/www.freidenker.org\/fw17\/wp-content\/uploads\/2026\/01\/angriff_auf_venezuela_02_800x450.jpg?fit=800%2C450&ssl=1&resize=350%2C200","width":350,"height":200,"srcset":"https:\/\/i0.wp.com\/www.freidenker.org\/fw17\/wp-content\/uploads\/2026\/01\/angriff_auf_venezuela_02_800x450.jpg?fit=800%2C450&ssl=1&resize=350%2C200 1x, https:\/\/i0.wp.com\/www.freidenker.org\/fw17\/wp-content\/uploads\/2026\/01\/angriff_auf_venezuela_02_800x450.jpg?fit=800%2C450&ssl=1&resize=525%2C300 1.5x, https:\/\/i0.wp.com\/www.freidenker.org\/fw17\/wp-content\/uploads\/2026\/01\/angriff_auf_venezuela_02_800x450.jpg?fit=800%2C450&ssl=1&resize=700%2C400 2x"},"classes":[]},{"id":7,"url":"https:\/\/www.freidenker.org\/?p=7","url_meta":{"origin":11246,"position":2},"title":"F\u00fcr Moral im Hochschulwesen","author":"Webmaster","date":"3. M\u00e4rz 2011","format":false,"excerpt":"Beitrag von Klaus Hartmann W\u00e4hrend in diesen Tagen deutsche Akademiker die strikte Einhaltung der Standards wissenschaftlichen Arbeitens einfordern, und ein zu Guttenberg, der mit geklauten Textstellen in seiner Doktorarbeit gegen die akademische Moral versto\u00dfen hat, als Chef der deutschen Interventionsarmee unhaltbar geworden ist, muss in diesem Zusammenhang auf Fragen von\u2026","rel":"","context":"In &quot;Frieden - Antifaschismus - Solidarit\u00e4t&quot;","block_context":{"text":"Frieden - Antifaschismus - Solidarit\u00e4t","link":"https:\/\/www.freidenker.org\/?cat=13"},"img":{"alt_text":"","src":"https:\/\/i0.wp.com\/www.freidenker.org\/fw17\/wp-content\/uploads\/2016\/05\/Uni.jpg?fit=800%2C445&ssl=1&resize=350%2C200","width":350,"height":200,"srcset":"https:\/\/i0.wp.com\/www.freidenker.org\/fw17\/wp-content\/uploads\/2016\/05\/Uni.jpg?fit=800%2C445&ssl=1&resize=350%2C200 1x, https:\/\/i0.wp.com\/www.freidenker.org\/fw17\/wp-content\/uploads\/2016\/05\/Uni.jpg?fit=800%2C445&ssl=1&resize=525%2C300 1.5x, https:\/\/i0.wp.com\/www.freidenker.org\/fw17\/wp-content\/uploads\/2016\/05\/Uni.jpg?fit=800%2C445&ssl=1&resize=700%2C400 2x"},"classes":[]},{"id":12870,"url":"https:\/\/www.freidenker.org\/?p=12870","url_meta":{"origin":11246,"position":3},"title":"Frieden statt Kriegshetze!","author":"Webredaktion","date":"19. April 2022","format":false,"excerpt":"Erkl\u00e4rung des Bundesverbands Arbeiterfotografie zu Russlands Vorgehen in der Ukraine, April 2022 Seit dem 24. Februar 2022 ist zu der weltweiten Ersch\u00fctterung durch das Corona-Geschehen eine weitere gro\u00dfe Bedrohung hinzugekommen \u2013 die Gefahr eines von der Ukraine ausgehenden zerst\u00f6rerischen Fl\u00e4chenbrandes. Es ist, als h\u00e4tte der Westen auf diese Situation lange\u2026","rel":"","context":"In &quot;Frieden - Antifaschismus - Solidarit\u00e4t&quot;","block_context":{"text":"Frieden - Antifaschismus - Solidarit\u00e4t","link":"https:\/\/www.freidenker.org\/?cat=13"},"img":{"alt_text":"","src":"https:\/\/i0.wp.com\/www.freidenker.org\/fw17\/wp-content\/uploads\/2022\/04\/AF-Erklaerung-Ukraine_v2_800x448.jpg?fit=800%2C449&ssl=1&resize=350%2C200","width":350,"height":200,"srcset":"https:\/\/i0.wp.com\/www.freidenker.org\/fw17\/wp-content\/uploads\/2022\/04\/AF-Erklaerung-Ukraine_v2_800x448.jpg?fit=800%2C449&ssl=1&resize=350%2C200 1x, https:\/\/i0.wp.com\/www.freidenker.org\/fw17\/wp-content\/uploads\/2022\/04\/AF-Erklaerung-Ukraine_v2_800x448.jpg?fit=800%2C449&ssl=1&resize=525%2C300 1.5x, https:\/\/i0.wp.com\/www.freidenker.org\/fw17\/wp-content\/uploads\/2022\/04\/AF-Erklaerung-Ukraine_v2_800x448.jpg?fit=800%2C449&ssl=1&resize=700%2C400 2x"},"classes":[]},{"id":17054,"url":"https:\/\/www.freidenker.org\/?p=17054","url_meta":{"origin":11246,"position":4},"title":"Die Grundsatzrede des russischen Au\u00dfenministers Lawrow im UN-Sicherheitsrat im O-Ton","author":"Webredaktion","date":"23. September 2023","format":false,"excerpt":"Beitrag von Anti-Spiegel (d.i. Thomas R\u00f6per) Die Rede, die Au\u00dfenminister Lawrow im UN-Sicherheitsrat gehalten hat, d\u00fcrfte eine der wichtigsten Reden der letzten Zeit gewesen sein, denn er hat den russischen Standpunkt zur Ukraine-Krise, zum V\u00f6lkerrecht und zum Verhalten des US-gef\u00fchrten Westens im Detail dargelegt. Die Rede zeigt \u00fcbrigens auch den\u2026","rel":"","context":"In &quot;Demokratie \u2013 Medien \u2013 Aufkl\u00e4rung&quot;","block_context":{"text":"Demokratie \u2013 Medien \u2013 Aufkl\u00e4rung","link":"https:\/\/www.freidenker.org\/?cat=12"},"img":{"alt_text":"","src":"https:\/\/i0.wp.com\/www.freidenker.org\/fw17\/wp-content\/uploads\/2023\/09\/Lawrow_VVS35286_800x450.jpg?fit=800%2C450&ssl=1&resize=350%2C200","width":350,"height":200,"srcset":"https:\/\/i0.wp.com\/www.freidenker.org\/fw17\/wp-content\/uploads\/2023\/09\/Lawrow_VVS35286_800x450.jpg?fit=800%2C450&ssl=1&resize=350%2C200 1x, https:\/\/i0.wp.com\/www.freidenker.org\/fw17\/wp-content\/uploads\/2023\/09\/Lawrow_VVS35286_800x450.jpg?fit=800%2C450&ssl=1&resize=525%2C300 1.5x, https:\/\/i0.wp.com\/www.freidenker.org\/fw17\/wp-content\/uploads\/2023\/09\/Lawrow_VVS35286_800x450.jpg?fit=800%2C450&ssl=1&resize=700%2C400 2x"},"classes":[]},{"id":12505,"url":"https:\/\/www.freidenker.org\/?p=12505","url_meta":{"origin":11246,"position":5},"title":"An der US-Friedensbewegung sollte sich die deutsche ein Beispiel nehmen","author":"Webredaktion","date":"28. M\u00e4rz 2022","format":false,"excerpt":"Erkl\u00e4rung des US-Friedensrats zur Milit\u00e4rintervention Russlands in der Ukraine Was wir alle nicht gehofft hatten, ist eingetreten.\u00a0Die Russische F\u00f6deration hat am 24. Februar Truppen in die Ukraine entsandt, als Reaktion auf die jahrzehntelange unerbittliche US-gef\u00fchrte Nato-Provokation.\u00a0Die gegenw\u00e4rtige Situation stellt die globale Friedensbewegung vor viele ernsthafte, grundlegende Fragen. Eine heftige Propagandakampagne,\u2026","rel":"","context":"In &quot;Frieden - Antifaschismus - Solidarit\u00e4t&quot;","block_context":{"text":"Frieden - Antifaschismus - Solidarit\u00e4t","link":"https:\/\/www.freidenker.org\/?cat=13"},"img":{"alt_text":"","src":"https:\/\/i0.wp.com\/www.freidenker.org\/fw17\/wp-content\/uploads\/2022\/03\/us_peace_council.jpg?fit=800%2C450&ssl=1&resize=350%2C200","width":350,"height":200,"srcset":"https:\/\/i0.wp.com\/www.freidenker.org\/fw17\/wp-content\/uploads\/2022\/03\/us_peace_council.jpg?fit=800%2C450&ssl=1&resize=350%2C200 1x, https:\/\/i0.wp.com\/www.freidenker.org\/fw17\/wp-content\/uploads\/2022\/03\/us_peace_council.jpg?fit=800%2C450&ssl=1&resize=525%2C300 1.5x, https:\/\/i0.wp.com\/www.freidenker.org\/fw17\/wp-content\/uploads\/2022\/03\/us_peace_council.jpg?fit=800%2C450&ssl=1&resize=700%2C400 2x"},"classes":[]}],"_links":{"self":[{"href":"https:\/\/www.freidenker.org\/index.php?rest_route=\/wp\/v2\/posts\/11246","targetHints":{"allow":["GET"]}}],"collection":[{"href":"https:\/\/www.freidenker.org\/index.php?rest_route=\/wp\/v2\/posts"}],"about":[{"href":"https:\/\/www.freidenker.org\/index.php?rest_route=\/wp\/v2\/types\/post"}],"author":[{"embeddable":true,"href":"https:\/\/www.freidenker.org\/index.php?rest_route=\/wp\/v2\/users\/3"}],"replies":[{"embeddable":true,"href":"https:\/\/www.freidenker.org\/index.php?rest_route=%2Fwp%2Fv2%2Fcomments&post=11246"}],"version-history":[{"count":0,"href":"https:\/\/www.freidenker.org\/index.php?rest_route=\/wp\/v2\/posts\/11246\/revisions"}],"wp:featuredmedia":[{"embeddable":true,"href":"https:\/\/www.freidenker.org\/index.php?rest_route=\/wp\/v2\/media\/11251"}],"wp:attachment":[{"href":"https:\/\/www.freidenker.org\/index.php?rest_route=%2Fwp%2Fv2%2Fmedia&parent=11246"}],"wp:term":[{"taxonomy":"category","embeddable":true,"href":"https:\/\/www.freidenker.org\/index.php?rest_route=%2Fwp%2Fv2%2Fcategories&post=11246"},{"taxonomy":"post_tag","embeddable":true,"href":"https:\/\/www.freidenker.org\/index.php?rest_route=%2Fwp%2Fv2%2Ftags&post=11246"}],"curies":[{"name":"wp","href":"https:\/\/api.w.org\/{rel}","templated":true}]}}