{"id":11202,"date":"2021-09-18T01:54:37","date_gmt":"2021-09-17T23:54:37","guid":{"rendered":"https:\/\/www.freidenker.org\/?p=11202"},"modified":"2021-10-11T20:59:32","modified_gmt":"2021-10-11T18:59:32","slug":"kriegsparteien-sind-nicht-waehlbar-weil-sie-eine-gefahr-fuer-den-frieden-sind","status":"publish","type":"post","link":"https:\/\/www.freidenker.org\/?p=11202","title":{"rendered":"Kriegsparteien sind nicht w\u00e4hlbar, weil sie eine Gefahr f\u00fcr den Frieden sind!"},"content":{"rendered":"<p><em><span style=\"color: #000000;\">Standpunkt der <\/span><span style=\"color: #000000;\"><strong>Initiative Kein Milit\u00e4r mehr! &#8211; Westf\u00e4lische Friedensinitiative<\/strong>, Hannover &#8211; M\u00fcnster\/Westf<\/span>.<\/em><\/p>\n<p><span style=\"font-size: 10pt;\">Erstver\u00f6ffentlichung per Mail am 31.08.2021<\/span><\/p>\n<p><span style=\"color: #000000;\">Wer eine Zukunft ohne Krieg und ohne Wettr\u00fcsten will, muss andere als die etablierten Parteien w\u00e4hlen. Denn diese sind immer mehr zum Selbstbedienungsobjekt von Macht- und Geldgierigen geworden, die zwar viel versprechen aber<strong>\u00a0 a l l e\u00a0<\/strong>\u00a0Lehren aus zwei Weltkriegen vergessen haben.\u00a0<\/span><\/p>\n<p><span style=\"color: #000000;\">Nicht nur der erste deutsche Bundeskanzler Konrad Adenauer, der\u00a0stolz darauf war nie Soldat gewesen zu sein,\u00a0gelobte alles zu tun um das Zeitalter der Gewalt zu beenden. Auch Millionen B\u00fcrger*innen haben kein Milit\u00e4r und keinen Krieg immer wieder versprochen bekommen aber konnten das nie durch Wahlen realisieren.\u00a0<\/span><\/p>\n<p style=\"padding-left: 40px;\"><span style=\"color: #000000;\"><strong>\u00a0Anders zu w\u00e4hlen ist m\u00f6glich.\u00a0<\/strong><\/span><\/p>\n<p><span style=\"color: #000000;\">Heute, nachdem unz\u00e4hlige Milliarden f\u00fcr R\u00fcstung und Milit\u00e4r ausgegeben worden sind, wird immer noch weiter ger\u00fcstet. Obwohl zwanzig Jahre erfolgloser Krieg in Afghanistan und anderen L\u00e4ndern zeigen, wie sinnlos sogar moderne Kriege sind. Gegenw\u00e4rtig sind alle im Bundestag vertretenen Parteien zur R\u00fcckbesinnung auf unsere Nachkriegsgel\u00f6bnisse nicht bereit. Sondern haben lt. isw (sozial-\u00f6kologisches Wirtschaftsinstitut e.V.) in 2020 unglaubliche\u00a0<strong>\u00a0<\/strong><strong>5 2 , 8\u00a0 M i l l i a r d e n\u00a0 D o l l a r<\/strong>\u00a0\u00a0f\u00fcr R\u00fcstung ausgegeben, statt daf\u00fcr Corona-Luftreinigungsger\u00e4te anzuschaffen.\u00a0<a href=\"https:\/\/www.isw-muenchen.de\/2021\/05\/welt-militaerausgaben-2020-welt-im-waffen-wahn\/?output=pdf\" target=\"_blank\" rel=\"noopener\">https:\/\/www.isw-muenchen.de\/2021\/05\/welt-militaerausgaben-2020-welt-im-waffen-wahn\/?output=pdf<\/a><\/span><\/p>\n<p><span style=\"color: #000000;\">Zwar haben die Gr\u00fcnen noch 1990 Parteitage mit dem Motto &#8222;BRD braucht keine Armee&#8220; abgehalten und waren fast soweit die Umwandlung Deutschlands in einem entmilitarisierten Staat zu fordern, doch weder von ihnen noch aus der Friedensbewegung heraus wurde die bedeutsame Forderung auch von Professor Andrej Sacharow aufgegriffen, der vorschlug West-Europa zu entmilitarisieren, \u00e4hnlich wie es auch Ex-Natogeneral Schm\u00fcckle 1990 im Nachrichtenmagazin SPIEGEL tat.<br \/>\n<\/span><\/p>\n<p><span style=\"color: #000000;\">Stattdessen haben die Gr\u00fcnen 1999 als sie in Regierungsmitverantwortung waren dem sp\u00e4ter f\u00fcr v\u00f6lkerrechtswidrig\u00a0 erkl\u00e4rten Nato-Krieg im Kosovo an der Seite der SPD zugestimmt. Ebenso haben diese der\u00a0<\/span><span style=\"color: #000000;\">deutschen Beteiligung am Afghanistankrieg zugestimmt und deshalb auch die verheerenden Folgen mit zu verantworten. (s. Die \u00c4ra der Straflosigkeit\u00a0<\/span><a href=\"https:\/\/www.german-foreign-policy.com\/news\/detail\/8687\">https:\/\/www.german-foreign-policy.com\/news\/detail\/8687<\/a>)<\/p>\n<p><span style=\"color: #000000;\">Es ist an der Zeit daran zu erinnern und jetzt zu widersprechen, wo auch die Gr\u00fcnen in us-politischer Gefolgschaft die milit\u00e4rische Konfrontation zu Russland und zu China guthei\u00dfen.<br \/>\n<\/span><\/p>\n<p><span style=\"color: #000000;\"><strong>Die verheerenden Ergebnisse zwanzigj\u00e4hriger Besatzung\u00a0und des Krieges in Afghanistan sind\u00a0 der<\/strong><strong>\u00a0Beweis f\u00fcr die Unf\u00e4higkeit auch der deutschen Regierung und ihrer derzeitigen Pseudo-Opposition, neben ihren zunehmend undemokratischen wie kriminellen Corona-Widerspr\u00fcchen und \u00dcberwachungsabsichten<\/strong><strong>, eine verantwortungsvolle Politik f\u00fcr die Zukunft zu machen.\u00a0<\/strong><\/span><\/p>\n<p><span style=\"color: #000000;\">R\u00fcstungskonzern Thales erl\u00e4utert strategischen Zweck der Impfprivilegien und -p\u00e4sse,\u00a0von Dr. Norbert H\u00e4ring.\u00a0<\/span><a href=\"https:\/\/www.cashkurs.com\/hintergrundinfos\/beitrag\/ruestungskonzern-thales-erlaeutert-strategischen-zweck-der-impfprivilegien-und-paesse\" target=\"_blank\" rel=\"noopener\">https:\/\/www.cashkurs.com\/hintergrundinfos\/beitrag\/ruestungskonzern-thales-erlaeutert-strategischen-zweck-der-impfprivilegien-und-paesse<\/a><\/p>\n<p style=\"padding-left: 40px;\"><span style=\"color: #000000;\"><strong>Nur Kooperation statt Konfrontation ist eine Garantie f\u00fcr den Frieden.\u00a0<\/strong><\/span><\/p>\n<p><span style=\"color: #000000;\">Nach Afghanistan haben wir jetzt erneut die Chance Lehren daraus und aus zwei Weltkriegen zu ziehen um\u00a0 politische Parteien abzuw\u00e4hlen, die weiter auf milit\u00e4rische Konfrontation setzen, statt den &#8222;kompletten&#8220; Austritt Deutschlands aus den politisch\/milit\u00e4rischen Strukturen aller Milit\u00e4rb\u00fcndnisse zu fordern und das Truppenstatut aufzuk\u00fcndigen.<br \/>\n<\/span><\/p>\n<p><span style=\"color: #000000;\">Nach den illegalen Finanzgesch\u00e4ften der Bundesregierung, wie den Cum-Ex-Gesch\u00e4ften 55,2 Mrd., Wirecard 1,9 Mrd. Luftbuchungen, Mautskandal 1 Mrd. nicht zuvor bewilligt, vertuschten Beratervertr\u00e4gen des\u00a0 Verteidigungsministerium (BWI) Rahmenvertrag f\u00fcr 4 Jahre \u00fcber 390 Millionen Euro sowie Fehleinsch\u00e4tzungen zu Corona-Impfstoffen und die Demokratie einschr\u00e4nkenden Ma\u00dfnahmen:\u00a0<\/span><\/p>\n<p><span style=\"color: #000000;\">Die Uni-Duisburg-Essen hat rund 190.000 PCR-Tests ausgewertet. Die Ergebnisse allein sind ungeeignet als Grund f\u00fcr Pandemiema\u00dfnahmen. <\/span><a href=\"https:\/\/www.presseportal.de\/pm\/62259\/4945425\">https:\/\/www.presseportal.de\/pm\/62259\/4945425<\/a><\/p>\n<p><span style=\"color: #000000;\">Im Gegensatz zu den L\u00fcgen der Pharmaindustrie belegen die Zahlen des Statistischen Bundesamtes, wie die Studien der Universit\u00e4t, dass es keine pandemiebedingte \u00dcbersterblichkeit gibt.<\/span><\/p>\n<p><span style=\"color: #000000;\">\u00a0<\/span><span style=\"color: #000000;\"><strong>Diese Politik darf nicht fortgesetzt werden, diese Parteien d\u00fcrfen an keiner neuen Regierung beteiligt sein!<\/strong><\/span><\/p>\n<p><span style=\"color: #000000;\"><strong>Nur mit Volksentscheiden auf allen Ebenen\u00a0und mit mehr Direktkandidat*innen, kommen wir in die Lage eine zukunftsf\u00e4higere Politik zu gestalten, statt immer wieder\u00a0an Fraktionszw\u00e4ngen zu scheitern.<\/strong><\/span><\/p>\n<p style=\"text-align: right;\"><em><span style=\"color: #000000;\">V.i.S.d.P.\u00a0<\/span><span style=\"color: #000000;\"><strong>Initiative Kein Milit\u00e4r mehr! &#8211; Westf\u00e4lische Friedensinitiative<\/strong>, Hannover &#8211; M\u00fcnster\/Westf<\/span>.<\/em><\/p>\n<p align=\"left\"><span style=\"color: #c90016;\">\u00a0<span style=\"color: #000000; font-size: 10pt;\">Am 09.09.2021 auch ver\u00f6ffentlicht auf:<\/span><\/span><span style=\"font-size: 10pt;\"><span style=\"color: #c90016;\">\u00a0<a href=\"https:\/\/www.kein-militaer-mehr.de\/10\/aktuelles.html\">https:\/\/www.kein-militaer-mehr.de\/10\/aktuelles.html<\/a>\u00a0<\/span>\u00a0<\/span><\/p>\n<hr \/>\n<p align=\"left\"><span style=\"font-size: 10pt;\">Bild: Collage von Ralf Lux, unter Verwendung von:<\/span><br \/>\n<span style=\"font-size: 10pt;\">Wahlzettel: <a href=\"https:\/\/pixabay.com\/de\/photos\/schreiben-papier-nein-abstimmen-3199639\/\" target=\"_blank\" rel=\"noopener\">pixabay.com<\/a> \/ <a class=\"hover_opacity\" href=\"https:\/\/pixabay.com\/de\/users\/analogicus-8164369\/\">analogicus<\/a> \/ <a href=\"https:\/\/pixabay.com\/de\/service\/license\/\">Pixabay License<\/a><\/span><\/p>\n<p align=\"left\">\n","protected":false},"excerpt":{"rendered":"<p><b>Standpunkt der Initiative Kein Milit\u00e4r mehr! &#8211; Westf\u00e4lische Friedensinitiative, Hannover &#8211; M\u00fcnster\/Westf.<\/b><br \/>\nWer eine Zukunft ohne Krieg und ohne Wettr\u00fcsten will, muss andere als die etablierten Parteien w\u00e4hlen. Denn diese sind immer mehr zum Selbstbedienungsobjekt von Macht- und Geldgierigen geworden, die zwar viel versprechen aber\u00a0 alle\u00a0\u00a0Lehren aus zwei Weltkriegen vergessen haben.\u00a0Nicht nur der erste deutsche Bundeskanzler Konrad Adenauer, der\u00a0stolz darauf war nie Soldat gewesen zu sein,\u00a0gelobte alles zu tun um das Zeitalter der Gewalt zu beenden. Auch Millionen B\u00fcrger*innen haben kein Milit\u00e4r und keinen Krieg immer wieder versprochen bekommen aber konnten das nie durch Wahlen realisieren.\u00a0<\/p>\n","protected":false},"author":3,"featured_media":11206,"comment_status":"closed","ping_status":"closed","sticky":false,"template":"","format":"standard","meta":{"colormag_page_container_layout":"default_layout","colormag_page_sidebar_layout":"default_layout","advanced_seo_description":"","jetpack_seo_html_title":"","jetpack_seo_noindex":false,"jetpack_post_was_ever_published":false,"footnotes":""},"categories":[13],"tags":[823,477,162,188,422,1313,1212],"class_list":["post-11202","post","type-post","status-publish","format-standard","has-post-thumbnail","hentry","category-frieden-antifaschismus-solidaritaet","tag-afghanistan","tag-bundestag","tag-demokratie","tag-krieg","tag-ruestung","tag-wahlen","tag-zukunft"],"jetpack_featured_media_url":"https:\/\/i0.wp.com\/www.freidenker.org\/fw17\/wp-content\/uploads\/2021\/09\/keine_kriegsparteien_800x450.jpg?fit=800%2C450&ssl=1","jetpack_shortlink":"https:\/\/wp.me\/p9stpK-2UG","jetpack-related-posts":[{"id":8600,"url":"https:\/\/www.freidenker.org\/?p=8600","url_meta":{"origin":11202,"position":0},"title":"Auf die Stra\u00dfe &#8211; gegen die Mobilmachung gen Osten!","author":"Webredaktion","date":"15. September 2020","format":false,"excerpt":"Rede von Liane Kilinc f\u00fcr die Initiative \u201eKein Aufmarschgebiet gegen Russland\u201c bei der Demonstration und Menschenkette der Kampagne \u201eStopp Air Base Ramstein\u201c, die f\u00fcr den 26.9.2020 in Berlin geplant war. ... Wir wundern uns, so wenige zu sein, dabei ist es doch schon seit Jahren nicht mehr m\u00f6glich, eine Zeitung\u2026","rel":"","context":"In &quot;Frieden - Antifaschismus - Solidarit\u00e4t&quot;","block_context":{"text":"Frieden - Antifaschismus - Solidarit\u00e4t","link":"https:\/\/www.freidenker.org\/?cat=13"},"img":{"alt_text":"","src":"https:\/\/i0.wp.com\/www.freidenker.org\/fw17\/wp-content\/uploads\/2020\/09\/friedenstaube-4241708_mLogo_800x450.jpg?fit=800%2C450&ssl=1&resize=350%2C200","width":350,"height":200,"srcset":"https:\/\/i0.wp.com\/www.freidenker.org\/fw17\/wp-content\/uploads\/2020\/09\/friedenstaube-4241708_mLogo_800x450.jpg?fit=800%2C450&ssl=1&resize=350%2C200 1x, https:\/\/i0.wp.com\/www.freidenker.org\/fw17\/wp-content\/uploads\/2020\/09\/friedenstaube-4241708_mLogo_800x450.jpg?fit=800%2C450&ssl=1&resize=525%2C300 1.5x, https:\/\/i0.wp.com\/www.freidenker.org\/fw17\/wp-content\/uploads\/2020\/09\/friedenstaube-4241708_mLogo_800x450.jpg?fit=800%2C450&ssl=1&resize=700%2C400 2x"},"classes":[]},{"id":21305,"url":"https:\/\/www.freidenker.org\/?p=21305","url_meta":{"origin":11202,"position":1},"title":"Elbe-Tag: 80. Jahrestag der Begegnung","author":"Webredaktion","date":"30. M\u00e4rz 2025","format":false,"excerpt":"Demonstration am 26. April 2025 11:30 Uhr Br\u00fcckenkopf Torgau (anschl. 14:30 Uhr - Konzert mit Tino Eisbrenner und Ernesto Schwarz) Kein Ort an der Elbe \u2013 von Hamburg bis Dresden \u2013 hat mit seiner Symbolik am \u00a0Ende des faschistischen Krieges eine bis heute andauernde Aussagekraft und Wahrheit erlangt, die in\u2026","rel":"","context":"In &quot;Frieden - Antifaschismus - Solidarit\u00e4t&quot;","block_context":{"text":"Frieden - Antifaschismus - Solidarit\u00e4t","link":"https:\/\/www.freidenker.org\/?cat=13"},"img":{"alt_text":"","src":"https:\/\/i0.wp.com\/www.freidenker.org\/fw17\/wp-content\/uploads\/2025\/03\/Elbe-Tag_2025_800x450.jpg?fit=800%2C450&ssl=1&resize=350%2C200","width":350,"height":200,"srcset":"https:\/\/i0.wp.com\/www.freidenker.org\/fw17\/wp-content\/uploads\/2025\/03\/Elbe-Tag_2025_800x450.jpg?fit=800%2C450&ssl=1&resize=350%2C200 1x, https:\/\/i0.wp.com\/www.freidenker.org\/fw17\/wp-content\/uploads\/2025\/03\/Elbe-Tag_2025_800x450.jpg?fit=800%2C450&ssl=1&resize=525%2C300 1.5x, https:\/\/i0.wp.com\/www.freidenker.org\/fw17\/wp-content\/uploads\/2025\/03\/Elbe-Tag_2025_800x450.jpg?fit=800%2C450&ssl=1&resize=700%2C400 2x"},"classes":[]},{"id":15565,"url":"https:\/\/www.freidenker.org\/?p=15565","url_meta":{"origin":11202,"position":2},"title":"Keinen Euro f\u00fcr den Krieg","author":"Webredaktion","date":"22. M\u00e4rz 2023","format":false,"excerpt":"Beitrag von R\u00fcdiger Rauls Wenn die Lebensgrundlagen auf dem Treibsand der Ver\u00e4nderung zusammenzubrechen drohen, verst\u00e4rkt sich die Suche nach gesicherten Fundamenten f\u00fcr die Gestaltung der Zukunft. Dabei suchen viele nach L\u00f6sungen bei Denkern und Philosophen vergangener Zeiten. Wieder andere nehmen Anleihen bei Religionen, Sekten, den Glaubenswelten anderer Kulturen oder der\u2026","rel":"","context":"In &quot;Weltanschauung &amp; Philosophie&quot;","block_context":{"text":"Weltanschauung &amp; Philosophie","link":"https:\/\/www.freidenker.org\/?cat=16"},"img":{"alt_text":"","src":"https:\/\/i0.wp.com\/www.freidenker.org\/fw17\/wp-content\/uploads\/2023\/03\/meadow-75050_800x450.jpg?fit=800%2C450&ssl=1&resize=350%2C200","width":350,"height":200,"srcset":"https:\/\/i0.wp.com\/www.freidenker.org\/fw17\/wp-content\/uploads\/2023\/03\/meadow-75050_800x450.jpg?fit=800%2C450&ssl=1&resize=350%2C200 1x, https:\/\/i0.wp.com\/www.freidenker.org\/fw17\/wp-content\/uploads\/2023\/03\/meadow-75050_800x450.jpg?fit=800%2C450&ssl=1&resize=525%2C300 1.5x, https:\/\/i0.wp.com\/www.freidenker.org\/fw17\/wp-content\/uploads\/2023\/03\/meadow-75050_800x450.jpg?fit=800%2C450&ssl=1&resize=700%2C400 2x"},"classes":[]},{"id":14549,"url":"https:\/\/www.freidenker.org\/?p=14549","url_meta":{"origin":11202,"position":3},"title":"Es ist immer noch unsere Raffinerie. Unser Land. Unsere Zukunft.","author":"Webredaktion","date":"31. Oktober 2022","format":false,"excerpt":"Redemanuskript von Liane Kilinc\u00a0f\u00fcr die \"Solidarit\u00e4tskundgebung mit den Besch\u00e4ftigten der PCK-Raffinerie und ihren Familien\" am 29.10.2022 in Schwedt Meine erste Rede hier in Schwedt war Anfang Juli, die zweite Anfang August. Damals war vieles nur eine Bef\u00fcrchtung, was sich inzwischen bewahrheitet hat, und heute ist un\u00fcbersehbar: diese Bundesregierung f\u00fchrt zwei\u2026","rel":"","context":"In &quot;Arbeit &amp; Soziales&quot;","block_context":{"text":"Arbeit &amp; Soziales","link":"https:\/\/www.freidenker.org\/?cat=11"},"img":{"alt_text":"","src":"https:\/\/i0.wp.com\/www.freidenker.org\/fw17\/wp-content\/uploads\/2022\/10\/22-10-29_lk_rede_schwedt_druschba_800x450.jpg?fit=800%2C450&ssl=1&resize=350%2C200","width":350,"height":200,"srcset":"https:\/\/i0.wp.com\/www.freidenker.org\/fw17\/wp-content\/uploads\/2022\/10\/22-10-29_lk_rede_schwedt_druschba_800x450.jpg?fit=800%2C450&ssl=1&resize=350%2C200 1x, https:\/\/i0.wp.com\/www.freidenker.org\/fw17\/wp-content\/uploads\/2022\/10\/22-10-29_lk_rede_schwedt_druschba_800x450.jpg?fit=800%2C450&ssl=1&resize=525%2C300 1.5x, https:\/\/i0.wp.com\/www.freidenker.org\/fw17\/wp-content\/uploads\/2022\/10\/22-10-29_lk_rede_schwedt_druschba_800x450.jpg?fit=800%2C450&ssl=1&resize=700%2C400 2x"},"classes":[]},{"id":14381,"url":"https:\/\/www.freidenker.org\/?p=14381","url_meta":{"origin":11202,"position":4},"title":"Wenn die V\u00f6lker wieder zu reden beginnen","author":"Webredaktion","date":"9. Oktober 2022","format":false,"excerpt":"Redemanuskript von\u00a0Liane Kilinc zur \"Alternativen Einheitsfeier\" am 07.10.2022 in Berlin Wenn man feststellen will, wie es heute um den Frieden in der Welt bestellt ist, muss man erst einmal den Blick gerader\u00fccken. Das f\u00e4llt nicht leicht, denn Tag f\u00fcr Tag werden wir mit Nachrichten bombardiert, die die russische Milit\u00e4roperation in\u2026","rel":"","context":"In &quot;Frieden - Antifaschismus - Solidarit\u00e4t&quot;","block_context":{"text":"Frieden - Antifaschismus - Solidarit\u00e4t","link":"https:\/\/www.freidenker.org\/?cat=13"},"img":{"alt_text":"","src":"https:\/\/i0.wp.com\/www.freidenker.org\/fw17\/wp-content\/uploads\/2022\/10\/Bundesarchiv_Bild_183-L1102-0040_Rostock_MS_-Voelkerfreundschaft-_im_Hafen_800x450.jpg?fit=800%2C450&ssl=1&resize=350%2C200","width":350,"height":200,"srcset":"https:\/\/i0.wp.com\/www.freidenker.org\/fw17\/wp-content\/uploads\/2022\/10\/Bundesarchiv_Bild_183-L1102-0040_Rostock_MS_-Voelkerfreundschaft-_im_Hafen_800x450.jpg?fit=800%2C450&ssl=1&resize=350%2C200 1x, https:\/\/i0.wp.com\/www.freidenker.org\/fw17\/wp-content\/uploads\/2022\/10\/Bundesarchiv_Bild_183-L1102-0040_Rostock_MS_-Voelkerfreundschaft-_im_Hafen_800x450.jpg?fit=800%2C450&ssl=1&resize=525%2C300 1.5x, https:\/\/i0.wp.com\/www.freidenker.org\/fw17\/wp-content\/uploads\/2022\/10\/Bundesarchiv_Bild_183-L1102-0040_Rostock_MS_-Voelkerfreundschaft-_im_Hafen_800x450.jpg?fit=800%2C450&ssl=1&resize=700%2C400 2x"},"classes":[]},{"id":10043,"url":"https:\/\/www.freidenker.org\/?p=10043","url_meta":{"origin":11202,"position":5},"title":"Elbe-Tag in Torgau 2021: Notbremse gegen Kriegstreiber!","author":"Webredaktion","date":"25. April 2021","format":false,"excerpt":"Mehr als 250 Friedensaktivistinnen und -aktivisten, darunter viele Freidenker, versammelten sich am 24. April 2021 in Torgau. 76 Jahre nach der Begegnung von Soldaten der Roten Armee und der US-Army am 25. April 1945 an der Elbe erinnerten sie an den \"Schwur von Torgau\u201c, f\u00fcr eine Welt des Friedens zu\u2026","rel":"","context":"In &quot;Frieden - Antifaschismus - Solidarit\u00e4t&quot;","block_context":{"text":"Frieden - Antifaschismus - Solidarit\u00e4t","link":"https:\/\/www.freidenker.org\/?cat=13"},"img":{"alt_text":"","src":"https:\/\/i0.wp.com\/www.freidenker.org\/fw17\/wp-content\/uploads\/2021\/04\/torgau_2021_v2_800x450.jpg?fit=800%2C450&ssl=1&resize=350%2C200","width":350,"height":200,"srcset":"https:\/\/i0.wp.com\/www.freidenker.org\/fw17\/wp-content\/uploads\/2021\/04\/torgau_2021_v2_800x450.jpg?fit=800%2C450&ssl=1&resize=350%2C200 1x, https:\/\/i0.wp.com\/www.freidenker.org\/fw17\/wp-content\/uploads\/2021\/04\/torgau_2021_v2_800x450.jpg?fit=800%2C450&ssl=1&resize=525%2C300 1.5x, https:\/\/i0.wp.com\/www.freidenker.org\/fw17\/wp-content\/uploads\/2021\/04\/torgau_2021_v2_800x450.jpg?fit=800%2C450&ssl=1&resize=700%2C400 2x"},"classes":[]}],"_links":{"self":[{"href":"https:\/\/www.freidenker.org\/index.php?rest_route=\/wp\/v2\/posts\/11202","targetHints":{"allow":["GET"]}}],"collection":[{"href":"https:\/\/www.freidenker.org\/index.php?rest_route=\/wp\/v2\/posts"}],"about":[{"href":"https:\/\/www.freidenker.org\/index.php?rest_route=\/wp\/v2\/types\/post"}],"author":[{"embeddable":true,"href":"https:\/\/www.freidenker.org\/index.php?rest_route=\/wp\/v2\/users\/3"}],"replies":[{"embeddable":true,"href":"https:\/\/www.freidenker.org\/index.php?rest_route=%2Fwp%2Fv2%2Fcomments&post=11202"}],"version-history":[{"count":0,"href":"https:\/\/www.freidenker.org\/index.php?rest_route=\/wp\/v2\/posts\/11202\/revisions"}],"wp:featuredmedia":[{"embeddable":true,"href":"https:\/\/www.freidenker.org\/index.php?rest_route=\/wp\/v2\/media\/11206"}],"wp:attachment":[{"href":"https:\/\/www.freidenker.org\/index.php?rest_route=%2Fwp%2Fv2%2Fmedia&parent=11202"}],"wp:term":[{"taxonomy":"category","embeddable":true,"href":"https:\/\/www.freidenker.org\/index.php?rest_route=%2Fwp%2Fv2%2Fcategories&post=11202"},{"taxonomy":"post_tag","embeddable":true,"href":"https:\/\/www.freidenker.org\/index.php?rest_route=%2Fwp%2Fv2%2Ftags&post=11202"}],"curies":[{"name":"wp","href":"https:\/\/api.w.org\/{rel}","templated":true}]}}