{"id":11189,"date":"2021-09-05T21:41:22","date_gmt":"2021-09-05T19:41:22","guid":{"rendered":"https:\/\/www.freidenker.org\/?p=11189"},"modified":"2021-10-11T20:58:41","modified_gmt":"2021-10-11T18:58:41","slug":"schwangerschaftsabbruch-ist-grundversorgung","status":"publish","type":"post","link":"https:\/\/www.freidenker.org\/?p=11189","title":{"rendered":"Schwangerschaftsabbruch ist Grundversorgung!"},"content":{"rendered":"<h4>150 Jahre \u00a7 218 sind genug! KORSO fordert liberale Regelung<\/h4>\n<p><em><a href=\"https:\/\/www.korso-deutschland.de\/schwangerschaftsabbruch2021\/\" target=\"_blank\" rel=\"noopener\">Wortmeldung<\/a> des\u00a0<strong>Koordinierungsrates s\u00e4kularer Organisationen KORSO e.V.<\/strong> vom 31.08.2021:<\/em><\/p>\n<p><strong>Seit 150 Jahren k\u00e4mpfen Frauen nun schon gegen das Verbot und damit gegen die Kriminalisierung des Schwangerschaftsabbruchs. Dies schilderte die Historikerin und Sozialwissenschaftlerin Dr. Gisela Notz, eine der drei geladenen Expertinnen, sehr eindr\u00fccklich bei der Online-Themenwerkstatt des KORSO am 20. August vor fast 30 Interessierten aus dem s\u00e4kularen Spektrum.<\/strong><\/p>\n<p>Der <em>KORSO<\/em> hat sich entschlossen, dem <em>B\u00fcndnis f\u00fcr sexuelle Selbstbestimmung<\/em><sup>[1]<\/sup> beizutreten und diesen Schritt auch seinen Mitgliedsorganisationen zu empfehlen. Das B\u00fcndnis fordert die Entkriminalisierung des Schwangerschaftsabbruchs. Konkret bedeutet das die Streichung der \u00a7 218 ff aus dem Strafgesetzbuch<sup>[2]<\/sup>, insbesondere die Abschaffung der Pflichtberatung und der Wartezeit. Ebenso ist der \u00a7 219a ersatzlos zu streichen, der es \u00c4rztinnen und \u00c4rzten untersagt, Informationen zum Schwangerschaftsabbruch bereitzustellen. Ein kostenloses und \u00f6ffentlich finanziertes, freiwilliges Beratungsangebot muss jedoch nach Ansicht des B\u00fcndnisses erhalten bleiben.<\/p>\n<p>Die <strong><em>Entkriminalisierung und Entstigmatisierung des Schwangerschaftsabbruchs<\/em><\/strong> sind Voraussetzung f\u00fcr die Bereitschaft seitens der \u00c4rztinnen und \u00c4rzte, Schwangerschaftsabbr\u00fcche durchzuf\u00fchren. Nur so kann der zunehmenden Verschlechterung der Versorgungslage entgegengewirkt werden. Zudem muss die Praxis des Schwangerschaftsabbruchs in den <strong><em>Lehrplan des Medizinstudiums<\/em><\/strong> sowie in die Facharztausbildung und die Weiterbildung von \u00c4rztinnen und \u00c4rzten aufgenommen werden. Die <strong><em>fl\u00e4chendeckende Versorgung mit kostenlosen Zugangsm\u00f6glichkeiten zu Beratungsangeboten und Schwangerschaftsabbruch<\/em><\/strong> und die dazu n\u00f6tige <strong><em>Aufnahme in den Leistungskatalog der Krankenkassen<\/em><\/strong> sind damit verbundene Forderungen. Dazu geh\u00f6ren auch Aufkl\u00e4rung, die kostenlose Beratung \u00fcber Verh\u00fctungsmittel und Sicherstellung des Zugangs zu modernen Verh\u00fctungsmitteln. Die konsequente Entwicklung und Durchf\u00fchrung von Ma\u00dfnahmen <em><strong>gegen<\/strong> <\/em>sog. \u201eGehsteigberatungen<sup>[3]<\/sup>\u201c und Bel\u00e4stigungen vor Praxen und Beratungsstellen durch Abtreibungsgegner ist ein unverzichtbarer Beitrag, den L\u00e4nder und Kommunen leisten m\u00fcssen, um Schwangere, Beratungsstellen und Praxen zu sch\u00fctzen.<\/p>\n<p>Mit der Ratifizierung der <strong><em>Frauenrechtskonvention<\/em><\/strong> hat die Bundesrepublik Deutschland sich <strong><em>1985<\/em><\/strong> u.a. zur Sicherstellung reproduktiver Rechte verpflichtet. Mehrmals wurde die Bundesregierung bereits durch das Staatenberichtsverfahren aufgefordert, Verbesserungen im Bereich der reproduktiven Rechte vorzunehmen, z. B. die Beratungspflicht und die 3-t\u00e4gige Wartefrist vor einem Schwangerschaftsabbruch abzuschaffen. Wie der 9. Staatenbericht<sup>[4]<\/sup> zeigt, hat die Bundesregierung diese Forderungen erneut ignoriert.<\/p>\n<p><strong>Der KORSO unterst\u00fctzt den <em>Safe Abortion Da<\/em>y am 28. September und ruft seine Mitgliedsorganisationen dazu auf, sich <\/strong><strong>mit eigenen Aktionen vor Ort oder im Zusammenschluss mit bereits vorhandenen Initiativen zu beteiligen. <\/strong>Ein laufend aktualisierter \u00dcberblick geplanter Aktionen findet sich auf der Aktionsseite:<br \/>\n<a href=\"https:\/\/safeabortionday.noblogs.org\/mach-mit\/\" target=\"_blank\" rel=\"noopener\">https:\/\/safeabortionday.noblogs.org\/mach-mit\/<\/a><\/p>\n<p>Aktionsmaterial steht zur Verf\u00fcgung:<br \/>\n<a href=\"https:\/\/wegmit218.de\/mach-mit\/aktionsmaterial\/\" target=\"_blank\" rel=\"noopener\">https:\/\/wegmit218.de\/mach-mit\/aktionsmaterial\/<\/a><\/p>\n<p>Am 18.09.2021 findet in Berlin eine <a href=\"https:\/\/www.sexuelle-selbstbestimmung.de\/16537\/aktionstag-am-18-09-2021\/\" target=\"_blank\" rel=\"noopener\">Gegenveranstaltung zum \u201eMarsch f\u00fcr das Leben\u201c<\/a> statt.<\/p>\n<p>Auch wenn es vielen nicht bewusst ist, gilt der Schwangerschaftsabbruch auch heute noch als Straftat, auch wenn er unter bestimmten Bedingungen nicht verfolgt wird. Seit der Verurteilung von Kristina H\u00e4nel und weiteren \u00c4rztinnen und \u00c4rzten wegen des Versto\u00dfes gegen das Werbeverbot \u00a7 219a StGB ist das Thema Schwangerschaftsabbruch wieder aktuell und wird \u00f6ffentlich diskutiert. Dr. Ines Scheibe vom B\u00fcndnis f\u00fcr sexuelle Selbstbestimmung erinnerte in ihrem Impulsvortrag am Rande der Online-Themenwerkstatt daran, wie Anfang der 1990er Jahre die Chancen vers\u00e4umt wurden, nach der Wende eine einheitliche Fristenl\u00f6sung f\u00fcr alle Frauen in Deutschland zu verabschieden. Wieder waren es konservative, religi\u00f6se Kr\u00e4fte, die mit Hilfe des Bundesverfassungsgerichts eine Entkriminalisierung des Schwangerschaftsabbruchs verhinderten. Sie machte deutlich, wie wichtig eine gute Beratung f\u00fcr ungewollt Schwangere ist, wenn sie freiwillig in Anspruch genommen werden kann. Nora Sz\u00e1z, Frauen\u00e4rztin aus Kassel, berichtete anschaulich, wie ungewollt Schwangere das langwierige Prozedere rund um den Schwangerschaftsabbruch erleben und wie schwer die Gesetzeslage es \u00c4rztinnen wie ihr macht, die Frauen beim Abbruch gut zu begleiten und zu behandeln.<\/p>\n<p>&nbsp;<\/p>\n<p><strong>Links:<\/strong><\/p>\n<p>[1] <a href=\"https:\/\/www.sexuelle-selbstbestimmung.de\/\" target=\"_blank\" rel=\"noopener\">https:\/\/www.sexuelle-selbstbestimmung.de\/<\/a><\/p>\n<p>[2] <a href=\"https:\/\/wegmit218.de\/\" target=\"_blank\" rel=\"noopener\">https:\/\/wegmit218.de\/<\/a><\/p>\n<p>[3] <a href=\"https:\/\/www.gwi-boell.de\/de\/2021\/05\/05\/moeglichkeiten-gesetz-licher-neuregelungen-im-konfliktfeld-gehsteigbelaestigungen\" target=\"_blank\" rel=\"noopener\">https:\/\/www.gwi-boell.de\/de\/2021\/05\/05\/moeglichkeiten-gesetz-licher-neuregelungen-im-konfliktfeld-gehsteigbelaestigungen<\/a><\/p>\n<p>[4] <a href=\"https:\/\/www.bmfsfj.de\/resource\/blob\/181362\/684a2a98e6aa2486657e25923d60ca47\/neunter-staatenbericht-cedaw-data.pdf\" target=\"_blank\" rel=\"noopener\">https:\/\/www.bmfsfj.de\/resource\/blob\/181362\/684a2a98e6aa2486657e25923d60ca47\/neunter-staatenbericht-cedaw-data.pdf<\/a>, S. 41 ff.<\/p>\n<hr \/>\n<p><em>Die Online-Themenwerkst\u00e4tten des KORSO finden einmal monatlich zu unterschiedlichen Themenfeldern im s\u00e4kularen Spektrum statt. Wer informiert werden m\u00f6chte und teilnehmen m\u00f6chte, kann eine E-Mail an <\/em><a href=\"mailto:info@korso-deutschland.de\" target=\"_blank\" rel=\"noopener\"><em>info@korso-deutschland.de<\/em><\/a><em> schicken.<\/em><\/p>\n<hr \/>\n<p><span style=\"font-size: 10pt;\">Grafik: KORSO e.V.<\/span><\/p>\n","protected":false},"excerpt":{"rendered":"<p><b>Wortmeldung des\u00a0Koordinierungsrates s\u00e4kularer Organisationen KORSO e.V. vom 31.08.2021:<\/b><br \/>\nSeit 150 Jahren k\u00e4mpfen Frauen nun schon gegen das Verbot und damit gegen die Kriminalisierung des Schwangerschaftsabbruchs. Dies schilderte die Historikerin und Sozialwissenschaftlerin Dr. Gisela Notz, eine der drei geladenen Expertinnen, sehr eindr\u00fccklich bei der Online-Themenwerkstatt des KORSO am 20. August vor fast 30 Interessierten aus dem s\u00e4kularen Spektrum. &#8230;<br \/>\nDie Entkriminalisierung und Entstigmatisierung des Schwangerschaftsabbruchs sind Voraussetzung f\u00fcr die Bereitschaft seitens der \u00c4rztinnen und \u00c4rzte, Schwangerschaftsabbr\u00fcche durchzuf\u00fchren. Nur so kann der zunehmenden Verschlechterung der Versorgungslage entgegengewirkt werden. <\/p>\n","protected":false},"author":3,"featured_media":11190,"comment_status":"closed","ping_status":"closed","sticky":false,"template":"","format":"standard","meta":{"colormag_page_container_layout":"default_layout","colormag_page_sidebar_layout":"default_layout","advanced_seo_description":"","jetpack_seo_html_title":"","jetpack_seo_noindex":false,"jetpack_post_was_ever_published":false,"footnotes":""},"categories":[15],"tags":[1421,1293,1055,852,1420,294],"class_list":["post-11189","post","type-post","status-publish","format-standard","has-post-thumbnail","hentry","category-religions-kirchenkritik","tag-abtreibung","tag-diskriminierung","tag-frauenrechte","tag-korso","tag-schwangerschaftsabbruch","tag-294"],"jetpack_featured_media_url":"https:\/\/i0.wp.com\/www.freidenker.org\/fw17\/wp-content\/uploads\/2021\/09\/korso-post_600px_2021-08-29_01-abtreibung_800x450.jpg?fit=800%2C450&ssl=1","jetpack_shortlink":"https:\/\/wp.me\/p9stpK-2Ut","jetpack-related-posts":[{"id":10913,"url":"https:\/\/www.freidenker.org\/?p=10913","url_meta":{"origin":11189,"position":0},"title":"Gemeinsam statt getrennt! KORSO fordert Reform des Religionsunterrichts an \u00f6ffentlichen Schulen","author":"Webredaktion","date":"27. Juli 2021","format":false,"excerpt":"Wortmeldung des\u00a0Koordinierungsrates s\u00e4kularer Organisationen KORSO e.V. vom 27.07.2021: Auf Einladung des KORSO kamen am vergangenen Freitag, 23. Juli 2021, 30 Vertreterinnen und Vertreter unterschiedlicher Organisationen aus dem s\u00e4kularen Spektrum per Videokonferenz zu einer Themenwerkstatt zusammen, um sich \u00fcber die Zukunft des Religionsunterrichts auszutauschen \u2013 aus s\u00e4kularer Perspektive. Nach ausf\u00fchrlicher Debatte\u2026","rel":"","context":"In &quot;Religions- &amp; Kirchenkritik, S\u00e4kulare Szene&quot;","block_context":{"text":"Religions- &amp; Kirchenkritik, S\u00e4kulare Szene","link":"https:\/\/www.freidenker.org\/?cat=15"},"img":{"alt_text":"","src":"https:\/\/i0.wp.com\/www.freidenker.org\/fw17\/wp-content\/uploads\/2021\/07\/korso-post_2021-07-24_01-religionsunterricht_800x450.jpg?fit=800%2C450&ssl=1&resize=350%2C200","width":350,"height":200,"srcset":"https:\/\/i0.wp.com\/www.freidenker.org\/fw17\/wp-content\/uploads\/2021\/07\/korso-post_2021-07-24_01-religionsunterricht_800x450.jpg?fit=800%2C450&ssl=1&resize=350%2C200 1x, https:\/\/i0.wp.com\/www.freidenker.org\/fw17\/wp-content\/uploads\/2021\/07\/korso-post_2021-07-24_01-religionsunterricht_800x450.jpg?fit=800%2C450&ssl=1&resize=525%2C300 1.5x, https:\/\/i0.wp.com\/www.freidenker.org\/fw17\/wp-content\/uploads\/2021\/07\/korso-post_2021-07-24_01-religionsunterricht_800x450.jpg?fit=800%2C450&ssl=1&resize=700%2C400 2x"},"classes":[]},{"id":6187,"url":"https:\/\/www.freidenker.org\/?p=6187","url_meta":{"origin":11189,"position":1},"title":"KORSO-Resolution zur Abl\u00f6sung der historischen Staatsleistungen an die Kirchen","author":"Webredaktion","date":"13. April 2019","format":false,"excerpt":"Vor 100 Jahren trat die Weimarer Reichsverfassung in Kraft, vor 70 Jahren das Grundgesetz der Bundesrepublik Deutschland. Anl\u00e4sslich dieses doppelten Verfassungsjubil\u00e4ums im Jahr 2019 stellt der Koordinierungsrat s\u00e4kularer Organisationen (KORSO e.V.) fest: Die Grundidee einer Entflechtung staatlicher und kirchlicher T\u00e4tigkeit war ein bedeutender zivilisatorischer Durchbruch im 20. Jahrhundert. Die durch\u2026","rel":"","context":"In &quot;Religions- &amp; Kirchenkritik, S\u00e4kulare Szene&quot;","block_context":{"text":"Religions- &amp; Kirchenkritik, S\u00e4kulare Szene","link":"https:\/\/www.freidenker.org\/?cat=15"},"img":{"alt_text":"","src":"https:\/\/i0.wp.com\/www.freidenker.org\/fw17\/wp-content\/uploads\/2019\/04\/korso-rv_2019-03-30_vorstand_800x445.jpg?fit=800%2C445&ssl=1&resize=350%2C200","width":350,"height":200,"srcset":"https:\/\/i0.wp.com\/www.freidenker.org\/fw17\/wp-content\/uploads\/2019\/04\/korso-rv_2019-03-30_vorstand_800x445.jpg?fit=800%2C445&ssl=1&resize=350%2C200 1x, https:\/\/i0.wp.com\/www.freidenker.org\/fw17\/wp-content\/uploads\/2019\/04\/korso-rv_2019-03-30_vorstand_800x445.jpg?fit=800%2C445&ssl=1&resize=525%2C300 1.5x, https:\/\/i0.wp.com\/www.freidenker.org\/fw17\/wp-content\/uploads\/2019\/04\/korso-rv_2019-03-30_vorstand_800x445.jpg?fit=800%2C445&ssl=1&resize=700%2C400 2x"},"classes":[]},{"id":9426,"url":"https:\/\/www.freidenker.org\/?p=9426","url_meta":{"origin":11189,"position":2},"title":"S\u00e4kulare Verst\u00e4ndigung zur Suizidhilfe","author":"Webredaktion","date":"29. Januar 2021","format":false,"excerpt":"Wortmeldung des Koordinierungsrates S\u00e4kularer Organisationen (KORSO) Nachdem das Bundesverfassungsgericht das umstrittene Gesetz \u00a7217 StGB im Februar 2020 gekippt hatte, kamen am vergangenen Freitag auf Einladung des KORSO 15 Vertreterinnen und Vertreter unterschiedlicher Organisationen aus dem s\u00e4kularen Spektrum per Videokonferenz zu einem Expertengespr\u00e4ch zusammen ... um \u00fcber s\u00e4kulare Positionen zur Suizidhilfe\u2026","rel":"","context":"In &quot;Arbeit &amp; Soziales&quot;","block_context":{"text":"Arbeit &amp; Soziales","link":"https:\/\/www.freidenker.org\/?cat=11"},"img":{"alt_text":"","src":"https:\/\/i0.wp.com\/www.freidenker.org\/fw17\/wp-content\/uploads\/2021\/01\/hospice-1821429_800x450.jpg?fit=800%2C450&ssl=1&resize=350%2C200","width":350,"height":200,"srcset":"https:\/\/i0.wp.com\/www.freidenker.org\/fw17\/wp-content\/uploads\/2021\/01\/hospice-1821429_800x450.jpg?fit=800%2C450&ssl=1&resize=350%2C200 1x, https:\/\/i0.wp.com\/www.freidenker.org\/fw17\/wp-content\/uploads\/2021\/01\/hospice-1821429_800x450.jpg?fit=800%2C450&ssl=1&resize=525%2C300 1.5x, https:\/\/i0.wp.com\/www.freidenker.org\/fw17\/wp-content\/uploads\/2021\/01\/hospice-1821429_800x450.jpg?fit=800%2C450&ssl=1&resize=700%2C400 2x"},"classes":[]},{"id":10234,"url":"https:\/\/www.freidenker.org\/?p=10234","url_meta":{"origin":11189,"position":3},"title":"Altrechtliche Staatsleistungen: KORSO begr\u00fc\u00dft Ablehnung der vorliegenden Gesetzentw\u00fcrfe","author":"Webredaktion","date":"8. Mai 2021","format":false,"excerpt":"Wortmeldung des Koordinierungsrates s\u00e4kularer Organisationen KORSO e.V. Am 6. Mai 2021 hat der Deutsche Bundestag zwei Gesetzentw\u00fcrfe der Oppositionsparteien zur Abl\u00f6sung der altrechtlichen Staatsleistungen an die Kirchen mit breiter Mehrheit abgelehnt. Der KORSO begr\u00fc\u00dft diese Entscheidung und fordert nun eine breite gesellschaftliche Debatte dar\u00fcber, ob die damit verbundenen Zahlungen an\u2026","rel":"","context":"In &quot;Religions- &amp; Kirchenkritik, S\u00e4kulare Szene&quot;","block_context":{"text":"Religions- &amp; Kirchenkritik, S\u00e4kulare Szene","link":"https:\/\/www.freidenker.org\/?cat=15"},"img":{"alt_text":"","src":"https:\/\/i0.wp.com\/www.freidenker.org\/fw17\/wp-content\/uploads\/2021\/05\/korso-post_600px_2021-05-07_01-staatsleistungen_800x450.jpg?fit=800%2C450&ssl=1&resize=350%2C200","width":350,"height":200,"srcset":"https:\/\/i0.wp.com\/www.freidenker.org\/fw17\/wp-content\/uploads\/2021\/05\/korso-post_600px_2021-05-07_01-staatsleistungen_800x450.jpg?fit=800%2C450&ssl=1&resize=350%2C200 1x, https:\/\/i0.wp.com\/www.freidenker.org\/fw17\/wp-content\/uploads\/2021\/05\/korso-post_600px_2021-05-07_01-staatsleistungen_800x450.jpg?fit=800%2C450&ssl=1&resize=525%2C300 1.5x, https:\/\/i0.wp.com\/www.freidenker.org\/fw17\/wp-content\/uploads\/2021\/05\/korso-post_600px_2021-05-07_01-staatsleistungen_800x450.jpg?fit=800%2C450&ssl=1&resize=700%2C400 2x"},"classes":[]},{"id":9822,"url":"https:\/\/www.freidenker.org\/?p=9822","url_meta":{"origin":11189,"position":4},"title":"HVD tritt aus dem KORSO aus","author":"Webredaktion","date":"31. M\u00e4rz 2021","format":false,"excerpt":"Der Humanistische Verband Deutschlands - 2008 Gr\u00fcndungsmitglied des Koordinierungsrates S\u00e4kularer Organisationen (KORSO) - hat am 27.03.2021 durch Beschluss seines Delegiertenrates auf Antrag des HVD-Bundesvorstandes entschieden, seine Mitgliedschaft im KORSO zu beenden.\u00a0 Wir ver\u00f6ffentlichen hier die Presseerkl\u00e4rungen des HVD und des KORSO zu diesem Schritt sowie eine erste Stellungnahme des Vorsitzenden\u2026","rel":"","context":"In &quot;Religions- &amp; Kirchenkritik, S\u00e4kulare Szene&quot;","block_context":{"text":"Religions- &amp; Kirchenkritik, S\u00e4kulare Szene","link":"https:\/\/www.freidenker.org\/?cat=15"},"img":{"alt_text":"","src":"https:\/\/i0.wp.com\/www.freidenker.org\/fw17\/wp-content\/uploads\/2021\/04\/hvd_korso_3_800x450.jpg?fit=800%2C450&ssl=1&resize=350%2C200","width":350,"height":200,"srcset":"https:\/\/i0.wp.com\/www.freidenker.org\/fw17\/wp-content\/uploads\/2021\/04\/hvd_korso_3_800x450.jpg?fit=800%2C450&ssl=1&resize=350%2C200 1x, https:\/\/i0.wp.com\/www.freidenker.org\/fw17\/wp-content\/uploads\/2021\/04\/hvd_korso_3_800x450.jpg?fit=800%2C450&ssl=1&resize=525%2C300 1.5x, https:\/\/i0.wp.com\/www.freidenker.org\/fw17\/wp-content\/uploads\/2021\/04\/hvd_korso_3_800x450.jpg?fit=800%2C450&ssl=1&resize=700%2C400 2x"},"classes":[]},{"id":4517,"url":"https:\/\/www.freidenker.org\/?p=4517","url_meta":{"origin":11189,"position":5},"title":"Selbstdarstellung des KORSO","author":"Webredaktion","date":"20. Dezember 2016","format":false,"excerpt":"Der Koordinierungsrat s\u00e4kularer Organisationen (KORSO) hat eine Selbstdarstellungsbrosch\u00fcre herausgegeben. Neben einem \u00dcberblick \u00fcber die Ziele und Forderungen des KORSO sind darin Kurzportraits aller Mitgliedsorganisationen enthalten. Aus dem Vorwort: Die Ziele und Strategien der s\u00e4kularen Organisationen sind keineswegs identisch. Sie sind zudem unterschiedlich alt, unterschiedlich gro\u00df, regional unterschiedlich entwickelt und in\u2026","rel":"","context":"In &quot;Publikationen f\u00fcr Freidenker&quot;","block_context":{"text":"Publikationen f\u00fcr Freidenker","link":"https:\/\/www.freidenker.org\/?cat=6"},"img":{"alt_text":"","src":"https:\/\/i0.wp.com\/www.freidenker.org\/fw17\/wp-content\/uploads\/2016\/12\/korso-broschuere_v5.jpg?fit=800%2C445&ssl=1&resize=350%2C200","width":350,"height":200,"srcset":"https:\/\/i0.wp.com\/www.freidenker.org\/fw17\/wp-content\/uploads\/2016\/12\/korso-broschuere_v5.jpg?fit=800%2C445&ssl=1&resize=350%2C200 1x, https:\/\/i0.wp.com\/www.freidenker.org\/fw17\/wp-content\/uploads\/2016\/12\/korso-broschuere_v5.jpg?fit=800%2C445&ssl=1&resize=525%2C300 1.5x, https:\/\/i0.wp.com\/www.freidenker.org\/fw17\/wp-content\/uploads\/2016\/12\/korso-broschuere_v5.jpg?fit=800%2C445&ssl=1&resize=700%2C400 2x"},"classes":[]}],"_links":{"self":[{"href":"https:\/\/www.freidenker.org\/index.php?rest_route=\/wp\/v2\/posts\/11189","targetHints":{"allow":["GET"]}}],"collection":[{"href":"https:\/\/www.freidenker.org\/index.php?rest_route=\/wp\/v2\/posts"}],"about":[{"href":"https:\/\/www.freidenker.org\/index.php?rest_route=\/wp\/v2\/types\/post"}],"author":[{"embeddable":true,"href":"https:\/\/www.freidenker.org\/index.php?rest_route=\/wp\/v2\/users\/3"}],"replies":[{"embeddable":true,"href":"https:\/\/www.freidenker.org\/index.php?rest_route=%2Fwp%2Fv2%2Fcomments&post=11189"}],"version-history":[{"count":0,"href":"https:\/\/www.freidenker.org\/index.php?rest_route=\/wp\/v2\/posts\/11189\/revisions"}],"wp:featuredmedia":[{"embeddable":true,"href":"https:\/\/www.freidenker.org\/index.php?rest_route=\/wp\/v2\/media\/11190"}],"wp:attachment":[{"href":"https:\/\/www.freidenker.org\/index.php?rest_route=%2Fwp%2Fv2%2Fmedia&parent=11189"}],"wp:term":[{"taxonomy":"category","embeddable":true,"href":"https:\/\/www.freidenker.org\/index.php?rest_route=%2Fwp%2Fv2%2Fcategories&post=11189"},{"taxonomy":"post_tag","embeddable":true,"href":"https:\/\/www.freidenker.org\/index.php?rest_route=%2Fwp%2Fv2%2Ftags&post=11189"}],"curies":[{"name":"wp","href":"https:\/\/api.w.org\/{rel}","templated":true}]}}