{"id":11178,"date":"2021-09-05T21:42:29","date_gmt":"2021-09-05T19:42:29","guid":{"rendered":"https:\/\/www.freidenker.org\/?p=11178"},"modified":"2021-10-11T20:59:11","modified_gmt":"2021-10-11T18:59:11","slug":"neue-internationale-ordnung-noch-weit-entfernt","status":"publish","type":"post","link":"https:\/\/www.freidenker.org\/?p=11178","title":{"rendered":"Neue Internationale Ordnung noch weit entfernt"},"content":{"rendered":"<p><strong>Was folgt auf die durch Afghanistan sichtbar gewordene Niederlage der Machtpolitik von USA und NATO? Wie kann der Westen seine Hegemonie erhalten? Westliche Strategie-Zentren bem\u00fchen dazu Erfahrungen des Wiener Kongresses des Jahres 1815 \u2013 und des &#8222;europ\u00e4ischen Konzerts&#8220; der Folgejahre.<\/strong><\/p>\n<p><em>Ein Kommentar von <strong>Prof. Dr. Anton Latzo<\/strong><\/em><\/p>\n<p><span style=\"font-size: 10pt;\">Erstver\u00f6ffentlichung am 04.09.2021 auf <a href=\"https:\/\/de.rt.com\/meinung\/123363-neue-internationale-ordnung-noch-weit-entfernt\/\" target=\"_blank\" rel=\"noopener\">RT DE<\/a>.<\/span><\/p>\n<p>Der Verlauf der internationalen Ereignisse in der letzten Zeit und besonders die k\u00fcrzliche Niederlage der USA und der NATO-M\u00e4chte in Afghanistan sind ein deutlicher Hinweis darauf, dass die Machtpolitik (&#8222;power politics&#8220;) immer weniger Chancen hat, imperialistische Bestrebungen zu verwirklichen. Der &#8222;American Dream&#8220; verliert an Wirkung und die USA sind \u00f6konomisch und milit\u00e4risch immer weniger in der Lage, die Rolle einer globalen Hegemonialmacht auszuf\u00fcllen. Vor allem bei der Kontrolle \u00fcber die Informationen sind sie nicht mehr die ungeteilten Herren in der Welt.<\/p>\n<p>Gef\u00e4hrlich wird es, wenn manche in Zusammenhang mit dem Abzug aus Afghanistan sogar schon von &#8222;Amerikas Selbstbeschr\u00e4nkung&#8220; sprechen, die die Welt nun erwarten k\u00f6nne. Diese Meinungsmacher \u00fcbersehen die Aggressivit\u00e4t der Aktivit\u00e4ten der USA und ihrer NATO-Verb\u00fcndeten im Schwarzen Meer, in der Ukraine, im \u00f6stlichen Mittelmeer, im S\u00fcd- und Ostchinesischen Meer, die deutlich zugenommen hat.<\/p>\n<h5>USA wollen Weltmacht bleiben<\/h5>\n<p>Geht man von den letzten Erkl\u00e4rungen der G7 als auch des NATO-Gipfels aus, so muss man sogar einkalkulieren, dass der R\u00fcckzug der USA und ihrer Verb\u00fcndeten (NATO) aus Afghanistan als Teil einer gro\u00dfen Umgruppierung ihrer Kr\u00e4fte gegen China und Russland erfolgt.<\/p>\n<p>Denn USA-Pr\u00e4sident Joe Biden ist, wie er selbst sehr eindeutig formulierte, mit dem Ziel angetreten:<\/p>\n<blockquote><p><em>&#8222;Als Nation m\u00fcssen wir der Welt beweisen, dass die Vereinigten Staaten bereit sind, zu f\u00fchren.&#8220;<\/em><\/p><\/blockquote>\n<p>Es geht also nach wie vor darum, &#8222;das Emporkommen\u00a0 eines Rivalen um die Macht (zu) vereiteln&#8220; (Brzezinski). Und Frau Victoria Nuland pr\u00e4zisierte:<\/p>\n<blockquote><p><em>&#8222;Die Herausforderung f\u00fcr die USA im Jahr 2021\u00a0 wird darin bestehen, die Demokraten der Welt bei der Entwicklung eines effektiveren Ansatzes gegen Russland zu f\u00fchren.&#8220;<\/em><\/p><\/blockquote>\n<p>Zu erwarten ist auch, dass sich in diesem Prozess die Widerspr\u00fcche der USA nicht nur zu China und Russland versch\u00e4rfen. Auch die wirtschaftliche und politische sowie die geopolitische Konkurrenz zwischen den USA und den anderen M\u00e4chten des Westens intensiviert sich und wird offener ausgetragen werden. Denn auch Deutschland will zum Beispiel &#8222;nicht l\u00e4nger ein sanfter Riese&#8220; sein und vorerst &#8222;die EU geopolitisch anf\u00fchren&#8220;.<\/p>\n<p>Auf jeden Fall ist mit einer Versch\u00e4rfung der Widerspr\u00fcche zwischen den Hauptgruppierungen des Kapitals, aber auch mit einer Verst\u00e4rkung der zentrifugalen Prozesse im Verh\u00e4ltnis der anderen L\u00e4nder zu den USA und auch zur EU besonders im osteurop\u00e4ischen Raum zu rechnen. Das ver\u00e4ndert zwar unter anderem auch die bisher bestehenden Kr\u00e4fteverh\u00e4ltnisse, was aber nicht nur g\u00fcnstigere Konstellationen f\u00fcr Frieden und Sicherheit der Staaten und V\u00f6lker und f\u00fcr eine gedeihliche, gegenseitig vorteilhafte Zusammenarbeit bedeuten muss. Das &#8222;Ende des amerikanischen Zeitalters&#8220;, der Hegemonie der USA, bedeutet nicht unbedingt auch das Ende der USA als Weltmacht!<\/p>\n<h5>Was kann die EU?<\/h5>\n<p>Unter den neuen Bedingungen wird es auch nicht dazu kommen, dass auf die Hegemonie der USA eine Hegemonie der EU folgt. Die Ursachen liegen nicht allein im objektiven Widerspruchsfeld zwischen der EU und ihrer M\u00e4chte einerseits und den USA andererseits, sondern in den Entwicklungen in der EU und in ihren Mitgliedstaaten selbst.<\/p>\n<p>Die jetzt schon sichtbare Fragmentierung der EU d\u00fcrfte sich auf der Grundlage vor allem objektiver Prozesse in den Mitgliedsl\u00e4ndern, der Unterschiedlichkeit der Entwicklung bzw. der Zunahme der Unterschiede im sozial-\u00f6konomischen Bereich weiter vertiefen, weil die Widerspr\u00fcchlichkeit der Interessen zunimmt.<\/p>\n<p>Das nachhaltigste Interesse der \u00f6konomisch weniger entwickelten L\u00e4nder Ost- und S\u00fcdeuropas besteht zum Beispiel in der Entwicklung von internationalen Beziehungen, die der nationalen Entwicklung dienen. Ziel ist, das Entwicklungsniveau so zu erh\u00f6hen, damit es zu einer Angleichung des \u00f6konomischen, politischen und geistig kulturellen Niveaus untereinander und zu den industriell entwickelten Staaten kommt.<\/p>\n<p>Neben den Entwicklungen im Bereich der \u00f6konomischen und Finanzbeziehungen, der R\u00fcstung, weisen die geistig-kulturelle Unterwanderung sowie der Politik des &#8222;Regime Change&#8220; in Osteuropa auf die Breite der Gefahren f\u00fcr die Sicherheit der Staaten und V\u00f6lker und f\u00fcr den Frieden hin.<\/p>\n<p>Die Probleme sind nur auf der Grundlage gleichberechtigter Beziehungen zum gegenseitigen Vorteil zu l\u00f6sen. Dem stehen aber die gesellschaftlichen Verh\u00e4ltnisse und die Ziele des internationalen Kapitals\u00a0 entgegen, die ebenfalls zu widerspr\u00fcchlichen Interessen f\u00fchren.<\/p>\n<p>Es wird deutlich, dass wir es mit nationalen und internationalen Entwicklungen zu tun haben, die wachsende Instabilit\u00e4t und Unberechenbarkeit in den internationalen Beziehungen zur Folge haben und die die Notwendigkeit der Schaffung einer Neuen\u00a0 Internationalen Ordnung unterstreichen. Die Schaffung einer solchen Ordnung wird immer \u00f6fter, von sehr unterschiedlichen Kreisen erhoben. Die Ziele, die diese Kreise verfolgen, sind allerdings sehr unterschiedlich. Das wird auch aus den Begr\u00fcndungen sichtbar.<\/p>\n<h5>Zur\u00fcck zu Methoden des Feudalismus?<\/h5>\n<p>Einflussreiche Denkfabriken und strategische Zentren vor allem in den USA bem\u00fchen sich, sogar die Erfahrungen des 19. Jahrhunderts in den Mittelpunkt ihrer Analysen zu stellen. Dabei werden aber nicht die Folgen der b\u00fcrgerlichen Revolution auf die zwischenstaatlichen Beziehungen untersucht. Es wird vielmehr Wert darauf gelegt, zu zeigen, wie die alten Regime versuchten, ihr \u00dcberleben gegen die B\u00fcrgerliche Revolution zu sichern.<\/p>\n<p>Einen Schwerpunkt bilden zum Beispiel der Wiener Kongress von 1815 und das sogenannte &#8222;europ\u00e4ische Konzert&#8220;. Dazu wurden zwar mehrere europ\u00e4ische L\u00e4nder eingeladen, was ohne Zweifel eine Konsequenz der progressiven Umgestaltungen war, welche die Bourgeoisie damals bei der Beseitigung der feudalen Ordnung durchsetzte. Es war aber vor allem eine Versammlung der damaligen Gro\u00dfm\u00e4chte Russland, England, \u00d6sterreich und Preu\u00dfen, die dar\u00fcber berieten, wie sie sich gemeinsam gegen das napoleonische Frankreich durchsetzen k\u00f6nnen.<\/p>\n<p>Der Wiener Kongress war Ausdruck der Negierung des Rechtes eines jeden Staates an der Beratung und L\u00f6sung der internationalen Fragen von gemeinsamen Interesse gleichberechtigt teilzunehmen. Der Zar, der Kaiser von \u00d6sterreich und der K\u00f6nig von Preu\u00dfen hatten das Ziel, ein System auszuarbeiten, das nicht nur ihre Grenzen garantieren, sondern auch die von ihnen vertretenen feudalen Regime absichern sollten. Das bedeutete damals nicht nur die Absicherung der Regime gegen die Republikaner, sondern auch gegen die liberalen und gegen all diejenigen, die von einem nationalen oder Volkswillen sprachen.<\/p>\n<p>Das in den folgenden Jahren entwickelte &#8222;europ\u00e4ische Konzert&#8220; der M\u00e4chte wurde als Instrument der Gro\u00dfm\u00e4chte ausgebaut, durch welches sie ihren Willen den anderen Staaten aufgedr\u00fcckt und gemeinsame Positionen erarbeitet haben, die sich mit ihren nach wie vor bestehenden Rivalit\u00e4ten &#8222;vertragen&#8220; sollten. Offensichtlich wird das Denken der Autoren der genannten Denkfabriken und Studienzentren von den Vorstellungen einer Zeit beherrscht, in der die \u201eKondominions\u201c die \u201egemeinsame\u201c Herrschaftsaus\u00fcbung der M\u00e4chte absichern sollte.<\/p>\n<p>In der Diskussion werden Vorstellungen entwickelt von einem imperialen System entwickelt, das als eine Art &#8222;Club der M\u00e4chtigen&#8220;, die Darstellung der Wandlung der USA vom aggressiven milit\u00e4rischen Eroberer zum &#8222;Aufseher des Wachstums, des Handels und des Friedens&#8220; erm\u00f6glichen soll. Dieser soll &#8222;zudem ein Instrument des kulturellen Transfers und der kulturellen Evolution&#8220; dienen. Ein solches System\u00a0 sollte so beschaffen sein, dass es den USA M\u00f6glichkeiten bietet, &#8222;die regionalen Spannungen zwischen Nationen zu nutzen, um ihre Interessen zu wahren&#8220;, wie George Friedmann in seinem Buch &#8222;Der Sturm vor der Ruhe&#8220; andeutet.<\/p>\n<p>Von Schaffung eines Systems der Zusammenarbeit gleichberechtigter Subjekte der internationalen Beziehungen, die selbst\u00e4ndige V\u00f6lker vertreten, die das Recht haben, \u00fcber ihren\u00a0 Entwicklungsweg und \u00fcber die Au\u00dfenpolitik ihres Landes selbst zu bestimmen, ist keine Rede!<\/p>\n<p style=\"text-align: right;\"><em>Prof. Dr. Anton Latzo ist Historiker und Mitglied des Beirats des Deutschen Freidenker-Verbandes<\/em><\/p>\n<p><span style=\"font-size: 10pt;\">Link zur Erstver\u00f6ffentlichung: <a href=\"https:\/\/de.rt.com\/meinung\/123363-neue-internationale-ordnung-noch-weit-entfernt\/\" target=\"_blank\" rel=\"noopener\">https:\/\/de.rt.com\/meinung\/123363-neue-internationale-ordnung-noch-weit-entfernt\/<\/a><\/span><\/p>\n<hr \/>\n<p><span style=\"font-size: 10pt;\">Bild: <span class=\"mw-mmv-title\">Delegierte des Wiener Kongresses 1814\/15 in einem zeitgen\u00f6ssischen Kupferstich von Jean Godefroy nach dem Gem\u00e4lde von <a title=\"Jean-Baptiste Isabey\" href=\"https:\/\/de.wikipedia.org\/wiki\/Jean-Baptiste_Isabey\">Jean-Baptiste Isabey<\/a> <b>1<\/b>\u00a0<a title=\"Arthur Wellesley, 1. Duke of Wellington\" href=\"https:\/\/de.wikipedia.org\/wiki\/Arthur_Wellesley,_1._Duke_of_Wellington\">Arthur Wellesley, 1. Duke of Wellington<\/a>, <b>2<\/b>\u00a0<a class=\"mw-redirect\" title=\"Joaquim Lobo da Silveira\" href=\"https:\/\/de.wikipedia.org\/wiki\/Joaquim_Lobo_da_Silveira\">Joaquim Lobo da Silveira<\/a>, <b>3<\/b>\u00a0<a title=\"Ant\u00f3nio de Saldanha da Gama\" href=\"https:\/\/de.wikipedia.org\/wiki\/Ant%C3%B3nio_de_Saldanha_da_Gama\">Ant\u00f3nio de Saldanha da Gama<\/a>, <b>4<\/b>\u00a0<a title=\"Carl Axel L\u00f6wenhielm\" href=\"https:\/\/de.wikipedia.org\/wiki\/Carl_Axel_L%C3%B6wenhielm\">Carl Axel L\u00f6wenhielm<\/a>, <b>5<\/b>\u00a0<a title=\"Paul-Fran\u00e7ois de Noailles\" href=\"https:\/\/de.wikipedia.org\/wiki\/Paul-Fran%C3%A7ois_de_Noailles\">Paul-Fran\u00e7ois de Noailles<\/a>, <b>6<\/b>\u00a0<a title=\"Klemens Wenzel Lothar von Metternich\" href=\"https:\/\/de.wikipedia.org\/wiki\/Klemens_Wenzel_Lothar_von_Metternich\">Klemens Wenzel Lothar von Metternich<\/a>, <b>7<\/b>\u00a0<a title=\"Fr\u00e9d\u00e9ric-S\u00e9raphin de La Tour du Pin Gouvernet\" href=\"https:\/\/de.wikipedia.org\/wiki\/Fr%C3%A9d%C3%A9ric-S%C3%A9raphin_de_La_Tour_du_Pin_Gouvernet\">Fr\u00e9d\u00e9ric-S\u00e9raphin de La Tour du Pin Gouvernet<\/a>, <b>8<\/b>\u00a0<a title=\"Karl Robert von Nesselrode\" href=\"https:\/\/de.wikipedia.org\/wiki\/Karl_Robert_von_Nesselrode\">Karl Robert von Nesselrode<\/a>, <b>9<\/b>\u00a0<a title=\"Pedro de Sousa Holstein\" href=\"https:\/\/de.wikipedia.org\/wiki\/Pedro_de_Sousa_Holstein\">Pedro de Sousa Holstein<\/a>, <b>10<\/b>\u00a0<a title=\"Robert Stewart, 2. Marquess of Londonderry\" href=\"https:\/\/de.wikipedia.org\/wiki\/Robert_Stewart,_2._Marquess_of_Londonderry\">Robert Stewart, 2. Marquess of Londonderry<\/a>, <b>11<\/b>\u00a0<a title=\"Emmerich Joseph von Dalberg\" href=\"https:\/\/de.wikipedia.org\/wiki\/Emmerich_Joseph_von_Dalberg\">Emmerich Joseph von Dalberg<\/a>, <b>12<\/b>\u00a0<a title=\"Johann von Wessenberg\" href=\"https:\/\/de.wikipedia.org\/wiki\/Johann_von_Wessenberg\">Johann von Wessenberg<\/a>, <b>13<\/b>\u00a0<a title=\"Andrei Kirillowitsch Rasumowski\" href=\"https:\/\/de.wikipedia.org\/wiki\/Andrei_Kirillowitsch_Rasumowski\">Andrei Kirillowitsch Rasumowski<\/a>, <b>14<\/b>\u00a0<a title=\"Charles Vane, 3. Marquess of Londonderry\" href=\"https:\/\/de.wikipedia.org\/wiki\/Charles_Vane,_3._Marquess_of_Londonderry\">Charles Vane, 3. Marquess of Londonderry<\/a>, <b>15<\/b>\u00a0<a title=\"Pedro G\u00f3mez Labrador\" href=\"https:\/\/de.wikipedia.org\/wiki\/Pedro_G%C3%B3mez_Labrador\">Pedro G\u00f3mez Labrador<\/a>, <b>16<\/b>\u00a0<a title=\"Earl of Clancarty\" href=\"https:\/\/de.wikipedia.org\/wiki\/Earl_of_Clancarty\">Richard Trench, 2nd Earl of Clancarty<\/a>, <b>17<\/b>\u00a0<a title=\"Nikolaus von Wacken\" href=\"https:\/\/de.wikipedia.org\/wiki\/Nikolaus_von_Wacken\">Nikolaus von Wacken<\/a>, <b>18<\/b>\u00a0<a title=\"Friedrich von Gentz\" href=\"https:\/\/de.wikipedia.org\/wiki\/Friedrich_von_Gentz\">Friedrich von Gentz<\/a>, <b>19<\/b>\u00a0<a title=\"Wilhelm von Humboldt\" href=\"https:\/\/de.wikipedia.org\/wiki\/Wilhelm_von_Humboldt\">Wilhelm von Humboldt<\/a>, <b>20<\/b>\u00a0<a title=\"William Cathcart, 1. Earl Cathcart\" href=\"https:\/\/de.wikipedia.org\/wiki\/William_Cathcart,_1._Earl_Cathcart\">William Cathcart, 1. Earl Cathcart<\/a>, <b>21<\/b>\u00a0<a title=\"Karl August von Hardenberg\" href=\"https:\/\/de.wikipedia.org\/wiki\/Karl_August_von_Hardenberg\">Karl August von Hardenberg<\/a>, <b>22<\/b>\u00a0<a title=\"Charles-Maurice de Talleyrand-P\u00e9rigord\" href=\"https:\/\/de.wikipedia.org\/wiki\/Charles-Maurice_de_Talleyrand-P%C3%A9rigord\">Charles-Maurice de Talleyrand-P\u00e9rigord<\/a>, <b>23<\/b>\u00a0<a title=\"Gustav Ernst von Stackelberg\" href=\"https:\/\/de.wikipedia.org\/wiki\/Gustav_Ernst_von_Stackelberg\">Gustav Ernst von Stackelberg<\/a><br \/>\n<\/span><a href=\"https:\/\/creativecommons.org\/licenses\/by-sa\/3.0\" target=\"_blank\" rel=\"noopener\">CC BY-SA 3.0,\u00a0<\/a><\/span><span style=\"font-size: 10pt;\">Quelle: <a href=\"https:\/\/commons.wikimedia.org\/w\/index.php?curid=16173367\" target=\"_blank\" rel=\"noopener\">https:\/\/commons.wikimedia.org\/w\/index.php?curid=16173367<\/a><\/span><\/p>\n<p>&nbsp;<\/p>\n","protected":false},"excerpt":{"rendered":"<p><b>Ein Kommentar von Prof. Dr. Anton Latzo<\/b><br \/>\nDer Verlauf der internationalen Ereignisse in der letzten Zeit und besonders die k\u00fcrzliche Niederlage der USA und der NATO-M\u00e4chte in Afghanistan sind ein deutlicher Hinweis darauf, dass die Machtpolitik (&#8222;power politics&#8220;) immer weniger Chancen hat, imperialistische Bestrebungen zu verwirklichen. Der &#8222;American Dream&#8220; verliert an Wirkung und die USA sind \u00f6konomisch und milit\u00e4risch immer weniger in der Lage, die Rolle einer globalen Hegemonialmacht auszuf\u00fcllen. Vor allem bei der Kontrolle \u00fcber die Informationen sind sie nicht mehr die ungeteilten Herren in der Welt. Gef\u00e4hrlich wird es, wenn manche in Zusammenhang mit dem Abzug aus Afghanistan sogar schon von &#8222;Amerikas Selbstbeschr\u00e4nkung&#8220; sprechen, die die Welt nun erwarten k\u00f6nne.<\/p>\n","protected":false},"author":3,"featured_media":11179,"comment_status":"closed","ping_status":"closed","sticky":false,"template":"","format":"standard","meta":{"colormag_page_container_layout":"default_layout","colormag_page_sidebar_layout":"default_layout","advanced_seo_description":"","jetpack_seo_html_title":"","jetpack_seo_noindex":false,"jetpack_post_was_ever_published":false,"footnotes":""},"categories":[13],"tags":[823,699,182,1151,566,124,185],"class_list":["post-11178","post","type-post","status-publish","format-standard","has-post-thumbnail","hentry","category-frieden-antifaschismus-solidaritaet","tag-afghanistan","tag-aussenpolitik","tag-eu","tag-europa","tag-neue-weltordnung","tag-politik","tag-usa"],"jetpack_featured_media_url":"https:\/\/i0.wp.com\/www.freidenker.org\/fw17\/wp-content\/uploads\/2021\/09\/Congress_of_Vienna_800x450.jpg?fit=800%2C450&ssl=1","jetpack_shortlink":"https:\/\/wp.me\/p9stpK-2Ui","jetpack-related-posts":[{"id":13271,"url":"https:\/\/www.freidenker.org\/?p=13271","url_meta":{"origin":11178,"position":0},"title":"\u00dcber den Tisch gezogen","author":"Webredaktion","date":"28. Mai 2022","format":false,"excerpt":"Beitrag von Prof. Dr. Anton Latzo Mit der Niederlage des Sozialismus in Europa, der Zerschlagung der Sowjetunion und der Aufl\u00f6sung der Warschauer Vertragsorganisation war eine neue sicherheitspolitische Situation in Europa und der Welt entstanden. In der Erhaltung der Hegemonie der USA sehen die Herrschenden gegenw\u00e4rtig den Hauptweg zur Rettung ihres\u2026","rel":"","context":"In &quot;Frieden - Antifaschismus - Solidarit\u00e4t&quot;","block_context":{"text":"Frieden - Antifaschismus - Solidarit\u00e4t","link":"https:\/\/www.freidenker.org\/?cat=13"},"img":{"alt_text":"","src":"https:\/\/i0.wp.com\/www.freidenker.org\/fw17\/wp-content\/uploads\/2022\/05\/Boris_Yeltsin_with_Bill_Clinton-1_800x450.jpg?fit=800%2C450&ssl=1&resize=350%2C200","width":350,"height":200,"srcset":"https:\/\/i0.wp.com\/www.freidenker.org\/fw17\/wp-content\/uploads\/2022\/05\/Boris_Yeltsin_with_Bill_Clinton-1_800x450.jpg?fit=800%2C450&ssl=1&resize=350%2C200 1x, https:\/\/i0.wp.com\/www.freidenker.org\/fw17\/wp-content\/uploads\/2022\/05\/Boris_Yeltsin_with_Bill_Clinton-1_800x450.jpg?fit=800%2C450&ssl=1&resize=525%2C300 1.5x, https:\/\/i0.wp.com\/www.freidenker.org\/fw17\/wp-content\/uploads\/2022\/05\/Boris_Yeltsin_with_Bill_Clinton-1_800x450.jpg?fit=800%2C450&ssl=1&resize=700%2C400 2x"},"classes":[]},{"id":11393,"url":"https:\/\/www.freidenker.org\/?p=11393","url_meta":{"origin":11178,"position":1},"title":"Der Afghanistankrieg als Teil von Kriegen um die Weltherrschaft","author":"Webredaktion","date":"10. Oktober 2021","format":false,"excerpt":"Beitrag von Peter Klemm Was sind die wirklichen Beweggr\u00fcnde f\u00fcr den Krieg gegen eines der \u00e4rmsten L\u00e4nder der Welt und welches Spiel wird uns im Vordergrund vorgef\u00fchrt? Die Narrative der US-Regierung k\u00f6nnen und d\u00fcrfen nicht unser Kompass sein, um die Welt zu verstehen. Wir m\u00fcssen in die Vergangenheit gehen, um\u2026","rel":"","context":"In &quot;Frieden - Antifaschismus - Solidarit\u00e4t&quot;","block_context":{"text":"Frieden - Antifaschismus - Solidarit\u00e4t","link":"https:\/\/www.freidenker.org\/?cat=13"},"img":{"alt_text":"","src":"https:\/\/i0.wp.com\/www.freidenker.org\/fw17\/wp-content\/uploads\/2021\/10\/map-1030358_800x450.jpg?fit=800%2C450&ssl=1&resize=350%2C200","width":350,"height":200,"srcset":"https:\/\/i0.wp.com\/www.freidenker.org\/fw17\/wp-content\/uploads\/2021\/10\/map-1030358_800x450.jpg?fit=800%2C450&ssl=1&resize=350%2C200 1x, https:\/\/i0.wp.com\/www.freidenker.org\/fw17\/wp-content\/uploads\/2021\/10\/map-1030358_800x450.jpg?fit=800%2C450&ssl=1&resize=525%2C300 1.5x, https:\/\/i0.wp.com\/www.freidenker.org\/fw17\/wp-content\/uploads\/2021\/10\/map-1030358_800x450.jpg?fit=800%2C450&ssl=1&resize=700%2C400 2x"},"classes":[]},{"id":11125,"url":"https:\/\/www.freidenker.org\/?p=11125","url_meta":{"origin":11178,"position":2},"title":"Analyse: Die Taliban sind jetzt milit\u00e4risch besser ausger\u00fcstet als viele NATO-L\u00e4nder","author":"Webredaktion","date":"25. August 2021","format":false,"excerpt":"Beitrag von Rainer Rupp Im Unterschied zu den USA und anderen staatlichen NATO-Militaristen, die trotz der vernichtenden Niederlage in Afghanistan ihre imperialistische Politik zur Terrorisierung anderer L\u00e4nder fortf\u00fchren wollen, gibt es vor allem in den letzten Wochen und Monaten \u00fcberzeugende Hinweise, dass die Einordnung der neuen Taliban als Terrororganisation nicht\u2026","rel":"","context":"In &quot;Demokratie \u2013 Medien \u2013 Aufkl\u00e4rung&quot;","block_context":{"text":"Demokratie \u2013 Medien \u2013 Aufkl\u00e4rung","link":"https:\/\/www.freidenker.org\/?cat=12"},"img":{"alt_text":"","src":"https:\/\/i0.wp.com\/www.freidenker.org\/fw17\/wp-content\/uploads\/2021\/08\/Taliban_Humvee_in_Kabul_August_2021_800x450.jpg?fit=800%2C450&ssl=1&resize=350%2C200","width":350,"height":200,"srcset":"https:\/\/i0.wp.com\/www.freidenker.org\/fw17\/wp-content\/uploads\/2021\/08\/Taliban_Humvee_in_Kabul_August_2021_800x450.jpg?fit=800%2C450&ssl=1&resize=350%2C200 1x, https:\/\/i0.wp.com\/www.freidenker.org\/fw17\/wp-content\/uploads\/2021\/08\/Taliban_Humvee_in_Kabul_August_2021_800x450.jpg?fit=800%2C450&ssl=1&resize=525%2C300 1.5x, https:\/\/i0.wp.com\/www.freidenker.org\/fw17\/wp-content\/uploads\/2021\/08\/Taliban_Humvee_in_Kabul_August_2021_800x450.jpg?fit=800%2C450&ssl=1&resize=700%2C400 2x"},"classes":[]},{"id":19308,"url":"https:\/\/www.freidenker.org\/?p=19308","url_meta":{"origin":11178,"position":3},"title":"Warum die Wahrheit auf der Strecke bleiben soll","author":"Webredaktion","date":"11. Juni 2024","format":false,"excerpt":"Beitrag von\u00a0Prof. Dr. Anton Latzo Anl\u00e4sslich des Jahrestages der Befreiung vom Faschismus mussten wir zur Kenntnis nehmen, dass die von den Regierenden und ihren Auftraggebern und Ideologen, von Medien und den zahlreichen Stiftungen betriebene Geschichtsbetrachtung der politischen Opportunit\u00e4t untergeordnet wird. Das Zeigen der sowjetischen Fahne, die 1945 als Zeichen des\u2026","rel":"","context":"In &quot;Demokratie \u2013 Medien \u2013 Aufkl\u00e4rung&quot;","block_context":{"text":"Demokratie \u2013 Medien \u2013 Aufkl\u00e4rung","link":"https:\/\/www.freidenker.org\/?cat=12"},"img":{"alt_text":"","src":"https:\/\/i0.wp.com\/www.freidenker.org\/fw17\/wp-content\/uploads\/2024\/06\/Halle_des_Ruhms_Wolgograd_800x450.jpg?fit=800%2C450&ssl=1&resize=350%2C200","width":350,"height":200,"srcset":"https:\/\/i0.wp.com\/www.freidenker.org\/fw17\/wp-content\/uploads\/2024\/06\/Halle_des_Ruhms_Wolgograd_800x450.jpg?fit=800%2C450&ssl=1&resize=350%2C200 1x, https:\/\/i0.wp.com\/www.freidenker.org\/fw17\/wp-content\/uploads\/2024\/06\/Halle_des_Ruhms_Wolgograd_800x450.jpg?fit=800%2C450&ssl=1&resize=525%2C300 1.5x, https:\/\/i0.wp.com\/www.freidenker.org\/fw17\/wp-content\/uploads\/2024\/06\/Halle_des_Ruhms_Wolgograd_800x450.jpg?fit=800%2C450&ssl=1&resize=700%2C400 2x"},"classes":[]},{"id":7763,"url":"https:\/\/www.freidenker.org\/?p=7763","url_meta":{"origin":11178,"position":4},"title":"Nichts ist gut mit den Taliban","author":"Webredaktion","date":"20. M\u00e4rz 2020","format":false,"excerpt":"Beitrag von Friedhelm Klinkhammer und Volker Br\u00e4utigam Welch ein Brimborium: Nach 18 Jahren Krieg in Afghanistan haben die USA mit den Taliban am 29. Februar ein \u201eFriedensabkommen\u201c geschlossen. Eine Regierungserkl\u00e4rung der Bundeskanzlerin gab es trotzdem nicht, Merkel war mal wieder abgetaucht. Statt ihrer durfte Au\u00dfenminister Heiko Maas seine Veranlagung zu\u2026","rel":"","context":"In &quot;Frieden - Antifaschismus - Solidarit\u00e4t&quot;","block_context":{"text":"Frieden - Antifaschismus - Solidarit\u00e4t","link":"https:\/\/www.freidenker.org\/?cat=13"},"img":{"alt_text":"","src":"https:\/\/i0.wp.com\/www.freidenker.org\/fw17\/wp-content\/uploads\/2020\/03\/fahnenuebergabe_800x445.jpg?fit=800%2C445&ssl=1&resize=350%2C200","width":350,"height":200,"srcset":"https:\/\/i0.wp.com\/www.freidenker.org\/fw17\/wp-content\/uploads\/2020\/03\/fahnenuebergabe_800x445.jpg?fit=800%2C445&ssl=1&resize=350%2C200 1x, https:\/\/i0.wp.com\/www.freidenker.org\/fw17\/wp-content\/uploads\/2020\/03\/fahnenuebergabe_800x445.jpg?fit=800%2C445&ssl=1&resize=525%2C300 1.5x, https:\/\/i0.wp.com\/www.freidenker.org\/fw17\/wp-content\/uploads\/2020\/03\/fahnenuebergabe_800x445.jpg?fit=800%2C445&ssl=1&resize=700%2C400 2x"},"classes":[]},{"id":10085,"url":"https:\/\/www.freidenker.org\/?p=10085","url_meta":{"origin":11178,"position":5},"title":"In Treue fest: NATO-Mitglied Tagesschau","author":"Webredaktion","date":"27. April 2021","format":false,"excerpt":"Beitrag von Friedhelm Klinkhammer und Volker Br\u00e4utigam Die Tagesschau \u00fcbertrug seine L\u00fcge im O-Ton: \u201eUm zu verdeutlichen, worum es wirklich geht, habe ich davon gesprochen, dass unsere Sicherheit auch am Hindukusch verteidigt wird. Deutschland ist sicherer, wenn wir zusammen mit Verb\u00fcndeten und Partnern den internationalen Terrorismus dort bek\u00e4mpfen, wo er\u2026","rel":"","context":"In &quot;Demokratie \u2013 Medien \u2013 Aufkl\u00e4rung&quot;","block_context":{"text":"Demokratie \u2013 Medien \u2013 Aufkl\u00e4rung","link":"https:\/\/www.freidenker.org\/?cat=12"},"img":{"alt_text":"","src":"https:\/\/i0.wp.com\/www.freidenker.org\/fw17\/wp-content\/uploads\/2021\/04\/afghanistan-60650_800x450.jpg?fit=800%2C450&ssl=1&resize=350%2C200","width":350,"height":200,"srcset":"https:\/\/i0.wp.com\/www.freidenker.org\/fw17\/wp-content\/uploads\/2021\/04\/afghanistan-60650_800x450.jpg?fit=800%2C450&ssl=1&resize=350%2C200 1x, https:\/\/i0.wp.com\/www.freidenker.org\/fw17\/wp-content\/uploads\/2021\/04\/afghanistan-60650_800x450.jpg?fit=800%2C450&ssl=1&resize=525%2C300 1.5x, https:\/\/i0.wp.com\/www.freidenker.org\/fw17\/wp-content\/uploads\/2021\/04\/afghanistan-60650_800x450.jpg?fit=800%2C450&ssl=1&resize=700%2C400 2x"},"classes":[]}],"_links":{"self":[{"href":"https:\/\/www.freidenker.org\/index.php?rest_route=\/wp\/v2\/posts\/11178","targetHints":{"allow":["GET"]}}],"collection":[{"href":"https:\/\/www.freidenker.org\/index.php?rest_route=\/wp\/v2\/posts"}],"about":[{"href":"https:\/\/www.freidenker.org\/index.php?rest_route=\/wp\/v2\/types\/post"}],"author":[{"embeddable":true,"href":"https:\/\/www.freidenker.org\/index.php?rest_route=\/wp\/v2\/users\/3"}],"replies":[{"embeddable":true,"href":"https:\/\/www.freidenker.org\/index.php?rest_route=%2Fwp%2Fv2%2Fcomments&post=11178"}],"version-history":[{"count":0,"href":"https:\/\/www.freidenker.org\/index.php?rest_route=\/wp\/v2\/posts\/11178\/revisions"}],"wp:featuredmedia":[{"embeddable":true,"href":"https:\/\/www.freidenker.org\/index.php?rest_route=\/wp\/v2\/media\/11179"}],"wp:attachment":[{"href":"https:\/\/www.freidenker.org\/index.php?rest_route=%2Fwp%2Fv2%2Fmedia&parent=11178"}],"wp:term":[{"taxonomy":"category","embeddable":true,"href":"https:\/\/www.freidenker.org\/index.php?rest_route=%2Fwp%2Fv2%2Fcategories&post=11178"},{"taxonomy":"post_tag","embeddable":true,"href":"https:\/\/www.freidenker.org\/index.php?rest_route=%2Fwp%2Fv2%2Ftags&post=11178"}],"curies":[{"name":"wp","href":"https:\/\/api.w.org\/{rel}","templated":true}]}}