{"id":11173,"date":"2021-09-05T21:41:57","date_gmt":"2021-09-05T19:41:57","guid":{"rendered":"https:\/\/www.freidenker.org\/?p=11173"},"modified":"2021-10-11T20:58:49","modified_gmt":"2021-10-11T18:58:49","slug":"trauerspiel-afghanistan-zweiter-akt","status":"publish","type":"post","link":"https:\/\/www.freidenker.org\/?p=11173","title":{"rendered":"\u201eTrauerspiel Afghanistan\u201c: Zweiter Akt"},"content":{"rendered":"<h5>Der Wertewesten f\u00fchrt seinen terroristischen Kolonialkrieg weiter. Mit anderen Mitteln.<\/h5>\n<p><em>Von\u00a0<strong>Friedhelm Klinkhammer<\/strong>\u00a0und\u00a0<strong>Volker Br\u00e4utigam<\/strong><\/em><\/p>\n<p><strong>Ist es Ihnen auch aufgefallen? Die Bundeswehr stellte in Afghanistan 20 Jahre lang eine Besatzertruppe von durchschnittlich 2500 Soldaten (H\u00f6chststand vor zehn Jahren: 5433 Soldaten; im M\u00e4rz 2021 waren es noch knapp 1100). <\/strong>(1)<strong> Doch jetzt m\u00fcssen, laut Au\u00dfenminister Maas und Tagesschau, \u201emehr als 40 000 afghanische Ortskr\u00e4fte der Bundeswehr\u201c <\/strong>(2)<strong> aus ihrem Heimatland heraus- und in Deutschland in Sicherheit gebracht werden. Pro Bundeswehrsoldat circa 17 Hiwis. Die ARD-aktuell-Hofberichterstatter fanden das keiner Nachfrage wert. \u2013<\/strong><\/p>\n<p><strong>Bei dem Bombenattentat am Flughafen Kabul <em>\u201ehaben Terroristen des \u201aIslamischen Staates\u2018 zahlreiche Afghaninnen und Afghanen sowie 13 US-Soldaten get\u00f6tet\u201c<\/em>. <\/strong>(3) <strong>Wie viele Tote das \u201ezahlreich\u201c bedeutet, bezifferte die Tagesschau nicht mal \u00fcberschl\u00e4gig. Dass darunter auch Menschen waren, die im Kugelhagel durchgeknallter US-Soldaten starben, verschwieg sie gleich ganz. Die GIs hatten nach der Explosion wahllos in die Menschenmenge geballert. <\/strong>(4)<\/p>\n<p>Es ist schon beeindruckend, wie es unseren Mainstream-Medien unter F\u00fchrung ihres \u201eFlaggschiffs\u201c Tagesschau gelingt, selbst in Berichten von den aktuellen Panikszenen am Kabuler Flughafen von den Verbrechen der westlichen Besatzer in Afghanistan abzulenken und sie \u201cunsichtbar\u201d zu machen. (5) Bis heute \u2013 und trotz der verdienten Niederlage in diesem zwanzigj\u00e4hrigen Kolonialkrieg \u2013 propagiert die transatlantische Medienmeute das Bild vom edlen Kampf f\u00fcr \u201eDemokratie und Menschenrechte\u201c, in dem es leider nicht gelungen sei, in Afghanistan rechtsstaatliche Ordnung zu schaffen. Woran die Afghanen selbst schuld seien. Die verantwortlichen US-NATO-Polit-Eliten werden zwar jetzt wegen ihrer Fehleinsch\u00e4tzungen und Vers\u00e4umnisse beim Abzug gescholten, aber die Frage nach der Verantwortung f\u00fcr die monstr\u00f6sen Kriegsverbrechen in Afghanistan wird (immer noch) nicht aufgeworfen. (6) Konsequente Ermittlung und Strafverfolgung finden nicht statt.<\/p>\n<p>Die oberfl\u00e4chlichen Bildreportagen vom chaotischen R\u00fcckzug aus Kabul verstellen den Blick daf\u00fcr, dass auch die deutsche Au\u00dfenpolitik ihre verbrecherischen Komponenten hat. ARD-aktuell, wichtigste deutsche Nachrichtenredaktion, hat laut Gesetz \u201edie Grunds\u00e4tze der Objektivit\u00e4t und Unparteilichkeit der Berichterstattung zu ber\u00fccksichtigen\u201c (7), und praktiziert doch das genaue Gegenteil: Durch ihre Selektion, Distraktion und Fragmentierung von Fakten behindert sie eine qualifizierte Meinungsbildung.<\/p>\n<p>Ein paar Zahlen:<\/p>\n<p>Vom 1. Januar 2016 bis zum 31. Dezember 2020 bestanden ihre rund 130 Afghanistan-Beitr\u00e4ge zu fast 50 Prozent aus Sensationsberichten \u00fcber Terror-Anschl\u00e4ge und sonstige katastrophale Ereignisse. Wobei selbstverst\u00e4ndlich die US-Drohnenbombardements und ungez\u00e4hlte Luftangriffe der alliierten Streitkr\u00e4fte nicht erw\u00e4hnt wurden. 20 Prozent waren pure \u00dcbernahmen von regierungsoffiziellen Verlautbarungen \u00fcber Bundeswehr- und Milit\u00e4rangelegenheiten. Nur knapp 10 Prozent der Reportagen spiegelten die gesellschaftlichen Verh\u00e4ltnisse der afghanischen Bev\u00f6lkerung, zumeist der st\u00e4dtischen. Kontinuierliche, unabh\u00e4ngige Information \u00fcber die Ziele und Ergebnisse des Bundeswehr-Engagements hatte die Tagesschau nicht zu bieten. Das zentrale Problem des Landes stand v\u00f6llig au\u00dferhalb ihrer Betrachtung: Afghanistan mit seinen 39 Millionen Einwohnern rangiert bis heute auf Platz 8 der \u00e4rmsten L\u00e4nder der Welt \u2013 mit einem Pro-Kopf-Einkommen von j\u00e4hrlich nur 438 Dollar. (8) (Deutschland: 41 621 Euro. [9])<\/p>\n<h5>Nicht zu fassen<\/h5>\n<p>Weder die Bundeskanzlerin noch einer ihrer Minister noch gar der einzelne Abgeordnete w\u00fcssten pr\u00e4zise zu sagen, wieviele Milliarden Euro genau aus Deutschland am Himalaya eigentlich verpulvert wurden \u2013 7 Milliarden, 17 Milliarden, 47 Milliarden, X-Milliarden? Auch der Bundesrechnungshof wei\u00df es nicht. (10, 11) Ein Offenbarungseid, aber kein Thema f\u00fcr die Tagesschau-Redaktion. Um Legendenbildungen vorzubeugen: Die Antwort der Bundesregierung auf eine entsprechende Anfrage der Linksfraktion, es seien 12,1 Milliarden Euro f\u00fcr Afghanistan ausgegeben worden (12), erlaubt nur einen Blick auf einen Teil des Verteidigungshaushalts, auf andere Etats und verdeckte Zahlungen aber nicht.<\/p>\n<p>Bereits vor 11 Jahren bekannte eine NDR-Redaktionsleiterin: \u201e\u00dcber die Lage in Afghanistan erf\u00e4hrt\u00a0man nichts.\u201c (13)\u00a0 2007 schrieb der ehemalige NVA-Offizier und sp\u00e4tere deutsche Milit\u00e4rattach\u00e9 in Kabul, Oberstleutnant J\u00fcrgen Heiducoff, dem damaligen Au\u00dfenminister Frank-Walter Steinmeier:<\/p>\n<blockquote><p>\u201e&#8230;\u00a0<em>\u00a0Wenn immer mehr zivile Opfer und uns\u00e4gliches Leid durch die eigenen Milit\u00e4rs unter der Zivilbev\u00f6lkerung produziert werden, dann eignet sich das Mittel der milit\u00e4rischen Gewalt nicht, um die Probleme in diesem Land zu l\u00f6sen. \u2026 Tragen Sie bitte dazu bei, die weitere Eskalation der milit\u00e4rischen Gewalt in AFG zu stoppen.\u201c<\/em>\u00a0(14)<\/p><\/blockquote>\n<p>Heiducoff musste seinen Platz r\u00e4umen. Steinmeier hingegen nahm Platz auf Schloss Bellevue. Von dort verk\u00fcndete er k\u00fcrzlich, nach der Katastrophe in Kabul, gest\u00fctzt auf seine gewaltigen Ged\u00e4chtnisl\u00fccken:<\/p>\n<blockquote><p><em>\u201eWir erleben in diesen Tagen eine menschliche Trag\u00f6die, f\u00fcr die wir Mitverantwortung tragen, und eine politische Z\u00e4sur, die uns ersch\u00fcttert und die Welt ver\u00e4ndern wird\u201c.<\/em><em>\u00a0<\/em>(15)<\/p><\/blockquote>\n<p><em>\u201eWir, Bundespr\u00e4sident von Gottes Gnaden\u201c, <\/em>meinte er nicht.<em> \u201e<strong>Ich<\/strong> trage Mitverantwortung\u201c,<\/em> sagte er nicht. Vielmehr schob er die Verantwortung von sich auf uns alle und zelebrierte sich dabei selbst als edelm\u00fctig-betroffen. Der Gr\u00fc\u00dfaugust der Nation wei\u00df, er kann nicht mehr daf\u00fcr zur Verantwortung gezogen werden, dass er entgegen dem Willen von zwei Dritteln der Deutschen immer f\u00fcr die Auslandseins\u00e4tze der Bundeswehr stand und steht.<\/p>\n<h5>Die Beleidigung des denkenden B\u00fcrgers<\/h5>\n<p>Fast genau zwei Jahrzehnte dauerte der Kolonialkrieg der USA und der NATO gegen Afghanistan. Kolonialkrieg, richtig, denn die regierungsoffizielle Behauptung, man wolle das Land mit Demokratie und Menschenrechten begl\u00fccken, war eine ebensolche Beleidigung des denkenden B\u00fcrgers wie das Sozialdemokraten-Wort \u201eDeutschlands Freiheit wird auch am Hindukusch verteidigt\u201c. In einem Anfall von Aufrichtigkeit hat der einstige Bundespr\u00e4sident Horst K\u00f6hler einmal gesagt, in Afghanistan gebe es nicht nur den Terrorismus, sondern auch Seltene Erden. (16, 17) Wenig sp\u00e4ter sah er sich zum R\u00fccktritt gezwungen.<\/p>\n<p>Rund 3.600\u00a0Soldaten der westlichen \u201eWertegemeinschaft\u201c\u00a0WWG lie\u00dfen bis 2020 in diesem Krieg ihr Leben. Auch sie sind mitverantwortlich daf\u00fcr, dass in Afghanistan und im benachbarten Pakistan\u00a0rund 241 000 Menschen umgebracht wurden. Die allermeisten Opfer waren Frauen, Kinder und Alte sowie Soldaten der regul\u00e4ren afghanischen Armee und Polizisten. Die Kriegskosten f\u00fcr die USA betrugen 2,3 Billionen (!) Dollar. (18) Das ist mehr als das Hundertfache des j\u00e4hrlichen afghanischen Brutto-Inlandsprodukts von 19 Milliarden Dollar.<\/p>\n<p>Das Verbrecherische dieses Krieges wurde der \u00d6ffentlichkeit nie wirklich bewusst. Ursache f\u00fcr diesen \u201eErfolg\u201c bei der Pflege unserer Unbedarftheit waren Falschaussage, Desinformation und Sprachregelung. Unsere nahezu gleichgeschalteten Massenmedien lie\u00dfen sich von einer Politikerkaste briefen, deren Selbstbetrug sich mit ihrer Charakterlosigkeit die Waage h\u00e4lt:<\/p>\n<blockquote><p><em>\u201eDa, wo wir konnten, haben wir geholfen, dass so etwas wie eine wache Zivilgesellschaft entsteht. Wir unterst\u00fctzen junge Afghanen und noch mehr junge Afghaninnen, die ihre Gesellschaft moderner und offener machen wollen, immer noch gegen harte Widerst\u00e4nde. Ich darf Ihnen nach meinem letzten Besuch versichern: Auch das tr\u00e4gt Fr\u00fcchte.\u201c<\/em> (Frank-Walter Steinmeier) (19)<\/p><\/blockquote>\n<p>Oder der hier:<\/p>\n<blockquote><p><em>\u201eGemeinsam mit den Menschen in Afghanistan arbeiten Sie seit zwei Jahrzehnten hart f\u00fcr die Sicherheit und eine bessere Zukunft dieses Landes. Ihre Leistungen und ihre Opfer sollten deshalb auch uns hier Verpflichtung sein, unser milit\u00e4risches Engagement in Afghanistan verl\u00e4sslich und verantwortlich zu beenden, sobald es die Bedingungen erlauben, um so dem Frieden in Afghanistan eine echte Chance zu geben\u201c. <\/em>(Heiko Maas) (20)<\/p><\/blockquote>\n<h5>Fortgesetzte Heuchelei<\/h5>\n<p>Bis heute, zwanzig Jahre danach, ist sogar die Standardl\u00fcge noch im Schwange, die Taliban seien mitverantwortlich gewesen f\u00fcr die Terroranschl\u00e4ge am 11. September 2001 in New York und Washington. Nicht die \u201eB\u00e4ckerblume\u201c oder ein \u00e4hnliches K\u00e4seblatt bringt das fertig, sondern die Tagesschau. (21) Den gerichtsfesten Beweis, Osama bin Laden habe sich namens der al-Qaida zu dem Anschlag bekannt, hat niemand je antreten k\u00f6nnen. D<em>er fr\u00fchere Au\u00dfenminister Colin Powell betonte vielmehr<\/em><em>\u00a0<\/em><em>in einem Interview mit der \u201aNew York Times\u2018, gegen Bin Laden<\/em><em>\u00a0<\/em>habe es keine Indizien <em>gegeben.<\/em><em>\u00a0<\/em><em>Die Anklage sei<\/em><em>\u00a0<\/em><em>vielmehr<\/em><em>\u00a0<\/em><\/p>\n<blockquote><p>\u201eein <em>Rechtsfall, der nicht einmal vor einem normalen Strafgericht standhalten w\u00fcrde.\u201c (22)<\/em><\/p><\/blockquote>\n<p>Vor diesem Hintergrund wirkt die vorgebliche Sorge der WWG um die afghanischen Frauen erst recht heuchlerisch. Perverses Denken rechnet Menschenleben gegen Frauenrechte auf. (23)\u00a0Die Sendungen der ARD-aktuell sind voll von diesem Gejammer. Dass zehntausende afghanischer Frauen mit ihren Kindern bei US-Drohnenangriffen von US- und NATO-Soldaten massakriert wurden, war dagegen kein vorrangiges Thema.\u00a0Dass sich die Bundesluftwaffe seit Ende 2009 aktiv an den Bombenfl\u00fcgen der Royal Air Force im S\u00fcden Afghanistans beteiligt hatte (24) und wahrscheinlich ebenfalls f\u00fcr den Tod ungez\u00e4hlter Frauen mitverantwortlich ist, fand die Tagesschau nie einer eigenen Nachforschung wert.<\/p>\n<p><em>\u201eSchie\u00dfereien, Schnitte in Ohren, Nase und Hals, sexueller Missbrauch \u2026 und andere Formen der Brutalit\u00e4t gegen afghanische Frauen sind zur Routine geworden\u201c<\/em>: 2014, w\u00e4hrend der Pr\u00e4sidentschaft Hamid Karsais, wurde in Kabul ein Gesetz beschlossen, das M\u00e4nnern, die Frauen misshandeln, <em>\u201epraktisch Straffreiheit garantiert\u201c<\/em>. (25)<\/p>\n<p>Karsai war eine Marionette der USA. Folglich tauchte in der Tagesschau keine Meldung \u00fcber sein frauenfeindliches Regime auf.<\/p>\n<h5>Synonym f\u00fcr Kollaborateur<\/h5>\n<p>Von den Tagesschau-notorischen \u201emindestens 40 000 afghanischen Ortskr\u00e4ften der Bundeswehr\u201c war eingangs schon die Rede. Insgesamt hat der in Afghanistan engagierte Werte-Westen 250 000 solcher Personen vorerst \u201eim Stich gelassen\u201c (26), l\u00e4sst dar\u00fcber aber dicke Krokodilstr\u00e4nen flie\u00dfen. Ein Experte der muslimischen Welt, der in Syrien lebende Franzose Thierry Meyssan (Herausgeber von <em>Voltaire-Netz<\/em>), hat eine andere Bezeichnung f\u00fcr diese Hilfskr\u00e4fte der westlichen Besatzer: Er nennt sie schlichtweg \u201eKollaborateure\u201c und erinnert daran, dass viele von ihnen \u201eBlut an den H\u00e4nden\u201c haben. (27)<\/p>\n<p>Diesen \u201eOrtskr\u00e4ften\u201c \u2013 wer war der Erfinder dieses verschleiernden Begriffs? \u2013 gilt nun auch Deutschlands demonstratives Mitgef\u00fchl. Wir wollen ja immer auf Seiten der \u201eGuten\u201c stehen. Das ber\u00fccksichtigen unsere politischen Entscheidungstr\u00e4ger bei ihrem Lippenbekenntnis zur Verantwortung f\u00fcr die Ortskr\u00e4fte. Hintenherum bem\u00fchen sich Au\u00dfenminister Maas und Innenminister Seehofer derweil, die Einreise dieser und aller anderen Fluchtwilligen nach Deutschland zu blockieren. (28)<\/p>\n<p>Maas d\u00fcste mit vielen geldwerten Versprechen im Gep\u00e4ck gleich nach dem deutschen Abzug aus Afghanistan in dessen Nachbarl\u00e4nder. Es galt, dort Aufnahmebereitschaft und Internierungslager f\u00fcr afghanische Fl\u00fcchtlinge zu organisieren. Die Tagesschau \u00fcbernahm die Schaumschl\u00e4gerei und meldete, Maas verhandle haupts\u00e4chlich \u00fcber eine sichere Durchreise f\u00fcr die Ortskr\u00e4fte auf deren Weg nach Deutschland. (29) Gewohnheitsl\u00fcgner, alle miteinander.<\/p>\n<p>Weder die Kanzlerin noch einer ihrer Minister bekannten sich mitschuldig am sch\u00e4ndlichen Abgang aus Afghanistan. Vom Blitzerfolg der Taliban beim Vormarsch auf Kabul wollen sie alle gemeinsam \u00fcberrascht worden sein. Dass dies entweder Eingest\u00e4ndnis vollkommener politischer Unf\u00e4higkeit oder glatte L\u00fcge ist, lie\u00df die ARD-aktuell kalt. Schuld an dem Desaster sind, folgt man einem zur Ablenkung entwickelten \u201eNarrativ\u201c, die rund 160 000 feigen und treulosen Soldaten der afghanischen Armee. Die seien, obwohl bestens ausger\u00fcstet, ja schlichtweg davongelaufen, wie wir nun der Tagesschau abkaufen sollen.<\/p>\n<p>Solch primitives Besatzer-Denken nimmt sich heraus, die mehr als 66 000 gefallenen afghanischen Soldaten und zweihunderttausend Verwundeten zu ignorieren, die dabei halfen, \u201eDeutschlands Freiheit am Hindukusch\u201c zu verteidigen. (30)<\/p>\n<h5>Afghanisches Kanonenfutter<\/h5>\n<p>Nach dem strategischen Konzept der westlichen Besatzer waren Polizei und Armee Afghanistans nur Lieferanten von Kanonenfutter. Bundeskanzlerin Merkel sprach schon vor Jahren von einer \u201e\u00dcbergabestrategie in Verantwortung\u201c. Sie meinte mit dieser zynischen Formel, dass der Gro\u00dfteil der K\u00e4mpfe von den einheimischen \u201eSicherheitskr\u00e4ften\u201c ausgetragen werden solle, ungeachtet der Gefahr eines B\u00fcrgerkrieges. Die Kampfhandlungen sollten eben<\/p>\n<blockquote><p><em>\u201eSchritt f\u00fcr Schritt ein afghanischeres<\/em> [sic!]<em> Gesicht bekommen.\u201c\u00a0<\/em>(31)<\/p><\/blockquote>\n<p>Es ging um Kostensenkung im Besatzungsregime, nicht um afghanische Menschenleben und auch nicht um Entwicklung demokratischer Verh\u00e4ltnisse. \u00a0Deshalb hatten Armee und die Polizei Afghanistans zwanzigmal mehr Tote zu beklagen als die NATO-Truppen insgesamt. Dass die afghanische Armee sich binnen Tagen aufl\u00f6ste und ihre Soldaten desertierten oder zu den Taliban \u00fcberliefen, weil sie nicht l\u00e4nger f\u00fcr ein korruptes Kolonialregime sterben wollten, ist keine Schande f\u00fcr sie, sondern der moralische Bankrott des \u201cWertewestens\u201d.<\/p>\n<p>Der tut nun so, als wolle er daraus die Lehren ziehen. Frieden und Freiheit f\u00fcr Afghanistan gew\u00e4hrt er nicht. Er setzt vielmehr sein Terrorregime mit anderen Mitteln fort. In den vergangenen zwanzig Jahren standen die USA und ihre Verb\u00fcndeten daf\u00fcr, dass die Afghanen vom Reichtum ihrer Bodensch\u00e4tze (32) nicht den geringsten Nutzen hatten. Jetzt nehmen die Ex-Besatzer und Ausbeuter ihre Opfer endg\u00fcltig in den W\u00fcrgegriff.<\/p>\n<p>Die USA beschlagnahmten Afghanistans 6 Milliarden Dollar W\u00e4hrungsreserven und kassierten seinen Goldvorrat von 1,2 Milliarden Dollar. Der Zugang zum Internationalen W\u00e4hrungsfonds wurde gesperrt. Die Bundesregierung, herzallerliebst, hatte schon zu Jahresbeginn die Entwicklungshilfe f\u00fcr Afghanistan gestoppt. Die EU h\u00e4lt eine weitere Milliarde Euro zur\u00fcck. (33) Drei Viertel der afghanischen Bev\u00f6lkerung leben eh schon weit unterhalb der Armutsgrenze, teils in unbeschreiblichem Elend.<\/p>\n<p>Hilfe w\u00e4re dringend geboten, berichtete auch die Tagesschau. (34) Statt zu helfen, verschlimmert der Wertewesten die Situation. Wir, \u201edie Guten\u201c, schauen lieber dabei zu, wie die Taliban versuchen, gegen das Elend zu k\u00e4mpfen. Und wehe ihnen, sollten sie sich um russische oder chinesische Partnerschaft bem\u00fchen.<\/p>\n<h5>R\u00e4uber und M\u00f6rder<\/h5>\n<p>Der klassische US-amerikanische Imperialismus: Ganze Nationen \u00fcberfallen, ausrauben, ethnische und religi\u00f6se Gegens\u00e4tze f\u00fcrs Anzetteln von B\u00fcrgerkriegen n\u00fctzen und damit \u201efailed states\u201c (gescheiterte Staaten) schaffen, von denen aus sich die Weltregionen beherrschen lassen. Condoleezza Rice, von 2005 bis 2009 US-Au\u00dfenministerin des Pr\u00e4sidenten George Dabbeljuh Bush, brachte diese Verbrechen auf den Begriff \u201ekreatives Chaos schaffen\u201c. Gerne nehmen die USA daf\u00fcr die Dienste krimineller S\u00f6ldner und islamistischer Terroristen in Anspruch. (35) Das Rezept bew\u00e4hrte sich f\u00fcr Washington nicht nur in Afghanistan, sondern sp\u00e4ter auch in Irak, Syrien, Libyen, Sudan und Somalia.<\/p>\n<p>Die USA haben anscheinend schon vor l\u00e4nger Zeit eine \u201eRattenlinie\u201c aus der von Terroristen beherrschten nordsyrischen Provinz Idlib nach Afghanistan eingerichtet. (36) Der russische Au\u00dfenminister Lawrow warf den USA k\u00fcrzlich unwidersprochen vor, ihre M\u00f6rderbande mit ungekennzeichneten Hubschraubern in Afghanistan abzusetzen und mit Waffen zu versorgen. (37) Verd\u00e4chtig schnell bekamen diese Kopfabschneider die Bezeichnung \u201eISIS-K\u201c. Sie sind Feinde der Taliban, und das d\u00fcrfte sie bald zu unseren \u201eFreunden\u201c machen. Dann wird dieses Geschmei\u00df in der Tagesschau wieder einmal zu \u201emoderaten\u201c Rebellen mutieren.<\/p>\n<p>Eines muss man den Schreibtischt\u00e4tern der ARD-aktuell n\u00e4mlich lassen: Sie verstehen es, unsere sch\u00e4ndliche Abh\u00e4ngigkeit vom angloamerikanischen Machtkomplex und unsere totale gedankliche Auslieferung an denselben als gewollt und positiv darzustellen. Die grausamste Verbrecherpolitik wird uns mit dem Etikett \u201emehr Verantwortung \u00fcbernehmen\u201c verh\u00f6kert. Die Tagesschau macht uns blind f\u00fcr das, was Deutschlands unvergessener Fernsehjournalist Peter Scholl-Latour schon vor elf Jahren erkannte:<\/p>\n<p><em>\u201eTorheiten einer Regierung, die weder zu einer Au\u00dfenpolitik noch zu einer Strategie f\u00e4hig ist<\/em>.<em>\u201c<\/em> (38)<\/p>\n<p>&nbsp;<\/p>\n<p><strong>Quellen und Anmerkungen:<\/strong><\/p>\n<ol>\n<li><a href=\"https:\/\/www.bpb.de\/politik\/grundfragen\/deutsche-verteidigungspolitik\/238332\/afghanistan-einsatz\">https:\/\/www.bpb.de\/politik\/grundfragen\/deutsche-verteidigungspolitik\/238332\/afghanistan-einsatz<\/a><\/li>\n<li><a href=\"https:\/\/www.tagesschau.de\/multimedia\/sendung\/ts-44577.html\">https:\/\/www.tagesschau.de\/multimedia\/sendung\/ts-44577.html<\/a><\/li>\n<li><a href=\"https:\/\/www.tagesschau.de\/ausland\/anschlag-kabul-165.html\">https:\/\/www.tagesschau.de\/ausland\/anschlag-kabul-165.html<\/a><\/li>\n<li><a href=\"http:\/\/www.news.cn\/english\/2021-08\/31\/c_1310158086.htm\">http:\/\/www.news.cn\/english\/2021-08\/31\/c_1310158086.htm<\/a><\/li>\n<li>Mausfeld, \u201eWarum schweigen die L\u00e4mmer?\u201c, Westend, 2019, Seite 40.<\/li>\n<li><a href=\"https:\/\/www.tagesschau.de\/thema\/afghanistan\/\">https:\/\/www.tagesschau.de\/thema\/afghanistan\/<\/a><\/li>\n<li><a href=\"https:\/\/www.gesetze-bayern.de\/Content\/Document\/MStV\/true\">https:\/\/www.gesetze-bayern.de\/Content\/Document\/MStV\/true<\/a><\/li>\n<li><a href=\"https:\/\/www.laenderdaten.info\/am-wenigsten-entwickelte-laender.php\">https:\/\/www.laenderdaten.info\/am-wenigsten-entwickelte-laender.php<\/a><\/li>\n<li><a href=\"https:\/\/de.statista.com\/statistik\/daten\/studie\/161330\/umfrage\/entwicklung-des-bruttonationaleinkommens-bne-in-deutschland-pro-kopf\/\">https:\/\/de.statista.com\/statistik\/daten\/studie\/161330\/umfrage\/entwicklung-des-bruttonationaleinkommens-bne-in-deutschland-pro-kopf\/<\/a><\/li>\n<li><a href=\"https:\/\/de.statista.com\/statistik\/daten\/studie\/159871\/umfrage\/kosten-fuer-den-bundeswehreinsatz-in-afghanistan-seit-2002\/\">https:\/\/de.statista.com\/statistik\/daten\/studie\/159871\/umfrage\/kosten-fuer-den-bundeswehreinsatz-in-afghanistan-seit-2002\/<\/a><\/li>\n<li><a href=\"https:\/\/www.mitwelt.org\/kosten-opfer-afghanistan-krieg\">https:\/\/www.mitwelt.org\/kosten-opfer-afghanistan-krieg<\/a><\/li>\n<li><a href=\"https:\/\/dserver.bundestag.de\/btd\/19\/283\/1928361.pdf\">https:\/\/dserver.bundestag.de\/btd\/19\/283\/1928361.pdf<\/a><\/li>\n<li><a href=\"https:\/\/www.tagesschau.de\/ausland\/guttenbergafghanistan110.html\">https:\/\/www.tagesschau.de\/ausland\/guttenbergafghanistan110.html<\/a><\/li>\n<li><a href=\"https:\/\/anachrichten.de\/blog\/2021\/08\/26\/ein-staatsoberhaupt-mit-gedachtnislucken\/\">https:\/\/anachrichten.de\/blog\/2021\/08\/26\/ein-staatsoberhaupt-mit-gedachtnislucken\/<\/a><\/li>\n<li><a href=\"https:\/\/www.tagesschau.de\/inland\/afghanistan-1019.html\">https:\/\/www.tagesschau.de\/inland\/afghanistan-1019.html<\/a><\/li>\n<li><a href=\"https:\/\/neue-debatte.com\/2021\/08\/26\/demokratie-export-die-beleidigung-der-wahrheit\/\">https:\/\/neue-debatte.com\/2021\/08\/26\/demokratie-export-die-beleidigung-der-wahrheit\/<\/a><\/li>\n<li><a href=\"http:\/\/www.afghanistan-connection.de\/koehler\/\">http:\/\/www.afghanistan-connection.de\/koehler\/<\/a><\/li>\n<li><a href=\"https:\/\/watson.brown.edu\/costsofwar\/costs\/human\/civilians\/afghan\">https:\/\/watson.brown.edu\/costsofwar\/costs\/human\/civilians\/afghan<\/a><\/li>\n<li><a href=\"https:\/\/www.auswaertiges-amt.de\/de\/newsroom\/140213-bm-bt-isaf\/259898\">https:\/\/www.auswaertiges-amt.de\/de\/newsroom\/140213-bm-bt-isaf\/259898<\/a><\/li>\n<li><a href=\"https:\/\/www.auswaertiges-amt.de\/de\/newsroom\/maas-bundestag-resolute-support\/2445924\">https:\/\/www.auswaertiges-amt.de\/de\/newsroom\/maas-bundestag-resolute-support\/2445924<\/a><\/li>\n<li><a href=\"https:\/\/www.tagesschau.de\/regional\/nordrheinwestfalen\/wdr-story-42259.html\">https:\/\/www.tagesschau.de\/regional\/nordrheinwestfalen\/wdr-story-42259.html<\/a><\/li>\n<li><a href=\"https:\/\/www.wallstreet-online.de\/community\/posting-drucken\/4912286\">https:\/\/www.wallstreet-online.de\/community\/posting-drucken\/4912286<\/a><\/li>\n<li><a href=\"https:\/\/www.tagesschau.de\/ausland\/afghanistan\/afghanistan-taliban-behoerden-103.html\">https:\/\/www.tagesschau.de\/ausland\/afghanistan\/afghanistan-taliban-behoerden-103.html<\/a><\/li>\n<li><a href=\"http:\/\/www.luftpost-kl.de\/luftpost-archiv\/LP_10\/LP10410_190410.pdf\">http:\/\/www.luftpost-kl.de\/luftpost-archiv\/LP_10\/LP10410_190410.pdf<\/a><\/li>\n<li><a href=\"https:\/\/www.solidarwerkstatt.at\/frieden-neutralitaet\/afghanistankrieg-bitterkeit-und-zorn\">https:\/\/www.solidarwerkstatt.at\/frieden-neutralitaet\/afghanistankrieg-bitterkeit-und-zorn<\/a><\/li>\n<li><a href=\"https:\/\/www.strategic-culture.org\/news\/2021\/08\/28\/terror-attacks-in-kabul-suspiciously-on-cue-who-gains\/\">https:\/\/www.strategic-culture.org\/news\/2021\/08\/28\/terror-attacks-in-kabul-suspiciously-on-cue-who-gains\/<\/a><\/li>\n<li><a href=\"https:\/\/www.voltairenet.org\/article213829.html\">https:\/\/www.voltairenet.org\/article213829.html<\/a><\/li>\n<li><a href=\"https:\/\/www.german-foreign-policy.com\/news\/detail\/8688\/\">https:\/\/www.german-foreign-policy.com\/news\/detail\/8688\/<\/a><\/li>\n<li><a href=\"https:\/\/www.tagesschau.de\/multimedia\/sendung\/ts-44557.html\">https:\/\/www.tagesschau.de\/multimedia\/sendung\/ts-44557.html<\/a><\/li>\n<li><a href=\"https:\/\/www.nzz.ch\/international\/afghanistan-die-gruende-fuer-das-klaegliche-scheitern-der-armee-ld.1640577\">https:\/\/www.nzz.ch\/international\/afghanistan-die-gruende-fuer-das-klaegliche-scheitern-der-armee-ld.1640577<\/a><\/li>\n<li><a href=\"https:\/\/www.imi-online.de\/2011\/11\/14\/experimentierfeld-af-2\/\">https:\/\/www.imi-online.de\/2011\/11\/14\/experimentierfeld-af-2\/<\/a><\/li>\n<li><a href=\"https:\/\/www.schatzwert.de\/rohstoffe\/bodenschaetze\/bodenschaetze-afghanistan\/\">https:\/\/www.schatzwert.de\/rohstoffe\/bodenschaetze\/bodenschaetze-afghanistan\/<\/a><\/li>\n<li><a href=\"https:\/\/www.merkur.de\/politik\/geber-frieren-milliarden-fuer-afghanistan-ein-zr-90930527.html\">https:\/\/www.merkur.de\/politik\/geber-frieren-milliarden-fuer-afghanistan-ein-zr-90930527.html<\/a><\/li>\n<li><a href=\"https:\/\/www.tagesschau.de\/ausland\/afghanistan-konferenz-113.html\">https:\/\/www.tagesschau.de\/ausland\/afghanistan-konferenz-113.html<\/a><\/li>\n<li><a href=\"https:\/\/www.hintergrund.de\/globales\/kriege\/zerfall-und-neuordnung-im-nahen-osten\/?utm_source=pocket_mylist\">https:\/\/www.hintergrund.de\/globales\/kriege\/zerfall-und-neuordnung-im-nahen-osten\/?utm_source=pocket_mylist<\/a><\/li>\n<li><a href=\"https:\/\/asiatimes.com\/2021\/08\/who-profits-from-the-kabul-suicide-bombing\/\">https:\/\/asiatimes.com\/2021\/08\/who-profits-from-the-kabul-suicide-bombing\/<\/a><\/li>\n<li><a href=\"https:\/\/www.ibtimes.com\/russia-claims-us-supplying-weapons-terrorists-afghanistan-unmarked-helicopters-2655899\">https:\/\/www.ibtimes.com\/russia-claims-us-supplying-weapons-terrorists-afghanistan-unmarked-helicopters-2655899<\/a><\/li>\n<li><a href=\"https:\/\/www.youtube.com\/watch?v=w5awK8DcRvQ\">https:\/\/www.youtube.com\/watch?v=w5awK8DcRvQ<\/a><\/li>\n<\/ol>\n<p style=\"text-align: right;\"><em><strong>Das Autoren-Team:\u00a0<\/strong><\/em><\/p>\n<p style=\"text-align: right;\"><em>Friedhelm Klinkhammer, Jahrgang\u00a01944, Jurist. 1975 bis 2008 Mitarbeiter des NDR, zeitweise Vorsitzender des NDR-Gesamtpersonalrats und des ver.di-Betriebsverbandes\u00a0sowie Referent einer Funkhausdirektorin.<\/em><\/p>\n<p style=\"text-align: right;\"><em>Volker Br\u00e4utigam, Jahrgang 1941, Redakteur. 1975 bis 1996 Mitarbeiter des NDR, zun\u00e4chst in der Tagesschau, von 1992 an in der Kulturredaktion f\u00fcr N3. Danach Lehrauftrag an der Fu-Jen-Universit\u00e4t\u00a0in Taipeh.<\/em><\/p>\n<p style=\"text-align: right;\"><em>Beide Autoren sind Mitglieder des Beirates des Deutschen Freidenker-Verbandes.<\/em><\/p>\n<p><span style=\"font-size: 10pt;\">Dieser Beitrag erschien am 02.09.2021 auch auf <a href=\"https:\/\/publikumskonferenz.de\/blog\/2021\/09\/02\/trauerspiel-afghanistan-zweiter-akt\/\" target=\"_blank\" rel=\"noopener\">publikumskonferenz.de<\/a><\/span><\/p>\n<hr \/>\n<p><span style=\"font-size: 10pt;\">Bild: <span class=\"mw-mmv-title\">US-Soldaten und Fl\u00fcchtlinge am 20. August 2021 am Flughafen-TorinKabul<\/span><br \/>\nFoto: U.S. Marine Corps \/ Staff Sgt. Victor Mancilla, Gemeinfrei<br \/>\nQuelle: <a href=\"https:\/\/commons.wikimedia.org\/w\/index.php?curid=109208368\" target=\"_blank\" rel=\"noopener\">https:\/\/commons.wikimedia.org\/w\/index.php?curid=109208368<\/a><\/span><\/p>\n","protected":false},"excerpt":{"rendered":"<p><b>Beitrag von\u00a0Friedhelm Klinkhammer\u00a0und\u00a0Volker Br\u00e4utigam<\/b><br \/>\nEs ist schon beeindruckend, wie es unseren Mainstream-Medien unter F\u00fchrung ihres \u201eFlaggschiffs\u201c Tagesschau gelingt, selbst in Berichten von den aktuellen Panikszenen am Kabuler Flughafen von den Verbrechen der westlichen Besatzer in Afghanistan abzulenken und sie \u201cunsichtbar\u201d zu machen. Bis heute \u2013 und trotz der verdienten Niederlage in diesem zwanzigj\u00e4hrigen Kolonialkrieg \u2013 propagiert die transatlantische Medienmeute das Bild vom edlen Kampf f\u00fcr \u201eDemokratie und Menschenrechte\u201c, in dem es leider nicht gelungen sei, in Afghanistan rechtsstaatliche Ordnung zu schaffen. Woran die Afghanen selbst schuld seien. &#8230; Die oberfl\u00e4chlichen Bildreportagen vom chaotischen R\u00fcckzug aus Kabul verstellen den Blick daf\u00fcr, dass auch die deutsche Au\u00dfenpolitik ihre verbrecherischen Komponenten hat. <\/p>\n","protected":false},"author":3,"featured_media":11187,"comment_status":"closed","ping_status":"closed","sticky":false,"template":"","format":"standard","meta":{"colormag_page_container_layout":"default_layout","colormag_page_sidebar_layout":"default_layout","advanced_seo_description":"","jetpack_seo_html_title":"","jetpack_seo_noindex":false,"jetpack_post_was_ever_published":false,"footnotes":""},"categories":[12],"tags":[823,699,688,188,1252,1258],"class_list":["post-11173","post","type-post","status-publish","format-standard","has-post-thumbnail","hentry","category-demokratie-medien-aufklaerung","tag-afghanistan","tag-aussenpolitik","tag-bundeswehr","tag-krieg","tag-militaerpolitik","tag-taliban"],"jetpack_featured_media_url":"https:\/\/i0.wp.com\/www.freidenker.org\/fw17\/wp-content\/uploads\/2021\/09\/Evacuation_at_Hamid_Karzai_International_Airport_210821-M-AU949-0155_800x450.jpg?fit=800%2C450&ssl=1","jetpack_shortlink":"https:\/\/wp.me\/p9stpK-2Ud","jetpack-related-posts":[{"id":15831,"url":"https:\/\/www.freidenker.org\/?p=15831","url_meta":{"origin":11173,"position":0},"title":"Videointerview: &#8222;Der Ukraine gehen die Soldaten aus&#8220;","author":"Webredaktion","date":"22. April 2023","format":false,"excerpt":"Oberstleutnant a.D. J\u00fcrgen Rose im Interview Der damalige Oberstleutnant verweigerte 2007 als erster Soldat der Bundeswehr aus Gewissensgr\u00fcnden seine Beteiligung am Tornado-Einsatz in Afghanistan und bat danach um Entbindung aller T\u00e4tigkeiten f\u00fcr die Bundeswehr. Im Interview geht der ehemalige Offizier auf die gegenw\u00e4rtigen Entwicklungen im Krieg in der Ukraine ein.\u2026","rel":"","context":"In &quot;Demokratie \u2013 Medien \u2013 Aufkl\u00e4rung&quot;","block_context":{"text":"Demokratie \u2013 Medien \u2013 Aufkl\u00e4rung","link":"https:\/\/www.freidenker.org\/?cat=12"},"img":{"alt_text":"","src":"https:\/\/i0.wp.com\/www.freidenker.org\/fw17\/wp-content\/uploads\/2023\/04\/rose_rt_interview_6_800x450.jpg?fit=800%2C450&ssl=1&resize=350%2C200","width":350,"height":200,"srcset":"https:\/\/i0.wp.com\/www.freidenker.org\/fw17\/wp-content\/uploads\/2023\/04\/rose_rt_interview_6_800x450.jpg?fit=800%2C450&ssl=1&resize=350%2C200 1x, https:\/\/i0.wp.com\/www.freidenker.org\/fw17\/wp-content\/uploads\/2023\/04\/rose_rt_interview_6_800x450.jpg?fit=800%2C450&ssl=1&resize=525%2C300 1.5x, https:\/\/i0.wp.com\/www.freidenker.org\/fw17\/wp-content\/uploads\/2023\/04\/rose_rt_interview_6_800x450.jpg?fit=800%2C450&ssl=1&resize=700%2C400 2x"},"classes":[]},{"id":3211,"url":"https:\/\/www.freidenker.org\/?p=3211","url_meta":{"origin":11173,"position":1},"title":"Truppen raus aus Afghanistan","author":"Webredaktion","date":"8. Februar 2010","format":false,"excerpt":"Erkl\u00e4rung des Deutschen Freidenker-Verbandes zur Demonstration am 20. Februar 2010 in Berlin Der Deutsche Freidenker-Verband unterst\u00fctzt die Proteste von Friedens- und Antikriegsintitativen f\u00fcr ein Ende des Krieges in Afghanistan. Die Freidenker unterst\u00fctzen den Appell an die Bundestagsabgeordneten: \u201eStimmen Sie mit Nein! Schicken Sie keine weiteren Truppen, sondern ziehen Sie diese\u2026","rel":"","context":"In &quot;Frieden - Antifaschismus - Solidarit\u00e4t&quot;","block_context":{"text":"Frieden - Antifaschismus - Solidarit\u00e4t","link":"https:\/\/www.freidenker.org\/?cat=13"},"img":{"alt_text":"","src":"https:\/\/i0.wp.com\/www.freidenker.org\/fw17\/wp-content\/uploads\/2010\/02\/2010-02-20-hi-8485_800x445.jpg?fit=800%2C445&ssl=1&resize=350%2C200","width":350,"height":200,"srcset":"https:\/\/i0.wp.com\/www.freidenker.org\/fw17\/wp-content\/uploads\/2010\/02\/2010-02-20-hi-8485_800x445.jpg?fit=800%2C445&ssl=1&resize=350%2C200 1x, https:\/\/i0.wp.com\/www.freidenker.org\/fw17\/wp-content\/uploads\/2010\/02\/2010-02-20-hi-8485_800x445.jpg?fit=800%2C445&ssl=1&resize=525%2C300 1.5x, https:\/\/i0.wp.com\/www.freidenker.org\/fw17\/wp-content\/uploads\/2010\/02\/2010-02-20-hi-8485_800x445.jpg?fit=800%2C445&ssl=1&resize=700%2C400 2x"},"classes":[]},{"id":5413,"url":"https:\/\/www.freidenker.org\/?p=5413","url_meta":{"origin":11173,"position":2},"title":"Soldaten! Verweigert den Syrien-Befehl!","author":"Webredaktion","date":"15. September 2018","format":false,"excerpt":"Aufruf\/Petition von Hartmut Barth-Engelbart Soldaten! Ihr habt geschworen, der Bundesrepublik treu zu dienen. Jetzt will man Euch in einen Krieg senden, der diesem Schwur widerspricht. Das gilt f\u00fcr die k\u00e4mpfenden Einheiten ebenso wie f\u00fcr die nachgeordneten Dienste. Dieses Kommando widerspricht jeder Vernunft, jeder milit\u00e4rischen Einsicht und allen Gesetzen, die Euren\u2026","rel":"","context":"In &quot;Frieden - Antifaschismus - Solidarit\u00e4t&quot;","block_context":{"text":"Frieden - Antifaschismus - Solidarit\u00e4t","link":"https:\/\/www.freidenker.org\/?cat=13"},"img":{"alt_text":"","src":"https:\/\/i0.wp.com\/www.freidenker.org\/fw17\/wp-content\/uploads\/2018\/09\/Bundeswehr_Dingo_outside_of_Mazar-e-Sharif_800x445.jpg?fit=800%2C445&ssl=1&resize=350%2C200","width":350,"height":200,"srcset":"https:\/\/i0.wp.com\/www.freidenker.org\/fw17\/wp-content\/uploads\/2018\/09\/Bundeswehr_Dingo_outside_of_Mazar-e-Sharif_800x445.jpg?fit=800%2C445&ssl=1&resize=350%2C200 1x, https:\/\/i0.wp.com\/www.freidenker.org\/fw17\/wp-content\/uploads\/2018\/09\/Bundeswehr_Dingo_outside_of_Mazar-e-Sharif_800x445.jpg?fit=800%2C445&ssl=1&resize=525%2C300 1.5x, https:\/\/i0.wp.com\/www.freidenker.org\/fw17\/wp-content\/uploads\/2018\/09\/Bundeswehr_Dingo_outside_of_Mazar-e-Sharif_800x445.jpg?fit=800%2C445&ssl=1&resize=700%2C400 2x"},"classes":[]},{"id":10085,"url":"https:\/\/www.freidenker.org\/?p=10085","url_meta":{"origin":11173,"position":3},"title":"In Treue fest: NATO-Mitglied Tagesschau","author":"Webredaktion","date":"27. April 2021","format":false,"excerpt":"Beitrag von Friedhelm Klinkhammer und Volker Br\u00e4utigam Die Tagesschau \u00fcbertrug seine L\u00fcge im O-Ton: \u201eUm zu verdeutlichen, worum es wirklich geht, habe ich davon gesprochen, dass unsere Sicherheit auch am Hindukusch verteidigt wird. Deutschland ist sicherer, wenn wir zusammen mit Verb\u00fcndeten und Partnern den internationalen Terrorismus dort bek\u00e4mpfen, wo er\u2026","rel":"","context":"In &quot;Demokratie \u2013 Medien \u2013 Aufkl\u00e4rung&quot;","block_context":{"text":"Demokratie \u2013 Medien \u2013 Aufkl\u00e4rung","link":"https:\/\/www.freidenker.org\/?cat=12"},"img":{"alt_text":"","src":"https:\/\/i0.wp.com\/www.freidenker.org\/fw17\/wp-content\/uploads\/2021\/04\/afghanistan-60650_800x450.jpg?fit=800%2C450&ssl=1&resize=350%2C200","width":350,"height":200,"srcset":"https:\/\/i0.wp.com\/www.freidenker.org\/fw17\/wp-content\/uploads\/2021\/04\/afghanistan-60650_800x450.jpg?fit=800%2C450&ssl=1&resize=350%2C200 1x, https:\/\/i0.wp.com\/www.freidenker.org\/fw17\/wp-content\/uploads\/2021\/04\/afghanistan-60650_800x450.jpg?fit=800%2C450&ssl=1&resize=525%2C300 1.5x, https:\/\/i0.wp.com\/www.freidenker.org\/fw17\/wp-content\/uploads\/2021\/04\/afghanistan-60650_800x450.jpg?fit=800%2C450&ssl=1&resize=700%2C400 2x"},"classes":[]},{"id":3225,"url":"https:\/\/www.freidenker.org\/?p=3225","url_meta":{"origin":11173,"position":4},"title":"Fuldaer Erkl\u00e4rung gegen den Krieg","author":"Webredaktion","date":"23. Dezember 2009","format":false,"excerpt":"Erkl\u00e4rung \"Truppenabzug jetzt! Frieden statt Krieg!\" des DGB-Kreisverbandes Fulda \"Im Oktober 2009 starb ein junger Mann aus der Region Fulda an den schweren Verletzungen, die er mehr als ein Jahr zuvor als Soldat in Afghanistan erlitten hatte. Wir sind best\u00fcrzt \u00fcber die steigende Zahl der Opfer, die der Krieg in\u2026","rel":"","context":"In &quot;Frieden - Antifaschismus - Solidarit\u00e4t&quot;","block_context":{"text":"Frieden - Antifaschismus - Solidarit\u00e4t","link":"https:\/\/www.freidenker.org\/?cat=13"},"img":{"alt_text":"","src":"https:\/\/i0.wp.com\/www.freidenker.org\/fw17\/wp-content\/uploads\/2009\/12\/Bundeswehr_in_Afghanistan_August_2011_800x445.jpg?fit=800%2C445&ssl=1&resize=350%2C200","width":350,"height":200,"srcset":"https:\/\/i0.wp.com\/www.freidenker.org\/fw17\/wp-content\/uploads\/2009\/12\/Bundeswehr_in_Afghanistan_August_2011_800x445.jpg?fit=800%2C445&ssl=1&resize=350%2C200 1x, https:\/\/i0.wp.com\/www.freidenker.org\/fw17\/wp-content\/uploads\/2009\/12\/Bundeswehr_in_Afghanistan_August_2011_800x445.jpg?fit=800%2C445&ssl=1&resize=525%2C300 1.5x, https:\/\/i0.wp.com\/www.freidenker.org\/fw17\/wp-content\/uploads\/2009\/12\/Bundeswehr_in_Afghanistan_August_2011_800x445.jpg?fit=800%2C445&ssl=1&resize=700%2C400 2x"},"classes":[]},{"id":3221,"url":"https:\/\/www.freidenker.org\/?p=3221","url_meta":{"origin":11173,"position":5},"title":"Aktiv werden gegen NATO-Kriegspolitik!","author":"Webredaktion","date":"29. Dezember 2009","format":false,"excerpt":"Die Freidenker unterst\u00fctzten den aktuellen Aufruf des Aktionsb\u00fcndnisses Gegen die Nato-Sicherheitskonferenz 2010. Darin hei\u00dft es: Den Regierungsmitgliedern der NATO-Staaten, den Milit\u00e4rs, Kriegsstrategen und R\u00fcstungslobbyisten, die sich allj\u00e4hrlich zur so genannten Sicherheitskonferenz in M\u00fcnchen treffen, ist eines gemeinsam: Sie sind mit verantwortlich f\u00fcr die v\u00f6lkerrechtswidrigen Kriege gegen Jugoslawien, gegen den Irak\u2026","rel":"","context":"In &quot;Frieden - Antifaschismus - Solidarit\u00e4t&quot;","block_context":{"text":"Frieden - Antifaschismus - Solidarit\u00e4t","link":"https:\/\/www.freidenker.org\/?cat=13"},"img":{"alt_text":"","src":"https:\/\/i0.wp.com\/www.freidenker.org\/fw17\/wp-content\/uploads\/2009\/12\/2010-02-06-wr-8048_800x445.jpg?fit=800%2C445&ssl=1&resize=350%2C200","width":350,"height":200,"srcset":"https:\/\/i0.wp.com\/www.freidenker.org\/fw17\/wp-content\/uploads\/2009\/12\/2010-02-06-wr-8048_800x445.jpg?fit=800%2C445&ssl=1&resize=350%2C200 1x, https:\/\/i0.wp.com\/www.freidenker.org\/fw17\/wp-content\/uploads\/2009\/12\/2010-02-06-wr-8048_800x445.jpg?fit=800%2C445&ssl=1&resize=525%2C300 1.5x, https:\/\/i0.wp.com\/www.freidenker.org\/fw17\/wp-content\/uploads\/2009\/12\/2010-02-06-wr-8048_800x445.jpg?fit=800%2C445&ssl=1&resize=700%2C400 2x"},"classes":[]}],"_links":{"self":[{"href":"https:\/\/www.freidenker.org\/index.php?rest_route=\/wp\/v2\/posts\/11173","targetHints":{"allow":["GET"]}}],"collection":[{"href":"https:\/\/www.freidenker.org\/index.php?rest_route=\/wp\/v2\/posts"}],"about":[{"href":"https:\/\/www.freidenker.org\/index.php?rest_route=\/wp\/v2\/types\/post"}],"author":[{"embeddable":true,"href":"https:\/\/www.freidenker.org\/index.php?rest_route=\/wp\/v2\/users\/3"}],"replies":[{"embeddable":true,"href":"https:\/\/www.freidenker.org\/index.php?rest_route=%2Fwp%2Fv2%2Fcomments&post=11173"}],"version-history":[{"count":0,"href":"https:\/\/www.freidenker.org\/index.php?rest_route=\/wp\/v2\/posts\/11173\/revisions"}],"wp:featuredmedia":[{"embeddable":true,"href":"https:\/\/www.freidenker.org\/index.php?rest_route=\/wp\/v2\/media\/11187"}],"wp:attachment":[{"href":"https:\/\/www.freidenker.org\/index.php?rest_route=%2Fwp%2Fv2%2Fmedia&parent=11173"}],"wp:term":[{"taxonomy":"category","embeddable":true,"href":"https:\/\/www.freidenker.org\/index.php?rest_route=%2Fwp%2Fv2%2Fcategories&post=11173"},{"taxonomy":"post_tag","embeddable":true,"href":"https:\/\/www.freidenker.org\/index.php?rest_route=%2Fwp%2Fv2%2Ftags&post=11173"}],"curies":[{"name":"wp","href":"https:\/\/api.w.org\/{rel}","templated":true}]}}