{"id":1094,"date":"2017-12-15T00:53:11","date_gmt":"2017-12-14T23:53:11","guid":{"rendered":"http:\/\/www.freidenker.org\/fw17\/?p=1094"},"modified":"2019-06-27T21:12:28","modified_gmt":"2019-06-27T19:12:28","slug":"freidenker-4-17-extra-100-jahre-oktoberrevolution-100-jahre-dekret-ueber-den-frieden","status":"publish","type":"post","link":"https:\/\/www.freidenker.org\/?p=1094","title":{"rendered":"FREIDENKER 4-17 EXTRA &#8211; 100 Jahre Oktoberrevolution"},"content":{"rendered":"<p>FREIDENKER Nr. 4-17 EXTRA, Dezember 2017, 76. Jahrgang<\/p>\n<h4 class=\"entry-title\">100 Jahre Oktoberrevolution \u2013 100 Jahre Dekret \u00fcber den Frieden<\/h4>\n<pre>Dieses Heft enth\u00e4lt die Reden der Wissenschaftlichen Konferenz des Deutschen Freidenker-Verbandes vom 30.09.2017 in Berlin<\/pre>\n<p><strong>Editorial<\/strong><\/p>\n<p><strong>Thema<\/strong><\/p>\n<ul>\n<li>Bruno Mahlow<br \/>\nDie Oktoberrevolution \u2013 Aufbruch in gesellschaftliches Neuland<\/li>\n<li>Helga H\u00f6rz<br \/>\n<a href=\"https:\/\/www.freidenker.org\/?p=2809\">Frauen als Gestalterinnen der Geschichte &#8211; Oktoberrevolution und ihre Folgen<\/a><br \/>\n(<img data-recalc-dims=\"1\" loading=\"lazy\" decoding=\"async\" data-attachment-id=\"1072\" data-permalink=\"https:\/\/www.freidenker.org\/?attachment_id=1072\" data-orig-file=\"https:\/\/i0.wp.com\/www.freidenker.org\/fw17\/wp-content\/uploads\/2017\/10\/pdf_icon-e1509487447542.png?fit=16%2C16&amp;ssl=1\" data-orig-size=\"16,16\" data-comments-opened=\"0\" data-image-meta=\"{&quot;aperture&quot;:&quot;0&quot;,&quot;credit&quot;:&quot;&quot;,&quot;camera&quot;:&quot;&quot;,&quot;caption&quot;:&quot;&quot;,&quot;created_timestamp&quot;:&quot;0&quot;,&quot;copyright&quot;:&quot;&quot;,&quot;focal_length&quot;:&quot;0&quot;,&quot;iso&quot;:&quot;0&quot;,&quot;shutter_speed&quot;:&quot;0&quot;,&quot;title&quot;:&quot;&quot;,&quot;orientation&quot;:&quot;0&quot;}\" data-image-title=\"pdf_icon_16\" data-image-description=\"\" data-image-caption=\"\" data-large-file=\"https:\/\/i0.wp.com\/www.freidenker.org\/fw17\/wp-content\/uploads\/2017\/10\/pdf_icon-e1509487447542.png?fit=16%2C16&amp;ssl=1\" class=\"alignnone size-full wp-image-1072\" src=\"https:\/\/i0.wp.com\/www.freidenker.org\/fw17\/wp-content\/uploads\/2017\/10\/pdf_icon-e1509487447542.png?resize=16%2C16&#038;ssl=1\" alt=\"\" width=\"16\" height=\"16\" \/> <a href=\"https:\/\/www.freidenker.org\/fw17\/wp-content\/uploads\/2017\/12\/Freidenker_2017-04_Hoerz-FrauenAlsGestalterinnenDerGeschichte.pdf\" target=\"_blank\" rel=\"noopener noreferrer\">PDF-Dokument<\/a>, ca. 440 KB)<\/li>\n<li>Michael Kubi<br \/>\nStalin, Repressionen, Sowjetdemokratie: UdSSR \u2013 eine Kriminalgeschichte?<\/li>\n<li>Andreas Wehr<br \/>\n<a href=\"https:\/\/www.freidenker.org\/?p=2816\">\u00dcber Fernwirkungen der Oktoberrevolution<\/a><br \/>\n(<img data-recalc-dims=\"1\" loading=\"lazy\" decoding=\"async\" data-attachment-id=\"1072\" data-permalink=\"https:\/\/www.freidenker.org\/?attachment_id=1072\" data-orig-file=\"https:\/\/i0.wp.com\/www.freidenker.org\/fw17\/wp-content\/uploads\/2017\/10\/pdf_icon-e1509487447542.png?fit=16%2C16&amp;ssl=1\" data-orig-size=\"16,16\" data-comments-opened=\"0\" data-image-meta=\"{&quot;aperture&quot;:&quot;0&quot;,&quot;credit&quot;:&quot;&quot;,&quot;camera&quot;:&quot;&quot;,&quot;caption&quot;:&quot;&quot;,&quot;created_timestamp&quot;:&quot;0&quot;,&quot;copyright&quot;:&quot;&quot;,&quot;focal_length&quot;:&quot;0&quot;,&quot;iso&quot;:&quot;0&quot;,&quot;shutter_speed&quot;:&quot;0&quot;,&quot;title&quot;:&quot;&quot;,&quot;orientation&quot;:&quot;0&quot;}\" data-image-title=\"pdf_icon_16\" data-image-description=\"\" data-image-caption=\"\" data-large-file=\"https:\/\/i0.wp.com\/www.freidenker.org\/fw17\/wp-content\/uploads\/2017\/10\/pdf_icon-e1509487447542.png?fit=16%2C16&amp;ssl=1\" class=\"alignnone size-full wp-image-1072\" src=\"https:\/\/i0.wp.com\/www.freidenker.org\/fw17\/wp-content\/uploads\/2017\/10\/pdf_icon-e1509487447542.png?resize=16%2C16&#038;ssl=1\" alt=\"\" width=\"16\" height=\"16\" \/> <a href=\"https:\/\/www.freidenker.org\/fw17\/wp-content\/uploads\/2017\/12\/Freidenker_2017-04_Wehr-FernwirkungenDerOktoberrevolution.pdf\" target=\"_blank\" rel=\"noopener noreferrer\">PDF-Dokument<\/a>, ca. 400 KB)<\/li>\n<li>Marianne Linke<br \/>\n<a href=\"https:\/\/www.freidenker.org\/?p=2823\">Das Dekret \u00fcber den Frieden \u2013 Grundlinie sowjetischer Friedenspolitik<\/a><br \/>\n(<img data-recalc-dims=\"1\" loading=\"lazy\" decoding=\"async\" data-attachment-id=\"1072\" data-permalink=\"https:\/\/www.freidenker.org\/?attachment_id=1072\" data-orig-file=\"https:\/\/i0.wp.com\/www.freidenker.org\/fw17\/wp-content\/uploads\/2017\/10\/pdf_icon-e1509487447542.png?fit=16%2C16&amp;ssl=1\" data-orig-size=\"16,16\" data-comments-opened=\"0\" data-image-meta=\"{&quot;aperture&quot;:&quot;0&quot;,&quot;credit&quot;:&quot;&quot;,&quot;camera&quot;:&quot;&quot;,&quot;caption&quot;:&quot;&quot;,&quot;created_timestamp&quot;:&quot;0&quot;,&quot;copyright&quot;:&quot;&quot;,&quot;focal_length&quot;:&quot;0&quot;,&quot;iso&quot;:&quot;0&quot;,&quot;shutter_speed&quot;:&quot;0&quot;,&quot;title&quot;:&quot;&quot;,&quot;orientation&quot;:&quot;0&quot;}\" data-image-title=\"pdf_icon_16\" data-image-description=\"\" data-image-caption=\"\" data-large-file=\"https:\/\/i0.wp.com\/www.freidenker.org\/fw17\/wp-content\/uploads\/2017\/10\/pdf_icon-e1509487447542.png?fit=16%2C16&amp;ssl=1\" class=\"alignnone size-full wp-image-1072\" src=\"https:\/\/i0.wp.com\/www.freidenker.org\/fw17\/wp-content\/uploads\/2017\/10\/pdf_icon-e1509487447542.png?resize=16%2C16&#038;ssl=1\" alt=\"\" width=\"16\" height=\"16\" \/> <a href=\"https:\/\/www.freidenker.org\/fw17\/wp-content\/uploads\/2017\/12\/Freidenker_2017-04_Linke-DasDekretUeberDenFrieden.pdf\" target=\"_blank\" rel=\"noopener noreferrer\">PDF-Dokument<\/a>, ca. 450 KB)<\/li>\n<li>Rainer Rupp<br \/>\nImmer wieder ostw\u00e4rts: Die Konfrontationspolitik der NATO<\/li>\n<li>Anton Latzo<br \/>\nAlternative Russlands zur Expansion von NATO und EU in Osteuropa<\/li>\n<li>Klaus Hartmann<br \/>\nVom Recht auf Revolution<\/li>\n<\/ul>\n<p><strong>Dekret \u00fcber den Frieden<\/strong><\/p>\n<hr \/>\n<p><strong>Online-Ausgabe:<\/strong><\/p>\n<p>Das Heft kann hier komplett als PDF-Dokument angesehen und heruntergeladen werden:<\/p>\n<p><img data-recalc-dims=\"1\" loading=\"lazy\" decoding=\"async\" data-attachment-id=\"1076\" data-permalink=\"https:\/\/www.freidenker.org\/?attachment_id=1076\" data-orig-file=\"https:\/\/i0.wp.com\/www.freidenker.org\/fw17\/wp-content\/uploads\/2017\/10\/pdf_icon-2.png?fit=32%2C32&amp;ssl=1\" data-orig-size=\"32,32\" data-comments-opened=\"0\" data-image-meta=\"{&quot;aperture&quot;:&quot;0&quot;,&quot;credit&quot;:&quot;&quot;,&quot;camera&quot;:&quot;&quot;,&quot;caption&quot;:&quot;&quot;,&quot;created_timestamp&quot;:&quot;0&quot;,&quot;copyright&quot;:&quot;&quot;,&quot;focal_length&quot;:&quot;0&quot;,&quot;iso&quot;:&quot;0&quot;,&quot;shutter_speed&quot;:&quot;0&quot;,&quot;title&quot;:&quot;&quot;,&quot;orientation&quot;:&quot;0&quot;}\" data-image-title=\"pdf_icon\" data-image-description=\"\" data-image-caption=\"\" data-large-file=\"https:\/\/i0.wp.com\/www.freidenker.org\/fw17\/wp-content\/uploads\/2017\/10\/pdf_icon-2.png?fit=32%2C32&amp;ssl=1\" class=\"alignnone size-full wp-image-1076\" src=\"https:\/\/i0.wp.com\/www.freidenker.org\/fw17\/wp-content\/uploads\/2017\/10\/pdf_icon-2.png?resize=32%2C32&#038;ssl=1\" alt=\"\" width=\"32\" height=\"32\" \/> <a href=\"https:\/\/www.freidenker.org\/fw17\/wp-content\/uploads\/2018\/12\/Freidenker_2017-04_online.pdf\" target=\"_blank\" rel=\"noopener noreferrer\">Verbandsorgan FREIDENKER 4-17 im PDF-Format<\/a> (ca. 3,0 MB)<\/p>\n<p>Zum <a href=\"https:\/\/www.freidenker.org\/?page_id=1682\">\u00dcberblick \u00fcber alle Online-Ausgaben<\/a><\/p>\n","protected":false},"excerpt":{"rendered":"<p><strong>Die EXTRA-Ausgabe 4-17 des Verbandsorgans FREIDENKER hat das Schwerpunkt-Thema \u201e100 Jahre Oktoberrevolution &#8211; 100 Jahre Dekret \u00fcber den Frieden&#8220; und enth\u00e4lt die Reden der Wissenschaftlichen Konferenz des Deutschen Freidenker-Verbandes vom 30.09.2017 in Berlin. <\/strong>Darin:<br \/>\n&#8211; Bruno Mahlow: Die Oktoberrevolution \u2013 Aufbruch in gesellschaftliches Neuland<br \/>\n&#8211; Helga H\u00f6rz: Frauen als Gestalterinnen der Geschichte &#8211; Oktoberrevolution und ihre Folgen<br \/>\n&#8211; Michael Kubi: Stalin, Repressionen, Sowjetdemokratie: UdSSR \u2013 eine Kriminalgeschichte?<br \/>\n&#8211; Andreas Wehr: \u00dcber Fernwirkungen der Oktoberrevolution<br \/>\n&#8211; Marianne Linke: Das Dekret \u00fcber den Frieden \u2013 Grundlinie sowjetischer Friedenspolitik<br \/>\n&#8211; Rainer Rupp: Immer wieder ostw\u00e4rts: Die Konfrontationspolitik der NATO<br \/>\n&#8211; Anton Latzo: Alternative Russlands zur Expansion von NATO und EU in Osteuropa<br \/>\n&#8211; Klaus Hartmann: Vom Recht auf Revolution<\/p>\n","protected":false},"author":3,"featured_media":2768,"comment_status":"closed","ping_status":"closed","sticky":false,"template":"","format":"standard","meta":{"colormag_page_container_layout":"default_layout","colormag_page_sidebar_layout":"default_layout","advanced_seo_description":"","jetpack_seo_html_title":"","jetpack_seo_noindex":false,"jetpack_post_was_ever_published":false,"footnotes":""},"categories":[1162,8],"tags":[409,26,335,188,135,222,767],"class_list":["post-1094","post","type-post","status-publish","format-standard","has-post-thumbnail","hentry","category-geschichte","category-verbandsorgan-freidenker","tag-berlin","tag-freidenker","tag-frieden","tag-krieg","tag-oktoberrevolution","tag-russland","tag-wissenschaftliche-konferenz"],"jetpack_featured_media_url":"https:\/\/i0.wp.com\/www.freidenker.org\/fw17\/wp-content\/uploads\/2017\/12\/FD_2017-04_Titel_mR.jpg?fit=800%2C445&ssl=1","jetpack_shortlink":"https:\/\/wp.me\/p9stpK-hE","jetpack-related-posts":[{"id":1206,"url":"https:\/\/www.freidenker.org\/?p=1206","url_meta":{"origin":1094,"position":0},"title":"Freidenker-Brief 3-2017: 100 Jahre Oktoberrevolution","author":"Webredaktion","date":"30. September 2017","format":false,"excerpt":"Der Deutsche Freidenker-Verband veranstaltete am 30. September 2017 in Berlin im Rathaussaal Pankow eine Konferenz unter dem Titel \u201e100 Jahre Oktoberrevolution \u2013 100 Jahre Dekret \u00fcber den Frieden\u201c. Reporterin Maria Janssen von RT Deutsch sprach vor Ort mit den Freidenkern \u00fcber die Auswirkungen der Oktoberrevolution auf die heutige Politik und\u2026","rel":"","context":"In &quot;Freidenker-Brief&quot;","block_context":{"text":"Freidenker-Brief","link":"https:\/\/www.freidenker.org\/?cat=341"},"img":{"alt_text":"","src":"https:\/\/i0.wp.com\/www.freidenker.org\/fw17\/wp-content\/uploads\/2017\/09\/Stormningen_av_vinterpalatset.jpg?fit=800%2C445&ssl=1&resize=350%2C200","width":350,"height":200,"srcset":"https:\/\/i0.wp.com\/www.freidenker.org\/fw17\/wp-content\/uploads\/2017\/09\/Stormningen_av_vinterpalatset.jpg?fit=800%2C445&ssl=1&resize=350%2C200 1x, https:\/\/i0.wp.com\/www.freidenker.org\/fw17\/wp-content\/uploads\/2017\/09\/Stormningen_av_vinterpalatset.jpg?fit=800%2C445&ssl=1&resize=525%2C300 1.5x, https:\/\/i0.wp.com\/www.freidenker.org\/fw17\/wp-content\/uploads\/2017\/09\/Stormningen_av_vinterpalatset.jpg?fit=800%2C445&ssl=1&resize=700%2C400 2x"},"classes":[]},{"id":1290,"url":"https:\/\/www.freidenker.org\/?p=1290","url_meta":{"origin":1094,"position":1},"title":"Konferenz: 100 Jahre Oktoberrevolution &#8211; 100 Jahre Dekret \u00fcber den Frieden","author":"Webredaktion","date":"21. August 2017","format":false,"excerpt":"Einladung zur Wissenschaftlichen Konferenz am 30. September 2017 in Berlin zum Thema \"100 Jahre Oktoberrevolution - 100 Jahre Dekret \u00fcber den Frieden - Lehren aus 100 Jahre geschichtlicher Erfahrung im Ringen f\u00fcr eine dauerhaft freie Gesellschaft und f\u00fcr Frieden statt Konfrontation mit Russland\". Geplante Vortr\u00e4ge: - Bruno Mahlow: Die Oktoberrevolution\u2026","rel":"","context":"In &quot;Geschichte&quot;","block_context":{"text":"Geschichte","link":"https:\/\/www.freidenker.org\/?cat=1162"},"img":{"alt_text":"","src":"https:\/\/i0.wp.com\/www.freidenker.org\/fw17\/wp-content\/uploads\/2017\/08\/Kustodiev_The_Bolshevik_800x445.jpg?fit=800%2C445&ssl=1&resize=350%2C200","width":350,"height":200,"srcset":"https:\/\/i0.wp.com\/www.freidenker.org\/fw17\/wp-content\/uploads\/2017\/08\/Kustodiev_The_Bolshevik_800x445.jpg?fit=800%2C445&ssl=1&resize=350%2C200 1x, https:\/\/i0.wp.com\/www.freidenker.org\/fw17\/wp-content\/uploads\/2017\/08\/Kustodiev_The_Bolshevik_800x445.jpg?fit=800%2C445&ssl=1&resize=525%2C300 1.5x, https:\/\/i0.wp.com\/www.freidenker.org\/fw17\/wp-content\/uploads\/2017\/08\/Kustodiev_The_Bolshevik_800x445.jpg?fit=800%2C445&ssl=1&resize=700%2C400 2x"},"classes":[]},{"id":1479,"url":"https:\/\/www.freidenker.org\/?p=1479","url_meta":{"origin":1094,"position":2},"title":"Die b\u00f6sen Befreier von Zarismus, Faschismus und Kolonialismus","author":"Webredaktion","date":"1. Dezember 2008","format":false,"excerpt":"Buchver\u00f6ffentlichung im Eigenverlag des Deutschen Freidenker-Verbandes e.V. Materialien der Wissenschaftlichen Konferenz aus Anlass des 90. Jahrestages der Oktoberrevolution 1917 in Russland am 20. Oktober 2007 in Berlin Mit Beitr\u00e4gen von Eberhard Schinck, Klaus Hartmann, Dr. Arnold Sch\u00f6lzel, Prof. Dr. Wolfgang Richter, RA Hans Bauer, Prof. Dr. Erich Hahn, Dr. Wolf-Dieter\u2026","rel":"","context":"In &quot;B\u00fccher des Verbandes&quot;","block_context":{"text":"B\u00fccher des Verbandes","link":"https:\/\/www.freidenker.org\/?cat=5"},"img":{"alt_text":"","src":"https:\/\/i0.wp.com\/www.freidenker.org\/fw17\/wp-content\/uploads\/2017\/12\/FD_Buch_2008_Boese-Befreier.jpg?fit=800%2C445&ssl=1&resize=350%2C200","width":350,"height":200,"srcset":"https:\/\/i0.wp.com\/www.freidenker.org\/fw17\/wp-content\/uploads\/2017\/12\/FD_Buch_2008_Boese-Befreier.jpg?fit=800%2C445&ssl=1&resize=350%2C200 1x, https:\/\/i0.wp.com\/www.freidenker.org\/fw17\/wp-content\/uploads\/2017\/12\/FD_Buch_2008_Boese-Befreier.jpg?fit=800%2C445&ssl=1&resize=525%2C300 1.5x, https:\/\/i0.wp.com\/www.freidenker.org\/fw17\/wp-content\/uploads\/2017\/12\/FD_Buch_2008_Boese-Befreier.jpg?fit=800%2C445&ssl=1&resize=700%2C400 2x"},"classes":[]},{"id":18042,"url":"https:\/\/www.freidenker.org\/?p=18042","url_meta":{"origin":1094,"position":3},"title":"Dritter Anlauf","author":"Webredaktion","date":"28. Januar 2024","format":false,"excerpt":"Beitrag von Arnold Sch\u00f6lzel Am 21. Januar vor 100 Jahren starb Wladimir Iljitsch Lenin. Er stand an der Spitze der Gro\u00dfen Sozialistischen Oktoberrevolution von 1917, die ein ganzes Kapitel der Geschichte der Menschheit beendete und ein neues er\u00f6ffnete. Bereits ihre ersten Ma\u00dfnahmen \u2013 das Dekret \u00fcber den Frieden, mit dem\u2026","rel":"","context":"In &quot;Geschichte&quot;","block_context":{"text":"Geschichte","link":"https:\/\/www.freidenker.org\/?cat=1162"},"img":{"alt_text":"","src":"https:\/\/i0.wp.com\/www.freidenker.org\/fw17\/wp-content\/uploads\/2024\/01\/Vladimir_Lenin_giving_a_speech_800x450.jpg?fit=800%2C450&ssl=1&resize=350%2C200","width":350,"height":200,"srcset":"https:\/\/i0.wp.com\/www.freidenker.org\/fw17\/wp-content\/uploads\/2024\/01\/Vladimir_Lenin_giving_a_speech_800x450.jpg?fit=800%2C450&ssl=1&resize=350%2C200 1x, https:\/\/i0.wp.com\/www.freidenker.org\/fw17\/wp-content\/uploads\/2024\/01\/Vladimir_Lenin_giving_a_speech_800x450.jpg?fit=800%2C450&ssl=1&resize=525%2C300 1.5x, https:\/\/i0.wp.com\/www.freidenker.org\/fw17\/wp-content\/uploads\/2024\/01\/Vladimir_Lenin_giving_a_speech_800x450.jpg?fit=800%2C450&ssl=1&resize=700%2C400 2x"},"classes":[]},{"id":2816,"url":"https:\/\/www.freidenker.org\/?p=2816","url_meta":{"origin":1094,"position":4},"title":"\u00dcber Fernwirkungen der Oktoberrevolution","author":"Webredaktion","date":"16. Dezember 2017","format":false,"excerpt":"Beitrag von Andreas Wehr aus: FREIDENKER 4-17 Wir m\u00fcssen begreifen, dass das Widerspr\u00fcchliche in den sozialistischen Gesellschaften, beginnend mit der Oktoberrevolution, selbst zu einer geschichtlichen Tatsache geworden ist. Die marxistische Theorie wurde zwar als Anleitung benutzt. Sie hatte sich zu bew\u00e4hren. Sie hatte ihren Praxistest zu bestehen. Und \u2013 und\u2026","rel":"","context":"In &quot;Geschichte&quot;","block_context":{"text":"Geschichte","link":"https:\/\/www.freidenker.org\/?cat=1162"},"img":{"alt_text":"Quelle: pixabay.com \/ User: TheDigitalArtist","src":"https:\/\/i0.wp.com\/www.freidenker.org\/fw17\/wp-content\/uploads\/2017\/12\/soviet-union-2704166_800x445.jpg?fit=800%2C445&ssl=1&resize=350%2C200","width":350,"height":200,"srcset":"https:\/\/i0.wp.com\/www.freidenker.org\/fw17\/wp-content\/uploads\/2017\/12\/soviet-union-2704166_800x445.jpg?fit=800%2C445&ssl=1&resize=350%2C200 1x, https:\/\/i0.wp.com\/www.freidenker.org\/fw17\/wp-content\/uploads\/2017\/12\/soviet-union-2704166_800x445.jpg?fit=800%2C445&ssl=1&resize=525%2C300 1.5x, https:\/\/i0.wp.com\/www.freidenker.org\/fw17\/wp-content\/uploads\/2017\/12\/soviet-union-2704166_800x445.jpg?fit=800%2C445&ssl=1&resize=700%2C400 2x"},"classes":[]},{"id":497,"url":"https:\/\/www.freidenker.org\/?p=497","url_meta":{"origin":1094,"position":5},"title":"FREIDENKER 4-07 &#8211; Weltzivilisation im W\u00fcrgegriff der Superreichen","author":"Webmaster","date":"16. Dezember 2007","format":false,"excerpt":"Die Ausgabe 4-07 des Verbandsorgans FREIDENKER hat das Schwerpunkt-Thema \u201eWeltzivilisation im W\u00fcrgegriff der Superreichen\u201c und enth\u00e4lt u.a folgende Beitr\u00e4ge: - Rainer Rupp: Die M\u00e4chtigen und ihre ,heilige Ordnung\u2018 - Klaus von Raussendorff: Wer regiert die Welt? - Christian Christians: Au\u00dfenpolitische Denkfabriken und Netzwerke - Cathrin Sch\u00fctz: \u201eNicht\u201c-Regierungs-organisationen? - Bernd Fricke:\u2026","rel":"","context":"In &quot;Verbandsorgan FREIDENKER&quot;","block_context":{"text":"Verbandsorgan FREIDENKER","link":"https:\/\/www.freidenker.org\/?cat=8"},"img":{"alt_text":"","src":"https:\/\/i0.wp.com\/www.freidenker.org\/fw17\/wp-content\/uploads\/2017\/12\/FD_2007-04_Titel_mR.jpg?fit=800%2C445&ssl=1&resize=350%2C200","width":350,"height":200,"srcset":"https:\/\/i0.wp.com\/www.freidenker.org\/fw17\/wp-content\/uploads\/2017\/12\/FD_2007-04_Titel_mR.jpg?fit=800%2C445&ssl=1&resize=350%2C200 1x, https:\/\/i0.wp.com\/www.freidenker.org\/fw17\/wp-content\/uploads\/2017\/12\/FD_2007-04_Titel_mR.jpg?fit=800%2C445&ssl=1&resize=525%2C300 1.5x, https:\/\/i0.wp.com\/www.freidenker.org\/fw17\/wp-content\/uploads\/2017\/12\/FD_2007-04_Titel_mR.jpg?fit=800%2C445&ssl=1&resize=700%2C400 2x"},"classes":[]}],"_links":{"self":[{"href":"https:\/\/www.freidenker.org\/index.php?rest_route=\/wp\/v2\/posts\/1094","targetHints":{"allow":["GET"]}}],"collection":[{"href":"https:\/\/www.freidenker.org\/index.php?rest_route=\/wp\/v2\/posts"}],"about":[{"href":"https:\/\/www.freidenker.org\/index.php?rest_route=\/wp\/v2\/types\/post"}],"author":[{"embeddable":true,"href":"https:\/\/www.freidenker.org\/index.php?rest_route=\/wp\/v2\/users\/3"}],"replies":[{"embeddable":true,"href":"https:\/\/www.freidenker.org\/index.php?rest_route=%2Fwp%2Fv2%2Fcomments&post=1094"}],"version-history":[{"count":0,"href":"https:\/\/www.freidenker.org\/index.php?rest_route=\/wp\/v2\/posts\/1094\/revisions"}],"wp:featuredmedia":[{"embeddable":true,"href":"https:\/\/www.freidenker.org\/index.php?rest_route=\/wp\/v2\/media\/2768"}],"wp:attachment":[{"href":"https:\/\/www.freidenker.org\/index.php?rest_route=%2Fwp%2Fv2%2Fmedia&parent=1094"}],"wp:term":[{"taxonomy":"category","embeddable":true,"href":"https:\/\/www.freidenker.org\/index.php?rest_route=%2Fwp%2Fv2%2Fcategories&post=1094"},{"taxonomy":"post_tag","embeddable":true,"href":"https:\/\/www.freidenker.org\/index.php?rest_route=%2Fwp%2Fv2%2Ftags&post=1094"}],"curies":[{"name":"wp","href":"https:\/\/api.w.org\/{rel}","templated":true}]}}