{"id":10913,"date":"2021-07-27T23:57:48","date_gmt":"2021-07-27T21:57:48","guid":{"rendered":"https:\/\/www.freidenker.org\/?p=10913"},"modified":"2021-08-14T11:03:25","modified_gmt":"2021-08-14T09:03:25","slug":"gemeinsam-statt-getrennt-korso-fordert-reform-des-religionsunterrichts-an-oeffentlichen-schulen","status":"publish","type":"post","link":"https:\/\/www.freidenker.org\/?p=10913","title":{"rendered":"Gemeinsam statt getrennt! KORSO fordert Reform des Religionsunterrichts an \u00f6ffentlichen Schulen"},"content":{"rendered":"<p><em>Wortmeldung des\u00a0<strong>Koordinierungsrates s\u00e4kularer Organisationen KORSO e.V.<\/strong> vom 27.07.2021:<\/em><\/p>\n<p>Auf Einladung des KORSO kamen am vergangenen Freitag, 23. Juli 2021, 30 Vertreterinnen und Vertreter unterschiedlicher Organisationen aus dem s\u00e4kularen Spektrum per Videokonferenz zu einer Themenwerkstatt zusammen, um sich \u00fcber die Zukunft des Religionsunterrichts auszutauschen \u2013 aus s\u00e4kularer Perspektive. Nach ausf\u00fchrlicher Debatte einigten sich die Anwesenden auf die folgenden drei Konsenspunkte, die eine Grundlage bilden f\u00fcr k\u00fcnftige Forderungen des KORSO:<\/p>\n<ol>\n<li style=\"margin: 10px 0;\">Der KORSO betrachtet Art. 7 Abs. 3 des Grundgesetzes<a id=\"ref1\"><\/a><sup><a href=\"#fn1\" name=\"_ftnref1\">[1]<\/a><\/sup> als reformbed\u00fcrftig. Die einseitige Privilegierung des bekenntnisgebundenen, konfessionellen Religionsunterrichts ist der zunehmend s\u00e4kularen gesellschaftlichen Wirklichkeit immer weniger angemessen. Art. 7 Abs. 3 des Grundgesetzes ist ein unzeitgem\u00e4\u00dfes historisches Relikt.<\/li>\n<li style=\"margin: 10px 0;\">Der KORSO tritt ein f\u00fcr die Einf\u00fchrung eines staatlich verantworteten, weltanschaulich neutralen Ethik- und Religionskundeunterrichts <em>f\u00fcr alle<\/em>. Der Weg dorthin kann zun\u00e4chst landesspezifisch sein und muss die unterschiedlichen rechtlichen und politischen Voraussetzungen in den Bundesl\u00e4ndern ber\u00fccksichtigen. Dieser Weg kann und sollte jedoch bereits beschritten werden, solange Art. 7 Abs. 3 des Grundgesetzes noch gilt. F\u00fcr die schulische Wertebildung folgt der KORSO der Maxime \u201eGemeinsam statt getrennt!\u201c.<a id=\"ref2\"><\/a><a href=\"#fn2\" name=\"_ftnref2\">[2]<\/a><\/li>\n<li style=\"margin: 10px 0;\">Solange bekenntnisgebundene, konfessionell-religi\u00f6se Unterrichtsangebote an der \u00f6ffentlichen Schule bestehen, sind analoge weltlich-humanistische Unterrichtsangebote vollumf\u00e4nglich gleichzubehandeln.<\/li>\n<\/ol>\n<hr \/>\n<p><strong>Anmerkungen<\/strong><\/p>\n<p><a href=\"https:\/\/www.korso-deutschland.de\/religionsunterricht-gemeinsam-statt-getrennt\/#_ftnref1\" name=\"_ftn1\"><\/a><a id=\"fn1\"><\/a><a href=\"#ref1\" name=\"_ftn1\">[1]<\/a> GG Art. 7 Abs. 3: \u201eDer Religionsunterricht ist in den \u00f6ffentlichen Schulen mit Ausnahme der bekenntnisfreien Schulen ordentliches Lehrfach. Unbeschadet des staatlichen Aufsichtsrechtes wird der Religionsunterricht in \u00dcbereinstimmung mit den Grunds\u00e4tzen der Religionsgemeinschaften erteilt. Kein Lehrer darf gegen seinen Willen verpflichtet werden, Religionsunterricht zu erteilen.\u201c<\/p>\n<p><a href=\"https:\/\/www.korso-deutschland.de\/religionsunterricht-gemeinsam-statt-getrennt\/#_ftnref2\" name=\"_ftn2\"><\/a><a id=\"fn2\"><\/a><a href=\"#ref2\" name=\"_ftn2\">[2]<\/a> Vorbildcharakter f\u00fcr k\u00fcnftige Neuregelungen hat dabei die bew\u00e4hrte Praxis des Berliner Modells, das aufgrund der Sonderregelung in Art. 141 GG bereits heute ohne Anwendung von Art. 7 Abs. 3 juristischen Bestand hat. Ein anderer landesspezifischer Weg kann die fl\u00e4chendeckende Einf\u00fchrung bekenntnisfreier Schulen nach Art. 7 Abs. 3 sein.<\/p>\n<hr \/>\n<p><em>Die Themenwerkst\u00e4tten des KORSO sind \u00f6ffentlich. Alle, die an der Mitgestaltung einer s\u00e4kulareren Zukunft unserer Gesellschaft interessiert sind, d\u00fcrfen mitdiskutieren. Um die Einladungen zu erhalten, gen\u00fcgt eine Mail an <a href=\"mailto:info@korso-deutschland.de\" target=\"_blank\" rel=\"noopener\">info@korso-deutschland.de<\/a>, wie auch auf der <a href=\"https:\/\/korso-deutschland.de\">KORSO-Startseite<\/a> vermerkt ist.<\/em><\/p>\n<hr \/>\n<p>Grafik: KORSO e.V.<\/p>\n","protected":false},"excerpt":{"rendered":"<p><b>Wortmeldung des\u00a0Koordinierungsrates s\u00e4kularer Organisationen KORSO e.V. vom 27.07.2021:<\/b><br \/>\nAuf Einladung des KORSO kamen am vergangenen Freitag, 23. Juli 2021, 30 Vertreterinnen und Vertreter unterschiedlicher Organisationen aus dem s\u00e4kularen Spektrum per Videokonferenz zu einer Themenwerkstatt zusammen, um sich \u00fcber die Zukunft des Religionsunterrichts auszutauschen \u2013 aus s\u00e4kularer Perspektive. Nach ausf\u00fchrlicher Debatte einigten sich die Anwesenden auf drei Konsenspunkte, die eine Grundlage bilden f\u00fcr k\u00fcnftige Forderungen des KORSO<\/p>\n","protected":false},"author":3,"featured_media":10914,"comment_status":"closed","ping_status":"closed","sticky":false,"template":"","format":"standard","meta":{"colormag_page_container_layout":"default_layout","colormag_page_sidebar_layout":"default_layout","advanced_seo_description":"","jetpack_seo_html_title":"","jetpack_seo_noindex":false,"jetpack_post_was_ever_published":false,"footnotes":""},"categories":[15],"tags":[844,1379,371,570,1288],"class_list":["post-10913","post","type-post","status-publish","format-standard","has-post-thumbnail","hentry","category-religions-kirchenkritik","tag-grundgesetz","tag-privilegien","tag-religion","tag-religionsunterricht","tag-schule"],"jetpack_featured_media_url":"https:\/\/i0.wp.com\/www.freidenker.org\/fw17\/wp-content\/uploads\/2021\/07\/korso-post_2021-07-24_01-religionsunterricht_800x450.jpg?fit=800%2C450&ssl=1","jetpack_shortlink":"https:\/\/wp.me\/p9stpK-2Q1","jetpack-related-posts":[{"id":4517,"url":"https:\/\/www.freidenker.org\/?p=4517","url_meta":{"origin":10913,"position":0},"title":"Selbstdarstellung des KORSO","author":"Webredaktion","date":"20. Dezember 2016","format":false,"excerpt":"Der Koordinierungsrat s\u00e4kularer Organisationen (KORSO) hat eine Selbstdarstellungsbrosch\u00fcre herausgegeben. Neben einem \u00dcberblick \u00fcber die Ziele und Forderungen des KORSO sind darin Kurzportraits aller Mitgliedsorganisationen enthalten. Aus dem Vorwort: Die Ziele und Strategien der s\u00e4kularen Organisationen sind keineswegs identisch. Sie sind zudem unterschiedlich alt, unterschiedlich gro\u00df, regional unterschiedlich entwickelt und in\u2026","rel":"","context":"In &quot;Publikationen f\u00fcr Freidenker&quot;","block_context":{"text":"Publikationen f\u00fcr Freidenker","link":"https:\/\/www.freidenker.org\/?cat=6"},"img":{"alt_text":"","src":"https:\/\/i0.wp.com\/www.freidenker.org\/fw17\/wp-content\/uploads\/2016\/12\/korso-broschuere_v5.jpg?fit=800%2C445&ssl=1&resize=350%2C200","width":350,"height":200,"srcset":"https:\/\/i0.wp.com\/www.freidenker.org\/fw17\/wp-content\/uploads\/2016\/12\/korso-broschuere_v5.jpg?fit=800%2C445&ssl=1&resize=350%2C200 1x, https:\/\/i0.wp.com\/www.freidenker.org\/fw17\/wp-content\/uploads\/2016\/12\/korso-broschuere_v5.jpg?fit=800%2C445&ssl=1&resize=525%2C300 1.5x, https:\/\/i0.wp.com\/www.freidenker.org\/fw17\/wp-content\/uploads\/2016\/12\/korso-broschuere_v5.jpg?fit=800%2C445&ssl=1&resize=700%2C400 2x"},"classes":[]},{"id":9822,"url":"https:\/\/www.freidenker.org\/?p=9822","url_meta":{"origin":10913,"position":1},"title":"HVD tritt aus dem KORSO aus","author":"Webredaktion","date":"31. M\u00e4rz 2021","format":false,"excerpt":"Der Humanistische Verband Deutschlands - 2008 Gr\u00fcndungsmitglied des Koordinierungsrates S\u00e4kularer Organisationen (KORSO) - hat am 27.03.2021 durch Beschluss seines Delegiertenrates auf Antrag des HVD-Bundesvorstandes entschieden, seine Mitgliedschaft im KORSO zu beenden.\u00a0 Wir ver\u00f6ffentlichen hier die Presseerkl\u00e4rungen des HVD und des KORSO zu diesem Schritt sowie eine erste Stellungnahme des Vorsitzenden\u2026","rel":"","context":"In &quot;Religions- &amp; Kirchenkritik, S\u00e4kulare Szene&quot;","block_context":{"text":"Religions- &amp; Kirchenkritik, S\u00e4kulare Szene","link":"https:\/\/www.freidenker.org\/?cat=15"},"img":{"alt_text":"","src":"https:\/\/i0.wp.com\/www.freidenker.org\/fw17\/wp-content\/uploads\/2021\/04\/hvd_korso_3_800x450.jpg?fit=800%2C450&ssl=1&resize=350%2C200","width":350,"height":200,"srcset":"https:\/\/i0.wp.com\/www.freidenker.org\/fw17\/wp-content\/uploads\/2021\/04\/hvd_korso_3_800x450.jpg?fit=800%2C450&ssl=1&resize=350%2C200 1x, https:\/\/i0.wp.com\/www.freidenker.org\/fw17\/wp-content\/uploads\/2021\/04\/hvd_korso_3_800x450.jpg?fit=800%2C450&ssl=1&resize=525%2C300 1.5x, https:\/\/i0.wp.com\/www.freidenker.org\/fw17\/wp-content\/uploads\/2021\/04\/hvd_korso_3_800x450.jpg?fit=800%2C450&ssl=1&resize=700%2C400 2x"},"classes":[]},{"id":9623,"url":"https:\/\/www.freidenker.org\/?p=9623","url_meta":{"origin":10913,"position":2},"title":"S\u00e4kulare Verst\u00e4ndigung zur Forderung nach Abl\u00f6sung der altrechtlichen Staatsleistungen","author":"Webredaktion","date":"24. Februar 2021","format":false,"excerpt":"Wortmeldung des Koordinierungsrates s\u00e4kularer Organisationen KORSO e.V. Am vergangenen Freitag, 19. Februar, fanden sich auf Einladung des KORSO 16 Vertreterinnen und Vertreter unterschiedlicher Organisationen aus dem s\u00e4kularen Spektrum per Videokonferenz zu einem Expertengespr\u00e4ch zusammen. Thema waren die so genannten \u201ealtrechtlichen Staatsleistungen\u201c.... Die Expertenrunde diskutierte einen Nachmittag lang die wichtigsten Aspekte\u2026","rel":"","context":"In &quot;Religions- &amp; Kirchenkritik, S\u00e4kulare Szene&quot;","block_context":{"text":"Religions- &amp; Kirchenkritik, S\u00e4kulare Szene","link":"https:\/\/www.freidenker.org\/?cat=15"},"img":{"alt_text":"","src":"https:\/\/i0.wp.com\/www.freidenker.org\/fw17\/wp-content\/uploads\/2021\/02\/korso-post_2021-02-22_02-staatsleistungen_800x450.jpg?fit=800%2C450&ssl=1&resize=350%2C200","width":350,"height":200,"srcset":"https:\/\/i0.wp.com\/www.freidenker.org\/fw17\/wp-content\/uploads\/2021\/02\/korso-post_2021-02-22_02-staatsleistungen_800x450.jpg?fit=800%2C450&ssl=1&resize=350%2C200 1x, https:\/\/i0.wp.com\/www.freidenker.org\/fw17\/wp-content\/uploads\/2021\/02\/korso-post_2021-02-22_02-staatsleistungen_800x450.jpg?fit=800%2C450&ssl=1&resize=525%2C300 1.5x, https:\/\/i0.wp.com\/www.freidenker.org\/fw17\/wp-content\/uploads\/2021\/02\/korso-post_2021-02-22_02-staatsleistungen_800x450.jpg?fit=800%2C450&ssl=1&resize=700%2C400 2x"},"classes":[]},{"id":6187,"url":"https:\/\/www.freidenker.org\/?p=6187","url_meta":{"origin":10913,"position":3},"title":"KORSO-Resolution zur Abl\u00f6sung der historischen Staatsleistungen an die Kirchen","author":"Webredaktion","date":"13. April 2019","format":false,"excerpt":"Vor 100 Jahren trat die Weimarer Reichsverfassung in Kraft, vor 70 Jahren das Grundgesetz der Bundesrepublik Deutschland. Anl\u00e4sslich dieses doppelten Verfassungsjubil\u00e4ums im Jahr 2019 stellt der Koordinierungsrat s\u00e4kularer Organisationen (KORSO e.V.) fest: Die Grundidee einer Entflechtung staatlicher und kirchlicher T\u00e4tigkeit war ein bedeutender zivilisatorischer Durchbruch im 20. Jahrhundert. Die durch\u2026","rel":"","context":"In &quot;Religions- &amp; Kirchenkritik, S\u00e4kulare Szene&quot;","block_context":{"text":"Religions- &amp; Kirchenkritik, S\u00e4kulare Szene","link":"https:\/\/www.freidenker.org\/?cat=15"},"img":{"alt_text":"","src":"https:\/\/i0.wp.com\/www.freidenker.org\/fw17\/wp-content\/uploads\/2019\/04\/korso-rv_2019-03-30_vorstand_800x445.jpg?fit=800%2C445&ssl=1&resize=350%2C200","width":350,"height":200,"srcset":"https:\/\/i0.wp.com\/www.freidenker.org\/fw17\/wp-content\/uploads\/2019\/04\/korso-rv_2019-03-30_vorstand_800x445.jpg?fit=800%2C445&ssl=1&resize=350%2C200 1x, https:\/\/i0.wp.com\/www.freidenker.org\/fw17\/wp-content\/uploads\/2019\/04\/korso-rv_2019-03-30_vorstand_800x445.jpg?fit=800%2C445&ssl=1&resize=525%2C300 1.5x, https:\/\/i0.wp.com\/www.freidenker.org\/fw17\/wp-content\/uploads\/2019\/04\/korso-rv_2019-03-30_vorstand_800x445.jpg?fit=800%2C445&ssl=1&resize=700%2C400 2x"},"classes":[]},{"id":9426,"url":"https:\/\/www.freidenker.org\/?p=9426","url_meta":{"origin":10913,"position":4},"title":"S\u00e4kulare Verst\u00e4ndigung zur Suizidhilfe","author":"Webredaktion","date":"29. Januar 2021","format":false,"excerpt":"Wortmeldung des Koordinierungsrates S\u00e4kularer Organisationen (KORSO) Nachdem das Bundesverfassungsgericht das umstrittene Gesetz \u00a7217 StGB im Februar 2020 gekippt hatte, kamen am vergangenen Freitag auf Einladung des KORSO 15 Vertreterinnen und Vertreter unterschiedlicher Organisationen aus dem s\u00e4kularen Spektrum per Videokonferenz zu einem Expertengespr\u00e4ch zusammen ... um \u00fcber s\u00e4kulare Positionen zur Suizidhilfe\u2026","rel":"","context":"In &quot;Arbeit &amp; Soziales&quot;","block_context":{"text":"Arbeit &amp; Soziales","link":"https:\/\/www.freidenker.org\/?cat=11"},"img":{"alt_text":"","src":"https:\/\/i0.wp.com\/www.freidenker.org\/fw17\/wp-content\/uploads\/2021\/01\/hospice-1821429_800x450.jpg?fit=800%2C450&ssl=1&resize=350%2C200","width":350,"height":200,"srcset":"https:\/\/i0.wp.com\/www.freidenker.org\/fw17\/wp-content\/uploads\/2021\/01\/hospice-1821429_800x450.jpg?fit=800%2C450&ssl=1&resize=350%2C200 1x, https:\/\/i0.wp.com\/www.freidenker.org\/fw17\/wp-content\/uploads\/2021\/01\/hospice-1821429_800x450.jpg?fit=800%2C450&ssl=1&resize=525%2C300 1.5x, https:\/\/i0.wp.com\/www.freidenker.org\/fw17\/wp-content\/uploads\/2021\/01\/hospice-1821429_800x450.jpg?fit=800%2C450&ssl=1&resize=700%2C400 2x"},"classes":[]},{"id":11486,"url":"https:\/\/www.freidenker.org\/?p=11486","url_meta":{"origin":10913,"position":5},"title":"KORSO wird Zentralrat","author":"Webredaktion","date":"21. September 2021","format":false,"excerpt":"Mitteilung des KORSO vom 20.09.2021 Bei einer au\u00dferordentlichen Ratsversammlung hat der Koordinierungsrat s\u00e4kularer Organisationen (KORSO) am gestrigen Sonntag, 19. September 2021, eine umfassende Satzungsreform beschlossen. Die auff\u00e4lligste Neuerung betrifft den Namen der Organisation, die damit zum Zentralrat der Konfessionsfreien wird. Mit dieser Namens\u00e4nderung definiert der k\u00fcnftige Zentralrat auch seine Rolle\u2026","rel":"","context":"In &quot;Religions- &amp; Kirchenkritik, S\u00e4kulare Szene&quot;","block_context":{"text":"Religions- &amp; Kirchenkritik, S\u00e4kulare Szene","link":"https:\/\/www.freidenker.org\/?cat=15"},"img":{"alt_text":"","src":"https:\/\/i0.wp.com\/www.freidenker.org\/fw17\/wp-content\/uploads\/2021\/10\/korso-post_2021-09-20_01-zentralrat_800x450.jpg?fit=800%2C450&ssl=1&resize=350%2C200","width":350,"height":200,"srcset":"https:\/\/i0.wp.com\/www.freidenker.org\/fw17\/wp-content\/uploads\/2021\/10\/korso-post_2021-09-20_01-zentralrat_800x450.jpg?fit=800%2C450&ssl=1&resize=350%2C200 1x, https:\/\/i0.wp.com\/www.freidenker.org\/fw17\/wp-content\/uploads\/2021\/10\/korso-post_2021-09-20_01-zentralrat_800x450.jpg?fit=800%2C450&ssl=1&resize=525%2C300 1.5x, https:\/\/i0.wp.com\/www.freidenker.org\/fw17\/wp-content\/uploads\/2021\/10\/korso-post_2021-09-20_01-zentralrat_800x450.jpg?fit=800%2C450&ssl=1&resize=700%2C400 2x"},"classes":[]}],"_links":{"self":[{"href":"https:\/\/www.freidenker.org\/index.php?rest_route=\/wp\/v2\/posts\/10913","targetHints":{"allow":["GET"]}}],"collection":[{"href":"https:\/\/www.freidenker.org\/index.php?rest_route=\/wp\/v2\/posts"}],"about":[{"href":"https:\/\/www.freidenker.org\/index.php?rest_route=\/wp\/v2\/types\/post"}],"author":[{"embeddable":true,"href":"https:\/\/www.freidenker.org\/index.php?rest_route=\/wp\/v2\/users\/3"}],"replies":[{"embeddable":true,"href":"https:\/\/www.freidenker.org\/index.php?rest_route=%2Fwp%2Fv2%2Fcomments&post=10913"}],"version-history":[{"count":0,"href":"https:\/\/www.freidenker.org\/index.php?rest_route=\/wp\/v2\/posts\/10913\/revisions"}],"wp:featuredmedia":[{"embeddable":true,"href":"https:\/\/www.freidenker.org\/index.php?rest_route=\/wp\/v2\/media\/10914"}],"wp:attachment":[{"href":"https:\/\/www.freidenker.org\/index.php?rest_route=%2Fwp%2Fv2%2Fmedia&parent=10913"}],"wp:term":[{"taxonomy":"category","embeddable":true,"href":"https:\/\/www.freidenker.org\/index.php?rest_route=%2Fwp%2Fv2%2Fcategories&post=10913"},{"taxonomy":"post_tag","embeddable":true,"href":"https:\/\/www.freidenker.org\/index.php?rest_route=%2Fwp%2Fv2%2Ftags&post=10913"}],"curies":[{"name":"wp","href":"https:\/\/api.w.org\/{rel}","templated":true}]}}