{"id":10908,"date":"2021-07-27T23:57:28","date_gmt":"2021-07-27T21:57:28","guid":{"rendered":"https:\/\/www.freidenker.org\/?p=10908"},"modified":"2021-08-14T11:03:15","modified_gmt":"2021-08-14T09:03:15","slug":"schlecht-beraten-thinktank-der-bundesregierung-raet-zu-waffenlieferungen-an-die-ukraine","status":"publish","type":"post","link":"https:\/\/www.freidenker.org\/?p=10908","title":{"rendered":"Schlecht beraten: Thinktank der Bundesregierung r\u00e4t zu Waffenlieferungen an die Ukraine"},"content":{"rendered":"<p><strong>In einem Beitrag der SWP wird der Bundesregierung geraten, der Ukraine Waffen zu liefern. Der mit Steuern finanzierte Thinktank r\u00e4t zudem zur Konfrontation mit Russland. Die Argumentation ist haarstr\u00e4ubend und wurzelt in unbewiesenen Behauptungen. <\/strong><\/p>\n<p><em>von<strong> Gert Ewen Ungar<\/strong><\/em><\/p>\n<p>Erstver\u00f6ffentlichung am 26.07.2021 auf <a href=\"https:\/\/de.rt.com\/meinung\/121245-thinktank-der-bundesregierung-raet-zu-waffenlieferungen-an-die-ukraine\/\" target=\"_blank\" rel=\"noopener\">RT DE<\/a><\/p>\n<p>Anfang Juli ver\u00f6ffentlichte die Stiftung Wissenschaft und Politik (SWP) einen <a href=\"https:\/\/www.swp-berlin.org\/publications\/products\/comments\/2021C42_DefenceAssistanceUkraine.pdf\" target=\"_blank\" rel=\"noopener noreferrer\">Beitrag<\/a> von Dumitru Minzarari und Susan Stewart. Die Autoren sprechen sich f\u00fcr Waffenlieferungen der Bundesrepublik an die Ukraine aus. Wichtig ist dabei der Erscheinungsort sowie die Argumentation.<\/p>\n<p>Die SWP ist ein bereits in den 1960er-Jahren gegr\u00fcndeter Thinktank, der zu politischen Themen arbeitet. Die zentrale Aufgabe ist die Beratung der Bundesregierung und des Bundestages. Finanziert wird die SWP aus Steuermitteln und zus\u00e4tzlich aus der Einwerbung von Drittmitteln f\u00fcr einzelne Forschungsprojekte. Die Stiftung beschreibt sich selbst als Ort des Austausches von Wissenschaft und Politik. &#8222;Ein Ort, an dem politische Entscheiderinnen und -entscheider [Fehler im Original] mit Mitarbeiterinnen und Mitarbeitern der SWP im vertraulichen Rahmen Fragen diskutieren und Ideen durchspielen k\u00f6nnen&#8220;, ist auf der <a href=\"https:\/\/www.swp-berlin.org\/die-swp\/ueber-uns\/grundlegendes\/merkmale-unserer-arbeit\" target=\"_blank\" rel=\"noopener noreferrer\">Website<\/a> zu lesen.<\/p>\n<p>Dar\u00fcber hinaus beschreibt sich die SWP als unabh\u00e4ngig. Die Biografien der Referenten zeugen allerdings von einer tiefen Einbettung in westliche, transatlantische Organisationen und Strukturen. So mag sich die SWP f\u00fcr unabh\u00e4ngig halten, einseitig ist sie allemal.<\/p>\n<div class=\"ReadMore-root Section-root Section-is1to3-xs_is1to1\" data-widgets=\"ReadMore\">\n<div class=\"Section-container Section-isRow-isTop-isWrap\">\n<article class=\"Card-root Card-is1to1 \">\n<div class=\"Card-imageWrap\">Minzarari, einer der Autoren eines aktuellen Beitrags, der mit &#8222;The Logic of Defence Assistance to Ukraine A Strategic Assessment&#8220; (Die Logik der defensiven Unterst\u00fctzung der Ukraine. Eine strategische Bewertung) \u00fcberschrieben ist, hat in den USA internationale Beziehungen studiert. F\u00fcr die OSZE hat er im Rahmen von Beobachtermissionen in der Ukraine und Kirgisistan gearbeitet und hatte zuletzt ein Forschungssemester am NATO Defense College in Rom absolviert.<\/div>\n<\/article>\n<\/div>\n<\/div>\n<p>Seine Co-Autorin Stewart spricht sich in ihren Beitr\u00e4gen f\u00fcr die SWP immer wieder f\u00fcr eine &#8222;robustere Russlandpolitik&#8220; aus. Damit steht sie bei der SWP nicht allein, denn die Stiftung bleibt <a href=\"https:\/\/www.swp-berlin.org\/fokusthema\/die-eu-russland-beziehungen\" target=\"_blank\" rel=\"noopener noreferrer\">beim Thema Russland<\/a>\u00a0in der Rhetorik der Konfrontation stecken und verk\u00fcrzt bei komplexen Themen, die eigentlich umfassende Analysen und eine feine Differenzierung ben\u00f6tigen, die Argumentation auf einseitige Schuldzuweisungen an Russland. Es ist offenkundig der Geist des neuen Kalten Krieges, der auf den Fluren der SWP weht und sich in den Beitr\u00e4gen niederschl\u00e4gt. Eine tats\u00e4chliche wissenschaftliche Ausgewogenheit sucht man vielfach vergebens.<\/p>\n<p>Im aktuellen Beitrag zur Ukraine sprechen sich die beiden Autoren f\u00fcr die Lieferung sogenannter defensiver Waffen an das Land aus. \u00dcber die Problematik des Begriffs &#8222;defensive Waffe&#8220; soll es hier nicht gehen. Aber nat\u00fcrlich ist es so, dass eine Vielzahl der Waffen, die als defensiv gewertet werden, auch offensiv eingesetzt werden k\u00f6nnen. Der Begriff ist daher irref\u00fchrend. Es geht einfach um Waffenlieferungen.<\/p>\n<p>Im Beitrag wird die These vertreten, dass Waffenlieferungen der Deeskalierung eines Konfliktes dienen k\u00f6nnen. Konkret beziehen sich die Autoren dabei auf eine Analyse der RAND Corporation, eines Thinktanks, der die US-Armee ber\u00e4t. Dieser will einen Zusammenhang zwischen Waffenlieferungen in Krisengebiete und der Befriedung von Konflikten festgestellt haben. Dabei ist dieser Zusammenhang wenig evident. Beispiele, die zeigen, dass die Lieferung von Waffen in eine Krisenregion zu einem dauerhaften und stabilen Frieden gef\u00fchrt hat, wollen spontan auch nicht einfallen.<\/p>\n<p>Was der Beitrag verschweigt, ist, dass selbst die russlandfreundlicher Umtriebe v\u00f6llig unverd\u00e4chtige RAND Corporation zu der Erkenntnis kam, dass Russland <a href=\"https:\/\/www.rand.org\/pubs\/research_reports\/RR2402.html\" target=\"_blank\" rel=\"noopener noreferrer\">nicht den Konflikt<\/a>\u00a0mit NATO-L\u00e4ndern sucht. Nun mag man einwenden, die Ukraine sei gar nicht in der NATO. Allerdings strebt die Ukraine die Aufnahme in das transatlantische B\u00fcndnis an, hat dieses Ziel sogar in die Verfassung aufgenommen. Zudem ist offenkundig, dass die NATO in der Ukraine massiv ihre Interessen verfolgt und das Land zu ihrem Einflussgebiet z\u00e4hlt. Einen direkten milit\u00e4rischen \u00dcberfall der Ukraine durch Russland w\u00fcrde die NATO zweifellos entsprechend beantworten.<\/p>\n<div class=\"ReadMore-root Section-root Section-is1to3-xs_is1to1\" data-widgets=\"ReadMore\">\n<div class=\"Section-container Section-isRow-isTop-isWrap\">\n<article class=\"Card-root Card-is1to1 \">\n<div class=\"Card-imageWrap\">Die dem Beitrag zugrunde liegende Annahme der Autoren ist dennoch, dass Russland milit\u00e4risch aktiv in den Konflikt im Donbass involviert ist. Dort st\u00fcnden russische Soldaten, entsandt und finanziert von Moskau, die aus dem Donbass heraus Krieg gegen die Ukraine f\u00fchrten und die &#8222;Separatisten&#8220; der Donezker und Lugansker Republiken milit\u00e4risch unterst\u00fctzten. Das ist allerdings falsch. Auch der Wissenschaftliche Dienst des Bundestages kommt in einer Meldung zum <a href=\"https:\/\/www.bundestag.de\/resource\/blob\/672712\/2a08c849f9d72846dab01a017ac40ce2\/WD-2-137-19-pdf-data.pdf\" target=\"_blank\" rel=\"noopener noreferrer\">Sachstand<\/a> vom Dezember 2019 zu dem Ergebnis, dass es keine ausreichenden Belge f\u00fcr eine aktive milit\u00e4rische Beteiligung Russlands gebe. W\u00f6rtlich hei\u00dft es da:<\/div>\n<\/article>\n<\/div>\n<\/div>\n<blockquote><p><em>&#8222;Die Frage, ob pro-russische Separatisten in der Donbass-Region derzeit von Moskau aus kontrolliert und gesteuert werden, oder ob sich noch regul\u00e4re russische Truppen auf ukrainischem Territorium aufhalten, l\u00e4sst sich ohne belastbares Faktenmaterial \u2013 insbesondere ohne entsprechende Geheimdienstinformationen \u2013 nicht zuverl\u00e4ssig beantworten.&#8220;<\/em><\/p><\/blockquote>\n<p>Es handelt sich um einen B\u00fcrgerkrieg, nicht um einen internationalen milit\u00e4rischen Konflikt. Mit anderen Worten: Es gibt keinen Krieg Russlands gegen die Ukraine.<\/p>\n<p>Trotz dieser Tatsache spricht der Beitrag der beiden Autoren von &#8222;Russian attacks&#8220;, russischen Angriffen, sowie von &#8222;war between Russia (\u2026) and Ukraine&#8220;, Krieg zwischen Russland und der Ukraine. Genau f\u00fcr diese zugrunde liegende Behauptung gibt es keinerlei Beweise. Auf ihr aber baut die Argumentation des Beitrags auf. Er wirkt damit genauso verlogen wie Beitr\u00e4ge des deutschen Mainstreams, die die milit\u00e4rische Pr\u00e4senz russischer Truppen im Donbass ebenfalls faktenfrei behaupten. Der deutsche Mainstream t\u00e4uscht dabei seine Leser, die SWP mit ihrer dezidierten Beratungsfunktion t\u00e4uscht politische Entscheider.<\/p>\n<p>Aber noch an anderen Stellen ist die Argumentation nicht schl\u00fcssig. Der Beitrag dr\u00e4ngt darauf, dass Deutschland aktiv Waffen an die Ukraine liefert, stellt aber gleichzeitig fest, dass andere L\u00e4nder dies bereits seit geraumer Zeit tun, neben den USA, Gro\u00dfbritannien und Kanada auch Litauen. Die Frage, warum nun auch Deutschland mit Waffenlieferungen beginnen sollte, stellt sich hier unmittelbar. Die Ukraine wird umfassend mit Waffen versorgt. Der Machtwechsel in Washington zu Beginn des Jahres brachte f\u00fcr den Donbass zudem zwar eine Eskalation des Konflikts, aber keine Entscheidung. Mit dem Machtwechsel in Washington nahmen die Gefechte zu. Die aggressiven Handlungen der Ukraine waren offenbar mit der Biden-Administration abgestimmt. An der Situation insgesamt hat sich jedoch nichts ge\u00e4ndert. Der B\u00fcrgerkrieg schwelt.<\/p>\n<p>So bleibt letztlich noch das Argument, die Kosten f\u00fcr Russland in die H\u00f6he zu treiben. Mit einer milit\u00e4risch st\u00e4rkeren Ukraine h\u00e4tte Deutschland mehr Verhandlungsmacht und w\u00e4re in einer besseren Position, um Russland zu Kompromissen zu zwingen, argumentieren Stewart und Minzarari. Auch das wirkt vor dem Hintergrund naiv, dass Russland gar keine Konfliktpartei ist. Folgt man der Logik des Beitrags, ist es zudem wahrscheinlicher, dass eine Eskalationsspirale droht.<\/p>\n<div class=\"ReadMore-root Section-root Section-is1to3-xs_is1to1\" data-widgets=\"ReadMore\">\n<div class=\"Section-container Section-isRow-isTop-isWrap\">\n<article class=\"Card-root Card-is1to1 \">\n<div class=\"Card-imageWrap\">Was der Beitrag, der sich komplett der Kriegslogik verschrieben hat, in diesem Zusammenhang v\u00f6llig au\u00dfer Acht l\u00e4sst, sind wirtschaftliche und wirtschaftspolitische Fragen. Die Ukraine ist inzwischen das \u00e4rmste Land Europas. Es h\u00e4ngt v\u00f6llig am Tropf westlicher Institutionen wie dem IWF, ist abh\u00e4ngig von Krediten und Zuwendungen westlicher Geldgeber. Junge Menschen verlassen das Land in Scharen als Arbeitsmigranten in Richtung Polen einerseits, in Richtung Russland andererseits. Der Niedriglohnsektor im wirtschaftlich prosperierenden Polen steht Arbeitsmigranten aus der Ukraine offen. Die Ukraine blutet \u00f6konomisch aus. Eine wirtschaftlich souver\u00e4ne Ukraine wird es auf absehbare Zeit nicht geben. Die Ukraine ist ein Proxy, ein Stellvertreter westlicher Staaten ohne eigene Autonomie in zentralen Fragen, denn die Ukraine sitzt in der Schuldenfalle. Zus\u00e4tzliche Kredite f\u00fcr Waffen w\u00fcrden diese Abh\u00e4ngigkeit noch weiter vertiefen.<\/div>\n<\/article>\n<\/div>\n<\/div>\n<p>Als vollst\u00e4ndig abh\u00e4ngiger Proxy dient die Ukraine der Eskalation des Verh\u00e4ltnisses westlicher Staaten zu Russland. Implizit macht genau dies der Beitrag des SWP deutlich, denn seine Vorschl\u00e4ge zielen nicht auf eine Befriedung des Konflikts, sondern auf eine Zementierung einer neuen Ost-West-Konfrontation. Die Ukraine wird machtpolitisch auf Kosten der ukrainischen Bev\u00f6lkerung instrumentalisiert.<\/p>\n<p>Dabei liegt es nicht im Interesse Europas, Konflikte einzufrieren und neue Konfrontationslinien quer durch den europ\u00e4ischen Kontinent zu ziehen. Die beiden Autoren der SWP raten allerdings genau dazu.<\/p>\n<p>So ist vor allem eines festzuhalten: Die Bundesregierung wird schlecht beraten. Die Vorschl\u00e4ge der SWP sind nicht geeignet, den Konflikt in der Ukraine zu befrieden und Europa zu einem Kontinent des Friedens zu machen. Die zugrunde liegenden Annahmen sind falsch. Die Argumentation folgt der Logik der Konfrontation und des Kalten Krieges. Ihr zu folgen br\u00e4chte erhebliche Nachteile f\u00fcr die Ukraine, f\u00fcr Deutschland, die EU und Europa als Ganzes. Die Bundesregierung w\u00e4re daher gut beraten, sich neue Berater zu suchen.<\/p>\n<p style=\"text-align: right;\"><em>Gert-Ewen Ungar, Jahrgang 1969, studierte in Frankfurt am Main Philosophie und Germanistik, lebt jetzt in Berlin und arbeitet als P\u00e4dagoge in der Sozialpsychiatrie.<\/em><br \/>\n<em>Er ist regelm\u00e4\u00dfiger Autor bei RT DE.<\/em><\/p>\n<p><span style=\"font-size: 10pt;\">Link zur Erstver\u00f6ffentlichung auf RT DE: <a href=\"https:\/\/de.rt.com\/meinung\/121245-thinktank-der-bundesregierung-raet-zu-waffenlieferungen-an-die-ukraine\/\" target=\"_blank\" rel=\"noopener\">https:\/\/de.rt.com\/meinung\/121245-thinktank-der-bundesregierung-raet-zu-waffenlieferungen-an-die-ukraine\/<\/a><\/span><\/p>\n<hr \/>\n<p><span style=\"font-size: 10pt;\">Bild: &#8222;<span class=\"VIiyi\" lang=\"de\"><span class=\"JLqJ4b ChMk0b\" data-language-for-alternatives=\"de\" data-language-to-translate-into=\"en\" data-phrase-index=\"0\">Anti-Terror-Operation&#8220; in der Ostukraine, Mai 2016<br \/>\nFoto: Vadim Kovalev,\u00a0<\/span><\/span><span class=\"cc-license-identifier\"><a href=\"https:\/\/creativecommons.org\/licenses\/by-sa\/2.0\/\" target=\"_blank\" rel=\"noopener\">CC BY-SA 2.0<\/a><br \/>\nQuelle: <a href=\"https:\/\/www.flickr.com\/photos\/ministryofdefenceua\/27095245666\" target=\"_blank\" rel=\"noopener\">https:\/\/www.flickr.com\/photos\/ministryofdefenceua\/27095245666<\/a><\/span><\/span><\/p>\n<p>&nbsp;<\/p>\n","protected":false},"excerpt":{"rendered":"<p><b>Beitrag von Gert Ewen Ungar<\/b><br \/>\nAnfang Juli ver\u00f6ffentlichte die Stiftung Wissenschaft und Politik (SWP) einen Beitrag von Dumitru Minzarari und Susan Stewart. Die Autoren sprechen sich f\u00fcr Waffenlieferungen der Bundesrepublik an die Ukraine aus. Wichtig ist dabei der Erscheinungsort sowie die Argumentation. Die SWP ist ein bereits in den 1960er-Jahren gegr\u00fcndeter Thinktank, der zu politischen Themen arbeitet. Die zentrale Aufgabe ist die Beratung der Bundesregierung und des Bundestages. Finanziert wird die SWP aus Steuermitteln und zus\u00e4tzlich aus der Einwerbung von Drittmitteln f\u00fcr einzelne Forschungsprojekte. Die Stiftung beschreibt sich selbst als Ort des Austausches von Wissenschaft und Politik.<\/p>\n","protected":false},"author":3,"featured_media":10911,"comment_status":"closed","ping_status":"closed","sticky":false,"template":"","format":"standard","meta":{"colormag_page_container_layout":"default_layout","colormag_page_sidebar_layout":"default_layout","advanced_seo_description":"","jetpack_seo_html_title":"","jetpack_seo_noindex":false,"jetpack_post_was_ever_published":false,"footnotes":""},"categories":[13],"tags":[1121,57,56,222,1410,1111,947],"class_list":["post-10908","post","type-post","status-publish","format-standard","has-post-thumbnail","hentry","category-frieden-antifaschismus-solidaritaet","tag-donbass","tag-kriegsgefahr","tag-nato","tag-russland","tag-thinktank","tag-ukraine","tag-waffenhandel"],"jetpack_featured_media_url":"https:\/\/i0.wp.com\/www.freidenker.org\/fw17\/wp-content\/uploads\/2021\/07\/ukrainische_soldaten_800x450.jpg?fit=800%2C450&ssl=1","jetpack_shortlink":"https:\/\/wp.me\/p9stpK-2PW","jetpack-related-posts":[{"id":20984,"url":"https:\/\/www.freidenker.org\/?p=20984","url_meta":{"origin":10908,"position":0},"title":"Stiftung Wissenschaft und Politik: Wenn Blinde von Farben reden","author":"Webredaktion","date":"18. Februar 2025","format":false,"excerpt":"Beitrag von Dagmar Henn Man sollte eigentlich annehmen, dass der Beginn der milit\u00e4rischen Sonderoperation Russlands vor fast drei Jahren zumindest eines deutlich zu verstehen gegeben hat: dass es Russland sehr ernst damit meint, die Ukraine nicht in der NATO sehen zu wollen. Die Stiftung Wissenschaft und Politik (SWP) in Berlin,\u2026","rel":"","context":"In &quot;Demokratie \u2013 Medien \u2013 Aufkl\u00e4rung&quot;","block_context":{"text":"Demokratie \u2013 Medien \u2013 Aufkl\u00e4rung","link":"https:\/\/www.freidenker.org\/?cat=12"},"img":{"alt_text":"","src":"https:\/\/i0.wp.com\/www.freidenker.org\/fw17\/wp-content\/uploads\/2025\/02\/Wilmersdorf_Ludwigkirchplatz_Stiftung_Wissenschaft_und_Politik_800x450.jpg?fit=800%2C450&ssl=1&resize=350%2C200","width":350,"height":200,"srcset":"https:\/\/i0.wp.com\/www.freidenker.org\/fw17\/wp-content\/uploads\/2025\/02\/Wilmersdorf_Ludwigkirchplatz_Stiftung_Wissenschaft_und_Politik_800x450.jpg?fit=800%2C450&ssl=1&resize=350%2C200 1x, https:\/\/i0.wp.com\/www.freidenker.org\/fw17\/wp-content\/uploads\/2025\/02\/Wilmersdorf_Ludwigkirchplatz_Stiftung_Wissenschaft_und_Politik_800x450.jpg?fit=800%2C450&ssl=1&resize=525%2C300 1.5x, https:\/\/i0.wp.com\/www.freidenker.org\/fw17\/wp-content\/uploads\/2025\/02\/Wilmersdorf_Ludwigkirchplatz_Stiftung_Wissenschaft_und_Politik_800x450.jpg?fit=800%2C450&ssl=1&resize=700%2C400 2x"},"classes":[]},{"id":15719,"url":"https:\/\/www.freidenker.org\/?p=15719","url_meta":{"origin":10908,"position":1},"title":"&#8222;Entz\u00fcckend, hoch kreativ&#8220; \u2013 Marieluise Beck und ihre Liebe zum Faschismus","author":"Webredaktion","date":"7. April 2023","format":false,"excerpt":"Beitrag von Gert Ewen Ungar Mit einem einzigen Tweet verdeutlicht die rechte, neokonservative Politikerin Marieluise Beck, was heute in Deutschland in der sogenannten \"Mitte\" der Gesellschaft schief l\u00e4uft: es fehlt dieser sich gern als linksliberal verstehenden \"Mitte\" an Resilienz gegen Faschismus.\u00a0Marieluise Beck betreibt mit ihrem Mann Ralf F\u00fccks einen einflussreichen,\u2026","rel":"","context":"In &quot;Demokratie \u2013 Medien \u2013 Aufkl\u00e4rung&quot;","block_context":{"text":"Demokratie \u2013 Medien \u2013 Aufkl\u00e4rung","link":"https:\/\/www.freidenker.org\/?cat=12"},"img":{"alt_text":"","src":"https:\/\/i0.wp.com\/www.freidenker.org\/fw17\/wp-content\/uploads\/2023\/04\/beck_642c408db480cc09e5495e4d_800x450.jpg?fit=800%2C450&ssl=1&resize=350%2C200","width":350,"height":200,"srcset":"https:\/\/i0.wp.com\/www.freidenker.org\/fw17\/wp-content\/uploads\/2023\/04\/beck_642c408db480cc09e5495e4d_800x450.jpg?fit=800%2C450&ssl=1&resize=350%2C200 1x, https:\/\/i0.wp.com\/www.freidenker.org\/fw17\/wp-content\/uploads\/2023\/04\/beck_642c408db480cc09e5495e4d_800x450.jpg?fit=800%2C450&ssl=1&resize=525%2C300 1.5x, https:\/\/i0.wp.com\/www.freidenker.org\/fw17\/wp-content\/uploads\/2023\/04\/beck_642c408db480cc09e5495e4d_800x450.jpg?fit=800%2C450&ssl=1&resize=700%2C400 2x"},"classes":[]},{"id":12379,"url":"https:\/\/www.freidenker.org\/?p=12379","url_meta":{"origin":10908,"position":2},"title":"Gift und Galle statt k\u00fchler Vernunft und Diplomatie","author":"Webredaktion","date":"4. M\u00e4rz 2022","format":false,"excerpt":"Beitrag von Friedhelm Klinkhammer und Volker Br\u00e4utigam Bundeskanzler Olaf Scholz: \u201e\u2026 Kriegstreibern wie Putin Grenzen zu setzen\u201c. Oppositionsf\u00fchrer Friedrich Merz: \u201e\u2026 endg\u00fcltig und f\u00fcr alle Welt sichtbar ein Kriegsverbrecher \u2026\u201c. Rauschender Beifall im Bundestag. Haben die beiden Schm\u00e4hredner es jemals gewagt, sich in dieser Form \u00fcber US-amerikanische Pr\u00e4sidenten und Kriegsverbrecher\u2026","rel":"","context":"In &quot;Demokratie \u2013 Medien \u2013 Aufkl\u00e4rung&quot;","block_context":{"text":"Demokratie \u2013 Medien \u2013 Aufkl\u00e4rung","link":"https:\/\/www.freidenker.org\/?cat=12"},"img":{"alt_text":"","src":"https:\/\/i0.wp.com\/www.freidenker.org\/fw17\/wp-content\/uploads\/2022\/03\/Soldiers_in_truck_reinforced_with_steel_plates_800x450.jpg?fit=800%2C450&ssl=1&resize=350%2C200","width":350,"height":200,"srcset":"https:\/\/i0.wp.com\/www.freidenker.org\/fw17\/wp-content\/uploads\/2022\/03\/Soldiers_in_truck_reinforced_with_steel_plates_800x450.jpg?fit=800%2C450&ssl=1&resize=350%2C200 1x, https:\/\/i0.wp.com\/www.freidenker.org\/fw17\/wp-content\/uploads\/2022\/03\/Soldiers_in_truck_reinforced_with_steel_plates_800x450.jpg?fit=800%2C450&ssl=1&resize=525%2C300 1.5x, https:\/\/i0.wp.com\/www.freidenker.org\/fw17\/wp-content\/uploads\/2022\/03\/Soldiers_in_truck_reinforced_with_steel_plates_800x450.jpg?fit=800%2C450&ssl=1&resize=700%2C400 2x"},"classes":[]},{"id":23392,"url":"https:\/\/www.freidenker.org\/?p=23392","url_meta":{"origin":10908,"position":3},"title":"Aufruf zu friedfertiger Besonnenheit in milit\u00e4risch hemmungsloser Zeit","author":"Webredaktion","date":"2. November 2025","format":false,"excerpt":"Beitrag von Bernhard Taureck Der folgende Text liefert einige Beschreibungen und bietet einen Ratschlag zu friedfertigem Verhalten in milit\u00e4risch hemmungsloser Zeit. [...] Aus diesen Pr\u00e4missen folgt der Rat, alle Planungen, Erwartungen, alle Optionen auf einen kriegerischen Sinn der Staatspolitik zu begraben und durch eine intrinsisch friedfertige Politik zu ersetzen. Dieser\u2026","rel":"","context":"In &quot;Weltanschauung &amp; Philosophie&quot;","block_context":{"text":"Weltanschauung &amp; Philosophie","link":"https:\/\/www.freidenker.org\/?cat=16"},"img":{"alt_text":"","src":"https:\/\/i0.wp.com\/www.freidenker.org\/fw17\/wp-content\/uploads\/2025\/11\/Portrait_of_Niccolo_Machiavelli_by_Santi_di_Tito_cropp_800x450.jpg?fit=800%2C450&ssl=1&resize=350%2C200","width":350,"height":200,"srcset":"https:\/\/i0.wp.com\/www.freidenker.org\/fw17\/wp-content\/uploads\/2025\/11\/Portrait_of_Niccolo_Machiavelli_by_Santi_di_Tito_cropp_800x450.jpg?fit=800%2C450&ssl=1&resize=350%2C200 1x, https:\/\/i0.wp.com\/www.freidenker.org\/fw17\/wp-content\/uploads\/2025\/11\/Portrait_of_Niccolo_Machiavelli_by_Santi_di_Tito_cropp_800x450.jpg?fit=800%2C450&ssl=1&resize=525%2C300 1.5x, https:\/\/i0.wp.com\/www.freidenker.org\/fw17\/wp-content\/uploads\/2025\/11\/Portrait_of_Niccolo_Machiavelli_by_Santi_di_Tito_cropp_800x450.jpg?fit=800%2C450&ssl=1&resize=700%2C400 2x"},"classes":[]},{"id":15100,"url":"https:\/\/www.freidenker.org\/?p=15100","url_meta":{"origin":10908,"position":4},"title":"Krieg als Selbstzweck: Das Ziel deutscher Waffenlieferungen","author":"Webredaktion","date":"31. Januar 2023","format":false,"excerpt":"Beitrag von Gert Ewen Ungar Bundeskanzler Olaf Scholz wird nicht m\u00fcde, der Ukraine die Unterst\u00fctzung Deutschlands zu versichern. Mit der Zusage der Lieferung von Leopard-2-Panzern steht die n\u00e4chste Forderung im Raum. Selenskij fordert nun Kampfjets. Begleitet wird diese Forderung von der Wiederholung seiner Absage an jegliche Verhandlungen mit dem russischen\u2026","rel":"","context":"In &quot;Frieden - Antifaschismus - Solidarit\u00e4t&quot;","block_context":{"text":"Frieden - Antifaschismus - Solidarit\u00e4t","link":"https:\/\/www.freidenker.org\/?cat=13"},"img":{"alt_text":"","src":"https:\/\/i0.wp.com\/www.freidenker.org\/fw17\/wp-content\/uploads\/2023\/01\/schuetzenpanzer-puma-der-bundeswehr_800x450.jpg?fit=800%2C450&ssl=1&resize=350%2C200","width":350,"height":200,"srcset":"https:\/\/i0.wp.com\/www.freidenker.org\/fw17\/wp-content\/uploads\/2023\/01\/schuetzenpanzer-puma-der-bundeswehr_800x450.jpg?fit=800%2C450&ssl=1&resize=350%2C200 1x, https:\/\/i0.wp.com\/www.freidenker.org\/fw17\/wp-content\/uploads\/2023\/01\/schuetzenpanzer-puma-der-bundeswehr_800x450.jpg?fit=800%2C450&ssl=1&resize=525%2C300 1.5x, https:\/\/i0.wp.com\/www.freidenker.org\/fw17\/wp-content\/uploads\/2023\/01\/schuetzenpanzer-puma-der-bundeswehr_800x450.jpg?fit=800%2C450&ssl=1&resize=700%2C400 2x"},"classes":[]},{"id":24331,"url":"https:\/\/www.freidenker.org\/?p=24331","url_meta":{"origin":10908,"position":5},"title":"Auch ohne Washington soll &#8222;Koalition der Willigen&#8220; Kiew unbesiegbar machen","author":"Webredaktion","date":"30. Januar 2026","format":false,"excerpt":"Beitrag von Rainer Rupp Anfang Januar 2026 trafen sich F\u00fchrungskr\u00e4fte aus mehr als zwei Dutzend europ\u00e4ischen Staaten und Kanada in Paris, um Pl\u00e4ne f\u00fcr langfristige Sicherheitsgarantien f\u00fcr die Ukraine im Rahmen einer noch zu konstituierenden \"Koalition der Willigen\" zu schmieden. Vor dem Hintergrund des zunehmenden milit\u00e4rischen Drucks der anhaltenden russischen\u2026","rel":"","context":"In &quot;Demokratie \u2013 Medien \u2013 Aufkl\u00e4rung&quot;","block_context":{"text":"Demokratie \u2013 Medien \u2013 Aufkl\u00e4rung","link":"https:\/\/www.freidenker.org\/?cat=12"},"img":{"alt_text":"","src":"https:\/\/i0.wp.com\/www.freidenker.org\/fw17\/wp-content\/uploads\/2026\/01\/Coaltion_of_Willing_Meeting_press_conference_2026-01_800x450.jpg?fit=800%2C450&ssl=1&resize=350%2C200","width":350,"height":200,"srcset":"https:\/\/i0.wp.com\/www.freidenker.org\/fw17\/wp-content\/uploads\/2026\/01\/Coaltion_of_Willing_Meeting_press_conference_2026-01_800x450.jpg?fit=800%2C450&ssl=1&resize=350%2C200 1x, https:\/\/i0.wp.com\/www.freidenker.org\/fw17\/wp-content\/uploads\/2026\/01\/Coaltion_of_Willing_Meeting_press_conference_2026-01_800x450.jpg?fit=800%2C450&ssl=1&resize=525%2C300 1.5x, https:\/\/i0.wp.com\/www.freidenker.org\/fw17\/wp-content\/uploads\/2026\/01\/Coaltion_of_Willing_Meeting_press_conference_2026-01_800x450.jpg?fit=800%2C450&ssl=1&resize=700%2C400 2x"},"classes":[]}],"_links":{"self":[{"href":"https:\/\/www.freidenker.org\/index.php?rest_route=\/wp\/v2\/posts\/10908","targetHints":{"allow":["GET"]}}],"collection":[{"href":"https:\/\/www.freidenker.org\/index.php?rest_route=\/wp\/v2\/posts"}],"about":[{"href":"https:\/\/www.freidenker.org\/index.php?rest_route=\/wp\/v2\/types\/post"}],"author":[{"embeddable":true,"href":"https:\/\/www.freidenker.org\/index.php?rest_route=\/wp\/v2\/users\/3"}],"replies":[{"embeddable":true,"href":"https:\/\/www.freidenker.org\/index.php?rest_route=%2Fwp%2Fv2%2Fcomments&post=10908"}],"version-history":[{"count":0,"href":"https:\/\/www.freidenker.org\/index.php?rest_route=\/wp\/v2\/posts\/10908\/revisions"}],"wp:featuredmedia":[{"embeddable":true,"href":"https:\/\/www.freidenker.org\/index.php?rest_route=\/wp\/v2\/media\/10911"}],"wp:attachment":[{"href":"https:\/\/www.freidenker.org\/index.php?rest_route=%2Fwp%2Fv2%2Fmedia&parent=10908"}],"wp:term":[{"taxonomy":"category","embeddable":true,"href":"https:\/\/www.freidenker.org\/index.php?rest_route=%2Fwp%2Fv2%2Fcategories&post=10908"},{"taxonomy":"post_tag","embeddable":true,"href":"https:\/\/www.freidenker.org\/index.php?rest_route=%2Fwp%2Fv2%2Ftags&post=10908"}],"curies":[{"name":"wp","href":"https:\/\/api.w.org\/{rel}","templated":true}]}}