{"id":10904,"date":"2021-07-27T23:56:55","date_gmt":"2021-07-27T21:56:55","guid":{"rendered":"https:\/\/www.freidenker.org\/?p=10904"},"modified":"2021-08-14T11:02:48","modified_gmt":"2021-08-14T09:02:48","slug":"deutschland-boykottiert-anti-rassismus-konferenz-der-vereinten-nationen","status":"publish","type":"post","link":"https:\/\/www.freidenker.org\/?p=10904","title":{"rendered":"Deutschland boykottiert Anti-Rassismus-Konferenz der Vereinten Nationen"},"content":{"rendered":"<p><strong>Die sch\u00f6nen Worte deutscher Politiker und ihre tats\u00e4chlichen Handlungen gehen oft weit auseinander. Das zeigt nun wieder der Boykott der Anti-Rassismus-Konferenz der UNO. Deutschen Politikern geht es nicht um Rassismus, sondern um politische Ideologie.<\/strong><\/p>\n<p><em>von <strong>Anti-Spiegel (d.i. Thomas R\u00f6per)<\/strong><\/em><\/p>\n<p><span style=\"font-size: 10pt;\">Erstver\u00f6ffentlichung am 25.07.2021 auf <a href=\"https:\/\/www.anti-spiegel.ru\/2021\/deutschland-boykottiert-anti-rassismus-konferenz-der-vereinten-nationen\/\" target=\"_blank\" rel=\"noopener\">anti-spiegel.ru<\/a><\/span><\/p>\n<p>Beispiele daf\u00fcr, wie die sch\u00f6nen Worte deutscher Politiker zum Thema Rassismus sich von ihren wirklichen Taten unterscheiden, gibt es reichlich. So hat Deutschland zum Beispiel Ende 2020 <a href=\"https:\/\/www.anti-spiegel.ru\/2020\/deutschland-und-der-westen-verweigern-uno-resolution-gegen-nationalsozialismus-die-unterstuetzung\/\" target=\"_blank\" rel=\"noreferrer noopener\">in der UNO gegen eine Resolution gestimmt<\/a>, die den Titel \u201eZur Bek\u00e4mpfung der Verherrlichung des Nationalsozialismus, des Neonazismus und anderer Praktiken, die zur Eskalation gegenw\u00e4rtiger Formen des Rassismus, der Rassendiskriminierung, der Fremdenfeindlichkeit und der damit verbundenen Intoleranz beitragen\u201c trug. Der Text der Resolution war eigentlich unproblematisch, aber trotzdem haben sich 51 Staaten des Westens (darunter Deutschland) der Stimme enthalten, zwei Staaten, die Ukraine und die USA, haben sogar explizit gegen die Resolution gestimmt.<\/p>\n<p>Da die westlichen Medien immer so tun, als sei der Westen der Nabel der Welt und die gro\u00dfe Mehrheit der Staaten w\u00fcrde politisch auf der Linie des Westens liegen, sei angemerkt, dass 130 Staaten f\u00fcr die Resolution gestimmt haben, lediglich 53 Staaten des Westens fanden nicht, dass man Neonazismus, Rassismus, Rassendiskriminierung und Fremdenfeindlichkeit verurteilen sollte. Der Westen stellt in der UNO eine Minderheit, weshalb er <a href=\"https:\/\/www.anti-spiegel.ru\/2019\/der-westen-will-die-uno-schwaechen-und-bricht-das-voelkerrecht-oefter-als-alle-anderen-laender-zusammen\/\" target=\"_blank\" rel=\"noreferrer noopener\">die UNO mehr und mehr schw\u00e4chen<\/a> m\u00f6chte, weil sich eine Mehrheit der Staaten gegen die Politik des Westens stellt. Das ist nur eins von vielen Beispielen.<\/p>\n<p>Der Grund, warum der Westen gegen die Resolution war, ist die Tatsache, dass in der Ukraine seit dem Maidan ein de facto faschistisches und ganz sicher <a href=\"https:\/\/www.anti-spiegel.ru\/2021\/das-sprachengesetz-und-die-zwangsweise-ukrainisierung\/\" target=\"_blank\" rel=\"noreferrer noopener\">rassistisches Regime herrscht<\/a>, das vom Westen unterst\u00fctzt wird. Daher auch die zwei Gegenstimmen aus der Ukraine und den USA. Der Westen wollte verhindern, dass die Ukraine f\u00fcr ihre rassistische Politik international an den Pranger gestellt werden kann.<\/p>\n<h5>Die Anti-Rassismus-Konferenz der UNO<\/h5>\n<p>Im September findet die vierte Anti-Rassismus-Konferenz der UNO statt. Es handelt sich dabei um die sogenannten Durban-Konferenzen, die erste fand 2001 statt. Nach der ersten Konferenz fanden 2009 und 2011 noch zwei weitere Konferenzen statt, die Deutschland allerdings boykottiert hat. Auch hierbei war Deutschland nicht eben auf der Seite der Mehrheit der Staaten der Welt. 2009 nahmen 141 Staaten an der Konferenz teil, nur neun Staaten haben sie boykottiert: Die USA, Kanada, Deutschland, Italien, die Niederlande, Polen, Australien, Neuseeland und Israel.<\/p>\n<p>Der Grund war (und ist beim aktuellen Boykott), dass die boykottierenden Staaten der Konferenz vorwerfen, anti-semitisch zu sein. <a href=\"https:\/\/www.spiegel.de\/politik\/deutschland\/durban-iv-deutschland-nimmt-nicht-an-umstrittener-anti-rassismus-konferenz-teil-a-6ae357d8-95c3-4ff2-b908-a705cb318a79\" target=\"_blank\" rel=\"noreferrer noopener\">Der Spiegel schreibt zum aktuellen Boykott<\/a>:<\/p>\n<blockquote class=\"wp-block-quote\"><p>\u201eNeben Deutschland haben bereits mehrere andere Staaten, darunter die USA, Australien, Gro\u00dfbritannien, Kanada, die Niederlande und \u00d6sterreich ihre Teilnahme abgesagt und dies mit Sorgen vor einer erneuten Verunglimpfung Israels begr\u00fcndet.\u201c<\/p><\/blockquote>\n<p>Auf fr\u00fcheren Durban-Konferenzen haben andere Staaten \u2013 allen voran der Iran \u2013 Israel beschuldigt, gegen\u00fcber den Pal\u00e4stinensern eine rassistische Politik zu verfolgen. Dar\u00fcber zu diskutieren, lehnen die boykottierenden Staaten ab. Anscheinend haben in den Augen der boykottierenden Staaten nicht alle V\u00f6lker den Schutz vor Rassismus verdient. Dabei ist das bereits Rassismus pur, denn Anti-Rassismus bedeutet schlie\u00dflich, dass alle V\u00f6lker, Ethnien und Nationalit\u00e4ten die gleichen Rechte und Pflichten haben, also auch den gleichen Schutz vor Rassismus verdienen.<\/p>\n<h5>Was Israel vorgeworfen wird<\/h5>\n<p>Der Konflikt zwischen Israel und den Pal\u00e4stinensern ist bekannterma\u00dfen kompliziert und je l\u00e4nger er dauert, desto schwerer ist er zu l\u00f6sen. Es soll daher hier nicht einmal um die Vorw\u00fcrfe der israelischen Gewalt gegen Pal\u00e4stinenser und die Blockade der Pal\u00e4stinensergebiete gehen, die Israel mit Sicherheitsbed\u00fcrfnissen begr\u00fcndet.<\/p>\n<p>Aus der deutschen Geschichte m\u00fcssten deutsche Politiker eines gelernt haben: Rassengesetze sind schlecht und f\u00fchren zu nichts Gutem. Wer also Gesetze erl\u00e4sst, in denen bestimmten Ethnien, Religionen, Nationalit\u00e4ten und so weiter bestimmte Rechte abgesprochen werden, der m\u00fcsste f\u00fcr Deutschland auf der \u201eschwarzen Liste\u201c stehen. So zumindest interpretiere ich die Schl\u00fcsse, die wir aus der deutschen Geschichte ziehen sollten.<\/p>\n<p>Israel hat jedoch 2003 ein Gesetz verabschiedet, das Pal\u00e4stinensern den Zuzug nach Israel sogar dann verbietet, wenn sie mit einem israelischen Staatsb\u00fcrger verheiratet sind. \u00dcbrigens hat das Gesetz gerade wieder <a href=\"https:\/\/www.t-online.de\/nachrichten\/ausland\/internationale-politik\/id_90395240\/israels-neue-regierung-scheitert-bei-wichtiger-abstimmung-.html\" target=\"_blank\" rel=\"noreferrer noopener\">ein paar Schlagzeilen<\/a> gemacht, denn es gab im israelischen Parlament einen Streit um seine Verl\u00e4ngerung. Die deutschen Medien, die dar\u00fcber berichtet haben, haben aber kein kritisches Wort \u00fcber das israelische Rassengesetz verloren. Dabei ist das per Definition ein Rassengesetz.<\/p>\n<h5>Rassengesetze werden f\u00fcr Deutschland hoff\u00e4hig<\/h5>\n<p>Das israelische Gesetz ist keineswegs das einzige Rassengesetz, das in Staaten erlassen wurde, die die deutsche Bundesregierung finanziell und politisch unterst\u00fctzt. \u00dcber <a href=\"https:\/\/www.anti-spiegel.ru\/2021\/neues-gesetz-teilt-ukrainer-nach-voelkischen-kriterien-in-menschen-erster-und-zweiter-klasse-ein\/\" target=\"_blank\" rel=\"noreferrer noopener\">das ukrainische Rassengesetz<\/a>, das die B\u00fcrger der Ukraine nach v\u00f6lkischen Kriterien in Kategorien mit unterschiedlichen Rechten einteilt, habe ich schon mehrfach berichtet. Pr\u00e4sident Selensky hat das Gesetz mittlerweile unterschrieben, aus Deutschland gab es dazu aber kein kritisches Wort.<\/p>\n<p>Anscheinend gelten f\u00fcr heutige Politiker und \u201eQualit\u00e4tsjournalisten\u201c in Deutschland die Lehren des Zweiten Weltkriegs nichts mehr. Sie missbrauchen den Zweiten Weltkrieg und die Schuld, die Deutschland damals auf sich geladen hat, nur noch zur Durchsetzung ihrer politischen Ziele. Rassismus ist f\u00fcr sie in Ordnung, wenn er von befreundeten Staaten in Gesetzesform gegossen wird.<\/p>\n<p>Das einzige, was in diesem Zusammenhang Hoffnung macht, ist die Tatsache, dass der Westen \u2013 wie die Abstimmungen in der UNO und die Teilnehmerliste der aktuellen UNO-Anti-Rassismus-Konferenz zeigen \u2013 mit seiner Position auf verlorenem Posten steht.<\/p>\n<p style=\"text-align: right;\"><em>Thomas R\u00f6per, geboren 1971, hat als Experte f\u00fcr Osteuropa in Finanzdienstleistungsunternehmen in Osteuropa und Russland Vorstands- und Aufsichtsratspositionen bekleidet. Heute lebt er in seiner Wahlheimat St. Petersburg. Er lebt \u00fcber 15 Jahre in Russland und spricht flie\u00dfend Russisch. Die Schwerpunkte seiner medienkritischen Arbeit sind das (mediale) Russlandbild in Deutschland, Kritik an der Berichterstattung westlicher Medien im Allgemeinen und die Themen (Geo-)Politik und Wirtschaft.<\/em><\/p>\n<p>Wir danken dem Betreiber der Website <a href=\"https:\/\/www.anti-spiegel.ru\" target=\"_blank\" rel=\"noopener\">anti-spiegel.ru<\/a> Thomas R\u00f6per f\u00fcr die Genehmigung zur Ver\u00f6ffentlichung des Textes auf unserer Webseite.<\/p>\n<p><span style=\"font-size: 10pt;\">Link zur Erstver\u00f6ffentlichung: <a href=\"https:\/\/www.anti-spiegel.ru\/2021\/deutschland-boykottiert-anti-rassismus-konferenz-der-vereinten-nationen\/\" target=\"_blank\" rel=\"noopener\">https:\/\/www.anti-spiegel.ru\/2021\/deutschland-boykottiert-anti-rassismus-konferenz-der-vereinten-nationen\/<\/a><\/span><\/p>\n<hr \/>\n<p><span style=\"font-size: 10pt;\">Bild: <span class=\"mw-mmv-title\">Sitzungssaal des Sicherheitsrates der Vereinten Nationen in New York (2006)<br \/>\nFoto: Hu Totya &#8211; <a href=\"https:\/\/creativecommons.org\/licenses\/by-sa\/3.0\" target=\"_blank\" rel=\"noopener\">CC BY-SA 3.0<\/a><br \/>\n<\/span>Quelle: <a href=\"https:\/\/commons.wikimedia.org\/w\/index.php?curid=2986939\" target=\"_blank\" rel=\"noopener\">https:\/\/commons.wikimedia.org\/w\/index.php?curid=2986939<\/a><\/span><\/p>\n","protected":false},"excerpt":{"rendered":"<p><b>Beitrag von Anti-Spiegel (d.i. Thomas R\u00f6per)<\/b><br \/>\nDie sch\u00f6nen Worte deutscher Politiker und ihre tats\u00e4chlichen Handlungen gehen oft weit auseinander. Das zeigt nun wieder der Boykott der Anti-Rassismus-Konferenz der UNO. Deutschen Politikern geht es nicht um Rassismus, sondern um politische Ideologie.<br \/>\nBeispiele daf\u00fcr &#8230; gibt es reichlich. So hat Deutschland zum Beispiel Ende 2020 in der UNO gegen eine Resolution gestimmt, die den Titel \u201eZur Bek\u00e4mpfung der Verherrlichung des Nationalsozialismus, des Neonazismus und anderer Praktiken, die zur Eskalation gegenw\u00e4rtiger Formen des Rassismus, der Rassendiskriminierung, der Fremdenfeindlichkeit und der damit verbundenen Intoleranz beitragen\u201c trug. <\/p>\n","protected":false},"author":3,"featured_media":10906,"comment_status":"closed","ping_status":"closed","sticky":false,"template":"","format":"standard","meta":{"colormag_page_container_layout":"default_layout","colormag_page_sidebar_layout":"default_layout","advanced_seo_description":"","jetpack_seo_html_title":"","jetpack_seo_noindex":false,"jetpack_post_was_ever_published":false,"footnotes":""},"categories":[12],"tags":[512,699,452,393,394,653,1120],"class_list":["post-10904","post","type-post","status-publish","format-standard","has-post-thumbnail","hentry","category-demokratie-medien-aufklaerung","tag-antisemitismus","tag-aussenpolitik","tag-deutschland","tag-israel","tag-palaestina","tag-rassismus","tag-uno"],"jetpack_featured_media_url":"https:\/\/i0.wp.com\/www.freidenker.org\/fw17\/wp-content\/uploads\/2021\/07\/UN_security_council_2006_800x450.jpg?fit=800%2C450&ssl=1","jetpack_shortlink":"https:\/\/wp.me\/p9stpK-2PS","jetpack-related-posts":[{"id":20552,"url":"https:\/\/www.freidenker.org\/?p=20552","url_meta":{"origin":10904,"position":0},"title":"Die Staaten des Westens stimmen in der UNO gegen die Verurteilung des Nationalsozialismus","author":"Webredaktion","date":"24. Dezember 2024","format":false,"excerpt":"Beitrag von Thomas R\u00f6per Der Westen best\u00e4tigt mal wieder, dass Russland recht hat, wenn es davon spricht, in der Ukraine gegen die Wiederauferstehung des Nazismus zu k\u00e4mpfen. Dass in Kiew seit 2014 ein vom Westen unterst\u00fctztes, finanziertes und gelenktes rassistisches Nazi-Regime herrscht, habe ich oft mit vielen Beispielen aufgezeigt, ...\u2026","rel":"","context":"In &quot;Demokratie \u2013 Medien \u2013 Aufkl\u00e4rung&quot;","block_context":{"text":"Demokratie \u2013 Medien \u2013 Aufkl\u00e4rung","link":"https:\/\/www.freidenker.org\/?cat=12"},"img":{"alt_text":"","src":"https:\/\/i0.wp.com\/www.freidenker.org\/fw17\/wp-content\/uploads\/2024\/12\/usa-ukr-nazi_800x450.jpg?fit=800%2C450&ssl=1&resize=350%2C200","width":350,"height":200,"srcset":"https:\/\/i0.wp.com\/www.freidenker.org\/fw17\/wp-content\/uploads\/2024\/12\/usa-ukr-nazi_800x450.jpg?fit=800%2C450&ssl=1&resize=350%2C200 1x, https:\/\/i0.wp.com\/www.freidenker.org\/fw17\/wp-content\/uploads\/2024\/12\/usa-ukr-nazi_800x450.jpg?fit=800%2C450&ssl=1&resize=525%2C300 1.5x, https:\/\/i0.wp.com\/www.freidenker.org\/fw17\/wp-content\/uploads\/2024\/12\/usa-ukr-nazi_800x450.jpg?fit=800%2C450&ssl=1&resize=700%2C400 2x"},"classes":[]},{"id":17465,"url":"https:\/\/www.freidenker.org\/?p=17465","url_meta":{"origin":10904,"position":1},"title":"Deutschland stimmt in der UNO gegen die Verurteilung des Nationalsozialismus","author":"Webredaktion","date":"6. November 2023","format":false,"excerpt":"Beitrag von Anti-Spiegel (d.i. Thomas R\u00f6per) Der Westen best\u00e4tigt einmal mehr, dass Russland recht hat, wenn es davon spricht, in der Ukraine gegen die Wiederauferstehung des Nazismus zu k\u00e4mpfen. Nun hat der Westen die russischen Vorw\u00fcrfe, auch im Westen selbst erlebe der Nazismus eine Wiederauferstehung, eindrucksvoll best\u00e4tigt: In der UNO\u2026","rel":"","context":"In &quot;Demokratie \u2013 Medien \u2013 Aufkl\u00e4rung&quot;","block_context":{"text":"Demokratie \u2013 Medien \u2013 Aufkl\u00e4rung","link":"https:\/\/www.freidenker.org\/?cat=12"},"img":{"alt_text":"","src":"https:\/\/i0.wp.com\/www.freidenker.org\/fw17\/wp-content\/uploads\/2023\/11\/Auschwitz-Birkenau_Zaun_0377-Michelides_800x450.jpg?fit=800%2C450&ssl=1&resize=350%2C200","width":350,"height":200,"srcset":"https:\/\/i0.wp.com\/www.freidenker.org\/fw17\/wp-content\/uploads\/2023\/11\/Auschwitz-Birkenau_Zaun_0377-Michelides_800x450.jpg?fit=800%2C450&ssl=1&resize=350%2C200 1x, https:\/\/i0.wp.com\/www.freidenker.org\/fw17\/wp-content\/uploads\/2023\/11\/Auschwitz-Birkenau_Zaun_0377-Michelides_800x450.jpg?fit=800%2C450&ssl=1&resize=525%2C300 1.5x, https:\/\/i0.wp.com\/www.freidenker.org\/fw17\/wp-content\/uploads\/2023\/11\/Auschwitz-Birkenau_Zaun_0377-Michelides_800x450.jpg?fit=800%2C450&ssl=1&resize=700%2C400 2x"},"classes":[]},{"id":14749,"url":"https:\/\/www.freidenker.org\/?p=14749","url_meta":{"origin":10904,"position":2},"title":"Baerbock bringt das russische Au\u00dfenministerium zum Lachen","author":"Webredaktion","date":"25. November 2022","format":false,"excerpt":"Beitrag von Anti-Spiegel (d.i. Thomas R\u00f6per) Annalena Baerbock ist international vor allem deshalb bekannt, weil sie ihre Dummheit und mangelnde Bildung stolz zur Schau stellt. Als im November 2021 die Zusammensetzung der neuen Bundesregierung bekannt gegeben wurde, war ich gerade auf einer Konferenz mit Experten f\u00fcr internationale Politik, die sich\u2026","rel":"","context":"In &quot;Demokratie \u2013 Medien \u2013 Aufkl\u00e4rung&quot;","block_context":{"text":"Demokratie \u2013 Medien \u2013 Aufkl\u00e4rung","link":"https:\/\/www.freidenker.org\/?cat=12"},"img":{"alt_text":"","src":"https:\/\/i0.wp.com\/www.freidenker.org\/fw17\/wp-content\/uploads\/2022\/11\/baerbock_weltkarte_800x450.jpg?fit=800%2C450&ssl=1&resize=350%2C200","width":350,"height":200,"srcset":"https:\/\/i0.wp.com\/www.freidenker.org\/fw17\/wp-content\/uploads\/2022\/11\/baerbock_weltkarte_800x450.jpg?fit=800%2C450&ssl=1&resize=350%2C200 1x, https:\/\/i0.wp.com\/www.freidenker.org\/fw17\/wp-content\/uploads\/2022\/11\/baerbock_weltkarte_800x450.jpg?fit=800%2C450&ssl=1&resize=525%2C300 1.5x, https:\/\/i0.wp.com\/www.freidenker.org\/fw17\/wp-content\/uploads\/2022\/11\/baerbock_weltkarte_800x450.jpg?fit=800%2C450&ssl=1&resize=700%2C400 2x"},"classes":[]},{"id":17055,"url":"https:\/\/www.freidenker.org\/?p=17055","url_meta":{"origin":10904,"position":3},"title":"Wie der Spiegel \u00fcber Lawrows Rede im UN-Sicherheitsrat berichtet","author":"Webredaktion","date":"23. September 2023","format":false,"excerpt":"Beitrag von Anti-Spiegel (d.i. Thomas R\u00f6per) Ich habe die Rede, die der russische Au\u00dfenminister Lawrow im UN-Sicherheitsrat gehalten hat, komplett \u00fcbersetzt und dazu geschrieben, dass deutsche Medien \u00fcber den Inhalt der Rede nicht berichten werden. Die Rede von Lawrow war ausf\u00fchrlich und lang und Lawrow hat darin den russischen Standpunkt\u2026","rel":"","context":"In &quot;Demokratie \u2013 Medien \u2013 Aufkl\u00e4rung&quot;","block_context":{"text":"Demokratie \u2013 Medien \u2013 Aufkl\u00e4rung","link":"https:\/\/www.freidenker.org\/?cat=12"},"img":{"alt_text":"","src":"https:\/\/i0.wp.com\/www.freidenker.org\/fw17\/wp-content\/uploads\/2023\/09\/spiegel_lawrow_800x450.jpg?fit=800%2C450&ssl=1&resize=350%2C200","width":350,"height":200,"srcset":"https:\/\/i0.wp.com\/www.freidenker.org\/fw17\/wp-content\/uploads\/2023\/09\/spiegel_lawrow_800x450.jpg?fit=800%2C450&ssl=1&resize=350%2C200 1x, https:\/\/i0.wp.com\/www.freidenker.org\/fw17\/wp-content\/uploads\/2023\/09\/spiegel_lawrow_800x450.jpg?fit=800%2C450&ssl=1&resize=525%2C300 1.5x, https:\/\/i0.wp.com\/www.freidenker.org\/fw17\/wp-content\/uploads\/2023\/09\/spiegel_lawrow_800x450.jpg?fit=800%2C450&ssl=1&resize=700%2C400 2x"},"classes":[]},{"id":20291,"url":"https:\/\/www.freidenker.org\/?p=20291","url_meta":{"origin":10904,"position":4},"title":"Das verlogene S\u00e4useln der Annalena Baerbock","author":"Webredaktion","date":"17. November 2024","format":false,"excerpt":"Beitrag von Gert Ewen Ungar Vor 140 Jahren, am 15. November 1884, begann in Berlin die Kongo-Konferenz, auf der die Kolonialm\u00e4chte die Aufteilung Afrikas beschlossen. Deutschlands Au\u00dfenministerin Annalena Baerbock (B\u00fcndnis 90\/Die Gr\u00fcnen) nimmt das Datum zum Anlass f\u00fcr einen Namensbeitrag in der Frankfurter Rundschau. ... Mit dem \u00fcblichen Betroffenheitsges\u00e4usel schl\u00e4fert\u2026","rel":"","context":"In &quot;Demokratie \u2013 Medien \u2013 Aufkl\u00e4rung&quot;","block_context":{"text":"Demokratie \u2013 Medien \u2013 Aufkl\u00e4rung","link":"https:\/\/www.freidenker.org\/?cat=12"},"img":{"alt_text":"","src":"https:\/\/i0.wp.com\/www.freidenker.org\/fw17\/wp-content\/uploads\/2024\/11\/Kongokonferenz_800x450.jpg?fit=800%2C450&ssl=1&resize=350%2C200","width":350,"height":200,"srcset":"https:\/\/i0.wp.com\/www.freidenker.org\/fw17\/wp-content\/uploads\/2024\/11\/Kongokonferenz_800x450.jpg?fit=800%2C450&ssl=1&resize=350%2C200 1x, https:\/\/i0.wp.com\/www.freidenker.org\/fw17\/wp-content\/uploads\/2024\/11\/Kongokonferenz_800x450.jpg?fit=800%2C450&ssl=1&resize=525%2C300 1.5x, https:\/\/i0.wp.com\/www.freidenker.org\/fw17\/wp-content\/uploads\/2024\/11\/Kongokonferenz_800x450.jpg?fit=800%2C450&ssl=1&resize=700%2C400 2x"},"classes":[]},{"id":15818,"url":"https:\/\/www.freidenker.org\/?p=15818","url_meta":{"origin":10904,"position":5},"title":"Die mediale Hysterie und was die Medien dabei verschweigen","author":"Webredaktion","date":"21. April 2023","format":false,"excerpt":"Beitrag von Anti-Spiegel (d.i. Thomas R\u00f6per) Der franz\u00f6sische Pr\u00e4sident Macron hat auf dem R\u00fcckflug von der Chinareise, die er zusammen mit Ursula von der Leyen absolviert hat, die EU in Interviews davor gewarnt, den USA blind zu folgen und de facto eine eigene Chinapolitik der EU angemahnt. Die Forderung, eine\u2026","rel":"","context":"In &quot;Demokratie \u2013 Medien \u2013 Aufkl\u00e4rung&quot;","block_context":{"text":"Demokratie \u2013 Medien \u2013 Aufkl\u00e4rung","link":"https:\/\/www.freidenker.org\/?cat=12"},"img":{"alt_text":"","src":"https:\/\/i0.wp.com\/www.freidenker.org\/fw17\/wp-content\/uploads\/2023\/04\/newspaper-1595773_960_800x450.jpg?fit=800%2C450&ssl=1&resize=350%2C200","width":350,"height":200,"srcset":"https:\/\/i0.wp.com\/www.freidenker.org\/fw17\/wp-content\/uploads\/2023\/04\/newspaper-1595773_960_800x450.jpg?fit=800%2C450&ssl=1&resize=350%2C200 1x, https:\/\/i0.wp.com\/www.freidenker.org\/fw17\/wp-content\/uploads\/2023\/04\/newspaper-1595773_960_800x450.jpg?fit=800%2C450&ssl=1&resize=525%2C300 1.5x, https:\/\/i0.wp.com\/www.freidenker.org\/fw17\/wp-content\/uploads\/2023\/04\/newspaper-1595773_960_800x450.jpg?fit=800%2C450&ssl=1&resize=700%2C400 2x"},"classes":[]}],"_links":{"self":[{"href":"https:\/\/www.freidenker.org\/index.php?rest_route=\/wp\/v2\/posts\/10904","targetHints":{"allow":["GET"]}}],"collection":[{"href":"https:\/\/www.freidenker.org\/index.php?rest_route=\/wp\/v2\/posts"}],"about":[{"href":"https:\/\/www.freidenker.org\/index.php?rest_route=\/wp\/v2\/types\/post"}],"author":[{"embeddable":true,"href":"https:\/\/www.freidenker.org\/index.php?rest_route=\/wp\/v2\/users\/3"}],"replies":[{"embeddable":true,"href":"https:\/\/www.freidenker.org\/index.php?rest_route=%2Fwp%2Fv2%2Fcomments&post=10904"}],"version-history":[{"count":0,"href":"https:\/\/www.freidenker.org\/index.php?rest_route=\/wp\/v2\/posts\/10904\/revisions"}],"wp:featuredmedia":[{"embeddable":true,"href":"https:\/\/www.freidenker.org\/index.php?rest_route=\/wp\/v2\/media\/10906"}],"wp:attachment":[{"href":"https:\/\/www.freidenker.org\/index.php?rest_route=%2Fwp%2Fv2%2Fmedia&parent=10904"}],"wp:term":[{"taxonomy":"category","embeddable":true,"href":"https:\/\/www.freidenker.org\/index.php?rest_route=%2Fwp%2Fv2%2Fcategories&post=10904"},{"taxonomy":"post_tag","embeddable":true,"href":"https:\/\/www.freidenker.org\/index.php?rest_route=%2Fwp%2Fv2%2Ftags&post=10904"}],"curies":[{"name":"wp","href":"https:\/\/api.w.org\/{rel}","templated":true}]}}