{"id":1089,"date":"2017-09-15T23:33:06","date_gmt":"2017-09-15T21:33:06","guid":{"rendered":"http:\/\/www.freidenker.org\/fw17\/?p=1089"},"modified":"2018-09-18T00:05:15","modified_gmt":"2018-09-17T22:05:15","slug":"freidenker-3-17-lateinamerika-revolution-und-konterrevolution","status":"publish","type":"post","link":"https:\/\/www.freidenker.org\/?p=1089","title":{"rendered":"FREIDENKER 3-17 &#8211; Lateinamerika &#8211; Revolution und Konterrevolution"},"content":{"rendered":"<p>FREIDENKER Nr. 3-17, September 2017, 76. Jahrgang<\/p>\n<p>Lateinamerika &#8211; Revolution und Konterrevolution<\/p>\n<p><strong>Thema<\/strong><\/p>\n<ul>\n<li>Romina Tobar, Daniel Osorio<br \/>\n<a href=\"https:\/\/www.freidenker.org\/?p=1757\">Zwei Wege zur Revolution, ein Weg zur Unsterblichkeit<\/a><br \/>\n(<img data-recalc-dims=\"1\" loading=\"lazy\" decoding=\"async\" data-attachment-id=\"1072\" data-permalink=\"https:\/\/www.freidenker.org\/?attachment_id=1072\" data-orig-file=\"https:\/\/i0.wp.com\/www.freidenker.org\/fw17\/wp-content\/uploads\/2017\/10\/pdf_icon-e1509487447542.png?fit=16%2C16&amp;ssl=1\" data-orig-size=\"16,16\" data-comments-opened=\"0\" data-image-meta=\"{&quot;aperture&quot;:&quot;0&quot;,&quot;credit&quot;:&quot;&quot;,&quot;camera&quot;:&quot;&quot;,&quot;caption&quot;:&quot;&quot;,&quot;created_timestamp&quot;:&quot;0&quot;,&quot;copyright&quot;:&quot;&quot;,&quot;focal_length&quot;:&quot;0&quot;,&quot;iso&quot;:&quot;0&quot;,&quot;shutter_speed&quot;:&quot;0&quot;,&quot;title&quot;:&quot;&quot;,&quot;orientation&quot;:&quot;0&quot;}\" data-image-title=\"pdf_icon_16\" data-image-description=\"\" data-image-caption=\"\" data-large-file=\"https:\/\/i0.wp.com\/www.freidenker.org\/fw17\/wp-content\/uploads\/2017\/10\/pdf_icon-e1509487447542.png?fit=16%2C16&amp;ssl=1\" class=\"alignnone size-full wp-image-1072\" src=\"https:\/\/i0.wp.com\/www.freidenker.org\/fw17\/wp-content\/uploads\/2017\/10\/pdf_icon-e1509487447542.png?resize=16%2C16&#038;ssl=1\" alt=\"\" width=\"16\" height=\"16\" \/> <a href=\"https:\/\/www.freidenker.org\/fw17\/wp-content\/uploads\/2017\/11\/Freidenker_2017-03_ZweiWegeZurRevolution.pdf\" target=\"_blank\" rel=\"noopener\">PDF-Dokument<\/a>, ca. 650 KB)<\/li>\n<li>Hurrikan &#8222;Irma&#8220; w\u00fctete auf Cuba &#8211; Cuba braucht unsere Hilfe<\/li>\n<li>Maria Christina Bastidas<br \/>\nEcuador &#8211; Acht Wahlsiege in zehn Jahren f\u00fcr die Alianza Pais<\/li>\n<li>Klaus Seibert<br \/>\nM\u00e9xico, a donde va? &#8211; Was wird aus Mexiko?<\/li>\n<li>Klaus Hartmann<br \/>\n<a href=\"https:\/\/www.freidenker.org\/?p=1762\">Volkskr\u00e4fte gegen die Oligarchie<\/a><br \/>\n(<img data-recalc-dims=\"1\" loading=\"lazy\" decoding=\"async\" data-attachment-id=\"1072\" data-permalink=\"https:\/\/www.freidenker.org\/?attachment_id=1072\" data-orig-file=\"https:\/\/i0.wp.com\/www.freidenker.org\/fw17\/wp-content\/uploads\/2017\/10\/pdf_icon-e1509487447542.png?fit=16%2C16&amp;ssl=1\" data-orig-size=\"16,16\" data-comments-opened=\"0\" data-image-meta=\"{&quot;aperture&quot;:&quot;0&quot;,&quot;credit&quot;:&quot;&quot;,&quot;camera&quot;:&quot;&quot;,&quot;caption&quot;:&quot;&quot;,&quot;created_timestamp&quot;:&quot;0&quot;,&quot;copyright&quot;:&quot;&quot;,&quot;focal_length&quot;:&quot;0&quot;,&quot;iso&quot;:&quot;0&quot;,&quot;shutter_speed&quot;:&quot;0&quot;,&quot;title&quot;:&quot;&quot;,&quot;orientation&quot;:&quot;0&quot;}\" data-image-title=\"pdf_icon_16\" data-image-description=\"\" data-image-caption=\"\" data-large-file=\"https:\/\/i0.wp.com\/www.freidenker.org\/fw17\/wp-content\/uploads\/2017\/10\/pdf_icon-e1509487447542.png?fit=16%2C16&amp;ssl=1\" class=\"alignnone size-full wp-image-1072\" src=\"https:\/\/i0.wp.com\/www.freidenker.org\/fw17\/wp-content\/uploads\/2017\/10\/pdf_icon-e1509487447542.png?resize=16%2C16&#038;ssl=1\" alt=\"\" width=\"16\" height=\"16\" \/> <a href=\"https:\/\/www.freidenker.org\/fw17\/wp-content\/uploads\/2017\/11\/Freidenker_2017-03_VolkskraefteGegenOligarchie.pdf\" target=\"_blank\" rel=\"noopener\">PDF-Dokument,<\/a> ca. 420 KB)<\/li>\n<li>Fidel Castro Ruz<br \/>\nEntweder die gerechten Ideen siegen oder es kommt zur Katastrophe<\/li>\n<li>Einar Schlereth<br \/>\nFarbenrevolution in Venezuela<\/li>\n<li>Gisela Neira<br \/>\nGespr\u00e4ch mit Eduardo Art\u00e9s Brichett<\/li>\n<\/ul>\n<p><strong>Meldungen, Meinungen<\/strong><\/p>\n<p><strong>Chronik<\/strong><\/p>\n<p><strong>Stopp Air Base Ramstein 2017<\/strong><\/p>\n<p><strong>B\u00fccher f\u00fcr Freidenker<\/strong><\/p>\n<hr \/>\n<p><strong>Online-Ausgabe:<\/strong><\/p>\n<p>Das Heft kann hier komplett als PDF-Dokument angesehen und heruntergeladen werden:<\/p>\n<p><img data-recalc-dims=\"1\" loading=\"lazy\" decoding=\"async\" data-attachment-id=\"1076\" data-permalink=\"https:\/\/www.freidenker.org\/?attachment_id=1076\" data-orig-file=\"https:\/\/i0.wp.com\/www.freidenker.org\/fw17\/wp-content\/uploads\/2017\/10\/pdf_icon-2.png?fit=32%2C32&amp;ssl=1\" data-orig-size=\"32,32\" data-comments-opened=\"0\" data-image-meta=\"{&quot;aperture&quot;:&quot;0&quot;,&quot;credit&quot;:&quot;&quot;,&quot;camera&quot;:&quot;&quot;,&quot;caption&quot;:&quot;&quot;,&quot;created_timestamp&quot;:&quot;0&quot;,&quot;copyright&quot;:&quot;&quot;,&quot;focal_length&quot;:&quot;0&quot;,&quot;iso&quot;:&quot;0&quot;,&quot;shutter_speed&quot;:&quot;0&quot;,&quot;title&quot;:&quot;&quot;,&quot;orientation&quot;:&quot;0&quot;}\" data-image-title=\"pdf_icon\" data-image-description=\"\" data-image-caption=\"\" data-large-file=\"https:\/\/i0.wp.com\/www.freidenker.org\/fw17\/wp-content\/uploads\/2017\/10\/pdf_icon-2.png?fit=32%2C32&amp;ssl=1\" class=\"alignnone size-full wp-image-1076\" src=\"https:\/\/i0.wp.com\/www.freidenker.org\/fw17\/wp-content\/uploads\/2017\/10\/pdf_icon-2.png?resize=32%2C32&#038;ssl=1\" alt=\"\" width=\"32\" height=\"32\" \/> <a href=\"https:\/\/www.freidenker.org\/fw17\/wp-content\/uploads\/2018\/09\/Freidenker_2017-03_online.pdf\" target=\"_blank\" rel=\"noopener\">Verbandsorgan FREIDENKER 3-17 im PDF-Format<\/a> (ca. 3,2 MB)<\/p>\n","protected":false},"excerpt":{"rendered":"<p><strong>Die Ausgabe 3-17 des Verbandsorgans FREIDENKER hat das Schwerpunkt-Thema &#8222;Lateinamerika &#8211; Revolution und Konterrevolution&#8220;<\/strong> und enth\u00e4lt u.a folgende Beitr\u00e4ge:<br \/>\n&#8211; Romina Tobar, Daniel Osorio: Zwei Wege zur Revolution, ein Weg zur Unsterblichkeit<br \/>\n&#8211; Maria Christina Bastidas: Ecuador &#8211; Acht Wahlsiege in zehn Jahren f\u00fcr die Alianza Pais<br \/>\n&#8211; Klaus Seibert: M\u00e9xico, a donde va? &#8211; Was wird aus Mexiko?<br \/>\n&#8211; Klaus Hartmann: Volkskr\u00e4fte gegen die Oligarchie<br \/>\n&#8211; Fidel Castro Ruz: Entweder die gerechten Ideen siegen oder es kommt zur Katastrophe<br \/>\n&#8211; Einar Schlereth: Farbenrevolution in Venezuela<br \/>\n&#8211; Gisela Neira: Gespr\u00e4ch mit Eduardo Art\u00e9s Brichett<\/p>\n","protected":false},"author":3,"featured_media":2566,"comment_status":"closed","ping_status":"closed","sticky":false,"template":"","format":"standard","meta":{"colormag_page_container_layout":"default_layout","colormag_page_sidebar_layout":"default_layout","advanced_seo_description":"","jetpack_seo_html_title":"","jetpack_seo_noindex":false,"jetpack_post_was_ever_published":false,"footnotes":""},"categories":[8],"tags":[400,399,401,26,60,392,397,398,138,396],"class_list":["post-1089","post","type-post","status-publish","format-standard","has-post-thumbnail","hentry","category-verbandsorgan-freidenker","tag-che-guevara","tag-ecuador","tag-fidel-castro","tag-freidenker","tag-kampagne-stopp-ramstein","tag-kuba","tag-lateinamerika","tag-mexiko","tag-revolution","tag-venezuela"],"jetpack_featured_media_url":"https:\/\/i0.wp.com\/www.freidenker.org\/fw17\/wp-content\/uploads\/2017\/12\/FD_2017-03_Titel_mR.jpg?fit=800%2C445&ssl=1","jetpack_shortlink":"https:\/\/wp.me\/p9stpK-hz","jetpack-related-posts":[{"id":758,"url":"https:\/\/www.freidenker.org\/?p=758","url_meta":{"origin":1089,"position":0},"title":"FREIDENKER 2-12 &#8211; Unser Amerika","author":"Webmaster","date":"16. Juli 2012","format":false,"excerpt":"Die Ausgabe 2-12 des Verbandsorgans FREIDENKER hat das Schwerpunkt-Thema \u201eUnser Amerika\u201c und enth\u00e4lt u.a folgende Beitr\u00e4ge: - Andr\u00e9 Scheer: \"Unser Amerika\" - Tobias Baumann: ALBA und das Mitgliedsland Ecuador - Elke Zwinge-Makamizile: Zwei unterschiedliche Einstellungen zum Menschen - Fidel Castro Ruz: Wege, die in die Katastrophe f\u00fchren - Klaus Hartmann:\u2026","rel":"","context":"In &quot;Verbandsorgan FREIDENKER&quot;","block_context":{"text":"Verbandsorgan FREIDENKER","link":"https:\/\/www.freidenker.org\/?cat=8"},"img":{"alt_text":"","src":"https:\/\/i0.wp.com\/www.freidenker.org\/fw17\/wp-content\/uploads\/2017\/12\/FD_2012-02_Titel_mR.jpg?fit=800%2C445&ssl=1&resize=350%2C200","width":350,"height":200,"srcset":"https:\/\/i0.wp.com\/www.freidenker.org\/fw17\/wp-content\/uploads\/2017\/12\/FD_2012-02_Titel_mR.jpg?fit=800%2C445&ssl=1&resize=350%2C200 1x, https:\/\/i0.wp.com\/www.freidenker.org\/fw17\/wp-content\/uploads\/2017\/12\/FD_2012-02_Titel_mR.jpg?fit=800%2C445&ssl=1&resize=525%2C300 1.5x, https:\/\/i0.wp.com\/www.freidenker.org\/fw17\/wp-content\/uploads\/2017\/12\/FD_2012-02_Titel_mR.jpg?fit=800%2C445&ssl=1&resize=700%2C400 2x"},"classes":[]},{"id":1757,"url":"https:\/\/www.freidenker.org\/?p=1757","url_meta":{"origin":1089,"position":1},"title":"Zwei Wege zur Revolution, ein Weg zur Unsterblichkeit","author":"Webredaktion","date":"16. September 2017","format":false,"excerpt":"Beitrag von Romina Tobar und Daniel Osorio aus: \u201eFREIDENKER\u201c Nr. 3-17 Im Pantheon der sozialistischen Weltrevolution finden sich unter anderem zwei gro\u00dfe Ikonen aus Lateinamerika: Dr. Salvador Allende Gossens und \u201eComandante\u201c Ernesto Ch\u00e9 Guevara. ... Beide waren \u00c4rzte und ihre Geschichten und politische Strategien scheinen sehr unterschiedlich. Die Bewunderung und\u2026","rel":"","context":"In &quot;Frieden - Antifaschismus - Solidarit\u00e4t&quot;","block_context":{"text":"Frieden - Antifaschismus - Solidarit\u00e4t","link":"https:\/\/www.freidenker.org\/?cat=13"},"img":{"alt_text":"","src":"https:\/\/i0.wp.com\/www.freidenker.org\/fw17\/wp-content\/uploads\/2017\/09\/cuba-2031123_800x455.jpg?fit=800%2C445&ssl=1&resize=350%2C200","width":350,"height":200,"srcset":"https:\/\/i0.wp.com\/www.freidenker.org\/fw17\/wp-content\/uploads\/2017\/09\/cuba-2031123_800x455.jpg?fit=800%2C445&ssl=1&resize=350%2C200 1x, https:\/\/i0.wp.com\/www.freidenker.org\/fw17\/wp-content\/uploads\/2017\/09\/cuba-2031123_800x455.jpg?fit=800%2C445&ssl=1&resize=525%2C300 1.5x, https:\/\/i0.wp.com\/www.freidenker.org\/fw17\/wp-content\/uploads\/2017\/09\/cuba-2031123_800x455.jpg?fit=800%2C445&ssl=1&resize=700%2C400 2x"},"classes":[]},{"id":3079,"url":"https:\/\/www.freidenker.org\/?p=3079","url_meta":{"origin":1089,"position":2},"title":"21. bis 23.6. 2013 &#8211; Linker Liedersommer auf Burg Waldeck \/ Hunsr\u00fcck","author":"Webredaktion","date":"1. M\u00e4rz 2013","format":false,"excerpt":"Die Landesverb\u00e4nde Hessen und Rheinland-Pfalz \/ Saarland des Deutschen Freidenker-Verbandes e.V. laden vom 21. bis 23.6.2013 zum Linken Liedersommer f\u00fcr eine solidarische Welt gegen Ausbeutung und Krieg - F\u00fcnftes Kulturseminar auf Burg Waldeck \/ Hunsr\u00fcck ein. Mitwirkende: Gina Pietsch, Bernd Barbe, Jonas Engelmann, Stephan Hoffmann, Dr. Seltsam, Uli Holzhausen &\u2026","rel":"","context":"In &quot;Kultur &amp; Kunst&quot;","block_context":{"text":"Kultur &amp; Kunst","link":"https:\/\/www.freidenker.org\/?cat=913"},"img":{"alt_text":"","src":"https:\/\/i0.wp.com\/www.freidenker.org\/fw17\/wp-content\/uploads\/2013\/03\/p1140454_kai_degenhardt_800x445.jpg?fit=800%2C445&ssl=1&resize=350%2C200","width":350,"height":200,"srcset":"https:\/\/i0.wp.com\/www.freidenker.org\/fw17\/wp-content\/uploads\/2013\/03\/p1140454_kai_degenhardt_800x445.jpg?fit=800%2C445&ssl=1&resize=350%2C200 1x, https:\/\/i0.wp.com\/www.freidenker.org\/fw17\/wp-content\/uploads\/2013\/03\/p1140454_kai_degenhardt_800x445.jpg?fit=800%2C445&ssl=1&resize=525%2C300 1.5x, https:\/\/i0.wp.com\/www.freidenker.org\/fw17\/wp-content\/uploads\/2013\/03\/p1140454_kai_degenhardt_800x445.jpg?fit=800%2C445&ssl=1&resize=700%2C400 2x"},"classes":[]},{"id":13078,"url":"https:\/\/www.freidenker.org\/?p=13078","url_meta":{"origin":1089,"position":3},"title":"Neues aus Cuba &#8211; Menschlichkeit trotz Wirtschaftskrieg","author":"Webredaktion","date":"10. Mai 2022","format":false,"excerpt":"Veranstaltung\u00a0mit der kubanischen Botschafterin Juana Martinez Gonzales Freitag, 13.05.2022, 19.30 Uhr \/ Villa Leon, Philipp-Koerber-Weg 1, 90439 N\u00fcrnberg Im Januar 2022 verabschiedete sich Ramon Ripoll Diaz, der 4 Jahre lang als Botschafter sein Land Cuba in Berlin vertrat. Beim Abschied rief er zum Kampf gegen die seit mehr als 60\u2026","rel":"","context":"In &quot;Frieden - Antifaschismus - Solidarit\u00e4t&quot;","block_context":{"text":"Frieden - Antifaschismus - Solidarit\u00e4t","link":"https:\/\/www.freidenker.org\/?cat=13"},"img":{"alt_text":"","src":"https:\/\/i0.wp.com\/www.freidenker.org\/fw17\/wp-content\/uploads\/2022\/05\/Cuba_unblock_800x450.jpg?fit=800%2C450&ssl=1&resize=350%2C200","width":350,"height":200,"srcset":"https:\/\/i0.wp.com\/www.freidenker.org\/fw17\/wp-content\/uploads\/2022\/05\/Cuba_unblock_800x450.jpg?fit=800%2C450&ssl=1&resize=350%2C200 1x, https:\/\/i0.wp.com\/www.freidenker.org\/fw17\/wp-content\/uploads\/2022\/05\/Cuba_unblock_800x450.jpg?fit=800%2C450&ssl=1&resize=525%2C300 1.5x, https:\/\/i0.wp.com\/www.freidenker.org\/fw17\/wp-content\/uploads\/2022\/05\/Cuba_unblock_800x450.jpg?fit=800%2C450&ssl=1&resize=700%2C400 2x"},"classes":[]},{"id":22923,"url":"https:\/\/www.freidenker.org\/?p=22923","url_meta":{"origin":1089,"position":4},"title":"FREIDENKER 3-25 \u2013 Thomas M\u00fcntzer: 500 Jahre Fr\u00fchb\u00fcrgerliche Revolution","author":"Webredaktion","date":"25. September 2025","format":false,"excerpt":"Die Ausgabe 3-25 des Verbandsorgans FREIDENKER hat das Schwerpunkt-Thema \u201eThomas M\u00fcntzer: 500 Jahre Fr\u00fchb\u00fcrgerliche Revolution\u201c und enth\u00e4lt u.a. folgende Beitr\u00e4ge: - Max Sievers: Um des Geistes Freiheit - Thomas Loch: Thomas M\u00fcntzer, Theologe und Revolution\u00e4r\u00a0 - Klaus Hartmann: Die fr\u00fchb\u00fcrgerliche Revolution als Vorl\u00e4ufer des neueren Sozialismus - Wolfgang Beck: Vom\u2026","rel":"","context":"In &quot;Verbandsorgan FREIDENKER&quot;","block_context":{"text":"Verbandsorgan FREIDENKER","link":"https:\/\/www.freidenker.org\/?cat=8"},"img":{"alt_text":"","src":"https:\/\/i0.wp.com\/www.freidenker.org\/fw17\/wp-content\/uploads\/2025\/09\/FD_2025-03_Titel_mR.jpg?fit=800%2C445&ssl=1&resize=350%2C200","width":350,"height":200,"srcset":"https:\/\/i0.wp.com\/www.freidenker.org\/fw17\/wp-content\/uploads\/2025\/09\/FD_2025-03_Titel_mR.jpg?fit=800%2C445&ssl=1&resize=350%2C200 1x, https:\/\/i0.wp.com\/www.freidenker.org\/fw17\/wp-content\/uploads\/2025\/09\/FD_2025-03_Titel_mR.jpg?fit=800%2C445&ssl=1&resize=525%2C300 1.5x, https:\/\/i0.wp.com\/www.freidenker.org\/fw17\/wp-content\/uploads\/2025\/09\/FD_2025-03_Titel_mR.jpg?fit=800%2C445&ssl=1&resize=700%2C400 2x"},"classes":[]},{"id":16376,"url":"https:\/\/www.freidenker.org\/?p=16376","url_meta":{"origin":1089,"position":5},"title":"FREIDENKER Nr. 2-23 \u2013 Kampf um Demokratie 1848\/49 und heute","author":"Webredaktion","date":"29. Juni 2023","format":false,"excerpt":"Die Ausgabe 2-23 des Verbandsorgans FREIDENKER hat das Schwerpunkt-Thema \u201eKampf um Demokratie 1848\/49 und heute\u201c und enth\u00e4lt u.a. folgende Beitr\u00e4ge: - Wolfgang Sch\u00fcrer: Revolutionen f\u00fcr Freiheit und Demokratie - Friedrich Engels: Revolution, die unvollendete - Hartmut Barth-Engelbart: Die erneute Niederschlagung der 1848er Revolution - Corinna Oesch: 1848: Wie sieht es\u2026","rel":"","context":"In &quot;Geschichte&quot;","block_context":{"text":"Geschichte","link":"https:\/\/www.freidenker.org\/?cat=1162"},"img":{"alt_text":"","src":"https:\/\/i0.wp.com\/www.freidenker.org\/fw17\/wp-content\/uploads\/2023\/06\/FD_2023-02_Titel_mR.jpg?fit=800%2C445&ssl=1&resize=350%2C200","width":350,"height":200,"srcset":"https:\/\/i0.wp.com\/www.freidenker.org\/fw17\/wp-content\/uploads\/2023\/06\/FD_2023-02_Titel_mR.jpg?fit=800%2C445&ssl=1&resize=350%2C200 1x, https:\/\/i0.wp.com\/www.freidenker.org\/fw17\/wp-content\/uploads\/2023\/06\/FD_2023-02_Titel_mR.jpg?fit=800%2C445&ssl=1&resize=525%2C300 1.5x, https:\/\/i0.wp.com\/www.freidenker.org\/fw17\/wp-content\/uploads\/2023\/06\/FD_2023-02_Titel_mR.jpg?fit=800%2C445&ssl=1&resize=700%2C400 2x"},"classes":[]}],"_links":{"self":[{"href":"https:\/\/www.freidenker.org\/index.php?rest_route=\/wp\/v2\/posts\/1089","targetHints":{"allow":["GET"]}}],"collection":[{"href":"https:\/\/www.freidenker.org\/index.php?rest_route=\/wp\/v2\/posts"}],"about":[{"href":"https:\/\/www.freidenker.org\/index.php?rest_route=\/wp\/v2\/types\/post"}],"author":[{"embeddable":true,"href":"https:\/\/www.freidenker.org\/index.php?rest_route=\/wp\/v2\/users\/3"}],"replies":[{"embeddable":true,"href":"https:\/\/www.freidenker.org\/index.php?rest_route=%2Fwp%2Fv2%2Fcomments&post=1089"}],"version-history":[{"count":0,"href":"https:\/\/www.freidenker.org\/index.php?rest_route=\/wp\/v2\/posts\/1089\/revisions"}],"wp:featuredmedia":[{"embeddable":true,"href":"https:\/\/www.freidenker.org\/index.php?rest_route=\/wp\/v2\/media\/2566"}],"wp:attachment":[{"href":"https:\/\/www.freidenker.org\/index.php?rest_route=%2Fwp%2Fv2%2Fmedia&parent=1089"}],"wp:term":[{"taxonomy":"category","embeddable":true,"href":"https:\/\/www.freidenker.org\/index.php?rest_route=%2Fwp%2Fv2%2Fcategories&post=1089"},{"taxonomy":"post_tag","embeddable":true,"href":"https:\/\/www.freidenker.org\/index.php?rest_route=%2Fwp%2Fv2%2Ftags&post=1089"}],"curies":[{"name":"wp","href":"https:\/\/api.w.org\/{rel}","templated":true}]}}