{"id":1087,"date":"2017-07-15T23:27:53","date_gmt":"2017-07-15T21:27:53","guid":{"rendered":"http:\/\/www.freidenker.org\/fw17\/?p=1087"},"modified":"2018-06-19T01:48:15","modified_gmt":"2018-06-18T23:48:15","slug":"freidenker-2-17-palaestina-siedlerkolonialismus-und-apartheid","status":"publish","type":"post","link":"https:\/\/www.freidenker.org\/?p=1087","title":{"rendered":"FREIDENKER 2-17 &#8211; Pal\u00e4stina &#8211; Siedlerkolonialismus und Apartheid"},"content":{"rendered":"<p>FREIDENKER Nr. 2-17, Juli 2017, 76. Jahrgang<\/p>\n<p>Pal\u00e4stina &#8211; Siedlerkolonialismus und Apartheid<\/p>\n<p><strong>Thema<\/strong><\/p>\n<ul>\n<li>Petra Wild<br \/>\n<a href=\"https:\/\/www.freidenker.org\/?p=1744\">Siedlerkolonialismus und Apartheid in Pal\u00e4stina<\/a><br \/>\n(<img data-recalc-dims=\"1\" loading=\"lazy\" decoding=\"async\" data-attachment-id=\"1072\" data-permalink=\"https:\/\/www.freidenker.org\/?attachment_id=1072\" data-orig-file=\"https:\/\/i0.wp.com\/www.freidenker.org\/fw17\/wp-content\/uploads\/2017\/10\/pdf_icon-e1509487447542.png?fit=16%2C16&amp;ssl=1\" data-orig-size=\"16,16\" data-comments-opened=\"0\" data-image-meta=\"{&quot;aperture&quot;:&quot;0&quot;,&quot;credit&quot;:&quot;&quot;,&quot;camera&quot;:&quot;&quot;,&quot;caption&quot;:&quot;&quot;,&quot;created_timestamp&quot;:&quot;0&quot;,&quot;copyright&quot;:&quot;&quot;,&quot;focal_length&quot;:&quot;0&quot;,&quot;iso&quot;:&quot;0&quot;,&quot;shutter_speed&quot;:&quot;0&quot;,&quot;title&quot;:&quot;&quot;,&quot;orientation&quot;:&quot;0&quot;}\" data-image-title=\"pdf_icon_16\" data-image-description=\"\" data-image-caption=\"\" data-large-file=\"https:\/\/i0.wp.com\/www.freidenker.org\/fw17\/wp-content\/uploads\/2017\/10\/pdf_icon-e1509487447542.png?fit=16%2C16&amp;ssl=1\" class=\"alignnone size-full wp-image-1072\" src=\"https:\/\/i0.wp.com\/www.freidenker.org\/fw17\/wp-content\/uploads\/2017\/10\/pdf_icon-e1509487447542.png?resize=16%2C16&#038;ssl=1\" alt=\"\" width=\"16\" height=\"16\" \/> <a href=\"https:\/\/www.freidenker.org\/fw17\/wp-content\/uploads\/2017\/11\/Freidenker_2017-02_Siedlerkolonialismus.pdf\" target=\"_blank\" rel=\"noopener\">PDF-Dokument<\/a>, ca. 510 KB)<\/li>\n<li>Hartwig Hohnsbein<br \/>\nGottgewollter Landraub<\/li>\n<li>Hartmut Barth-Engelbart<br \/>\nSo ge-FELDMANN V\u00f6lker-&amp; Menschenrechtsbrechern<br \/>\nSPD-Wald auf geraubtem Land<\/li>\n<li>Solidarit\u00e4t mit den pal\u00e4stinensischen Gefangenen<\/li>\n<li>Evelyn Hecht-Galinksi<br \/>\n<a href=\"https:\/\/www.freidenker.org\/?p=1752\">Ein Hoch auf die \u201eNestbeschmutzer\u201c!<\/a><br \/>\n(<img data-recalc-dims=\"1\" loading=\"lazy\" decoding=\"async\" data-attachment-id=\"1072\" data-permalink=\"https:\/\/www.freidenker.org\/?attachment_id=1072\" data-orig-file=\"https:\/\/i0.wp.com\/www.freidenker.org\/fw17\/wp-content\/uploads\/2017\/10\/pdf_icon-e1509487447542.png?fit=16%2C16&amp;ssl=1\" data-orig-size=\"16,16\" data-comments-opened=\"0\" data-image-meta=\"{&quot;aperture&quot;:&quot;0&quot;,&quot;credit&quot;:&quot;&quot;,&quot;camera&quot;:&quot;&quot;,&quot;caption&quot;:&quot;&quot;,&quot;created_timestamp&quot;:&quot;0&quot;,&quot;copyright&quot;:&quot;&quot;,&quot;focal_length&quot;:&quot;0&quot;,&quot;iso&quot;:&quot;0&quot;,&quot;shutter_speed&quot;:&quot;0&quot;,&quot;title&quot;:&quot;&quot;,&quot;orientation&quot;:&quot;0&quot;}\" data-image-title=\"pdf_icon_16\" data-image-description=\"\" data-image-caption=\"\" data-large-file=\"https:\/\/i0.wp.com\/www.freidenker.org\/fw17\/wp-content\/uploads\/2017\/10\/pdf_icon-e1509487447542.png?fit=16%2C16&amp;ssl=1\" class=\"alignnone size-full wp-image-1072\" src=\"https:\/\/i0.wp.com\/www.freidenker.org\/fw17\/wp-content\/uploads\/2017\/10\/pdf_icon-e1509487447542.png?resize=16%2C16&#038;ssl=1\" alt=\"\" width=\"16\" height=\"16\" \/> <a href=\"https:\/\/www.freidenker.org\/fw17\/wp-content\/uploads\/2017\/11\/Freidenker_2017-02_Nestbeschmutzer.pdf\" target=\"_blank\" rel=\"noopener\">PDF-Dokument<\/a>, ca. 330 KB)<\/li>\n<li>Annette Groth<br \/>\n\u201eFreunde Israels\u201c bedrohen Meinungsfreiheit<\/li>\n<li>Esther Bejarano, Rolf Becker<br \/>\nGru\u00dfwort<\/li>\n<li>Gabi Weber<br \/>\n<a href=\"https:\/\/www.freidenker.org\/?p=2729\">7 Jahre Cafe Palestine Freiburg<\/a><br \/>\n(<img data-recalc-dims=\"1\" loading=\"lazy\" decoding=\"async\" data-attachment-id=\"1072\" data-permalink=\"https:\/\/www.freidenker.org\/?attachment_id=1072\" data-orig-file=\"https:\/\/i0.wp.com\/www.freidenker.org\/fw17\/wp-content\/uploads\/2017\/10\/pdf_icon-e1509487447542.png?fit=16%2C16&amp;ssl=1\" data-orig-size=\"16,16\" data-comments-opened=\"0\" data-image-meta=\"{&quot;aperture&quot;:&quot;0&quot;,&quot;credit&quot;:&quot;&quot;,&quot;camera&quot;:&quot;&quot;,&quot;caption&quot;:&quot;&quot;,&quot;created_timestamp&quot;:&quot;0&quot;,&quot;copyright&quot;:&quot;&quot;,&quot;focal_length&quot;:&quot;0&quot;,&quot;iso&quot;:&quot;0&quot;,&quot;shutter_speed&quot;:&quot;0&quot;,&quot;title&quot;:&quot;&quot;,&quot;orientation&quot;:&quot;0&quot;}\" data-image-title=\"pdf_icon_16\" data-image-description=\"\" data-image-caption=\"\" data-large-file=\"https:\/\/i0.wp.com\/www.freidenker.org\/fw17\/wp-content\/uploads\/2017\/10\/pdf_icon-e1509487447542.png?fit=16%2C16&amp;ssl=1\" class=\"alignnone size-full wp-image-1072\" src=\"https:\/\/i0.wp.com\/www.freidenker.org\/fw17\/wp-content\/uploads\/2017\/10\/pdf_icon-e1509487447542.png?resize=16%2C16&#038;ssl=1\" alt=\"\" width=\"16\" height=\"16\" \/> <a href=\"https:\/\/www.freidenker.org\/fw17\/wp-content\/uploads\/2017\/12\/Freidenker_2017-02_7JahreCafePalestine.pdf\" target=\"_blank\" rel=\"noopener\">PDF-Dokument<\/a>, ca. 320 KB)<\/li>\n<li>Brief von Rolf Verleger<\/li>\n<li>Pal\u00e4stina-Info: Gaza? Gaza!<\/li>\n<li>Anneliese Fikentscher und Andreas Neumann<br \/>\nN\u00fcrnberg &#8211; Stadt der Zensur<\/li>\n<\/ul>\n<p><strong>Meldungen, Meinungen<\/strong><\/p>\n<p><strong>Chronik<\/strong><\/p>\n<p><strong>B\u00fccher f\u00fcr Freidenker<\/strong><\/p>\n<hr \/>\n<p><strong>Online-Ausgabe:<\/strong><\/p>\n<p>Das Heft kann hier komplett als PDF-Dokument angesehen und heruntergeladen werden:<\/p>\n<p><img data-recalc-dims=\"1\" loading=\"lazy\" decoding=\"async\" data-attachment-id=\"1076\" data-permalink=\"https:\/\/www.freidenker.org\/?attachment_id=1076\" data-orig-file=\"https:\/\/i0.wp.com\/www.freidenker.org\/fw17\/wp-content\/uploads\/2017\/10\/pdf_icon-2.png?fit=32%2C32&amp;ssl=1\" data-orig-size=\"32,32\" data-comments-opened=\"0\" data-image-meta=\"{&quot;aperture&quot;:&quot;0&quot;,&quot;credit&quot;:&quot;&quot;,&quot;camera&quot;:&quot;&quot;,&quot;caption&quot;:&quot;&quot;,&quot;created_timestamp&quot;:&quot;0&quot;,&quot;copyright&quot;:&quot;&quot;,&quot;focal_length&quot;:&quot;0&quot;,&quot;iso&quot;:&quot;0&quot;,&quot;shutter_speed&quot;:&quot;0&quot;,&quot;title&quot;:&quot;&quot;,&quot;orientation&quot;:&quot;0&quot;}\" data-image-title=\"pdf_icon\" data-image-description=\"\" data-image-caption=\"\" data-large-file=\"https:\/\/i0.wp.com\/www.freidenker.org\/fw17\/wp-content\/uploads\/2017\/10\/pdf_icon-2.png?fit=32%2C32&amp;ssl=1\" class=\"alignnone size-full wp-image-1076\" src=\"https:\/\/i0.wp.com\/www.freidenker.org\/fw17\/wp-content\/uploads\/2017\/10\/pdf_icon-2.png?resize=32%2C32&#038;ssl=1\" alt=\"\" width=\"32\" height=\"32\" \/> <a href=\"https:\/\/www.freidenker.org\/fw17\/wp-content\/uploads\/2018\/06\/Freidenker_2017-02_online.pdf\" target=\"_blank\" rel=\"noopener\">Verbandsorgan FREIDENKER 2-17 im PDF-Format<\/a> (ca. 2,8 MB)<\/p>\n","protected":false},"excerpt":{"rendered":"<p><strong>Die Ausgabe 2-17 des Verbandsorgans FREIDENKER hat das Schwerpunkt-Thema &#8222;Pal\u00e4stina &#8211; Siedlerkolonialismus und Apartheid&#8220;<\/strong> und enth\u00e4lt u.a folgende Beitr\u00e4ge:<br \/>\n&#8211; Petra Wild: Siedlerkolonialismus und Apartheid in Pal\u00e4stina<br \/>\n&#8211; Hartwig Hohnsbein: Gottgewollter Landraub<br \/>\n&#8211; Hartmut Barth-Engelbart: So ge-FELDMANN V\u00f6lker-&#038; Menschenrechtsbrechern<br \/>\n&#8211; Evelyn Hecht-Galinksi: Ein Hoch auf die \u201eNestbeschmutzer\u201c!<br \/>\n&#8211; Annette Groth: \u201eFreunde Israels\u201c bedrohen Meinungsfreiheit<br \/>\n&#8211; Esther Bejarano, Rolf Becker: Gru\u00df an Moshe Zuckermann<br \/>\n&#8211; Gabi Weber: 7 Jahre Cafe Palestine Freiburg<br \/>\n&#8211; Anneliese Fikentscher und Andreas Neumann: N\u00fcrnberg &#8211; Stadt der Zensur<\/p>\n","protected":false},"author":3,"featured_media":2565,"comment_status":"closed","ping_status":"closed","sticky":false,"template":"","format":"standard","meta":{"colormag_page_container_layout":"default_layout","colormag_page_sidebar_layout":"default_layout","advanced_seo_description":"","jetpack_seo_html_title":"","jetpack_seo_noindex":false,"jetpack_post_was_ever_published":false,"footnotes":""},"categories":[8],"tags":[26,335,393,395,394,344],"class_list":["post-1087","post","type-post","status-publish","format-standard","has-post-thumbnail","hentry","category-verbandsorgan-freidenker","tag-freidenker","tag-frieden","tag-israel","tag-meinungsfreiheit","tag-palaestina","tag-solidaritaet"],"jetpack_featured_media_url":"https:\/\/i0.wp.com\/www.freidenker.org\/fw17\/wp-content\/uploads\/2017\/12\/FD_2017-02_Titel_mR.jpg?fit=800%2C445&ssl=1","jetpack_shortlink":"https:\/\/wp.me\/p9stpK-hx","jetpack-related-posts":[{"id":1744,"url":"https:\/\/www.freidenker.org\/?p=1744","url_meta":{"origin":1087,"position":0},"title":"Siedlerkolonialismus und Apartheid in Pal\u00e4stina","author":"Webredaktion","date":"16. Juli 2017","format":false,"excerpt":"Beitrag von Petra Wild aus: \u201eFREIDENKER\u201c Nr. 2-17 Der Zionismus entstand im 19. Jahrhundert im europ\u00e4ischen j\u00fcdischen Kleinb\u00fcrgertum. Er war nicht nur eine Reaktion auf zunehmenden Antisemitismus und Assimilationsdruck, sondern auch die Verk\u00f6rperung der damals vorherrschenden nationalistischen, kolonialistischen und rassistischen Str\u00f6mungen. ... In der arabischen Welt wurde der Zionismus von\u2026","rel":"","context":"In &quot;Frieden - Antifaschismus - Solidarit\u00e4t&quot;","block_context":{"text":"Frieden - Antifaschismus - Solidarit\u00e4t","link":"https:\/\/www.freidenker.org\/?cat=13"},"img":{"alt_text":"","src":"https:\/\/i0.wp.com\/www.freidenker.org\/fw17\/wp-content\/uploads\/2017\/07\/zionismus_rassismus_800x445.jpg?fit=800%2C446&ssl=1&resize=350%2C200","width":350,"height":200,"srcset":"https:\/\/i0.wp.com\/www.freidenker.org\/fw17\/wp-content\/uploads\/2017\/07\/zionismus_rassismus_800x445.jpg?fit=800%2C446&ssl=1&resize=350%2C200 1x, https:\/\/i0.wp.com\/www.freidenker.org\/fw17\/wp-content\/uploads\/2017\/07\/zionismus_rassismus_800x445.jpg?fit=800%2C446&ssl=1&resize=525%2C300 1.5x, https:\/\/i0.wp.com\/www.freidenker.org\/fw17\/wp-content\/uploads\/2017\/07\/zionismus_rassismus_800x445.jpg?fit=800%2C446&ssl=1&resize=700%2C400 2x"},"classes":[]},{"id":10352,"url":"https:\/\/www.freidenker.org\/?p=10352","url_meta":{"origin":1087,"position":1},"title":"15. Mai 2021: 73. Jahrestag der Nakba \u2013 der pal\u00e4stinensischen Katastrophe","author":"Webredaktion","date":"15. Mai 2021","format":false,"excerpt":"Der Deutsche Freidenker-Verband erkl\u00e4rt seine Solidarit\u00e4t mit dem pal\u00e4stinensischen Volk und verurteilt den Terror der israelischen Besatzer. Die deutschen Politiker und die sogenannten \u201eQualit\u00e4tsmedien\u201c wollen uns weismachen, dass die Schuld wie immer bei den sogenannten \u201emilitanten\u201d Pal\u00e4stinensern und der Hamas liegt, die deshalb immer \u201eradikal-islamische\u201d Hamas genannt werden muss. Die\u2026","rel":"","context":"In &quot;Frieden - Antifaschismus - Solidarit\u00e4t&quot;","block_context":{"text":"Frieden - Antifaschismus - Solidarit\u00e4t","link":"https:\/\/www.freidenker.org\/?cat=13"},"img":{"alt_text":"","src":"https:\/\/i0.wp.com\/www.freidenker.org\/fw17\/wp-content\/uploads\/2021\/05\/nakba_2021_v2_800x450.jpg?fit=800%2C450&ssl=1&resize=350%2C200","width":350,"height":200,"srcset":"https:\/\/i0.wp.com\/www.freidenker.org\/fw17\/wp-content\/uploads\/2021\/05\/nakba_2021_v2_800x450.jpg?fit=800%2C450&ssl=1&resize=350%2C200 1x, https:\/\/i0.wp.com\/www.freidenker.org\/fw17\/wp-content\/uploads\/2021\/05\/nakba_2021_v2_800x450.jpg?fit=800%2C450&ssl=1&resize=525%2C300 1.5x, https:\/\/i0.wp.com\/www.freidenker.org\/fw17\/wp-content\/uploads\/2021\/05\/nakba_2021_v2_800x450.jpg?fit=800%2C450&ssl=1&resize=700%2C400 2x"},"classes":[]},{"id":20594,"url":"https:\/\/www.freidenker.org\/?p=20594","url_meta":{"origin":1087,"position":2},"title":"FREIDENKER 4-24 \u2013 V\u00f6lkermord in Pal\u00e4stina stoppen!","author":"Webredaktion","date":"27. Dezember 2024","format":false,"excerpt":"Die Ausgabe 4-24 des Verbandsorgans FREIDENKER hat das Schwerpunkt-Thema \u201eV\u00f6lkermord in Pal\u00e4stina stoppen!\u201c und enth\u00e4lt u.a. folgende Beitr\u00e4ge: - Arn Strohmeyer: Israel begeht V\u00f6lkermord im Gazastreifen und Deutschland ist Mitt\u00e4ter - Evelyn Hecht-Galinski: Von Kopf bis Fu\u00df auf Krieg eingestellt - Volker Metzroth: Israels Angriff auf die internationale Begegnungsst\u00e4tte Dar\u2026","rel":"","context":"In &quot;Verbandsorgan FREIDENKER&quot;","block_context":{"text":"Verbandsorgan FREIDENKER","link":"https:\/\/www.freidenker.org\/?cat=8"},"img":{"alt_text":"","src":"https:\/\/i0.wp.com\/www.freidenker.org\/fw17\/wp-content\/uploads\/2024\/12\/FD_2024-04_Titel_mR.jpg?fit=800%2C445&ssl=1&resize=350%2C200","width":350,"height":200,"srcset":"https:\/\/i0.wp.com\/www.freidenker.org\/fw17\/wp-content\/uploads\/2024\/12\/FD_2024-04_Titel_mR.jpg?fit=800%2C445&ssl=1&resize=350%2C200 1x, https:\/\/i0.wp.com\/www.freidenker.org\/fw17\/wp-content\/uploads\/2024\/12\/FD_2024-04_Titel_mR.jpg?fit=800%2C445&ssl=1&resize=525%2C300 1.5x, https:\/\/i0.wp.com\/www.freidenker.org\/fw17\/wp-content\/uploads\/2024\/12\/FD_2024-04_Titel_mR.jpg?fit=800%2C445&ssl=1&resize=700%2C400 2x"},"classes":[]},{"id":775,"url":"https:\/\/www.freidenker.org\/?p=775","url_meta":{"origin":1087,"position":3},"title":"FREIDENKER 2-13 &#8211; Kunst &#8211; Anpassung &#8211; Widerstand","author":"Webmaster","date":"16. Juni 2013","format":false,"excerpt":"Die Ausgabe 2-13 des Verbandsorgans FREIDENKER hat das Schwerpunkt-Thema \u201eKunst - Anpassung - Widerstand\u201c und enth\u00e4lt u.a folgende Beitr\u00e4ge: - J\u00fcrgen Meier: Was ist gute \/ fortschrittliche Kunst? - Thomas Metscher: \u00c4sthetik und Imperialismus - Werner Seppmann: \u00c4sthetik ohne Widerstand: Das Beispiel Documenta - Hans-G\u00fcnther Dicks: Wa(h)re Filmkunst, falsche F\u00e4lschung\u2026","rel":"","context":"In &quot;Verbandsorgan FREIDENKER&quot;","block_context":{"text":"Verbandsorgan FREIDENKER","link":"https:\/\/www.freidenker.org\/?cat=8"},"img":{"alt_text":"","src":"https:\/\/i0.wp.com\/www.freidenker.org\/fw17\/wp-content\/uploads\/2017\/12\/FD_2013-02_Titel_mR.jpg?fit=800%2C445&ssl=1&resize=350%2C200","width":350,"height":200,"srcset":"https:\/\/i0.wp.com\/www.freidenker.org\/fw17\/wp-content\/uploads\/2017\/12\/FD_2013-02_Titel_mR.jpg?fit=800%2C445&ssl=1&resize=350%2C200 1x, https:\/\/i0.wp.com\/www.freidenker.org\/fw17\/wp-content\/uploads\/2017\/12\/FD_2013-02_Titel_mR.jpg?fit=800%2C445&ssl=1&resize=525%2C300 1.5x, https:\/\/i0.wp.com\/www.freidenker.org\/fw17\/wp-content\/uploads\/2017\/12\/FD_2013-02_Titel_mR.jpg?fit=800%2C445&ssl=1&resize=700%2C400 2x"},"classes":[]},{"id":22086,"url":"https:\/\/www.freidenker.org\/?p=22086","url_meta":{"origin":1087,"position":4},"title":"Pal\u00e4stina Tribunal &#038; Bundesweite Demo","author":"Webredaktion","date":"6. Juni 2025","format":false,"excerpt":"WIR KLAGEN AN!!! Wann und wo: 28.06.2025; 13:00 Uhr Pauluskirche Duisburg-Hochfeld (Demo); 16:00 Uhr K\u00f6nig-Heinrich-Platz Duisburg-Mitte (Tribunal) Israel begeht seit mehr als anderthalb Jahren einen V\u00f6lkermord im Gazastreifen. Deutschland unterst\u00fctzt dabei mit allen Mitteln: durch Waffenlieferungen und politisch. Daf\u00fcr steht Deutschland unter Anklage vor dem IGH. Aber die BRD geht\u2026","rel":"","context":"In &quot;Frieden - Antifaschismus - Solidarit\u00e4t&quot;","block_context":{"text":"Frieden - Antifaschismus - Solidarit\u00e4t","link":"https:\/\/www.freidenker.org\/?cat=13"},"img":{"alt_text":"","src":"https:\/\/i0.wp.com\/www.freidenker.org\/fw17\/wp-content\/uploads\/2025\/06\/Einladung-Freiheit-fuer-Palaestina-28.6.2025_800x450.jpg?fit=800%2C450&ssl=1&resize=350%2C200","width":350,"height":200,"srcset":"https:\/\/i0.wp.com\/www.freidenker.org\/fw17\/wp-content\/uploads\/2025\/06\/Einladung-Freiheit-fuer-Palaestina-28.6.2025_800x450.jpg?fit=800%2C450&ssl=1&resize=350%2C200 1x, https:\/\/i0.wp.com\/www.freidenker.org\/fw17\/wp-content\/uploads\/2025\/06\/Einladung-Freiheit-fuer-Palaestina-28.6.2025_800x450.jpg?fit=800%2C450&ssl=1&resize=525%2C300 1.5x, https:\/\/i0.wp.com\/www.freidenker.org\/fw17\/wp-content\/uploads\/2025\/06\/Einladung-Freiheit-fuer-Palaestina-28.6.2025_800x450.jpg?fit=800%2C450&ssl=1&resize=700%2C400 2x"},"classes":[]},{"id":17863,"url":"https:\/\/www.freidenker.org\/?p=17863","url_meta":{"origin":1087,"position":5},"title":"Galerie: Liebknecht-Luxemburg-Demo 2024","author":"Webredaktion","date":"17. Januar 2024","format":false,"excerpt":"Die Demonstration zu Ehren von Rosa Luxemburg und Karl Liebknecht - die vor 105 Jahren von rechten Freikorpssoldaten ermordeten Mitbegr\u00fcnder der Kommunistischen Partei Deutschlands - fand wie im vergangenen Jahr mit etwa 12.000 Teilnehmerinnen und Teilnehmern statt.\u00a0Linke unterschiedlichster Str\u00f6mungen \u2013 darunter auch Freidenker \u2013 haben auf der Demonstration gemeinsam ihre\u2026","rel":"","context":"In &quot;Frieden - Antifaschismus - Solidarit\u00e4t&quot;","block_context":{"text":"Frieden - Antifaschismus - Solidarit\u00e4t","link":"https:\/\/www.freidenker.org\/?cat=13"},"img":{"alt_text":"","src":"https:\/\/i0.wp.com\/www.freidenker.org\/fw17\/wp-content\/uploads\/2024\/01\/Holger_Kranz_DFV_Berlin_800x450.jpg?fit=800%2C450&ssl=1&resize=350%2C200","width":350,"height":200,"srcset":"https:\/\/i0.wp.com\/www.freidenker.org\/fw17\/wp-content\/uploads\/2024\/01\/Holger_Kranz_DFV_Berlin_800x450.jpg?fit=800%2C450&ssl=1&resize=350%2C200 1x, https:\/\/i0.wp.com\/www.freidenker.org\/fw17\/wp-content\/uploads\/2024\/01\/Holger_Kranz_DFV_Berlin_800x450.jpg?fit=800%2C450&ssl=1&resize=525%2C300 1.5x, https:\/\/i0.wp.com\/www.freidenker.org\/fw17\/wp-content\/uploads\/2024\/01\/Holger_Kranz_DFV_Berlin_800x450.jpg?fit=800%2C450&ssl=1&resize=700%2C400 2x"},"classes":[]}],"_links":{"self":[{"href":"https:\/\/www.freidenker.org\/index.php?rest_route=\/wp\/v2\/posts\/1087","targetHints":{"allow":["GET"]}}],"collection":[{"href":"https:\/\/www.freidenker.org\/index.php?rest_route=\/wp\/v2\/posts"}],"about":[{"href":"https:\/\/www.freidenker.org\/index.php?rest_route=\/wp\/v2\/types\/post"}],"author":[{"embeddable":true,"href":"https:\/\/www.freidenker.org\/index.php?rest_route=\/wp\/v2\/users\/3"}],"replies":[{"embeddable":true,"href":"https:\/\/www.freidenker.org\/index.php?rest_route=%2Fwp%2Fv2%2Fcomments&post=1087"}],"version-history":[{"count":0,"href":"https:\/\/www.freidenker.org\/index.php?rest_route=\/wp\/v2\/posts\/1087\/revisions"}],"wp:featuredmedia":[{"embeddable":true,"href":"https:\/\/www.freidenker.org\/index.php?rest_route=\/wp\/v2\/media\/2565"}],"wp:attachment":[{"href":"https:\/\/www.freidenker.org\/index.php?rest_route=%2Fwp%2Fv2%2Fmedia&parent=1087"}],"wp:term":[{"taxonomy":"category","embeddable":true,"href":"https:\/\/www.freidenker.org\/index.php?rest_route=%2Fwp%2Fv2%2Fcategories&post=1087"},{"taxonomy":"post_tag","embeddable":true,"href":"https:\/\/www.freidenker.org\/index.php?rest_route=%2Fwp%2Fv2%2Ftags&post=1087"}],"curies":[{"name":"wp","href":"https:\/\/api.w.org\/{rel}","templated":true}]}}