{"id":10864,"date":"2021-07-21T02:05:44","date_gmt":"2021-07-21T00:05:44","guid":{"rendered":"https:\/\/www.freidenker.org\/?p=10864"},"modified":"2021-08-14T11:02:14","modified_gmt":"2021-08-14T09:02:14","slug":"kapitalismus-mit-perspektive","status":"publish","type":"post","link":"https:\/\/www.freidenker.org\/?p=10864","title":{"rendered":"Seminar: Kapitalismus \u2013 mit Perspektive?"},"content":{"rendered":"<h5>Corona und die Folgen \u2013 was planen \u201esie\u201c \u2013 was ist mit China?<\/h5>\n<p><strong>Vortr\u00e4ge und Diskussion mit<\/strong><\/p>\n<table style=\"width: 100%; border-collapse: collapse; border-style: none;\">\n<tbody>\n<tr>\n<td style=\"width: 686px; border-style: none; text-align: left; vertical-align: top;\"><img data-recalc-dims=\"1\" loading=\"lazy\" decoding=\"async\" data-attachment-id=\"10867\" data-permalink=\"https:\/\/www.freidenker.org\/?attachment_id=10867\" data-orig-file=\"https:\/\/i0.wp.com\/www.freidenker.org\/fw17\/wp-content\/uploads\/2021\/07\/ruegemer.jpg?fit=392%2C480&amp;ssl=1\" data-orig-size=\"392,480\" data-comments-opened=\"0\" data-image-meta=\"{&quot;aperture&quot;:&quot;0&quot;,&quot;credit&quot;:&quot;&quot;,&quot;camera&quot;:&quot;&quot;,&quot;caption&quot;:&quot;&quot;,&quot;created_timestamp&quot;:&quot;0&quot;,&quot;copyright&quot;:&quot;&quot;,&quot;focal_length&quot;:&quot;0&quot;,&quot;iso&quot;:&quot;0&quot;,&quot;shutter_speed&quot;:&quot;0&quot;,&quot;title&quot;:&quot;&quot;,&quot;orientation&quot;:&quot;1&quot;}\" data-image-title=\"ruegemer\" data-image-description=\"\" data-image-caption=\"\" data-large-file=\"https:\/\/i0.wp.com\/www.freidenker.org\/fw17\/wp-content\/uploads\/2021\/07\/ruegemer.jpg?fit=392%2C480&amp;ssl=1\" class=\"alignnone wp-image-10867\" src=\"https:\/\/i0.wp.com\/www.freidenker.org\/fw17\/wp-content\/uploads\/2021\/07\/ruegemer.jpg?resize=327%2C400&#038;ssl=1\" alt=\"\" width=\"327\" height=\"400\" srcset=\"https:\/\/i0.wp.com\/www.freidenker.org\/fw17\/wp-content\/uploads\/2021\/07\/ruegemer.jpg?w=392&amp;ssl=1 392w, https:\/\/i0.wp.com\/www.freidenker.org\/fw17\/wp-content\/uploads\/2021\/07\/ruegemer.jpg?resize=245%2C300&amp;ssl=1 245w\" sizes=\"auto, (max-width: 327px) 100vw, 327px\" \/><\/p>\n<p><span style=\"font-size: 14pt;\"><strong>Dr. Werner R\u00fcgemer<\/strong><\/span><strong><span style=\"font-size: 14pt;\">\u00a0<\/span><br \/>\n<\/strong><strong>Philosoph und Publizist<\/strong><\/td>\n<td style=\"width: 686px; border-style: none; text-align: left; vertical-align: top;\"><img data-recalc-dims=\"1\" loading=\"lazy\" decoding=\"async\" data-attachment-id=\"10868\" data-permalink=\"https:\/\/www.freidenker.org\/?attachment_id=10868\" data-orig-file=\"https:\/\/i0.wp.com\/www.freidenker.org\/fw17\/wp-content\/uploads\/2021\/07\/rupp.jpg?fit=391%2C480&amp;ssl=1\" data-orig-size=\"391,480\" data-comments-opened=\"0\" data-image-meta=\"{&quot;aperture&quot;:&quot;0&quot;,&quot;credit&quot;:&quot;&quot;,&quot;camera&quot;:&quot;&quot;,&quot;caption&quot;:&quot;&quot;,&quot;created_timestamp&quot;:&quot;0&quot;,&quot;copyright&quot;:&quot;&quot;,&quot;focal_length&quot;:&quot;0&quot;,&quot;iso&quot;:&quot;0&quot;,&quot;shutter_speed&quot;:&quot;0&quot;,&quot;title&quot;:&quot;&quot;,&quot;orientation&quot;:&quot;1&quot;}\" data-image-title=\"rupp\" data-image-description=\"\" data-image-caption=\"\" data-large-file=\"https:\/\/i0.wp.com\/www.freidenker.org\/fw17\/wp-content\/uploads\/2021\/07\/rupp.jpg?fit=391%2C480&amp;ssl=1\" class=\"alignnone wp-image-10868\" src=\"https:\/\/i0.wp.com\/www.freidenker.org\/fw17\/wp-content\/uploads\/2021\/07\/rupp.jpg?resize=326%2C400&#038;ssl=1\" alt=\"\" width=\"326\" height=\"400\" srcset=\"https:\/\/i0.wp.com\/www.freidenker.org\/fw17\/wp-content\/uploads\/2021\/07\/rupp.jpg?w=391&amp;ssl=1 391w, https:\/\/i0.wp.com\/www.freidenker.org\/fw17\/wp-content\/uploads\/2021\/07\/rupp.jpg?resize=244%2C300&amp;ssl=1 244w\" sizes=\"auto, (max-width: 326px) 100vw, 326px\" \/><\/p>\n<p><strong><span style=\"font-size: 14pt;\">Rainer Rupp<\/span><br \/>\n\u00d6konom und Aufkl\u00e4rer<\/strong><\/td>\n<\/tr>\n<\/tbody>\n<\/table>\n<p><strong>Veranstalter:<\/strong><\/p>\n<p><img data-recalc-dims=\"1\" loading=\"lazy\" decoding=\"async\" data-attachment-id=\"5384\" data-permalink=\"https:\/\/www.freidenker.org\/?attachment_id=5384\" data-orig-file=\"https:\/\/i0.wp.com\/www.freidenker.org\/fw17\/wp-content\/uploads\/2018\/09\/LL_Logo_Freidenker.jpg?fit=300%2C63&amp;ssl=1\" data-orig-size=\"300,63\" data-comments-opened=\"0\" data-image-meta=\"{&quot;aperture&quot;:&quot;0&quot;,&quot;credit&quot;:&quot;&quot;,&quot;camera&quot;:&quot;&quot;,&quot;caption&quot;:&quot;&quot;,&quot;created_timestamp&quot;:&quot;0&quot;,&quot;copyright&quot;:&quot;&quot;,&quot;focal_length&quot;:&quot;0&quot;,&quot;iso&quot;:&quot;0&quot;,&quot;shutter_speed&quot;:&quot;0&quot;,&quot;title&quot;:&quot;&quot;,&quot;orientation&quot;:&quot;1&quot;}\" data-image-title=\"LL_Logo_Freidenker\" data-image-description=\"\" data-image-caption=\"\" data-large-file=\"https:\/\/i0.wp.com\/www.freidenker.org\/fw17\/wp-content\/uploads\/2018\/09\/LL_Logo_Freidenker.jpg?fit=300%2C63&amp;ssl=1\" class=\"alignnone wp-image-5384 size-full\" src=\"https:\/\/i0.wp.com\/www.freidenker.org\/fw17\/wp-content\/uploads\/2018\/09\/LL_Logo_Freidenker.jpg?resize=300%2C63&#038;ssl=1\" alt=\"\" width=\"300\" height=\"63\" \/><\/p>\n<p>Deutscher Freidenker-Verband Rheinland-Pfalz \/ Saarland<\/p>\n<p><strong><span style=\"font-size: 12pt;\">Die Themen:<\/span><\/strong><\/p>\n<ul>\n<li><span style=\"font-size: 12pt;\">Die westliche Corona-Politik als Zuspitzung des aktuellen Kapitalismus<\/span><\/li>\n<li><span style=\"font-size: 12pt;\">Die Kapitalisten des 21. Jahrhunderts: die neuen Akteure, ihre Praktiken, der Abstieg insbes. des US-Kapitalismus und die neue Aufr\u00fcstung<\/span><\/li>\n<li><span style=\"font-size: 12pt;\">Die Lage der arbeitenden Klasse in der EU, insbes. in Deutschland und eine Bilanz der \u00c4ra Merkel<\/span><\/li>\n<li><span style=\"font-size: 12pt;\">Neokolonialismus, wei\u00dfe Vorherrschaft und die Herausforderung Chinas<\/span><\/li>\n<li><span style=\"font-size: 12pt;\">Geopolitik im strategischen Dreieck \u2013 China \u2013 Russland \u2013 USA<\/span><\/li>\n<li><span style=\"font-size: 12pt;\">Massive milit\u00e4rische Verschiebungen in der Korrelation der Kr\u00e4fte (USA-Russland-China)<\/span><\/li>\n<\/ul>\n<p><strong>Termin:<\/strong><\/p>\n<p><strong>Sa.\/So, 07. + 08. August 2021,<br \/>\nNaturfreundehaus Rahnenhof<br \/>\n67316 Carlsberg-Hertlingshausen<\/strong><\/p>\n<p><strong>Anreise:<\/strong><\/p>\n<p>Bahn \u00fcber Mannheim nach Gr\u00fcnstadt,<br \/>\nBus nach Hertlingshausen.<br \/>\nBAB A 6 Ausfahrt Wattenheim<\/p>\n<p>\u00dcbernachtung im Doppel- oder Einzelzimmer mit Du\/WC.<\/p>\n<p>Anreise am Freitag, 06.08.2021, ist m\u00f6glich. Wir probieren bereits die pf\u00e4lzische K\u00fcche und Weine.<\/p>\n<p><strong>Anmeldungen und Informationen:<\/strong><\/p>\n<p>Monique Broquard, Am Friedhof 10, 66280 Sulzbach,<br \/>\nTel.: 06897-24 46, Mobil 0152-53 19 09 92<br \/>\nE-Mail: <a href=\"mailto:dfv-rps@t-online.de\">dfv-rps@t-online.de<\/a><\/p>\n<p>ViSdP: Monika Krotter Hartmann, Schlo\u00dfstr. 44, 56843 Starkenburg.<\/p>\n<hr \/>\n<p><strong>Download<\/strong><\/p>\n<p><img data-recalc-dims=\"1\" loading=\"lazy\" decoding=\"async\" data-attachment-id=\"1076\" data-permalink=\"https:\/\/www.freidenker.org\/?attachment_id=1076\" data-orig-file=\"https:\/\/i0.wp.com\/www.freidenker.org\/fw17\/wp-content\/uploads\/2017\/10\/pdf_icon-2.png?fit=32%2C32&amp;ssl=1\" data-orig-size=\"32,32\" data-comments-opened=\"0\" data-image-meta=\"{&quot;aperture&quot;:&quot;0&quot;,&quot;credit&quot;:&quot;&quot;,&quot;camera&quot;:&quot;&quot;,&quot;caption&quot;:&quot;&quot;,&quot;created_timestamp&quot;:&quot;0&quot;,&quot;copyright&quot;:&quot;&quot;,&quot;focal_length&quot;:&quot;0&quot;,&quot;iso&quot;:&quot;0&quot;,&quot;shutter_speed&quot;:&quot;0&quot;,&quot;title&quot;:&quot;&quot;,&quot;orientation&quot;:&quot;0&quot;}\" data-image-title=\"pdf_icon\" data-image-description=\"\" data-image-caption=\"\" data-large-file=\"https:\/\/i0.wp.com\/www.freidenker.org\/fw17\/wp-content\/uploads\/2017\/10\/pdf_icon-2.png?fit=32%2C32&amp;ssl=1\" class=\"alignnone size-full wp-image-1076\" src=\"https:\/\/i0.wp.com\/www.freidenker.org\/fw17\/wp-content\/uploads\/2017\/10\/pdf_icon-2.png?resize=32%2C32&#038;ssl=1\" alt=\"\" width=\"32\" height=\"32\" \/> <a href=\"https:\/\/www.freidenker.org\/fw17\/wp-content\/uploads\/2021\/07\/210806-RuegemerRupp_v02.pdf\" target=\"_blank\" rel=\"noopener\">Flyer zur Veranstaltung<\/a> als PDF-Dokument ansehen oder herunterladen (PDF, ca. 131 KB)<\/p>\n<hr \/>\n<p><span style=\"font-size: 10pt;\">Bild oben: <a href=\"https:\/\/pixabay.com\/de\/illustrations\/corona-kosten-dollar-geld-5081311\/\" target=\"_blank\" rel=\"noopener\">pixabay.com<\/a> \/ <a class=\"hover_opacity\" href=\"https:\/\/pixabay.com\/de\/users\/geralt-9301\/\">geralt<\/a> \/ <a href=\"https:\/\/pixabay.com\/de\/service\/license\/\">Pixabay License<\/a><\/span><\/p>\n","protected":false},"excerpt":{"rendered":"<p><b>Corona und die Folgen \u2013 was planen \u201esie\u201c \u2013 was ist mit China? \/ Vortr\u00e4ge und Diskussion mit Dr. Werner R\u00fcgemer und Rainer Rupp<\/b><br \/>\nVeranstaltung des Deutschen Freidenker-Verbandes Rheinland-Pfalz \/ Saarland am Sa.\/So, 07. + 08. August 2021, Naturfreundehaus Rahnenhof in Carlsberg-Hertlingshausen<br \/>\nDie Themen u.a.:<br \/>\n&#8211; Die westliche Corona-Politik als Zuspitzung des aktuellen Kapitalismus<br \/>\n&#8211; Die Kapitalisten des 21. Jahrhunderts: die neuen Akteure, ihre Praktiken, der Abstieg insbes. des US-Kapitalismus und die neue Aufr\u00fcstung<br \/>\n&#8211; Die Lage der arbeitenden Klasse in der EU, insbes. in Deutschland und eine Bilanz der \u00c4ra Merkel <\/p>\n","protected":false},"author":3,"featured_media":10876,"comment_status":"closed","ping_status":"closed","sticky":false,"template":"","format":"standard","meta":{"colormag_page_container_layout":"default_layout","colormag_page_sidebar_layout":"default_layout","advanced_seo_description":"","jetpack_seo_html_title":"","jetpack_seo_noindex":false,"jetpack_post_was_ever_published":false,"footnotes":""},"categories":[12,19],"tags":[1256,1296,1314,900,1257,1049,1050],"class_list":["post-10864","post","type-post","status-publish","format-standard","has-post-thumbnail","hentry","category-demokratie-medien-aufklaerung","category-veranstaltungen-in-den-dfv-landesverbaenden","tag-corona-virus","tag-diskussion","tag-geostrategie","tag-neokolonialismus","tag-pandemie","tag-rheinland-pfalz-saarland","tag-veranstaltung"],"jetpack_featured_media_url":"https:\/\/i0.wp.com\/www.freidenker.org\/fw17\/wp-content\/uploads\/2021\/07\/corona-5081311_800x450.jpg?fit=800%2C450&ssl=1","jetpack_shortlink":"https:\/\/wp.me\/p9stpK-2Pe","jetpack-related-posts":[{"id":14441,"url":"https:\/\/www.freidenker.org\/?p=14441","url_meta":{"origin":10864,"position":0},"title":"Video: Der aktuelle Systemkonflikt","author":"Webredaktion","date":"13. Oktober 2022","format":false,"excerpt":"Videomittschnitt eines Vortrages von Dr. Werner R\u00fcgemer Die Jenny Marx Gesellschaft f\u00fcr politische Bildung e.V. hat ... eine Video-Aufzeichnung des Vortrages von Dr. Werner R\u00fcgemer, Sprecher des Beirats des Deutschen Freidenker-Verbandes, zum Thema \"Der aktuelle Systemkonflikt zwischen den vom US-Imperium gef\u00fchrten L\u00e4ndern und dem \"Rest der Welt\"\" \u00a0online gestellt. Mehr\u2026","rel":"","context":"In &quot;Demokratie \u2013 Medien \u2013 Aufkl\u00e4rung&quot;","block_context":{"text":"Demokratie \u2013 Medien \u2013 Aufkl\u00e4rung","link":"https:\/\/www.freidenker.org\/?cat=12"},"img":{"alt_text":"","src":"https:\/\/i0.wp.com\/www.freidenker.org\/fw17\/wp-content\/uploads\/2022\/10\/RuegemerNeuwied_800x450.jpg?fit=800%2C450&ssl=1&resize=350%2C200","width":350,"height":200,"srcset":"https:\/\/i0.wp.com\/www.freidenker.org\/fw17\/wp-content\/uploads\/2022\/10\/RuegemerNeuwied_800x450.jpg?fit=800%2C450&ssl=1&resize=350%2C200 1x, https:\/\/i0.wp.com\/www.freidenker.org\/fw17\/wp-content\/uploads\/2022\/10\/RuegemerNeuwied_800x450.jpg?fit=800%2C450&ssl=1&resize=525%2C300 1.5x, https:\/\/i0.wp.com\/www.freidenker.org\/fw17\/wp-content\/uploads\/2022\/10\/RuegemerNeuwied_800x450.jpg?fit=800%2C450&ssl=1&resize=700%2C400 2x"},"classes":[]},{"id":14272,"url":"https:\/\/www.freidenker.org\/?p=14272","url_meta":{"origin":10864,"position":1},"title":"Einladung: Der aktuelle Systemkonflikt","author":"Webredaktion","date":"29. September 2022","format":false,"excerpt":"... zwischen den vom US-Imperium gef\u00fchrten L\u00e4ndern und dem \u201eRest der Welt\u201c Vortrag und Diskussion mit Dr. Werner R\u00fcgemer Donnerstag, 06.10.2022, 18 Uhr, Restaurant Singapur (Saal im Obergeschoss), Marktstra\u00dfe 90, 56564 Neuwied Das Thema: Der US-gef\u00fchrte westliche Kapitalismus steigt ab, in den USA selbst, in der EU und anderen abh\u00e4ngigen\u2026","rel":"","context":"In &quot;Demokratie \u2013 Medien \u2013 Aufkl\u00e4rung&quot;","block_context":{"text":"Demokratie \u2013 Medien \u2013 Aufkl\u00e4rung","link":"https:\/\/www.freidenker.org\/?cat=12"},"img":{"alt_text":"","src":"https:\/\/i0.wp.com\/www.freidenker.org\/fw17\/wp-content\/uploads\/2022\/09\/ruegemer_systemkonflikt_800x450.jpg?fit=800%2C450&ssl=1&resize=350%2C200","width":350,"height":200,"srcset":"https:\/\/i0.wp.com\/www.freidenker.org\/fw17\/wp-content\/uploads\/2022\/09\/ruegemer_systemkonflikt_800x450.jpg?fit=800%2C450&ssl=1&resize=350%2C200 1x, https:\/\/i0.wp.com\/www.freidenker.org\/fw17\/wp-content\/uploads\/2022\/09\/ruegemer_systemkonflikt_800x450.jpg?fit=800%2C450&ssl=1&resize=525%2C300 1.5x, https:\/\/i0.wp.com\/www.freidenker.org\/fw17\/wp-content\/uploads\/2022\/09\/ruegemer_systemkonflikt_800x450.jpg?fit=800%2C450&ssl=1&resize=700%2C400 2x"},"classes":[]},{"id":18377,"url":"https:\/\/www.freidenker.org\/?p=18377","url_meta":{"origin":10864,"position":2},"title":"Buchlesung &#8211; Reale Utopien: Ein besseres Leben ist machbar!","author":"Webredaktion","date":"27. Februar 2024","format":false,"excerpt":"Einladung zur Buchvorstellung mit anschlie\u00dfender Diskussion mit Dr. Ulrich Gausmann am 23. M\u00e4rz 2024 in Neustadt a.d.W. Die Corona-Zeit hat offenbart, wie schnell B\u00fcrgerrechte und Eigen-Verantwortung ausgehebelt werden k\u00f6nnen. Es w\u00e4chst die Sorge vor Entm\u00fcndigung, Preisexplosionen, Verarmung \u2013 und die Sehnsucht nach einem sicheren und guten Leben. Nach einer menschlicheren\u2026","rel":"","context":"In &quot;Veranstaltungen in den DFV-Landesverb\u00e4nden&quot;","block_context":{"text":"Veranstaltungen in den DFV-Landesverb\u00e4nden","link":"https:\/\/www.freidenker.org\/?cat=19"},"img":{"alt_text":"","src":"https:\/\/i0.wp.com\/www.freidenker.org\/fw17\/wp-content\/uploads\/2024\/02\/Gausmann_Einladung_800x450-1.jpg?fit=800%2C450&ssl=1&resize=350%2C200","width":350,"height":200,"srcset":"https:\/\/i0.wp.com\/www.freidenker.org\/fw17\/wp-content\/uploads\/2024\/02\/Gausmann_Einladung_800x450-1.jpg?fit=800%2C450&ssl=1&resize=350%2C200 1x, https:\/\/i0.wp.com\/www.freidenker.org\/fw17\/wp-content\/uploads\/2024\/02\/Gausmann_Einladung_800x450-1.jpg?fit=800%2C450&ssl=1&resize=525%2C300 1.5x, https:\/\/i0.wp.com\/www.freidenker.org\/fw17\/wp-content\/uploads\/2024\/02\/Gausmann_Einladung_800x450-1.jpg?fit=800%2C450&ssl=1&resize=700%2C400 2x"},"classes":[]},{"id":16711,"url":"https:\/\/www.freidenker.org\/?p=16711","url_meta":{"origin":10864,"position":3},"title":"Vortrag: US-Kapital gegen den Rest der Welt","author":"Webredaktion","date":"29. Juli 2023","format":false,"excerpt":"Vortrag von und Diskussion mit Dr. Werner R\u00fcgemer Donnerstag, 17. August 2023, 18:00 Uhr, WeltHaus Heidelberg, Willy-Brandt-Platz 5, 69115 Heidelberg Der US-gef\u00fchrte Kapitalismus ist im Niedergang: wirtschaftlich, menschen- und arbeitsrechtlich, politisch, moralisch und im internationalen Ansehen. Dies betrifft insbesondere die Mehrheit der abh\u00e4ngig Besch\u00e4ftigten mit sinkenden Arbeitseinkommen und Renten: Auch\u2026","rel":"","context":"In &quot;Veranstaltungen in den DFV-Landesverb\u00e4nden&quot;","block_context":{"text":"Veranstaltungen in den DFV-Landesverb\u00e4nden","link":"https:\/\/www.freidenker.org\/?cat=19"},"img":{"alt_text":"","src":"https:\/\/i0.wp.com\/www.freidenker.org\/fw17\/wp-content\/uploads\/2023\/07\/Veranst_HD_Ruegemer_2023-08_800x450.jpg?fit=800%2C450&ssl=1&resize=350%2C200","width":350,"height":200,"srcset":"https:\/\/i0.wp.com\/www.freidenker.org\/fw17\/wp-content\/uploads\/2023\/07\/Veranst_HD_Ruegemer_2023-08_800x450.jpg?fit=800%2C450&ssl=1&resize=350%2C200 1x, https:\/\/i0.wp.com\/www.freidenker.org\/fw17\/wp-content\/uploads\/2023\/07\/Veranst_HD_Ruegemer_2023-08_800x450.jpg?fit=800%2C450&ssl=1&resize=525%2C300 1.5x, https:\/\/i0.wp.com\/www.freidenker.org\/fw17\/wp-content\/uploads\/2023\/07\/Veranst_HD_Ruegemer_2023-08_800x450.jpg?fit=800%2C450&ssl=1&resize=700%2C400 2x"},"classes":[]},{"id":18158,"url":"https:\/\/www.freidenker.org\/?p=18158","url_meta":{"origin":10864,"position":4},"title":"Konferenz &#8222;Deindustrialisierung&#8220;","author":"Webredaktion","date":"13. Februar 2024","format":false,"excerpt":"Der Deutsche Freidenker-Verband l\u00e4dt ein zur Konferenz: \"Deindustrialisierung\" in Kooperation mit dem Ostdeutschen Kuratorium von Verb\u00e4nden (OKV) Samstag, 20.04.2024, 10.30 Uhr, Ferienpark Retgendorf bei Schwerin, Kiefernweg 1, 19067 Dobin am See, Ortsteil Retgendorf Vortr\u00e4ge und Diskussion: Klaus Hartmann: Die Ideologie der Produktivkraftvernichtung Dr. Manfred Sohn: Der Abstieg von \u201eMade in\u2026","rel":"","context":"In &quot;Zentrale Veranstaltungen&quot;","block_context":{"text":"Zentrale Veranstaltungen","link":"https:\/\/www.freidenker.org\/?cat=20"},"img":{"alt_text":"","src":"https:\/\/i0.wp.com\/www.freidenker.org\/fw17\/wp-content\/uploads\/2024\/02\/Deindustrialisierung_titel_800x450.jpg?fit=800%2C450&ssl=1&resize=350%2C200","width":350,"height":200,"srcset":"https:\/\/i0.wp.com\/www.freidenker.org\/fw17\/wp-content\/uploads\/2024\/02\/Deindustrialisierung_titel_800x450.jpg?fit=800%2C450&ssl=1&resize=350%2C200 1x, https:\/\/i0.wp.com\/www.freidenker.org\/fw17\/wp-content\/uploads\/2024\/02\/Deindustrialisierung_titel_800x450.jpg?fit=800%2C450&ssl=1&resize=525%2C300 1.5x, https:\/\/i0.wp.com\/www.freidenker.org\/fw17\/wp-content\/uploads\/2024\/02\/Deindustrialisierung_titel_800x450.jpg?fit=800%2C450&ssl=1&resize=700%2C400 2x"},"classes":[]},{"id":10559,"url":"https:\/\/www.freidenker.org\/?p=10559","url_meta":{"origin":10864,"position":5},"title":"\u00d6ffentliche Erkl\u00e4rung zur Corona-Politik:","author":"Webredaktion","date":"16. Juni 2021","format":false,"excerpt":"Unser Mitglied Werner R\u00fcgemer ist Mitinitiator und Mitorganisator einer zu unterschreibenden Erkl\u00e4rung, die das komplette Versagen der politischen Elite Deutschlands in der Covid 19-Krise umfassend beschreibt und einen Diskussionsprozess \u00fcber zu ziehende Schlussfolgerungen ansto\u00dfen will. ... Diese Erkl\u00e4rung ruft dazu auf, eine \u00f6ffentliche Diskussion in Gang zu bringen, in der\u2026","rel":"","context":"In &quot;Arbeit &amp; Soziales&quot;","block_context":{"text":"Arbeit &amp; Soziales","link":"https:\/\/www.freidenker.org\/?cat=11"},"img":{"alt_text":"","src":"https:\/\/i0.wp.com\/www.freidenker.org\/fw17\/wp-content\/uploads\/2021\/06\/wegen_corona_geschlossen.jpg?fit=800%2C450&ssl=1&resize=350%2C200","width":350,"height":200,"srcset":"https:\/\/i0.wp.com\/www.freidenker.org\/fw17\/wp-content\/uploads\/2021\/06\/wegen_corona_geschlossen.jpg?fit=800%2C450&ssl=1&resize=350%2C200 1x, https:\/\/i0.wp.com\/www.freidenker.org\/fw17\/wp-content\/uploads\/2021\/06\/wegen_corona_geschlossen.jpg?fit=800%2C450&ssl=1&resize=525%2C300 1.5x, https:\/\/i0.wp.com\/www.freidenker.org\/fw17\/wp-content\/uploads\/2021\/06\/wegen_corona_geschlossen.jpg?fit=800%2C450&ssl=1&resize=700%2C400 2x"},"classes":[]}],"_links":{"self":[{"href":"https:\/\/www.freidenker.org\/index.php?rest_route=\/wp\/v2\/posts\/10864","targetHints":{"allow":["GET"]}}],"collection":[{"href":"https:\/\/www.freidenker.org\/index.php?rest_route=\/wp\/v2\/posts"}],"about":[{"href":"https:\/\/www.freidenker.org\/index.php?rest_route=\/wp\/v2\/types\/post"}],"author":[{"embeddable":true,"href":"https:\/\/www.freidenker.org\/index.php?rest_route=\/wp\/v2\/users\/3"}],"replies":[{"embeddable":true,"href":"https:\/\/www.freidenker.org\/index.php?rest_route=%2Fwp%2Fv2%2Fcomments&post=10864"}],"version-history":[{"count":0,"href":"https:\/\/www.freidenker.org\/index.php?rest_route=\/wp\/v2\/posts\/10864\/revisions"}],"wp:featuredmedia":[{"embeddable":true,"href":"https:\/\/www.freidenker.org\/index.php?rest_route=\/wp\/v2\/media\/10876"}],"wp:attachment":[{"href":"https:\/\/www.freidenker.org\/index.php?rest_route=%2Fwp%2Fv2%2Fmedia&parent=10864"}],"wp:term":[{"taxonomy":"category","embeddable":true,"href":"https:\/\/www.freidenker.org\/index.php?rest_route=%2Fwp%2Fv2%2Fcategories&post=10864"},{"taxonomy":"post_tag","embeddable":true,"href":"https:\/\/www.freidenker.org\/index.php?rest_route=%2Fwp%2Fv2%2Ftags&post=10864"}],"curies":[{"name":"wp","href":"https:\/\/api.w.org\/{rel}","templated":true}]}}