{"id":1079,"date":"2016-08-16T23:10:21","date_gmt":"2016-08-16T21:10:21","guid":{"rendered":"http:\/\/www.freidenker.org\/fw17\/?p=1079"},"modified":"2017-12-27T19:16:07","modified_gmt":"2017-12-27T18:16:07","slug":"freidenker-3-16-flucht-migration-imperialismus","status":"publish","type":"post","link":"https:\/\/www.freidenker.org\/?p=1079","title":{"rendered":"FREIDENKER 3-16 &#8211; Flucht &#8211; Migration &#8211; Imperialismus"},"content":{"rendered":"<p><strong>Thema<\/strong><\/p>\n<ul>\n<li>Klaus Hartmann<br \/>\nGemeinsam f\u00fcr sozialeRechte und Frieden<\/li>\n<li>Andreas Wehr<br \/>\n&#8222;No Border &#8211; No Nation?&#8220;<br \/>\nDie Linken und die Nation<\/li>\n<li>Doris Pumphrey<br \/>\nFlucht, Migration und Solidarit\u00e4t &#8211; Von der Notwendigkeit einer ehrlichen Diskussion, die alte Aspekte ber\u00fccksichtigt<\/li>\n<li>Uli Gellermann<br \/>\nKapitalismus rettet Fl\u00fcchtlinge &#8211; ein sch\u00e4dliches Placebo aus dem Kanzleramt<\/li>\n<li>Dagmar Henn<br \/>\nDer Blick der Kolonisierten<\/li>\n<li>Jens Berger<br \/>\nDer t\u00fcrkische &#8222;Merkel Plan&#8220; &#8211; eine Showveranstaltung auf hohem Niveau<\/li>\n<li>Buchempfehlungen zum Thema<br \/>\nDiane Johnstone<br \/>\nHillary Clinton und die Au\u00dfenpolitik der selbsternannten Weltmacht<\/li>\n<\/ul>\n<p>Meldungen, Meinungen<\/p>\n<p>Chronik<\/p>\n","protected":false},"excerpt":{"rendered":"<p><strong>Die Ausgabe 3-16 des Verbandsorgans FREIDENKER hat das Schwerpunkt-Thema &#8222;Flucht &#8211; Migration &#8211; Imperialismus\u201c<\/strong> und enth\u00e4lt u.a folgende Beitr\u00e4ge:<br \/>\n&#8211; Klaus Hartmann: Gemeinsam f\u00fcr soziale Rechte und Frieden<br \/>\n&#8211; Andreas Wehr: &#8222;No Border &#8211; No Nation?&#8220;: Die Linken und die Nation<br \/>\n&#8211; Doris Pumphrey: Flucht, Migration und Solidarit\u00e4t<br \/>\n&#8211; Uli Gellermann: Kapitalismus rettet Fl\u00fcchtlinge &#8211; ein sch\u00e4dliches Placebo aus dem Kanzleramt<br \/>\n&#8211; Dagmar Henn: Der Blick der Kolonisierten<br \/>\n&#8211; Jens Berger: Der t\u00fcrkische &#8222;Merkel Plan&#8220; <\/p>\n","protected":false},"author":3,"featured_media":2562,"comment_status":"closed","ping_status":"closed","sticky":false,"template":"","format":"standard","meta":{"colormag_page_container_layout":"default_layout","colormag_page_sidebar_layout":"default_layout","advanced_seo_description":"","jetpack_seo_html_title":"","jetpack_seo_noindex":false,"jetpack_post_was_ever_published":false,"footnotes":""},"categories":[8],"tags":[402,26,404,403],"class_list":["post-1079","post","type-post","status-publish","format-standard","has-post-thumbnail","hentry","category-verbandsorgan-freidenker","tag-flucht","tag-freidenker","tag-imperialismus","tag-migration"],"jetpack_featured_media_url":"https:\/\/i0.wp.com\/www.freidenker.org\/fw17\/wp-content\/uploads\/2017\/12\/FD_2016-03_Titel_mR.jpg?fit=800%2C445&ssl=1","jetpack_shortlink":"https:\/\/wp.me\/p9stpK-hp","jetpack-related-posts":[{"id":5589,"url":"https:\/\/www.freidenker.org\/?p=5589","url_meta":{"origin":1079,"position":0},"title":"FREIDENKER 4-18  \u2013 Richtigstellung der Begriffe","author":"Webredaktion","date":"15. Dezember 2018","format":false,"excerpt":"Die Ausgabe 4-18 des Verbandsorgans FREIDENKER hat das Schwerpunkt-Thema \u201cRichtigstellung der Begriffe\u201d und enth\u00e4lt u.a. Beitr\u00e4ge zur Erl\u00e4uterung folgender Begriffe: \u2013 Nie wieder Krieg! \u2013 \u201eLinks\u201c? \u201eRechts\u201c? \u2013 \u201eQuerfront\u201c? \u2013 \u201eL\u00fcgenpresse\u201c \u2013 ein \u201eNazi-Wort\u201c? \u2013 Der Neusprech der Manipulation \u2013 \u201eVerschw\u00f6rungstheoretiker\u201c \u2013 Asyl, Flucht, Migration","rel":"","context":"In &quot;Demokratie \u2013 Medien \u2013 Aufkl\u00e4rung&quot;","block_context":{"text":"Demokratie \u2013 Medien \u2013 Aufkl\u00e4rung","link":"https:\/\/www.freidenker.org\/?cat=12"},"img":{"alt_text":"","src":"https:\/\/i0.wp.com\/www.freidenker.org\/fw17\/wp-content\/uploads\/2018\/12\/FD_2018-04_Titel_mR-1.jpg?fit=800%2C445&ssl=1&resize=350%2C200","width":350,"height":200,"srcset":"https:\/\/i0.wp.com\/www.freidenker.org\/fw17\/wp-content\/uploads\/2018\/12\/FD_2018-04_Titel_mR-1.jpg?fit=800%2C445&ssl=1&resize=350%2C200 1x, https:\/\/i0.wp.com\/www.freidenker.org\/fw17\/wp-content\/uploads\/2018\/12\/FD_2018-04_Titel_mR-1.jpg?fit=800%2C445&ssl=1&resize=525%2C300 1.5x, https:\/\/i0.wp.com\/www.freidenker.org\/fw17\/wp-content\/uploads\/2018\/12\/FD_2018-04_Titel_mR-1.jpg?fit=800%2C445&ssl=1&resize=700%2C400 2x"},"classes":[]},{"id":6870,"url":"https:\/\/www.freidenker.org\/?p=6870","url_meta":{"origin":1079,"position":1},"title":"Kongress der Weltunion der Freidenker in Luxemburg am 13. und 14. September 2019","author":"Webredaktion","date":"25. August 2019","format":false,"excerpt":"Kongress der Weltunion der Freidenker in Luxemburg am 13. und 14. September 2019 \/ Congr\u00e8s de Luxembourg de l'UMLP les 13 et 14 septembre 2019: Migration und Laizit\u00e4t \/ Migration et la\u00efcit\u00e9 - https:\/\/www.libres-penseurs.net Migration und Laizit\u00e4t - Welche Auswirkungen hat die aktuelle Migration auf die Anspr\u00fcche einer laizistischen Gesellschaft?\u2026","rel":"","context":"In &quot;Zentrale Veranstaltungen&quot;","block_context":{"text":"Zentrale Veranstaltungen","link":"https:\/\/www.freidenker.org\/?cat=20"},"img":{"alt_text":"","src":"https:\/\/i0.wp.com\/www.freidenker.org\/fw17\/wp-content\/uploads\/2019\/08\/wufkongress_1314092019.jpg?fit=800%2C445&ssl=1&resize=350%2C200","width":350,"height":200,"srcset":"https:\/\/i0.wp.com\/www.freidenker.org\/fw17\/wp-content\/uploads\/2019\/08\/wufkongress_1314092019.jpg?fit=800%2C445&ssl=1&resize=350%2C200 1x, https:\/\/i0.wp.com\/www.freidenker.org\/fw17\/wp-content\/uploads\/2019\/08\/wufkongress_1314092019.jpg?fit=800%2C445&ssl=1&resize=525%2C300 1.5x, https:\/\/i0.wp.com\/www.freidenker.org\/fw17\/wp-content\/uploads\/2019\/08\/wufkongress_1314092019.jpg?fit=800%2C445&ssl=1&resize=700%2C400 2x"},"classes":[]},{"id":790,"url":"https:\/\/www.freidenker.org\/?p=790","url_meta":{"origin":1079,"position":2},"title":"FREIDENKER 4-13 &#8211; 1914: 1. Weltkrieg &#8211; 100 Jahre gegen imperialistische Kriege","author":"Webmaster","date":"16. Dezember 2013","format":false,"excerpt":"Die Ausgabe 4-13 des Verbandsorgans FREIDENKER hat das Schwerpunkt-Thema \u201e1914: 1. Weltkrieg - 100 Jahre gegen imperialistische Kriege\u201c und enth\u00e4lt u.a folgende Beitr\u00e4ge: - Klaus Hartmann: Der unbekannte Weltkrieg - Karlheinz Deschner: Leo XIII., Pius X. und der erste Weltkrieg - Eberhard Schinck: Imperialismus, Weltkrieg und Weltkriegsgefahr - Marx\u2019 \u201eLeitfaden\u201c\u2026","rel":"","context":"In &quot;Verbandsorgan FREIDENKER&quot;","block_context":{"text":"Verbandsorgan FREIDENKER","link":"https:\/\/www.freidenker.org\/?cat=8"},"img":{"alt_text":"","src":"https:\/\/i0.wp.com\/www.freidenker.org\/fw17\/wp-content\/uploads\/2017\/12\/FD_2013-04_Titel_mR.jpg?fit=800%2C445&ssl=1&resize=350%2C200","width":350,"height":200,"srcset":"https:\/\/i0.wp.com\/www.freidenker.org\/fw17\/wp-content\/uploads\/2017\/12\/FD_2013-04_Titel_mR.jpg?fit=800%2C445&ssl=1&resize=350%2C200 1x, https:\/\/i0.wp.com\/www.freidenker.org\/fw17\/wp-content\/uploads\/2017\/12\/FD_2013-04_Titel_mR.jpg?fit=800%2C445&ssl=1&resize=525%2C300 1.5x, https:\/\/i0.wp.com\/www.freidenker.org\/fw17\/wp-content\/uploads\/2017\/12\/FD_2013-04_Titel_mR.jpg?fit=800%2C445&ssl=1&resize=700%2C400 2x"},"classes":[]},{"id":783,"url":"https:\/\/www.freidenker.org\/?p=783","url_meta":{"origin":1079,"position":3},"title":"FREIDENKER 3-13 &#8211; Islam &#8211; Islamismus &#8211; Politischer Islam zwischen Imperialismus und Antiimperialismus","author":"Webmaster","date":"16. September 2013","format":false,"excerpt":"Die Ausgabe 3-13 des Verbandsorgans FREIDENKER hat das Schwerpunkt-Thema \u201eIslam - Islamismus - Politischer Islam zwischen Imperialismus und Antiimperialismus\u201c und enth\u00e4lt u.a folgende Beitr\u00e4ge: - Klaus Hartmann: Religionskritik unter Islamophobie-Verdacht? Islamophobie unter dem Vorwand von Religionskritik? - Domenico Losurdo: Fundamentalismus im Islam und anderswo - Klaus von Raussendorf: Politischer Islam\u2026","rel":"","context":"In &quot;Verbandsorgan FREIDENKER&quot;","block_context":{"text":"Verbandsorgan FREIDENKER","link":"https:\/\/www.freidenker.org\/?cat=8"},"img":{"alt_text":"","src":"https:\/\/i0.wp.com\/www.freidenker.org\/fw17\/wp-content\/uploads\/2017\/12\/FD_2013-03_Titel_mR.jpg?fit=800%2C445&ssl=1&resize=350%2C200","width":350,"height":200,"srcset":"https:\/\/i0.wp.com\/www.freidenker.org\/fw17\/wp-content\/uploads\/2017\/12\/FD_2013-03_Titel_mR.jpg?fit=800%2C445&ssl=1&resize=350%2C200 1x, https:\/\/i0.wp.com\/www.freidenker.org\/fw17\/wp-content\/uploads\/2017\/12\/FD_2013-03_Titel_mR.jpg?fit=800%2C445&ssl=1&resize=525%2C300 1.5x, https:\/\/i0.wp.com\/www.freidenker.org\/fw17\/wp-content\/uploads\/2017\/12\/FD_2013-03_Titel_mR.jpg?fit=800%2C445&ssl=1&resize=700%2C400 2x"},"classes":[]},{"id":723,"url":"https:\/\/www.freidenker.org\/?p=723","url_meta":{"origin":1079,"position":4},"title":"FREIDENKER 4-09 &#8211; Krise &#8211; Widerstand!","author":"Webmaster","date":"16. Dezember 2009","format":false,"excerpt":"Die Ausgabe 4-09 des Verbandsorgans FREIDENKER hat das Schwerpunkt-Thema \u201eKrise - Widerstand!\u201c und enth\u00e4lt u.a folgende Beitr\u00e4ge: - Rainer Thiel: Finanzkrise: Markt, Konkurrenz und Eigentum - Dieter Hillebrenner: Arbeiterklasse heute - Werner Seppmann: Krise ohne Widerstand? - Erich Hahn: ,Erinnerungsschlacht\u2018 und Weltanschauung - Klaus Hartmann: Krise im Kopf","rel":"","context":"In &quot;Verbandsorgan FREIDENKER&quot;","block_context":{"text":"Verbandsorgan FREIDENKER","link":"https:\/\/www.freidenker.org\/?cat=8"},"img":{"alt_text":"","src":"https:\/\/i0.wp.com\/www.freidenker.org\/fw17\/wp-content\/uploads\/2017\/12\/FD_2009-04_Titel_mR.jpg?fit=800%2C445&ssl=1&resize=350%2C200","width":350,"height":200,"srcset":"https:\/\/i0.wp.com\/www.freidenker.org\/fw17\/wp-content\/uploads\/2017\/12\/FD_2009-04_Titel_mR.jpg?fit=800%2C445&ssl=1&resize=350%2C200 1x, https:\/\/i0.wp.com\/www.freidenker.org\/fw17\/wp-content\/uploads\/2017\/12\/FD_2009-04_Titel_mR.jpg?fit=800%2C445&ssl=1&resize=525%2C300 1.5x, https:\/\/i0.wp.com\/www.freidenker.org\/fw17\/wp-content\/uploads\/2017\/12\/FD_2009-04_Titel_mR.jpg?fit=800%2C445&ssl=1&resize=700%2C400 2x"},"classes":[]},{"id":5615,"url":"https:\/\/www.freidenker.org\/?p=5615","url_meta":{"origin":1079,"position":5},"title":"\u201eDeutschlands freundliches Gesicht\u201c?","author":"Webredaktion","date":"16. Dezember 2018","format":false,"excerpt":"Beitrag aus FREIDENKER 4-18 Die Debatte um den UN-\u201ePakt f\u00fcr eine sichere, geordnete und regul\u00e4re Migration\u201c ist eine Variante und Fortsetzung der Auseinandersetzung, die mit der sogenannten \u201eFl\u00fcchtlingskrise\u201c 2015 begann. Was fr\u00fcher \u201eAsylantenflut\u201c genannt wurde, hie\u00df fortan \u201eFl\u00fcchtlingswelle\u201c oder auch \u201eMigrantenstrom\u201c. In der Debatte werden beliebig Asyl, Flucht und Migration\u2026","rel":"","context":"In &quot;Demokratie \u2013 Medien \u2013 Aufkl\u00e4rung&quot;","block_context":{"text":"Demokratie \u2013 Medien \u2013 Aufkl\u00e4rung","link":"https:\/\/www.freidenker.org\/?cat=12"},"img":{"alt_text":"","src":"https:\/\/i0.wp.com\/www.freidenker.org\/fw17\/wp-content\/uploads\/2018\/12\/Refugee_march_Hungary_2015-09-04_800x445.jpg?fit=800%2C445&ssl=1&resize=350%2C200","width":350,"height":200,"srcset":"https:\/\/i0.wp.com\/www.freidenker.org\/fw17\/wp-content\/uploads\/2018\/12\/Refugee_march_Hungary_2015-09-04_800x445.jpg?fit=800%2C445&ssl=1&resize=350%2C200 1x, https:\/\/i0.wp.com\/www.freidenker.org\/fw17\/wp-content\/uploads\/2018\/12\/Refugee_march_Hungary_2015-09-04_800x445.jpg?fit=800%2C445&ssl=1&resize=525%2C300 1.5x, https:\/\/i0.wp.com\/www.freidenker.org\/fw17\/wp-content\/uploads\/2018\/12\/Refugee_march_Hungary_2015-09-04_800x445.jpg?fit=800%2C445&ssl=1&resize=700%2C400 2x"},"classes":[]}],"_links":{"self":[{"href":"https:\/\/www.freidenker.org\/index.php?rest_route=\/wp\/v2\/posts\/1079","targetHints":{"allow":["GET"]}}],"collection":[{"href":"https:\/\/www.freidenker.org\/index.php?rest_route=\/wp\/v2\/posts"}],"about":[{"href":"https:\/\/www.freidenker.org\/index.php?rest_route=\/wp\/v2\/types\/post"}],"author":[{"embeddable":true,"href":"https:\/\/www.freidenker.org\/index.php?rest_route=\/wp\/v2\/users\/3"}],"replies":[{"embeddable":true,"href":"https:\/\/www.freidenker.org\/index.php?rest_route=%2Fwp%2Fv2%2Fcomments&post=1079"}],"version-history":[{"count":0,"href":"https:\/\/www.freidenker.org\/index.php?rest_route=\/wp\/v2\/posts\/1079\/revisions"}],"wp:featuredmedia":[{"embeddable":true,"href":"https:\/\/www.freidenker.org\/index.php?rest_route=\/wp\/v2\/media\/2562"}],"wp:attachment":[{"href":"https:\/\/www.freidenker.org\/index.php?rest_route=%2Fwp%2Fv2%2Fmedia&parent=1079"}],"wp:term":[{"taxonomy":"category","embeddable":true,"href":"https:\/\/www.freidenker.org\/index.php?rest_route=%2Fwp%2Fv2%2Fcategories&post=1079"},{"taxonomy":"post_tag","embeddable":true,"href":"https:\/\/www.freidenker.org\/index.php?rest_route=%2Fwp%2Fv2%2Ftags&post=1079"}],"curies":[{"name":"wp","href":"https:\/\/api.w.org\/{rel}","templated":true}]}}