{"id":10629,"date":"2021-06-24T02:25:29","date_gmt":"2021-06-24T00:25:29","guid":{"rendered":"https:\/\/www.freidenker.org\/?p=10629"},"modified":"2021-07-13T01:44:30","modified_gmt":"2021-07-12T23:44:30","slug":"ein-haeusle-of-one","status":"publish","type":"post","link":"https:\/\/www.freidenker.org\/?p=10629","title":{"rendered":"Ein H\u00e4usle of One?"},"content":{"rendered":"<p><em>von <strong>Hans-G\u00fcnther Dicks<\/strong><\/em><\/p>\n<p>Jemand baut ein Haus. Ein ziemlich gro\u00dfes, und mitten in Berlin. Nicht f\u00fcr sich, sondern f\u00fcr ganz viele. Vor allem f\u00fcr solche, die an den Einen glauben, denn es soll House of One hei\u00dfen. Anh\u00e4nger dreier monotheistischer Religionen (Protestanten, Muslime und Juden) sind denn auch die \u201eBauherren\u201c des Projekts, dessen Gesamtbaukosten von den Initiatoren anfangs mit 43,5 Millionen Euro angegeben wurden. Die wollten der Bundestag und der Berliner Senat mit je zehn Millionen bezahlen, den Rest hoffte man durch Spenden, Sponsoren und Crowd Funding aufzubringen. Letzteres erwies sich rasch als schwierig, doch man machte unverdrossen weiter. Bis zur Grundsteinlegung am 27. Mai dieses Jahres bezifferte man mit der in Berlin \u00fcblichen Steigerungsrate die Gesamtkosten bereits mit 47,3 Mio., aber Bund und Senat sprangen eifrig in die Bresche und erh\u00f6hten ihren Anteil auf je 15 Millionen.<\/p>\n<p>Wo \u201eStaatsknete\u201c so leicht zu haben ist, sollte die katholische Kirche, die weltweit gr\u00f6\u00dfte der monotheistischen Religionen, bald auf der Matte stehen. Die aber hatten die Initiatoren laut Wikipedia erst gar nicht angesprochen. Einen so m\u00e4chtigen Partner ins Boot zu holen h\u00e4tte wohl den Glanz der eigenen Initiative getr\u00fcbt. Oder hatte deren Amtskirche sich wegen dringender anderer Probleme nicht ansprechen lassen? Schlie\u00dflich laufen dem Oberhirten in Rom seine deutschen Sch\u00e4fchen in einem so rasanten Tempo davon, dass der Name des geplanten Hauses am Ende auf andere Art ganz w\u00f6rtlich wahr werden k\u00f6nnte.<\/p>\n<p>Unbedingt auf Mehrheiten ausgerichtet sind allerdings auch die Bauherren selbst nicht. Die Protestanten leiden an \u00e4hnlichem Mitgliederschwund wie die Katholiken. Die j\u00fcdischen Gemeinden Berlins, die mehrheitlich konservativer eingestellt sind als die am Projekt beteiligten Reformjuden, zeigten kaum Interesse, und unter den Muslimen gab es Bedenken, denn das beteiligte \u201eForum f\u00fcr interkulturellen Dialog\u201c (FID) vertritt nur eine Minderheit der t\u00fcrkischen Muslime, weil es als Sprachrohr der von den USA operierenden und in der T\u00fcrkei verbotenen G\u00fclen-Bewegung gilt.<\/p>\n<p>\u00c0 propos Mehrheiten. Noch krasser wird das Missverh\u00e4ltnis, wenn man die jeweilige Gesamtbev\u00f6lkerung in den Blick nimmt. Laut Wikipedia z\u00e4hlten 2019 bundesweit nur 52,1% der Bev\u00f6lkerung zu einer der beiden gro\u00dfen Kirchen, in Berlin gar nur 23,3%. Der Anteil der Konfessionslosen lag mit 38,8% h\u00f6her als der jeder Einzelkirche, und er steigt noch stetig an. An den Einen, dessen Namen das House of one tragen soll, glaubten laut einer \u201eSpiegel\u201c-Umfrage 2019 selbst unter den Christen ein Viertel Katholiken und ein Drittel Protestanten nicht mehr. Aber, so meinten wohl Bundestag und Berliner Senat: Wer nicht daran glaubt, muss eben \u201edran glauben\u201c und den sparsamen H\u00e4uslebauern ihr Projekt \u00fcber Steuern mitfinanzieren. Sch\u00f6ne Demokratie!<\/p>\n<p style=\"text-align: right;\"><em>Hans-G\u00fcnther Dicks ist Mitglied des Deutschen Freidenker-Verbandes, Landesverband Berlin<\/em><\/p>\n<hr \/>\n<p><span style=\"font-size: 10pt;\">Bild: Berlin-Mitte, The House of One, Baustelle 2015<\/span><br \/>\n<span style=\"font-size: 10pt;\">Foto: <a title=\"User:Molgreen\" href=\"https:\/\/commons.wikimedia.org\/wiki\/User:Molgreen\">Molgreen<\/a>, <a href=\"https:\/\/creativecommons.org\/licenses\/by-sa\/4.0\/deed.en\" target=\"_blank\" rel=\"noopener\">CC BY-SA 4.0<\/a><\/span><br \/>\n<span style=\"font-size: 10pt;\">Quelle: <a href=\"https:\/\/commons.wikimedia.org\/wiki\/File:20150917_xl_P1030026_Berlin-Mitte_Petriplatz_an_der_Gertraudenstrasse_The_House_of_One.JPG\" target=\"_blank\" rel=\"noopener\">https:\/\/commons.wikimedia.org\/wiki\/File:20150917_xl_P1030026_Berlin-Mitte_Petriplatz_an_der_Gertraudenstrasse_The_House_of_One.JPG<\/a><\/span><\/p>\n","protected":false},"excerpt":{"rendered":"<p><b>Beitrag von Hans-G\u00fcnther Dicks<\/b><br \/>\nJemand baut ein Haus. Ein ziemlich gro\u00dfes, und mitten in Berlin. Nicht f\u00fcr sich, sondern f\u00fcr ganz viele. Vor allem f\u00fcr solche, die an den Einen glauben, denn es soll House of One hei\u00dfen. Anh\u00e4nger dreier monotheistischer Religionen (Protestanten, Muslime und Juden) sind denn auch die \u201eBauherren\u201c des Projekts, dessen Gesamtbaukosten von den Initiatoren anfangs mit 43,5 Millionen Euro angegeben wurden. Die wollten der Bundestag und der Berliner Senat mit je zehn Millionen bezahlen, den Rest hoffte man durch Spenden, Sponsoren und Crowd Funding aufzubringen. Letzteres erwies sich rasch als schwierig, doch man machte unverdrossen weiter.<\/p>\n","protected":false},"author":3,"featured_media":10630,"comment_status":"closed","ping_status":"closed","sticky":false,"template":"","format":"standard","meta":{"colormag_page_container_layout":"default_layout","colormag_page_sidebar_layout":"default_layout","advanced_seo_description":"","jetpack_seo_html_title":"","jetpack_seo_noindex":false,"jetpack_post_was_ever_published":false,"footnotes":""},"categories":[15],"tags":[409,477,387,350,723,54,922],"class_list":["post-10629","post","type-post","status-publish","format-standard","has-post-thumbnail","hentry","category-religions-kirchenkritik","tag-berlin","tag-bundestag","tag-christentum","tag-islam","tag-judentum","tag-kirche","tag-konfessionsfreiheit"],"jetpack_featured_media_url":"https:\/\/i0.wp.com\/www.freidenker.org\/fw17\/wp-content\/uploads\/2021\/06\/The_House_of_One_800x450.jpg?fit=800%2C450&ssl=1","jetpack_shortlink":"https:\/\/wp.me\/p9stpK-2Lr","jetpack-related-posts":[{"id":686,"url":"https:\/\/www.freidenker.org\/?p=686","url_meta":{"origin":10629,"position":0},"title":"Interview in &#8222;junge Welt&#8220; mit Klaus Hartmann zum Papstbesuch","author":"Webmaster","date":"23. September 2011","format":false,"excerpt":"F: Am gestrigen Donnerstag ist Papst Benedikt XVI. in Berlin gelandet. Ein erhebendes Erlebnis auch f\u00fcr Freidenker? A: Gott bewahre. Immerhin schleckte er nicht die Landebahn ab wie sein Vorg\u00e4nger. Ansonsten ist er uns ein teurer Gast, zumindest verglichen mit den j\u00e4hrlich 20 Millionen Berlin-Touristen, die in der Regel Selbstzahler\u2026","rel":"","context":"In &quot;Religions- &amp; Kirchenkritik, S\u00e4kulare Szene&quot;","block_context":{"text":"Religions- &amp; Kirchenkritik, S\u00e4kulare Szene","link":"https:\/\/www.freidenker.org\/?cat=15"},"img":{"alt_text":"","src":"https:\/\/i0.wp.com\/www.freidenker.org\/fw17\/wp-content\/uploads\/2016\/08\/Klaus_Hartmann_01.jpg?fit=800%2C445&ssl=1&resize=350%2C200","width":350,"height":200,"srcset":"https:\/\/i0.wp.com\/www.freidenker.org\/fw17\/wp-content\/uploads\/2016\/08\/Klaus_Hartmann_01.jpg?fit=800%2C445&ssl=1&resize=350%2C200 1x, https:\/\/i0.wp.com\/www.freidenker.org\/fw17\/wp-content\/uploads\/2016\/08\/Klaus_Hartmann_01.jpg?fit=800%2C445&ssl=1&resize=525%2C300 1.5x, https:\/\/i0.wp.com\/www.freidenker.org\/fw17\/wp-content\/uploads\/2016\/08\/Klaus_Hartmann_01.jpg?fit=800%2C445&ssl=1&resize=700%2C400 2x"},"classes":[]},{"id":23737,"url":"https:\/\/www.freidenker.org\/?p=23737","url_meta":{"origin":10629,"position":1},"title":"Schulstreik: Den Kriegstrommlern in Deutschland geht es nicht um Freiheit und Demokratie","author":"Webredaktion","date":"7. Dezember 2025","format":false,"excerpt":"Rede von Reiner Hoffmann auf einer Demonstration gegen die Wehrpflicht am 05.12.2025 in D\u00fcsseldorf Am 5. Dezember 2025 fand ein bundesweiter Schulstreik gegen die Wehrpflicht statt, woran sich viele tausend Jugendliche beteiligten, unter anderem in Hamburg, Berlin, Potsdam, K\u00f6ln, D\u00fcsseldorf, M\u00fcnchen, Dresden und Leipzig. Hintergrund war die an diesem Tag\u2026","rel":"","context":"In &quot;Frieden - Antifaschismus - Solidarit\u00e4t&quot;","block_context":{"text":"Frieden - Antifaschismus - Solidarit\u00e4t","link":"https:\/\/www.freidenker.org\/?cat=13"},"img":{"alt_text":"","src":"https:\/\/i0.wp.com\/www.freidenker.org\/fw17\/wp-content\/uploads\/2025\/12\/Schuelerstreik-Wuppertal-IMG_5307_1600x900.jpg?fit=1200%2C674&ssl=1&resize=350%2C200","width":350,"height":200,"srcset":"https:\/\/i0.wp.com\/www.freidenker.org\/fw17\/wp-content\/uploads\/2025\/12\/Schuelerstreik-Wuppertal-IMG_5307_1600x900.jpg?fit=1200%2C674&ssl=1&resize=350%2C200 1x, https:\/\/i0.wp.com\/www.freidenker.org\/fw17\/wp-content\/uploads\/2025\/12\/Schuelerstreik-Wuppertal-IMG_5307_1600x900.jpg?fit=1200%2C674&ssl=1&resize=525%2C300 1.5x, https:\/\/i0.wp.com\/www.freidenker.org\/fw17\/wp-content\/uploads\/2025\/12\/Schuelerstreik-Wuppertal-IMG_5307_1600x900.jpg?fit=1200%2C674&ssl=1&resize=700%2C400 2x, https:\/\/i0.wp.com\/www.freidenker.org\/fw17\/wp-content\/uploads\/2025\/12\/Schuelerstreik-Wuppertal-IMG_5307_1600x900.jpg?fit=1200%2C674&ssl=1&resize=1050%2C600 3x"},"classes":[]},{"id":13140,"url":"https:\/\/www.freidenker.org\/?p=13140","url_meta":{"origin":10629,"position":2},"title":"Wer hat am Ventil gedreht? Reduzierter Gasfluss durch die Ukraine","author":"Webredaktion","date":"17. Mai 2022","format":false,"excerpt":"Beitrag von\u00a0Anti-Spiegel\u00a0(d.i.\u00a0Thomas R\u00f6per) Was sich derzeit im Bereich Gas abspielt, ist Realsatire. Die Ukraine hat den Gastransit um ein Drittel gesenkt, aber die westlichen Medien geben Russland die Schuld. In \u00d6sterreich ist ein Gasspeicher leer, dessen Bef\u00fcllung die Aufgabe der von Deutschland verstaatlichten Gazprom-Tochter ist, aber der \u00f6sterreichische Bundeskanzler gibt\u2026","rel":"","context":"In &quot;Arbeit &amp; Soziales&quot;","block_context":{"text":"Arbeit &amp; Soziales","link":"https:\/\/www.freidenker.org\/?cat=11"},"img":{"alt_text":"","src":"https:\/\/i0.wp.com\/www.freidenker.org\/fw17\/wp-content\/uploads\/2022\/05\/valve-4835969_800x450.jpg?fit=800%2C450&ssl=1&resize=350%2C200","width":350,"height":200,"srcset":"https:\/\/i0.wp.com\/www.freidenker.org\/fw17\/wp-content\/uploads\/2022\/05\/valve-4835969_800x450.jpg?fit=800%2C450&ssl=1&resize=350%2C200 1x, https:\/\/i0.wp.com\/www.freidenker.org\/fw17\/wp-content\/uploads\/2022\/05\/valve-4835969_800x450.jpg?fit=800%2C450&ssl=1&resize=525%2C300 1.5x, https:\/\/i0.wp.com\/www.freidenker.org\/fw17\/wp-content\/uploads\/2022\/05\/valve-4835969_800x450.jpg?fit=800%2C450&ssl=1&resize=700%2C400 2x"},"classes":[]},{"id":17978,"url":"https:\/\/www.freidenker.org\/?p=17978","url_meta":{"origin":10629,"position":3},"title":"Remigration und AfD-Verbot: Caf\u00e9 Latte und Widerstandsk\u00e4mpfer","author":"Webredaktion","date":"22. Januar 2024","format":false,"excerpt":"Beitrag von Tom J. Wellbrock Ist das ausgerechnet von \"Correctiv\" aufgedeckte \"Geheimtreffen\" einiger Leute mit Planungen einer \"Remigration\" eine Gefahr f\u00fcr die Demokratie? Droht Millionen von Migranten (auch mit deutschem Pass) die massenhafte Abschiebung aus Deutschland? Es muss wohl so sein, wenn man die Kundgebungen auf der Stra\u00dfe und die\u2026","rel":"","context":"In &quot;Demokratie \u2013 Medien \u2013 Aufkl\u00e4rung&quot;","block_context":{"text":"Demokratie \u2013 Medien \u2013 Aufkl\u00e4rung","link":"https:\/\/www.freidenker.org\/?cat=12"},"img":{"alt_text":"","src":"https:\/\/i0.wp.com\/www.freidenker.org\/fw17\/wp-content\/uploads\/2024\/01\/Hot-girls-gemeinsam-gegen-rechts-muc-2024_800x450.jpg?fit=800%2C450&ssl=1&resize=350%2C200","width":350,"height":200,"srcset":"https:\/\/i0.wp.com\/www.freidenker.org\/fw17\/wp-content\/uploads\/2024\/01\/Hot-girls-gemeinsam-gegen-rechts-muc-2024_800x450.jpg?fit=800%2C450&ssl=1&resize=350%2C200 1x, https:\/\/i0.wp.com\/www.freidenker.org\/fw17\/wp-content\/uploads\/2024\/01\/Hot-girls-gemeinsam-gegen-rechts-muc-2024_800x450.jpg?fit=800%2C450&ssl=1&resize=525%2C300 1.5x, https:\/\/i0.wp.com\/www.freidenker.org\/fw17\/wp-content\/uploads\/2024\/01\/Hot-girls-gemeinsam-gegen-rechts-muc-2024_800x450.jpg?fit=800%2C450&ssl=1&resize=700%2C400 2x"},"classes":[]},{"id":16012,"url":"https:\/\/www.freidenker.org\/?p=16012","url_meta":{"origin":10629,"position":4},"title":"Geschichtsrevisionismus made in Germany","author":"Webredaktion","date":"13. Mai 2023","format":false,"excerpt":"Beitrag von Gert Ewen Ungar In Russland sieht man Versuche des Westens deutlich, die Geschichte umschreiben zu wollen. Die Feierlichkeiten zum Tag des Siegs \u00fcber den Faschismus zeigten, Deutschland ist bei diesen Versuchen ganz vorn mit dabei. F\u00fcr Russland ist das ein aggressiver, feindseliger Akt. Ginge es nach der Bundesregierung,\u2026","rel":"","context":"In &quot;Demokratie \u2013 Medien \u2013 Aufkl\u00e4rung&quot;","block_context":{"text":"Demokratie \u2013 Medien \u2013 Aufkl\u00e4rung","link":"https:\/\/www.freidenker.org\/?cat=12"},"img":{"alt_text":"","src":"https:\/\/i0.wp.com\/www.freidenker.org\/fw17\/wp-content\/uploads\/2023\/05\/Reichtstag_Kuppel_Innen_Denis_Apel_9_800x450.jpg?fit=800%2C450&ssl=1&resize=350%2C200","width":350,"height":200,"srcset":"https:\/\/i0.wp.com\/www.freidenker.org\/fw17\/wp-content\/uploads\/2023\/05\/Reichtstag_Kuppel_Innen_Denis_Apel_9_800x450.jpg?fit=800%2C450&ssl=1&resize=350%2C200 1x, https:\/\/i0.wp.com\/www.freidenker.org\/fw17\/wp-content\/uploads\/2023\/05\/Reichtstag_Kuppel_Innen_Denis_Apel_9_800x450.jpg?fit=800%2C450&ssl=1&resize=525%2C300 1.5x, https:\/\/i0.wp.com\/www.freidenker.org\/fw17\/wp-content\/uploads\/2023\/05\/Reichtstag_Kuppel_Innen_Denis_Apel_9_800x450.jpg?fit=800%2C450&ssl=1&resize=700%2C400 2x"},"classes":[]},{"id":20558,"url":"https:\/\/www.freidenker.org\/?p=20558","url_meta":{"origin":10629,"position":5},"title":"Deutschlands &#8222;kriegst\u00fcchtige Zukunft&#8220; dank des unerm\u00fcdlichen Herrn Pistorius","author":"Webredaktion","date":"24. Dezember 2024","format":false,"excerpt":"Beitrag von Rainer Rupp Boris Pistorius will uns alle an eine angeblich permanente Kriegsgefahr gew\u00f6hnen, nicht nur in Europa, sondern weltweit. In einer Episode des TV-Stra\u00dfenfegers \"Berlin direkt\" hat der \"Liebling\" der Deutschen unl\u00e4ngst sein Volk wissen lassen, dass er von ihm \"dringend\" mehr Kriegsgeilheit erwartet. Nat\u00fcrlich hat er\u00a0das vornehmer\u2026","rel":"","context":"In &quot;Demokratie \u2013 Medien \u2013 Aufkl\u00e4rung&quot;","block_context":{"text":"Demokratie \u2013 Medien \u2013 Aufkl\u00e4rung","link":"https:\/\/www.freidenker.org\/?cat=12"},"img":{"alt_text":"","src":"https:\/\/i0.wp.com\/www.freidenker.org\/fw17\/wp-content\/uploads\/2024\/12\/Pistorius_240509-D-XI929-1009_800x450.jpg?fit=800%2C450&ssl=1&resize=350%2C200","width":350,"height":200,"srcset":"https:\/\/i0.wp.com\/www.freidenker.org\/fw17\/wp-content\/uploads\/2024\/12\/Pistorius_240509-D-XI929-1009_800x450.jpg?fit=800%2C450&ssl=1&resize=350%2C200 1x, https:\/\/i0.wp.com\/www.freidenker.org\/fw17\/wp-content\/uploads\/2024\/12\/Pistorius_240509-D-XI929-1009_800x450.jpg?fit=800%2C450&ssl=1&resize=525%2C300 1.5x, https:\/\/i0.wp.com\/www.freidenker.org\/fw17\/wp-content\/uploads\/2024\/12\/Pistorius_240509-D-XI929-1009_800x450.jpg?fit=800%2C450&ssl=1&resize=700%2C400 2x"},"classes":[]}],"_links":{"self":[{"href":"https:\/\/www.freidenker.org\/index.php?rest_route=\/wp\/v2\/posts\/10629","targetHints":{"allow":["GET"]}}],"collection":[{"href":"https:\/\/www.freidenker.org\/index.php?rest_route=\/wp\/v2\/posts"}],"about":[{"href":"https:\/\/www.freidenker.org\/index.php?rest_route=\/wp\/v2\/types\/post"}],"author":[{"embeddable":true,"href":"https:\/\/www.freidenker.org\/index.php?rest_route=\/wp\/v2\/users\/3"}],"replies":[{"embeddable":true,"href":"https:\/\/www.freidenker.org\/index.php?rest_route=%2Fwp%2Fv2%2Fcomments&post=10629"}],"version-history":[{"count":0,"href":"https:\/\/www.freidenker.org\/index.php?rest_route=\/wp\/v2\/posts\/10629\/revisions"}],"wp:featuredmedia":[{"embeddable":true,"href":"https:\/\/www.freidenker.org\/index.php?rest_route=\/wp\/v2\/media\/10630"}],"wp:attachment":[{"href":"https:\/\/www.freidenker.org\/index.php?rest_route=%2Fwp%2Fv2%2Fmedia&parent=10629"}],"wp:term":[{"taxonomy":"category","embeddable":true,"href":"https:\/\/www.freidenker.org\/index.php?rest_route=%2Fwp%2Fv2%2Fcategories&post=10629"},{"taxonomy":"post_tag","embeddable":true,"href":"https:\/\/www.freidenker.org\/index.php?rest_route=%2Fwp%2Fv2%2Ftags&post=10629"}],"curies":[{"name":"wp","href":"https:\/\/api.w.org\/{rel}","templated":true}]}}