{"id":10625,"date":"2021-06-24T02:26:23","date_gmt":"2021-06-24T00:26:23","guid":{"rendered":"https:\/\/www.freidenker.org\/?p=10625"},"modified":"2021-07-13T01:44:43","modified_gmt":"2021-07-12T23:44:43","slug":"wie-man-demokratie-verhindert-ein-paar-worte-ueber-ngos","status":"publish","type":"post","link":"https:\/\/www.freidenker.org\/?p=10625","title":{"rendered":"Wie man Demokratie verhindert: Ein paar Worte \u00fcber NGOs"},"content":{"rendered":"<p><strong>Nichtregierungsorganisationen oder NGOs wurden im politischen Leben auch bei uns in den letzten Jahrzehnten immer wichtiger. Aber ist das wirklich ein Gewinn an Demokratie, wie das vor allem behauptet wird, wenn es irgendwo Auseinandersetzungen um NGOs gibt, oder eher das Gegenteil? <\/strong><\/p>\n<p><em>von\u00a0<strong>Dagmar Henn<\/strong><\/em><\/p>\n<p><span style=\"font-size: 10pt;\">Erstver\u00f6ffentlichung\u00a0 am 19.06.2021 auf <a href=\"https:\/\/de.rt.com\/meinung\/119126-wie-man-demokratie-verhindert-ngo\/\" target=\"_blank\" rel=\"noopener\">RT DE<\/a><\/span><\/p>\n<p>Der Begriff besagt oft nicht einmal das, was er besagen soll. Die Auslandsstiftungen der deutschen Parteien gelten im Ausland auch als NGOs, obwohl ihre Mittel vollst\u00e4ndig vom Ausw\u00e4rtigen Amt stammen. Auch wenn man die Strukturen betrachtet, die im Verlauf der letzten Jahre beispielsweise mit der Internetzensur beauftragt wurden, wie Correctiv, handelt es sich dabei um vorwiegend staatlich finanzierte Akteure; und in den F\u00e4llen, in denen staatliche Mittel keine Rolle spielen, treten an deren Stelle Gro\u00dfspenden. F\u00fcr die Spender hat das einen doppelten Nutzen \u2013 zum einen k\u00f6nnen sie ihre Spenden steuermindernd geltend machen, zum anderen k\u00f6nnen sie die betreffenden Organisationen letztlich in ihrem eigenen Interesse einsetzen.<\/p>\n<div class=\"ReadMore-root Section-root Section-is1to3-xs_is1to1\" data-widgets=\"ReadMore\">\n<div class=\"Section-container Section-isRow-isTop-isWrap\">\n<article class=\"Card-root Card-is1to1 \">\n<div class=\"Card-imageWrap\">Als der Begriff NGO aufkam, ging es unter anderem um die Einbindung von realen Organisationen realer Menschen wie z. B. von Gewerkschaften, Berufs- oder Frauenverb\u00e4nden in die Debatten innerhalb der Vereinten Nationen, die ja grunds\u00e4tzlich aus Regierungen bestehen. Damals war das eine n\u00f6tige und sinnvolle Erweiterung, die es erm\u00f6glichte, soziale und soziokulturelle Entwicklungen fr\u00fcher aufzugreifen. Schlie\u00dflich umfasst die Menschenrechtscharta der UN nicht nur politische, sondern auch soziale Menschenrechte.<\/div>\n<\/article>\n<\/div>\n<\/div>\n<p>Innerhalb der BRD galt dieser Begriff bis in die 1980er Jahre schlicht f\u00fcr die vorhandenen Vereine und Verb\u00e4nde. Sie wurden \u00fcblicherweise von jenen finanziert, deren Interessen sie vertraten. Der Regelfall war tats\u00e4chlich eine demokratische Binnenstruktur, bei der sich eventuell vorhandene hauptamtliche Apparate den inhaltlichen Entscheidungen der ehrenamtlichen F\u00fchrung unterzuordnen hatten, zumindest in der Theorie. Eine Vorgabe, die so auch f\u00fcr die Parteien gilt, die juristisch in Deutschland eine Sonderform des Vereins sind.<\/p>\n<p>Der Wellenbrecher f\u00fcr die Etablierung des Mythos der NGO als einer neuen Form des Guten war Greenpeace. Die Aktionen, die die Organisation bekannt machten, waren spektakul\u00e4r und erzielten ein \u2013 im Verh\u00e4ltnis zum Aufwand \u2013 ungeheures Medienecho. Jeder Verein, der sich jahrelang zu seinem Thema abm\u00fchte, wurde da blass vor Neid. Greenpeace schien gerade f\u00fcr die J\u00fcngeren das Versprechen, Themen schneller auf die Tagesordnung setzen zu k\u00f6nnen, als das durch die bekannten demokratischen Strukturen der vorhandenen Verb\u00e4nde m\u00f6glich war, die wesentlich langsamer auf Ver\u00e4nderungen reagierten.<\/p>\n<p>Diese Langsamkeit war allerdings eine Folge der demokratischen Struktur, und die Schnelligkeit und Effizienz, die Greenpeace ausstrahlte, eine Folge dessen, dass diese Organisation nur sehr begrenzt als demokratisch betrachtet werden kann.<\/p>\n<div class=\"ReadMore-root Section-root Section-is1to3-xs_is1to1\" data-widgets=\"ReadMore\">\n<div class=\"Section-container Section-isRow-isTop-isWrap\">\n<article class=\"Card-root Card-is1to1 \">\n<div class=\"Card-imageWrap\">Demokratische Entscheidungen sind, das kann jeder best\u00e4tigen, der zumindest schon einmal in einem Verein aktiv war, naturgem\u00e4\u00df langsam. Solange die Struktur tats\u00e4chlich demokratisches Leben aufweist, die Mitglieder also aktiv inhaltlich mitbestimmen wollen, muss \u00fcberzeugt werden, bis eine Mehrheit eine Position unterst\u00fctzt. Im Gegensatz dazu k\u00f6nnen zentral gelenkte Organisationen sehr schnell bestimmte Entscheidungen treffen und umsetzen. Allerdings funktioniert das f\u00fcr gesellschaftliche Prozesse nicht, in denen unterschiedliche Interessen aufeinandersto\u00dfen, und in denen sich Einstellungen in der Breite ver\u00e4ndern m\u00fcssen, um bestimmte Ver\u00e4nderungen zu erreichen.<\/div>\n<\/article>\n<\/div>\n<\/div>\n<p>In der Praxis ist jede Organisation gezwungen, eine Balance zwischen Demokratie und Effizienz zu finden. Dass gerade in den 1980er Jahren der Glaube an die Effizienz ohne Demokratie in der BRD so um sich greifen konnte, hatte zwei Gr\u00fcnde. Der eine war die beginnende neoliberale Seelenmassage, die \u2013 klar im Interesse der gro\u00dfen Konzerne, die ja v\u00f6llig demokratiefreie Zonen sind \u2013 die Vorstellung verbreitete, privat sei immer besser als \u00f6ffentlich, wegen der h\u00f6heren Effizienz. Der andere war die Erfahrung der Protagonisten der 68er Revolte, mit ihren Vorstellungen von Ver\u00e4nderung geradewegs gegen die Wand gelaufen zu sein.<\/p>\n<p>Eine zentralistische Organisation, die keine demokratischen Prozesse beachten muss, l\u00e4sst sich nat\u00fcrlich auch leichter an die Vorgaben einer Medienlandschaft anpassen, die von PR beherrscht wird. Was getan wird, und wie es getan wird, ist nicht mehr Ausdruck der Bed\u00fcrfnisse der Beteiligten, sondern wird von der m\u00f6glichst gro\u00dfen medialen Reichweite bestimmt. Die spektakul\u00e4ren Aktionen, die Greenpeace so viel Bewunderung eintrugen, waren eine Mischung aus Kommandoaktion und Werbekampagne, deren Ziel mindestens ebenso sehr in der Erzeugung von Spendenbereitschaft lag wie in der Vermittlung einer inhaltlichen Botschaft.<\/p>\n<p>Die Spender sind bei Greenpeace und anderen Organisationen, die einem \u00e4hnlichen Muster folgen, v\u00f6llig von den Entscheidungen abgekoppelt. Sie d\u00fcrfen sich zwar so f\u00fchlen, als h\u00e4tten sie etwas Gutes getan, aber die Definition, worin dieses Gute besteht, entzieht sich ihrem Einfluss. Letztlich wird damit die eigentlich auch mit der Spende angestrebte politische Handlung eingedampft auf eine Kaufentscheidung und an die Stelle der Teilnahme an politischen Prozessen tritt eine Wahl zwischen zu konsumierenden Produkten.<\/p>\n<div class=\"ReadMore-root Section-root Section-is1to3-xs_is1to1\" data-widgets=\"ReadMore\">\n<div class=\"Section-container Section-isRow-isTop-isWrap\">\n<article class=\"Card-root Card-is1to1 \">\n<div class=\"Card-imageWrap\">Traditionelle Organisationsformen wie etwa die Gewerkschaften gingen davon aus, dass die Mitglieder nicht nur Finanzquelle, sondern ebenso Handelnde und Entscheidende sind. So sieht es auch das deutsche Vereinsrecht vor; weshalb man bei den neuen Formen der NGOs oft zwei Vereine findet; einen kleinen mit handverlesener Mitgliedschaft, der in sich demokratisch ist und die Entscheidungen trifft, und einen gro\u00dfen, einen F\u00f6rderverein, der die Gelder einsammelt und dessen Mitglieder keinerlei Mitbestimmungsrechte haben.<\/div>\n<\/article>\n<\/div>\n<\/div>\n<p>(Wer ein Beispiel f\u00fcr diese Organisationsform sehen will, kann das auf der Webseite von <a href=\"https:\/\/www.campact.de\/campact\/ueber-campact\/der-verein\/\" target=\"_blank\" rel=\"noopener noreferrer\">Campact<\/a> tun. Der eigentliche Verein, der die politische Richtung bestimmt, hat ganze zw\u00f6lf Mitglieder&#8230; das Fu\u00dfvolk darf spenden und die Kampagnen ausf\u00fchren.)<\/p>\n<p>Die Erfolge, die das Modell Werbekampagne mit angeschlossener Spendenb\u00fcchse dabei erzielte, politische Themen zu setzen, f\u00fchrten dazu, dass sich auch in den Gewerkschaften und Parteien die Vorstellung der &#8222;Kampagnenf\u00e4higkeit&#8220; verbreitete; oft schlicht, weil es schwerer wurde, mit traditionell formulierten politischen Themen in der \u00d6ffentlichkeit durchzudringen. Der Preis daf\u00fcr bestand in einem Verlust an innerer Demokratie und einer Verst\u00e4rkung der Spaltung zwischen Berufspolitikern mit ihrem Apparat und Mitgliedern, die teils inzwischen bereits daran gew\u00f6hnt waren, Spenden und die Durchf\u00fchrung vorgegebener Werbema\u00dfnahmen mit politischer Aktivit\u00e4t zu verwechseln.<\/p>\n<p>Das waren jetzt nur die Folgen der Entstehung der ersten Generation von neuen NGOs. Inzwischen hat man es bereits mit einer zweiten Generation zu tun, die das undemokratische Modell fortf\u00fchrt, aber zus\u00e4tzlich noch Gro\u00dfspender ins Spiel bringt (wie z. B. Human Rights Watch). In manchen F\u00e4llen (wie bei Amnesty International) ist eine solche NGO der ersten Generation mittlerweile zus\u00e4tzlich noch in den Sog der Gro\u00dfspender geraten. Es ist auch wesentlich leichter, eine Organisation unter Kontrolle zu bringen oder zu korrumpieren, die nur eine Handvoll Mitglieder umfasst; bei Hunderttausenden wird das bedeutend schwerer.<\/p>\n<p>Eine solche NGO der zweiten Generation legt nicht einmal mehr Wert auf einen F\u00f6rderverein und dessen Mitglieder, da der Finanzbedarf f\u00fcr den hauptamtlichen Apparat bereits durch die Gro\u00dfspender gedeckt ist. Die Entscheidung, f\u00fcr welche Themen sie sich einsetzt, welche Aussagen sie macht, liegt logischerweise letztlich bei diesem (oder diesen) Gro\u00dfspendern. Vor der Erfindung der Kategorie NGO und ihrer Glorifizierung durch Greenpeace etc. w\u00e4ren solche Strukturen sogleich als Lobbyorganisationen f\u00fcr eben diese Gro\u00dfspender klassifiziert worden. Inzwischen werden sie aber behandelt, als h\u00e4tten sie die gleiche politische Legitimit\u00e4t wie Gewerkschaften und \u00e4hnliche Mitgliedsorganisationen. Schlimmer noch \u2013 ihre Glaubw\u00fcrdigkeit wird h\u00f6her eingesch\u00e4tzt als jene der Parteien, die zumindest ein Grundma\u00df an innerer Demokratie gehalten haben.<\/p>\n<div class=\"ReadMore-root Section-root Section-is1to3-xs_is1to1\" data-widgets=\"ReadMore\">\n<div class=\"Section-container Section-isRow-isTop-isWrap\">\n<article class=\"Card-root Card-is1to1 \">\n<div class=\"Card-imageWrap\">Wenn nun unterschiedliche NGOs, die alle am Tropf, sagen wir mal, einer Open Society Foundation des George Soros h\u00e4ngen, gemeinsam handeln, erweckt das den Anschein eines breiten gesellschaftlichen B\u00fcndnisses, ohne dass real mehr vorhanden ist als einige Hauptamtliche und ein paar volle Konten. Im Gegensatz zu wirklichen politischen B\u00fcndnissen, in denen die Verhandlungen \u00fcber die Grundlagen, \u00fcber Aufrufe und Aktionen immer kompliziert, m\u00fchsam und langwierig sind, k\u00f6nnen sich diese Apparate auf einen kleinen Hinweis der Spendengeber hin leicht verst\u00e4ndigen. Die Simulation von Politik ist leichter zu haben als das wirkliche Ding.<\/div>\n<\/article>\n<\/div>\n<\/div>\n<p>Das, was in der &#8222;naturw\u00fcchsigen&#8220;, tats\u00e4chlich demokratischen Variante der Erfahrung und Kooperation hunderter ehrenamtlich aktiver Personen bedarf, wie die Organisation einer bundesweiten Demonstration, kann von diesen mit viel Geld versehenen Hauptamtlichenapparaten im Dienste von Oligarchen geradezu aus dem \u00c4rmel gesch\u00fcttelt werden. Die Finanzierung gro\u00dfer B\u00fchnen, von Sonderz\u00fcgen und Bussen, die Produktion von Flugbl\u00e4ttern, Webseiten und Transparenten, die erforderliche Pressearbeit, alles kein Problem. Nur wirkliche B\u00fcrger, also politisch engagierte ganz gew\u00f6hnliche Menschen, wird man in diesen Zusammenh\u00e4ngen nicht finden.<\/p>\n<p>Im Angloamerikanischen gibt es daf\u00fcr den sch\u00f6nen Begriff &#8222;Astroturfing&#8220;. Astroturf ist die Markenbezeichnung des gr\u00f6\u00dften Kunstrasenherstellers. Der Kunstrasen wurde zum Bild f\u00fcr k\u00fcnstlich erzeugte Bewegungen, weil der Begriff f\u00fcr von Mitgliedern aufgebaute Organisationen &#8222;grassroots organisation&#8220;, Graswurzelorganisation ist. Gr\u00e4ser wachsen von unten nach oben. Kunstrasen wird von oben verlegt und sieht nur so aus, als w\u00e4re er gewachsen.<\/p>\n<p>Die letzte gro\u00dfe Astroturfing-Kampagne in der BRD war &#8222;Fridays for Future&#8220;. \u00dcberhaupt ist die ganze Klimawandel-Szene voll mit NGOs der zweiten Generation; klassische Mitgliederorganisationen finden sich so gut wie \u00fcberhaupt nicht. Dazu kommen dann Stiftungen und Forschungsinstitute, deren Finanzquellen erstaunlicherweise wieder die gleichen Oligarchen sind&#8230;<\/p>\n<p>Ganz unabh\u00e4ngig von der politischen Bewertung der gesetzten Inhalte und der Frage, wessen Interessen damit durchgesetzt werden, gegen wen \u2013 unter dem Etikett NGO verbergen sich \u00fcberwiegend Organisationen, die schon durch ihre Struktur und ihre Vorgehensweise f\u00fcr das demokratische Leben eines jeden Landes toxisch sind. Daf\u00fcr m\u00fcssen sie nicht einmal aus dem Ausland finanziert und gegen die Souver\u00e4nit\u00e4t gerichtet sein. Ein Blick auf die Bertelsmann Stiftung, die NGOs, die sie f\u00f6rdert, das sie umgebende Netzwerk an Instituten und ihre vielf\u00e4ltigen Methoden, die politischen Interessen der Bertelsmann AG in der politischen Landschaft durchzusetzen, gen\u00fcgt.<\/p>\n<p>Die Frage sollte folglich nicht sein, Handlungsfreiheit f\u00fcr alle NGOs zu fordern oder L\u00e4nder zu kritisieren, die das Astroturfing begrenzen wollen. Die Frage lautet, wie es gelingen kann, an die Stelle der Simulation von Demokratie durch Kunstrasenstrukturen wieder eine wirkliche, lebendige, authentische Demokratie zu setzen. Oder zum Mindesten zu verhindern, in einer Art Matrix-Republik zu erwachen, in deren politischen Diskurs sich nur noch die unterschiedlichen Oligarchen bespielen.<\/p>\n<div class=\"ArticleView-shares\">\n<div class=\"ShareBlock-isReact\" data-rtcomponent=\"ShareBlock\">\n<p style=\"text-align: right;\"><em>Dagmar Henn ist Mitglied des Deutschen Freidenker-Verbandes<\/em><\/p>\n<\/div>\n<\/div>\n<p><span style=\"font-size: 10pt;\">Link zur Erstver\u00f6ffentlichung auf RT DE: <a href=\"https:\/\/de.rt.com\/meinung\/119126-wie-man-demokratie-verhindert-ngo\/\" target=\"_blank\" rel=\"noopener\">https:\/\/de.rt.com\/meinung\/119126-wie-man-demokratie-verhindert-ngo\/<\/a><\/span><\/p>\n<hr \/>\n<p><span style=\"font-size: 10pt;\">Bild: Amazonastag des WWF vor dem K\u00f6lner Dom (2015)<br \/>\n<\/span><span style=\"font-size: 10pt;\">Foto: Robert G\u00fcnther \/ WWF &#8211; World Wide Fund for Nature (Diskussion), <a href=\"https:\/\/creativecommons.org\/licenses\/by-sa\/3.0\/de\/deed.en\" target=\"_blank\" rel=\"noopener\">CC BY-SA 3.0 de<\/a><br \/>\nQuelle: <a href=\"https:\/\/commons.wikimedia.org\/w\/index.php?curid=44754224\" target=\"_blank\" rel=\"noopener\">https:\/\/commons.wikimedia.org\/w\/index.php?curid=44754224<\/a><\/span><\/p>\n<p>&nbsp;<\/p>\n","protected":false},"excerpt":{"rendered":"<p><b>Beitrag von Dagmar Henn<\/b><br \/>\nIrgendwie gelten sie als die Guten: die NGOs, oder Nicht-Regierungsorganisationen, wie man auf Deutsch sagt. Darum l\u00e4sst es sich auch leicht skandalisieren, wenn irgendwo ihre T\u00e4tigkeit eingeschr\u00e4nkt wird. Allerdings finden sich unter diesem Etikett v\u00f6llig verschiedene Organisationen, und w\u00e4hrend bei klassischen Vereinen und Verb\u00e4nden relativ klar ist, wer dahinter steht und wessen Interessen vertreten werden, ist das bei vielen NGOs nicht so leicht zu erkennen. Auff\u00e4llig ist allerdings, dass im Verlauf der letzten Jahrzehnte Organisationen, die von Gro\u00dfspendern abh\u00e4ngig sind oder gleich direkt von ihnen betrieben werden, immer mehr Einfluss gewinnen.<\/p>\n","protected":false},"author":3,"featured_media":10626,"comment_status":"closed","ping_status":"closed","sticky":false,"template":"","format":"standard","meta":{"colormag_page_container_layout":"default_layout","colormag_page_sidebar_layout":"default_layout","advanced_seo_description":"","jetpack_seo_html_title":"","jetpack_seo_noindex":false,"jetpack_post_was_ever_published":false,"footnotes":""},"categories":[12],"tags":[162,452,94,693,889,1399],"class_list":["post-10625","post","type-post","status-publish","format-standard","has-post-thumbnail","hentry","category-demokratie-medien-aufklaerung","tag-demokratie","tag-deutschland","tag-klimawandel","tag-neoliberalismus","tag-ngo","tag-spenden"],"jetpack_featured_media_url":"https:\/\/i0.wp.com\/www.freidenker.org\/fw17\/wp-content\/uploads\/2021\/06\/WWF_Amazonastag_Koeln_2015_800x450.jpg?fit=800%2C450&ssl=1","jetpack_shortlink":"https:\/\/wp.me\/p9stpK-2Ln","jetpack-related-posts":[{"id":24264,"url":"https:\/\/www.freidenker.org\/?p=24264","url_meta":{"origin":10625,"position":0},"title":"Das neue deutsche Zensurgesetz bedeutet das Ende von Meinungs- und Pressefreiheit","author":"Webredaktion","date":"23. Januar 2026","format":false,"excerpt":"Beitrag von Anti-Spiegel (d.i. Thomas R\u00f6per) In Deutschland soll im Zuge der Umsetzung einer EU-Richtlinie nun das Politische-Werbung-Transparenz-Gesetz eingef\u00fchrt werden, das nicht nur die Meinungs- und Pressefreiheit, sondern auch den journalistischen Quellenschutz und damit den kritischen Journalismus selbst endg\u00fcltig begraben wird. [...] Im Oktober hat die EU die Verordnung \u00fcber\u2026","rel":"","context":"In &quot;Demokratie \u2013 Medien \u2013 Aufkl\u00e4rung&quot;","block_context":{"text":"Demokratie \u2013 Medien \u2013 Aufkl\u00e4rung","link":"https:\/\/www.freidenker.org\/?cat=12"},"img":{"alt_text":"","src":"https:\/\/i0.wp.com\/www.freidenker.org\/fw17\/wp-content\/uploads\/2026\/01\/zensur-klebeband_800x450.jpg?fit=800%2C450&ssl=1&resize=350%2C200","width":350,"height":200,"srcset":"https:\/\/i0.wp.com\/www.freidenker.org\/fw17\/wp-content\/uploads\/2026\/01\/zensur-klebeband_800x450.jpg?fit=800%2C450&ssl=1&resize=350%2C200 1x, https:\/\/i0.wp.com\/www.freidenker.org\/fw17\/wp-content\/uploads\/2026\/01\/zensur-klebeband_800x450.jpg?fit=800%2C450&ssl=1&resize=525%2C300 1.5x, https:\/\/i0.wp.com\/www.freidenker.org\/fw17\/wp-content\/uploads\/2026\/01\/zensur-klebeband_800x450.jpg?fit=800%2C450&ssl=1&resize=700%2C400 2x"},"classes":[]},{"id":15979,"url":"https:\/\/www.freidenker.org\/?p=15979","url_meta":{"origin":10625,"position":1},"title":"Meinungsfreiheit, Demokratie \u2013 in Deutschland oder in Ungarn?","author":"Webredaktion","date":"7. Mai 2023","format":false,"excerpt":"Auf Empfehlung der Freidenkergruppe Ungarn ver\u00f6ffentlichen wir Ausz\u00fcge aus dem Magazin der Budapester Zeitung (Nr. 9-2023). Anna Berg, eine lebenslustige Th\u00fcringerin, lebt wegen der als immer unertr\u00e4glicher empfundenen Zust\u00e4nde in Deutschland seit anderthalb Jahren in einem kleinen Ort am Balaton unweit von Keszthely. Mit ihrem ungarischen Mann zog sie Ende\u2026","rel":"","context":"In &quot;Demokratie \u2013 Medien \u2013 Aufkl\u00e4rung&quot;","block_context":{"text":"Demokratie \u2013 Medien \u2013 Aufkl\u00e4rung","link":"https:\/\/www.freidenker.org\/?cat=12"},"img":{"alt_text":"","src":"https:\/\/i0.wp.com\/www.freidenker.org\/fw17\/wp-content\/uploads\/2023\/05\/Ungarn_Deutschland_800x450.jpg?fit=800%2C450&ssl=1&resize=350%2C200","width":350,"height":200,"srcset":"https:\/\/i0.wp.com\/www.freidenker.org\/fw17\/wp-content\/uploads\/2023\/05\/Ungarn_Deutschland_800x450.jpg?fit=800%2C450&ssl=1&resize=350%2C200 1x, https:\/\/i0.wp.com\/www.freidenker.org\/fw17\/wp-content\/uploads\/2023\/05\/Ungarn_Deutschland_800x450.jpg?fit=800%2C450&ssl=1&resize=525%2C300 1.5x, https:\/\/i0.wp.com\/www.freidenker.org\/fw17\/wp-content\/uploads\/2023\/05\/Ungarn_Deutschland_800x450.jpg?fit=800%2C450&ssl=1&resize=700%2C400 2x"},"classes":[]},{"id":10853,"url":"https:\/\/www.freidenker.org\/?p=10853","url_meta":{"origin":10625,"position":2},"title":"Eine Farbrevolution f\u00fcr Kuba? Der Westen arbeitet daran","author":"Webredaktion","date":"19. Juli 2021","format":false,"excerpt":"Beitrag von Dagmar Henn Seit vielen Jahren ist bekannt, dass Nichtregierungsorganisationen (NGOs) oft eine wichtige Rolle dabei spielen, in einem Land gegen die Interessen der Bev\u00f6lkerung geopolitische Interessen durchzusetzen. So bet\u00e4tigen sich nicht nur die USA \u00fcber das National Endowment for Democracy (NED) und die offiziell der Entwicklungshilfe dienende Struktur\u2026","rel":"","context":"In &quot;Demokratie \u2013 Medien \u2013 Aufkl\u00e4rung&quot;","block_context":{"text":"Demokratie \u2013 Medien \u2013 Aufkl\u00e4rung","link":"https:\/\/www.freidenker.org\/?cat=12"},"img":{"alt_text":"","src":"https:\/\/i0.wp.com\/www.freidenker.org\/fw17\/wp-content\/uploads\/2021\/07\/havana-4033111_800x450.jpg?fit=800%2C450&ssl=1&resize=350%2C200","width":350,"height":200,"srcset":"https:\/\/i0.wp.com\/www.freidenker.org\/fw17\/wp-content\/uploads\/2021\/07\/havana-4033111_800x450.jpg?fit=800%2C450&ssl=1&resize=350%2C200 1x, https:\/\/i0.wp.com\/www.freidenker.org\/fw17\/wp-content\/uploads\/2021\/07\/havana-4033111_800x450.jpg?fit=800%2C450&ssl=1&resize=525%2C300 1.5x, https:\/\/i0.wp.com\/www.freidenker.org\/fw17\/wp-content\/uploads\/2021\/07\/havana-4033111_800x450.jpg?fit=800%2C450&ssl=1&resize=700%2C400 2x"},"classes":[]},{"id":22435,"url":"https:\/\/www.freidenker.org\/?p=22435","url_meta":{"origin":10625,"position":3},"title":"Ukraine-Proteste: Der Westen hat noch die Kontrolle \u00fcber die NGOs im Land","author":"Webredaktion","date":"25. Juli 2025","format":false,"excerpt":"Beitrag von Gert Ewen Ungar Wenn es um die Ukraine geht, erz\u00e4hlt die Tagesschau gerne sch\u00f6ne und ergreifende Geschichten. Mit der Realit\u00e4t haben diese als Journalismus getarnten R\u00fchrst\u00fccke in der Regel genauso viel zu tun wie die Schauerm\u00e4rchen, die deutsche Medien \u00fcber Russland erz\u00e4hlen: nichts.\u00a0Anl\u00e4sslich der aktuellen Proteste in der\u2026","rel":"","context":"In &quot;Demokratie \u2013 Medien \u2013 Aufkl\u00e4rung&quot;","block_context":{"text":"Demokratie \u2013 Medien \u2013 Aufkl\u00e4rung","link":"https:\/\/www.freidenker.org\/?cat=12"},"img":{"alt_text":"","src":"https:\/\/i0.wp.com\/www.freidenker.org\/fw17\/wp-content\/uploads\/2025\/07\/Proteste_Kiew_RT_800x450.jpg?fit=800%2C450&ssl=1&resize=350%2C200","width":350,"height":200,"srcset":"https:\/\/i0.wp.com\/www.freidenker.org\/fw17\/wp-content\/uploads\/2025\/07\/Proteste_Kiew_RT_800x450.jpg?fit=800%2C450&ssl=1&resize=350%2C200 1x, https:\/\/i0.wp.com\/www.freidenker.org\/fw17\/wp-content\/uploads\/2025\/07\/Proteste_Kiew_RT_800x450.jpg?fit=800%2C450&ssl=1&resize=525%2C300 1.5x, https:\/\/i0.wp.com\/www.freidenker.org\/fw17\/wp-content\/uploads\/2025\/07\/Proteste_Kiew_RT_800x450.jpg?fit=800%2C450&ssl=1&resize=700%2C400 2x"},"classes":[]},{"id":21114,"url":"https:\/\/www.freidenker.org\/?p=21114","url_meta":{"origin":10625,"position":4},"title":"Das Ende von USAID: Des einen &#8222;Soft Power&#8220; ist des anderen &#8222;hybrider Krieg&#8220;","author":"Webredaktion","date":"7. M\u00e4rz 2025","format":false,"excerpt":"Beitrag von Pierre Levy Erleben wir gerade eine historische Epoche? Das wird sich erst sp\u00e4ter zeigen. Sicher ist aber, dass sich die Ereignisse in den internationalen Beziehungen mit einer kaum vorstellbaren Geschwindigkeit beschleunigen. Was vor zwei Wochen noch unwahrscheinlich war, ist letzte Woche passiert. Was letzte Woche unvorstellbar war, ist\u2026","rel":"","context":"In &quot;Demokratie \u2013 Medien \u2013 Aufkl\u00e4rung&quot;","block_context":{"text":"Demokratie \u2013 Medien \u2013 Aufkl\u00e4rung","link":"https:\/\/www.freidenker.org\/?cat=12"},"img":{"alt_text":"","src":"https:\/\/i0.wp.com\/www.freidenker.org\/fw17\/wp-content\/uploads\/2025\/03\/USAID_FROM_Operation_Tomodachi_Image_1_of_52_cropped_800x450.jpg?fit=800%2C450&ssl=1&resize=350%2C200","width":350,"height":200,"srcset":"https:\/\/i0.wp.com\/www.freidenker.org\/fw17\/wp-content\/uploads\/2025\/03\/USAID_FROM_Operation_Tomodachi_Image_1_of_52_cropped_800x450.jpg?fit=800%2C450&ssl=1&resize=350%2C200 1x, https:\/\/i0.wp.com\/www.freidenker.org\/fw17\/wp-content\/uploads\/2025\/03\/USAID_FROM_Operation_Tomodachi_Image_1_of_52_cropped_800x450.jpg?fit=800%2C450&ssl=1&resize=525%2C300 1.5x, https:\/\/i0.wp.com\/www.freidenker.org\/fw17\/wp-content\/uploads\/2025\/03\/USAID_FROM_Operation_Tomodachi_Image_1_of_52_cropped_800x450.jpg?fit=800%2C450&ssl=1&resize=700%2C400 2x"},"classes":[]},{"id":14842,"url":"https:\/\/www.freidenker.org\/?p=14842","url_meta":{"origin":10625,"position":5},"title":"Wer finanziert die Klimaproteste \u2013 und mit welchem Ziel?","author":"Webredaktion","date":"17. Dezember 2022","format":false,"excerpt":"Beitrag von Gert Ewen Ungar Gestern protestierten Aktivisten der \"Letzten Generation\" vor dem Reichstag und blockierten die Zug\u00e4nge zu dem Geb\u00e4ude. Statt Autofahrer, die auf ihrem Weg zur Arbeit aufgehalten werden und darauf zunehmend genervt reagieren, traf es heute den CDU-Vorsitzenden Friedrich Merz, der ebenfalls genervt reagierte. Ja, die Klimaproteste\u2026","rel":"","context":"In &quot;Demokratie \u2013 Medien \u2013 Aufkl\u00e4rung&quot;","block_context":{"text":"Demokratie \u2013 Medien \u2013 Aufkl\u00e4rung","link":"https:\/\/www.freidenker.org\/?cat=12"},"img":{"alt_text":"","src":"https:\/\/i0.wp.com\/www.freidenker.org\/fw17\/wp-content\/uploads\/2022\/12\/Aktivistinnen_blockieren_Autobahnauffahrt_800x450.jpg?fit=800%2C450&ssl=1&resize=350%2C200","width":350,"height":200,"srcset":"https:\/\/i0.wp.com\/www.freidenker.org\/fw17\/wp-content\/uploads\/2022\/12\/Aktivistinnen_blockieren_Autobahnauffahrt_800x450.jpg?fit=800%2C450&ssl=1&resize=350%2C200 1x, https:\/\/i0.wp.com\/www.freidenker.org\/fw17\/wp-content\/uploads\/2022\/12\/Aktivistinnen_blockieren_Autobahnauffahrt_800x450.jpg?fit=800%2C450&ssl=1&resize=525%2C300 1.5x, https:\/\/i0.wp.com\/www.freidenker.org\/fw17\/wp-content\/uploads\/2022\/12\/Aktivistinnen_blockieren_Autobahnauffahrt_800x450.jpg?fit=800%2C450&ssl=1&resize=700%2C400 2x"},"classes":[]}],"_links":{"self":[{"href":"https:\/\/www.freidenker.org\/index.php?rest_route=\/wp\/v2\/posts\/10625","targetHints":{"allow":["GET"]}}],"collection":[{"href":"https:\/\/www.freidenker.org\/index.php?rest_route=\/wp\/v2\/posts"}],"about":[{"href":"https:\/\/www.freidenker.org\/index.php?rest_route=\/wp\/v2\/types\/post"}],"author":[{"embeddable":true,"href":"https:\/\/www.freidenker.org\/index.php?rest_route=\/wp\/v2\/users\/3"}],"replies":[{"embeddable":true,"href":"https:\/\/www.freidenker.org\/index.php?rest_route=%2Fwp%2Fv2%2Fcomments&post=10625"}],"version-history":[{"count":0,"href":"https:\/\/www.freidenker.org\/index.php?rest_route=\/wp\/v2\/posts\/10625\/revisions"}],"wp:featuredmedia":[{"embeddable":true,"href":"https:\/\/www.freidenker.org\/index.php?rest_route=\/wp\/v2\/media\/10626"}],"wp:attachment":[{"href":"https:\/\/www.freidenker.org\/index.php?rest_route=%2Fwp%2Fv2%2Fmedia&parent=10625"}],"wp:term":[{"taxonomy":"category","embeddable":true,"href":"https:\/\/www.freidenker.org\/index.php?rest_route=%2Fwp%2Fv2%2Fcategories&post=10625"},{"taxonomy":"post_tag","embeddable":true,"href":"https:\/\/www.freidenker.org\/index.php?rest_route=%2Fwp%2Fv2%2Ftags&post=10625"}],"curies":[{"name":"wp","href":"https:\/\/api.w.org\/{rel}","templated":true}]}}