{"id":1060,"date":"2010-07-16T21:47:06","date_gmt":"2010-07-16T19:47:06","guid":{"rendered":"http:\/\/www.freidenker.org\/fw17\/?p=1060"},"modified":"2017-12-27T23:47:18","modified_gmt":"2017-12-27T22:47:18","slug":"freidenker-2-10-welche-demokratie","status":"publish","type":"post","link":"https:\/\/www.freidenker.org\/?p=1060","title":{"rendered":"FREIDENKER 2-10 &#8211; Welche Demokratie?"},"content":{"rendered":"<p><u><em>Inhalt<\/em><\/u><\/p>\n<p>Editorial<\/p>\n<p><strong>Thema<\/strong><\/p>\n<p><em>Klaus Hartmann:<br \/>\n<\/em><a href=\"https:\/\/www.freidenker.org\/?p=402\" target=\"_blank\" rel=\"noopener\">Demokratie?<\/a><\/p>\n<p><a href=\"https:\/\/www.freidenker.org\/?p=399\" target=\"_blank\" rel=\"noopener\">Canforas \u201ekurze Geschichte der Demokratie\u201c<\/a><\/p>\n<p><a href=\"https:\/\/www.freidenker.org\/?p=1062\" target=\"_blank\" rel=\"noopener\">Postdemokratie<\/a><\/p>\n<p><em>Arnold Sch\u00f6lzel<\/em>:<br \/>\n<a href=\"https:\/\/www.freidenker.org\/?p=395\" target=\"_blank\" rel=\"noopener\">De-Emanzipation \u2013 Domenico Losurdos ,Gegengeschichte\u2018 des Liberalismus<\/a><\/p>\n<p><a href=\"https:\/\/www.freidenker.org\/?p=392\" target=\"_blank\" rel=\"noopener\">Aristoteles zur Staatsform<\/a><\/p>\n<p><em>Erich Buchholz:<br \/>\n<\/em><a href=\"https:\/\/www.freidenker.org\/?p=386\" target=\"_blank\" rel=\"noopener\">\u201eRechtsstaat\u201c \u2013 eine Bilanz nach 20 Jahren<\/a><\/p>\n<p><em>Klaus von Raussendorff:<br \/>\n<\/em><a href=\"https:\/\/www.freidenker.org\/?p=382\" target=\"_blank\" rel=\"noopener\">Demokratie, v\u00f6lkerrechtliches Gewaltverbot und nationaler Befreiungskampf<\/a><\/p>\n<p><strong>Meldungen, Meinungen<\/strong><\/p>\n<p><em>Sara Flounders:<br \/>\n<\/em>Papst, P\u00e4dophilie, Klassenkampf<\/p>\n<p><em>Heiner Jestrabek:<br \/>\n<\/em>Lehren aus der Geschichte der Freidenkerbewegung<\/p>\n<p><strong>Aus den Landesverb\u00e4nden<\/strong><\/p>\n<p>Leserbriefe<\/p>\n<p><strong>Chronik<\/strong><\/p>\n<p>\u201eZeitgeist und Antifaschismus\u201c<br \/>\nLinker Liedersommer auf Burg Waldeck<br \/>\nHaushalt und Jahresabschluss<\/p>\n<p><strong>B\u00fccher f\u00fcr Freidenker<\/strong><\/p>\n<p>Anschriften, Impressum<\/p>\n<p>Bertolt Brecht: Der anachronistische Zug oder Freiheit und Democracy<\/p>\n","protected":false},"excerpt":{"rendered":"<p><strong>Die Ausgabe 2-10 des Verbandsorgans FREIDENKER hat das Schwerpunkt-Thema \u201eWelche Demokratie?\u201c und enth\u00e4lt u.a folgende Beitr\u00e4ge:<\/strong><br \/>\n&#8211; Klaus Hartmann: Demokratie?<br \/>\n&#8211; Canforas \u201ekurze Geschichte der Demokratie\u201c<br \/>\n&#8211; Postdemokratie<br \/>\n&#8211; Arnold Sch\u00f6lzel: De-Emanzipation \u2013 Domenico Losurdos ,Gegengeschichte\u2018 des Liberalismus<br \/>\n&#8211; Aristoteles zur Staatsform<br \/>\n&#8211; Erich Buchholz: \u201eRechtsstaat\u201c \u2013 eine Bilanz nach 20 Jahren<br \/>\n&#8211; Klaus von Raussendorff: Demokratie, v\u00f6lkerrechtliches Gewaltverbot und nationaler Befreiungskampf<\/p>\n","protected":false},"author":3,"featured_media":2537,"comment_status":"closed","ping_status":"closed","sticky":false,"template":"","format":"standard","meta":{"colormag_page_container_layout":"default_layout","colormag_page_sidebar_layout":"default_layout","advanced_seo_description":"","jetpack_seo_html_title":"","jetpack_seo_noindex":false,"jetpack_post_was_ever_published":false,"footnotes":""},"categories":[8],"tags":[162,26],"class_list":["post-1060","post","type-post","status-publish","format-standard","has-post-thumbnail","hentry","category-verbandsorgan-freidenker","tag-demokratie","tag-freidenker"],"jetpack_featured_media_url":"https:\/\/i0.wp.com\/www.freidenker.org\/fw17\/wp-content\/uploads\/2017\/12\/FD_2010-02_Titel_mR.jpg?fit=800%2C445&ssl=1","jetpack_shortlink":"https:\/\/wp.me\/p9stpK-h6","jetpack-related-posts":[{"id":395,"url":"https:\/\/www.freidenker.org\/?p=395","url_meta":{"origin":1060,"position":0},"title":"De-Emanzipation \u2013 Domenico Losurdos \u201aGegengeschichte\u2018 des Liberalismus","author":"Webmaster","date":"17. Juli 2010","format":false,"excerpt":"Beitrag von Arnold Sch\u00f6lzel aus FREIDENKER 2-10 Die Geschichte des Liberalismus in der westlichen Welt ist von Heiligenlegenden durchwoben. Die Gr\u00fcndungsmythen Hollands, Gro\u00dfbritanniens, der USA und Frankreichs besagen, dass in ihnen eine Gemeinschaft von freien B\u00fcrgern historisch erstmalig den Individualismus zur Norm von Gesellschaft und Wirtschaft machte. Von Eroberung oder\u2026","rel":"","context":"In &quot;Demokratie \u2013 Medien \u2013 Aufkl\u00e4rung&quot;","block_context":{"text":"Demokratie \u2013 Medien \u2013 Aufkl\u00e4rung","link":"https:\/\/www.freidenker.org\/?cat=12"},"img":{"alt_text":"","src":"https:\/\/i0.wp.com\/www.freidenker.org\/fw17\/wp-content\/uploads\/2016\/08\/Ballon-1.jpg?fit=800%2C445&ssl=1&resize=350%2C200","width":350,"height":200,"srcset":"https:\/\/i0.wp.com\/www.freidenker.org\/fw17\/wp-content\/uploads\/2016\/08\/Ballon-1.jpg?fit=800%2C445&ssl=1&resize=350%2C200 1x, https:\/\/i0.wp.com\/www.freidenker.org\/fw17\/wp-content\/uploads\/2016\/08\/Ballon-1.jpg?fit=800%2C445&ssl=1&resize=525%2C300 1.5x, https:\/\/i0.wp.com\/www.freidenker.org\/fw17\/wp-content\/uploads\/2016\/08\/Ballon-1.jpg?fit=800%2C445&ssl=1&resize=700%2C400 2x"},"classes":[]},{"id":475,"url":"https:\/\/www.freidenker.org\/?p=475","url_meta":{"origin":1060,"position":1},"title":"FREIDENKER 1-07 &#8211; Irrationalismus und Herrschaft","author":"Webmaster","date":"16. M\u00e4rz 2007","format":false,"excerpt":"Die Ausgabe 1-07 des Verbandsorgans FREIDENKER hat das Schwerpunkt-Thema \u201eIrrationalismus und Herrschaft\u201c und enth\u00e4lt u.a folgende Beitr\u00e4ge: - Robert Steigerwald: Zur Auseinandersetzung mit dem Irrationalismus - Horst Schild: Anmerkungen zu Gebrauch und Missbrauch von Sprache - Arnold Sch\u00f6lzel: Imperialer Irrationalismus - Werner Seppmann: Auf dem Weg in die Armutsgesellschaft -\u2026","rel":"","context":"In &quot;Verbandsorgan FREIDENKER&quot;","block_context":{"text":"Verbandsorgan FREIDENKER","link":"https:\/\/www.freidenker.org\/?cat=8"},"img":{"alt_text":"","src":"https:\/\/i0.wp.com\/www.freidenker.org\/fw17\/wp-content\/uploads\/2017\/12\/FD_2007-01_Titel_mR.jpg?fit=800%2C445&ssl=1&resize=350%2C200","width":350,"height":200,"srcset":"https:\/\/i0.wp.com\/www.freidenker.org\/fw17\/wp-content\/uploads\/2017\/12\/FD_2007-01_Titel_mR.jpg?fit=800%2C445&ssl=1&resize=350%2C200 1x, https:\/\/i0.wp.com\/www.freidenker.org\/fw17\/wp-content\/uploads\/2017\/12\/FD_2007-01_Titel_mR.jpg?fit=800%2C445&ssl=1&resize=525%2C300 1.5x, https:\/\/i0.wp.com\/www.freidenker.org\/fw17\/wp-content\/uploads\/2017\/12\/FD_2007-01_Titel_mR.jpg?fit=800%2C445&ssl=1&resize=700%2C400 2x"},"classes":[]},{"id":9083,"url":"https:\/\/www.freidenker.org\/?p=9083","url_meta":{"origin":1060,"position":2},"title":"Wir trauern um Prof. Erich Buchholz","author":"Webredaktion","date":"25. Dezember 2020","format":false,"excerpt":"Nachruf auf Prof. Dr. jur. habil. Erich Buchholz, 08.02.1927 \u2013 11.12.2020 Erich Buchholz, in Berlin geboren und aufgewachsen, studierte 1948 bis 1952 Rechtswissenschaften an der Humboldt-Universit\u00e4t. Nach der Promotion 1953 und seiner Habilitation 1963 wurde er 1965 Professor und war von 1966 bis 1989 Dekan der Juristischen Fakult\u00e4t sowie Leiter\u2026","rel":"","context":"In &quot;Weltliche Trauerkultur&quot;","block_context":{"text":"Weltliche Trauerkultur","link":"https:\/\/www.freidenker.org\/?cat=17"},"img":{"alt_text":"","src":"https:\/\/i0.wp.com\/www.freidenker.org\/fw17\/wp-content\/uploads\/2020\/12\/Erich_Buchholz-1.jpg?fit=800%2C450&ssl=1&resize=350%2C200","width":350,"height":200,"srcset":"https:\/\/i0.wp.com\/www.freidenker.org\/fw17\/wp-content\/uploads\/2020\/12\/Erich_Buchholz-1.jpg?fit=800%2C450&ssl=1&resize=350%2C200 1x, https:\/\/i0.wp.com\/www.freidenker.org\/fw17\/wp-content\/uploads\/2020\/12\/Erich_Buchholz-1.jpg?fit=800%2C450&ssl=1&resize=525%2C300 1.5x, https:\/\/i0.wp.com\/www.freidenker.org\/fw17\/wp-content\/uploads\/2020\/12\/Erich_Buchholz-1.jpg?fit=800%2C450&ssl=1&resize=700%2C400 2x"},"classes":[]},{"id":745,"url":"https:\/\/www.freidenker.org\/?p=745","url_meta":{"origin":1060,"position":3},"title":"FREIDENKER 1-11 &#8211; Illusion Willensfreiheit? Kontroversen zur Gehirnforschung","author":"Webmaster","date":"16. M\u00e4rz 2011","format":false,"excerpt":"Die Ausgabe 1-11 des Verbandsorgans FREIDENKER hat das Schwerpunkt-Thema \u201eIllusion Willensfreiheit? Kontroversen zur Gehirnforschung\u201c und enth\u00e4lt u.a folgende Beitr\u00e4ge: - Klaus Hartmann: Was Freidenker an der Hirnforschung interessieren sollte - Ingo-Wolf Kittel: Beweis der Existenz der \u201eWillensfreiheit\u201c - Freerk Huisgen: \u201eDen freien Willen gibt es nicht!\u201c Zur Kritik der Hirnphilosophie\u2026","rel":"","context":"In &quot;Verbandsorgan FREIDENKER&quot;","block_context":{"text":"Verbandsorgan FREIDENKER","link":"https:\/\/www.freidenker.org\/?cat=8"},"img":{"alt_text":"","src":"https:\/\/i0.wp.com\/www.freidenker.org\/fw17\/wp-content\/uploads\/2017\/12\/FD_2011-01_Titel_mR.jpg?fit=800%2C445&ssl=1&resize=350%2C200","width":350,"height":200,"srcset":"https:\/\/i0.wp.com\/www.freidenker.org\/fw17\/wp-content\/uploads\/2017\/12\/FD_2011-01_Titel_mR.jpg?fit=800%2C445&ssl=1&resize=350%2C200 1x, https:\/\/i0.wp.com\/www.freidenker.org\/fw17\/wp-content\/uploads\/2017\/12\/FD_2011-01_Titel_mR.jpg?fit=800%2C445&ssl=1&resize=525%2C300 1.5x, https:\/\/i0.wp.com\/www.freidenker.org\/fw17\/wp-content\/uploads\/2017\/12\/FD_2011-01_Titel_mR.jpg?fit=800%2C445&ssl=1&resize=700%2C400 2x"},"classes":[]},{"id":513,"url":"https:\/\/www.freidenker.org\/?p=513","url_meta":{"origin":1060,"position":4},"title":"FREIDENKER 2\/3-08 &#8211; Nein zum gl\u00e4sernen B\u00fcrger &#8211; Wohin treibt die Demokratie?","author":"Webmaster","date":"16. September 2008","format":false,"excerpt":"Die Ausgabe 2\/3-08 des Verbandsorgans FREIDENKER hat das Schwerpunkt-Thema \u201eNein zum gl\u00e4sernen B\u00fcrger - Wohin treibt die Demokratie?\u201c und enth\u00e4lt u.a folgende Beitr\u00e4ge: - Corinna Poll: F\u00fcr die Versammlungsfreiheit - Siegfried R. Krebs: F\u00fcr das Recht auf Generalstreik - Erich Buchholz: Noch eine Datenspeicherung - Lorenz Knorr: Gegen die kontinuierliche\u2026","rel":"","context":"In &quot;Verbandsorgan FREIDENKER&quot;","block_context":{"text":"Verbandsorgan FREIDENKER","link":"https:\/\/www.freidenker.org\/?cat=8"},"img":{"alt_text":"","src":"https:\/\/i0.wp.com\/www.freidenker.org\/fw17\/wp-content\/uploads\/2017\/12\/FD_2008-02-03_Titel_mR.jpg?fit=800%2C445&ssl=1&resize=350%2C200","width":350,"height":200,"srcset":"https:\/\/i0.wp.com\/www.freidenker.org\/fw17\/wp-content\/uploads\/2017\/12\/FD_2008-02-03_Titel_mR.jpg?fit=800%2C445&ssl=1&resize=350%2C200 1x, https:\/\/i0.wp.com\/www.freidenker.org\/fw17\/wp-content\/uploads\/2017\/12\/FD_2008-02-03_Titel_mR.jpg?fit=800%2C445&ssl=1&resize=525%2C300 1.5x, https:\/\/i0.wp.com\/www.freidenker.org\/fw17\/wp-content\/uploads\/2017\/12\/FD_2008-02-03_Titel_mR.jpg?fit=800%2C445&ssl=1&resize=700%2C400 2x"},"classes":[]},{"id":15031,"url":"https:\/\/www.freidenker.org\/?p=15031","url_meta":{"origin":1060,"position":5},"title":"Corona, Demokratieabbau, Krisen &#038; Kriege","author":"Webredaktion","date":"21. Januar 2023","format":false,"excerpt":"Videos der Veranstaltung des Deutschen Freidenker-Verbandes, Landesverband Hessen am 21.09.2022 in Offenbach am Main Kurzvortr\u00e4ge von Klaus Hartmann und Jan Veil sowie Diskussion Schwerpunkte der Vortr\u00e4ge und der Diskussion: Corona und die \u201eMa\u00dfnahmen\u201c \u2013 eine (Zwischen-)Bilanz \/ Der zunehmende Abbau demokratischer Rechte \u2013 ein Fall von \u201eLong Covid\u201c? \/ Politisierte\u2026","rel":"","context":"In &quot;Demokratie \u2013 Medien \u2013 Aufkl\u00e4rung&quot;","block_context":{"text":"Demokratie \u2013 Medien \u2013 Aufkl\u00e4rung","link":"https:\/\/www.freidenker.org\/?cat=12"},"img":{"alt_text":"","src":"https:\/\/i0.wp.com\/www.freidenker.org\/fw17\/wp-content\/uploads\/2023\/01\/hartmann_veil_offenbach_4_800x450.jpg?fit=800%2C450&ssl=1&resize=350%2C200","width":350,"height":200,"srcset":"https:\/\/i0.wp.com\/www.freidenker.org\/fw17\/wp-content\/uploads\/2023\/01\/hartmann_veil_offenbach_4_800x450.jpg?fit=800%2C450&ssl=1&resize=350%2C200 1x, https:\/\/i0.wp.com\/www.freidenker.org\/fw17\/wp-content\/uploads\/2023\/01\/hartmann_veil_offenbach_4_800x450.jpg?fit=800%2C450&ssl=1&resize=525%2C300 1.5x, https:\/\/i0.wp.com\/www.freidenker.org\/fw17\/wp-content\/uploads\/2023\/01\/hartmann_veil_offenbach_4_800x450.jpg?fit=800%2C450&ssl=1&resize=700%2C400 2x"},"classes":[]}],"_links":{"self":[{"href":"https:\/\/www.freidenker.org\/index.php?rest_route=\/wp\/v2\/posts\/1060","targetHints":{"allow":["GET"]}}],"collection":[{"href":"https:\/\/www.freidenker.org\/index.php?rest_route=\/wp\/v2\/posts"}],"about":[{"href":"https:\/\/www.freidenker.org\/index.php?rest_route=\/wp\/v2\/types\/post"}],"author":[{"embeddable":true,"href":"https:\/\/www.freidenker.org\/index.php?rest_route=\/wp\/v2\/users\/3"}],"replies":[{"embeddable":true,"href":"https:\/\/www.freidenker.org\/index.php?rest_route=%2Fwp%2Fv2%2Fcomments&post=1060"}],"version-history":[{"count":0,"href":"https:\/\/www.freidenker.org\/index.php?rest_route=\/wp\/v2\/posts\/1060\/revisions"}],"wp:featuredmedia":[{"embeddable":true,"href":"https:\/\/www.freidenker.org\/index.php?rest_route=\/wp\/v2\/media\/2537"}],"wp:attachment":[{"href":"https:\/\/www.freidenker.org\/index.php?rest_route=%2Fwp%2Fv2%2Fmedia&parent=1060"}],"wp:term":[{"taxonomy":"category","embeddable":true,"href":"https:\/\/www.freidenker.org\/index.php?rest_route=%2Fwp%2Fv2%2Fcategories&post=1060"},{"taxonomy":"post_tag","embeddable":true,"href":"https:\/\/www.freidenker.org\/index.php?rest_route=%2Fwp%2Fv2%2Ftags&post=1060"}],"curies":[{"name":"wp","href":"https:\/\/api.w.org\/{rel}","templated":true}]}}